{"id":10165,"date":"2025-10-16T15:39:54","date_gmt":"2025-10-16T18:39:54","guid":{"rendered":"https:\/\/universofamilia.com\/?p=10165"},"modified":"2025-10-16T15:39:57","modified_gmt":"2025-10-16T18:39:57","slug":"elecciones-en-todo-el-mundo-en-2025-tendencias-y-retos","status":"publish","type":"post","link":"http:\/\/universofamilia.com\/fr\/elecciones-en-todo-el-mundo-en-2025-tendencias-y-retos\/","title":{"rendered":"\u00c9lections mondiales en 2025 : tendances et d\u00e9fis"},"content":{"rendered":"<p class=\"has-text-align-center\">Extrait du premier paragraphe\u00a0: <strong>\u00c9lections mondiales en 2025 : tendances et d\u00e9fis<\/strong> Il ne s&#039;agit pas simplement d&#039;un titre : il offre un aper\u00e7u saisissant des conflits politiques, des innovations d\u00e9mocratiques et des risques qui d\u00e9finissent le cours de l&#039;histoire mondiale.<\/p>\n\n\n\n<figure class=\"wp-block-gallery aligncenter has-nested-images columns-default is-cropped wp-block-gallery-1 is-layout-flex wp-block-gallery-is-layout-flex\">\n<figure class=\"wp-block-image size-full\"><img loading=\"lazy\" decoding=\"async\" width=\"450\" height=\"250\" data-id=\"10167\" src=\"https:\/\/universofamilia.com\/wp-content\/uploads\/sites\/148\/2025\/10\/Destaque-Novo-Universo-9-1.jpg\" alt=\"\" class=\"wp-image-10167\" srcset=\"http:\/\/universofamilia.com\/wp-content\/uploads\/sites\/148\/2025\/10\/Destaque-Novo-Universo-9-1.jpg 450w, http:\/\/universofamilia.com\/wp-content\/uploads\/sites\/148\/2025\/10\/Destaque-Novo-Universo-9-1-300x167.jpg 300w, http:\/\/universofamilia.com\/wp-content\/uploads\/sites\/148\/2025\/10\/Destaque-Novo-Universo-9-1-18x10.jpg 18w\" sizes=\"(max-width: 450px) 100vw, 450px\" \/><figcaption class=\"wp-element-caption\">CANVA<\/figcaption><\/figure>\n<\/figure>\n\n\n\n<p class=\"has-text-align-center\">Voici une analyse cibl\u00e9e\u00a0: vous comprendrez quelles forces fa\u00e7onnent les \u00e9lections actuelles, quels sont leurs obstacles les plus urgents et comment les citoyens peuvent renforcer leurs syst\u00e8mes de repr\u00e9sentation.<\/p>\n\n\n\n<p><strong>R\u00e9sum\u00e9<\/strong><\/p>\n\n\n\n<ul>\n<li>Aper\u00e7u : Pourquoi 2025 est important<\/li>\n\n\n\n<li>Tendances dominantes dans les processus \u00e9lectoraux<\/li>\n\n\n\n<li>D\u00e9fis qui mettent en p\u00e9ril la l\u00e9gitimit\u00e9 d\u00e9mocratique<\/li>\n\n\n\n<li>Deux cas illustratifs<\/li>\n\n\n\n<li>Strat\u00e9gies pour prot\u00e9ger la cr\u00e9dibilit\u00e9 des \u00e9lections<\/li>\n\n\n\n<li>Conclusion r\u00e9flexive<\/li>\n\n\n\n<li>Questions fr\u00e9quemment pos\u00e9es<\/li>\n<\/ul>\n\n\n\n<h2 class=\"wp-block-heading\">Aper\u00e7u : Pourquoi 2025 est important<\/h2>\n\n\n\n<p>Cette ann\u00e9e repr\u00e9sente un tournant d\u00e9cisif\u00a0: apr\u00e8s les cycles \u00e9lectoraux massifs de 2023 et 2024, les attentes sont centr\u00e9es sur la consolidation des progr\u00e8s ou l\u2019aggravation des reculs.<\/p>\n\n\n\n<p>La cr\u00e9dibilit\u00e9 \u00e9lectorale a subi un d\u00e9clin mondial, selon l&#039;indice international IDEA, qui a enregistr\u00e9 la plus forte baisse historique des \u00e9lections libres et \u00e9quitables en 2023.<\/p>\n\n\n\n<p>Dans pr\u00e8s de 20 des r\u00e9centes \u00e9lections nationales, au moins un candidat d\u00e9fait a rejet\u00e9 les r\u00e9sultats.<\/p>\n\n\n\n<p>Quand vous parlez de <strong>\u00c9lections mondiales en 2025 : tendances et d\u00e9fis<\/strong>Vous n&#039;exigez pas une vision optimiste, mais une vision claire et critique : vous savez que la confiance est \u00e9rod\u00e9e, mais aussi qu&#039;il y a place \u00e0 l&#039;action.<\/p>\n\n\n\n<h2 class=\"wp-block-heading\">Tendances dominantes dans les processus \u00e9lectoraux<\/h2>\n\n\n\n<h3 class=\"wp-block-heading\">Num\u00e9risation et nouvelles m\u00e9thodes de vote<\/h3>\n\n\n\n<p>L&#039;adoption de m\u00e9canismes num\u00e9riques tels que le vote \u00e0 distance, les plateformes crypt\u00e9es et les audits technologiques s&#039;intensifie. <\/p>\n\n\n\n<p>Une \u00e9tude r\u00e9cente propose des syst\u00e8mes bas\u00e9s sur <strong>blockchain<\/strong> accro\u00eetre la transparence et r\u00e9duire les vuln\u00e9rabilit\u00e9s.<\/p>\n\n\n\n<p>Cette \u00e9volution technologique peut \u00eatre un alli\u00e9 pr\u00e9cieux, m\u00eame si elle exige des conditions de s\u00e9curit\u00e9 et de surveillance robustes.<\/p>\n\n\n\n<h3 class=\"wp-block-heading\">Baisse de la participation et augmentation des questions<\/h3>\n\n\n\n<p>La baisse du taux de participation est un sympt\u00f4me visible : le march\u00e9 d\u00e9mocratique perd des acheteurs.<\/p>\n\n\n\n<p>De 2008 \u00e0 2023, la moyenne mondiale des \u00e9lecteurs est pass\u00e9e de 65,2 % \u00e0 55,5 %.<\/p>\n\n\n\n<p>Cette diff\u00e9rence n&#039;est pas seulement statistique : elle concerne des milliers de voix qui ne se sentent plus repr\u00e9sent\u00e9es.<\/p>\n\n\n\n<p>La cr\u00e9dibilit\u00e9 des \u00e9lections est mise \u00e0 rude \u00e9preuve\u00a0: le rapport IDEA indique qu\u2019en 2024, un tiers des \u00e9lecteurs voteront dans des pays o\u00f9 les processus \u00e9lectoraux sont de moins bonne qualit\u00e9 que lors des \u00e9lections pr\u00e9c\u00e9dentes.<\/p>\n\n\n\n<h3 class=\"wp-block-heading\">Polarisation, manipulation num\u00e9rique et fragilit\u00e9 institutionnelle<\/h3>\n\n\n\n<p>La propagande cibl\u00e9e, les campagnes automatis\u00e9es, les deepfakes et l&#039;astroturfing sont \u00e0 l&#039;\u0153uvre.<\/p>\n\n\n\n<p>En Europe, des cas ont \u00e9t\u00e9 document\u00e9s o\u00f9 l&#039;utilisation d&#039;algorithmes a favoris\u00e9 certains candidats et a conduit \u00e0 l&#039;annulation partielle des r\u00e9sultats.<\/p>\n\n\n\n<p>Cette convergence entre technologie et conflit politique transforme chaque \u00e9lection en un champ de bataille invisible.<\/p>\n\n\n\n<p>Dans ce contexte, les institutions \u00e9lectorales, les m\u00e9dias ind\u00e9pendants et les audits jouent un r\u00f4le d\u00e9cisif.<\/p>\n\n\n\n<h2 class=\"wp-block-heading\">D\u00e9fis qui mettent en p\u00e9ril la l\u00e9gitimit\u00e9 d\u00e9mocratique<\/h2>\n\n\n\n<h3 class=\"wp-block-heading\">D\u00e9sinformation syst\u00e9mique<\/h3>\n\n\n\n<p>Les r\u00e9seaux sociaux, en tant que vecteurs puissants, permettent la diffusion de fausses informations qui peuvent fausser l&#039;agenda politique, polariser les soci\u00e9t\u00e9s et affaiblir la confiance dans les institutions.<\/p>\n\n\n\n<p>C&#039;est un ennemi silencieux, mais mortel.<\/p>\n\n\n\n<h3 class=\"wp-block-heading\">Capture institutionnelle et fraude non r\u00e9glement\u00e9e<\/h3>\n\n\n\n<p>Lorsque le parti au pouvoir manipule les r\u00e8gles \u00e9lectorales, contr\u00f4le des organismes ind\u00e9pendants ou utilise les ressources de l&#039;\u00c9tat \u00e0 son avantage, les r\u00e8gles du jeu ne sont plus \u00e9quitables.<\/p>\n\n\n\n<p>Au Burundi, par exemple, les \u00e9lections l\u00e9gislatives de 2025 ont abouti \u00e0 l&#039;exclusion de l&#039;opposition et \u00e0 une victoire absolue du parti au pouvoir.<\/p>\n\n\n\n<p>Un autre cas notable est celui du B\u00e9larus\u00a0: le pr\u00e9sident Loukachenko a obtenu plus de 85\u00a0% des voix lors d\u2019une \u00e9lection largement qualifi\u00e9e de mascarade.<\/p>\n\n\n\n<p>C&#039;est une m\u00e9taphore du syst\u00e8me \u00e9lectoral transform\u00e9 en c\u00e9r\u00e9monie.<\/p>\n\n\n\n<h3 class=\"wp-block-heading\">lacunes sociales et d&#039;acc\u00e8s<\/h3>\n\n\n\n<p>Les in\u00e9galit\u00e9s structurelles, le manque de services, les barri\u00e8res g\u00e9ographiques et la fracture num\u00e9rique marginalisent des pans entiers de l&#039;\u00e9lectorat. Si un citoyen ne peut acc\u00e9der \u00e0 l&#039;information, s&#039;inscrire sur les listes \u00e9lectorales ou se rendre \u00e0 un bureau de vote, ses droits politiques sont de fait bafou\u00e9s.<\/p>\n\n\n\n<h3 class=\"wp-block-heading\">Violence et ins\u00e9curit\u00e9 \u00e9lectorale<\/h3>\n\n\n\n<p>Dans de nombreux pays, des candidats sont menac\u00e9s, des bureaux de vote sont attaqu\u00e9s ou des manifestants sont r\u00e9prim\u00e9s.<\/p>\n\n\n\n<p>Selon Freedom House, dans plus de 40 % des territoires organisant des \u00e9lections nationales en 2024, des actes de violence, d&#039;intimidation ou d&#039;agression ont eu lieu.<\/p>\n\n\n\n<p>La menace n&#039;est pas hypoth\u00e9tique : elle a un visage, un impact et des cons\u00e9quences r\u00e9elles sur la perception de la l\u00e9gitimit\u00e9.<\/p>\n\n\n\n<h2 class=\"wp-block-heading\">Deux exemples illustratifs<\/h2>\n\n\n\n<p><strong>Cas n\u00b0 1 : \u00c9quateur 2025 (Am\u00e9rique latine)<\/strong><br>Les \u00e9lections g\u00e9n\u00e9rales de f\u00e9vrier-avril 2025 en \u00c9quateur ont montr\u00e9 un taux de participation de 82 %.<\/p>\n\n\n\n<p>Des questions se posent : qu\u2019est-ce qui motive cette mobilisation malgr\u00e9 le d\u00e9senchantement g\u00e9n\u00e9ralis\u00e9 ?<\/p>\n\n\n\n<p>Parmi les facteurs mentionn\u00e9s figurent une forte polarisation, la pr\u00e9sence de candidats \u00e0 l&#039;aise avec les m\u00e9dias et une forte sensibilisation citoyenne. <\/p>\n\n\n\n<p>C\u2019est un exemple qui montre que, m\u00eame dans des contextes tendus, l\u2019action collective peut inverser les tendances.<\/p>\n\n\n\n<p><strong>Cas n\u00b0 2 : Liechtenstein 2025 (Europe)<\/strong><br>Dans un contexte beaucoup plus institutionnalis\u00e9, le Liechtenstein a tenu des \u00e9lections l\u00e9gislatives avec un taux de participation de 76,3 %.<\/p>\n\n\n\n<p>Le r\u00e9sultat n&#039;a \u00e9t\u00e9 ni spectaculaire ni dramatique, mais il montre que m\u00eame dans les micro-\u00c9tats, la qualit\u00e9 du processus compte : la transparence, le pluralisme et des r\u00e8gles claires entretiennent la confiance.<\/p>\n\n\n\n<p>Ces exemples contrastent diff\u00e9rents sc\u00e9narios\u00a0: l\u2019un avec des tensions structurelles au sein de la d\u00e9mocratie et l\u2019autre avec une stabilit\u00e9 institutionnelle, mais tous deux confirment que <strong>\u00c9lections mondiales en 2025 : tendances et d\u00e9fis<\/strong> Ils \u00e9voluent dans des contextes diff\u00e9rents.<\/p>\n\n\n\n<h2 class=\"wp-block-heading\">Strat\u00e9gies pour prot\u00e9ger la cr\u00e9dibilit\u00e9 des \u00e9lections<\/h2>\n\n\n\n<h3 class=\"wp-block-heading\">\u00c9ducation civique num\u00e9rique<\/h3>\n\n\n\n<p>Sensibiliser la population \u00e0 l&#039;\u00e9ducation aux m\u00e9dias, au fonctionnement des institutions, \u00e0 la v\u00e9rification des sources et aux proc\u00e9dures de reportage.<\/p>\n\n\n\n<p>Si les citoyens comprennent comment fonctionne la fraude, ils r\u00e9agissent plus rapidement.<\/p>\n\n\n\n<h3 class=\"wp-block-heading\">Observation inclusive et audits ind\u00e9pendants<\/h3>\n\n\n\n<p>Promouvoir les missions locales et internationales, l&#039;acc\u00e8s du public au contr\u00f4le, les audits de transparence et la participation des organisations de la soci\u00e9t\u00e9 civile.<\/p>\n\n\n\n<p>La surveillance collective agit comme un moyen de contr\u00f4le dissuasif.<\/p>\n\n\n\n<h3 class=\"wp-block-heading\">R\u00e9glementation sp\u00e9cifique relative aux campagnes num\u00e9riques<\/h3>\n\n\n\n<p>Instaurer des limites au financement des r\u00e9seaux, exiger la transparence des algorithmes, r\u00e9glementer l&#039;utilisation de l&#039;IA dans la propagande politique et sanctionner l&#039;utilisation de robots anonymes.<\/p>\n\n\n\n<p>Le cadre juridique num\u00e9rique doit suivre le rythme des progr\u00e8s technologiques.<\/p>\n\n\n\n<h3 class=\"wp-block-heading\">Faciliter le vote<\/h3>\n\n\n\n<p>Adoptez des m\u00e9canismes de vote anticip\u00e9, des horaires d&#039;ouverture prolong\u00e9s, des centres mobiles, la possibilit\u00e9 de voter \u00e0 l&#039;\u00e9tranger et supprimez les obstacles arbitraires \u00e0 l&#039;inscription afin que chaque citoyen puisse exercer son droit.<\/p>\n\n\n\n<h3 class=\"wp-block-heading\">Protection institutionnelle solide<\/h3>\n\n\n\n<p>Il est essentiel de garantir l&#039;autonomie des organes \u00e9lectoraux, leur financement ad\u00e9quat et leur assujettissement \u00e0 un contr\u00f4le civil. Toute mainmise sur eux compromet l&#039;ensemble du processus.<\/p>\n\n\n\n<figure class=\"wp-block-gallery aligncenter has-nested-images columns-default is-cropped wp-block-gallery-2 is-layout-flex wp-block-gallery-is-layout-flex\">\n<figure class=\"wp-block-image size-full\"><img loading=\"lazy\" decoding=\"async\" width=\"450\" height=\"250\" data-id=\"10168\" src=\"https:\/\/universofamilia.com\/wp-content\/uploads\/sites\/148\/2025\/10\/Destaque-Novo-Universo-10.jpg\" alt=\"\" class=\"wp-image-10168\" srcset=\"http:\/\/universofamilia.com\/wp-content\/uploads\/sites\/148\/2025\/10\/Destaque-Novo-Universo-10.jpg 450w, http:\/\/universofamilia.com\/wp-content\/uploads\/sites\/148\/2025\/10\/Destaque-Novo-Universo-10-300x167.jpg 300w, http:\/\/universofamilia.com\/wp-content\/uploads\/sites\/148\/2025\/10\/Destaque-Novo-Universo-10-18x10.jpg 18w\" sizes=\"(max-width: 450px) 100vw, 450px\" \/><figcaption class=\"wp-element-caption\">CANVA<\/figcaption><\/figure>\n<\/figure>\n\n\n\n<p>En savoir plus:\u00a0<a href=\"http:\/\/universofamilia.com\/fr\/crisis-climatica-global\/\">Crise climatique mondiale : les impacts affectent d\u00e9j\u00e0 des millions de personnes<\/a><\/p>\n\n\n\n<h2 class=\"wp-block-heading\">Conclusion r\u00e9flexive<\/h2>\n\n\n\n<p>Quand on consid\u00e8re <strong>\u00c9lections mondiales en 2025 : tendances et d\u00e9fis<\/strong>Il ne s\u2019agit pas d\u2019un exercice acad\u00e9mique\u00a0: vous \u00eates confront\u00e9s \u00e0 la responsabilit\u00e9 collective de d\u00e9fendre des espaces de v\u00e9ritable choix.<\/p>\n\n\n\n<p>Il ne suffit pas de se rendre aux urnes ; il est essentiel d&#039;exiger int\u00e9grit\u00e9, vigilance et \u00e9quit\u00e9.<\/p>\n\n\n\n<p>Les \u00e9lections doivent rester le moment o\u00f9 la voix des citoyens d\u00e9cide ; elles ne sont pas simul\u00e9es.<\/p>\n\n\n\n<p>Si vous laissez le pouvoir s&#039;habituer \u00e0 manipuler impun\u00e9ment, il n&#039;y aura plus de retour en arri\u00e8re.<\/p>\n\n\n\n<p>Pour autant, chaque r\u00e9forme, chaque observateur qui exige la transparence et chaque voisin qui signale des irr\u00e9gularit\u00e9s contribuent \u00e0 \u00e9riger un rempart contre l&#039;autoritarisme.<\/p>\n\n\n\n<p>Et vous\u00a0? Laisserez-vous le processus suivre son cours sans r\u00e9sistance, ou deviendrez-vous vous aussi un gardien actif du vote l\u00e9gitime\u00a0?<\/p>\n\n\n\n<p>En savoir plus:\u00a0<a href=\"http:\/\/universofamilia.com\/fr\/ambiental\/\">10 actions durables pour r\u00e9duire la crise environnementale<\/a><\/p>\n\n\n\n<h2 class=\"wp-block-heading\">Questions fr\u00e9quemment pos\u00e9es<\/h2>\n\n\n\n<p><strong>Pourquoi la participation citoyenne est-elle si faible aujourd&#039;hui ?<\/strong><br>Parce que beaucoup de gens ne font pas confiance aux partis politiques, ont le sentiment que leur voix ne compte pas, manquent d&#039;informations fiables ou rencontrent des obstacles pratiques pour voter.<\/p>\n\n\n\n<p><strong>L\u2019utilisation des technologies \u00e9lectorales garantit-elle l\u2019int\u00e9grit\u00e9 du scrutin\u00a0?<\/strong><br>Pas n\u00e9cessairement. Sans audits rigoureux, sans transparence totale et sans r\u00e8gles claires, cela peut cr\u00e9er plus de vuln\u00e9rabilit\u00e9s que de solutions.<\/p>\n\n\n\n<p><strong>Dans quels pays observe-t-on des reculs d\u00e9mocratiques alarmants\u00a0?<\/strong><br>Dans plusieurs \u00c9tats au pouvoir fort, comme le B\u00e9larus, le Burundi et d&#039;autres, o\u00f9 l&#039;opposition est syst\u00e9matiquement exclue ou r\u00e9prim\u00e9e.<\/p>\n\n\n\n<p><strong>Comment les citoyens peuvent-ils participer \u00e0 la d\u00e9fense d&#039;\u00e9lections \u00e9quitables ?<\/strong><br>Signaler les irr\u00e9gularit\u00e9s, soutenir les observatoires, exiger l&#039;acc\u00e8s aux donn\u00e9es \u00e9lectorales, participer aux d\u00e9bats publics et r\u00e9clamer des r\u00e9formes juridiques.<\/p>","protected":false},"excerpt":{"rendered":"<p>Desde el primer p\u00e1rrafo: Elecciones en todo el mundo en 2025: tendencias y retos no es solo un titular: implica una radiograf\u00eda viva de conflictos pol\u00edticos, innovaciones democr\u00e1ticas y riesgos que definen el rumbo global. Aqu\u00ed tienes un an\u00e1lisis con prop\u00f3sito: comprender\u00e1s qu\u00e9 fuerzas moldean los comicios actuales, cu\u00e1les son sus obst\u00e1culos m\u00e1s urgentes y [&hellip;]<\/p>","protected":false},"author":219,"featured_media":10166,"comment_status":"closed","ping_status":"open","sticky":false,"template":"","format":"standard","meta":{"footnotes":""},"categories":[4],"tags":[],"yoast_head":"<!-- This site is optimized with the Yoast SEO plugin v23.3 - https:\/\/yoast.com\/wordpress\/plugins\/seo\/ -->\n<title>Elecciones en todo el mundo en 2025: tendencias y retos - Universo Fam\u00edlia<\/title>\n<meta name=\"description\" content=\"Desde el primer p\u00e1rrafo: Elecciones en todo el mundo en 2025: tendencias y retos no es solo un titular: implica una radiograf\u00eda viva de...\" \/>\n<meta name=\"robots\" content=\"index, follow, max-snippet:-1, max-image-preview:large, max-video-preview:-1\" \/>\n<link rel=\"canonical\" href=\"http:\/\/universofamilia.com\/fr\/elecciones-en-todo-el-mundo-en-2025-tendencias-y-retos\/\" \/>\n<meta property=\"og:locale\" content=\"fr_FR\" \/>\n<meta property=\"og:type\" content=\"article\" \/>\n<meta property=\"og:title\" content=\"Elecciones en todo el mundo en 2025: tendencias y retos - Universo Fam\u00edlia\" \/>\n<meta property=\"og:description\" content=\"Desde el primer p\u00e1rrafo: Elecciones en todo el mundo en 2025: tendencias y retos no es solo un titular: implica una radiograf\u00eda viva de...\" \/>\n<meta property=\"og:url\" content=\"http:\/\/universofamilia.com\/fr\/elecciones-en-todo-el-mundo-en-2025-tendencias-y-retos\/\" \/>\n<meta property=\"og:site_name\" content=\"Universo Fam\u00edlia\" \/>\n<meta property=\"article:published_time\" content=\"2025-10-16T18:39:54+00:00\" \/>\n<meta property=\"article:modified_time\" content=\"2025-10-16T18:39:57+00:00\" \/>\n<meta property=\"og:image\" content=\"http:\/\/universofamilia.com\/wp-content\/uploads\/sites\/148\/2025\/10\/Destaque-Novo-Universo-9.jpg\" \/>\n\t<meta property=\"og:image:width\" content=\"450\" \/>\n\t<meta property=\"og:image:height\" content=\"250\" \/>\n\t<meta property=\"og:image:type\" content=\"image\/jpeg\" \/>\n<meta name=\"author\" content=\"Matheus Sangaletti\" \/>\n<meta name=\"twitter:card\" content=\"summary_large_image\" \/>\n<meta name=\"twitter:label1\" content=\"Written by\" \/>\n\t<meta name=\"twitter:data1\" content=\"Matheus Sangaletti\" \/>\n\t<meta name=\"twitter:label2\" content=\"Est. reading time\" \/>\n\t<meta name=\"twitter:data2\" content=\"8 minutes\" \/>\n<script type=\"application\/ld+json\" class=\"yoast-schema-graph\">{\"@context\":\"https:\/\/schema.org\",\"@graph\":[{\"@type\":\"WebPage\",\"@id\":\"http:\/\/universofamilia.com\/zh_hk\/elecciones-en-todo-el-mundo-en-2025-tendencias-y-retos\/\",\"url\":\"http:\/\/universofamilia.com\/zh_hk\/elecciones-en-todo-el-mundo-en-2025-tendencias-y-retos\/\",\"name\":\"Elecciones en todo el mundo en 2025: tendencias y retos - Universo Fam\u00edlia\",\"isPartOf\":{\"@id\":\"https:\/\/universofamilia.com\/el\/#website\"},\"primaryImageOfPage\":{\"@id\":\"http:\/\/universofamilia.com\/zh_hk\/elecciones-en-todo-el-mundo-en-2025-tendencias-y-retos\/#primaryimage\"},\"image\":{\"@id\":\"http:\/\/universofamilia.com\/zh_hk\/elecciones-en-todo-el-mundo-en-2025-tendencias-y-retos\/#primaryimage\"},\"thumbnailUrl\":\"http:\/\/universofamilia.com\/wp-content\/uploads\/sites\/148\/2025\/10\/Destaque-Novo-Universo-9.jpg\",\"datePublished\":\"2025-10-16T18:39:54+00:00\",\"dateModified\":\"2025-10-16T18:39:57+00:00\",\"author\":{\"@id\":\"https:\/\/universofamilia.com\/el\/#\/schema\/person\/92fcd07e9b1f4323bf74f3170fc0f78a\"},\"description\":\"Desde el primer p\u00e1rrafo: Elecciones en todo el mundo en 2025: tendencias y retos no es solo un titular: implica una radiograf\u00eda viva de...\",\"breadcrumb\":{\"@id\":\"http:\/\/universofamilia.com\/zh_hk\/elecciones-en-todo-el-mundo-en-2025-tendencias-y-retos\/#breadcrumb\"},\"inLanguage\":\"fr-FR\",\"potentialAction\":[{\"@type\":\"ReadAction\",\"target\":[\"http:\/\/universofamilia.com\/zh_hk\/elecciones-en-todo-el-mundo-en-2025-tendencias-y-retos\/\"]}]},{\"@type\":\"ImageObject\",\"inLanguage\":\"fr-FR\",\"@id\":\"http:\/\/universofamilia.com\/zh_hk\/elecciones-en-todo-el-mundo-en-2025-tendencias-y-retos\/#primaryimage\",\"url\":\"http:\/\/universofamilia.com\/wp-content\/uploads\/sites\/148\/2025\/10\/Destaque-Novo-Universo-9.jpg\",\"contentUrl\":\"http:\/\/universofamilia.com\/wp-content\/uploads\/sites\/148\/2025\/10\/Destaque-Novo-Universo-9.jpg\",\"width\":450,\"height\":250},{\"@type\":\"BreadcrumbList\",\"@id\":\"http:\/\/universofamilia.com\/zh_hk\/elecciones-en-todo-el-mundo-en-2025-tendencias-y-retos\/#breadcrumb\",\"itemListElement\":[{\"@type\":\"ListItem\",\"position\":1,\"name\":\"Home\",\"item\":\"https:\/\/universofamilia.com\/el\/\"},{\"@type\":\"ListItem\",\"position\":2,\"name\":\"Elecciones en todo el mundo en 2025: tendencias y retos\"}]},{\"@type\":\"WebSite\",\"@id\":\"https:\/\/universofamilia.com\/el\/#website\",\"url\":\"https:\/\/universofamilia.com\/el\/\",\"name\":\"Universo Fam\u00edlia\",\"description\":\"\",\"potentialAction\":[{\"@type\":\"SearchAction\",\"target\":{\"@type\":\"EntryPoint\",\"urlTemplate\":\"https:\/\/universofamilia.com\/el\/?s={search_term_string}\"},\"query-input\":\"required name=search_term_string\"}],\"inLanguage\":\"fr-FR\"},{\"@type\":\"Person\",\"@id\":\"https:\/\/universofamilia.com\/el\/#\/schema\/person\/92fcd07e9b1f4323bf74f3170fc0f78a\",\"name\":\"Matheus Sangaletti\",\"image\":{\"@type\":\"ImageObject\",\"inLanguage\":\"fr-FR\",\"@id\":\"https:\/\/universofamilia.com\/el\/#\/schema\/person\/image\/\",\"url\":\"http:\/\/2.gravatar.com\/avatar\/280ea957a14a48e6a1ad2133d2cc27c9?s=96&d=mm&r=g\",\"contentUrl\":\"http:\/\/2.gravatar.com\/avatar\/280ea957a14a48e6a1ad2133d2cc27c9?s=96&d=mm&r=g\",\"caption\":\"Matheus Sangaletti\"},\"url\":\"http:\/\/universofamilia.com\/fr\/author\/matheuss\/\"}]}<\/script>\n<!-- \/ Yoast SEO plugin. -->","yoast_head_json":{"title":"Elecciones en todo el mundo en 2025: tendencias y retos - Universo Fam\u00edlia","description":"Desde el primer p\u00e1rrafo: Elecciones en todo el mundo en 2025: tendencias y retos no es solo un titular: implica una radiograf\u00eda viva de...","robots":{"index":"index","follow":"follow","max-snippet":"max-snippet:-1","max-image-preview":"max-image-preview:large","max-video-preview":"max-video-preview:-1"},"canonical":"http:\/\/universofamilia.com\/fr\/elecciones-en-todo-el-mundo-en-2025-tendencias-y-retos\/","og_locale":"fr_FR","og_type":"article","og_title":"Elecciones en todo el mundo en 2025: tendencias y retos - Universo Fam\u00edlia","og_description":"Desde el primer p\u00e1rrafo: Elecciones en todo el mundo en 2025: tendencias y retos no es solo un titular: implica una radiograf\u00eda viva de...","og_url":"http:\/\/universofamilia.com\/fr\/elecciones-en-todo-el-mundo-en-2025-tendencias-y-retos\/","og_site_name":"Universo Fam\u00edlia","article_published_time":"2025-10-16T18:39:54+00:00","article_modified_time":"2025-10-16T18:39:57+00:00","og_image":[{"width":450,"height":250,"url":"http:\/\/universofamilia.com\/wp-content\/uploads\/sites\/148\/2025\/10\/Destaque-Novo-Universo-9.jpg","type":"image\/jpeg"}],"author":"Matheus Sangaletti","twitter_card":"summary_large_image","twitter_misc":{"Written by":"Matheus Sangaletti","Est. reading time":"8 minutes"},"schema":{"@context":"https:\/\/schema.org","@graph":[{"@type":"WebPage","@id":"http:\/\/universofamilia.com\/zh_hk\/elecciones-en-todo-el-mundo-en-2025-tendencias-y-retos\/","url":"http:\/\/universofamilia.com\/zh_hk\/elecciones-en-todo-el-mundo-en-2025-tendencias-y-retos\/","name":"Elecciones en todo el mundo en 2025: tendencias y retos - Universo Fam\u00edlia","isPartOf":{"@id":"https:\/\/universofamilia.com\/el\/#website"},"primaryImageOfPage":{"@id":"http:\/\/universofamilia.com\/zh_hk\/elecciones-en-todo-el-mundo-en-2025-tendencias-y-retos\/#primaryimage"},"image":{"@id":"http:\/\/universofamilia.com\/zh_hk\/elecciones-en-todo-el-mundo-en-2025-tendencias-y-retos\/#primaryimage"},"thumbnailUrl":"http:\/\/universofamilia.com\/wp-content\/uploads\/sites\/148\/2025\/10\/Destaque-Novo-Universo-9.jpg","datePublished":"2025-10-16T18:39:54+00:00","dateModified":"2025-10-16T18:39:57+00:00","author":{"@id":"https:\/\/universofamilia.com\/el\/#\/schema\/person\/92fcd07e9b1f4323bf74f3170fc0f78a"},"description":"Desde el primer p\u00e1rrafo: Elecciones en todo el mundo en 2025: tendencias y retos no es solo un titular: implica una radiograf\u00eda viva de...","breadcrumb":{"@id":"http:\/\/universofamilia.com\/zh_hk\/elecciones-en-todo-el-mundo-en-2025-tendencias-y-retos\/#breadcrumb"},"inLanguage":"fr-FR","potentialAction":[{"@type":"ReadAction","target":["http:\/\/universofamilia.com\/zh_hk\/elecciones-en-todo-el-mundo-en-2025-tendencias-y-retos\/"]}]},{"@type":"ImageObject","inLanguage":"fr-FR","@id":"http:\/\/universofamilia.com\/zh_hk\/elecciones-en-todo-el-mundo-en-2025-tendencias-y-retos\/#primaryimage","url":"http:\/\/universofamilia.com\/wp-content\/uploads\/sites\/148\/2025\/10\/Destaque-Novo-Universo-9.jpg","contentUrl":"http:\/\/universofamilia.com\/wp-content\/uploads\/sites\/148\/2025\/10\/Destaque-Novo-Universo-9.jpg","width":450,"height":250},{"@type":"BreadcrumbList","@id":"http:\/\/universofamilia.com\/zh_hk\/elecciones-en-todo-el-mundo-en-2025-tendencias-y-retos\/#breadcrumb","itemListElement":[{"@type":"ListItem","position":1,"name":"Home","item":"https:\/\/universofamilia.com\/el\/"},{"@type":"ListItem","position":2,"name":"Elecciones en todo el mundo en 2025: tendencias y retos"}]},{"@type":"WebSite","@id":"https:\/\/universofamilia.com\/el\/#website","url":"https:\/\/universofamilia.com\/el\/","name":"Universo Fam\u00edlia","description":"","potentialAction":[{"@type":"SearchAction","target":{"@type":"EntryPoint","urlTemplate":"https:\/\/universofamilia.com\/el\/?s={search_term_string}"},"query-input":"required name=search_term_string"}],"inLanguage":"fr-FR"},{"@type":"Person","@id":"https:\/\/universofamilia.com\/el\/#\/schema\/person\/92fcd07e9b1f4323bf74f3170fc0f78a","name":"Matheus Sangaletti","image":{"@type":"ImageObject","inLanguage":"fr-FR","@id":"https:\/\/universofamilia.com\/el\/#\/schema\/person\/image\/","url":"http:\/\/2.gravatar.com\/avatar\/280ea957a14a48e6a1ad2133d2cc27c9?s=96&d=mm&r=g","contentUrl":"http:\/\/2.gravatar.com\/avatar\/280ea957a14a48e6a1ad2133d2cc27c9?s=96&d=mm&r=g","caption":"Matheus Sangaletti"},"url":"http:\/\/universofamilia.com\/fr\/author\/matheuss\/"}]}},"_links":{"self":[{"href":"http:\/\/universofamilia.com\/fr\/wp-json\/wp\/v2\/posts\/10165"}],"collection":[{"href":"http:\/\/universofamilia.com\/fr\/wp-json\/wp\/v2\/posts"}],"about":[{"href":"http:\/\/universofamilia.com\/fr\/wp-json\/wp\/v2\/types\/post"}],"author":[{"embeddable":true,"href":"http:\/\/universofamilia.com\/fr\/wp-json\/wp\/v2\/users\/219"}],"replies":[{"embeddable":true,"href":"http:\/\/universofamilia.com\/fr\/wp-json\/wp\/v2\/comments?post=10165"}],"version-history":[{"count":1,"href":"http:\/\/universofamilia.com\/fr\/wp-json\/wp\/v2\/posts\/10165\/revisions"}],"predecessor-version":[{"id":10169,"href":"http:\/\/universofamilia.com\/fr\/wp-json\/wp\/v2\/posts\/10165\/revisions\/10169"}],"wp:featuredmedia":[{"embeddable":true,"href":"http:\/\/universofamilia.com\/fr\/wp-json\/wp\/v2\/media\/10166"}],"wp:attachment":[{"href":"http:\/\/universofamilia.com\/fr\/wp-json\/wp\/v2\/media?parent=10165"}],"wp:term":[{"taxonomy":"category","embeddable":true,"href":"http:\/\/universofamilia.com\/fr\/wp-json\/wp\/v2\/categories?post=10165"},{"taxonomy":"post_tag","embeddable":true,"href":"http:\/\/universofamilia.com\/fr\/wp-json\/wp\/v2\/tags?post=10165"}],"curies":[{"name":"wp","href":"https:\/\/api.w.org\/{rel}","templated":true}]}}