{"id":10218,"date":"2025-10-27T13:27:29","date_gmt":"2025-10-27T16:27:29","guid":{"rendered":"https:\/\/universofamilia.com\/?p=10218"},"modified":"2025-10-27T13:27:40","modified_gmt":"2025-10-27T16:27:40","slug":"proteccion-familiar-en-tiempos-de-incertidumbre-economica","status":"publish","type":"post","link":"http:\/\/universofamilia.com\/fr\/proteccion-familiar-en-tiempos-de-incertidumbre-economica\/","title":{"rendered":"Protection de la famille en p\u00e9riode d&#039;incertitude \u00e9conomique"},"content":{"rendered":"<p class=\"has-text-align-center\">En 2025, la question <strong>\u00ab Protection de la famille en p\u00e9riode d\u2019incertitude \u00e9conomique \u00bb<\/strong> devient plus pertinent que jamais.<\/p>\n\n\n\n<figure class=\"wp-block-gallery aligncenter has-nested-images columns-default is-cropped wp-block-gallery-1 is-layout-flex wp-block-gallery-is-layout-flex\">\n<figure class=\"wp-block-image size-full\"><img loading=\"lazy\" decoding=\"async\" width=\"450\" height=\"250\" data-id=\"10220\" src=\"https:\/\/universofamilia.com\/wp-content\/uploads\/sites\/148\/2025\/10\/Destaque-Novo-Universo-25-1.jpg\" alt=\"\" class=\"wp-image-10220\" srcset=\"http:\/\/universofamilia.com\/wp-content\/uploads\/sites\/148\/2025\/10\/Destaque-Novo-Universo-25-1.jpg 450w, http:\/\/universofamilia.com\/wp-content\/uploads\/sites\/148\/2025\/10\/Destaque-Novo-Universo-25-1-300x167.jpg 300w, http:\/\/universofamilia.com\/wp-content\/uploads\/sites\/148\/2025\/10\/Destaque-Novo-Universo-25-1-18x10.jpg 18w\" sizes=\"(max-width: 450px) 100vw, 450px\" \/><figcaption class=\"wp-element-caption\">CANVA<\/figcaption><\/figure>\n<\/figure>\n\n\n\n<p class=\"has-text-align-center\">L\u2019inflation mondiale, la volatilit\u00e9 des march\u00e9s du travail et l\u2019instabilit\u00e9 politique dans diverses r\u00e9gions ont cr\u00e9\u00e9 un environnement dans lequel la planification financi\u00e8re familiale n\u2019est plus facultative, mais une n\u00e9cessit\u00e9 essentielle.<\/p>\n\n\n\n<p class=\"has-text-align-center\">Selon la Banque mondiale, l\u2019inflation en Am\u00e9rique latine devrait atteindre en moyenne 5,8 % cette ann\u00e9e, ce qui affecte directement le pouvoir d\u2019achat des familles.<\/p>\n\n\n\n<p>Cet article propose une analyse approfondie et des strat\u00e9gies pratiques pour aider les familles mexicaines et latino-am\u00e9ricaines \u00e0 prot\u00e9ger leurs finances, \u00e0 prendre des d\u00e9cisions intelligentes et \u00e0 renforcer leur r\u00e9silience \u00e9conomique face \u00e0 l\u2019incertitude.<\/p>\n\n\n\n<p>Nous explorerons comment organiser un budget familial, promouvoir l\u2019\u00e9ducation financi\u00e8re, diversifier les revenus, profiter des assurances et bien plus encore.<\/p>\n\n\n\n<h2 class=\"wp-block-heading\">R\u00e9sum\u00e9<\/h2>\n\n\n\n<p>Pour vous guider dans votre lecture, cet article se concentre sur huit domaines cl\u00e9s :<\/p>\n\n\n\n<ol>\n<li>\u00c9tablir un fonds d\u2019urgence solide.<\/li>\n\n\n\n<li>Pr\u00e9paration d&#039;un budget familial d\u00e9taill\u00e9.<\/li>\n\n\n\n<li>L\u2019\u00e9ducation financi\u00e8re comme outil de r\u00e9silience.<\/li>\n\n\n\n<li>Diversification des sources de revenus.<\/li>\n\n\n\n<li>Souscrire une assurance adapt\u00e9e.<\/li>\n\n\n\n<li>Mentalit\u00e9 d&#039;\u00e9pargne et habitudes responsables.<\/li>\n\n\n\n<li>Conseils financiers professionnels.<\/li>\n\n\n\n<li>Flexibilit\u00e9 et adaptation aux changements \u00e9conomiques.<\/li>\n<\/ol>\n\n\n\n<p>Tout au long du texte, nous inclurons des exemples pratiques, des analogies et des conseils qui vous aideront \u00e0 mieux comprendre comment les familles peuvent agir pour prot\u00e9ger leur bien-\u00eatre \u00e9conomique.<\/p>\n\n\n\n<h2 class=\"wp-block-heading\">Cr\u00e9er un fonds d&#039;urgence pour la protection de la famille en p\u00e9riode d&#039;incertitude \u00e9conomique<\/h2>\n\n\n\n<p>La premi\u00e8re \u00e9tape pour vous prot\u00e9ger contre l\u2019incertitude \u00e9conomique est de cr\u00e9er un fonds d\u2019urgence.<\/p>\n\n\n\n<p><\/p>\n\n\n\n<p>Ce fonds devrait couvrir trois \u00e0 six mois de d\u00e9penses essentielles, notamment la nourriture, le logement, les services publics et le transport.<\/p>\n\n\n\n<p>Disposer de ce coussin financier permet aux familles de faire face aux \u00e9v\u00e9nements impr\u00e9vus sans recourir \u00e0 des dettes co\u00fbteuses.<\/p>\n\n\n\n<p><strong>Exemple r\u00e9el :<\/strong> Une famille \u00e0 revenu moyen de Mexico a allou\u00e9 10 % de son salaire mensuel \u00e0 un fonds d\u2019urgence pendant deux ans.<\/p>\n\n\n\n<p>Lorsque l\u2019inflation a frapp\u00e9 les prix des aliments et des services en 2025, ils ont pu maintenir leur qualit\u00e9 de vie sans compromettre leurs obligations financi\u00e8res.<\/p>\n\n\n\n<p>\u00c9pargner ne n\u00e9cessite pas de grosses sommes d\u2019argent ; ce qui compte, c\u2019est la coh\u00e9rence et la discipline.<\/p>\n\n\n\n<p>L\u2019automatisation des transferts vers un compte d\u2019\u00e9pargne distinct peut \u00eatre une m\u00e9thode efficace pour maintenir la coh\u00e9rence.<\/p>\n\n\n\n<h2 class=\"wp-block-heading\">Pr\u00e9parer un budget familial<\/h2>\n\n\n\n<p>Un budget familial est une feuille de route qui vous permet de g\u00e9rer efficacement les revenus et les d\u00e9penses de votre m\u00e9nage.<\/p>\n\n\n\n<p>Pour le faire correctement, vous devez d\u2019abord r\u00e9pertorier toutes les sources de revenus, puis identifier toutes les d\u00e9penses fixes et variables.<\/p>\n\n\n\n<p><strong>Exemple :<\/strong> Mar\u00eda, m\u00e8re de trois enfants \u00e0 Monterrey, utilise une feuille de calcul mensuelle dans laquelle elle cat\u00e9gorise ses d\u00e9penses en nourriture, transport, \u00e9ducation, divertissement et \u00e9pargne.<\/p>\n\n\n\n<p>Cela vous permet de d\u00e9tecter les fuites d\u2019argent et de r\u00e9affecter les ressources \u00e0 ce qui compte vraiment, comme l\u2019\u00e9pargne et l\u2019investissement dans l\u2019\u00e9ducation de vos enfants.<\/p>\n\n\n\n<p>Avoir un budget clair vous aide \u00e0 prendre des d\u00e9cisions \u00e9clair\u00e9es et \u00e0 \u00e9viter de tomber dans le pi\u00e8ge des d\u00e9penses impulsives.<\/p>\n\n\n\n<p>De plus, l\u2019implication de tous les membres de la famille favorise l\u2019\u00e9ducation financi\u00e8re et la responsabilit\u00e9 partag\u00e9e.<\/p>\n\n\n\n<h2 class=\"wp-block-heading\">Promouvoir l&#039;\u00e9ducation financi\u00e8re \u00e0 la maison<\/h2>\n\n\n\n<p>L\u2019\u00e9ducation financi\u00e8re est essentielle pour que les membres de la famille comprennent le fonctionnement de concepts tels que l\u2019\u00e9pargne, l\u2019investissement, l\u2019inflation et la dette.<\/p>\n\n\n\n<p>Enseigner d\u00e8s le plus jeune \u00e2ge aide les enfants et les adolescents \u00e0 d\u00e9velopper des habitudes responsables qui auront un impact positif sur leur avenir \u00e9conomique.<\/p>\n\n\n\n<p><strong>Donn\u00e9es pertinentes:<\/strong> Selon la CEPALC, les m\u00e9nages b\u00e9n\u00e9ficiant d\u2019une \u00e9ducation financi\u00e8re pr\u00e9sentent une probabilit\u00e9 25 % plus \u00e9lev\u00e9e de maintenir une \u00e9pargne constante et de prendre des d\u00e9cisions d\u2019investissement \u00e9clair\u00e9es (<a>cepal.org<\/a>).<\/p>\n\n\n\n<p>Des activit\u00e9s simples comme impliquer les enfants dans l\u2019\u00e9laboration du budget, leur apprendre \u00e0 comparer les prix ou leur allouer une allocation pour g\u00e9rer leurs d\u00e9penses personnelles peuvent \u00eatre tr\u00e8s efficaces.<\/p>\n\n\n\n<h2 class=\"wp-block-heading\">Diversifier les sources de revenus<\/h2>\n\n\n\n<p>D\u00e9pendre d\u2019un seul revenu repr\u00e9sente un risque important en p\u00e9riode d\u2019incertitude.<\/p>\n\n\n\n<p>L\u2019exploration de nouvelles sources de revenus, telles que le travail ind\u00e9pendant, l\u2019entrepreneuriat ou les petits investissements, peut apporter de la stabilit\u00e9 et r\u00e9duire la vuln\u00e9rabilit\u00e9 \u00e0 la perte d\u2019emploi.<\/p>\n\n\n\n<p><strong>Exemple :<\/strong> Luis, ing\u00e9nieur \u00e0 Guadalajara, a commenc\u00e9 \u00e0 proposer des cours de programmation en ligne en plus de son travail principal.<\/p>\n\n\n\n<p>Dans un march\u00e9 du travail volatil en 2025, ses revenus suppl\u00e9mentaires lui ont permis de maintenir ses d\u00e9penses essentielles et de continuer \u00e0 \u00e9pargner.<\/p>\n\n\n\n<p>La diversification non seulement prot\u00e8ge les familles des crises, mais ouvre \u00e9galement des possibilit\u00e9s de d\u00e9velopper des comp\u00e9tences et d\u2019explorer de nouvelles sources de croissance \u00e9conomique.<\/p>\n\n\n\n<h2 class=\"wp-block-heading\">Avoir une assurance ad\u00e9quate<\/h2>\n\n\n\n<p>L&#039;assurance est un outil essentiel pour prot\u00e9ger votre famille contre les impr\u00e9vus. Les couvertures recommand\u00e9es comprennent les assurances sant\u00e9, vie, habitation et automobile.<\/p>\n\n\n\n<p>En cas d\u2019urgence, ces polices d\u2019assurance \u00e9vitent aux familles de devoir liquider leurs \u00e9conomies ou de s\u2019endetter.<\/p>\n\n\n\n<p><strong>Statistiques pertinentes :<\/strong> Une \u00e9tude de l&#039;Association mexicaine des institutions d&#039;assurance (AMIS) indique que seulement 40 % des familles mexicaines disposent d&#039;une assurance maladie ad\u00e9quate, ce qui les rend vuln\u00e9rables aux d\u00e9penses impr\u00e9vues (<a>amis.com.mx<\/a>).<\/p>\n\n\n\n<p>Choisir la bonne assurance implique d\u2019analyser les besoins sp\u00e9cifiques de chaque famille et d\u2019\u00e9valuer le rapport co\u00fbt-b\u00e9n\u00e9fice de chaque police.<\/p>\n\n\n\n<h2 class=\"wp-block-heading\">Maintenir un \u00e9tat d&#039;esprit d&#039;\u00e9pargne<\/h2>\n\n\n\n<p>Adopter un \u00e9tat d\u2019esprit d\u2019\u00e9pargne constant est essentiel, m\u00eame pour de petits montants.<\/p>\n\n\n\n<p>L\u2019automatisation des d\u00e9p\u00f4ts sur des comptes d\u2019\u00e9pargne, la d\u00e9finition d\u2019objectifs clairs et la r\u00e9vision p\u00e9riodique des d\u00e9penses vous permettent de garder un r\u00e9el contr\u00f4le sur vos finances.<\/p>\n\n\n\n<p>Une analogie utile\u00a0: l\u2019\u00e9pargne familiale est comme un jardin. Si elle est plant\u00e9e et entretenue r\u00e9guli\u00e8rement, elle poussera et portera ses fruits au bon moment.<\/p>\n\n\n\n<p>En revanche, le n\u00e9gliger peut laisser la famille sans ressources dans des moments critiques.<\/p>\n\n\n\n<figure class=\"wp-block-gallery aligncenter has-nested-images columns-default is-cropped wp-block-gallery-2 is-layout-flex wp-block-gallery-is-layout-flex\">\n<figure class=\"wp-block-image size-full\"><img loading=\"lazy\" decoding=\"async\" width=\"450\" height=\"250\" data-id=\"10221\" src=\"https:\/\/universofamilia.com\/wp-content\/uploads\/sites\/148\/2025\/10\/Destaque-Novo-Universo-26.jpg\" alt=\"\" class=\"wp-image-10221\" srcset=\"http:\/\/universofamilia.com\/wp-content\/uploads\/sites\/148\/2025\/10\/Destaque-Novo-Universo-26.jpg 450w, http:\/\/universofamilia.com\/wp-content\/uploads\/sites\/148\/2025\/10\/Destaque-Novo-Universo-26-300x167.jpg 300w, http:\/\/universofamilia.com\/wp-content\/uploads\/sites\/148\/2025\/10\/Destaque-Novo-Universo-26-18x10.jpg 18w\" sizes=\"(max-width: 450px) 100vw, 450px\" \/><figcaption class=\"wp-element-caption\">CANVA<\/figcaption><\/figure>\n<\/figure>\n\n\n\n<p>En savoir plus:&nbsp;<a href=\"http:\/\/universofamilia.com\/fr\/economia-mundial-en-2025-recesion-o-recuperacion\/\">\u00c9conomie mondiale en 2025 : r\u00e9cession ou reprise ?<\/a><\/p>\n\n\n\n<h2 class=\"wp-block-heading\">Demandez des conseils financiers professionnels<\/h2>\n\n\n\n<p>Avoir recours \u00e0 des conseils professionnels vous permet d\u2019optimiser la gestion des ressources, de planifier les investissements et de prendre des d\u00e9cisions strat\u00e9giques \u00e9clair\u00e9es.<\/p>\n\n\n\n<p>Les conseillers financiers peuvent vous aider \u00e0 cr\u00e9er des plans d\u2019\u00e9pargne, \u00e0 s\u00e9curiser vos investissements et \u00e0 \u00e9laborer des strat\u00e9gies fiscales qui maximisent le bien-\u00eatre de la famille.<\/p>\n\n\n\n<p>Il ne s\u2019agit pas seulement de grandes fortunes ; toute famille peut b\u00e9n\u00e9ficier d\u2019un planificateur financier qui adapte les strat\u00e9gies au budget et aux besoins sp\u00e9cifiques du m\u00e9nage.<\/p>\n\n\n\n<h2 class=\"wp-block-heading\">Soyez flexible et adaptez-vous aux changements<\/h2>\n\n\n\n<p>La r\u00e9silience \u00e9conomique d\u00e9pend de la capacit\u00e9 \u00e0 s\u2019adapter \u00e0 de nouvelles circonstances.<\/p>\n\n\n\n<p>Ajuster le budget, explorer les possibilit\u00e9s de revenus et changer les habitudes de d\u00e9penses sont des actions qui permettent aux familles d\u2019affronter l\u2019incertitude avec plus de confiance.<\/p>\n\n\n\n<p>En 2025, l&#039;\u00e9conomie mondiale conna\u00eet une \u00e9volution rapide et constante. \u00catre flexible permet d&#039;anticiper les probl\u00e8mes et de saisir des opportunit\u00e9s que d&#039;autres pourraient n\u00e9gliger.<\/p>\n\n\n\n<h2 class=\"wp-block-heading\">Strat\u00e9gies suppl\u00e9mentaires pour prot\u00e9ger les familles<\/h2>\n\n\n\n<ol>\n<li><strong>Achats intelligents :<\/strong> Comparez les prix, profitez des r\u00e9ductions et priorisez les besoins r\u00e9els.<\/li>\n\n\n\n<li><strong>Planification de l\u2019\u00e9ducation :<\/strong> \u00c9valuer les alternatives p\u00e9dagogiques qui optimisent le rapport co\u00fbt-b\u00e9n\u00e9fice sans compromettre la qualit\u00e9.<\/li>\n\n\n\n<li><strong>Utilisation responsable du cr\u00e9dit :<\/strong> \u00c9vitez les dettes inutiles et donnez la priorit\u00e9 au remboursement des dettes \u00e0 int\u00e9r\u00eat \u00e9lev\u00e9.<\/li>\n\n\n\n<li><strong>Investissement dans les comp\u00e9tences :<\/strong> Formez-vous \u00e0 de nouveaux emplois ou \u00e0 des entreprises qui g\u00e9n\u00e8rent des revenus suppl\u00e9mentaires.<\/li>\n<\/ol>\n\n\n\n<h2 class=\"wp-block-heading\">Conclusion<\/h2>\n\n\n\n<p>Prot\u00e9ger votre famille en p\u00e9riode d\u2019incertitude \u00e9conomique n\u00e9cessite une approche globale.<\/p>\n\n\n\n<p>Cr\u00e9er un fonds d\u2019urgence, \u00e9tablir un budget, avoir une \u00e9ducation financi\u00e8re, diversifier les revenus, avoir une assurance ad\u00e9quate, \u00e9pargner r\u00e9guli\u00e8rement, demander des conseils professionnels et s\u2019adapter aux changements sont des strat\u00e9gies essentielles.<\/p>\n\n\n\n<p>La question <strong>\u00ab Protection de la famille en p\u00e9riode d\u2019incertitude \u00e9conomique \u00bb<\/strong> Ce n\u2019est pas seulement de la rh\u00e9torique ; c\u2019est un guide pour l\u2019action.<\/p>\n\n\n\n<p>Les familles qui mettent en \u0153uvre ces strat\u00e9gies sont plus susceptibles de maintenir la stabilit\u00e9, d\u2019affronter les crises avec confiance et de b\u00e2tir un avenir financier solide.<\/p>\n\n\n\n<p>En savoir plus:&nbsp;<a href=\"http:\/\/universofamilia.com\/fr\/crisis-climatica-global\/\">Crise climatique mondiale : les impacts affectent d\u00e9j\u00e0 des millions de personnes<\/a><\/p>\n\n\n\n<h3 class=\"wp-block-heading\">Questions fr\u00e9quemment pos\u00e9es<\/h3>\n\n\n\n<p><strong>1. Combien dois-je \u00e9conomiser pour un fonds d\u2019urgence ?<\/strong><br>Entre trois et six mois de d\u00e9penses essentielles.<\/p>\n\n\n\n<p><strong>2. Comment puis-je impliquer mes enfants dans l\u2019\u00e9ducation financi\u00e8re ?<\/strong><br>Donnez-leur une allocation, apprenez-leur \u00e0 comparer les prix et \u00e0 \u00e9conomiser pour leurs objectifs personnels.<\/p>\n\n\n\n<p><strong>3. Quelle assurance est indispensable ?<\/strong><br>Services de sant\u00e9, de vie, de logement et d&#039;automobile adapt\u00e9s aux besoins sp\u00e9cifiques de la famille.<\/p>\n\n\n\n<p><strong>4. Comment diversifier ses revenus sans n\u00e9gliger son activit\u00e9 principale ?<\/strong><br>D\u00e9couvrez le travail ind\u00e9pendant, les petites startups ou les investissements \u00e0 faible risque qui ne n\u00e9cessitent pas tout votre temps.<\/p>\n\n\n\n<p><strong>5. Quand demander conseil \u00e0 un professionnel ?<\/strong><br>Chaque fois que vous souhaitez optimiser vos ressources, planifier vos investissements ou prot\u00e9ger le patrimoine familial.<\/p>","protected":false},"excerpt":{"rendered":"<p>En 2025, la pregunta \u201cProtecci\u00f3n familiar en tiempos de incertidumbre econ\u00f3mica\u201d se vuelve m\u00e1s relevante que nunca. La inflaci\u00f3n global, la volatilidad de los mercados laborales y la inestabilidad pol\u00edtica en diversas regiones han generado un entorno en el que la planificaci\u00f3n financiera familiar ya no es opcional, sino una necesidad cr\u00edtica. Seg\u00fan el Banco [&hellip;]<\/p>","protected":false},"author":219,"featured_media":10219,"comment_status":"closed","ping_status":"open","sticky":false,"template":"","format":"standard","meta":{"footnotes":""},"categories":[4],"tags":[],"yoast_head":"<!-- This site is optimized with the Yoast SEO plugin v23.3 - https:\/\/yoast.com\/wordpress\/plugins\/seo\/ -->\n<title>Protecci\u00f3n familiar en tiempos de incertidumbre econ\u00f3mica - Universo Fam\u00edlia<\/title>\n<meta name=\"description\" content=\"En 2025, la pregunta \u201cProtecci\u00f3n familiar en tiempos de incertidumbre econ\u00f3mica\u201d se vuelve m\u00e1s relevante que nunca.\" \/>\n<meta name=\"robots\" content=\"index, follow, max-snippet:-1, max-image-preview:large, max-video-preview:-1\" \/>\n<link rel=\"canonical\" href=\"https:\/\/universofamilia.com\/fr\/proteccion-familiar-en-tiempos-de-incertidumbre-economica\/\" \/>\n<meta property=\"og:locale\" content=\"fr_FR\" \/>\n<meta property=\"og:type\" content=\"article\" \/>\n<meta property=\"og:title\" content=\"Protecci\u00f3n familiar en tiempos de incertidumbre econ\u00f3mica - Universo Fam\u00edlia\" \/>\n<meta property=\"og:description\" content=\"En 2025, la pregunta \u201cProtecci\u00f3n familiar en tiempos de incertidumbre econ\u00f3mica\u201d se vuelve m\u00e1s relevante que nunca.\" \/>\n<meta property=\"og:url\" content=\"https:\/\/universofamilia.com\/fr\/proteccion-familiar-en-tiempos-de-incertidumbre-economica\/\" \/>\n<meta property=\"og:site_name\" content=\"Universo Fam\u00edlia\" \/>\n<meta property=\"article:published_time\" content=\"2025-10-27T16:27:29+00:00\" \/>\n<meta property=\"article:modified_time\" content=\"2025-10-27T16:27:40+00:00\" \/>\n<meta property=\"og:image\" content=\"https:\/\/universofamilia.com\/wp-content\/uploads\/sites\/148\/2025\/10\/Destaque-Novo-Universo-25.jpg\" \/>\n\t<meta property=\"og:image:width\" content=\"450\" \/>\n\t<meta property=\"og:image:height\" content=\"250\" \/>\n\t<meta property=\"og:image:type\" content=\"image\/jpeg\" \/>\n<meta name=\"author\" content=\"Matheus Sangaletti\" \/>\n<meta name=\"twitter:card\" content=\"summary_large_image\" \/>\n<meta name=\"twitter:label1\" content=\"Written by\" \/>\n\t<meta name=\"twitter:data1\" content=\"Matheus Sangaletti\" \/>\n\t<meta name=\"twitter:label2\" content=\"Est. reading time\" \/>\n\t<meta name=\"twitter:data2\" content=\"8 minutes\" \/>\n<script type=\"application\/ld+json\" class=\"yoast-schema-graph\">{\"@context\":\"https:\/\/schema.org\",\"@graph\":[{\"@type\":\"WebPage\",\"@id\":\"https:\/\/universofamilia.com\/el\/proteccion-familiar-en-tiempos-de-incertidumbre-economica\/\",\"url\":\"https:\/\/universofamilia.com\/el\/proteccion-familiar-en-tiempos-de-incertidumbre-economica\/\",\"name\":\"Protecci\u00f3n familiar en tiempos de incertidumbre econ\u00f3mica - Universo Fam\u00edlia\",\"isPartOf\":{\"@id\":\"https:\/\/universofamilia.com\/el\/#website\"},\"primaryImageOfPage\":{\"@id\":\"https:\/\/universofamilia.com\/el\/proteccion-familiar-en-tiempos-de-incertidumbre-economica\/#primaryimage\"},\"image\":{\"@id\":\"https:\/\/universofamilia.com\/el\/proteccion-familiar-en-tiempos-de-incertidumbre-economica\/#primaryimage\"},\"thumbnailUrl\":\"http:\/\/universofamilia.com\/wp-content\/uploads\/sites\/148\/2025\/10\/Destaque-Novo-Universo-25.jpg\",\"datePublished\":\"2025-10-27T16:27:29+00:00\",\"dateModified\":\"2025-10-27T16:27:40+00:00\",\"author\":{\"@id\":\"https:\/\/universofamilia.com\/el\/#\/schema\/person\/92fcd07e9b1f4323bf74f3170fc0f78a\"},\"description\":\"En 2025, la pregunta \u201cProtecci\u00f3n familiar en tiempos de incertidumbre econ\u00f3mica\u201d se vuelve m\u00e1s relevante que nunca.\",\"breadcrumb\":{\"@id\":\"https:\/\/universofamilia.com\/el\/proteccion-familiar-en-tiempos-de-incertidumbre-economica\/#breadcrumb\"},\"inLanguage\":\"fr-FR\",\"potentialAction\":[{\"@type\":\"ReadAction\",\"target\":[\"https:\/\/universofamilia.com\/el\/proteccion-familiar-en-tiempos-de-incertidumbre-economica\/\"]}]},{\"@type\":\"ImageObject\",\"inLanguage\":\"fr-FR\",\"@id\":\"https:\/\/universofamilia.com\/el\/proteccion-familiar-en-tiempos-de-incertidumbre-economica\/#primaryimage\",\"url\":\"http:\/\/universofamilia.com\/wp-content\/uploads\/sites\/148\/2025\/10\/Destaque-Novo-Universo-25.jpg\",\"contentUrl\":\"http:\/\/universofamilia.com\/wp-content\/uploads\/sites\/148\/2025\/10\/Destaque-Novo-Universo-25.jpg\",\"width\":450,\"height\":250},{\"@type\":\"BreadcrumbList\",\"@id\":\"https:\/\/universofamilia.com\/el\/proteccion-familiar-en-tiempos-de-incertidumbre-economica\/#breadcrumb\",\"itemListElement\":[{\"@type\":\"ListItem\",\"position\":1,\"name\":\"Home\",\"item\":\"https:\/\/universofamilia.com\/el\/\"},{\"@type\":\"ListItem\",\"position\":2,\"name\":\"Protecci\u00f3n familiar en tiempos de incertidumbre econ\u00f3mica\"}]},{\"@type\":\"WebSite\",\"@id\":\"https:\/\/universofamilia.com\/el\/#website\",\"url\":\"https:\/\/universofamilia.com\/el\/\",\"name\":\"Universo Fam\u00edlia\",\"description\":\"\",\"potentialAction\":[{\"@type\":\"SearchAction\",\"target\":{\"@type\":\"EntryPoint\",\"urlTemplate\":\"https:\/\/universofamilia.com\/el\/?s={search_term_string}\"},\"query-input\":\"required name=search_term_string\"}],\"inLanguage\":\"fr-FR\"},{\"@type\":\"Person\",\"@id\":\"https:\/\/universofamilia.com\/el\/#\/schema\/person\/92fcd07e9b1f4323bf74f3170fc0f78a\",\"name\":\"Matheus Sangaletti\",\"image\":{\"@type\":\"ImageObject\",\"inLanguage\":\"fr-FR\",\"@id\":\"https:\/\/universofamilia.com\/el\/#\/schema\/person\/image\/\",\"url\":\"http:\/\/2.gravatar.com\/avatar\/280ea957a14a48e6a1ad2133d2cc27c9?s=96&d=mm&r=g\",\"contentUrl\":\"http:\/\/2.gravatar.com\/avatar\/280ea957a14a48e6a1ad2133d2cc27c9?s=96&d=mm&r=g\",\"caption\":\"Matheus Sangaletti\"},\"url\":\"http:\/\/universofamilia.com\/fr\/author\/matheuss\/\"}]}<\/script>\n<!-- \/ Yoast SEO plugin. -->","yoast_head_json":{"title":"Protecci\u00f3n familiar en tiempos de incertidumbre econ\u00f3mica - Universo Fam\u00edlia","description":"En 2025, la pregunta \u201cProtecci\u00f3n familiar en tiempos de incertidumbre econ\u00f3mica\u201d se vuelve m\u00e1s relevante que nunca.","robots":{"index":"index","follow":"follow","max-snippet":"max-snippet:-1","max-image-preview":"max-image-preview:large","max-video-preview":"max-video-preview:-1"},"canonical":"https:\/\/universofamilia.com\/fr\/proteccion-familiar-en-tiempos-de-incertidumbre-economica\/","og_locale":"fr_FR","og_type":"article","og_title":"Protecci\u00f3n familiar en tiempos de incertidumbre econ\u00f3mica - Universo Fam\u00edlia","og_description":"En 2025, la pregunta \u201cProtecci\u00f3n familiar en tiempos de incertidumbre econ\u00f3mica\u201d se vuelve m\u00e1s relevante que nunca.","og_url":"https:\/\/universofamilia.com\/fr\/proteccion-familiar-en-tiempos-de-incertidumbre-economica\/","og_site_name":"Universo Fam\u00edlia","article_published_time":"2025-10-27T16:27:29+00:00","article_modified_time":"2025-10-27T16:27:40+00:00","og_image":[{"width":450,"height":250,"url":"https:\/\/universofamilia.com\/wp-content\/uploads\/sites\/148\/2025\/10\/Destaque-Novo-Universo-25.jpg","type":"image\/jpeg"}],"author":"Matheus Sangaletti","twitter_card":"summary_large_image","twitter_misc":{"Written by":"Matheus Sangaletti","Est. reading time":"8 minutes"},"schema":{"@context":"https:\/\/schema.org","@graph":[{"@type":"WebPage","@id":"https:\/\/universofamilia.com\/el\/proteccion-familiar-en-tiempos-de-incertidumbre-economica\/","url":"https:\/\/universofamilia.com\/el\/proteccion-familiar-en-tiempos-de-incertidumbre-economica\/","name":"Protecci\u00f3n familiar en tiempos de incertidumbre econ\u00f3mica - Universo Fam\u00edlia","isPartOf":{"@id":"https:\/\/universofamilia.com\/el\/#website"},"primaryImageOfPage":{"@id":"https:\/\/universofamilia.com\/el\/proteccion-familiar-en-tiempos-de-incertidumbre-economica\/#primaryimage"},"image":{"@id":"https:\/\/universofamilia.com\/el\/proteccion-familiar-en-tiempos-de-incertidumbre-economica\/#primaryimage"},"thumbnailUrl":"http:\/\/universofamilia.com\/wp-content\/uploads\/sites\/148\/2025\/10\/Destaque-Novo-Universo-25.jpg","datePublished":"2025-10-27T16:27:29+00:00","dateModified":"2025-10-27T16:27:40+00:00","author":{"@id":"https:\/\/universofamilia.com\/el\/#\/schema\/person\/92fcd07e9b1f4323bf74f3170fc0f78a"},"description":"En 2025, la pregunta \u201cProtecci\u00f3n familiar en tiempos de incertidumbre econ\u00f3mica\u201d se vuelve m\u00e1s relevante que nunca.","breadcrumb":{"@id":"https:\/\/universofamilia.com\/el\/proteccion-familiar-en-tiempos-de-incertidumbre-economica\/#breadcrumb"},"inLanguage":"fr-FR","potentialAction":[{"@type":"ReadAction","target":["https:\/\/universofamilia.com\/el\/proteccion-familiar-en-tiempos-de-incertidumbre-economica\/"]}]},{"@type":"ImageObject","inLanguage":"fr-FR","@id":"https:\/\/universofamilia.com\/el\/proteccion-familiar-en-tiempos-de-incertidumbre-economica\/#primaryimage","url":"http:\/\/universofamilia.com\/wp-content\/uploads\/sites\/148\/2025\/10\/Destaque-Novo-Universo-25.jpg","contentUrl":"http:\/\/universofamilia.com\/wp-content\/uploads\/sites\/148\/2025\/10\/Destaque-Novo-Universo-25.jpg","width":450,"height":250},{"@type":"BreadcrumbList","@id":"https:\/\/universofamilia.com\/el\/proteccion-familiar-en-tiempos-de-incertidumbre-economica\/#breadcrumb","itemListElement":[{"@type":"ListItem","position":1,"name":"Home","item":"https:\/\/universofamilia.com\/el\/"},{"@type":"ListItem","position":2,"name":"Protecci\u00f3n familiar en tiempos de incertidumbre econ\u00f3mica"}]},{"@type":"WebSite","@id":"https:\/\/universofamilia.com\/el\/#website","url":"https:\/\/universofamilia.com\/el\/","name":"Universo Fam\u00edlia","description":"","potentialAction":[{"@type":"SearchAction","target":{"@type":"EntryPoint","urlTemplate":"https:\/\/universofamilia.com\/el\/?s={search_term_string}"},"query-input":"required name=search_term_string"}],"inLanguage":"fr-FR"},{"@type":"Person","@id":"https:\/\/universofamilia.com\/el\/#\/schema\/person\/92fcd07e9b1f4323bf74f3170fc0f78a","name":"Matheus Sangaletti","image":{"@type":"ImageObject","inLanguage":"fr-FR","@id":"https:\/\/universofamilia.com\/el\/#\/schema\/person\/image\/","url":"http:\/\/2.gravatar.com\/avatar\/280ea957a14a48e6a1ad2133d2cc27c9?s=96&d=mm&r=g","contentUrl":"http:\/\/2.gravatar.com\/avatar\/280ea957a14a48e6a1ad2133d2cc27c9?s=96&d=mm&r=g","caption":"Matheus Sangaletti"},"url":"http:\/\/universofamilia.com\/fr\/author\/matheuss\/"}]}},"_links":{"self":[{"href":"http:\/\/universofamilia.com\/fr\/wp-json\/wp\/v2\/posts\/10218"}],"collection":[{"href":"http:\/\/universofamilia.com\/fr\/wp-json\/wp\/v2\/posts"}],"about":[{"href":"http:\/\/universofamilia.com\/fr\/wp-json\/wp\/v2\/types\/post"}],"author":[{"embeddable":true,"href":"http:\/\/universofamilia.com\/fr\/wp-json\/wp\/v2\/users\/219"}],"replies":[{"embeddable":true,"href":"http:\/\/universofamilia.com\/fr\/wp-json\/wp\/v2\/comments?post=10218"}],"version-history":[{"count":3,"href":"http:\/\/universofamilia.com\/fr\/wp-json\/wp\/v2\/posts\/10218\/revisions"}],"predecessor-version":[{"id":10224,"href":"http:\/\/universofamilia.com\/fr\/wp-json\/wp\/v2\/posts\/10218\/revisions\/10224"}],"wp:featuredmedia":[{"embeddable":true,"href":"http:\/\/universofamilia.com\/fr\/wp-json\/wp\/v2\/media\/10219"}],"wp:attachment":[{"href":"http:\/\/universofamilia.com\/fr\/wp-json\/wp\/v2\/media?parent=10218"}],"wp:term":[{"taxonomy":"category","embeddable":true,"href":"http:\/\/universofamilia.com\/fr\/wp-json\/wp\/v2\/categories?post=10218"},{"taxonomy":"post_tag","embeddable":true,"href":"http:\/\/universofamilia.com\/fr\/wp-json\/wp\/v2\/tags?post=10218"}],"curies":[{"name":"wp","href":"https:\/\/api.w.org\/{rel}","templated":true}]}}