{"id":10357,"date":"2025-11-20T19:32:48","date_gmt":"2025-11-20T22:32:48","guid":{"rendered":"https:\/\/universofamilia.com\/?p=10357"},"modified":"2025-11-20T19:32:51","modified_gmt":"2025-11-20T22:32:51","slug":"energias-renovables-en-el-mundo-avances-y-desafios-para-2030","status":"publish","type":"post","link":"http:\/\/universofamilia.com\/fr\/energias-renovables-en-el-mundo-avances-y-desafios-para-2030\/","title":{"rendered":"\u00c9nergies renouvelables dans le monde : progr\u00e8s et d\u00e9fis \u00e0 l\u2019horizon 2030"},"content":{"rendered":"<p class=\"has-text-align-center\">Entamez une conversation honn\u00eate sur <strong>\u00c9nergies renouvelables dans le monde : progr\u00e8s et d\u00e9fis \u00e0 l\u2019horizon 2030<\/strong> Cela signifie partir du principe qu&#039;il ne s&#039;agit plus d&#039;une id\u00e9e futuriste, mais d&#039;une priorit\u00e9 mondiale.<\/p>\n\n\n\n<figure class=\"wp-block-gallery aligncenter has-nested-images columns-default is-cropped wp-block-gallery-1 is-layout-flex wp-block-gallery-is-layout-flex\">\n<figure class=\"wp-block-image size-full\"><img loading=\"lazy\" decoding=\"async\" width=\"450\" height=\"250\" data-id=\"10359\" src=\"https:\/\/universofamilia.com\/wp-content\/uploads\/sites\/148\/2025\/11\/Destaque-Novo-Universo-6.jpg\" alt=\"\" class=\"wp-image-10359\" srcset=\"http:\/\/universofamilia.com\/wp-content\/uploads\/sites\/148\/2025\/11\/Destaque-Novo-Universo-6.jpg 450w, http:\/\/universofamilia.com\/wp-content\/uploads\/sites\/148\/2025\/11\/Destaque-Novo-Universo-6-300x167.jpg 300w, http:\/\/universofamilia.com\/wp-content\/uploads\/sites\/148\/2025\/11\/Destaque-Novo-Universo-6-18x10.jpg 18w\" sizes=\"(max-width: 450px) 100vw, 450px\" \/><figcaption class=\"wp-element-caption\">Canva<\/figcaption><\/figure>\n<\/figure>\n\n\n\n<p class=\"has-text-align-center\">Avant d&#039;aller plus loin, il convient de passer en revue un bref r\u00e9sum\u00e9.<\/p>\n\n\n\n<p class=\"has-text-align-center\">Ce qu\u2019implique cette transition, ses avanc\u00e9es les plus remarquables, les obstacles qui persistent, une statistique pertinente, deux exemples actuels, une analogie claire et un tableau qui r\u00e9sume les perspectives \u00e0 l\u2019horizon 2030.<\/p>\n\n\n\n<p class=\"has-text-align-center\">En fin de compte, comment prendre une d\u00e9cision \u00e9clair\u00e9e sans comprendre le point de d\u00e9part ?<\/p>\n\n\n\n<h2 class=\"wp-block-heading\"><strong>La transition \u00e9nerg\u00e9tique qui red\u00e9finit les priorit\u00e9s<\/strong><\/h2>\n\n\n\n<p>Lorsqu&#039;on aborde l&#039;essor mondial des \u00e9nergies renouvelables, une r\u00e9alit\u00e9 s&#039;impose : les gouvernements, les entreprises et les particuliers acc\u00e9l\u00e8rent la transition vers des technologies plus propres.<\/p>\n\n\n\n<p>La logique de ce mouvement n&#039;est pas seulement environnementale ; elle r\u00e9pond \u00e9galement \u00e0 des raisons \u00e9conomiques, sociales et g\u00e9opolitiques.<\/p>\n\n\n\n<p>Chaque pays progresse \u00e0 son propre rythme, m\u00eame si la tendance g\u00e9n\u00e9rale va vers des syst\u00e8mes \u00e9lectriques plus flexibles et moins polluants, capables de r\u00e9pondre \u00e0 une demande croissante.<\/p>\n\n\n\n<p>Le dernier rapport de l&#039;Agence internationale de l&#039;\u00e9nergie (AIE) a confirm\u00e9 que la capacit\u00e9 mondiale d&#039;\u00e9nergie solaire et \u00e9olienne a d\u00e9pass\u00e9 la barre des 901 TP3T de croissance nette de la capacit\u00e9 \u00e9lectrique install\u00e9e en 2023, un point tournant qui fixe la voie jusqu&#039;en 2030.<\/p>\n\n\n\n<p>Ces donn\u00e9es r\u00e9v\u00e8lent une transition d\u00e9j\u00e0 en cours qui influence les investissements, l&#039;emploi et les structures productives.<\/p>\n\n\n\n<h2 class=\"wp-block-heading\"><strong>Le secteur des \u00e9nergies renouvelables comme moteur de l&#039;\u00e9conomie mondiale<\/strong><\/h2>\n\n\n\n<p>Le d\u00e9veloppement des \u00e9nergies propres ne d\u00e9pend pas uniquement de convictions environnementales. Il r\u00e9pond \u00e9galement \u00e0 une comp\u00e9titivit\u00e9 accrue des co\u00fbts.<\/p>\n\n\n\n<p>L\u2019\u00e9nergie solaire photovolta\u00efque, par exemple, est devenue l\u2019option la moins ch\u00e8re pour la production d\u2019\u00e9lectricit\u00e9 dans plus de 60 pays, dont plusieurs pays d\u2019Am\u00e9rique latine.<\/p>\n\n\n\n<p>Cette mutation \u00e9conomique a ouvert la voie \u00e0 de nouveaux mod\u00e8les commerciaux, attir\u00e9 les investisseurs et g\u00e9n\u00e9r\u00e9 des cha\u00eenes de valeur qui n&#039;existaient pas il y a \u00e0 peine plus de dix ans.<\/p>\n\n\n\n<p>Parall\u00e8lement, l&#039;\u00e9nergie \u00e9olienne s&#039;est impos\u00e9e comme un pilier dans les r\u00e9gions riches en ressources naturelles, du nord du Mexique \u00e0 la c\u00f4te atlantique du Br\u00e9sil et au sud de l&#039;Espagne.<\/p>\n\n\n\n<p>Ce sc\u00e9nario d\u00e9montre que la croissance verte n&#039;est pas l&#039;apanage des \u00e9conomies d\u00e9velopp\u00e9es ; elle repr\u00e9sente \u00e9galement une opportunit\u00e9 pour les march\u00e9s \u00e9mergents en qu\u00eate d&#039;une plus grande ind\u00e9pendance \u00e9nerg\u00e9tique.<\/p>\n\n\n\n<h2 class=\"wp-block-heading\"><strong>Un aper\u00e7u des technologies \u00e0 l&#039;origine de la transformation<\/strong><\/h2>\n\n\n\n<p>Les syst\u00e8mes solaires r\u00e9sidentiels et commerciaux se sont multipli\u00e9s dans les villes o\u00f9 les tarifs d&#039;\u00e9lectricit\u00e9 sont en hausse.<\/p>\n\n\n\n<p>Parall\u00e8lement, les batteries au lithium, essentielles au stockage de l&#039;\u00e9nergie, ont vu leur prix baisser de plus de 80% au cours des dix derni\u00e8res ann\u00e9es, permettant aux foyers et aux entreprises d&#039;adopter des solutions hybrides plus fiables.<\/p>\n\n\n\n<p>L\u2019\u00e9nergie \u00e9olienne en mer conna\u00eet \u00e9galement une forte progression, notamment en Europe et en Asie.<\/p>\n\n\n\n<p>Bien que sa mise en \u0153uvre n\u00e9cessite des investissements plus importants, elle offre une production constante et \u00e0 haute capacit\u00e9, facilitant ainsi le remplacement des centrales thermiques \u00e0 combustibles fossiles sans d\u00e9pendre des al\u00e9as climatiques.<\/p>\n\n\n\n<h2 class=\"wp-block-heading\"><strong>Analogie pour visualiser le changement<\/strong><\/h2>\n\n\n\n<p>Imaginez-le comme l&#039;\u00e9volution d&#039;un syst\u00e8me de transport : pendant des d\u00e9cennies, le monde a fonctionn\u00e9 avec un seul type de carburant.<\/p>\n\n\n\n<p>Aujourd&#039;hui, cependant, nous \u00e9voluons vers un r\u00e9seau diversifi\u00e9 o\u00f9 chaque technologie apporte des avantages diff\u00e9rents.<\/p>\n\n\n\n<p>Certains itin\u00e9raires sont plus rapides, d&#039;autres plus stables, et diverses combinaisons permettent d&#039;aller plus loin avec moins de ressources.<\/p>\n\n\n\n<p>La transition \u00e9nerg\u00e9tique fonctionne de mani\u00e8re similaire : de multiples sources travaillent ensemble pour construire un syst\u00e8me plus robuste.<\/p>\n\n\n\n<h2 class=\"wp-block-heading\"><strong>Les v\u00e9ritables d\u00e9fis qui entravent les progr\u00e8s vers 2030<\/strong><\/h2>\n\n\n\n<p>Bien que les progr\u00e8s soient ind\u00e9niables, des obstacles limitant la croissance des \u00e9nergies renouvelables persistent.<\/p>\n\n\n\n<p>Le principal probl\u00e8me r\u00e9side dans l&#039;infrastructure \u00e9lectrique. De nombreux pays d\u00e9pendent de r\u00e9seaux obsol\u00e8tes, incapables d&#039;int\u00e9grer massivement des sources d&#039;\u00e9nergie intermittentes comme l&#039;\u00e9olien ou le solaire.<\/p>\n\n\n\n<p>La modernisation de ces syst\u00e8mes exige des investissements, une vision et une coordination institutionnelle.<\/p>\n\n\n\n<p>Une autre limitation concerne l&#039;acc\u00e8s aux min\u00e9raux critiques.<\/p>\n\n\n\n<p>La demande en lithium, nickel et cuivre augmentera consid\u00e9rablement pour r\u00e9pondre \u00e0 l&#039;expansion des batteries et des technologies vertes.<\/p>\n\n\n\n<p>G\u00e9rer cette extraction de mani\u00e8re socialement et \u00e9cologiquement responsable est devenu un d\u00e9fi mondial.<\/p>\n\n\n\n<p>\u00c0 cela s&#039;ajoute la n\u00e9cessit\u00e9 de professionnaliser la main-d&#039;\u0153uvre.<\/p>\n\n\n\n<p>Les ing\u00e9nieurs, techniciens et op\u00e9rateurs sp\u00e9cialis\u00e9s ne sont pas toujours form\u00e9s au rythme exig\u00e9 par le march\u00e9\u00a0; c\u2019est pourquoi plusieurs pays s\u2019efforcent de renforcer les programmes de formation li\u00e9s au secteur de l\u2019\u00e9nergie.<\/p>\n\n\n\n<h2 class=\"wp-block-heading\"><strong>Tableau comparatif\u00a0: principaux progr\u00e8s accomplis \u00e0 l\u2019horizon 2030<\/strong><\/h2>\n\n\n\n<figure class=\"wp-block-table\"><table><thead><tr><th>R\u00e9gion \/ Indicateur<\/th><th>Principales avanc\u00e9es<\/th><th>Principaux d\u00e9fis<\/th><\/tr><\/thead><tbody><tr><td>l&#039;Am\u00e9rique latine<\/td><td>Potentiel comp\u00e9titif en \u00e9nergie solaire et \u00e9olienne ; projets hybrides en croissance<\/td><td>R\u00e9seaux \u00e9lectriques surcharg\u00e9s ; cadres r\u00e9glementaires incoh\u00e9rents<\/td><\/tr><tr><td>Europe<\/td><td>Leader dans l&#039;\u00e9olien offshore et le stockage<\/td><td>Co\u00fbts de transition \u00e9lev\u00e9s ; d\u00e9pendance aux min\u00e9raux import\u00e9s<\/td><\/tr><tr><td>Asie<\/td><td>D\u00e9veloppement acc\u00e9l\u00e9r\u00e9 des panneaux solaires et des batteries<\/td><td>Pollution urbaine et forte demande \u00e9nerg\u00e9tique<\/td><\/tr><tr><td>Am\u00e9rique du Nord<\/td><td>Incitations fiscales et d\u00e9veloppement technologique<\/td><td>Conflits politiques et retards dans les infrastructures<\/td><\/tr><\/tbody><\/table><figcaption class=\"wp-element-caption\">\u00c9nergies renouvelables dans le monde : progr\u00e8s et d\u00e9fis \u00e0 l\u2019horizon 2030<\/figcaption><\/figure>\n\n\n\n<figure class=\"wp-block-gallery aligncenter has-nested-images columns-default is-cropped wp-block-gallery-2 is-layout-flex wp-block-gallery-is-layout-flex\">\n<figure class=\"wp-block-image size-full\"><img loading=\"lazy\" decoding=\"async\" width=\"450\" height=\"250\" data-id=\"10360\" src=\"https:\/\/universofamilia.com\/wp-content\/uploads\/sites\/148\/2025\/11\/Destaque-Novo-Universo-1-3.jpg\" alt=\"\" class=\"wp-image-10360\" srcset=\"http:\/\/universofamilia.com\/wp-content\/uploads\/sites\/148\/2025\/11\/Destaque-Novo-Universo-1-3.jpg 450w, http:\/\/universofamilia.com\/wp-content\/uploads\/sites\/148\/2025\/11\/Destaque-Novo-Universo-1-3-300x167.jpg 300w, http:\/\/universofamilia.com\/wp-content\/uploads\/sites\/148\/2025\/11\/Destaque-Novo-Universo-1-3-18x10.jpg 18w\" sizes=\"(max-width: 450px) 100vw, 450px\" \/><figcaption class=\"wp-element-caption\">Canva<\/figcaption><\/figure>\n<\/figure>\n\n\n\n<p>En savoir plus:\u00a0<a href=\"http:\/\/universofamilia.com\/fr\/economia-mundial-en-2025-recesion-o-recuperacion\/\">\u00c9conomie mondiale en 2025 : r\u00e9cession ou reprise ?<\/a><\/p>\n\n\n\n<h2 class=\"wp-block-heading\"><strong>Comment les pays acc\u00e9l\u00e8rent la transformation<\/strong><\/h2>\n\n\n\n<p>Pour relever les d\u00e9fis susmentionn\u00e9s, diff\u00e9rents gouvernements ont \u00e9labor\u00e9 des strat\u00e9gies visant \u00e0 concilier croissance et durabilit\u00e9.<\/p>\n\n\n\n<p>Certains pays ont adopt\u00e9 des objectifs de neutralit\u00e9 carbone, ce qui a stimul\u00e9 des projets de production d&#039;\u00e9nergie renouvelable \u00e0 grande \u00e9chelle.<\/p>\n\n\n\n<p>D&#039;autres mesures ont renforc\u00e9 les incitations fiscales, facilitant ainsi l&#039;installation de panneaux solaires par les m\u00e9nages ou la transition des entreprises vers des mod\u00e8les circulaires.<\/p>\n\n\n\n<p>Au Mexique, par exemple, le d\u00e9bat sur la transition \u00e9nerg\u00e9tique a \u00e9t\u00e9 renforc\u00e9 par des investissements dans des parcs solaires et \u00e9oliens dans le nord du pays.<\/p>\n\n\n\n<p>Bien que le cadre r\u00e9glementaire soit encore en discussion, la capacit\u00e9 install\u00e9e d&#039;\u00e9nergies renouvelables continue de progresser, notamment dans les projets priv\u00e9s qui cherchent \u00e0 r\u00e9duire les co\u00fbts d&#039;exploitation.<\/p>\n\n\n\n<h2 class=\"wp-block-heading\"><strong>Exemple 1 : Int\u00e9gration communautaire dans les zones rurales<\/strong><\/h2>\n\n\n\n<p>Dans plusieurs r\u00e9gions d&#039;Am\u00e9rique latine, des communaut\u00e9s isol\u00e9es adoptent des micro-r\u00e9seaux solaires pour garantir un acc\u00e8s constant \u00e0 l&#039;\u00e9lectricit\u00e9.<\/p>\n\n\n\n<p>Ce mod\u00e8le r\u00e9duit la d\u00e9pendance aux g\u00e9n\u00e9rateurs diesel et permet aux \u00e9coles, aux cliniques et aux petites entreprises de fonctionner avec une plus grande stabilit\u00e9.<\/p>\n\n\n\n<p>De plus, les micro-r\u00e9seaux favorisent l&#039;ind\u00e9pendance \u00e9nerg\u00e9tique, un avantage vital dans les zones o\u00f9 les infrastructures publiques sont faibles.<\/p>\n\n\n\n<h2 class=\"wp-block-heading\"><strong>Exemple 2 : Les parcs \u00e9oliens comme moteur industriel<\/strong><\/h2>\n\n\n\n<p>En Europe du Nord, le d\u00e9veloppement de l&#039;\u00e9nergie \u00e9olienne offshore a stimul\u00e9 les p\u00f4les industriels sp\u00e9cialis\u00e9s dans les turbines, les c\u00e2bles sous-marins et les services logistiques.<\/p>\n\n\n\n<p>Les petites et moyennes entreprises ont trouv\u00e9 des opportunit\u00e9s dans cette cha\u00eene de production, d\u00e9montrant ainsi que la transition \u00e9nerg\u00e9tique peut renforcer des r\u00e9gions enti\u00e8res et cr\u00e9er des emplois durables \u00e0 long terme.<\/p>\n\n\n\n<h2 class=\"wp-block-heading\"><strong>Opportunit\u00e9s mondiales \u00e0 l&#039;horizon 2030<\/strong><\/h2>\n\n\n\n<p>L&#039;innovation sera essentielle pour atteindre les objectifs climatiques et accro\u00eetre la part des \u00e9nergies propres. Une croissance soutenue est attendue dans les domaines suivants\u00a0:<\/p>\n\n\n\n<p>R\u00e9seaux intelligents capables d&#039;\u00e9quilibrer l&#039;offre et la demande.<\/p>\n\n\n\n<p>Technologies de l&#039;hydrog\u00e8ne vert pour les proc\u00e9d\u00e9s industriels.<\/p>\n\n\n\n<p>Capture et stockage du carbone dans les secteurs difficiles \u00e0 d\u00e9carboner.<\/p>\n\n\n\n<p>Syst\u00e8mes hybrides int\u00e9grant batteries, panneaux solaires et turbines dans un m\u00eame espace.<\/p>\n\n\n\n<p>Le d\u00e9veloppement de ces solutions permettra \u00e0 la transition \u00e9nerg\u00e9tique de ne plus d\u00e9pendre d&#039;une source unique, mais d&#039;un \u00e9cosyst\u00e8me complet capable de r\u00e9pondre aux besoins futurs.<\/p>\n\n\n\n<h2 class=\"wp-block-heading\"><strong>Conclusion : une vision claire d&#039;un avenir possible<\/strong><\/h2>\n\n\n\n<p>Penser \u00e0 <strong>\u00c9nergies renouvelables dans le monde : progr\u00e8s et d\u00e9fis \u00e0 l\u2019horizon 2030<\/strong> Il s&#039;agit de r\u00e9fl\u00e9chir aux d\u00e9cisions qui fa\u00e7onnent d\u00e9j\u00e0 l&#039;\u00e9conomie mondiale et le bien-\u00eatre.<\/p>\n\n\n\n<p>Les opportunit\u00e9s se multiplient, m\u00eame si elles n\u00e9cessitent planification, investissement et collaboration.<\/p>\n\n\n\n<p>La transition ne sera ni homog\u00e8ne ni imm\u00e9diate, mais elle progresse \u00e0 une vitesse qui marque un avant et un apr\u00e8s dans l&#039;histoire de l&#039;\u00e9nergie.<\/p>\n\n\n\n<p>Le d\u00e9fi n&#039;est pas seulement de produire de l&#039;\u00e9lectricit\u00e9 propre, mais aussi de construire des syst\u00e8mes capables de la fournir durablement pendant des d\u00e9cennies.<\/p>\n\n\n\n<p>En savoir plus:\u00a0<a href=\"http:\/\/universofamilia.com\/fr\/descubrimientos-cientificos-que-cambiaran-el-futuro\/\">D\u00e9couvertes scientifiques qui changeront l&#039;avenir<\/a><\/p>\n\n\n\n<h2 class=\"wp-block-heading\"><strong>Questions fr\u00e9quemment pos\u00e9es<\/strong><\/h2>\n\n\n\n<p><strong>Les \u00e9nergies renouvelables peuvent-elles satisfaire toute la demande mondiale\u00a0?<\/strong><\/p>\n\n\n\n<p><br>Pas encore, m\u00eame si l&#039;AIE pr\u00e9voit que plus de 501 TP3 Tb de la nouvelle production mondiale d&#039;\u00e9lectricit\u00e9 en 2030 proviendra de sources renouvelables.<\/p>\n\n\n\n<p>La combinaison technologique sera essentielle.<\/p>\n\n\n\n<p><strong>Le stockage d&#039;\u00e9nergie est-il suffisamment fiable ?<\/strong><\/p>\n\n\n\n<p><br>Oui, m\u00eame si la situation continue de s&#039;am\u00e9liorer. Les batteries actuelles offrent une dur\u00e9e de vie plus longue et des co\u00fbts moindres, et les nouveaux syst\u00e8mes \u00e0 hydrog\u00e8ne pourraient compl\u00e9ter ces performances.<\/p>\n\n\n\n<p><strong>La transition \u00e9nerg\u00e9tique entra\u00eene-t-elle une hausse des prix de l&#039;\u00e9lectricit\u00e9\u00a0?<\/strong><\/p>\n\n\n\n<p><br>Cela d\u00e9pend du pays. Dans de nombreux cas, les \u00e9nergies renouvelables permettent de r\u00e9duire les co\u00fbts \u00e0 moyen terme car elles offrent des tarifs plus stables que les \u00e9nergies fossiles.<\/p>\n\n\n\n<p><strong>Les pays en d\u00e9veloppement peuvent-ils adopter rapidement les \u00e9nergies propres\u00a0?<\/strong><\/p>\n\n\n\n<p><br>Ils peuvent y parvenir, notamment dans les r\u00e9gions b\u00e9n\u00e9ficiant d&#039;un fort ensoleillement ou de vents constants. Toutefois, ils doivent moderniser les r\u00e9seaux et mettre en place des cadres r\u00e9glementaires clairs.<\/p>","protected":false},"excerpt":{"rendered":"<p>Entamer un dialogue franc sur les \u00e9nergies renouvelables \u00e0 l&#039;\u00e9chelle mondiale \u2013 progr\u00e8s et d\u00e9fis \u00e0 relever d&#039;ici 2030 \u2013 implique de reconna\u00eetre qu&#039;il ne s&#039;agit plus d&#039;une id\u00e9e futuriste, mais d&#039;une priorit\u00e9 mondiale. Avant d&#039;aller plus loin, un bref r\u00e9sum\u00e9 s&#039;impose. En quoi consiste cette transition\u00a0? Quelles sont ses avanc\u00e9es les plus significatives\u00a0? Quels obstacles persistent\u00a0? Quelles sont les statistiques pertinentes\u00a0? Existe-t-il deux exemples concrets\u00a0? [\u2026]<\/p>","protected":false},"author":219,"featured_media":10358,"comment_status":"closed","ping_status":"open","sticky":false,"template":"","format":"standard","meta":{"footnotes":""},"categories":[4],"tags":[],"yoast_head":"<!-- This site is optimized with the Yoast SEO plugin v23.3 - https:\/\/yoast.com\/wordpress\/plugins\/seo\/ -->\n<title>Energ\u00edas renovables en el mundo: avances y desaf\u00edos para 2030 - Universo Fam\u00edlia<\/title>\n<meta name=\"description\" content=\"Iniciar una conversaci\u00f3n honesta sobre Energ\u00edas renovables en el mundo: avances y desaf\u00edos para 2030 significa asumir que ya no son una...\" \/>\n<meta name=\"robots\" content=\"index, follow, max-snippet:-1, max-image-preview:large, max-video-preview:-1\" \/>\n<link rel=\"canonical\" href=\"http:\/\/universofamilia.com\/fr\/energias-renovables-en-el-mundo-avances-y-desafios-para-2030\/\" \/>\n<meta property=\"og:locale\" content=\"fr_FR\" \/>\n<meta property=\"og:type\" content=\"article\" \/>\n<meta property=\"og:title\" content=\"Energ\u00edas renovables en el mundo: avances y desaf\u00edos para 2030 - Universo Fam\u00edlia\" \/>\n<meta property=\"og:description\" content=\"Iniciar una conversaci\u00f3n honesta sobre Energ\u00edas renovables en el mundo: avances y desaf\u00edos para 2030 significa asumir que ya no son una...\" \/>\n<meta property=\"og:url\" content=\"http:\/\/universofamilia.com\/fr\/energias-renovables-en-el-mundo-avances-y-desafios-para-2030\/\" \/>\n<meta property=\"og:site_name\" content=\"Universo Fam\u00edlia\" \/>\n<meta property=\"article:published_time\" content=\"2025-11-20T22:32:48+00:00\" \/>\n<meta property=\"article:modified_time\" content=\"2025-11-20T22:32:51+00:00\" \/>\n<meta property=\"og:image\" content=\"http:\/\/universofamilia.com\/wp-content\/uploads\/sites\/148\/2025\/11\/Destaque-Novo-Universo-5.jpg\" \/>\n\t<meta property=\"og:image:width\" content=\"450\" \/>\n\t<meta property=\"og:image:height\" content=\"250\" \/>\n\t<meta property=\"og:image:type\" content=\"image\/jpeg\" \/>\n<meta name=\"author\" content=\"Matheus Sangaletti\" \/>\n<meta name=\"twitter:card\" content=\"summary_large_image\" \/>\n<meta name=\"twitter:label1\" content=\"Written by\" \/>\n\t<meta name=\"twitter:data1\" content=\"Matheus Sangaletti\" \/>\n\t<meta name=\"twitter:label2\" content=\"Est. reading time\" \/>\n\t<meta name=\"twitter:data2\" content=\"8 minutes\" \/>\n<script type=\"application\/ld+json\" class=\"yoast-schema-graph\">{\"@context\":\"https:\/\/schema.org\",\"@graph\":[{\"@type\":\"WebPage\",\"@id\":\"http:\/\/universofamilia.com\/ar\/energias-renovables-en-el-mundo-avances-y-desafios-para-2030\/\",\"url\":\"http:\/\/universofamilia.com\/ar\/energias-renovables-en-el-mundo-avances-y-desafios-para-2030\/\",\"name\":\"Energ\u00edas renovables en el mundo: avances y desaf\u00edos para 2030 - Universo Fam\u00edlia\",\"isPartOf\":{\"@id\":\"https:\/\/universofamilia.com\/el\/#website\"},\"primaryImageOfPage\":{\"@id\":\"http:\/\/universofamilia.com\/ar\/energias-renovables-en-el-mundo-avances-y-desafios-para-2030\/#primaryimage\"},\"image\":{\"@id\":\"http:\/\/universofamilia.com\/ar\/energias-renovables-en-el-mundo-avances-y-desafios-para-2030\/#primaryimage\"},\"thumbnailUrl\":\"http:\/\/universofamilia.com\/wp-content\/uploads\/sites\/148\/2025\/11\/Destaque-Novo-Universo-5.jpg\",\"datePublished\":\"2025-11-20T22:32:48+00:00\",\"dateModified\":\"2025-11-20T22:32:51+00:00\",\"author\":{\"@id\":\"https:\/\/universofamilia.com\/el\/#\/schema\/person\/92fcd07e9b1f4323bf74f3170fc0f78a\"},\"description\":\"Iniciar una conversaci\u00f3n honesta sobre Energ\u00edas renovables en el mundo: avances y desaf\u00edos para 2030 significa asumir que ya no son una...\",\"breadcrumb\":{\"@id\":\"http:\/\/universofamilia.com\/ar\/energias-renovables-en-el-mundo-avances-y-desafios-para-2030\/#breadcrumb\"},\"inLanguage\":\"fr-FR\",\"potentialAction\":[{\"@type\":\"ReadAction\",\"target\":[\"http:\/\/universofamilia.com\/ar\/energias-renovables-en-el-mundo-avances-y-desafios-para-2030\/\"]}]},{\"@type\":\"ImageObject\",\"inLanguage\":\"fr-FR\",\"@id\":\"http:\/\/universofamilia.com\/ar\/energias-renovables-en-el-mundo-avances-y-desafios-para-2030\/#primaryimage\",\"url\":\"http:\/\/universofamilia.com\/wp-content\/uploads\/sites\/148\/2025\/11\/Destaque-Novo-Universo-5.jpg\",\"contentUrl\":\"http:\/\/universofamilia.com\/wp-content\/uploads\/sites\/148\/2025\/11\/Destaque-Novo-Universo-5.jpg\",\"width\":450,\"height\":250},{\"@type\":\"BreadcrumbList\",\"@id\":\"http:\/\/universofamilia.com\/ar\/energias-renovables-en-el-mundo-avances-y-desafios-para-2030\/#breadcrumb\",\"itemListElement\":[{\"@type\":\"ListItem\",\"position\":1,\"name\":\"Home\",\"item\":\"https:\/\/universofamilia.com\/el\/\"},{\"@type\":\"ListItem\",\"position\":2,\"name\":\"Energ\u00edas renovables en el mundo: avances y desaf\u00edos para 2030\"}]},{\"@type\":\"WebSite\",\"@id\":\"https:\/\/universofamilia.com\/el\/#website\",\"url\":\"https:\/\/universofamilia.com\/el\/\",\"name\":\"Universo Fam\u00edlia\",\"description\":\"\",\"potentialAction\":[{\"@type\":\"SearchAction\",\"target\":{\"@type\":\"EntryPoint\",\"urlTemplate\":\"https:\/\/universofamilia.com\/el\/?s={search_term_string}\"},\"query-input\":\"required name=search_term_string\"}],\"inLanguage\":\"fr-FR\"},{\"@type\":\"Person\",\"@id\":\"https:\/\/universofamilia.com\/el\/#\/schema\/person\/92fcd07e9b1f4323bf74f3170fc0f78a\",\"name\":\"Matheus Sangaletti\",\"image\":{\"@type\":\"ImageObject\",\"inLanguage\":\"fr-FR\",\"@id\":\"https:\/\/universofamilia.com\/el\/#\/schema\/person\/image\/\",\"url\":\"http:\/\/2.gravatar.com\/avatar\/280ea957a14a48e6a1ad2133d2cc27c9?s=96&d=mm&r=g\",\"contentUrl\":\"http:\/\/2.gravatar.com\/avatar\/280ea957a14a48e6a1ad2133d2cc27c9?s=96&d=mm&r=g\",\"caption\":\"Matheus Sangaletti\"},\"url\":\"http:\/\/universofamilia.com\/fr\/author\/matheuss\/\"}]}<\/script>\n<!-- \/ Yoast SEO plugin. -->","yoast_head_json":{"title":"Energ\u00edas renovables en el mundo: avances y desaf\u00edos para 2030 - Universo Fam\u00edlia","description":"Iniciar una conversaci\u00f3n honesta sobre Energ\u00edas renovables en el mundo: avances y desaf\u00edos para 2030 significa asumir que ya no son una...","robots":{"index":"index","follow":"follow","max-snippet":"max-snippet:-1","max-image-preview":"max-image-preview:large","max-video-preview":"max-video-preview:-1"},"canonical":"http:\/\/universofamilia.com\/fr\/energias-renovables-en-el-mundo-avances-y-desafios-para-2030\/","og_locale":"fr_FR","og_type":"article","og_title":"Energ\u00edas renovables en el mundo: avances y desaf\u00edos para 2030 - Universo Fam\u00edlia","og_description":"Iniciar una conversaci\u00f3n honesta sobre Energ\u00edas renovables en el mundo: avances y desaf\u00edos para 2030 significa asumir que ya no son una...","og_url":"http:\/\/universofamilia.com\/fr\/energias-renovables-en-el-mundo-avances-y-desafios-para-2030\/","og_site_name":"Universo Fam\u00edlia","article_published_time":"2025-11-20T22:32:48+00:00","article_modified_time":"2025-11-20T22:32:51+00:00","og_image":[{"width":450,"height":250,"url":"http:\/\/universofamilia.com\/wp-content\/uploads\/sites\/148\/2025\/11\/Destaque-Novo-Universo-5.jpg","type":"image\/jpeg"}],"author":"Matheus Sangaletti","twitter_card":"summary_large_image","twitter_misc":{"Written by":"Matheus Sangaletti","Est. reading time":"8 minutes"},"schema":{"@context":"https:\/\/schema.org","@graph":[{"@type":"WebPage","@id":"http:\/\/universofamilia.com\/ar\/energias-renovables-en-el-mundo-avances-y-desafios-para-2030\/","url":"http:\/\/universofamilia.com\/ar\/energias-renovables-en-el-mundo-avances-y-desafios-para-2030\/","name":"Energ\u00edas renovables en el mundo: avances y desaf\u00edos para 2030 - Universo Fam\u00edlia","isPartOf":{"@id":"https:\/\/universofamilia.com\/el\/#website"},"primaryImageOfPage":{"@id":"http:\/\/universofamilia.com\/ar\/energias-renovables-en-el-mundo-avances-y-desafios-para-2030\/#primaryimage"},"image":{"@id":"http:\/\/universofamilia.com\/ar\/energias-renovables-en-el-mundo-avances-y-desafios-para-2030\/#primaryimage"},"thumbnailUrl":"http:\/\/universofamilia.com\/wp-content\/uploads\/sites\/148\/2025\/11\/Destaque-Novo-Universo-5.jpg","datePublished":"2025-11-20T22:32:48+00:00","dateModified":"2025-11-20T22:32:51+00:00","author":{"@id":"https:\/\/universofamilia.com\/el\/#\/schema\/person\/92fcd07e9b1f4323bf74f3170fc0f78a"},"description":"Iniciar una conversaci\u00f3n honesta sobre Energ\u00edas renovables en el mundo: avances y desaf\u00edos para 2030 significa asumir que ya no son una...","breadcrumb":{"@id":"http:\/\/universofamilia.com\/ar\/energias-renovables-en-el-mundo-avances-y-desafios-para-2030\/#breadcrumb"},"inLanguage":"fr-FR","potentialAction":[{"@type":"ReadAction","target":["http:\/\/universofamilia.com\/ar\/energias-renovables-en-el-mundo-avances-y-desafios-para-2030\/"]}]},{"@type":"ImageObject","inLanguage":"fr-FR","@id":"http:\/\/universofamilia.com\/ar\/energias-renovables-en-el-mundo-avances-y-desafios-para-2030\/#primaryimage","url":"http:\/\/universofamilia.com\/wp-content\/uploads\/sites\/148\/2025\/11\/Destaque-Novo-Universo-5.jpg","contentUrl":"http:\/\/universofamilia.com\/wp-content\/uploads\/sites\/148\/2025\/11\/Destaque-Novo-Universo-5.jpg","width":450,"height":250},{"@type":"BreadcrumbList","@id":"http:\/\/universofamilia.com\/ar\/energias-renovables-en-el-mundo-avances-y-desafios-para-2030\/#breadcrumb","itemListElement":[{"@type":"ListItem","position":1,"name":"Home","item":"https:\/\/universofamilia.com\/el\/"},{"@type":"ListItem","position":2,"name":"Energ\u00edas renovables en el mundo: avances y desaf\u00edos para 2030"}]},{"@type":"WebSite","@id":"https:\/\/universofamilia.com\/el\/#website","url":"https:\/\/universofamilia.com\/el\/","name":"Universo Fam\u00edlia","description":"","potentialAction":[{"@type":"SearchAction","target":{"@type":"EntryPoint","urlTemplate":"https:\/\/universofamilia.com\/el\/?s={search_term_string}"},"query-input":"required name=search_term_string"}],"inLanguage":"fr-FR"},{"@type":"Person","@id":"https:\/\/universofamilia.com\/el\/#\/schema\/person\/92fcd07e9b1f4323bf74f3170fc0f78a","name":"Matheus Sangaletti","image":{"@type":"ImageObject","inLanguage":"fr-FR","@id":"https:\/\/universofamilia.com\/el\/#\/schema\/person\/image\/","url":"http:\/\/2.gravatar.com\/avatar\/280ea957a14a48e6a1ad2133d2cc27c9?s=96&d=mm&r=g","contentUrl":"http:\/\/2.gravatar.com\/avatar\/280ea957a14a48e6a1ad2133d2cc27c9?s=96&d=mm&r=g","caption":"Matheus Sangaletti"},"url":"http:\/\/universofamilia.com\/fr\/author\/matheuss\/"}]}},"_links":{"self":[{"href":"http:\/\/universofamilia.com\/fr\/wp-json\/wp\/v2\/posts\/10357"}],"collection":[{"href":"http:\/\/universofamilia.com\/fr\/wp-json\/wp\/v2\/posts"}],"about":[{"href":"http:\/\/universofamilia.com\/fr\/wp-json\/wp\/v2\/types\/post"}],"author":[{"embeddable":true,"href":"http:\/\/universofamilia.com\/fr\/wp-json\/wp\/v2\/users\/219"}],"replies":[{"embeddable":true,"href":"http:\/\/universofamilia.com\/fr\/wp-json\/wp\/v2\/comments?post=10357"}],"version-history":[{"count":1,"href":"http:\/\/universofamilia.com\/fr\/wp-json\/wp\/v2\/posts\/10357\/revisions"}],"predecessor-version":[{"id":10361,"href":"http:\/\/universofamilia.com\/fr\/wp-json\/wp\/v2\/posts\/10357\/revisions\/10361"}],"wp:featuredmedia":[{"embeddable":true,"href":"http:\/\/universofamilia.com\/fr\/wp-json\/wp\/v2\/media\/10358"}],"wp:attachment":[{"href":"http:\/\/universofamilia.com\/fr\/wp-json\/wp\/v2\/media?parent=10357"}],"wp:term":[{"taxonomy":"category","embeddable":true,"href":"http:\/\/universofamilia.com\/fr\/wp-json\/wp\/v2\/categories?post=10357"},{"taxonomy":"post_tag","embeddable":true,"href":"http:\/\/universofamilia.com\/fr\/wp-json\/wp\/v2\/tags?post=10357"}],"curies":[{"name":"wp","href":"https:\/\/api.w.org\/{rel}","templated":true}]}}