{"id":10464,"date":"2025-12-26T12:09:03","date_gmt":"2025-12-26T15:09:03","guid":{"rendered":"https:\/\/universofamilia.com\/?p=10464"},"modified":"2025-12-26T12:09:05","modified_gmt":"2025-12-26T15:09:05","slug":"las-preguntas-de-entrevista-mas-comunes-de-2025","status":"publish","type":"post","link":"http:\/\/universofamilia.com\/fr\/las-preguntas-de-entrevista-mas-comunes-de-2025\/","title":{"rendered":"Les questions d&#039;entretien les plus courantes en 2025"},"content":{"rendered":"<p class=\"has-text-align-center\"><strong>Les questions d&#039;entretien les plus courantes en 2025<\/strong> Elles refl\u00e8tent un march\u00e9 du travail plus num\u00e9rique, plus humain et plus strat\u00e9gique que jamais.<\/p>\n\n\n\n<figure class=\"wp-block-gallery has-nested-images columns-default is-cropped wp-block-gallery-1 is-layout-flex wp-block-gallery-is-layout-flex\">\n<figure class=\"wp-block-image size-full\"><img loading=\"lazy\" decoding=\"async\" width=\"450\" height=\"250\" data-id=\"10465\" src=\"https:\/\/universofamilia.com\/wp-content\/uploads\/sites\/148\/2025\/12\/Destaque-Novo-Universo-18.jpg\" alt=\"\" class=\"wp-image-10465\" srcset=\"http:\/\/universofamilia.com\/wp-content\/uploads\/sites\/148\/2025\/12\/Destaque-Novo-Universo-18.jpg 450w, http:\/\/universofamilia.com\/wp-content\/uploads\/sites\/148\/2025\/12\/Destaque-Novo-Universo-18-300x167.jpg 300w, http:\/\/universofamilia.com\/wp-content\/uploads\/sites\/148\/2025\/12\/Destaque-Novo-Universo-18-18x10.jpg 18w\" sizes=\"(max-width: 450px) 100vw, 450px\" \/><figcaption class=\"wp-element-caption\">Les questions d&#039;entretien les plus courantes en 2025<\/figcaption><\/figure>\n<\/figure>\n\n\n\n<p class=\"has-text-align-center\">Dans un contexte o\u00f9 coexistent processus virtuels, intelligence artificielle dans le recrutement et \u00e9quipes mondiales, les entretiens ne se concentrent plus uniquement sur le CV.<\/p>\n\n\n\n<p class=\"has-text-align-center\">Aujourd&#039;hui, ils \u00e9valuent l&#039;esprit critique, l&#039;adaptabilit\u00e9 et la constance professionnelle.<\/p>\n\n\n\n<p>Avant de poursuivre, voici un bref r\u00e9sum\u00e9 pour guider votre lecture\u00a0: comment l\u2019approche des entretiens a \u00e9volu\u00e9 en 2025, ce que les entreprises recherchent r\u00e9ellement et les cat\u00e9gories de questions les plus fr\u00e9quemment pos\u00e9es.<\/p>\n\n\n\n<p>Comment r\u00e9pondre sans para\u00eetre g\u00e9n\u00e9rique\u00a0? Une statistique pertinente, deux exemples concrets, une analogie claire, un tableau pratique et une s\u00e9rie de questions fr\u00e9quemment pos\u00e9es.<\/p>\n\n\n\n<h2 class=\"wp-block-heading\"><strong>Pourquoi les entretiens d&#039;embauche ont-ils autant chang\u00e9 en 2025 ?<\/strong><\/h2>\n\n\n\n<p>La transformation du travail a acc\u00e9l\u00e9r\u00e9 une profonde \u00e9volution des processus de s\u00e9lection.<\/p>\n\n\n\n<p>L\u2019automatisation, le t\u00e9l\u00e9travail et la p\u00e9nurie de talents sp\u00e9cialis\u00e9s ont contraint les entreprises \u00e0 affiner leurs questions.<\/p>\n\n\n\n<p>Il ne suffit plus de confirmer l&#039;exp\u00e9rience ; il est d\u00e9sormais important de comprendre comment vous pensez, d\u00e9cidez et vous adaptez.<\/p>\n\n\n\n<p>Selon le <strong>Rapport du Forum \u00e9conomique mondial sur l&#039;avenir de l&#039;emploi<\/strong>Les comp\u00e9tences relationnelles, la capacit\u00e9 d&#039;apprendre en continu et l&#039;aptitude \u00e0 r\u00e9soudre des probl\u00e8mes complexes figurent parmi les qualit\u00e9s les plus recherch\u00e9es par les employeurs du monde entier.<\/p>\n\n\n\n<p>Cette tendance explique pourquoi les entretiens d&#039;embauche actuels approfondissent davantage les comportements et les crit\u00e8res personnels.<\/p>\n\n\n\n<h2 class=\"wp-block-heading\"><strong>Ce que les recruteurs recherchent vraiment aujourd&#039;hui<\/strong><\/h2>\n\n\n\n<p>Derri\u00e8re chaque question se cache une intention claire. Le recruteur recherche une coh\u00e9rence entre vos propos, votre exp\u00e9rience et votre potentiel.<\/p>\n\n\n\n<p>Il fait \u00e9galement preuve de clart\u00e9 dans la communication de ses id\u00e9es, dans la gestion de la pression et d&#039;une honn\u00eatet\u00e9 professionnelle.<\/p>\n\n\n\n<p>Bien r\u00e9pondre ne signifie pas m\u00e9moriser des phrases, mais plut\u00f4t comprendre le sens de chaque affirmation. Une fois cette logique identifi\u00e9e, votre discours devient plus naturel et cr\u00e9dible.<\/p>\n\n\n\n<h2 class=\"wp-block-heading\"><strong>Questions sur le parcours professionnel<\/strong><\/h2>\n\n\n\n<p>L&#039;exp\u00e9rience demeure un crit\u00e8re primordial, bien que son importance ait \u00e9volu\u00e9. Le poste occup\u00e9 pr\u00e9c\u00e9demment n&#039;est plus le seul facteur d\u00e9terminant\u00a0; c&#039;est l&#039;impact g\u00e9n\u00e9r\u00e9 qui compte d\u00e9sormais.<\/p>\n\n\n\n<p>Des questions comme celles-ci apparaissent ici\u00a0:<\/p>\n\n\n\n<ul>\n<li>Parlez-moi de votre exp\u00e9rience la plus pertinente pour ce poste.<\/li>\n\n\n\n<li>Qu\u2019avez-vous appris dans votre dernier poste que vous pourriez mieux appliquer aujourd\u2019hui\u00a0?<\/li>\n<\/ul>\n\n\n\n<p>L&#039;accent est mis sur l&#039;apprentissage et l&#039;\u00e9volution, et non sur une liste de fonctions.<\/p>\n\n\n\n<h3 class=\"wp-block-heading\"><strong>Exemple 1<\/strong><\/h3>\n\n\n\n<p>Une analyste de donn\u00e9es a expliqu\u00e9 comment elle est pass\u00e9e de la production de rapports \u00e0 la proposition d&#039;am\u00e9liorations commerciales bas\u00e9es sur des analyses approfondies.<\/p>\n\n\n\n<p>Ce r\u00e9cit illustrait la croissance, l&#039;initiative et l&#039;alignement avec les objectifs commerciaux.<\/p>\n\n\n\n<h2 class=\"wp-block-heading\"><strong>Questions relatives aux comp\u00e9tences et aptitudes cl\u00e9s<\/strong><\/h2>\n\n\n\n<p>D\u2019ici 2025, les entreprises privil\u00e9gieront les comp\u00e9tences transf\u00e9rables. C\u2019est pourquoi des questions ax\u00e9es sur des situations concr\u00e8tes, et non sur des th\u00e9ories, \u00e9mergent.<\/p>\n\n\n\n<p>Voici quelques exemples parmi les plus courants\u00a0:<\/p>\n\n\n\n<ul>\n<li>Comment g\u00e9rez-vous un changement inattendu de vos priorit\u00e9s ?<\/li>\n\n\n\n<li>D\u00e9crivez une situation o\u00f9 vous avez d\u00fb apprendre quelque chose de nouveau rapidement.<\/li>\n<\/ul>\n\n\n\n<p>Ce type de question permet de mesurer l&#039;adaptabilit\u00e9 et un \u00e9tat d&#039;esprit de croissance.<\/p>\n\n\n\n<h2 class=\"wp-block-heading\"><strong>\u00c9valuation des comp\u00e9tences num\u00e9riques et travail \u00e0 distance<\/strong><\/h2>\n\n\n\n<p>La ma\u00eetrise des outils technologiques n&#039;est plus l&#039;apanage des profils techniques. Presque tous les m\u00e9tiers requi\u00e8rent une aisance num\u00e9rique et une communication \u00e0 distance efficace.<\/p>\n\n\n\n<p>C\u2019est pourquoi les questions relatives \u00e0 l\u2019organisation, \u00e0 la collaboration virtuelle et \u00e0 l\u2019autonomie sont fr\u00e9quentes. Les recruteurs ne recherchent pas des experts en logiciels, mais plut\u00f4t des professionnels fonctionnels \u00e9voluant dans des environnements num\u00e9riques.<\/p>\n\n\n\n<h2 class=\"wp-block-heading\"><strong>Questions sur la culture et les valeurs<\/strong><\/h2>\n\n\n\n<p>Les entreprises ont constat\u00e9 que recruter uniquement sur la base de comp\u00e9tences techniques engendre des tensions \u00e0 long terme. Par cons\u00e9quent, la compatibilit\u00e9 culturelle est devenue plus importante.<\/p>\n\n\n\n<p>Des questions telles que \u00ab Qu\u2019est-ce que vous appr\u00e9ciez dans une \u00e9quipe de travail ? \u00bb ou \u00ab Quel type de leadership vous motive ? \u00bb r\u00e9v\u00e8lent les attentes, les limites et le style professionnel.<\/p>\n\n\n\n<p>R\u00e9pondre honn\u00eatement est plus efficace que d&#039;essayer de plaire.<\/p>\n\n\n\n<h2 class=\"wp-block-heading\"><strong>La question qui revient presque toujours<\/strong><\/h2>\n\n\n\n<p>Entre <strong>Les questions d&#039;entretien les plus courantes en 2025<\/strong>Il en existe une qui reste valable, bien qu&#039;avec des nuances\u00a0:<br><strong>Quels sont vos points forts et vos axes d&#039;am\u00e9lioration ?<\/strong><\/p>\n\n\n\n<p>L&#039;essentiel, c&#039;est l&#039;\u00e9quilibre. Reconna\u00eetre une r\u00e9elle faiblesse, et prendre des mesures concr\u00e8tes pour y rem\u00e9dier, t\u00e9moigne de maturit\u00e9 et de conscience de soi.<\/p>\n\n\n\n<p>\u00c9viter les r\u00e9ponses pr\u00e9par\u00e9es \u00e0 l&#039;avance fait toute la diff\u00e9rence.<\/p>\n\n\n\n<h2 class=\"wp-block-heading\"><strong>Questions sur la r\u00e9solution de probl\u00e8mes<\/strong><\/h2>\n\n\n\n<p>Les organisations recherchent des personnes capables d&#039;analyser, de d\u00e9cider et d&#039;agir. C&#039;est pourquoi les entretiens comprennent des sc\u00e9narios hypoth\u00e9tiques ou des retours sur des exp\u00e9riences pass\u00e9es.<\/p>\n\n\n\n<p>Il n&#039;y a pas de r\u00e9ponse unique. L&#039;important est d&#039;expliquer votre raisonnement, les alternatives que vous avez envisag\u00e9es et le r\u00e9sultat obtenu. Ce processus r\u00e9v\u00e8le votre mode de pens\u00e9e.<\/p>\n\n\n\n<h3 class=\"wp-block-heading\"><strong>Exemple 2<\/strong><\/h3>\n\n\n\n<p>Un jeune cadre a racont\u00e9 comment il avait r\u00e9solu un conflit interd\u00e9partemental en privil\u00e9giant les donn\u00e9es, le dialogue et des accords clairs. Plus que la solution finale, il a insist\u00e9 sur son approche structur\u00e9e et empathique.<\/p>\n\n\n\n<h2 class=\"wp-block-heading\"><strong>Questions relatives \u00e0 la motivation et au but<\/strong><\/h2>\n\n\n\n<p>Dans un march\u00e9 du travail \u00e0 fort taux de rotation, les entreprises cherchent \u00e0 comprendre pourquoi ce poste vous int\u00e9resse.<\/p>\n\n\n\n<p>Des questions comme \u00ab Qu\u2019est-ce qui vous motive dans ce r\u00f4le ? \u00bb ou \u00ab O\u00f9 vous voyez-vous dans trois ans ? \u00bb permettent d\u2019appr\u00e9hender les attentes et l\u2019engagement.<\/p>\n\n\n\n<p>R\u00e9pondre en mettant l&#039;accent sur l&#039;objectif professionnel, et pas seulement sur le salaire, permet de cr\u00e9er un lien plus fort avec l&#039;intervieweur.<\/p>\n\n\n\n<h2 class=\"wp-block-heading\"><strong>L&#039;analogie qui permet de comprendre le processus<\/strong><\/h2>\n\n\n\n<p>R\u00e9pondre \u00e0 un entretien en 2025 sera comme <strong>navigation GPS<\/strong>.<\/p>\n\n\n\n<p>La destination est claire, mais la v\u00e9ritable valeur r\u00e9side dans la mani\u00e8re dont vous choisissez l&#039;itin\u00e9raire, dont vous r\u00e9agissez aux d\u00e9tours et dont vous \u00eates conscient du chemin parcouru.<\/p>\n\n\n\n<h2 class=\"wp-block-heading\"><strong>Tableau : Types de questions les plus fr\u00e9quents en 2025<\/strong><\/h2>\n\n\n\n<figure class=\"wp-block-table\"><table><thead><tr><th>Type de question<\/th><th>Ce qu&#039;il \u00e9value principalement<\/th><\/tr><\/thead><tbody><tr><td>carri\u00e8re professionnelle<\/td><td>\u00c9volution et apprentissage<\/td><\/tr><tr><td>Comp\u00e9tences<\/td><td>Adaptabilit\u00e9 et comp\u00e9tences relationnelles<\/td><\/tr><tr><td>Num\u00e9rique et \u00e0 distance<\/td><td>Autonomie et organisation<\/td><\/tr><tr><td>Culture et valeurs<\/td><td>Compatibilit\u00e9 de l&#039;entreprise<\/td><\/tr><tr><td>R\u00e9solution de probl\u00e8mes<\/td><td>Pens\u00e9e critique<\/td><\/tr><\/tbody><\/table><figcaption class=\"wp-element-caption\">Les questions d&#039;entretien les plus courantes en 2025<\/figcaption><\/figure>\n\n\n\n<figure class=\"wp-block-gallery has-nested-images columns-default is-cropped wp-block-gallery-2 is-layout-flex wp-block-gallery-is-layout-flex\">\n<figure class=\"wp-block-image size-full\"><img loading=\"lazy\" decoding=\"async\" width=\"450\" height=\"250\" data-id=\"10467\" src=\"https:\/\/universofamilia.com\/wp-content\/uploads\/sites\/148\/2025\/12\/Destaque-Novo-Universo-19.jpg\" alt=\"\" class=\"wp-image-10467\" srcset=\"http:\/\/universofamilia.com\/wp-content\/uploads\/sites\/148\/2025\/12\/Destaque-Novo-Universo-19.jpg 450w, http:\/\/universofamilia.com\/wp-content\/uploads\/sites\/148\/2025\/12\/Destaque-Novo-Universo-19-300x167.jpg 300w, http:\/\/universofamilia.com\/wp-content\/uploads\/sites\/148\/2025\/12\/Destaque-Novo-Universo-19-18x10.jpg 18w\" sizes=\"(max-width: 450px) 100vw, 450px\" \/><figcaption class=\"wp-element-caption\">Les questions d&#039;entretien les plus courantes en 2025<\/figcaption><\/figure>\n<\/figure>\n\n\n\n<p>En savoir plus:\u00a0<a href=\"http:\/\/universofamilia.com\/fr\/el-teletrabajo-en-2025-las-nuevas-tendencias-del-home-office\/\">T\u00e9l\u00e9travail en 2025 : les nouvelles tendances du t\u00e9l\u00e9travail<\/a><\/p>\n\n\n\n<h2 class=\"wp-block-heading\"><strong>Comment se pr\u00e9parer sans avoir l&#039;air de r\u00e9citer un texte appris par c\u0153ur<\/strong><\/h2>\n\n\n\n<p>Une pr\u00e9paration efficace ne consiste pas \u00e0 m\u00e9moriser des r\u00e9ponses, mais \u00e0 r\u00e9fl\u00e9chir \u00e0 des exp\u00e9riences concr\u00e8tes. Identifier ses r\u00e9ussites, ses difficult\u00e9s et les le\u00e7ons apprises permet de r\u00e9agir naturellement.<\/p>\n\n\n\n<p>S&#039;entra\u00eener \u00e0 voix haute permet d&#039;am\u00e9liorer sa fluidit\u00e9, mais il est tout aussi important de laisser place \u00e0 la spontan\u00e9it\u00e9. En entretien, l&#039;authenticit\u00e9 prime sur la perfection.<\/p>\n\n\n\n<h2 class=\"wp-block-heading\"><strong>Des erreurs courantes qui continuent de co\u00fbter des opportunit\u00e9s<\/strong><\/h2>\n\n\n\n<p>Parler \u00e0 outrance, esquiver les r\u00e9ponses ou refuser d&#039;admettre ses erreurs reste pr\u00e9judiciable. Il en va de m\u00eame pour les r\u00e9ponses g\u00e9n\u00e9rales d\u00e9nu\u00e9es de contexte.<\/p>\n\n\n\n<p>\u00c0 l&#039;inverse, la clart\u00e9, les exemples concrets et l&#039;\u00e9coute active instaurent la confiance. L&#039;intervieweur remarque la coh\u00e9rence entre le discours et l&#039;exp\u00e9rience.<\/p>\n\n\n\n<h2 class=\"wp-block-heading\"><strong>Conclusion<\/strong><\/h2>\n\n\n\n<p>Saisir <strong>Les questions d&#039;entretien les plus courantes en 2025<\/strong> Cela vous permet d&#039;aborder les processus de s\u00e9lection avec plus de confiance et de strat\u00e9gie.<\/p>\n\n\n\n<p>Les entretiens d&#039;embauche d&#039;aujourd&#039;hui recherchent des personnes compl\u00e8tes\u00a0: dot\u00e9es de comp\u00e9tences, de valeurs et d&#039;une capacit\u00e9 d&#039;adaptation.<\/p>\n\n\n\n<p>Se pr\u00e9parer par la connaissance de soi, plut\u00f4t que par des formules rigides, augmente vos chances de succ\u00e8s.<\/p>\n\n\n\n<p>Dans un march\u00e9 concurrentiel, ceux qui communiquent clairement et authentiquement se d\u00e9marquent sans avoir besoin d&#039;exag\u00e9rer.<\/p>\n\n\n\n<p>En savoir plus:\u00a0<a href=\"http:\/\/universofamilia.com\/fr\/carreras-sostenibles-empleos-verdes-en-auge\/\">Carri\u00e8res durables : les emplois verts en plein essor<\/a><\/p>\n\n\n\n<h2 class=\"wp-block-heading\"><strong>Questions fr\u00e9quemment pos\u00e9es<\/strong><\/h2>\n\n\n\n<p><strong>Les questions pos\u00e9es en entretien sont-elles les m\u00eames dans tous les secteurs\u00a0?<\/strong><br>Non. Bien qu&#039;il existe des tendances communes, chaque secteur privil\u00e9gie des comp\u00e9tences sp\u00e9cifiques.<\/p>\n\n\n\n<p><strong>Est-il conseill\u00e9 de pr\u00e9parer des r\u00e9ponses \u00e9crites\u00a0?<\/strong><br>Cela sert d&#039;exercice pr\u00e9liminaire, mais lors de l&#039;entretien, il est pr\u00e9f\u00e9rable de r\u00e9pondre naturellement.<\/p>\n\n\n\n<p><strong>L&#039;honn\u00eatet\u00e9 est-elle importante \u00e0 quel point ?<\/strong><br>C&#039;est crucial. Les recruteurs rep\u00e8rent facilement les incoh\u00e9rences.<\/p>\n\n\n\n<p><strong>Les entretiens virtuels modifient-ils le type de questions pos\u00e9es\u00a0?<\/strong><br>L\u2019objectif reste le m\u00eame, m\u00eame si l\u2019\u00e9valuation de la communication et de l\u2019autogestion s\u2019intensifie.<\/p>\n\n\n\n<p><strong>Une r\u00e9ponse incorrecte \u00e0 une question entra\u00eene-t-elle la disqualification d&#039;un candidat\u00a0?<\/strong><br>Pas n\u00e9cessairement. L&#039;attitude, la clart\u00e9 et la capacit\u00e9 de r\u00e9flexion sont tout aussi importantes qu&#039;une r\u00e9ponse rapide.<\/p>\n\n\n\n<p>En 2025, \u00eatre bien pr\u00e9par\u00e9 ne signifie pas avoir une apparence parfaite, mais montrer qui vous \u00eates, comment vous pensez et quelle valeur r\u00e9elle vous pouvez apporter.<\/p>\n\n\n\n<p>Cela reste la r\u00e9ponse la plus percutante dans n&#039;importe quel entretien.<\/p>","protected":false},"excerpt":{"rendered":"<p>Les questions d&#039;entretien les plus fr\u00e9quentes en 2025 refl\u00e8tent un march\u00e9 du travail plus num\u00e9rique, humain et strat\u00e9gique que jamais. Dans un contexte o\u00f9 coexistent processus virtuels, intelligence artificielle dans le recrutement et \u00e9quipes internationales, les entretiens ne se limitent plus au CV. Ils \u00e9valuent d\u00e9sormais l&#039;esprit critique, l&#039;adaptabilit\u00e9 et la constance professionnelle. Avant d&#039;aller plus loin, il convient de pr\u00e9ciser [\u2026]<\/p>","protected":false},"author":219,"featured_media":10466,"comment_status":"closed","ping_status":"open","sticky":false,"template":"","format":"standard","meta":{"footnotes":""},"categories":[5],"tags":[],"yoast_head":"<!-- This site is optimized with the Yoast SEO plugin v23.3 - https:\/\/yoast.com\/wordpress\/plugins\/seo\/ -->\n<title>Las preguntas de entrevista m\u00e1s comunes de 2025 - Universo Fam\u00edlia<\/title>\n<meta name=\"description\" content=\"Las preguntas de entrevista m\u00e1s comunes de 2025 reflejan un mercado laboral m\u00e1s digital, humano y estrat\u00e9gico que nunca.\" \/>\n<meta name=\"robots\" content=\"index, follow, max-snippet:-1, max-image-preview:large, max-video-preview:-1\" \/>\n<link rel=\"canonical\" href=\"https:\/\/universofamilia.com\/fr\/las-preguntas-de-entrevista-mas-comunes-de-2025\/\" \/>\n<meta property=\"og:locale\" content=\"fr_FR\" \/>\n<meta property=\"og:type\" content=\"article\" \/>\n<meta property=\"og:title\" content=\"Las preguntas de entrevista m\u00e1s comunes de 2025 - Universo Fam\u00edlia\" \/>\n<meta property=\"og:description\" content=\"Las preguntas de entrevista m\u00e1s comunes de 2025 reflejan un mercado laboral m\u00e1s digital, humano y estrat\u00e9gico que nunca.\" \/>\n<meta property=\"og:url\" content=\"https:\/\/universofamilia.com\/fr\/las-preguntas-de-entrevista-mas-comunes-de-2025\/\" \/>\n<meta property=\"og:site_name\" content=\"Universo Fam\u00edlia\" \/>\n<meta property=\"article:published_time\" content=\"2025-12-26T15:09:03+00:00\" \/>\n<meta property=\"article:modified_time\" content=\"2025-12-26T15:09:05+00:00\" \/>\n<meta property=\"og:image\" content=\"https:\/\/universofamilia.com\/wp-content\/uploads\/sites\/148\/2025\/12\/Destaque-Novo-Universo-18-1.jpg\" \/>\n\t<meta property=\"og:image:width\" content=\"450\" \/>\n\t<meta property=\"og:image:height\" content=\"250\" \/>\n\t<meta property=\"og:image:type\" content=\"image\/jpeg\" \/>\n<meta name=\"author\" content=\"Matheus Sangaletti\" \/>\n<meta name=\"twitter:card\" content=\"summary_large_image\" \/>\n<meta name=\"twitter:label1\" content=\"Written by\" \/>\n\t<meta name=\"twitter:data1\" content=\"Matheus Sangaletti\" \/>\n\t<meta name=\"twitter:label2\" content=\"Est. reading time\" \/>\n\t<meta name=\"twitter:data2\" content=\"7 minutes\" \/>\n<script type=\"application\/ld+json\" class=\"yoast-schema-graph\">{\"@context\":\"https:\/\/schema.org\",\"@graph\":[{\"@type\":\"WebPage\",\"@id\":\"https:\/\/universofamilia.com\/sk\/las-preguntas-de-entrevista-mas-comunes-de-2025\/\",\"url\":\"https:\/\/universofamilia.com\/sk\/las-preguntas-de-entrevista-mas-comunes-de-2025\/\",\"name\":\"Las preguntas de entrevista m\u00e1s comunes de 2025 - Universo Fam\u00edlia\",\"isPartOf\":{\"@id\":\"http:\/\/universofamilia.com\/zh_hk\/#website\"},\"primaryImageOfPage\":{\"@id\":\"https:\/\/universofamilia.com\/sk\/las-preguntas-de-entrevista-mas-comunes-de-2025\/#primaryimage\"},\"image\":{\"@id\":\"https:\/\/universofamilia.com\/sk\/las-preguntas-de-entrevista-mas-comunes-de-2025\/#primaryimage\"},\"thumbnailUrl\":\"http:\/\/universofamilia.com\/wp-content\/uploads\/sites\/148\/2025\/12\/Destaque-Novo-Universo-18-1.jpg\",\"datePublished\":\"2025-12-26T15:09:03+00:00\",\"dateModified\":\"2025-12-26T15:09:05+00:00\",\"author\":{\"@id\":\"http:\/\/universofamilia.com\/zh_hk\/#\/schema\/person\/92fcd07e9b1f4323bf74f3170fc0f78a\"},\"description\":\"Las preguntas de entrevista m\u00e1s comunes de 2025 reflejan un mercado laboral m\u00e1s digital, humano y estrat\u00e9gico que nunca.\",\"breadcrumb\":{\"@id\":\"https:\/\/universofamilia.com\/sk\/las-preguntas-de-entrevista-mas-comunes-de-2025\/#breadcrumb\"},\"inLanguage\":\"fr-FR\",\"potentialAction\":[{\"@type\":\"ReadAction\",\"target\":[\"https:\/\/universofamilia.com\/sk\/las-preguntas-de-entrevista-mas-comunes-de-2025\/\"]}]},{\"@type\":\"ImageObject\",\"inLanguage\":\"fr-FR\",\"@id\":\"https:\/\/universofamilia.com\/sk\/las-preguntas-de-entrevista-mas-comunes-de-2025\/#primaryimage\",\"url\":\"http:\/\/universofamilia.com\/wp-content\/uploads\/sites\/148\/2025\/12\/Destaque-Novo-Universo-18-1.jpg\",\"contentUrl\":\"http:\/\/universofamilia.com\/wp-content\/uploads\/sites\/148\/2025\/12\/Destaque-Novo-Universo-18-1.jpg\",\"width\":450,\"height\":250,\"caption\":\"Las preguntas de entrevista m\u00e1s comunes de 2025\"},{\"@type\":\"BreadcrumbList\",\"@id\":\"https:\/\/universofamilia.com\/sk\/las-preguntas-de-entrevista-mas-comunes-de-2025\/#breadcrumb\",\"itemListElement\":[{\"@type\":\"ListItem\",\"position\":1,\"name\":\"Home\",\"item\":\"http:\/\/universofamilia.com\/zh_hk\/\"},{\"@type\":\"ListItem\",\"position\":2,\"name\":\"Las preguntas de entrevista m\u00e1s comunes de 2025\"}]},{\"@type\":\"WebSite\",\"@id\":\"http:\/\/universofamilia.com\/zh_hk\/#website\",\"url\":\"http:\/\/universofamilia.com\/zh_hk\/\",\"name\":\"Universo Fam\u00edlia\",\"description\":\"\",\"potentialAction\":[{\"@type\":\"SearchAction\",\"target\":{\"@type\":\"EntryPoint\",\"urlTemplate\":\"http:\/\/universofamilia.com\/zh_hk\/?s={search_term_string}\"},\"query-input\":\"required name=search_term_string\"}],\"inLanguage\":\"fr-FR\"},{\"@type\":\"Person\",\"@id\":\"http:\/\/universofamilia.com\/zh_hk\/#\/schema\/person\/92fcd07e9b1f4323bf74f3170fc0f78a\",\"name\":\"Matheus Sangaletti\",\"image\":{\"@type\":\"ImageObject\",\"inLanguage\":\"fr-FR\",\"@id\":\"http:\/\/universofamilia.com\/zh_hk\/#\/schema\/person\/image\/\",\"url\":\"http:\/\/2.gravatar.com\/avatar\/280ea957a14a48e6a1ad2133d2cc27c9?s=96&d=mm&r=g\",\"contentUrl\":\"http:\/\/2.gravatar.com\/avatar\/280ea957a14a48e6a1ad2133d2cc27c9?s=96&d=mm&r=g\",\"caption\":\"Matheus Sangaletti\"},\"url\":\"http:\/\/universofamilia.com\/fr\/author\/matheuss\/\"}]}<\/script>\n<!-- \/ Yoast SEO plugin. -->","yoast_head_json":{"title":"Las preguntas de entrevista m\u00e1s comunes de 2025 - Universo Fam\u00edlia","description":"Las preguntas de entrevista m\u00e1s comunes de 2025 reflejan un mercado laboral m\u00e1s digital, humano y estrat\u00e9gico que nunca.","robots":{"index":"index","follow":"follow","max-snippet":"max-snippet:-1","max-image-preview":"max-image-preview:large","max-video-preview":"max-video-preview:-1"},"canonical":"https:\/\/universofamilia.com\/fr\/las-preguntas-de-entrevista-mas-comunes-de-2025\/","og_locale":"fr_FR","og_type":"article","og_title":"Las preguntas de entrevista m\u00e1s comunes de 2025 - Universo Fam\u00edlia","og_description":"Las preguntas de entrevista m\u00e1s comunes de 2025 reflejan un mercado laboral m\u00e1s digital, humano y estrat\u00e9gico que nunca.","og_url":"https:\/\/universofamilia.com\/fr\/las-preguntas-de-entrevista-mas-comunes-de-2025\/","og_site_name":"Universo Fam\u00edlia","article_published_time":"2025-12-26T15:09:03+00:00","article_modified_time":"2025-12-26T15:09:05+00:00","og_image":[{"width":450,"height":250,"url":"https:\/\/universofamilia.com\/wp-content\/uploads\/sites\/148\/2025\/12\/Destaque-Novo-Universo-18-1.jpg","type":"image\/jpeg"}],"author":"Matheus Sangaletti","twitter_card":"summary_large_image","twitter_misc":{"Written by":"Matheus Sangaletti","Est. reading time":"7 minutes"},"schema":{"@context":"https:\/\/schema.org","@graph":[{"@type":"WebPage","@id":"https:\/\/universofamilia.com\/sk\/las-preguntas-de-entrevista-mas-comunes-de-2025\/","url":"https:\/\/universofamilia.com\/sk\/las-preguntas-de-entrevista-mas-comunes-de-2025\/","name":"Las preguntas de entrevista m\u00e1s comunes de 2025 - Universo Fam\u00edlia","isPartOf":{"@id":"http:\/\/universofamilia.com\/zh_hk\/#website"},"primaryImageOfPage":{"@id":"https:\/\/universofamilia.com\/sk\/las-preguntas-de-entrevista-mas-comunes-de-2025\/#primaryimage"},"image":{"@id":"https:\/\/universofamilia.com\/sk\/las-preguntas-de-entrevista-mas-comunes-de-2025\/#primaryimage"},"thumbnailUrl":"http:\/\/universofamilia.com\/wp-content\/uploads\/sites\/148\/2025\/12\/Destaque-Novo-Universo-18-1.jpg","datePublished":"2025-12-26T15:09:03+00:00","dateModified":"2025-12-26T15:09:05+00:00","author":{"@id":"http:\/\/universofamilia.com\/zh_hk\/#\/schema\/person\/92fcd07e9b1f4323bf74f3170fc0f78a"},"description":"Las preguntas de entrevista m\u00e1s comunes de 2025 reflejan un mercado laboral m\u00e1s digital, humano y estrat\u00e9gico que nunca.","breadcrumb":{"@id":"https:\/\/universofamilia.com\/sk\/las-preguntas-de-entrevista-mas-comunes-de-2025\/#breadcrumb"},"inLanguage":"fr-FR","potentialAction":[{"@type":"ReadAction","target":["https:\/\/universofamilia.com\/sk\/las-preguntas-de-entrevista-mas-comunes-de-2025\/"]}]},{"@type":"ImageObject","inLanguage":"fr-FR","@id":"https:\/\/universofamilia.com\/sk\/las-preguntas-de-entrevista-mas-comunes-de-2025\/#primaryimage","url":"http:\/\/universofamilia.com\/wp-content\/uploads\/sites\/148\/2025\/12\/Destaque-Novo-Universo-18-1.jpg","contentUrl":"http:\/\/universofamilia.com\/wp-content\/uploads\/sites\/148\/2025\/12\/Destaque-Novo-Universo-18-1.jpg","width":450,"height":250,"caption":"Las preguntas de entrevista m\u00e1s comunes de 2025"},{"@type":"BreadcrumbList","@id":"https:\/\/universofamilia.com\/sk\/las-preguntas-de-entrevista-mas-comunes-de-2025\/#breadcrumb","itemListElement":[{"@type":"ListItem","position":1,"name":"Home","item":"http:\/\/universofamilia.com\/zh_hk\/"},{"@type":"ListItem","position":2,"name":"Las preguntas de entrevista m\u00e1s comunes de 2025"}]},{"@type":"WebSite","@id":"http:\/\/universofamilia.com\/zh_hk\/#website","url":"http:\/\/universofamilia.com\/zh_hk\/","name":"Universo Fam\u00edlia","description":"","potentialAction":[{"@type":"SearchAction","target":{"@type":"EntryPoint","urlTemplate":"http:\/\/universofamilia.com\/zh_hk\/?s={search_term_string}"},"query-input":"required name=search_term_string"}],"inLanguage":"fr-FR"},{"@type":"Person","@id":"http:\/\/universofamilia.com\/zh_hk\/#\/schema\/person\/92fcd07e9b1f4323bf74f3170fc0f78a","name":"Matheus Sangaletti","image":{"@type":"ImageObject","inLanguage":"fr-FR","@id":"http:\/\/universofamilia.com\/zh_hk\/#\/schema\/person\/image\/","url":"http:\/\/2.gravatar.com\/avatar\/280ea957a14a48e6a1ad2133d2cc27c9?s=96&d=mm&r=g","contentUrl":"http:\/\/2.gravatar.com\/avatar\/280ea957a14a48e6a1ad2133d2cc27c9?s=96&d=mm&r=g","caption":"Matheus Sangaletti"},"url":"http:\/\/universofamilia.com\/fr\/author\/matheuss\/"}]}},"_links":{"self":[{"href":"http:\/\/universofamilia.com\/fr\/wp-json\/wp\/v2\/posts\/10464"}],"collection":[{"href":"http:\/\/universofamilia.com\/fr\/wp-json\/wp\/v2\/posts"}],"about":[{"href":"http:\/\/universofamilia.com\/fr\/wp-json\/wp\/v2\/types\/post"}],"author":[{"embeddable":true,"href":"http:\/\/universofamilia.com\/fr\/wp-json\/wp\/v2\/users\/219"}],"replies":[{"embeddable":true,"href":"http:\/\/universofamilia.com\/fr\/wp-json\/wp\/v2\/comments?post=10464"}],"version-history":[{"count":1,"href":"http:\/\/universofamilia.com\/fr\/wp-json\/wp\/v2\/posts\/10464\/revisions"}],"predecessor-version":[{"id":10468,"href":"http:\/\/universofamilia.com\/fr\/wp-json\/wp\/v2\/posts\/10464\/revisions\/10468"}],"wp:featuredmedia":[{"embeddable":true,"href":"http:\/\/universofamilia.com\/fr\/wp-json\/wp\/v2\/media\/10466"}],"wp:attachment":[{"href":"http:\/\/universofamilia.com\/fr\/wp-json\/wp\/v2\/media?parent=10464"}],"wp:term":[{"taxonomy":"category","embeddable":true,"href":"http:\/\/universofamilia.com\/fr\/wp-json\/wp\/v2\/categories?post=10464"},{"taxonomy":"post_tag","embeddable":true,"href":"http:\/\/universofamilia.com\/fr\/wp-json\/wp\/v2\/tags?post=10464"}],"curies":[{"name":"wp","href":"https:\/\/api.w.org\/{rel}","templated":true}]}}