{"id":1692,"date":"2023-05-25T00:53:43","date_gmt":"2023-05-25T00:53:43","guid":{"rendered":"https:\/\/universofamilia.com\/?p=1692"},"modified":"2023-05-25T00:53:43","modified_gmt":"2023-05-25T00:53:43","slug":"rotina-ideal-para-a-familia-dormir-bem","status":"publish","type":"post","link":"http:\/\/universofamilia.com\/fr\/rotina-ideal-para-a-familia-dormir-bem\/","title":{"rendered":"Rotina id\u00e9al pour que la famille dorme bien"},"content":{"rendered":"<p>Adopter une routine saine est essentiel au bien-\u00eatre et \u00e0 la sant\u00e9 de toute la famille. Dormir am\u00e9liore non seulement l&#039;humeur et les performances pendant la journ\u00e9e, mais renforce \u00e9galement le syst\u00e8me immunitaire et contribue \u00e0 une meilleure qualit\u00e9 de vie. Dans cet article, nous vous pr\u00e9sentons une routine id\u00e9ale pour bien dormir en famille, ainsi que des mesures pratiques et faciles \u00e0 mettre en \u0153uvre. Venez d\u00e9couvrir comment garantir des nuits paisibles et saines \u00e0 tous les membres de votre famille.<\/p>\n\n\n\n<h3 class=\"wp-block-heading\">Voir aussi :<\/h3>\n\n\n\n<p><a href=\"http:\/\/universofamilia.com\/fr\/rotina-ideal-para-a-familia-dormir-bem\/\" target=\"_blank\" rel=\"noreferrer noopener\">Rotina Id\u00e9al pour que la famille dorme bien<\/a><\/p>\n\n\n\n<p><a href=\"http:\/\/universofamilia.com\/fr\/muco-nas-fezes-do-bebe-quando-e-normal-e-quando-se-preocupar\/\" target=\"_blank\" rel=\"noreferrer noopener\">Muco nas fezes do b\u00ea : quand est-ce normal et quand faut-il s&#039;inqui\u00e9ter ?<\/a><\/p>\n\n\n\n<p><a href=\"https:\/\/www.luzbaby.com.br\/\" target=\"_blank\" rel=\"noreferrer noopener\">A Luz Baby est l&#039;un des meilleurs magasins de produits pour b\u00e9b\u00e9s. Cliquez ici.<\/a><\/p>\n\n\n\n<h3 class=\"wp-block-heading\">\u00c9tablir des horaires sonores r\u00e9guliers<\/h3>\n\n\n\n<p>L&#039;une des principales techniques pour am\u00e9liorer la qualit\u00e9 sonore consiste \u00e0 \u00e9tablir des horaires r\u00e9guliers pour dormir et se souvenir. Une alimentation \u00e9quilibr\u00e9e est b\u00e9n\u00e9fique pour les enfants comme pour les adultes. Essayez de d\u00e9finir des horaires de sommeil adapt\u00e9s \u00e0 chaque membre de la famille, en tenant compte des besoins de chaque tranche d&#039;\u00e2ge. Maintenez ces horaires m\u00eame le week-end pour \u00e9viter les d\u00e9s\u00e9quilibres de l&#039;horloge biologique.<\/p>\n\n\n\n<figure class=\"wp-block-image size-full\"><img loading=\"lazy\" decoding=\"async\" width=\"550\" height=\"350\" src=\"http:\/\/universofamilia.com\/wp-content\/uploads\/sites\/148\/2023\/05\/FOTO-POST-dormir-bem-familia-universo-familia-.png\" alt=\"\" class=\"wp-image-1924\" srcset=\"http:\/\/universofamilia.com\/wp-content\/uploads\/sites\/148\/2023\/05\/FOTO-POST-dormir-bem-familia-universo-familia-.png 550w, http:\/\/universofamilia.com\/wp-content\/uploads\/sites\/148\/2023\/05\/FOTO-POST-dormir-bem-familia-universo-familia--300x191.png 300w\" sizes=\"(max-width: 550px) 100vw, 550px\" \/><\/figure>\n\n\n\n<h3 class=\"wp-block-heading\">Cr\u00e9ez un environnement propice pour votre fils<\/h3>\n\n\n\n<p>L&#039;environnement dans lequel nous dormons joue un r\u00f4le crucial dans la qualit\u00e9 sonore. Assurez-vous que la chambre de chaque membre de la famille soit sombre, calme et bien a\u00e9r\u00e9e. Utilisez des rideaux ou des stores pour bloquer la lumi\u00e8re ext\u00e9rieure, r\u00e9duisez le bruit avec des protections auditives ou des humidificateurs d&#039;air, et r\u00e9glez la temp\u00e9rature pour garantir un environnement confortable. Il est \u00e9galement important d&#039;investir dans des matelas et des traverses adapt\u00e9s, qui offrent soutien et confort pendant la nuit.<\/p>\n\n\n\n<h3 class=\"wp-block-heading\">\u00c9vitez les stimulants avant de vous coucher<\/h3>\n\n\n\n<p>Certains aliments et boissons peuvent perturber le sommeil, surtout s&#039;ils sont consomm\u00e9s peu avant le coucher. \u00c9vitez la caf\u00e9ine, l&#039;alcool et les aliments lourds quelques heures avant d&#039;aller vous coucher. Privil\u00e9giez les plantes relaxantes, comme la camomille ou l&#039;erva-cidreira, et pr\u00e9parez des rafra\u00eechissements l\u00e9gers sans jantar. Limitez \u00e9galement l&#039;utilisation d&#039;appareils \u00e9lectroniques, comme les smartphones et les tablettes, avant de vous coucher, car la lumi\u00e8re bleue \u00e9mise par ces appareils peut alt\u00e9rer la qualit\u00e9 du son.<\/p>\n\n\n\n<h3 class=\"wp-block-heading\">\u00c9tablissez une routine de relaxation avant d&#039;aller dormir<\/h3>\n\n\n\n<p>Cr\u00e9er une routine relaxante avant de se coucher aide \u00e0 pr\u00e9parer son corps et son esprit au sommeil. R\u00e9servez quelques minutes \u00e0 des activit\u00e9s calmes, comme lire un livre, \u00e9couter de la musique douce ou pratiquer des techniques de relaxation comme la respiration profonde ou la m\u00e9ditation. \u00c9vitez les discussions anim\u00e9es ou les activit\u00e9s stimulantes juste avant de vous coucher. L&#039;objectif est d&#039;apaiser les sens et de favoriser la d\u00e9tente, pour une nuit de sons r\u00e9parateurs.<\/p>\n\n\n\n<h3 class=\"wp-block-heading\">Conclusion<\/h3>\n\n\n\n<p>Une routine de sommeil id\u00e9ale est essentielle \u00e0 la sant\u00e9 et au bien-\u00eatre de tous les membres de la famille. En \u00e9tablissant des horaires de sommeil r\u00e9guliers, en cr\u00e9ant un environnement propice au repos, en \u00e9vitant les stimulants avant le coucher et en adoptant une routine de relaxation, vous favoriserez des nuits calmes et r\u00e9paratrices pour toute la famille.<\/p>\n\n\n\n<p>Sachez que chaque personne est unique et que les besoins sonores peuvent varier d&#039;une personne \u00e0 l&#039;autre. Par cons\u00e9quent, adaptez ces directives aux caract\u00e9ristiques de chaque membre de la famille, en tenant compte de son \u00e9tat de sant\u00e9, de ses pr\u00e9f\u00e9rences et de sa situation particuli\u00e8re.<\/p>\n\n\n\n<p>Partout dans le monde, de nombreuses familles peinent \u00e0 maintenir une routine id\u00e9ale en raison des exigences du quotidien. Pourtant, privil\u00e9gier le repos est essentiel pour garantir une vie saine et \u00e9quilibr\u00e9e. En suivant ces conseils, vous contribuerez au bien-\u00eatre de toute la famille et profiterez des bienfaits d&#039;une bonne nuit de sommeil.<\/p>\n\n\n\n<p>Nous utilisons \u00e9galement des techniques de r\u00e9f\u00e9rencement pour rendre cet article plus visible et accessible aux lecteurs. Utilisez des mots cl\u00e9s pertinents, tels que \u00ab\u00a0routine sonore\u00a0\u00bb, \u00ab\u00a0bien dormir en famille\u00a0\u00bb, \u00ab\u00a0qualit\u00e9 sonore\u00a0\u00bb et d&#039;autres termes li\u00e9s au sujet. Utilisez \u00e9galement des sous-titres clairs et attrayants pour faciliter la lecture et la navigation.<\/p>\n\n\n\n<p>La lisibilit\u00e9 joue \u00e9galement un r\u00f4le fondamental dans l&#039;exp\u00e9rience du lecteur. Utilisez des phrases courtes et des paragraphes bien structur\u00e9s pour faciliter la compr\u00e9hension du contenu. \u00c9vitez le jargon ou la terminologie trop technique, sauf si vous r\u00e9digez votre texte sp\u00e9cifiquement pour un public sp\u00e9cialis\u00e9.<\/p>\n\n\n\n<figure class=\"wp-block-image size-full\"><img loading=\"lazy\" decoding=\"async\" width=\"550\" height=\"350\" src=\"http:\/\/universofamilia.com\/wp-content\/uploads\/sites\/148\/2023\/05\/FOTO-POST-dormir-bem-familia-universo-familia-1.png\" alt=\"\" class=\"wp-image-1926\" srcset=\"http:\/\/universofamilia.com\/wp-content\/uploads\/sites\/148\/2023\/05\/FOTO-POST-dormir-bem-familia-universo-familia-1.png 550w, http:\/\/universofamilia.com\/wp-content\/uploads\/sites\/148\/2023\/05\/FOTO-POST-dormir-bem-familia-universo-familia-1-300x191.png 300w\" sizes=\"(max-width: 550px) 100vw, 550px\" \/><\/figure>\n\n\n\n<p>En bref, pour \u00e9tablir une routine id\u00e9ale pour un sommeil r\u00e9parateur en famille, vous investissez dans le bien-\u00eatre de tous. Il est important d&#039;\u00e9tablir des horaires de sommeil r\u00e9guliers, de cr\u00e9er un environnement propice au repos, d&#039;\u00e9viter les stimulants avant le coucher et d&#039;adopter une routine de relaxation. En appliquant ces conseils pratiques, vous passerez des nuits paisibles et revigorantes, propices \u00e0 une vie saine et \u00e9quilibr\u00e9e pour toute votre famille.<\/p>","protected":false},"excerpt":{"rendered":"<p>Avoir une routine saine et appropri\u00e9e est essentiel au bien-\u00eatre et \u00e0 la sant\u00e9 de toute la famille. Dormir am\u00e9liore non seulement l&#039;humeur et les performances pendant la journ\u00e9e, mais renforce \u00e9galement le syst\u00e8me immunitaire et contribue \u00e0 une meilleure qualit\u00e9 de vie. <\/p>","protected":false},"author":0,"featured_media":1925,"comment_status":"closed","ping_status":"open","sticky":false,"template":"","format":"standard","meta":{"footnotes":""},"categories":[5],"tags":[1436,1437],"yoast_head":"<!-- This site is optimized with the Yoast SEO plugin v23.3 - https:\/\/yoast.com\/wordpress\/plugins\/seo\/ -->\n<title>Rotina ideal para a fam\u00edlia dormir bem - Universo Fam\u00edlia<\/title>\n<meta name=\"description\" content=\"Ter uma rotina de sono adequada \u00e9 essencial para o bem-estar e a sa\u00fade de toda a fam\u00edlia\" \/>\n<meta name=\"robots\" content=\"index, follow, max-snippet:-1, max-image-preview:large, max-video-preview:-1\" \/>\n<link rel=\"canonical\" href=\"http:\/\/universofamilia.com\/fr\/\u0438\u0434\u0435\u0430\u043b\u043d\u0430-\u0440\u0443\u0442\u0438\u043d\u0430-\u0437\u0430-\u0434\u043e\u0431\u0440\u043e-\u0441\u043f\u0430\u0432\u0430\u045a\u0435-\u043f\u043e\u0440\u043e\u0434\/\" \/>\n<meta property=\"og:locale\" content=\"fr_FR\" \/>\n<meta property=\"og:type\" content=\"article\" \/>\n<meta property=\"og:title\" content=\"Rotina ideal para a fam\u00edlia dormir bem - Universo Fam\u00edlia\" \/>\n<meta property=\"og:description\" content=\"Ter uma rotina de sono adequada \u00e9 essencial para o bem-estar e a sa\u00fade de toda a fam\u00edlia\" \/>\n<meta property=\"og:url\" content=\"http:\/\/universofamilia.com\/fr\/\u0438\u0434\u0435\u0430\u043b\u043d\u0430-\u0440\u0443\u0442\u0438\u043d\u0430-\u0437\u0430-\u0434\u043e\u0431\u0440\u043e-\u0441\u043f\u0430\u0432\u0430\u045a\u0435-\u043f\u043e\u0440\u043e\u0434\/\" \/>\n<meta property=\"og:site_name\" content=\"Universo Fam\u00edlia\" \/>\n<meta property=\"article:published_time\" content=\"2023-05-25T00:53:43+00:00\" \/>\n<meta property=\"og:image\" content=\"http:\/\/universofamilia.com\/wp-content\/uploads\/sites\/148\/2023\/05\/FOTO-DESTAQUE-dormir-bem-familia-universo-familia-448x350-.png\" \/>\n\t<meta property=\"og:image:width\" content=\"448\" \/>\n\t<meta property=\"og:image:height\" content=\"350\" \/>\n\t<meta property=\"og:image:type\" content=\"image\/png\" \/>\n<meta name=\"twitter:card\" content=\"summary_large_image\" \/>\n<meta name=\"twitter:label1\" content=\"Est. reading time\" \/>\n\t<meta name=\"twitter:data1\" content=\"5 minutes\" \/>\n<script type=\"application\/ld+json\" class=\"yoast-schema-graph\">{\"@context\":\"https:\/\/schema.org\",\"@graph\":[{\"@type\":\"WebPage\",\"@id\":\"http:\/\/universofamilia.com\/sr\/\u0438\u0434\u0435\u0430\u043b\u043d\u0430-\u0440\u0443\u0442\u0438\u043d\u0430-\u0437\u0430-\u0434\u043e\u0431\u0440\u043e-\u0441\u043f\u0430\u0432\u0430\u045a\u0435-\u043f\u043e\u0440\u043e\u0434\/\",\"url\":\"http:\/\/universofamilia.com\/sr\/\u0438\u0434\u0435\u0430\u043b\u043d\u0430-\u0440\u0443\u0442\u0438\u043d\u0430-\u0437\u0430-\u0434\u043e\u0431\u0440\u043e-\u0441\u043f\u0430\u0432\u0430\u045a\u0435-\u043f\u043e\u0440\u043e\u0434\/\",\"name\":\"Rotina ideal para a fam\u00edlia dormir bem - Universo Fam\u00edlia\",\"isPartOf\":{\"@id\":\"https:\/\/universofamilia.com\/el\/#website\"},\"primaryImageOfPage\":{\"@id\":\"http:\/\/universofamilia.com\/sr\/\u0438\u0434\u0435\u0430\u043b\u043d\u0430-\u0440\u0443\u0442\u0438\u043d\u0430-\u0437\u0430-\u0434\u043e\u0431\u0440\u043e-\u0441\u043f\u0430\u0432\u0430\u045a\u0435-\u043f\u043e\u0440\u043e\u0434\/#primaryimage\"},\"image\":{\"@id\":\"http:\/\/universofamilia.com\/sr\/\u0438\u0434\u0435\u0430\u043b\u043d\u0430-\u0440\u0443\u0442\u0438\u043d\u0430-\u0437\u0430-\u0434\u043e\u0431\u0440\u043e-\u0441\u043f\u0430\u0432\u0430\u045a\u0435-\u043f\u043e\u0440\u043e\u0434\/#primaryimage\"},\"thumbnailUrl\":\"http:\/\/universofamilia.com\/wp-content\/uploads\/sites\/148\/2023\/05\/FOTO-DESTAQUE-dormir-bem-familia-universo-familia-448x350-.png\",\"datePublished\":\"2023-05-25T00:53:43+00:00\",\"dateModified\":\"2023-05-25T00:53:43+00:00\",\"author\":{\"@id\":\"\"},\"description\":\"Ter uma rotina de sono adequada \u00e9 essencial para o bem-estar e a sa\u00fade de toda a fam\u00edlia\",\"breadcrumb\":{\"@id\":\"http:\/\/universofamilia.com\/sr\/\u0438\u0434\u0435\u0430\u043b\u043d\u0430-\u0440\u0443\u0442\u0438\u043d\u0430-\u0437\u0430-\u0434\u043e\u0431\u0440\u043e-\u0441\u043f\u0430\u0432\u0430\u045a\u0435-\u043f\u043e\u0440\u043e\u0434\/#breadcrumb\"},\"inLanguage\":\"fr-FR\",\"potentialAction\":[{\"@type\":\"ReadAction\",\"target\":[\"http:\/\/universofamilia.com\/sr\/\u0438\u0434\u0435\u0430\u043b\u043d\u0430-\u0440\u0443\u0442\u0438\u043d\u0430-\u0437\u0430-\u0434\u043e\u0431\u0440\u043e-\u0441\u043f\u0430\u0432\u0430\u045a\u0435-\u043f\u043e\u0440\u043e\u0434\/\"]}]},{\"@type\":\"ImageObject\",\"inLanguage\":\"fr-FR\",\"@id\":\"http:\/\/universofamilia.com\/sr\/\u0438\u0434\u0435\u0430\u043b\u043d\u0430-\u0440\u0443\u0442\u0438\u043d\u0430-\u0437\u0430-\u0434\u043e\u0431\u0440\u043e-\u0441\u043f\u0430\u0432\u0430\u045a\u0435-\u043f\u043e\u0440\u043e\u0434\/#primaryimage\",\"url\":\"http:\/\/universofamilia.com\/wp-content\/uploads\/sites\/148\/2023\/05\/FOTO-DESTAQUE-dormir-bem-familia-universo-familia-448x350-.png\",\"contentUrl\":\"http:\/\/universofamilia.com\/wp-content\/uploads\/sites\/148\/2023\/05\/FOTO-DESTAQUE-dormir-bem-familia-universo-familia-448x350-.png\",\"width\":448,\"height\":350},{\"@type\":\"BreadcrumbList\",\"@id\":\"http:\/\/universofamilia.com\/sr\/\u0438\u0434\u0435\u0430\u043b\u043d\u0430-\u0440\u0443\u0442\u0438\u043d\u0430-\u0437\u0430-\u0434\u043e\u0431\u0440\u043e-\u0441\u043f\u0430\u0432\u0430\u045a\u0435-\u043f\u043e\u0440\u043e\u0434\/#breadcrumb\",\"itemListElement\":[{\"@type\":\"ListItem\",\"position\":1,\"name\":\"Home\",\"item\":\"https:\/\/universofamilia.com\/el\/\"},{\"@type\":\"ListItem\",\"position\":2,\"name\":\"Rotina ideal para a fam\u00edlia dormir bem\"}]},{\"@type\":\"WebSite\",\"@id\":\"https:\/\/universofamilia.com\/el\/#website\",\"url\":\"https:\/\/universofamilia.com\/el\/\",\"name\":\"Universo Fam\u00edlia\",\"description\":\"\",\"potentialAction\":[{\"@type\":\"SearchAction\",\"target\":{\"@type\":\"EntryPoint\",\"urlTemplate\":\"https:\/\/universofamilia.com\/el\/?s={search_term_string}\"},\"query-input\":\"required name=search_term_string\"}],\"inLanguage\":\"fr-FR\"}]}<\/script>\n<!-- \/ Yoast SEO plugin. -->","yoast_head_json":{"title":"Rotina ideal para a fam\u00edlia dormir bem - Universo Fam\u00edlia","description":"Ter uma rotina de sono adequada \u00e9 essencial para o bem-estar e a sa\u00fade de toda a fam\u00edlia","robots":{"index":"index","follow":"follow","max-snippet":"max-snippet:-1","max-image-preview":"max-image-preview:large","max-video-preview":"max-video-preview:-1"},"canonical":"http:\/\/universofamilia.com\/fr\/\u0438\u0434\u0435\u0430\u043b\u043d\u0430-\u0440\u0443\u0442\u0438\u043d\u0430-\u0437\u0430-\u0434\u043e\u0431\u0440\u043e-\u0441\u043f\u0430\u0432\u0430\u045a\u0435-\u043f\u043e\u0440\u043e\u0434\/","og_locale":"fr_FR","og_type":"article","og_title":"Rotina ideal para a fam\u00edlia dormir bem - Universo Fam\u00edlia","og_description":"Ter uma rotina de sono adequada \u00e9 essencial para o bem-estar e a sa\u00fade de toda a fam\u00edlia","og_url":"http:\/\/universofamilia.com\/fr\/\u0438\u0434\u0435\u0430\u043b\u043d\u0430-\u0440\u0443\u0442\u0438\u043d\u0430-\u0437\u0430-\u0434\u043e\u0431\u0440\u043e-\u0441\u043f\u0430\u0432\u0430\u045a\u0435-\u043f\u043e\u0440\u043e\u0434\/","og_site_name":"Universo Fam\u00edlia","article_published_time":"2023-05-25T00:53:43+00:00","og_image":[{"width":448,"height":350,"url":"http:\/\/universofamilia.com\/wp-content\/uploads\/sites\/148\/2023\/05\/FOTO-DESTAQUE-dormir-bem-familia-universo-familia-448x350-.png","type":"image\/png"}],"twitter_card":"summary_large_image","twitter_misc":{"Est. reading time":"5 minutes"},"schema":{"@context":"https:\/\/schema.org","@graph":[{"@type":"WebPage","@id":"http:\/\/universofamilia.com\/sr\/\u0438\u0434\u0435\u0430\u043b\u043d\u0430-\u0440\u0443\u0442\u0438\u043d\u0430-\u0437\u0430-\u0434\u043e\u0431\u0440\u043e-\u0441\u043f\u0430\u0432\u0430\u045a\u0435-\u043f\u043e\u0440\u043e\u0434\/","url":"http:\/\/universofamilia.com\/sr\/\u0438\u0434\u0435\u0430\u043b\u043d\u0430-\u0440\u0443\u0442\u0438\u043d\u0430-\u0437\u0430-\u0434\u043e\u0431\u0440\u043e-\u0441\u043f\u0430\u0432\u0430\u045a\u0435-\u043f\u043e\u0440\u043e\u0434\/","name":"Rotina ideal para a fam\u00edlia dormir bem - Universo Fam\u00edlia","isPartOf":{"@id":"https:\/\/universofamilia.com\/el\/#website"},"primaryImageOfPage":{"@id":"http:\/\/universofamilia.com\/sr\/\u0438\u0434\u0435\u0430\u043b\u043d\u0430-\u0440\u0443\u0442\u0438\u043d\u0430-\u0437\u0430-\u0434\u043e\u0431\u0440\u043e-\u0441\u043f\u0430\u0432\u0430\u045a\u0435-\u043f\u043e\u0440\u043e\u0434\/#primaryimage"},"image":{"@id":"http:\/\/universofamilia.com\/sr\/\u0438\u0434\u0435\u0430\u043b\u043d\u0430-\u0440\u0443\u0442\u0438\u043d\u0430-\u0437\u0430-\u0434\u043e\u0431\u0440\u043e-\u0441\u043f\u0430\u0432\u0430\u045a\u0435-\u043f\u043e\u0440\u043e\u0434\/#primaryimage"},"thumbnailUrl":"http:\/\/universofamilia.com\/wp-content\/uploads\/sites\/148\/2023\/05\/FOTO-DESTAQUE-dormir-bem-familia-universo-familia-448x350-.png","datePublished":"2023-05-25T00:53:43+00:00","dateModified":"2023-05-25T00:53:43+00:00","author":{"@id":""},"description":"Ter uma rotina de sono adequada \u00e9 essencial para o bem-estar e a sa\u00fade de toda a fam\u00edlia","breadcrumb":{"@id":"http:\/\/universofamilia.com\/sr\/\u0438\u0434\u0435\u0430\u043b\u043d\u0430-\u0440\u0443\u0442\u0438\u043d\u0430-\u0437\u0430-\u0434\u043e\u0431\u0440\u043e-\u0441\u043f\u0430\u0432\u0430\u045a\u0435-\u043f\u043e\u0440\u043e\u0434\/#breadcrumb"},"inLanguage":"fr-FR","potentialAction":[{"@type":"ReadAction","target":["http:\/\/universofamilia.com\/sr\/\u0438\u0434\u0435\u0430\u043b\u043d\u0430-\u0440\u0443\u0442\u0438\u043d\u0430-\u0437\u0430-\u0434\u043e\u0431\u0440\u043e-\u0441\u043f\u0430\u0432\u0430\u045a\u0435-\u043f\u043e\u0440\u043e\u0434\/"]}]},{"@type":"ImageObject","inLanguage":"fr-FR","@id":"http:\/\/universofamilia.com\/sr\/\u0438\u0434\u0435\u0430\u043b\u043d\u0430-\u0440\u0443\u0442\u0438\u043d\u0430-\u0437\u0430-\u0434\u043e\u0431\u0440\u043e-\u0441\u043f\u0430\u0432\u0430\u045a\u0435-\u043f\u043e\u0440\u043e\u0434\/#primaryimage","url":"http:\/\/universofamilia.com\/wp-content\/uploads\/sites\/148\/2023\/05\/FOTO-DESTAQUE-dormir-bem-familia-universo-familia-448x350-.png","contentUrl":"http:\/\/universofamilia.com\/wp-content\/uploads\/sites\/148\/2023\/05\/FOTO-DESTAQUE-dormir-bem-familia-universo-familia-448x350-.png","width":448,"height":350},{"@type":"BreadcrumbList","@id":"http:\/\/universofamilia.com\/sr\/\u0438\u0434\u0435\u0430\u043b\u043d\u0430-\u0440\u0443\u0442\u0438\u043d\u0430-\u0437\u0430-\u0434\u043e\u0431\u0440\u043e-\u0441\u043f\u0430\u0432\u0430\u045a\u0435-\u043f\u043e\u0440\u043e\u0434\/#breadcrumb","itemListElement":[{"@type":"ListItem","position":1,"name":"Home","item":"https:\/\/universofamilia.com\/el\/"},{"@type":"ListItem","position":2,"name":"Rotina ideal para a fam\u00edlia dormir bem"}]},{"@type":"WebSite","@id":"https:\/\/universofamilia.com\/el\/#website","url":"https:\/\/universofamilia.com\/el\/","name":"Universo Fam\u00edlia","description":"","potentialAction":[{"@type":"SearchAction","target":{"@type":"EntryPoint","urlTemplate":"https:\/\/universofamilia.com\/el\/?s={search_term_string}"},"query-input":"required name=search_term_string"}],"inLanguage":"fr-FR"}]}},"_links":{"self":[{"href":"http:\/\/universofamilia.com\/fr\/wp-json\/wp\/v2\/posts\/1692"}],"collection":[{"href":"http:\/\/universofamilia.com\/fr\/wp-json\/wp\/v2\/posts"}],"about":[{"href":"http:\/\/universofamilia.com\/fr\/wp-json\/wp\/v2\/types\/post"}],"replies":[{"embeddable":true,"href":"http:\/\/universofamilia.com\/fr\/wp-json\/wp\/v2\/comments?post=1692"}],"version-history":[{"count":0,"href":"http:\/\/universofamilia.com\/fr\/wp-json\/wp\/v2\/posts\/1692\/revisions"}],"wp:featuredmedia":[{"embeddable":true,"href":"http:\/\/universofamilia.com\/fr\/wp-json\/wp\/v2\/media\/1925"}],"wp:attachment":[{"href":"http:\/\/universofamilia.com\/fr\/wp-json\/wp\/v2\/media?parent=1692"}],"wp:term":[{"taxonomy":"category","embeddable":true,"href":"http:\/\/universofamilia.com\/fr\/wp-json\/wp\/v2\/categories?post=1692"},{"taxonomy":"post_tag","embeddable":true,"href":"http:\/\/universofamilia.com\/fr\/wp-json\/wp\/v2\/tags?post=1692"}],"curies":[{"name":"wp","href":"https:\/\/api.w.org\/{rel}","templated":true}]}}