{"id":1802,"date":"2023-05-25T21:51:11","date_gmt":"2023-05-25T21:51:11","guid":{"rendered":"https:\/\/universofamilia.com\/?p=1802"},"modified":"2023-05-25T21:51:11","modified_gmt":"2023-05-25T21:51:11","slug":"tamanho-das-ropinhas-da-carters","status":"publish","type":"post","link":"http:\/\/universofamilia.com\/fr\/tamanho-das-ropinhas-da-carters\/","title":{"rendered":"Taille des Carters Ropinhas"},"content":{"rendered":"<p>D\u00e9couvrez tout ce que vous devez savoir sur la taille des v\u00eatements de la c\u00e9l\u00e8bre marque Carters.<\/p>\n\n\n\n<p>Dans ce guide complet, nous vous fournirons des informations pr\u00e9cieuses sur la fa\u00e7on de choisir la bonne taille pour votre b\u00e9b\u00e9, garantissant confort et style dans toutes les phases de sa croissance.<\/p>\n\n\n\n<p>Continuez \u00e0 lire pour d\u00e9couvrir des conseils, des directives de mesure et des suggestions pour garantir que vos achats sont parfaits.<\/p>\n\n\n\n<h3 class=\"wp-block-heading\">Tableau de conversion des tailles<\/h3>\n\n\n\n<p>Pour faciliter encore plus la t\u00e2che de votre \u00e9cole, Carters fournit un tableau de conversion de taille pratique.<\/p>\n\n\n\n<p>Ce tableau vous permet de comparer les mensurations de votre b\u00e9b\u00e9 avec les tailles Carters, que ce soit en centim\u00e8tres ou en longueur.<\/p>\n\n\n\n<p>De cette fa\u00e7on, vous pouvez prendre une d\u00e9cision \u00e9clair\u00e9e lors de l\u2019achat de v\u00eatements de marque.<\/p>\n\n\n\n<p>Consultez le tableau ci-dessous et j\u2019esp\u00e8re vraiment qu\u2019il vous aidera\u00a0:<\/p>\n\n\n<div class=\"wp-block-image\">\n<figure class=\"aligncenter size-full is-resized\"><img loading=\"lazy\" decoding=\"async\" src=\"http:\/\/universofamilia.com\/wp-content\/uploads\/sites\/148\/2023\/05\/tamanhocartersbebemenor-UNIVERSO-FAMILIA.jpg\" alt=\"\" class=\"wp-image-1803\" width=\"585\" height=\"430\" srcset=\"http:\/\/universofamilia.com\/wp-content\/uploads\/sites\/148\/2023\/05\/tamanhocartersbebemenor-UNIVERSO-FAMILIA.jpg 400w, http:\/\/universofamilia.com\/wp-content\/uploads\/sites\/148\/2023\/05\/tamanhocartersbebemenor-UNIVERSO-FAMILIA-300x221.jpg 300w\" sizes=\"(max-width: 585px) 100vw, 585px\" \/><\/figure><\/div>\n\n\n<p>Le terme \u00ab tout-petit \u00bb d\u00e9signe les b\u00e9b\u00e9s plus \u00e2g\u00e9s qui ne marchent plus. Aux \u00c9tats-Unis, il est tr\u00e8s courant d&#039;appeler ce groupe d&#039;enfants.<\/p>\n\n\n<div class=\"wp-block-image\">\n<figure class=\"aligncenter size-full is-resized\"><img loading=\"lazy\" decoding=\"async\" src=\"http:\/\/universofamilia.com\/wp-content\/uploads\/sites\/148\/2023\/05\/TABELA-de-2-a-5T-UNIVERSO-FAMILIA.png\" alt=\"\" class=\"wp-image-1804\" width=\"591\" height=\"298\" srcset=\"http:\/\/universofamilia.com\/wp-content\/uploads\/sites\/148\/2023\/05\/TABELA-de-2-a-5T-UNIVERSO-FAMILIA.png 409w, http:\/\/universofamilia.com\/wp-content\/uploads\/sites\/148\/2023\/05\/TABELA-de-2-a-5T-UNIVERSO-FAMILIA-300x151.png 300w\" sizes=\"(max-width: 591px) 100vw, 591px\" \/><\/figure><\/div>\n\n<div class=\"wp-block-image\">\n<figure class=\"aligncenter size-full is-resized\"><img loading=\"lazy\" decoding=\"async\" src=\"http:\/\/universofamilia.com\/wp-content\/uploads\/sites\/148\/2023\/05\/TABELA-de-4-a-xlT-UNIVERSO-FAMILIA.png\" alt=\"\" class=\"wp-image-1805\" width=\"587\" height=\"618\" srcset=\"http:\/\/universofamilia.com\/wp-content\/uploads\/sites\/148\/2023\/05\/TABELA-de-4-a-xlT-UNIVERSO-FAMILIA.png 384w, http:\/\/universofamilia.com\/wp-content\/uploads\/sites\/148\/2023\/05\/TABELA-de-4-a-xlT-UNIVERSO-FAMILIA-285x300.png 285w\" sizes=\"(max-width: 587px) 100vw, 587px\" \/><\/figure><\/div>\n\n\n<h3 class=\"wp-block-heading\">Conclusion:<\/h3>\n\n\n\n<p>Choisir la taille appropri\u00e9e des v\u00eatements de la marque Carters est essentiel pour assurer le confort de votre b\u00e9b\u00e9.<\/p>\n\n\n\n<p>Utilisez le guide des mesures, le tableau de discussion et les avis des autres clients pour faire vos achats en toute confiance. Investissez dans des articles qui accompagneront la croissance de votre enfant, garantissant style et beaut\u00e9 \u00e0 chaque \u00e9tape.<\/p>\n\n\n\n<p>Avec Carters, vous aurez la certitude d&#039;acheter des v\u00eatements de haute qualit\u00e9, d\u00e9velopp\u00e9s avec soin et souci du d\u00e9tail.<\/p>\n\n\n\n<p>Ne cessez pas de profiter de la grande vari\u00e9t\u00e9 de styles et de designs propos\u00e9s par Carters, des adorables macacos aux ensembles de tenues \u00e9l\u00e9gantes.<\/p>\n\n\n\n<p>Avec la connaissance des tailles appropri\u00e9es, vous pourrez habiller votre b\u00e9b\u00e9 en toute confiance, sachant qu&#039;il est confortable et bien habill\u00e9.<\/p>\n\n\n\n<p>Choisissez des v\u00eatements adapt\u00e9s \u00e0 votre b\u00e9b\u00e9 et profitez des joies de la maternit\u00e9 et de la paternit\u00e9. Gr\u00e2ce aux informations fournies dans ce guide, vous disposerez de tous les outils n\u00e9cessaires pour faire des achats judicieux et prendre des d\u00e9cisions \u00e9clair\u00e9es.<\/p>\n\n\n\n<p>Alors n&#039;attendez plus !<\/p>\n\n\n\n<p>D\u00e9couvrez la gamme de v\u00eatements de la marque Carters et offrez \u00e0 votre b\u00e9b\u00e9 le confort et le style qu&#039;il m\u00e9rite.<\/p>\n\n\n\n<p>Gr\u00e2ce au souci de Carters pour les bonnes tailles, vous serez pr\u00eat \u00e0 habiller votre tout-petit en toute confiance et \u00e0 profiter de chaque moment pr\u00e9cieux ensemble.<\/p>\n\n\n\n<p>J&#039;esp\u00e8re que vous trouverez de l&#039;aide et des informations sur votre compartiment, qui nous est si utile. Ah ! Si vous avez aim\u00e9 cet article,<\/p>\n\n\n\n<h3 class=\"wp-block-heading\">Voir aussi :<\/h3>\n\n\n\n<p><a href=\"http:\/\/universofamilia.com\/fr\/rotina-ideal-para-a-familia-dormir-bem\/\" target=\"_blank\" rel=\"noreferrer noopener\">Rotina Id\u00e9al pour que la famille dorme bien<\/a><\/p>\n\n\n\n<p><a href=\"http:\/\/universofamilia.com\/fr\/muco-nas-fezes-do-bebe-quando-e-normal-e-quando-se-preocupar\/\" target=\"_blank\" rel=\"noreferrer noopener\">Muco nas fezes do b\u00ea : quand est-ce normal et quand faut-il s&#039;inqui\u00e9ter ?<\/a><\/p>\n\n\n\n<p><a href=\"https:\/\/www.luzbaby.com.br\/\" target=\"_blank\" rel=\"noreferrer noopener\">A Luz Baby est l&#039;un des meilleurs magasins de produits pour b\u00e9b\u00e9s. Cliquez ici.<\/a><\/p>","protected":false},"excerpt":{"rendered":"<p>D\u00e9couvrez tout ce que vous devez savoir sur la taille des v\u00eatements de la c\u00e9l\u00e8bre marque Carters. Dans ce guide complet, nous vous fournirons des informations pr\u00e9cieuses pour choisir la taille id\u00e9ale pour votre b\u00e9b\u00e9, garantissant confort et style \u00e0 chaque \u00e9tape de sa croissance. Poursuivez votre lecture pour d\u00e9couvrir des conseils, des indications de mesure et des suggestions pour un achat parfait.<\/p>","protected":false},"author":0,"featured_media":1907,"comment_status":"closed","ping_status":"open","sticky":false,"template":"","format":"standard","meta":{"footnotes":""},"categories":[5],"tags":[1023,1161,1504],"yoast_head":"<!-- This site is optimized with the Yoast SEO plugin v23.3 - https:\/\/yoast.com\/wordpress\/plugins\/seo\/ -->\n<title>Tamanho das Ropinhas da Carters - Universo Fam\u00edlia<\/title>\n<meta name=\"description\" content=\"Descubra tudo o que voc\u00ea precisa saber sobre o tamanho das roupinhas da renomada marca Carters.\" \/>\n<meta name=\"robots\" content=\"index, follow, max-snippet:-1, max-image-preview:large, max-video-preview:-1\" \/>\n<link rel=\"canonical\" href=\"http:\/\/universofamilia.com\/fr\/tamanho-das-ropinhas-da-carters\/\" \/>\n<meta property=\"og:locale\" content=\"fr_FR\" \/>\n<meta property=\"og:type\" content=\"article\" \/>\n<meta property=\"og:title\" content=\"Tamanho das Ropinhas da Carters - Universo Fam\u00edlia\" \/>\n<meta property=\"og:description\" content=\"Descubra tudo o que voc\u00ea precisa saber sobre o tamanho das roupinhas da renomada marca Carters.\" \/>\n<meta property=\"og:url\" content=\"http:\/\/universofamilia.com\/fr\/tamanho-das-ropinhas-da-carters\/\" \/>\n<meta property=\"og:site_name\" content=\"Universo Fam\u00edlia\" \/>\n<meta property=\"article:published_time\" content=\"2023-05-25T21:51:11+00:00\" \/>\n<meta property=\"og:image\" content=\"http:\/\/universofamilia.com\/wp-content\/uploads\/sites\/148\/2023\/05\/FOTO-DESTAQUE-448x350-.png\" \/>\n\t<meta property=\"og:image:width\" content=\"448\" \/>\n\t<meta property=\"og:image:height\" content=\"350\" \/>\n\t<meta property=\"og:image:type\" content=\"image\/png\" \/>\n<meta name=\"twitter:card\" content=\"summary_large_image\" \/>\n<meta name=\"twitter:label1\" content=\"Est. reading time\" \/>\n\t<meta name=\"twitter:data1\" content=\"3 minutes\" \/>\n<script type=\"application\/ld+json\" class=\"yoast-schema-graph\">{\"@context\":\"https:\/\/schema.org\",\"@graph\":[{\"@type\":\"WebPage\",\"@id\":\"http:\/\/universofamilia.com\/ru\/tamanho-das-ropinhas-da-carters\/\",\"url\":\"http:\/\/universofamilia.com\/ru\/tamanho-das-ropinhas-da-carters\/\",\"name\":\"Tamanho das Ropinhas da Carters - Universo Fam\u00edlia\",\"isPartOf\":{\"@id\":\"http:\/\/universofamilia.com\/ru\/#website\"},\"primaryImageOfPage\":{\"@id\":\"http:\/\/universofamilia.com\/ru\/tamanho-das-ropinhas-da-carters\/#primaryimage\"},\"image\":{\"@id\":\"http:\/\/universofamilia.com\/ru\/tamanho-das-ropinhas-da-carters\/#primaryimage\"},\"thumbnailUrl\":\"http:\/\/universofamilia.com\/wp-content\/uploads\/sites\/148\/2023\/05\/FOTO-DESTAQUE-448x350-.png\",\"datePublished\":\"2023-05-25T21:51:11+00:00\",\"dateModified\":\"2023-05-25T21:51:11+00:00\",\"author\":{\"@id\":\"\"},\"description\":\"Descubra tudo o que voc\u00ea precisa saber sobre o tamanho das roupinhas da renomada marca Carters.\",\"breadcrumb\":{\"@id\":\"http:\/\/universofamilia.com\/ru\/tamanho-das-ropinhas-da-carters\/#breadcrumb\"},\"inLanguage\":\"fr-FR\",\"potentialAction\":[{\"@type\":\"ReadAction\",\"target\":[\"http:\/\/universofamilia.com\/ru\/tamanho-das-ropinhas-da-carters\/\"]}]},{\"@type\":\"ImageObject\",\"inLanguage\":\"fr-FR\",\"@id\":\"http:\/\/universofamilia.com\/ru\/tamanho-das-ropinhas-da-carters\/#primaryimage\",\"url\":\"http:\/\/universofamilia.com\/wp-content\/uploads\/sites\/148\/2023\/05\/FOTO-DESTAQUE-448x350-.png\",\"contentUrl\":\"http:\/\/universofamilia.com\/wp-content\/uploads\/sites\/148\/2023\/05\/FOTO-DESTAQUE-448x350-.png\",\"width\":448,\"height\":350},{\"@type\":\"BreadcrumbList\",\"@id\":\"http:\/\/universofamilia.com\/ru\/tamanho-das-ropinhas-da-carters\/#breadcrumb\",\"itemListElement\":[{\"@type\":\"ListItem\",\"position\":1,\"name\":\"Home\",\"item\":\"http:\/\/universofamilia.com\/ru\/\"},{\"@type\":\"ListItem\",\"position\":2,\"name\":\"Tamanho das Ropinhas da Carters\"}]},{\"@type\":\"WebSite\",\"@id\":\"http:\/\/universofamilia.com\/ru\/#website\",\"url\":\"http:\/\/universofamilia.com\/ru\/\",\"name\":\"Universo Fam\u00edlia\",\"description\":\"\",\"potentialAction\":[{\"@type\":\"SearchAction\",\"target\":{\"@type\":\"EntryPoint\",\"urlTemplate\":\"http:\/\/universofamilia.com\/ru\/?s={search_term_string}\"},\"query-input\":\"required name=search_term_string\"}],\"inLanguage\":\"fr-FR\"}]}<\/script>\n<!-- \/ Yoast SEO plugin. -->","yoast_head_json":{"title":"Tamanho das Ropinhas da Carters - Universo Fam\u00edlia","description":"Descubra tudo o que voc\u00ea precisa saber sobre o tamanho das roupinhas da renomada marca Carters.","robots":{"index":"index","follow":"follow","max-snippet":"max-snippet:-1","max-image-preview":"max-image-preview:large","max-video-preview":"max-video-preview:-1"},"canonical":"http:\/\/universofamilia.com\/fr\/tamanho-das-ropinhas-da-carters\/","og_locale":"fr_FR","og_type":"article","og_title":"Tamanho das Ropinhas da Carters - Universo Fam\u00edlia","og_description":"Descubra tudo o que voc\u00ea precisa saber sobre o tamanho das roupinhas da renomada marca Carters.","og_url":"http:\/\/universofamilia.com\/fr\/tamanho-das-ropinhas-da-carters\/","og_site_name":"Universo Fam\u00edlia","article_published_time":"2023-05-25T21:51:11+00:00","og_image":[{"width":448,"height":350,"url":"http:\/\/universofamilia.com\/wp-content\/uploads\/sites\/148\/2023\/05\/FOTO-DESTAQUE-448x350-.png","type":"image\/png"}],"twitter_card":"summary_large_image","twitter_misc":{"Est. reading time":"3 minutes"},"schema":{"@context":"https:\/\/schema.org","@graph":[{"@type":"WebPage","@id":"http:\/\/universofamilia.com\/ru\/tamanho-das-ropinhas-da-carters\/","url":"http:\/\/universofamilia.com\/ru\/tamanho-das-ropinhas-da-carters\/","name":"Tamanho das Ropinhas da Carters - Universo Fam\u00edlia","isPartOf":{"@id":"http:\/\/universofamilia.com\/ru\/#website"},"primaryImageOfPage":{"@id":"http:\/\/universofamilia.com\/ru\/tamanho-das-ropinhas-da-carters\/#primaryimage"},"image":{"@id":"http:\/\/universofamilia.com\/ru\/tamanho-das-ropinhas-da-carters\/#primaryimage"},"thumbnailUrl":"http:\/\/universofamilia.com\/wp-content\/uploads\/sites\/148\/2023\/05\/FOTO-DESTAQUE-448x350-.png","datePublished":"2023-05-25T21:51:11+00:00","dateModified":"2023-05-25T21:51:11+00:00","author":{"@id":""},"description":"Descubra tudo o que voc\u00ea precisa saber sobre o tamanho das roupinhas da renomada marca Carters.","breadcrumb":{"@id":"http:\/\/universofamilia.com\/ru\/tamanho-das-ropinhas-da-carters\/#breadcrumb"},"inLanguage":"fr-FR","potentialAction":[{"@type":"ReadAction","target":["http:\/\/universofamilia.com\/ru\/tamanho-das-ropinhas-da-carters\/"]}]},{"@type":"ImageObject","inLanguage":"fr-FR","@id":"http:\/\/universofamilia.com\/ru\/tamanho-das-ropinhas-da-carters\/#primaryimage","url":"http:\/\/universofamilia.com\/wp-content\/uploads\/sites\/148\/2023\/05\/FOTO-DESTAQUE-448x350-.png","contentUrl":"http:\/\/universofamilia.com\/wp-content\/uploads\/sites\/148\/2023\/05\/FOTO-DESTAQUE-448x350-.png","width":448,"height":350},{"@type":"BreadcrumbList","@id":"http:\/\/universofamilia.com\/ru\/tamanho-das-ropinhas-da-carters\/#breadcrumb","itemListElement":[{"@type":"ListItem","position":1,"name":"Home","item":"http:\/\/universofamilia.com\/ru\/"},{"@type":"ListItem","position":2,"name":"Tamanho das Ropinhas da Carters"}]},{"@type":"WebSite","@id":"http:\/\/universofamilia.com\/ru\/#website","url":"http:\/\/universofamilia.com\/ru\/","name":"Universo Fam\u00edlia","description":"","potentialAction":[{"@type":"SearchAction","target":{"@type":"EntryPoint","urlTemplate":"http:\/\/universofamilia.com\/ru\/?s={search_term_string}"},"query-input":"required name=search_term_string"}],"inLanguage":"fr-FR"}]}},"_links":{"self":[{"href":"http:\/\/universofamilia.com\/fr\/wp-json\/wp\/v2\/posts\/1802"}],"collection":[{"href":"http:\/\/universofamilia.com\/fr\/wp-json\/wp\/v2\/posts"}],"about":[{"href":"http:\/\/universofamilia.com\/fr\/wp-json\/wp\/v2\/types\/post"}],"replies":[{"embeddable":true,"href":"http:\/\/universofamilia.com\/fr\/wp-json\/wp\/v2\/comments?post=1802"}],"version-history":[{"count":0,"href":"http:\/\/universofamilia.com\/fr\/wp-json\/wp\/v2\/posts\/1802\/revisions"}],"wp:featuredmedia":[{"embeddable":true,"href":"http:\/\/universofamilia.com\/fr\/wp-json\/wp\/v2\/media\/1907"}],"wp:attachment":[{"href":"http:\/\/universofamilia.com\/fr\/wp-json\/wp\/v2\/media?parent=1802"}],"wp:term":[{"taxonomy":"category","embeddable":true,"href":"http:\/\/universofamilia.com\/fr\/wp-json\/wp\/v2\/categories?post=1802"},{"taxonomy":"post_tag","embeddable":true,"href":"http:\/\/universofamilia.com\/fr\/wp-json\/wp\/v2\/tags?post=1802"}],"curies":[{"name":"wp","href":"https:\/\/api.w.org\/{rel}","templated":true}]}}