{"id":2752,"date":"2023-06-18T20:42:37","date_gmt":"2023-06-18T23:42:37","guid":{"rendered":"https:\/\/universofamilia.com\/?p=2752"},"modified":"2025-02-07T01:22:33","modified_gmt":"2025-02-07T01:22:33","slug":"posso-utilizar-ventilador-no-quarto-do-bebe","status":"publish","type":"post","link":"http:\/\/universofamilia.com\/fr\/posso-utilizar-ventilador-no-quarto-do-bebe\/","title":{"rendered":"Puis-je utiliser un ventilateur dans la chambre de b\u00e9b\u00e9 ?"},"content":{"rendered":"<p>Puis-je utiliser un ventilateur dans la chambre de b\u00e9b\u00e9\u00a0? Pour cr\u00e9er un environnement confortable pour b\u00e9b\u00e9, beaucoup se demandent s&#039;il est s\u00fbr et b\u00e9n\u00e9fique d&#039;utiliser un ventilateur dans une petite pi\u00e8ce.<\/p>\n\n\n\n<p>De plus, nous aborderons cette question avec des informations sur les avantages et les soins li\u00e9s \u00e0 l&#039;utilisation de ventilateurs dans la chambre de b\u00e9b\u00e9, ainsi qu&#039;en soulignant les avantages et les inconv\u00e9nients entre le ventilateur pour b\u00e9b\u00e9 et le ventilateur commun.<\/p>\n\n\n\n<p>Continuez \u00e0 lire pour obtenir des conseils utiles et assurer le confort de votre b\u00e9b\u00e9 au cours des prochains jours.<\/p>\n\n\n\n<p>Lisez aussi Comment \u00e9lever une brinquedoteca \u00e0 la maison<\/p>\n\n\n<div class=\"wp-block-image\">\n<figure class=\"aligncenter size-full\"><img loading=\"lazy\" decoding=\"async\" width=\"550\" height=\"350\" src=\"http:\/\/universofamilia.com\/wp-content\/uploads\/sites\/148\/2023\/06\/POST-ventilador-de-teto-universo-familia-.png\" alt=\"\" class=\"wp-image-2755\" srcset=\"http:\/\/universofamilia.com\/wp-content\/uploads\/sites\/148\/2023\/06\/POST-ventilador-de-teto-universo-familia-.png 550w, http:\/\/universofamilia.com\/wp-content\/uploads\/sites\/148\/2023\/06\/POST-ventilador-de-teto-universo-familia--300x191.png 300w\" sizes=\"(max-width: 550px) 100vw, 550px\" \/><figcaption class=\"wp-element-caption\"><em>Photo : (reproduction\/internet)<\/em><\/figcaption><\/figure><\/div>\n\n\n<h3 class=\"wp-block-heading\"><strong>Avantages et pr\u00e9cautions d&#039;utilisation d&#039;un ventilateur dans la chambre de b\u00e9b\u00e9<\/strong><\/h3>\n\n\n\n<p>Utiliser un ventilateur dans la chambre de votre b\u00e9b\u00e9 peut pr\u00e9senter de nombreux avantages, surtout pendant les saisons plus fra\u00eeches. Nous vous pr\u00e9sentons ci-dessous quelques-uns de ses avantages\u00a0:<\/p>\n\n\n\n<p><strong>R\u00e9gulation de la temp\u00e9rature<\/strong>:Un ventilateur adapt\u00e9 peut aider \u00e0 maintenir l&#039;environnement frais et confortable pour le b\u00e9b\u00e9, \u00e9vitant ainsi l&#039;inconfort caus\u00e9 par une chaleur excessive.<\/p>\n\n\n\n<p><strong>Circulation d&#039;air<\/strong>:Le ventilateur favorise la circulation dans la chambre de b\u00e9b\u00e9, r\u00e9duisant la sensation d&#039;\u00e9puisement et r\u00e9duisant la concentration de gaz et d&#039;odeurs.<\/p>\n\n\n\n<p><strong>bruit blanc<\/strong>:La douce lumi\u00e8re du ventilateur peut cr\u00e9er un bruit blanc apaisant, qui aide le b\u00e9b\u00e9 \u00e0 se d\u00e9tendre et \u00e0 s&#039;endormir plus facilement.<\/p>\n\n\n\n<p>Lors de l&#039;utilisation du ventilateur il y a des avantages, il est essentiel de prendre quelques pr\u00e9cautions pour assurer la s\u00e9curit\u00e9 de la sant\u00e9 de votre b\u00e9b\u00e9 :<\/p>\n\n\n\n<p><strong>Distance de s\u00e9curit\u00e9<\/strong>Assurez-vous que le ventilateur est plac\u00e9 dans un endroit s\u00fbr et hors de port\u00e9e du b\u00e9b\u00e9. \u00c9vitez \u00e9galement de le placer pr\u00e8s d&#039;une porte ou d&#039;objets accessibles aux enfants.<\/p>\n\n\n\n<p><strong>Nettoyage r\u00e9gulier<\/strong>: Gardez le ventilateur propre et exempt de poussi\u00e8re, pour \u00e9viter la propagation d&#039;allerg\u00e8nes dans l&#039;environnement.<\/p>\n\n\n\n<p><strong>Une ventilation ad\u00e9quate<\/strong>:Si vous choisissez d&#039;utiliser un ventilateur, il est important d&#039;assurer une bonne ventilation dans la pi\u00e8ce, en ouvrant les portes et les battants pour permettre \u00e0 l&#039;air frais d&#039;entrer.<\/p>\n\n\n\n<h4 class=\"wp-block-heading\"><strong>Ventilateur Teto contre ventilateur commun<\/strong><\/h4>\n\n\n\n<p>Maintenant, comparons les avantages et les inconv\u00e9nients entre le ventilateur de plafond et le ventilateur ordinaire.<\/p>\n\n\n\n<h4 class=\"wp-block-heading\"><strong>Ventilateur de plafond<\/strong><\/h4>\n\n\n<div class=\"wp-block-image\">\n<figure class=\"aligncenter size-full\"><img loading=\"lazy\" decoding=\"async\" width=\"550\" height=\"350\" src=\"http:\/\/universofamilia.com\/wp-content\/uploads\/sites\/148\/2023\/06\/POST-ventilador-de-teto-universo-familia-1-1.png\" alt=\"\" class=\"wp-image-2754\" srcset=\"http:\/\/universofamilia.com\/wp-content\/uploads\/sites\/148\/2023\/06\/POST-ventilador-de-teto-universo-familia-1-1.png 550w, http:\/\/universofamilia.com\/wp-content\/uploads\/sites\/148\/2023\/06\/POST-ventilador-de-teto-universo-familia-1-1-300x191.png 300w\" sizes=\"(max-width: 550px) 100vw, 550px\" \/><figcaption class=\"wp-element-caption\"><em>Photo : (reproduction\/internet)<\/em><\/figcaption><\/figure><\/div>\n\n\n<h5 class=\"wp-block-heading\"><strong>Avantages<\/strong><\/h5>\n\n\n\n<p><strong>\u00c9conomie spatiale<\/strong>:Le ventilateur de plafond est fix\u00e9 au plafond, prenant moins de place dans la chambre de b\u00e9b\u00e9.<\/p>\n\n\n\n<p><strong>Distribution uniforme<\/strong>:Le ventilateur arri\u00e8re fonctionne de mani\u00e8re plus uniforme dans l&#039;environnement, procurant une sensation agr\u00e9able.<\/p>\n\n\n\n<p><strong>S\u00e9curit\u00e9<\/strong>:Parce qu&#039;il n&#039;est pas haut, le ventilateur de plafond est hors de port\u00e9e du b\u00e9b\u00e9, ce qui r\u00e9duit les risques d&#039;accidents.<\/p>\n\n\n\n<h5 class=\"wp-block-heading\"><strong>Inconv\u00e9nients<\/strong><\/h5>\n\n\n\n<p><strong>Difficile de contr\u00f4ler la direction du vent<\/strong>:Sur certains mod\u00e8les, il peut \u00eatre difficile de r\u00e9gler la direction du flux d&#039;air ou cela peut provoquer une g\u00eane pour le b\u00e9b\u00e9.<\/p>\n\n\n\n<p><strong>Difficult\u00e9 de nettoyage<\/strong>:En raison de sa position sur la t\u00eate, le nettoyage du ventilateur de t\u00eate peut \u00eatre plus difficile.<\/p>\n\n\n\n<h4 class=\"wp-block-heading\"><strong>\u00e9ventail commun<\/strong><\/h4>\n\n\n<div class=\"wp-block-image\">\n<figure class=\"aligncenter size-full\"><img loading=\"lazy\" decoding=\"async\" width=\"550\" height=\"350\" src=\"http:\/\/universofamilia.com\/wp-content\/uploads\/sites\/148\/2023\/06\/POST-ventilador-de-teto-universo-familia-2.png\" alt=\"\" class=\"wp-image-2756\" srcset=\"http:\/\/universofamilia.com\/wp-content\/uploads\/sites\/148\/2023\/06\/POST-ventilador-de-teto-universo-familia-2.png 550w, http:\/\/universofamilia.com\/wp-content\/uploads\/sites\/148\/2023\/06\/POST-ventilador-de-teto-universo-familia-2-300x191.png 300w\" sizes=\"(max-width: 550px) 100vw, 550px\" \/><figcaption class=\"wp-element-caption\"><em>Photo : (reproduction\/internet)<\/em><\/figcaption><\/figure><\/div>\n\n\n<h5 class=\"wp-block-heading\"><strong>Avantages<\/strong><\/h5>\n\n\n\n<p><strong>Portabilit\u00e9<\/strong>:Vous pouvez facilement d\u00e9placer le ventilateur commun d&#039;une pi\u00e8ce \u00e0 une autre, vous permettant de diriger le flux d&#039;air selon vos besoins.<\/p>\n\n\n\n<p><strong>Contr\u00f4le r\u00e9glable<\/strong>:La plupart des deux mod\u00e8les de ventilateurs courants offrent des options de r\u00e9glage de la vitesse et de la direction du vent, offrant un plus grand confort au b\u00e9b\u00e9.<\/p>\n\n\n\n<p><strong>Nettoyage facile<\/strong>:Les ventilateurs courants sont plus faciles \u00e0 nettoyer en raison de leur structure accessible.<\/p>\n\n\n\n<h5 class=\"wp-block-heading\"><strong>Inconv\u00e9nients<\/strong><\/h5>\n\n\n\n<p><strong>Occupation de l&#039;espace<\/strong>:Les ventilateurs courants occupent un espace suppl\u00e9mentaire dans la pi\u00e8ce, ce qui peut \u00eatre g\u00eanant dans les environnements plus petits.<\/p>\n\n\n\n<p><strong>Risque accru d&#039;accidents<\/strong>:En raison de sa mobilit\u00e9, il faut veiller \u00e0 \u00e9viter que le b\u00e9b\u00e9 ait un acc\u00e8s direct au ventilateur en fonctionnement.<\/p>\n\n\n\n<p>Lisez aussi 10 conseils pratiques pour am\u00e9nager une chambre de b\u00e9b\u00e9<\/p>\n\n\n\n<h3 class=\"wp-block-heading\"><strong>Conclusion<\/strong><\/h3>\n\n\n<div class=\"wp-block-image\">\n<figure class=\"aligncenter size-full\"><img loading=\"lazy\" decoding=\"async\" width=\"550\" height=\"350\" src=\"http:\/\/universofamilia.com\/wp-content\/uploads\/sites\/148\/2023\/06\/POST-ventilador-de-teto-universo-familia-3.png\" alt=\"\" class=\"wp-image-2757\" srcset=\"http:\/\/universofamilia.com\/wp-content\/uploads\/sites\/148\/2023\/06\/POST-ventilador-de-teto-universo-familia-3.png 550w, http:\/\/universofamilia.com\/wp-content\/uploads\/sites\/148\/2023\/06\/POST-ventilador-de-teto-universo-familia-3-300x191.png 300w\" sizes=\"(max-width: 550px) 100vw, 550px\" \/><figcaption class=\"wp-element-caption\"><em>Photo : (reproduction\/internet)<\/em><\/figcaption><\/figure><\/div>\n\n\n<p>Lorsqu\u2019on envisage l\u2019utilisation d\u2019un ventilateur dans la chambre d\u2019un b\u00e9b\u00e9, il est important d\u2019\u00e9valuer les avantages et les soins n\u00e9cessaires.<\/p>\n\n\n\n<p>La r\u00e9gulation de la temp\u00e9rature, la circulation de l&#039;air et le bruit blanc fournis par le ventilateur peuvent apporter du confort au b\u00e9b\u00e9.<\/p>\n\n\n\n<p>Il est toutefois essentiel de prendre des pr\u00e9cautions pour assurer la s\u00e9curit\u00e9, comme positionner le ventilateur hors de port\u00e9e du b\u00e9b\u00e9 et entretenir un nettoyage r\u00e9gulier.<\/p>\n\n\n\n<p>De plus, lorsque vous choisissez entre le ventilateur de plafond et le ventilateur ordinaire, tenez compte des avantages et des inconv\u00e9nients de chaque option.<\/p>\n\n\n\n<p>De plus, avec des pr\u00e9cautions et des mesures de s\u00e9curit\u00e9 appropri\u00e9es, l&#039;utilisation du ventilateur dans la chambre de b\u00e9b\u00e9 peut contribuer \u00e0 un environnement agr\u00e9able et confortable.<\/p>\n\n\n\n<h3 class=\"wp-block-heading\"><strong>Pour plus d&#039;informations sur l&#039;utilisation des ventilateurs dans la chambre de b\u00e9b\u00e9, vous pouvez consulter les sources fiables suivantes.<\/strong><\/h3>\n\n\n\n<p>Sociedade Brasileira de Pediatria (SBP) \u2013 La SBP est une institution m\u00e9dicale reconnue qui propose des lignes directrices et des recommandations pour les soins aux b\u00e9b\u00e9s.<\/p>\n\n\n\n<p>Le site officiel du SBP contient des informations pertinentes sur la s\u00e9curit\u00e9 et la sant\u00e9 des enfants.<\/p>\n\n\n\n<p>American Academy of Pediatrics (AAP) \u2013 L\u2019AAP est une organisation p\u00e9diatrique renomm\u00e9e bas\u00e9e aux \u00c9tats-Unis.<\/p>\n\n\n\n<p>Le site de l\u2019AAP fournit des ressources pr\u00e9cieuses aux pays et aux professionnels de la sant\u00e9, notamment des conseils sur la sant\u00e9 et la s\u00e9curit\u00e9 des enfants.<\/p>\n\n\n\n<p>Il est toujours conseill\u00e9 de consulter un p\u00e9diatre ou un m\u00e9decin sp\u00e9cialis\u00e9 dans certains cas. Il est \u00e9galement fortement recommand\u00e9 de consulter un p\u00e9diatre ou un m\u00e9decin sp\u00e9cialis\u00e9 pour obtenir des informations personnalis\u00e9es et adapt\u00e9es \u00e0 la situation de votre b\u00e9b\u00e9.<\/p>\n\n\n\n<p>Le pouvoir de fournir des conseils personnalis\u00e9s en fonction de la sant\u00e9 et des besoins individuels de votre b\u00e9b\u00e9.<\/p>\n\n\n\n<p>Vous devez vous rappeler qu&#039;il est essentiel de v\u00e9rifier la mise \u00e0 jour des informations contenues dans ces sources, car les directives et recommandations peuvent \u00eatre mises \u00e0 jour au fil du temps.<\/p>\n\n\n\n<p>Sachez \u00e9galement que<a href=\"https:\/\/www.luzbaby.com.br\/\" target=\"_blank\" rel=\"noreferrer noopener\"> Luz Baby est l&#039;un des meilleurs magasins de produits pour b\u00e9b\u00e9s et d&#039;alimentation. Cliquez ici.<\/a><\/p>","protected":false},"excerpt":{"rendered":"<p>Posso utilizar ventilador no quarto do beb\u00ea? Quando se trata de criar um ambiente confort\u00e1vel para o beb\u00ea, muitas m\u00e3es se perguntam se \u00e9 seguro e ben\u00e9fico utilizar um ventilador no quarto do pequeno. Al\u00e9m disso, abordaremos essa quest\u00e3o com informa\u00e7\u00f5es sobre os benef\u00edcios e cuidados relacionados ao uso de ventiladores no quarto do beb\u00ea, [&hellip;]<\/p>","protected":false},"author":139,"featured_media":2759,"comment_status":"closed","ping_status":"open","sticky":false,"template":"","format":"standard","meta":{"footnotes":""},"categories":[4],"tags":[1310,1540,1541],"yoast_head":"<!-- This site is optimized with the Yoast SEO plugin v23.3 - https:\/\/yoast.com\/wordpress\/plugins\/seo\/ -->\n<title>Posso utilizar ventilador no quarto do beb\u00ea? - Universo Fam\u00edlia<\/title>\n<meta name=\"description\" content=\"Posso utilizar ventilador no quarto do beb\u00ea? Quando se trata de criar um ambiente confort\u00e1vel para o beb\u00ea,\" \/>\n<meta name=\"robots\" content=\"index, follow, max-snippet:-1, max-image-preview:large, max-video-preview:-1\" \/>\n<link rel=\"canonical\" href=\"https:\/\/universofamilia.com\/fr\/posso-utilizar-ventilador-no-quarto-do-bebe\/\" \/>\n<meta property=\"og:locale\" content=\"fr_FR\" \/>\n<meta property=\"og:type\" content=\"article\" \/>\n<meta property=\"og:title\" content=\"Posso utilizar ventilador no quarto do beb\u00ea? - Universo Fam\u00edlia\" \/>\n<meta property=\"og:description\" content=\"Posso utilizar ventilador no quarto do beb\u00ea? Quando se trata de criar um ambiente confort\u00e1vel para o beb\u00ea,\" \/>\n<meta property=\"og:url\" content=\"https:\/\/universofamilia.com\/fr\/posso-utilizar-ventilador-no-quarto-do-bebe\/\" \/>\n<meta property=\"og:site_name\" content=\"Universo Fam\u00edlia\" \/>\n<meta property=\"article:published_time\" content=\"2023-06-18T23:42:37+00:00\" \/>\n<meta property=\"article:modified_time\" content=\"2025-02-07T01:22:33+00:00\" \/>\n<meta property=\"og:image\" content=\"https:\/\/universofamilia.com\/wp-content\/uploads\/sites\/148\/2023\/06\/FOTO-DESTAQUE-ventilador-de-teto-universo-familia-.png\" \/>\n\t<meta property=\"og:image:width\" content=\"448\" \/>\n\t<meta property=\"og:image:height\" content=\"350\" \/>\n\t<meta property=\"og:image:type\" content=\"image\/png\" \/>\n<meta name=\"author\" content=\"Pedro Henrique\" \/>\n<meta name=\"twitter:card\" content=\"summary_large_image\" \/>\n<meta name=\"twitter:label1\" content=\"Written by\" \/>\n\t<meta name=\"twitter:data1\" content=\"Pedro Henrique\" \/>\n\t<meta name=\"twitter:label2\" content=\"Est. reading time\" \/>\n\t<meta name=\"twitter:data2\" content=\"6 minutes\" \/>\n<script type=\"application\/ld+json\" class=\"yoast-schema-graph\">{\"@context\":\"https:\/\/schema.org\",\"@graph\":[{\"@type\":\"WebPage\",\"@id\":\"https:\/\/universofamilia.com\/da\/posso-utilizar-ventilador-no-quarto-do-bebe\/\",\"url\":\"https:\/\/universofamilia.com\/da\/posso-utilizar-ventilador-no-quarto-do-bebe\/\",\"name\":\"Posso utilizar ventilador no quarto do beb\u00ea? - Universo Fam\u00edlia\",\"isPartOf\":{\"@id\":\"https:\/\/universofamilia.com\/el\/#website\"},\"primaryImageOfPage\":{\"@id\":\"https:\/\/universofamilia.com\/da\/posso-utilizar-ventilador-no-quarto-do-bebe\/#primaryimage\"},\"image\":{\"@id\":\"https:\/\/universofamilia.com\/da\/posso-utilizar-ventilador-no-quarto-do-bebe\/#primaryimage\"},\"thumbnailUrl\":\"http:\/\/universofamilia.com\/wp-content\/uploads\/sites\/148\/2023\/06\/FOTO-DESTAQUE-ventilador-de-teto-universo-familia-.png\",\"datePublished\":\"2023-06-18T23:42:37+00:00\",\"dateModified\":\"2025-02-07T01:22:33+00:00\",\"author\":{\"@id\":\"https:\/\/universofamilia.com\/el\/#\/schema\/person\/f07ce98187dd84d31154262e79b3b7ca\"},\"description\":\"Posso utilizar ventilador no quarto do beb\u00ea? Quando se trata de criar um ambiente confort\u00e1vel para o beb\u00ea,\",\"breadcrumb\":{\"@id\":\"https:\/\/universofamilia.com\/da\/posso-utilizar-ventilador-no-quarto-do-bebe\/#breadcrumb\"},\"inLanguage\":\"fr-FR\",\"potentialAction\":[{\"@type\":\"ReadAction\",\"target\":[\"https:\/\/universofamilia.com\/da\/posso-utilizar-ventilador-no-quarto-do-bebe\/\"]}]},{\"@type\":\"ImageObject\",\"inLanguage\":\"fr-FR\",\"@id\":\"https:\/\/universofamilia.com\/da\/posso-utilizar-ventilador-no-quarto-do-bebe\/#primaryimage\",\"url\":\"http:\/\/universofamilia.com\/wp-content\/uploads\/sites\/148\/2023\/06\/FOTO-DESTAQUE-ventilador-de-teto-universo-familia-.png\",\"contentUrl\":\"http:\/\/universofamilia.com\/wp-content\/uploads\/sites\/148\/2023\/06\/FOTO-DESTAQUE-ventilador-de-teto-universo-familia-.png\",\"width\":448,\"height\":350},{\"@type\":\"BreadcrumbList\",\"@id\":\"https:\/\/universofamilia.com\/da\/posso-utilizar-ventilador-no-quarto-do-bebe\/#breadcrumb\",\"itemListElement\":[{\"@type\":\"ListItem\",\"position\":1,\"name\":\"Home\",\"item\":\"https:\/\/universofamilia.com\/el\/\"},{\"@type\":\"ListItem\",\"position\":2,\"name\":\"Posso utilizar ventilador no quarto do beb\u00ea?\"}]},{\"@type\":\"WebSite\",\"@id\":\"https:\/\/universofamilia.com\/el\/#website\",\"url\":\"https:\/\/universofamilia.com\/el\/\",\"name\":\"Universo Fam\u00edlia\",\"description\":\"\",\"potentialAction\":[{\"@type\":\"SearchAction\",\"target\":{\"@type\":\"EntryPoint\",\"urlTemplate\":\"https:\/\/universofamilia.com\/el\/?s={search_term_string}\"},\"query-input\":\"required name=search_term_string\"}],\"inLanguage\":\"fr-FR\"},{\"@type\":\"Person\",\"@id\":\"https:\/\/universofamilia.com\/el\/#\/schema\/person\/f07ce98187dd84d31154262e79b3b7ca\",\"name\":\"Pedro Henrique\",\"image\":{\"@type\":\"ImageObject\",\"inLanguage\":\"fr-FR\",\"@id\":\"https:\/\/universofamilia.com\/el\/#\/schema\/person\/image\/\",\"url\":\"http:\/\/0.gravatar.com\/avatar\/9edfeb808cb4e1599f64d6e45b130154?s=96&d=mm&r=g\",\"contentUrl\":\"http:\/\/0.gravatar.com\/avatar\/9edfeb808cb4e1599f64d6e45b130154?s=96&d=mm&r=g\",\"caption\":\"Pedro Henrique\"},\"url\":\"http:\/\/universofamilia.com\/fr\/author\/editor01\/\"}]}<\/script>\n<!-- \/ Yoast SEO plugin. -->","yoast_head_json":{"title":"Posso utilizar ventilador no quarto do beb\u00ea? - Universo Fam\u00edlia","description":"Posso utilizar ventilador no quarto do beb\u00ea? Quando se trata de criar um ambiente confort\u00e1vel para o beb\u00ea,","robots":{"index":"index","follow":"follow","max-snippet":"max-snippet:-1","max-image-preview":"max-image-preview:large","max-video-preview":"max-video-preview:-1"},"canonical":"https:\/\/universofamilia.com\/fr\/posso-utilizar-ventilador-no-quarto-do-bebe\/","og_locale":"fr_FR","og_type":"article","og_title":"Posso utilizar ventilador no quarto do beb\u00ea? - Universo Fam\u00edlia","og_description":"Posso utilizar ventilador no quarto do beb\u00ea? Quando se trata de criar um ambiente confort\u00e1vel para o beb\u00ea,","og_url":"https:\/\/universofamilia.com\/fr\/posso-utilizar-ventilador-no-quarto-do-bebe\/","og_site_name":"Universo Fam\u00edlia","article_published_time":"2023-06-18T23:42:37+00:00","article_modified_time":"2025-02-07T01:22:33+00:00","og_image":[{"width":448,"height":350,"url":"https:\/\/universofamilia.com\/wp-content\/uploads\/sites\/148\/2023\/06\/FOTO-DESTAQUE-ventilador-de-teto-universo-familia-.png","type":"image\/png"}],"author":"Pedro Henrique","twitter_card":"summary_large_image","twitter_misc":{"Written by":"Pedro Henrique","Est. reading time":"6 minutes"},"schema":{"@context":"https:\/\/schema.org","@graph":[{"@type":"WebPage","@id":"https:\/\/universofamilia.com\/da\/posso-utilizar-ventilador-no-quarto-do-bebe\/","url":"https:\/\/universofamilia.com\/da\/posso-utilizar-ventilador-no-quarto-do-bebe\/","name":"Posso utilizar ventilador no quarto do beb\u00ea? - Universo Fam\u00edlia","isPartOf":{"@id":"https:\/\/universofamilia.com\/el\/#website"},"primaryImageOfPage":{"@id":"https:\/\/universofamilia.com\/da\/posso-utilizar-ventilador-no-quarto-do-bebe\/#primaryimage"},"image":{"@id":"https:\/\/universofamilia.com\/da\/posso-utilizar-ventilador-no-quarto-do-bebe\/#primaryimage"},"thumbnailUrl":"http:\/\/universofamilia.com\/wp-content\/uploads\/sites\/148\/2023\/06\/FOTO-DESTAQUE-ventilador-de-teto-universo-familia-.png","datePublished":"2023-06-18T23:42:37+00:00","dateModified":"2025-02-07T01:22:33+00:00","author":{"@id":"https:\/\/universofamilia.com\/el\/#\/schema\/person\/f07ce98187dd84d31154262e79b3b7ca"},"description":"Posso utilizar ventilador no quarto do beb\u00ea? Quando se trata de criar um ambiente confort\u00e1vel para o beb\u00ea,","breadcrumb":{"@id":"https:\/\/universofamilia.com\/da\/posso-utilizar-ventilador-no-quarto-do-bebe\/#breadcrumb"},"inLanguage":"fr-FR","potentialAction":[{"@type":"ReadAction","target":["https:\/\/universofamilia.com\/da\/posso-utilizar-ventilador-no-quarto-do-bebe\/"]}]},{"@type":"ImageObject","inLanguage":"fr-FR","@id":"https:\/\/universofamilia.com\/da\/posso-utilizar-ventilador-no-quarto-do-bebe\/#primaryimage","url":"http:\/\/universofamilia.com\/wp-content\/uploads\/sites\/148\/2023\/06\/FOTO-DESTAQUE-ventilador-de-teto-universo-familia-.png","contentUrl":"http:\/\/universofamilia.com\/wp-content\/uploads\/sites\/148\/2023\/06\/FOTO-DESTAQUE-ventilador-de-teto-universo-familia-.png","width":448,"height":350},{"@type":"BreadcrumbList","@id":"https:\/\/universofamilia.com\/da\/posso-utilizar-ventilador-no-quarto-do-bebe\/#breadcrumb","itemListElement":[{"@type":"ListItem","position":1,"name":"Home","item":"https:\/\/universofamilia.com\/el\/"},{"@type":"ListItem","position":2,"name":"Posso utilizar ventilador no quarto do beb\u00ea?"}]},{"@type":"WebSite","@id":"https:\/\/universofamilia.com\/el\/#website","url":"https:\/\/universofamilia.com\/el\/","name":"Universo Fam\u00edlia","description":"","potentialAction":[{"@type":"SearchAction","target":{"@type":"EntryPoint","urlTemplate":"https:\/\/universofamilia.com\/el\/?s={search_term_string}"},"query-input":"required name=search_term_string"}],"inLanguage":"fr-FR"},{"@type":"Person","@id":"https:\/\/universofamilia.com\/el\/#\/schema\/person\/f07ce98187dd84d31154262e79b3b7ca","name":"Pedro Henrique","image":{"@type":"ImageObject","inLanguage":"fr-FR","@id":"https:\/\/universofamilia.com\/el\/#\/schema\/person\/image\/","url":"http:\/\/0.gravatar.com\/avatar\/9edfeb808cb4e1599f64d6e45b130154?s=96&d=mm&r=g","contentUrl":"http:\/\/0.gravatar.com\/avatar\/9edfeb808cb4e1599f64d6e45b130154?s=96&d=mm&r=g","caption":"Pedro Henrique"},"url":"http:\/\/universofamilia.com\/fr\/author\/editor01\/"}]}},"_links":{"self":[{"href":"http:\/\/universofamilia.com\/fr\/wp-json\/wp\/v2\/posts\/2752"}],"collection":[{"href":"http:\/\/universofamilia.com\/fr\/wp-json\/wp\/v2\/posts"}],"about":[{"href":"http:\/\/universofamilia.com\/fr\/wp-json\/wp\/v2\/types\/post"}],"author":[{"embeddable":true,"href":"http:\/\/universofamilia.com\/fr\/wp-json\/wp\/v2\/users\/139"}],"replies":[{"embeddable":true,"href":"http:\/\/universofamilia.com\/fr\/wp-json\/wp\/v2\/comments?post=2752"}],"version-history":[{"count":1,"href":"http:\/\/universofamilia.com\/fr\/wp-json\/wp\/v2\/posts\/2752\/revisions"}],"predecessor-version":[{"id":8591,"href":"http:\/\/universofamilia.com\/fr\/wp-json\/wp\/v2\/posts\/2752\/revisions\/8591"}],"wp:featuredmedia":[{"embeddable":true,"href":"http:\/\/universofamilia.com\/fr\/wp-json\/wp\/v2\/media\/2759"}],"wp:attachment":[{"href":"http:\/\/universofamilia.com\/fr\/wp-json\/wp\/v2\/media?parent=2752"}],"wp:term":[{"taxonomy":"category","embeddable":true,"href":"http:\/\/universofamilia.com\/fr\/wp-json\/wp\/v2\/categories?post=2752"},{"taxonomy":"post_tag","embeddable":true,"href":"http:\/\/universofamilia.com\/fr\/wp-json\/wp\/v2\/tags?post=2752"}],"curies":[{"name":"wp","href":"https:\/\/api.w.org\/{rel}","templated":true}]}}