{"id":2760,"date":"2023-06-18T21:39:10","date_gmt":"2023-06-19T00:39:10","guid":{"rendered":"https:\/\/universofamilia.com\/?p=2760"},"modified":"2025-10-05T22:57:48","modified_gmt":"2025-10-06T01:57:48","slug":"posso-utilizar-ar-condicionado-no-quarto-do-bebe","status":"publish","type":"post","link":"http:\/\/universofamilia.com\/fr\/posso-utilizar-ar-condicionado-no-quarto-do-bebe\/","title":{"rendered":"Puis-je utiliser le revitalisant dans la chambre de b\u00e9b\u00e9 ?"},"content":{"rendered":"<p>Avoir un b\u00e9b\u00e9 \u00e0 la maison est une exp\u00e9rience incroyable, mais cela soul\u00e8ve \u00e9galement diverses pr\u00e9occupations pour votre pays.<\/p>\n\n\n\n<p>Puis-je utiliser un climatiseur dans la chambre de b\u00e9b\u00e9\u00a0? On a souvent peur d&#039;utiliser un climatiseur dans une chambre de b\u00e9b\u00e9 s\u00e9curis\u00e9e.<\/p>\n\n\n\n<p>Explorons les avantages et les soins li\u00e9s \u00e0 cette qu\u00eate, ainsi que la hauteur et l&#039;emplacement adapt\u00e9s \u00e0 l&#039;installation de l&#039;appareil.<\/p>\n\n\n<div class=\"wp-block-image\">\n<figure class=\"aligncenter size-full\"><img loading=\"lazy\" decoding=\"async\" width=\"550\" height=\"350\" src=\"http:\/\/universofamilia.com\/wp-content\/uploads\/sites\/148\/2023\/06\/POST-ar-condicionado-universo-familia-2.png\" alt=\"\" class=\"wp-image-2762\" srcset=\"http:\/\/universofamilia.com\/wp-content\/uploads\/sites\/148\/2023\/06\/POST-ar-condicionado-universo-familia-2.png 550w, http:\/\/universofamilia.com\/wp-content\/uploads\/sites\/148\/2023\/06\/POST-ar-condicionado-universo-familia-2-300x191.png 300w\" sizes=\"(max-width: 550px) 100vw, 550px\" \/><figcaption class=\"wp-element-caption\"><em>Photo : (reproduction\/internet)<\/em><\/figcaption><\/figure><\/div>\n\n\n<h3 class=\"wp-block-heading\"><strong>Avantages de l&#039;utilisation de la climatisation dans la chambre de b\u00e9b\u00e9<\/strong><\/h3>\n\n\n\n<p><strong>Contr\u00f4le de la temp\u00e9rature<\/strong>:La climatisation offre l&#039;avantage de r\u00e9guler la temp\u00e9rature ambiante, garantissant que la chambre de b\u00e9b\u00e9 soit toujours agr\u00e9able, surtout pendant les saisons les plus fra\u00eeches de l&#039;ann\u00e9e.<\/p>\n\n\n\n<p>Maintenir une temp\u00e9rature appropri\u00e9e peut aider \u00e0 favoriser un son calme et confortable pour votre b\u00e9b\u00e9.<\/p>\n\n\n\n<p><strong>R\u00e9duction de l&#039;humidit\u00e9<\/strong>En plus de contr\u00f4ler la temp\u00e9rature ou la climatisation, il permet \u00e9galement de r\u00e9duire l&#039;humidit\u00e9 ambiante.<\/p>\n\n\n\n<p>Ceci est particuli\u00e8rement important pour \u00e9viter l\u2019accumulation de mofos et d\u2019acariens, qui peuvent \u00eatre nocifs pour la sant\u00e9 respiratoire du b\u00e9b\u00e9.<\/p>\n\n\n\n<p><strong>Filtration de l&#039;air<\/strong>:De nombreux mod\u00e8les de climatiseurs sont dot\u00e9s de filtres qui aident \u00e0 purifier l&#039;air, en \u00e9liminant la pollution, le pollen et d&#039;autres allerg\u00e8nes pouvant provoquer une g\u00eane respiratoire.<\/p>\n\n\n\n<p>Il est \u00e9galement particuli\u00e8rement b\u00e9n\u00e9fique pour les b\u00e9b\u00e9s qui ont des sensibilit\u00e9s respiratoires ou des allergies.<\/p>\n\n\n\n<p>Leia aussi <a href=\"http:\/\/universofamilia.com\/fr\/posso-utilizar-ventilador-no-quarto-do-bebe\/\" target=\"_blank\" rel=\"noreferrer noopener\">Puis-je utiliser un ventilateur dans la chambre de b\u00e9b\u00e9 ?<\/a><\/p>\n\n\n\n<h3 class=\"wp-block-heading\"><strong>Pr\u00e9cautions \u00e0 prendre lors de l&#039;utilisation d&#039;un climatiseur dans la chambre de b\u00e9b\u00e9<\/strong><\/h3>\n\n\n\n<p><strong>Nettoyage r\u00e9gulier de deux filtres<\/strong>:Pour garantir la qualit\u00e9 de l&#039;air, il est indispensable de nettoyer r\u00e9guli\u00e8rement deux filtres \u00e0 air conditionn\u00e9.<\/p>\n\n\n\n<p>Cette action permet d\u2019\u00e9viter l\u2019accumulation de pollution et d\u2019allerg\u00e8nes, assurant ainsi un environnement sain pour votre b\u00e9b\u00e9.<\/p>\n\n\n\n<p><strong>Temp\u00e9rature ad\u00e9quate<\/strong>:Il est important de r\u00e9guler ou de conditionner la temp\u00e9rature \u00e0 une temp\u00e9rature appropri\u00e9e pour le b\u00e9b\u00e9.<\/p>\n\n\n\n<p>Il est recommand\u00e9 de maintenir la temp\u00e9rature entre 23\u00b0C et 25\u00b0C, offrant un confort thermique m\u00eame si l&#039;environnement est tr\u00e8s froid.<\/p>\n\n\n\n<p><strong>\u00c9vitez les courants d&#039;air directs<\/strong>: Positionnez le climatiseur de mani\u00e8re \u00e0 ce que le flux d&#039;air n&#039;atteigne pas directement la zone o\u00f9 dort le b\u00e9b\u00e9.<\/p>\n\n\n\n<p>Cela peut \u00e9galement provoquer une d\u00e9tresse respiratoire ou m\u00eame des rhumes.<\/p>\n\n\n\n<h3 class=\"wp-block-heading\"><strong>Hauteur et emplacement de la condition dans la chambre du b\u00e9b\u00e9<\/strong><\/h3>\n\n\n\n<p>Lors de l&#039;installation ou de la climatisation de la chambre de b\u00e9b\u00e9, il est important de tenir compte de la hauteur et de l&#039;emplacement. Voici quelques conseils\u00a0:<\/p>\n\n\n\n<p><strong>Hauteur id\u00e9ale<\/strong>: Installer ou conditionner \u00e0 une hauteur s\u00e9curitaire, hors de port\u00e9e du b\u00e9b\u00e9. La hauteur recommand\u00e9e est d&#039;environ 1,8 m\u00e8tre du plafond.<\/p>\n\n\n\n<p>Cela emp\u00eache le b\u00e9b\u00e9 d&#039;avoir acc\u00e8s \u00e0 l&#039;appareil et pr\u00e9vient d&#039;\u00e9ventuels accidents.<\/p>\n\n\n<div class=\"wp-block-image\">\n<figure class=\"aligncenter size-full\"><img loading=\"lazy\" decoding=\"async\" width=\"550\" height=\"350\" src=\"http:\/\/universofamilia.com\/wp-content\/uploads\/sites\/148\/2023\/06\/POST-ar-condicionado-universo-familia-.png\" alt=\"\" class=\"wp-image-2763\" srcset=\"http:\/\/universofamilia.com\/wp-content\/uploads\/sites\/148\/2023\/06\/POST-ar-condicionado-universo-familia-.png 550w, http:\/\/universofamilia.com\/wp-content\/uploads\/sites\/148\/2023\/06\/POST-ar-condicionado-universo-familia--300x191.png 300w\" sizes=\"(max-width: 550px) 100vw, 550px\" \/><figcaption class=\"wp-element-caption\"><em>Photo : (reproduction\/internet)<\/em><\/figcaption><\/figure><\/div>\n\n\n<p><strong>Distance du ber\u00e7o<\/strong>: Assurez-vous que le climatiseur est positionn\u00e9 \u00e0 une distance de s\u00e9curit\u00e9 de la base.<\/p>\n\n\n\n<p>\u00c9vitez de placer trop d&#039;air ou un flux d&#039;air direct trop proche qui pourrait rendre votre b\u00e9b\u00e9 inconfortable pendant son sommeil.<\/p>\n\n\n\n<p><strong>\u00c9viter les obstructions<\/strong>: Assurez-vous qu\u2019aucun objet n\u2019obstrue le flux de chaleur conditionn\u00e9e.<\/p>\n\n\n\n<p>De plus, gardez l\u2019espace libre autour de l\u2019appareil pour assurer une circulation ad\u00e9quate dans l\u2019environnement.<\/p>\n\n\n\n<h3 class=\"wp-block-heading\"><strong>Suggestion pour l&#039;installation de la climatisation dans la chambre de b\u00e9b\u00e9<\/strong><\/h3>\n\n\n\n<p>Une installation correcte de l&#039;appareil dans la chambre de b\u00e9b\u00e9 est essentielle pour garantir l&#039;efficacit\u00e9 de l&#039;appareil et la s\u00e9curit\u00e9 des enfants.<\/p>\n\n\n\n<p>Voici quelques conseils sur la mani\u00e8re de r\u00e9aliser l&#039;installation et sur la hauteur adapt\u00e9e au positionnement ou au conditionnement :<\/p>\n\n\n\n<p><strong>Engagez un professionnel<\/strong>:Il est recommand\u00e9 que l&#039;installation de la condition soit effectu\u00e9e par un professionnel qualifi\u00e9.<\/p>\n\n\n\n<p>De plus, ce sp\u00e9cialiste poss\u00e8de les connaissances techniques n\u00e9cessaires pour r\u00e9aliser une installation s\u00fbre et ad\u00e9quate, minimisant les risques et garantissant le bon fonctionnement de l&#039;appareil.<\/p>\n\n\n\n<p><strong>Choisissez un mur ou une fen\u00eatre<\/strong>:Avant l&#039;installation ou le conditionnement, il est important de d\u00e9cider si vous souhaitez fixer l&#039;appareil sur un mur ou sur une porte.<\/p>\n\n\n\n<p>Ce choix d\u00e9pendra des caract\u00e9ristiques de l\u2019environnement et de la structure de la chambre de b\u00e9b\u00e9.<\/p>\n\n\n\n<p><strong>Hauteur recommand\u00e9e<\/strong>La hauteur id\u00e9ale pour positionner ou climatiser la chambre de b\u00e9b\u00e9 est d&#039;environ 1,8 m\u00e8tre. Cette hauteur permet une distribution efficace de l&#039;air ambiant, pr\u00e9servant ainsi le confort thermique du b\u00e9b\u00e9.<\/p>\n\n\n<div class=\"wp-block-image\">\n<figure class=\"aligncenter size-full\"><img loading=\"lazy\" decoding=\"async\" width=\"550\" height=\"350\" src=\"http:\/\/universofamilia.com\/wp-content\/uploads\/sites\/148\/2023\/06\/POST-ar-condicionado-universo-familia-1-1.png\" alt=\"\" class=\"wp-image-2765\" srcset=\"http:\/\/universofamilia.com\/wp-content\/uploads\/sites\/148\/2023\/06\/POST-ar-condicionado-universo-familia-1-1.png 550w, http:\/\/universofamilia.com\/wp-content\/uploads\/sites\/148\/2023\/06\/POST-ar-condicionado-universo-familia-1-1-300x191.png 300w\" sizes=\"(max-width: 550px) 100vw, 550px\" \/><figcaption class=\"wp-element-caption\"><em>Photo : (reproduction\/internet)<\/em><\/figcaption><\/figure><\/div>\n\n\n<p><strong>\u00c9viter les obstructions<\/strong>Assurez-vous qu&#039;aucun objet mobile n&#039;obstrue la zone autour de l&#039;appareil. Ces obstacles peuvent g\u00eaner la circulation de l&#039;air et affecter son efficacit\u00e9.<\/p>\n\n\n\n<p><strong>Sens du flux d&#039;air<\/strong>: Positionnez le climatiseur de mani\u00e8re \u00e0 ce que le flux d&#039;air ne soit pas dirig\u00e9 directement vers le sol ou la zone o\u00f9 dort b\u00e9b\u00e9. Cela pr\u00e9vient ainsi l&#039;inconfort respiratoire caus\u00e9 par les courants d&#039;air directs.<\/p>\n\n\n\n<p><strong>Distance de s\u00e9curit\u00e9<\/strong>:Maintenez une distance de s\u00e9curit\u00e9 entre le conditionn\u00e9 et le ber\u00e7o, en \u00e9vitant de les placer trop pr\u00e8s l&#039;un de l&#039;autre.<\/p>\n\n\n\n<p>Ainsi, cette mesure garantit que nous \u00e9vitons d\u2019exposer le b\u00e9b\u00e9 directement au flux d\u2019air froid, contribuant ainsi \u00e0 pr\u00e9venir les rhumes ou les inconforts.<\/p>\n\n\n\n<p>Assurez-vous de toujours suivre les instructions du fabricant pour l&#039;installation du climatiseur et, en cas de doute, consultez un professionnel sp\u00e9cialis\u00e9.<\/p>\n\n\n\n<p>De plus, en assurant une installation et un positionnement ou un conditionnement appropri\u00e9s \u00e0 la bonne hauteur, vous offrirez un environnement s\u00fbr, confortable et \u00e0 temp\u00e9rature contr\u00f4l\u00e9e pour le bien-\u00eatre de votre b\u00e9b\u00e9.<\/p>\n\n\n\n<h3 class=\"wp-block-heading\"><strong>Conclusion<\/strong><\/h3>\n\n\n\n<p>L\u2019utilisation d\u2019un climatiseur dans la chambre de votre b\u00e9b\u00e9 peut avoir des avantages consid\u00e9rables, \u00e0 condition d\u2019en prendre soin correctement.<\/p>\n\n\n\n<p>Contr\u00f4ler la temp\u00e9rature, r\u00e9duire l&#039;humidit\u00e9 et filtrer les \u00e9tapes importantes pour assurer un environnement s\u00fbr pour votre b\u00e9b\u00e9.<\/p>\n\n\n\n<p>Il est n\u00e9cessaire de maintenir un nettoyage r\u00e9gulier des deux filtres, d&#039;ajuster la temp\u00e9rature en fonction des besoins du b\u00e9b\u00e9 et de le positionner ou de le conditionner de mani\u00e8re appropri\u00e9e, hors de port\u00e9e de l&#039;enfant.<\/p>\n\n\n\n<p>Ainsi, en suivant ces directives, vous pourrez profiter d&#039;un environnement agr\u00e9able et confortable pour votre b\u00e9b\u00e9, favorisant son bien-\u00eatre et une bonne qualit\u00e9 sonore.<\/p>\n\n\n\n<p>Besoin d&#039;accessoires et de v\u00eatements, conhe\u00e7a |&nbsp;<a href=\"https:\/\/www.luzbaby.com.br\/\" target=\"_blank\" rel=\"noreferrer noopener\">A Luz Baby est l&#039;un des meilleurs magasins de produits pour b\u00e9b\u00e9s. Cliquez ici.<\/a><\/p>\n\n\n\n<h3 class=\"wp-block-heading\"><strong>Plus d&#039;informations<\/strong><\/h3>\n\n\n\n<p>Pour des informations plus d\u00e9taill\u00e9es et compl\u00e8tes sur l&#039;utilisation de la climatisation dans la chambre d&#039;un b\u00e9b\u00e9, il est recommand\u00e9 de consulter des sources suppl\u00e9mentaires et de prendre en compte les avis des sp\u00e9cialistes.<\/p>\n\n\n\n<p><strong>Voici quelques r\u00e9f\u00e9rences de confiance que vous pouvez consulter :<\/strong><\/p>\n\n\n\n<p><strong>Soci\u00e9t\u00e9 br\u00e9silienne de p\u00e9diatrie (SBP) :<\/strong> La SBP est une institution reconnue qui propose des conseils et des informations sur la garde d&#039;enfants. Son site officiel (https:\/\/www.sbp.com.br\/) propose des conseils sur l&#039;utilisation de la climatisation dans la chambre de b\u00e9b\u00e9.<\/p>\n\n\n\n<p><strong>Association br\u00e9silienne de r\u00e9frig\u00e9ration, de climatisation, de ventilation et d&#039;aqueduc (ABRAVA) :<\/strong> ABRAVA est une association regroupant des professionnels et des entreprises du secteur de la climatisation. Ce site (https:\/\/abrava.com.br\/) propose des informations techniques sur la bonne installation de ce syst\u00e8me.<\/p>\n\n\n\n<p><strong>Consultez des p\u00e9diatres et des sp\u00e9cialistes de la climatisation<\/strong>:Lorsque l&#039;on discute de l&#039;utilisation de la climatisation dans la chambre d&#039;un b\u00e9b\u00e9, il est toujours valable de demander l&#039;avis de professionnels de la sant\u00e9 et de sp\u00e9cialistes de la climatisation.<\/p>\n\n\n\n<p>Planifiez une consultation avec le p\u00e9diatre de votre b\u00e9b\u00e9 pour obtenir des conseils sp\u00e9cifiques en fonction des ant\u00e9c\u00e9dents m\u00e9dicaux de votre enfant.<\/p>\n\n\n\n<p>Vous pouvez \u00e9galement consulter un sp\u00e9cialiste en climatisation pour obtenir des recommandations personnalis\u00e9es en fonction des caract\u00e9ristiques de l&#039;environnement.<\/p>\n\n\n\n<p>Notez que les orientations peuvent varier en fonction des besoins individuels du b\u00e9b\u00e9 et des conditions sp\u00e9cifiques de l&#039;environnement.<\/p>\n\n\n\n<p>Il est donc important que vous recherchiez des informations actualis\u00e9es et personnalis\u00e9es aupr\u00e8s de sources professionnelles fiables et qualifi\u00e9es.<\/p>","protected":false},"excerpt":{"rendered":"<p>Avoir un b\u00e9b\u00e9 \u00e0 la maison est une exp\u00e9rience incroyable, mais cela soul\u00e8ve aussi de nombreuses inqui\u00e9tudes dans votre pays. Puis-je utiliser la climatisation dans la chambre de b\u00e9b\u00e9\u00a0? L&#039;utilisation d&#039;une chambre climatis\u00e9e et s\u00fbre pour b\u00e9b\u00e9 est souvent source d&#039;inqui\u00e9tude. Voyons maintenant les avantages et les pr\u00e9cautions \u00e0 prendre pour r\u00e9pondre \u00e0 cette question, en plus de [\u2026]<\/p>","protected":false},"author":219,"featured_media":2766,"comment_status":"closed","ping_status":"open","sticky":false,"template":"","format":"standard","meta":{"footnotes":""},"categories":[4],"tags":[486,487,1310],"yoast_head":"<!-- This site is optimized with the Yoast SEO plugin v23.3 - https:\/\/yoast.com\/wordpress\/plugins\/seo\/ -->\n<title>Posso Utilizar Ar Condicionado no Quarto do Beb\u00ea? - Universo Fam\u00edlia<\/title>\n<meta name=\"description\" content=\"Posso Utilizar Ar Condicionado no Quarto do Beb\u00ea? Ter um beb\u00ea em casa \u00e9 uma experi\u00eancia incr\u00edvel, mas tamb\u00e9m traz diversas preocupa\u00e7\u00f5es para\" \/>\n<meta name=\"robots\" content=\"index, follow, max-snippet:-1, max-image-preview:large, max-video-preview:-1\" \/>\n<link rel=\"canonical\" href=\"https:\/\/universofamilia.com\/fr\/posso-utilizar-ar-condicionado-no-quarto-do-bebe\/\" \/>\n<meta property=\"og:locale\" content=\"fr_FR\" \/>\n<meta property=\"og:type\" content=\"article\" \/>\n<meta property=\"og:title\" content=\"Posso Utilizar Ar Condicionado no Quarto do Beb\u00ea? - Universo Fam\u00edlia\" \/>\n<meta property=\"og:description\" content=\"Posso Utilizar Ar Condicionado no Quarto do Beb\u00ea? Ter um beb\u00ea em casa \u00e9 uma experi\u00eancia incr\u00edvel, mas tamb\u00e9m traz diversas preocupa\u00e7\u00f5es para\" \/>\n<meta property=\"og:url\" content=\"https:\/\/universofamilia.com\/fr\/posso-utilizar-ar-condicionado-no-quarto-do-bebe\/\" \/>\n<meta property=\"og:site_name\" content=\"Universo Fam\u00edlia\" \/>\n<meta property=\"article:published_time\" content=\"2023-06-19T00:39:10+00:00\" \/>\n<meta property=\"article:modified_time\" content=\"2025-10-06T01:57:48+00:00\" \/>\n<meta property=\"og:image\" content=\"https:\/\/universofamilia.com\/wp-content\/uploads\/sites\/148\/2023\/06\/FOTO-DESTAQUE-ar-condicionado-universo-familia-.png\" \/>\n\t<meta property=\"og:image:width\" content=\"448\" \/>\n\t<meta property=\"og:image:height\" content=\"350\" \/>\n\t<meta property=\"og:image:type\" content=\"image\/png\" \/>\n<meta name=\"author\" content=\"Matheus Sangaletti\" \/>\n<meta name=\"twitter:card\" content=\"summary_large_image\" \/>\n<meta name=\"twitter:label1\" content=\"Written by\" \/>\n\t<meta name=\"twitter:data1\" content=\"Matheus Sangaletti\" \/>\n\t<meta name=\"twitter:label2\" content=\"Est. reading time\" \/>\n\t<meta name=\"twitter:data2\" content=\"8 minutes\" \/>\n<script type=\"application\/ld+json\" class=\"yoast-schema-graph\">{\"@context\":\"https:\/\/schema.org\",\"@graph\":[{\"@type\":\"WebPage\",\"@id\":\"https:\/\/universofamilia.com\/zh\/posso-utilizar-ar-condicionado-no-quarto-do-bebe\/\",\"url\":\"https:\/\/universofamilia.com\/zh\/posso-utilizar-ar-condicionado-no-quarto-do-bebe\/\",\"name\":\"Posso Utilizar Ar Condicionado no Quarto do Beb\u00ea? - Universo Fam\u00edlia\",\"isPartOf\":{\"@id\":\"http:\/\/universofamilia.com\/zh_hk\/#website\"},\"primaryImageOfPage\":{\"@id\":\"https:\/\/universofamilia.com\/zh\/posso-utilizar-ar-condicionado-no-quarto-do-bebe\/#primaryimage\"},\"image\":{\"@id\":\"https:\/\/universofamilia.com\/zh\/posso-utilizar-ar-condicionado-no-quarto-do-bebe\/#primaryimage\"},\"thumbnailUrl\":\"http:\/\/universofamilia.com\/wp-content\/uploads\/sites\/148\/2023\/06\/FOTO-DESTAQUE-ar-condicionado-universo-familia-.png\",\"datePublished\":\"2023-06-19T00:39:10+00:00\",\"dateModified\":\"2025-10-06T01:57:48+00:00\",\"author\":{\"@id\":\"http:\/\/universofamilia.com\/zh_hk\/#\/schema\/person\/92fcd07e9b1f4323bf74f3170fc0f78a\"},\"description\":\"Posso Utilizar Ar Condicionado no Quarto do Beb\u00ea? Ter um beb\u00ea em casa \u00e9 uma experi\u00eancia incr\u00edvel, mas tamb\u00e9m traz diversas preocupa\u00e7\u00f5es para\",\"breadcrumb\":{\"@id\":\"https:\/\/universofamilia.com\/zh\/posso-utilizar-ar-condicionado-no-quarto-do-bebe\/#breadcrumb\"},\"inLanguage\":\"fr-FR\",\"potentialAction\":[{\"@type\":\"ReadAction\",\"target\":[\"https:\/\/universofamilia.com\/zh\/posso-utilizar-ar-condicionado-no-quarto-do-bebe\/\"]}]},{\"@type\":\"ImageObject\",\"inLanguage\":\"fr-FR\",\"@id\":\"https:\/\/universofamilia.com\/zh\/posso-utilizar-ar-condicionado-no-quarto-do-bebe\/#primaryimage\",\"url\":\"http:\/\/universofamilia.com\/wp-content\/uploads\/sites\/148\/2023\/06\/FOTO-DESTAQUE-ar-condicionado-universo-familia-.png\",\"contentUrl\":\"http:\/\/universofamilia.com\/wp-content\/uploads\/sites\/148\/2023\/06\/FOTO-DESTAQUE-ar-condicionado-universo-familia-.png\",\"width\":448,\"height\":350},{\"@type\":\"BreadcrumbList\",\"@id\":\"https:\/\/universofamilia.com\/zh\/posso-utilizar-ar-condicionado-no-quarto-do-bebe\/#breadcrumb\",\"itemListElement\":[{\"@type\":\"ListItem\",\"position\":1,\"name\":\"Home\",\"item\":\"http:\/\/universofamilia.com\/zh_hk\/\"},{\"@type\":\"ListItem\",\"position\":2,\"name\":\"Posso Utilizar Ar Condicionado no Quarto do Beb\u00ea?\"}]},{\"@type\":\"WebSite\",\"@id\":\"http:\/\/universofamilia.com\/zh_hk\/#website\",\"url\":\"http:\/\/universofamilia.com\/zh_hk\/\",\"name\":\"Universo Fam\u00edlia\",\"description\":\"\",\"potentialAction\":[{\"@type\":\"SearchAction\",\"target\":{\"@type\":\"EntryPoint\",\"urlTemplate\":\"http:\/\/universofamilia.com\/zh_hk\/?s={search_term_string}\"},\"query-input\":\"required name=search_term_string\"}],\"inLanguage\":\"fr-FR\"},{\"@type\":\"Person\",\"@id\":\"http:\/\/universofamilia.com\/zh_hk\/#\/schema\/person\/92fcd07e9b1f4323bf74f3170fc0f78a\",\"name\":\"Matheus Sangaletti\",\"image\":{\"@type\":\"ImageObject\",\"inLanguage\":\"fr-FR\",\"@id\":\"http:\/\/universofamilia.com\/zh_hk\/#\/schema\/person\/image\/\",\"url\":\"http:\/\/2.gravatar.com\/avatar\/280ea957a14a48e6a1ad2133d2cc27c9?s=96&d=mm&r=g\",\"contentUrl\":\"http:\/\/2.gravatar.com\/avatar\/280ea957a14a48e6a1ad2133d2cc27c9?s=96&d=mm&r=g\",\"caption\":\"Matheus Sangaletti\"},\"url\":\"http:\/\/universofamilia.com\/fr\/author\/matheuss\/\"}]}<\/script>\n<!-- \/ Yoast SEO plugin. -->","yoast_head_json":{"title":"Posso Utilizar Ar Condicionado no Quarto do Beb\u00ea? - Universo Fam\u00edlia","description":"Posso Utilizar Ar Condicionado no Quarto do Beb\u00ea? Ter um beb\u00ea em casa \u00e9 uma experi\u00eancia incr\u00edvel, mas tamb\u00e9m traz diversas preocupa\u00e7\u00f5es para","robots":{"index":"index","follow":"follow","max-snippet":"max-snippet:-1","max-image-preview":"max-image-preview:large","max-video-preview":"max-video-preview:-1"},"canonical":"https:\/\/universofamilia.com\/fr\/posso-utilizar-ar-condicionado-no-quarto-do-bebe\/","og_locale":"fr_FR","og_type":"article","og_title":"Posso Utilizar Ar Condicionado no Quarto do Beb\u00ea? - Universo Fam\u00edlia","og_description":"Posso Utilizar Ar Condicionado no Quarto do Beb\u00ea? Ter um beb\u00ea em casa \u00e9 uma experi\u00eancia incr\u00edvel, mas tamb\u00e9m traz diversas preocupa\u00e7\u00f5es para","og_url":"https:\/\/universofamilia.com\/fr\/posso-utilizar-ar-condicionado-no-quarto-do-bebe\/","og_site_name":"Universo Fam\u00edlia","article_published_time":"2023-06-19T00:39:10+00:00","article_modified_time":"2025-10-06T01:57:48+00:00","og_image":[{"width":448,"height":350,"url":"https:\/\/universofamilia.com\/wp-content\/uploads\/sites\/148\/2023\/06\/FOTO-DESTAQUE-ar-condicionado-universo-familia-.png","type":"image\/png"}],"author":"Matheus Sangaletti","twitter_card":"summary_large_image","twitter_misc":{"Written by":"Matheus Sangaletti","Est. reading time":"8 minutes"},"schema":{"@context":"https:\/\/schema.org","@graph":[{"@type":"WebPage","@id":"https:\/\/universofamilia.com\/zh\/posso-utilizar-ar-condicionado-no-quarto-do-bebe\/","url":"https:\/\/universofamilia.com\/zh\/posso-utilizar-ar-condicionado-no-quarto-do-bebe\/","name":"Posso Utilizar Ar Condicionado no Quarto do Beb\u00ea? - Universo Fam\u00edlia","isPartOf":{"@id":"http:\/\/universofamilia.com\/zh_hk\/#website"},"primaryImageOfPage":{"@id":"https:\/\/universofamilia.com\/zh\/posso-utilizar-ar-condicionado-no-quarto-do-bebe\/#primaryimage"},"image":{"@id":"https:\/\/universofamilia.com\/zh\/posso-utilizar-ar-condicionado-no-quarto-do-bebe\/#primaryimage"},"thumbnailUrl":"http:\/\/universofamilia.com\/wp-content\/uploads\/sites\/148\/2023\/06\/FOTO-DESTAQUE-ar-condicionado-universo-familia-.png","datePublished":"2023-06-19T00:39:10+00:00","dateModified":"2025-10-06T01:57:48+00:00","author":{"@id":"http:\/\/universofamilia.com\/zh_hk\/#\/schema\/person\/92fcd07e9b1f4323bf74f3170fc0f78a"},"description":"Posso Utilizar Ar Condicionado no Quarto do Beb\u00ea? Ter um beb\u00ea em casa \u00e9 uma experi\u00eancia incr\u00edvel, mas tamb\u00e9m traz diversas preocupa\u00e7\u00f5es para","breadcrumb":{"@id":"https:\/\/universofamilia.com\/zh\/posso-utilizar-ar-condicionado-no-quarto-do-bebe\/#breadcrumb"},"inLanguage":"fr-FR","potentialAction":[{"@type":"ReadAction","target":["https:\/\/universofamilia.com\/zh\/posso-utilizar-ar-condicionado-no-quarto-do-bebe\/"]}]},{"@type":"ImageObject","inLanguage":"fr-FR","@id":"https:\/\/universofamilia.com\/zh\/posso-utilizar-ar-condicionado-no-quarto-do-bebe\/#primaryimage","url":"http:\/\/universofamilia.com\/wp-content\/uploads\/sites\/148\/2023\/06\/FOTO-DESTAQUE-ar-condicionado-universo-familia-.png","contentUrl":"http:\/\/universofamilia.com\/wp-content\/uploads\/sites\/148\/2023\/06\/FOTO-DESTAQUE-ar-condicionado-universo-familia-.png","width":448,"height":350},{"@type":"BreadcrumbList","@id":"https:\/\/universofamilia.com\/zh\/posso-utilizar-ar-condicionado-no-quarto-do-bebe\/#breadcrumb","itemListElement":[{"@type":"ListItem","position":1,"name":"Home","item":"http:\/\/universofamilia.com\/zh_hk\/"},{"@type":"ListItem","position":2,"name":"Posso Utilizar Ar Condicionado no Quarto do Beb\u00ea?"}]},{"@type":"WebSite","@id":"http:\/\/universofamilia.com\/zh_hk\/#website","url":"http:\/\/universofamilia.com\/zh_hk\/","name":"Universo Fam\u00edlia","description":"","potentialAction":[{"@type":"SearchAction","target":{"@type":"EntryPoint","urlTemplate":"http:\/\/universofamilia.com\/zh_hk\/?s={search_term_string}"},"query-input":"required name=search_term_string"}],"inLanguage":"fr-FR"},{"@type":"Person","@id":"http:\/\/universofamilia.com\/zh_hk\/#\/schema\/person\/92fcd07e9b1f4323bf74f3170fc0f78a","name":"Matheus Sangaletti","image":{"@type":"ImageObject","inLanguage":"fr-FR","@id":"http:\/\/universofamilia.com\/zh_hk\/#\/schema\/person\/image\/","url":"http:\/\/2.gravatar.com\/avatar\/280ea957a14a48e6a1ad2133d2cc27c9?s=96&d=mm&r=g","contentUrl":"http:\/\/2.gravatar.com\/avatar\/280ea957a14a48e6a1ad2133d2cc27c9?s=96&d=mm&r=g","caption":"Matheus Sangaletti"},"url":"http:\/\/universofamilia.com\/fr\/author\/matheuss\/"}]}},"_links":{"self":[{"href":"http:\/\/universofamilia.com\/fr\/wp-json\/wp\/v2\/posts\/2760"}],"collection":[{"href":"http:\/\/universofamilia.com\/fr\/wp-json\/wp\/v2\/posts"}],"about":[{"href":"http:\/\/universofamilia.com\/fr\/wp-json\/wp\/v2\/types\/post"}],"author":[{"embeddable":true,"href":"http:\/\/universofamilia.com\/fr\/wp-json\/wp\/v2\/users\/219"}],"replies":[{"embeddable":true,"href":"http:\/\/universofamilia.com\/fr\/wp-json\/wp\/v2\/comments?post=2760"}],"version-history":[{"count":1,"href":"http:\/\/universofamilia.com\/fr\/wp-json\/wp\/v2\/posts\/2760\/revisions"}],"predecessor-version":[{"id":9885,"href":"http:\/\/universofamilia.com\/fr\/wp-json\/wp\/v2\/posts\/2760\/revisions\/9885"}],"wp:featuredmedia":[{"embeddable":true,"href":"http:\/\/universofamilia.com\/fr\/wp-json\/wp\/v2\/media\/2766"}],"wp:attachment":[{"href":"http:\/\/universofamilia.com\/fr\/wp-json\/wp\/v2\/media?parent=2760"}],"wp:term":[{"taxonomy":"category","embeddable":true,"href":"http:\/\/universofamilia.com\/fr\/wp-json\/wp\/v2\/categories?post=2760"},{"taxonomy":"post_tag","embeddable":true,"href":"http:\/\/universofamilia.com\/fr\/wp-json\/wp\/v2\/tags?post=2760"}],"curies":[{"name":"wp","href":"https:\/\/api.w.org\/{rel}","templated":true}]}}