{"id":8905,"date":"2025-03-05T20:35:12","date_gmt":"2025-03-05T20:35:12","guid":{"rendered":"https:\/\/universofamilia.com\/?p=8905"},"modified":"2025-03-05T20:36:20","modified_gmt":"2025-03-05T20:36:20","slug":"asistencia-de-transicion","status":"publish","type":"post","link":"http:\/\/universofamilia.com\/fr\/asistencia-de-transicion\/","title":{"rendered":"Aide \u00e0 la transition : programmes de soutien aux anciens combattants dans la vie civile"},"content":{"rendered":"<p>La transition de la vie militaire \u00e0 la vie civile peut \u00eatre difficile pour de nombreux v\u00e9t\u00e9rans.<\/p>\n\n\n<div class=\"wp-block-image\">\n<figure class=\"aligncenter size-full\"><img loading=\"lazy\" decoding=\"async\" width=\"550\" height=\"350\" src=\"https:\/\/universofamilia.com\/wp-content\/uploads\/sites\/148\/2025\/03\/DESTAQUE-UNIVERSO-550-x-350-1.jpg\" alt=\"\" class=\"wp-image-8906\" srcset=\"http:\/\/universofamilia.com\/wp-content\/uploads\/sites\/148\/2025\/03\/DESTAQUE-UNIVERSO-550-x-350-1.jpg 550w, http:\/\/universofamilia.com\/wp-content\/uploads\/sites\/148\/2025\/03\/DESTAQUE-UNIVERSO-550-x-350-1-300x191.jpg 300w, http:\/\/universofamilia.com\/wp-content\/uploads\/sites\/148\/2025\/03\/DESTAQUE-UNIVERSO-550-x-350-1-18x12.jpg 18w\" sizes=\"(max-width: 550px) 100vw, 550px\" \/><figcaption class=\"wp-element-caption\">Aide \u00e0 la transition<\/figcaption><\/figure><\/div>\n\n\n<p>Heureusement, il existe plusieurs programmes de soutien qui facilitent ce processus, en offrant tout, du soutien \u00e9motionnel \u00e0 la formation pour la r\u00e9int\u00e9gration sur le march\u00e9 du travail.<\/p>\n\n\n\n<p>Dans cet article, nous explorons les principales ressources disponibles pour les v\u00e9t\u00e9rans et comment y acc\u00e9der.<\/p>\n\n\n\n<h2 class=\"wp-block-heading\">Que sont les programmes d\u2019aide \u00e0 la transition et pourquoi sont-ils importants ?<\/h2>\n\n\n\n<p>Des programmes d\u2019aide \u00e0 la transition ont \u00e9t\u00e9 cr\u00e9\u00e9s pour aider les anciens combattants \u00e0 s\u2019adapter \u00e0 la vie civile apr\u00e8s avoir quitt\u00e9 le service militaire.<\/p>\n\n\n\n<p>Ils fournissent un soutien financier, \u00e9motionnel et professionnel pour garantir aux anciens combattants l\u2019acc\u00e8s \u00e0 une vie stable et r\u00e9ussie en dehors de l\u2019arm\u00e9e.<\/p>\n\n\n\n<p>L\u2019importance de ces programmes est immense, car de nombreux anciens combattants ont du mal \u00e0 trouver un emploi, souffrent du syndrome de stress post-traumatique (SSPT) ou sont confront\u00e9s \u00e0 des probl\u00e8mes de sant\u00e9 physique.<\/p>\n\n\n\n<p>De plus, la r\u00e9adaptation sociale peut \u00eatre compliqu\u00e9e, car la structure et la routine de la vie civile sont tr\u00e8s diff\u00e9rentes des exp\u00e9riences du service militaire.<\/p>\n\n\n\n<p>Avec le soutien appropri\u00e9, les anciens combattants peuvent surmonter ces obstacles et construire une nouvelle voie vers le succ\u00e8s, garantissant non seulement la stabilit\u00e9 \u00e9conomique, mais aussi la qualit\u00e9 de vie et le bien-\u00eatre \u00e9motionnel.<\/p>\n\n\n<div class=\"wp-block-image\">\n<figure class=\"aligncenter size-full\"><img loading=\"lazy\" decoding=\"async\" width=\"550\" height=\"350\" src=\"https:\/\/universofamilia.com\/wp-content\/uploads\/sites\/148\/2025\/03\/DESTAQUE-UNIVERSO-550-x-350-2.jpg\" alt=\"\" class=\"wp-image-8907\" srcset=\"http:\/\/universofamilia.com\/wp-content\/uploads\/sites\/148\/2025\/03\/DESTAQUE-UNIVERSO-550-x-350-2.jpg 550w, http:\/\/universofamilia.com\/wp-content\/uploads\/sites\/148\/2025\/03\/DESTAQUE-UNIVERSO-550-x-350-2-300x191.jpg 300w, http:\/\/universofamilia.com\/wp-content\/uploads\/sites\/148\/2025\/03\/DESTAQUE-UNIVERSO-550-x-350-2-18x12.jpg 18w\" sizes=\"(max-width: 550px) 100vw, 550px\" \/><figcaption class=\"wp-element-caption\">Aide \u00e0 la transition<\/figcaption><\/figure><\/div>\n\n\n<h2 class=\"wp-block-heading\">Les meilleures ressources pour aider les anciens combattants \u00e0 s&#039;adapter \u00e0 la vie civile<\/h2>\n\n\n\n<p>Il existe plusieurs programmes et organismes d\u00e9di\u00e9s \u00e0 fournir un soutien sp\u00e9cifique aux anciens combattants, en les aidant dans diff\u00e9rents aspects de la vie civile.<\/p>\n\n\n\n<h3 class=\"wp-block-heading\">\u00c9tablir des liens avec d&#039;autres v\u00e9t\u00e9rans<\/h3>\n\n\n\n<p>Entrer en contact avec d\u2019autres v\u00e9t\u00e9rans est essentiel pour une transition plus douce.<\/p>\n\n\n\n<p>Des organisations telles que <strong>L\u00e9gion am\u00e9ricaine<\/strong> et <strong>Anciens combattants des guerres \u00e9trang\u00e8res (VFW)<\/strong> Ils favorisent les r\u00e9seaux de soutien, les \u00e9v\u00e9nements sociaux et les opportunit\u00e9s de b\u00e9n\u00e9volat.<\/p>\n\n\n\n<p>Ces r\u00e9seaux sont essentiels pour que les v\u00e9t\u00e9rans puissent partager leurs exp\u00e9riences, trouver un soutien \u00e9motionnel et se sentir membres d\u2019une communaut\u00e9 qui comprend leurs d\u00e9fis.<\/p>\n\n\n\n<h3 class=\"wp-block-heading\">Aller de l&#039;avant<\/h3>\n\n\n\n<p><strong>Aller de l&#039;avant<\/strong> est un programme en ligne d\u00e9velopp\u00e9 pour aider les anciens combattants \u00e0 faire face aux d\u00e9fis quotidiens en utilisant des strat\u00e9gies bas\u00e9es sur la th\u00e9rapie cognitivo-comportementale.<\/p>\n\n\n\n<p>Le programme enseigne des techniques de gestion du stress, de r\u00e9solution de probl\u00e8mes et de prise de d\u00e9cision, contribuant ainsi \u00e0 l\u2019adaptation \u00e0 la vie civile.<\/p>\n\n\n\n<h3 class=\"wp-block-heading\">Pr\u00e9vention du suicide<\/h3>\n\n\n\n<p>La sant\u00e9 mentale des v\u00e9t\u00e9rans est une priorit\u00e9. Des organisations comme <strong>Ligne de crise pour les anciens combattants<\/strong> Ils offrent un soutien 24 heures sur 24 aux v\u00e9t\u00e9rans en crise, garantissant une aide imm\u00e9diate.<\/p>\n\n\n\n<p>Malheureusement, le taux de suicide chez les anciens combattants est plus \u00e9lev\u00e9 que dans la population g\u00e9n\u00e9rale. L\u2019acc\u00e8s aux services de sant\u00e9 mentale et de pr\u00e9vention du suicide est donc essentiel.<\/p>\n\n\n\n<h3 class=\"wp-block-heading\">Soins aux victimes de traumatismes cr\u00e2niens (TCC)<\/h3>\n\n\n\n<p>De nombreux v\u00e9t\u00e9rans souffrent de <strong>traumatisme cr\u00e2nien (TCC)<\/strong> en raison de l&#039;exposition aux explosions et aux blessures pendant le service militaire.<\/p>\n\n\n\n<p>Le VA (Department of Veterans Affairs) propose des programmes sp\u00e9cialis\u00e9s pour le traitement et la r\u00e9adaptation des l\u00e9sions c\u00e9r\u00e9brales traumatiques, aidant les anciens combattants \u00e0 retrouver leurs fonctions cognitives et motrices.<\/p>\n\n\n\n<h2 class=\"wp-block-heading\">Comment puis-je acc\u00e9der \u00e0 un soutien professionnel et \u00e0 une formation gratuits en tant qu\u2019ancien combattant ?<\/h2>\n\n\n\n<p>Il <strong>D\u00e9partement des anciens combattants des \u00c9tats-Unis (VA)<\/strong> propose diverses initiatives pour aider les v\u00e9t\u00e9rans \u00e0 r\u00e9int\u00e9grer le march\u00e9 du travail.<\/p>\n\n\n    <section class=\"mx-1 my-10\">\n                                                <a href=\"https:\/\/www.mentalhealth.va.gov\/transitioning-service\/resources.asp\" class=\"text-white\" data-analytics-label=\"optionsButton\"\n                    data-action=\"analytics#trackCTA\">\n                    <div data-options-target=\"option\"\n                        class=\"custom-section rounded-xl border p-3 shadow-md w-full bg-green-700 my-3\">\n                        <div class=\"flex w-full items-center justify-between\">\n                            <div class=\"flex items-center space-x-3\">\n                                <div class=\"text-lg font-bold\">\n                                    D\u00e9partement des anciens combattants des \u00c9tats-Unis (VA) \u279d\n                                <\/div>\n                            <\/div>\n                        <\/div>\n                    <\/div>\n                <\/a>\n                            <p class=\"text-xs text-gray-500 text-right\"\n            style=\"margin-left: 50%; margin-bottom: 50px; margin-top: 5px;\">\n            <!-- You will be redirected to another website -->\n        <\/p>\n    <\/section>\n\n\n\n\n<p class=\"has-text-align-center\"><em><strong><em><strong><em><strong><em><strong><em><strong><strong><em><strong><em><strong><em><strong><em><strong><em><strong><em><strong><em><strong><em><strong><em><strong><em><strong><strong><em><strong><em><strong><em><strong><em><strong><em><strong><em><strong><em><strong><em><strong><em><strong><em><strong><strong>Vous serez redirig\u00e9 vers un autre site<\/strong><\/strong><\/em><\/strong><\/em><\/strong><\/em><\/strong><\/em><\/strong><\/em><\/strong><\/em><\/strong><\/em><\/strong><\/em><\/strong><\/em><\/strong><\/em><\/strong><\/strong><\/em><\/strong><\/em><\/strong><\/em><\/strong><\/em><\/strong><\/em><\/strong><\/em><\/strong><\/em><\/strong><\/em><\/strong><\/em><\/strong><\/em><\/strong><\/strong><\/em><\/strong><\/em><\/strong><\/em><\/strong><\/em><\/strong><\/em><\/p>\n\n\n\n<hr class=\"wp-block-separator has-alpha-channel-opacity is-style-wide\" \/>\n\n\n\n<p><\/p>\n\n\n\n<h3 class=\"wp-block-heading\">Programme de r\u00e9adaptation professionnelle (VR&amp;E)<\/h3>\n\n\n\n<p>Ce programme offre une formation professionnelle, un soutien \u00e0 la recherche d\u2019emploi et une assistance aux anciens combattants souffrant d\u2019un handicap li\u00e9 \u00e0 l\u2019arm\u00e9e.<\/p>\n\n\n\n<p>C&#039;est une excellente option pour ceux qui souhaitent d\u00e9velopper de nouvelles comp\u00e9tences et assurer leur stabilit\u00e9 financi\u00e8re.<\/p>\n\n\n\n<p>En outre, le VA propose \u00e9galement des cours gratuits en collaboration avec des \u00e9tablissements d\u2019enseignement sup\u00e9rieur, permettant aux v\u00e9t\u00e9rans d\u2019acqu\u00e9rir de nouvelles qualifications pour leur carri\u00e8re civile.<\/p>\n\n\n    <section class=\"mx-1 my-10\">\n                                                <a href=\"https:\/\/www.va.gov\/health-care\/eligibility\/\" class=\"text-white\" data-analytics-label=\"optionsButton\"\n                    data-action=\"analytics#trackCTA\">\n                    <div data-options-target=\"option\"\n                        class=\"custom-section rounded-xl border p-3 shadow-md w-full bg-green-700 my-3\">\n                        <div class=\"flex w-full items-center justify-between\">\n                            <div class=\"flex items-center space-x-3\">\n                                <div class=\"text-lg font-bold\">\n                                    Programme de r\u00e9adaptation professionnelle (VR&amp;E) \u279d\n                                <\/div>\n                            <\/div>\n                        <\/div>\n                    <\/div>\n                <\/a>\n                            <p class=\"text-xs text-gray-500 text-right\"\n            style=\"margin-left: 50%; margin-bottom: 50px; margin-top: 5px;\">\n            <!-- You will be redirected to another website -->\n        <\/p>\n    <\/section>\n\n\n\n\n<p class=\"has-text-align-center\"><em><strong><em><strong><em><strong><em><strong><em><strong><strong><em><strong><em><strong><em><strong><em><strong><em><strong><em><strong><em><strong><em><strong><em><strong><em><strong><strong><em><strong><em><strong><em><strong><em><strong><em><strong><em><strong><em><strong><em><strong><em><strong><em><strong><strong>Vous serez redirig\u00e9 vers un autre site<\/strong><\/strong><\/em><\/strong><\/em><\/strong><\/em><\/strong><\/em><\/strong><\/em><\/strong><\/em><\/strong><\/em><\/strong><\/em><\/strong><\/em><\/strong><\/em><\/strong><\/strong><\/em><\/strong><\/em><\/strong><\/em><\/strong><\/em><\/strong><\/em><\/strong><\/em><\/strong><\/em><\/strong><\/em><\/strong><\/em><\/strong><\/em><\/strong><\/strong><\/em><\/strong><\/em><\/strong><\/em><\/strong><\/em><\/strong><\/em><\/p>\n\n\n\n<hr class=\"wp-block-separator has-alpha-channel-opacity is-style-wide\" \/>\n\n\n\n<p><\/p>\n\n\n\n<h2 class=\"wp-block-heading\">Planification financi\u00e8re et aide au logement pour les anciens combattants en transition<\/h2>\n\n\n\n<p>La stabilit\u00e9 financi\u00e8re est l\u2019un des piliers les plus importants de la transition vers la vie civile.<\/p>\n\n\n\n<p>Plusieurs programmes offrent une aide financi\u00e8re et une aide au logement aux anciens combattants :<\/p>\n\n\n\n<ul>\n<li><strong>Prestations de logement du VA<\/strong>Le VA offre des garanties de pr\u00eat pour que les anciens combattants puissent acheter des maisons avec des conditions sp\u00e9ciales.<\/li>\n\n\n\n<li><strong>Formation en \u00e9ducation financi\u00e8re<\/strong>Des organisations comme USAA fournissent un soutien financier pour aider les anciens combattants \u00e0 mieux g\u00e9rer leur argent.<\/li>\n<\/ul>\n\n\n\n<h2 class=\"wp-block-heading\">Histoires de r\u00e9ussite\u00a0: des v\u00e9t\u00e9rans prosp\u00e8rent apr\u00e8s avoir utilis\u00e9 les services du TAP<\/h2>\n\n\n\n<p>Il <strong>Programme d&#039;aide \u00e0 la transition (TAP)<\/strong> a aid\u00e9 des milliers de v\u00e9t\u00e9rans \u00e0 r\u00e9ussir apr\u00e8s leur service militaire.<\/p>\n\n\n\n<p>Nombre d\u2019entre eux ont r\u00e9ussi \u00e0 ouvrir leur propre entreprise, \u00e0 terminer des \u00e9tudes universitaires et \u00e0 r\u00e9aliser des carri\u00e8res prestigieuses dans le secteur civil.<\/p>\n\n\n\n<h2 class=\"wp-block-heading\">Les programmes d\u2019aide \u00e0 la transition sont essentiels<\/h2>\n\n\n\n<p>La transition vers la vie civile peut \u00eatre difficile, mais avec les bonnes ressources, les v\u00e9t\u00e9rans peuvent se b\u00e2tir un avenir radieux.<\/p>\n\n\n\n<p>Un soutien ad\u00e9quat fait toute la diff\u00e9rence, garantissant que ceux qui ont servi notre pays b\u00e9n\u00e9ficient de l\u2019aide dont ils ont besoin pour s\u2019\u00e9panouir.<\/p>\n\n\n\n<p>Si vous \u00eates un ancien combattant ou connaissez quelqu\u2019un qui a besoin d\u2019aide, renseignez-vous sur ces programmes et rejoignez ce r\u00e9seau de soutien.<\/p>\n\n\n\n<h2 class=\"wp-block-heading\">Sources<\/h2>\n\n\n\n<ul>\n<li>D\u00e9partement des anciens combattants des \u00c9tats-Unis (VA)<\/li>\n\n\n\n<li>L\u00e9gion am\u00e9ricaine<\/li>\n\n\n\n<li>Ligne de crise pour les anciens combattants<\/li>\n\n\n\n<li>Programme d&#039;aide \u00e0 la transition (TAP)<\/li>\n\n\n\n<li>Services financiers USAA<\/li>\n<\/ul>\n\n\n\n<h2 class=\"wp-block-heading\"><strong>Questions fr\u00e9quemment pos\u00e9es sur l&#039;aide \u00e0 la transition des anciens combattants<\/strong><\/h2>\n\n\n\n<h3 class=\"wp-block-heading\">Qu\u2019est-ce que l\u2019aide \u00e0 la transition pour les anciens combattants militaires ?<\/h3>\n\n\n\n<p>L\u2019aide \u00e0 la transition est un ensemble de programmes et de ressources con\u00e7us pour aider <strong>v\u00e9t\u00e9rans militaires<\/strong> s&#039;adapter \u00e0 la <strong>vie civile<\/strong> apr\u00e8s son service dans les forces arm\u00e9es.<\/p>\n\n\n\n<p>Ces programmes comprennent un soutien financier, des services de conseil en sant\u00e9 mentale, des possibilit\u00e9s d&#039;emploi et une formation professionnelle. Leur objectif est d&#039;assurer une r\u00e9int\u00e9gration r\u00e9ussie et de minimiser les difficult\u00e9s rencontr\u00e9es par les anciens combattants apr\u00e8s leur lib\u00e9ration du service militaire.<\/p>\n\n\n\n<h3 class=\"wp-block-heading\">Quels sont les principaux avantages pour les v\u00e9t\u00e9rans lors de la transition vers la vie civile ?<\/h3>\n\n\n\n<p>Le <strong>prestations aux anciens combattants<\/strong> en transition comprennent l&#039;aide \u00e0 la <strong>recherche d&#039;emploi<\/strong>, acc\u00e8s \u00e0 l&#039;enseignement sup\u00e9rieur avec bourses et subventions, soutien en <strong>sant\u00e9 mentale<\/strong> pour le traitement de <strong>ESPT<\/strong> et d&#039;autres troubles li\u00e9s aux services, ainsi que l&#039;acc\u00e8s aux programmes <strong>r\u00e9adaptation professionnelle<\/strong> et une aide financi\u00e8re pour l&#039;acquisition d&#039;un logement.<\/p>\n\n\n\n<h3 class=\"wp-block-heading\">Quels programmes offrent un soutien en sant\u00e9 mentale aux anciens combattants\u00a0?<\/h3>\n\n\n\n<p>Il existe plusieurs initiatives ax\u00e9es sur le bien-\u00eatre psychologique des <strong>v\u00e9t\u00e9rans militaires<\/strong>. Il <strong>Ligne de crise pour les anciens combattants<\/strong> fournit une assistance 24 heures sur 24 aux personnes souffrant de crises \u00e9motionnelles ou de pens\u00e9es suicidaires.<\/p>\n\n\n\n<p>Il existe \u00e9galement des programmes comme <strong>Aller de l&#039;avant<\/strong>, qui propose des strat\u00e9gies bas\u00e9es sur la th\u00e9rapie cognitivo-comportementale pour g\u00e9rer le stress et l&#039;anxi\u00e9t\u00e9.<\/p>\n\n\n\n<p>De plus, le minist\u00e8re des Anciens Combattants offre des traitements pour <strong>trouble de stress post-traumatique (TSPT)<\/strong> et le <strong>traumatisme cr\u00e2nien (TCC)<\/strong>.<\/p>\n\n\n\n<h3 class=\"wp-block-heading\">Comment un ancien combattant peut-il acc\u00e9der aux programmes de r\u00e9adaptation professionnelle ?<\/h3>\n\n\n\n<p>Il <strong>Programme de r\u00e9adaptation professionnelle (VR&amp;E)<\/strong> du minist\u00e8re des Anciens Combattants est une excellente option pour ceux qui recherchent une formation professionnelle gratuite.<\/p>\n\n\n\n<p>Ce programme aide les <strong>v\u00e9t\u00e9rans militaires<\/strong> personnes handicap\u00e9es li\u00e9es au service pour obtenir une formation technique, un soutien \u00e9ducatif et des conseils en recherche d&#039;emploi.<\/p>\n\n\n\n<p>Les personnes int\u00e9ress\u00e9es peuvent s&#039;inscrire via le portail officiel de <strong>VA<\/strong> ou visitez un centre de soins pour anciens combattants.<\/p>\n\n\n\n<h3 class=\"wp-block-heading\">Quel type d\u2019aide au logement est disponible pour les anciens combattants\u00a0?<\/h3>\n\n\n\n<p>Le <strong>v\u00e9t\u00e9rans militaires<\/strong> peuvent acc\u00e9der \u00e0 des pr\u00eats garantis par le <strong>VA<\/strong> pour les achats de maisons avec des taux d\u2019int\u00e9r\u00eat bas et sans acompte.<\/p>\n\n\n\n<p>Des subventions sont \u00e9galement disponibles pour les anciens combattants handicap\u00e9s n\u00e9cessitant des am\u00e9nagements de logement. De plus, des organismes proposent une aide au logement et un soutien aux personnes handicap\u00e9es. <strong>v\u00e9t\u00e9rans sans abri<\/strong>.<\/p>\n\n\n\n<h3 class=\"wp-block-heading\">Comment un v\u00e9t\u00e9ran peut-il am\u00e9liorer sa stabilit\u00e9 financi\u00e8re apr\u00e8s son service militaire ?<\/h3>\n\n\n\n<p>La stabilit\u00e9 financi\u00e8re est essentielle dans le <strong>transition vers la vie civile<\/strong>Il existe des programmes de <strong>\u00e9ducation financi\u00e8re<\/strong> comme ceux fournis par l&#039;USAA, qui enseignent aux \u00e9tudiants <strong>v\u00e9t\u00e9rans militaires<\/strong> sur la gestion de l\u2019argent, l\u2019investissement et la planification de la retraite.<\/p>\n\n\n\n<p>De plus, les organismes gouvernementaux et priv\u00e9s offrent une assistance pour g\u00e9rer les prestations et maximiser les ressources financi\u00e8res.<\/p>\n\n\n\n<h3 class=\"wp-block-heading\">Pourquoi est-il important pour les v\u00e9t\u00e9rans de participer \u00e0 des r\u00e9seaux de soutien ?<\/h3>\n\n\n\n<p>Connectez-vous avec les autres <strong>v\u00e9t\u00e9rans militaires<\/strong> est essentielle pour une r\u00e9int\u00e9gration r\u00e9ussie.<\/p>\n\n\n\n<p>Des organisations telles que <strong>L\u00e9gion am\u00e9ricaine<\/strong> et <strong>Anciens combattants des guerres \u00e9trang\u00e8res (VFW)<\/strong> Ils facilitent les \u00e9v\u00e9nements, les conseils et les opportunit\u00e9s de b\u00e9n\u00e9volat, permettant aux v\u00e9t\u00e9rans de partager leurs exp\u00e9riences, de recevoir un soutien \u00e9motionnel et de trouver des opportunit\u00e9s d&#039;emploi.<\/p>\n\n\n\n<p>Faire partie d\u2019une communaut\u00e9 aide \u00e0 r\u00e9duire le sentiment d\u2019isolement et favorise un sentiment d\u2019appartenance.<\/p>","protected":false},"excerpt":{"rendered":"<p>La transici\u00f3n de la vida militar a la vida civil puede ser un desaf\u00edo para muchos veteranos. Afortunadamente, existen varios programas de apoyo que ayudan en este proceso, ofreciendo desde apoyo emocional hasta entrenamientos para la reinserci\u00f3n en el mercado laboral. En este art\u00edculo, exploramos los principales recursos disponibles para los veteranos y c\u00f3mo acceder [&hellip;]<\/p>","protected":false},"author":139,"featured_media":8907,"comment_status":"closed","ping_status":"open","sticky":false,"template":"","format":"standard","meta":{"footnotes":""},"categories":[5],"tags":[1983,1984,1982,1981,1980],"yoast_head":"<!-- This site is optimized with the Yoast SEO plugin v23.3 - https:\/\/yoast.com\/wordpress\/plugins\/seo\/ -->\n<title>Asistencia de Transici\u00f3n: Programas de Apoyo a Veteranos en la Vida Civil - Universo Fam\u00edlia<\/title>\n<meta name=\"description\" content=\"Asistencia de Transici\u00f3n. La transici\u00f3n de la vida militar a la vida civil puede ser un desaf\u00edo para muchos veteranos.\" \/>\n<meta name=\"robots\" content=\"index, follow, max-snippet:-1, max-image-preview:large, max-video-preview:-1\" \/>\n<link rel=\"canonical\" href=\"http:\/\/universofamilia.com\/fr\/asistencia-de-transicion\/\" \/>\n<meta property=\"og:locale\" content=\"fr_FR\" \/>\n<meta property=\"og:type\" content=\"article\" \/>\n<meta property=\"og:title\" content=\"Asistencia de Transici\u00f3n: Programas de Apoyo a Veteranos en la Vida Civil - Universo Fam\u00edlia\" \/>\n<meta property=\"og:description\" content=\"Asistencia de Transici\u00f3n. La transici\u00f3n de la vida militar a la vida civil puede ser un desaf\u00edo para muchos veteranos.\" \/>\n<meta property=\"og:url\" content=\"http:\/\/universofamilia.com\/fr\/asistencia-de-transicion\/\" \/>\n<meta property=\"og:site_name\" content=\"Universo Fam\u00edlia\" \/>\n<meta property=\"article:published_time\" content=\"2025-03-05T20:35:12+00:00\" \/>\n<meta property=\"article:modified_time\" content=\"2025-03-05T20:36:20+00:00\" \/>\n<meta property=\"og:image\" content=\"http:\/\/universofamilia.com\/wp-content\/uploads\/sites\/148\/2025\/03\/DESTAQUE-UNIVERSO-550-x-350-2.jpg\" \/>\n\t<meta property=\"og:image:width\" content=\"550\" \/>\n\t<meta property=\"og:image:height\" content=\"350\" \/>\n\t<meta property=\"og:image:type\" content=\"image\/jpeg\" \/>\n<meta name=\"author\" content=\"Pedro Henrique\" \/>\n<meta name=\"twitter:card\" content=\"summary_large_image\" \/>\n<meta name=\"twitter:label1\" content=\"Written by\" \/>\n\t<meta name=\"twitter:data1\" content=\"Pedro Henrique\" \/>\n\t<meta name=\"twitter:label2\" content=\"Est. reading time\" \/>\n\t<meta name=\"twitter:data2\" content=\"8 minutes\" \/>\n<script type=\"application\/ld+json\" class=\"yoast-schema-graph\">{\"@context\":\"https:\/\/schema.org\",\"@graph\":[{\"@type\":\"WebPage\",\"@id\":\"http:\/\/universofamilia.com\/sk\/asistencia-de-transicion\/\",\"url\":\"http:\/\/universofamilia.com\/sk\/asistencia-de-transicion\/\",\"name\":\"Asistencia de Transici\u00f3n: Programas de Apoyo a Veteranos en la Vida Civil - Universo Fam\u00edlia\",\"isPartOf\":{\"@id\":\"https:\/\/universofamilia.com\/el\/#website\"},\"primaryImageOfPage\":{\"@id\":\"http:\/\/universofamilia.com\/sk\/asistencia-de-transicion\/#primaryimage\"},\"image\":{\"@id\":\"http:\/\/universofamilia.com\/sk\/asistencia-de-transicion\/#primaryimage\"},\"thumbnailUrl\":\"http:\/\/universofamilia.com\/wp-content\/uploads\/sites\/148\/2025\/03\/DESTAQUE-UNIVERSO-550-x-350-2.jpg\",\"datePublished\":\"2025-03-05T20:35:12+00:00\",\"dateModified\":\"2025-03-05T20:36:20+00:00\",\"author\":{\"@id\":\"https:\/\/universofamilia.com\/el\/#\/schema\/person\/f07ce98187dd84d31154262e79b3b7ca\"},\"description\":\"Asistencia de Transici\u00f3n. La transici\u00f3n de la vida militar a la vida civil puede ser un desaf\u00edo para muchos veteranos.\",\"breadcrumb\":{\"@id\":\"http:\/\/universofamilia.com\/sk\/asistencia-de-transicion\/#breadcrumb\"},\"inLanguage\":\"fr-FR\",\"potentialAction\":[{\"@type\":\"ReadAction\",\"target\":[\"http:\/\/universofamilia.com\/sk\/asistencia-de-transicion\/\"]}]},{\"@type\":\"ImageObject\",\"inLanguage\":\"fr-FR\",\"@id\":\"http:\/\/universofamilia.com\/sk\/asistencia-de-transicion\/#primaryimage\",\"url\":\"http:\/\/universofamilia.com\/wp-content\/uploads\/sites\/148\/2025\/03\/DESTAQUE-UNIVERSO-550-x-350-2.jpg\",\"contentUrl\":\"http:\/\/universofamilia.com\/wp-content\/uploads\/sites\/148\/2025\/03\/DESTAQUE-UNIVERSO-550-x-350-2.jpg\",\"width\":550,\"height\":350,\"caption\":\"Asistencia de Transici\u00f3n\"},{\"@type\":\"BreadcrumbList\",\"@id\":\"http:\/\/universofamilia.com\/sk\/asistencia-de-transicion\/#breadcrumb\",\"itemListElement\":[{\"@type\":\"ListItem\",\"position\":1,\"name\":\"Home\",\"item\":\"https:\/\/universofamilia.com\/el\/\"},{\"@type\":\"ListItem\",\"position\":2,\"name\":\"Asistencia de Transici\u00f3n: Programas de Apoyo a Veteranos en la Vida Civil\"}]},{\"@type\":\"WebSite\",\"@id\":\"https:\/\/universofamilia.com\/el\/#website\",\"url\":\"https:\/\/universofamilia.com\/el\/\",\"name\":\"Universo Fam\u00edlia\",\"description\":\"\",\"potentialAction\":[{\"@type\":\"SearchAction\",\"target\":{\"@type\":\"EntryPoint\",\"urlTemplate\":\"https:\/\/universofamilia.com\/el\/?s={search_term_string}\"},\"query-input\":\"required name=search_term_string\"}],\"inLanguage\":\"fr-FR\"},{\"@type\":\"Person\",\"@id\":\"https:\/\/universofamilia.com\/el\/#\/schema\/person\/f07ce98187dd84d31154262e79b3b7ca\",\"name\":\"Pedro Henrique\",\"image\":{\"@type\":\"ImageObject\",\"inLanguage\":\"fr-FR\",\"@id\":\"https:\/\/universofamilia.com\/el\/#\/schema\/person\/image\/\",\"url\":\"http:\/\/0.gravatar.com\/avatar\/9edfeb808cb4e1599f64d6e45b130154?s=96&d=mm&r=g\",\"contentUrl\":\"http:\/\/0.gravatar.com\/avatar\/9edfeb808cb4e1599f64d6e45b130154?s=96&d=mm&r=g\",\"caption\":\"Pedro Henrique\"},\"url\":\"http:\/\/universofamilia.com\/fr\/author\/editor01\/\"}]}<\/script>\n<!-- \/ Yoast SEO plugin. -->","yoast_head_json":{"title":"Asistencia de Transici\u00f3n: Programas de Apoyo a Veteranos en la Vida Civil - Universo Fam\u00edlia","description":"Asistencia de Transici\u00f3n. La transici\u00f3n de la vida militar a la vida civil puede ser un desaf\u00edo para muchos veteranos.","robots":{"index":"index","follow":"follow","max-snippet":"max-snippet:-1","max-image-preview":"max-image-preview:large","max-video-preview":"max-video-preview:-1"},"canonical":"http:\/\/universofamilia.com\/fr\/asistencia-de-transicion\/","og_locale":"fr_FR","og_type":"article","og_title":"Asistencia de Transici\u00f3n: Programas de Apoyo a Veteranos en la Vida Civil - Universo Fam\u00edlia","og_description":"Asistencia de Transici\u00f3n. La transici\u00f3n de la vida militar a la vida civil puede ser un desaf\u00edo para muchos veteranos.","og_url":"http:\/\/universofamilia.com\/fr\/asistencia-de-transicion\/","og_site_name":"Universo Fam\u00edlia","article_published_time":"2025-03-05T20:35:12+00:00","article_modified_time":"2025-03-05T20:36:20+00:00","og_image":[{"width":550,"height":350,"url":"http:\/\/universofamilia.com\/wp-content\/uploads\/sites\/148\/2025\/03\/DESTAQUE-UNIVERSO-550-x-350-2.jpg","type":"image\/jpeg"}],"author":"Pedro Henrique","twitter_card":"summary_large_image","twitter_misc":{"Written by":"Pedro Henrique","Est. reading time":"8 minutes"},"schema":{"@context":"https:\/\/schema.org","@graph":[{"@type":"WebPage","@id":"http:\/\/universofamilia.com\/sk\/asistencia-de-transicion\/","url":"http:\/\/universofamilia.com\/sk\/asistencia-de-transicion\/","name":"Asistencia de Transici\u00f3n: Programas de Apoyo a Veteranos en la Vida Civil - Universo Fam\u00edlia","isPartOf":{"@id":"https:\/\/universofamilia.com\/el\/#website"},"primaryImageOfPage":{"@id":"http:\/\/universofamilia.com\/sk\/asistencia-de-transicion\/#primaryimage"},"image":{"@id":"http:\/\/universofamilia.com\/sk\/asistencia-de-transicion\/#primaryimage"},"thumbnailUrl":"http:\/\/universofamilia.com\/wp-content\/uploads\/sites\/148\/2025\/03\/DESTAQUE-UNIVERSO-550-x-350-2.jpg","datePublished":"2025-03-05T20:35:12+00:00","dateModified":"2025-03-05T20:36:20+00:00","author":{"@id":"https:\/\/universofamilia.com\/el\/#\/schema\/person\/f07ce98187dd84d31154262e79b3b7ca"},"description":"Asistencia de Transici\u00f3n. La transici\u00f3n de la vida militar a la vida civil puede ser un desaf\u00edo para muchos veteranos.","breadcrumb":{"@id":"http:\/\/universofamilia.com\/sk\/asistencia-de-transicion\/#breadcrumb"},"inLanguage":"fr-FR","potentialAction":[{"@type":"ReadAction","target":["http:\/\/universofamilia.com\/sk\/asistencia-de-transicion\/"]}]},{"@type":"ImageObject","inLanguage":"fr-FR","@id":"http:\/\/universofamilia.com\/sk\/asistencia-de-transicion\/#primaryimage","url":"http:\/\/universofamilia.com\/wp-content\/uploads\/sites\/148\/2025\/03\/DESTAQUE-UNIVERSO-550-x-350-2.jpg","contentUrl":"http:\/\/universofamilia.com\/wp-content\/uploads\/sites\/148\/2025\/03\/DESTAQUE-UNIVERSO-550-x-350-2.jpg","width":550,"height":350,"caption":"Asistencia de Transici\u00f3n"},{"@type":"BreadcrumbList","@id":"http:\/\/universofamilia.com\/sk\/asistencia-de-transicion\/#breadcrumb","itemListElement":[{"@type":"ListItem","position":1,"name":"Home","item":"https:\/\/universofamilia.com\/el\/"},{"@type":"ListItem","position":2,"name":"Asistencia de Transici\u00f3n: Programas de Apoyo a Veteranos en la Vida Civil"}]},{"@type":"WebSite","@id":"https:\/\/universofamilia.com\/el\/#website","url":"https:\/\/universofamilia.com\/el\/","name":"Universo Fam\u00edlia","description":"","potentialAction":[{"@type":"SearchAction","target":{"@type":"EntryPoint","urlTemplate":"https:\/\/universofamilia.com\/el\/?s={search_term_string}"},"query-input":"required name=search_term_string"}],"inLanguage":"fr-FR"},{"@type":"Person","@id":"https:\/\/universofamilia.com\/el\/#\/schema\/person\/f07ce98187dd84d31154262e79b3b7ca","name":"Pedro Henrique","image":{"@type":"ImageObject","inLanguage":"fr-FR","@id":"https:\/\/universofamilia.com\/el\/#\/schema\/person\/image\/","url":"http:\/\/0.gravatar.com\/avatar\/9edfeb808cb4e1599f64d6e45b130154?s=96&d=mm&r=g","contentUrl":"http:\/\/0.gravatar.com\/avatar\/9edfeb808cb4e1599f64d6e45b130154?s=96&d=mm&r=g","caption":"Pedro Henrique"},"url":"http:\/\/universofamilia.com\/fr\/author\/editor01\/"}]}},"_links":{"self":[{"href":"http:\/\/universofamilia.com\/fr\/wp-json\/wp\/v2\/posts\/8905"}],"collection":[{"href":"http:\/\/universofamilia.com\/fr\/wp-json\/wp\/v2\/posts"}],"about":[{"href":"http:\/\/universofamilia.com\/fr\/wp-json\/wp\/v2\/types\/post"}],"author":[{"embeddable":true,"href":"http:\/\/universofamilia.com\/fr\/wp-json\/wp\/v2\/users\/139"}],"replies":[{"embeddable":true,"href":"http:\/\/universofamilia.com\/fr\/wp-json\/wp\/v2\/comments?post=8905"}],"version-history":[{"count":3,"href":"http:\/\/universofamilia.com\/fr\/wp-json\/wp\/v2\/posts\/8905\/revisions"}],"predecessor-version":[{"id":8910,"href":"http:\/\/universofamilia.com\/fr\/wp-json\/wp\/v2\/posts\/8905\/revisions\/8910"}],"wp:featuredmedia":[{"embeddable":true,"href":"http:\/\/universofamilia.com\/fr\/wp-json\/wp\/v2\/media\/8907"}],"wp:attachment":[{"href":"http:\/\/universofamilia.com\/fr\/wp-json\/wp\/v2\/media?parent=8905"}],"wp:term":[{"taxonomy":"category","embeddable":true,"href":"http:\/\/universofamilia.com\/fr\/wp-json\/wp\/v2\/categories?post=8905"},{"taxonomy":"post_tag","embeddable":true,"href":"http:\/\/universofamilia.com\/fr\/wp-json\/wp\/v2\/tags?post=8905"}],"curies":[{"name":"wp","href":"https:\/\/api.w.org\/{rel}","templated":true}]}}