{"id":10068,"date":"2025-10-13T12:28:29","date_gmt":"2025-10-13T15:28:29","guid":{"rendered":"https:\/\/universofamilia.com\/?p=10068"},"modified":"2025-10-13T18:26:17","modified_gmt":"2025-10-13T21:26:17","slug":"crisis-climatica-global","status":"publish","type":"post","link":"http:\/\/universofamilia.com\/hr\/crisis-climatica-global\/","title":{"rendered":"Globalna klimatska kriza: posljedice ve\u0107 poga\u0111aju milijune"},"content":{"rendered":"<p class=\"has-text-align-center\">The <strong>Globalna klimatska kriza: posljedice ve\u0107 poga\u0111aju milijune<\/strong> postao je jedan od najhitnijih izazova 21. stolje\u0107a.<\/p>\n\n\n\n<figure class=\"wp-block-gallery aligncenter has-nested-images columns-default is-cropped wp-block-gallery-1 is-layout-flex wp-block-gallery-is-layout-flex\">\n<figure class=\"wp-block-image size-full\"><img loading=\"lazy\" decoding=\"async\" width=\"450\" height=\"250\" data-id=\"10070\" src=\"https:\/\/universofamilia.com\/wp-content\/uploads\/sites\/148\/2025\/10\/Destaque-Novo-Universo-1.jpg\" alt=\"\" class=\"wp-image-10070\" srcset=\"http:\/\/universofamilia.com\/wp-content\/uploads\/sites\/148\/2025\/10\/Destaque-Novo-Universo-1.jpg 450w, http:\/\/universofamilia.com\/wp-content\/uploads\/sites\/148\/2025\/10\/Destaque-Novo-Universo-1-300x167.jpg 300w, http:\/\/universofamilia.com\/wp-content\/uploads\/sites\/148\/2025\/10\/Destaque-Novo-Universo-1-18x10.jpg 18w\" sizes=\"(max-width: 450px) 100vw, 450px\" \/><figcaption class=\"wp-element-caption\">CANVA<\/figcaption><\/figure>\n<\/figure>\n\n\n\n<p>Dugotrajne su\u0161e, ekstremni toplinski valovi, \u0161umski po\u017eari, ubrzano topljenje leda i masovne migracije samo su neke od vidljivih posljedica.<br><strong>Sa\u017eetak:<\/strong><\/p>\n\n\n\n<ol>\n<li>\u0160to globalna klimatska kriza zapravo zna\u010di<\/li>\n\n\n\n<li>Kako to utje\u010de na milijune ljudi diljem svijeta<\/li>\n\n\n\n<li>Najranjiviji sektori: zdravstvo, gospodarstvo i sigurnost hrane<\/li>\n\n\n\n<li>Trenutni i stvarni primjeri utjecaja na klimu<\/li>\n\n\n\n<li>\u0160to se radi i \u0161to bi jo\u0161 trebalo u\u010diniti<\/li>\n\n\n\n<li>Zaklju\u010dak i \u010desto postavljana pitanja<\/li>\n<\/ol>\n\n\n\n<h3 class=\"wp-block-heading\"><strong>\u0160to zapravo zna\u010di globalna klimatska kriza?<\/strong><\/h3>\n\n\n\n<p>The <strong>Globalna klimatska kriza: posljedice ve\u0107 poga\u0111aju milijune ljudi<\/strong> Nije samo stvar porasta temperature.<\/p>\n\n\n\n<p>To je sistemski fenomen koji mijenja ekosustave, gospodarstva i cijele zajednice. Prema <em>Me\u0111uvladin panel o klimatskim promjenama (IPCC)<\/em>, planet je ve\u0107 prema\u0161io prosje\u010dni porast <strong>1,2 \u00b0C<\/strong> u usporedbi s predindustrijskim dobom.<\/p>\n\n\n\n<p>Iako se mo\u017ee \u010diniti bezna\u010dajnom, ova promjena promijenila je obrasce oborina, poja\u010dala uragane i smanjila dostupnost slatke vode.<\/p>\n\n\n\n<p>Jednostavan na\u010din da se to shvati jest da se Zemlja zamisli kao ljudsko tijelo: vru\u0107ica od samo jednog stupnja mo\u017ee se \u010diniti kao mala stvar, ali kada ostane konstantna, slabi sve vitalne sustave.<\/p>\n\n\n\n<p>Upravo je to analogija koja obja\u0161njava trenutnu klimatsku neravnote\u017eu.<\/p>\n\n\n\n<h3 class=\"wp-block-heading\"><strong>Milijuni ljudi ve\u0107 \u017eive s posljedicama.<\/strong> <strong>globalne klimatske krize<\/strong><\/h3>\n\n\n\n<p>U 2025. godini posljedice vi\u0161e ne pripadaju budu\u0107nosti. <\/p>\n\n\n\n<p>Ujedinjeni narodi procjenjuju da <strong>vi\u0161e od 3,6 milijardi ljudi<\/strong> \u017eive u regijama koje su vrlo osjetljive na klimatske promjene.<\/p>\n\n\n\n<p>Gradovi poput Mexico Cityja, S\u00e3o Paula i Lime suo\u010davaju se s toplinskim valovima koji prelaze 40\u00b0C, uz restrikcije vode.<\/p>\n\n\n\n<p>Ruralna podru\u010dja pate jo\u0161 vi\u0161e: propadanje usjeva i dezertifikacija prisiljavaju cijele obitelji da napuste svoju zemlju.<\/p>\n\n\n\n<p>U subsaharskoj Africi cijele zajednice se sele u potrazi za hranom i vodom; u Srednjoj Americi klimatske migracije postaju tiha, ali stalna stvarnost.<\/p>\n\n\n\n<h3 class=\"wp-block-heading\"><strong>Utjecaji na zdravlje, gospodarstvo i prehranu<\/strong><\/h3>\n\n\n\n<p>Globalno zatopljenje ve\u0107 ima opipljive posljedice za javno zdravlje.<\/p>\n\n\n\n<p>Svjetska zdravstvena organizacija upozorava da bolesti koje prenose komarci, poput denge i Zike, \u0161ire svoj geografski raspon.<\/p>\n\n\n\n<p>S druge strane, bolnice se suo\u010davaju s porastom slu\u010dajeva dehidracije i toplinske iscrpljenosti, posebno me\u0111u starijim odraslim osobama i djecom.<\/p>\n\n\n\n<p>Gospodarstvo nije iznimka od ove stvarnosti. Studija koju je proveo <em>Svjetska banka<\/em> iz 2024. godine otkrilo je da su ekonomski gubici povezani s prirodnim katastrofama dosegli vi\u0161e od <strong>380 milijardi dolara godi\u0161nje<\/strong>.<\/p>\n\n\n\n<p>Turizam, poljoprivreda i ribarstvo su najte\u017ee pogo\u0111eni sektori.<\/p>\n\n\n\n<p>\u0160to se ti\u010de sigurnosti hrane, promjene u obrascima oborina i porast poljoprivrednih \u0161tetnika ugro\u017eavaju proizvodnju osnovnih \u017eitarica.<\/p>\n\n\n\n<p>Na primjer, u Meksiku su prinosi kukuruza smanjeni za 15 % posljednjih godina zbog dugotrajnih su\u0161a, prema podacima <em>FAO<\/em>.<\/p>\n\n\n\n<figure class=\"wp-block-table\"><table><thead><tr><th><strong>Utjecaj na klimu (2025.)<\/strong><\/th><th><strong>Najpogo\u0111enija regija<\/strong><\/th><th><strong>Glavna posljedica<\/strong><\/th><\/tr><\/thead><tbody><tr><td>Dugotrajne su\u0161e<\/td><td>Latinska Amerika i Afrika<\/td><td>Nesta\u0161ica vode i gubitak usjeva<\/td><\/tr><tr><td>Ekstremni toplinski valovi<\/td><td>Europa i Sjeverna Amerika<\/td><td>Pove\u0107anje respiratornih bolesti<\/td><\/tr><tr><td>Poplave i oluje<\/td><td>Azija i Pacifik<\/td><td>Raseljavanja i o\u0161te\u0107enja infrastrukture<\/td><\/tr><tr><td>Polarno topljenje<\/td><td>Arktik i Antarktik<\/td><td>Rastu\u0107a razina mora<\/td><\/tr><\/tbody><\/table><figcaption class=\"wp-element-caption\">Globalna klimatska kriza: posljedice ve\u0107 poga\u0111aju milijune<\/figcaption><\/figure>\n\n\n\n<figure class=\"wp-block-gallery aligncenter has-nested-images columns-default is-cropped wp-block-gallery-2 is-layout-flex wp-block-gallery-is-layout-flex\">\n<figure class=\"wp-block-image size-full\"><img loading=\"lazy\" decoding=\"async\" width=\"450\" height=\"250\" data-id=\"10071\" src=\"https:\/\/universofamilia.com\/wp-content\/uploads\/sites\/148\/2025\/10\/Destaque-Novo-Universo-1-1.jpg\" alt=\"\" class=\"wp-image-10071\" srcset=\"http:\/\/universofamilia.com\/wp-content\/uploads\/sites\/148\/2025\/10\/Destaque-Novo-Universo-1-1.jpg 450w, http:\/\/universofamilia.com\/wp-content\/uploads\/sites\/148\/2025\/10\/Destaque-Novo-Universo-1-1-300x167.jpg 300w, http:\/\/universofamilia.com\/wp-content\/uploads\/sites\/148\/2025\/10\/Destaque-Novo-Universo-1-1-18x10.jpg 18w\" sizes=\"(max-width: 450px) 100vw, 450px\" \/><figcaption class=\"wp-element-caption\">CANVA<\/figcaption><\/figure>\n<\/figure>\n\n\n\n<p>Pro\u010ditajte vi\u0161e:&nbsp;<a href=\"http:\/\/universofamilia.com\/hr\/los-paises-mas-avanzados-en-regulacion-de-ia-en-2025\/\">Najnaprednije zemlje u regulaciji umjetne inteligencije u 2025. godini<\/a><\/p>\n\n\n\n<h3 class=\"wp-block-heading\"><strong>Dva primjera koja pokazuju ozbiljnost<\/strong><\/h3>\n\n\n\n<p><strong>Primjer 1:<\/strong> Godine 2024., grad Chennai u Indiji ostao je bez pitke vode tjednima.<\/p>\n\n\n\n<p>Uzrok: kombinacija intenzivnih su\u0161a i neu\u010dinkovitog upravljanja resursima.<\/p>\n\n\n\n<p>Ono \u0161to je zapo\u010delo kao lokalni problem postalo je globalno upozorenje o riziku od nestanka vode u velikim gradovima.<\/p>\n\n\n\n<p><strong>Primjer 2:<\/strong> U Meksiku, zajednice u Chiapasu izvje\u0161tavaju da su se obrasci oborina dramati\u010dno promijenili u posljednjem desetlje\u0107u.<\/p>\n\n\n\n<p>Tradicionalni uzgajiva\u010di kave svjedo\u010dili su propadanju usjeva, \u0161to ih je prisililo da se presele na ve\u0107e nadmorske visine ili se okrenu drugim kulturama.<\/p>\n\n\n\n<p>Ovi slu\u010dajevi ilustriraju kako se <strong>Globalna klimatska kriza: posljedice ve\u0107 poga\u0111aju milijune ljudi<\/strong> To nije daleki ili teorijski fenomen: to mijenja svakodnevne stvarnosti.<\/p>\n\n\n\n<h3 class=\"wp-block-heading\"><strong>\u0160to se poduzima kako bi se suzbio utjecaj<\/strong><\/h3>\n\n\n\n<p>Na me\u0111unarodnoj razini, klimatski sporazumi poku\u0161avaju obuzdati globalno zagrijavanje.<\/p>\n\n\n\n<p>On <em>Pari\u0161ki sporazum<\/em> ostaje referentni okvir, iako nacionalne obveze jo\u0161 uvijek nisu dovoljne. <\/p>\n\n\n\n<p>U <em>COP29<\/em>, odr\u017eanom 2024. godine, zemlje su pozvane da smanje svoje emisije za 45% do 2030. godine.<\/p>\n\n\n\n<p>Me\u0111utim, rezultati su mje\u0161oviti: dok se Europska unija kre\u0107e prema obnovljivim izvorima energije, druge regije jo\u0161 uvijek se oslanjaju na ugljen i naftu.<\/p>\n\n\n\n<p>U Latinskoj Americi, inicijative poput <em>Akcijski plan ECLAC-a za klimu<\/em> Nastoje promovirati pravednu energetsku tranziciju poticanjem solarne i energije vjetra. Meksiko je, na primjer, u Sonori otvorio jedan od najve\u0107ih solarnih parkova u Latinskoj Americi, sposoban opskrbiti vi\u0161e od milijun domova.<\/p>\n\n\n\n<p>Na individualnoj razini, promjena tako\u0111er po\u010dinje kod ku\u0107e. <\/p>\n\n\n\n<p>Smanjenje konzumacije mesa, odabir javnog ili elektri\u010dnog prijevoza i podr\u0161ka odr\u017eivim brendovima male su akcije s velikim kolektivnim utjecajem.<\/p>\n\n\n\n<h3 class=\"wp-block-heading\"><strong>Mo\u017eemo li preokrenuti globalnu klimatsku krizu?<\/strong><\/h3>\n\n\n\n<p>To je veliko retori\u010dko pitanje koje izaziva vlade, poduze\u0107a i gra\u0111ane.<\/p>\n\n\n\n<p>Iako je \u0161teta ve\u0107 znatna, stru\u010dnjaci se sla\u017eu da se najte\u017ei u\u010dinci jo\u0161 uvijek mogu ubla\u017eiti odlu\u010dnim djelovanjem.<\/p>\n\n\n\n<p>Planet ima dovoljno tehnologije za ubrzanje zelene tranzicije, ali nedostaje politi\u010dke volje i dru\u0161tvene svijesti.<\/p>\n\n\n\n<p>Budu\u0107nost \u0107e ovisiti o sposobnosti za globalnu suradnju i stvarnoj predanosti odr\u017eivosti.<\/p>\n\n\n\n<p>Ne radi se samo o spa\u0161avanju ekosustava, ve\u0107 o za\u0161titi na\u0161eg opstanka kao vrste.<\/p>\n\n\n\n<h3 class=\"wp-block-heading\"><strong>Zaklju\u010dak<\/strong><\/h3>\n\n\n\n<p>The <strong>Globalna klimatska kriza: posljedice ve\u0107 poga\u0111aju milijune ljudi<\/strong> To je najve\u0107i dokaz da \u010dovje\u010danstvo nadilazi granice planeta.<\/p>\n\n\n\n<p>Ne radi se o strahu, ve\u0107 o odgovornosti. Svaki toplinski val, svaka poplava i svaki po\u017ear podsje\u0107aju nas da priroda reagira na na\u0161e postupke.<\/p>\n\n\n\n<p>Klimatske promjene nisu udaljena prijetnja, ve\u0107 sada\u0161njost koja zahtijeva hitno djelovanje.<\/p>\n\n\n\n<p>Znanje, inovacija i empatija su na\u0161i najbolji alati za suo\u010davanje s tim. Ako je 20. stolje\u0107e bilo stolje\u0107e industrijalizacije, 21. mora biti stolje\u0107e planetarne obnove.<\/p>\n\n\n\n<p>Pro\u010ditajte vi\u0161e:&nbsp;<a href=\"http:\/\/universofamilia.com\/hr\/inteligencia-artificial-y-politica\/\">Umjetna inteligencija i politika<\/a><\/p>\n\n\n\n<h3 class=\"wp-block-heading\"><strong>\u010cesto postavljana pitanja<\/strong><\/h3>\n\n\n\n<p><strong>1. Koji su glavni uzroci globalne klimatske krize?<\/strong><br>Emisije stakleni\u010dkih plinova, prvenstveno ugljikovog dioksida i metana, zbog kori\u0161tenja fosilnih goriva, kr\u010denja \u0161uma i intenzivne poljoprivrede.<\/p>\n\n\n\n<p><strong>2. Koje su regije svijeta najranjivije?<\/strong><br>Afrika, Latinska Amerika i Jugoisto\u010dna Azija suo\u010davaju se s najve\u0107im rizicima zbog velike ovisnosti o poljoprivredi i ograni\u010dene infrastrukture za prilagodbu.<\/p>\n\n\n\n<p><strong>3. \u0160to mo\u017ee u\u010diniti obi\u010dna osoba?<\/strong><br>\u0160tedite energiju, smanjite potro\u0161nju plastike, reciklirajte, podr\u017eite zelene politike i educirajte druge o utjecaju na klimu.<\/p>\n\n\n\n<p>Pojedina\u010dne akcije, pomno\u017eene s milijunima, generiraju promjenu.<\/p>\n\n\n\n<p><strong>4. \u0160to \u0107e se dogoditi ako se ne poduzmu hitne mjere?<\/strong><br>Temperature bi mogle porasti za \u010dak 2,8\u00b0C do 2100. godine, \u0161to bi izazvalo kolaps ekosustava, nesta\u0161icu hrane, masovne migracije i ozbiljne ekonomske posljedice.<\/p>\n\n\n\n<p><strong>5. Postoji li stvarna nada za promjenu?<\/strong><br>Da. Svaki <a href=\"http:\/\/universofamilia.com\/hr\/los-paises-mas-avanzados-en-regulacion-de-ia-en-2025\/\">inovacija<\/a> <a href=\"http:\/\/universofamilia.com\/hr\/inteligencia-artificial-y-politica\/\">tehnolo\u0161ki<\/a>, svaka u\u010dinkovita klimatska politika i svaka svjesna odluka je va\u017ena.<\/p>\n\n\n\n<p>Klimatske promjene su izazov, ali i prilika za redefiniranje odnosa izme\u0111u \u010dovje\u010danstva i planeta.<\/p>","protected":false},"excerpt":{"rendered":"<p>La crise clim\u00e1tica global: los impactos que ya afectan a millones se ha convertido en uno de los desaf\u00edos m\u00e1s urgentes del siglo XXI. Sequ\u00edas prolongadas, olas de calor extremo, incendios forestales, deshielos acelerados y migraciones masivas son apenas algunas de sus consecuencias visibles.Sumario: \u00bfQu\u00e9 significa realmente la Crisi clim\u00e1tica global? La Crisis clim\u00e1tica global: [&hellip;]<\/p>","protected":false},"author":219,"featured_media":10069,"comment_status":"closed","ping_status":"open","sticky":false,"template":"","format":"standard","meta":{"footnotes":""},"categories":[4],"tags":[],"yoast_head":"<!-- This site is optimized with the Yoast SEO plugin v23.3 - https:\/\/yoast.com\/wordpress\/plugins\/seo\/ -->\n<title>Crisis clim\u00e1tica global: los impactos que ya est\u00e1n afectando a millones - Universo Fam\u00edlia<\/title>\n<meta name=\"description\" content=\"La crise clim\u00e1tica global: los impactos que ya afectan a millones se ha convertido en uno de los desaf\u00edos m\u00e1s urgentes del siglo XXI.\" \/>\n<meta name=\"robots\" content=\"index, follow, max-snippet:-1, max-image-preview:large, max-video-preview:-1\" \/>\n<link rel=\"canonical\" href=\"http:\/\/universofamilia.com\/hr\/crisis-climatica-global\/\" \/>\n<meta property=\"og:locale\" content=\"hr_HR\" \/>\n<meta property=\"og:type\" content=\"article\" \/>\n<meta property=\"og:title\" content=\"Crisis clim\u00e1tica global: los impactos que ya est\u00e1n afectando a millones - Universo Fam\u00edlia\" \/>\n<meta property=\"og:description\" content=\"La crise clim\u00e1tica global: los impactos que ya afectan a millones se ha convertido en uno de los desaf\u00edos m\u00e1s urgentes del siglo XXI.\" \/>\n<meta property=\"og:url\" content=\"http:\/\/universofamilia.com\/hr\/crisis-climatica-global\/\" \/>\n<meta property=\"og:site_name\" content=\"Universo Fam\u00edlia\" \/>\n<meta property=\"article:published_time\" content=\"2025-10-13T15:28:29+00:00\" \/>\n<meta property=\"article:modified_time\" content=\"2025-10-13T21:26:17+00:00\" \/>\n<meta property=\"og:image\" content=\"http:\/\/universofamilia.com\/wp-content\/uploads\/sites\/148\/2025\/10\/Destaque-Novo-Universo.jpg\" \/>\n\t<meta property=\"og:image:width\" content=\"450\" \/>\n\t<meta property=\"og:image:height\" content=\"250\" \/>\n\t<meta property=\"og:image:type\" content=\"image\/jpeg\" \/>\n<meta name=\"author\" content=\"Matheus Sangaletti\" \/>\n<meta name=\"twitter:card\" content=\"summary_large_image\" \/>\n<meta name=\"twitter:label1\" content=\"Written by\" \/>\n\t<meta name=\"twitter:data1\" content=\"Matheus Sangaletti\" \/>\n\t<meta name=\"twitter:label2\" content=\"Est. reading time\" \/>\n\t<meta name=\"twitter:data2\" content=\"8 minuta\" \/>\n<script type=\"application\/ld+json\" class=\"yoast-schema-graph\">{\"@context\":\"https:\/\/schema.org\",\"@graph\":[{\"@type\":\"WebPage\",\"@id\":\"http:\/\/universofamilia.com\/crisis-climatica-global\/\",\"url\":\"http:\/\/universofamilia.com\/crisis-climatica-global\/\",\"name\":\"Crisis clim\u00e1tica global: los impactos que ya est\u00e1n afectando a millones - Universo Fam\u00edlia\",\"isPartOf\":{\"@id\":\"https:\/\/universofamilia.com\/el\/#website\"},\"primaryImageOfPage\":{\"@id\":\"http:\/\/universofamilia.com\/crisis-climatica-global\/#primaryimage\"},\"image\":{\"@id\":\"http:\/\/universofamilia.com\/crisis-climatica-global\/#primaryimage\"},\"thumbnailUrl\":\"http:\/\/universofamilia.com\/wp-content\/uploads\/sites\/148\/2025\/10\/Destaque-Novo-Universo.jpg\",\"datePublished\":\"2025-10-13T15:28:29+00:00\",\"dateModified\":\"2025-10-13T21:26:17+00:00\",\"author\":{\"@id\":\"https:\/\/universofamilia.com\/el\/#\/schema\/person\/92fcd07e9b1f4323bf74f3170fc0f78a\"},\"description\":\"La crise clim\u00e1tica global: los impactos que ya afectan a millones se ha convertido en uno de los desaf\u00edos m\u00e1s urgentes del siglo XXI.\",\"breadcrumb\":{\"@id\":\"http:\/\/universofamilia.com\/crisis-climatica-global\/#breadcrumb\"},\"inLanguage\":\"hr\",\"potentialAction\":[{\"@type\":\"ReadAction\",\"target\":[\"http:\/\/universofamilia.com\/crisis-climatica-global\/\"]}]},{\"@type\":\"ImageObject\",\"inLanguage\":\"hr\",\"@id\":\"http:\/\/universofamilia.com\/crisis-climatica-global\/#primaryimage\",\"url\":\"http:\/\/universofamilia.com\/wp-content\/uploads\/sites\/148\/2025\/10\/Destaque-Novo-Universo.jpg\",\"contentUrl\":\"http:\/\/universofamilia.com\/wp-content\/uploads\/sites\/148\/2025\/10\/Destaque-Novo-Universo.jpg\",\"width\":450,\"height\":250},{\"@type\":\"BreadcrumbList\",\"@id\":\"http:\/\/universofamilia.com\/crisis-climatica-global\/#breadcrumb\",\"itemListElement\":[{\"@type\":\"ListItem\",\"position\":1,\"name\":\"Home\",\"item\":\"https:\/\/universofamilia.com\/el\/\"},{\"@type\":\"ListItem\",\"position\":2,\"name\":\"Crisis clim\u00e1tica global: los impactos que ya est\u00e1n afectando a millones\"}]},{\"@type\":\"WebSite\",\"@id\":\"https:\/\/universofamilia.com\/el\/#website\",\"url\":\"https:\/\/universofamilia.com\/el\/\",\"name\":\"Universo Fam\u00edlia\",\"description\":\"\",\"potentialAction\":[{\"@type\":\"SearchAction\",\"target\":{\"@type\":\"EntryPoint\",\"urlTemplate\":\"https:\/\/universofamilia.com\/el\/?s={search_term_string}\"},\"query-input\":\"required name=search_term_string\"}],\"inLanguage\":\"hr\"},{\"@type\":\"Person\",\"@id\":\"https:\/\/universofamilia.com\/el\/#\/schema\/person\/92fcd07e9b1f4323bf74f3170fc0f78a\",\"name\":\"Matheus Sangaletti\",\"image\":{\"@type\":\"ImageObject\",\"inLanguage\":\"hr\",\"@id\":\"https:\/\/universofamilia.com\/el\/#\/schema\/person\/image\/\",\"url\":\"http:\/\/2.gravatar.com\/avatar\/280ea957a14a48e6a1ad2133d2cc27c9?s=96&d=mm&r=g\",\"contentUrl\":\"http:\/\/2.gravatar.com\/avatar\/280ea957a14a48e6a1ad2133d2cc27c9?s=96&d=mm&r=g\",\"caption\":\"Matheus Sangaletti\"},\"url\":\"http:\/\/universofamilia.com\/hr\/author\/matheuss\/\"}]}<\/script>\n<!-- \/ Yoast SEO plugin. -->","yoast_head_json":{"title":"Crisis clim\u00e1tica global: los impactos que ya est\u00e1n afectando a millones - Universo Fam\u00edlia","description":"La crise clim\u00e1tica global: los impactos que ya afectan a millones se ha convertido en uno de los desaf\u00edos m\u00e1s urgentes del siglo XXI.","robots":{"index":"index","follow":"follow","max-snippet":"max-snippet:-1","max-image-preview":"max-image-preview:large","max-video-preview":"max-video-preview:-1"},"canonical":"http:\/\/universofamilia.com\/hr\/crisis-climatica-global\/","og_locale":"hr_HR","og_type":"article","og_title":"Crisis clim\u00e1tica global: los impactos que ya est\u00e1n afectando a millones - Universo Fam\u00edlia","og_description":"La crise clim\u00e1tica global: los impactos que ya afectan a millones se ha convertido en uno de los desaf\u00edos m\u00e1s urgentes del siglo XXI.","og_url":"http:\/\/universofamilia.com\/hr\/crisis-climatica-global\/","og_site_name":"Universo Fam\u00edlia","article_published_time":"2025-10-13T15:28:29+00:00","article_modified_time":"2025-10-13T21:26:17+00:00","og_image":[{"width":450,"height":250,"url":"http:\/\/universofamilia.com\/wp-content\/uploads\/sites\/148\/2025\/10\/Destaque-Novo-Universo.jpg","type":"image\/jpeg"}],"author":"Matheus Sangaletti","twitter_card":"summary_large_image","twitter_misc":{"Written by":"Matheus Sangaletti","Est. reading time":"8 minuta"},"schema":{"@context":"https:\/\/schema.org","@graph":[{"@type":"WebPage","@id":"http:\/\/universofamilia.com\/crisis-climatica-global\/","url":"http:\/\/universofamilia.com\/crisis-climatica-global\/","name":"Crisis clim\u00e1tica global: los impactos que ya est\u00e1n afectando a millones - Universo Fam\u00edlia","isPartOf":{"@id":"https:\/\/universofamilia.com\/el\/#website"},"primaryImageOfPage":{"@id":"http:\/\/universofamilia.com\/crisis-climatica-global\/#primaryimage"},"image":{"@id":"http:\/\/universofamilia.com\/crisis-climatica-global\/#primaryimage"},"thumbnailUrl":"http:\/\/universofamilia.com\/wp-content\/uploads\/sites\/148\/2025\/10\/Destaque-Novo-Universo.jpg","datePublished":"2025-10-13T15:28:29+00:00","dateModified":"2025-10-13T21:26:17+00:00","author":{"@id":"https:\/\/universofamilia.com\/el\/#\/schema\/person\/92fcd07e9b1f4323bf74f3170fc0f78a"},"description":"La crise clim\u00e1tica global: los impactos que ya afectan a millones se ha convertido en uno de los desaf\u00edos m\u00e1s urgentes del siglo XXI.","breadcrumb":{"@id":"http:\/\/universofamilia.com\/crisis-climatica-global\/#breadcrumb"},"inLanguage":"hr","potentialAction":[{"@type":"ReadAction","target":["http:\/\/universofamilia.com\/crisis-climatica-global\/"]}]},{"@type":"ImageObject","inLanguage":"hr","@id":"http:\/\/universofamilia.com\/crisis-climatica-global\/#primaryimage","url":"http:\/\/universofamilia.com\/wp-content\/uploads\/sites\/148\/2025\/10\/Destaque-Novo-Universo.jpg","contentUrl":"http:\/\/universofamilia.com\/wp-content\/uploads\/sites\/148\/2025\/10\/Destaque-Novo-Universo.jpg","width":450,"height":250},{"@type":"BreadcrumbList","@id":"http:\/\/universofamilia.com\/crisis-climatica-global\/#breadcrumb","itemListElement":[{"@type":"ListItem","position":1,"name":"Home","item":"https:\/\/universofamilia.com\/el\/"},{"@type":"ListItem","position":2,"name":"Crisis clim\u00e1tica global: los impactos que ya est\u00e1n afectando a millones"}]},{"@type":"WebSite","@id":"https:\/\/universofamilia.com\/el\/#website","url":"https:\/\/universofamilia.com\/el\/","name":"Universo Fam\u00edlia","description":"","potentialAction":[{"@type":"SearchAction","target":{"@type":"EntryPoint","urlTemplate":"https:\/\/universofamilia.com\/el\/?s={search_term_string}"},"query-input":"required name=search_term_string"}],"inLanguage":"hr"},{"@type":"Person","@id":"https:\/\/universofamilia.com\/el\/#\/schema\/person\/92fcd07e9b1f4323bf74f3170fc0f78a","name":"Matheus Sangaletti","image":{"@type":"ImageObject","inLanguage":"hr","@id":"https:\/\/universofamilia.com\/el\/#\/schema\/person\/image\/","url":"http:\/\/2.gravatar.com\/avatar\/280ea957a14a48e6a1ad2133d2cc27c9?s=96&d=mm&r=g","contentUrl":"http:\/\/2.gravatar.com\/avatar\/280ea957a14a48e6a1ad2133d2cc27c9?s=96&d=mm&r=g","caption":"Matheus Sangaletti"},"url":"http:\/\/universofamilia.com\/hr\/author\/matheuss\/"}]}},"_links":{"self":[{"href":"http:\/\/universofamilia.com\/hr\/wp-json\/wp\/v2\/posts\/10068"}],"collection":[{"href":"http:\/\/universofamilia.com\/hr\/wp-json\/wp\/v2\/posts"}],"about":[{"href":"http:\/\/universofamilia.com\/hr\/wp-json\/wp\/v2\/types\/post"}],"author":[{"embeddable":true,"href":"http:\/\/universofamilia.com\/hr\/wp-json\/wp\/v2\/users\/219"}],"replies":[{"embeddable":true,"href":"http:\/\/universofamilia.com\/hr\/wp-json\/wp\/v2\/comments?post=10068"}],"version-history":[{"count":2,"href":"http:\/\/universofamilia.com\/hr\/wp-json\/wp\/v2\/posts\/10068\/revisions"}],"predecessor-version":[{"id":10122,"href":"http:\/\/universofamilia.com\/hr\/wp-json\/wp\/v2\/posts\/10068\/revisions\/10122"}],"wp:featuredmedia":[{"embeddable":true,"href":"http:\/\/universofamilia.com\/hr\/wp-json\/wp\/v2\/media\/10069"}],"wp:attachment":[{"href":"http:\/\/universofamilia.com\/hr\/wp-json\/wp\/v2\/media?parent=10068"}],"wp:term":[{"taxonomy":"category","embeddable":true,"href":"http:\/\/universofamilia.com\/hr\/wp-json\/wp\/v2\/categories?post=10068"},{"taxonomy":"post_tag","embeddable":true,"href":"http:\/\/universofamilia.com\/hr\/wp-json\/wp\/v2\/tags?post=10068"}],"curies":[{"name":"wp","href":"https:\/\/api.w.org\/{rel}","templated":true}]}}