{"id":10213,"date":"2025-10-27T12:35:00","date_gmt":"2025-10-27T15:35:00","guid":{"rendered":"https:\/\/universofamilia.com\/?p=10213"},"modified":"2025-10-27T12:35:18","modified_gmt":"2025-10-27T15:35:18","slug":"economia-mundial-en-2025-recesion-o-recuperacion","status":"publish","type":"post","link":"http:\/\/universofamilia.com\/hr\/economia-mundial-en-2025-recesion-o-recuperacion\/","title":{"rendered":"Svjetsko gospodarstvo u 2025.: Recesija ili oporavak?"},"content":{"rendered":"<p class=\"has-text-align-center\">Analizirat \u0107emo izglede MMF-a za <strong>svjetsko gospodarstvo u 2025. godini<\/strong>, faktori koji ukazuju na recesiju ili oporavak i njihove implikacije za Latinsku Ameriku.<\/p>\n\n\n\n<figure class=\"wp-block-gallery aligncenter has-nested-images columns-default is-cropped wp-block-gallery-1 is-layout-flex wp-block-gallery-is-layout-flex\">\n<figure class=\"wp-block-image size-full\"><img loading=\"lazy\" decoding=\"async\" width=\"450\" height=\"250\" data-id=\"10215\" src=\"https:\/\/universofamilia.com\/wp-content\/uploads\/sites\/148\/2025\/10\/Destaque-Novo-Universo-23-1.jpg\" alt=\"\" class=\"wp-image-10215\" srcset=\"http:\/\/universofamilia.com\/wp-content\/uploads\/sites\/148\/2025\/10\/Destaque-Novo-Universo-23-1.jpg 450w, http:\/\/universofamilia.com\/wp-content\/uploads\/sites\/148\/2025\/10\/Destaque-Novo-Universo-23-1-300x167.jpg 300w, http:\/\/universofamilia.com\/wp-content\/uploads\/sites\/148\/2025\/10\/Destaque-Novo-Universo-23-1-18x10.jpg 18w\" sizes=\"(max-width: 450px) 100vw, 450px\" \/><figcaption class=\"wp-element-caption\">CANVA<\/figcaption><\/figure>\n<\/figure>\n\n\n\n<p class=\"has-text-align-center\">Tako\u0111er \u0107emo istra\u017eiti koje bi strate\u0161ke odluke mogle napraviti razliku za zemlje i tvrtke.<\/p>\n\n\n\n<p class=\"has-text-align-center\">S ljudskim i realisti\u010dnim pristupom, jasno \u0107u objasniti za\u0161to je pitanje <strong>\u201eMe\u0111unarodni monetarni fond 2025.: Recesija ili oporavak?\u201c<\/strong> relevantniji je nego ikad.<\/p>\n\n\n\n<p><br><strong>Globalno gospodarstvo u 2025.: Recesija ili oporavak?<\/strong><\/p>\n\n\n\n<p>To je u sredi\u0161tu ekonomske rasprave ove godine, i zapravo, klju\u010dna rije\u010d pojavljuje se od prvog retka kako bi prirodno poja\u010dala njezinu prisutnost.<\/p>\n\n\n\n<p>Ovo nije hipotetski scenarij; nedavni podaci MMF-a pokazuju da se predvi\u0111a globalni rast od oko 3,2% u tre\u0107em kvartalu 2013. za ovu godinu, \u0161to je samo blago usporavanje u odnosu na 3,3% u tre\u0107em kvartalu 2013. u 2024. godini.<\/p>\n\n\n\n<p>Jednostavno re\u010deno, globalno gospodarstvo nije na rubu kolapsa, ali se kre\u0107e kroz te\u017eak teren.<\/p>\n\n\n\n<p>To je kao vo\u017enja autocestom s dobrim asfaltom, ali s neo\u010dekivanom olujom na horizontu. Mo\u017eete ostati na kursu, ali morate prilagoditi brzinu, ko\u010dnice i pa\u017enju.<\/p>\n\n\n\n<p>Ova analogija poma\u017ee shvatiti za\u0161to ovaj trenutak zahtijeva razboritost i odlu\u010dnost.<\/p>\n\n\n\n<p>Zatim \u0107emo ispitati glavne vektore rizika i prilika, kako se prepreke razlikuju za razvijene i zemlje u razvoju i na kraju, kakvi bi scenariji iz stvarnog svijeta mogli biti za vas, va\u0161e poslovanje ili va\u0161u latinoameri\u010dku zemlju.<\/p>\n\n\n\n<h2 class=\"wp-block-heading\">Globalni izgledi: umjeren rast, visoki rizici<\/h2>\n\n\n\n<p>Najnovije izdanje Svjetskog gospodarskog pregleda (WEO) Me\u0111unarodnog monetarnog fonda upozorava da \u0107e se globalni rast postupno usporavati: s 3,3 % u 2024. na pribli\u017eno 3,2 % u 2025. i 3,1 % u 2026. godini.<\/p>\n\n\n\n<ul>\n<li>U razvijenim gospodarstvima o\u010dekuje se rast od oko 1,5 % u 2025. godini.<\/li>\n\n\n\n<li>Na tr\u017ei\u0161tima u nastajanju i razvoju o\u010dekuje se ne\u0161to vi\u0161e od 4 %, iako s jasno uzlaznim trendom.<\/li>\n<\/ul>\n\n\n\n<p>Ovo usporavanje rasta ne podrazumijeva automatski recesiju; me\u0111utim, prostor za manevriranje je mnogo u\u017ei.<\/p>\n\n\n\n<p>\u010cimbenici poput trgovinskih napetosti, problema s ponudom radne snage i gomilanja javnog duga utje\u010du na otpornost.<\/p>\n\n\n\n<p>Na primjer, u izvje\u0161\u0107u se navodi da su \u201erizici nagnuti prema dolje\u201c.<\/p>\n\n\n\n<p>Relevantna statistika: prema WEO-u iz listopada 2025., procijenjeni globalni rast je <strong>3.2 %<\/strong> za ovu godinu.<\/p>\n\n\n\n<p>Slika koja nam ostaje je slika balona koji se nastavlja napuhavati, ali s malim propu\u0161tanjima: ostaje u zraku, ali uz dodatni napor i rizik od ispuhivanja ako se dogode daljnji udarci.<\/p>\n\n\n\n<p>U tom smislu, naslov <strong>\u201eSvjetsko gospodarstvo 2025.: Recesija ili oporavak?\u201c<\/strong> To je relevantno pitanje koje zahtijeva pa\u017eljivu analizu.<\/p>\n\n\n\n<h2 class=\"wp-block-heading\">\u010cimbenici koji poti\u010du recesiju<\/h2>\n\n\n\n<h3 class=\"wp-block-heading\">a) Trgovinske napetosti i fragmentacija<\/h3>\n\n\n\n<p>Reorganizacija lanaca vrijednosti, zajedno s vi\u0161im carinama i trgovinskim barijerama, stvara neizvjesnost. <\/p>\n\n\n\n<p>WEO upozorava da bi pretjerano poo\u0161travanje trgovinske politike i globalna fragmentacija mogli ometati ulaganja.<\/p>\n\n\n\n<h3 class=\"wp-block-heading\">b) Problemi na tr\u017ei\u0161tu rada i demografija<\/h3>\n\n\n\n<p>Starenje stanovni\u0161tva, ni\u017ea stopa sudjelovanja u radnoj snazi i nedostatak kvalificirane radne snage me\u0111u mladima su strukturna ograni\u010denja.<\/p>\n\n\n\n<p>Izvje\u0161\u0107e pokazuje da poticanje rasta zahtijeva pobolj\u0161anje sudjelovanja starijih osoba i \u017eena u radnoj snazi.<\/p>\n\n\n\n<h3 class=\"wp-block-heading\">c) Visok dug i financijska ranjivost<\/h3>\n\n\n\n<p>Kombinacija sporog rasta i visoke razine duga ostavlja mnogim zemljama ograni\u010den prostor za manevriranje u slu\u010daju krize.<\/p>\n\n\n\n<p>MMF upozorava da financijska korekcija, scenarij koji mnogi smatraju malo vjerojatnim, ostaje latentna prijetnja.<\/p>\n\n\n\n<h3 class=\"wp-block-heading\">d) Neo\u010dekivani \u0161okovi: klima, geopolitika, tehnologija<\/h3>\n\n\n\n<p>Primjer bi mogao biti regionalni sukob koji remeti klju\u010dni izvoz ili iznenadna energetska kriza.<\/p>\n\n\n\n<p>U takvim slu\u010dajevima, rizik od upada u recesiju dramati\u010dno se pove\u0107ava.<\/p>\n\n\n\n<p>Analogija bi ovdje bila ona s biciklom koji putuje s povoljnim vjetrom: \u010dim vjetar promijeni smjer, gubi se ravnote\u017ea.<\/p>\n\n\n\n<p>Stoga se scenarij recesije ne \u010dini najvjerojatnijim scenarijem u 2025. godini, ali se ne mo\u017ee isklju\u010diti.<\/p>\n\n\n\n<p>I upravo zbog te visoke razine rizika postavlja se pitanje <strong>\u201eSvjetsko gospodarstvo 2025.: Recesija ili oporavak?\u201c<\/strong> treba shvatiti ozbiljno.<\/p>\n\n\n\n<h2 class=\"wp-block-heading\">\u010cimbenici koji poti\u010du oporavak<\/h2>\n\n\n\n<h3 class=\"wp-block-heading\">a) Prilagodba i otpornost<\/h3>\n\n\n\n<p>\u010cinjenica da globalni rast nije uru\u0161io (3.2 %) ukazuje na to da postoji kapacitet za otpornost: tehnolo\u0161ki sektori, doma\u0107a potro\u0161nja na tr\u017ei\u0161tima u nastajanju i smanjenje odre\u0111enih trgovinskih barijera doprinose tome.<\/p>\n\n\n\n<h3 class=\"wp-block-heading\">b) Potencijal za strukturne promjene (umjetna inteligencija, digitalizacija)<\/h3>\n\n\n\n<p>Nedavna studija analizira kako primjena umjetne inteligencije (UI) utje\u010de na globalni bruto doma\u0107i proizvod (BDP), sugeriraju\u0107i da bi produktivnost mogla porasti ako je popra\u0107ena pravim politikama.<\/p>\n\n\n\n<h3 class=\"wp-block-heading\">c) Oporavak sektora nakon pandemije<\/h3>\n\n\n\n<p>Sektori koji su zaostajali tijekom pandemije (putovanja, slobodno vrijeme, usluge u\u017eivo) pokazuju znakove oporavka, \u0161to omogu\u0107uje ponovno aktiviranje dijela \u201euspavanog kapitala\u201c.<\/p>\n\n\n\n<h3 class=\"wp-block-heading\">d) Me\u0111unarodna suradnja i strukturne reforme<\/h3>\n\n\n\n<p>Ako se vlade odlu\u010de za koordiniranije politike, smanjenje trgovinskih barijera i provedbu reformi produktivnosti, mogu donijeti zna\u010dajne promjene.<\/p>\n\n\n\n<p>U izvje\u0161\u0107u WEO-a spominje se da je klju\u010dno \u201ekonstruktivno djelovanje za promicanje stabilnog i predvidljivog trgovinskog okru\u017eenja\u201c.<\/p>\n\n\n\n<p>Konkretan primjer: latinoameri\u010dka zemlja koja sustavno ula\u017ee u digitalnu infrastrukturu i obrazovanje u tehnolo\u0161kim vje\u0161tinama mogla bi imati puno br\u017ee koristi od one koja nastavlja samo s tradicionalnim politikama. <\/p>\n\n\n\n<p>Ovo je ilustracija kako se oporavak mo\u017ee ubrzati ako se odluke donose u skladu s globalnim kontekstom.<\/p>\n\n\n\n<h2 class=\"wp-block-heading\">4. Mogu\u0107i scenariji za 2025. i \u0161to oni podrazumijevaju<\/h2>\n\n\n\n<h3 class=\"wp-block-heading\">Scenarij A \u2013 Blaga stagnacija<\/h3>\n\n\n\n<p>U ovom slu\u010daju, rast ostaje blizu globalnog 3 %, bez recesije, ali i bez sna\u017enog oporavka.<\/p>\n\n\n\n<p>Tvrtke umjereno rastu, ali se prostor za inovacije su\u017eava.<\/p>\n\n\n\n<p>U ovom scenariju, mnoga tr\u017ei\u0161ta u nastajanju i dalje prednja\u010de, dok razvijena gospodarstva lagano posustaju.<\/p>\n\n\n\n<h3 class=\"wp-block-heading\">Scenarij B \u2013 Umjeren oporavak sli\u010dan pu\u017eevim koracima<\/h3>\n\n\n\n<p>Ovdje se tehnolo\u0161ka prilagodba, pobolj\u0161anja produktivnosti i me\u0111unarodna suradnja kombiniraju kako bi omogu\u0107ili porast rasta na 3,5 % ili vi\u0161e na globalnoj razini.<\/p>\n\n\n\n<p>Za zemlje s aktivnim reformama to zna\u010di pove\u0107ana strana ulaganja, pove\u0107an izvoz s dodanom vrijedno\u0161\u0107u i pobolj\u0161anu zaposlenost.<\/p>\n\n\n\n<h3 class=\"wp-block-heading\">Scenarij C \u2013 Lokalizirana ili generalizirana recesija<\/h3>\n\n\n\n<p>Iako je globalno malo vjerojatno, odre\u0111ene zemlje ili regije mogle bi pasti u recesiju - na primjer, gospodarstva s visokim dugom, bankarskim krizama ili klju\u010dnim sektorima pogo\u0111enim vanjskim \u0161okovima.<\/p>\n\n\n\n<p>Naslov <strong>\u201eSvjetsko gospodarstvo 2025.: Recesija ili oporavak?\u201c<\/strong> Ovo je ovdje potpuno relevantno: nije toliko bitno ho\u0107e li do\u0107i do potpune globalne recesije, ve\u0107 koliko i koje zemlje mogu biti izostavljene iz pozitivnog ciklusa.<\/p>\n\n\n\n<p>Za one koji posluju u Latinskoj Americi ili Meksiku, to zna\u010di da je klju\u010dno ne pretpostavljati da je &quot;kontekst neutralan&quot;.<\/p>\n\n\n\n<p>Ako se nalazite u skupini gospodarstava s izlo\u017eeno\u0161\u0107u sirovinama, turizmu ili osjetljivim sektorima, trebali biste planirati scenarij B ili C, a ne samo A.<\/p>\n\n\n\n<h2 class=\"wp-block-heading\">\u0160to mogu u\u010diniti zemlje i tvrtke Latinske Amerike?<\/h2>\n\n\n\n<h3 class=\"wp-block-heading\">Za zemlje<\/h3>\n\n\n\n<ul>\n<li>Dati prioritet politikama za pove\u0107anje produktivnosti: ulaganje u ljudski kapital, digitalizaciju i infrastrukturu.<\/li>\n\n\n\n<li>Konsolidirati javne financije: pristupa\u010dan dug, dovoljan manevarski prostor u slu\u010daju vanjskih \u0161okova.<\/li>\n\n\n\n<li>Promicati otvorenost trgovine i diverzifikaciju tr\u017ei\u0161ta kako bi se smanjila ovisnost o jednoj regiji.<\/li>\n<\/ul>\n\n\n\n<h3 class=\"wp-block-heading\">Za tvrtke<\/h3>\n\n\n\n<ul>\n<li>Predvidite scenarij umjerenog rasta: optimizirajte tro\u0161kove, tra\u017eite tr\u017ei\u0161ne ni\u0161e, usvojite tehnologiju kako biste se diferencirali.<\/li>\n\n\n\n<li>Izgradite financijsku otpornost: imajte likvidnost, ni\u017ei leverage i planove za nepredvi\u0111ene situacije u slu\u010daju padova.<\/li>\n\n\n\n<li>Tehnolo\u0161ke poreme\u0107aje ne promatrajte samo kao prijetnju, ve\u0107 i kao priliku: zamislite dva meksi\u010dka startupa, jedan koji je investirao u umjetnu inteligenciju u logistici, a drugi koji nije: prvi mo\u017ee potaknuti svoj rast u svijetu u kojem je u\u010dinkovitost najva\u017enija.<\/li>\n<\/ul>\n\n\n\n<p>Korisna analogija: tvrtka je poput jedrilice koja plovi morem sa slabim strujama i nepravilnim vjetrovima.<\/p>\n\n\n\n<p>Ako podesite jedra (tehnologija), odr\u017eavate trup \u010distim (produktivnost) i imate a\u017eurne karte (ekonomski podaci), mo\u0107i \u0107ete ploviti naprijed \u010dak i kada je vjetar slab.<\/p>\n\n\n\n<p>Oni koji slijede samo tradicionalni put ostat \u0107e zaostali.<\/p>\n\n\n\n<figure class=\"wp-block-gallery aligncenter has-nested-images columns-default is-cropped wp-block-gallery-2 is-layout-flex wp-block-gallery-is-layout-flex\">\n<figure class=\"wp-block-image size-full\"><img loading=\"lazy\" decoding=\"async\" width=\"450\" height=\"250\" data-id=\"10216\" src=\"https:\/\/universofamilia.com\/wp-content\/uploads\/sites\/148\/2025\/10\/Destaque-Novo-Universo-24.jpg\" alt=\"\" class=\"wp-image-10216\" srcset=\"http:\/\/universofamilia.com\/wp-content\/uploads\/sites\/148\/2025\/10\/Destaque-Novo-Universo-24.jpg 450w, http:\/\/universofamilia.com\/wp-content\/uploads\/sites\/148\/2025\/10\/Destaque-Novo-Universo-24-300x167.jpg 300w, http:\/\/universofamilia.com\/wp-content\/uploads\/sites\/148\/2025\/10\/Destaque-Novo-Universo-24-18x10.jpg 18w\" sizes=\"(max-width: 450px) 100vw, 450px\" \/><figcaption class=\"wp-element-caption\">CANVA<\/figcaption><\/figure>\n<\/figure>\n\n\n\n<p>Pro\u010ditajte vi\u0161e:\u00a0<a href=\"http:\/\/universofamilia.com\/hr\/crisis-climatica-global\/\">Globalna klimatska kriza: posljedice ve\u0107 poga\u0111aju milijune<\/a><\/p>\n\n\n\n<h2 class=\"wp-block-heading\">Dakle, suo\u010davamo li se s recesijom ili oporavkom?<\/h2>\n\n\n\n<p>Odgovor je: <strong>oboje u razli\u010ditim dozama<\/strong>.<\/p>\n\n\n\n<p>Globalna recesija nije neizbje\u017ena 2025. godine, kao ni bujan oporavak.<\/p>\n\n\n\n<p>Umjesto toga, nalazimo se na prekretnici gdje \u0107e mnogo toga ovisiti o donesenim odlukama - i na makroekonomskoj i na poslovnoj razini.<\/p>\n\n\n\n<p>Naslov <strong>\u201eSvjetsko gospodarstvo 2025.: Recesija ili oporavak?\u201c<\/strong> sadr\u017ei tu dvojnost.<\/p>\n\n\n\n<p>Ako vlade i organizacije djeluju s vizijom, mogli bismo vidjeti umjereni oporavak.<\/p>\n\n\n\n<p>Ako prevladaju inercija, fragmentacija i nekontrolirani dug, neka podru\u010dja bi mogla skliznuti u recesiju.<\/p>\n\n\n\n<p>Klju\u010dno je djelovati unaprijed, umjesto reagirati kada je pad ve\u0107 primjetan.<\/p>\n\n\n\n<p>Ako tvrtka ili dr\u017eava \u010deka da udari &quot;oluja&quot; prije nego \u0161to djeluje, bit \u0107e u nepovoljnom polo\u017eaju u usporedbi s onima koji su ve\u0107 namjestili svoja jedra.<\/p>\n\n\n\n<h2 class=\"wp-block-heading\">Zaklju\u010dak<\/h2>\n\n\n\n<p>Godina 2025. predstavlja vrlo specifi\u010dan izazov za globalno gospodarstvo.<\/p>\n\n\n\n<p>S projekcijama globalnog rasta od oko 3,2% u prvom kvartalu 2015. godine, daleko smo od eksplozivnog oporavka i jo\u0161 nismo na rubu kolapsa.<\/p>\n\n\n\n<p>Ali mar\u017ee se smanjuju, rizici rastu i priliku treba iskoristiti odmah.<\/p>\n\n\n\n<p>Pitanje <strong>\u201eSvjetsko gospodarstvo 2025.: Recesija ili oporavak?\u201c<\/strong> To nije samo retorika; to je poziv na akciju.<\/p>\n\n\n\n<p>Za zemlje u razvoju, za tvrtke i investitore, vrijeme je za planiranje sada.<\/p>\n\n\n\n<p>Razlika izme\u0111u onih koji dobro upravljaju ovim ciklusom i onih koji ga podcjenjuju mogla bi odrediti sljede\u0107ih pet do deset godina prednosti ili ka\u0161njenja.<\/p>\n\n\n\n<p>Pozivam vas da analizirate: Jeste li na brodu koji namje\u0161ta jedra i \u010disti trup ili na onom koji \u010deka da vjetar sam od sebe poja\u010da?<\/p>\n\n\n\n<p>Pro\u010ditajte vi\u0161e:\u00a0<a href=\"http:\/\/universofamilia.com\/hr\/el-papel-de-la-tecnologia-en-las-elecciones-internacionales\/\">Uloga tehnologije u me\u0111unarodnim izborima<\/a><\/p>\n\n\n\n<h2 class=\"wp-block-heading\">\u010cesto postavljana pitanja (FAQ)<\/h2>\n\n\n\n<p><strong>Trebamo li se pripremiti za globalnu recesiju 2025. godine?<\/strong><br>Recesija nije neizbje\u017ena za cijeli planet.<\/p>\n\n\n\n<p>Me\u0111utim, preporu\u010dljivo je pripremiti se barem za razdoblje stagnacije ili umjerenog rasta.<\/p>\n\n\n\n<p>To uklju\u010duje prilagodbu financija, proizvodnih strojeva i o\u010dekivanja.<\/p>\n\n\n\n<p><strong>Mo\u017ee li Meksiko imati koristi od globalnog oporavka?<\/strong><br>Da, Meksiko mo\u017ee imati koristi od iskori\u0161tavanja izvoznih tr\u017ei\u0161ta, usvajanja tehnologije i pozicioniranja u ni\u0161ama s dodanom vrijedno\u0161\u0107u.<\/p>\n\n\n\n<p>Ali je tako\u0111er izlo\u017eena ako se pretjerano oslanja na sirovine ili tradicionalne sektore.<\/p>\n\n\n\n<p><strong>Koji sektori imaju najbolje \u0161anse za rast u ovom kontekstu?<\/strong><br><\/p>\n\n\n\n<p>Sektori povezani s tehnologijom, digitalizacijom, obnovljivim izvorima energije, pametnom logistikom i proizvodnjom orijentiranom na izvoz imaju ve\u0107e \u0161anse za uspjeh.<\/p>\n\n\n\n<p>Nasuprot tome, sektori koji su u velikoj mjeri izlo\u017eeni sirovinama bez diverzifikacije mogu zaostajati.<\/p>\n\n\n\n<p><strong>Kakvu ulogu igra me\u0111unarodna suradnja?<\/strong><br>To je klju\u010dno. Smanjenje trgovinskih barijera, pobolj\u0161anje globalnih lanaca opskrbe i koordinacija makroekonomskih politika poma\u017eu u stvaranju povoljnijeg okru\u017eenja za rast.<\/p>\n\n\n\n<p>Ako se fragmentacija poja\u010da, pove\u0107ava se i otpor recesiji.<\/p>\n\n\n\n<p><strong>Koja je glavna preporuka za tvrtku u Latinskoj Americi?<\/strong><br><\/p>\n\n\n\n<p>Procijenite svoju izlo\u017eenost me\u0111unarodnom riziku, ula\u017eite u tehnologiju i produktivnost, smanjite financijske ranjivosti i nastojte diverzificirati tr\u017ei\u0161ta.<\/p>\n\n\n\n<p>Nemojte pretpostavljati da \u0107e ciklus donijeti samo povoljne vjetrove; pripremite se za udare vjetra i zati\u0161je.<\/p>","protected":false},"excerpt":{"rendered":"<p>Analizaremos el panorama del FMI sobre la econom\u00eda mundial en 2025, los factores que apuntan a recesi\u00f3n o recuperaci\u00f3n y sus implicaciones para Am\u00e9rica Latina. Tambi\u00e9n exploraremos qu\u00e9 decisiones estrat\u00e9gicas podr\u00edan marcar la diferencia para los pa\u00edses y las empresas. Con enfoque humano y realista, explicar\u00e9 con claridad por qu\u00e9 la interrogante \u201cInternational Monetary Fund [&hellip;]<\/p>","protected":false},"author":219,"featured_media":10214,"comment_status":"closed","ping_status":"open","sticky":false,"template":"","format":"standard","meta":{"footnotes":""},"categories":[4],"tags":[],"yoast_head":"<!-- This site is optimized with the Yoast SEO plugin v23.3 - https:\/\/yoast.com\/wordpress\/plugins\/seo\/ -->\n<title>Econom\u00eda mundial en 2025: \u00bfrecesi\u00f3n o recuperaci\u00f3n? - Universo Fam\u00edlia<\/title>\n<meta name=\"description\" content=\"Analizaremos el panorama del FMI sobre la econom\u00eda mundial en 2025, los factores que apuntan a recesi\u00f3n o recuperaci\u00f3n y sus implicaciones..\" \/>\n<meta name=\"robots\" content=\"index, follow, max-snippet:-1, max-image-preview:large, max-video-preview:-1\" \/>\n<link rel=\"canonical\" href=\"https:\/\/universofamilia.com\/hr\/economia-mundial-en-2025-recesion-o-recuperacion\/\" \/>\n<meta property=\"og:locale\" content=\"hr_HR\" \/>\n<meta property=\"og:type\" content=\"article\" \/>\n<meta property=\"og:title\" content=\"Econom\u00eda mundial en 2025: \u00bfrecesi\u00f3n o recuperaci\u00f3n? - Universo Fam\u00edlia\" \/>\n<meta property=\"og:description\" content=\"Analizaremos el panorama del FMI sobre la econom\u00eda mundial en 2025, los factores que apuntan a recesi\u00f3n o recuperaci\u00f3n y sus implicaciones..\" \/>\n<meta property=\"og:url\" content=\"https:\/\/universofamilia.com\/hr\/economia-mundial-en-2025-recesion-o-recuperacion\/\" \/>\n<meta property=\"og:site_name\" content=\"Universo Fam\u00edlia\" \/>\n<meta property=\"article:published_time\" content=\"2025-10-27T15:35:00+00:00\" \/>\n<meta property=\"article:modified_time\" content=\"2025-10-27T15:35:18+00:00\" \/>\n<meta property=\"og:image\" content=\"https:\/\/universofamilia.com\/wp-content\/uploads\/sites\/148\/2025\/10\/Destaque-Novo-Universo-23.jpg\" \/>\n\t<meta property=\"og:image:width\" content=\"450\" \/>\n\t<meta property=\"og:image:height\" content=\"250\" \/>\n\t<meta property=\"og:image:type\" content=\"image\/jpeg\" \/>\n<meta name=\"author\" content=\"Matheus Sangaletti\" \/>\n<meta name=\"twitter:card\" content=\"summary_large_image\" \/>\n<meta name=\"twitter:label1\" content=\"Written by\" \/>\n\t<meta name=\"twitter:data1\" content=\"Matheus Sangaletti\" \/>\n\t<meta name=\"twitter:label2\" content=\"Est. reading time\" \/>\n\t<meta name=\"twitter:data2\" content=\"11 minuta\" \/>\n<script type=\"application\/ld+json\" class=\"yoast-schema-graph\">{\"@context\":\"https:\/\/schema.org\",\"@graph\":[{\"@type\":\"WebPage\",\"@id\":\"https:\/\/universofamilia.com\/el\/economia-mundial-en-2025-recesion-o-recuperacion\/\",\"url\":\"https:\/\/universofamilia.com\/el\/economia-mundial-en-2025-recesion-o-recuperacion\/\",\"name\":\"Econom\u00eda mundial en 2025: \u00bfrecesi\u00f3n o recuperaci\u00f3n? - Universo Fam\u00edlia\",\"isPartOf\":{\"@id\":\"https:\/\/universofamilia.com\/el\/#website\"},\"primaryImageOfPage\":{\"@id\":\"https:\/\/universofamilia.com\/el\/economia-mundial-en-2025-recesion-o-recuperacion\/#primaryimage\"},\"image\":{\"@id\":\"https:\/\/universofamilia.com\/el\/economia-mundial-en-2025-recesion-o-recuperacion\/#primaryimage\"},\"thumbnailUrl\":\"http:\/\/universofamilia.com\/wp-content\/uploads\/sites\/148\/2025\/10\/Destaque-Novo-Universo-23.jpg\",\"datePublished\":\"2025-10-27T15:35:00+00:00\",\"dateModified\":\"2025-10-27T15:35:18+00:00\",\"author\":{\"@id\":\"https:\/\/universofamilia.com\/el\/#\/schema\/person\/92fcd07e9b1f4323bf74f3170fc0f78a\"},\"description\":\"Analizaremos el panorama del FMI sobre la econom\u00eda mundial en 2025, los factores que apuntan a recesi\u00f3n o recuperaci\u00f3n y sus implicaciones..\",\"breadcrumb\":{\"@id\":\"https:\/\/universofamilia.com\/el\/economia-mundial-en-2025-recesion-o-recuperacion\/#breadcrumb\"},\"inLanguage\":\"hr\",\"potentialAction\":[{\"@type\":\"ReadAction\",\"target\":[\"https:\/\/universofamilia.com\/el\/economia-mundial-en-2025-recesion-o-recuperacion\/\"]}]},{\"@type\":\"ImageObject\",\"inLanguage\":\"hr\",\"@id\":\"https:\/\/universofamilia.com\/el\/economia-mundial-en-2025-recesion-o-recuperacion\/#primaryimage\",\"url\":\"http:\/\/universofamilia.com\/wp-content\/uploads\/sites\/148\/2025\/10\/Destaque-Novo-Universo-23.jpg\",\"contentUrl\":\"http:\/\/universofamilia.com\/wp-content\/uploads\/sites\/148\/2025\/10\/Destaque-Novo-Universo-23.jpg\",\"width\":450,\"height\":250},{\"@type\":\"BreadcrumbList\",\"@id\":\"https:\/\/universofamilia.com\/el\/economia-mundial-en-2025-recesion-o-recuperacion\/#breadcrumb\",\"itemListElement\":[{\"@type\":\"ListItem\",\"position\":1,\"name\":\"Home\",\"item\":\"https:\/\/universofamilia.com\/el\/\"},{\"@type\":\"ListItem\",\"position\":2,\"name\":\"Econom\u00eda mundial en 2025: \u00bfrecesi\u00f3n o recuperaci\u00f3n?\"}]},{\"@type\":\"WebSite\",\"@id\":\"https:\/\/universofamilia.com\/el\/#website\",\"url\":\"https:\/\/universofamilia.com\/el\/\",\"name\":\"Universo Fam\u00edlia\",\"description\":\"\",\"potentialAction\":[{\"@type\":\"SearchAction\",\"target\":{\"@type\":\"EntryPoint\",\"urlTemplate\":\"https:\/\/universofamilia.com\/el\/?s={search_term_string}\"},\"query-input\":\"required name=search_term_string\"}],\"inLanguage\":\"hr\"},{\"@type\":\"Person\",\"@id\":\"https:\/\/universofamilia.com\/el\/#\/schema\/person\/92fcd07e9b1f4323bf74f3170fc0f78a\",\"name\":\"Matheus Sangaletti\",\"image\":{\"@type\":\"ImageObject\",\"inLanguage\":\"hr\",\"@id\":\"https:\/\/universofamilia.com\/el\/#\/schema\/person\/image\/\",\"url\":\"http:\/\/2.gravatar.com\/avatar\/280ea957a14a48e6a1ad2133d2cc27c9?s=96&d=mm&r=g\",\"contentUrl\":\"http:\/\/2.gravatar.com\/avatar\/280ea957a14a48e6a1ad2133d2cc27c9?s=96&d=mm&r=g\",\"caption\":\"Matheus Sangaletti\"},\"url\":\"http:\/\/universofamilia.com\/hr\/author\/matheuss\/\"}]}<\/script>\n<!-- \/ Yoast SEO plugin. -->","yoast_head_json":{"title":"Econom\u00eda mundial en 2025: \u00bfrecesi\u00f3n o recuperaci\u00f3n? - Universo Fam\u00edlia","description":"Analizaremos el panorama del FMI sobre la econom\u00eda mundial en 2025, los factores que apuntan a recesi\u00f3n o recuperaci\u00f3n y sus implicaciones..","robots":{"index":"index","follow":"follow","max-snippet":"max-snippet:-1","max-image-preview":"max-image-preview:large","max-video-preview":"max-video-preview:-1"},"canonical":"https:\/\/universofamilia.com\/hr\/economia-mundial-en-2025-recesion-o-recuperacion\/","og_locale":"hr_HR","og_type":"article","og_title":"Econom\u00eda mundial en 2025: \u00bfrecesi\u00f3n o recuperaci\u00f3n? - Universo Fam\u00edlia","og_description":"Analizaremos el panorama del FMI sobre la econom\u00eda mundial en 2025, los factores que apuntan a recesi\u00f3n o recuperaci\u00f3n y sus implicaciones..","og_url":"https:\/\/universofamilia.com\/hr\/economia-mundial-en-2025-recesion-o-recuperacion\/","og_site_name":"Universo Fam\u00edlia","article_published_time":"2025-10-27T15:35:00+00:00","article_modified_time":"2025-10-27T15:35:18+00:00","og_image":[{"width":450,"height":250,"url":"https:\/\/universofamilia.com\/wp-content\/uploads\/sites\/148\/2025\/10\/Destaque-Novo-Universo-23.jpg","type":"image\/jpeg"}],"author":"Matheus Sangaletti","twitter_card":"summary_large_image","twitter_misc":{"Written by":"Matheus Sangaletti","Est. reading time":"11 minuta"},"schema":{"@context":"https:\/\/schema.org","@graph":[{"@type":"WebPage","@id":"https:\/\/universofamilia.com\/el\/economia-mundial-en-2025-recesion-o-recuperacion\/","url":"https:\/\/universofamilia.com\/el\/economia-mundial-en-2025-recesion-o-recuperacion\/","name":"Econom\u00eda mundial en 2025: \u00bfrecesi\u00f3n o recuperaci\u00f3n? - Universo Fam\u00edlia","isPartOf":{"@id":"https:\/\/universofamilia.com\/el\/#website"},"primaryImageOfPage":{"@id":"https:\/\/universofamilia.com\/el\/economia-mundial-en-2025-recesion-o-recuperacion\/#primaryimage"},"image":{"@id":"https:\/\/universofamilia.com\/el\/economia-mundial-en-2025-recesion-o-recuperacion\/#primaryimage"},"thumbnailUrl":"http:\/\/universofamilia.com\/wp-content\/uploads\/sites\/148\/2025\/10\/Destaque-Novo-Universo-23.jpg","datePublished":"2025-10-27T15:35:00+00:00","dateModified":"2025-10-27T15:35:18+00:00","author":{"@id":"https:\/\/universofamilia.com\/el\/#\/schema\/person\/92fcd07e9b1f4323bf74f3170fc0f78a"},"description":"Analizaremos el panorama del FMI sobre la econom\u00eda mundial en 2025, los factores que apuntan a recesi\u00f3n o recuperaci\u00f3n y sus implicaciones..","breadcrumb":{"@id":"https:\/\/universofamilia.com\/el\/economia-mundial-en-2025-recesion-o-recuperacion\/#breadcrumb"},"inLanguage":"hr","potentialAction":[{"@type":"ReadAction","target":["https:\/\/universofamilia.com\/el\/economia-mundial-en-2025-recesion-o-recuperacion\/"]}]},{"@type":"ImageObject","inLanguage":"hr","@id":"https:\/\/universofamilia.com\/el\/economia-mundial-en-2025-recesion-o-recuperacion\/#primaryimage","url":"http:\/\/universofamilia.com\/wp-content\/uploads\/sites\/148\/2025\/10\/Destaque-Novo-Universo-23.jpg","contentUrl":"http:\/\/universofamilia.com\/wp-content\/uploads\/sites\/148\/2025\/10\/Destaque-Novo-Universo-23.jpg","width":450,"height":250},{"@type":"BreadcrumbList","@id":"https:\/\/universofamilia.com\/el\/economia-mundial-en-2025-recesion-o-recuperacion\/#breadcrumb","itemListElement":[{"@type":"ListItem","position":1,"name":"Home","item":"https:\/\/universofamilia.com\/el\/"},{"@type":"ListItem","position":2,"name":"Econom\u00eda mundial en 2025: \u00bfrecesi\u00f3n o recuperaci\u00f3n?"}]},{"@type":"WebSite","@id":"https:\/\/universofamilia.com\/el\/#website","url":"https:\/\/universofamilia.com\/el\/","name":"Universo Fam\u00edlia","description":"","potentialAction":[{"@type":"SearchAction","target":{"@type":"EntryPoint","urlTemplate":"https:\/\/universofamilia.com\/el\/?s={search_term_string}"},"query-input":"required name=search_term_string"}],"inLanguage":"hr"},{"@type":"Person","@id":"https:\/\/universofamilia.com\/el\/#\/schema\/person\/92fcd07e9b1f4323bf74f3170fc0f78a","name":"Matheus Sangaletti","image":{"@type":"ImageObject","inLanguage":"hr","@id":"https:\/\/universofamilia.com\/el\/#\/schema\/person\/image\/","url":"http:\/\/2.gravatar.com\/avatar\/280ea957a14a48e6a1ad2133d2cc27c9?s=96&d=mm&r=g","contentUrl":"http:\/\/2.gravatar.com\/avatar\/280ea957a14a48e6a1ad2133d2cc27c9?s=96&d=mm&r=g","caption":"Matheus Sangaletti"},"url":"http:\/\/universofamilia.com\/hr\/author\/matheuss\/"}]}},"_links":{"self":[{"href":"http:\/\/universofamilia.com\/hr\/wp-json\/wp\/v2\/posts\/10213"}],"collection":[{"href":"http:\/\/universofamilia.com\/hr\/wp-json\/wp\/v2\/posts"}],"about":[{"href":"http:\/\/universofamilia.com\/hr\/wp-json\/wp\/v2\/types\/post"}],"author":[{"embeddable":true,"href":"http:\/\/universofamilia.com\/hr\/wp-json\/wp\/v2\/users\/219"}],"replies":[{"embeddable":true,"href":"http:\/\/universofamilia.com\/hr\/wp-json\/wp\/v2\/comments?post=10213"}],"version-history":[{"count":1,"href":"http:\/\/universofamilia.com\/hr\/wp-json\/wp\/v2\/posts\/10213\/revisions"}],"predecessor-version":[{"id":10217,"href":"http:\/\/universofamilia.com\/hr\/wp-json\/wp\/v2\/posts\/10213\/revisions\/10217"}],"wp:featuredmedia":[{"embeddable":true,"href":"http:\/\/universofamilia.com\/hr\/wp-json\/wp\/v2\/media\/10214"}],"wp:attachment":[{"href":"http:\/\/universofamilia.com\/hr\/wp-json\/wp\/v2\/media?parent=10213"}],"wp:term":[{"taxonomy":"category","embeddable":true,"href":"http:\/\/universofamilia.com\/hr\/wp-json\/wp\/v2\/categories?post=10213"},{"taxonomy":"post_tag","embeddable":true,"href":"http:\/\/universofamilia.com\/hr\/wp-json\/wp\/v2\/tags?post=10213"}],"curies":[{"name":"wp","href":"https:\/\/api.w.org\/{rel}","templated":true}]}}