{"id":10459,"date":"2025-12-26T11:16:37","date_gmt":"2025-12-26T14:16:37","guid":{"rendered":"https:\/\/universofamilia.com\/?p=10459"},"modified":"2025-12-26T11:16:39","modified_gmt":"2025-12-26T14:16:39","slug":"como-prepararse-para-entrevistas-de-trabajo-virtuales","status":"publish","type":"post","link":"http:\/\/universofamilia.com\/hr\/como-prepararse-para-entrevistas-de-trabajo-virtuales\/","title":{"rendered":"Kako se pripremiti za virtualne razgovore za posao"},"content":{"rendered":"<p class=\"has-text-align-center\"><strong>Kako se pripremiti za virtualne razgovore za posao<\/strong> To je postala bitna profesionalna vje\u0161tina do 2025. godine.<\/p>\n\n\n\n<figure class=\"wp-block-gallery has-nested-images columns-default is-cropped wp-block-gallery-1 is-layout-flex wp-block-gallery-is-layout-flex\">\n<figure class=\"wp-block-image size-full\"><img loading=\"lazy\" decoding=\"async\" width=\"450\" height=\"250\" data-id=\"10461\" src=\"https:\/\/universofamilia.com\/wp-content\/uploads\/sites\/148\/2025\/12\/Destaque-Novo-Universo-16-1.jpg\" alt=\"\" class=\"wp-image-10461\" srcset=\"http:\/\/universofamilia.com\/wp-content\/uploads\/sites\/148\/2025\/12\/Destaque-Novo-Universo-16-1.jpg 450w, http:\/\/universofamilia.com\/wp-content\/uploads\/sites\/148\/2025\/12\/Destaque-Novo-Universo-16-1-300x167.jpg 300w, http:\/\/universofamilia.com\/wp-content\/uploads\/sites\/148\/2025\/12\/Destaque-Novo-Universo-16-1-18x10.jpg 18w\" sizes=\"(max-width: 450px) 100vw, 450px\" \/><figcaption class=\"wp-element-caption\">Kako se pripremiti za virtualne razgovore za posao<\/figcaption><\/figure>\n<\/figure>\n\n\n\n<p class=\"has-text-align-center\">Rast rada na daljinu, hibridni procesi zapo\u0161ljavanja i digitalizacija talenata zauvijek su promijenili na\u010din na koji tvrtke procjenjuju kandidate.<\/p>\n\n\n\n<p>Imati dobar \u017eivotopis vi\u0161e nije dovoljno: sada je va\u017eno i kako komunicirate putem ekrana, kako upravljate tehnologijom i koliko autenti\u010dni mo\u017eete biti u digitalnom okru\u017eenju.<\/p>\n\n\n\n<p>Prije nego \u0161to dublje krenemo u detalje, vrijedi dati kratak sa\u017eetak koji \u0107e usmjeriti \u010ditanje: za\u0161to su virtualni intervjui sada norma i koje pogre\u0161ke i dalje uzrokuju gubitke prilika.<\/p>\n\n\n\n<p>Kako pripremiti okru\u017eenje i tehnologiju, \u0161to regruteri zapravo procjenjuju, klju\u010dna statistika, dva primjera iz stvarnog svijeta, ilustrativna analogija, prakti\u010dna tablica i jasni odgovori na \u010desto postavljana pitanja.<\/p>\n\n\n\n<h2 class=\"wp-block-heading\"><strong>Novi kontekst virtualnih intervjua u 2025. godini<\/strong><\/h2>\n\n\n\n<p>Virtualni intervjui vi\u0161e nisu privremeno rje\u0161enje. Platforme poput Zooma, Microsoft Teamsa i Google Meeta \u010dvrsto su integrirane u procese zapo\u0161ljavanja, \u010dak i u tradicionalnim tvrtkama.<\/p>\n\n\n\n<p>Ovaj format omogu\u0107uje smanjenje tro\u0161kova, pro\u0161ireni globalni doseg talenata i br\u017ee dono\u0161enje odluka.<\/p>\n\n\n\n<p>Me\u0111utim, promjena je tako\u0111er podigla ljestvicu.<\/p>\n\n\n\n<p>Oni koji sudjeluju u online intervjuu pokazuju ne samo tehni\u010dko znanje, ve\u0107 i digitalne vje\u0161tine, jasnu komunikaciju i prilagodljivost.<\/p>\n\n\n\n<p>Biti spreman vi\u0161e nije opcionalno; to \u010dini razliku izme\u0111u kretanja naprijed i zaostajanja.<\/p>\n\n\n\n<h2 class=\"wp-block-heading\"><strong>\u0160to regruteri tra\u017ee u virtualnom intervjuu danas<\/strong><\/h2>\n\n\n\n<p>Mnogi kandidati vjeruju da regruter procjenjuje samo odgovore. U stvarnosti, analiza ide mnogo dalje.<\/p>\n\n\n\n<p>Promatrajte na\u010din izra\u017eavanja, sposobnost sinteze, govor tijela pred kamerom i rje\u0161avanje nepredvi\u0111enih tehni\u010dkih problema.<\/p>\n\n\n\n<p>Prema izvje\u0161\u0107u od <strong>Izvje\u0161\u0107e o u\u010denju na radnom mjestu na LinkedInu<\/strong>vi\u0161e od <strong>70% regrutera smatra komunikacijske vje\u0161tine i vje\u0161tine digitalne prilagodljivosti jednako va\u017enima kao i tehni\u010dko znanje.<\/strong> u virtualnim procesima.<\/p>\n\n\n\n<p>Ovi podaci potvr\u0111uju da priprema mora biti sveobuhvatna i ne smije se ograni\u010davati samo na stru\u010dni diskurs.<\/p>\n\n\n\n<h2 class=\"wp-block-heading\"><strong>Tehni\u010dka priprema: temelj koji ne dopu\u0161ta mjesta za pogre\u0161ke<\/strong><\/h2>\n\n\n\n<p>Iako se mo\u017ee \u010diniti o\u010ditim, mnogi se procesi gube zbog jednostavnih pogre\u0161aka. Lo\u0161a veza, neispravan mikrofon ili bu\u010dno okru\u017eenje stvaraju odmah negativan dojam.<\/p>\n\n\n\n<p>Preporu\u010dljivo je provjeriti tehnologiju barem dan unaprijed. Kamera u razini o\u010diju, jasan zvuk i stabilna veza pokazuju profesionalnost.<\/p>\n\n\n\n<p>Osim toga, zatvaranje nepotrebnih aplikacija sprje\u010dava neo\u010dekivane prekide.<\/p>\n\n\n\n<p>Tu dolazi do izra\u017eaja malo spominjano pravilo: jednostavnost.<\/p>\n\n\n\n<p>Uredna i neutralna pozadina prenosi fokus. Ne radi se o impresioniranju tehnologijom, ve\u0107 o olak\u0161avanju razgovora.<\/p>\n\n\n\n<h2 class=\"wp-block-heading\"><strong>Okoli\u0161: va\u017eniji nego \u0161to mislite<\/strong><\/h2>\n\n\n\n<p>Prostor iz kojeg se povezujete tako\u0111er ne\u0161to komunicira. Prirodno svjetlo, \u010dist zid ili diskretna virtualna pozadina i udobna stolica utje\u010du na va\u0161u izvedbu.<\/p>\n\n\n\n<p>Uspravan stav projicira samopouzdanje i energiju, \u010dak i kroz ekran.<\/p>\n\n\n\n<p>Nadalje, obavje\u0161tavanje bliskih kontakata kako bi se izbjegli prekidi pokazuje predvi\u0111anje. Ovaj detalj, iako \u010desto zanemaren, smanjuje stres i pobolj\u0161ava tijek komunikacije.<\/p>\n\n\n\n<h2 class=\"wp-block-heading\"><strong>Verbalna i neverbalna komunikacija na ekranu<\/strong><\/h2>\n\n\n\n<p>Govor pred kamerom zahtijeva prilagodbe. Gledanje izravno u objektiv, a ne u vlastitu sliku, stvara osje\u0107aj kontakta o\u010dima.<\/p>\n\n\n\n<p>Moduliranje glasa, pauziranje i izbjegavanje rije\u010di koje popunjavaju poruku poja\u010davaju jasno\u0107u poruke.<\/p>\n\n\n\n<p>Izrazi lica tako\u0111er su va\u017eni. Prirodno osmijehivanje, klimanje glavom i pokazivanje interesa odr\u017eavaju ljudsku vezu.<\/p>\n\n\n\n<p>Iako je okru\u017eenje digitalno, intervju je i dalje razgovor izme\u0111u ljudi.<\/p>\n\n\n\n<p>To postavlja klju\u010dno pitanje za razmi\u0161ljanje: <strong>Kad bi regruter imao samo va\u0161u sliku i va\u0161 glas, kakvu bi profesionalnu pri\u010du do\u017eivio?<\/strong><\/p>\n\n\n\n<h2 class=\"wp-block-heading\"><strong>Kako strate\u0161ki strukturirati odgovore<\/strong><\/h2>\n\n\n\n<p>Improvizacija rijetko uspijeva. Priprema odgovora s konkretnim primjerima daje kredibilitet.<\/p>\n\n\n\n<p>Korisna tehnika je ukratko opisati situaciju, objasniti poduzete radnje i zaklju\u010diti s dobivenim rezultatom.<\/p>\n\n\n\n<h3 class=\"wp-block-heading\"><strong>Primjer 1<\/strong><\/h3>\n\n\n\n<p>Kandidatkinja za poziciju digitalnog marketinga objasnila je kako je prilagodila kampanju licem u lice online formatu tijekom krize, isti\u010du\u0107i stvarne metrike konverzije.<\/p>\n\n\n\n<p>Jasno\u0107a i usmjerenost na rezultate oja\u010dali su njezin profil, \u010dak i bez prethodnog iskustva u radu na daljinu.<\/p>\n\n\n\n<p>Ova vrsta naracije povezuje iskustvo s trenutnim kontekstom, \u0161to je vrlo cijenjeno u virtualnim intervjuima.<\/p>\n\n\n\n<h2 class=\"wp-block-heading\"><strong>Profesionalna odje\u0107a i izgled<\/strong><\/h2>\n\n\n\n<p>\u010cak i ako se razgovor za posao odvija od ku\u0107e, slika bi trebala biti uskla\u0111ena s kulturom tvrtke.<\/p>\n\n\n\n<p>Profesionalna odje\u0107a, prigu\u0161ene boje i izbjegavanje blje\u0161tavih printeva poma\u017eu u odr\u017eavanju fokusa na govoru.<\/p>\n\n\n\n<p>Prikladno odijevanje tako\u0111er utje\u010de na stav. Odje\u0107a djeluje kao psiholo\u0161ko sidro, pripremaju\u0107i um za samopouzdaniji i usredoto\u010deniji nastup.<\/p>\n\n\n\n<h2 class=\"wp-block-heading\"><strong>Prethodna istra\u017eivanja: tihi diferencijal<\/strong><\/h2>\n\n\n\n<p>Poznavanje tvrtke, njezine kulture i trenutnih izazova pokazuje istinski interes.<\/p>\n\n\n\n<p>Pregled njihove web stranice, profesionalnih mre\u017ea i nedavnih vijesti omogu\u0107uje vam formuliranje inteligentnih pitanja.<\/p>\n\n\n\n<p>Istra\u017eiva\u010di pokazuju predanost. Nadalje, povezivanje va\u0161ih vje\u0161tina sa stvarnim poslovnim potrebama poja\u010dava percepciju vrijednosti.<\/p>\n\n\n\n<h2 class=\"wp-block-heading\"><strong>Analogija koja obja\u0161njava sve<\/strong><\/h2>\n\n\n\n<p>Priprema za virtualni intervju vrlo je sli\u010dna <strong>uga\u0111ati instrument prije koncerta<\/strong>Talent ve\u0107 postoji, ali bez prethodnog prilago\u0111avanja, zvuk gubi svoju snagu.<\/p>\n\n\n\n<p>Priprema ne mijenja tko si, ona samo omogu\u0107uje da se jasno \u010duje tvoj najbolji lik.<\/p>\n\n\n\n<h2 class=\"wp-block-heading\"><strong>Prakti\u010dni vodi\u010d: klju\u010dni aspekti uspje\u0161nog virtualnog intervjua<\/strong><\/h2>\n\n\n\n<figure class=\"wp-block-table\"><table><thead><tr><th>Procijenjeno podru\u010dje<\/th><th>\u0160to provjeriti prije intervjua<\/th><\/tr><\/thead><tbody><tr><td>Tehnologija<\/td><td>Kamera, mikrofon i priklju\u010dak<\/td><\/tr><tr><td>Oko<\/td><td>Svjetlo, pozadina i ti\u0161ina<\/td><\/tr><tr><td>Komunikacija<\/td><td>Jasno\u0107a, pauze i kontakt o\u010dima<\/td><\/tr><tr><td>Sadr\u017eaj<\/td><td>Strukturirani odgovori<\/td><\/tr><tr><td>Profesionalna slika<\/td><td>Odje\u0107a primjerena ulozi<\/td><\/tr><\/tbody><\/table><figcaption class=\"wp-element-caption\">Kako se pripremiti za virtualne razgovore za posao<\/figcaption><\/figure>\n\n\n\n<figure class=\"wp-block-gallery has-nested-images columns-default is-cropped wp-block-gallery-2 is-layout-flex wp-block-gallery-is-layout-flex\">\n<figure class=\"wp-block-image size-full\"><img loading=\"lazy\" decoding=\"async\" width=\"450\" height=\"250\" data-id=\"10462\" src=\"https:\/\/universofamilia.com\/wp-content\/uploads\/sites\/148\/2025\/12\/Destaque-Novo-Universo-17.jpg\" alt=\"\" class=\"wp-image-10462\" srcset=\"http:\/\/universofamilia.com\/wp-content\/uploads\/sites\/148\/2025\/12\/Destaque-Novo-Universo-17.jpg 450w, http:\/\/universofamilia.com\/wp-content\/uploads\/sites\/148\/2025\/12\/Destaque-Novo-Universo-17-300x167.jpg 300w, http:\/\/universofamilia.com\/wp-content\/uploads\/sites\/148\/2025\/12\/Destaque-Novo-Universo-17-18x10.jpg 18w\" sizes=\"(max-width: 450px) 100vw, 450px\" \/><figcaption class=\"wp-element-caption\">Kako se pripremiti za virtualne razgovore za posao<\/figcaption><\/figure>\n<\/figure>\n\n\n\n<p>Pro\u010ditajte vi\u0161e:\u00a0<a href=\"http:\/\/universofamilia.com\/hr\/carreras-sostenibles-empleos-verdes-en-auge\/\">Odr\u017eive karijere: procvat zelenih poslova<\/a><\/p>\n\n\n\n<h2 class=\"wp-block-heading\"><strong>Rje\u0161avanje neo\u010dekivanih doga\u0111aja bez gubitka kredibiliteta<\/strong><\/h2>\n\n\n\n<p>Tehni\u010dki problemi mogu se pojaviti \u010dak i tijekom pripreme.<\/p>\n\n\n\n<p>Razlika le\u017ei u na\u010dinu na koji se s njima postupa. Mirno obavje\u0161tavanje ljudi, predlaganje brzog rje\u0161enja i odr\u017eavanje profesionalnog stava \u0161titi va\u0161 imid\u017e.<\/p>\n\n\n\n<h3 class=\"wp-block-heading\"><strong>Primjer 2<\/strong><\/h3>\n\n\n\n<p>Programer je izgubio vezu tijekom me\u0111unarodnog intervjua.<\/p>\n\n\n\n<p>Umjesto panike, ponovno se javila, kratko se ispri\u010dala i mirno nastavila razgovor.<\/p>\n\n\n\n<p>Ta je reakcija cijenjena kao znak profesionalne zrelosti.<\/p>\n\n\n\n<h2 class=\"wp-block-heading\"><strong>Zatvaranje: propu\u0161tena prilika<\/strong><\/h2>\n\n\n\n<p>Mnogi kandidati zanemaruju zavr\u0161ni dio razgovora. Zahvalite im se na izdvojenom vremenu, kratko sa\u017emite svoj interes i pitajte o sljede\u0107im koracima ostavlja pozitivan i profesionalan dojam.<\/p>\n\n\n\n<p>Slanje dodatne poruke zahvale ja\u010da vezu i pokazuje profesionalnu uljudnost, kvalitetu koja je i dalje visoko cijenjena.<\/p>\n\n\n\n<h2 class=\"wp-block-heading\"><strong>Zaklju\u010dak<\/strong><\/h2>\n\n\n\n<p>Majstorski <strong>Kako se pripremiti za virtualne razgovore za posao<\/strong> To uklju\u010duje puno vi\u0161e od uklju\u010divanja kamere i odgovaranja na pitanja.<\/p>\n\n\n\n<p>To zahtijeva strategiju, samosvijest i prilagodbu novom digitalnom jeziku tr\u017ei\u0161ta rada.<\/p>\n\n\n\n<p>Oni koji su spremni prenose samopouzdanje, jasno\u0107u i profesionalnost, \u010dak i putem ekrana.<\/p>\n\n\n\n<p>U konkurentnom i globalnom okru\u017eenju, virtualni intervju nije prepreka, ve\u0107 izlo\u017eba.<\/p>\n\n\n\n<p>Dobra priprema omogu\u0107uje vam da poka\u017eete svoju pravu vrijednost i pristupite prilici koju tra\u017eite s ve\u0107im samopouzdanjem.<\/p>\n\n\n\n<p>Pro\u010ditajte vi\u0161e:\u00a0<a href=\"http:\/\/universofamilia.com\/hr\/el-teletrabajo-en-2025-las-nuevas-tendencias-del-home-office\/\">Rad na daljinu u 2025.: Novi trendovi u ku\u0107nom uredu<\/a><\/p>\n\n\n\n<h2 class=\"wp-block-heading\"><strong>\u010cesto postavljana pitanja<\/strong><\/h2>\n\n\n\n<p><strong>Jesu li virtualni intervjui manje formalni od intervjua u\u017eivo?<\/strong><\/p>\n\n\n\n<p>Ne. Iako je okru\u017eenje digitalno, o\u010dekivana razina profesionalnosti ostaje ista ili \u010dak i vi\u0161a.<\/p>\n\n\n\n<p><strong>Je li preporu\u010dljivo koristiti virtualna sredstva?<\/strong><\/p>\n\n\n\n<p>Da, sve dok su diskretne i stabilne. Dobro organizirana, prava pozadina obi\u010dno stvara prirodniji izgled.<\/p>\n\n\n\n<p><strong>Koliko unaprijed se trebam prijaviti?<\/strong><\/p>\n\n\n\n<p>Dolazak 5 do 10 minuta ranije dovoljan je za provjeru detalja bez izazivanja nelagode.<\/p>\n\n\n\n<p><strong>Je li preporu\u010dljivo voditi bilje\u0161ke tijekom intervjua?<\/strong><\/p>\n\n\n\n<p>Da, sve dok se to radi kratko i bez gubitka kontakta o\u010dima.<\/p>\n\n\n\n<p><strong>Mo\u017ee li tehni\u010dka priprema nadoknaditi nedostatak iskustva?<\/strong><\/p>\n\n\n\n<p>Ne zamjenjuje iskustvo, ali poja\u010dava percepciju kompetentnosti i profesionalnosti.<\/p>\n\n\n\n<p>Priprema danas ne samo da pobolj\u0161ava va\u0161e performanse, ve\u0107 i ja\u010da va\u0161e samopouzdanje.<\/p>\n\n\n\n<p>Na digitaliziranom tr\u017ei\u0161tu rada ta kombinacija ostaje jedna od najvrjednijih imovina.<\/p>","protected":false},"excerpt":{"rendered":"<p>C\u00f3mo prepararse para entrevistas de trabajo virtuales se ha convertido en una habilidad profesional imprescindible en 2025. El crecimiento del trabajo remoto, los procesos h\u00edbridos de reclutamiento y la digitalizaci\u00f3n del talento cambiaron para siempre la forma en que las empresas eval\u00faan candidatos. Ya no basta con tener un buen curr\u00edculum: ahora tambi\u00e9n importa c\u00f3mo [&hellip;]<\/p>","protected":false},"author":219,"featured_media":10460,"comment_status":"closed","ping_status":"open","sticky":false,"template":"","format":"standard","meta":{"footnotes":""},"categories":[5],"tags":[],"yoast_head":"<!-- This site is optimized with the Yoast SEO plugin v23.3 - https:\/\/yoast.com\/wordpress\/plugins\/seo\/ -->\n<title>C\u00f3mo prepararse para entrevistas de trabajo virtuales - Universo Fam\u00edlia<\/title>\n<meta name=\"description\" content=\"C\u00f3mo prepararse para entrevistas de trabajo virtuales se ha convertido en una habilidad profesional imprescindible en 2025.\" \/>\n<meta name=\"robots\" content=\"index, follow, max-snippet:-1, max-image-preview:large, max-video-preview:-1\" \/>\n<link rel=\"canonical\" href=\"https:\/\/universofamilia.com\/hr\/como-prepararse-para-entrevistas-de-trabajo-virtuales\/\" \/>\n<meta property=\"og:locale\" content=\"hr_HR\" \/>\n<meta property=\"og:type\" content=\"article\" \/>\n<meta property=\"og:title\" content=\"C\u00f3mo prepararse para entrevistas de trabajo virtuales - Universo Fam\u00edlia\" \/>\n<meta property=\"og:description\" content=\"C\u00f3mo prepararse para entrevistas de trabajo virtuales se ha convertido en una habilidad profesional imprescindible en 2025.\" \/>\n<meta property=\"og:url\" content=\"https:\/\/universofamilia.com\/hr\/como-prepararse-para-entrevistas-de-trabajo-virtuales\/\" \/>\n<meta property=\"og:site_name\" content=\"Universo Fam\u00edlia\" \/>\n<meta property=\"article:published_time\" content=\"2025-12-26T14:16:37+00:00\" \/>\n<meta property=\"article:modified_time\" content=\"2025-12-26T14:16:39+00:00\" \/>\n<meta property=\"og:image\" content=\"https:\/\/universofamilia.com\/wp-content\/uploads\/sites\/148\/2025\/12\/Destaque-Novo-Universo-16.jpg\" \/>\n\t<meta property=\"og:image:width\" content=\"450\" \/>\n\t<meta property=\"og:image:height\" content=\"250\" \/>\n\t<meta property=\"og:image:type\" content=\"image\/jpeg\" \/>\n<meta name=\"author\" content=\"Matheus Sangaletti\" \/>\n<meta name=\"twitter:card\" content=\"summary_large_image\" \/>\n<meta name=\"twitter:label1\" content=\"Written by\" \/>\n\t<meta name=\"twitter:data1\" content=\"Matheus Sangaletti\" \/>\n\t<meta name=\"twitter:label2\" content=\"Est. reading time\" \/>\n\t<meta name=\"twitter:data2\" content=\"8 minuta\" \/>\n<script type=\"application\/ld+json\" class=\"yoast-schema-graph\">{\"@context\":\"https:\/\/schema.org\",\"@graph\":[{\"@type\":\"WebPage\",\"@id\":\"https:\/\/universofamilia.com\/ja\/como-prepararse-para-entrevistas-de-trabajo-virtuales\/\",\"url\":\"https:\/\/universofamilia.com\/ja\/como-prepararse-para-entrevistas-de-trabajo-virtuales\/\",\"name\":\"C\u00f3mo prepararse para entrevistas de trabajo virtuales - Universo Fam\u00edlia\",\"isPartOf\":{\"@id\":\"http:\/\/universofamilia.com\/zh_hk\/#website\"},\"primaryImageOfPage\":{\"@id\":\"https:\/\/universofamilia.com\/ja\/como-prepararse-para-entrevistas-de-trabajo-virtuales\/#primaryimage\"},\"image\":{\"@id\":\"https:\/\/universofamilia.com\/ja\/como-prepararse-para-entrevistas-de-trabajo-virtuales\/#primaryimage\"},\"thumbnailUrl\":\"http:\/\/universofamilia.com\/wp-content\/uploads\/sites\/148\/2025\/12\/Destaque-Novo-Universo-16.jpg\",\"datePublished\":\"2025-12-26T14:16:37+00:00\",\"dateModified\":\"2025-12-26T14:16:39+00:00\",\"author\":{\"@id\":\"http:\/\/universofamilia.com\/zh_hk\/#\/schema\/person\/92fcd07e9b1f4323bf74f3170fc0f78a\"},\"description\":\"C\u00f3mo prepararse para entrevistas de trabajo virtuales se ha convertido en una habilidad profesional imprescindible en 2025.\",\"breadcrumb\":{\"@id\":\"https:\/\/universofamilia.com\/ja\/como-prepararse-para-entrevistas-de-trabajo-virtuales\/#breadcrumb\"},\"inLanguage\":\"hr\",\"potentialAction\":[{\"@type\":\"ReadAction\",\"target\":[\"https:\/\/universofamilia.com\/ja\/como-prepararse-para-entrevistas-de-trabajo-virtuales\/\"]}]},{\"@type\":\"ImageObject\",\"inLanguage\":\"hr\",\"@id\":\"https:\/\/universofamilia.com\/ja\/como-prepararse-para-entrevistas-de-trabajo-virtuales\/#primaryimage\",\"url\":\"http:\/\/universofamilia.com\/wp-content\/uploads\/sites\/148\/2025\/12\/Destaque-Novo-Universo-16.jpg\",\"contentUrl\":\"http:\/\/universofamilia.com\/wp-content\/uploads\/sites\/148\/2025\/12\/Destaque-Novo-Universo-16.jpg\",\"width\":450,\"height\":250,\"caption\":\"C\u00f3mo prepararse para entrevistas de trabajo virtuales\"},{\"@type\":\"BreadcrumbList\",\"@id\":\"https:\/\/universofamilia.com\/ja\/como-prepararse-para-entrevistas-de-trabajo-virtuales\/#breadcrumb\",\"itemListElement\":[{\"@type\":\"ListItem\",\"position\":1,\"name\":\"Home\",\"item\":\"http:\/\/universofamilia.com\/zh_hk\/\"},{\"@type\":\"ListItem\",\"position\":2,\"name\":\"C\u00f3mo prepararse para entrevistas de trabajo virtuales\"}]},{\"@type\":\"WebSite\",\"@id\":\"http:\/\/universofamilia.com\/zh_hk\/#website\",\"url\":\"http:\/\/universofamilia.com\/zh_hk\/\",\"name\":\"Universo Fam\u00edlia\",\"description\":\"\",\"potentialAction\":[{\"@type\":\"SearchAction\",\"target\":{\"@type\":\"EntryPoint\",\"urlTemplate\":\"http:\/\/universofamilia.com\/zh_hk\/?s={search_term_string}\"},\"query-input\":\"required name=search_term_string\"}],\"inLanguage\":\"hr\"},{\"@type\":\"Person\",\"@id\":\"http:\/\/universofamilia.com\/zh_hk\/#\/schema\/person\/92fcd07e9b1f4323bf74f3170fc0f78a\",\"name\":\"Matheus Sangaletti\",\"image\":{\"@type\":\"ImageObject\",\"inLanguage\":\"hr\",\"@id\":\"http:\/\/universofamilia.com\/zh_hk\/#\/schema\/person\/image\/\",\"url\":\"http:\/\/2.gravatar.com\/avatar\/280ea957a14a48e6a1ad2133d2cc27c9?s=96&d=mm&r=g\",\"contentUrl\":\"http:\/\/2.gravatar.com\/avatar\/280ea957a14a48e6a1ad2133d2cc27c9?s=96&d=mm&r=g\",\"caption\":\"Matheus Sangaletti\"},\"url\":\"http:\/\/universofamilia.com\/hr\/author\/matheuss\/\"}]}<\/script>\n<!-- \/ Yoast SEO plugin. -->","yoast_head_json":{"title":"C\u00f3mo prepararse para entrevistas de trabajo virtuales - Universo Fam\u00edlia","description":"C\u00f3mo prepararse para entrevistas de trabajo virtuales se ha convertido en una habilidad profesional imprescindible en 2025.","robots":{"index":"index","follow":"follow","max-snippet":"max-snippet:-1","max-image-preview":"max-image-preview:large","max-video-preview":"max-video-preview:-1"},"canonical":"https:\/\/universofamilia.com\/hr\/como-prepararse-para-entrevistas-de-trabajo-virtuales\/","og_locale":"hr_HR","og_type":"article","og_title":"C\u00f3mo prepararse para entrevistas de trabajo virtuales - Universo Fam\u00edlia","og_description":"C\u00f3mo prepararse para entrevistas de trabajo virtuales se ha convertido en una habilidad profesional imprescindible en 2025.","og_url":"https:\/\/universofamilia.com\/hr\/como-prepararse-para-entrevistas-de-trabajo-virtuales\/","og_site_name":"Universo Fam\u00edlia","article_published_time":"2025-12-26T14:16:37+00:00","article_modified_time":"2025-12-26T14:16:39+00:00","og_image":[{"width":450,"height":250,"url":"https:\/\/universofamilia.com\/wp-content\/uploads\/sites\/148\/2025\/12\/Destaque-Novo-Universo-16.jpg","type":"image\/jpeg"}],"author":"Matheus Sangaletti","twitter_card":"summary_large_image","twitter_misc":{"Written by":"Matheus Sangaletti","Est. reading time":"8 minuta"},"schema":{"@context":"https:\/\/schema.org","@graph":[{"@type":"WebPage","@id":"https:\/\/universofamilia.com\/ja\/como-prepararse-para-entrevistas-de-trabajo-virtuales\/","url":"https:\/\/universofamilia.com\/ja\/como-prepararse-para-entrevistas-de-trabajo-virtuales\/","name":"C\u00f3mo prepararse para entrevistas de trabajo virtuales - Universo Fam\u00edlia","isPartOf":{"@id":"http:\/\/universofamilia.com\/zh_hk\/#website"},"primaryImageOfPage":{"@id":"https:\/\/universofamilia.com\/ja\/como-prepararse-para-entrevistas-de-trabajo-virtuales\/#primaryimage"},"image":{"@id":"https:\/\/universofamilia.com\/ja\/como-prepararse-para-entrevistas-de-trabajo-virtuales\/#primaryimage"},"thumbnailUrl":"http:\/\/universofamilia.com\/wp-content\/uploads\/sites\/148\/2025\/12\/Destaque-Novo-Universo-16.jpg","datePublished":"2025-12-26T14:16:37+00:00","dateModified":"2025-12-26T14:16:39+00:00","author":{"@id":"http:\/\/universofamilia.com\/zh_hk\/#\/schema\/person\/92fcd07e9b1f4323bf74f3170fc0f78a"},"description":"C\u00f3mo prepararse para entrevistas de trabajo virtuales se ha convertido en una habilidad profesional imprescindible en 2025.","breadcrumb":{"@id":"https:\/\/universofamilia.com\/ja\/como-prepararse-para-entrevistas-de-trabajo-virtuales\/#breadcrumb"},"inLanguage":"hr","potentialAction":[{"@type":"ReadAction","target":["https:\/\/universofamilia.com\/ja\/como-prepararse-para-entrevistas-de-trabajo-virtuales\/"]}]},{"@type":"ImageObject","inLanguage":"hr","@id":"https:\/\/universofamilia.com\/ja\/como-prepararse-para-entrevistas-de-trabajo-virtuales\/#primaryimage","url":"http:\/\/universofamilia.com\/wp-content\/uploads\/sites\/148\/2025\/12\/Destaque-Novo-Universo-16.jpg","contentUrl":"http:\/\/universofamilia.com\/wp-content\/uploads\/sites\/148\/2025\/12\/Destaque-Novo-Universo-16.jpg","width":450,"height":250,"caption":"C\u00f3mo prepararse para entrevistas de trabajo virtuales"},{"@type":"BreadcrumbList","@id":"https:\/\/universofamilia.com\/ja\/como-prepararse-para-entrevistas-de-trabajo-virtuales\/#breadcrumb","itemListElement":[{"@type":"ListItem","position":1,"name":"Home","item":"http:\/\/universofamilia.com\/zh_hk\/"},{"@type":"ListItem","position":2,"name":"C\u00f3mo prepararse para entrevistas de trabajo virtuales"}]},{"@type":"WebSite","@id":"http:\/\/universofamilia.com\/zh_hk\/#website","url":"http:\/\/universofamilia.com\/zh_hk\/","name":"Universo Fam\u00edlia","description":"","potentialAction":[{"@type":"SearchAction","target":{"@type":"EntryPoint","urlTemplate":"http:\/\/universofamilia.com\/zh_hk\/?s={search_term_string}"},"query-input":"required name=search_term_string"}],"inLanguage":"hr"},{"@type":"Person","@id":"http:\/\/universofamilia.com\/zh_hk\/#\/schema\/person\/92fcd07e9b1f4323bf74f3170fc0f78a","name":"Matheus Sangaletti","image":{"@type":"ImageObject","inLanguage":"hr","@id":"http:\/\/universofamilia.com\/zh_hk\/#\/schema\/person\/image\/","url":"http:\/\/2.gravatar.com\/avatar\/280ea957a14a48e6a1ad2133d2cc27c9?s=96&d=mm&r=g","contentUrl":"http:\/\/2.gravatar.com\/avatar\/280ea957a14a48e6a1ad2133d2cc27c9?s=96&d=mm&r=g","caption":"Matheus Sangaletti"},"url":"http:\/\/universofamilia.com\/hr\/author\/matheuss\/"}]}},"_links":{"self":[{"href":"http:\/\/universofamilia.com\/hr\/wp-json\/wp\/v2\/posts\/10459"}],"collection":[{"href":"http:\/\/universofamilia.com\/hr\/wp-json\/wp\/v2\/posts"}],"about":[{"href":"http:\/\/universofamilia.com\/hr\/wp-json\/wp\/v2\/types\/post"}],"author":[{"embeddable":true,"href":"http:\/\/universofamilia.com\/hr\/wp-json\/wp\/v2\/users\/219"}],"replies":[{"embeddable":true,"href":"http:\/\/universofamilia.com\/hr\/wp-json\/wp\/v2\/comments?post=10459"}],"version-history":[{"count":1,"href":"http:\/\/universofamilia.com\/hr\/wp-json\/wp\/v2\/posts\/10459\/revisions"}],"predecessor-version":[{"id":10463,"href":"http:\/\/universofamilia.com\/hr\/wp-json\/wp\/v2\/posts\/10459\/revisions\/10463"}],"wp:featuredmedia":[{"embeddable":true,"href":"http:\/\/universofamilia.com\/hr\/wp-json\/wp\/v2\/media\/10460"}],"wp:attachment":[{"href":"http:\/\/universofamilia.com\/hr\/wp-json\/wp\/v2\/media?parent=10459"}],"wp:term":[{"taxonomy":"category","embeddable":true,"href":"http:\/\/universofamilia.com\/hr\/wp-json\/wp\/v2\/categories?post=10459"},{"taxonomy":"post_tag","embeddable":true,"href":"http:\/\/universofamilia.com\/hr\/wp-json\/wp\/v2\/tags?post=10459"}],"curies":[{"name":"wp","href":"https:\/\/api.w.org\/{rel}","templated":true}]}}