{"id":10464,"date":"2025-12-26T12:09:03","date_gmt":"2025-12-26T15:09:03","guid":{"rendered":"https:\/\/universofamilia.com\/?p=10464"},"modified":"2025-12-26T12:09:05","modified_gmt":"2025-12-26T15:09:05","slug":"las-preguntas-de-entrevista-mas-comunes-de-2025","status":"publish","type":"post","link":"http:\/\/universofamilia.com\/hr\/las-preguntas-de-entrevista-mas-comunes-de-2025\/","title":{"rendered":"Naj\u010de\u0161\u0107a pitanja na intervjuima u 2025. godini"},"content":{"rendered":"<p class=\"has-text-align-center\"><strong>Naj\u010de\u0161\u0107a pitanja na intervjuima u 2025. godini<\/strong> Oni odra\u017eavaju tr\u017ei\u0161te rada koje je digitalnije, ljudskije i strate\u0161kije nego ikad prije.<\/p>\n\n\n\n<figure class=\"wp-block-gallery has-nested-images columns-default is-cropped wp-block-gallery-1 is-layout-flex wp-block-gallery-is-layout-flex\">\n<figure class=\"wp-block-image size-full\"><img loading=\"lazy\" decoding=\"async\" width=\"450\" height=\"250\" data-id=\"10465\" src=\"https:\/\/universofamilia.com\/wp-content\/uploads\/sites\/148\/2025\/12\/Destaque-Novo-Universo-18.jpg\" alt=\"\" class=\"wp-image-10465\" srcset=\"http:\/\/universofamilia.com\/wp-content\/uploads\/sites\/148\/2025\/12\/Destaque-Novo-Universo-18.jpg 450w, http:\/\/universofamilia.com\/wp-content\/uploads\/sites\/148\/2025\/12\/Destaque-Novo-Universo-18-300x167.jpg 300w, http:\/\/universofamilia.com\/wp-content\/uploads\/sites\/148\/2025\/12\/Destaque-Novo-Universo-18-18x10.jpg 18w\" sizes=\"(max-width: 450px) 100vw, 450px\" \/><figcaption class=\"wp-element-caption\">Naj\u010de\u0161\u0107a pitanja na intervjuima u 2025. godini<\/figcaption><\/figure>\n<\/figure>\n\n\n\n<p class=\"has-text-align-center\">U kontekstu u kojem virtualni procesi, umjetna inteligencija u zapo\u0161ljavanju i globalni timovi koegzistiraju, intervjui su prestali biti usmjereni isklju\u010divo na \u017eivotopis.<\/p>\n\n\n\n<p class=\"has-text-align-center\">Danas ocjenjuju kriti\u010dko razmi\u0161ljanje, prilagodljivost i profesionalnu dosljednost.<\/p>\n\n\n\n<p>Prije nego \u0161to nastavimo, evo kratkog sa\u017eetka koji \u0107e vam pomo\u0107i u \u010ditanju: kako se pristup intervjuima promijenio 2025. godine, \u0161to tvrtke zapravo tra\u017ee i koje su naj\u010de\u0161\u0107e postavljane kategorije pitanja.<\/p>\n\n\n\n<p>Kako odgovoriti, a da ne zvu\u010di generi\u010dki, relevantna statistika, dva stvarna primjera, jasna analogija, prakti\u010dna tablica i blok \u010desto postavljanih pitanja.<\/p>\n\n\n\n<h2 class=\"wp-block-heading\"><strong>Za\u0161to su se intervjui toliko promijenili u 2025. godini<\/strong><\/h2>\n\n\n\n<p>Transformacija rada ubrzala je duboku evoluciju u procesima selekcije.<\/p>\n\n\n\n<p>Automatizacija, rad na daljinu i nedostatak specijaliziranih talenata prisilili su tvrtke da preciziraju svoja pitanja.<\/p>\n\n\n\n<p>Vi\u0161e nije dovoljno potvrditi iskustvo; sada je va\u017eno razumjeti kako razmi\u0161ljate, odlu\u010dujete i prilago\u0111avate se.<\/p>\n\n\n\n<p>Prema <strong>Izvje\u0161\u0107e o budu\u0107nosti radnih mjesta sa Svjetskog ekonomskog foruma<\/strong>Meke vje\u0161tine, sposobnost kontinuiranog u\u010denja i sposobnost rje\u0161avanja slo\u017eenih problema me\u0111u najcjenjenima su od strane poslodavaca diljem svijeta.<\/p>\n\n\n\n<p>Ovaj trend obja\u0161njava za\u0161to trenutni intervjui dublje istra\u017euju osobno pona\u0161anje i kriterije.<\/p>\n\n\n\n<h2 class=\"wp-block-heading\"><strong>\u0160to regruteri danas zapravo tra\u017ee<\/strong><\/h2>\n\n\n\n<p>Iza svakog pitanja stoji jasna namjera. Regruter tra\u017ei dosljednost izme\u0111u onoga \u0161to ka\u017eete, onoga \u0161to ste u\u010dinili i onoga \u0161to biste mogli doprinijeti.<\/p>\n\n\n\n<p>Tako\u0111er je primijetio jasno\u0107u u komuniciranju ideja, suo\u010davanju s pritiskom i profesionalnoj iskrenosti.<\/p>\n\n\n\n<p>Dobro reagirati ne zna\u010di pamtiti fraze, ve\u0107 razumjeti svrhu svake izjave. Kada prepoznate tu logiku, va\u0161 govor postaje prirodniji i vjerodostojniji.<\/p>\n\n\n\n<h2 class=\"wp-block-heading\"><strong>Pitanja o karijernom putu<\/strong><\/h2>\n\n\n\n<p>Iskustvo ostaje jedna od primarnih kategorija, iako s druga\u010dijim fokusom. Prethodna pozicija vi\u0161e nije jedini faktor; sada je va\u017ean ostvareni utjecaj.<\/p>\n\n\n\n<p>Ovdje se pojavljuju pitanja poput ovih:<\/p>\n\n\n\n<ul>\n<li>Recite mi ne\u0161to o va\u0161em najrelevantnijem iskustvu za ovu poziciju.<\/li>\n\n\n\n<li>\u0160to ste nau\u010dili u svojoj posljednjoj ulozi \u0161to biste danas bolje primijenili?<\/li>\n<\/ul>\n\n\n\n<p>Fokus je na u\u010denju i evoluciji, a ne na popisu funkcija.<\/p>\n\n\n\n<h3 class=\"wp-block-heading\"><strong>Primjer 1<\/strong><\/h3>\n\n\n\n<p>Analiti\u010darka podataka objasnila je kako je od izrade izvje\u0161\u0107a pre\u0161la na predlaganje poslovnih pobolj\u0161anja na temelju uvida.<\/p>\n\n\n\n<p>Ta je pri\u010da pokazala rast, inicijativu i uskla\u0111enost s poslovnim ciljevima.<\/p>\n\n\n\n<h2 class=\"wp-block-heading\"><strong>Pitanja o klju\u010dnim vje\u0161tinama i kompetencijama<\/strong><\/h2>\n\n\n\n<p>Do 2025. godine tvrtke \u0107e dati prioritet prenosivim vje\u0161tinama. Zato se pojavljuju pitanja koja se usredoto\u010duju na stvarne situacije, a ne na teorije.<\/p>\n\n\n\n<p>Neki od naj\u010de\u0161\u0107ih uklju\u010duju:<\/p>\n\n\n\n<ul>\n<li>Kako se nosite s neo\u010dekivanom promjenom prioriteta?<\/li>\n\n\n\n<li>Opi\u0161ite situaciju u kojoj ste morali brzo nau\u010diti ne\u0161to novo.<\/li>\n<\/ul>\n\n\n\n<p>Ova vrsta pitanja mjeri prilagodljivost i na\u010din razmi\u0161ljanja usmjeren na rast.<\/p>\n\n\n\n<h2 class=\"wp-block-heading\"><strong>Procjena digitalnih vje\u0161tina i rad na daljinu<\/strong><\/h2>\n\n\n\n<p>Tehnolo\u0161ka vje\u0161tina vi\u0161e nije isklju\u010divo vezana uz tehni\u010dke profile. Gotovo svaka uloga zahtijeva digitalnu te\u010dnost i u\u010dinkovitu komunikaciju na daljinu.<\/p>\n\n\n\n<p>Zbog toga je uobi\u010dajeno \u010duti pitanja vezana uz organizaciju, virtualnu suradnju i samoupravljanje. Ne tra\u017ee softverske stru\u010dnjake, ve\u0107 funkcionalne profesionalce u digitalnim okru\u017eenjima.<\/p>\n\n\n\n<h2 class=\"wp-block-heading\"><strong>Pitanja o kulturi i vrijednostima<\/strong><\/h2>\n\n\n\n<p>Tvrtke su shvatile da zapo\u0161ljavanje isklju\u010divo zbog tehni\u010dkih vje\u0161tina stvara dugoro\u010dne trenja. Posljedi\u010dno, kulturna kompatibilnost postala je va\u017enija.<\/p>\n\n\n\n<p>Pitanja poput \u201e\u0161to cijenite u radnom timu?\u201c ili \u201ekakva vas vrsta vodstva motivira?\u201c otkrivaju o\u010dekivanja, ograni\u010denja i profesionalni stil.<\/p>\n\n\n\n<p>Iskreno odgovaranje je u\u010dinkovitije od poku\u0161aja uga\u0111anja.<\/p>\n\n\n\n<h2 class=\"wp-block-heading\"><strong>Pitanje koje se gotovo uvijek pojavljuje<\/strong><\/h2>\n\n\n\n<p>Izme\u0111u <strong>Naj\u010de\u0161\u0107a pitanja na intervjuima u 2025. godini<\/strong>Postoji jedan koji ostaje valjan, iako s nijansama:<br><strong>Koje su va\u0161e snage i podru\u010dja za napredak?<\/strong><\/p>\n\n\n\n<p>Klju\u010d je ravnote\u017ea. Priznavanje stvarne slabosti, uz konkretne akcije za njezino pobolj\u0161anje, pokazuje zrelost i samosvijest.<\/p>\n\n\n\n<p>Izbjegavanje unaprijed pripremljenih odgovora \u010dini svu razliku.<\/p>\n\n\n\n<h2 class=\"wp-block-heading\"><strong>Pitanja o rje\u0161avanju problema<\/strong><\/h2>\n\n\n\n<p>Organizacije tra\u017ee pojedince sposobne za analizu, odlu\u010divanje i djelovanje. Stoga intervjui uklju\u010duju hipotetske scenarije ili pro\u0161la iskustva.<\/p>\n\n\n\n<p>Ovdje nema jednog odgovora. Va\u017eno je objasniti svoje razmi\u0161ljanje, alternative koje ste razmatrali i rezultat koji ste dobili. Ovaj proces otkriva va\u0161 na\u010din razmi\u0161ljanja.<\/p>\n\n\n\n<h3 class=\"wp-block-heading\"><strong>Primjer 2<\/strong><\/h3>\n\n\n\n<p>Mla\u0111i menad\u017eer ispri\u010dao je kako je rije\u0161io me\u0111uodjelni sukob daju\u0107i prioritet podacima, dijalogu i jasnim dogovorima. Vi\u0161e od kona\u010dnog rje\u0161enja, naglasio je svoj strukturirani i empati\u010dan pristup.<\/p>\n\n\n\n<h2 class=\"wp-block-heading\"><strong>Pitanja o motivaciji i svrsi<\/strong><\/h2>\n\n\n\n<p>Na tr\u017ei\u0161tu s visokom fluktuacijom zaposlenika, tvrtke \u017eele razumjeti za\u0161to ste zainteresirani za tu poziciju.<\/p>\n\n\n\n<p>Pitanja poput \u201e\u0160to vas motivira u vezi s ovom ulogom?\u201c ili \u201eGdje se vidite za tri godine?\u201c ukazuju na o\u010dekivanja i predanost.<\/p>\n\n\n\n<p>Odgovaranje iz perspektive profesionalne svrhe, a ne samo pla\u0107e, stvara ja\u010du vezu s osobom koja vodi razgovor.<\/p>\n\n\n\n<h2 class=\"wp-block-heading\"><strong>Analogija koja poma\u017ee razumjeti proces<\/strong><\/h2>\n\n\n\n<p>Odgovaranje na intervju 2025. godine bit \u0107e ovako <strong>navigirajte pomo\u0107u GPS-a<\/strong>.<\/p>\n\n\n\n<p>Odredi\u0161te je jasno, ali prava vrijednost le\u017ei u tome kako odaberete rutu, kako reagirate na zaobilaske i koliko ste svjesni puta kojim ste putovali.<\/p>\n\n\n\n<h2 class=\"wp-block-heading\"><strong>Tablica: Naj\u010de\u0161\u0107e vrste pitanja u 2025. godini<\/strong><\/h2>\n\n\n\n<figure class=\"wp-block-table\"><table><thead><tr><th>Vrsta pitanja<\/th><th>\u0160to prvenstveno procjenjuje<\/th><\/tr><\/thead><tbody><tr><td>Profesionalna karijera<\/td><td>Evolucija i u\u010denje<\/td><\/tr><tr><td>Vje\u0161tine<\/td><td>Prilagodljivost i meke vje\u0161tine<\/td><\/tr><tr><td>Digitalni i daljinski<\/td><td>Autonomija i organizacija<\/td><\/tr><tr><td>Kultura i vrijednosti<\/td><td>Kompatibilnost tvrtke<\/td><\/tr><tr><td>Rje\u0161avanje problema<\/td><td>Kriti\u010dko mi\u0161ljenje<\/td><\/tr><\/tbody><\/table><figcaption class=\"wp-element-caption\">Naj\u010de\u0161\u0107a pitanja na intervjuima u 2025. godini<\/figcaption><\/figure>\n\n\n\n<figure class=\"wp-block-gallery has-nested-images columns-default is-cropped wp-block-gallery-2 is-layout-flex wp-block-gallery-is-layout-flex\">\n<figure class=\"wp-block-image size-full\"><img loading=\"lazy\" decoding=\"async\" width=\"450\" height=\"250\" data-id=\"10467\" src=\"https:\/\/universofamilia.com\/wp-content\/uploads\/sites\/148\/2025\/12\/Destaque-Novo-Universo-19.jpg\" alt=\"\" class=\"wp-image-10467\" srcset=\"http:\/\/universofamilia.com\/wp-content\/uploads\/sites\/148\/2025\/12\/Destaque-Novo-Universo-19.jpg 450w, http:\/\/universofamilia.com\/wp-content\/uploads\/sites\/148\/2025\/12\/Destaque-Novo-Universo-19-300x167.jpg 300w, http:\/\/universofamilia.com\/wp-content\/uploads\/sites\/148\/2025\/12\/Destaque-Novo-Universo-19-18x10.jpg 18w\" sizes=\"(max-width: 450px) 100vw, 450px\" \/><figcaption class=\"wp-element-caption\">Naj\u010de\u0161\u0107a pitanja na intervjuima u 2025. godini<\/figcaption><\/figure>\n<\/figure>\n\n\n\n<p>Pro\u010ditajte vi\u0161e:\u00a0<a href=\"http:\/\/universofamilia.com\/hr\/el-teletrabajo-en-2025-las-nuevas-tendencias-del-home-office\/\">Rad na daljinu u 2025.: Novi trendovi u ku\u0107nom uredu<\/a><\/p>\n\n\n\n<h2 class=\"wp-block-heading\"><strong>Kako se pripremiti bez da zvu\u010dite uvje\u017ebano<\/strong><\/h2>\n\n\n\n<p>U\u010dinkovita priprema ne zna\u010di pam\u0107enje odgovora, ve\u0107 promi\u0161ljanje o stvarnim iskustvima. Prepoznavanje postignu\u0107a, izazova i nau\u010denih lekcija omogu\u0107uje vam da reagirate prirodno.<\/p>\n\n\n\n<p>Vje\u017ebanje naglas poma\u017ee u pobolj\u0161anju te\u010dnosti, ali je tako\u0111er va\u017eno ostaviti prostora za spontanost. Intervjui cijene autenti\u010dnost, a ne savr\u0161enstvo.<\/p>\n\n\n\n<h2 class=\"wp-block-heading\"><strong>Uobi\u010dajene pogre\u0161ke koje i dalje ko\u0161taju prilike<\/strong><\/h2>\n\n\n\n<p>Pretjerano pri\u010danje, izbjegavanje odgovora ili izbjegavanje priznavanja pogre\u0161aka i dalje je \u0161tetno. Isto tako i odgovaranje op\u0107enitostima bez konteksta.<\/p>\n\n\n\n<p>Nasuprot tome, jasno\u0107a, konkretni primjeri i aktivno slu\u0161anje grade povjerenje. Ispitiva\u010d primje\u0107uje kada postoji dosljednost izme\u0111u diskursa i iskustva.<\/p>\n\n\n\n<h2 class=\"wp-block-heading\"><strong>Zaklju\u010dak<\/strong><\/h2>\n\n\n\n<p>Shvatiti <strong>Naj\u010de\u0161\u0107a pitanja na intervjuima u 2025. godini<\/strong> Omogu\u0107uje vam da se suo\u010dite s procesima odabira s ve\u0107im samopouzdanjem i strategijom.<\/p>\n\n\n\n<p>Dana\u0161nji intervjui tra\u017ee svestrane osobe: s vje\u0161tinama, vrijednostima i prilagodljivo\u0161\u0107u.<\/p>\n\n\n\n<p>Priprema kroz samospoznaju, a ne kroz krute formule, pove\u0107ava va\u0161e \u0161anse za uspjeh.<\/p>\n\n\n\n<p>Na konkurentnom tr\u017ei\u0161tu, oni koji komuniciraju jasno i autenti\u010dno isti\u010du se bez potrebe za pretjerivanjem.<\/p>\n\n\n\n<p>Pro\u010ditajte vi\u0161e:\u00a0<a href=\"http:\/\/universofamilia.com\/hr\/carreras-sostenibles-empleos-verdes-en-auge\/\">Odr\u017eive karijere: procvat zelenih poslova<\/a><\/p>\n\n\n\n<h2 class=\"wp-block-heading\"><strong>\u010cesto postavljana pitanja<\/strong><\/h2>\n\n\n\n<p><strong>Jesu li pitanja na intervjuu ista u svim sektorima?<\/strong><br>Ne. Iako postoje uobi\u010dajeni obrasci, svaka industrija daje prioritet specifi\u010dnim vje\u0161tinama.<\/p>\n\n\n\n<p><strong>Je li preporu\u010dljivo pripremiti pisane odgovore?<\/strong><br>Slu\u017ei kao preliminarna vje\u017eba, ali tijekom intervjua je bolje odgovarati prirodno.<\/p>\n\n\n\n<p><strong>Koliko je va\u017ena iskrenost?<\/strong><br>To je klju\u010dno. Regruteri mogu lako uo\u010diti nedosljednosti.<\/p>\n\n\n\n<p><strong>Mijenjaju li virtualni intervjui vrstu postavljenih pitanja?<\/strong><br>Fokus ostaje isti, iako se pove\u0107ava vrednovanje komunikacije i samoupravljanja.<\/p>\n\n\n\n<p><strong>Diskvalificira li kandidata neto\u010dan odgovor na pitanje?<\/strong><br>Ne nu\u017eno. Stav, jasno\u0107a i sposobnost promi\u0161ljanja jednako su va\u017eni kao i pravovremen odgovor.<\/p>\n\n\n\n<p>U 2025. godini, biti dobro pripremljen ne zna\u010di izgledati savr\u0161eno, ve\u0107 pokazati tko ste, kako razmi\u0161ljate i kakvu pravu vrijednost mo\u017eete donijeti.<\/p>\n\n\n\n<p>To ostaje najsna\u017eniji odgovor u svakom intervjuu.<\/p>","protected":false},"excerpt":{"rendered":"<p>Las preguntas de entrevista m\u00e1s comunes de 2025 reflejan un mercado laboral m\u00e1s digital, humano y estrat\u00e9gico que nunca. En un contexto donde conviven procesos virtuales, inteligencia artificial en reclutamiento y equipos globales, las entrevistas dejaron de centrarse solo en el curr\u00edculum. Hoy eval\u00faan pensamiento cr\u00edtico, adaptabilidad y coherencia profesional. Antes de avanzar, este es [&hellip;]<\/p>","protected":false},"author":219,"featured_media":10466,"comment_status":"closed","ping_status":"open","sticky":false,"template":"","format":"standard","meta":{"footnotes":""},"categories":[5],"tags":[],"yoast_head":"<!-- This site is optimized with the Yoast SEO plugin v23.3 - https:\/\/yoast.com\/wordpress\/plugins\/seo\/ -->\n<title>Las preguntas de entrevista m\u00e1s comunes de 2025 - Universo Fam\u00edlia<\/title>\n<meta name=\"description\" content=\"Las preguntas de entrevista m\u00e1s comunes de 2025 reflejan un mercado laboral m\u00e1s digital, humano y estrat\u00e9gico que nunca.\" \/>\n<meta name=\"robots\" content=\"index, follow, max-snippet:-1, max-image-preview:large, max-video-preview:-1\" \/>\n<link rel=\"canonical\" href=\"https:\/\/universofamilia.com\/hr\/las-preguntas-de-entrevista-mas-comunes-de-2025\/\" \/>\n<meta property=\"og:locale\" content=\"hr_HR\" \/>\n<meta property=\"og:type\" content=\"article\" \/>\n<meta property=\"og:title\" content=\"Las preguntas de entrevista m\u00e1s comunes de 2025 - Universo Fam\u00edlia\" \/>\n<meta property=\"og:description\" content=\"Las preguntas de entrevista m\u00e1s comunes de 2025 reflejan un mercado laboral m\u00e1s digital, humano y estrat\u00e9gico que nunca.\" \/>\n<meta property=\"og:url\" content=\"https:\/\/universofamilia.com\/hr\/las-preguntas-de-entrevista-mas-comunes-de-2025\/\" \/>\n<meta property=\"og:site_name\" content=\"Universo Fam\u00edlia\" \/>\n<meta property=\"article:published_time\" content=\"2025-12-26T15:09:03+00:00\" \/>\n<meta property=\"article:modified_time\" content=\"2025-12-26T15:09:05+00:00\" \/>\n<meta property=\"og:image\" content=\"https:\/\/universofamilia.com\/wp-content\/uploads\/sites\/148\/2025\/12\/Destaque-Novo-Universo-18-1.jpg\" \/>\n\t<meta property=\"og:image:width\" content=\"450\" \/>\n\t<meta property=\"og:image:height\" content=\"250\" \/>\n\t<meta property=\"og:image:type\" content=\"image\/jpeg\" \/>\n<meta name=\"author\" content=\"Matheus Sangaletti\" \/>\n<meta name=\"twitter:card\" content=\"summary_large_image\" \/>\n<meta name=\"twitter:label1\" content=\"Written by\" \/>\n\t<meta name=\"twitter:data1\" content=\"Matheus Sangaletti\" \/>\n\t<meta name=\"twitter:label2\" content=\"Est. reading time\" \/>\n\t<meta name=\"twitter:data2\" content=\"7 minuta\" \/>\n<script type=\"application\/ld+json\" class=\"yoast-schema-graph\">{\"@context\":\"https:\/\/schema.org\",\"@graph\":[{\"@type\":\"WebPage\",\"@id\":\"https:\/\/universofamilia.com\/sk\/las-preguntas-de-entrevista-mas-comunes-de-2025\/\",\"url\":\"https:\/\/universofamilia.com\/sk\/las-preguntas-de-entrevista-mas-comunes-de-2025\/\",\"name\":\"Las preguntas de entrevista m\u00e1s comunes de 2025 - Universo Fam\u00edlia\",\"isPartOf\":{\"@id\":\"http:\/\/universofamilia.com\/zh_hk\/#website\"},\"primaryImageOfPage\":{\"@id\":\"https:\/\/universofamilia.com\/sk\/las-preguntas-de-entrevista-mas-comunes-de-2025\/#primaryimage\"},\"image\":{\"@id\":\"https:\/\/universofamilia.com\/sk\/las-preguntas-de-entrevista-mas-comunes-de-2025\/#primaryimage\"},\"thumbnailUrl\":\"http:\/\/universofamilia.com\/wp-content\/uploads\/sites\/148\/2025\/12\/Destaque-Novo-Universo-18-1.jpg\",\"datePublished\":\"2025-12-26T15:09:03+00:00\",\"dateModified\":\"2025-12-26T15:09:05+00:00\",\"author\":{\"@id\":\"http:\/\/universofamilia.com\/zh_hk\/#\/schema\/person\/92fcd07e9b1f4323bf74f3170fc0f78a\"},\"description\":\"Las preguntas de entrevista m\u00e1s comunes de 2025 reflejan un mercado laboral m\u00e1s digital, humano y estrat\u00e9gico que nunca.\",\"breadcrumb\":{\"@id\":\"https:\/\/universofamilia.com\/sk\/las-preguntas-de-entrevista-mas-comunes-de-2025\/#breadcrumb\"},\"inLanguage\":\"hr\",\"potentialAction\":[{\"@type\":\"ReadAction\",\"target\":[\"https:\/\/universofamilia.com\/sk\/las-preguntas-de-entrevista-mas-comunes-de-2025\/\"]}]},{\"@type\":\"ImageObject\",\"inLanguage\":\"hr\",\"@id\":\"https:\/\/universofamilia.com\/sk\/las-preguntas-de-entrevista-mas-comunes-de-2025\/#primaryimage\",\"url\":\"http:\/\/universofamilia.com\/wp-content\/uploads\/sites\/148\/2025\/12\/Destaque-Novo-Universo-18-1.jpg\",\"contentUrl\":\"http:\/\/universofamilia.com\/wp-content\/uploads\/sites\/148\/2025\/12\/Destaque-Novo-Universo-18-1.jpg\",\"width\":450,\"height\":250,\"caption\":\"Las preguntas de entrevista m\u00e1s comunes de 2025\"},{\"@type\":\"BreadcrumbList\",\"@id\":\"https:\/\/universofamilia.com\/sk\/las-preguntas-de-entrevista-mas-comunes-de-2025\/#breadcrumb\",\"itemListElement\":[{\"@type\":\"ListItem\",\"position\":1,\"name\":\"Home\",\"item\":\"http:\/\/universofamilia.com\/zh_hk\/\"},{\"@type\":\"ListItem\",\"position\":2,\"name\":\"Las preguntas de entrevista m\u00e1s comunes de 2025\"}]},{\"@type\":\"WebSite\",\"@id\":\"http:\/\/universofamilia.com\/zh_hk\/#website\",\"url\":\"http:\/\/universofamilia.com\/zh_hk\/\",\"name\":\"Universo Fam\u00edlia\",\"description\":\"\",\"potentialAction\":[{\"@type\":\"SearchAction\",\"target\":{\"@type\":\"EntryPoint\",\"urlTemplate\":\"http:\/\/universofamilia.com\/zh_hk\/?s={search_term_string}\"},\"query-input\":\"required name=search_term_string\"}],\"inLanguage\":\"hr\"},{\"@type\":\"Person\",\"@id\":\"http:\/\/universofamilia.com\/zh_hk\/#\/schema\/person\/92fcd07e9b1f4323bf74f3170fc0f78a\",\"name\":\"Matheus Sangaletti\",\"image\":{\"@type\":\"ImageObject\",\"inLanguage\":\"hr\",\"@id\":\"http:\/\/universofamilia.com\/zh_hk\/#\/schema\/person\/image\/\",\"url\":\"http:\/\/2.gravatar.com\/avatar\/280ea957a14a48e6a1ad2133d2cc27c9?s=96&d=mm&r=g\",\"contentUrl\":\"http:\/\/2.gravatar.com\/avatar\/280ea957a14a48e6a1ad2133d2cc27c9?s=96&d=mm&r=g\",\"caption\":\"Matheus Sangaletti\"},\"url\":\"http:\/\/universofamilia.com\/hr\/author\/matheuss\/\"}]}<\/script>\n<!-- \/ Yoast SEO plugin. -->","yoast_head_json":{"title":"Las preguntas de entrevista m\u00e1s comunes de 2025 - Universo Fam\u00edlia","description":"Las preguntas de entrevista m\u00e1s comunes de 2025 reflejan un mercado laboral m\u00e1s digital, humano y estrat\u00e9gico que nunca.","robots":{"index":"index","follow":"follow","max-snippet":"max-snippet:-1","max-image-preview":"max-image-preview:large","max-video-preview":"max-video-preview:-1"},"canonical":"https:\/\/universofamilia.com\/hr\/las-preguntas-de-entrevista-mas-comunes-de-2025\/","og_locale":"hr_HR","og_type":"article","og_title":"Las preguntas de entrevista m\u00e1s comunes de 2025 - Universo Fam\u00edlia","og_description":"Las preguntas de entrevista m\u00e1s comunes de 2025 reflejan un mercado laboral m\u00e1s digital, humano y estrat\u00e9gico que nunca.","og_url":"https:\/\/universofamilia.com\/hr\/las-preguntas-de-entrevista-mas-comunes-de-2025\/","og_site_name":"Universo Fam\u00edlia","article_published_time":"2025-12-26T15:09:03+00:00","article_modified_time":"2025-12-26T15:09:05+00:00","og_image":[{"width":450,"height":250,"url":"https:\/\/universofamilia.com\/wp-content\/uploads\/sites\/148\/2025\/12\/Destaque-Novo-Universo-18-1.jpg","type":"image\/jpeg"}],"author":"Matheus Sangaletti","twitter_card":"summary_large_image","twitter_misc":{"Written by":"Matheus Sangaletti","Est. reading time":"7 minuta"},"schema":{"@context":"https:\/\/schema.org","@graph":[{"@type":"WebPage","@id":"https:\/\/universofamilia.com\/sk\/las-preguntas-de-entrevista-mas-comunes-de-2025\/","url":"https:\/\/universofamilia.com\/sk\/las-preguntas-de-entrevista-mas-comunes-de-2025\/","name":"Las preguntas de entrevista m\u00e1s comunes de 2025 - Universo Fam\u00edlia","isPartOf":{"@id":"http:\/\/universofamilia.com\/zh_hk\/#website"},"primaryImageOfPage":{"@id":"https:\/\/universofamilia.com\/sk\/las-preguntas-de-entrevista-mas-comunes-de-2025\/#primaryimage"},"image":{"@id":"https:\/\/universofamilia.com\/sk\/las-preguntas-de-entrevista-mas-comunes-de-2025\/#primaryimage"},"thumbnailUrl":"http:\/\/universofamilia.com\/wp-content\/uploads\/sites\/148\/2025\/12\/Destaque-Novo-Universo-18-1.jpg","datePublished":"2025-12-26T15:09:03+00:00","dateModified":"2025-12-26T15:09:05+00:00","author":{"@id":"http:\/\/universofamilia.com\/zh_hk\/#\/schema\/person\/92fcd07e9b1f4323bf74f3170fc0f78a"},"description":"Las preguntas de entrevista m\u00e1s comunes de 2025 reflejan un mercado laboral m\u00e1s digital, humano y estrat\u00e9gico que nunca.","breadcrumb":{"@id":"https:\/\/universofamilia.com\/sk\/las-preguntas-de-entrevista-mas-comunes-de-2025\/#breadcrumb"},"inLanguage":"hr","potentialAction":[{"@type":"ReadAction","target":["https:\/\/universofamilia.com\/sk\/las-preguntas-de-entrevista-mas-comunes-de-2025\/"]}]},{"@type":"ImageObject","inLanguage":"hr","@id":"https:\/\/universofamilia.com\/sk\/las-preguntas-de-entrevista-mas-comunes-de-2025\/#primaryimage","url":"http:\/\/universofamilia.com\/wp-content\/uploads\/sites\/148\/2025\/12\/Destaque-Novo-Universo-18-1.jpg","contentUrl":"http:\/\/universofamilia.com\/wp-content\/uploads\/sites\/148\/2025\/12\/Destaque-Novo-Universo-18-1.jpg","width":450,"height":250,"caption":"Las preguntas de entrevista m\u00e1s comunes de 2025"},{"@type":"BreadcrumbList","@id":"https:\/\/universofamilia.com\/sk\/las-preguntas-de-entrevista-mas-comunes-de-2025\/#breadcrumb","itemListElement":[{"@type":"ListItem","position":1,"name":"Home","item":"http:\/\/universofamilia.com\/zh_hk\/"},{"@type":"ListItem","position":2,"name":"Las preguntas de entrevista m\u00e1s comunes de 2025"}]},{"@type":"WebSite","@id":"http:\/\/universofamilia.com\/zh_hk\/#website","url":"http:\/\/universofamilia.com\/zh_hk\/","name":"Universo Fam\u00edlia","description":"","potentialAction":[{"@type":"SearchAction","target":{"@type":"EntryPoint","urlTemplate":"http:\/\/universofamilia.com\/zh_hk\/?s={search_term_string}"},"query-input":"required name=search_term_string"}],"inLanguage":"hr"},{"@type":"Person","@id":"http:\/\/universofamilia.com\/zh_hk\/#\/schema\/person\/92fcd07e9b1f4323bf74f3170fc0f78a","name":"Matheus Sangaletti","image":{"@type":"ImageObject","inLanguage":"hr","@id":"http:\/\/universofamilia.com\/zh_hk\/#\/schema\/person\/image\/","url":"http:\/\/2.gravatar.com\/avatar\/280ea957a14a48e6a1ad2133d2cc27c9?s=96&d=mm&r=g","contentUrl":"http:\/\/2.gravatar.com\/avatar\/280ea957a14a48e6a1ad2133d2cc27c9?s=96&d=mm&r=g","caption":"Matheus Sangaletti"},"url":"http:\/\/universofamilia.com\/hr\/author\/matheuss\/"}]}},"_links":{"self":[{"href":"http:\/\/universofamilia.com\/hr\/wp-json\/wp\/v2\/posts\/10464"}],"collection":[{"href":"http:\/\/universofamilia.com\/hr\/wp-json\/wp\/v2\/posts"}],"about":[{"href":"http:\/\/universofamilia.com\/hr\/wp-json\/wp\/v2\/types\/post"}],"author":[{"embeddable":true,"href":"http:\/\/universofamilia.com\/hr\/wp-json\/wp\/v2\/users\/219"}],"replies":[{"embeddable":true,"href":"http:\/\/universofamilia.com\/hr\/wp-json\/wp\/v2\/comments?post=10464"}],"version-history":[{"count":1,"href":"http:\/\/universofamilia.com\/hr\/wp-json\/wp\/v2\/posts\/10464\/revisions"}],"predecessor-version":[{"id":10468,"href":"http:\/\/universofamilia.com\/hr\/wp-json\/wp\/v2\/posts\/10464\/revisions\/10468"}],"wp:featuredmedia":[{"embeddable":true,"href":"http:\/\/universofamilia.com\/hr\/wp-json\/wp\/v2\/media\/10466"}],"wp:attachment":[{"href":"http:\/\/universofamilia.com\/hr\/wp-json\/wp\/v2\/media?parent=10464"}],"wp:term":[{"taxonomy":"category","embeddable":true,"href":"http:\/\/universofamilia.com\/hr\/wp-json\/wp\/v2\/categories?post=10464"},{"taxonomy":"post_tag","embeddable":true,"href":"http:\/\/universofamilia.com\/hr\/wp-json\/wp\/v2\/tags?post=10464"}],"curies":[{"name":"wp","href":"https:\/\/api.w.org\/{rel}","templated":true}]}}