{"id":1692,"date":"2023-05-25T00:53:43","date_gmt":"2023-05-25T00:53:43","guid":{"rendered":"https:\/\/universofamilia.com\/?p=1692"},"modified":"2023-05-25T00:53:43","modified_gmt":"2023-05-25T00:53:43","slug":"rotina-ideal-para-a-familia-dormir-bem","status":"publish","type":"post","link":"http:\/\/universofamilia.com\/hr\/rotina-ideal-para-a-familia-dormir-bem\/","title":{"rendered":"Rotina idealna za obiteljski san"},"content":{"rendered":"<p>Pravilna zvu\u010dna rutina klju\u010dna je za dobrobit i zdravlje cijele obitelji. Spavanje ne samo da pobolj\u0161ava raspolo\u017eenje ili performanse tijekom dana, ve\u0107 i ja\u010da imunolo\u0161ki sustav i doprinosi boljoj kvaliteti \u017eivota. U ovom \u010dlanku predstavit \u0107emo idealnu rutinu za dobar san obitelji, prakti\u010dne mjere koje se mogu lako provesti. Do\u0111ite i otkrijte kako osigurati mirne zvu\u010dne no\u0107i za sve \u010dlanove va\u0161e obitelji.<\/p>\n\n\n\n<h3 class=\"wp-block-heading\">Vidi tako\u0111er:<\/h3>\n\n\n\n<p><a href=\"http:\/\/universofamilia.com\/hr\/rotina-ideal-para-a-familia-dormir-bem\/\" target=\"_blank\" rel=\"noreferrer noopener\">Rotina Idealno za obiteljski san<\/a><\/p>\n\n\n\n<p><a href=\"http:\/\/universofamilia.com\/hr\/muco-nas-fezes-do-bebe-quando-e-normal-e-quando-se-preocupar\/\" target=\"_blank\" rel=\"noreferrer noopener\">Muco nas fezes do b\u00ea: kada je to normalno, a kada se trebate zabrinuti?<\/a><\/p>\n\n\n\n<p><a href=\"https:\/\/www.luzbaby.com.br\/\" target=\"_blank\" rel=\"noreferrer noopener\">Luz Baby je jedna od najboljih trgovina proizvodima za dojen\u010dad. Kliknite ovdje.<\/a><\/p>\n\n\n\n<h3 class=\"wp-block-heading\">Uspostavite redovite rasporede zvuka<\/h3>\n\n\n\n<p>Jedna od glavnih tehnika za pobolj\u0161anje kvalitete zvuka je uspostavljanje redovitih rasporeda za spavanje i pam\u0107enje. I djeca i odrasli imaju koristi od dosljedne prehrane. Poku\u0161ajte definirati rasporede spavanja koji su prikladni za svakog \u010dlana obitelji, uzimaju\u0107i u obzir potrebe za snom svake dobne skupine. Pridr\u017eavajte se ovih rasporeda i vikendom kako biste izbjegli neravnote\u017eu biolo\u0161kog sata.<\/p>\n\n\n\n<figure class=\"wp-block-image size-full\"><img loading=\"lazy\" decoding=\"async\" width=\"550\" height=\"350\" src=\"http:\/\/universofamilia.com\/wp-content\/uploads\/sites\/148\/2023\/05\/FOTO-POST-dormir-bem-familia-universo-familia-.png\" alt=\"\" class=\"wp-image-1924\" srcset=\"http:\/\/universofamilia.com\/wp-content\/uploads\/sites\/148\/2023\/05\/FOTO-POST-dormir-bem-familia-universo-familia-.png 550w, http:\/\/universofamilia.com\/wp-content\/uploads\/sites\/148\/2023\/05\/FOTO-POST-dormir-bem-familia-universo-familia--300x191.png 300w\" sizes=\"(max-width: 550px) 100vw, 550px\" \/><\/figure>\n\n\n\n<h3 class=\"wp-block-heading\">Stvorite povoljno okru\u017eenje za svog sina<\/h3>\n\n\n\n<p>Okru\u017eenje u kojem spavamo igra klju\u010dnu ulogu u kvaliteti zvuka. Pobrinite se da je soba svakog \u010dlana obitelji mra\u010dna, tiha i dobro prozra\u010dena. Koristite zavjese ili rolete kako biste blokirali vanjsko svjetlo, smanjite buku \u0161titnicima za u\u0161i ili ovla\u017eiva\u010dima zraka i kontrolirajte temperaturu kako biste osigurali ugodno okru\u017eenje. Tako\u0111er, va\u017eno je ulo\u017eiti u odgovaraju\u0107e madrace i pre\u010dke, koji pru\u017eaju potporu i udobnost tijekom no\u0107i.<\/p>\n\n\n\n<h3 class=\"wp-block-heading\">Izbjegavajte stimulanse prije spavanja<\/h3>\n\n\n\n<p>Odre\u0111ena hrana i pi\u0107a mogu ometati san, posebno ako se konzumiraju neposredno prije spavanja. Izbjegavajte kofein, alkohol i te\u0161ku hranu nekoliko sati prije spavanja. Odlu\u010dite se za opu\u0161taju\u0107e bilje, poput kamilice ili erva-cidreire, i pripremite lagane osvje\u017eavaju\u0107e napitke bez jantara. Tako\u0111er, ograni\u010dite kori\u0161tenje elektroni\u010dkih ure\u0111aja, poput pametnih telefona i tableta, prije spavanja, jer plavo svjetlo koje emitiraju ovi ure\u0111aji mo\u017ee utjecati na kvalitetu zvuka.<\/p>\n\n\n\n<h3 class=\"wp-block-heading\">Uspostavite rutinu opu\u0161tanja prije spavanja<\/h3>\n\n\n\n<p>Stvaranje opu\u0161taju\u0107e rutine prije spavanja poma\u017ee u pripremi tijela i uma za san. Odvojite nekoliko minuta za mirne aktivnosti, poput \u010ditanja knjige, slu\u0161anja lagane glazbe ili vje\u017ebanja tehnika opu\u0161tanja, poput dubokog disanja ili meditacije. Izbjegavajte \u017eustre rasprave ili stimuliraju\u0107e aktivnosti neposredno prije spavanja. Cilj je smiriti osjetila i izazvati opu\u0161tanje, pripremaju\u0107i se za no\u0107 okrepljuju\u0107eg zvuka.<\/p>\n\n\n\n<h3 class=\"wp-block-heading\">Zaklju\u010dak<\/h3>\n\n\n\n<p>Idealna rutina spavanja za cijelu obitelj klju\u010dna je za zdravlje i dobrobit svih \u010dlanova. Uspostavljanjem redovitih rasporeda spavanja, stvaranjem okru\u017eenja pogodnog za odmor, izbjegavanjem stimulansa prije spavanja i usvajanjem rutine opu\u0161tanja, osigurat \u0107ete mirne i revitaliziraju\u0107e no\u0107i za cijelu obitelj.<\/p>\n\n\n\n<p>Imajte na umu da je svaka osoba jedinstvena i da mogu postojati individualne varijacije u potrebama za zvukom. Stoga prilagodite ove smjernice prema karakteristikama svakog \u010dlana obitelji, uzimaju\u0107i u obzir specifi\u010dno zdravlje, preferencije i stanja.<\/p>\n\n\n\n<p>Diljem svijeta mnoge se obitelji suo\u010davaju s izazovima u odr\u017eavanju idealne rutine zbog zahtjeva svakodnevnog \u017eivota. Me\u0111utim, davanje prioriteta odmoru klju\u010dno je za jam\u010denje zdravog i uravnote\u017eenog \u017eivota. Slijede\u0107i ove upute, ulagat \u0107ete u dobrobit cijele obitelji i u\u017eivati u blagodatima dobrog no\u0107nog sna.<\/p>\n\n\n\n<p>Tako\u0111er je va\u017eno koristiti SEO tehnike kako bi ovaj \u010dlanak bio vidljiviji i pristupa\u010dniji \u010ditateljima. Uklju\u010dite relevantne klju\u010dne rije\u010di, kao \u0161to su \u201ezdrava rutina\u201c, \u201eobiteljski san\u201c, \u201ekvaliteta zvuka\u201c i drugi pojmovi povezani s temom. Tako\u0111er, koristite jasne i privla\u010dne podnaslove kako biste olak\u0161ali \u010ditanje i navigaciju.<\/p>\n\n\n\n<p>\u010citljivost tako\u0111er igra temeljnu ulogu u \u010ditateljevom iskustvu. Koristite kratke re\u010denice i dobro strukturirane odlomke kako biste olak\u0161ali razumijevanje sadr\u017eaja. Izbjegavajte visoko tehni\u010dki \u017eargon ili terminologiju, osim ako ne pi\u0161ete posebno za specijaliziranu publiku.<\/p>\n\n\n\n<figure class=\"wp-block-image size-full\"><img loading=\"lazy\" decoding=\"async\" width=\"550\" height=\"350\" src=\"http:\/\/universofamilia.com\/wp-content\/uploads\/sites\/148\/2023\/05\/FOTO-POST-dormir-bem-familia-universo-familia-1.png\" alt=\"\" class=\"wp-image-1926\" srcset=\"http:\/\/universofamilia.com\/wp-content\/uploads\/sites\/148\/2023\/05\/FOTO-POST-dormir-bem-familia-universo-familia-1.png 550w, http:\/\/universofamilia.com\/wp-content\/uploads\/sites\/148\/2023\/05\/FOTO-POST-dormir-bem-familia-universo-familia-1-300x191.png 300w\" sizes=\"(max-width: 550px) 100vw, 550px\" \/><\/figure>\n\n\n\n<p>Ukratko, kako biste uspostavili idealnu rutinu za dobar san u obitelji, ulo\u017eit \u0107ete u dobrobit svih \u010dlanova. Va\u017eno je uspostaviti redovite rasporede spavanja, stvoriti okru\u017eenje pogodno za odmor, izbjegavati stimulanse prije spavanja i usvojiti rutinu opu\u0161tanja. Primjenom ovih prakti\u010dnih savjeta bit \u0107ete na putu prema mirnim i okrepljuju\u0107im no\u0107nim no\u0107ima punim zvuka, pru\u017eaju\u0107i zdrav i uravnote\u017een \u017eivot cijeloj svojoj obitelji.<\/p>","protected":false},"excerpt":{"rendered":"<p>Pravilna zdrava rutina klju\u010dna je za dobrobit i zdravlje cijele obitelji. Spavanje ne samo da pobolj\u0161ava raspolo\u017eenje ili performanse tijekom dana, ve\u0107 i ja\u010da imunolo\u0161ki sustav i doprinosi boljoj kvaliteti \u017eivota. <\/p>","protected":false},"author":0,"featured_media":1925,"comment_status":"closed","ping_status":"open","sticky":false,"template":"","format":"standard","meta":{"footnotes":""},"categories":[5],"tags":[1436,1437],"yoast_head":"<!-- This site is optimized with the Yoast SEO plugin v23.3 - https:\/\/yoast.com\/wordpress\/plugins\/seo\/ -->\n<title>Rotina ideal para a fam\u00edlia dormir bem - Universo Fam\u00edlia<\/title>\n<meta name=\"description\" content=\"Ter uma rotina de sono adequada \u00e9 essencial para o bem-estar e a sa\u00fade de toda a fam\u00edlia\" \/>\n<meta name=\"robots\" content=\"index, follow, max-snippet:-1, max-image-preview:large, max-video-preview:-1\" \/>\n<link rel=\"canonical\" href=\"http:\/\/universofamilia.com\/hr\/\u0438\u0434\u0435\u0430\u043b\u043d\u0430-\u0440\u0443\u0442\u0438\u043d\u0430-\u0437\u0430-\u0434\u043e\u0431\u0440\u043e-\u0441\u043f\u0430\u0432\u0430\u045a\u0435-\u043f\u043e\u0440\u043e\u0434\/\" \/>\n<meta property=\"og:locale\" content=\"hr_HR\" \/>\n<meta property=\"og:type\" content=\"article\" \/>\n<meta property=\"og:title\" content=\"Rotina ideal para a fam\u00edlia dormir bem - Universo Fam\u00edlia\" \/>\n<meta property=\"og:description\" content=\"Ter uma rotina de sono adequada \u00e9 essencial para o bem-estar e a sa\u00fade de toda a fam\u00edlia\" \/>\n<meta property=\"og:url\" content=\"http:\/\/universofamilia.com\/hr\/\u0438\u0434\u0435\u0430\u043b\u043d\u0430-\u0440\u0443\u0442\u0438\u043d\u0430-\u0437\u0430-\u0434\u043e\u0431\u0440\u043e-\u0441\u043f\u0430\u0432\u0430\u045a\u0435-\u043f\u043e\u0440\u043e\u0434\/\" \/>\n<meta property=\"og:site_name\" content=\"Universo Fam\u00edlia\" \/>\n<meta property=\"article:published_time\" content=\"2023-05-25T00:53:43+00:00\" \/>\n<meta property=\"og:image\" content=\"http:\/\/universofamilia.com\/wp-content\/uploads\/sites\/148\/2023\/05\/FOTO-DESTAQUE-dormir-bem-familia-universo-familia-448x350-.png\" \/>\n\t<meta property=\"og:image:width\" content=\"448\" \/>\n\t<meta property=\"og:image:height\" content=\"350\" \/>\n\t<meta property=\"og:image:type\" content=\"image\/png\" \/>\n<meta name=\"twitter:card\" content=\"summary_large_image\" \/>\n<meta name=\"twitter:label1\" content=\"Est. reading time\" \/>\n\t<meta name=\"twitter:data1\" content=\"5 minuta\" \/>\n<script type=\"application\/ld+json\" class=\"yoast-schema-graph\">{\"@context\":\"https:\/\/schema.org\",\"@graph\":[{\"@type\":\"WebPage\",\"@id\":\"http:\/\/universofamilia.com\/sr\/\u0438\u0434\u0435\u0430\u043b\u043d\u0430-\u0440\u0443\u0442\u0438\u043d\u0430-\u0437\u0430-\u0434\u043e\u0431\u0440\u043e-\u0441\u043f\u0430\u0432\u0430\u045a\u0435-\u043f\u043e\u0440\u043e\u0434\/\",\"url\":\"http:\/\/universofamilia.com\/sr\/\u0438\u0434\u0435\u0430\u043b\u043d\u0430-\u0440\u0443\u0442\u0438\u043d\u0430-\u0437\u0430-\u0434\u043e\u0431\u0440\u043e-\u0441\u043f\u0430\u0432\u0430\u045a\u0435-\u043f\u043e\u0440\u043e\u0434\/\",\"name\":\"Rotina ideal para a fam\u00edlia dormir bem - Universo Fam\u00edlia\",\"isPartOf\":{\"@id\":\"https:\/\/universofamilia.com\/el\/#website\"},\"primaryImageOfPage\":{\"@id\":\"http:\/\/universofamilia.com\/sr\/\u0438\u0434\u0435\u0430\u043b\u043d\u0430-\u0440\u0443\u0442\u0438\u043d\u0430-\u0437\u0430-\u0434\u043e\u0431\u0440\u043e-\u0441\u043f\u0430\u0432\u0430\u045a\u0435-\u043f\u043e\u0440\u043e\u0434\/#primaryimage\"},\"image\":{\"@id\":\"http:\/\/universofamilia.com\/sr\/\u0438\u0434\u0435\u0430\u043b\u043d\u0430-\u0440\u0443\u0442\u0438\u043d\u0430-\u0437\u0430-\u0434\u043e\u0431\u0440\u043e-\u0441\u043f\u0430\u0432\u0430\u045a\u0435-\u043f\u043e\u0440\u043e\u0434\/#primaryimage\"},\"thumbnailUrl\":\"http:\/\/universofamilia.com\/wp-content\/uploads\/sites\/148\/2023\/05\/FOTO-DESTAQUE-dormir-bem-familia-universo-familia-448x350-.png\",\"datePublished\":\"2023-05-25T00:53:43+00:00\",\"dateModified\":\"2023-05-25T00:53:43+00:00\",\"author\":{\"@id\":\"\"},\"description\":\"Ter uma rotina de sono adequada \u00e9 essencial para o bem-estar e a sa\u00fade de toda a fam\u00edlia\",\"breadcrumb\":{\"@id\":\"http:\/\/universofamilia.com\/sr\/\u0438\u0434\u0435\u0430\u043b\u043d\u0430-\u0440\u0443\u0442\u0438\u043d\u0430-\u0437\u0430-\u0434\u043e\u0431\u0440\u043e-\u0441\u043f\u0430\u0432\u0430\u045a\u0435-\u043f\u043e\u0440\u043e\u0434\/#breadcrumb\"},\"inLanguage\":\"hr\",\"potentialAction\":[{\"@type\":\"ReadAction\",\"target\":[\"http:\/\/universofamilia.com\/sr\/\u0438\u0434\u0435\u0430\u043b\u043d\u0430-\u0440\u0443\u0442\u0438\u043d\u0430-\u0437\u0430-\u0434\u043e\u0431\u0440\u043e-\u0441\u043f\u0430\u0432\u0430\u045a\u0435-\u043f\u043e\u0440\u043e\u0434\/\"]}]},{\"@type\":\"ImageObject\",\"inLanguage\":\"hr\",\"@id\":\"http:\/\/universofamilia.com\/sr\/\u0438\u0434\u0435\u0430\u043b\u043d\u0430-\u0440\u0443\u0442\u0438\u043d\u0430-\u0437\u0430-\u0434\u043e\u0431\u0440\u043e-\u0441\u043f\u0430\u0432\u0430\u045a\u0435-\u043f\u043e\u0440\u043e\u0434\/#primaryimage\",\"url\":\"http:\/\/universofamilia.com\/wp-content\/uploads\/sites\/148\/2023\/05\/FOTO-DESTAQUE-dormir-bem-familia-universo-familia-448x350-.png\",\"contentUrl\":\"http:\/\/universofamilia.com\/wp-content\/uploads\/sites\/148\/2023\/05\/FOTO-DESTAQUE-dormir-bem-familia-universo-familia-448x350-.png\",\"width\":448,\"height\":350},{\"@type\":\"BreadcrumbList\",\"@id\":\"http:\/\/universofamilia.com\/sr\/\u0438\u0434\u0435\u0430\u043b\u043d\u0430-\u0440\u0443\u0442\u0438\u043d\u0430-\u0437\u0430-\u0434\u043e\u0431\u0440\u043e-\u0441\u043f\u0430\u0432\u0430\u045a\u0435-\u043f\u043e\u0440\u043e\u0434\/#breadcrumb\",\"itemListElement\":[{\"@type\":\"ListItem\",\"position\":1,\"name\":\"Home\",\"item\":\"https:\/\/universofamilia.com\/el\/\"},{\"@type\":\"ListItem\",\"position\":2,\"name\":\"Rotina ideal para a fam\u00edlia dormir bem\"}]},{\"@type\":\"WebSite\",\"@id\":\"https:\/\/universofamilia.com\/el\/#website\",\"url\":\"https:\/\/universofamilia.com\/el\/\",\"name\":\"Universo Fam\u00edlia\",\"description\":\"\",\"potentialAction\":[{\"@type\":\"SearchAction\",\"target\":{\"@type\":\"EntryPoint\",\"urlTemplate\":\"https:\/\/universofamilia.com\/el\/?s={search_term_string}\"},\"query-input\":\"required name=search_term_string\"}],\"inLanguage\":\"hr\"}]}<\/script>\n<!-- \/ Yoast SEO plugin. -->","yoast_head_json":{"title":"Rotina ideal para a fam\u00edlia dormir bem - Universo Fam\u00edlia","description":"Ter uma rotina de sono adequada \u00e9 essencial para o bem-estar e a sa\u00fade de toda a fam\u00edlia","robots":{"index":"index","follow":"follow","max-snippet":"max-snippet:-1","max-image-preview":"max-image-preview:large","max-video-preview":"max-video-preview:-1"},"canonical":"http:\/\/universofamilia.com\/hr\/\u0438\u0434\u0435\u0430\u043b\u043d\u0430-\u0440\u0443\u0442\u0438\u043d\u0430-\u0437\u0430-\u0434\u043e\u0431\u0440\u043e-\u0441\u043f\u0430\u0432\u0430\u045a\u0435-\u043f\u043e\u0440\u043e\u0434\/","og_locale":"hr_HR","og_type":"article","og_title":"Rotina ideal para a fam\u00edlia dormir bem - Universo Fam\u00edlia","og_description":"Ter uma rotina de sono adequada \u00e9 essencial para o bem-estar e a sa\u00fade de toda a fam\u00edlia","og_url":"http:\/\/universofamilia.com\/hr\/\u0438\u0434\u0435\u0430\u043b\u043d\u0430-\u0440\u0443\u0442\u0438\u043d\u0430-\u0437\u0430-\u0434\u043e\u0431\u0440\u043e-\u0441\u043f\u0430\u0432\u0430\u045a\u0435-\u043f\u043e\u0440\u043e\u0434\/","og_site_name":"Universo Fam\u00edlia","article_published_time":"2023-05-25T00:53:43+00:00","og_image":[{"width":448,"height":350,"url":"http:\/\/universofamilia.com\/wp-content\/uploads\/sites\/148\/2023\/05\/FOTO-DESTAQUE-dormir-bem-familia-universo-familia-448x350-.png","type":"image\/png"}],"twitter_card":"summary_large_image","twitter_misc":{"Est. reading time":"5 minuta"},"schema":{"@context":"https:\/\/schema.org","@graph":[{"@type":"WebPage","@id":"http:\/\/universofamilia.com\/sr\/\u0438\u0434\u0435\u0430\u043b\u043d\u0430-\u0440\u0443\u0442\u0438\u043d\u0430-\u0437\u0430-\u0434\u043e\u0431\u0440\u043e-\u0441\u043f\u0430\u0432\u0430\u045a\u0435-\u043f\u043e\u0440\u043e\u0434\/","url":"http:\/\/universofamilia.com\/sr\/\u0438\u0434\u0435\u0430\u043b\u043d\u0430-\u0440\u0443\u0442\u0438\u043d\u0430-\u0437\u0430-\u0434\u043e\u0431\u0440\u043e-\u0441\u043f\u0430\u0432\u0430\u045a\u0435-\u043f\u043e\u0440\u043e\u0434\/","name":"Rotina ideal para a fam\u00edlia dormir bem - Universo Fam\u00edlia","isPartOf":{"@id":"https:\/\/universofamilia.com\/el\/#website"},"primaryImageOfPage":{"@id":"http:\/\/universofamilia.com\/sr\/\u0438\u0434\u0435\u0430\u043b\u043d\u0430-\u0440\u0443\u0442\u0438\u043d\u0430-\u0437\u0430-\u0434\u043e\u0431\u0440\u043e-\u0441\u043f\u0430\u0432\u0430\u045a\u0435-\u043f\u043e\u0440\u043e\u0434\/#primaryimage"},"image":{"@id":"http:\/\/universofamilia.com\/sr\/\u0438\u0434\u0435\u0430\u043b\u043d\u0430-\u0440\u0443\u0442\u0438\u043d\u0430-\u0437\u0430-\u0434\u043e\u0431\u0440\u043e-\u0441\u043f\u0430\u0432\u0430\u045a\u0435-\u043f\u043e\u0440\u043e\u0434\/#primaryimage"},"thumbnailUrl":"http:\/\/universofamilia.com\/wp-content\/uploads\/sites\/148\/2023\/05\/FOTO-DESTAQUE-dormir-bem-familia-universo-familia-448x350-.png","datePublished":"2023-05-25T00:53:43+00:00","dateModified":"2023-05-25T00:53:43+00:00","author":{"@id":""},"description":"Ter uma rotina de sono adequada \u00e9 essencial para o bem-estar e a sa\u00fade de toda a fam\u00edlia","breadcrumb":{"@id":"http:\/\/universofamilia.com\/sr\/\u0438\u0434\u0435\u0430\u043b\u043d\u0430-\u0440\u0443\u0442\u0438\u043d\u0430-\u0437\u0430-\u0434\u043e\u0431\u0440\u043e-\u0441\u043f\u0430\u0432\u0430\u045a\u0435-\u043f\u043e\u0440\u043e\u0434\/#breadcrumb"},"inLanguage":"hr","potentialAction":[{"@type":"ReadAction","target":["http:\/\/universofamilia.com\/sr\/\u0438\u0434\u0435\u0430\u043b\u043d\u0430-\u0440\u0443\u0442\u0438\u043d\u0430-\u0437\u0430-\u0434\u043e\u0431\u0440\u043e-\u0441\u043f\u0430\u0432\u0430\u045a\u0435-\u043f\u043e\u0440\u043e\u0434\/"]}]},{"@type":"ImageObject","inLanguage":"hr","@id":"http:\/\/universofamilia.com\/sr\/\u0438\u0434\u0435\u0430\u043b\u043d\u0430-\u0440\u0443\u0442\u0438\u043d\u0430-\u0437\u0430-\u0434\u043e\u0431\u0440\u043e-\u0441\u043f\u0430\u0432\u0430\u045a\u0435-\u043f\u043e\u0440\u043e\u0434\/#primaryimage","url":"http:\/\/universofamilia.com\/wp-content\/uploads\/sites\/148\/2023\/05\/FOTO-DESTAQUE-dormir-bem-familia-universo-familia-448x350-.png","contentUrl":"http:\/\/universofamilia.com\/wp-content\/uploads\/sites\/148\/2023\/05\/FOTO-DESTAQUE-dormir-bem-familia-universo-familia-448x350-.png","width":448,"height":350},{"@type":"BreadcrumbList","@id":"http:\/\/universofamilia.com\/sr\/\u0438\u0434\u0435\u0430\u043b\u043d\u0430-\u0440\u0443\u0442\u0438\u043d\u0430-\u0437\u0430-\u0434\u043e\u0431\u0440\u043e-\u0441\u043f\u0430\u0432\u0430\u045a\u0435-\u043f\u043e\u0440\u043e\u0434\/#breadcrumb","itemListElement":[{"@type":"ListItem","position":1,"name":"Home","item":"https:\/\/universofamilia.com\/el\/"},{"@type":"ListItem","position":2,"name":"Rotina ideal para a fam\u00edlia dormir bem"}]},{"@type":"WebSite","@id":"https:\/\/universofamilia.com\/el\/#website","url":"https:\/\/universofamilia.com\/el\/","name":"Universo Fam\u00edlia","description":"","potentialAction":[{"@type":"SearchAction","target":{"@type":"EntryPoint","urlTemplate":"https:\/\/universofamilia.com\/el\/?s={search_term_string}"},"query-input":"required name=search_term_string"}],"inLanguage":"hr"}]}},"_links":{"self":[{"href":"http:\/\/universofamilia.com\/hr\/wp-json\/wp\/v2\/posts\/1692"}],"collection":[{"href":"http:\/\/universofamilia.com\/hr\/wp-json\/wp\/v2\/posts"}],"about":[{"href":"http:\/\/universofamilia.com\/hr\/wp-json\/wp\/v2\/types\/post"}],"replies":[{"embeddable":true,"href":"http:\/\/universofamilia.com\/hr\/wp-json\/wp\/v2\/comments?post=1692"}],"version-history":[{"count":0,"href":"http:\/\/universofamilia.com\/hr\/wp-json\/wp\/v2\/posts\/1692\/revisions"}],"wp:featuredmedia":[{"embeddable":true,"href":"http:\/\/universofamilia.com\/hr\/wp-json\/wp\/v2\/media\/1925"}],"wp:attachment":[{"href":"http:\/\/universofamilia.com\/hr\/wp-json\/wp\/v2\/media?parent=1692"}],"wp:term":[{"taxonomy":"category","embeddable":true,"href":"http:\/\/universofamilia.com\/hr\/wp-json\/wp\/v2\/categories?post=1692"},{"taxonomy":"post_tag","embeddable":true,"href":"http:\/\/universofamilia.com\/hr\/wp-json\/wp\/v2\/tags?post=1692"}],"curies":[{"name":"wp","href":"https:\/\/api.w.org\/{rel}","templated":true}]}}