{"id":1797,"date":"2023-05-25T21:01:58","date_gmt":"2023-05-25T21:01:58","guid":{"rendered":"https:\/\/universofamilia.com\/?p=1797"},"modified":"2023-05-25T21:01:58","modified_gmt":"2023-05-25T21:01:58","slug":"muco-nas-fezes-do-bebe-quando-e-normal-e-quando-se-preocupar","status":"publish","type":"post","link":"http:\/\/universofamilia.com\/hr\/muco-nas-fezes-do-bebe-quando-e-normal-e-quando-se-preocupar\/","title":{"rendered":"Jako puno u bebinom izljevu, kada je to normalno, a kada se trebate zabrinuti?"},"content":{"rendered":"<p>Vrlo \u010desta pojava u bebama je uobi\u010dajena briga me\u0111u zemljama. To mo\u017ee biti alarmantno i va\u017eno je shvatiti da mnogo toga mo\u017ee biti normalno u odre\u0111enim situacijama.<\/p>\n\n\n\n<p>U ovom \u0107emo \u010dlanku raspravljati o tome kada ili koliko fecesa mo\u017ee biti normalno, a kada je to razlog za zabrinutost. Nastavite \u010ditati za vi\u0161e informacija i utjehu.<\/p>\n\n\n\n<h3 class=\"wp-block-heading\">Ili ima puno toga u bebinim fesovima?<\/h3>\n\n\n\n<p>Sluz u bebinom izmetu odnosi se na prisutnost \u017eelatinozne i ljepljive tvari u bebinom izmetu. To mo\u017ee uvelike varirati u konzistenciji, gusto\u0107i i koli\u010dini.<\/p>\n\n\n\n<p>Va\u017eno je napomenuti da su u nekim slu\u010dajevima neke stolice potpuno normalne i ne predstavljaju zdravstveni problem.<\/p>\n\n\n\n<h3 class=\"wp-block-heading\">Kada smatramo da je bebin stol normalan ili vrlo normalan?<\/h3>\n\n\n\n<p>U odre\u0111enim okolnostima, prisutnost sluzi u bebinom izmetu je normalna i ne bi trebala biti razlog za zabrinutost.<\/p>\n\n\n\n<p>Tijekom nicanja zubi\u0107a, na primjer, uobi\u010dajeno je da beba proizvodi vi\u0161e sluzi, koja mo\u017ee zavr\u0161iti u stolici.<\/p>\n\n\n\n<p>Tako\u0111er, uvo\u0111enje \u010dvrste hrane u bebinu prehranu mo\u017ee uzrokovati privremene promjene na fetusu, uklju\u010duju\u0107i prisutnost sluzi.<\/p>\n\n\n\n<h3 class=\"wp-block-heading\">Kada se trebate zabrinuti zbog sluzi va\u0161e bebe?<\/h3>\n\n\n<div class=\"wp-block-image\">\n<figure class=\"aligncenter size-full\"><img loading=\"lazy\" decoding=\"async\" width=\"550\" height=\"350\" src=\"http:\/\/universofamilia.com\/wp-content\/uploads\/sites\/148\/2023\/05\/FOTO-POST-muco-fese-bebe-universo-familia-.png\" alt=\"\" class=\"wp-image-1911\" srcset=\"http:\/\/universofamilia.com\/wp-content\/uploads\/sites\/148\/2023\/05\/FOTO-POST-muco-fese-bebe-universo-familia-.png 550w, http:\/\/universofamilia.com\/wp-content\/uploads\/sites\/148\/2023\/05\/FOTO-POST-muco-fese-bebe-universo-familia--300x191.png 300w\" sizes=\"(max-width: 550px) 100vw, 550px\" \/><\/figure><\/div>\n\n\n<p>Embora ili sluz u bebinom izmetu mogu biti normalni u nekim situacijama, postoje trenuci kada je va\u017eno biti pa\u017eljiv i potra\u017eiti lije\u010dni\u010dku pomo\u0107.<\/p>\n\n\n\n<p>Ako imate visoku temperaturu popra\u0107enu krvlju, uporan proljev, povra\u0107anje, vru\u0107icu ili ako va\u0161a beba ima druge zabrinjavaju\u0107e simptome, preporu\u010duje se da se obratite pedijatru.<\/p>\n\n\n\n<p>Ovi simptomi mogu ukazivati na gastrointestinalnu infekciju ili druga temeljna stanja koja je potrebno procijeniti i odgovaraju\u0107e lije\u010diti.<\/p>\n\n\n\n<h3 class=\"wp-block-heading\">Mogu\u0107i uzroci sluzi u stolici kod beba<\/h3>\n\n\n\n<p>Postoji nekoliko mogu\u0107ih uzroka za sluznicu bebine stolice. Osim ve\u0107 spomenutih razloga, poput nicanja zubi\u0107a i uvo\u0111enja krute hrane, to mo\u017ee biti i posljedica infekcija, alergija na hranu, intolerancije, zatvora ili crijevne iritacije.<\/p>\n\n\n\n<p>Svaki uzrok mo\u017ee imati specifi\u010dne karakteristike te je klju\u010dna medicinska pomo\u0107 kako bi se utvrdilo podrijetlo sluzi i odredio odgovaraju\u0107i tretman, ako je potrebno.<\/p>\n\n\n\n<h3 class=\"wp-block-heading\">Zaklju\u010dak<\/h3>\n\n\n\n<p>Ukratko, neke od djetetovih stolica mogu biti normalne u odre\u0111enim situacijama, kao \u0161to je tijekom nicanja zubi\u0107a ili prilikom uvo\u0111enja krute hrane.<\/p>\n\n\n\n<p>Me\u0111utim, va\u017eno je biti svjestan znakova zabrinutosti, poput krvarenja iz stolice ili dodatnih simptoma.<\/p>\n\n\n\n<p>Za to\u010dnu dijagnozu i osiguranje zdravlja djeteta, va\u017eno je konzultirati pedijatra.<\/p>\n\n\n\n<p>Nadam se da \u0107ete dobiti pomo\u0107 i informacije o svom pretincu koji nam je toliko koristan. Ah! Do\u0161li ste ovamo.<\/p>\n\n\n\n<blockquote class=\"wp-block-quote\">\n<h5 class=\"wp-block-heading\"><em>Napomene: Materijali i informacije na stranici Universo Fam\u00edlia nisu namijenjeni za medicinsku dijagnozu, niti se smiju koristiti kao takvi. <strong>Uvijek se trebate posavjetovati s lije\u010dnikom ili kvalificiranim zdravstvenim djelatnikom o svojim stvarnim potrebama.<\/strong>.<\/em><\/h5>\n<\/blockquote>\n\n\n\n<h4 class=\"wp-block-heading\">Vidi tako\u0111er:<\/h4>\n\n\n\n<p><a href=\"http:\/\/universofamilia.com\/hr\/rotina-ideal-para-a-familia-dormir-bem\/\" target=\"_blank\" rel=\"noreferrer noopener\">Rotina Idealno za obiteljski san<\/a><\/p>\n\n\n\n<p><a href=\"https:\/\/www.luzbaby.com.br\/\" target=\"_blank\" rel=\"noreferrer noopener\">Luz Baby je jedna od najboljih trgovina proizvodima za dojen\u010dad. Kliknite ovdje.<\/a><\/p>","protected":false},"excerpt":{"rendered":"<p>Vrlo \u010desta pojava u bebama je uobi\u010dajena briga me\u0111u zemljama. To mo\u017ee biti alarmantno i va\u017eno je shvatiti da mnogo toga mo\u017ee biti normalno u odre\u0111enim situacijama.<br \/>\nU ovom \u0107emo \u010dlanku raspravljati o tome kada se sluz u bebinom izmetu smatra normalnom, a kada je razlog za zabrinutost. Nastavite \u010ditati za vi\u0161e informacija i utjehu.<\/p>","protected":false},"author":0,"featured_media":1912,"comment_status":"closed","ping_status":"open","sticky":false,"template":"","format":"standard","meta":{"footnotes":""},"categories":[5],"tags":[1023,1161,1437],"yoast_head":"<!-- This site is optimized with the Yoast SEO plugin v23.3 - https:\/\/yoast.com\/wordpress\/plugins\/seo\/ -->\n<title>Muco nas fezes do beb\u00ea, quando \u00e9 normal e quando se preocupar? - Universo Fam\u00edlia<\/title>\n<meta name=\"description\" content=\"O muco nas fezes do beb\u00ea \u00e9 uma preocupa\u00e7\u00e3o comum entre os pais. Embora possa ser alarmante, \u00e9 importante entender que o muco pode ser normal em certas situa\u00e7\u00f5es.\" \/>\n<meta name=\"robots\" content=\"index, follow, max-snippet:-1, max-image-preview:large, max-video-preview:-1\" \/>\n<link rel=\"canonical\" href=\"https:\/\/universofamilia.com\/hr\/muco-nas-fezes-do-bebe-quando-e-normal-e-quando-se-preocupar\/\" \/>\n<meta property=\"og:locale\" content=\"hr_HR\" \/>\n<meta property=\"og:type\" content=\"article\" \/>\n<meta property=\"og:title\" content=\"Muco nas fezes do beb\u00ea, quando \u00e9 normal e quando se preocupar? - Universo Fam\u00edlia\" \/>\n<meta property=\"og:description\" content=\"O muco nas fezes do beb\u00ea \u00e9 uma preocupa\u00e7\u00e3o comum entre os pais. Embora possa ser alarmante, \u00e9 importante entender que o muco pode ser normal em certas situa\u00e7\u00f5es.\" \/>\n<meta property=\"og:url\" content=\"https:\/\/universofamilia.com\/hr\/muco-nas-fezes-do-bebe-quando-e-normal-e-quando-se-preocupar\/\" \/>\n<meta property=\"og:site_name\" content=\"Universo Fam\u00edlia\" \/>\n<meta property=\"article:published_time\" content=\"2023-05-25T21:01:58+00:00\" \/>\n<meta property=\"og:image\" content=\"https:\/\/universofamilia.com\/wp-content\/uploads\/sites\/148\/2023\/05\/FOTO-DESTAQUE-muco-fezes-bebe-universo-familia-448x350-.png\" \/>\n\t<meta property=\"og:image:width\" content=\"448\" \/>\n\t<meta property=\"og:image:height\" content=\"350\" \/>\n\t<meta property=\"og:image:type\" content=\"image\/png\" \/>\n<meta name=\"twitter:card\" content=\"summary_large_image\" \/>\n<meta name=\"twitter:label1\" content=\"Est. reading time\" \/>\n\t<meta name=\"twitter:data1\" content=\"3 minute\" \/>\n<script type=\"application\/ld+json\" class=\"yoast-schema-graph\">{\"@context\":\"https:\/\/schema.org\",\"@graph\":[{\"@type\":\"WebPage\",\"@id\":\"https:\/\/universofamilia.com\/hu\/muco-nas-fezes-do-bebe-quando-e-normal-e-quando-se-preocupar\/\",\"url\":\"https:\/\/universofamilia.com\/hu\/muco-nas-fezes-do-bebe-quando-e-normal-e-quando-se-preocupar\/\",\"name\":\"Muco nas fezes do beb\u00ea, quando \u00e9 normal e quando se preocupar? - Universo Fam\u00edlia\",\"isPartOf\":{\"@id\":\"https:\/\/universofamilia.com\/el\/#website\"},\"primaryImageOfPage\":{\"@id\":\"https:\/\/universofamilia.com\/hu\/muco-nas-fezes-do-bebe-quando-e-normal-e-quando-se-preocupar\/#primaryimage\"},\"image\":{\"@id\":\"https:\/\/universofamilia.com\/hu\/muco-nas-fezes-do-bebe-quando-e-normal-e-quando-se-preocupar\/#primaryimage\"},\"thumbnailUrl\":\"http:\/\/universofamilia.com\/wp-content\/uploads\/sites\/148\/2023\/05\/FOTO-DESTAQUE-muco-fezes-bebe-universo-familia-448x350-.png\",\"datePublished\":\"2023-05-25T21:01:58+00:00\",\"dateModified\":\"2023-05-25T21:01:58+00:00\",\"author\":{\"@id\":\"\"},\"description\":\"O muco nas fezes do beb\u00ea \u00e9 uma preocupa\u00e7\u00e3o comum entre os pais. Embora possa ser alarmante, \u00e9 importante entender que o muco pode ser normal em certas situa\u00e7\u00f5es.\",\"breadcrumb\":{\"@id\":\"https:\/\/universofamilia.com\/hu\/muco-nas-fezes-do-bebe-quando-e-normal-e-quando-se-preocupar\/#breadcrumb\"},\"inLanguage\":\"hr\",\"potentialAction\":[{\"@type\":\"ReadAction\",\"target\":[\"https:\/\/universofamilia.com\/hu\/muco-nas-fezes-do-bebe-quando-e-normal-e-quando-se-preocupar\/\"]}]},{\"@type\":\"ImageObject\",\"inLanguage\":\"hr\",\"@id\":\"https:\/\/universofamilia.com\/hu\/muco-nas-fezes-do-bebe-quando-e-normal-e-quando-se-preocupar\/#primaryimage\",\"url\":\"http:\/\/universofamilia.com\/wp-content\/uploads\/sites\/148\/2023\/05\/FOTO-DESTAQUE-muco-fezes-bebe-universo-familia-448x350-.png\",\"contentUrl\":\"http:\/\/universofamilia.com\/wp-content\/uploads\/sites\/148\/2023\/05\/FOTO-DESTAQUE-muco-fezes-bebe-universo-familia-448x350-.png\",\"width\":448,\"height\":350},{\"@type\":\"BreadcrumbList\",\"@id\":\"https:\/\/universofamilia.com\/hu\/muco-nas-fezes-do-bebe-quando-e-normal-e-quando-se-preocupar\/#breadcrumb\",\"itemListElement\":[{\"@type\":\"ListItem\",\"position\":1,\"name\":\"Home\",\"item\":\"https:\/\/universofamilia.com\/el\/\"},{\"@type\":\"ListItem\",\"position\":2,\"name\":\"Muco nas fezes do beb\u00ea, quando \u00e9 normal e quando se preocupar?\"}]},{\"@type\":\"WebSite\",\"@id\":\"https:\/\/universofamilia.com\/el\/#website\",\"url\":\"https:\/\/universofamilia.com\/el\/\",\"name\":\"Universo Fam\u00edlia\",\"description\":\"\",\"potentialAction\":[{\"@type\":\"SearchAction\",\"target\":{\"@type\":\"EntryPoint\",\"urlTemplate\":\"https:\/\/universofamilia.com\/el\/?s={search_term_string}\"},\"query-input\":\"required name=search_term_string\"}],\"inLanguage\":\"hr\"}]}<\/script>\n<!-- \/ Yoast SEO plugin. -->","yoast_head_json":{"title":"Muco nas fezes do beb\u00ea, quando \u00e9 normal e quando se preocupar? - Universo Fam\u00edlia","description":"O muco nas fezes do beb\u00ea \u00e9 uma preocupa\u00e7\u00e3o comum entre os pais. Embora possa ser alarmante, \u00e9 importante entender que o muco pode ser normal em certas situa\u00e7\u00f5es.","robots":{"index":"index","follow":"follow","max-snippet":"max-snippet:-1","max-image-preview":"max-image-preview:large","max-video-preview":"max-video-preview:-1"},"canonical":"https:\/\/universofamilia.com\/hr\/muco-nas-fezes-do-bebe-quando-e-normal-e-quando-se-preocupar\/","og_locale":"hr_HR","og_type":"article","og_title":"Muco nas fezes do beb\u00ea, quando \u00e9 normal e quando se preocupar? - Universo Fam\u00edlia","og_description":"O muco nas fezes do beb\u00ea \u00e9 uma preocupa\u00e7\u00e3o comum entre os pais. Embora possa ser alarmante, \u00e9 importante entender que o muco pode ser normal em certas situa\u00e7\u00f5es.","og_url":"https:\/\/universofamilia.com\/hr\/muco-nas-fezes-do-bebe-quando-e-normal-e-quando-se-preocupar\/","og_site_name":"Universo Fam\u00edlia","article_published_time":"2023-05-25T21:01:58+00:00","og_image":[{"width":448,"height":350,"url":"https:\/\/universofamilia.com\/wp-content\/uploads\/sites\/148\/2023\/05\/FOTO-DESTAQUE-muco-fezes-bebe-universo-familia-448x350-.png","type":"image\/png"}],"twitter_card":"summary_large_image","twitter_misc":{"Est. reading time":"3 minute"},"schema":{"@context":"https:\/\/schema.org","@graph":[{"@type":"WebPage","@id":"https:\/\/universofamilia.com\/hu\/muco-nas-fezes-do-bebe-quando-e-normal-e-quando-se-preocupar\/","url":"https:\/\/universofamilia.com\/hu\/muco-nas-fezes-do-bebe-quando-e-normal-e-quando-se-preocupar\/","name":"Muco nas fezes do beb\u00ea, quando \u00e9 normal e quando se preocupar? - Universo Fam\u00edlia","isPartOf":{"@id":"https:\/\/universofamilia.com\/el\/#website"},"primaryImageOfPage":{"@id":"https:\/\/universofamilia.com\/hu\/muco-nas-fezes-do-bebe-quando-e-normal-e-quando-se-preocupar\/#primaryimage"},"image":{"@id":"https:\/\/universofamilia.com\/hu\/muco-nas-fezes-do-bebe-quando-e-normal-e-quando-se-preocupar\/#primaryimage"},"thumbnailUrl":"http:\/\/universofamilia.com\/wp-content\/uploads\/sites\/148\/2023\/05\/FOTO-DESTAQUE-muco-fezes-bebe-universo-familia-448x350-.png","datePublished":"2023-05-25T21:01:58+00:00","dateModified":"2023-05-25T21:01:58+00:00","author":{"@id":""},"description":"O muco nas fezes do beb\u00ea \u00e9 uma preocupa\u00e7\u00e3o comum entre os pais. Embora possa ser alarmante, \u00e9 importante entender que o muco pode ser normal em certas situa\u00e7\u00f5es.","breadcrumb":{"@id":"https:\/\/universofamilia.com\/hu\/muco-nas-fezes-do-bebe-quando-e-normal-e-quando-se-preocupar\/#breadcrumb"},"inLanguage":"hr","potentialAction":[{"@type":"ReadAction","target":["https:\/\/universofamilia.com\/hu\/muco-nas-fezes-do-bebe-quando-e-normal-e-quando-se-preocupar\/"]}]},{"@type":"ImageObject","inLanguage":"hr","@id":"https:\/\/universofamilia.com\/hu\/muco-nas-fezes-do-bebe-quando-e-normal-e-quando-se-preocupar\/#primaryimage","url":"http:\/\/universofamilia.com\/wp-content\/uploads\/sites\/148\/2023\/05\/FOTO-DESTAQUE-muco-fezes-bebe-universo-familia-448x350-.png","contentUrl":"http:\/\/universofamilia.com\/wp-content\/uploads\/sites\/148\/2023\/05\/FOTO-DESTAQUE-muco-fezes-bebe-universo-familia-448x350-.png","width":448,"height":350},{"@type":"BreadcrumbList","@id":"https:\/\/universofamilia.com\/hu\/muco-nas-fezes-do-bebe-quando-e-normal-e-quando-se-preocupar\/#breadcrumb","itemListElement":[{"@type":"ListItem","position":1,"name":"Home","item":"https:\/\/universofamilia.com\/el\/"},{"@type":"ListItem","position":2,"name":"Muco nas fezes do beb\u00ea, quando \u00e9 normal e quando se preocupar?"}]},{"@type":"WebSite","@id":"https:\/\/universofamilia.com\/el\/#website","url":"https:\/\/universofamilia.com\/el\/","name":"Universo Fam\u00edlia","description":"","potentialAction":[{"@type":"SearchAction","target":{"@type":"EntryPoint","urlTemplate":"https:\/\/universofamilia.com\/el\/?s={search_term_string}"},"query-input":"required name=search_term_string"}],"inLanguage":"hr"}]}},"_links":{"self":[{"href":"http:\/\/universofamilia.com\/hr\/wp-json\/wp\/v2\/posts\/1797"}],"collection":[{"href":"http:\/\/universofamilia.com\/hr\/wp-json\/wp\/v2\/posts"}],"about":[{"href":"http:\/\/universofamilia.com\/hr\/wp-json\/wp\/v2\/types\/post"}],"replies":[{"embeddable":true,"href":"http:\/\/universofamilia.com\/hr\/wp-json\/wp\/v2\/comments?post=1797"}],"version-history":[{"count":0,"href":"http:\/\/universofamilia.com\/hr\/wp-json\/wp\/v2\/posts\/1797\/revisions"}],"wp:featuredmedia":[{"embeddable":true,"href":"http:\/\/universofamilia.com\/hr\/wp-json\/wp\/v2\/media\/1912"}],"wp:attachment":[{"href":"http:\/\/universofamilia.com\/hr\/wp-json\/wp\/v2\/media?parent=1797"}],"wp:term":[{"taxonomy":"category","embeddable":true,"href":"http:\/\/universofamilia.com\/hr\/wp-json\/wp\/v2\/categories?post=1797"},{"taxonomy":"post_tag","embeddable":true,"href":"http:\/\/universofamilia.com\/hr\/wp-json\/wp\/v2\/tags?post=1797"}],"curies":[{"name":"wp","href":"https:\/\/api.w.org\/{rel}","templated":true}]}}