{"id":5114,"date":"2024-01-31T20:10:23","date_gmt":"2024-01-31T20:10:23","guid":{"rendered":"https:\/\/universofamilia.com\/?p=5114"},"modified":"2025-01-28T12:48:31","modified_gmt":"2025-01-28T12:48:31","slug":"la-importancia-de-ocultar-tu-galeria-de-fotos-y-videos","status":"publish","type":"post","link":"http:\/\/universofamilia.com\/hr\/la-importancia-de-ocultar-tu-galeria-de-fotos-y-videos\/","title":{"rendered":"Va\u017enost skrivanja va\u0161e fotogalerije i videogalerije"},"content":{"rendered":"<p>U dana\u0161njem digitalnom krajoliku, gdje tehnologija igra temeljnu ulogu u na\u0161im \u017eivotima, za\u0161tita privatnosti postala je sve hitnija briga.<\/p>\n\n\n\n<p>S porastom broja pametnih telefona, postalo je uobi\u010dajeno pohranjivati \u0161iroki raspon fotografija i videozapisa na na\u0161e ure\u0111aje.<\/p>\n\n\n\n<p>Me\u0111utim, te datoteke \u010desto mogu sadr\u017eavati intimne ili kompromitiraju\u0107e trenutke koje radije dr\u017eimo podalje od znati\u017eeljnih o\u010diju.<\/p>\n\n\n\n<p>U tom kontekstu postaje relevantno kori\u0161tenje aplikacija specijaliziranih za skrivanje foto i video galerija.<\/p>\n\n\n\n<h2 class=\"wp-block-heading\">Vidi tako\u0111er<\/h2>\n\n\n\n<ul>\n<li><a href=\"https:\/\/universofamilia.com\/hr\/5099\/restaurar-fotos-eliminadas-en-el-telefono-movil\/\">Vra\u0107anje izbrisanih fotografija na mobilnom telefonu<\/a><\/li>\n\n\n\n<li><a href=\"https:\/\/universofamilia.com\/hr\/5105\/noviazgo-cristiano-para-toda-la-vida\/\">Kr\u0161\u0107anski spojevi za cijeli \u017eivot<\/a><\/li>\n<\/ul>\n\n\n\n<h2 class=\"wp-block-heading\"><strong>Va\u017enost digitalne privatnosti<\/strong><\/h2>\n\n\n\n<p>Mobiteli su \u010desto produ\u017eetak na\u0161eg svakodnevnog \u017eivota, sadr\u017ee\u0107i ne samo zapise sretnih trenutaka, ve\u0107 i osobne i intimne uspomene.<\/p>\n\n\n\n<p>Za\u0161tita ovih informacija od kiberneti\u010dkih \u0161pijuna ili znati\u017eeljnika postaje prioritet za mnoge korisnike.<\/p>\n\n\n\n<p>Aplikacije za skrivanje fotografija i videozapisa pru\u017eaju dodatni sloj sigurnosti, osiguravaju\u0107i da samo ovla\u0161teni korisnici imaju pristup za\u0161ti\u0107enim datotekama.<\/p>\n\n\n\n<p>Osim \u0161to \u010duvaju osobnu privatnost, ove aplikacije su korisne i u slu\u010dajevima gubitka ili kra\u0111e ure\u0111aja.<\/p>\n\n\n\n<p>Uostalom, gubitak mobitela ne bi trebao zna\u010diti otkrivanje povjerljivih informacija.<\/p>\n\n\n\n<p>U tom kontekstu, provedba sigurnosnih mjera, poput prikrivanja tunela, postaje razborita i neophodna praksa.<\/p>\n\n\n\n<h2 class=\"wp-block-heading\"><strong>Aplikacije za maskiranje<\/strong><\/h2>\n\n\n\n<p>Razne aplikacije dostupne na tr\u017ei\u0161tu nude funkcionalnost skrivanja fotografija i videozapisa, ali bitno je odabrati pouzdanu i u\u010dinkovitu opciju.<\/p>\n\n\n\n<p>Dvije aplikacije koje se isti\u010du u ovom scenariju su &quot;Sakrij trezor fotografija i videozapisa&quot; i &quot;Zaklju\u010dani tajni album&quot;.<\/p>\n\n\n\n<p>\u201eSakrij foto trezor i videozapise\u201c nudi intuitivno su\u010delje i napredne sigurnosne zna\u010dajke.<\/p>\n\n\n\n<p>Osim skrivanja fotografija i videozapisa, aplikacija vam tako\u0111er omogu\u0107uje stvaranje mapa za\u0161ti\u0107enih lozinkom, pru\u017eaju\u0107i dodatnu razinu sigurnosti.<\/p>\n\n\n\n<p>Korisnici hvale njegovu jednostavnost kori\u0161tenja i u\u010dinkovitost u za\u0161titi osjetljivog sadr\u017eaja.<\/p>\n\n\n\n<p>Jo\u0161 jedna solidna opcija je \u201eZaklju\u010dani tajni album\u201c. Ova aplikacija ne samo da skriva fotografije i videozapise, ve\u0107 nudi i mogu\u0107nost stvaranja posebnih albuma s razli\u010ditim razinama pristupa.<\/p>\n\n\n\n<p>Funkcija kamufla\u017ee ikone aplikacije na po\u010detnom zaslonu cijeni se mnogim korisnicima, \u0161to je \u010dini jo\u0161 diskretnijom.<\/p>\n\n\n\n<h2 class=\"wp-block-heading\"><strong>\u0160to korisnici ka\u017eu<\/strong><\/h2>\n\n\n\n<p>Povratne informacije korisnika o ovim aplikacijama uglavnom su pozitivne. Izvje\u0161\u0107a isti\u010du njihovu u\u010dinkovitost u za\u0161titi privatnosti, jednostavnost navigacije i pouzdanost u sigurnom pohranjivanju osjetljivih datoteka.<\/p>\n\n\n\n<p>Mnogi korisnici cijene bezbri\u017enost koju ove aplikacije pru\u017eaju, znaju\u0107i da su njihovi osobni podaci pravilno za\u0161ti\u0107eni.<\/p>\n\n\n<div class=\"wp-block-image\">\n<figure class=\"aligncenter size-full\"><img loading=\"lazy\" decoding=\"async\" width=\"550\" height=\"350\" src=\"http:\/\/universofamilia.com\/wp-content\/uploads\/sites\/148\/2024\/01\/P-550x350-6-2.jpg\" alt=\"\" class=\"wp-image-5115\" srcset=\"http:\/\/universofamilia.com\/wp-content\/uploads\/sites\/148\/2024\/01\/P-550x350-6-2.jpg 550w, http:\/\/universofamilia.com\/wp-content\/uploads\/sites\/148\/2024\/01\/P-550x350-6-2-300x191.jpg 300w\" sizes=\"(max-width: 550px) 100vw, 550px\" \/><figcaption class=\"wp-element-caption\">Va\u017enost skrivanja va\u0161e fotogalerije i videogalerije<\/figcaption><\/figure><\/div>\n\n\n<h2 class=\"wp-block-heading\"><strong>Zaklju\u010dak<\/strong><\/h2>\n\n\n\n<p>U sve povezanijem svijetu, za\u0161tita digitalne privatnosti je klju\u010dna.<\/p>\n\n\n\n<p>Aplikacije posve\u0107ene skrivanju fotografija i videozapisa igraju klju\u010dnu ulogu u tom pogledu, osiguravaju\u0107i da intimni trenuci ostanu vidljivi samo ovla\u0161tenim osobama.<\/p>\n\n\n\n<p>I \u201eSakrij trezor fotografija i videozapisa\u201c i \u201eZaklju\u010dani tajni album\u201c nude robusna i pouzdana rje\u0161enja, zadovoljavaju\u0107i potrebe \u010dak i najzahtjevnijih korisnika.<\/p>\n\n\n\n<p>Ne prepu\u0161tajte svoju privatnost slu\u010daju. Isprobajte ove aplikacije i za\u0161titite svoju fotogaleriju i videogaleriju od znati\u017eeljnih pogleda.<\/p>\n\n\n\n<p><strong>Linkovi za preuzimanje:<\/strong><\/p>\n\n\n\n<ul>\n<li>Sakrij trezor fotografija i videozapise <a href=\"https:\/\/play.google.com\/store\/apps\/details?id=com.galleryvault.VideoLocker&amp;hl=en\">(Android)<\/a> \/<a href=\"https:\/\/apps.apple.com\/br\/app\/photo-vault-hide-photo-video\/id1521397057\"> (iOS)<\/a><\/li>\n\n\n\n<li>Zaklju\u010dani tajni album  <a href=\"https:\/\/apps.apple.com\/us\/app\/safe-lock-photo-album-vault\/id1195429570#:~:text=Safe%20Lock%20%2D%20Private%20Photo%20Vault%2C%20the%20most%20secure%20and%20private,and%20inaccessible%20to%20prying%20eyes.\">(iOS)<\/a><\/li>\n<\/ul>\n\n\n\n<p>Za\u0161titite se. Va\u0161a privatnost je prioritet.<\/p>","protected":false},"excerpt":{"rendered":"<p>U dana\u0161njem digitalnom krajoliku, gdje tehnologija igra temeljnu ulogu u na\u0161im \u017eivotima, za\u0161tita privatnosti postala je sve hitnija briga. \u0160irenjem pametnih telefona postalo je uobi\u010dajeno pohranjivati \u0161irok raspon fotografija i videozapisa na na\u0161e ure\u0111aje. Me\u0111utim, \u010desto [\u2026]<\/p>","protected":false},"author":139,"featured_media":5115,"comment_status":"closed","ping_status":"open","sticky":false,"template":"","format":"standard","meta":{"footnotes":""},"categories":[4],"tags":[400,767,984,1183],"yoast_head":"<!-- This site is optimized with the Yoast SEO plugin v23.3 - https:\/\/yoast.com\/wordpress\/plugins\/seo\/ -->\n<title>La Importancia de Ocultar tu Galer\u00eda de Fotos y Videos - Universo Fam\u00edlia<\/title>\n<meta name=\"description\" content=\"La Importancia de Ocultar tu Galer\u00eda de Fotos y Videos. En el actual escenario digital, donde la tecnolog\u00eda desempe\u00f1a un papel...\" \/>\n<meta name=\"robots\" content=\"index, follow, max-snippet:-1, max-image-preview:large, max-video-preview:-1\" \/>\n<link rel=\"canonical\" href=\"http:\/\/universofamilia.com\/hr\/la-importancia-de-ocultar-tu-galeria-de-fotos-y-videos\/\" \/>\n<meta property=\"og:locale\" content=\"hr_HR\" \/>\n<meta property=\"og:type\" content=\"article\" \/>\n<meta property=\"og:title\" content=\"La Importancia de Ocultar tu Galer\u00eda de Fotos y Videos - Universo Fam\u00edlia\" \/>\n<meta property=\"og:description\" content=\"La Importancia de Ocultar tu Galer\u00eda de Fotos y Videos. En el actual escenario digital, donde la tecnolog\u00eda desempe\u00f1a un papel...\" \/>\n<meta property=\"og:url\" content=\"http:\/\/universofamilia.com\/hr\/la-importancia-de-ocultar-tu-galeria-de-fotos-y-videos\/\" \/>\n<meta property=\"og:site_name\" content=\"Universo Fam\u00edlia\" \/>\n<meta property=\"article:published_time\" content=\"2024-01-31T20:10:23+00:00\" \/>\n<meta property=\"article:modified_time\" content=\"2025-01-28T12:48:31+00:00\" \/>\n<meta property=\"og:image\" content=\"http:\/\/universofamilia.com\/wp-content\/uploads\/sites\/148\/2024\/01\/P-550x350-6-2.jpg\" \/>\n\t<meta property=\"og:image:width\" content=\"550\" \/>\n\t<meta property=\"og:image:height\" content=\"350\" \/>\n\t<meta property=\"og:image:type\" content=\"image\/jpeg\" \/>\n<meta name=\"author\" content=\"Pedro Henrique\" \/>\n<meta name=\"twitter:card\" content=\"summary_large_image\" \/>\n<meta name=\"twitter:label1\" content=\"Written by\" \/>\n\t<meta name=\"twitter:data1\" content=\"Pedro Henrique\" \/>\n\t<meta name=\"twitter:label2\" content=\"Est. reading time\" \/>\n\t<meta name=\"twitter:data2\" content=\"4 minute\" \/>\n<script type=\"application\/ld+json\" class=\"yoast-schema-graph\">{\"@context\":\"https:\/\/schema.org\",\"@graph\":[{\"@type\":\"WebPage\",\"@id\":\"http:\/\/universofamilia.com\/hr\/la-importancia-de-ocultar-tu-galeria-de-fotos-y-videos\/\",\"url\":\"http:\/\/universofamilia.com\/hr\/la-importancia-de-ocultar-tu-galeria-de-fotos-y-videos\/\",\"name\":\"La Importancia de Ocultar tu Galer\u00eda de Fotos y Videos - Universo Fam\u00edlia\",\"isPartOf\":{\"@id\":\"http:\/\/universofamilia.com\/zh_hk\/#website\"},\"primaryImageOfPage\":{\"@id\":\"http:\/\/universofamilia.com\/hr\/la-importancia-de-ocultar-tu-galeria-de-fotos-y-videos\/#primaryimage\"},\"image\":{\"@id\":\"http:\/\/universofamilia.com\/hr\/la-importancia-de-ocultar-tu-galeria-de-fotos-y-videos\/#primaryimage\"},\"thumbnailUrl\":\"http:\/\/universofamilia.com\/wp-content\/uploads\/sites\/148\/2024\/01\/P-550x350-6-2.jpg\",\"datePublished\":\"2024-01-31T20:10:23+00:00\",\"dateModified\":\"2025-01-28T12:48:31+00:00\",\"author\":{\"@id\":\"http:\/\/universofamilia.com\/zh_hk\/#\/schema\/person\/f07ce98187dd84d31154262e79b3b7ca\"},\"description\":\"La Importancia de Ocultar tu Galer\u00eda de Fotos y Videos. En el actual escenario digital, donde la tecnolog\u00eda desempe\u00f1a un papel...\",\"breadcrumb\":{\"@id\":\"http:\/\/universofamilia.com\/hr\/la-importancia-de-ocultar-tu-galeria-de-fotos-y-videos\/#breadcrumb\"},\"inLanguage\":\"hr\",\"potentialAction\":[{\"@type\":\"ReadAction\",\"target\":[\"http:\/\/universofamilia.com\/hr\/la-importancia-de-ocultar-tu-galeria-de-fotos-y-videos\/\"]}]},{\"@type\":\"ImageObject\",\"inLanguage\":\"hr\",\"@id\":\"http:\/\/universofamilia.com\/hr\/la-importancia-de-ocultar-tu-galeria-de-fotos-y-videos\/#primaryimage\",\"url\":\"http:\/\/universofamilia.com\/wp-content\/uploads\/sites\/148\/2024\/01\/P-550x350-6-2.jpg\",\"contentUrl\":\"http:\/\/universofamilia.com\/wp-content\/uploads\/sites\/148\/2024\/01\/P-550x350-6-2.jpg\",\"width\":550,\"height\":350,\"caption\":\"La Importancia de Ocultar tu Galer\u00eda de Fotos y Videos\"},{\"@type\":\"BreadcrumbList\",\"@id\":\"http:\/\/universofamilia.com\/hr\/la-importancia-de-ocultar-tu-galeria-de-fotos-y-videos\/#breadcrumb\",\"itemListElement\":[{\"@type\":\"ListItem\",\"position\":1,\"name\":\"Home\",\"item\":\"http:\/\/universofamilia.com\/zh_hk\/\"},{\"@type\":\"ListItem\",\"position\":2,\"name\":\"La Importancia de Ocultar tu Galer\u00eda de Fotos y Videos\"}]},{\"@type\":\"WebSite\",\"@id\":\"http:\/\/universofamilia.com\/zh_hk\/#website\",\"url\":\"http:\/\/universofamilia.com\/zh_hk\/\",\"name\":\"Universo Fam\u00edlia\",\"description\":\"\",\"potentialAction\":[{\"@type\":\"SearchAction\",\"target\":{\"@type\":\"EntryPoint\",\"urlTemplate\":\"http:\/\/universofamilia.com\/zh_hk\/?s={search_term_string}\"},\"query-input\":\"required name=search_term_string\"}],\"inLanguage\":\"hr\"},{\"@type\":\"Person\",\"@id\":\"http:\/\/universofamilia.com\/zh_hk\/#\/schema\/person\/f07ce98187dd84d31154262e79b3b7ca\",\"name\":\"Pedro Henrique\",\"image\":{\"@type\":\"ImageObject\",\"inLanguage\":\"hr\",\"@id\":\"http:\/\/universofamilia.com\/zh_hk\/#\/schema\/person\/image\/\",\"url\":\"http:\/\/0.gravatar.com\/avatar\/9edfeb808cb4e1599f64d6e45b130154?s=96&d=mm&r=g\",\"contentUrl\":\"http:\/\/0.gravatar.com\/avatar\/9edfeb808cb4e1599f64d6e45b130154?s=96&d=mm&r=g\",\"caption\":\"Pedro Henrique\"},\"url\":\"http:\/\/universofamilia.com\/hr\/author\/editor01\/\"}]}<\/script>\n<!-- \/ Yoast SEO plugin. -->","yoast_head_json":{"title":"La Importancia de Ocultar tu Galer\u00eda de Fotos y Videos - Universo Fam\u00edlia","description":"La Importancia de Ocultar tu Galer\u00eda de Fotos y Videos. En el actual escenario digital, donde la tecnolog\u00eda desempe\u00f1a un papel...","robots":{"index":"index","follow":"follow","max-snippet":"max-snippet:-1","max-image-preview":"max-image-preview:large","max-video-preview":"max-video-preview:-1"},"canonical":"http:\/\/universofamilia.com\/hr\/la-importancia-de-ocultar-tu-galeria-de-fotos-y-videos\/","og_locale":"hr_HR","og_type":"article","og_title":"La Importancia de Ocultar tu Galer\u00eda de Fotos y Videos - Universo Fam\u00edlia","og_description":"La Importancia de Ocultar tu Galer\u00eda de Fotos y Videos. En el actual escenario digital, donde la tecnolog\u00eda desempe\u00f1a un papel...","og_url":"http:\/\/universofamilia.com\/hr\/la-importancia-de-ocultar-tu-galeria-de-fotos-y-videos\/","og_site_name":"Universo Fam\u00edlia","article_published_time":"2024-01-31T20:10:23+00:00","article_modified_time":"2025-01-28T12:48:31+00:00","og_image":[{"width":550,"height":350,"url":"http:\/\/universofamilia.com\/wp-content\/uploads\/sites\/148\/2024\/01\/P-550x350-6-2.jpg","type":"image\/jpeg"}],"author":"Pedro Henrique","twitter_card":"summary_large_image","twitter_misc":{"Written by":"Pedro Henrique","Est. reading time":"4 minute"},"schema":{"@context":"https:\/\/schema.org","@graph":[{"@type":"WebPage","@id":"http:\/\/universofamilia.com\/hr\/la-importancia-de-ocultar-tu-galeria-de-fotos-y-videos\/","url":"http:\/\/universofamilia.com\/hr\/la-importancia-de-ocultar-tu-galeria-de-fotos-y-videos\/","name":"La Importancia de Ocultar tu Galer\u00eda de Fotos y Videos - Universo Fam\u00edlia","isPartOf":{"@id":"http:\/\/universofamilia.com\/zh_hk\/#website"},"primaryImageOfPage":{"@id":"http:\/\/universofamilia.com\/hr\/la-importancia-de-ocultar-tu-galeria-de-fotos-y-videos\/#primaryimage"},"image":{"@id":"http:\/\/universofamilia.com\/hr\/la-importancia-de-ocultar-tu-galeria-de-fotos-y-videos\/#primaryimage"},"thumbnailUrl":"http:\/\/universofamilia.com\/wp-content\/uploads\/sites\/148\/2024\/01\/P-550x350-6-2.jpg","datePublished":"2024-01-31T20:10:23+00:00","dateModified":"2025-01-28T12:48:31+00:00","author":{"@id":"http:\/\/universofamilia.com\/zh_hk\/#\/schema\/person\/f07ce98187dd84d31154262e79b3b7ca"},"description":"La Importancia de Ocultar tu Galer\u00eda de Fotos y Videos. En el actual escenario digital, donde la tecnolog\u00eda desempe\u00f1a un papel...","breadcrumb":{"@id":"http:\/\/universofamilia.com\/hr\/la-importancia-de-ocultar-tu-galeria-de-fotos-y-videos\/#breadcrumb"},"inLanguage":"hr","potentialAction":[{"@type":"ReadAction","target":["http:\/\/universofamilia.com\/hr\/la-importancia-de-ocultar-tu-galeria-de-fotos-y-videos\/"]}]},{"@type":"ImageObject","inLanguage":"hr","@id":"http:\/\/universofamilia.com\/hr\/la-importancia-de-ocultar-tu-galeria-de-fotos-y-videos\/#primaryimage","url":"http:\/\/universofamilia.com\/wp-content\/uploads\/sites\/148\/2024\/01\/P-550x350-6-2.jpg","contentUrl":"http:\/\/universofamilia.com\/wp-content\/uploads\/sites\/148\/2024\/01\/P-550x350-6-2.jpg","width":550,"height":350,"caption":"La Importancia de Ocultar tu Galer\u00eda de Fotos y Videos"},{"@type":"BreadcrumbList","@id":"http:\/\/universofamilia.com\/hr\/la-importancia-de-ocultar-tu-galeria-de-fotos-y-videos\/#breadcrumb","itemListElement":[{"@type":"ListItem","position":1,"name":"Home","item":"http:\/\/universofamilia.com\/zh_hk\/"},{"@type":"ListItem","position":2,"name":"La Importancia de Ocultar tu Galer\u00eda de Fotos y Videos"}]},{"@type":"WebSite","@id":"http:\/\/universofamilia.com\/zh_hk\/#website","url":"http:\/\/universofamilia.com\/zh_hk\/","name":"Universo Fam\u00edlia","description":"","potentialAction":[{"@type":"SearchAction","target":{"@type":"EntryPoint","urlTemplate":"http:\/\/universofamilia.com\/zh_hk\/?s={search_term_string}"},"query-input":"required name=search_term_string"}],"inLanguage":"hr"},{"@type":"Person","@id":"http:\/\/universofamilia.com\/zh_hk\/#\/schema\/person\/f07ce98187dd84d31154262e79b3b7ca","name":"Pedro Henrique","image":{"@type":"ImageObject","inLanguage":"hr","@id":"http:\/\/universofamilia.com\/zh_hk\/#\/schema\/person\/image\/","url":"http:\/\/0.gravatar.com\/avatar\/9edfeb808cb4e1599f64d6e45b130154?s=96&d=mm&r=g","contentUrl":"http:\/\/0.gravatar.com\/avatar\/9edfeb808cb4e1599f64d6e45b130154?s=96&d=mm&r=g","caption":"Pedro Henrique"},"url":"http:\/\/universofamilia.com\/hr\/author\/editor01\/"}]}},"_links":{"self":[{"href":"http:\/\/universofamilia.com\/hr\/wp-json\/wp\/v2\/posts\/5114"}],"collection":[{"href":"http:\/\/universofamilia.com\/hr\/wp-json\/wp\/v2\/posts"}],"about":[{"href":"http:\/\/universofamilia.com\/hr\/wp-json\/wp\/v2\/types\/post"}],"author":[{"embeddable":true,"href":"http:\/\/universofamilia.com\/hr\/wp-json\/wp\/v2\/users\/139"}],"replies":[{"embeddable":true,"href":"http:\/\/universofamilia.com\/hr\/wp-json\/wp\/v2\/comments?post=5114"}],"version-history":[{"count":1,"href":"http:\/\/universofamilia.com\/hr\/wp-json\/wp\/v2\/posts\/5114\/revisions"}],"predecessor-version":[{"id":8338,"href":"http:\/\/universofamilia.com\/hr\/wp-json\/wp\/v2\/posts\/5114\/revisions\/8338"}],"wp:featuredmedia":[{"embeddable":true,"href":"http:\/\/universofamilia.com\/hr\/wp-json\/wp\/v2\/media\/5115"}],"wp:attachment":[{"href":"http:\/\/universofamilia.com\/hr\/wp-json\/wp\/v2\/media?parent=5114"}],"wp:term":[{"taxonomy":"category","embeddable":true,"href":"http:\/\/universofamilia.com\/hr\/wp-json\/wp\/v2\/categories?post=5114"},{"taxonomy":"post_tag","embeddable":true,"href":"http:\/\/universofamilia.com\/hr\/wp-json\/wp\/v2\/tags?post=5114"}],"curies":[{"name":"wp","href":"https:\/\/api.w.org\/{rel}","templated":true}]}}