{"id":9758,"date":"2025-10-01T01:42:22","date_gmt":"2025-10-01T04:42:22","guid":{"rendered":"https:\/\/universofamilia.com\/?p=9758"},"modified":"2025-10-11T17:08:04","modified_gmt":"2025-10-11T20:08:04","slug":"inteligencia-artificial-y-politica","status":"publish","type":"post","link":"http:\/\/universofamilia.com\/hr\/inteligencia-artificial-y-politica\/","title":{"rendered":"Umjetna inteligencija i politika"},"content":{"rendered":"<p class=\"has-text-align-center\"><strong>Umjetna inteligencija i politika:<\/strong> To je tema koja vi\u0161e nije isklju\u010divo vezana za akademske konferencije ili tehni\u010dke rasprave; danas pro\u017eima zakone, javne odluke, pa \u010dak i globalnu geopolitiku.<\/p>\n\n\n<div class=\"wp-block-image\">\n<figure class=\"aligncenter size-full\"><img loading=\"lazy\" decoding=\"async\" width=\"550\" height=\"350\" src=\"https:\/\/universofamilia.com\/wp-content\/uploads\/sites\/148\/2025\/10\/DESTAQUE-UNIVERSO-550-x-350.jpg\" alt=\"\" class=\"wp-image-9759\" srcset=\"http:\/\/universofamilia.com\/wp-content\/uploads\/sites\/148\/2025\/10\/DESTAQUE-UNIVERSO-550-x-350.jpg 550w, http:\/\/universofamilia.com\/wp-content\/uploads\/sites\/148\/2025\/10\/DESTAQUE-UNIVERSO-550-x-350-300x191.jpg 300w, http:\/\/universofamilia.com\/wp-content\/uploads\/sites\/148\/2025\/10\/DESTAQUE-UNIVERSO-550-x-350-18x12.jpg 18w\" sizes=\"(max-width: 550px) 100vw, 550px\" \/><figcaption class=\"wp-element-caption\">Canva<\/figcaption><\/figure><\/div>\n\n\n<p>U 2025. godini vlade se suo\u010davaju s izazovom uskla\u0111ivanja inovacija sa za\u0161titom gra\u0111anskih prava, a svaka regija usvaja razli\u010dite strategije.<\/p>\n\n\n\n<p>U ovom \u010dlanku na\u0107i \u0107ete potpuni pregled:<\/p>\n\n\n\n<ul>\n<li>Kako najutjecajnije zemlje reguliraju umjetnu inteligenciju.<\/li>\n\n\n\n<li>Klju\u010dne razlike izme\u0111u Europe, Sjedinjenih Dr\u017eava, Kine i Latinske Amerike.<\/li>\n\n\n\n<li>O kojim se rizicima i prilikama raspravlja u vezi s tehnologijom.<\/li>\n\n\n\n<li>Primjeri primjene propisa u praksi.<\/li>\n\n\n\n<li>\u010cesto postavljana pitanja za razja\u0161njenje uobi\u010dajenih nedoumica.<\/li>\n<\/ul>\n\n\n\n<h2 class=\"wp-block-heading\">Hitnost jasnih pravila u digitalnom dobu<\/h2>\n\n\n\n<p>Umjetna inteligencija vi\u0161e nije laboratorijski eksperiment. Prisutna je u medicinskim dijagnozama, sudovima, financijskim tr\u017ei\u0161tima, pa \u010dak i politi\u010dkim kampanjama.<\/p>\n\n\n\n<p>Brzina kojom se tehnologija razvija postavlja dilemu: kako sprije\u010diti zlouporabu bez usporavanja napretka?<\/p>\n\n\n\n<p>Vladin odgovor bio je unapre\u0111enje regulatornih okvira. Godine 2025. <strong>Uredba Europske unije o umjetnoj inteligenciji<\/strong> Smatra se najambicioznijim propisom na svijetu. <\/p>\n\n\n\n<p>Klasificira AI sustave u razine rizika, od aplikacija s niskim utjecajem do onih koje utje\u010du na temeljna prava, poput masovnog nadzora.<\/p>\n\n\n\n<p>Prema Europskoj komisiji, cilj je &quot;jam\u010diti sigurnost, transparentnost i po\u0161tovanje demokratskih vrijednosti&quot;.<\/p>\n\n\n\n<h2 class=\"wp-block-heading\">Sjedinjene Dr\u017eave: Inovacije i fragmentirana kontrola<\/h2>\n\n\n\n<p>Ameri\u010dki pristup je manje centraliziran. Umjesto nacionalnog zakona, agencije i dr\u017eave usvajaju specifi\u010dne smjernice.<\/p>\n\n\n\n<p>Bijela ku\u0107a objavila je 2022. <strong>Nacrt za Povelju o pravima umjetne inteligencije<\/strong>, eti\u010dki okvir koji vodi razvojne programere i tvrtke. Iako nije obvezuju\u0107i, otvorio je raspravu o digitalnim pravima, algoritamskoj diskriminaciji i privatnosti.<\/p>\n\n\n\n<p>Konkretan primjer: Kalifornija gura propise o kori\u0161tenju umjetne inteligencije pri zapo\u0161ljavanju, zahtijevaju\u0107i od tvrtki da doka\u017eu da njihovi algoritmi ne stvaraju rasne ili rodne predrasude.<\/p>\n\n\n\n<p>Ove vrste mjera odra\u017eavaju ameri\u010dki trend: za\u0161tita potro\u0161a\u010da bez gu\u0161enja konkurentnosti tehnolo\u0161kog ekosustava.<\/p>\n\n\n\n<h2 class=\"wp-block-heading\">Kina: Dr\u017eavna kontrola i tehnolo\u0161ke ambicije<\/h2>\n\n\n\n<p>Nasuprot tome, Kina integrira umjetnu inteligenciju u svoju dr\u017eavnu strategiju. Od 2021. regulira algoritme preporuka na digitalnim platformama, a 2023. implementira stroga pravila za generativne AI sustave.<\/p>\n\n\n\n<p>Vlada 2025. godine donosi propise kojima se ograni\u010dava \u0161irenje informacija koje se smatraju \u0161tetnima za \u201enacionalnu sigurnost\u201c.<\/p>\n\n\n\n<p>Umjesto ograni\u010davanja inovacija, Peking nastoji koristiti umjetnu inteligenciju kao alat ekonomske i dru\u0161tvene mo\u0107i. Stoga njegovo zakonodavstvo kombinira promicanje lokalnih startupa sa strogom kontrolom digitalnog sadr\u017eaja i osobnih podataka.<\/p>\n\n\n\n<h2 class=\"wp-block-heading\">Latinska Amerika: po\u010detni koraci i predstoje\u0107i izazovi<\/h2>\n\n\n\n<p>Regija je jo\u0161 uvijek u ranoj fazi. Brazil raspravlja o <strong>Pravni okvir za umjetnu inteligenciju<\/strong>, djelomi\u010dno inspiriran europskim modelom.<\/p>\n\n\n\n<p>Meksiko je, sa svoje strane, osnovao stru\u010dne skupine za procjenu eti\u010dkih i pravnih rizika, iako jo\u0161 nije donio sveobuhvatan zakon.<\/p>\n\n\n\n<p>Izazovi su vi\u0161estruki: oskudnost resursa, nedostatak infrastrukture i potreba za\u0161tite ranjivog stanovni\u0161tva.<\/p>\n\n\n\n<p>Unato\u010d tome, postoji sve ve\u0107i interes za uskla\u0111ivanje javnih politika s me\u0111unarodnim standardima kako bi se izbjeglo zaostajanje u inovacijama.<\/p>\n\n\n\n<h2 class=\"wp-block-heading\">Usporedna tablica: Propisi o umjetnoj inteligenciji diljem svijeta<\/h2>\n\n\n\n<figure class=\"wp-block-table\"><table><thead><tr><th>Regija \/ Zemlja<\/th><th>Regulatorni pristup<\/th><th>Klju\u010dna godina<\/th><th>Glavne zna\u010dajke<\/th><\/tr><\/thead><tbody><tr><td>Europska unija<\/td><td>Obvezuju\u0107a uredba<\/td><td>2024-2025<\/td><td>Klasifikacija rizika, transparentnost, stroge sankcije<\/td><\/tr><tr><td>SAD<\/td><td>Dr\u017eavne smjernice i propisi<\/td><td>2022-2025<\/td><td>Fragmentirano, utemeljeno na pravima, bez jedinstvenog zakona<\/td><\/tr><tr><td>Kina<\/td><td>Stroga dr\u017eavna regulacija<\/td><td>2021-2025<\/td><td>Kontrola sadr\u017eaja, podataka i algoritama<\/td><\/tr><tr><td>Latinska Amerika<\/td><td>Po\u010detne inicijative<\/td><td>2023-2025<\/td><td>Inspirirano EU-om, jo\u0161 uvijek u raspravi<\/td><\/tr><\/tbody><\/table><figcaption class=\"wp-element-caption\">Umjetna inteligencija i politika: kako vlade reguliraju umjetnu inteligenciju u svijetu<\/figcaption><\/figure>\n\n\n\n<h2 class=\"wp-block-heading\">\u010cinjenica koja obilje\u017eava raspravu<\/h2>\n\n\n\n<p>Prema izvje\u0161\u0107u <strong>\u201eAI Index 2024\u201c sa Sveu\u010dili\u0161ta Stanford<\/strong>vi\u0161e od <strong>70% zemalja \u010dlanica UN-a<\/strong> ve\u0107 je pokrenuo zakonodavne procese ili regulatorne smjernice o umjetnoj inteligenciji prije 2025.<\/p>\n\n\n\n<p>Ovi podaci otkrivaju da se razgovor vi\u0161e ne odnosi na budu\u0107nost: to je neposredna potreba vlada na svim razinama.<\/p>\n\n\n<div class=\"wp-block-image\">\n<figure class=\"aligncenter size-full\"><img loading=\"lazy\" decoding=\"async\" width=\"550\" height=\"350\" src=\"https:\/\/universofamilia.com\/wp-content\/uploads\/sites\/148\/2025\/10\/DESTAQUE-SITE-MUNDOSAPPS-16-1.jpg\" alt=\"\" class=\"wp-image-9761\" srcset=\"http:\/\/universofamilia.com\/wp-content\/uploads\/sites\/148\/2025\/10\/DESTAQUE-SITE-MUNDOSAPPS-16-1.jpg 550w, http:\/\/universofamilia.com\/wp-content\/uploads\/sites\/148\/2025\/10\/DESTAQUE-SITE-MUNDOSAPPS-16-1-300x191.jpg 300w, http:\/\/universofamilia.com\/wp-content\/uploads\/sites\/148\/2025\/10\/DESTAQUE-SITE-MUNDOSAPPS-16-1-18x12.jpg 18w\" sizes=\"(max-width: 550px) 100vw, 550px\" \/><figcaption class=\"wp-element-caption\">Canva<\/figcaption><\/figure><\/div>\n\n\n<p>Pro\u010ditajte vi\u0161e:&nbsp;<a href=\"http:\/\/universofamilia.com\/hr\/los-paises-mas-avanzados-en-regulacion-de-ia-en-2025\/\">Najnaprednije zemlje u regulaciji umjetne inteligencije u 2025. godini<\/a><\/p>\n\n\n\n<h2 class=\"wp-block-heading\">Rizici i prilike na horizontu<\/h2>\n\n\n\n<p>Reguliranje umjetne inteligencije ne zna\u010di samo njezino ograni\u010davanje; ono tako\u0111er stvara prilike. S jasnim pravilima, tvrtke mogu inovirati s ve\u0107im samopouzdanjem. Gra\u0111ani se tako\u0111er osje\u0107aju za\u0161ti\u0107enije od zlouporabe.<\/p>\n\n\n\n<p>Nedavni primjer je u financijskom sektoru: europske banke po\u010dele su koristiti umjetnu inteligenciju u kreditnim procjenama pod regulatornim nadzorom.<\/p>\n\n\n\n<p>Ova je mjera smanjila broj prijava za diskriminaciju i pobolj\u0161ala povjerenje potro\u0161a\u010da.<\/p>\n\n\n\n<p>Ali rizici ne nestaju. Me\u0111u njima su:<\/p>\n\n\n\n<ul>\n<li>Algoritamske pristranosti koje odr\u017eavaju nejednakosti.<\/li>\n\n\n\n<li>Zlouporaba osobnih podataka.<\/li>\n\n\n\n<li>Manipulacija javnim mnijenjem putem dezinformacija.<\/li>\n<\/ul>\n\n\n\n<h2 class=\"wp-block-heading\">Analogija za razumijevanje izazova<\/h2>\n\n\n\n<p>Trenutna situacija sli\u010dna je ranim danima nuklearne energije. Tehnologija s ogromnim potencijalom, ali bez odgovaraju\u0107e regulacije mogla bi predstavljati globalni rizik. <\/p>\n\n\n\n<p>Tada su me\u0111unarodni ugovori i nacionalni propisi sprje\u010davali velike katastrofe. Danas se umjetna inteligencija suo\u010dava sa sli\u010dnom dilemom: iskoristiti svoju transformativnu mo\u0107 bez ugro\u017eavanja temeljnih prava.<\/p>\n\n\n\n<h2 class=\"wp-block-heading\">Prema globalnom upravljanju umjetnom inteligencijom<\/h2>\n\n\n\n<p>Na multilateralnim forumima kao \u0161to su <strong>UN<\/strong> i <strong>OECD<\/strong>O stvaranju zajedni\u010dkih standarda ve\u0107 se raspravlja. Me\u0111utim, geopoliti\u010dki interesi ote\u017eavaju postizanje konsenzusa.<\/p>\n\n\n\n<p>Dok Europa daje prioritet ljudskim pravima, Kina brani tehnolo\u0161ki suverenitet, a Sjedinjene Dr\u017eave nastoje za\u0161tititi svoje korporativno vodstvo.<\/p>\n\n\n\n<p>Globalno upravljanje umjetnom inteligencijom bit \u0107e jedna od sredi\u0161njih tema sljede\u0107eg desetlje\u0107a. Ne radi se samo o lokalnim pravilima, ve\u0107 i o izbjegavanju fragmentacije koja ometa digitalnu trgovinu i znanstvenu suradnju.<\/p>\n\n\n\n<h2 class=\"wp-block-heading\">Zaklju\u010dak<\/h2>\n\n\n\n<p>Veza izme\u0111u <strong><a href=\"http:\/\/universofamilia.com\/hr\/los-paises-mas-avanzados-en-regulacion-de-ia-en-2025\/\">Umjetna inteligencija<\/a> e-politika: kako vlade reguliraju umjetnu inteligenciju u svijetu<\/strong> odra\u017eava duboku promjenu u na\u010dinu na koji dr\u017eave pristupaju tehnolo\u0161kim inovacijama.<\/p>\n\n\n\n<p>Do 2025. godine, dru\u0161tveni, ekonomski i eti\u010dki utjecaj ovih alata vi\u0161e se ne\u0107e mo\u0107i ignorirati.<\/p>\n\n\n\n<p>Klju\u010dno \u0107e biti prona\u0107i srednji put: regulacija koja \u0161titi, a ne gu\u0161i, jasna pravila koja promi\u010du povjerenje i globalna rasprava koja uklju\u010duje i vlade i civilno dru\u0161tvo.<\/p>\n\n\n\n<p>Jer ako je jedno sigurno, to je da \u0107e umjetna inteligencija nastaviti transformirati svakodnevni \u017eivot tempom koji zahtijeva brze i odgovorne odgovore.<\/p>\n\n\n\n<p>Pro\u010ditajte vi\u0161e:&nbsp;<a href=\"http:\/\/universofamilia.com\/hr\/lll-me-siento-sola-y-quiero-platicar-contigo-por-estos-apps-de-citas\/\">Osje\u0107am se usamljeno i \u017eelim razgovarati s tobom putem ovih aplikacija za upoznavanje.<\/a><\/p>\n\n\n\n<h2 class=\"wp-block-heading\">\u010cesto postavljana pitanja (FAQ)<\/h2>\n\n\n\n<p><strong>1. Za\u0161to je va\u017eno regulirati umjetnu inteligenciju?<\/strong><br>Jer bez jasnih pravila, umjetna inteligencija mo\u017ee dovesti do diskriminacije, kr\u0161enja privatnosti ili manipulacije informacijama.<\/p>\n\n\n\n<p><strong>2. Koja je razlika izme\u0111u europskih i ameri\u010dkih propisa?<\/strong><br>Europa ima obvezuju\u0107e propise sa sankcijama, dok u SAD-u dominiraju neobavezuju\u0107e smjernice i lokalni propisi.<\/p>\n\n\n\n<p><strong>3. Ograni\u010dava li Kina kori\u0161tenje generativne umjetne inteligencije?<\/strong><br>Da. Kineska vlada strogo regulira sadr\u017eaj stvoren umjetnom inteligencijom i povezuje ga s nacionalnom sigurno\u0161\u0107u.<\/p>\n\n\n\n<p><strong>4. Koje su latinoameri\u010dke zemlje postigle najve\u0107i napredak?<\/strong><br>Brazil i Meksiko prednja\u010de s prijedlozima zakona i specijaliziranim radnim skupinama.<\/p>\n\n\n\n<p><strong>5. Kako regulacija utje\u010de na privatni sektor?<\/strong><br>Tvrtke moraju postati transparentnije, ali istovremeno ste\u0107i povjerenje potro\u0161a\u010da i pristup globalnim tr\u017ei\u0161tima.<\/p>\n\n\n\n<p><strong>6. Postoje li neke globalne regulatorne inicijative?<\/strong><br>Da, iako jo\u0161 ne postoji obvezuju\u0107i sporazum, UN i OECD rade na me\u0111unarodnim standardima.<\/p>\n\n\n\n<p><strong>7. Mo\u017ee li regulacija ometati inovacije?<\/strong><br>Ovisi o pristupu. Uravnote\u017eena regulacija poti\u010de odgovorne inovacije, dok pretjerana kontrola <\/p>\n\n\n\n<p><\/p>","protected":false},"excerpt":{"rendered":"<p>Inteligencia artificial y pol\u00edtica: es un tema que dej\u00f3 de ser exclusivo de conferencias acad\u00e9micas o debates t\u00e9cnicos; hoy atraviesa leyes, decisiones p\u00fablicas y hasta la geopol\u00edtica global. En 2025, los gobiernos enfrentan el reto de equilibrar la innovaci\u00f3n con la protecci\u00f3n de derechos ciudadanos, y cada regi\u00f3n adopta estrategias distintas. En este art\u00edculo encontrar\u00e1s [&hellip;]<\/p>","protected":false},"author":219,"featured_media":9753,"comment_status":"closed","ping_status":"open","sticky":false,"template":"","format":"standard","meta":{"footnotes":""},"categories":[4],"tags":[],"yoast_head":"<!-- This site is optimized with the Yoast SEO plugin v23.3 - https:\/\/yoast.com\/wordpress\/plugins\/seo\/ -->\n<title>Inteligencia artificial y pol\u00edtica - Universo Fam\u00edlia<\/title>\n<meta name=\"description\" content=\"Inteligencia artificial y pol\u00edtica: c\u00f3mo los gobiernos regulan la IA en todo el mundo es un tema que dej\u00f3 de ser exclusivo de conferencias...\" \/>\n<meta name=\"robots\" content=\"index, follow, max-snippet:-1, max-image-preview:large, max-video-preview:-1\" \/>\n<link rel=\"canonical\" href=\"https:\/\/universofamilia.com\/hr\/inteligencia-artificial-y-politica\/\" \/>\n<meta property=\"og:locale\" content=\"hr_HR\" \/>\n<meta property=\"og:type\" content=\"article\" \/>\n<meta property=\"og:title\" content=\"Inteligencia artificial y pol\u00edtica - Universo Fam\u00edlia\" \/>\n<meta property=\"og:description\" content=\"Inteligencia artificial y pol\u00edtica: c\u00f3mo los gobiernos regulan la IA en todo el mundo es un tema que dej\u00f3 de ser exclusivo de conferencias...\" \/>\n<meta property=\"og:url\" content=\"https:\/\/universofamilia.com\/hr\/inteligencia-artificial-y-politica\/\" \/>\n<meta property=\"og:site_name\" content=\"Universo Fam\u00edlia\" \/>\n<meta property=\"article:published_time\" content=\"2025-10-01T04:42:22+00:00\" \/>\n<meta property=\"article:modified_time\" content=\"2025-10-11T20:08:04+00:00\" \/>\n<meta property=\"og:image\" content=\"https:\/\/universofamilia.com\/wp-content\/uploads\/sites\/148\/2025\/09\/DESTAQUE-UNIVERSO-550-x-350-3.jpg\" \/>\n\t<meta property=\"og:image:width\" content=\"550\" \/>\n\t<meta property=\"og:image:height\" content=\"350\" \/>\n\t<meta property=\"og:image:type\" content=\"image\/jpeg\" \/>\n<meta name=\"author\" content=\"Matheus Sangaletti\" \/>\n<meta name=\"twitter:card\" content=\"summary_large_image\" \/>\n<meta name=\"twitter:label1\" content=\"Written by\" \/>\n\t<meta name=\"twitter:data1\" content=\"Matheus Sangaletti\" \/>\n\t<meta name=\"twitter:label2\" content=\"Est. reading time\" \/>\n\t<meta name=\"twitter:data2\" content=\"8 minuta\" \/>\n<script type=\"application\/ld+json\" class=\"yoast-schema-graph\">{\"@context\":\"https:\/\/schema.org\",\"@graph\":[{\"@type\":\"WebPage\",\"@id\":\"https:\/\/universofamilia.com\/nl\/inteligencia-artificial-y-politica\/\",\"url\":\"https:\/\/universofamilia.com\/nl\/inteligencia-artificial-y-politica\/\",\"name\":\"Inteligencia artificial y pol\u00edtica - Universo Fam\u00edlia\",\"isPartOf\":{\"@id\":\"https:\/\/universofamilia.com\/el\/#website\"},\"primaryImageOfPage\":{\"@id\":\"https:\/\/universofamilia.com\/nl\/inteligencia-artificial-y-politica\/#primaryimage\"},\"image\":{\"@id\":\"https:\/\/universofamilia.com\/nl\/inteligencia-artificial-y-politica\/#primaryimage\"},\"thumbnailUrl\":\"http:\/\/universofamilia.com\/wp-content\/uploads\/sites\/148\/2025\/09\/DESTAQUE-UNIVERSO-550-x-350-3.jpg\",\"datePublished\":\"2025-10-01T04:42:22+00:00\",\"dateModified\":\"2025-10-11T20:08:04+00:00\",\"author\":{\"@id\":\"https:\/\/universofamilia.com\/el\/#\/schema\/person\/92fcd07e9b1f4323bf74f3170fc0f78a\"},\"description\":\"Inteligencia artificial y pol\u00edtica: c\u00f3mo los gobiernos regulan la IA en todo el mundo es un tema que dej\u00f3 de ser exclusivo de conferencias...\",\"breadcrumb\":{\"@id\":\"https:\/\/universofamilia.com\/nl\/inteligencia-artificial-y-politica\/#breadcrumb\"},\"inLanguage\":\"hr\",\"potentialAction\":[{\"@type\":\"ReadAction\",\"target\":[\"https:\/\/universofamilia.com\/nl\/inteligencia-artificial-y-politica\/\"]}]},{\"@type\":\"ImageObject\",\"inLanguage\":\"hr\",\"@id\":\"https:\/\/universofamilia.com\/nl\/inteligencia-artificial-y-politica\/#primaryimage\",\"url\":\"http:\/\/universofamilia.com\/wp-content\/uploads\/sites\/148\/2025\/09\/DESTAQUE-UNIVERSO-550-x-350-3.jpg\",\"contentUrl\":\"http:\/\/universofamilia.com\/wp-content\/uploads\/sites\/148\/2025\/09\/DESTAQUE-UNIVERSO-550-x-350-3.jpg\",\"width\":550,\"height\":350},{\"@type\":\"BreadcrumbList\",\"@id\":\"https:\/\/universofamilia.com\/nl\/inteligencia-artificial-y-politica\/#breadcrumb\",\"itemListElement\":[{\"@type\":\"ListItem\",\"position\":1,\"name\":\"Home\",\"item\":\"https:\/\/universofamilia.com\/el\/\"},{\"@type\":\"ListItem\",\"position\":2,\"name\":\"Inteligencia artificial y pol\u00edtica\"}]},{\"@type\":\"WebSite\",\"@id\":\"https:\/\/universofamilia.com\/el\/#website\",\"url\":\"https:\/\/universofamilia.com\/el\/\",\"name\":\"Universo Fam\u00edlia\",\"description\":\"\",\"potentialAction\":[{\"@type\":\"SearchAction\",\"target\":{\"@type\":\"EntryPoint\",\"urlTemplate\":\"https:\/\/universofamilia.com\/el\/?s={search_term_string}\"},\"query-input\":\"required name=search_term_string\"}],\"inLanguage\":\"hr\"},{\"@type\":\"Person\",\"@id\":\"https:\/\/universofamilia.com\/el\/#\/schema\/person\/92fcd07e9b1f4323bf74f3170fc0f78a\",\"name\":\"Matheus Sangaletti\",\"image\":{\"@type\":\"ImageObject\",\"inLanguage\":\"hr\",\"@id\":\"https:\/\/universofamilia.com\/el\/#\/schema\/person\/image\/\",\"url\":\"http:\/\/2.gravatar.com\/avatar\/280ea957a14a48e6a1ad2133d2cc27c9?s=96&d=mm&r=g\",\"contentUrl\":\"http:\/\/2.gravatar.com\/avatar\/280ea957a14a48e6a1ad2133d2cc27c9?s=96&d=mm&r=g\",\"caption\":\"Matheus Sangaletti\"},\"url\":\"http:\/\/universofamilia.com\/hr\/author\/matheuss\/\"}]}<\/script>\n<!-- \/ Yoast SEO plugin. -->","yoast_head_json":{"title":"Inteligencia artificial y pol\u00edtica - Universo Fam\u00edlia","description":"Inteligencia artificial y pol\u00edtica: c\u00f3mo los gobiernos regulan la IA en todo el mundo es un tema que dej\u00f3 de ser exclusivo de conferencias...","robots":{"index":"index","follow":"follow","max-snippet":"max-snippet:-1","max-image-preview":"max-image-preview:large","max-video-preview":"max-video-preview:-1"},"canonical":"https:\/\/universofamilia.com\/hr\/inteligencia-artificial-y-politica\/","og_locale":"hr_HR","og_type":"article","og_title":"Inteligencia artificial y pol\u00edtica - Universo Fam\u00edlia","og_description":"Inteligencia artificial y pol\u00edtica: c\u00f3mo los gobiernos regulan la IA en todo el mundo es un tema que dej\u00f3 de ser exclusivo de conferencias...","og_url":"https:\/\/universofamilia.com\/hr\/inteligencia-artificial-y-politica\/","og_site_name":"Universo Fam\u00edlia","article_published_time":"2025-10-01T04:42:22+00:00","article_modified_time":"2025-10-11T20:08:04+00:00","og_image":[{"width":550,"height":350,"url":"https:\/\/universofamilia.com\/wp-content\/uploads\/sites\/148\/2025\/09\/DESTAQUE-UNIVERSO-550-x-350-3.jpg","type":"image\/jpeg"}],"author":"Matheus Sangaletti","twitter_card":"summary_large_image","twitter_misc":{"Written by":"Matheus Sangaletti","Est. reading time":"8 minuta"},"schema":{"@context":"https:\/\/schema.org","@graph":[{"@type":"WebPage","@id":"https:\/\/universofamilia.com\/nl\/inteligencia-artificial-y-politica\/","url":"https:\/\/universofamilia.com\/nl\/inteligencia-artificial-y-politica\/","name":"Inteligencia artificial y pol\u00edtica - Universo Fam\u00edlia","isPartOf":{"@id":"https:\/\/universofamilia.com\/el\/#website"},"primaryImageOfPage":{"@id":"https:\/\/universofamilia.com\/nl\/inteligencia-artificial-y-politica\/#primaryimage"},"image":{"@id":"https:\/\/universofamilia.com\/nl\/inteligencia-artificial-y-politica\/#primaryimage"},"thumbnailUrl":"http:\/\/universofamilia.com\/wp-content\/uploads\/sites\/148\/2025\/09\/DESTAQUE-UNIVERSO-550-x-350-3.jpg","datePublished":"2025-10-01T04:42:22+00:00","dateModified":"2025-10-11T20:08:04+00:00","author":{"@id":"https:\/\/universofamilia.com\/el\/#\/schema\/person\/92fcd07e9b1f4323bf74f3170fc0f78a"},"description":"Inteligencia artificial y pol\u00edtica: c\u00f3mo los gobiernos regulan la IA en todo el mundo es un tema que dej\u00f3 de ser exclusivo de conferencias...","breadcrumb":{"@id":"https:\/\/universofamilia.com\/nl\/inteligencia-artificial-y-politica\/#breadcrumb"},"inLanguage":"hr","potentialAction":[{"@type":"ReadAction","target":["https:\/\/universofamilia.com\/nl\/inteligencia-artificial-y-politica\/"]}]},{"@type":"ImageObject","inLanguage":"hr","@id":"https:\/\/universofamilia.com\/nl\/inteligencia-artificial-y-politica\/#primaryimage","url":"http:\/\/universofamilia.com\/wp-content\/uploads\/sites\/148\/2025\/09\/DESTAQUE-UNIVERSO-550-x-350-3.jpg","contentUrl":"http:\/\/universofamilia.com\/wp-content\/uploads\/sites\/148\/2025\/09\/DESTAQUE-UNIVERSO-550-x-350-3.jpg","width":550,"height":350},{"@type":"BreadcrumbList","@id":"https:\/\/universofamilia.com\/nl\/inteligencia-artificial-y-politica\/#breadcrumb","itemListElement":[{"@type":"ListItem","position":1,"name":"Home","item":"https:\/\/universofamilia.com\/el\/"},{"@type":"ListItem","position":2,"name":"Inteligencia artificial y pol\u00edtica"}]},{"@type":"WebSite","@id":"https:\/\/universofamilia.com\/el\/#website","url":"https:\/\/universofamilia.com\/el\/","name":"Universo Fam\u00edlia","description":"","potentialAction":[{"@type":"SearchAction","target":{"@type":"EntryPoint","urlTemplate":"https:\/\/universofamilia.com\/el\/?s={search_term_string}"},"query-input":"required name=search_term_string"}],"inLanguage":"hr"},{"@type":"Person","@id":"https:\/\/universofamilia.com\/el\/#\/schema\/person\/92fcd07e9b1f4323bf74f3170fc0f78a","name":"Matheus Sangaletti","image":{"@type":"ImageObject","inLanguage":"hr","@id":"https:\/\/universofamilia.com\/el\/#\/schema\/person\/image\/","url":"http:\/\/2.gravatar.com\/avatar\/280ea957a14a48e6a1ad2133d2cc27c9?s=96&d=mm&r=g","contentUrl":"http:\/\/2.gravatar.com\/avatar\/280ea957a14a48e6a1ad2133d2cc27c9?s=96&d=mm&r=g","caption":"Matheus Sangaletti"},"url":"http:\/\/universofamilia.com\/hr\/author\/matheuss\/"}]}},"_links":{"self":[{"href":"http:\/\/universofamilia.com\/hr\/wp-json\/wp\/v2\/posts\/9758"}],"collection":[{"href":"http:\/\/universofamilia.com\/hr\/wp-json\/wp\/v2\/posts"}],"about":[{"href":"http:\/\/universofamilia.com\/hr\/wp-json\/wp\/v2\/types\/post"}],"author":[{"embeddable":true,"href":"http:\/\/universofamilia.com\/hr\/wp-json\/wp\/v2\/users\/219"}],"replies":[{"embeddable":true,"href":"http:\/\/universofamilia.com\/hr\/wp-json\/wp\/v2\/comments?post=9758"}],"version-history":[{"count":6,"href":"http:\/\/universofamilia.com\/hr\/wp-json\/wp\/v2\/posts\/9758\/revisions"}],"predecessor-version":[{"id":9947,"href":"http:\/\/universofamilia.com\/hr\/wp-json\/wp\/v2\/posts\/9758\/revisions\/9947"}],"wp:featuredmedia":[{"embeddable":true,"href":"http:\/\/universofamilia.com\/hr\/wp-json\/wp\/v2\/media\/9753"}],"wp:attachment":[{"href":"http:\/\/universofamilia.com\/hr\/wp-json\/wp\/v2\/media?parent=9758"}],"wp:term":[{"taxonomy":"category","embeddable":true,"href":"http:\/\/universofamilia.com\/hr\/wp-json\/wp\/v2\/categories?post=9758"},{"taxonomy":"post_tag","embeddable":true,"href":"http:\/\/universofamilia.com\/hr\/wp-json\/wp\/v2\/tags?post=9758"}],"curies":[{"name":"wp","href":"https:\/\/api.w.org\/{rel}","templated":true}]}}