{"id":10142,"date":"2025-10-15T15:10:12","date_gmt":"2025-10-15T18:10:12","guid":{"rendered":"https:\/\/universofamilia.com\/?p=10142"},"modified":"2025-10-15T16:14:43","modified_gmt":"2025-10-15T19:14:43","slug":"profesiones-del-futuro","status":"publish","type":"post","link":"http:\/\/universofamilia.com\/hu\/profesiones-del-futuro\/","title":{"rendered":"A j\u00f6v\u0151 szakm\u00e1i: felt\u00f6rekv\u0151 karrierek mesters\u00e9ges intelligenci\u00e1val"},"content":{"rendered":"<p class=\"has-text-align-center\">Kezdett\u0151l fogva \u00e9rdemes megjegyezni, hogy <strong>A j\u00f6v\u0151 szakm\u00e1i: felt\u00f6rekv\u0151 karrierek mesters\u00e9ges intelligenci\u00e1val<\/strong> Ir\u00e1ny\u00edtsd karrierc\u00e9ljaidat az\u00e1ltal, hogy \u00e1tgondolod, merre tart a munkaer\u0151piac.<\/p>\n\n\n\n<figure class=\"wp-block-gallery aligncenter has-nested-images columns-default is-cropped wp-block-gallery-1 is-layout-flex wp-block-gallery-is-layout-flex\">\n<figure class=\"wp-block-image size-full\"><img loading=\"lazy\" decoding=\"async\" width=\"450\" height=\"250\" data-id=\"10144\" src=\"https:\/\/universofamilia.com\/wp-content\/uploads\/sites\/148\/2025\/10\/Destaque-Novo-Universo-5-1.jpg\" alt=\"\" class=\"wp-image-10144\" srcset=\"http:\/\/universofamilia.com\/wp-content\/uploads\/sites\/148\/2025\/10\/Destaque-Novo-Universo-5-1.jpg 450w, http:\/\/universofamilia.com\/wp-content\/uploads\/sites\/148\/2025\/10\/Destaque-Novo-Universo-5-1-300x167.jpg 300w, http:\/\/universofamilia.com\/wp-content\/uploads\/sites\/148\/2025\/10\/Destaque-Novo-Universo-5-1-18x10.jpg 18w\" sizes=\"(max-width: 450px) 100vw, 450px\" \/><figcaption class=\"wp-element-caption\">CANVA<\/figcaption><\/figure>\n<\/figure>\n\n\n\n<p class=\"has-text-align-center\">Most minden eddigin\u00e9l fontosabb, hogy a b\u00f6lcs p\u00e1lyav\u00e1laszt\u00e1s ne a v\u00e9letlenen m\u00faljon: megk\u00f6veteli a v\u00e1ltoz\u00e1sok el\u0151rejelz\u00e9s\u00e9t, a technol\u00f3giai \u00e1talakul\u00e1sok meg\u00e9rt\u00e9s\u00e9t, \u00e9s a hossz\u00fa t\u00e1von keresett szerepk\u00f6r\u00f6k bet\u00f6lt\u00e9s\u00e9re val\u00f3 felk\u00e9sz\u00fcl\u00e9st.<\/p>\n\n\n\n<p>Itt egy aktu\u00e1lis, megalapozott \u00e9s strat\u00e9giai j\u00f6v\u0151k\u00e9pet mutatok be azok sz\u00e1m\u00e1ra, akik ink\u00e1bb sz\u00f6rf\u00f6zni szeretn\u00e9nek, mintsem a technol\u00f3giai hull\u00e1mokon lovagolni. <\/p>\n\n\n\n<h2 class=\"wp-block-heading\">A v\u00e1ltoz\u00e1s kontextusa: Mi\u00e9rt hat\u00e1roz meg ez a kulcsmondat egy \u00faj korszakot?<\/h2>\n\n\n\n<p>Amikor valaki megeml\u00edti <strong>A j\u00f6v\u0151 szakm\u00e1i: felt\u00f6rekv\u0151 karrierek mesters\u00e9ges intelligenci\u00e1val<\/strong>, a k\u00f6zvetlen j\u00f6v\u0151t id\u00e9zi: nem spekul\u00e1ci\u00f3, hanem egy konkr\u00e9t ir\u00e1ny.<\/p>\n\n\n\n<p>A v\u00e1llalatok m\u00e1r nem azt m\u00e9rlegelik, hogy be\u00e9p\u00edts\u00e9k-e a mesters\u00e9ges intelligenci\u00e1t, hanem azt, hogy hogyan tegy\u00e9k azt gyorsan \u00e9s j\u00f3l.<\/p>\n\n\n\n<p>Ebben az \u00f6sszef\u00fcgg\u00e9sben nem el\u00e9g a mesters\u00e9ges intelligenci\u00e1t kieg\u00e9sz\u00edt\u0151 eszk\u00f6zk\u00e9nt tekinteni: az innov\u00e1ci\u00f3 motorjak\u00e9nt kell \u00e9rtelmezni.<\/p>\n\n\n\n<p>Tudtad, hogy a mesters\u00e9ges intelligencia becsl\u00e9sek szerint 133 milli\u00f3 \u00faj munkahelyet teremthet 2030-ra?<\/p>\n\n\n\n<p>Ez a sz\u00e1m ellent\u00e9tben \u00e1ll azon poz\u00edci\u00f3k sz\u00e1m\u00e1val, amelyek elvesz\u00edtik relevanci\u00e1jukat, ez a fesz\u00fclts\u00e9g arra k\u00e9nyszer\u00edt minket, hogy sz\u00e1nd\u00e9kosan, ne pedig v\u00e9letlenszer\u0171en v\u00e1lasszunk ir\u00e1nyt.<\/p>\n\n\n\n<h2 class=\"wp-block-heading\">A mesters\u00e9ges intelligencia val\u00f3di s\u00falya a mai foglalkoztat\u00e1sban<\/h2>\n\n\n\n<p>A mesters\u00e9ges intelligencia nem a t\u00e1voli j\u00f6v\u0151; m\u00e1r most is \u00e1tveszi a hagyom\u00e1nyos ter\u00fcletek feladatainak hely\u00e9t.<\/p>\n\n\n\n<p>A Bloomberg szerint a mesters\u00e9ges intelligencia helyettes\u00edtheti <strong>53 %<\/strong> a piackutat\u00f3 elemz\u0151i funkci\u00f3kt\u00f3l eg\u00e9szen <strong>67 %<\/strong> az \u00e9rt\u00e9kes\u00edt\u00e9si k\u00e9pvisel\u0151kn\u00e9l.<\/p>\n\n\n\n<p>Ez az \u00e1tmenet nem egy automatikus munkaer\u0151-apokalipszis, hanem az emberi \u00e9rt\u00e9kek jelent\u0151s \u00e1talakul\u00e1sa.<\/p>\n\n\n\n<p>Egy m\u00e1sik meg\u00e1llap\u00edt\u00e1s: A mesters\u00e9ges intelligenci\u00e1val kapcsolatos munkak\u00f6r\u00f6kben 2018 \u00e9s 2024 k\u00f6z\u00f6tt megn\u0151tt a k\u00e9szs\u00e9geken (\u00e9s nem a diplom\u00e1kon) alapul\u00f3 felv\u00e9teli ar\u00e1ny, od\u00e1ig men\u0151en, hogy a munk\u00e1ltat\u00f3k 15%-kal cs\u00f6kkentett\u00e9k az ezekhez a poz\u00edci\u00f3khoz sz\u00fcks\u00e9ges szigor\u00fa f\u0151iskolai v\u00e9gzetts\u00e9get.<\/p>\n\n\n\n<p>Ez egy struktur\u00e1lis v\u00e1ltoz\u00e1st jelez: a tanul\u00e1si g\u00f6rb\u00e9d \u00e9s a sokoldal\u00fas\u00e1god t\u00f6bbet sz\u00e1m\u00edthat, mint egy hagyom\u00e1nyos diploma.<\/p>\n\n\n\n<p>\u00cdme egy szeml\u00e9ltet\u0151 t\u00e1bl\u00e1zat a foglalkoz\u00e1sokr\u00f3l \u00e9s azok becs\u00fclt mesters\u00e9ges intelligenci\u00e1val val\u00f3 kitetts\u00e9g\u00e9r\u0151l (a Statista adatai szerint):<\/p>\n\n\n\n<figure class=\"wp-block-table\"><table><thead><tr><th>Foglalkoz\u00e1s<\/th><th>A sebezhet\u0151 feladatok sz\u00e1zal\u00e9kos ar\u00e1nya<\/th><\/tr><\/thead><tbody><tr><td>Adatr\u00f6gz\u00edt\u0151<\/td><td>magas (\u2265 80 %) <\/td><\/tr><tr><td>K\u00f6nyvel\u00e9si asszisztens<\/td><td>k\u00f6zepesen magas<\/td><\/tr><tr><td>szoftverm\u00e9rn\u00f6k<\/td><td>alacsony-k\u00f6zepes<\/td><\/tr><tr><td>MI\/ML fejleszt\u0151<\/td><td>nagyon alacsony<\/td><\/tr><\/tbody><\/table><figcaption class=\"wp-element-caption\">A j\u00f6v\u0151 szakm\u00e1i: felt\u00f6rekv\u0151 karrierek mesters\u00e9ges intelligenci\u00e1val<\/figcaption><\/figure>\n\n\n\n<p>Ez az ellent\u00e9t kulcsfontoss\u00e1g\u00fa: egyes hagyom\u00e1nyos szakm\u00e1k jobban ki vannak t\u00e9ve a vesz\u00e9lynek, mint m\u00e1sok.<\/p>\n\n\n\n<figure class=\"wp-block-gallery aligncenter has-nested-images columns-default is-cropped wp-block-gallery-2 is-layout-flex wp-block-gallery-is-layout-flex\">\n<figure class=\"wp-block-image size-full\"><img loading=\"lazy\" decoding=\"async\" width=\"450\" height=\"250\" data-id=\"10145\" src=\"https:\/\/universofamilia.com\/wp-content\/uploads\/sites\/148\/2025\/10\/Destaque-Novo-Universo-6.jpg\" alt=\"\" class=\"wp-image-10145\" srcset=\"http:\/\/universofamilia.com\/wp-content\/uploads\/sites\/148\/2025\/10\/Destaque-Novo-Universo-6.jpg 450w, http:\/\/universofamilia.com\/wp-content\/uploads\/sites\/148\/2025\/10\/Destaque-Novo-Universo-6-300x167.jpg 300w, http:\/\/universofamilia.com\/wp-content\/uploads\/sites\/148\/2025\/10\/Destaque-Novo-Universo-6-18x10.jpg 18w\" sizes=\"(max-width: 450px) 100vw, 450px\" \/><figcaption class=\"wp-element-caption\">CANVA<\/figcaption><\/figure>\n<\/figure>\n\n\n\n<p>B\u0151vebben:\u00a0<a href=\"http:\/\/universofamilia.com\/hu\/el-teletrabajo-en-2025-las-nuevas-tendencias-del-home-office\/\">T\u00e1vmunka 2025-ben: \u00daj otthoni irodai trendek<\/a><\/p>\n\n\n\n<h2 class=\"wp-block-heading\">\u00d6t profil, ami m\u00e1r most is sz\u00e1m\u00edt<\/h2>\n\n\n\n<p>\u00cdme \u00f6t felt\u00f6rekv\u0151 (vagy b\u0151v\u00fcl\u0151) szakter\u00fclet, amelyek a k\u00f6z\u00e9ppontban \u00e1llnak <strong>A j\u00f6v\u0151 szakm\u00e1i: felt\u00f6rekv\u0151 karrierek mesters\u00e9ges intelligenci\u00e1val:<\/strong><\/p>\n\n\n\n<ol>\n<li><strong>gyors m\u00e9rn\u00f6k<\/strong><br>Optimaliz\u00e1lja az emberek \u00e9s a generat\u00edv modellek k\u00f6z\u00f6tti interakci\u00f3t. Feladata: olyan k\u00e9rd\u00e9sek megfogalmaz\u00e1sa, amelyek hasznos, pontos \u00e9s etikus v\u00e1laszokat gener\u00e1lnak. M\u00e1r alkalmazz\u00e1k olyan startupokban, amelyek GPT-t, Claude-ot vagy Stable Diffusiont haszn\u00e1lnak.<\/li>\n\n\n\n<li><strong>Adattud\u00f3s, mesters\u00e9ges intelligenci\u00e1ra \u00f6sszpontos\u00edtva<\/strong><br>Nagy mennyis\u00e9g\u0171 inform\u00e1ci\u00f3b\u00f3l predikt\u00edv modelleket \u00e9p\u00edt, \u00fczleti elemz\u00e9seket nyer ki, \u00e9s finomhangolja a neur\u00e1lis h\u00e1l\u00f3zatokat.<\/li>\n\n\n\n<li><strong>MI etikai \u00e9s ir\u00e1ny\u00edt\u00e1si szak\u00e9rt\u0151<\/strong><br>Felel\u0151s a felel\u0151s felhaszn\u00e1l\u00e1si szab\u00e1lyzatok kidolgoz\u00e1s\u00e1\u00e9rt: az elfogults\u00e1g ellen\u0151rz\u00e9s\u00e9\u00e9rt, az automatiz\u00e1lt d\u00f6nt\u00e9sek \u00e1tl\u00e1that\u00f3s\u00e1g\u00e1\u00e9rt \u00e9s a szab\u00e1lyoz\u00e1si megfelel\u00e9s\u00e9rt.<\/li>\n\n\n\n<li><strong>MI integr\u00e1ci\u00f3s m\u00e9rn\u00f6k \/ MI implement\u00e1tor<\/strong><br>Csatlakoztassa a megl\u00e9v\u0151 rendszereket az \u00faj mesters\u00e9ges intelligencia maghoz (ERP, CRM, gy\u00e1rt\u00f3sorok). A kih\u00edv\u00e1s: kompatibilit\u00e1s, sk\u00e1l\u00e1zhat\u00f3s\u00e1g \u00e9s hat\u00e9konys\u00e1g.<\/li>\n\n\n\n<li><strong>AI + felh\u0151megold\u00e1sok architektje<\/strong><br>Tervezzen olyan robusztus infrastrukt\u00far\u00e1kat, amelyek t\u00e1mogatj\u00e1k a mesters\u00e9ges intelligencia modellek betan\u00edt\u00e1s\u00e1t, k\u00f6vetkeztet\u00e9s\u00e9t \u00e9s telep\u00edt\u00e9s\u00e9t a felh\u0151ben, a mikroszolg\u00e1ltat\u00e1sokban \u00e9s a peremh\u00e1l\u00f3zatokban.<\/li>\n<\/ol>\n\n\n\n<p>Szeml\u00e9ltet\u00e9sk\u00e9ppen k\u00e9pzelj\u00fcnk el egy k\u00f3rh\u00e1zat, amely mesters\u00e9ges intelligenci\u00e1t haszn\u00e1l r\u00f6ntgenfelv\u00e9telek olvas\u00e1s\u00e1ra. Az integr\u00e1ci\u00f3s m\u00e9rn\u00f6k felel\u0151s az MI-modul k\u00f3rh\u00e1z teljes rendszer\u00e9hez val\u00f3 csatlakoztat\u00e1s\u00e1\u00e9rt, m\u00edg az etikai szakember meghat\u00e1rozza a rendszer \u00e1ltal hozhat\u00f3 automatiz\u00e1lt d\u00f6nt\u00e9sek korl\u00e1tait.<\/p>\n\n\n\n<p>Ezek a profilok nem helyettes\u00edtik az embert, hanem kieg\u00e9sz\u00edtik azt. K\u00f6zponti tengelyeket alkotnak. <strong>A j\u00f6v\u0151 szakm\u00e1i: felemelked\u0151ben l\u00e9v\u0151 karrierek mesters\u00e9ges intelligenci\u00e1val.<\/strong><\/p>\n\n\n\n<h2 class=\"wp-block-heading\">A versenyz\u0151 jel\u00f6lteket megk\u00fcl\u00f6nb\u00f6ztet\u0151 k\u00e9szs\u00e9gek<\/h2>\n\n\n\n<p>Nem el\u00e9g azt mondani, hogy \u201emesters\u00e9ges intelligenci\u00e1val akarok dolgozni\u201d; vannak olyan funkci\u00f3kon \u00e1t\u00edvel\u0151 \u00e9s technikai k\u00e9pess\u00e9gek, amelyek d\u00f6nt\u0151 fontoss\u00e1g\u00faak:<\/p>\n\n\n\n<ul>\n<li><strong>Nyelvek \u00e9s keretrendszerek<\/strong>Python, R, TensorFlow, PyTorch<\/li>\n\n\n\n<li><strong>Statisztikai \u00e9s matematikai meg\u00e9rt\u00e9s<\/strong>: val\u00f3sz\u00edn\u0171s\u00e9gsz\u00e1m\u00edt\u00e1s, line\u00e1ris algebra, anal\u00edzis<\/li>\n\n\n\n<li><strong>Szisztematikus l\u00e1t\u00e1sm\u00f3d<\/strong>: meg\u00e9rteni, hogyan illeszkednek egym\u00e1shoz az egyes darabok (adatok, modell, \u00fczlet, interf\u00e9sz)<\/li>\n\n\n\n<li><strong>Hat\u00e9kony kommunik\u00e1ci\u00f3<\/strong>: technikai meg\u00e1llap\u00edt\u00e1sok leford\u00edt\u00e1sa nem m\u0171szaki k\u00f6z\u00f6ns\u00e9g sz\u00e1m\u00e1ra<\/li>\n\n\n\n<li><strong>Etikai \u00e9s szab\u00e1lyoz\u00e1si \u00e9rz\u00e9kenys\u00e9g<\/strong>: elfogults\u00e1g\u00e9rz\u00e9kel\u00e9s, adatv\u00e9delem, megmagyar\u00e1zhat\u00f3s\u00e1g<\/li>\n\n\n\n<li><strong>Alkalmazkod\u00f3k\u00e9pess\u00e9g \u00e9s folyamatos tanul\u00e1s<\/strong>A mesters\u00e9ges intelligencia napr\u00f3l napra fejl\u0151dik<\/li>\n<\/ul>\n\n\n\n<p>Egy anal\u00f3gia seg\u00edthet: ha az aut\u00f3\u00e9p\u00edt\u00e9s egy hagyom\u00e1nyos m\u00e9rn\u00f6ki metafora, akkor a mesters\u00e9ges intelligenci\u00e1ban val\u00f3 munka olyan, mint egy aut\u00f3 idegrendszer\u00e9nek megtervez\u00e9se: nem csak a hardver (motor, szerkezet) sz\u00e1m\u00edt, hanem a kommunik\u00e1ci\u00f3, a d\u00f6nt\u00e9shozatal \u00e9s a k\u00f6rnyezet \u00e9rtelmez\u00e9se is.<\/p>\n\n\n\n<h2 class=\"wp-block-heading\">Hogyan ind\u00edtsuk el a t\u00f6megk\u00f6zleked\u00e9st (gyakorlati \u00fatvonal)<\/h2>\n\n\n\n<p>L\u00e9p\u00e9s egy olyan szakma fel\u00e9, amely \u00f6sszhangban van a <strong>A j\u00f6v\u0151 szakm\u00e1i: felt\u00f6rekv\u0151 karrierek mesters\u00e9ges intelligenci\u00e1val<\/strong> Nem kell mindent a null\u00e1r\u00f3l kezdeni, hanem l\u00e9p\u00e9sr\u0151l l\u00e9p\u00e9sre haladni:<\/p>\n\n\n\n<ul>\n<li><strong>Online kurzusok<\/strong>elismert platformok specializ\u00e1ci\u00f3kat k\u00edn\u00e1lnak (Coursera, edX, Udacity)<\/li>\n\n\n\n<li><strong>Szem\u00e9lyes projektek<\/strong>: egy egyszer\u0171 chatbot, egy k\u00e9poszt\u00e1lyoz\u00f3, egy adatelemz\u0151<\/li>\n\n\n\n<li><strong>K\u00f6z\u00f6ss\u00e9gi r\u00e9szv\u00e9tel<\/strong>f\u00f3rumok, helyi csoportok, hackathonok<\/li>\n\n\n\n<li><strong>Tan\u00fas\u00edtv\u00e1nyok<\/strong>elismert tanfolyamok, amelyek igazolj\u00e1k a k\u00e9szs\u00e9geidet a v\u00e1llalatok el\u0151tt<\/li>\n\n\n\n<li><strong>Hibrid \u00e9lm\u00e9ny<\/strong>egy\u00fcttm\u0171k\u00f6dnek a m\u0171szaki oszt\u00e1lyokon, b\u00e1r nem hivatalos szerepk\u00f6rben<\/li>\n\n\n\n<li><strong>Mentor\u00e1l\u00e1s \u00e9s h\u00e1l\u00f3zat\u00e9p\u00edt\u00e9s<\/strong>: azonos\u00edtja azt a szem\u00e9lyt, aki m\u00e1r a ter\u00fcleten tart\u00f3zkodik<\/li>\n<\/ul>\n\n\n\n<p>P\u00e9ld\u00e1ul egy rendszerm\u00e9rn\u00f6k elkezdheti egy g\u00e9pi tanul\u00e1si mikrotanfolyammal, majd elv\u00e1llalhat egy kisebb mesters\u00e9ges intelligenci\u00e1val kapcsolatos feladatot jelenlegi c\u00e9g\u00e9n\u00e9l, \u00e9s v\u00e9g\u00fcl architekt vagy integr\u00e1tor szerepk\u00f6rr\u00e9 fejl\u0151dhet.<\/p>\n\n\n\n<h2 class=\"wp-block-heading\">Kock\u00e1zatok, m\u00edtoszok \u00e9s val\u00f3s\u00e1g<\/h2>\n\n\n\n<p>Ez a t\u00e9ma n\u00e9ha elt\u00falzott. Tiszt\u00e1zzunk n\u00e9h\u00e1ny dolgot:<\/p>\n\n\n\n<ul>\n<li><strong>M\u00edtosz: A mesters\u00e9ges intelligencia minden munkahelyet megsz\u00fcntet<\/strong><br>Val\u00f3s\u00e1g: Automatiz\u00e1lni fog bizonyos ism\u00e9tl\u0151d\u0151 feladatokat, de keresletet fog gener\u00e1lni kieg\u00e9sz\u00edt\u0151 \u00e9s \u00faj munkahelyek ir\u00e1nt.<\/li>\n\n\n\n<li><strong>M\u00edtosz: Csak PhD-vel rendelkez\u0151k dolgozhatnak a mesters\u00e9ges intelligenci\u00e1ban<\/strong><br>Val\u00f3s\u00e1g: Ahogy a leg\u00fajabb tanulm\u00e1nyokban is l\u00e1thattuk, a k\u00e9szs\u00e9gek sok esetben fel\u00fclm\u00falj\u00e1k a diplom\u00e1kat.<\/li>\n\n\n\n<li><strong>Kock\u00e1zat: torz\u00edt\u00e1sok \u00e9s tisztess\u00e9gtelen algoritmikus d\u00f6nt\u00e9sek<\/strong><br>Ha a mesters\u00e9ges intelligencia nem veszi figyelembe a tervez\u00e9s sor\u00e1n, az emberi szem sz\u00e1m\u00e1ra l\u00e1thatatlan egyenl\u0151tlens\u00e9geket tarthat fenn.<\/li>\n\n\n\n<li><strong>Kock\u00e1zat: gyors elavul\u00e1s<\/strong><br>Akik nem tudnak l\u00e9p\u00e9st tartani a fejl\u0151d\u00e9ssel, lemaradnak. A technol\u00f3gi\u00e1k gyorsan v\u00e1ltoznak.<\/li>\n\n\n\n<li><strong>Val\u00f3s\u00e1g: Nem minden lesz mesters\u00e9ges intelligencia \u00e1ltal vez\u00e9relt, az emberi k\u00e9szs\u00e9gek elengedhetetlenek lesznek<\/strong><br>Az olyan k\u00e9szs\u00e9gek, mint a kreativit\u00e1s, a kritikai \u00edt\u00e9l\u0151k\u00e9pess\u00e9g \u00e9s az emp\u00e1tia, p\u00f3tolhatatlan tulajdons\u00e1gok maradnak, m\u00e9g egy automatiz\u00e1lt vil\u00e1gban is.<\/li>\n<\/ul>\n\n\n\n<h2 class=\"wp-block-heading\">K\u00f6vetkeztet\u00e9s<\/h2>\n\n\n\n<p>\u00d6sszefoglalva, <strong><a href=\"https:\/\/universofamilia.com\/hu\/trabalho-remoto-em-2025-as-novas-tendencias-do-home-office\/\">Szakm\u00e1k<\/a> a j\u00f6v\u0151r\u0151l: fellend\u00fcl\u0151 karrierek mesters\u00e9ges intelligenci\u00e1val<\/strong> Ez nem egy k\u00f6lt\u0151i kifejez\u00e9s: ez egy ir\u00e1ny, egy felsz\u00f3l\u00edt\u00e1s azok sz\u00e1m\u00e1ra, akik relev\u00e1nsak akarnak maradni.<\/p>\n\n\n\n<p>A strat\u00e9giai profilokra \u00f6sszpontos\u00edtva, a kulcsfontoss\u00e1g\u00fa k\u00e9szs\u00e9gek fejleszt\u00e9s\u00e9vel \u00e9s a mai kezd\u00e9ssel nemcsak t\u00fal\u00e9led a v\u00e1ltoz\u00e1st, hanem akt\u00edv r\u00e9sz\u00e9v\u00e9 is v\u00e1lsz.<\/p>\n\n\n\n<p>A munka vil\u00e1ga m\u00e1r nem v\u00e1r: te d\u00f6nt\u00f6d el, hogy lemaradsz-e, vagy el\u0151r\u00e9bb jutsz.<\/p>\n\n\n\n<p>B\u0151vebben:&nbsp;<a href=\"http:\/\/universofamilia.com\/hu\/como-montar-un-home-office-productivo-gastando-poco\/\">Hogyan hozzunk l\u00e9tre egy produkt\u00edv otthoni irod\u00e1t k\u00f6lts\u00e9gvet\u00e9sb\u0151l?<\/a><\/p>\n\n\n\n<h2 class=\"wp-block-heading\">Gyakran Ism\u00e9telt K\u00e9rd\u00e9sek<\/h2>\n\n\n\n<p><strong>Sz\u00fcks\u00e9gem van egyetemi diplom\u00e1ra ahhoz, hogy ezekben a szakm\u00e1kban dolgozzak?<\/strong><br>Nem felt\u00e9tlen\u00fcl. A k\u00e9szs\u00e9galap\u00fa felv\u00e9teli trend azt mutatja, hogy sok munkak\u00f6r a hagyom\u00e1nyos diplom\u00e1kkal szemben a konkr\u00e9t kompetenci\u00e1kat helyezi el\u0151t\u00e9rbe.<\/p>\n\n\n\n<p><strong>Mennyi id\u0151be telhet, mire valaki \u00fajra a mesters\u00e9ges intelligencia fel\u00e9 fordul?<\/strong><br>Att\u00f3l f\u00fcgg, honnan indulsz, de fegyelemmel \u00e9s j\u00f3 \u00f6sszpontos\u00edt\u00e1ssal 6-12 h\u00f3nap alatt val\u00f3di projektekkel megalapozhatod a dolgokat.<\/p>\n\n\n\n<p><strong>Biztons\u00e1gos-e ilyen v\u00e1ltoz\u00f3 szerepekre hagyatkozni?<\/strong><br>Igen, ha olyan szakm\u00e1kat v\u00e1lasztasz, amelyekben er\u0151s az emberi \u00f6sszetev\u0151 (etika, integr\u00e1ci\u00f3, ir\u00e1ny\u00edt\u00e1s), \u00e9s folyamatosan tanulsz.<\/p>\n\n\n\n<p><strong>T\u00f6bb vesz\u00e9lyt jelent a mesters\u00e9ges intelligencia, mint lehet\u0151s\u00e9get?<\/strong><br>Nem felt\u00e9tlen\u00fcl \u2013 ez egy dualista eszk\u00f6z. Akik j\u00f3l b\u00e1nnak vele, azok teremtenek \u00e9rt\u00e9ket \u00e9s vezet\u0151 szerepet, nem pedig azok, akik szenvednek t\u0151le.<\/p>","protected":false},"excerpt":{"rendered":"<p>Kezdetben \u00e9rdemes kiemelni, hogy a \u201eJ\u00f6v\u0151 szakm\u00e1i: Fellend\u00fcl\u0151 karrierek mesters\u00e9ges intelligenci\u00e1val\u201d c\u00edm\u0171 k\u00f6nyv a munkaer\u0151piac jelenlegi helyzet\u00e9t t\u00fckr\u00f6zve emeli karrierc\u00e9ljaidat. Most minden eddigin\u00e9l fontosabb, hogy a megfelel\u0151 karrier kiv\u00e1laszt\u00e1sa ne a v\u00e9letlenen m\u00faljon: megk\u00f6veteli a v\u00e1ltoz\u00e1sok el\u0151rejelz\u00e9s\u00e9t, a technol\u00f3giai \u00e1talakul\u00e1sok meg\u00e9rt\u00e9s\u00e9t \u00e9s a felk\u00e9sz\u00fcl\u00e9st olyan szerepk\u00f6r\u00f6kre, amelyek [\u2026]<\/p>","protected":false},"author":219,"featured_media":10143,"comment_status":"closed","ping_status":"open","sticky":false,"template":"","format":"standard","meta":{"footnotes":""},"categories":[5],"tags":[],"yoast_head":"<!-- This site is optimized with the Yoast SEO plugin v23.3 - https:\/\/yoast.com\/wordpress\/plugins\/seo\/ -->\n<title>Profesiones del futuro: carreras en auge con la inteligencia artificial - Universo Fam\u00edlia<\/title>\n<meta name=\"description\" content=\"Desde el inicio, vale destacar que Profesiones del futuro: carreras en auge con la inteligencia artificial encabeza tus aspiraciones...\" \/>\n<meta name=\"robots\" content=\"index, follow, max-snippet:-1, max-image-preview:large, max-video-preview:-1\" \/>\n<link rel=\"canonical\" href=\"https:\/\/universofamilia.com\/hu\/profesiones-del-futuro\/\" \/>\n<meta property=\"og:locale\" content=\"hu_HU\" \/>\n<meta property=\"og:type\" content=\"article\" \/>\n<meta property=\"og:title\" content=\"Profesiones del futuro: carreras en auge con la inteligencia artificial - Universo Fam\u00edlia\" \/>\n<meta property=\"og:description\" content=\"Desde el inicio, vale destacar que Profesiones del futuro: carreras en auge con la inteligencia artificial encabeza tus aspiraciones...\" \/>\n<meta property=\"og:url\" content=\"https:\/\/universofamilia.com\/hu\/profesiones-del-futuro\/\" \/>\n<meta property=\"og:site_name\" content=\"Universo Fam\u00edlia\" \/>\n<meta property=\"article:published_time\" content=\"2025-10-15T18:10:12+00:00\" \/>\n<meta property=\"article:modified_time\" content=\"2025-10-15T19:14:43+00:00\" \/>\n<meta property=\"og:image\" content=\"https:\/\/universofamilia.com\/wp-content\/uploads\/sites\/148\/2025\/10\/Destaque-Novo-Universo-5.jpg\" \/>\n\t<meta property=\"og:image:width\" content=\"450\" \/>\n\t<meta property=\"og:image:height\" content=\"250\" \/>\n\t<meta property=\"og:image:type\" content=\"image\/jpeg\" \/>\n<meta name=\"author\" content=\"Matheus Sangaletti\" \/>\n<meta name=\"twitter:card\" content=\"summary_large_image\" \/>\n<meta name=\"twitter:label1\" content=\"Written by\" \/>\n\t<meta name=\"twitter:data1\" content=\"Matheus Sangaletti\" \/>\n\t<meta name=\"twitter:label2\" content=\"Est. reading time\" \/>\n\t<meta name=\"twitter:data2\" content=\"8 perc\" \/>\n<script type=\"application\/ld+json\" class=\"yoast-schema-graph\">{\"@context\":\"https:\/\/schema.org\",\"@graph\":[{\"@type\":\"WebPage\",\"@id\":\"https:\/\/universofamilia.com\/pl\/profesiones-del-futuro\/\",\"url\":\"https:\/\/universofamilia.com\/pl\/profesiones-del-futuro\/\",\"name\":\"Profesiones del futuro: carreras en auge con la inteligencia artificial - Universo Fam\u00edlia\",\"isPartOf\":{\"@id\":\"https:\/\/universofamilia.com\/el\/#website\"},\"primaryImageOfPage\":{\"@id\":\"https:\/\/universofamilia.com\/pl\/profesiones-del-futuro\/#primaryimage\"},\"image\":{\"@id\":\"https:\/\/universofamilia.com\/pl\/profesiones-del-futuro\/#primaryimage\"},\"thumbnailUrl\":\"http:\/\/universofamilia.com\/wp-content\/uploads\/sites\/148\/2025\/10\/Destaque-Novo-Universo-5.jpg\",\"datePublished\":\"2025-10-15T18:10:12+00:00\",\"dateModified\":\"2025-10-15T19:14:43+00:00\",\"author\":{\"@id\":\"https:\/\/universofamilia.com\/el\/#\/schema\/person\/92fcd07e9b1f4323bf74f3170fc0f78a\"},\"description\":\"Desde el inicio, vale destacar que Profesiones del futuro: carreras en auge con la inteligencia artificial encabeza tus aspiraciones...\",\"breadcrumb\":{\"@id\":\"https:\/\/universofamilia.com\/pl\/profesiones-del-futuro\/#breadcrumb\"},\"inLanguage\":\"hu\",\"potentialAction\":[{\"@type\":\"ReadAction\",\"target\":[\"https:\/\/universofamilia.com\/pl\/profesiones-del-futuro\/\"]}]},{\"@type\":\"ImageObject\",\"inLanguage\":\"hu\",\"@id\":\"https:\/\/universofamilia.com\/pl\/profesiones-del-futuro\/#primaryimage\",\"url\":\"http:\/\/universofamilia.com\/wp-content\/uploads\/sites\/148\/2025\/10\/Destaque-Novo-Universo-5.jpg\",\"contentUrl\":\"http:\/\/universofamilia.com\/wp-content\/uploads\/sites\/148\/2025\/10\/Destaque-Novo-Universo-5.jpg\",\"width\":450,\"height\":250},{\"@type\":\"BreadcrumbList\",\"@id\":\"https:\/\/universofamilia.com\/pl\/profesiones-del-futuro\/#breadcrumb\",\"itemListElement\":[{\"@type\":\"ListItem\",\"position\":1,\"name\":\"Home\",\"item\":\"https:\/\/universofamilia.com\/el\/\"},{\"@type\":\"ListItem\",\"position\":2,\"name\":\"Profesiones del futuro: carreras en auge con la inteligencia artificial\"}]},{\"@type\":\"WebSite\",\"@id\":\"https:\/\/universofamilia.com\/el\/#website\",\"url\":\"https:\/\/universofamilia.com\/el\/\",\"name\":\"Universo Fam\u00edlia\",\"description\":\"\",\"potentialAction\":[{\"@type\":\"SearchAction\",\"target\":{\"@type\":\"EntryPoint\",\"urlTemplate\":\"https:\/\/universofamilia.com\/el\/?s={search_term_string}\"},\"query-input\":\"required name=search_term_string\"}],\"inLanguage\":\"hu\"},{\"@type\":\"Person\",\"@id\":\"https:\/\/universofamilia.com\/el\/#\/schema\/person\/92fcd07e9b1f4323bf74f3170fc0f78a\",\"name\":\"Matheus Sangaletti\",\"image\":{\"@type\":\"ImageObject\",\"inLanguage\":\"hu\",\"@id\":\"https:\/\/universofamilia.com\/el\/#\/schema\/person\/image\/\",\"url\":\"http:\/\/2.gravatar.com\/avatar\/280ea957a14a48e6a1ad2133d2cc27c9?s=96&d=mm&r=g\",\"contentUrl\":\"http:\/\/2.gravatar.com\/avatar\/280ea957a14a48e6a1ad2133d2cc27c9?s=96&d=mm&r=g\",\"caption\":\"Matheus Sangaletti\"},\"url\":\"http:\/\/universofamilia.com\/hu\/author\/matheuss\/\"}]}<\/script>\n<!-- \/ Yoast SEO plugin. -->","yoast_head_json":{"title":"Profesiones del futuro: carreras en auge con la inteligencia artificial - Universo Fam\u00edlia","description":"Desde el inicio, vale destacar que Profesiones del futuro: carreras en auge con la inteligencia artificial encabeza tus aspiraciones...","robots":{"index":"index","follow":"follow","max-snippet":"max-snippet:-1","max-image-preview":"max-image-preview:large","max-video-preview":"max-video-preview:-1"},"canonical":"https:\/\/universofamilia.com\/hu\/profesiones-del-futuro\/","og_locale":"hu_HU","og_type":"article","og_title":"Profesiones del futuro: carreras en auge con la inteligencia artificial - Universo Fam\u00edlia","og_description":"Desde el inicio, vale destacar que Profesiones del futuro: carreras en auge con la inteligencia artificial encabeza tus aspiraciones...","og_url":"https:\/\/universofamilia.com\/hu\/profesiones-del-futuro\/","og_site_name":"Universo Fam\u00edlia","article_published_time":"2025-10-15T18:10:12+00:00","article_modified_time":"2025-10-15T19:14:43+00:00","og_image":[{"width":450,"height":250,"url":"https:\/\/universofamilia.com\/wp-content\/uploads\/sites\/148\/2025\/10\/Destaque-Novo-Universo-5.jpg","type":"image\/jpeg"}],"author":"Matheus Sangaletti","twitter_card":"summary_large_image","twitter_misc":{"Written by":"Matheus Sangaletti","Est. reading time":"8 perc"},"schema":{"@context":"https:\/\/schema.org","@graph":[{"@type":"WebPage","@id":"https:\/\/universofamilia.com\/pl\/profesiones-del-futuro\/","url":"https:\/\/universofamilia.com\/pl\/profesiones-del-futuro\/","name":"Profesiones del futuro: carreras en auge con la inteligencia artificial - Universo Fam\u00edlia","isPartOf":{"@id":"https:\/\/universofamilia.com\/el\/#website"},"primaryImageOfPage":{"@id":"https:\/\/universofamilia.com\/pl\/profesiones-del-futuro\/#primaryimage"},"image":{"@id":"https:\/\/universofamilia.com\/pl\/profesiones-del-futuro\/#primaryimage"},"thumbnailUrl":"http:\/\/universofamilia.com\/wp-content\/uploads\/sites\/148\/2025\/10\/Destaque-Novo-Universo-5.jpg","datePublished":"2025-10-15T18:10:12+00:00","dateModified":"2025-10-15T19:14:43+00:00","author":{"@id":"https:\/\/universofamilia.com\/el\/#\/schema\/person\/92fcd07e9b1f4323bf74f3170fc0f78a"},"description":"Desde el inicio, vale destacar que Profesiones del futuro: carreras en auge con la inteligencia artificial encabeza tus aspiraciones...","breadcrumb":{"@id":"https:\/\/universofamilia.com\/pl\/profesiones-del-futuro\/#breadcrumb"},"inLanguage":"hu","potentialAction":[{"@type":"ReadAction","target":["https:\/\/universofamilia.com\/pl\/profesiones-del-futuro\/"]}]},{"@type":"ImageObject","inLanguage":"hu","@id":"https:\/\/universofamilia.com\/pl\/profesiones-del-futuro\/#primaryimage","url":"http:\/\/universofamilia.com\/wp-content\/uploads\/sites\/148\/2025\/10\/Destaque-Novo-Universo-5.jpg","contentUrl":"http:\/\/universofamilia.com\/wp-content\/uploads\/sites\/148\/2025\/10\/Destaque-Novo-Universo-5.jpg","width":450,"height":250},{"@type":"BreadcrumbList","@id":"https:\/\/universofamilia.com\/pl\/profesiones-del-futuro\/#breadcrumb","itemListElement":[{"@type":"ListItem","position":1,"name":"Home","item":"https:\/\/universofamilia.com\/el\/"},{"@type":"ListItem","position":2,"name":"Profesiones del futuro: carreras en auge con la inteligencia artificial"}]},{"@type":"WebSite","@id":"https:\/\/universofamilia.com\/el\/#website","url":"https:\/\/universofamilia.com\/el\/","name":"Universo Fam\u00edlia","description":"","potentialAction":[{"@type":"SearchAction","target":{"@type":"EntryPoint","urlTemplate":"https:\/\/universofamilia.com\/el\/?s={search_term_string}"},"query-input":"required name=search_term_string"}],"inLanguage":"hu"},{"@type":"Person","@id":"https:\/\/universofamilia.com\/el\/#\/schema\/person\/92fcd07e9b1f4323bf74f3170fc0f78a","name":"Matheus Sangaletti","image":{"@type":"ImageObject","inLanguage":"hu","@id":"https:\/\/universofamilia.com\/el\/#\/schema\/person\/image\/","url":"http:\/\/2.gravatar.com\/avatar\/280ea957a14a48e6a1ad2133d2cc27c9?s=96&d=mm&r=g","contentUrl":"http:\/\/2.gravatar.com\/avatar\/280ea957a14a48e6a1ad2133d2cc27c9?s=96&d=mm&r=g","caption":"Matheus Sangaletti"},"url":"http:\/\/universofamilia.com\/hu\/author\/matheuss\/"}]}},"_links":{"self":[{"href":"http:\/\/universofamilia.com\/hu\/wp-json\/wp\/v2\/posts\/10142"}],"collection":[{"href":"http:\/\/universofamilia.com\/hu\/wp-json\/wp\/v2\/posts"}],"about":[{"href":"http:\/\/universofamilia.com\/hu\/wp-json\/wp\/v2\/types\/post"}],"author":[{"embeddable":true,"href":"http:\/\/universofamilia.com\/hu\/wp-json\/wp\/v2\/users\/219"}],"replies":[{"embeddable":true,"href":"http:\/\/universofamilia.com\/hu\/wp-json\/wp\/v2\/comments?post=10142"}],"version-history":[{"count":5,"href":"http:\/\/universofamilia.com\/hu\/wp-json\/wp\/v2\/posts\/10142\/revisions"}],"predecessor-version":[{"id":10162,"href":"http:\/\/universofamilia.com\/hu\/wp-json\/wp\/v2\/posts\/10142\/revisions\/10162"}],"wp:featuredmedia":[{"embeddable":true,"href":"http:\/\/universofamilia.com\/hu\/wp-json\/wp\/v2\/media\/10143"}],"wp:attachment":[{"href":"http:\/\/universofamilia.com\/hu\/wp-json\/wp\/v2\/media?parent=10142"}],"wp:term":[{"taxonomy":"category","embeddable":true,"href":"http:\/\/universofamilia.com\/hu\/wp-json\/wp\/v2\/categories?post=10142"},{"taxonomy":"post_tag","embeddable":true,"href":"http:\/\/universofamilia.com\/hu\/wp-json\/wp\/v2\/tags?post=10142"}],"curies":[{"name":"wp","href":"https:\/\/api.w.org\/{rel}","templated":true}]}}