{"id":10165,"date":"2025-10-16T15:39:54","date_gmt":"2025-10-16T18:39:54","guid":{"rendered":"https:\/\/universofamilia.com\/?p=10165"},"modified":"2025-10-16T15:39:57","modified_gmt":"2025-10-16T18:39:57","slug":"elecciones-en-todo-el-mundo-en-2025-tendencias-y-retos","status":"publish","type":"post","link":"http:\/\/universofamilia.com\/hu\/elecciones-en-todo-el-mundo-en-2025-tendencias-y-retos\/","title":{"rendered":"V\u00e1laszt\u00e1sok a vil\u00e1gban 2025-ben: trendek \u00e9s kih\u00edv\u00e1sok"},"content":{"rendered":"<p class=\"has-text-align-center\">Az els\u0151 bekezd\u00e9sb\u0151l: <strong>V\u00e1laszt\u00e1sok a vil\u00e1gban 2025-ben: trendek \u00e9s kih\u00edv\u00e1sok<\/strong> Ez nem csup\u00e1n egy f\u0151c\u00edm: \u00e9l\u00e9nk pillanatk\u00e9pet ad a politikai konfliktusokr\u00f3l, a demokratikus \u00faj\u00edt\u00e1sokr\u00f3l \u00e9s a glob\u00e1lis ir\u00e1nyt meghat\u00e1roz\u00f3 kock\u00e1zatokr\u00f3l.<\/p>\n\n\n\n<figure class=\"wp-block-gallery aligncenter has-nested-images columns-default is-cropped wp-block-gallery-1 is-layout-flex wp-block-gallery-is-layout-flex\">\n<figure class=\"wp-block-image size-full\"><img loading=\"lazy\" decoding=\"async\" width=\"450\" height=\"250\" data-id=\"10167\" src=\"https:\/\/universofamilia.com\/wp-content\/uploads\/sites\/148\/2025\/10\/Destaque-Novo-Universo-9-1.jpg\" alt=\"\" class=\"wp-image-10167\" srcset=\"http:\/\/universofamilia.com\/wp-content\/uploads\/sites\/148\/2025\/10\/Destaque-Novo-Universo-9-1.jpg 450w, http:\/\/universofamilia.com\/wp-content\/uploads\/sites\/148\/2025\/10\/Destaque-Novo-Universo-9-1-300x167.jpg 300w, http:\/\/universofamilia.com\/wp-content\/uploads\/sites\/148\/2025\/10\/Destaque-Novo-Universo-9-1-18x10.jpg 18w\" sizes=\"(max-width: 450px) 100vw, 450px\" \/><figcaption class=\"wp-element-caption\">CANVA<\/figcaption><\/figure>\n<\/figure>\n\n\n\n<p class=\"has-text-align-center\">\u00cdme egy c\u00e9ltudatos elemz\u00e9s: meg\u00e9rtheti a jelenlegi v\u00e1laszt\u00e1sokat alak\u00edt\u00f3 er\u0151ket, a legs\u00fcrget\u0151bb akad\u00e1lyokat, \u00e9s azt, hogy a polg\u00e1rok hogyan er\u0151s\u00edthetik meg k\u00e9pviseleti rendszereiket.<\/p>\n\n\n\n<p><strong>\u00d6sszefoglal\u00e1s<\/strong><\/p>\n\n\n\n<ul>\n<li>\u00c1ttekint\u00e9s: Mi\u00e9rt fontos a 2025<\/li>\n\n\n\n<li>A v\u00e1laszt\u00e1si folyamatok domin\u00e1ns trendjei<\/li>\n\n\n\n<li>A demokratikus legitimit\u00e1st vesz\u00e9lyeztet\u0151 kih\u00edv\u00e1sok<\/li>\n\n\n\n<li>K\u00e9t szeml\u00e9ltet\u0151 eset<\/li>\n\n\n\n<li>Strat\u00e9gi\u00e1k a hiteles v\u00e1laszt\u00e1sok v\u00e9delm\u00e9re<\/li>\n\n\n\n<li>Reflekt\u00edv k\u00f6vetkeztet\u00e9s<\/li>\n\n\n\n<li>Gyakran Ism\u00e9telt K\u00e9rd\u00e9sek<\/li>\n<\/ul>\n\n\n\n<h2 class=\"wp-block-heading\">\u00c1ttekint\u00e9s: Mi\u00e9rt fontos a 2025<\/h2>\n\n\n\n<p>Ez az \u00e9v fordul\u00f3pontot jelent: a 2023-as \u00e9s 2024-es hatalmas v\u00e1laszt\u00e1si ciklusok ut\u00e1n az elv\u00e1r\u00e1sok a halad\u00e1s megszil\u00e1rd\u00edt\u00e1s\u00e1ra vagy a visszaes\u00e9sek s\u00falyosb\u00edt\u00e1s\u00e1ra ir\u00e1nyulnak.<\/p>\n\n\n\n<p>A v\u00e1laszt\u00e1si hiteless\u00e9g glob\u00e1lisan visszaesett a Nemzetk\u00f6zi IDEA Index szerint, amely a szabad \u00e9s tisztess\u00e9ges v\u00e1laszt\u00e1sok t\u00f6rt\u00e9net\u00e9nek legnagyobb visszaes\u00e9s\u00e9t regisztr\u00e1lja 2023-ban.<\/p>\n\n\n\n<p>A k\u00f6zelm\u00faltbeli k\u00f6zel 20 orsz\u00e1gos v\u00e1laszt\u00e1son legal\u00e1bb egy legy\u0151z\u00f6tt jel\u00f6lt elutas\u00edtotta az eredm\u00e9nyeket.<\/p>\n\n\n\n<p>Amikor arr\u00f3l besz\u00e9lsz, <strong>V\u00e1laszt\u00e1sok a vil\u00e1gban 2025-ben: trendek \u00e9s kih\u00edv\u00e1sok<\/strong>Nem optimista szeml\u00e9letet k\u00f6vetelsz, hanem vil\u00e1gos \u00e9s kritikus j\u00f6v\u0151k\u00e9pet: tudod, hogy a bizalom megkopott, de azt is, hogy van t\u00e9r a cselekv\u00e9sre.<\/p>\n\n\n\n<h2 class=\"wp-block-heading\">A v\u00e1laszt\u00e1si folyamatok domin\u00e1ns trendjei<\/h2>\n\n\n\n<h3 class=\"wp-block-heading\">Digitaliz\u00e1ci\u00f3 \u00e9s \u00faj szavaz\u00e1si m\u00f3dszerek<\/h3>\n\n\n\n<p>Egyre terjed az olyan digit\u00e1lis mechanizmusok bevezet\u00e9se, mint a t\u00e1vszavaz\u00e1s, a titkos\u00edtott platformok \u00e9s a technol\u00f3giai auditok. <\/p>\n\n\n\n<p>Egy friss tanulm\u00e1ny a k\u00f6vetkez\u0151 rendszerekre \u00e9p\u00fcl: <strong>blokkl\u00e1nc<\/strong> az \u00e1tl\u00e1that\u00f3s\u00e1g n\u00f6vel\u00e9se \u00e9s a sebezhet\u0151s\u00e9gek cs\u00f6kkent\u00e9se \u00e9rdek\u00e9ben.<\/p>\n\n\n\n<p>Ez a technol\u00f3giai v\u00e1lt\u00e1s er\u0151s sz\u00f6vets\u00e9ges lehet, b\u00e1r szil\u00e1rd biztons\u00e1gi \u00e9s fel\u00fcgyeleti felt\u00e9teleket ig\u00e9nyel.<\/p>\n\n\n\n<h3 class=\"wp-block-heading\">A r\u00e9szv\u00e9tel cs\u00f6kken\u00e9se \u00e9s a k\u00e9rd\u00e9sek sz\u00e1m\u00e1nak n\u00f6veked\u00e9se<\/h3>\n\n\n\n<p>A cs\u00f6kken\u0151 r\u00e9szv\u00e9teli ar\u00e1ny l\u00e1that\u00f3 t\u00fcnet: a demokratikus piac vesz\u00edt a v\u00e1s\u00e1rl\u00f3kb\u00f3l.<\/p>\n\n\n\n<p>2008 \u00e9s 2023 k\u00f6z\u00f6tt a glob\u00e1lis \u00e1tlagos v\u00e1laszt\u00e1si r\u00e9szv\u00e9tel 65,2%-r\u00f3l (%) 55,5%-ra emelkedett.<\/p>\n\n\n\n<p>Ez a k\u00fcl\u00f6nbs\u00e9g nem puszt\u00e1n statisztikai: t\u00f6bb ezer olyan hangot \u00e9rint, amelyek m\u00e1r nem \u00e9rzik magukat k\u00e9pviselve.<\/p>\n\n\n\n<p>A v\u00e1laszt\u00e1sok hiteless\u00e9ge nyom\u00e1s alatt \u00e1ll: az IDEA jelent\u00e9se szerint 2024-ben a v\u00e1laszt\u00f3k egyharmada olyan orsz\u00e1gokban szavazott, ahol az elj\u00e1r\u00e1sok min\u0151s\u00e9ge alacsonyabb volt, mint a kor\u00e1bbi v\u00e1laszt\u00e1sokon.<\/p>\n\n\n\n<h3 class=\"wp-block-heading\">Polariz\u00e1ci\u00f3, digit\u00e1lis manipul\u00e1ci\u00f3 \u00e9s int\u00e9zm\u00e9nyi t\u00f6r\u00e9kenys\u00e9g<\/h3>\n\n\n\n<p>C\u00e9lzott propaganda, automatiz\u00e1lt kamp\u00e1nyok, deepfake-ek \u00e9s asztroturfingok lappangnak.<\/p>\n\n\n\n<p>Eur\u00f3p\u00e1ban dokument\u00e1ltak olyan eseteket, amikor az algoritmusok haszn\u00e1lata bizonyos jel\u00f6lteket el\u0151nyben r\u00e9szes\u00edtett, \u00e9s az eredm\u00e9nyek r\u00e9szleges \u00e9rv\u00e9nytelen\u00edt\u00e9s\u00e9hez vezetett.<\/p>\n\n\n\n<p>A technol\u00f3gia \u00e9s a politikai vit\u00e1k konvergenci\u00e1ja minden v\u00e1laszt\u00e1st l\u00e1thatatlan csatat\u00e9rr\u00e9 v\u00e1ltoztat.<\/p>\n\n\n\n<p>Ebben a forgat\u00f3k\u00f6nyvben a v\u00e1laszt\u00e1si int\u00e9zm\u00e9nyek, a f\u00fcggetlen m\u00e9dia \u00e9s az ellen\u0151rz\u00e9sek d\u00f6nt\u0151 szerepet j\u00e1tszanak.<\/p>\n\n\n\n<h2 class=\"wp-block-heading\">A demokratikus legitimit\u00e1st vesz\u00e9lyeztet\u0151 kih\u00edv\u00e1sok<\/h2>\n\n\n\n<h3 class=\"wp-block-heading\">Rendszerszint\u0171 f\u00e9lret\u00e1j\u00e9koztat\u00e1s<\/h3>\n\n\n\n<p>Mivel a k\u00f6z\u00f6ss\u00e9gi m\u00e9dia er\u0151teljesen befoly\u00e1solja a helyzetet, az \u00e1lh\u00edrek terjed\u00e9se torz\u00edthatja a napirendet, polariz\u00e1lhatja a t\u00e1rsadalmakat \u00e9s gyeng\u00edtheti az int\u00e9zm\u00e9nyi bizalmat.<\/p>\n\n\n\n<p>Ez egy csendes, de hal\u00e1los ellens\u00e9g.<\/p>\n\n\n\n<h3 class=\"wp-block-heading\">Int\u00e9zm\u00e9nyi befog\u00e1s \u00e9s puha csal\u00e1s<\/h3>\n\n\n\n<p>Amikor a korm\u00e1nyp\u00e1rt manipul\u00e1lja a v\u00e1laszt\u00e1si szab\u00e1lyokat, f\u00fcggetlen test\u00fcleteket ellen\u0151riz, vagy \u00e1llami forr\u00e1sokat haszn\u00e1l fel saj\u00e1t haszn\u00e1ra, a j\u00e1t\u00e9kt\u00e9r egyenl\u0151tlen.<\/p>\n\n\n\n<p>Burundiban p\u00e9ld\u00e1ul a 2025-\u00f6s parlamenti v\u00e1laszt\u00e1sok az ellenz\u00e9k kiz\u00e1r\u00e1s\u00e1t \u00e9s a korm\u00e1nyp\u00e1rt abszol\u00fat gy\u0151zelm\u00e9t eredm\u00e9nyezt\u00e9k.<\/p>\n\n\n\n<p>Egy m\u00e1sik figyelemre m\u00e9lt\u00f3 eset Feh\u00e9roroszorsz\u00e1g: Lukasenka eln\u00f6k a szavazatok t\u00f6bb mint 85%-\u00e1t szerezte meg egy olyan v\u00e1laszt\u00e1son, amelyet sz\u00e9les k\u00f6rben sz\u00ednleltnek nevezett.<\/p>\n\n\n\n<p>Ez egy metafora a v\u00e1laszt\u00e1si rendszer cerem\u00f3ni\u00e1v\u00e1 alak\u00edt\u00e1s\u00e1ra.<\/p>\n\n\n\n<h3 class=\"wp-block-heading\">Szoci\u00e1lis \u00e9s hozz\u00e1f\u00e9r\u00e9si hi\u00e1nyoss\u00e1gok<\/h3>\n\n\n\n<p>A struktur\u00e1lis egyenl\u0151tlens\u00e9g, a szolg\u00e1ltat\u00e1sok hi\u00e1nya, a f\u00f6ldrajzi akad\u00e1lyok \u00e9s a digit\u00e1lis deficit a v\u00e1laszt\u00f3k eg\u00e9sz r\u00e9tegeit marginaliz\u00e1lj\u00e1k. Ha egy \u00e1llampolg\u00e1r nem jut inform\u00e1ci\u00f3hoz, nem regisztr\u00e1lhat, vagy nem juthat el a szavaz\u00f3helyis\u00e9gbe, az korl\u00e1tozza a politikai jogait.<\/p>\n\n\n\n<h3 class=\"wp-block-heading\">V\u00e1laszt\u00e1si er\u0151szak \u00e9s bizonytalans\u00e1g<\/h3>\n\n\n\n<p>Sok orsz\u00e1gban fenyegetik a jel\u00f6lteket, t\u00e1madj\u00e1k a szavaz\u00f3helyis\u00e9geket, \u00e9s elnyomj\u00e1k a t\u00fcntet\u0151ket.<\/p>\n\n\n\n<p>A Freedom House szerint 2024-ben t\u00f6bb mint 40 olyan ter\u00fcleten t\u00f6rt\u00e9nt er\u0151szakos, megf\u00e9leml\u00edt\u0151 vagy agressz\u00edv cselekm\u00e9ny, ahol orsz\u00e1gos v\u00e1laszt\u00e1sokat tartottak.<\/p>\n\n\n\n<p>A fenyeget\u00e9s nem hipotetikus: van arca, hat\u00e1sa \u00e9s val\u00f3s k\u00f6vetkezm\u00e9nyei a legitimit\u00e1s felfog\u00e1s\u00e1ra n\u00e9zve.<\/p>\n\n\n\n<h2 class=\"wp-block-heading\">K\u00e9t szeml\u00e9ltet\u0151 p\u00e9lda<\/h2>\n\n\n\n<p><strong>1. eset: Ecuador 2025 (Latin-Amerika)<\/strong><br>A 2025. febru\u00e1r-\u00e1prilisi ecuadori \u00e1ltal\u00e1nos v\u00e1laszt\u00e1sokon az % v\u00e1laszt\u00e1si rendszerben 82%-os volt a r\u00e9szv\u00e9teli ar\u00e1ny.<\/p>\n\n\n\n<p>K\u00e9rd\u00e9sek mer\u00fclnek fel: mi hajtja ezt a mozg\u00f3s\u00edt\u00e1st a sz\u00e9les k\u00f6r\u0171 ki\u00e1br\u00e1ndults\u00e1g ellen\u00e9re?<\/p>\n\n\n\n<p>Az eml\u00edtett t\u00e9nyez\u0151k k\u00f6z\u00e9 tartozik a magas polariz\u00e1ci\u00f3, a m\u00e9diabar\u00e1t jel\u00f6ltek jelenl\u00e9te \u00e9s az akt\u00edv \u00e1llampolg\u00e1ri tudatoss\u00e1g. <\/p>\n\n\n\n<p>Ez egy p\u00e9lda arra, hogy m\u00e9g fesz\u00fclt helyzetekben is a kollekt\u00edv fell\u00e9p\u00e9s megford\u00edthatja a trendeket.<\/p>\n\n\n\n<p><strong>2. eset: Liechtenstein 2025 (Eur\u00f3pa)<\/strong><br>Egy sokkal int\u00e9zm\u00e9nyesebb kontextusban Liechtensteinben t\u00f6rv\u00e9nyhoz\u00e1si v\u00e1laszt\u00e1sokat tartottak 76,3 (%) r\u00e9szv\u00e9teli ar\u00e1nnyal.<\/p>\n\n\n\n<p>Az eredm\u00e9ny sem nem volt l\u00e1tv\u00e1nyos, sem dr\u00e1mai, de azt t\u00fckr\u00f6zi, hogy m\u00e9g a mikro\u00e1llamokban is sz\u00e1m\u00edt a folyamat min\u0151s\u00e9ge: az \u00e1tl\u00e1that\u00f3s\u00e1g, a pluralizmus \u00e9s az egy\u00e9rtelm\u0171 szab\u00e1lyok fenntartj\u00e1k a bizalmat.<\/p>\n\n\n\n<p>Ezek a mint\u00e1k k\u00fcl\u00f6nb\u00f6z\u0151 forgat\u00f3k\u00f6nyveket \u00e1ll\u00edtanak szembe egym\u00e1ssal, az egyik a demokr\u00e1cia struktur\u00e1lis fesz\u00fclts\u00e9geivel, a m\u00e1sik pedig az int\u00e9zm\u00e9nyi stabilit\u00e1ssal foglalkozik, de mindkett\u0151 meger\u0151s\u00edti, hogy a <strong>V\u00e1laszt\u00e1sok a vil\u00e1gban 2025-ben: trendek \u00e9s kih\u00edv\u00e1sok<\/strong> K\u00fcl\u00f6nb\u00f6z\u0151 val\u00f3s\u00e1gok k\u00f6z\u00f6tt m\u0171k\u00f6dnek.<\/p>\n\n\n\n<h2 class=\"wp-block-heading\">Strat\u00e9gi\u00e1k a hiteles v\u00e1laszt\u00e1sok v\u00e9delm\u00e9re<\/h2>\n\n\n\n<h3 class=\"wp-block-heading\">Digit\u00e1lis \u00e1llampolg\u00e1ri nevel\u00e9s<\/h3>\n\n\n\n<p>A nyilv\u00e1noss\u00e1g oktat\u00e1sa a m\u00e9diaismeret, az int\u00e9zm\u00e9nyi m\u0171k\u00f6d\u00e9s, a forr\u00e1sellen\u0151rz\u00e9s \u00e9s a bejelent\u00e9si csatorn\u00e1k ter\u00e9n.<\/p>\n\n\n\n<p>Ha a polg\u00e1rok tudj\u00e1k, hogyan m\u0171k\u00f6dik a csal\u00e1s, gyorsabban reag\u00e1lnak.<\/p>\n\n\n\n<h3 class=\"wp-block-heading\">Inkluz\u00edv megfigyel\u00e9s \u00e9s f\u00fcggetlen auditok<\/h3>\n\n\n\n<p>Helyi \u00e9s nemzetk\u00f6zi misszi\u00f3k, a szavazatsz\u00e1ml\u00e1l\u00e1shoz val\u00f3 nyilv\u00e1nos hozz\u00e1f\u00e9r\u00e9s, az \u00e1tl\u00e1that\u00f3s\u00e1gi auditok \u00e9s a civil szervezetek r\u00e9szv\u00e9tel\u00e9nek el\u0151mozd\u00edt\u00e1sa.<\/p>\n\n\n\n<p>A kollekt\u00edv megfigyel\u00e9s visszatart\u00f3 er\u0151k\u00e9nt m\u0171k\u00f6dik.<\/p>\n\n\n\n<h3 class=\"wp-block-heading\">A digit\u00e1lis kamp\u00e1nyokra vonatkoz\u00f3 k\u00fcl\u00f6n szab\u00e1lyoz\u00e1sok<\/h3>\n\n\n\n<p>Korl\u00e1tozni kell a h\u00e1l\u00f3zati finansz\u00edroz\u00e1st, el\u0151 kell \u00edrni az algoritmikus \u00e1tl\u00e1that\u00f3s\u00e1got, szab\u00e1lyozni kell a mesters\u00e9ges intelligencia haszn\u00e1lat\u00e1t a politikai propagand\u00e1ban, \u00e9s b\u00fcntetni kell az anonim botok haszn\u00e1lat\u00e1t.<\/p>\n\n\n\n<p>A digit\u00e1lis jogi keretnek l\u00e9p\u00e9st kell tartania a technol\u00f3giai fejl\u0151d\u00e9ssel.<\/p>\n\n\n\n<h3 class=\"wp-block-heading\">Szavaz\u00e1si seg\u00e9dlet<\/h3>\n\n\n\n<p>Vezessenek be korai szavaz\u00e1si mechanizmusokat, hosszabb\u00edtott nyitvatart\u00e1si id\u0151t, mobil szavaz\u00f3k\u00f6zpontokat, k\u00fclf\u00f6ldi szavaz\u00e1st, \u00e9s sz\u00fcntess\u00e9k meg az \u00f6nk\u00e9nyes regisztr\u00e1ci\u00f3s akad\u00e1lyokat, hogy minden \u00e1llampolg\u00e1r gyakorolhassa jog\u00e1t.<\/p>\n\n\n\n<h3 class=\"wp-block-heading\">Er\u0151s int\u00e9zm\u00e9nyi v\u00e9delem<\/h3>\n\n\n\n<p>Biztos\u00edts\u00e1k, hogy a v\u00e1laszt\u00e1si test\u00fcletek auton\u00f3mi\u00e1val, megfelel\u0151 finansz\u00edroz\u00e1ssal \u00e9s civil fel\u00fcgyelet alatt \u00e1lljanak. Ha elfogj\u00e1k \u0151ket, az eg\u00e9sz folyamat \u00f6sszeomlik.<\/p>\n\n\n\n<figure class=\"wp-block-gallery aligncenter has-nested-images columns-default is-cropped wp-block-gallery-2 is-layout-flex wp-block-gallery-is-layout-flex\">\n<figure class=\"wp-block-image size-full\"><img loading=\"lazy\" decoding=\"async\" width=\"450\" height=\"250\" data-id=\"10168\" src=\"https:\/\/universofamilia.com\/wp-content\/uploads\/sites\/148\/2025\/10\/Destaque-Novo-Universo-10.jpg\" alt=\"\" class=\"wp-image-10168\" srcset=\"http:\/\/universofamilia.com\/wp-content\/uploads\/sites\/148\/2025\/10\/Destaque-Novo-Universo-10.jpg 450w, http:\/\/universofamilia.com\/wp-content\/uploads\/sites\/148\/2025\/10\/Destaque-Novo-Universo-10-300x167.jpg 300w, http:\/\/universofamilia.com\/wp-content\/uploads\/sites\/148\/2025\/10\/Destaque-Novo-Universo-10-18x10.jpg 18w\" sizes=\"(max-width: 450px) 100vw, 450px\" \/><figcaption class=\"wp-element-caption\">CANVA<\/figcaption><\/figure>\n<\/figure>\n\n\n\n<p>B\u0151vebben:\u00a0<a href=\"http:\/\/universofamilia.com\/hu\/crisis-climatica-global\/\">Glob\u00e1lis kl\u00edmav\u00e1ls\u00e1g: a hat\u00e1sok m\u00e1r milli\u00f3kat \u00e9rintenek<\/a><\/p>\n\n\n\n<h2 class=\"wp-block-heading\">Reflekt\u00edv k\u00f6vetkeztet\u00e9s<\/h2>\n\n\n\n<p>Amikor figyelembe vessz\u00fck <strong>V\u00e1laszt\u00e1sok a vil\u00e1gban 2025-ben: trendek \u00e9s kih\u00edv\u00e1sok<\/strong>, nem egy akad\u00e9miai feladattal n\u00e9zel szembe, hanem a val\u00f3di v\u00e1laszt\u00e1s tereinek v\u00e9delm\u00e9nek kollekt\u00edv felel\u0151ss\u00e9g\u00e9vel.<\/p>\n\n\n\n<p>Nem el\u00e9g egyszer\u0171en elmenni egy szavaz\u00f3helyis\u00e9gbe; elengedhetetlen a feddhetetlens\u00e9g, az \u00e9bers\u00e9g \u00e9s a p\u00e1rtatlans\u00e1g megk\u00f6vetel\u00e9se.<\/p>\n\n\n\n<p>A v\u00e1laszt\u00e1soknak tov\u00e1bbra is olyan pillanatoknak kell lenni\u00fck, amikor a polg\u00e1rok hangja d\u00f6nt, nem pedig szimul\u00e1lniuk kell azt.<\/p>\n\n\n\n<p>Ha hagyod, hogy a hatalom megszokja a k\u00f6vetkezm\u00e9nyek n\u00e9lk\u00fcli manipul\u00e1ci\u00f3t, akkor nem lesz vissza\u00fat.<\/p>\n\n\n\n<p>M\u00e9gis minden reform, minden \u00e1tl\u00e1that\u00f3s\u00e1got k\u00f6vetel\u0151 megfigyel\u0151 \u00e9s minden szab\u00e1lytalans\u00e1gokat el\u00edt\u00e9l\u0151 szomsz\u00e9d g\u00e1tat emel az autoritarizmus ellen.<\/p>\n\n\n\n<p>\u00c9s \u00d6n? Hagyja, hogy a folyamat ellen\u00e1ll\u00e1s n\u00e9lk\u00fcl kibontakozzon, vagy \u00d6n is a legitim szavazat akt\u00edv \u0151re lesz?<\/p>\n\n\n\n<p>B\u0151vebben:\u00a0<a href=\"http:\/\/universofamilia.com\/hu\/ambiental\/\">10 fenntarthat\u00f3 int\u00e9zked\u00e9s a k\u00f6rnyezeti v\u00e1ls\u00e1g cs\u00f6kkent\u00e9s\u00e9re<\/a><\/p>\n\n\n\n<h2 class=\"wp-block-heading\">Gyakran Ism\u00e9telt K\u00e9rd\u00e9sek<\/h2>\n\n\n\n<p><strong>Mi\u00e9rt ilyen alacsony ma a polg\u00e1ri r\u00e9szv\u00e9tel?<\/strong><br>Mert sokan nem b\u00edznak a politikai p\u00e1rtokban, \u00fagy \u00e9rzik, hogy a hangjuk nem sz\u00e1m\u00edt, nem rendelkeznek megb\u00edzhat\u00f3 inform\u00e1ci\u00f3kkal, vagy gyakorlati akad\u00e1lyokba \u00fctk\u00f6znek a szavaz\u00e1s sor\u00e1n.<\/p>\n\n\n\n<p><strong>A v\u00e1laszt\u00e1si technol\u00f3gia haszn\u00e1lata garant\u00e1lja az integrit\u00e1st?<\/strong><br>Nem felt\u00e9tlen\u00fcl. Ha nem j\u00e1r szigor\u00fa auditokkal, teljes \u00e1tl\u00e1that\u00f3s\u00e1ggal \u00e9s egy\u00e9rtelm\u0171 szabv\u00e1nyokkal, akkor t\u00f6bb sebezhet\u0151s\u00e9get teremthet, mint megold\u00e1st.<\/p>\n\n\n\n<p><strong>Mely orsz\u00e1gokban figyelhet\u0151k meg riaszt\u00f3 demokratikus visszaes\u00e9sek?<\/strong><br>Sz\u00e1mos er\u0151s korm\u00e1nyz\u00e1s\u00fa \u00e1llamban, mint p\u00e9ld\u00e1ul Feh\u00e9roroszorsz\u00e1gban, Burundiban \u00e9s m\u00e1s orsz\u00e1gokban, ahol az ellenz\u00e9ket szisztematikusan kiz\u00e1rj\u00e1k vagy elnyomj\u00e1k.<\/p>\n\n\n\n<p><strong>Hogyan vehetnek r\u00e9szt a polg\u00e1rok a tisztess\u00e9ges v\u00e1laszt\u00e1sok v\u00e9delm\u00e9ben?<\/strong><br>Szab\u00e1lytalans\u00e1gok jelent\u00e9se, megfigyel\u0151k\u00f6zpontok t\u00e1mogat\u00e1sa, v\u00e1laszt\u00e1si adatokhoz val\u00f3 hozz\u00e1f\u00e9r\u00e9s k\u00f6vetel\u00e9se, nyilv\u00e1nos vit\u00e1kban val\u00f3 r\u00e9szv\u00e9tel \u00e9s jogi reformok k\u00f6vetel\u00e9se.<\/p>","protected":false},"excerpt":{"rendered":"<p>Desde el primer p\u00e1rrafo: Elecciones en todo el mundo en 2025: tendencias y retos no es solo un titular: implica una radiograf\u00eda viva de conflictos pol\u00edticos, innovaciones democr\u00e1ticas y riesgos que definen el rumbo global. Aqu\u00ed tienes un an\u00e1lisis con prop\u00f3sito: comprender\u00e1s qu\u00e9 fuerzas moldean los comicios actuales, cu\u00e1les son sus obst\u00e1culos m\u00e1s urgentes y [&hellip;]<\/p>","protected":false},"author":219,"featured_media":10166,"comment_status":"closed","ping_status":"open","sticky":false,"template":"","format":"standard","meta":{"footnotes":""},"categories":[4],"tags":[],"yoast_head":"<!-- This site is optimized with the Yoast SEO plugin v23.3 - https:\/\/yoast.com\/wordpress\/plugins\/seo\/ -->\n<title>Elecciones en todo el mundo en 2025: tendencias y retos - Universo Fam\u00edlia<\/title>\n<meta name=\"description\" content=\"Desde el primer p\u00e1rrafo: Elecciones en todo el mundo en 2025: tendencias y retos no es solo un titular: implica una radiograf\u00eda viva de...\" \/>\n<meta name=\"robots\" content=\"index, follow, max-snippet:-1, max-image-preview:large, max-video-preview:-1\" \/>\n<link rel=\"canonical\" href=\"http:\/\/universofamilia.com\/hu\/elecciones-en-todo-el-mundo-en-2025-tendencias-y-retos\/\" \/>\n<meta property=\"og:locale\" content=\"hu_HU\" \/>\n<meta property=\"og:type\" content=\"article\" \/>\n<meta property=\"og:title\" content=\"Elecciones en todo el mundo en 2025: tendencias y retos - Universo Fam\u00edlia\" \/>\n<meta property=\"og:description\" content=\"Desde el primer p\u00e1rrafo: Elecciones en todo el mundo en 2025: tendencias y retos no es solo un titular: implica una radiograf\u00eda viva de...\" \/>\n<meta property=\"og:url\" content=\"http:\/\/universofamilia.com\/hu\/elecciones-en-todo-el-mundo-en-2025-tendencias-y-retos\/\" \/>\n<meta property=\"og:site_name\" content=\"Universo Fam\u00edlia\" \/>\n<meta property=\"article:published_time\" content=\"2025-10-16T18:39:54+00:00\" \/>\n<meta property=\"article:modified_time\" content=\"2025-10-16T18:39:57+00:00\" \/>\n<meta property=\"og:image\" content=\"http:\/\/universofamilia.com\/wp-content\/uploads\/sites\/148\/2025\/10\/Destaque-Novo-Universo-9.jpg\" \/>\n\t<meta property=\"og:image:width\" content=\"450\" \/>\n\t<meta property=\"og:image:height\" content=\"250\" \/>\n\t<meta property=\"og:image:type\" content=\"image\/jpeg\" \/>\n<meta name=\"author\" content=\"Matheus Sangaletti\" \/>\n<meta name=\"twitter:card\" content=\"summary_large_image\" \/>\n<meta name=\"twitter:label1\" content=\"Written by\" \/>\n\t<meta name=\"twitter:data1\" content=\"Matheus Sangaletti\" \/>\n\t<meta name=\"twitter:label2\" content=\"Est. reading time\" \/>\n\t<meta name=\"twitter:data2\" content=\"8 perc\" \/>\n<script type=\"application\/ld+json\" class=\"yoast-schema-graph\">{\"@context\":\"https:\/\/schema.org\",\"@graph\":[{\"@type\":\"WebPage\",\"@id\":\"http:\/\/universofamilia.com\/zh_hk\/elecciones-en-todo-el-mundo-en-2025-tendencias-y-retos\/\",\"url\":\"http:\/\/universofamilia.com\/zh_hk\/elecciones-en-todo-el-mundo-en-2025-tendencias-y-retos\/\",\"name\":\"Elecciones en todo el mundo en 2025: tendencias y retos - Universo Fam\u00edlia\",\"isPartOf\":{\"@id\":\"https:\/\/universofamilia.com\/el\/#website\"},\"primaryImageOfPage\":{\"@id\":\"http:\/\/universofamilia.com\/zh_hk\/elecciones-en-todo-el-mundo-en-2025-tendencias-y-retos\/#primaryimage\"},\"image\":{\"@id\":\"http:\/\/universofamilia.com\/zh_hk\/elecciones-en-todo-el-mundo-en-2025-tendencias-y-retos\/#primaryimage\"},\"thumbnailUrl\":\"http:\/\/universofamilia.com\/wp-content\/uploads\/sites\/148\/2025\/10\/Destaque-Novo-Universo-9.jpg\",\"datePublished\":\"2025-10-16T18:39:54+00:00\",\"dateModified\":\"2025-10-16T18:39:57+00:00\",\"author\":{\"@id\":\"https:\/\/universofamilia.com\/el\/#\/schema\/person\/92fcd07e9b1f4323bf74f3170fc0f78a\"},\"description\":\"Desde el primer p\u00e1rrafo: Elecciones en todo el mundo en 2025: tendencias y retos no es solo un titular: implica una radiograf\u00eda viva de...\",\"breadcrumb\":{\"@id\":\"http:\/\/universofamilia.com\/zh_hk\/elecciones-en-todo-el-mundo-en-2025-tendencias-y-retos\/#breadcrumb\"},\"inLanguage\":\"hu\",\"potentialAction\":[{\"@type\":\"ReadAction\",\"target\":[\"http:\/\/universofamilia.com\/zh_hk\/elecciones-en-todo-el-mundo-en-2025-tendencias-y-retos\/\"]}]},{\"@type\":\"ImageObject\",\"inLanguage\":\"hu\",\"@id\":\"http:\/\/universofamilia.com\/zh_hk\/elecciones-en-todo-el-mundo-en-2025-tendencias-y-retos\/#primaryimage\",\"url\":\"http:\/\/universofamilia.com\/wp-content\/uploads\/sites\/148\/2025\/10\/Destaque-Novo-Universo-9.jpg\",\"contentUrl\":\"http:\/\/universofamilia.com\/wp-content\/uploads\/sites\/148\/2025\/10\/Destaque-Novo-Universo-9.jpg\",\"width\":450,\"height\":250},{\"@type\":\"BreadcrumbList\",\"@id\":\"http:\/\/universofamilia.com\/zh_hk\/elecciones-en-todo-el-mundo-en-2025-tendencias-y-retos\/#breadcrumb\",\"itemListElement\":[{\"@type\":\"ListItem\",\"position\":1,\"name\":\"Home\",\"item\":\"https:\/\/universofamilia.com\/el\/\"},{\"@type\":\"ListItem\",\"position\":2,\"name\":\"Elecciones en todo el mundo en 2025: tendencias y retos\"}]},{\"@type\":\"WebSite\",\"@id\":\"https:\/\/universofamilia.com\/el\/#website\",\"url\":\"https:\/\/universofamilia.com\/el\/\",\"name\":\"Universo Fam\u00edlia\",\"description\":\"\",\"potentialAction\":[{\"@type\":\"SearchAction\",\"target\":{\"@type\":\"EntryPoint\",\"urlTemplate\":\"https:\/\/universofamilia.com\/el\/?s={search_term_string}\"},\"query-input\":\"required name=search_term_string\"}],\"inLanguage\":\"hu\"},{\"@type\":\"Person\",\"@id\":\"https:\/\/universofamilia.com\/el\/#\/schema\/person\/92fcd07e9b1f4323bf74f3170fc0f78a\",\"name\":\"Matheus Sangaletti\",\"image\":{\"@type\":\"ImageObject\",\"inLanguage\":\"hu\",\"@id\":\"https:\/\/universofamilia.com\/el\/#\/schema\/person\/image\/\",\"url\":\"http:\/\/2.gravatar.com\/avatar\/280ea957a14a48e6a1ad2133d2cc27c9?s=96&d=mm&r=g\",\"contentUrl\":\"http:\/\/2.gravatar.com\/avatar\/280ea957a14a48e6a1ad2133d2cc27c9?s=96&d=mm&r=g\",\"caption\":\"Matheus Sangaletti\"},\"url\":\"http:\/\/universofamilia.com\/hu\/author\/matheuss\/\"}]}<\/script>\n<!-- \/ Yoast SEO plugin. -->","yoast_head_json":{"title":"Elecciones en todo el mundo en 2025: tendencias y retos - Universo Fam\u00edlia","description":"Desde el primer p\u00e1rrafo: Elecciones en todo el mundo en 2025: tendencias y retos no es solo un titular: implica una radiograf\u00eda viva de...","robots":{"index":"index","follow":"follow","max-snippet":"max-snippet:-1","max-image-preview":"max-image-preview:large","max-video-preview":"max-video-preview:-1"},"canonical":"http:\/\/universofamilia.com\/hu\/elecciones-en-todo-el-mundo-en-2025-tendencias-y-retos\/","og_locale":"hu_HU","og_type":"article","og_title":"Elecciones en todo el mundo en 2025: tendencias y retos - Universo Fam\u00edlia","og_description":"Desde el primer p\u00e1rrafo: Elecciones en todo el mundo en 2025: tendencias y retos no es solo un titular: implica una radiograf\u00eda viva de...","og_url":"http:\/\/universofamilia.com\/hu\/elecciones-en-todo-el-mundo-en-2025-tendencias-y-retos\/","og_site_name":"Universo Fam\u00edlia","article_published_time":"2025-10-16T18:39:54+00:00","article_modified_time":"2025-10-16T18:39:57+00:00","og_image":[{"width":450,"height":250,"url":"http:\/\/universofamilia.com\/wp-content\/uploads\/sites\/148\/2025\/10\/Destaque-Novo-Universo-9.jpg","type":"image\/jpeg"}],"author":"Matheus Sangaletti","twitter_card":"summary_large_image","twitter_misc":{"Written by":"Matheus Sangaletti","Est. reading time":"8 perc"},"schema":{"@context":"https:\/\/schema.org","@graph":[{"@type":"WebPage","@id":"http:\/\/universofamilia.com\/zh_hk\/elecciones-en-todo-el-mundo-en-2025-tendencias-y-retos\/","url":"http:\/\/universofamilia.com\/zh_hk\/elecciones-en-todo-el-mundo-en-2025-tendencias-y-retos\/","name":"Elecciones en todo el mundo en 2025: tendencias y retos - Universo Fam\u00edlia","isPartOf":{"@id":"https:\/\/universofamilia.com\/el\/#website"},"primaryImageOfPage":{"@id":"http:\/\/universofamilia.com\/zh_hk\/elecciones-en-todo-el-mundo-en-2025-tendencias-y-retos\/#primaryimage"},"image":{"@id":"http:\/\/universofamilia.com\/zh_hk\/elecciones-en-todo-el-mundo-en-2025-tendencias-y-retos\/#primaryimage"},"thumbnailUrl":"http:\/\/universofamilia.com\/wp-content\/uploads\/sites\/148\/2025\/10\/Destaque-Novo-Universo-9.jpg","datePublished":"2025-10-16T18:39:54+00:00","dateModified":"2025-10-16T18:39:57+00:00","author":{"@id":"https:\/\/universofamilia.com\/el\/#\/schema\/person\/92fcd07e9b1f4323bf74f3170fc0f78a"},"description":"Desde el primer p\u00e1rrafo: Elecciones en todo el mundo en 2025: tendencias y retos no es solo un titular: implica una radiograf\u00eda viva de...","breadcrumb":{"@id":"http:\/\/universofamilia.com\/zh_hk\/elecciones-en-todo-el-mundo-en-2025-tendencias-y-retos\/#breadcrumb"},"inLanguage":"hu","potentialAction":[{"@type":"ReadAction","target":["http:\/\/universofamilia.com\/zh_hk\/elecciones-en-todo-el-mundo-en-2025-tendencias-y-retos\/"]}]},{"@type":"ImageObject","inLanguage":"hu","@id":"http:\/\/universofamilia.com\/zh_hk\/elecciones-en-todo-el-mundo-en-2025-tendencias-y-retos\/#primaryimage","url":"http:\/\/universofamilia.com\/wp-content\/uploads\/sites\/148\/2025\/10\/Destaque-Novo-Universo-9.jpg","contentUrl":"http:\/\/universofamilia.com\/wp-content\/uploads\/sites\/148\/2025\/10\/Destaque-Novo-Universo-9.jpg","width":450,"height":250},{"@type":"BreadcrumbList","@id":"http:\/\/universofamilia.com\/zh_hk\/elecciones-en-todo-el-mundo-en-2025-tendencias-y-retos\/#breadcrumb","itemListElement":[{"@type":"ListItem","position":1,"name":"Home","item":"https:\/\/universofamilia.com\/el\/"},{"@type":"ListItem","position":2,"name":"Elecciones en todo el mundo en 2025: tendencias y retos"}]},{"@type":"WebSite","@id":"https:\/\/universofamilia.com\/el\/#website","url":"https:\/\/universofamilia.com\/el\/","name":"Universo Fam\u00edlia","description":"","potentialAction":[{"@type":"SearchAction","target":{"@type":"EntryPoint","urlTemplate":"https:\/\/universofamilia.com\/el\/?s={search_term_string}"},"query-input":"required name=search_term_string"}],"inLanguage":"hu"},{"@type":"Person","@id":"https:\/\/universofamilia.com\/el\/#\/schema\/person\/92fcd07e9b1f4323bf74f3170fc0f78a","name":"Matheus Sangaletti","image":{"@type":"ImageObject","inLanguage":"hu","@id":"https:\/\/universofamilia.com\/el\/#\/schema\/person\/image\/","url":"http:\/\/2.gravatar.com\/avatar\/280ea957a14a48e6a1ad2133d2cc27c9?s=96&d=mm&r=g","contentUrl":"http:\/\/2.gravatar.com\/avatar\/280ea957a14a48e6a1ad2133d2cc27c9?s=96&d=mm&r=g","caption":"Matheus Sangaletti"},"url":"http:\/\/universofamilia.com\/hu\/author\/matheuss\/"}]}},"_links":{"self":[{"href":"http:\/\/universofamilia.com\/hu\/wp-json\/wp\/v2\/posts\/10165"}],"collection":[{"href":"http:\/\/universofamilia.com\/hu\/wp-json\/wp\/v2\/posts"}],"about":[{"href":"http:\/\/universofamilia.com\/hu\/wp-json\/wp\/v2\/types\/post"}],"author":[{"embeddable":true,"href":"http:\/\/universofamilia.com\/hu\/wp-json\/wp\/v2\/users\/219"}],"replies":[{"embeddable":true,"href":"http:\/\/universofamilia.com\/hu\/wp-json\/wp\/v2\/comments?post=10165"}],"version-history":[{"count":1,"href":"http:\/\/universofamilia.com\/hu\/wp-json\/wp\/v2\/posts\/10165\/revisions"}],"predecessor-version":[{"id":10169,"href":"http:\/\/universofamilia.com\/hu\/wp-json\/wp\/v2\/posts\/10165\/revisions\/10169"}],"wp:featuredmedia":[{"embeddable":true,"href":"http:\/\/universofamilia.com\/hu\/wp-json\/wp\/v2\/media\/10166"}],"wp:attachment":[{"href":"http:\/\/universofamilia.com\/hu\/wp-json\/wp\/v2\/media?parent=10165"}],"wp:term":[{"taxonomy":"category","embeddable":true,"href":"http:\/\/universofamilia.com\/hu\/wp-json\/wp\/v2\/categories?post=10165"},{"taxonomy":"post_tag","embeddable":true,"href":"http:\/\/universofamilia.com\/hu\/wp-json\/wp\/v2\/tags?post=10165"}],"curies":[{"name":"wp","href":"https:\/\/api.w.org\/{rel}","templated":true}]}}