{"id":10173,"date":"2025-10-16T16:57:40","date_gmt":"2025-10-16T19:57:40","guid":{"rendered":"https:\/\/universofamilia.com\/?p=10173"},"modified":"2025-10-16T16:57:44","modified_gmt":"2025-10-16T19:57:44","slug":"el-papel-de-la-tecnologia-en-las-elecciones-internacionales","status":"publish","type":"post","link":"http:\/\/universofamilia.com\/hu\/el-papel-de-la-tecnologia-en-las-elecciones-internacionales\/","title":{"rendered":"A technol\u00f3gia szerepe a nemzetk\u00f6zi v\u00e1laszt\u00e1sokon"},"content":{"rendered":"<p class=\"has-text-align-center\"><strong>A technol\u00f3gia szerepe a nemzetk\u00f6zi v\u00e1laszt\u00e1sokon<\/strong> \u00c1talak\u00edtotta a polg\u00e1rok szavazati jog\u00e1nak gyakorl\u00e1s\u00e1t, a korm\u00e1nyok v\u00e1laszt\u00e1sok szervez\u00e9s\u00e9t, \u00e9s az eredm\u00e9nyek \u00e1tl\u00e1that\u00f3s\u00e1g\u00e1nak garant\u00e1l\u00e1s\u00e1t.<\/p>\n\n\n\n<figure class=\"wp-block-gallery aligncenter has-nested-images columns-default is-cropped wp-block-gallery-1 is-layout-flex wp-block-gallery-is-layout-flex\">\n<figure class=\"wp-block-image size-full\"><img loading=\"lazy\" decoding=\"async\" width=\"450\" height=\"250\" data-id=\"10175\" src=\"https:\/\/universofamilia.com\/wp-content\/uploads\/sites\/148\/2025\/10\/Destaque-Novo-Universo-11-1.jpg\" alt=\"\" class=\"wp-image-10175\" srcset=\"http:\/\/universofamilia.com\/wp-content\/uploads\/sites\/148\/2025\/10\/Destaque-Novo-Universo-11-1.jpg 450w, http:\/\/universofamilia.com\/wp-content\/uploads\/sites\/148\/2025\/10\/Destaque-Novo-Universo-11-1-300x167.jpg 300w, http:\/\/universofamilia.com\/wp-content\/uploads\/sites\/148\/2025\/10\/Destaque-Novo-Universo-11-1-18x10.jpg 18w\" sizes=\"(max-width: 450px) 100vw, 450px\" \/><figcaption class=\"wp-element-caption\">CANVA<\/figcaption><\/figure>\n<\/figure>\n\n\n\n<p class=\"has-text-align-center\">Egy olyan korban, amikor a digitaliz\u00e1ci\u00f3 a k\u00f6z\u00e9let szinte minden aspektus\u00e1t fel\u00f6leli, a demokr\u00e1cia is \u00f6sszef\u00fcgg az internettel.<\/p>\n\n\n\n<p><strong>\u00d6sszefoglal\u00e1s:<\/strong><\/p>\n\n\n\n<ol>\n<li>A szavaz\u00e1s \u00faj technol\u00f3giai dimenzi\u00f3ja<\/li>\n\n\n\n<li>Az \u00faj\u00edt\u00e1sok, amelyek megv\u00e1ltoztatj\u00e1k a v\u00e1laszt\u00e1si folyamatokat<\/li>\n\n\n\n<li>A demokratikus bizalmat vesz\u00e9lyeztet\u0151 kock\u00e1zatok<\/li>\n\n\n\n<li>K\u00e9t friss p\u00e9lda a technol\u00f3gia felel\u0151s haszn\u00e1lat\u00e1ra<\/li>\n\n\n\n<li>Glob\u00e1lis strat\u00e9gi\u00e1k a biztons\u00e1gos v\u00e1laszt\u00e1sok biztos\u00edt\u00e1s\u00e1ra<\/li>\n\n\n\n<li>Konkl\u00fazi\u00f3: bizalom \u00e9s technol\u00f3gia, egy olyan kapcsolat, amelynek \u00e9rettnek kell lennie<\/li>\n\n\n\n<li>Gyakran Ism\u00e9telt K\u00e9rd\u00e9sek<\/li>\n<\/ol>\n\n\n\n<h2 class=\"wp-block-heading\">A szavaz\u00e1s \u00faj technol\u00f3giai dimenzi\u00f3ja<\/h2>\n\n\n\n<p>2025-ben a technol\u00f3gia m\u00e1r nem csup\u00e1n m\u0171k\u00f6d\u00e9si t\u00e1mogat\u00e1st jelent; d\u00f6nt\u0151 t\u00e9nyez\u0151v\u00e9 v\u00e1lt a v\u00e1laszt\u00e1si folyamatok hiteless\u00e9g\u00e9ben.<\/p>\n\n\n\n<p>A digit\u00e1lis regisztr\u00e1ci\u00f3s rendszerekt\u0151l az automatiz\u00e1lt sz\u00e1ml\u00e1l\u00f3 platformokig, <strong>A technol\u00f3gia szerepe a nemzetk\u00f6zi v\u00e1laszt\u00e1sokon<\/strong> \u00fajra\u00e9rtelmezi a polg\u00e1ri r\u00e9szv\u00e9tel \u00e9s fel\u00fcgyelet fogalm\u00e1t.<\/p>\n\n\n\n<p>A nagy k\u00e9rd\u00e9s azonban tov\u00e1bbra is fenn\u00e1ll: er\u0151s\u00edtheti-e a digit\u00e1lis innov\u00e1ci\u00f3 a demokr\u00e1ci\u00e1t, vagy vesz\u00e9lyezteti-e annak gyeng\u00fcl\u00e9s\u00e9t? <\/p>\n\n\n\n<p>A v\u00e1lasz az eszk\u00f6z\u00f6k alkalmaz\u00e1s\u00e1nak \u00e1tl\u00e1that\u00f3s\u00e1g\u00e1t\u00f3l, a v\u00e1laszt\u00f3k technol\u00f3giai ismereteit\u0151l \u00e9s az etikus haszn\u00e1latuk biztos\u00edt\u00e1s\u00e1ra ir\u00e1nyul\u00f3 politikai akaratt\u00f3l f\u00fcgg.<\/p>\n\n\n\n<p>Egy hiper-\u00f6sszekapcsolt vil\u00e1gban minden v\u00e1laszt\u00e1s egyben a kiberbiztons\u00e1g, az int\u00e9zm\u00e9nyi bizalom \u00e9s a t\u00e1rsadalmi \u00e9retts\u00e9g pr\u00f3b\u00e1ja is.<\/p>\n\n\n\n<p>A technol\u00f3gia egyes\u00edtheti a polg\u00e1rokat, vagy elv\u00e1laszthatja azokat, akik b\u00edznak a megfigyel\u00e9st\u0151l, azokt\u00f3l, akik f\u00e9lnek t\u0151le.<\/p>\n\n\n\n<h2 class=\"wp-block-heading\">Az \u00faj\u00edt\u00e1sok, amelyek megv\u00e1ltoztatj\u00e1k a v\u00e1laszt\u00e1si folyamatokat<\/h2>\n\n\n\n<p>A k\u00f6zelm\u00faltbeli v\u00e1laszt\u00e1sok k\u00fcl\u00f6nb\u00f6z\u0151 kontinenseken jelent\u0151s el\u0151rel\u00e9p\u00e9st mutatnak a digitaliz\u00e1ci\u00f3 ter\u00e9n.<\/p>\n\n\n\n<p>Orsz\u00e1gok, mint p\u00e9ld\u00e1ul <strong>\u00c9sztorsz\u00e1g, Mexik\u00f3, India \u00e9s D\u00e9l-Korea<\/strong> Az online platformokt\u00f3l a mesters\u00e9ges intelligenci\u00e1ig (MI) terjed\u0151 megold\u00e1sokat vezettek be a szab\u00e1lytalans\u00e1gok felder\u00edt\u00e9s\u00e9re.<\/p>\n\n\n\n<p><strong>Blokkl\u00e1nc \u00e9s szavazatok nyomon k\u00f6vethet\u0151s\u00e9ge:<\/strong><br>A blokkl\u00e1nc technol\u00f3gia lehet\u0151v\u00e9 teszi, hogy minden szavazatot megv\u00e1ltoztathatatlan \u00e9s audit\u00e1lhat\u00f3 m\u00f3don r\u00f6gz\u00edtsenek.<\/p>\n\n\n\n<p>Alkalmaz\u00e1sa cs\u00f6kkenti a manipul\u00e1ci\u00f3 kock\u00e1zat\u00e1t \u00e9s felgyors\u00edtja a sz\u00e1mol\u00e1st.<\/p>\n\n\n\n<p>Peruban a <strong>32270. sz\u00e1m\u00fa t\u00f6rv\u00e9ny<\/strong> A 2025-ben j\u00f3v\u00e1hagyott t\u00f6rv\u00e9ny lehet\u0151v\u00e9 tette a digit\u00e1lis szavaz\u00e1st a k\u00fclf\u00f6ld\u00f6n \u00e9l\u0151 peruiak sz\u00e1m\u00e1ra, ezt a technol\u00f3gi\u00e1t biztons\u00e1gi alapk\u00e9nt haszn\u00e1lva.<\/p>\n\n\n\n<p><strong>Mesters\u00e9ges intelligencia a v\u00e1laszt\u00e1si megfigyel\u00e9sben:<\/strong><br>A mesters\u00e9ges intelligencia alap\u00fa eszk\u00f6z\u00f6k seg\u00edtenek azonos\u00edtani a dezinform\u00e1ci\u00f3 \u00e9s a k\u00f6z\u00f6ss\u00e9gi m\u00e9di\u00e1ban elk\u00f6vetett \u00f6sszehangolt t\u00e1mad\u00e1sok mint\u00e1zatait. <\/p>\n\n\n\n<p>Szerint <strong>Nemzetk\u00f6zi IDEA (2025)<\/strong>T\u00f6bb mint 60 latin-amerikai v\u00e1laszt\u00e1si hat\u00f3s\u00e1g haszn\u00e1l m\u00e1r korai \u00e9szlel\u00e9si algoritmusokat az \u00e1lh\u00edrkamp\u00e1nyok nyomon k\u00f6vet\u00e9s\u00e9re.<\/p>\n\n\n\n<p><strong>Automatiz\u00e1l\u00e1s \u00e9s akad\u00e1lymentes\u00edt\u00e9s:<\/strong><br>Az elektronikus szavaz\u00e1s megk\u00f6nny\u00edti a fogyat\u00e9kkal \u00e9l\u0151k vagy k\u00fclf\u00f6ld\u00f6n \u00e9l\u0151k r\u00e9szv\u00e9tel\u00e9t az inkluz\u00edv \u00e9s ellen\u0151rizhet\u0151 interf\u00e9szeknek k\u00f6sz\u00f6nhet\u0151en.<\/p>\n\n\n\n<p>A 2024-es v\u00e1laszt\u00e1sokon Mexik\u00f3 lehet\u0151v\u00e9 tette az orsz\u00e1gon k\u00edv\u00fcli \u00e1llampolg\u00e1rok sz\u00e1m\u00e1ra, hogy a Nemzeti V\u00e1laszt\u00e1si Int\u00e9zet (INE) \u00e1ltal hiteles\u00edtett alkalmaz\u00e1s seg\u00edts\u00e9g\u00e9vel adj\u00e1k le szavazataikat.<\/p>\n\n\n\n<p>A v\u00e1laszt\u00e1si digitaliz\u00e1ci\u00f3 nem divath\u00f3bort: a demokratikus rendszer term\u00e9szetes fejl\u0151d\u00e9si velej\u00e1r\u00f3ja. De vil\u00e1gos szab\u00e1lyokat, ny\u00edlt ellen\u0151rz\u00e9seket \u00e9s mindenekel\u0151tt t\u00e1j\u00e9kozott polg\u00e1rokat ig\u00e9nyel.<\/p>\n\n\n\n<h2 class=\"wp-block-heading\">A demokratikus bizalmat vesz\u00e9lyeztet\u0151 kock\u00e1zatok<\/h2>\n\n\n\n<p>Az ellen\u0151rizetlen innov\u00e1ci\u00f3 k\u00e9t\u00e9l\u0171 fegyverr\u00e9 v\u00e1lhat.<\/p>\n\n\n\n<p>K\u00fcl\u00f6nb\u00f6z\u0151 szak\u00e9rt\u0151k arra figyelmeztetnek, hogy <strong>A technol\u00f3gia szerepe a nemzetk\u00f6zi v\u00e1laszt\u00e1sokon<\/strong> nem mindig jelent egyet a halad\u00e1ssal.<\/p>\n\n\n\n<p>A f\u0151bb kock\u00e1zatok a k\u00f6vetkez\u0151k:<\/p>\n\n\n\n<ul>\n<li><strong>Kibert\u00e1mad\u00e1sok \u00e9s adatmanipul\u00e1ci\u00f3:<\/strong> Az \u00f6sszekapcsolt rendszerek sebezhet\u0151ek, ha nem rendelkeznek fejlett biztons\u00e1gi megold\u00e1sokkal. Az Eur\u00f3pai Uni\u00f3 2023-ban t\u00f6bb mint 2000, v\u00e1laszt\u00e1si infrastrukt\u00far\u00e1t c\u00e9lz\u00f3 hackert\u00e1mad\u00e1si k\u00eds\u00e9rletr\u0151l sz\u00e1molt be.<\/li>\n\n\n\n<li><strong>Digit\u00e1lis szakad\u00e9k \u00e9s t\u00e1rsadalmi kirekeszt\u00e9s:<\/strong> Vid\u00e9ki ter\u00fcleteken vagy korl\u00e1tozott internet-hozz\u00e1f\u00e9r\u00e9ssel rendelkez\u0151 ter\u00fcleteken a digitaliz\u00e1ci\u00f3 t\u00f6bb milli\u00f3 szavaz\u00f3t szor\u00edthat marginaliz\u00e1lva, gyeng\u00edtve a reprezentativit\u00e1st.<\/li>\n\n\n\n<li><strong>A technol\u00f3giai \u00e1tl\u00e1that\u00f3s\u00e1g hi\u00e1nya:<\/strong> N\u00e9h\u00e1ny korm\u00e1nyzat f\u00fcggetlen auditok vagy forr\u00e1sk\u00f3d k\u00f6zz\u00e9t\u00e9tele n\u00e9lk\u00fcl vezet be rendszereket, ami jogos gyan\u00fat kelt.<\/li>\n\n\n\n<li><strong>Automatiz\u00e1lt dezinform\u00e1ci\u00f3:<\/strong> A botok \u00e9s algoritmusok torz\u00edthatj\u00e1k a k\u00f6zv\u00e9lem\u00e9nyt, befoly\u00e1solva a v\u00e1laszt\u00f3i szabads\u00e1got, miel\u0151tt m\u00e9g az urn\u00e1khoz \u00e9rn\u00e9nek.<\/li>\n<\/ul>\n\n\n\n<p>A digit\u00e1lis demokr\u00e1cia nem \u00e9p\u00edthet\u0151 \u00e1tl\u00e1thatatlan alapokra.<\/p>\n\n\n\n<p>Ez\u00e9rt minden modern v\u00e1laszt\u00e1son ugyanolyan szinten kellene r\u00e9szt venni\u00fck technol\u00f3giai megfigyel\u0151knek \u00e9s kiberbiztons\u00e1gi szak\u00e9rt\u0151knek, mint politikai megfigyel\u0151knek.<\/p>\n\n\n\n<h2 class=\"wp-block-heading\">K\u00e9t friss p\u00e9lda a technol\u00f3gia felel\u0151s haszn\u00e1lat\u00e1ra<\/h2>\n\n\n\n<h3 class=\"wp-block-heading\">1. Mexik\u00f3 \u00e9s a k\u00fclf\u00f6ldr\u0151l \u00e9rkez\u0151 szavazatok<\/h3>\n\n\n\n<p>A 2024-es sz\u00f6vets\u00e9gi v\u00e1laszt\u00e1sok sor\u00e1n Mexik\u00f3 egy hibrid rendszert vezetett be, amely lehet\u0151v\u00e9 tette t\u00f6bb mint 80 orsz\u00e1g \u00e1llampolg\u00e1rai sz\u00e1m\u00e1ra, hogy mobilalkalmaz\u00e1son vagy webes platformokon kereszt\u00fcl szavazzanak.<\/p>\n\n\n\n<p>Az INE a k\u00f6vetkez\u0151vel \u00e9rv\u00e9nyes\u00edtette a szavazatokat: <strong>homomorf kriptogr\u00e1fia<\/strong>, biztos\u00edtva, hogy az eredm\u00e9nyek ellen\u0151rizhet\u0151k legyenek a v\u00e1laszt\u00f3k kil\u00e9t\u00e9nek felfed\u00e9se n\u00e9lk\u00fcl.<\/p>\n\n\n\n<p>Ez az \u00faj\u00edt\u00e1s meger\u0151s\u00edtette a mexik\u00f3i v\u00e1laszt\u00f3k k\u00fclf\u00f6ldi r\u00e9szv\u00e9tel\u00e9t \u00e9s bizalm\u00e1t.<\/p>\n\n\n\n<h3 class=\"wp-block-heading\">2. \u00c9sztorsz\u00e1g, \u00fatt\u00f6r\u0151 a biztons\u00e1gos digit\u00e1lis szavaz\u00e1sban<\/h3>\n\n\n\n<p>\u00c9sztorsz\u00e1g 2005 \u00f3ta haszn\u00e1lja az online szavaz\u00e1st, amelyet digit\u00e1lis szem\u00e9lyi igazolv\u00e1nyok t\u00e1mogatnak.<\/p>\n\n\n\n<p>A 2023-as v\u00e1laszt\u00e1sokon a polg\u00e1rok 51%-a szavazott online.<\/p>\n\n\n\n<p>Rendszere fejlett titkos\u00edt\u00e1st, er\u0151s hiteles\u00edt\u00e9st \u00e9s QR-k\u00f3ddal t\u00f6rt\u00e9n\u0151 \u00e1llampolg\u00e1r-ellen\u0151rz\u00e9st \u00f6tv\u00f6z.<\/p>\n\n\n\n<p>Ez a modell azt mutatja, hogy a digit\u00e1lis bizalom er\u0151s\u00edthet\u0151 egy koherens nemzeti strat\u00e9gia r\u00e9v\u00e9n.<\/p>\n\n\n\n<h2 class=\"wp-block-heading\">Glob\u00e1lis strat\u00e9gi\u00e1k a biztons\u00e1gos v\u00e1laszt\u00e1sok biztos\u00edt\u00e1s\u00e1ra<\/h2>\n\n\n\n<p>Teh\u00e1t <strong>A technol\u00f3gia szerepe a nemzetk\u00f6zi v\u00e1laszt\u00e1sokon<\/strong> Ahhoz, hogy val\u00f3ban konstrukt\u00edv legyen, bizonyos alapvet\u0151 elveket be kell tartani:<\/p>\n\n\n\n<h3 class=\"wp-block-heading\">hogy) <strong>F\u00fcggetlen auditok \u00e9s ny\u00edlt forr\u00e1sk\u00f3d\u00fa<\/strong><\/h3>\n\n\n\n<p>Az egyetemek, civil szervezetek \u00e9s kiberbiztons\u00e1gi szak\u00e9rt\u0151k \u00e1ltali fel\u00fclvizsg\u00e1lat kulcsfontoss\u00e1g\u00fa az eredm\u00e9nyek legitim\u00e1l\u00e1s\u00e1hoz.<\/p>\n\n\n\n<p>Olyan orsz\u00e1gok, mint N\u00e9metorsz\u00e1g \u00e9s Kanada, el\u0151\u00edrj\u00e1k minden v\u00e1laszt\u00e1si szoftver el\u0151zetes ellen\u0151rz\u00e9s\u00e9t.<\/p>\n\n\n\n<h3 class=\"wp-block-heading\">b) <strong>Digit\u00e1lis \u00e1llampolg\u00e1ri oktat\u00e1s<\/strong><\/h3>\n\n\n\n<p>Egy kifinomult rendszer sem \u00e9r semmit, ha a lakoss\u00e1g nem \u00e9rti, hogyan kell haszn\u00e1lni.<\/p>\n\n\n\n<p>A digit\u00e1lis v\u00e1laszt\u00e1si ismereteknek az \u00e1llami oktat\u00e1si programok \u00e9s t\u00e1j\u00e9koztat\u00f3 kamp\u00e1nyok r\u00e9sz\u00e9v\u00e9 kell v\u00e1lniuk.<\/p>\n\n\n\n<h3 class=\"wp-block-heading\">c) <strong>Robusztus kiberbiztons\u00e1gi infrastrukt\u00fara<\/strong><\/h3>\n\n\n\n<p>A v\u00e1laszt\u00e1si szervereket el kell k\u00fcl\u00f6n\u00edteni, titkos\u00edtani \u00e9s v\u00e9deni kell a szolg\u00e1ltat\u00e1smegtagad\u00e1si t\u00e1mad\u00e1sokt\u00f3l.<\/p>\n\n\n\n<p>Egy technikai hiba ugyanolyan k\u00e1ros lehet, mint a sz\u00e1nd\u00e9kos manipul\u00e1ci\u00f3.<\/p>\n\n\n\n<h3 class=\"wp-block-heading\">d) <strong>Algoritmikus \u00e1tl\u00e1that\u00f3s\u00e1g \u00e9s nyilv\u00e1nos fel\u00fcgyelet<\/strong><\/h3>\n\n\n\n<p>A v\u00e1laszt\u00e1si folyamatban alkalmazott minden technol\u00f3giai eszk\u00f6zt, a mesters\u00e9ges intelligenci\u00e1t\u00f3l az eredm\u00e9nyk\u00f6zvet\u00edt\u0151 platformokig, vil\u00e1gos \u00e9s ellen\u0151rizhet\u0151 nyelven kell elmagyar\u00e1zni a nyilv\u00e1noss\u00e1gnak.<\/p>\n\n\n\n<h3 class=\"wp-block-heading\">\u00e9s) <strong>Ellen\u0151rizhet\u0151 fizikai biztons\u00e1gi ment\u00e9s<\/strong><\/h3>\n\n\n\n<p>M\u00e9g elektronikus szavaz\u00e1s eset\u00e9n is a szavazatok nyomtatott vagy titkos\u00edtott digit\u00e1lis m\u00e1solat\u00e1nak meg\u0151rz\u00e9se lehet\u0151v\u00e9 teszi a manu\u00e1lis \u00fajrasz\u00e1ml\u00e1l\u00e1st \u00e9s a k\u00e9s\u0151bbi ellen\u0151rz\u00e9seket.<\/p>\n\n\n\n<h2 class=\"wp-block-heading\">Statisztikai pillant\u00e1s<\/h2>\n\n\n\n<p>Az adatok szerint <strong>Statista (2024)<\/strong>, k\u00f6r\u00fcl a <strong>38 % orsz\u00e1g a vil\u00e1gon<\/strong> valamilyen digit\u00e1lis technol\u00f3gi\u00e1t be\u00e9p\u00edtettek a v\u00e1laszt\u00e1si folyamataikba.<\/p>\n\n\n\n<p>Ezek k\u00f6z\u00fcl csak 17 % rendelkezik k\u00fcl\u00f6n jogszab\u00e1lyi el\u0151\u00edr\u00e1ssal a technol\u00f3giai auditokr\u00f3l.<\/p>\n\n\n\n<p>Ez a k\u00fcl\u00f6nbs\u00e9g azt mutatja, hogy az innov\u00e1ci\u00f3 gyorsabban fejl\u0151dik, mint a szab\u00e1lyoz\u00e1s.<\/p>\n\n\n\n<figure class=\"wp-block-table\"><table><thead><tr><th>Glob\u00e1lis mutat\u00f3 2024<\/th><th>Sz\u00e1zal\u00e9k<\/th><\/tr><\/thead><tbody><tr><td>R\u00e9szleges elektronikus szavaz\u00e1st alkalmaz\u00f3 orsz\u00e1gok<\/td><td>23 %<\/td><\/tr><tr><td>Orsz\u00e1gok, ahol teljes m\u00e9rt\u00e9kben digit\u00e1lis szavaz\u00e1s van<\/td><td>7 %<\/td><\/tr><tr><td>Technol\u00f3giai auditt\u00f6rv\u00e9nyekkel rendelkez\u0151 orsz\u00e1gok<\/td><td>17 %<\/td><\/tr><tr><td>Azok az orsz\u00e1gok, amelyek m\u00e9g mindig kiz\u00e1r\u00f3lag a pap\u00edrra t\u00e1maszkodnak<\/td><td>53 %<\/td><\/tr><\/tbody><\/table><figcaption class=\"wp-element-caption\">A technol\u00f3gia szerepe a nemzetk\u00f6zi v\u00e1laszt\u00e1sokon<\/figcaption><\/figure>\n\n\n\n<p>A t\u00e1bl\u00e1zat azt mutatja, hogy a digitaliz\u00e1ci\u00f3 halad el\u0151re, de m\u00e9g mindig kih\u00edv\u00e1sokkal n\u00e9z szembe az int\u00e9zm\u00e9nyi \u00e9s jogi \u00e9retts\u00e9g ter\u00e9n.<\/p>\n\n\n\n<figure class=\"wp-block-gallery aligncenter has-nested-images columns-default is-cropped wp-block-gallery-2 is-layout-flex wp-block-gallery-is-layout-flex\">\n<figure class=\"wp-block-image size-full\"><img loading=\"lazy\" decoding=\"async\" width=\"450\" height=\"250\" data-id=\"10176\" src=\"https:\/\/universofamilia.com\/wp-content\/uploads\/sites\/148\/2025\/10\/Destaque-Novo-Universo-12.jpg\" alt=\"\" class=\"wp-image-10176\" srcset=\"http:\/\/universofamilia.com\/wp-content\/uploads\/sites\/148\/2025\/10\/Destaque-Novo-Universo-12.jpg 450w, http:\/\/universofamilia.com\/wp-content\/uploads\/sites\/148\/2025\/10\/Destaque-Novo-Universo-12-300x167.jpg 300w, http:\/\/universofamilia.com\/wp-content\/uploads\/sites\/148\/2025\/10\/Destaque-Novo-Universo-12-18x10.jpg 18w\" sizes=\"(max-width: 450px) 100vw, 450px\" \/><figcaption class=\"wp-element-caption\">CANVA<\/figcaption><\/figure>\n<\/figure>\n\n\n\n<p>B\u0151vebben:\u00a0<a href=\"http:\/\/universofamilia.com\/hu\/crisis-climatica-global\/\">Glob\u00e1lis kl\u00edmav\u00e1ls\u00e1g: a hat\u00e1sok m\u00e1r milli\u00f3kat \u00e9rintenek<\/a><\/p>\n\n\n\n<h2 class=\"wp-block-heading\">Egy anal\u00f3gia, ami seg\u00edt meg\u00e9rteni<\/h2>\n\n\n\n<p>K\u00e9pzeld el a demokr\u00e1ci\u00e1t egy h\u00e1zk\u00e9nt. Minden szavazat egy t\u00e9gl\u00e1t k\u00e9pvisel, ami \u00f6sszetartja.<\/p>\n\n\n\n<p>Ha a bizalom, az \u00e1tl\u00e1that\u00f3s\u00e1g \u00e9s a biztons\u00e1g alapjai szil\u00e1rdak, a strukt\u00fara b\u00e1rmilyen vihart ki\u00e1ll.<\/p>\n\n\n\n<p>De ha nem audit\u00e1lt szoftverre vagy l\u00e1thatatlan algoritmusokra \u00e9p\u00fcl, akkor el\u00e9g egyetlen reped\u00e9s, hogy megrengesse a h\u00e1zat.<\/p>\n\n\n\n<p>A technol\u00f3gia ebben az \u00e9rtelemben olyan, mint a cement: meger\u0151s\u00edtheti a szerkezetet, vagy t\u00f6rheti azt, ha gondatlanul keverik.<\/p>\n\n\n\n<h2 class=\"wp-block-heading\">Konkl\u00fazi\u00f3: bizalom \u00e9s technol\u00f3gia, egy olyan kapcsolat, amelynek \u00e9rettnek kell lennie<\/h2>\n\n\n\n<p>A v\u00e1laszt\u00e1si digitaliz\u00e1ci\u00f3 visszaford\u00edthatatlan. Az \u00faj gener\u00e1ci\u00f3k gyorsabb, biztons\u00e1gosabb \u00e9s hozz\u00e1f\u00e9rhet\u0151bb folyamatokat, de egyben \u0151szint\u00e9bbeket is v\u00e1rnak.<\/p>\n\n\n\n<p>Ez\u00e9rt <strong>A technol\u00f3gia szerepe a nemzetk\u00f6zi v\u00e1laszt\u00e1sokon<\/strong> Glob\u00e1lis etikai elk\u00f6telezetts\u00e9gk\u00e9nt kell tekinteni r\u00e1, nem pedig puszt\u00e1n technikai friss\u00edt\u00e9sk\u00e9nt.<\/p>\n\n\n\n<p>A kih\u00edv\u00e1s az innov\u00e1ci\u00f3 \u00e9s a hiteless\u00e9g, a hat\u00e9konys\u00e1g \u00e9s az emberi jogok, valamint az automatiz\u00e1l\u00e1s \u00e9s a t\u00e1j\u00e9kozott r\u00e9szv\u00e9tel egyens\u00falyban tart\u00e1sa.<\/p>\n\n\n\n<p>Az int\u00e9zm\u00e9nyek felel\u0151ss\u00e9ge a biztons\u00e1gos rendszerek ki\u00e9p\u00edt\u00e9se, de az is, hogy nap mint nap elnyerj\u00e9k a polg\u00e1rok bizalm\u00e1t.<\/p>\n\n\n\n<p>A demokr\u00e1ci\u00e1nak nem egy t\u00f6rv\u00e9nyk\u00f6nyv\u00f6n kellene alapulnia, hanem azon az elven, hogy minden szavazat sz\u00e1m\u00edt, \u00e9s a szavazatot lead\u00f3 szem\u00e9ly ellen\u0151rizheti azt.<\/p>\n\n\n\n<p>B\u0151vebben:\u00a0<a href=\"http:\/\/universofamilia.com\/hu\/elecciones-en-todo-el-mundo-en-2025-tendencias-y-retos\/\">V\u00e1laszt\u00e1sok a vil\u00e1gban 2025-ben: trendek \u00e9s kih\u00edv\u00e1sok<\/a><\/p>\n\n\n\n<h2 class=\"wp-block-heading\">Gyakran Ism\u00e9telt K\u00e9rd\u00e9sek<\/h2>\n\n\n\n<p><strong>1. Mennyire biztons\u00e1gos az elektronikus szavaz\u00e1s?<\/strong><br>A rendszer fel\u00e9p\u00edt\u00e9s\u00e9t\u0151l f\u00fcgg. A blokkl\u00e1nccal \u00e9s nyilv\u00e1nos auditnapl\u00f3kkal rendelkez\u0151 modellek megb\u00edzhat\u00f3bbak, mint a z\u00e1rtak. <\/p>\n\n\n\n<p>Egyetlen rendszer sem t\u00e9vedhetetlen, de az \u00e1tl\u00e1that\u00f3s\u00e1g cs\u00f6kkentheti a kock\u00e1zatokat.<\/p>\n\n\n\n<p><strong>2. Melyek a v\u00e1laszt\u00e1sok f\u0151bb technol\u00f3giai kih\u00edv\u00e1sai?<\/strong><br>Kibert\u00e1mad\u00e1sok, t\u00f6meges dezinform\u00e1ci\u00f3 \u00e9s a digit\u00e1lis oktat\u00e1s hi\u00e1nya. Ehhez j\u00e1rul m\u00e9g az egyenl\u0151tlen internet-hozz\u00e1f\u00e9r\u00e9s \u00e9s a technol\u00f3giai fejl\u0151d\u00e9ssel szembeni lass\u00fa jogalkot\u00e1s.<\/p>\n\n\n\n<p><strong>3. Mely orsz\u00e1gok j\u00e1rnak \u00e9len a v\u00e1laszt\u00e1si digitaliz\u00e1ci\u00f3ban?<\/strong><br>\u00c9sztorsz\u00e1g, Braz\u00edlia, Mexik\u00f3 \u00e9s D\u00e9l-Korea a legfejlettebbek k\u00f6z\u00e9 tartozik a biztons\u00e1gos technol\u00f3gi\u00e1k \u00e9s az audit\u00e1lhat\u00f3 folyamatok integr\u00e1ci\u00f3ja ter\u00e9n.<\/p>\n\n\n\n<p><strong>4. Helyettes\u00edtheti-e a mesters\u00e9ges intelligencia az emberi fel\u00fcgyeletet?<\/strong><br>Nem. A mesters\u00e9ges intelligencia k\u00e9pes gyan\u00fas mint\u00e1kat \u00e9szlelni, de az eredm\u00e9nyek \u00e9rtelmez\u00e9s\u00e9nek \u00e9s valid\u00e1l\u00e1s\u00e1nak tov\u00e1bbra is emberi feladatnak kell maradnia.<\/p>\n\n\n\n<p><strong>5. Hogyan \u0151rizhet\u0151 meg a polg\u00e1rok bizalma?<\/strong><br>Vil\u00e1gos kommunik\u00e1ci\u00f3val, ny\u00edlt auditokkal, f\u00fcggetlen ellen\u0151rz\u00e9ssel \u00e9s folyamatos \u00e1llampolg\u00e1ri nevel\u00e9ssel.<\/p>\n\n\n\n<p>A bizalom nem parancsolattal teremthet\u0151: l\u00e1that\u00f3 t\u00e9nyek alapj\u00e1n \u00e9p\u00fcl fel.<\/p>\n\n\n\n<p>R\u00f6viden, <strong>A technol\u00f3gia szerepe a nemzetk\u00f6zi v\u00e1laszt\u00e1sokon<\/strong> Ez nem csup\u00e1n egy trend: ez a demokratikus gyakorlat struktur\u00e1lis \u00e1talakul\u00e1sa.<\/p>\n\n\n\n<p>Sikere azon az etik\u00e1t\u00f3l f\u00fcgg, amellyel alkalmazz\u00e1k, \u00e9s att\u00f3l, hogy a polg\u00e1rok mennyire elk\u00f6telezettek b\u00e1rmely t\u00e1rsadalom leg\u00e9rt\u00e9kesebb vagyon\u00e1nak, a d\u00f6nt\u00e9shozatal jog\u00e1nak v\u00e9delme ir\u00e1nt.<\/p>","protected":false},"excerpt":{"rendered":"<p>El papel de la tecnolog\u00eda en las elecciones internacionales ha transformado la manera en que los ciudadanos ejercen su derecho al voto, la forma en que los gobiernos organizan los comicios y c\u00f3mo se garantiza la transparencia de los resultados. En una era donde la digitalizaci\u00f3n abarca casi todos los aspectos de la vida p\u00fablica, [&hellip;]<\/p>","protected":false},"author":219,"featured_media":10174,"comment_status":"closed","ping_status":"open","sticky":false,"template":"","format":"standard","meta":{"footnotes":""},"categories":[4],"tags":[],"yoast_head":"<!-- This site is optimized with the Yoast SEO plugin v23.3 - https:\/\/yoast.com\/wordpress\/plugins\/seo\/ -->\n<title>El papel de la tecnolog\u00eda en las elecciones internacionales - Universo Fam\u00edlia<\/title>\n<meta name=\"description\" content=\"El papel de la tecnolog\u00eda en las elecciones internacionales ha transformado la manera en que los ciudadanos ejercen su derecho al voto, la...\" \/>\n<meta name=\"robots\" content=\"index, follow, max-snippet:-1, max-image-preview:large, max-video-preview:-1\" \/>\n<link rel=\"canonical\" href=\"https:\/\/universofamilia.com\/hu\/el-papel-de-la-tecnologia-en-las-elecciones-internacionales\/\" \/>\n<meta property=\"og:locale\" content=\"hu_HU\" \/>\n<meta property=\"og:type\" content=\"article\" \/>\n<meta property=\"og:title\" content=\"El papel de la tecnolog\u00eda en las elecciones internacionales - Universo Fam\u00edlia\" \/>\n<meta property=\"og:description\" content=\"El papel de la tecnolog\u00eda en las elecciones internacionales ha transformado la manera en que los ciudadanos ejercen su derecho al voto, la...\" \/>\n<meta property=\"og:url\" content=\"https:\/\/universofamilia.com\/hu\/el-papel-de-la-tecnologia-en-las-elecciones-internacionales\/\" \/>\n<meta property=\"og:site_name\" content=\"Universo Fam\u00edlia\" \/>\n<meta property=\"article:published_time\" content=\"2025-10-16T19:57:40+00:00\" \/>\n<meta property=\"article:modified_time\" content=\"2025-10-16T19:57:44+00:00\" \/>\n<meta property=\"og:image\" content=\"https:\/\/universofamilia.com\/wp-content\/uploads\/sites\/148\/2025\/10\/Destaque-Novo-Universo-11.jpg\" \/>\n\t<meta property=\"og:image:width\" content=\"450\" \/>\n\t<meta property=\"og:image:height\" content=\"250\" \/>\n\t<meta property=\"og:image:type\" content=\"image\/jpeg\" \/>\n<meta name=\"author\" content=\"Matheus Sangaletti\" \/>\n<meta name=\"twitter:card\" content=\"summary_large_image\" \/>\n<meta name=\"twitter:label1\" content=\"Written by\" \/>\n\t<meta name=\"twitter:data1\" content=\"Matheus Sangaletti\" \/>\n\t<meta name=\"twitter:label2\" content=\"Est. reading time\" \/>\n\t<meta name=\"twitter:data2\" content=\"9 perc\" \/>\n<script type=\"application\/ld+json\" class=\"yoast-schema-graph\">{\"@context\":\"https:\/\/schema.org\",\"@graph\":[{\"@type\":\"WebPage\",\"@id\":\"https:\/\/universofamilia.com\/de\/el-papel-de-la-tecnologia-en-las-elecciones-internacionales\/\",\"url\":\"https:\/\/universofamilia.com\/de\/el-papel-de-la-tecnologia-en-las-elecciones-internacionales\/\",\"name\":\"El papel de la tecnolog\u00eda en las elecciones internacionales - Universo Fam\u00edlia\",\"isPartOf\":{\"@id\":\"https:\/\/universofamilia.com\/el\/#website\"},\"primaryImageOfPage\":{\"@id\":\"https:\/\/universofamilia.com\/de\/el-papel-de-la-tecnologia-en-las-elecciones-internacionales\/#primaryimage\"},\"image\":{\"@id\":\"https:\/\/universofamilia.com\/de\/el-papel-de-la-tecnologia-en-las-elecciones-internacionales\/#primaryimage\"},\"thumbnailUrl\":\"http:\/\/universofamilia.com\/wp-content\/uploads\/sites\/148\/2025\/10\/Destaque-Novo-Universo-11.jpg\",\"datePublished\":\"2025-10-16T19:57:40+00:00\",\"dateModified\":\"2025-10-16T19:57:44+00:00\",\"author\":{\"@id\":\"https:\/\/universofamilia.com\/el\/#\/schema\/person\/92fcd07e9b1f4323bf74f3170fc0f78a\"},\"description\":\"El papel de la tecnolog\u00eda en las elecciones internacionales ha transformado la manera en que los ciudadanos ejercen su derecho al voto, la...\",\"breadcrumb\":{\"@id\":\"https:\/\/universofamilia.com\/de\/el-papel-de-la-tecnologia-en-las-elecciones-internacionales\/#breadcrumb\"},\"inLanguage\":\"hu\",\"potentialAction\":[{\"@type\":\"ReadAction\",\"target\":[\"https:\/\/universofamilia.com\/de\/el-papel-de-la-tecnologia-en-las-elecciones-internacionales\/\"]}]},{\"@type\":\"ImageObject\",\"inLanguage\":\"hu\",\"@id\":\"https:\/\/universofamilia.com\/de\/el-papel-de-la-tecnologia-en-las-elecciones-internacionales\/#primaryimage\",\"url\":\"http:\/\/universofamilia.com\/wp-content\/uploads\/sites\/148\/2025\/10\/Destaque-Novo-Universo-11.jpg\",\"contentUrl\":\"http:\/\/universofamilia.com\/wp-content\/uploads\/sites\/148\/2025\/10\/Destaque-Novo-Universo-11.jpg\",\"width\":450,\"height\":250},{\"@type\":\"BreadcrumbList\",\"@id\":\"https:\/\/universofamilia.com\/de\/el-papel-de-la-tecnologia-en-las-elecciones-internacionales\/#breadcrumb\",\"itemListElement\":[{\"@type\":\"ListItem\",\"position\":1,\"name\":\"Home\",\"item\":\"https:\/\/universofamilia.com\/el\/\"},{\"@type\":\"ListItem\",\"position\":2,\"name\":\"El papel de la tecnolog\u00eda en las elecciones internacionales\"}]},{\"@type\":\"WebSite\",\"@id\":\"https:\/\/universofamilia.com\/el\/#website\",\"url\":\"https:\/\/universofamilia.com\/el\/\",\"name\":\"Universo Fam\u00edlia\",\"description\":\"\",\"potentialAction\":[{\"@type\":\"SearchAction\",\"target\":{\"@type\":\"EntryPoint\",\"urlTemplate\":\"https:\/\/universofamilia.com\/el\/?s={search_term_string}\"},\"query-input\":\"required name=search_term_string\"}],\"inLanguage\":\"hu\"},{\"@type\":\"Person\",\"@id\":\"https:\/\/universofamilia.com\/el\/#\/schema\/person\/92fcd07e9b1f4323bf74f3170fc0f78a\",\"name\":\"Matheus Sangaletti\",\"image\":{\"@type\":\"ImageObject\",\"inLanguage\":\"hu\",\"@id\":\"https:\/\/universofamilia.com\/el\/#\/schema\/person\/image\/\",\"url\":\"http:\/\/2.gravatar.com\/avatar\/280ea957a14a48e6a1ad2133d2cc27c9?s=96&d=mm&r=g\",\"contentUrl\":\"http:\/\/2.gravatar.com\/avatar\/280ea957a14a48e6a1ad2133d2cc27c9?s=96&d=mm&r=g\",\"caption\":\"Matheus Sangaletti\"},\"url\":\"http:\/\/universofamilia.com\/hu\/author\/matheuss\/\"}]}<\/script>\n<!-- \/ Yoast SEO plugin. -->","yoast_head_json":{"title":"El papel de la tecnolog\u00eda en las elecciones internacionales - Universo Fam\u00edlia","description":"El papel de la tecnolog\u00eda en las elecciones internacionales ha transformado la manera en que los ciudadanos ejercen su derecho al voto, la...","robots":{"index":"index","follow":"follow","max-snippet":"max-snippet:-1","max-image-preview":"max-image-preview:large","max-video-preview":"max-video-preview:-1"},"canonical":"https:\/\/universofamilia.com\/hu\/el-papel-de-la-tecnologia-en-las-elecciones-internacionales\/","og_locale":"hu_HU","og_type":"article","og_title":"El papel de la tecnolog\u00eda en las elecciones internacionales - Universo Fam\u00edlia","og_description":"El papel de la tecnolog\u00eda en las elecciones internacionales ha transformado la manera en que los ciudadanos ejercen su derecho al voto, la...","og_url":"https:\/\/universofamilia.com\/hu\/el-papel-de-la-tecnologia-en-las-elecciones-internacionales\/","og_site_name":"Universo Fam\u00edlia","article_published_time":"2025-10-16T19:57:40+00:00","article_modified_time":"2025-10-16T19:57:44+00:00","og_image":[{"width":450,"height":250,"url":"https:\/\/universofamilia.com\/wp-content\/uploads\/sites\/148\/2025\/10\/Destaque-Novo-Universo-11.jpg","type":"image\/jpeg"}],"author":"Matheus Sangaletti","twitter_card":"summary_large_image","twitter_misc":{"Written by":"Matheus Sangaletti","Est. reading time":"9 perc"},"schema":{"@context":"https:\/\/schema.org","@graph":[{"@type":"WebPage","@id":"https:\/\/universofamilia.com\/de\/el-papel-de-la-tecnologia-en-las-elecciones-internacionales\/","url":"https:\/\/universofamilia.com\/de\/el-papel-de-la-tecnologia-en-las-elecciones-internacionales\/","name":"El papel de la tecnolog\u00eda en las elecciones internacionales - Universo Fam\u00edlia","isPartOf":{"@id":"https:\/\/universofamilia.com\/el\/#website"},"primaryImageOfPage":{"@id":"https:\/\/universofamilia.com\/de\/el-papel-de-la-tecnologia-en-las-elecciones-internacionales\/#primaryimage"},"image":{"@id":"https:\/\/universofamilia.com\/de\/el-papel-de-la-tecnologia-en-las-elecciones-internacionales\/#primaryimage"},"thumbnailUrl":"http:\/\/universofamilia.com\/wp-content\/uploads\/sites\/148\/2025\/10\/Destaque-Novo-Universo-11.jpg","datePublished":"2025-10-16T19:57:40+00:00","dateModified":"2025-10-16T19:57:44+00:00","author":{"@id":"https:\/\/universofamilia.com\/el\/#\/schema\/person\/92fcd07e9b1f4323bf74f3170fc0f78a"},"description":"El papel de la tecnolog\u00eda en las elecciones internacionales ha transformado la manera en que los ciudadanos ejercen su derecho al voto, la...","breadcrumb":{"@id":"https:\/\/universofamilia.com\/de\/el-papel-de-la-tecnologia-en-las-elecciones-internacionales\/#breadcrumb"},"inLanguage":"hu","potentialAction":[{"@type":"ReadAction","target":["https:\/\/universofamilia.com\/de\/el-papel-de-la-tecnologia-en-las-elecciones-internacionales\/"]}]},{"@type":"ImageObject","inLanguage":"hu","@id":"https:\/\/universofamilia.com\/de\/el-papel-de-la-tecnologia-en-las-elecciones-internacionales\/#primaryimage","url":"http:\/\/universofamilia.com\/wp-content\/uploads\/sites\/148\/2025\/10\/Destaque-Novo-Universo-11.jpg","contentUrl":"http:\/\/universofamilia.com\/wp-content\/uploads\/sites\/148\/2025\/10\/Destaque-Novo-Universo-11.jpg","width":450,"height":250},{"@type":"BreadcrumbList","@id":"https:\/\/universofamilia.com\/de\/el-papel-de-la-tecnologia-en-las-elecciones-internacionales\/#breadcrumb","itemListElement":[{"@type":"ListItem","position":1,"name":"Home","item":"https:\/\/universofamilia.com\/el\/"},{"@type":"ListItem","position":2,"name":"El papel de la tecnolog\u00eda en las elecciones internacionales"}]},{"@type":"WebSite","@id":"https:\/\/universofamilia.com\/el\/#website","url":"https:\/\/universofamilia.com\/el\/","name":"Universo Fam\u00edlia","description":"","potentialAction":[{"@type":"SearchAction","target":{"@type":"EntryPoint","urlTemplate":"https:\/\/universofamilia.com\/el\/?s={search_term_string}"},"query-input":"required name=search_term_string"}],"inLanguage":"hu"},{"@type":"Person","@id":"https:\/\/universofamilia.com\/el\/#\/schema\/person\/92fcd07e9b1f4323bf74f3170fc0f78a","name":"Matheus Sangaletti","image":{"@type":"ImageObject","inLanguage":"hu","@id":"https:\/\/universofamilia.com\/el\/#\/schema\/person\/image\/","url":"http:\/\/2.gravatar.com\/avatar\/280ea957a14a48e6a1ad2133d2cc27c9?s=96&d=mm&r=g","contentUrl":"http:\/\/2.gravatar.com\/avatar\/280ea957a14a48e6a1ad2133d2cc27c9?s=96&d=mm&r=g","caption":"Matheus Sangaletti"},"url":"http:\/\/universofamilia.com\/hu\/author\/matheuss\/"}]}},"_links":{"self":[{"href":"http:\/\/universofamilia.com\/hu\/wp-json\/wp\/v2\/posts\/10173"}],"collection":[{"href":"http:\/\/universofamilia.com\/hu\/wp-json\/wp\/v2\/posts"}],"about":[{"href":"http:\/\/universofamilia.com\/hu\/wp-json\/wp\/v2\/types\/post"}],"author":[{"embeddable":true,"href":"http:\/\/universofamilia.com\/hu\/wp-json\/wp\/v2\/users\/219"}],"replies":[{"embeddable":true,"href":"http:\/\/universofamilia.com\/hu\/wp-json\/wp\/v2\/comments?post=10173"}],"version-history":[{"count":1,"href":"http:\/\/universofamilia.com\/hu\/wp-json\/wp\/v2\/posts\/10173\/revisions"}],"predecessor-version":[{"id":10177,"href":"http:\/\/universofamilia.com\/hu\/wp-json\/wp\/v2\/posts\/10173\/revisions\/10177"}],"wp:featuredmedia":[{"embeddable":true,"href":"http:\/\/universofamilia.com\/hu\/wp-json\/wp\/v2\/media\/10174"}],"wp:attachment":[{"href":"http:\/\/universofamilia.com\/hu\/wp-json\/wp\/v2\/media?parent=10173"}],"wp:term":[{"taxonomy":"category","embeddable":true,"href":"http:\/\/universofamilia.com\/hu\/wp-json\/wp\/v2\/categories?post=10173"},{"taxonomy":"post_tag","embeddable":true,"href":"http:\/\/universofamilia.com\/hu\/wp-json\/wp\/v2\/tags?post=10173"}],"curies":[{"name":"wp","href":"https:\/\/api.w.org\/{rel}","templated":true}]}}