{"id":10213,"date":"2025-10-27T12:35:00","date_gmt":"2025-10-27T15:35:00","guid":{"rendered":"https:\/\/universofamilia.com\/?p=10213"},"modified":"2025-10-27T12:35:18","modified_gmt":"2025-10-27T15:35:18","slug":"economia-mundial-en-2025-recesion-o-recuperacion","status":"publish","type":"post","link":"http:\/\/universofamilia.com\/hu\/economia-mundial-en-2025-recesion-o-recuperacion\/","title":{"rendered":"Vil\u00e1ggazdas\u00e1g 2025-ben: Recesszi\u00f3 vagy fellend\u00fcl\u00e9s?"},"content":{"rendered":"<p class=\"has-text-align-center\">Elemezni fogjuk az IMF kil\u00e1t\u00e1sait a ...-val kapcsolatban. <strong>a vil\u00e1ggazdas\u00e1g 2025-ben<\/strong>, a recesszi\u00f3ra vagy fellend\u00fcl\u00e9sre utal\u00f3 t\u00e9nyez\u0151k \u00e9s azok k\u00f6vetkezm\u00e9nyei Latin-Amerik\u00e1ra n\u00e9zve.<\/p>\n\n\n\n<figure class=\"wp-block-gallery aligncenter has-nested-images columns-default is-cropped wp-block-gallery-1 is-layout-flex wp-block-gallery-is-layout-flex\">\n<figure class=\"wp-block-image size-full\"><img loading=\"lazy\" decoding=\"async\" width=\"450\" height=\"250\" data-id=\"10215\" src=\"https:\/\/universofamilia.com\/wp-content\/uploads\/sites\/148\/2025\/10\/Destaque-Novo-Universo-23-1.jpg\" alt=\"\" class=\"wp-image-10215\" srcset=\"http:\/\/universofamilia.com\/wp-content\/uploads\/sites\/148\/2025\/10\/Destaque-Novo-Universo-23-1.jpg 450w, http:\/\/universofamilia.com\/wp-content\/uploads\/sites\/148\/2025\/10\/Destaque-Novo-Universo-23-1-300x167.jpg 300w, http:\/\/universofamilia.com\/wp-content\/uploads\/sites\/148\/2025\/10\/Destaque-Novo-Universo-23-1-18x10.jpg 18w\" sizes=\"(max-width: 450px) 100vw, 450px\" \/><figcaption class=\"wp-element-caption\">CANVA<\/figcaption><\/figure>\n<\/figure>\n\n\n\n<p class=\"has-text-align-center\">Azt is megvizsg\u00e1ljuk, hogy milyen strat\u00e9giai d\u00f6nt\u00e9sek hozhatnak v\u00e1ltoz\u00e1st az orsz\u00e1gok \u00e9s a v\u00e1llalkoz\u00e1sok \u00e9let\u00e9ben.<\/p>\n\n\n\n<p class=\"has-text-align-center\">Emberi \u00e9s realisztikus megk\u00f6zel\u00edt\u00e9ssel vil\u00e1gosan elmagyar\u00e1zom, mi\u00e9rt a k\u00e9rd\u00e9s <strong>\u201eNemzetk\u00f6zi Valutaalap 2025: Recesszi\u00f3 vagy fellend\u00fcl\u00e9s?\u201d<\/strong> aktu\u00e1lisabb, mint valaha.<\/p>\n\n\n\n<p><br><strong>Glob\u00e1lis gazdas\u00e1g 2025-ben: Recesszi\u00f3 vagy fellend\u00fcl\u00e9s?<\/strong><\/p>\n\n\n\n<p>Az idei gazdas\u00e1gi vita k\u00f6z\u00e9ppontj\u00e1ban \u00e1ll, s\u0151t, a kulcssz\u00f3 m\u00e1r az els\u0151 sort\u00f3l kezdve megjelenik, hogy term\u00e9szetes m\u00f3don meger\u0151s\u00edtse jelenl\u00e9t\u00e9t.<\/p>\n\n\n\n<p>Ez nem egy hipotetikus forgat\u00f3k\u00f6nyv; a Nemzetk\u00f6zi Valutaalap (IMF) legfrissebb adatai szerint a glob\u00e1lis n\u00f6veked\u00e9s v\u00e1rhat\u00f3an 3,2% k\u00f6r\u00fcl lesz 2013 harmadik negyed\u00e9v\u00e9ben, ami csak kism\u00e9rt\u00e9k\u0171 lassul\u00e1st jelent a 2024-es 3,3%-hoz k\u00e9pest.<\/p>\n\n\n\n<p>Egyszer\u0171en fogalmazva, a glob\u00e1lis gazdas\u00e1g nem az \u00f6sszeoml\u00e1s sz\u00e9l\u00e9n \u00e1ll, de neh\u00e9z terepen navig\u00e1l.<\/p>\n\n\n\n<p>Olyan ez, mintha egy j\u00f3 \u00fatfel\u00fclet\u0171 aut\u00f3p\u00e1ly\u00e1n vezetn\u00e9l, de v\u00e1ratlan vihar k\u00f6zeleg. Maradhatsz az \u00faton, de ehhez igaz\u00edtanod kell a sebess\u00e9gedet, a f\u00e9keket \u00e9s a figyelmet.<\/p>\n\n\n\n<p>Ez az anal\u00f3gia seg\u00edt meg\u00e9rteni, mi\u00e9rt ig\u00e9nyel ez a pillanat k\u00f6r\u00fcltekint\u00e9st \u00e9s elsz\u00e1nts\u00e1got.<\/p>\n\n\n\n<p>Ezut\u00e1n megvizsg\u00e1ljuk a f\u0151 kock\u00e1zati \u00e9s lehet\u0151s\u00e9gvektorokat, azt, hogy az akad\u00e1lyok hogyan k\u00fcl\u00f6nb\u00f6znek a fejlett \u00e9s a felt\u00f6rekv\u0151 orsz\u00e1gok eset\u00e9ben, v\u00e9g\u00fcl pedig azt, hogy milyen val\u00f3s forgat\u00f3k\u00f6nyvek lehetnek \u00d6n, v\u00e1llalkoz\u00e1sa vagy latin-amerikai orsz\u00e1ga sz\u00e1m\u00e1ra.<\/p>\n\n\n\n<h2 class=\"wp-block-heading\">Glob\u00e1lis kil\u00e1t\u00e1sok: m\u00e9rs\u00e9kelt n\u00f6veked\u00e9s, magas kock\u00e1zatok<\/h2>\n\n\n\n<p>A Nemzetk\u00f6zi Valutaalap Vil\u00e1ggazdas\u00e1gi Kil\u00e1t\u00e1sainak (WEO) legfrissebb kiad\u00e1sa arra figyelmeztet, hogy a glob\u00e1lis n\u00f6veked\u00e9s fokozatosan lassulni fog: a 2024-es 3,3,1 TP3T-r\u00f3l 2025-ben k\u00f6r\u00fclbel\u00fcl 3,2,1 TP3T-ra, 2026-ban pedig 3,1,1 TP3T-ra.<\/p>\n\n\n\n<ul>\n<li>A fejlett gazdas\u00e1gokban a n\u00f6veked\u00e9s v\u00e1rhat\u00f3an 1,5% k\u00f6r\u00fcl lesz 2025-ben.<\/li>\n\n\n\n<li>A felt\u00f6rekv\u0151 \u00e9s fejl\u0151d\u0151 piacokon valamivel t\u00f6bb mint 4 % v\u00e1rhat\u00f3, b\u00e1r egy\u00e9rtelm\u0171en emelked\u0151 tendenci\u00e1val.<\/li>\n<\/ul>\n\n\n\n<p>Ez a n\u00f6veked\u00e9si lassul\u00e1s nem jelent automatikusan recesszi\u00f3t; azonban a mozg\u00e1st\u00e9r sokkal sz\u0171kebb.<\/p>\n\n\n\n<p>Az olyan t\u00e9nyez\u0151k, mint a kereskedelmi fesz\u00fclts\u00e9gek, a munkaer\u0151-ell\u00e1t\u00e1si probl\u00e9m\u00e1k \u00e9s a felhalmoz\u00f3d\u00f3 \u00e1llamad\u00f3ss\u00e1g, befoly\u00e1solj\u00e1k az ellen\u00e1ll\u00f3 k\u00e9pess\u00e9get.<\/p>\n\n\n\n<p>A jelent\u00e9s p\u00e9ld\u00e1ul megjegyzi, hogy \u201ea kock\u00e1zatok a lefel\u00e9 mutat\u00f3ak\u201d.<\/p>\n\n\n\n<p>Egy relev\u00e1ns statisztika: a 2025. okt\u00f3beri WEO szerint a becs\u00fclt glob\u00e1lis n\u00f6veked\u00e9s <strong>3.2 %<\/strong> erre az \u00e9vre.<\/p>\n\n\n\n<p>A k\u00e9p, amivel szembes\u00fcl\u00fcnk, egy tov\u00e1bb f\u00faj\u00f3d\u00f3 lufi k\u00e9pe t\u00e1rul el\u00e9nk, b\u00e1r apr\u00f3 lyukakkal: a leveg\u0151ben marad, de tov\u00e1bbi er\u0151fesz\u00edt\u00e9ssel, \u00e9s fenn\u00e1ll a vesz\u00e9lye annak, hogy tov\u00e1bbi l\u00f6k\u00e9sek eset\u00e9n leereszt.<\/p>\n\n\n\n<p>Ebben az \u00e9rtelemben a c\u00edm <strong>\u201eVil\u00e1ggazdas\u00e1g 2025-ben: Recesszi\u00f3 vagy fellend\u00fcl\u00e9s?\u201d<\/strong> Ez egy l\u00e9nyeges k\u00e9rd\u00e9s, amely gondos elemz\u00e9st ig\u00e9nyel.<\/p>\n\n\n\n<h2 class=\"wp-block-heading\">A recesszi\u00f3 fel\u00e9 vezet\u0151 t\u00e9nyez\u0151k<\/h2>\n\n\n\n<h3 class=\"wp-block-heading\">a) Kereskedelmi fesz\u00fclts\u00e9gek \u00e9s sz\u00e9tt\u00f6redezetts\u00e9g<\/h3>\n\n\n\n<p>Az \u00e9rt\u00e9kl\u00e1ncok \u00e1tszervez\u00e9se, a magasabb v\u00e1mokkal \u00e9s kereskedelmi akad\u00e1lyokkal egy\u00fctt, bizonytalans\u00e1got gener\u00e1l. <\/p>\n\n\n\n<p>A WEO figyelmeztet, hogy a t\u00falzott kereskedelempolitikai szigor\u00edt\u00e1s \u00e9s a glob\u00e1lis sz\u00e9tt\u00f6redezetts\u00e9g akad\u00e1lyozhatja a beruh\u00e1z\u00e1sokat.<\/p>\n\n\n\n<h3 class=\"wp-block-heading\">b) Munkaer\u0151piaci \u00e9s demogr\u00e1fiai probl\u00e9m\u00e1k<\/h3>\n\n\n\n<p>Az el\u00f6reged\u0151 n\u00e9pess\u00e9g, az alacsonyabb munkaer\u0151-piaci r\u00e9szv\u00e9teli ar\u00e1ny \u00e9s a fiatalok k\u00f6r\u00e9ben tapasztalhat\u00f3 szakk\u00e9pzett munkaer\u0151 hi\u00e1nya struktur\u00e1lis korl\u00e1tok.<\/p>\n\n\n\n<p>A jelent\u00e9s r\u00e1mutat, hogy a n\u00f6veked\u00e9s \u00f6szt\u00f6nz\u00e9s\u00e9hez jav\u00edtani kell az id\u0151sebb feln\u0151ttek \u00e9s a n\u0151k munkaer\u0151piaci r\u00e9szv\u00e9tel\u00e9t.<\/p>\n\n\n\n<h3 class=\"wp-block-heading\">c) Magas ad\u00f3ss\u00e1g\u00e1llom\u00e1ny \u00e9s p\u00e9nz\u00fcgyi s\u00e9r\u00fcl\u00e9kenys\u00e9g<\/h3>\n\n\n\n<p>A lass\u00fa n\u00f6veked\u00e9s \u00e9s a magas ad\u00f3ss\u00e1gszint kombin\u00e1ci\u00f3ja sok orsz\u00e1g sz\u00e1m\u00e1ra korl\u00e1tozott mozg\u00e1steret hagy v\u00e1ls\u00e1g eset\u00e9n.<\/p>\n\n\n\n<p>Az IMF figyelmeztet, hogy a p\u00e9nz\u00fcgyi korrekci\u00f3 \u2013 egy sokan val\u00f3sz\u00edn\u0171tlennek tartott forgat\u00f3k\u00f6nyv \u2013 tov\u00e1bbra is lappang\u00f3 fenyeget\u00e9st jelent.<\/p>\n\n\n\n<h3 class=\"wp-block-heading\">d) V\u00e1ratlan sokkhat\u00e1sok: \u00e9ghajlat, geopolitika, technol\u00f3gia<\/h3>\n\n\n\n<p>P\u00e9lda erre egy region\u00e1lis konfliktus, amely kulcsfontoss\u00e1g\u00fa exportcikkek megzavar\u00e1s\u00e1t okozza, vagy egy hirtelen energiav\u00e1ls\u00e1g.<\/p>\n\n\n\n<p>Ilyen esetekben a recesszi\u00f3 kock\u00e1zata dr\u00e1maian megn\u0151.<\/p>\n\n\n\n<p>Az anal\u00f3gia itt egy kedvez\u0151 sz\u00e9lben halad\u00f3 ker\u00e9kp\u00e1r\u00e9 lenne: amint a sz\u00e9l ir\u00e1nya megv\u00e1ltozik, az egyens\u00faly elv\u00e9sz.<\/p>\n\n\n\n<p>Ez\u00e9rt a recesszi\u00f3 nem t\u0171nik a legval\u00f3sz\u00edn\u0171bb forgat\u00f3k\u00f6nyvnek 2025-ben, de nem is z\u00e1rhat\u00f3 ki.<\/p>\n\n\n\n<p>\u00c9s pontosan e magas kock\u00e1zati szint miatt mer\u00fcl fel a k\u00e9rd\u00e9s <strong>\u201eVil\u00e1ggazdas\u00e1g 2025-ben: Recesszi\u00f3 vagy fellend\u00fcl\u00e9s?\u201d<\/strong> komolyan kellene venni.<\/p>\n\n\n\n<h2 class=\"wp-block-heading\">A fel\u00e9p\u00fcl\u00e9st el\u0151seg\u00edt\u0151 t\u00e9nyez\u0151k<\/h2>\n\n\n\n<h3 class=\"wp-block-heading\">a) Alkalmazkod\u00e1s \u00e9s ellen\u00e1ll\u00f3 k\u00e9pess\u00e9g<\/h3>\n\n\n\n<p>Az a t\u00e9ny, hogy a glob\u00e1lis n\u00f6veked\u00e9s nem omlott \u00f6ssze (3.2 %), azt jelzi, hogy van kapacit\u00e1s a rugalmass\u00e1gra: a technol\u00f3giai \u00e1gazatok, a felt\u00f6rekv\u0151 piacok belf\u00f6ldi fogyaszt\u00e1sa \u00e9s bizonyos kereskedelmi akad\u00e1lyok cs\u00f6kkent\u00e9se mind hozz\u00e1j\u00e1rulnak.<\/p>\n\n\n\n<h3 class=\"wp-block-heading\">b) Struktur\u00e1lis v\u00e1ltoz\u00e1s lehet\u0151s\u00e9ge (mesters\u00e9ges intelligencia, digitaliz\u00e1ci\u00f3)<\/h3>\n\n\n\n<p>Egy friss tanulm\u00e1ny elemzi, hogy a mesters\u00e9ges intelligencia (MI) bevezet\u00e9se hogyan befoly\u00e1solja a glob\u00e1lis brutt\u00f3 hazai term\u00e9ket (GDP), \u00e9s azt sugallja, hogy a termel\u00e9kenys\u00e9g fellend\u00fclhet, ha a megfelel\u0151 politik\u00e1k k\u00eds\u00e9rik.<\/p>\n\n\n\n<h3 class=\"wp-block-heading\">c) A vil\u00e1gj\u00e1rv\u00e1ny ut\u00e1ni \u00e1gazati fellend\u00fcl\u00e9s<\/h3>\n\n\n\n<p>Azok az \u00e1gazatok, amelyek a vil\u00e1gj\u00e1rv\u00e1ny alatt lemaradtak (turizmus, szabadid\u0151, szem\u00e9lyes szolg\u00e1ltat\u00e1sok), a fellend\u00fcl\u00e9s jeleit mutatj\u00e1k, lehet\u0151v\u00e9 t\u00e9ve a \u201eszunnyad\u00f3 t\u0151ke\u201d egy r\u00e9sz\u00e9nek \u00fajraaktiv\u00e1l\u00e1s\u00e1t.<\/p>\n\n\n\n<h3 class=\"wp-block-heading\">d) Nemzetk\u00f6zi egy\u00fcttm\u0171k\u00f6d\u00e9s \u00e9s struktur\u00e1lis reformok<\/h3>\n\n\n\n<p>Ha a korm\u00e1nyok \u00f6sszehangoltabb politik\u00e1kat v\u00e1lasztanak, cs\u00f6kkentik a kereskedelmi akad\u00e1lyokat \u00e9s termel\u00e9kenys\u00e9gi reformokat hajtanak v\u00e9gre, jelent\u0151s v\u00e1ltoz\u00e1sokat hozhatnak l\u00e9tre.<\/p>\n\n\n\n<p>A WEO-jelent\u00e9s megeml\u00edti, hogy a \u201estabil \u00e9s kisz\u00e1m\u00edthat\u00f3 kereskedelmi k\u00f6rnyezet el\u0151mozd\u00edt\u00e1s\u00e1t c\u00e9lz\u00f3 konstrukt\u00edv int\u00e9zked\u00e9sek\u201d kulcsfontoss\u00e1g\u00faak.<\/p>\n\n\n\n<p>Egy konkr\u00e9t p\u00e9lda: egy latin-amerikai orsz\u00e1g, amely szisztematikusan befektet a digit\u00e1lis infrastrukt\u00far\u00e1ba \u00e9s a technol\u00f3giai k\u00e9szs\u00e9gek oktat\u00e1s\u00e1ba, sokkal gyorsabban profit\u00e1lhat bel\u0151le, mint egy olyan, amely csak a hagyom\u00e1nyos politik\u00e1kat folytatja. <\/p>\n\n\n\n<p>Ez j\u00f3l szeml\u00e9lteti, hogyan gyors\u00edthat\u00f3 fel a fellend\u00fcl\u00e9s, ha a d\u00f6nt\u00e9seket a glob\u00e1lis kontextussal \u00f6sszhangban hozzuk meg.<\/p>\n\n\n\n<h2 class=\"wp-block-heading\">4. Lehets\u00e9ges forgat\u00f3k\u00f6nyvek 2025-re \u00e9s azok k\u00f6vetkezm\u00e9nyei<\/h2>\n\n\n\n<h3 class=\"wp-block-heading\">A forgat\u00f3k\u00f6nyv \u2013 L\u00e1gy stagn\u00e1l\u00e1s<\/h3>\n\n\n\n<p>Ebben az esetben a n\u00f6veked\u00e9s tov\u00e1bbra is k\u00f6zel marad a glob\u00e1lis 3 % n\u00f6veked\u00e9si \u00fctemhez, recesszi\u00f3 n\u00e9lk\u00fcl, de er\u0151teljes fellend\u00fcl\u00e9s n\u00e9lk\u00fcl is.<\/p>\n\n\n\n<p>A v\u00e1llalatok m\u00e9rs\u00e9kelten n\u00f6vekednek, de az innov\u00e1ci\u00f3ra rendelkez\u00e9sre \u00e1ll\u00f3 id\u0151 sz\u0171k\u00fcl.<\/p>\n\n\n\n<p>Ebben a forgat\u00f3k\u00f6nyvben sz\u00e1mos felt\u00f6rekv\u0151 gazdas\u00e1g tov\u00e1bbra is vezet\u0151 szerepet t\u00f6lt be, m\u00edg a fejlett gazdas\u00e1gok kiss\u00e9 megtorpannak.<\/p>\n\n\n\n<h3 class=\"wp-block-heading\">B forgat\u00f3k\u00f6nyv \u2013 M\u00e9rs\u00e9kelt, csigaszer\u0171 regener\u00e1l\u00f3d\u00e1s<\/h3>\n\n\n\n<p>Itt a technol\u00f3giai alkalmazkod\u00e1s, a termel\u00e9kenys\u00e9g jav\u00edt\u00e1sa \u00e9s a nemzetk\u00f6zi egy\u00fcttm\u0171k\u00f6d\u00e9s egy\u00fcttesen lehet\u0151v\u00e9 teszi a n\u00f6veked\u00e9s 3,5 %-ra vagy ann\u00e1l magasabbra emelked\u00e9s\u00e9t glob\u00e1lisan.<\/p>\n\n\n\n<p>Az akt\u00edv reformokat v\u00e9grehajt\u00f3 orsz\u00e1gok sz\u00e1m\u00e1ra ez a k\u00fclf\u00f6ldi befektet\u00e9sek n\u00f6veked\u00e9s\u00e9t, a hozz\u00e1adott \u00e9rt\u00e9k\u0171 export n\u00f6veked\u00e9s\u00e9t \u00e9s a foglalkoztatotts\u00e1g javul\u00e1s\u00e1t jelenti.<\/p>\n\n\n\n<h3 class=\"wp-block-heading\">C forgat\u00f3k\u00f6nyv \u2013 Lokaliz\u00e1lt vagy generaliz\u00e1lt recesszi\u00f3<\/h3>\n\n\n\n<p>B\u00e1r glob\u00e1lisan val\u00f3sz\u00edn\u0171tlen, bizonyos orsz\u00e1gok vagy r\u00e9gi\u00f3k recesszi\u00f3ba ker\u00fclhetnek \u2013 p\u00e9ld\u00e1ul a magas ad\u00f3ss\u00e1g\u00e1llom\u00e1ny\u00fa gazdas\u00e1gok, bankv\u00e1ls\u00e1gok vagy k\u00fcls\u0151 sokkok \u00e1ltal \u00e9rintett kulcsfontoss\u00e1g\u00fa \u00e1gazatok.<\/p>\n\n\n\n<p>A c\u00edm <strong>\u201eVil\u00e1ggazdas\u00e1g 2025-ben: Recesszi\u00f3 vagy fellend\u00fcl\u00e9s?\u201d<\/strong> Ez itt teljes m\u00e9rt\u00e9kben relev\u00e1ns: nem annyira az a k\u00e9rd\u00e9s, hogy lesz-e teljes glob\u00e1lis recesszi\u00f3, hanem ink\u00e1bb az, hogy h\u00e1ny \u00e9s mely orsz\u00e1g maradhat ki a pozit\u00edv ciklusb\u00f3l.<\/p>\n\n\n\n<p>A Latin-Amerik\u00e1ban vagy Mexik\u00f3ban m\u0171k\u00f6d\u0151k sz\u00e1m\u00e1ra ez azt jelenti, hogy l\u00e9tfontoss\u00e1g\u00fa, hogy ne felt\u00e9telezz\u00e9k, hogy \u201ea kontextus semleges\u201d.<\/p>\n\n\n\n<p>Ha olyan gazdas\u00e1gok csoportj\u00e1ba tartozik, amelyek ki vannak t\u00e9ve a nyersanyagoknak, a turizmusnak vagy az \u00e9rz\u00e9keny \u00e1gazatoknak, akkor a B vagy a C forgat\u00f3k\u00f6nyvre kell felk\u00e9sz\u00fclnie, nem csak az A-ra.<\/p>\n\n\n\n<h2 class=\"wp-block-heading\">Mit tehetnek a latin-amerikai orsz\u00e1gok \u00e9s v\u00e1llalatok?<\/h2>\n\n\n\n<h3 class=\"wp-block-heading\">Orsz\u00e1gok sz\u00e1m\u00e1ra<\/h3>\n\n\n\n<ul>\n<li>Priorit\u00e1sk\u00e9nt kezelje a termel\u00e9kenys\u00e9get n\u00f6vel\u0151 politik\u00e1kat: beruh\u00e1z\u00e1sok az emberi t\u0151k\u00e9be, a digitaliz\u00e1ci\u00f3ba \u00e9s az infrastrukt\u00far\u00e1ba.<\/li>\n\n\n\n<li>Az \u00e1llamh\u00e1ztart\u00e1s konszolid\u00e1ci\u00f3ja: hozz\u00e1f\u00e9rhet\u0151 ad\u00f3ss\u00e1g, elegend\u0151 mozg\u00e1st\u00e9r a k\u00fcls\u0151 sokkokkal szemben.<\/li>\n\n\n\n<li>A kereskedelem nyitotts\u00e1g\u00e1nak \u00e9s a piac diverzifik\u00e1ci\u00f3j\u00e1nak el\u0151mozd\u00edt\u00e1sa az egyetlen r\u00e9gi\u00f3t\u00f3l val\u00f3 f\u00fcgg\u0151s\u00e9g cs\u00f6kkent\u00e9se \u00e9rdek\u00e9ben.<\/li>\n<\/ul>\n\n\n\n<h3 class=\"wp-block-heading\">C\u00e9geknek<\/h3>\n\n\n\n<ul>\n<li>K\u00e9sz\u00fclj\u00f6n fel a m\u00e9rs\u00e9kelt n\u00f6veked\u00e9s forgat\u00f3k\u00f6nyv\u00e9re: optimaliz\u00e1lja a k\u00f6lts\u00e9geket, keressen r\u00e9spiacokat, alkalmazzon technol\u00f3gi\u00e1t a megk\u00fcl\u00f6nb\u00f6ztet\u00e9s \u00e9rdek\u00e9ben.<\/li>\n\n\n\n<li>\u00c9p\u00edtsen p\u00e9nz\u00fcgyi ellen\u00e1ll\u00f3 k\u00e9pess\u00e9get: rendelkezzen likvidit\u00e1ssal, alacsonyabb t\u0151ke\u00e1tt\u00e9tellel \u00e9s v\u00e9szhelyzeti tervekkel a visszaes\u00e9sekre.<\/li>\n\n\n\n<li>A technol\u00f3giai \u00e1talakul\u00e1st ne csak fenyeget\u00e9sk\u00e9nt, hanem lehet\u0151s\u00e9gk\u00e9nt is tekints\u00fck: k\u00e9pzelj\u00fcnk el k\u00e9t mexik\u00f3i startupot, az egyiket, amely mesters\u00e9ges intelligenci\u00e1ba fektetett be a logisztika ter\u00fclet\u00e9n, a m\u00e1sikat, amelyik nem: az el\u0151bbi fellend\u00edtheti n\u00f6veked\u00e9s\u00e9t egy olyan vil\u00e1gban, ahol a hat\u00e9konys\u00e1g a legfontosabb.<\/li>\n<\/ul>\n\n\n\n<p>Egy hasznos hasonlat: egy v\u00e1llalat olyan, mint egy vitorl\u00e1s haj\u00f3, amely gyenge \u00e1ramlatokkal \u00e9s egyenetlen sz\u00e9llel rendelkez\u0151 tengeren vitorl\u00e1zik.<\/p>\n\n\n\n<p>Ha rendbe hozod a vitorl\u00e1idat (technol\u00f3gia), tiszt\u00e1n tartod a haj\u00f3testet (termel\u00e9kenys\u00e9g), \u00e9s naprak\u00e9sz t\u00e9rk\u00e9pekkel rendelkezel (gazdas\u00e1gi adatok), akkor gyenge sz\u00e9lben is k\u00e9pes leszel el\u0151rehaladni.<\/p>\n\n\n\n<p>Akik csak a hagyom\u00e1nyos utat k\u00f6vetik, azok lemaradnak.<\/p>\n\n\n\n<figure class=\"wp-block-gallery aligncenter has-nested-images columns-default is-cropped wp-block-gallery-2 is-layout-flex wp-block-gallery-is-layout-flex\">\n<figure class=\"wp-block-image size-full\"><img loading=\"lazy\" decoding=\"async\" width=\"450\" height=\"250\" data-id=\"10216\" src=\"https:\/\/universofamilia.com\/wp-content\/uploads\/sites\/148\/2025\/10\/Destaque-Novo-Universo-24.jpg\" alt=\"\" class=\"wp-image-10216\" srcset=\"http:\/\/universofamilia.com\/wp-content\/uploads\/sites\/148\/2025\/10\/Destaque-Novo-Universo-24.jpg 450w, http:\/\/universofamilia.com\/wp-content\/uploads\/sites\/148\/2025\/10\/Destaque-Novo-Universo-24-300x167.jpg 300w, http:\/\/universofamilia.com\/wp-content\/uploads\/sites\/148\/2025\/10\/Destaque-Novo-Universo-24-18x10.jpg 18w\" sizes=\"(max-width: 450px) 100vw, 450px\" \/><figcaption class=\"wp-element-caption\">CANVA<\/figcaption><\/figure>\n<\/figure>\n\n\n\n<p>B\u0151vebben:\u00a0<a href=\"http:\/\/universofamilia.com\/hu\/crisis-climatica-global\/\">Glob\u00e1lis kl\u00edmav\u00e1ls\u00e1g: a hat\u00e1sok m\u00e1r milli\u00f3kat \u00e9rintenek<\/a><\/p>\n\n\n\n<h2 class=\"wp-block-heading\">Akkor recesszi\u00f3 vagy fellend\u00fcl\u00e9s el\u0151tt \u00e1llunk?<\/h2>\n\n\n\n<p>A v\u00e1lasz a k\u00f6vetkez\u0151: <strong>mindkett\u0151 k\u00fcl\u00f6nb\u00f6z\u0151 d\u00f3zisban<\/strong>.<\/p>\n\n\n\n<p>A glob\u00e1lis recesszi\u00f3 nem elker\u00fclhetetlen 2025-ben, \u00e9s egy exuber\u00e1ns fellend\u00fcl\u00e9s sem.<\/p>\n\n\n\n<p>Ink\u00e1bb egy olyan fordul\u00f3ponthoz \u00e9rkezt\u00fcnk, ahol sok m\u00falik majd a meghozott d\u00f6nt\u00e9seken \u2013 mind makrogazdas\u00e1gi, mind \u00fczleti szinten.<\/p>\n\n\n\n<p>A c\u00edm <strong>\u201eVil\u00e1ggazdas\u00e1g 2025-ben: Recesszi\u00f3 vagy fellend\u00fcl\u00e9s?\u201d<\/strong> tartalmazza azt a kett\u0151ss\u00e9get.<\/p>\n\n\n\n<p>Ha a korm\u00e1nyok \u00e9s a szervezetek el\u0151rel\u00e1t\u00f3an cselekszenek, m\u00e9rs\u00e9kelt fellend\u00fcl\u00e9st l\u00e1thatunk.<\/p>\n\n\n\n<p>Ha a tehetetlens\u00e9g, a sz\u00e9tt\u00f6redezetts\u00e9g \u00e9s az ellen\u0151rizetlen ad\u00f3ss\u00e1g uralkodik, egyes ter\u00fcletek recesszi\u00f3ba s\u00fcllyedhetnek.<\/p>\n\n\n\n<p>A l\u00e9nyeg az, hogy id\u0151ben el\u0151re cselekedj\u00fcnk, ahelyett, hogy akkor reag\u00e1ln\u00e1nk, amikor a cs\u00f6kken\u00e9s m\u00e1r \u00e9szrevehet\u0151.<\/p>\n\n\n\n<p>Ha egy v\u00e1llalat vagy orsz\u00e1g megv\u00e1rja a \u201evihart\u201d, miel\u0151tt cselekszik, h\u00e1tr\u00e1nyba ker\u00fcl azokhoz k\u00e9pest, akik m\u00e1r be\u00e1ll\u00edtott\u00e1k a vitorl\u00e1ikat.<\/p>\n\n\n\n<h2 class=\"wp-block-heading\">K\u00f6vetkeztet\u00e9s<\/h2>\n\n\n\n<p>A 2025-\u00f6s \u00e9v egy nagyon saj\u00e1tos kih\u00edv\u00e1st jelent a glob\u00e1lis gazdas\u00e1g sz\u00e1m\u00e1ra.<\/p>\n\n\n\n<p>Mivel a glob\u00e1lis n\u00f6veked\u00e9s v\u00e1rhat\u00f3an az els\u0151 negyed\u00e9vben k\u00f6r\u00fclbel\u00fcl 3,2% lesz, messze vagyunk a robban\u00e1sszer\u0171 fellend\u00fcl\u00e9st\u0151l, \u00e9s m\u00e9g nem \u00e1llunk az \u00f6sszeoml\u00e1s sz\u00e9l\u00e9n.<\/p>\n\n\n\n<p>De a haszonkulcsok sz\u0171k\u00fclnek, a kock\u00e1zatok n\u0151nek, \u00e9s a lehet\u0151s\u00e9get most kell megragadni.<\/p>\n\n\n\n<p>A k\u00e9rd\u00e9s <strong>\u201eVil\u00e1ggazdas\u00e1g 2025-ben: Recesszi\u00f3 vagy fellend\u00fcl\u00e9s?\u201d<\/strong> Ez nem csak retorika, hanem cselekv\u00e9sre val\u00f3 felh\u00edv\u00e1s.<\/p>\n\n\n\n<p>A felt\u00f6rekv\u0151 gazdas\u00e1gok, a v\u00e1llalkoz\u00e1sok \u00e9s a befektet\u0151k sz\u00e1m\u00e1ra most j\u00f6tt el a tervez\u00e9s ideje.<\/p>\n\n\n\n<p>Az, hogy kik j\u00f3l kezelik ezt a ciklust, \u00e9s kik al\u00e1becs\u00fclik, meghat\u00e1rozhatja a k\u00f6vetkez\u0151 \u00f6t-t\u00edz \u00e9v el\u0151ny\u00e9t vagy k\u00e9sedelm\u00e9t.<\/p>\n\n\n\n<p>Arra k\u00e9rlek, elemezd: azon a haj\u00f3n vagy, amelyik igazgatja a vitorl\u00e1it \u00e9s tiszt\u00edtja a haj\u00f3test\u00e9t, vagy azon, amelyik arra v\u00e1r, hogy a sz\u00e9l mag\u00e1t\u00f3l felt\u00e1madjon?<\/p>\n\n\n\n<p>B\u0151vebben:\u00a0<a href=\"http:\/\/universofamilia.com\/hu\/el-papel-de-la-tecnologia-en-las-elecciones-internacionales\/\">A technol\u00f3gia szerepe a nemzetk\u00f6zi v\u00e1laszt\u00e1sokon<\/a><\/p>\n\n\n\n<h2 class=\"wp-block-heading\">Gyakran Ism\u00e9telt K\u00e9rd\u00e9sek (GYIK)<\/h2>\n\n\n\n<p><strong>Fel kell k\u00e9sz\u00fcln\u00fcnk egy 2025-\u00f6s glob\u00e1lis recesszi\u00f3ra?<\/strong><br>A recesszi\u00f3 nem elker\u00fclhetetlen az eg\u00e9sz bolyg\u00f3 sz\u00e1m\u00e1ra.<\/p>\n\n\n\n<p>Azonban c\u00e9lszer\u0171 felk\u00e9sz\u00fclni legal\u00e1bb egy stagn\u00e1l\u00e1s vagy m\u00e9rs\u00e9kelt n\u00f6veked\u00e9s id\u0151szak\u00e1ra.<\/p>\n\n\n\n<p>Ez mag\u00e1ban foglalja a p\u00e9nz\u00fcgyek, a termel\u0151g\u00e9pek \u00e9s az elv\u00e1r\u00e1sok kiigaz\u00edt\u00e1s\u00e1t.<\/p>\n\n\n\n<p><strong>Mexik\u00f3 profit\u00e1lhat a glob\u00e1lis fellend\u00fcl\u00e9sb\u0151l?<\/strong><br>Igen, Mexik\u00f3 profit\u00e1lhat az exportpiacok kihaszn\u00e1l\u00e1s\u00e1val, a technol\u00f3gia \u00e1tv\u00e9tel\u00e9vel \u00e9s a hozz\u00e1adott \u00e9rt\u00e9k\u0171 piaci r\u00e9sekbe val\u00f3 pozicion\u00e1l\u00e1s\u00e1val.<\/p>\n\n\n\n<p>De akkor is ki van t\u00e9ve a kock\u00e1zatnak, ha t\u00falzottan t\u00e1maszkodik a nyersanyagokra vagy a hagyom\u00e1nyos \u00e1gazatokra.<\/p>\n\n\n\n<p><strong>Mely \u00e1gazatoknak van a legnagyobb es\u00e9ly\u00fck a n\u00f6veked\u00e9sre ebben a kontextusban?<\/strong><br><\/p>\n\n\n\n<p>A technol\u00f3gi\u00e1hoz, a digitaliz\u00e1ci\u00f3hoz, a meg\u00fajul\u00f3 energi\u00e1hoz, az intelligens logisztik\u00e1hoz \u00e9s az exportorient\u00e1lt termel\u00e9shez kapcsol\u00f3d\u00f3 \u00e1gazatok nagyobb val\u00f3sz\u00edn\u0171s\u00e9ggel fognak kiemelked\u0151en teljes\u00edteni.<\/p>\n\n\n\n<p>Ezzel szemben a nyersanyagokt\u00f3l er\u0151sen kitett, diverzifik\u00e1ci\u00f3 n\u00e9lk\u00fcli \u00e1gazatok lemaradhatnak.<\/p>\n\n\n\n<p><strong>Milyen szerepet j\u00e1tszik a nemzetk\u00f6zi egy\u00fcttm\u0171k\u00f6d\u00e9s?<\/strong><br>Ez elengedhetetlen. A kereskedelmi akad\u00e1lyok cs\u00f6kkent\u00e9se, a glob\u00e1lis ell\u00e1t\u00e1si l\u00e1ncok jav\u00edt\u00e1sa \u00e9s a makrogazdas\u00e1gi politik\u00e1k \u00f6sszehangol\u00e1sa el\u0151seg\u00edti a n\u00f6veked\u00e9shez kedvez\u0151bb k\u00f6rnyezet megteremt\u00e9s\u00e9t.<\/p>\n\n\n\n<p>Ha a fragment\u00e1ci\u00f3 fokoz\u00f3dik, a recesszi\u00f3 el\u0151revet\u00edt\u00e9se is fokoz\u00f3dik.<\/p>\n\n\n\n<p><strong>Mi a f\u0151 aj\u00e1nl\u00e1s egy latin-amerikai v\u00e1llalat sz\u00e1m\u00e1ra?<\/strong><br><\/p>\n\n\n\n<p>\u00c9rt\u00e9kelje a nemzetk\u00f6zi kock\u00e1zatoknak val\u00f3 kitetts\u00e9g\u00e9t, fektessen be technol\u00f3gi\u00e1ba \u00e9s termel\u00e9kenys\u00e9gbe, cs\u00f6kkentse a p\u00e9nz\u00fcgyi sebezhet\u0151s\u00e9geket, \u00e9s t\u00f6rekedjen a piacok diverzifik\u00e1l\u00e1s\u00e1ra.<\/p>\n\n\n\n<p>Ne felt\u00e9telezd, hogy a ciklus csak kedvez\u0151 szelet hoz; k\u00e9sz\u00fclj fel sz\u00e9ll\u00f6k\u00e9sekre \u00e9s sz\u00e9lcsendre.<\/p>","protected":false},"excerpt":{"rendered":"<p>Analizaremos el panorama del FMI sobre la econom\u00eda mundial en 2025, los factores que apuntan a recesi\u00f3n o recuperaci\u00f3n y sus implicaciones para Am\u00e9rica Latina. Tambi\u00e9n exploraremos qu\u00e9 decisiones estrat\u00e9gicas podr\u00edan marcar la diferencia para los pa\u00edses y las empresas. Con enfoque humano y realista, explicar\u00e9 con claridad por qu\u00e9 la interrogante \u201cInternational Monetary Fund [&hellip;]<\/p>","protected":false},"author":219,"featured_media":10214,"comment_status":"closed","ping_status":"open","sticky":false,"template":"","format":"standard","meta":{"footnotes":""},"categories":[4],"tags":[],"yoast_head":"<!-- This site is optimized with the Yoast SEO plugin v23.3 - https:\/\/yoast.com\/wordpress\/plugins\/seo\/ -->\n<title>Econom\u00eda mundial en 2025: \u00bfrecesi\u00f3n o recuperaci\u00f3n? - Universo Fam\u00edlia<\/title>\n<meta name=\"description\" content=\"Analizaremos el panorama del FMI sobre la econom\u00eda mundial en 2025, los factores que apuntan a recesi\u00f3n o recuperaci\u00f3n y sus implicaciones..\" \/>\n<meta name=\"robots\" content=\"index, follow, max-snippet:-1, max-image-preview:large, max-video-preview:-1\" \/>\n<link rel=\"canonical\" href=\"https:\/\/universofamilia.com\/hu\/economia-mundial-en-2025-recesion-o-recuperacion\/\" \/>\n<meta property=\"og:locale\" content=\"hu_HU\" \/>\n<meta property=\"og:type\" content=\"article\" \/>\n<meta property=\"og:title\" content=\"Econom\u00eda mundial en 2025: \u00bfrecesi\u00f3n o recuperaci\u00f3n? - Universo Fam\u00edlia\" \/>\n<meta property=\"og:description\" content=\"Analizaremos el panorama del FMI sobre la econom\u00eda mundial en 2025, los factores que apuntan a recesi\u00f3n o recuperaci\u00f3n y sus implicaciones..\" \/>\n<meta property=\"og:url\" content=\"https:\/\/universofamilia.com\/hu\/economia-mundial-en-2025-recesion-o-recuperacion\/\" \/>\n<meta property=\"og:site_name\" content=\"Universo Fam\u00edlia\" \/>\n<meta property=\"article:published_time\" content=\"2025-10-27T15:35:00+00:00\" \/>\n<meta property=\"article:modified_time\" content=\"2025-10-27T15:35:18+00:00\" \/>\n<meta property=\"og:image\" content=\"https:\/\/universofamilia.com\/wp-content\/uploads\/sites\/148\/2025\/10\/Destaque-Novo-Universo-23.jpg\" \/>\n\t<meta property=\"og:image:width\" content=\"450\" \/>\n\t<meta property=\"og:image:height\" content=\"250\" \/>\n\t<meta property=\"og:image:type\" content=\"image\/jpeg\" \/>\n<meta name=\"author\" content=\"Matheus Sangaletti\" \/>\n<meta name=\"twitter:card\" content=\"summary_large_image\" \/>\n<meta name=\"twitter:label1\" content=\"Written by\" \/>\n\t<meta name=\"twitter:data1\" content=\"Matheus Sangaletti\" \/>\n\t<meta name=\"twitter:label2\" content=\"Est. reading time\" \/>\n\t<meta name=\"twitter:data2\" content=\"11 perc\" \/>\n<script type=\"application\/ld+json\" class=\"yoast-schema-graph\">{\"@context\":\"https:\/\/schema.org\",\"@graph\":[{\"@type\":\"WebPage\",\"@id\":\"https:\/\/universofamilia.com\/el\/economia-mundial-en-2025-recesion-o-recuperacion\/\",\"url\":\"https:\/\/universofamilia.com\/el\/economia-mundial-en-2025-recesion-o-recuperacion\/\",\"name\":\"Econom\u00eda mundial en 2025: \u00bfrecesi\u00f3n o recuperaci\u00f3n? - Universo Fam\u00edlia\",\"isPartOf\":{\"@id\":\"https:\/\/universofamilia.com\/el\/#website\"},\"primaryImageOfPage\":{\"@id\":\"https:\/\/universofamilia.com\/el\/economia-mundial-en-2025-recesion-o-recuperacion\/#primaryimage\"},\"image\":{\"@id\":\"https:\/\/universofamilia.com\/el\/economia-mundial-en-2025-recesion-o-recuperacion\/#primaryimage\"},\"thumbnailUrl\":\"http:\/\/universofamilia.com\/wp-content\/uploads\/sites\/148\/2025\/10\/Destaque-Novo-Universo-23.jpg\",\"datePublished\":\"2025-10-27T15:35:00+00:00\",\"dateModified\":\"2025-10-27T15:35:18+00:00\",\"author\":{\"@id\":\"https:\/\/universofamilia.com\/el\/#\/schema\/person\/92fcd07e9b1f4323bf74f3170fc0f78a\"},\"description\":\"Analizaremos el panorama del FMI sobre la econom\u00eda mundial en 2025, los factores que apuntan a recesi\u00f3n o recuperaci\u00f3n y sus implicaciones..\",\"breadcrumb\":{\"@id\":\"https:\/\/universofamilia.com\/el\/economia-mundial-en-2025-recesion-o-recuperacion\/#breadcrumb\"},\"inLanguage\":\"hu\",\"potentialAction\":[{\"@type\":\"ReadAction\",\"target\":[\"https:\/\/universofamilia.com\/el\/economia-mundial-en-2025-recesion-o-recuperacion\/\"]}]},{\"@type\":\"ImageObject\",\"inLanguage\":\"hu\",\"@id\":\"https:\/\/universofamilia.com\/el\/economia-mundial-en-2025-recesion-o-recuperacion\/#primaryimage\",\"url\":\"http:\/\/universofamilia.com\/wp-content\/uploads\/sites\/148\/2025\/10\/Destaque-Novo-Universo-23.jpg\",\"contentUrl\":\"http:\/\/universofamilia.com\/wp-content\/uploads\/sites\/148\/2025\/10\/Destaque-Novo-Universo-23.jpg\",\"width\":450,\"height\":250},{\"@type\":\"BreadcrumbList\",\"@id\":\"https:\/\/universofamilia.com\/el\/economia-mundial-en-2025-recesion-o-recuperacion\/#breadcrumb\",\"itemListElement\":[{\"@type\":\"ListItem\",\"position\":1,\"name\":\"Home\",\"item\":\"https:\/\/universofamilia.com\/el\/\"},{\"@type\":\"ListItem\",\"position\":2,\"name\":\"Econom\u00eda mundial en 2025: \u00bfrecesi\u00f3n o recuperaci\u00f3n?\"}]},{\"@type\":\"WebSite\",\"@id\":\"https:\/\/universofamilia.com\/el\/#website\",\"url\":\"https:\/\/universofamilia.com\/el\/\",\"name\":\"Universo Fam\u00edlia\",\"description\":\"\",\"potentialAction\":[{\"@type\":\"SearchAction\",\"target\":{\"@type\":\"EntryPoint\",\"urlTemplate\":\"https:\/\/universofamilia.com\/el\/?s={search_term_string}\"},\"query-input\":\"required name=search_term_string\"}],\"inLanguage\":\"hu\"},{\"@type\":\"Person\",\"@id\":\"https:\/\/universofamilia.com\/el\/#\/schema\/person\/92fcd07e9b1f4323bf74f3170fc0f78a\",\"name\":\"Matheus Sangaletti\",\"image\":{\"@type\":\"ImageObject\",\"inLanguage\":\"hu\",\"@id\":\"https:\/\/universofamilia.com\/el\/#\/schema\/person\/image\/\",\"url\":\"http:\/\/2.gravatar.com\/avatar\/280ea957a14a48e6a1ad2133d2cc27c9?s=96&d=mm&r=g\",\"contentUrl\":\"http:\/\/2.gravatar.com\/avatar\/280ea957a14a48e6a1ad2133d2cc27c9?s=96&d=mm&r=g\",\"caption\":\"Matheus Sangaletti\"},\"url\":\"http:\/\/universofamilia.com\/hu\/author\/matheuss\/\"}]}<\/script>\n<!-- \/ Yoast SEO plugin. -->","yoast_head_json":{"title":"Econom\u00eda mundial en 2025: \u00bfrecesi\u00f3n o recuperaci\u00f3n? - Universo Fam\u00edlia","description":"Analizaremos el panorama del FMI sobre la econom\u00eda mundial en 2025, los factores que apuntan a recesi\u00f3n o recuperaci\u00f3n y sus implicaciones..","robots":{"index":"index","follow":"follow","max-snippet":"max-snippet:-1","max-image-preview":"max-image-preview:large","max-video-preview":"max-video-preview:-1"},"canonical":"https:\/\/universofamilia.com\/hu\/economia-mundial-en-2025-recesion-o-recuperacion\/","og_locale":"hu_HU","og_type":"article","og_title":"Econom\u00eda mundial en 2025: \u00bfrecesi\u00f3n o recuperaci\u00f3n? - Universo Fam\u00edlia","og_description":"Analizaremos el panorama del FMI sobre la econom\u00eda mundial en 2025, los factores que apuntan a recesi\u00f3n o recuperaci\u00f3n y sus implicaciones..","og_url":"https:\/\/universofamilia.com\/hu\/economia-mundial-en-2025-recesion-o-recuperacion\/","og_site_name":"Universo Fam\u00edlia","article_published_time":"2025-10-27T15:35:00+00:00","article_modified_time":"2025-10-27T15:35:18+00:00","og_image":[{"width":450,"height":250,"url":"https:\/\/universofamilia.com\/wp-content\/uploads\/sites\/148\/2025\/10\/Destaque-Novo-Universo-23.jpg","type":"image\/jpeg"}],"author":"Matheus Sangaletti","twitter_card":"summary_large_image","twitter_misc":{"Written by":"Matheus Sangaletti","Est. reading time":"11 perc"},"schema":{"@context":"https:\/\/schema.org","@graph":[{"@type":"WebPage","@id":"https:\/\/universofamilia.com\/el\/economia-mundial-en-2025-recesion-o-recuperacion\/","url":"https:\/\/universofamilia.com\/el\/economia-mundial-en-2025-recesion-o-recuperacion\/","name":"Econom\u00eda mundial en 2025: \u00bfrecesi\u00f3n o recuperaci\u00f3n? - Universo Fam\u00edlia","isPartOf":{"@id":"https:\/\/universofamilia.com\/el\/#website"},"primaryImageOfPage":{"@id":"https:\/\/universofamilia.com\/el\/economia-mundial-en-2025-recesion-o-recuperacion\/#primaryimage"},"image":{"@id":"https:\/\/universofamilia.com\/el\/economia-mundial-en-2025-recesion-o-recuperacion\/#primaryimage"},"thumbnailUrl":"http:\/\/universofamilia.com\/wp-content\/uploads\/sites\/148\/2025\/10\/Destaque-Novo-Universo-23.jpg","datePublished":"2025-10-27T15:35:00+00:00","dateModified":"2025-10-27T15:35:18+00:00","author":{"@id":"https:\/\/universofamilia.com\/el\/#\/schema\/person\/92fcd07e9b1f4323bf74f3170fc0f78a"},"description":"Analizaremos el panorama del FMI sobre la econom\u00eda mundial en 2025, los factores que apuntan a recesi\u00f3n o recuperaci\u00f3n y sus implicaciones..","breadcrumb":{"@id":"https:\/\/universofamilia.com\/el\/economia-mundial-en-2025-recesion-o-recuperacion\/#breadcrumb"},"inLanguage":"hu","potentialAction":[{"@type":"ReadAction","target":["https:\/\/universofamilia.com\/el\/economia-mundial-en-2025-recesion-o-recuperacion\/"]}]},{"@type":"ImageObject","inLanguage":"hu","@id":"https:\/\/universofamilia.com\/el\/economia-mundial-en-2025-recesion-o-recuperacion\/#primaryimage","url":"http:\/\/universofamilia.com\/wp-content\/uploads\/sites\/148\/2025\/10\/Destaque-Novo-Universo-23.jpg","contentUrl":"http:\/\/universofamilia.com\/wp-content\/uploads\/sites\/148\/2025\/10\/Destaque-Novo-Universo-23.jpg","width":450,"height":250},{"@type":"BreadcrumbList","@id":"https:\/\/universofamilia.com\/el\/economia-mundial-en-2025-recesion-o-recuperacion\/#breadcrumb","itemListElement":[{"@type":"ListItem","position":1,"name":"Home","item":"https:\/\/universofamilia.com\/el\/"},{"@type":"ListItem","position":2,"name":"Econom\u00eda mundial en 2025: \u00bfrecesi\u00f3n o recuperaci\u00f3n?"}]},{"@type":"WebSite","@id":"https:\/\/universofamilia.com\/el\/#website","url":"https:\/\/universofamilia.com\/el\/","name":"Universo Fam\u00edlia","description":"","potentialAction":[{"@type":"SearchAction","target":{"@type":"EntryPoint","urlTemplate":"https:\/\/universofamilia.com\/el\/?s={search_term_string}"},"query-input":"required name=search_term_string"}],"inLanguage":"hu"},{"@type":"Person","@id":"https:\/\/universofamilia.com\/el\/#\/schema\/person\/92fcd07e9b1f4323bf74f3170fc0f78a","name":"Matheus Sangaletti","image":{"@type":"ImageObject","inLanguage":"hu","@id":"https:\/\/universofamilia.com\/el\/#\/schema\/person\/image\/","url":"http:\/\/2.gravatar.com\/avatar\/280ea957a14a48e6a1ad2133d2cc27c9?s=96&d=mm&r=g","contentUrl":"http:\/\/2.gravatar.com\/avatar\/280ea957a14a48e6a1ad2133d2cc27c9?s=96&d=mm&r=g","caption":"Matheus Sangaletti"},"url":"http:\/\/universofamilia.com\/hu\/author\/matheuss\/"}]}},"_links":{"self":[{"href":"http:\/\/universofamilia.com\/hu\/wp-json\/wp\/v2\/posts\/10213"}],"collection":[{"href":"http:\/\/universofamilia.com\/hu\/wp-json\/wp\/v2\/posts"}],"about":[{"href":"http:\/\/universofamilia.com\/hu\/wp-json\/wp\/v2\/types\/post"}],"author":[{"embeddable":true,"href":"http:\/\/universofamilia.com\/hu\/wp-json\/wp\/v2\/users\/219"}],"replies":[{"embeddable":true,"href":"http:\/\/universofamilia.com\/hu\/wp-json\/wp\/v2\/comments?post=10213"}],"version-history":[{"count":1,"href":"http:\/\/universofamilia.com\/hu\/wp-json\/wp\/v2\/posts\/10213\/revisions"}],"predecessor-version":[{"id":10217,"href":"http:\/\/universofamilia.com\/hu\/wp-json\/wp\/v2\/posts\/10213\/revisions\/10217"}],"wp:featuredmedia":[{"embeddable":true,"href":"http:\/\/universofamilia.com\/hu\/wp-json\/wp\/v2\/media\/10214"}],"wp:attachment":[{"href":"http:\/\/universofamilia.com\/hu\/wp-json\/wp\/v2\/media?parent=10213"}],"wp:term":[{"taxonomy":"category","embeddable":true,"href":"http:\/\/universofamilia.com\/hu\/wp-json\/wp\/v2\/categories?post=10213"},{"taxonomy":"post_tag","embeddable":true,"href":"http:\/\/universofamilia.com\/hu\/wp-json\/wp\/v2\/tags?post=10213"}],"curies":[{"name":"wp","href":"https:\/\/api.w.org\/{rel}","templated":true}]}}