{"id":10281,"date":"2025-11-04T18:31:21","date_gmt":"2025-11-04T21:31:21","guid":{"rendered":"https:\/\/universofamilia.com\/?p=10281"},"modified":"2025-11-04T18:31:24","modified_gmt":"2025-11-04T21:31:24","slug":"descubrimientos-cientificos-que-cambiaran-el-futuro","status":"publish","type":"post","link":"http:\/\/universofamilia.com\/hu\/descubrimientos-cientificos-que-cambiaran-el-futuro\/","title":{"rendered":"Tudom\u00e1nyos felfedez\u00e9sek, amelyek megv\u00e1ltoztatj\u00e1k a j\u00f6v\u0151t"},"content":{"rendered":"<p class=\"has-text-align-center\">A <strong>Tudom\u00e1nyos felfedez\u00e9sek, amelyek megv\u00e1ltoztatj\u00e1k a j\u00f6v\u0151t<\/strong> Ezek m\u00e1r nem t\u00e1voli \u00edg\u00e9retnek sz\u00e1m\u00edtanak: m\u00e1r most is megt\u00f6rt\u00e9nnek, laborat\u00f3riumokban, egyetemeken \u00e9s startup v\u00e1llalkoz\u00e1sokban szerte a vil\u00e1gon.<\/p>\n\n\n\n<figure class=\"wp-block-gallery aligncenter has-nested-images columns-default is-cropped wp-block-gallery-1 is-layout-flex wp-block-gallery-is-layout-flex\">\n<figure class=\"wp-block-image size-full\"><img loading=\"lazy\" decoding=\"async\" width=\"450\" height=\"250\" data-id=\"10283\" src=\"https:\/\/universofamilia.com\/wp-content\/uploads\/sites\/148\/2025\/11\/Destaque-Novo-Universo-40-1.jpg\" alt=\"\" class=\"wp-image-10283\" srcset=\"http:\/\/universofamilia.com\/wp-content\/uploads\/sites\/148\/2025\/11\/Destaque-Novo-Universo-40-1.jpg 450w, http:\/\/universofamilia.com\/wp-content\/uploads\/sites\/148\/2025\/11\/Destaque-Novo-Universo-40-1-300x167.jpg 300w, http:\/\/universofamilia.com\/wp-content\/uploads\/sites\/148\/2025\/11\/Destaque-Novo-Universo-40-1-18x10.jpg 18w\" sizes=\"(max-width: 450px) 100vw, 450px\" \/><figcaption class=\"wp-element-caption\">CANVA<\/figcaption><\/figure>\n<\/figure>\n\n\n\n<p class=\"has-text-align-center\">Ebben az \u00fatmutat\u00f3ban betekint\u00e9st nyerhetsz az emberi \u00e9letet forradalmas\u00edt\u00f3 ter\u00fcletekbe: biotechnol\u00f3gia, mesters\u00e9ges intelligencia, tiszta energia, \u0171rkutat\u00e1s \u00e9s idegtudom\u00e1ny.<\/p>\n\n\n\n<p class=\"has-text-align-center\">Tov\u00e1bb\u00e1 felfedezheti, hogyan \u00e9rtelmezik \u00fajra ezek az innov\u00e1ci\u00f3k az eg\u00e9szs\u00e9get, az etik\u00e1t \u00e9s a bolyg\u00f3 fenntarthat\u00f3s\u00e1g\u00e1t.<\/p>\n\n\n\n<h2 class=\"wp-block-heading\"><strong>A tudom\u00e1ny, mint az emberi fejl\u0151d\u00e9s ir\u00e1nyt\u0171je<\/strong><\/h2>\n\n\n\n<p>A t\u00f6rt\u00e9nelem azt mutatja, hogy minden tudom\u00e1nyos ugr\u00e1s gy\u00f6keresen \u00e1talak\u00edtotta a civiliz\u00e1ci\u00f3t.<\/p>\n\n\n\n<p>A penicillin feltal\u00e1l\u00e1s\u00e1t\u00f3l az internet l\u00e9trehoz\u00e1s\u00e1ig a tudom\u00e1ny volt az emberi j\u00f3l\u00e9t \u00e9s hossz\u00fa \u00e9let mozgat\u00f3rug\u00f3ja.<\/p>\n\n\n\n<p>Azonban ami a 2020-as \u00e9vekben t\u00f6rt\u00e9nik, minden eddigin\u00e9l jobb.<\/p>\n\n\n\n<p>Egy jelent\u00e9s szerint <strong>Vil\u00e1ggazdas\u00e1gi F\u00f3rum (2024)<\/strong>, t\u00f6bb mint <strong>A glob\u00e1lis j\u00f6v\u0151t alak\u00edt\u00f3 innov\u00e1ci\u00f3k k\u00f6z\u00fcl 65% m\u00e1r el\u0151rehaladott fejleszt\u00e9si szakaszban van.<\/strong>k\u00fcl\u00f6n\u00f6sen a biotechnol\u00f3gia, a kvantum-sz\u00e1m\u00edt\u00e1stechnika \u00e9s a meg\u00fajul\u00f3 energi\u00e1k ter\u00fclet\u00e9n.<\/p>\n\n\n\n<p>Ez elvezet minket egy elker\u00fclhetetlen k\u00e9rd\u00e9shez: felk\u00e9sz\u00fcltek vagyunk-e ennek az \u00faj tud\u00e1shull\u00e1mnak a t\u00e1rsadalmi \u00e9s etikai hat\u00e1saira?<\/p>\n\n\n\n<h2 class=\"wp-block-heading\"><strong>Biotechnol\u00f3gia: a DNS-hez alkalmazkod\u00f3 gy\u00f3gyszer<\/strong><\/h2>\n\n\n\n<p>A biotechnol\u00f3gia m\u00e1r nem \u00edg\u00e9ret, hanem mindennapi eszk\u00f6zz\u00e9 v\u00e1lt.<\/p>\n\n\n\n<p>Manaps\u00e1g a tud\u00f3sok olyan pontoss\u00e1ggal tudj\u00e1k szerkeszteni a g\u00e9neket, ami egy \u00e9vtizeddel ezel\u0151tt elk\u00e9pzelhetetlen volt, olyan technol\u00f3gi\u00e1knak k\u00f6sz\u00f6nhet\u0151en, mint a <strong>CRISPR-Cas9<\/strong>.<\/p>\n\n\n\n<p>Ez a technika lehet\u0151v\u00e9 teszi a DNS-szekvenci\u00e1k m\u00f3dos\u00edt\u00e1s\u00e1t az \u00f6r\u00f6kletes betegs\u00e9gek korrig\u00e1l\u00e1sa, s\u0151t megel\u0151z\u00e9se \u00e9rdek\u00e9ben, miel\u0151tt azok megnyilv\u00e1nuln\u00e1nak.<\/p>\n\n\n\n<p>P\u00e9ld\u00e1ul a kutat\u00f3k a k\u00f6vetkez\u0151 orsz\u00e1gokb\u00f3l: <strong>MIT \u00e9s Harvard Broad Institute<\/strong> Figyelemre m\u00e9lt\u00f3 el\u0151rel\u00e9p\u00e9st tesznek a sarl\u00f3sejtes v\u00e9rszeg\u00e9nys\u00e9g \u00e9s bizonyos r\u00e1kt\u00edpusok elleni g\u00e9nter\u00e1pi\u00e1kban.<\/p>\n\n\n\n<p>Ezek a szem\u00e9lyre szabott ter\u00e1pi\u00e1k egy olyan orvosl\u00e1s kezdet\u00e9t jelentik, amely val\u00f3ban minden egyes emberhez igazodik.<\/p>\n\n\n\n<p>De az \u00e9let szerkeszt\u00e9s\u00e9nek hatalma etikai dilemm\u00e1kat is felvet.<\/p>\n\n\n\n<p>Milyen m\u00e9rt\u00e9kben helyes genetikailag \u201ejav\u00edtani\u201d az embereket?<\/p>\n\n\n\n<p>Ez a vita lesz az elk\u00f6vetkez\u0151 \u00e9vek egyik nagy bioetikai kih\u00edv\u00e1sa.<\/p>\n\n\n\n<h2 class=\"wp-block-heading\"><strong>\u00c1ltal\u00e1nos mesters\u00e9ges intelligencia: az algoritmust\u00f3l a gondolkod\u00e1sig<\/strong><\/h2>\n\n\n\n<p>Ha a mesters\u00e9ges intelligencia (MI) \u00e1talak\u00edtan\u00e1 az emberi termel\u00e9kenys\u00e9get \u00e9s kreativit\u00e1st, akkor <strong>mesters\u00e9ges \u00e1ltal\u00e1nos intelligencia (AGI)<\/strong> M\u00e9g nagyobb min\u0151s\u00e9gi ugr\u00e1st \u00edg\u00e9r.<\/p>\n\n\n\n<p>A jelenlegi, meghat\u00e1rozott feladatokra tervezett rendszerekkel ellent\u00e9tben az AGI az emberi agyhoz hasonl\u00f3 m\u00f3don pr\u00f3b\u00e1l \u00e9rvelni, tanulni \u00e9s alkalmazkodni.<\/p>\n\n\n\n<p>A tech\u00f3ri\u00e1sok, mint p\u00e9ld\u00e1ul <strong>OpenAI, DeepMind \u00e9s Anthropic<\/strong> Olyan modelleken dolgoznak, amelyek k\u00e9pesek komplex tudom\u00e1nyos probl\u00e9m\u00e1k megold\u00e1s\u00e1ra, \u00e9s egy\u00fcttm\u0171k\u00f6dnek \u00faj anyagok, gy\u00f3gyszerek vagy fizikai elm\u00e9letek felfedez\u00e9s\u00e9ben.<\/p>\n\n\n\n<p>Egy vil\u00e1gos p\u00e9lda: 2023. <strong>AlphaFold<\/strong>A DeepMind \u00e1ltal kifejlesztett algoritmus t\u00f6bb mint 200 milli\u00f3 feh\u00e9rje szerkezet\u00e9t j\u00f3solta meg pontosan, forradalmas\u00edtva ezzel a struktur\u00e1lis biol\u00f3gi\u00e1t.<\/p>\n\n\n\n<p>Ez az el\u0151rel\u00e9p\u00e9s ler\u00f6vid\u00edti az \u00e9vekig tart\u00f3 kutat\u00e1st \u00e9s felgyors\u00edtja az orvosi kezel\u00e9sek fejleszt\u00e9s\u00e9t.<\/p>\n\n\n\n<p>Az anal\u00f3gia egyszer\u0171: a jelenlegi mesters\u00e9ges intelligencia olyan, mint egy brili\u00e1ns sz\u00e1mol\u00f3g\u00e9p; a mesters\u00e9ges intelligencia egy tud\u00f3s lenne, aki gondolkodik, k\u00f6vetkeztet\u00e9seket von le \u00e9s alkot.<\/p>\n\n\n\n<h2 class=\"wp-block-heading\"><strong>Tiszta energia \u00e9s kvantumt\u00e1rol\u00e1s<\/strong><\/h2>\n\n\n\n<p>Az energia j\u00f6v\u0151je azon m\u00falik, hogy megszabaduljunk-e a fosszilis t\u00fczel\u0151anyagokt\u00f3l val\u00f3 f\u00fcgg\u0151s\u00e9g\u00fcnkt\u0151l.<\/p>\n\n\n\n<p>A kombin\u00e1ci\u00f3 <strong>magf\u00fazi\u00f3<\/strong>, <strong>k\u00f6vetkez\u0151 gener\u00e1ci\u00f3s akkumul\u00e1torok<\/strong> \u00e9s <strong>kvantumsz\u00e1m\u00edt\u00e1stechnika alkalmaz\u00e1sa az energi\u00e1ra<\/strong> \u00dajra\u00e9rtelmezhetn\u00e9 a glob\u00e1lis fenntarthat\u00f3s\u00e1got.<\/p>\n\n\n\n<p>2022-ben a <strong>Lawrence Livermore Nemzeti Laborat\u00f3rium (USA)<\/strong> T\u00f6rt\u00e9nelmi m\u00e9rf\u00f6ldk\u0151h\u00f6z \u00e9rkezett: egy f\u00fazi\u00f3s k\u00eds\u00e9rlet sor\u00e1n t\u00f6bb energi\u00e1t termelt, mint amennyit fogyasztott.<\/p>\n\n\n\n<p>B\u00e1r a kereskedelmi termel\u00e9sig m\u00e9g hossz\u00fa az \u00fat, ez az eredm\u00e9ny fordul\u00f3pontot jelentett.<\/p>\n\n\n\n<p>Ek\u00f6zben a kutat\u00e1sok a <strong>szil\u00e1rdtest akkumul\u00e1torok<\/strong> A kvantumanyagok pedig ak\u00e1r \u00f6tsz\u00f6r nagyobb energias\u0171r\u0171s\u00e9get is el\u00e9rhetnek a jelenlegi szinthez k\u00e9pest. K\u00e9pzelj\u00fcnk el egy olyan j\u00f6v\u0151t, ahol egy elektromos j\u00e1rm\u0171 t\u00f6lt\u00e9se mind\u00f6ssze \u00f6t percet vesz ig\u00e9nybe, \u00e9s 1000 kilom\u00e9teres hat\u00f3t\u00e1vols\u00e1got biztos\u00edt.<\/p>\n\n\n\n<figure class=\"wp-block-table\"><table><thead><tr><th>Felt\u00f6rekv\u0151 technol\u00f3gia<\/th><th>Potenci\u00e1lis hat\u00e1s 2035-ig<\/th><\/tr><\/thead><tbody><tr><td>Szab\u00e1lyozott magf\u00fazi\u00f3<\/td><td>Tiszta \u00e9s korl\u00e1tlan energia<\/td><\/tr><tr><td>Szil\u00e1rdtest akkumul\u00e1torok<\/td><td>Fenntarthat\u00f3 elektromos mobilit\u00e1s<\/td><\/tr><tr><td>Kvantumt\u00e1rol\u00e1s<\/td><td>Intelligens energiah\u00e1l\u00f3zatok<\/td><\/tr><\/tbody><\/table><figcaption class=\"wp-element-caption\">Tudom\u00e1nyos felfedez\u00e9sek, amelyek megv\u00e1ltoztatj\u00e1k a j\u00f6v\u0151t<\/figcaption><\/figure>\n\n\n\n<figure class=\"wp-block-gallery aligncenter has-nested-images columns-default is-cropped wp-block-gallery-2 is-layout-flex wp-block-gallery-is-layout-flex\">\n<figure class=\"wp-block-image size-full\"><img loading=\"lazy\" decoding=\"async\" width=\"450\" height=\"250\" data-id=\"10284\" src=\"https:\/\/universofamilia.com\/wp-content\/uploads\/sites\/148\/2025\/11\/Destaque-Novo-Universo-39.jpg\" alt=\"\" class=\"wp-image-10284\" srcset=\"http:\/\/universofamilia.com\/wp-content\/uploads\/sites\/148\/2025\/11\/Destaque-Novo-Universo-39.jpg 450w, http:\/\/universofamilia.com\/wp-content\/uploads\/sites\/148\/2025\/11\/Destaque-Novo-Universo-39-300x167.jpg 300w, http:\/\/universofamilia.com\/wp-content\/uploads\/sites\/148\/2025\/11\/Destaque-Novo-Universo-39-18x10.jpg 18w\" sizes=\"(max-width: 450px) 100vw, 450px\" \/><figcaption class=\"wp-element-caption\">CANVA<\/figcaption><\/figure>\n<\/figure>\n\n\n\n<p>B\u0151vebben:\u00a0<a href=\"http:\/\/universofamilia.com\/hu\/economia-mundial-en-2025-recesion-o-recuperacion\/\">Vil\u00e1ggazdas\u00e1g 2025-ben: Recesszi\u00f3 vagy fellend\u00fcl\u00e9s?<\/a><\/p>\n\n\n\n<h2 class=\"wp-block-heading\"><strong>Az idegtudom\u00e1ny \u00e9s az \u00faj agyt\u00e9rk\u00e9p<\/strong><\/h2>\n\n\n\n<p>Az emberi agy tov\u00e1bbra is a leg\u00f6sszetettebb ter\u00fclet az ismert univerzumban.<\/p>\n\n\n\n<p>Azonban olyan projektek, mint a <strong>Emberi Agy Projekt<\/strong> Eur\u00f3p\u00e1ban \u00e9s a nyomoz\u00e1sok <strong>Allen Agytudom\u00e1nyi Int\u00e9zet<\/strong> Siker\u00fcl p\u00e9ld\u00e1tlan pontoss\u00e1ggal felt\u00e9rk\u00e9pezni\u00fck az idegi \u00e1ramk\u00f6r\u00f6ket.<\/p>\n\n\n\n<p>Ezek az el\u0151rel\u00e9p\u00e9sek lehet\u0151v\u00e9 teszik az olyan rendelleness\u00e9gek jobb meg\u00e9rt\u00e9s\u00e9t, mint az Alzheimer-k\u00f3r, a depresszi\u00f3 vagy az autizmus, \u00e9s megnyitj\u00e1k az utat az agyi stimul\u00e1ci\u00f3n vagy az elme-g\u00e9p interf\u00e9szeken alapul\u00f3 ter\u00e1pi\u00e1k el\u0151tt.<\/p>\n\n\n\n<p>2025-ben <strong>Neuralink<\/strong>Az Elon Musk \u00e1ltal alap\u00edtott c\u00e9g megkezdte az emberi klinikai vizsg\u00e1latokat olyan agyi implant\u00e1tumokkal, amelyeket b\u00e9nul\u00e1sban szenved\u0151 emberek motoros funkci\u00f3inak helyre\u00e1ll\u00edt\u00e1s\u00e1ra terveztek.<\/p>\n\n\n\n<p>B\u00e1r vit\u00e1kat gener\u00e1l, ez a fajta innov\u00e1ci\u00f3 \u00fajra\u00e9rtelmezi az elme \u00e9s a technol\u00f3gia k\u00f6z\u00f6tti hat\u00e1rokat.<\/p>\n\n\n\n<p>A kih\u00edv\u00e1s etikai \u00e9s technikai jelleg\u0171 is lesz: biztos\u00edtani, hogy a neurotechnol\u00f3gia tiszteletben tartsa a ment\u00e1lis mag\u00e1n\u00e9letet \u00e9s a kognit\u00edv jogokat.<\/p>\n\n\n\n<h2 class=\"wp-block-heading\"><strong>\u0170rkutat\u00e1s \u00e9s \u00faj emberi \u00e9l\u0151helyek<\/strong><\/h2>\n\n\n\n<p>Az \u0171rkutat\u00e1s m\u00e1r nem a szuperk\u00e9pess\u00e9gek k\u00f6z\u00f6tti verseny, hanem a faj t\u00fal\u00e9l\u00e9si strat\u00e9gi\u00e1j\u00e1v\u00e1 v\u00e1lt.<\/p>\n\n\n\n<p>A Mars koloniz\u00e1ci\u00f3ja vagy az aszteroid\u00e1k kitermel\u00e9se m\u00e1r nem a sci-fi vil\u00e1g\u00e1ba tartozik.<\/p>\n\n\n\n<p>Olyan c\u00e9gek, mint <strong>SpaceX<\/strong> \u00e9s <strong>K\u00e9k eredet<\/strong> \u00dajrafelhaszn\u00e1lhat\u00f3 rendszereket fejlesztenek, amelyek drasztikusan cs\u00f6kkentik az egyes ind\u00edt\u00e1sok k\u00f6lts\u00e9geit.<\/p>\n\n\n\n<p>Ek\u00f6zben a k\u00fcldet\u00e9sek <strong>NASA \u00e9s az Eur\u00f3pai \u0170r\u00fcgyn\u00f6ks\u00e9g (ESA)<\/strong> Azt szeretn\u00e9k tanulm\u00e1nyozni, hogyan lehet \u00e9lelmiszert termeszteni \u00e9s oxig\u00e9nt el\u0151\u00e1ll\u00edtani nullgravit\u00e1ci\u00f3s k\u00f6rnyezetben.<\/p>\n\n\n\n<p>Egy inspir\u00e1l\u00f3 p\u00e9lda: a k\u00fcldet\u00e9s <strong>Artemisz III.<\/strong>A 2026-ra tervezett k\u00fcldet\u00e9s c\u00e9lja, hogy az els\u0151 n\u0151t \u00e9s az els\u0151 sz\u00ednes b\u0151r\u0171 embert a Hold felsz\u00edn\u00e9re juttassa, lerakva ezzel egy \u00e1lland\u00f3 b\u00e1zis alapjait.<\/p>\n\n\n\n<p>Ezek a projektek nemcsak a hat\u00e1rok kiterjeszt\u00e9s\u00e9re t\u00f6rekszenek, hanem az emberis\u00e9g folytonoss\u00e1g\u00e1nak garant\u00e1l\u00e1s\u00e1ra is a lehets\u00e9ges bolyg\u00f3v\u00e1ls\u00e1gok idej\u00e9n.<\/p>\n\n\n\n<h2 class=\"wp-block-heading\"><strong>Az innov\u00e1ci\u00f3 etik\u00e1ja \u00e9s ir\u00e1ny\u00edt\u00e1sa<\/strong><\/h2>\n\n\n\n<p>Mindegyik a <strong>Tudom\u00e1nyos felfedez\u00e9sek, amelyek megv\u00e1ltoztatj\u00e1k a j\u00f6v\u0151t<\/strong> Ez erk\u00f6lcsi \u00e9s politikai dilemm\u00e1kat is mag\u00e1val hoz.<\/p>\n\n\n\n<p>Ki ellen\u0151rzi a genetikai szabadalmakat? Mi t\u00f6rt\u00e9nik, ha a mesters\u00e9ges intelligencia orvosi vagy jogi d\u00f6nt\u00e9seket hozhat?<\/p>\n\n\n\n<p>K\u00fcl\u00f6nb\u00f6z\u0151 nemzetk\u00f6zi szervezetek, mint p\u00e9ld\u00e1ul a <strong>UNESCO<\/strong> \u00e9s a <strong>ENSZ<\/strong>Olyan szab\u00e1lyoz\u00e1si kereteken dolgoznak, amelyek egyens\u00falyt teremtenek a halad\u00e1s \u00e9s a t\u00e1rsadalmi igazs\u00e1goss\u00e1g k\u00f6z\u00f6tt.<\/p>\n\n\n\n<p>Az etika n\u00e9lk\u00fcli tudom\u00e1ny ugyanolyan vesz\u00e9lyes lehet, mint a hat\u00e1rtalan tudatlans\u00e1g.<\/p>\n\n\n\n<p>A kulcs az lesz, hogy a tud\u00e1st emp\u00e1ti\u00e1val \u00f6tv\u00f6zz\u00fck: olyan technol\u00f3gi\u00e1t fejlessz\u00fcnk ki, amely az embert szolg\u00e1lja, \u00e9s nem ford\u00edtva.<\/p>\n\n\n\n<h2 class=\"wp-block-heading\"><strong>Konkl\u00fazi\u00f3: egy felel\u0151ss\u00e9get k\u00f6vetel\u0151 j\u00f6v\u0151<\/strong><\/h2>\n\n\n\n<p>A most felsz\u00ednre ker\u00fcl\u0151 felfedez\u00e9sek annak a vil\u00e1gnak a magvai, amelyet a j\u00f6v\u0151 gener\u00e1ci\u00f3i \u00f6r\u00f6k\u00f6lnek.<\/p>\n\n\n\n<p>A biol\u00f3gia, a mesters\u00e9ges intelligencia \u00e9s az \u0171rkutat\u00e1s nemcsak k\u00e9nyelmet vagy hat\u00e9konys\u00e1got \u00edg\u00e9r: \u00fajra\u00e9rtelmezik az ember mibenl\u00e9t\u00e9t.<\/p>\n\n\n\n<p>A j\u00f6v\u0151 nincs meg\u00edrva, de minden innov\u00e1ci\u00f3 lehet\u0151s\u00e9get k\u00edn\u00e1l arra, hogy tudatosan \u00edrjuk azt.<\/p>\n\n\n\n<p>Ennek a v\u00e1ltoz\u00e1snak a meg\u00e9rt\u00e9se \u00e9s az abban val\u00f3 r\u00e9szv\u00e9tel t\u00f6bb mint egy lehet\u0151s\u00e9g: erk\u00f6lcsi k\u00f6teless\u00e9g a bolyg\u00f3 \u00e9s \u00f6nmagunk ir\u00e1nt.<\/p>\n\n\n\n<p>B\u0151vebben:\u00a0<a href=\"http:\/\/universofamilia.com\/hu\/proteccion-familiar-en-tiempos-de-incertidumbre-economica\/\">Csal\u00e1dv\u00e9delem gazdas\u00e1gi bizonytalans\u00e1g idej\u00e9n<\/a><\/p>\n\n\n\n<h2 class=\"wp-block-heading\"><strong>Gyakran Ism\u00e9telt K\u00e9rd\u00e9sek<\/strong><\/h2>\n\n\n\n<p><strong>1. Melyek a leg\u00edg\u00e9retesebb tudom\u00e1nyos felfedez\u00e9sek jelenleg?<\/strong><br><\/p>\n\n\n\n<p>A g\u00e9nszerkeszt\u00e9s, a mesters\u00e9ges \u00e1ltal\u00e1nos intelligencia, a f\u00fazi\u00f3s energia \u00e9s a neurointerf\u00e9szek azok a ter\u00fcletek, amelyekben a legnagyobb transzformat\u00edv potenci\u00e1l rejlik a k\u00f6vetkez\u0151 \u00e9vtizedben.<\/p>\n\n\n\n<p><strong>2. Mikor lehetne ezeket a technol\u00f3gi\u00e1kat nagym\u00e9rt\u00e9kben alkalmazni?<\/strong><\/p>\n\n\n\n<p><br>N\u00e9h\u00e1ny m\u00e1r k\u00eds\u00e9rleti haszn\u00e1latban van, de a legt\u00f6bbj\u00fcknek glob\u00e1lis hat\u00e1sa lehet 2030 \u00e9s 2040 k\u00f6z\u00f6tt, az etikai \u00e9s jogi keretrendszerekt\u0151l f\u00fcgg\u0151en.<\/p>\n\n\n\n<p><strong>3. Milyen kock\u00e1zatok l\u00e9teznek?<\/strong><\/p>\n\n\n\n<p><br>A DNS manipul\u00e1l\u00e1sa, az algoritmusokra val\u00f3 t\u00e1maszkod\u00e1s vagy az emberi elme m\u00f3dos\u00edt\u00e1sa egy\u00e9rtelm\u0171 szab\u00e1lyokat ig\u00e9nyel az egyenl\u0151tlens\u00e9gek \u00e9s a vissza\u00e9l\u00e9sek megel\u0151z\u00e9se \u00e9rdek\u00e9ben.<\/p>\n\n\n\n<p><strong>4. Hogyan maradhatok t\u00e1j\u00e9kozott ezekr\u0151l a fejlem\u00e9nyekr\u0151l?<\/strong><\/p>\n\n\n\n<p><br>Megb\u00edzhat\u00f3 forr\u00e1sokb\u00f3l t\u00e1j\u00e9koz\u00f3dj, mint p\u00e9ld\u00e1ul <strong>ED\u00c9NY<\/strong>, \u0151 <strong>MIT Technol\u00f3giai Szemle<\/strong>, \u0151 <strong>Vil\u00e1ggazdas\u00e1gi F\u00f3rum<\/strong> \u00e9s a <strong>WHO<\/strong> garant\u00e1lja a hozz\u00e1f\u00e9r\u00e9st az ellen\u0151rz\u00f6tt \u00e9s naprak\u00e9sz inform\u00e1ci\u00f3khoz.<\/p>","protected":false},"excerpt":{"rendered":"<p>Los descubrimientos cient\u00edficos que cambiar\u00e1n el futuro ya no son una promesa lejana: est\u00e1n ocurriendo ahora mismo, en laboratorios, universidades y startups de todo el mundo. En esta gu\u00eda encontrar\u00e1s un recorrido por las \u00e1reas que est\u00e1n revolucionando la vida humana: biotecnolog\u00eda, inteligencia artificial, energ\u00eda limpia, exploraci\u00f3n espacial y neurociencia. Adem\u00e1s, descubrir\u00e1s c\u00f3mo estas innovaciones [&hellip;]<\/p>","protected":false},"author":219,"featured_media":10282,"comment_status":"closed","ping_status":"open","sticky":false,"template":"","format":"standard","meta":{"footnotes":""},"categories":[4],"tags":[],"yoast_head":"<!-- This site is optimized with the Yoast SEO plugin v23.3 - https:\/\/yoast.com\/wordpress\/plugins\/seo\/ -->\n<title>Descubrimientos cient\u00edficos que cambiar\u00e1n el futuro - Universo Fam\u00edlia<\/title>\n<meta name=\"description\" content=\"Los descubrimientos cient\u00edficos que cambiar\u00e1n el futuro ya no son una promesa lejana: est\u00e1n ocurriendo ahora mismo, en laboratorios...\" \/>\n<meta name=\"robots\" content=\"index, follow, max-snippet:-1, max-image-preview:large, max-video-preview:-1\" \/>\n<link rel=\"canonical\" href=\"https:\/\/universofamilia.com\/hu\/descubrimientos-cientificos-que-cambiaran-el-futuro\/\" \/>\n<meta property=\"og:locale\" content=\"hu_HU\" \/>\n<meta property=\"og:type\" content=\"article\" \/>\n<meta property=\"og:title\" content=\"Descubrimientos cient\u00edficos que cambiar\u00e1n el futuro - Universo Fam\u00edlia\" \/>\n<meta property=\"og:description\" content=\"Los descubrimientos cient\u00edficos que cambiar\u00e1n el futuro ya no son una promesa lejana: est\u00e1n ocurriendo ahora mismo, en laboratorios...\" \/>\n<meta property=\"og:url\" content=\"https:\/\/universofamilia.com\/hu\/descubrimientos-cientificos-que-cambiaran-el-futuro\/\" \/>\n<meta property=\"og:site_name\" content=\"Universo Fam\u00edlia\" \/>\n<meta property=\"article:published_time\" content=\"2025-11-04T21:31:21+00:00\" \/>\n<meta property=\"article:modified_time\" content=\"2025-11-04T21:31:24+00:00\" \/>\n<meta property=\"og:image\" content=\"https:\/\/universofamilia.com\/wp-content\/uploads\/sites\/148\/2025\/11\/Destaque-Novo-Universo-40.jpg\" \/>\n\t<meta property=\"og:image:width\" content=\"450\" \/>\n\t<meta property=\"og:image:height\" content=\"250\" \/>\n\t<meta property=\"og:image:type\" content=\"image\/jpeg\" \/>\n<meta name=\"author\" content=\"Matheus Sangaletti\" \/>\n<meta name=\"twitter:card\" content=\"summary_large_image\" \/>\n<meta name=\"twitter:label1\" content=\"Written by\" \/>\n\t<meta name=\"twitter:data1\" content=\"Matheus Sangaletti\" \/>\n\t<meta name=\"twitter:label2\" content=\"Est. reading time\" \/>\n\t<meta name=\"twitter:data2\" content=\"8 perc\" \/>\n<script type=\"application\/ld+json\" class=\"yoast-schema-graph\">{\"@context\":\"https:\/\/schema.org\",\"@graph\":[{\"@type\":\"WebPage\",\"@id\":\"https:\/\/universofamilia.com\/ko\/descubrimientos-cientificos-que-cambiaran-el-futuro\/\",\"url\":\"https:\/\/universofamilia.com\/ko\/descubrimientos-cientificos-que-cambiaran-el-futuro\/\",\"name\":\"Descubrimientos cient\u00edficos que cambiar\u00e1n el futuro - Universo Fam\u00edlia\",\"isPartOf\":{\"@id\":\"https:\/\/universofamilia.com\/el\/#website\"},\"primaryImageOfPage\":{\"@id\":\"https:\/\/universofamilia.com\/ko\/descubrimientos-cientificos-que-cambiaran-el-futuro\/#primaryimage\"},\"image\":{\"@id\":\"https:\/\/universofamilia.com\/ko\/descubrimientos-cientificos-que-cambiaran-el-futuro\/#primaryimage\"},\"thumbnailUrl\":\"http:\/\/universofamilia.com\/wp-content\/uploads\/sites\/148\/2025\/11\/Destaque-Novo-Universo-40.jpg\",\"datePublished\":\"2025-11-04T21:31:21+00:00\",\"dateModified\":\"2025-11-04T21:31:24+00:00\",\"author\":{\"@id\":\"https:\/\/universofamilia.com\/el\/#\/schema\/person\/92fcd07e9b1f4323bf74f3170fc0f78a\"},\"description\":\"Los descubrimientos cient\u00edficos que cambiar\u00e1n el futuro ya no son una promesa lejana: est\u00e1n ocurriendo ahora mismo, en laboratorios...\",\"breadcrumb\":{\"@id\":\"https:\/\/universofamilia.com\/ko\/descubrimientos-cientificos-que-cambiaran-el-futuro\/#breadcrumb\"},\"inLanguage\":\"hu\",\"potentialAction\":[{\"@type\":\"ReadAction\",\"target\":[\"https:\/\/universofamilia.com\/ko\/descubrimientos-cientificos-que-cambiaran-el-futuro\/\"]}]},{\"@type\":\"ImageObject\",\"inLanguage\":\"hu\",\"@id\":\"https:\/\/universofamilia.com\/ko\/descubrimientos-cientificos-que-cambiaran-el-futuro\/#primaryimage\",\"url\":\"http:\/\/universofamilia.com\/wp-content\/uploads\/sites\/148\/2025\/11\/Destaque-Novo-Universo-40.jpg\",\"contentUrl\":\"http:\/\/universofamilia.com\/wp-content\/uploads\/sites\/148\/2025\/11\/Destaque-Novo-Universo-40.jpg\",\"width\":450,\"height\":250},{\"@type\":\"BreadcrumbList\",\"@id\":\"https:\/\/universofamilia.com\/ko\/descubrimientos-cientificos-que-cambiaran-el-futuro\/#breadcrumb\",\"itemListElement\":[{\"@type\":\"ListItem\",\"position\":1,\"name\":\"Home\",\"item\":\"https:\/\/universofamilia.com\/el\/\"},{\"@type\":\"ListItem\",\"position\":2,\"name\":\"Descubrimientos cient\u00edficos que cambiar\u00e1n el futuro\"}]},{\"@type\":\"WebSite\",\"@id\":\"https:\/\/universofamilia.com\/el\/#website\",\"url\":\"https:\/\/universofamilia.com\/el\/\",\"name\":\"Universo Fam\u00edlia\",\"description\":\"\",\"potentialAction\":[{\"@type\":\"SearchAction\",\"target\":{\"@type\":\"EntryPoint\",\"urlTemplate\":\"https:\/\/universofamilia.com\/el\/?s={search_term_string}\"},\"query-input\":\"required name=search_term_string\"}],\"inLanguage\":\"hu\"},{\"@type\":\"Person\",\"@id\":\"https:\/\/universofamilia.com\/el\/#\/schema\/person\/92fcd07e9b1f4323bf74f3170fc0f78a\",\"name\":\"Matheus Sangaletti\",\"image\":{\"@type\":\"ImageObject\",\"inLanguage\":\"hu\",\"@id\":\"https:\/\/universofamilia.com\/el\/#\/schema\/person\/image\/\",\"url\":\"http:\/\/2.gravatar.com\/avatar\/280ea957a14a48e6a1ad2133d2cc27c9?s=96&d=mm&r=g\",\"contentUrl\":\"http:\/\/2.gravatar.com\/avatar\/280ea957a14a48e6a1ad2133d2cc27c9?s=96&d=mm&r=g\",\"caption\":\"Matheus Sangaletti\"},\"url\":\"http:\/\/universofamilia.com\/hu\/author\/matheuss\/\"}]}<\/script>\n<!-- \/ Yoast SEO plugin. -->","yoast_head_json":{"title":"Descubrimientos cient\u00edficos que cambiar\u00e1n el futuro - Universo Fam\u00edlia","description":"Los descubrimientos cient\u00edficos que cambiar\u00e1n el futuro ya no son una promesa lejana: est\u00e1n ocurriendo ahora mismo, en laboratorios...","robots":{"index":"index","follow":"follow","max-snippet":"max-snippet:-1","max-image-preview":"max-image-preview:large","max-video-preview":"max-video-preview:-1"},"canonical":"https:\/\/universofamilia.com\/hu\/descubrimientos-cientificos-que-cambiaran-el-futuro\/","og_locale":"hu_HU","og_type":"article","og_title":"Descubrimientos cient\u00edficos que cambiar\u00e1n el futuro - Universo Fam\u00edlia","og_description":"Los descubrimientos cient\u00edficos que cambiar\u00e1n el futuro ya no son una promesa lejana: est\u00e1n ocurriendo ahora mismo, en laboratorios...","og_url":"https:\/\/universofamilia.com\/hu\/descubrimientos-cientificos-que-cambiaran-el-futuro\/","og_site_name":"Universo Fam\u00edlia","article_published_time":"2025-11-04T21:31:21+00:00","article_modified_time":"2025-11-04T21:31:24+00:00","og_image":[{"width":450,"height":250,"url":"https:\/\/universofamilia.com\/wp-content\/uploads\/sites\/148\/2025\/11\/Destaque-Novo-Universo-40.jpg","type":"image\/jpeg"}],"author":"Matheus Sangaletti","twitter_card":"summary_large_image","twitter_misc":{"Written by":"Matheus Sangaletti","Est. reading time":"8 perc"},"schema":{"@context":"https:\/\/schema.org","@graph":[{"@type":"WebPage","@id":"https:\/\/universofamilia.com\/ko\/descubrimientos-cientificos-que-cambiaran-el-futuro\/","url":"https:\/\/universofamilia.com\/ko\/descubrimientos-cientificos-que-cambiaran-el-futuro\/","name":"Descubrimientos cient\u00edficos que cambiar\u00e1n el futuro - Universo Fam\u00edlia","isPartOf":{"@id":"https:\/\/universofamilia.com\/el\/#website"},"primaryImageOfPage":{"@id":"https:\/\/universofamilia.com\/ko\/descubrimientos-cientificos-que-cambiaran-el-futuro\/#primaryimage"},"image":{"@id":"https:\/\/universofamilia.com\/ko\/descubrimientos-cientificos-que-cambiaran-el-futuro\/#primaryimage"},"thumbnailUrl":"http:\/\/universofamilia.com\/wp-content\/uploads\/sites\/148\/2025\/11\/Destaque-Novo-Universo-40.jpg","datePublished":"2025-11-04T21:31:21+00:00","dateModified":"2025-11-04T21:31:24+00:00","author":{"@id":"https:\/\/universofamilia.com\/el\/#\/schema\/person\/92fcd07e9b1f4323bf74f3170fc0f78a"},"description":"Los descubrimientos cient\u00edficos que cambiar\u00e1n el futuro ya no son una promesa lejana: est\u00e1n ocurriendo ahora mismo, en laboratorios...","breadcrumb":{"@id":"https:\/\/universofamilia.com\/ko\/descubrimientos-cientificos-que-cambiaran-el-futuro\/#breadcrumb"},"inLanguage":"hu","potentialAction":[{"@type":"ReadAction","target":["https:\/\/universofamilia.com\/ko\/descubrimientos-cientificos-que-cambiaran-el-futuro\/"]}]},{"@type":"ImageObject","inLanguage":"hu","@id":"https:\/\/universofamilia.com\/ko\/descubrimientos-cientificos-que-cambiaran-el-futuro\/#primaryimage","url":"http:\/\/universofamilia.com\/wp-content\/uploads\/sites\/148\/2025\/11\/Destaque-Novo-Universo-40.jpg","contentUrl":"http:\/\/universofamilia.com\/wp-content\/uploads\/sites\/148\/2025\/11\/Destaque-Novo-Universo-40.jpg","width":450,"height":250},{"@type":"BreadcrumbList","@id":"https:\/\/universofamilia.com\/ko\/descubrimientos-cientificos-que-cambiaran-el-futuro\/#breadcrumb","itemListElement":[{"@type":"ListItem","position":1,"name":"Home","item":"https:\/\/universofamilia.com\/el\/"},{"@type":"ListItem","position":2,"name":"Descubrimientos cient\u00edficos que cambiar\u00e1n el futuro"}]},{"@type":"WebSite","@id":"https:\/\/universofamilia.com\/el\/#website","url":"https:\/\/universofamilia.com\/el\/","name":"Universo Fam\u00edlia","description":"","potentialAction":[{"@type":"SearchAction","target":{"@type":"EntryPoint","urlTemplate":"https:\/\/universofamilia.com\/el\/?s={search_term_string}"},"query-input":"required name=search_term_string"}],"inLanguage":"hu"},{"@type":"Person","@id":"https:\/\/universofamilia.com\/el\/#\/schema\/person\/92fcd07e9b1f4323bf74f3170fc0f78a","name":"Matheus Sangaletti","image":{"@type":"ImageObject","inLanguage":"hu","@id":"https:\/\/universofamilia.com\/el\/#\/schema\/person\/image\/","url":"http:\/\/2.gravatar.com\/avatar\/280ea957a14a48e6a1ad2133d2cc27c9?s=96&d=mm&r=g","contentUrl":"http:\/\/2.gravatar.com\/avatar\/280ea957a14a48e6a1ad2133d2cc27c9?s=96&d=mm&r=g","caption":"Matheus Sangaletti"},"url":"http:\/\/universofamilia.com\/hu\/author\/matheuss\/"}]}},"_links":{"self":[{"href":"http:\/\/universofamilia.com\/hu\/wp-json\/wp\/v2\/posts\/10281"}],"collection":[{"href":"http:\/\/universofamilia.com\/hu\/wp-json\/wp\/v2\/posts"}],"about":[{"href":"http:\/\/universofamilia.com\/hu\/wp-json\/wp\/v2\/types\/post"}],"author":[{"embeddable":true,"href":"http:\/\/universofamilia.com\/hu\/wp-json\/wp\/v2\/users\/219"}],"replies":[{"embeddable":true,"href":"http:\/\/universofamilia.com\/hu\/wp-json\/wp\/v2\/comments?post=10281"}],"version-history":[{"count":1,"href":"http:\/\/universofamilia.com\/hu\/wp-json\/wp\/v2\/posts\/10281\/revisions"}],"predecessor-version":[{"id":10286,"href":"http:\/\/universofamilia.com\/hu\/wp-json\/wp\/v2\/posts\/10281\/revisions\/10286"}],"wp:featuredmedia":[{"embeddable":true,"href":"http:\/\/universofamilia.com\/hu\/wp-json\/wp\/v2\/media\/10282"}],"wp:attachment":[{"href":"http:\/\/universofamilia.com\/hu\/wp-json\/wp\/v2\/media?parent=10281"}],"wp:term":[{"taxonomy":"category","embeddable":true,"href":"http:\/\/universofamilia.com\/hu\/wp-json\/wp\/v2\/categories?post=10281"},{"taxonomy":"post_tag","embeddable":true,"href":"http:\/\/universofamilia.com\/hu\/wp-json\/wp\/v2\/tags?post=10281"}],"curies":[{"name":"wp","href":"https:\/\/api.w.org\/{rel}","templated":true}]}}