{"id":10328,"date":"2025-11-13T10:26:37","date_gmt":"2025-11-13T13:26:37","guid":{"rendered":"https:\/\/universofamilia.com\/?p=10328"},"modified":"2025-11-13T10:26:40","modified_gmt":"2025-11-13T13:26:40","slug":"privacidad-en-linea","status":"publish","type":"post","link":"http:\/\/universofamilia.com\/hu\/privacidad-en-linea\/","title":{"rendered":"Hogyan v\u00e9dheti meg szem\u00e9lyes adatait a digit\u00e1lis korban"},"content":{"rendered":"<p class=\"has-text-align-center\">Egy olyan vil\u00e1gban, ahol szinte minden k\u00e9perny\u0151n kereszt\u00fcl t\u00f6rt\u00e9nik, <strong>Online adatv\u00e9delem: hogyan v\u00e9dheti meg szem\u00e9lyes adatait a digit\u00e1lis korban<\/strong> k\u00f6zponti probl\u00e9m\u00e1v\u00e1 v\u00e1lt.<\/p>\n\n\n\n<figure class=\"wp-block-gallery aligncenter has-nested-images columns-default is-cropped wp-block-gallery-1 is-layout-flex wp-block-gallery-is-layout-flex\">\n<figure class=\"wp-block-image size-full\"><img loading=\"lazy\" decoding=\"async\" width=\"450\" height=\"250\" data-id=\"10330\" src=\"https:\/\/universofamilia.com\/wp-content\/uploads\/sites\/148\/2025\/11\/Destaque-Novo-Universo-2.jpg\" alt=\"\" class=\"wp-image-10330\" srcset=\"http:\/\/universofamilia.com\/wp-content\/uploads\/sites\/148\/2025\/11\/Destaque-Novo-Universo-2.jpg 450w, http:\/\/universofamilia.com\/wp-content\/uploads\/sites\/148\/2025\/11\/Destaque-Novo-Universo-2-300x167.jpg 300w, http:\/\/universofamilia.com\/wp-content\/uploads\/sites\/148\/2025\/11\/Destaque-Novo-Universo-2-18x10.jpg 18w\" sizes=\"(max-width: 450px) 100vw, 450px\" \/><figcaption class=\"wp-element-caption\">CANVA<\/figcaption><\/figure>\n<\/figure>\n\n\n\n<p class=\"has-text-align-center\">Ebben a cikkben megismerkedhetsz az adataid f\u0151bb kock\u00e1zataival, a legjobb eszk\u00f6z\u00f6kkel azok v\u00e9delm\u00e9re, val\u00f3s statisztik\u00e1kkal, k\u00e9t vil\u00e1gos p\u00e9ld\u00e1val \u00e9s gyakorlati tan\u00e1csokkal, valamint a leggyakoribb k\u00e9rd\u00e9sekre adott v\u00e1laszokkal.<\/p>\n\n\n\n<p class=\"has-text-align-center\"><br>Elgondolkodt\u00e1l m\u00e1r azon, hogy mennyi szem\u00e9lyes adatot adsz meg akaratlanul is?<\/p>\n\n\n\n<h2 class=\"wp-block-heading\"><strong>Az \u00faj digit\u00e1lis sebezhet\u0151s\u00e9g: mi\u00e9rt nem v\u00e1laszthat\u00f3 t\u00f6bb\u00e9 az adatv\u00e9delem?<\/strong><\/h2>\n\n\n\n<p>Egy \u00e9vtizeddel ezel\u0151tt a legt\u00f6bb felhaszn\u00e1l\u00f3 m\u00e1sodlagos k\u00e9rd\u00e9snek tekintette az adatv\u00e9delmet; ma, 2025-ben, ez egy jog \u00e9s s\u00fcrg\u0151s sz\u00fcks\u00e9glet.<\/p>\n\n\n\n<p>Minden kattint\u00e1s, keres\u00e9s vagy v\u00e1s\u00e1rl\u00e1s digit\u00e1lis l\u00e1bnyomot hagy, amely nyomon k\u00f6vethet\u0151, t\u00e1rolhat\u00f3 \u00e9s \u00e9rt\u00e9kes\u00edthet\u0151.<\/p>\n\n\n\n<p>A nagy technol\u00f3giai platformok r\u00e9szletes profilokat \u00e9p\u00edtenek emberek milli\u00f3inak szok\u00e1sair\u00f3l, hogy szem\u00e9lyre szabj\u00e1k a hirdet\u00e9seket vagy fejlessz\u00e9k az algoritmusokat, de ez a gyakorlat vissza\u00e9l\u00e9seknek \u00e9s kisziv\u00e1rogtat\u00e1soknak is utat nyit.<\/p>\n\n\n\n<p>Jelk\u00e9pes eset volt egy nemzetk\u00f6zi \u00fczletl\u00e1nc\u00e9, amelynek adatb\u00e1zis\u00e1t 2024-ben hatalmas behatol\u00e1s \u00e9rte.<\/p>\n\n\n\n<p>A t\u00e1mad\u00f3k t\u00f6bb mint ...-hoz f\u00e9rtek hozz\u00e1 <strong>50 milli\u00f3 \u00fcgyf\u00e9lrekord<\/strong>bele\u00e9rtve a c\u00edmeket \u00e9s a v\u00e1s\u00e1rl\u00e1si preferenci\u00e1kat.<\/p>\n\n\n\n<p>A c\u00e9g hetekig tartott, mire \u00e9rtes\u00edtette a felhaszn\u00e1l\u00f3kat, \u00e9s k\u00f6z\u00fcl\u00fck ezrek estek \u00e1ldozatul a csal\u00e1snak.<\/p>\n\n\n\n<p>Ez a p\u00e9lda azt mutatja, hogy senki sincs teljesen biztons\u00e1gban: a digit\u00e1lis adatv\u00e9delem m\u00e1r nem opcion\u00e1lis, hanem a technol\u00f3giai t\u00fal\u00e9l\u00e9s k\u00e9rd\u00e9se.<\/p>\n\n\n\n<h2 class=\"wp-block-heading\"><strong>A szem\u00e9lyes adatait fenyeget\u0151 leggyakoribb kock\u00e1zatok<\/strong><\/h2>\n\n\n\n<p>A legt\u00f6bb adatv\u00e9delmi fenyeget\u00e9s nem kifinomult hackerekt\u0151l sz\u00e1rmazik, hanem apr\u00f3, mindennapi figyelmetlens\u00e9gekb\u0151l. A leggyakoribb kock\u00e1zatok k\u00f6z\u00e9 tartoznak:<\/p>\n\n\n\n<p><strong>Adathal\u00e1szat<\/strong>: hamis e-mailek vagy \u00fczenetek, amelyek hivatalos szolg\u00e1ltat\u00e1soknak adj\u00e1k ki magukat.<\/p>\n\n\n\n<p><strong>Invaz\u00edv alkalmaz\u00e1sok<\/strong>: ingyenes programok, amelyek t\u00falzott enged\u00e9lyeket k\u00e9rnek.<\/p>\n\n\n\n<p><strong>S\u00fctik\u00f6vet\u00e9s<\/strong>Minden megl\u00e1togatott webhely b\u00f6ng\u00e9sz\u00e9si adatokat gy\u0171jt.<\/p>\n\n\n\n<p><strong>Nyilv\u00e1nos Wi-Fi<\/strong>: ny\u00edlt h\u00e1l\u00f3zatok, ahol k\u00f6nny\u0171 inform\u00e1ci\u00f3kat elfogni.<\/p>\n\n\n\n<p><strong>Gyenge vagy ism\u00e9tl\u0151d\u0151 jelszavak<\/strong>: a t\u00e1mad\u00e1sok leggyakoribb bel\u00e9p\u00e9si pontja.<\/p>\n\n\n\n<p>A szerint <strong>Norton kiberbiztons\u00e1gi elemz\u00e9si jelent\u00e9s 2024<\/strong>, \u0151 <strong>77% mexik\u00f3i felhaszn\u00e1l\u00f3kt\u00f3l<\/strong> Tapasztalt\u00e1l m\u00e1r b\u00e1rmilyen csal\u00e1si k\u00eds\u00e9rletet vagy online adatv\u00e9delmi jogs\u00e9rt\u00e9st?<\/p>\n\n\n\n<p>Az \u00e1bra riaszt\u00f3 val\u00f3s\u00e1got t\u00fckr\u00f6z: a szem\u00e9lyes adatok v\u00e9delme m\u00e1r nem megel\u0151z\u0151 lehet\u0151s\u00e9g, hanem sz\u00fcks\u00e9ges rutin.<\/p>\n\n\n\n<figure class=\"wp-block-table\"><table><thead><tr><th><strong>A fenyeget\u00e9s t\u00edpusa<\/strong><\/th><th><strong>Az el\u0151fordul\u00e1si ar\u00e1ny Mexik\u00f3ban (2024)<\/strong><\/th><\/tr><\/thead><tbody><tr><td>Adathal\u00e1szat \u00e9s hamis e-mailek<\/td><td>42%<\/td><\/tr><tr><td>Jelsz\u00f3lop\u00e1s<\/td><td>27%<\/td><\/tr><tr><td>Adatsziv\u00e1rg\u00e1sok<\/td><td>19%<\/td><\/tr><tr><td>K\u00e1rtev\u0151k a mobilalkalmaz\u00e1sokban<\/td><td>8%<\/td><\/tr><tr><td>Adatk\u00f6vet\u00e9s \u00e9s -\u00e9rt\u00e9kes\u00edt\u00e9s<\/td><td>4%<\/td><\/tr><\/tbody><\/table><figcaption class=\"wp-element-caption\">Online adatv\u00e9delem: hogyan v\u00e9dheti meg szem\u00e9lyes adatait a digit\u00e1lis korban<\/figcaption><\/figure>\n\n\n\n<p>Ezek az adatok azt mutatj\u00e1k, hogy a fenyeget\u00e9sek nemcsak soksz\u00edn\u0171ek, hanem egyre kifinomultabbak \u00e9s c\u00e9lzottabbak is.<\/p>\n\n\n\n<p>Az emberek gyakran lakatokkal v\u00e9dik otthonaikat, de a \u201edigit\u00e1lis ajt\u00f3t\u201d gondolkod\u00e1s n\u00e9lk\u00fcl nyitva hagyj\u00e1k.<\/p>\n\n\n\n<figure class=\"wp-block-gallery aligncenter has-nested-images columns-default is-cropped wp-block-gallery-2 is-layout-flex wp-block-gallery-is-layout-flex\">\n<figure class=\"wp-block-image size-full\"><img loading=\"lazy\" decoding=\"async\" width=\"450\" height=\"250\" data-id=\"10331\" src=\"https:\/\/universofamilia.com\/wp-content\/uploads\/sites\/148\/2025\/11\/Destaque-Novo-Universo-1-1.jpg\" alt=\"\" class=\"wp-image-10331\" srcset=\"http:\/\/universofamilia.com\/wp-content\/uploads\/sites\/148\/2025\/11\/Destaque-Novo-Universo-1-1.jpg 450w, http:\/\/universofamilia.com\/wp-content\/uploads\/sites\/148\/2025\/11\/Destaque-Novo-Universo-1-1-300x167.jpg 300w, http:\/\/universofamilia.com\/wp-content\/uploads\/sites\/148\/2025\/11\/Destaque-Novo-Universo-1-1-18x10.jpg 18w\" sizes=\"(max-width: 450px) 100vw, 450px\" \/><figcaption class=\"wp-element-caption\">CANVA<\/figcaption><\/figure>\n<\/figure>\n\n\n\n<p>B\u0151vebben:<a href=\"http:\/\/universofamilia.com\/hu\/inteligencia-artificial-en-el-dia-a-dia\/\">\u00a0Mesters\u00e9ges intelligencia a mindennapi \u00e9letben<\/a><\/p>\n\n\n\n<h2 class=\"wp-block-heading\"><strong>Hogyan v\u00e9dheti meg online adatait l\u00e9p\u00e9sr\u0151l l\u00e9p\u00e9sre<\/strong><\/h2>\n\n\n\n<p>A j\u00f3 h\u00edr az, hogy l\u00e9teznek hat\u00e9kony strat\u00e9gi\u00e1k a mag\u00e1n\u00e9let v\u00e9delm\u00e9nek meger\u0151s\u00edt\u00e9s\u00e9re.<\/p>\n\n\n\n<p>Nem a f\u00e9lelemben \u00e9l\u00e9sr\u0151l van sz\u00f3, hanem a tudatos navig\u00e1ci\u00f3r\u00f3l. \u00cdme n\u00e9h\u00e1ny konkr\u00e9t l\u00e9p\u00e9s, amit ma megtehetsz:<\/p>\n\n\n\n<p><strong>Haszn\u00e1ljon egyedi \u00e9s biztons\u00e1gos jelszavakat<\/strong>A jelsz\u00f3kezel\u0151k, mint p\u00e9ld\u00e1ul a 1Password vagy a Bitwarden, seg\u00edtenek k\u00f6nnyed\u00e9n k\u00e9zben tartani az ir\u00e1ny\u00edt\u00e1st.<\/p>\n\n\n\n<p><strong>K\u00e9tl\u00e9pcs\u0151s azonos\u00edt\u00e1s (2FA) enged\u00e9lyez\u00e9se<\/strong>Ez a plusz r\u00e9teg meg\u00e1ll\u00edthatja a t\u00e1mad\u00f3t, m\u00e9g akkor is, ha megszerzi a kulcsodat.<\/p>\n\n\n\n<p><strong>Haszn\u00e1ljon megb\u00edzhat\u00f3 VPN-t<\/strong> Amikor nyilv\u00e1nos h\u00e1l\u00f3zatokhoz csatlakozik, titkos\u00edtsa a kapcsolatot, \u00e9s akad\u00e1lyozza meg a k\u00f6vet\u00e9st.<\/p>\n\n\n\n<p><strong>Ellen\u0151rizd az alkalmaz\u00e1sod enged\u00e9lyeit<\/strong>Sokan k\u00e9rnek hozz\u00e1f\u00e9r\u00e9st a n\u00e9vjegyekhez vagy a tart\u00f3zkod\u00e1si helyhez an\u00e9lk\u00fcl, hogy val\u00f3ban sz\u00fcks\u00e9g\u00fck lenne r\u00e1.<\/p>\n\n\n\n<p><strong>Friss\u00edtse eszk\u00f6zeit<\/strong>A friss\u00edt\u00e9sek kritikus sebezhet\u0151s\u00e9geket jav\u00edtanak.<\/p>\n\n\n\n<p><strong>Titkos\u00edtsa \u00e9rz\u00e9keny f\u00e1jljait<\/strong> \u00e9s ker\u00fcld el azok t\u00e1rol\u00e1s\u00e1t er\u0151s hiteles\u00edt\u00e9s n\u00e9lk\u00fcli szolg\u00e1ltat\u00e1sokon.<\/p>\n\n\n\n<p>Inspir\u00e1l\u00f3 p\u00e9lda erre egy kis guadalajarai tervez\u0151c\u00e9g esete, amely egy hackert\u00e1mad\u00e1s ut\u00e1n kiberhigi\u00e9niai szab\u00e1lyzatot vezetett be:<\/p>\n\n\n\n<p>Er\u0151s jelszavak, titkos\u00edtott biztons\u00e1gi ment\u00e9sek \u00e9s korl\u00e1tozott munkamenetek. Hat h\u00f3nap alatt a probl\u00e9m\u00e1k sz\u00e1ma null\u00e1ra cs\u00f6kkent.<\/p>\n\n\n\n<p>A mag\u00e1n\u00e9let v\u00e9delme sokban hasonl\u00edt otthonunk fizikai biztons\u00e1g\u00e1nak meg\u0151rz\u00e9s\u00e9hez: lehet ac\u00e9lajt\u00f3nk, de ha nyitva hagyjuk az ablakokat, a kock\u00e1zat tov\u00e1bbra is fenn\u00e1ll.<\/p>\n\n\n\n<p>A <strong>Online adatv\u00e9delem: hogyan v\u00e9dheti meg szem\u00e9lyes adatait a digit\u00e1lis korban<\/strong> \u00c1lland\u00f3 figyelmet \u00e9s okos szok\u00e1sokat ig\u00e9nyel.<\/p>\n\n\n\n<h2 class=\"wp-block-heading\"><strong>Megosztott felel\u0151ss\u00e9g: felhaszn\u00e1l\u00f3k, v\u00e1llalkoz\u00e1sok \u00e9s korm\u00e1nyok<\/strong><\/h2>\n\n\n\n<p>Az adatv\u00e9delem nem kiz\u00e1r\u00f3lag a felhaszn\u00e1l\u00f3k felel\u0151ss\u00e9ge. A szem\u00e9lyes adatokat kezel\u0151 v\u00e1llalatoknak szigor\u00fa biztons\u00e1gi \u00e9s \u00e1tl\u00e1that\u00f3s\u00e1gi szabv\u00e1nyoknak kell megfelelni\u00fck.<\/p>\n\n\n\n<p>Mexik\u00f3ban a <strong>Sz\u00f6vets\u00e9gi t\u00f6rv\u00e9ny a mag\u00e1nszem\u00e9lyek \u00e1ltal birtokolt szem\u00e9lyes adatok v\u00e9delm\u00e9r\u0151l (LFPDPP)<\/strong> Ez el\u0151\u00edrja az adatok gy\u0171jt\u00e9s\u00e9nek \u00e9s felhaszn\u00e1l\u00e1s\u00e1nak jelent\u00e9s\u00e9t, valamint azok v\u00e9delm\u00e9nek garant\u00e1l\u00e1s\u00e1t.<\/p>\n\n\n\n<p>Ezenk\u00edv\u00fcl a mexik\u00f3i hat\u00f3s\u00e1gok az eur\u00f3pai \u00e1ltal\u00e1nos adatv\u00e9delmi rendelet (GDPR) p\u00e9ld\u00e1j\u00e1t k\u00f6vetve fokozt\u00e1k az ellen\u0151rz\u00e9seket \u00e9s a sziv\u00e1rogtat\u00e1sok miatti szankci\u00f3kat.<\/p>\n\n\n\n<p>A t\u00f6rv\u00e9nyek azonban csak akkor hat\u00e9konyak, ha a v\u00e1llalatok \u00e9s a polg\u00e1rok felel\u0151ss\u00e9gteljesen cselekszenek.<\/p>\n\n\n\n<p>Felhaszn\u00e1l\u00f3k\u00e9nt k\u00f6vetelhetj\u00fck az adatv\u00e9delmi ir\u00e1nyelvek egy\u00e9rtelm\u0171bb\u00e9 t\u00e9tel\u00e9t, elolvashatjuk a felt\u00e9teleket az elfogad\u00e1s el\u0151tt, \u00e9s t\u00e1mogathatjuk a digit\u00e1lis oktat\u00e1st el\u0151mozd\u00edt\u00f3 kezdem\u00e9nyez\u00e9seket.<\/p>\n\n\n\n<p>A mag\u00e1n\u00e9let v\u00e9delm\u00e9t nem lehet csendben megv\u00e9deni: kollekt\u00edv tudatoss\u00e1got \u00e9s a v\u00e9delem kult\u00far\u00e1j\u00e1t ig\u00e9nyli.<\/p>\n\n\n\n<h2 class=\"wp-block-heading\"><strong>A mag\u00e1n\u00e9let j\u00f6v\u0151je: mesters\u00e9ges intelligencia \u00e9s \u00faj kih\u00edv\u00e1sok<\/strong><\/h2>\n\n\n\n<p>A generat\u00edv mesters\u00e9ges intelligencia \u00e9s a predikt\u00edv algoritmusok megjelen\u00e9se \u00e1talak\u00edtotta az adatv\u00e9delemmel kapcsolatos vit\u00e1t.<\/p>\n\n\n\n<p>Manaps\u00e1g a rendszerek nagyon kev\u00e9s adatb\u00f3l k\u00e9pesek rekonstru\u00e1lni egy szem\u00e9ly szem\u00e9lyazonoss\u00e1g\u00e1t, ak\u00e1r kifejezett beleegyez\u00e9se n\u00e9lk\u00fcl is.<\/p>\n\n\n\n<p>A <strong>m\u00e9lyhamis\u00edt\u00e1sok<\/strong>A biometrikus nyomok \u00e9s a hangfelv\u00e9telek p\u00e9ld\u00e1tlan etikai dilemm\u00e1kat vetnek fel.<\/p>\n\n\n\n<p>M\u00e1sr\u00e9szt a korm\u00e1nyok \u00e9s a v\u00e1llalatok az innov\u00e1ci\u00f3 \u00e9s a biztons\u00e1g egyens\u00faly\u00e1ra t\u00f6rekszenek.<\/p>\n\n\n\n<p>2025-ben sz\u00e1mos latin-amerikai orsz\u00e1g, k\u00f6zt\u00fck Mexik\u00f3 is, a mesters\u00e9ges intelligencia felel\u0151s haszn\u00e1lat\u00e1ra vonatkoz\u00f3 szab\u00e1lyoz\u00e1sokr\u00f3l \u00e9s az \u00e9rz\u00e9keny adatok feldolgoz\u00e1s\u00e1nak korl\u00e1toz\u00e1s\u00e1r\u00f3l t\u00e1rgyal.<\/p>\n\n\n\n<p>A j\u00f6v\u0151 adatv\u00e9delme ugyan\u00fagy f\u00fcgg majd a technol\u00f3gi\u00e1t\u00f3l, mint a digit\u00e1lis oktat\u00e1st\u00f3l: tudni fogjuk, hogy mit, kivel \u00e9s milyen c\u00e9lb\u00f3l osztunk meg.<\/p>\n\n\n\n<p>Egy t\u00e1j\u00e9kozott felhaszn\u00e1l\u00f3 saj\u00e1t maga legjobb t\u0171zfal\u00e1v\u00e1 v\u00e1lik. A h\u00e1l\u00f3zat m\u0171k\u00f6d\u00e9s\u00e9nek, algoritmusainak \u00e9s haszn\u00e1lati szab\u00e1lyzatainak meg\u00e9rt\u00e9se ugyanolyan fontos, mint egy v\u00edruskeres\u0151 szoftver vagy egy VPN megl\u00e9te.<\/p>\n\n\n\n<p>A <strong>Online adatv\u00e9delem: hogyan v\u00e9dheti meg szem\u00e9lyes adatait a digit\u00e1lis korban<\/strong> Nem p\u00e1ly\u00e1zattal oldhat\u00f3 meg, hanem tudatos hozz\u00e1\u00e1ll\u00e1ssal.<\/p>\n\n\n\n<h2 class=\"wp-block-heading\"><strong>K\u00f6vetkeztet\u00e9s<\/strong><\/h2>\n\n\n\n<p>A mag\u00e1n\u00e9let m\u00e1r nem luxus, hanem a szabads\u00e1g modern form\u00e1ja.<\/p>\n\n\n\n<p>Egy olyan k\u00f6rnyezetben, ahol az adat a leg\u00e9rt\u00e9kesebb fizet\u0151eszk\u00f6z, a v\u00e9delme azt jelenti, hogy gondoskodunk a szem\u00e9lyazonoss\u00e1gunkr\u00f3l, a h\u00edrnev\u00fcnkr\u0151l \u00e9s a lelki nyugalmunkr\u00f3l.<\/p>\n\n\n\n<p><br>A j\u00f3 digit\u00e1lis gyakorlatok \u00e1tv\u00e9tele, a platformokkal szembeni \u00e1tl\u00e1that\u00f3s\u00e1g k\u00f6vetelm\u00e9nye \u00e9s a t\u00e1j\u00e9kozotts\u00e1g meg\u0151rz\u00e9se a h\u00e1l\u00f3zatba kapcsolt, m\u00e9gis biztons\u00e1gos \u00e9let pill\u00e9rei.<\/p>\n\n\n\n<p>A mag\u00e1n\u00e9let v\u00e9delme l\u00e9nyeg\u00e9ben a saj\u00e1t magad v\u00e9delm\u00e9t jelenti.<\/p>\n\n\n\n<p>B\u0151vebben: <a href=\"http:\/\/universofamilia.com\/hu\/guia-practica-para-un-hogar-inteligente-y-conectado\/\">Gyakorlati \u00fatmutat\u00f3 az okos \u00e9s h\u00e1l\u00f3zatba kapcsolt otthonhoz<\/a><\/p>\n\n\n\n<h2 class=\"wp-block-heading\"><strong>Gyakran ism\u00e9telt k\u00e9rd\u00e9sek az online adatv\u00e9delemmel kapcsolatban<\/strong><\/h2>\n\n\n\n<p><strong>1. Val\u00f3ban sz\u00fcks\u00e9ges VPN-t haszn\u00e1lnom, ha csak a k\u00f6z\u00f6ss\u00e9gi m\u00e9di\u00e1t b\u00f6ng\u00e9szem?<\/strong><\/p>\n\n\n\n<p><br>Igen. A VPN v\u00e9di az IP-c\u00edmedet, \u00e9s megakad\u00e1lyozza, hogy harmadik felek k\u00f6vess\u00e9k a tev\u00e9kenys\u00e9gedet, m\u00e9g akkor is, ha csak n\u00e9pszer\u0171 platformokat haszn\u00e1lsz.<\/p>\n\n\n\n<p><strong>2. Mennyire biztons\u00e1gosak a b\u00f6ng\u00e9sz\u0151 \u00e1ltal mentett jelszavak?<\/strong><\/p>\n\n\n\n<p><br>Praktikusak, de nem a legbiztons\u00e1gosabbak. A b\u00f6ng\u00e9sz\u0151k sebezhet\u0151ek lehetnek; a speci\u00e1lis jelsz\u00f3kezel\u0151k jobb titkos\u00edt\u00e1st \u00e9s kontrollt k\u00edn\u00e1lnak.<\/p>\n\n\n\n<p><strong>3. Mit tegyek, ha \u00fagy gondolom, hogy kisziv\u00e1rogtak az adataim?<\/strong><\/p>\n\n\n\n<p><br>Azonnal v\u00e1ltoztasd meg a jelszavaidat, aktiv\u00e1ld a 2FA-t, \u00e9s ellen\u0151rizd, hogy az e-mailjeid megjelennek-e a felt\u00f6rt adatb\u00e1zisokban \u201eBecsaptak\u201d n\u00e9ven.<\/p>\n\n\n\n<p>Ezut\u00e1n \u00e9rtes\u00edtse kapcsolatait a csal\u00e1sok megel\u0151z\u00e9se \u00e9rdek\u00e9ben.<\/p>\n\n\n\n<h3 class=\"wp-block-heading\"><strong>V\u00e9gs\u0151 elm\u00e9lked\u00e9s<\/strong><\/h3>\n\n\n\n<p>A digit\u00e1lis adatv\u00e9delmed olyan, mint az \u00e1rny\u00e9kod: mindig veled van, m\u00e9g akkor is, ha n\u00e9ha elfelejted, hogy ott van.<\/p>\n\n\n\n<p><br>Rajtad m\u00falik, hogy megv\u00e9dd, \u00e9s csak azok l\u00e1ss\u00e1k, akiknek t\u00e9nyleg l\u00e1tniuk kell.<\/p>","protected":false},"excerpt":{"rendered":"<p>Egy olyan vil\u00e1gban, ahol szinte minden k\u00e9perny\u0151n kereszt\u00fcl t\u00f6rt\u00e9nik, az online adatv\u00e9delem \u2013 vagyis hogyan v\u00e9dheti meg szem\u00e9lyes adatait a digit\u00e1lis korban \u2013 k\u00f6zponti k\u00e9rd\u00e9ss\u00e9 v\u00e1lt. Ebben a cikkben megismerheti az adatait fenyeget\u0151 f\u0151bb kock\u00e1zatokat, a legjobb eszk\u00f6z\u00f6ket azok v\u00e9delm\u00e9re, val\u00f3s statisztik\u00e1kat, k\u00e9t vil\u00e1gos p\u00e9ld\u00e1t \u00e9s tippeket [\u2026]<\/p>","protected":false},"author":219,"featured_media":10329,"comment_status":"closed","ping_status":"open","sticky":false,"template":"","format":"standard","meta":{"footnotes":""},"categories":[3],"tags":[],"yoast_head":"<!-- This site is optimized with the Yoast SEO plugin v23.3 - https:\/\/yoast.com\/wordpress\/plugins\/seo\/ -->\n<title>C\u00f3mo proteger tus datos personales en la era digital - Universo Fam\u00edlia<\/title>\n<meta name=\"description\" content=\"En un mundo donde casi todo ocurre a trav\u00e9s de una pantalla, la privacidad en l\u00ednea: c\u00f3mo proteger tus datos personales en la era digital...\" \/>\n<meta name=\"robots\" content=\"index, follow, max-snippet:-1, max-image-preview:large, max-video-preview:-1\" \/>\n<link rel=\"canonical\" href=\"http:\/\/universofamilia.com\/hu\/privacidad-en-linea\/\" \/>\n<meta property=\"og:locale\" content=\"hu_HU\" \/>\n<meta property=\"og:type\" content=\"article\" \/>\n<meta property=\"og:title\" content=\"C\u00f3mo proteger tus datos personales en la era digital - Universo Fam\u00edlia\" \/>\n<meta property=\"og:description\" content=\"En un mundo donde casi todo ocurre a trav\u00e9s de una pantalla, la privacidad en l\u00ednea: c\u00f3mo proteger tus datos personales en la era digital...\" \/>\n<meta property=\"og:url\" content=\"http:\/\/universofamilia.com\/hu\/privacidad-en-linea\/\" \/>\n<meta property=\"og:site_name\" content=\"Universo Fam\u00edlia\" \/>\n<meta property=\"article:published_time\" content=\"2025-11-13T13:26:37+00:00\" \/>\n<meta property=\"article:modified_time\" content=\"2025-11-13T13:26:40+00:00\" \/>\n<meta property=\"og:image\" content=\"http:\/\/universofamilia.com\/wp-content\/uploads\/sites\/148\/2025\/11\/Destaque-Novo-Universo-1.jpg\" \/>\n\t<meta property=\"og:image:width\" content=\"450\" \/>\n\t<meta property=\"og:image:height\" content=\"250\" \/>\n\t<meta property=\"og:image:type\" content=\"image\/jpeg\" \/>\n<meta name=\"author\" content=\"Matheus Sangaletti\" \/>\n<meta name=\"twitter:card\" content=\"summary_large_image\" \/>\n<meta name=\"twitter:label1\" content=\"Written by\" \/>\n\t<meta name=\"twitter:data1\" content=\"Matheus Sangaletti\" \/>\n\t<meta name=\"twitter:label2\" content=\"Est. reading time\" \/>\n\t<meta name=\"twitter:data2\" content=\"8 perc\" \/>\n<script type=\"application\/ld+json\" class=\"yoast-schema-graph\">{\"@context\":\"https:\/\/schema.org\",\"@graph\":[{\"@type\":\"WebPage\",\"@id\":\"http:\/\/universofamilia.com\/ar\/privacidad-en-linea\/\",\"url\":\"http:\/\/universofamilia.com\/ar\/privacidad-en-linea\/\",\"name\":\"C\u00f3mo proteger tus datos personales en la era digital - Universo Fam\u00edlia\",\"isPartOf\":{\"@id\":\"https:\/\/universofamilia.com\/el\/#website\"},\"primaryImageOfPage\":{\"@id\":\"http:\/\/universofamilia.com\/ar\/privacidad-en-linea\/#primaryimage\"},\"image\":{\"@id\":\"http:\/\/universofamilia.com\/ar\/privacidad-en-linea\/#primaryimage\"},\"thumbnailUrl\":\"http:\/\/universofamilia.com\/wp-content\/uploads\/sites\/148\/2025\/11\/Destaque-Novo-Universo-1.jpg\",\"datePublished\":\"2025-11-13T13:26:37+00:00\",\"dateModified\":\"2025-11-13T13:26:40+00:00\",\"author\":{\"@id\":\"https:\/\/universofamilia.com\/el\/#\/schema\/person\/92fcd07e9b1f4323bf74f3170fc0f78a\"},\"description\":\"En un mundo donde casi todo ocurre a trav\u00e9s de una pantalla, la privacidad en l\u00ednea: c\u00f3mo proteger tus datos personales en la era digital...\",\"breadcrumb\":{\"@id\":\"http:\/\/universofamilia.com\/ar\/privacidad-en-linea\/#breadcrumb\"},\"inLanguage\":\"hu\",\"potentialAction\":[{\"@type\":\"ReadAction\",\"target\":[\"http:\/\/universofamilia.com\/ar\/privacidad-en-linea\/\"]}]},{\"@type\":\"ImageObject\",\"inLanguage\":\"hu\",\"@id\":\"http:\/\/universofamilia.com\/ar\/privacidad-en-linea\/#primaryimage\",\"url\":\"http:\/\/universofamilia.com\/wp-content\/uploads\/sites\/148\/2025\/11\/Destaque-Novo-Universo-1.jpg\",\"contentUrl\":\"http:\/\/universofamilia.com\/wp-content\/uploads\/sites\/148\/2025\/11\/Destaque-Novo-Universo-1.jpg\",\"width\":450,\"height\":250},{\"@type\":\"BreadcrumbList\",\"@id\":\"http:\/\/universofamilia.com\/ar\/privacidad-en-linea\/#breadcrumb\",\"itemListElement\":[{\"@type\":\"ListItem\",\"position\":1,\"name\":\"Home\",\"item\":\"https:\/\/universofamilia.com\/el\/\"},{\"@type\":\"ListItem\",\"position\":2,\"name\":\"C\u00f3mo proteger tus datos personales en la era digital\"}]},{\"@type\":\"WebSite\",\"@id\":\"https:\/\/universofamilia.com\/el\/#website\",\"url\":\"https:\/\/universofamilia.com\/el\/\",\"name\":\"Universo Fam\u00edlia\",\"description\":\"\",\"potentialAction\":[{\"@type\":\"SearchAction\",\"target\":{\"@type\":\"EntryPoint\",\"urlTemplate\":\"https:\/\/universofamilia.com\/el\/?s={search_term_string}\"},\"query-input\":\"required name=search_term_string\"}],\"inLanguage\":\"hu\"},{\"@type\":\"Person\",\"@id\":\"https:\/\/universofamilia.com\/el\/#\/schema\/person\/92fcd07e9b1f4323bf74f3170fc0f78a\",\"name\":\"Matheus Sangaletti\",\"image\":{\"@type\":\"ImageObject\",\"inLanguage\":\"hu\",\"@id\":\"https:\/\/universofamilia.com\/el\/#\/schema\/person\/image\/\",\"url\":\"http:\/\/2.gravatar.com\/avatar\/280ea957a14a48e6a1ad2133d2cc27c9?s=96&d=mm&r=g\",\"contentUrl\":\"http:\/\/2.gravatar.com\/avatar\/280ea957a14a48e6a1ad2133d2cc27c9?s=96&d=mm&r=g\",\"caption\":\"Matheus Sangaletti\"},\"url\":\"http:\/\/universofamilia.com\/hu\/author\/matheuss\/\"}]}<\/script>\n<!-- \/ Yoast SEO plugin. -->","yoast_head_json":{"title":"C\u00f3mo proteger tus datos personales en la era digital - Universo Fam\u00edlia","description":"En un mundo donde casi todo ocurre a trav\u00e9s de una pantalla, la privacidad en l\u00ednea: c\u00f3mo proteger tus datos personales en la era digital...","robots":{"index":"index","follow":"follow","max-snippet":"max-snippet:-1","max-image-preview":"max-image-preview:large","max-video-preview":"max-video-preview:-1"},"canonical":"http:\/\/universofamilia.com\/hu\/privacidad-en-linea\/","og_locale":"hu_HU","og_type":"article","og_title":"C\u00f3mo proteger tus datos personales en la era digital - Universo Fam\u00edlia","og_description":"En un mundo donde casi todo ocurre a trav\u00e9s de una pantalla, la privacidad en l\u00ednea: c\u00f3mo proteger tus datos personales en la era digital...","og_url":"http:\/\/universofamilia.com\/hu\/privacidad-en-linea\/","og_site_name":"Universo Fam\u00edlia","article_published_time":"2025-11-13T13:26:37+00:00","article_modified_time":"2025-11-13T13:26:40+00:00","og_image":[{"width":450,"height":250,"url":"http:\/\/universofamilia.com\/wp-content\/uploads\/sites\/148\/2025\/11\/Destaque-Novo-Universo-1.jpg","type":"image\/jpeg"}],"author":"Matheus Sangaletti","twitter_card":"summary_large_image","twitter_misc":{"Written by":"Matheus Sangaletti","Est. reading time":"8 perc"},"schema":{"@context":"https:\/\/schema.org","@graph":[{"@type":"WebPage","@id":"http:\/\/universofamilia.com\/ar\/privacidad-en-linea\/","url":"http:\/\/universofamilia.com\/ar\/privacidad-en-linea\/","name":"C\u00f3mo proteger tus datos personales en la era digital - Universo Fam\u00edlia","isPartOf":{"@id":"https:\/\/universofamilia.com\/el\/#website"},"primaryImageOfPage":{"@id":"http:\/\/universofamilia.com\/ar\/privacidad-en-linea\/#primaryimage"},"image":{"@id":"http:\/\/universofamilia.com\/ar\/privacidad-en-linea\/#primaryimage"},"thumbnailUrl":"http:\/\/universofamilia.com\/wp-content\/uploads\/sites\/148\/2025\/11\/Destaque-Novo-Universo-1.jpg","datePublished":"2025-11-13T13:26:37+00:00","dateModified":"2025-11-13T13:26:40+00:00","author":{"@id":"https:\/\/universofamilia.com\/el\/#\/schema\/person\/92fcd07e9b1f4323bf74f3170fc0f78a"},"description":"En un mundo donde casi todo ocurre a trav\u00e9s de una pantalla, la privacidad en l\u00ednea: c\u00f3mo proteger tus datos personales en la era digital...","breadcrumb":{"@id":"http:\/\/universofamilia.com\/ar\/privacidad-en-linea\/#breadcrumb"},"inLanguage":"hu","potentialAction":[{"@type":"ReadAction","target":["http:\/\/universofamilia.com\/ar\/privacidad-en-linea\/"]}]},{"@type":"ImageObject","inLanguage":"hu","@id":"http:\/\/universofamilia.com\/ar\/privacidad-en-linea\/#primaryimage","url":"http:\/\/universofamilia.com\/wp-content\/uploads\/sites\/148\/2025\/11\/Destaque-Novo-Universo-1.jpg","contentUrl":"http:\/\/universofamilia.com\/wp-content\/uploads\/sites\/148\/2025\/11\/Destaque-Novo-Universo-1.jpg","width":450,"height":250},{"@type":"BreadcrumbList","@id":"http:\/\/universofamilia.com\/ar\/privacidad-en-linea\/#breadcrumb","itemListElement":[{"@type":"ListItem","position":1,"name":"Home","item":"https:\/\/universofamilia.com\/el\/"},{"@type":"ListItem","position":2,"name":"C\u00f3mo proteger tus datos personales en la era digital"}]},{"@type":"WebSite","@id":"https:\/\/universofamilia.com\/el\/#website","url":"https:\/\/universofamilia.com\/el\/","name":"Universo Fam\u00edlia","description":"","potentialAction":[{"@type":"SearchAction","target":{"@type":"EntryPoint","urlTemplate":"https:\/\/universofamilia.com\/el\/?s={search_term_string}"},"query-input":"required name=search_term_string"}],"inLanguage":"hu"},{"@type":"Person","@id":"https:\/\/universofamilia.com\/el\/#\/schema\/person\/92fcd07e9b1f4323bf74f3170fc0f78a","name":"Matheus Sangaletti","image":{"@type":"ImageObject","inLanguage":"hu","@id":"https:\/\/universofamilia.com\/el\/#\/schema\/person\/image\/","url":"http:\/\/2.gravatar.com\/avatar\/280ea957a14a48e6a1ad2133d2cc27c9?s=96&d=mm&r=g","contentUrl":"http:\/\/2.gravatar.com\/avatar\/280ea957a14a48e6a1ad2133d2cc27c9?s=96&d=mm&r=g","caption":"Matheus Sangaletti"},"url":"http:\/\/universofamilia.com\/hu\/author\/matheuss\/"}]}},"_links":{"self":[{"href":"http:\/\/universofamilia.com\/hu\/wp-json\/wp\/v2\/posts\/10328"}],"collection":[{"href":"http:\/\/universofamilia.com\/hu\/wp-json\/wp\/v2\/posts"}],"about":[{"href":"http:\/\/universofamilia.com\/hu\/wp-json\/wp\/v2\/types\/post"}],"author":[{"embeddable":true,"href":"http:\/\/universofamilia.com\/hu\/wp-json\/wp\/v2\/users\/219"}],"replies":[{"embeddable":true,"href":"http:\/\/universofamilia.com\/hu\/wp-json\/wp\/v2\/comments?post=10328"}],"version-history":[{"count":1,"href":"http:\/\/universofamilia.com\/hu\/wp-json\/wp\/v2\/posts\/10328\/revisions"}],"predecessor-version":[{"id":10332,"href":"http:\/\/universofamilia.com\/hu\/wp-json\/wp\/v2\/posts\/10328\/revisions\/10332"}],"wp:featuredmedia":[{"embeddable":true,"href":"http:\/\/universofamilia.com\/hu\/wp-json\/wp\/v2\/media\/10329"}],"wp:attachment":[{"href":"http:\/\/universofamilia.com\/hu\/wp-json\/wp\/v2\/media?parent=10328"}],"wp:term":[{"taxonomy":"category","embeddable":true,"href":"http:\/\/universofamilia.com\/hu\/wp-json\/wp\/v2\/categories?post=10328"},{"taxonomy":"post_tag","embeddable":true,"href":"http:\/\/universofamilia.com\/hu\/wp-json\/wp\/v2\/tags?post=10328"}],"curies":[{"name":"wp","href":"https:\/\/api.w.org\/{rel}","templated":true}]}}