{"id":10346,"date":"2025-11-17T14:50:39","date_gmt":"2025-11-17T17:50:39","guid":{"rendered":"https:\/\/universofamilia.com\/?p=10346"},"modified":"2025-11-17T14:50:41","modified_gmt":"2025-11-17T17:50:41","slug":"carreras-sostenibles-empleos-verdes-en-auge","status":"publish","type":"post","link":"http:\/\/universofamilia.com\/hu\/carreras-sostenibles-empleos-verdes-en-auge\/","title":{"rendered":"Fenntarthat\u00f3 karrierlehet\u0151s\u00e9gek: fellend\u00fcl\u0151 z\u00f6ld munkahelyek"},"content":{"rendered":"<p class=\"has-text-align-center\">Fenntarthat\u00f3 karrierek: fellend\u00fcl\u0151 z\u00f6ld munkahelyek. Egy olyan vil\u00e1gban, ahol a tehets\u00e9gek folyamatos v\u00e1ltoz\u00e1sokkal n\u00e9znek szembe, kulcsfontoss\u00e1g\u00fa a \u201eFenntarthat\u00f3 karrierek: fellend\u00fcl\u0151 z\u00f6ld munkahelyek\u201d t\u00e9m\u00e1r\u00f3l besz\u00e9lni.<\/p>\n\n\n\n<figure class=\"wp-block-gallery aligncenter has-nested-images columns-default is-cropped wp-block-gallery-1 is-layout-flex wp-block-gallery-is-layout-flex\">\n<figure class=\"wp-block-image size-full\"><img loading=\"lazy\" decoding=\"async\" width=\"450\" height=\"250\" data-id=\"10348\" src=\"https:\/\/universofamilia.com\/wp-content\/uploads\/sites\/148\/2025\/11\/Destaque-Novo-Universo-4.jpg\" alt=\"\" class=\"wp-image-10348\" srcset=\"http:\/\/universofamilia.com\/wp-content\/uploads\/sites\/148\/2025\/11\/Destaque-Novo-Universo-4.jpg 450w, http:\/\/universofamilia.com\/wp-content\/uploads\/sites\/148\/2025\/11\/Destaque-Novo-Universo-4-300x167.jpg 300w, http:\/\/universofamilia.com\/wp-content\/uploads\/sites\/148\/2025\/11\/Destaque-Novo-Universo-4-18x10.jpg 18w\" sizes=\"(max-width: 450px) 100vw, 450px\" \/><figcaption class=\"wp-element-caption\">Canva<\/figcaption><\/figure>\n<\/figure>\n\n\n\n<p class=\"has-text-align-center\">Ez m\u00e1r nem egy m\u00fal\u00f3 trend, hanem k\u00f6zvetlen v\u00e1lasz az \u00e9ghajlati, technol\u00f3giai \u00e9s gazdas\u00e1gi s\u00fcrget\u0151 helyzetre. Miel\u0151tt belemer\u00fcln\u00e9nk az egyes ter\u00fcletekbe, \u00edme egy r\u00f6vid \u00f6sszefoglal\u00f3 az olvas\u00e1s elsaj\u00e1t\u00edt\u00e1s\u00e1hoz:<\/p>\n\n\n\n<p class=\"has-text-align-center\">A koncepci\u00f3 vil\u00e1gos meghat\u00e1roz\u00e1sa, hogy mi\u00e9rt terjed Mexik\u00f3ban \u00e9s vil\u00e1gszerte.<\/p>\n\n\n\n<p>A legnagyobb kereslet\u0171 ter\u00fcletek, a leg\u00e9rt\u00e9kesebb k\u00e9szs\u00e9gek, k\u00e9t val\u00f3s p\u00e9lda, ellen\u0151rizhet\u0151 statisztik\u00e1k, egy anal\u00f3gia a hat\u00e1s vizualiz\u00e1l\u00e1s\u00e1ra, egy hasznos \u00f6sszehasonl\u00edt\u00f3 t\u00e1bl\u00e1zat \u00e9s egy gyakran ism\u00e9telt k\u00e9rd\u00e9sek r\u00e9sz.<\/p>\n\n\n\n<h2 class=\"wp-block-heading\">Karrierv\u00e1lt\u00e1s, amely t\u00fckr\u00f6zi, mire van sz\u00fcks\u00e9ge a vil\u00e1gnak<\/h2>\n\n\n\n<p>Besz\u00e9lj r\u00f3la <strong><em>\u201eFenntarthat\u00f3 karrierek: a z\u00f6ld munkahelyek sz\u00e1ma n\u00f6vekszik.\u201d<\/em><\/strong> Ez mag\u00e1ban foglalja annak megfigyel\u00e9s\u00e9t, hogy az energetikai \u00e1t\u00e1ll\u00e1s \u00e9s a felel\u0151s gyakorlatok bevezet\u00e9se hogyan alak\u00edtja \u00e1t a mexik\u00f3i munkaer\u0151piacot.<\/p>\n\n\n\n<p>Egyre t\u00f6bb v\u00e1llalat keres olyan profilokat, amelyek k\u00e9pesek cs\u00f6kkenteni a k\u00f6rnyezeti hat\u00e1sokat a termel\u00e9kenys\u00e9g fel\u00e1ldoz\u00e1sa n\u00e9lk\u00fcl.<\/p>\n\n\n\n<p>Nem logikus azt gondolni, hogy az \u00faj gazdas\u00e1g olyan szakemberekre van sz\u00fcks\u00e9ge, akik tudj\u00e1k, hogyan kell egyens\u00falyt teremteni a halad\u00e1s \u00e9s a bolyg\u00f3 v\u00e9delme k\u00f6z\u00f6tt?<\/p>\n\n\n\n<p>A kereslet t\u00f6bb okb\u00f3l is n\u00f6vekszik:<\/p>\n\n\n\n<p>Szigor\u00fabb k\u00f6rnyezetv\u00e9delmi el\u0151\u00edr\u00e1sok, ad\u00f3kedvezm\u00e9nyek a tiszta energi\u00e1\u00e9rt, v\u00e1ltoz\u00e1sok a fogyaszt\u00e1sban, \u00e9s a mag\u00e1nszektor, amely kezdi komolyabban m\u00e9rni a sz\u00e9nl\u00e1bnyom\u00e1t.<\/p>\n\n\n\n<p>Az ILO szerint a z\u00f6ld gazdas\u00e1gra val\u00f3 \u00e1tt\u00e9r\u00e9s ak\u00e1r 24 milli\u00f3 munkahelyet is teremthet vil\u00e1gszerte 2030-ra, felt\u00e9ve, hogy felgyorsulnak az enyh\u00edt\u00e9si politik\u00e1k \u00e9s a technol\u00f3gi\u00e1k adapt\u00e1l\u00e1sa.<\/p>\n\n\n\n<p>Egy t\u00e9ny, ami j\u00f3l mutatja a lehet\u0151s\u00e9g nagys\u00e1g\u00e1t.<\/p>\n\n\n\n<h2 class=\"wp-block-heading\">Mi hat\u00e1rozza meg a fenntarthat\u00f3 karriert?<\/h2>\n\n\n\n<p>B\u00e1r gyakran kiz\u00e1r\u00f3lag a meg\u00fajul\u00f3 energi\u00e1val hozz\u00e1k \u00f6sszef\u00fcgg\u00e9sbe, a koncepci\u00f3 sokkal t\u00f6bbet foglal mag\u00e1ban. A fenntarthat\u00f3 karrier h\u00e1rom l\u00e9nyeges elemet integr\u00e1l:<\/p>\n\n\n\n<p><strong>Az er\u0151forr\u00e1sok hat\u00e9kony felhaszn\u00e1l\u00e1sa.<\/strong> Olyan szakemberek, akik k\u00e9pesek alacsonyabb energiafogyaszt\u00e1s\u00fa \u00e9s kevesebb szennyez\u00e9s\u0171 folyamatokat tervezni, ir\u00e1ny\u00edtani vagy fejleszteni.<\/p>\n\n\n\n<p><strong>Pozit\u00edv t\u00e1rsadalmi hat\u00e1s.<\/strong> Olyan projektek, amelyek j\u00f3l\u00e9tet, tisztess\u00e9ges munkahelyeket \u00e9s k\u00f6z\u00f6ss\u00e9gi ellen\u00e1ll\u00f3 k\u00e9pess\u00e9get teremtenek.<\/p>\n\n\n\n<p><strong>Hossz\u00fa t\u00e1v\u00fa j\u00f6v\u0151k\u00e9p.<\/strong> A d\u00f6nt\u00e9sek a tart\u00f3s el\u0151ny\u00f6kre \u00f6sszpontos\u00edtanak, nem csak az azonnali eredm\u00e9nyekre.<\/p>\n\n\n\n<p>Ezek a szakm\u00e1k olyanok, mint egy erd\u0151 gy\u00f6k\u00e9rrendszere: sokak sz\u00e1m\u00e1ra l\u00e1thatatlan, de elengedhetetlen ahhoz, hogy \u00e9letben \u00e9s stabilan tartsuk.<\/p>\n\n\n\n<h2 class=\"wp-block-heading\">Z\u00f6ld munkahelyeket el\u0151mozd\u00edt\u00f3 ter\u00fcletek Mexik\u00f3ban<\/h2>\n\n\n\n<h3 class=\"wp-block-heading\">Meg\u00fajul\u00f3 energi\u00e1k \u00e9s energetikai \u00e1t\u00e1ll\u00e1s<\/h3>\n\n\n\n<p>A nap- \u00e9s sz\u00e9ler\u0151m\u0171parkok b\u0151v\u00fcl\u00e9se alapvet\u0151 pill\u00e9rr\u00e9 teszi az elektrotechnik\u00e1t, az energetikai projektmenedzsmentet \u00e9s a tiszta h\u00e1l\u00f3zatok optimaliz\u00e1l\u00e1s\u00e1t.<\/p>\n\n\n\n<p>A szakosodott technikusok, az energiaadat-elemz\u0151k \u00e9s a fotovoltaikus rendszertervez\u0151k term\u00e9keny talajra tal\u00e1lnak.<\/p>\n\n\n\n<p>A professzionaliz\u00e1l\u00f3d\u00e1s kulcsfontoss\u00e1g\u00fa, mivel a technol\u00f3giai komplexit\u00e1s gyorsan fejl\u0151dik.<\/p>\n\n\n\n<h3 class=\"wp-block-heading\">K\u00f6rforg\u00e1sos gazdas\u00e1g \u00e9s hullad\u00e9kgazd\u00e1lkod\u00e1s<\/h3>\n\n\n\n<p>A gy\u00e1rt\u00f3-, \u00e9lelmiszeripari, \u00e9p\u00edt\u0151ipari \u00e9s kiskereskedelmi v\u00e1llalatok m\u00e1r integr\u00e1lj\u00e1k a k\u00f6rforg\u00e1sos modelleket, amelyek cs\u00f6kkentik a hullad\u00e9kot \u00e9s \u00fajra\u00e9rtelmezik az ell\u00e1t\u00e1si l\u00e1ncokat.<\/p>\n\n\n\n<p>Itt a fenntarthat\u00f3 tervez\u00e9s szakemberei, a k\u00f6rnyezetv\u00e9delmi tan\u00e1csad\u00f3k \u00e9s a hullad\u00e9k\u00e9rt\u00e9kes\u00edt\u00e9s specialist\u00e1i t\u0171nnek ki, akik k\u00e9pesek a hullad\u00e9kot produkt\u00edv inputokk\u00e1 alak\u00edtani.<\/p>\n\n\n\n<h3 class=\"wp-block-heading\">Regenerat\u00edv mez\u0151gazdas\u00e1g \u00e9s \u00e9lelmiszerrendszerek<\/h3>\n\n\n\n<p>Az agron\u00f3musok, talajszak\u00e9rt\u0151k \u00e9s mez\u0151gazdas\u00e1gi technol\u00f3gusok olyan gazd\u00e1lkod\u00e1si m\u00f3dszereket n\u00e9pszer\u0171s\u00edtenek, amelyek helyre\u00e1ll\u00edtj\u00e1k az \u00f6kosziszt\u00e9m\u00e1kat, n\u00f6velik a v\u00edzfelhaszn\u00e1l\u00e1s hat\u00e9konys\u00e1g\u00e1t, \u00e9s intelligens \u00e9rz\u00e9kel\u0151ket haszn\u00e1lnak a monitoroz\u00e1shoz.<\/p>\n\n\n\n<p>Ez az \u00e1gazat k\u00fcl\u00f6n\u00f6sen a v\u00edzhi\u00e1nnyal vagy termel\u00e9si nyom\u00e1ssal k\u00fczd\u0151 r\u00e9gi\u00f3kban n\u00f6vekszik.<\/p>\n\n\n\n<h3 class=\"wp-block-heading\">Intelligens mobilit\u00e1s \u00e9s tiszta k\u00f6zleked\u00e9s<\/h3>\n\n\n\n<p>A k\u00f6zleked\u00e9s elektrifik\u00e1ci\u00f3ja n\u00f6veli a t\u00f6lt\u0151infrastrukt\u00fara, a j\u00e1rm\u0171automatiz\u00e1l\u00e1s, a fenntarthat\u00f3 logisztika \u00e9s az akt\u00edv mobilit\u00e1st el\u0151t\u00e9rbe helyez\u0151 v\u00e1rostervez\u00e9s ir\u00e1nti keresletet.<\/p>\n\n\n\n<h3 class=\"wp-block-heading\">Fenntarthat\u00f3 \u00e9p\u00edt\u00e9s \u00e9s energiahat\u00e9konys\u00e1g az \u00e9p\u00fcletekben<\/h3>\n\n\n\n<p>Az olyan \u00e9p\u00fcletek sz\u00e1m\u00e1ra, amelyek kevesebb energi\u00e1t fogyasztanak \u00e9s eg\u00e9szs\u00e9gesebb tereket teremtenek, elengedhetetlenek az \u00e9p\u00edt\u00e9szek, v\u00e1rosrendez\u0151k, kl\u00edmaszab\u00e1lyoz\u00e1si szakemberek \u00e9s a LEED vagy EDGE tan\u00fas\u00edtv\u00e1nyokhoz kapcsol\u00f3d\u00f3 tan\u00e1csad\u00f3k.<\/p>\n\n\n\n<h2 class=\"wp-block-heading\">A z\u00f6ld v\u00e1llalatok \u00e1ltal legink\u00e1bb \u00e9rt\u00e9kelt k\u00e9szs\u00e9gek<\/h2>\n\n\n\n<p><strong>Rendszerszeml\u00e9let\u0171 gondolkod\u00e1s.<\/strong> K\u00e9pess\u00e9g meg\u00e9rteni a folyamatok, a k\u00f6rnyezeti hat\u00e1sok \u00e9s a k\u00f6lts\u00e9gek k\u00f6z\u00f6tti \u00f6sszef\u00fcgg\u00e9seket.<\/p>\n\n\n\n<p><strong>Digit\u00e1lis k\u00e9szs\u00e9gek.<\/strong> J\u00e1rtas szimul\u00e1ci\u00f3s szoftverek haszn\u00e1lat\u00e1ban, adatelemz\u00e9sben \u00e9s automatiz\u00e1l\u00e1sban.<\/p>\n\n\n\n<p><strong>C\u00e9ltudatos innov\u00e1ci\u00f3.<\/strong> Alkalmazkod\u00f3k\u00e9pess\u00e9g a v\u00e1ltoz\u00f3 k\u00f6rnyezetekhez val\u00f3 megold\u00e1sok megtal\u00e1l\u00e1s\u00e1hoz.<\/p>\n\n\n\n<p><strong>M\u0171szaki kommunik\u00e1ci\u00f3.<\/strong> Komplex folyamatok magyar\u00e1zata nem szak\u00e9rt\u0151 k\u00f6z\u00f6ns\u00e9g sz\u00e1m\u00e1ra.<\/p>\n\n\n\n<p><strong>Etikus er\u0151forr\u00e1s-gazd\u00e1lkod\u00e1s.<\/strong> Bizony\u00edt\u00e9kokon alapul\u00f3 d\u00f6nt\u00e9sek \u00e9s szakmai felel\u0151ss\u00e9gv\u00e1llal\u00e1s.<\/p>\n\n\n\n<p>A v\u00e1llalatok nem csak m\u0171szaki tud\u00e1st keresnek, hanem folyamatos fejleszt\u00e9si gondolkod\u00e1sm\u00f3dot is.<\/p>\n\n\n\n<h2 class=\"wp-block-heading\">K\u00e9t p\u00e9lda, amely a val\u00f3di hat\u00e1st illusztr\u00e1lja<\/h2>\n\n\n\n<p><strong>Napenergia-m\u00e9rn\u00f6ks\u00e9g vid\u00e9ki ter\u00fcleteken.<\/strong><\/p>\n\n\n\n<p>Egy fotovoltaikus villamos\u00edt\u00e1sra szakosodott szakember olyan projekteket tud koordin\u00e1lni, amelyek t\u00e1voli k\u00f6z\u00f6ss\u00e9geket k\u00f6tnek \u00f6ssze tiszta energi\u00e1val, cs\u00f6kkentik az \u00fczemeltet\u00e9si k\u00f6lts\u00e9geket, \u00e9s lehet\u0151v\u00e9 teszik az iskol\u00e1k vagy eg\u00e9szs\u00e9g\u00fcgyi k\u00f6zpontok stabilabb m\u0171k\u00f6d\u00e9s\u00e9t.<\/p>\n\n\n\n<p><strong>K\u00f6rnyezetv\u00e9delmi tan\u00e1csad\u00e1s ipari v\u00e1llalatok sz\u00e1m\u00e1ra.<\/strong> Az export\u00e1l\u00f3 v\u00e1llalatoknak be kell tartaniuk a k\u00f6rnyezetv\u00e9delmi el\u0151\u00edr\u00e1sokat.<\/p>\n\n\n\n<p>Egy szakosodott tan\u00e1csad\u00f3 m\u00e9rheti a kibocs\u00e1t\u00e1sokat, javaslatokat tehet energetikai fejleszt\u00e9sekre, \u00e9s seg\u00edthet a nemzetk\u00f6zi auditokban, megnyitva a kapukat a glob\u00e1lis piacok fel\u00e9.<\/p>\n\n\n\n<p>Ezek az esetek j\u00f3l mutatj\u00e1k, hogyan \u00f6tv\u00f6zi egy z\u00f6ld karrier\u00fat a t\u00e1rsadalmi hat\u00e1st a szil\u00e1rd szakmai fejl\u0151d\u00e9ssel.<\/p>\n\n\n\n<h2 class=\"wp-block-heading\">T\u00e1bl\u00e1zat: F\u0151 z\u00f6ldfel\u00fcletek \u00e9s legkeresettebb profiljaik<\/h2>\n\n\n\n<figure class=\"wp-block-table\"><table><thead><tr><th>\u00c1gazat<\/th><th>Kiemelt profilok<\/th><th>Lehet\u0151s\u00e9g t\u00edpusa<\/th><\/tr><\/thead><tbody><tr><td>Meg\u00fajul\u00f3 energi\u00e1k<\/td><td>Villamosm\u00e9rn\u00f6k\u00f6k, fotovoltaikus technikusok, hat\u00e9konys\u00e1gi elemz\u0151k<\/td><td>Nagy kereslet \u00e9s m\u0171szaki specializ\u00e1ci\u00f3<\/td><\/tr><tr><td>K\u00f6rforg\u00e1sos gazdas\u00e1g<\/td><td>K\u00f6rnyezetv\u00e9delmi tan\u00e1csad\u00f3k, fenntarthat\u00f3 tervez\u0151k, hullad\u00e9kkezel\u0151k<\/td><td>Stabil n\u00f6veked\u00e9s a feldolgoz\u00f3iparban<\/td><\/tr><tr><td>Fenntarthat\u00f3 \u00e9p\u00edtkez\u00e9s<\/td><td>\u00c9p\u00edt\u00e9szek, energetikai auditorok, LEED szakemberek<\/td><td>V\u00e1rosi \u00e9s v\u00e1llalati projektek<\/td><\/tr><tr><td>Tiszta mobilit\u00e1s<\/td><td>T\u00f6lt\u00e9si infrastrukt\u00fara szak\u00e9rt\u0151k, mobilit\u00e1si elemz\u0151k<\/td><td>K\u00f6z- \u00e9s mag\u00e1nszektor<\/td><\/tr><tr><td>Regenerat\u00edv mez\u0151gazdas\u00e1g<\/td><td>Mez\u0151gazdas\u00e1gi m\u00e9rn\u00f6k\u00f6k, mez\u0151gazdas\u00e1gi technol\u00f3gusok<\/td><td>Innov\u00e1ci\u00f3 az \u00e9lelmiszer-ell\u00e1t\u00e1si l\u00e1ncokban<\/td><\/tr><\/tbody><\/table><figcaption class=\"wp-element-caption\">Fenntarthat\u00f3 karrierlehet\u0151s\u00e9gek: fellend\u00fcl\u0151 z\u00f6ld munkahelyek<\/figcaption><\/figure>\n\n\n\n<figure class=\"wp-block-gallery aligncenter has-nested-images columns-default is-cropped wp-block-gallery-2 is-layout-flex wp-block-gallery-is-layout-flex\">\n<figure class=\"wp-block-image size-full\"><img loading=\"lazy\" decoding=\"async\" width=\"450\" height=\"250\" data-id=\"10349\" src=\"https:\/\/universofamilia.com\/wp-content\/uploads\/sites\/148\/2025\/11\/Destaque-Novo-Universo-1-2.jpg\" alt=\"\" class=\"wp-image-10349\" srcset=\"http:\/\/universofamilia.com\/wp-content\/uploads\/sites\/148\/2025\/11\/Destaque-Novo-Universo-1-2.jpg 450w, http:\/\/universofamilia.com\/wp-content\/uploads\/sites\/148\/2025\/11\/Destaque-Novo-Universo-1-2-300x167.jpg 300w, http:\/\/universofamilia.com\/wp-content\/uploads\/sites\/148\/2025\/11\/Destaque-Novo-Universo-1-2-18x10.jpg 18w\" sizes=\"(max-width: 450px) 100vw, 450px\" \/><figcaption class=\"wp-element-caption\">Canva<\/figcaption><\/figure>\n<\/figure>\n\n\n\n<p>B\u0151vebben:\u00a0<a href=\"http:\/\/universofamilia.com\/hu\/el-teletrabajo-en-2025-las-nuevas-tendencias-del-home-office\/\">T\u00e1vmunka 2025-ben: \u00daj otthoni irodai trendek<\/a><\/p>\n\n\n\n<h2 class=\"wp-block-heading\">Mi\u00e9rt fognak ezek a karrierek 2025-ben is tov\u00e1bb n\u00f6vekedni?<\/h2>\n\n\n\n<p>A mexik\u00f3i k\u00f6zpolitik\u00e1k a kibocs\u00e1t\u00e1sok cs\u00f6kkent\u00e9se \u00e9s a nemzetk\u00f6zi c\u00e9lok el\u00e9r\u00e9se fel\u00e9 haladnak.<\/p>\n\n\n\n<p>Tov\u00e1bb\u00e1 a mag\u00e1nszektor m\u00e1r meg\u00e9rtette, hogy a rossz k\u00f6rnyezeti teljes\u00edtm\u00e9ny kihat a h\u00edrn\u00e9vre, a k\u00f6lts\u00e9gekre \u00e9s a finansz\u00edroz\u00e1shoz val\u00f3 hozz\u00e1f\u00e9r\u00e9sre.<\/p>\n\n\n\n<p>A befektet\u0151k kl\u00edmav\u00e9delmi \u00e1tl\u00e1that\u00f3s\u00e1got k\u00f6vetelnek, ami olyan szakemberek felv\u00e9tel\u00e9t \u00f6szt\u00f6nzi, akik k\u00e9pesek pontos m\u00e9r\u00e9seket \u00e9s \u00e1tmeneti strat\u00e9gi\u00e1kat biztos\u00edtani.<\/p>\n\n\n\n<p>Ugyanakkor a fogyaszt\u00f3k \u00e9rt\u00e9kelik a kisebb \u00f6kol\u00f3giai l\u00e1bnyom\u00fa term\u00e9keket, ami arra k\u00e9szteti a v\u00e1llalatokat, hogy teljes folyamatokat alak\u00edtsanak \u00e1t.<\/p>\n\n\n\n<p>Ez a kultur\u00e1lis v\u00e1ltoz\u00e1s a z\u00f6ld profilok t\u00e9rnyer\u00e9s\u00e9t \u00f6szt\u00f6nzi a marketing, az audit\u00e1l\u00e1s, a logisztika \u00e9s a term\u00e9kfejleszt\u00e9s ter\u00fclet\u00e9n.<\/p>\n\n\n\n<h2 class=\"wp-block-heading\">Technol\u00f3giai \u00e1talakul\u00e1sok, amelyek \u00fajra\u00e9rtelmezik a munka j\u00f6v\u0151j\u00e9t<\/h2>\n\n\n\n<p>A digitaliz\u00e1ci\u00f3 metszi a fenntarthat\u00f3s\u00e1got. A predikt\u00edv elemz\u0151eszk\u00f6z\u00f6k, az IoT-\u00e9rz\u00e9kel\u0151k, a monitoroz\u00f3 platformok \u00e9s a digit\u00e1lis ikrek pontosabb d\u00f6nt\u00e9seket tesznek lehet\u0151v\u00e9.<\/p>\n\n\n\n<p>Ez a konvergencia hibrid szerepk\u00f6r\u00f6ket hoz l\u00e9tre: olyan szakembereket, akik a m\u00e9rn\u00f6ki munk\u00e1t adatelemz\u00e9ssel, vagy a k\u00f6rnyezeti profilokat alapvet\u0151 programoz\u00e1si k\u00e9szs\u00e9gekkel \u00f6tv\u00f6zik.<\/p>\n\n\n\n<p>Egyre nagyobb az ig\u00e9ny a k\u00f6rnyezetv\u00e9delmi el\u0151\u00edr\u00e1sokat \u00e9rt\u0151 szakemberekre is, mivel minden fenntarthat\u00f3 projekt k\u00f6lcs\u00f6nhat\u00e1sban \u00e1ll az enged\u00e9lyekkel, az \u00e9p\u00edt\u00e9si szabv\u00e1nyokkal, az energiapolitik\u00e1kkal \u00e9s az ad\u00f3z\u00e1si k\u00f6vetelm\u00e9nyekkel.<\/p>\n\n\n\n<h2 class=\"wp-block-heading\">Egy gazdas\u00e1g, amely az oktat\u00e1son kereszt\u00fcl \u00faj\u00edtja meg \u00f6nmag\u00e1t<\/h2>\n\n\n\n<p>A mexik\u00f3i egyetemek \u00e9s kutat\u00f3k\u00f6zpontok m\u00e1r k\u00edn\u00e1lnak ehhez az \u00faj helyzethez igaz\u00edtott diplom\u00e1kat \u00e9s diplom\u00e1kat.<\/p>\n\n\n\n<p>A k\u00f6rnyezetm\u00e9rn\u00f6ki, meg\u00fajul\u00f3 energiaforr\u00e1sok, biotechnol\u00f3gia, k\u00f6rforg\u00e1sos gazdas\u00e1g, term\u00e9szeti er\u0151forr\u00e1s-gazd\u00e1lkod\u00e1s \u00e9s fenntarthat\u00f3 v\u00e1rostervez\u00e9si programok modulokat tartalmaznak az innov\u00e1ci\u00f3r\u00f3l, a szakmai etik\u00e1r\u00f3l \u00e9s az \u00fajonnan megjelen\u0151 technol\u00f3gi\u00e1kr\u00f3l.<\/p>\n\n\n\n<p>Az akad\u00e9miai er\u0151s\u00edt\u00e9s elengedhetetlen, mivel az \u00e1gazat hiteless\u00e9ge a j\u00f3l k\u00e9pzett szakemberekt\u0151l f\u00fcgg. A fenntarthat\u00f3s\u00e1g technikai szigor\u00fas\u00e1got, tudom\u00e1nyos bizony\u00edt\u00e9kokat \u00e9s t\u00e1rsadalmi felel\u0151ss\u00e9gv\u00e1llal\u00e1st ig\u00e9nyel.<\/p>\n\n\n\n<h2 class=\"wp-block-heading\">Most van itt az ideje, hogy egy z\u00f6ld karrierbe kezdj?<\/h2>\n\n\n\n<p>A v\u00e1lasz az \u00e9rdekl\u0151d\u00e9si k\u00f6r\u00f6dt\u0151l f\u00fcgg, de a kil\u00e1t\u00e1sok kedvez\u0151ek. A lehet\u0151s\u00e9gek b\u0151v\u00fclnek, a fizet\u00e9sek versenyk\u00e9pesek, \u00e9s a szakmai hat\u00e1s t\u00falmutat a p\u00e9nz\u00fcgyi haszonszerz\u00e9sen.<\/p>\n\n\n\n<p>Karrierkezd\u00e9s ebben az \u00e1gazatban azt jelenti, hogy k\u00f6zvetlen\u00fcl hozz\u00e1j\u00e1rulunk egy olyan \u00e1tmenethez, amely emberek milli\u00f3inak \u00e9letmin\u0151s\u00e9g\u00e9t fogja meghat\u00e1rozni.<\/p>\n\n\n\n<h2 class=\"wp-block-heading\">K\u00f6vetkeztet\u00e9s<\/h2>\n\n\n\n<p>A <strong><em>\u201eFenntarthat\u00f3 karrierek: a z\u00f6ld munkahelyek sz\u00e1ma n\u00f6vekszik.\u201d<\/em><\/strong> Kapuk\u00e9nt szolg\u00e1lnak egy ellen\u00e1ll\u00f3bb, innovat\u00edvabb \u00e9s igazs\u00e1gosabb gazdas\u00e1gi j\u00f6v\u0151 fel\u00e9.<\/p>\n\n\n\n<p>A szakmai fejl\u0151d\u00e9s, a k\u00f6rnyezeti hat\u00e1s \u00e9s a munkahelyi stabilit\u00e1s kombin\u00e1ci\u00f3ja teszi ezeket a szakm\u00e1kat a 2025-\u00f6s \u00e9v egyik legfontosabb strat\u00e9giai c\u00e9lpontj\u00e1v\u00e1.<\/p>\n\n\n\n<p>Ha \u00e9rtelmes karrierutat keresel, ahol lehet\u0151s\u00e9g van specializ\u00e1l\u00f3dni \u00e9s stabil kereslet van r\u00e1d, akkor ez a szakmai vil\u00e1g meg\u00e9rdemli a teljes figyelmedet.<\/p>\n\n\n\n<p>B\u0151vebben:\u00a0<a href=\"http:\/\/universofamilia.com\/hu\/errores-clave-al-iniciar-un-negocio-online\/\">Legfontosabb hib\u00e1k online v\u00e1llalkoz\u00e1s ind\u00edt\u00e1sakor<\/a><\/p>\n\n\n\n<h2 class=\"wp-block-heading\">Gyakran Ism\u00e9telt K\u00e9rd\u00e9sek<\/h2>\n\n\n\n<p><strong>Milyen tanulm\u00e1nyok aj\u00e1nlottak a z\u00f6ld munkahelyeken val\u00f3 indul\u00e1shoz?<\/strong><\/p>\n\n\n\n<p><br>K\u00f6rnyezetm\u00e9rn\u00f6ki tudom\u00e1nyok, meg\u00fajul\u00f3 energiaforr\u00e1sok, agr\u00e1rtudom\u00e1nyok, fenntarthat\u00f3 tervez\u00e9s, v\u00e1rosrendez\u00e9s \u00e9s az energiahat\u00e9konys\u00e1ggal vagy hullad\u00e9kgazd\u00e1lkod\u00e1ssal kapcsolatos m\u0171szaki programok.<\/p>\n\n\n\n<p><strong>Sz\u00fcks\u00e9ges el\u0151zetes tapasztalat?<\/strong><\/p>\n\n\n\n<p><br>Nem mindig. Sok bel\u00e9p\u0151 szint\u0171 poz\u00edci\u00f3 az adatelemz\u00e9sre, a technikai t\u00e1mogat\u00e1sra vagy az operat\u00edv szerepekre \u00f6sszpontos\u00edt. A folyamatos k\u00e9pz\u00e9s kulcsfontoss\u00e1g\u00fa.<\/p>\n\n\n\n<p><strong>Csak a nagyv\u00e1llalatokn\u00e1l l\u00e9teznek z\u00f6ld munkahelyek?<\/strong><\/p>\n\n\n\n<p><br>Nem. A kis- \u00e9s k\u00f6z\u00e9pv\u00e1llalkoz\u00e1sok is alkalmaznak fenntarthat\u00f3 modelleket. Ezenk\u00edv\u00fcl lehet\u0151s\u00e9gek vannak a nem korm\u00e1nyzati szervezetekben, a korm\u00e1nyzatban \u00e9s a f\u00fcggetlen tan\u00e1csad\u00f3 c\u00e9gekben.<\/p>\n\n\n\n<p><strong>V\u00e1lthat-e szektort egy k\u00f6rnyezetv\u00e9delmi k\u00e9pz\u00e9s n\u00e9lk\u00fcli szakember?<\/strong><\/p>\n\n\n\n<p><br>Igen. A marketingnek, a jognak, a kommunik\u00e1ci\u00f3nak, a p\u00e9nz\u00fcgynek \u00e9s a logisztik\u00e1nak mind vannak z\u00f6ld v\u00e1ltozatai, amelyek \u00e1tadhat\u00f3 k\u00e9szs\u00e9geket ig\u00e9nyelnek.<\/p>\n\n\n\n<p><strong>Garant\u00e1lj\u00e1k ezek a karrierek a j\u00f6v\u0151beli stabilit\u00e1st?<\/strong><\/p>\n\n\n\n<p><br>Am\u00edg a korm\u00e1nyok \u00e9s a piacok a dekarboniz\u00e1ci\u00f3 fel\u00e9 vezet\u0151 \u00faton maradnak, a fenntarthat\u00f3 szakm\u00e1k tov\u00e1bbra is terjeszkedni fognak.<\/p>\n\n\n\n<p>Hossz\u00fa t\u00e1v\u00fa perspekt\u00edv\u00e1t k\u00edn\u00e1l\u00f3, stabil lehet\u0151s\u00e9get jelentenek.<\/p>","protected":false},"excerpt":{"rendered":"<p>Carreras sostenibles: empleos verdes en auge. En un mundo donde el talento se enfrenta a cambios constantes, hablar de \u201cCarreras sostenibles: empleos verdes en auge.\u201d Ya no es una tendencia pasajera, sino una respuesta directa a la urgencia clim\u00e1tica, tecnol\u00f3gica y econ\u00f3mica.Y antes de entrar en cada \u00e1rea, aqu\u00ed tienes un sumario r\u00e1pido que orienta [&hellip;]<\/p>","protected":false},"author":219,"featured_media":10347,"comment_status":"closed","ping_status":"open","sticky":false,"template":"","format":"standard","meta":{"footnotes":""},"categories":[5],"tags":[],"yoast_head":"<!-- This site is optimized with the Yoast SEO plugin v23.3 - https:\/\/yoast.com\/wordpress\/plugins\/seo\/ -->\n<title>Carreras sostenibles: empleos verdes en auge - Universo Fam\u00edlia<\/title>\n<meta name=\"description\" content=\"Carreras sostenibles: empleos verdes en auge. En un mundo donde el talento se enfrenta a cambios constantes, hablar de \u201cCarreras sostenibles:\" \/>\n<meta name=\"robots\" content=\"index, follow, max-snippet:-1, max-image-preview:large, max-video-preview:-1\" \/>\n<link rel=\"canonical\" href=\"http:\/\/universofamilia.com\/hu\/carreras-sostenibles-empleos-verdes-en-auge\/\" \/>\n<meta property=\"og:locale\" content=\"hu_HU\" \/>\n<meta property=\"og:type\" content=\"article\" \/>\n<meta property=\"og:title\" content=\"Carreras sostenibles: empleos verdes en auge - Universo Fam\u00edlia\" \/>\n<meta property=\"og:description\" content=\"Carreras sostenibles: empleos verdes en auge. En un mundo donde el talento se enfrenta a cambios constantes, hablar de \u201cCarreras sostenibles:\" \/>\n<meta property=\"og:url\" content=\"http:\/\/universofamilia.com\/hu\/carreras-sostenibles-empleos-verdes-en-auge\/\" \/>\n<meta property=\"og:site_name\" content=\"Universo Fam\u00edlia\" \/>\n<meta property=\"article:published_time\" content=\"2025-11-17T17:50:39+00:00\" \/>\n<meta property=\"article:modified_time\" content=\"2025-11-17T17:50:41+00:00\" \/>\n<meta property=\"og:image\" content=\"http:\/\/universofamilia.com\/wp-content\/uploads\/sites\/148\/2025\/11\/Destaque-Novo-Universo-3.jpg\" \/>\n\t<meta property=\"og:image:width\" content=\"450\" \/>\n\t<meta property=\"og:image:height\" content=\"250\" \/>\n\t<meta property=\"og:image:type\" content=\"image\/jpeg\" \/>\n<meta name=\"author\" content=\"Matheus Sangaletti\" \/>\n<meta name=\"twitter:card\" content=\"summary_large_image\" \/>\n<meta name=\"twitter:label1\" content=\"Written by\" \/>\n\t<meta name=\"twitter:data1\" content=\"Matheus Sangaletti\" \/>\n\t<meta name=\"twitter:label2\" content=\"Est. reading time\" \/>\n\t<meta name=\"twitter:data2\" content=\"8 perc\" \/>\n<script type=\"application\/ld+json\" class=\"yoast-schema-graph\">{\"@context\":\"https:\/\/schema.org\",\"@graph\":[{\"@type\":\"WebPage\",\"@id\":\"http:\/\/universofamilia.com\/zh\/carreras-sostenibles-empleos-verdes-en-auge\/\",\"url\":\"http:\/\/universofamilia.com\/zh\/carreras-sostenibles-empleos-verdes-en-auge\/\",\"name\":\"Carreras sostenibles: empleos verdes en auge - Universo Fam\u00edlia\",\"isPartOf\":{\"@id\":\"https:\/\/universofamilia.com\/el\/#website\"},\"primaryImageOfPage\":{\"@id\":\"http:\/\/universofamilia.com\/zh\/carreras-sostenibles-empleos-verdes-en-auge\/#primaryimage\"},\"image\":{\"@id\":\"http:\/\/universofamilia.com\/zh\/carreras-sostenibles-empleos-verdes-en-auge\/#primaryimage\"},\"thumbnailUrl\":\"http:\/\/universofamilia.com\/wp-content\/uploads\/sites\/148\/2025\/11\/Destaque-Novo-Universo-3.jpg\",\"datePublished\":\"2025-11-17T17:50:39+00:00\",\"dateModified\":\"2025-11-17T17:50:41+00:00\",\"author\":{\"@id\":\"https:\/\/universofamilia.com\/el\/#\/schema\/person\/92fcd07e9b1f4323bf74f3170fc0f78a\"},\"description\":\"Carreras sostenibles: empleos verdes en auge. En un mundo donde el talento se enfrenta a cambios constantes, hablar de \u201cCarreras sostenibles:\",\"breadcrumb\":{\"@id\":\"http:\/\/universofamilia.com\/zh\/carreras-sostenibles-empleos-verdes-en-auge\/#breadcrumb\"},\"inLanguage\":\"hu\",\"potentialAction\":[{\"@type\":\"ReadAction\",\"target\":[\"http:\/\/universofamilia.com\/zh\/carreras-sostenibles-empleos-verdes-en-auge\/\"]}]},{\"@type\":\"ImageObject\",\"inLanguage\":\"hu\",\"@id\":\"http:\/\/universofamilia.com\/zh\/carreras-sostenibles-empleos-verdes-en-auge\/#primaryimage\",\"url\":\"http:\/\/universofamilia.com\/wp-content\/uploads\/sites\/148\/2025\/11\/Destaque-Novo-Universo-3.jpg\",\"contentUrl\":\"http:\/\/universofamilia.com\/wp-content\/uploads\/sites\/148\/2025\/11\/Destaque-Novo-Universo-3.jpg\",\"width\":450,\"height\":250},{\"@type\":\"BreadcrumbList\",\"@id\":\"http:\/\/universofamilia.com\/zh\/carreras-sostenibles-empleos-verdes-en-auge\/#breadcrumb\",\"itemListElement\":[{\"@type\":\"ListItem\",\"position\":1,\"name\":\"Home\",\"item\":\"https:\/\/universofamilia.com\/el\/\"},{\"@type\":\"ListItem\",\"position\":2,\"name\":\"Carreras sostenibles: empleos verdes en auge\"}]},{\"@type\":\"WebSite\",\"@id\":\"https:\/\/universofamilia.com\/el\/#website\",\"url\":\"https:\/\/universofamilia.com\/el\/\",\"name\":\"Universo Fam\u00edlia\",\"description\":\"\",\"potentialAction\":[{\"@type\":\"SearchAction\",\"target\":{\"@type\":\"EntryPoint\",\"urlTemplate\":\"https:\/\/universofamilia.com\/el\/?s={search_term_string}\"},\"query-input\":\"required name=search_term_string\"}],\"inLanguage\":\"hu\"},{\"@type\":\"Person\",\"@id\":\"https:\/\/universofamilia.com\/el\/#\/schema\/person\/92fcd07e9b1f4323bf74f3170fc0f78a\",\"name\":\"Matheus Sangaletti\",\"image\":{\"@type\":\"ImageObject\",\"inLanguage\":\"hu\",\"@id\":\"https:\/\/universofamilia.com\/el\/#\/schema\/person\/image\/\",\"url\":\"http:\/\/2.gravatar.com\/avatar\/280ea957a14a48e6a1ad2133d2cc27c9?s=96&d=mm&r=g\",\"contentUrl\":\"http:\/\/2.gravatar.com\/avatar\/280ea957a14a48e6a1ad2133d2cc27c9?s=96&d=mm&r=g\",\"caption\":\"Matheus Sangaletti\"},\"url\":\"http:\/\/universofamilia.com\/hu\/author\/matheuss\/\"}]}<\/script>\n<!-- \/ Yoast SEO plugin. -->","yoast_head_json":{"title":"Carreras sostenibles: empleos verdes en auge - Universo Fam\u00edlia","description":"Carreras sostenibles: empleos verdes en auge. En un mundo donde el talento se enfrenta a cambios constantes, hablar de \u201cCarreras sostenibles:","robots":{"index":"index","follow":"follow","max-snippet":"max-snippet:-1","max-image-preview":"max-image-preview:large","max-video-preview":"max-video-preview:-1"},"canonical":"http:\/\/universofamilia.com\/hu\/carreras-sostenibles-empleos-verdes-en-auge\/","og_locale":"hu_HU","og_type":"article","og_title":"Carreras sostenibles: empleos verdes en auge - Universo Fam\u00edlia","og_description":"Carreras sostenibles: empleos verdes en auge. En un mundo donde el talento se enfrenta a cambios constantes, hablar de \u201cCarreras sostenibles:","og_url":"http:\/\/universofamilia.com\/hu\/carreras-sostenibles-empleos-verdes-en-auge\/","og_site_name":"Universo Fam\u00edlia","article_published_time":"2025-11-17T17:50:39+00:00","article_modified_time":"2025-11-17T17:50:41+00:00","og_image":[{"width":450,"height":250,"url":"http:\/\/universofamilia.com\/wp-content\/uploads\/sites\/148\/2025\/11\/Destaque-Novo-Universo-3.jpg","type":"image\/jpeg"}],"author":"Matheus Sangaletti","twitter_card":"summary_large_image","twitter_misc":{"Written by":"Matheus Sangaletti","Est. reading time":"8 perc"},"schema":{"@context":"https:\/\/schema.org","@graph":[{"@type":"WebPage","@id":"http:\/\/universofamilia.com\/zh\/carreras-sostenibles-empleos-verdes-en-auge\/","url":"http:\/\/universofamilia.com\/zh\/carreras-sostenibles-empleos-verdes-en-auge\/","name":"Carreras sostenibles: empleos verdes en auge - Universo Fam\u00edlia","isPartOf":{"@id":"https:\/\/universofamilia.com\/el\/#website"},"primaryImageOfPage":{"@id":"http:\/\/universofamilia.com\/zh\/carreras-sostenibles-empleos-verdes-en-auge\/#primaryimage"},"image":{"@id":"http:\/\/universofamilia.com\/zh\/carreras-sostenibles-empleos-verdes-en-auge\/#primaryimage"},"thumbnailUrl":"http:\/\/universofamilia.com\/wp-content\/uploads\/sites\/148\/2025\/11\/Destaque-Novo-Universo-3.jpg","datePublished":"2025-11-17T17:50:39+00:00","dateModified":"2025-11-17T17:50:41+00:00","author":{"@id":"https:\/\/universofamilia.com\/el\/#\/schema\/person\/92fcd07e9b1f4323bf74f3170fc0f78a"},"description":"Carreras sostenibles: empleos verdes en auge. En un mundo donde el talento se enfrenta a cambios constantes, hablar de \u201cCarreras sostenibles:","breadcrumb":{"@id":"http:\/\/universofamilia.com\/zh\/carreras-sostenibles-empleos-verdes-en-auge\/#breadcrumb"},"inLanguage":"hu","potentialAction":[{"@type":"ReadAction","target":["http:\/\/universofamilia.com\/zh\/carreras-sostenibles-empleos-verdes-en-auge\/"]}]},{"@type":"ImageObject","inLanguage":"hu","@id":"http:\/\/universofamilia.com\/zh\/carreras-sostenibles-empleos-verdes-en-auge\/#primaryimage","url":"http:\/\/universofamilia.com\/wp-content\/uploads\/sites\/148\/2025\/11\/Destaque-Novo-Universo-3.jpg","contentUrl":"http:\/\/universofamilia.com\/wp-content\/uploads\/sites\/148\/2025\/11\/Destaque-Novo-Universo-3.jpg","width":450,"height":250},{"@type":"BreadcrumbList","@id":"http:\/\/universofamilia.com\/zh\/carreras-sostenibles-empleos-verdes-en-auge\/#breadcrumb","itemListElement":[{"@type":"ListItem","position":1,"name":"Home","item":"https:\/\/universofamilia.com\/el\/"},{"@type":"ListItem","position":2,"name":"Carreras sostenibles: empleos verdes en auge"}]},{"@type":"WebSite","@id":"https:\/\/universofamilia.com\/el\/#website","url":"https:\/\/universofamilia.com\/el\/","name":"Universo Fam\u00edlia","description":"","potentialAction":[{"@type":"SearchAction","target":{"@type":"EntryPoint","urlTemplate":"https:\/\/universofamilia.com\/el\/?s={search_term_string}"},"query-input":"required name=search_term_string"}],"inLanguage":"hu"},{"@type":"Person","@id":"https:\/\/universofamilia.com\/el\/#\/schema\/person\/92fcd07e9b1f4323bf74f3170fc0f78a","name":"Matheus Sangaletti","image":{"@type":"ImageObject","inLanguage":"hu","@id":"https:\/\/universofamilia.com\/el\/#\/schema\/person\/image\/","url":"http:\/\/2.gravatar.com\/avatar\/280ea957a14a48e6a1ad2133d2cc27c9?s=96&d=mm&r=g","contentUrl":"http:\/\/2.gravatar.com\/avatar\/280ea957a14a48e6a1ad2133d2cc27c9?s=96&d=mm&r=g","caption":"Matheus Sangaletti"},"url":"http:\/\/universofamilia.com\/hu\/author\/matheuss\/"}]}},"_links":{"self":[{"href":"http:\/\/universofamilia.com\/hu\/wp-json\/wp\/v2\/posts\/10346"}],"collection":[{"href":"http:\/\/universofamilia.com\/hu\/wp-json\/wp\/v2\/posts"}],"about":[{"href":"http:\/\/universofamilia.com\/hu\/wp-json\/wp\/v2\/types\/post"}],"author":[{"embeddable":true,"href":"http:\/\/universofamilia.com\/hu\/wp-json\/wp\/v2\/users\/219"}],"replies":[{"embeddable":true,"href":"http:\/\/universofamilia.com\/hu\/wp-json\/wp\/v2\/comments?post=10346"}],"version-history":[{"count":1,"href":"http:\/\/universofamilia.com\/hu\/wp-json\/wp\/v2\/posts\/10346\/revisions"}],"predecessor-version":[{"id":10350,"href":"http:\/\/universofamilia.com\/hu\/wp-json\/wp\/v2\/posts\/10346\/revisions\/10350"}],"wp:featuredmedia":[{"embeddable":true,"href":"http:\/\/universofamilia.com\/hu\/wp-json\/wp\/v2\/media\/10347"}],"wp:attachment":[{"href":"http:\/\/universofamilia.com\/hu\/wp-json\/wp\/v2\/media?parent=10346"}],"wp:term":[{"taxonomy":"category","embeddable":true,"href":"http:\/\/universofamilia.com\/hu\/wp-json\/wp\/v2\/categories?post=10346"},{"taxonomy":"post_tag","embeddable":true,"href":"http:\/\/universofamilia.com\/hu\/wp-json\/wp\/v2\/tags?post=10346"}],"curies":[{"name":"wp","href":"https:\/\/api.w.org\/{rel}","templated":true}]}}