{"id":10357,"date":"2025-11-20T19:32:48","date_gmt":"2025-11-20T22:32:48","guid":{"rendered":"https:\/\/universofamilia.com\/?p=10357"},"modified":"2025-11-20T19:32:51","modified_gmt":"2025-11-20T22:32:51","slug":"energias-renovables-en-el-mundo-avances-y-desafios-para-2030","status":"publish","type":"post","link":"http:\/\/universofamilia.com\/hu\/energias-renovables-en-el-mundo-avances-y-desafios-para-2030\/","title":{"rendered":"Meg\u00fajul\u00f3 energi\u00e1k a vil\u00e1gban: el\u0151rel\u00e9p\u00e9sek \u00e9s kih\u00edv\u00e1sok 2030-ig"},"content":{"rendered":"<p class=\"has-text-align-center\">Kezdj \u0151szinte besz\u00e9lget\u00e9st a t\u00e9m\u00e1r\u00f3l <strong>Meg\u00fajul\u00f3 energi\u00e1k a vil\u00e1gban: el\u0151rel\u00e9p\u00e9sek \u00e9s kih\u00edv\u00e1sok 2030-ig<\/strong> Ez azt jelenti, hogy felt\u00e9telezz\u00fck, hogy ezek m\u00e1r nem futurisztikus \u00f6tletek, hanem glob\u00e1lis priorit\u00e1st \u00e9lveznek.<\/p>\n\n\n\n<figure class=\"wp-block-gallery aligncenter has-nested-images columns-default is-cropped wp-block-gallery-1 is-layout-flex wp-block-gallery-is-layout-flex\">\n<figure class=\"wp-block-image size-full\"><img loading=\"lazy\" decoding=\"async\" width=\"450\" height=\"250\" data-id=\"10359\" src=\"https:\/\/universofamilia.com\/wp-content\/uploads\/sites\/148\/2025\/11\/Destaque-Novo-Universo-6.jpg\" alt=\"\" class=\"wp-image-10359\" srcset=\"http:\/\/universofamilia.com\/wp-content\/uploads\/sites\/148\/2025\/11\/Destaque-Novo-Universo-6.jpg 450w, http:\/\/universofamilia.com\/wp-content\/uploads\/sites\/148\/2025\/11\/Destaque-Novo-Universo-6-300x167.jpg 300w, http:\/\/universofamilia.com\/wp-content\/uploads\/sites\/148\/2025\/11\/Destaque-Novo-Universo-6-18x10.jpg 18w\" sizes=\"(max-width: 450px) 100vw, 450px\" \/><figcaption class=\"wp-element-caption\">Canva<\/figcaption><\/figure>\n<\/figure>\n\n\n\n<p class=\"has-text-align-center\">Miel\u0151tt m\u00e9lyebben belemenn\u00e9nk, \u00e9rdemes egy r\u00f6vid \u00f6sszefoglal\u00f3t \u00e1ttekinteni.<\/p>\n\n\n\n<p class=\"has-text-align-center\">Mit von maga ut\u00e1n ez az \u00e1tmenet, a legkiemelked\u0151bb eredm\u00e9nyek, a tov\u00e1bbra is fenn\u00e1ll\u00f3 akad\u00e1lyok, egy relev\u00e1ns statisztika, k\u00e9t aktu\u00e1lis p\u00e9lda, egy vil\u00e1gos anal\u00f3gia \u00e9s egy t\u00e1bl\u00e1zat, amely \u00f6sszefoglalja a 2030-ra vonatkoz\u00f3 kil\u00e1t\u00e1sokat.<\/p>\n\n\n\n<p class=\"has-text-align-center\">V\u00e9gs\u0151 soron, hogyan hozhatsz j\u00f3 d\u00f6nt\u00e9st an\u00e9lk\u00fcl, hogy \u00e9rten\u00e9d a kiindul\u00f3pontot?<\/p>\n\n\n\n<h2 class=\"wp-block-heading\"><strong>Az energia\u00e1t\u00e1ll\u00e1s, amely \u00fajra\u00e9rtelmezi a priorit\u00e1sokat<\/strong><\/h2>\n\n\n\n<p>A glob\u00e1lis meg\u00fajul\u00f3energia-boomr\u00f3l besz\u00e9lve egy nyilv\u00e1nval\u00f3 val\u00f3s\u00e1g bontakozik ki: a korm\u00e1nyok, a v\u00e1llalatok \u00e9s a mag\u00e1nszem\u00e9lyek felgyors\u00edtj\u00e1k az \u00e1t\u00e1ll\u00e1st a tiszt\u00e1bb technol\u00f3gi\u00e1k fel\u00e9.<\/p>\n\n\n\n<p>E mozgalom m\u00f6g\u00f6tt nemcsak k\u00f6rnyezeti logika \u00e1ll; gazdas\u00e1gi, t\u00e1rsadalmi \u00e9s geopolitikai okokra is reag\u00e1l.<\/p>\n\n\n\n<p>Minden orsz\u00e1g a saj\u00e1t \u00fctem\u00e9ben halad, b\u00e1r az \u00e1ltal\u00e1nos trend a rugalmasabb, kev\u00e9sb\u00e9 szennyez\u0151 elektromos rendszerek fel\u00e9 mutat, amelyek k\u00e9pesek a n\u00f6vekv\u0151 ig\u00e9nyek kiel\u00e9g\u00edt\u00e9s\u00e9re.<\/p>\n\n\n\n<p>A Nemzetk\u00f6zi Energia\u00fcgyn\u00f6ks\u00e9g (IEA) legfrissebb jelent\u00e9se meger\u0151s\u00edtette, hogy a glob\u00e1lis nap- \u00e9s sz\u00e9lenergia-kapacit\u00e1s 2023-ban meghaladta a nett\u00f3 telep\u00edtett villamosenergia-kapacit\u00e1s n\u00f6veked\u00e9s\u00e9nek 90% hat\u00e1r\u00e1t, ami fordul\u00f3pontot jelent a 2030-ig tart\u00f3 id\u0151szakban.<\/p>\n\n\n\n<p>Ezek az adatok egy m\u00e1r folyamatban l\u00e9v\u0151 \u00e1tmenetet mutatnak, amely hat\u00e1ssal van a beruh\u00e1z\u00e1sokra, a foglalkoztat\u00e1sra \u00e9s a termel\u00e9si strukt\u00far\u00e1kra.<\/p>\n\n\n\n<h2 class=\"wp-block-heading\"><strong>A meg\u00fajul\u00f3energia-\u00e1gazat, mint glob\u00e1lis gazdas\u00e1gi hajt\u00f3er\u0151<\/strong><\/h2>\n\n\n\n<p>A tiszta energia t\u00e9rnyer\u00e9se nemcsak a k\u00f6rnyezetv\u00e9delmi meggy\u0151z\u0151d\u00e9sekt\u0151l f\u00fcgg. Reag\u00e1l az egyre versenyk\u00e9pesebb k\u00f6lts\u00e9gekre is.<\/p>\n\n\n\n<p>A napelemes fotovoltaikus energia p\u00e9ld\u00e1ul t\u00f6bb mint 60 orsz\u00e1gban, k\u00f6zt\u00fck sz\u00e1mos latin-amerikai orsz\u00e1gban v\u00e1lt a legolcs\u00f3bb \u00e1ramtermel\u00e9si lehet\u0151s\u00e9gg\u00e9.<\/p>\n\n\n\n<p>Ez a gazdas\u00e1gi v\u00e1ltoz\u00e1s \u00faj \u00fczleti modellek el\u0151tt nyitotta meg kapuit, befektet\u0151ket vonzott, \u00e9s olyan \u00e9rt\u00e9kl\u00e1ncokat hozott l\u00e9tre, amelyek alig t\u00f6bb mint egy \u00e9vtizeddel ezel\u0151tt m\u00e9g nem l\u00e9teztek.<\/p>\n\n\n\n<p>Ek\u00f6zben a sz\u00e9lenergia megszil\u00e1rd\u00edtotta hely\u00e9t a term\u00e9szeti er\u0151forr\u00e1sokban gazdag r\u00e9gi\u00f3kban, \u00c9szak-Mexik\u00f3t\u00f3l Braz\u00edlia atlanti partvid\u00e9k\u00e9ig \u00e9s D\u00e9l-Spanyolorsz\u00e1gig.<\/p>\n\n\n\n<p>Ez a forgat\u00f3k\u00f6nyv azt mutatja, hogy a z\u00f6ld n\u00f6veked\u00e9s nem kiz\u00e1r\u00f3lag a fejlett gazdas\u00e1gokra jellemz\u0151; lehet\u0151s\u00e9get teremtett a nagyobb energiaf\u00fcggetlens\u00e9gre t\u00f6rekv\u0151 felt\u00f6rekv\u0151 piacok sz\u00e1m\u00e1ra is.<\/p>\n\n\n\n<h2 class=\"wp-block-heading\"><strong>Pillant\u00e1s az \u00e1talakul\u00e1st vezet\u0151 technol\u00f3gi\u00e1kra<\/strong><\/h2>\n\n\n\n<p>A lakoss\u00e1gi \u00e9s kereskedelmi napelemes rendszerek megsokszoroz\u00f3dtak a v\u00e1rosokban, ahol az \u00e1ram\u00e1rak emelkednek.<\/p>\n\n\n\n<p>Ek\u00f6zben a l\u00edtium akkumul\u00e1torok, amelyek kulcsfontoss\u00e1g\u00faak az energiat\u00e1rol\u00e1sban, az elm\u00falt t\u00edz \u00e9vben t\u00f6bb mint 80%-vel cs\u00f6kkentek, lehet\u0151v\u00e9 t\u00e9ve az otthonok \u00e9s a v\u00e1llalkoz\u00e1sok sz\u00e1m\u00e1ra, hogy megb\u00edzhat\u00f3bb hibrid megold\u00e1sokat alkalmazzanak.<\/p>\n\n\n\n<p>A tengeri sz\u00e9lenergia is er\u0151teljesen fejl\u0151dik, k\u00fcl\u00f6n\u00f6sen Eur\u00f3p\u00e1ban \u00e9s \u00c1zsi\u00e1ban.<\/p>\n\n\n\n<p>B\u00e1r megval\u00f3s\u00edt\u00e1sa nagyobb beruh\u00e1z\u00e1sokat ig\u00e9nyel, \u00e1lland\u00f3 \u00e9s nagy kapacit\u00e1s\u00fa termel\u00e9st k\u00edn\u00e1l, \u00edgy k\u00f6nnyebben kiv\u00e1lthat\u00f3k a fosszilis t\u00fczel\u0151anyaggal m\u0171k\u00f6d\u0151 er\u0151m\u0171vek an\u00e9lk\u00fcl, hogy a kisz\u00e1m\u00edthatatlan id\u0151j\u00e1r\u00e1si viszonyokt\u00f3l f\u00fcggen\u00e9nek.<\/p>\n\n\n\n<h2 class=\"wp-block-heading\"><strong>Anal\u00f3gia a v\u00e1ltoz\u00e1s vizualiz\u00e1l\u00e1s\u00e1ra<\/strong><\/h2>\n\n\n\n<p>K\u00e9pzelj\u00fck el egy k\u00f6zleked\u00e9si rendszer evol\u00faci\u00f3jak\u00e9nt: \u00e9vtizedekig a vil\u00e1g csak egyetlen t\u00edpus\u00fa \u00fczemanyaggal m\u0171k\u00f6d\u00f6tt.<\/p>\n\n\n\n<p>Ma azonban egy diverzifik\u00e1lt h\u00e1l\u00f3zat fel\u00e9 haladunk, ahol minden technol\u00f3gia m\u00e1s-m\u00e1s el\u0151ny\u00f6kkel j\u00e1r.<\/p>\n\n\n\n<p>Vannak \u00fatvonalak, amelyek gyorsabbak, m\u00e1sok stabilabbak, \u00e9s a k\u00fcl\u00f6nf\u00e9le kombin\u00e1ci\u00f3k lehet\u0151v\u00e9 teszik, hogy kevesebb er\u0151forr\u00e1ssal messzebbre juss.<\/p>\n\n\n\n<p>Az energia\u00e1t\u00e1ll\u00e1s hasonl\u00f3 m\u00f3don m\u0171k\u00f6dik: t\u00f6bb forr\u00e1s m\u0171k\u00f6dik egy\u00fctt egy robusztusabb rendszer ki\u00e9p\u00edt\u00e9se \u00e9rdek\u00e9ben.<\/p>\n\n\n\n<h2 class=\"wp-block-heading\"><strong>A 2030 fel\u00e9 vezet\u0151 utat akad\u00e1lyoz\u00f3 val\u00f3di kih\u00edv\u00e1sok<\/strong><\/h2>\n\n\n\n<p>B\u00e1r a fejl\u0151d\u00e9s tagadhatatlan, a meg\u00fajul\u00f3 energiaforr\u00e1sok n\u00f6veked\u00e9s\u00e9t korl\u00e1toz\u00f3 akad\u00e1lyok tov\u00e1bbra is fenn\u00e1llnak.<\/p>\n\n\n\n<p>A f\u0151 probl\u00e9ma az elektromos infrastrukt\u00far\u00e1ban rejlik. Sok orsz\u00e1g elavult h\u00e1l\u00f3zatokra t\u00e1maszkodik, amelyek nem k\u00e9pesek nagym\u00e9rt\u00e9kben integr\u00e1lni az id\u0151szakos energiaforr\u00e1sokat, p\u00e9ld\u00e1ul a sz\u00e9l- vagy napenergi\u00e1t.<\/p>\n\n\n\n<p>Ezen rendszerek moderniz\u00e1l\u00e1sa beruh\u00e1z\u00e1sokat, j\u00f6v\u0151k\u00e9pet \u00e9s int\u00e9zm\u00e9nyi koordin\u00e1ci\u00f3t ig\u00e9nyel.<\/p>\n\n\n\n<p>Egy m\u00e1sik korl\u00e1toz\u00e1s a kritikus \u00e1sv\u00e1nyi anyagokhoz val\u00f3 hozz\u00e1f\u00e9r\u00e9ssel kapcsolatos.<\/p>\n\n\n\n<p>A l\u00edtium, a nikkel \u00e9s a r\u00e9z ir\u00e1nti kereslet jelent\u0151sen megn\u0151, hogy kiel\u00e9g\u00edtse az akkumul\u00e1torok \u00e9s a z\u00f6ld technol\u00f3gi\u00e1k t\u00e9rnyer\u00e9s\u00e9t.<\/p>\n\n\n\n<p>A kitermel\u00e9s t\u00e1rsadalmilag \u00e9s k\u00f6rnyezetileg felel\u0151s kezel\u00e9se glob\u00e1lis kih\u00edv\u00e1ss\u00e1 v\u00e1lt.<\/p>\n\n\n\n<p>Ehhez j\u00f6n m\u00e9g a munkaer\u0151 professzionaliz\u00e1l\u00e1s\u00e1nak sz\u00fcks\u00e9gess\u00e9ge.<\/p>\n\n\n\n<p>A m\u00e9rn\u00f6k\u00f6k, technikusok \u00e9s szakosodott \u00fczemeltet\u0151k k\u00e9pz\u00e9se nem mindig a piac \u00e1ltal megk\u00f6vetelt \u00fctemben t\u00f6rt\u00e9nik, ez\u00e9rt t\u00f6bb orsz\u00e1g is dolgozik az energiaszektorhoz kapcsol\u00f3d\u00f3 oktat\u00e1si programok meger\u0151s\u00edt\u00e9s\u00e9n.<\/p>\n\n\n\n<h2 class=\"wp-block-heading\"><strong>\u00d6sszehasonl\u00edt\u00f3 t\u00e1bl\u00e1zat: a 2030 fel\u00e9 tett legfontosabb el\u0151rel\u00e9p\u00e9sek<\/strong><\/h2>\n\n\n\n<figure class=\"wp-block-table\"><table><thead><tr><th>R\u00e9gi\u00f3 \/ Mutat\u00f3<\/th><th>F\u0151 el\u0151rel\u00e9p\u00e9sek<\/th><th>Legfontosabb kih\u00edv\u00e1sok<\/th><\/tr><\/thead><tbody><tr><td>Latin-Amerika<\/td><td>Versenyk\u00e9pes nap- \u00e9s sz\u00e9lenergia-potenci\u00e1l; n\u00f6vekv\u0151 hibrid projektek<\/td><td>T\u00falterhelt elektromos h\u00e1l\u00f3zatok; k\u00f6vetkezetlen szab\u00e1lyoz\u00e1si keretek<\/td><\/tr><tr><td>Eur\u00f3pa<\/td><td>Vezet\u0151 a tengeri sz\u00e9lenergia \u00e9s energiat\u00e1rol\u00e1s ter\u00fclet\u00e9n<\/td><td>Magas \u00e1tmeneti k\u00f6lts\u00e9gek; import\u00e1lt \u00e1sv\u00e1nyokt\u00f3l val\u00f3 f\u00fcgg\u0151s\u00e9g<\/td><\/tr><tr><td>\u00c1zsia<\/td><td>A napelemek \u00e9s akkumul\u00e1torok gyors\u00edtott b\u0151v\u00edt\u00e9se<\/td><td>V\u00e1rosi szennyez\u00e9s \u00e9s magas energiaig\u00e9ny<\/td><\/tr><tr><td>\u00c9szak Amerika<\/td><td>Ad\u00f3kedvezm\u00e9nyek \u00e9s technol\u00f3giai fejl\u0151d\u00e9s<\/td><td>Politikai vit\u00e1k \u00e9s infrastruktur\u00e1lis k\u00e9sedelmek<\/td><\/tr><\/tbody><\/table><figcaption class=\"wp-element-caption\">Meg\u00fajul\u00f3 energi\u00e1k a vil\u00e1gban: el\u0151rel\u00e9p\u00e9sek \u00e9s kih\u00edv\u00e1sok 2030-ig<\/figcaption><\/figure>\n\n\n\n<figure class=\"wp-block-gallery aligncenter has-nested-images columns-default is-cropped wp-block-gallery-2 is-layout-flex wp-block-gallery-is-layout-flex\">\n<figure class=\"wp-block-image size-full\"><img loading=\"lazy\" decoding=\"async\" width=\"450\" height=\"250\" data-id=\"10360\" src=\"https:\/\/universofamilia.com\/wp-content\/uploads\/sites\/148\/2025\/11\/Destaque-Novo-Universo-1-3.jpg\" alt=\"\" class=\"wp-image-10360\" srcset=\"http:\/\/universofamilia.com\/wp-content\/uploads\/sites\/148\/2025\/11\/Destaque-Novo-Universo-1-3.jpg 450w, http:\/\/universofamilia.com\/wp-content\/uploads\/sites\/148\/2025\/11\/Destaque-Novo-Universo-1-3-300x167.jpg 300w, http:\/\/universofamilia.com\/wp-content\/uploads\/sites\/148\/2025\/11\/Destaque-Novo-Universo-1-3-18x10.jpg 18w\" sizes=\"(max-width: 450px) 100vw, 450px\" \/><figcaption class=\"wp-element-caption\">Canva<\/figcaption><\/figure>\n<\/figure>\n\n\n\n<p>B\u0151vebben:\u00a0<a href=\"http:\/\/universofamilia.com\/hu\/economia-mundial-en-2025-recesion-o-recuperacion\/\">Vil\u00e1ggazdas\u00e1g 2025-ben: Recesszi\u00f3 vagy fellend\u00fcl\u00e9s?<\/a><\/p>\n\n\n\n<h2 class=\"wp-block-heading\"><strong>Hogyan gyors\u00edtj\u00e1k fel az orsz\u00e1gok az \u00e1talakul\u00e1st<\/strong><\/h2>\n\n\n\n<p>A fent eml\u00edtett kih\u00edv\u00e1sok kezel\u00e9se \u00e9rdek\u00e9ben k\u00fcl\u00f6nb\u00f6z\u0151 korm\u00e1nyok olyan strat\u00e9gi\u00e1kat dolgoztak ki, amelyek a n\u00f6veked\u00e9s \u00e9s a fenntarthat\u00f3s\u00e1g egyens\u00faly\u00e1t c\u00e9lozz\u00e1k.<\/p>\n\n\n\n<p>N\u00e9h\u00e1ny orsz\u00e1g karbonsemlegess\u00e9gi c\u00e9lokat fogadott el, ami nagyszab\u00e1s\u00fa meg\u00fajul\u00f3energia-termel\u00e9si projekteket \u00f6szt\u00f6nz\u00f6tt.<\/p>\n\n\n\n<p>M\u00e1sok meger\u0151s\u00edtett\u00e9k az ad\u00f3kedvezm\u00e9nyeket, megk\u00f6nny\u00edtve a h\u00e1ztart\u00e1sok sz\u00e1m\u00e1ra a napelemek telep\u00edt\u00e9s\u00e9t, vagy a v\u00e1llalatok sz\u00e1m\u00e1ra a k\u00f6rforg\u00e1sos modellekre val\u00f3 \u00e1tt\u00e9r\u00e9st.<\/p>\n\n\n\n<p>Mexik\u00f3ban p\u00e9ld\u00e1ul az energetikai \u00e1t\u00e1ll\u00e1sr\u00f3l sz\u00f3l\u00f3 p\u00e1rbesz\u00e9det feler\u0151s\u00edtett\u00e9k az orsz\u00e1g \u00e9szaki r\u00e9sz\u00e9n tal\u00e1lhat\u00f3 napelemes \u00e9s sz\u00e9ler\u0151m\u0171parkokba t\u00f6rt\u00e9n\u0151 beruh\u00e1z\u00e1sok.<\/p>\n\n\n\n<p>B\u00e1r a szab\u00e1lyoz\u00e1si keretrendszer m\u00e9g mindig vita alatt \u00e1ll, a meg\u00fajul\u00f3 energiaforr\u00e1sokb\u00f3l sz\u00e1rmaz\u00f3 be\u00e9p\u00edtett kapacit\u00e1s folyamatosan n\u00f6vekszik, k\u00fcl\u00f6n\u00f6sen a m\u0171k\u00f6d\u00e9si k\u00f6lts\u00e9gek cs\u00f6kkent\u00e9s\u00e9re t\u00f6rekv\u0151 mag\u00e1nprojektekben.<\/p>\n\n\n\n<h2 class=\"wp-block-heading\"><strong>1. p\u00e9lda: K\u00f6z\u00f6ss\u00e9gi integr\u00e1ci\u00f3 vid\u00e9ki ter\u00fcleteken<\/strong><\/h2>\n\n\n\n<p>Sz\u00e1mos latin-amerikai r\u00e9gi\u00f3ban elszigetelt k\u00f6z\u00f6ss\u00e9gek napelemes mikroh\u00e1l\u00f3zatokat vezetnek be, hogy biztos\u00edts\u00e1k az \u00e1lland\u00f3 hozz\u00e1f\u00e9r\u00e9st az \u00e1ramhoz.<\/p>\n\n\n\n<p>Ez a modell cs\u00f6kkenti a d\u00edzelgener\u00e1torokt\u00f3l val\u00f3 f\u00fcgg\u0151s\u00e9get, \u00e9s lehet\u0151v\u00e9 teszi az iskol\u00e1k, klinik\u00e1k \u00e9s kisv\u00e1llalkoz\u00e1sok sz\u00e1m\u00e1ra a nagyobb stabilit\u00e1s\u00fa m\u0171k\u00f6d\u00e9st.<\/p>\n\n\n\n<p>Ezenk\u00edv\u00fcl a mikroh\u00e1l\u00f3zatok el\u0151seg\u00edtik az energiaf\u00fcggetlens\u00e9get, ami l\u00e9tfontoss\u00e1g\u00fa el\u0151ny az alacsony k\u00f6zinfrastrukt\u00far\u00e1val rendelkez\u0151 ter\u00fcleteken.<\/p>\n\n\n\n<h2 class=\"wp-block-heading\"><strong>2. p\u00e9lda: Sz\u00e9ler\u0151m\u0171vek, mint ipari motor<\/strong><\/h2>\n\n\n\n<p>\u00c9szak-Eur\u00f3p\u00e1ban a tengeri sz\u00e9ler\u0151m\u0171vek terjeszked\u00e9se fellend\u00edtette a turbin\u00e1kra, tenger alatti k\u00e1belekre \u00e9s logisztikai szolg\u00e1ltat\u00e1sokra szakosodott ipari klasztereket.<\/p>\n\n\n\n<p>A kis- \u00e9s k\u00f6z\u00e9pv\u00e1llalkoz\u00e1sok lehet\u0151s\u00e9geket tal\u00e1ltak ebben a termel\u00e9si l\u00e1ncban, ami azt mutatja, hogy az energetikai \u00e1t\u00e1ll\u00e1s eg\u00e9sz r\u00e9gi\u00f3kat er\u0151s\u00edthet \u00e9s fenntarthat\u00f3, hossz\u00fa t\u00e1v\u00fa munkahelyeket teremthet.<\/p>\n\n\n\n<h2 class=\"wp-block-heading\"><strong>Glob\u00e1lis lehet\u0151s\u00e9gek 2030 fel\u00e9<\/strong><\/h2>\n\n\n\n<p>Az innov\u00e1ci\u00f3 kulcsfontoss\u00e1g\u00fa lesz az \u00e9ghajlati c\u00e9lok el\u00e9r\u00e9s\u00e9hez \u00e9s a tiszta energia r\u00e9szar\u00e1ny\u00e1nak n\u00f6vel\u00e9s\u00e9hez. Fenntarthat\u00f3 n\u00f6veked\u00e9s v\u00e1rhat\u00f3 a k\u00f6vetkez\u0151kben:<\/p>\n\n\n\n<p>Az intelligens h\u00e1l\u00f3zatok k\u00e9pesek egyens\u00falyba hozni a k\u00edn\u00e1latot \u00e9s a keresletet.<\/p>\n\n\n\n<p>Z\u00f6ld hidrog\u00e9ntechnol\u00f3gi\u00e1k ipari folyamatokhoz.<\/p>\n\n\n\n<p>Sz\u00e9n-dioxid-lev\u00e1laszt\u00e1s \u00e9s -t\u00e1rol\u00e1s a nehezen dekarboniz\u00e1lhat\u00f3 \u00e1gazatokban.<\/p>\n\n\n\n<p>Hibrid rendszerek, amelyek akkumul\u00e1torokat, paneleket \u00e9s turbin\u00e1kat integr\u00e1lnak ugyanabba a t\u00e9rbe.<\/p>\n\n\n\n<p>Ezen megold\u00e1sok fejl\u0151d\u00e9se lehet\u0151v\u00e9 teszi, hogy az energetikai \u00e1t\u00e1ll\u00e1s ne egyetlen forr\u00e1st\u00f3l, hanem egy teljes \u00f6kosziszt\u00e9m\u00e1t\u00f3l f\u00fcggj\u00f6n, amely k\u00e9pes reag\u00e1lni a j\u00f6v\u0151 ig\u00e9nyeire.<\/p>\n\n\n\n<h2 class=\"wp-block-heading\"><strong>Konkl\u00fazi\u00f3: vil\u00e1gos j\u00f6v\u0151k\u00e9p a lehets\u00e9ges j\u00f6v\u0151r\u0151l<\/strong><\/h2>\n\n\n\n<p>Gondolj bele <strong>Meg\u00fajul\u00f3 energi\u00e1k a vil\u00e1gban: el\u0151rel\u00e9p\u00e9sek \u00e9s kih\u00edv\u00e1sok 2030-ig<\/strong> Arr\u00f3l van sz\u00f3, hogy \u00e1t kell gondolni azokat a d\u00f6nt\u00e9seket, amelyek m\u00e1r most is alak\u00edtj\u00e1k a glob\u00e1lis gazdas\u00e1got \u00e9s j\u00f3l\u00e9tet.<\/p>\n\n\n\n<p>A lehet\u0151s\u00e9gek b\u0151v\u00fclnek, b\u00e1r tervez\u00e9st, befektet\u00e9st \u00e9s egy\u00fcttm\u0171k\u00f6d\u00e9st ig\u00e9nyelnek.<\/p>\n\n\n\n<p>Az \u00e1tmenet nem lesz homog\u00e9n vagy azonnali, de olyan sebess\u00e9ggel halad el\u0151re, amely az energiat\u00f6rt\u00e9netben egy el\u0151tte-ut\u00e1na \u00e1llapotot jel\u00f6l.<\/p>\n\n\n\n<p>A kih\u00edv\u00e1s nemcsak a tiszta villamos energia el\u0151\u00e1ll\u00edt\u00e1sa, hanem olyan rendszerek ki\u00e9p\u00edt\u00e9se is, amelyek \u00e9vtizedeken \u00e1t k\u00e9pesek fenntartani azt.<\/p>\n\n\n\n<p>B\u0151vebben:\u00a0<a href=\"http:\/\/universofamilia.com\/hu\/descubrimientos-cientificos-que-cambiaran-el-futuro\/\">Tudom\u00e1nyos felfedez\u00e9sek, amelyek megv\u00e1ltoztatj\u00e1k a j\u00f6v\u0151t<\/a><\/p>\n\n\n\n<h2 class=\"wp-block-heading\"><strong>Gyakran Ism\u00e9telt K\u00e9rd\u00e9sek<\/strong><\/h2>\n\n\n\n<p><strong>Ki tudj\u00e1k-e el\u00e9g\u00edteni a meg\u00fajul\u00f3 energiaforr\u00e1sok a teljes glob\u00e1lis keresletet?<\/strong><\/p>\n\n\n\n<p><br>M\u00e9g nem, b\u00e1r az IEA el\u0151rejelz\u00e9se szerint 2030-ban az \u00faj glob\u00e1lis villamosenergia-termel\u00e9s t\u00f6bb mint 501 TB-a meg\u00fajul\u00f3 forr\u00e1sokb\u00f3l fog sz\u00e1rmazni.<\/p>\n\n\n\n<p>A technol\u00f3giai kombin\u00e1ci\u00f3 kulcsfontoss\u00e1g\u00fa lesz.<\/p>\n\n\n\n<p><strong>El\u00e9g megb\u00edzhat\u00f3 az energiat\u00e1rol\u00e1s?<\/strong><\/p>\n\n\n\n<p><br>Igen, b\u00e1r folyamatosan fejl\u0151dik. A jelenlegi akkumul\u00e1torok hosszabb \u00e9lettartamot \u00e9s alacsonyabb k\u00f6lts\u00e9geket k\u00edn\u00e1lnak, az \u00faj hidrog\u00e9nrendszerek pedig kieg\u00e9sz\u00edthetik ezt a k\u00e9pess\u00e9get.<\/p>\n\n\n\n<p><strong>Vajon az energia\u00e1t\u00e1ll\u00e1s n\u00f6veli az \u00e1ram\u00e1rakat?<\/strong><\/p>\n\n\n\n<p><br>Ez orsz\u00e1gt\u00f3l f\u00fcgg. Sok esetben a meg\u00fajul\u00f3 energiaforr\u00e1sok k\u00f6z\u00e9pt\u00e1von cs\u00f6kkentik a k\u00f6lts\u00e9geket, mivel stabilabb tarif\u00e1kat biztos\u00edtanak a fosszilis t\u00fczel\u0151anyagokhoz k\u00e9pest.<\/p>\n\n\n\n<p><strong>K\u00e9pesek-e a fejl\u0151d\u0151 orsz\u00e1gok gyorsan \u00e1tt\u00e9rni a tiszta energi\u00e1ra?<\/strong><\/p>\n\n\n\n<p><br>Meg tudj\u00e1k csin\u00e1lni, k\u00fcl\u00f6n\u00f6sen a magas napsug\u00e1rz\u00e1snak vagy \u00e1lland\u00f3 sz\u00e9lnek kitett r\u00e9gi\u00f3kban. Ehhez azonban moderniz\u00e1lniuk kell a h\u00e1l\u00f3zatokat \u00e9s egy\u00e9rtelm\u0171 szab\u00e1lyoz\u00e1si kereteket kell bevezetni\u00fck.<\/p>","protected":false},"excerpt":{"rendered":"<p>Iniciar una conversaci\u00f3n honesta sobre Energ\u00edas renovables en el mundo: avances y desaf\u00edos para 2030 significa asumir que ya no son una idea futurista, sino una prioridad global. Antes de profundizar, vale repasar un sumario breve. Qu\u00e9 implica esta transici\u00f3n, sus avances m\u00e1s destacados, los obst\u00e1culos que persisten, una estad\u00edstica relevante, dos ejemplos actuales, una [&hellip;]<\/p>","protected":false},"author":219,"featured_media":10358,"comment_status":"closed","ping_status":"open","sticky":false,"template":"","format":"standard","meta":{"footnotes":""},"categories":[4],"tags":[],"yoast_head":"<!-- This site is optimized with the Yoast SEO plugin v23.3 - https:\/\/yoast.com\/wordpress\/plugins\/seo\/ -->\n<title>Energ\u00edas renovables en el mundo: avances y desaf\u00edos para 2030 - Universo Fam\u00edlia<\/title>\n<meta name=\"description\" content=\"Iniciar una conversaci\u00f3n honesta sobre Energ\u00edas renovables en el mundo: avances y desaf\u00edos para 2030 significa asumir que ya no son una...\" \/>\n<meta name=\"robots\" content=\"index, follow, max-snippet:-1, max-image-preview:large, max-video-preview:-1\" \/>\n<link rel=\"canonical\" href=\"http:\/\/universofamilia.com\/hu\/energias-renovables-en-el-mundo-avances-y-desafios-para-2030\/\" \/>\n<meta property=\"og:locale\" content=\"hu_HU\" \/>\n<meta property=\"og:type\" content=\"article\" \/>\n<meta property=\"og:title\" content=\"Energ\u00edas renovables en el mundo: avances y desaf\u00edos para 2030 - Universo Fam\u00edlia\" \/>\n<meta property=\"og:description\" content=\"Iniciar una conversaci\u00f3n honesta sobre Energ\u00edas renovables en el mundo: avances y desaf\u00edos para 2030 significa asumir que ya no son una...\" \/>\n<meta property=\"og:url\" content=\"http:\/\/universofamilia.com\/hu\/energias-renovables-en-el-mundo-avances-y-desafios-para-2030\/\" \/>\n<meta property=\"og:site_name\" content=\"Universo Fam\u00edlia\" \/>\n<meta property=\"article:published_time\" content=\"2025-11-20T22:32:48+00:00\" \/>\n<meta property=\"article:modified_time\" content=\"2025-11-20T22:32:51+00:00\" \/>\n<meta property=\"og:image\" content=\"http:\/\/universofamilia.com\/wp-content\/uploads\/sites\/148\/2025\/11\/Destaque-Novo-Universo-5.jpg\" \/>\n\t<meta property=\"og:image:width\" content=\"450\" \/>\n\t<meta property=\"og:image:height\" content=\"250\" \/>\n\t<meta property=\"og:image:type\" content=\"image\/jpeg\" \/>\n<meta name=\"author\" content=\"Matheus Sangaletti\" \/>\n<meta name=\"twitter:card\" content=\"summary_large_image\" \/>\n<meta name=\"twitter:label1\" content=\"Written by\" \/>\n\t<meta name=\"twitter:data1\" content=\"Matheus Sangaletti\" \/>\n\t<meta name=\"twitter:label2\" content=\"Est. reading time\" \/>\n\t<meta name=\"twitter:data2\" content=\"8 perc\" \/>\n<script type=\"application\/ld+json\" class=\"yoast-schema-graph\">{\"@context\":\"https:\/\/schema.org\",\"@graph\":[{\"@type\":\"WebPage\",\"@id\":\"http:\/\/universofamilia.com\/ar\/energias-renovables-en-el-mundo-avances-y-desafios-para-2030\/\",\"url\":\"http:\/\/universofamilia.com\/ar\/energias-renovables-en-el-mundo-avances-y-desafios-para-2030\/\",\"name\":\"Energ\u00edas renovables en el mundo: avances y desaf\u00edos para 2030 - Universo Fam\u00edlia\",\"isPartOf\":{\"@id\":\"https:\/\/universofamilia.com\/el\/#website\"},\"primaryImageOfPage\":{\"@id\":\"http:\/\/universofamilia.com\/ar\/energias-renovables-en-el-mundo-avances-y-desafios-para-2030\/#primaryimage\"},\"image\":{\"@id\":\"http:\/\/universofamilia.com\/ar\/energias-renovables-en-el-mundo-avances-y-desafios-para-2030\/#primaryimage\"},\"thumbnailUrl\":\"http:\/\/universofamilia.com\/wp-content\/uploads\/sites\/148\/2025\/11\/Destaque-Novo-Universo-5.jpg\",\"datePublished\":\"2025-11-20T22:32:48+00:00\",\"dateModified\":\"2025-11-20T22:32:51+00:00\",\"author\":{\"@id\":\"https:\/\/universofamilia.com\/el\/#\/schema\/person\/92fcd07e9b1f4323bf74f3170fc0f78a\"},\"description\":\"Iniciar una conversaci\u00f3n honesta sobre Energ\u00edas renovables en el mundo: avances y desaf\u00edos para 2030 significa asumir que ya no son una...\",\"breadcrumb\":{\"@id\":\"http:\/\/universofamilia.com\/ar\/energias-renovables-en-el-mundo-avances-y-desafios-para-2030\/#breadcrumb\"},\"inLanguage\":\"hu\",\"potentialAction\":[{\"@type\":\"ReadAction\",\"target\":[\"http:\/\/universofamilia.com\/ar\/energias-renovables-en-el-mundo-avances-y-desafios-para-2030\/\"]}]},{\"@type\":\"ImageObject\",\"inLanguage\":\"hu\",\"@id\":\"http:\/\/universofamilia.com\/ar\/energias-renovables-en-el-mundo-avances-y-desafios-para-2030\/#primaryimage\",\"url\":\"http:\/\/universofamilia.com\/wp-content\/uploads\/sites\/148\/2025\/11\/Destaque-Novo-Universo-5.jpg\",\"contentUrl\":\"http:\/\/universofamilia.com\/wp-content\/uploads\/sites\/148\/2025\/11\/Destaque-Novo-Universo-5.jpg\",\"width\":450,\"height\":250},{\"@type\":\"BreadcrumbList\",\"@id\":\"http:\/\/universofamilia.com\/ar\/energias-renovables-en-el-mundo-avances-y-desafios-para-2030\/#breadcrumb\",\"itemListElement\":[{\"@type\":\"ListItem\",\"position\":1,\"name\":\"Home\",\"item\":\"https:\/\/universofamilia.com\/el\/\"},{\"@type\":\"ListItem\",\"position\":2,\"name\":\"Energ\u00edas renovables en el mundo: avances y desaf\u00edos para 2030\"}]},{\"@type\":\"WebSite\",\"@id\":\"https:\/\/universofamilia.com\/el\/#website\",\"url\":\"https:\/\/universofamilia.com\/el\/\",\"name\":\"Universo Fam\u00edlia\",\"description\":\"\",\"potentialAction\":[{\"@type\":\"SearchAction\",\"target\":{\"@type\":\"EntryPoint\",\"urlTemplate\":\"https:\/\/universofamilia.com\/el\/?s={search_term_string}\"},\"query-input\":\"required name=search_term_string\"}],\"inLanguage\":\"hu\"},{\"@type\":\"Person\",\"@id\":\"https:\/\/universofamilia.com\/el\/#\/schema\/person\/92fcd07e9b1f4323bf74f3170fc0f78a\",\"name\":\"Matheus Sangaletti\",\"image\":{\"@type\":\"ImageObject\",\"inLanguage\":\"hu\",\"@id\":\"https:\/\/universofamilia.com\/el\/#\/schema\/person\/image\/\",\"url\":\"http:\/\/2.gravatar.com\/avatar\/280ea957a14a48e6a1ad2133d2cc27c9?s=96&d=mm&r=g\",\"contentUrl\":\"http:\/\/2.gravatar.com\/avatar\/280ea957a14a48e6a1ad2133d2cc27c9?s=96&d=mm&r=g\",\"caption\":\"Matheus Sangaletti\"},\"url\":\"http:\/\/universofamilia.com\/hu\/author\/matheuss\/\"}]}<\/script>\n<!-- \/ Yoast SEO plugin. -->","yoast_head_json":{"title":"Energ\u00edas renovables en el mundo: avances y desaf\u00edos para 2030 - Universo Fam\u00edlia","description":"Iniciar una conversaci\u00f3n honesta sobre Energ\u00edas renovables en el mundo: avances y desaf\u00edos para 2030 significa asumir que ya no son una...","robots":{"index":"index","follow":"follow","max-snippet":"max-snippet:-1","max-image-preview":"max-image-preview:large","max-video-preview":"max-video-preview:-1"},"canonical":"http:\/\/universofamilia.com\/hu\/energias-renovables-en-el-mundo-avances-y-desafios-para-2030\/","og_locale":"hu_HU","og_type":"article","og_title":"Energ\u00edas renovables en el mundo: avances y desaf\u00edos para 2030 - Universo Fam\u00edlia","og_description":"Iniciar una conversaci\u00f3n honesta sobre Energ\u00edas renovables en el mundo: avances y desaf\u00edos para 2030 significa asumir que ya no son una...","og_url":"http:\/\/universofamilia.com\/hu\/energias-renovables-en-el-mundo-avances-y-desafios-para-2030\/","og_site_name":"Universo Fam\u00edlia","article_published_time":"2025-11-20T22:32:48+00:00","article_modified_time":"2025-11-20T22:32:51+00:00","og_image":[{"width":450,"height":250,"url":"http:\/\/universofamilia.com\/wp-content\/uploads\/sites\/148\/2025\/11\/Destaque-Novo-Universo-5.jpg","type":"image\/jpeg"}],"author":"Matheus Sangaletti","twitter_card":"summary_large_image","twitter_misc":{"Written by":"Matheus Sangaletti","Est. reading time":"8 perc"},"schema":{"@context":"https:\/\/schema.org","@graph":[{"@type":"WebPage","@id":"http:\/\/universofamilia.com\/ar\/energias-renovables-en-el-mundo-avances-y-desafios-para-2030\/","url":"http:\/\/universofamilia.com\/ar\/energias-renovables-en-el-mundo-avances-y-desafios-para-2030\/","name":"Energ\u00edas renovables en el mundo: avances y desaf\u00edos para 2030 - Universo Fam\u00edlia","isPartOf":{"@id":"https:\/\/universofamilia.com\/el\/#website"},"primaryImageOfPage":{"@id":"http:\/\/universofamilia.com\/ar\/energias-renovables-en-el-mundo-avances-y-desafios-para-2030\/#primaryimage"},"image":{"@id":"http:\/\/universofamilia.com\/ar\/energias-renovables-en-el-mundo-avances-y-desafios-para-2030\/#primaryimage"},"thumbnailUrl":"http:\/\/universofamilia.com\/wp-content\/uploads\/sites\/148\/2025\/11\/Destaque-Novo-Universo-5.jpg","datePublished":"2025-11-20T22:32:48+00:00","dateModified":"2025-11-20T22:32:51+00:00","author":{"@id":"https:\/\/universofamilia.com\/el\/#\/schema\/person\/92fcd07e9b1f4323bf74f3170fc0f78a"},"description":"Iniciar una conversaci\u00f3n honesta sobre Energ\u00edas renovables en el mundo: avances y desaf\u00edos para 2030 significa asumir que ya no son una...","breadcrumb":{"@id":"http:\/\/universofamilia.com\/ar\/energias-renovables-en-el-mundo-avances-y-desafios-para-2030\/#breadcrumb"},"inLanguage":"hu","potentialAction":[{"@type":"ReadAction","target":["http:\/\/universofamilia.com\/ar\/energias-renovables-en-el-mundo-avances-y-desafios-para-2030\/"]}]},{"@type":"ImageObject","inLanguage":"hu","@id":"http:\/\/universofamilia.com\/ar\/energias-renovables-en-el-mundo-avances-y-desafios-para-2030\/#primaryimage","url":"http:\/\/universofamilia.com\/wp-content\/uploads\/sites\/148\/2025\/11\/Destaque-Novo-Universo-5.jpg","contentUrl":"http:\/\/universofamilia.com\/wp-content\/uploads\/sites\/148\/2025\/11\/Destaque-Novo-Universo-5.jpg","width":450,"height":250},{"@type":"BreadcrumbList","@id":"http:\/\/universofamilia.com\/ar\/energias-renovables-en-el-mundo-avances-y-desafios-para-2030\/#breadcrumb","itemListElement":[{"@type":"ListItem","position":1,"name":"Home","item":"https:\/\/universofamilia.com\/el\/"},{"@type":"ListItem","position":2,"name":"Energ\u00edas renovables en el mundo: avances y desaf\u00edos para 2030"}]},{"@type":"WebSite","@id":"https:\/\/universofamilia.com\/el\/#website","url":"https:\/\/universofamilia.com\/el\/","name":"Universo Fam\u00edlia","description":"","potentialAction":[{"@type":"SearchAction","target":{"@type":"EntryPoint","urlTemplate":"https:\/\/universofamilia.com\/el\/?s={search_term_string}"},"query-input":"required name=search_term_string"}],"inLanguage":"hu"},{"@type":"Person","@id":"https:\/\/universofamilia.com\/el\/#\/schema\/person\/92fcd07e9b1f4323bf74f3170fc0f78a","name":"Matheus Sangaletti","image":{"@type":"ImageObject","inLanguage":"hu","@id":"https:\/\/universofamilia.com\/el\/#\/schema\/person\/image\/","url":"http:\/\/2.gravatar.com\/avatar\/280ea957a14a48e6a1ad2133d2cc27c9?s=96&d=mm&r=g","contentUrl":"http:\/\/2.gravatar.com\/avatar\/280ea957a14a48e6a1ad2133d2cc27c9?s=96&d=mm&r=g","caption":"Matheus Sangaletti"},"url":"http:\/\/universofamilia.com\/hu\/author\/matheuss\/"}]}},"_links":{"self":[{"href":"http:\/\/universofamilia.com\/hu\/wp-json\/wp\/v2\/posts\/10357"}],"collection":[{"href":"http:\/\/universofamilia.com\/hu\/wp-json\/wp\/v2\/posts"}],"about":[{"href":"http:\/\/universofamilia.com\/hu\/wp-json\/wp\/v2\/types\/post"}],"author":[{"embeddable":true,"href":"http:\/\/universofamilia.com\/hu\/wp-json\/wp\/v2\/users\/219"}],"replies":[{"embeddable":true,"href":"http:\/\/universofamilia.com\/hu\/wp-json\/wp\/v2\/comments?post=10357"}],"version-history":[{"count":1,"href":"http:\/\/universofamilia.com\/hu\/wp-json\/wp\/v2\/posts\/10357\/revisions"}],"predecessor-version":[{"id":10361,"href":"http:\/\/universofamilia.com\/hu\/wp-json\/wp\/v2\/posts\/10357\/revisions\/10361"}],"wp:featuredmedia":[{"embeddable":true,"href":"http:\/\/universofamilia.com\/hu\/wp-json\/wp\/v2\/media\/10358"}],"wp:attachment":[{"href":"http:\/\/universofamilia.com\/hu\/wp-json\/wp\/v2\/media?parent=10357"}],"wp:term":[{"taxonomy":"category","embeddable":true,"href":"http:\/\/universofamilia.com\/hu\/wp-json\/wp\/v2\/categories?post=10357"},{"taxonomy":"post_tag","embeddable":true,"href":"http:\/\/universofamilia.com\/hu\/wp-json\/wp\/v2\/tags?post=10357"}],"curies":[{"name":"wp","href":"https:\/\/api.w.org\/{rel}","templated":true}]}}