{"id":10390,"date":"2025-11-21T16:03:00","date_gmt":"2025-11-21T19:03:00","guid":{"rendered":"https:\/\/universofamilia.com\/?p=10390"},"modified":"2025-11-21T16:03:03","modified_gmt":"2025-11-21T19:03:03","slug":"paises-lideres-en-energia-solar-y-eolica","status":"publish","type":"post","link":"http:\/\/universofamilia.com\/hu\/paises-lideres-en-energia-solar-y-eolica\/","title":{"rendered":"Vezet\u0151 orsz\u00e1gok a nap- \u00e9s sz\u00e9lenergia ter\u00e9n"},"content":{"rendered":"<p class=\"has-text-align-center\">Egy olyan vil\u00e1gban, amely a tiszta \u00e9s fenntarthat\u00f3 energiaforr\u00e1sokra val\u00f3 \u00e1tt\u00e9r\u00e9s felgyors\u00edt\u00e1s\u00e1ra t\u00f6rekszik, a <strong>vezet\u0151 orsz\u00e1gok a nap- \u00e9s sz\u00e9lenergia ter\u00e9n<\/strong> Inspir\u00e1l\u00f3 p\u00e9ldak\u00e9pekk\u00e9 v\u00e1lnak.<\/p>\n\n\n\n<figure class=\"wp-block-gallery aligncenter has-nested-images columns-default is-cropped wp-block-gallery-1 is-layout-flex wp-block-gallery-is-layout-flex\">\n<figure class=\"wp-block-image size-full\"><img loading=\"lazy\" decoding=\"async\" width=\"450\" height=\"250\" data-id=\"10392\" src=\"https:\/\/universofamilia.com\/wp-content\/uploads\/sites\/148\/2025\/11\/Destaque-Novo-Universo-2-4.jpg\" alt=\"\" class=\"wp-image-10392\" srcset=\"http:\/\/universofamilia.com\/wp-content\/uploads\/sites\/148\/2025\/11\/Destaque-Novo-Universo-2-4.jpg 450w, http:\/\/universofamilia.com\/wp-content\/uploads\/sites\/148\/2025\/11\/Destaque-Novo-Universo-2-4-300x167.jpg 300w, http:\/\/universofamilia.com\/wp-content\/uploads\/sites\/148\/2025\/11\/Destaque-Novo-Universo-2-4-18x10.jpg 18w\" sizes=\"(max-width: 450px) 100vw, 450px\" \/><figcaption class=\"wp-element-caption\">Canva<\/figcaption><\/figure>\n<\/figure>\n\n\n\n<p class=\"has-text-align-center\">Ez a cikk azt vizsg\u00e1lja, hogy mely nemzetek ezek, hogyan \u00e9rt\u00e9k el ezt a poz\u00edci\u00f3t, milyen strat\u00e9gi\u00e1kat alkalmaznak, \u00e9s mi\u00e9rt alapvet\u0151 fontoss\u00e1g\u00fa a fejl\u0151d\u00e9s\u00fck az energia j\u00f6v\u0151je szempontj\u00e1b\u00f3l.<\/p>\n\n\n\n<p>\u00cdme egy r\u00f6vid \u00f6sszefoglal\u00f3:<\/p>\n\n\n\n<p><strong>\u00d6sszefoglal\u00e1s:<\/strong><\/p>\n\n\n\n<p>A nap- \u00e9s sz\u00e9lenergia glob\u00e1lis \u00e1ttekint\u00e9se<\/p>\n\n\n\n<p>Vezet\u0151 orsz\u00e1gok<\/p>\n\n\n\n<p>Gyakori sikert\u00e9nyez\u0151k \u00e9s strat\u00e9gi\u00e1k<\/p>\n\n\n\n<p>Kih\u00edv\u00e1sok, amelyekkel szembes\u00fclnek<\/p>\n\n\n\n<p>Mit tanulhatunk t\u0151l\u00fck?<\/p>\n\n\n\n<p>Gyakran Ism\u00e9telt K\u00e9rd\u00e9sek<\/p>\n\n\n\n<h2 class=\"wp-block-heading\">Glob\u00e1lis \u00e1ttekint\u00e9s: a meg\u00fajul\u00f3 energia forradalma<\/h2>\n\n\n\n<p>A tiszta villamos energia ir\u00e1nti kereslet soha nem volt nagyobb.<\/p>\n\n\n\n<p>2024-ben a vil\u00e1g hozz\u00e1adott <strong>550 GW<\/strong> \u00faj napelemes fotovoltaikus kapacit\u00e1s, ami a glob\u00e1lis telep\u00edtett kapacit\u00e1st k\u00f6r\u00fclbel\u00fcl ...-ra n\u00f6velte. <strong>2.2 TW<\/strong>a Nemzetk\u00f6zi Energia\u00fcgyn\u00f6ks\u00e9g szerint.<\/p>\n\n\n\n<p><br>Tov\u00e1bb\u00e1 a sz\u00e9lenergia rekord\u00e9vet z\u00e1rt 2023-ban, <strong>116 GW<\/strong> tov\u00e1bbiakat telep\u00edtettek a Glob\u00e1lis Sz\u00e9lenergia Tan\u00e1cs jelent\u00e9se szerint.<\/p>\n\n\n\n<p>Ezek a sz\u00e1mok egy\u00e9rtelm\u0171 trendet mutatnak: a meg\u00fajul\u00f3 energiaforr\u00e1sok, k\u00fcl\u00f6n\u00f6sen a nap- \u00e9s sz\u00e9lenergia n\u00f6veked\u00e9se p\u00e9ld\u00e1tlan m\u00e9rt\u00e9ket \u00e9r el.<\/p>\n\n\n\n<h2 class=\"wp-block-heading\">Kik a <strong>vezet\u0151 orsz\u00e1gok a nap- \u00e9s sz\u00e9lenergia ter\u00e9n<\/strong>?<\/h2>\n\n\n\n<p>\u00cdme n\u00e9h\u00e1ny fontosabb nemzet:<\/p>\n\n\n\n<h3 class=\"wp-block-heading\">1. <strong>K\u00edna<\/strong><\/h3>\n\n\n\n<p>K\u00edna egy\u00e9rtelm\u0171en vezet mindk\u00e9t forr\u00e1s tekintet\u00e9ben.<\/p>\n\n\n\n<p>A napenergia eset\u00e9ben a be\u00e9p\u00edtett kapacit\u00e1s el\u00e9rte a <strong>887,930 MW<\/strong> 2024 v\u00e9g\u00e9re.<\/p>\n\n\n\n<p>A sz\u00e9ler\u0151m\u0171vekben ez hozz\u00e1ad\u00f3dik <strong>521,746 MW<\/strong> a telep\u00edtett turbin\u00e1kb\u00f3l, amivel a vil\u00e1g legt\u00f6bb telep\u00edtett energi\u00e1val rendelkez\u0151 orsz\u00e1g\u00e1v\u00e1 v\u00e1lik.<\/p>\n\n\n\n<p>Tov\u00e1bb\u00e1 a Global Energy Monitor szerint szinte a <strong>A vil\u00e1gszerte \u00e9p\u00edt\u00e9s alatt \u00e1ll\u00f3 nap- \u00e9s sz\u00e9lenergia-projektek 74 %-je<\/strong> K\u00edn\u00e1ban vannak.<\/p>\n\n\n\n<p>Elk\u00f6telezetts\u00e9g\u00fck nagys\u00e1grendje \u00f6sszehasonl\u00edthat\u00f3 t\u00f6bb sz\u00e1z atomer\u0151m\u0171 \u00e9vr\u0151l \u00e9vre t\u00f6rt\u00e9n\u0151 \u00e9p\u00edt\u00e9s\u00e9vel.<\/p>\n\n\n\n<p>Ez az \u00f6sszehasonl\u00edt\u00e1s ink\u00e1bb egyfajta anal\u00f3gi\u00e1nak hangzik:<\/p>\n\n\n\n<p>Mintha az \u00e1zsiai \u00f3ri\u00e1s egy panelekb\u0151l \u00e9s turbin\u00e1kb\u00f3l \u00e1ll\u00f3 \u201eenergiahadsereget\u201d hozna l\u00e9tre, a r\u00e9gi fosszilis t\u00fczel\u0151anyaggal m\u0171k\u00f6d\u0151 katon\u00e1kat meg\u00fajul\u00f3 er\u0151kkel helyettes\u00edtve.<\/p>\n\n\n\n<h3 class=\"wp-block-heading\">2. <strong>Egyes\u00fclt \u00c1llamok<\/strong><\/h3>\n\n\n\n<p>K\u00f6r\u00fclbel\u00fcl <strong>177 470 MW<\/strong> a telep\u00edtett napelemes kapacit\u00e1sb\u00f3l.<\/p>\n\n\n\n<p>A sz\u00e9lenergia eset\u00e9ben ez \u00f6sszead\u00f3dik valamennyire <strong>153,152 MW<\/strong> 2024-es adatok szerint.<\/p>\n\n\n\n<p>B\u00e1r a sz\u00e9lenergia-n\u00f6veked\u00e9se az ut\u00f3bbi id\u0151ben m\u00e9rs\u00e9keltebb volt, tov\u00e1bbra is kulcsfontoss\u00e1g\u00fa hatalom az \u00e1tmenetben.<\/p>\n\n\n\n<h3 class=\"wp-block-heading\">3. <strong>India<\/strong><\/h3>\n\n\n\n<p>Telep\u00edtve <strong>97,384 MW<\/strong> napelemes kapacit\u00e1s a legfrissebb adatok szerint.<\/p>\n\n\n\n<p>A sz\u00e9lenergia ter\u00e9n is n\u00f6vekedett: a Visual Capitalist \u00e9s az energiajelent\u00e9sek szerint az \u00f6sszkapacit\u00e1s tekintet\u00e9ben az els\u0151 \u00f6t orsz\u00e1g k\u00f6z\u00e9 tartozik.<\/p>\n\n\n\n<p>Az Ember szerint India val\u00f3j\u00e1ban 2024-re megel\u0151zte N\u00e9metorsz\u00e1got a nap- \u00e9s sz\u00e9lenergia kombin\u00e1lt termel\u0151jek\u00e9nt.<\/p>\n\n\n\n<h3 class=\"wp-block-heading\">4. <strong>N\u00e9metorsz\u00e1g<\/strong><\/h3>\n\n\n\n<p>Van <strong>89,943 MW<\/strong> napelemes rendszer telep\u00edtve 2024 v\u00e9g\u00e9n.<\/p>\n\n\n\n<p>A sz\u00e9lenergia ter\u00e9n N\u00e9metorsz\u00e1g szint\u00e9n az \u00e9lvonalban van, t\u00f6bb mint ... <strong>70 000 MW<\/strong>. <\/p>\n\n\n\n<p>Eur\u00f3pai vezet\u0151 szerep\u00e9t a kedvez\u0151 politik\u00e1knak, a t\u00e1mogat\u00f3 rendszereknek \u00e9s az energetikai \u00e1t\u00e1ll\u00e1s ir\u00e1nti magas t\u00e1rsadalmi elk\u00f6telezetts\u00e9gnek k\u00f6sz\u00f6nheti.<\/p>\n\n\n\n<h3 class=\"wp-block-heading\">5. <strong>Braz\u00edlia<\/strong><\/h3>\n\n\n\n<p>A jelent\u00e9sek szerint Braz\u00edlia jelent\u0151sen n\u00f6vekedett a napenergia ter\u00e9n <strong>53,113 MW<\/strong> telep\u00edtve.<\/p>\n\n\n\n<p>A sz\u00e9lenergia ter\u00e9n is er\u0151teljes el\u0151rel\u00e9p\u00e9st tesz, k\u00fcl\u00f6n\u00f6sen az \u00e9szakkeleti r\u00e9gi\u00f3j\u00e1ban, ahol a sz\u00e9lviszonyok nagyon kedvez\u0151ek.<\/p>\n\n\n\n<h3 class=\"wp-block-heading\">A be\u00e9p\u00edtett kapacit\u00e1s \u00f6sszehasonl\u00edt\u00f3 t\u00e1bl\u00e1zata (nap- \u00e9s sz\u00e9lenergia, hozz\u00e1vet\u0151legesen 2024)<\/h3>\n\n\n\n<figure class=\"wp-block-table\"><table><thead><tr><th>Orsz\u00e1g<\/th><th>Napelemes kapacit\u00e1s (MW)<\/th><th>Sz\u00e9lenergia-kapacit\u00e1s (MW)<\/th><\/tr><\/thead><tbody><tr><td>K\u00edna<\/td><td>887 930<\/td><td>521 746<\/td><\/tr><tr><td>Egyes\u00fclt \u00c1llamok<\/td><td>177 470<\/td><td>153 152<\/td><\/tr><tr><td>India<\/td><td>97 384<\/td><td>~45 000 <em>a t\u00f6rt\u00e9nelmi n\u00f6veked\u00e9s szerint<\/em><\/td><\/tr><tr><td>N\u00e9metorsz\u00e1g<\/td><td>89 943<\/td><td>72 823<\/td><\/tr><tr><td>Braz\u00edlia<\/td><td>53 113<\/td><td>32 959<\/td><\/tr><\/tbody><\/table><figcaption class=\"wp-element-caption\">Vezet\u0151 orsz\u00e1gok a nap- \u00e9s sz\u00e9lenergia ter\u00e9n<\/figcaption><\/figure>\n\n\n\n<figure class=\"wp-block-gallery aligncenter has-nested-images columns-default is-cropped wp-block-gallery-2 is-layout-flex wp-block-gallery-is-layout-flex\">\n<figure class=\"wp-block-image size-full\"><img loading=\"lazy\" decoding=\"async\" width=\"450\" height=\"250\" data-id=\"10393\" src=\"https:\/\/universofamilia.com\/wp-content\/uploads\/sites\/148\/2025\/11\/Destaque-Novo-Universo-3-2.jpg\" alt=\"\" class=\"wp-image-10393\" srcset=\"http:\/\/universofamilia.com\/wp-content\/uploads\/sites\/148\/2025\/11\/Destaque-Novo-Universo-3-2.jpg 450w, http:\/\/universofamilia.com\/wp-content\/uploads\/sites\/148\/2025\/11\/Destaque-Novo-Universo-3-2-300x167.jpg 300w, http:\/\/universofamilia.com\/wp-content\/uploads\/sites\/148\/2025\/11\/Destaque-Novo-Universo-3-2-18x10.jpg 18w\" sizes=\"(max-width: 450px) 100vw, 450px\" \/><figcaption class=\"wp-element-caption\">Canva<\/figcaption><\/figure>\n<\/figure>\n\n\n\n<p>B\u0151vebben:\u00a0<a href=\"http:\/\/universofamilia.com\/hu\/descubrimientos-cientificos-que-cambiaran-el-futuro\/\">Tudom\u00e1nyos felfedez\u00e9sek, amelyek megv\u00e1ltoztatj\u00e1k a j\u00f6v\u0151t<\/a><\/p>\n\n\n\n<h2 class=\"wp-block-heading\">Mi teszi \u0151ket ilyen sikeress\u00e9? Sikert\u00e9nyez\u0151k<\/h2>\n\n\n\n<p>Amikor ezeket elemezz\u00fck <strong>vezet\u0151 orsz\u00e1gok a nap- \u00e9s sz\u00e9lenergia ter\u00e9n<\/strong>Sz\u00e1mos k\u00f6z\u00f6s t\u00e9nyez\u0151 magyar\u00e1zza a siker\u00fcket:<\/p>\n\n\n\n<p><strong>Ambici\u00f3zus befektet\u00e9sek<\/strong><\/p>\n\n\n\n<p>K\u00edna p\u00e9ld\u00e1ul nemcsak nagy l\u00e9pt\u00e9kben \u00e9p\u00edtkezik, de nagyon gyorsan is, m\u00e1r 2024-ben t\u00falsz\u00e1rnyalva a 2030-ra kit\u0171z\u00f6tt c\u00e9lokat. <\/p>\n\n\n\n<p><strong>T\u00e1mogat\u00f3 ir\u00e1nyelvek \u00e9s egy\u00e9rtelm\u0171 szab\u00e1lyoz\u00e1sok<\/strong><\/p>\n\n\n\n<p>N\u00e9metorsz\u00e1g \u00e9s az Egyes\u00fclt \u00c1llamok \u00f6szt\u00f6nz\u0151ket, meg\u00fajul\u00f3energia-aukci\u00f3kat \u00e9s jogi kereteket hozott l\u00e9tre, amelyek \u00f6szt\u00f6nzik a mag\u00e1nszektor r\u00e9szv\u00e9tel\u00e9t.<\/p>\n\n\n\n<p><strong>Technol\u00f3giai infrastrukt\u00fara<\/strong><\/p>\n\n\n\n<p>A napelem- \u00e9s sz\u00e9lturbina-gy\u00e1rak fejleszt\u00e9se, a hat\u00e9kony \u00e1tviteli h\u00e1l\u00f3zatokkal p\u00e1rosulva, lehet\u0151v\u00e9 teszi a kapacit\u00e1sok gyors ki\u00e9p\u00edt\u00e9s\u00e9t:<\/p>\n\n\n\n<p>K\u00edna m\u00e9g a vil\u00e1gszerte telep\u00edtett berendez\u00e9sek nagy r\u00e9sz\u00e9t is gy\u00e1rtja.<\/p>\n\n\n\n<p><strong>T\u00e1rsadalmi \u00e9s k\u00f6rnyezeti elk\u00f6telezetts\u00e9g<\/strong><\/p>\n\n\n\n<p>Sok esetben a t\u00e1rsadalmak \u00e9s a korm\u00e1nyok meg\u00e9rtik, hogy az \u00e1t\u00e1ll\u00e1s nemcsak az energi\u00e1r\u00f3l sz\u00f3l, hanem a j\u00f3l\u00e9t, az energiaf\u00fcggetlens\u00e9g \u00e9s az \u00e9ghajlatv\u00e1ltoz\u00e1ssal szembeni ellen\u00e1ll\u00f3 k\u00e9pess\u00e9g el\u0151mozd\u00edt\u00e1s\u00e1r\u00f3l is.<\/p>\n\n\n\n<h2 class=\"wp-block-heading\">Kih\u00edv\u00e1sok a l\u00e1that\u00e1ron<\/h2>\n\n\n\n<p>Vezet\u0151 szerep\u00fck ellen\u00e9re ezek az orsz\u00e1gok \u00f6sszetett kih\u00edv\u00e1sokkal is szembes\u00fclnek:<\/p>\n\n\n\n<p><strong>Integr\u00e1ci\u00f3 az elektromos h\u00e1l\u00f3zatba<\/strong>A gigawattok telep\u00edt\u00e9se egy dolog; annak biztos\u00edt\u00e1sa, hogy az energia hat\u00e9konyan legyen elosztva \u00e9s t\u00e1rolva, egy m\u00e1sik.<\/p>\n\n\n\n<p><strong>\u00c9ghajlati v\u00e1ltoz\u00e9konys\u00e1g<\/strong>Mind a nap, mind a sz\u00e9l ingadozik, ami olyan megold\u00e1sokat ig\u00e9nyel, mint a massz\u00edv t\u00e1rol\u00e1s vagy m\u00e1s tiszta forr\u00e1sokkal val\u00f3 integr\u00e1ci\u00f3.<\/p>\n\n\n\n<p><strong>T\u00e1rsadalmi elfogadotts\u00e1g<\/strong>Nem mindig k\u00f6nny\u0171 nagy meg\u00fajul\u00f3energia-projekteket \u00e9p\u00edteni; helyi ellen\u00e1ll\u00e1sba \u00fctk\u00f6zhet a f\u00f6ldhaszn\u00e1lat, a t\u00e1jak \u00e9s a k\u00f6rnyezeti hat\u00e1sok miatt.<\/p>\n\n\n\n<p><strong>Hossz\u00fa t\u00e1v\u00fa finansz\u00edroz\u00e1s<\/strong>Az \u00e9p\u00edtkez\u00e9s dr\u00e1ga, de a m\u0171k\u00f6d\u00e9s fenntart\u00e1sa, karbantart\u00e1sa \u00e9s korszer\u0171s\u00edt\u00e9se is folyamatos t\u0151k\u00e9t ig\u00e9nyel.<\/p>\n\n\n\n<h2 class=\"wp-block-heading\">Milyen tanuls\u00e1gokat vonhatunk le m\u00e1s orsz\u00e1gokt\u00f3l vagy v\u00e1llalatokt\u00f3l?<\/h2>\n\n\n\n<p><strong>Hossz\u00fa t\u00e1v\u00fa j\u00f6v\u0151k\u00e9p:<\/strong> A vezet\u0151k \u00e9vtizedekre el\u0151re vet\u00edtik ki magukat; elk\u00f6telezetts\u00e9g\u00fck nem \u00e1tmeneti.<\/p>\n\n\n\n<p><strong>Meg\u00fajul\u00f3 energiaforr\u00e1sok diverzifik\u00e1l\u00e1sa:<\/strong> A nap- \u00e9s sz\u00e9lenergia kombin\u00e1l\u00e1sa kiegyens\u00falyozott energiatermel\u00e9st tesz lehet\u0151v\u00e9.<\/p>\n\n\n\n<p><strong>Befektet\u00e9s az emberekbe \u00e9s a technol\u00f3gi\u00e1ba:<\/strong> Nem csak a panelekr\u0151l vagy a turbin\u00e1kr\u00f3l van sz\u00f3, hanem a szak\u00e9rt\u0151kr\u0151l, a kutat\u00e1sr\u00f3l, az infrastrukt\u00far\u00e1r\u00f3l \u00e9s az \u00e9rt\u00e9kl\u00e1ncr\u00f3l.<\/p>\n\n\n\n<p><strong>Nemzetk\u00f6zi egy\u00fcttm\u0171k\u00f6d\u00e9s:<\/strong> A technol\u00f3gia, a finansz\u00edroz\u00e1s \u00e9s a tud\u00e1s megoszt\u00e1sa m\u00e1s orsz\u00e1gokkal val\u00f3 egy\u00fcttm\u0171k\u00f6d\u00e9s felgyors\u00edtja a k\u00f6z\u00f6s fejl\u0151d\u00e9st.<\/p>\n\n\n\n<p>P\u00e9ld\u00e1ul egy kis orsz\u00e1g, ahol sok a naps\u00fct\u00e9s, de nincs fejlett technol\u00f3giai kapacit\u00e1sa, partners\u00e9gre l\u00e9phetne egy olyan vezet\u0151 orsz\u00e1ggal, mint K\u00edna vagy N\u00e9metorsz\u00e1g, hogy felgyors\u00edtsa saj\u00e1t meg\u00fajul\u00f3 energia bevezet\u00e9s\u00e9t (az els\u0151 eredeti p\u00e9lda).<\/p>\n\n\n\n<p>Egy m\u00e1sik p\u00e9lda: egy ipari v\u00e1ros kombin\u00e1lhatn\u00e1 a tet\u0151kre szerelt napelemparkokat a v\u00e1rosi sz\u00e9ler\u0151m\u0171vekkel, ut\u00e1nozva a legfejlettebb orsz\u00e1gok vegyes modellj\u00e9t (m\u00e1sodik eredeti p\u00e9lda).<\/p>\n\n\n\n<h2 class=\"wp-block-heading\">Anal\u00f3gia a hat\u00e1s meg\u00e9rt\u00e9s\u00e9hez<\/h2>\n\n\n\n<p>K\u00e9pzelj el egy hatalmas szimfonikus zenekart. Minden egyes hangszer \u00f6nmag\u00e1ban is er\u0151teljesen sz\u00f3l, de amikor egy el\u0151rel\u00e1t\u00f3 karmester fel\u00fcgyelete alatt mind egy\u00fctt j\u00e1tszanak, a zene sz\u00e1rnyal.<\/p>\n\n\n\n<p>Hasonl\u00f3k\u00e9ppen, a <strong>vezet\u0151 orsz\u00e1gok a nap- \u00e9s sz\u00e9lenergia ter\u00e9n<\/strong> Energikus szimf\u00f3ni\u00e1t raknak \u00f6ssze:<\/p>\n\n\n\n<p>Napelemek, sz\u00e9lturbin\u00e1k, intelligens h\u00e1l\u00f3zatok \u00e9s energiat\u00e1rol\u00e1s \u2013 mindezek \u00f6sszehangoltan teremtik meg a bolyg\u00f3nknak sz\u00fcks\u00e9ges tiszta harm\u00f3ni\u00e1t.<\/p>\n\n\n\n<h2 class=\"wp-block-heading\">K\u00f6lt\u0151i k\u00e9rd\u00e9s az elm\u00e9lked\u00e9sre<\/h2>\n\n\n\n<p>Nem inspir\u00e1l\u00f3 l\u00e1tni, hogyan ford\u00edtj\u00e1k egyes nemzetek a szelet \u00e9s a napot, a term\u00e9szet k\u00e9t ingyenes elem\u00e9t, val\u00f3di energi\u00e1v\u00e1 polg\u00e1raik \u00e9s fejl\u0151d\u00e9s\u00fck sz\u00e1m\u00e1ra, an\u00e9lk\u00fcl, hogy a fosszilis t\u00fczel\u0151anyagokra t\u00e1maszkodn\u00e1nak?<\/p>\n\n\n\n<h2 class=\"wp-block-heading\">K\u00f6vetkeztet\u00e9s<\/h2>\n\n\n\n<p>A <strong>vezet\u0151 orsz\u00e1gok a nap- \u00e9s sz\u00e9lenergia ter\u00e9n<\/strong> K\u00edna, az Egyes\u00fclt \u00c1llamok, India, N\u00e9metorsz\u00e1g \u00e9s Braz\u00edlia dikt\u00e1lja a glob\u00e1lis energia\u00e1t\u00e1ll\u00e1s \u00fctem\u00e9t.<\/p>\n\n\n\n<p>A hatalmas beruh\u00e1z\u00e1soknak, a vil\u00e1gos ir\u00e1nyelveknek, a fejlett technol\u00f3gi\u00e1nak \u00e9s a t\u00e1rsadalmi elk\u00f6telezetts\u00e9gnek k\u00f6sz\u00f6nhet\u0151en kor\u00e1bban soha nem l\u00e1tott kapacit\u00e1si szinteket \u00e9rtek el.<\/p>\n\n\n\n<p>Vezet\u00e9se azonban nem mentes a kih\u00edv\u00e1sokt\u00f3l: mindezen energia integr\u00e1l\u00e1sa, stabilit\u00e1s\u00e1nak biztos\u00edt\u00e1sa \u00e9s a l\u00e9p\u00e9start\u00e1s folyamatos innov\u00e1ci\u00f3t ig\u00e9nyel.<\/p>\n\n\n\n<p>Tapasztalataik \u00e9rt\u00e9kes tanuls\u00e1gokkal szolg\u00e1lnak: hossz\u00fa t\u00e1v\u00fa j\u00f6v\u0151k\u00e9p, diverzifik\u00e1ci\u00f3, befektet\u00e9s a tehets\u00e9gekbe \u00e9s az infrastrukt\u00far\u00e1ba, valamint a nemzetk\u00f6zi egy\u00fcttm\u0171k\u00f6d\u00e9s.<\/p>\n\n\n\n<p>Ha t\u00f6bb nemzet alkalmazn\u00e1 ezeket a strat\u00e9gi\u00e1kat, a vil\u00e1g gyorsabban haladhatna egy val\u00f3ban tiszta \u00e9s biztons\u00e1gos j\u00f6v\u0151 fel\u00e9.<\/p>\n\n\n\n<p>B\u0151vebben:\u00a0<a href=\"http:\/\/universofamilia.com\/hu\/energias-renovables-en-el-mundo-avances-y-desafios-para-2030\/\">Meg\u00fajul\u00f3 energi\u00e1k a vil\u00e1gban: el\u0151rel\u00e9p\u00e9sek \u00e9s kih\u00edv\u00e1sok 2030-ig<\/a><\/p>\n\n\n\n<h2 class=\"wp-block-heading\">Gyakran Ism\u00e9telt K\u00e9rd\u00e9sek (GYIK)<\/h2>\n\n\n\n<p><strong>Mi\u00e9rt van K\u00edna ilyen messze el\u0151r\u00e9bb a nap- \u00e9s sz\u00e9lenergia-kapacit\u00e1sban?<\/strong><\/p>\n\n\n\n<p>K\u00edna hatalmas beruh\u00e1z\u00e1si volumennel, kedvez\u0151 politik\u00e1val, panelek \u00e9s turbin\u00e1k gy\u00e1rt\u00e1s\u00e1ra alkalmas ipari kapacit\u00e1ssal, valamint nagyszab\u00e1s\u00fa projektekhez rendelkez\u00e9sre \u00e1ll\u00f3 f\u00f6ldter\u00fclettel rendelkezik.<\/p>\n\n\n\n<p><strong>A meg\u00fajul\u00f3 energiaforr\u00e1sok t\u00e9rnyer\u00e9se azt jelenti, hogy teljesen felhagynak a fosszilis t\u00fczel\u0151anyagokkal?<\/strong><\/p>\n\n\n\n<p>Nem felt\u00e9tlen\u00fcl azonnal. Sok orsz\u00e1g p\u00e1rhuzamosan halad: tov\u00e1bbra is fosszilis t\u00fczel\u0151anyagokat haszn\u00e1lnak, mik\u00f6zben b\u0151v\u00edtik meg\u00fajul\u00f3 energiaforr\u00e1saikat. Az \u00e1tmenet fokozatos.<\/p>\n\n\n\n<p><strong>Mi a szerepe m\u00e1s, kisebb orsz\u00e1goknak?<\/strong><\/p>\n\n\n\n<p>M\u00e9g ha nem is vezetnek glob\u00e1lis szinten, sokan \u00e1tvehetik a vezet\u0151k legjobb gyakorlatait:<\/p>\n\n\n\n<p>Meg\u00fajul\u00f3energia-aukci\u00f3k, partners\u00e9gek technol\u00f3giai v\u00e1llalatokkal, integr\u00e1ci\u00f3 az intelligens h\u00e1l\u00f3zatokba, valamint a polg\u00e1rok k\u00f6z\u00f6ss\u00e9gi napelemes projektekben val\u00f3 r\u00e9szv\u00e9tel\u00e9nek el\u0151seg\u00edt\u00e9se.<\/p>\n\n\n\n<p><strong>Hogyan finansz\u00edrozz\u00e1k ezeket a megaprojekteket?<\/strong><\/p>\n\n\n\n<p>K\u00f6zp\u00e9nzeket, mag\u00e1nberuh\u00e1z\u00e1sokat, nemzetk\u00f6zi finansz\u00edroz\u00e1st, z\u00f6ld k\u00f6tv\u00e9nyeket \u00e9s k\u00f6z-mag\u00e1n partners\u00e9geket kombin\u00e1lnak.<\/p>\n\n\n\n<p><strong>Mit tehet egy v\u00e1llalat vagy v\u00e1ros, hogy csatlakozzon ehhez a forradalomhoz?<\/strong><\/p>\n\n\n\n<p>Kezdheti energiaauditokkal, napelemek telep\u00edt\u00e9s\u00e9nek terveivel, meg\u00fajul\u00f3 energiafejleszt\u0151kkel val\u00f3 egy\u00fcttm\u0171k\u00f6d\u00e9ssel, z\u00f6ld p\u00e9nz\u00fcgyi eszk\u00f6z\u00f6k haszn\u00e1lat\u00e1val \u00e9s kedvez\u0151 helyi politik\u00e1k el\u0151mozd\u00edt\u00e1s\u00e1val.<\/p>","protected":false},"excerpt":{"rendered":"<p>En un mundo que busca acelerar la transici\u00f3n hacia fuentes limpias y sostenibles, los pa\u00edses l\u00edderes en energ\u00eda solar y e\u00f3lica se convierten en modelos inspiradores. Este art\u00edculo explora cu\u00e1les son esas naciones, c\u00f3mo han llegado a su posici\u00f3n, qu\u00e9 estrategias utilizan y por qu\u00e9 su avance es fundamental para el futuro energ\u00e9tico. A continuaci\u00f3n, [&hellip;]<\/p>","protected":false},"author":219,"featured_media":10391,"comment_status":"closed","ping_status":"open","sticky":false,"template":"","format":"standard","meta":{"footnotes":""},"categories":[4],"tags":[],"yoast_head":"<!-- This site is optimized with the Yoast SEO plugin v23.3 - https:\/\/yoast.com\/wordpress\/plugins\/seo\/ -->\n<title>Pa\u00edses l\u00edderes en energ\u00eda solar y e\u00f3lica - Universo Fam\u00edlia<\/title>\n<meta name=\"description\" content=\"En un mundo que busca acelerar la transici\u00f3n hacia fuentes limpias y sostenibles, los pa\u00edses l\u00edderes en energ\u00eda solar y e\u00f3lica se convierten.\" \/>\n<meta name=\"robots\" content=\"index, follow, max-snippet:-1, max-image-preview:large, max-video-preview:-1\" \/>\n<link rel=\"canonical\" href=\"http:\/\/universofamilia.com\/hu\/paises-lideres-en-energia-solar-y-eolica\/\" \/>\n<meta property=\"og:locale\" content=\"hu_HU\" \/>\n<meta property=\"og:type\" content=\"article\" \/>\n<meta property=\"og:title\" content=\"Pa\u00edses l\u00edderes en energ\u00eda solar y e\u00f3lica - Universo Fam\u00edlia\" \/>\n<meta property=\"og:description\" content=\"En un mundo que busca acelerar la transici\u00f3n hacia fuentes limpias y sostenibles, los pa\u00edses l\u00edderes en energ\u00eda solar y e\u00f3lica se convierten.\" \/>\n<meta property=\"og:url\" content=\"http:\/\/universofamilia.com\/hu\/paises-lideres-en-energia-solar-y-eolica\/\" \/>\n<meta property=\"og:site_name\" content=\"Universo Fam\u00edlia\" \/>\n<meta property=\"article:published_time\" content=\"2025-11-21T19:03:00+00:00\" \/>\n<meta property=\"article:modified_time\" content=\"2025-11-21T19:03:03+00:00\" \/>\n<meta property=\"og:image\" content=\"http:\/\/universofamilia.com\/wp-content\/uploads\/sites\/148\/2025\/11\/Destaque-Novo-Universo-2-3.jpg\" \/>\n\t<meta property=\"og:image:width\" content=\"450\" \/>\n\t<meta property=\"og:image:height\" content=\"250\" \/>\n\t<meta property=\"og:image:type\" content=\"image\/jpeg\" \/>\n<meta name=\"author\" content=\"Matheus Sangaletti\" \/>\n<meta name=\"twitter:card\" content=\"summary_large_image\" \/>\n<meta name=\"twitter:label1\" content=\"Written by\" \/>\n\t<meta name=\"twitter:data1\" content=\"Matheus Sangaletti\" \/>\n\t<meta name=\"twitter:label2\" content=\"Est. reading time\" \/>\n\t<meta name=\"twitter:data2\" content=\"8 perc\" \/>\n<script type=\"application\/ld+json\" class=\"yoast-schema-graph\">{\"@context\":\"https:\/\/schema.org\",\"@graph\":[{\"@type\":\"WebPage\",\"@id\":\"http:\/\/universofamilia.com\/ar\/paises-lideres-en-energia-solar-y-eolica\/\",\"url\":\"http:\/\/universofamilia.com\/ar\/paises-lideres-en-energia-solar-y-eolica\/\",\"name\":\"Pa\u00edses l\u00edderes en energ\u00eda solar y e\u00f3lica - Universo Fam\u00edlia\",\"isPartOf\":{\"@id\":\"https:\/\/universofamilia.com\/el\/#website\"},\"primaryImageOfPage\":{\"@id\":\"http:\/\/universofamilia.com\/ar\/paises-lideres-en-energia-solar-y-eolica\/#primaryimage\"},\"image\":{\"@id\":\"http:\/\/universofamilia.com\/ar\/paises-lideres-en-energia-solar-y-eolica\/#primaryimage\"},\"thumbnailUrl\":\"http:\/\/universofamilia.com\/wp-content\/uploads\/sites\/148\/2025\/11\/Destaque-Novo-Universo-2-3.jpg\",\"datePublished\":\"2025-11-21T19:03:00+00:00\",\"dateModified\":\"2025-11-21T19:03:03+00:00\",\"author\":{\"@id\":\"https:\/\/universofamilia.com\/el\/#\/schema\/person\/92fcd07e9b1f4323bf74f3170fc0f78a\"},\"description\":\"En un mundo que busca acelerar la transici\u00f3n hacia fuentes limpias y sostenibles, los pa\u00edses l\u00edderes en energ\u00eda solar y e\u00f3lica se convierten.\",\"breadcrumb\":{\"@id\":\"http:\/\/universofamilia.com\/ar\/paises-lideres-en-energia-solar-y-eolica\/#breadcrumb\"},\"inLanguage\":\"hu\",\"potentialAction\":[{\"@type\":\"ReadAction\",\"target\":[\"http:\/\/universofamilia.com\/ar\/paises-lideres-en-energia-solar-y-eolica\/\"]}]},{\"@type\":\"ImageObject\",\"inLanguage\":\"hu\",\"@id\":\"http:\/\/universofamilia.com\/ar\/paises-lideres-en-energia-solar-y-eolica\/#primaryimage\",\"url\":\"http:\/\/universofamilia.com\/wp-content\/uploads\/sites\/148\/2025\/11\/Destaque-Novo-Universo-2-3.jpg\",\"contentUrl\":\"http:\/\/universofamilia.com\/wp-content\/uploads\/sites\/148\/2025\/11\/Destaque-Novo-Universo-2-3.jpg\",\"width\":450,\"height\":250},{\"@type\":\"BreadcrumbList\",\"@id\":\"http:\/\/universofamilia.com\/ar\/paises-lideres-en-energia-solar-y-eolica\/#breadcrumb\",\"itemListElement\":[{\"@type\":\"ListItem\",\"position\":1,\"name\":\"Home\",\"item\":\"https:\/\/universofamilia.com\/el\/\"},{\"@type\":\"ListItem\",\"position\":2,\"name\":\"Pa\u00edses l\u00edderes en energ\u00eda solar y e\u00f3lica\"}]},{\"@type\":\"WebSite\",\"@id\":\"https:\/\/universofamilia.com\/el\/#website\",\"url\":\"https:\/\/universofamilia.com\/el\/\",\"name\":\"Universo Fam\u00edlia\",\"description\":\"\",\"potentialAction\":[{\"@type\":\"SearchAction\",\"target\":{\"@type\":\"EntryPoint\",\"urlTemplate\":\"https:\/\/universofamilia.com\/el\/?s={search_term_string}\"},\"query-input\":\"required name=search_term_string\"}],\"inLanguage\":\"hu\"},{\"@type\":\"Person\",\"@id\":\"https:\/\/universofamilia.com\/el\/#\/schema\/person\/92fcd07e9b1f4323bf74f3170fc0f78a\",\"name\":\"Matheus Sangaletti\",\"image\":{\"@type\":\"ImageObject\",\"inLanguage\":\"hu\",\"@id\":\"https:\/\/universofamilia.com\/el\/#\/schema\/person\/image\/\",\"url\":\"http:\/\/2.gravatar.com\/avatar\/280ea957a14a48e6a1ad2133d2cc27c9?s=96&d=mm&r=g\",\"contentUrl\":\"http:\/\/2.gravatar.com\/avatar\/280ea957a14a48e6a1ad2133d2cc27c9?s=96&d=mm&r=g\",\"caption\":\"Matheus Sangaletti\"},\"url\":\"http:\/\/universofamilia.com\/hu\/author\/matheuss\/\"}]}<\/script>\n<!-- \/ Yoast SEO plugin. -->","yoast_head_json":{"title":"Pa\u00edses l\u00edderes en energ\u00eda solar y e\u00f3lica - Universo Fam\u00edlia","description":"En un mundo que busca acelerar la transici\u00f3n hacia fuentes limpias y sostenibles, los pa\u00edses l\u00edderes en energ\u00eda solar y e\u00f3lica se convierten.","robots":{"index":"index","follow":"follow","max-snippet":"max-snippet:-1","max-image-preview":"max-image-preview:large","max-video-preview":"max-video-preview:-1"},"canonical":"http:\/\/universofamilia.com\/hu\/paises-lideres-en-energia-solar-y-eolica\/","og_locale":"hu_HU","og_type":"article","og_title":"Pa\u00edses l\u00edderes en energ\u00eda solar y e\u00f3lica - Universo Fam\u00edlia","og_description":"En un mundo que busca acelerar la transici\u00f3n hacia fuentes limpias y sostenibles, los pa\u00edses l\u00edderes en energ\u00eda solar y e\u00f3lica se convierten.","og_url":"http:\/\/universofamilia.com\/hu\/paises-lideres-en-energia-solar-y-eolica\/","og_site_name":"Universo Fam\u00edlia","article_published_time":"2025-11-21T19:03:00+00:00","article_modified_time":"2025-11-21T19:03:03+00:00","og_image":[{"width":450,"height":250,"url":"http:\/\/universofamilia.com\/wp-content\/uploads\/sites\/148\/2025\/11\/Destaque-Novo-Universo-2-3.jpg","type":"image\/jpeg"}],"author":"Matheus Sangaletti","twitter_card":"summary_large_image","twitter_misc":{"Written by":"Matheus Sangaletti","Est. reading time":"8 perc"},"schema":{"@context":"https:\/\/schema.org","@graph":[{"@type":"WebPage","@id":"http:\/\/universofamilia.com\/ar\/paises-lideres-en-energia-solar-y-eolica\/","url":"http:\/\/universofamilia.com\/ar\/paises-lideres-en-energia-solar-y-eolica\/","name":"Pa\u00edses l\u00edderes en energ\u00eda solar y e\u00f3lica - Universo Fam\u00edlia","isPartOf":{"@id":"https:\/\/universofamilia.com\/el\/#website"},"primaryImageOfPage":{"@id":"http:\/\/universofamilia.com\/ar\/paises-lideres-en-energia-solar-y-eolica\/#primaryimage"},"image":{"@id":"http:\/\/universofamilia.com\/ar\/paises-lideres-en-energia-solar-y-eolica\/#primaryimage"},"thumbnailUrl":"http:\/\/universofamilia.com\/wp-content\/uploads\/sites\/148\/2025\/11\/Destaque-Novo-Universo-2-3.jpg","datePublished":"2025-11-21T19:03:00+00:00","dateModified":"2025-11-21T19:03:03+00:00","author":{"@id":"https:\/\/universofamilia.com\/el\/#\/schema\/person\/92fcd07e9b1f4323bf74f3170fc0f78a"},"description":"En un mundo que busca acelerar la transici\u00f3n hacia fuentes limpias y sostenibles, los pa\u00edses l\u00edderes en energ\u00eda solar y e\u00f3lica se convierten.","breadcrumb":{"@id":"http:\/\/universofamilia.com\/ar\/paises-lideres-en-energia-solar-y-eolica\/#breadcrumb"},"inLanguage":"hu","potentialAction":[{"@type":"ReadAction","target":["http:\/\/universofamilia.com\/ar\/paises-lideres-en-energia-solar-y-eolica\/"]}]},{"@type":"ImageObject","inLanguage":"hu","@id":"http:\/\/universofamilia.com\/ar\/paises-lideres-en-energia-solar-y-eolica\/#primaryimage","url":"http:\/\/universofamilia.com\/wp-content\/uploads\/sites\/148\/2025\/11\/Destaque-Novo-Universo-2-3.jpg","contentUrl":"http:\/\/universofamilia.com\/wp-content\/uploads\/sites\/148\/2025\/11\/Destaque-Novo-Universo-2-3.jpg","width":450,"height":250},{"@type":"BreadcrumbList","@id":"http:\/\/universofamilia.com\/ar\/paises-lideres-en-energia-solar-y-eolica\/#breadcrumb","itemListElement":[{"@type":"ListItem","position":1,"name":"Home","item":"https:\/\/universofamilia.com\/el\/"},{"@type":"ListItem","position":2,"name":"Pa\u00edses l\u00edderes en energ\u00eda solar y e\u00f3lica"}]},{"@type":"WebSite","@id":"https:\/\/universofamilia.com\/el\/#website","url":"https:\/\/universofamilia.com\/el\/","name":"Universo Fam\u00edlia","description":"","potentialAction":[{"@type":"SearchAction","target":{"@type":"EntryPoint","urlTemplate":"https:\/\/universofamilia.com\/el\/?s={search_term_string}"},"query-input":"required name=search_term_string"}],"inLanguage":"hu"},{"@type":"Person","@id":"https:\/\/universofamilia.com\/el\/#\/schema\/person\/92fcd07e9b1f4323bf74f3170fc0f78a","name":"Matheus Sangaletti","image":{"@type":"ImageObject","inLanguage":"hu","@id":"https:\/\/universofamilia.com\/el\/#\/schema\/person\/image\/","url":"http:\/\/2.gravatar.com\/avatar\/280ea957a14a48e6a1ad2133d2cc27c9?s=96&d=mm&r=g","contentUrl":"http:\/\/2.gravatar.com\/avatar\/280ea957a14a48e6a1ad2133d2cc27c9?s=96&d=mm&r=g","caption":"Matheus Sangaletti"},"url":"http:\/\/universofamilia.com\/hu\/author\/matheuss\/"}]}},"_links":{"self":[{"href":"http:\/\/universofamilia.com\/hu\/wp-json\/wp\/v2\/posts\/10390"}],"collection":[{"href":"http:\/\/universofamilia.com\/hu\/wp-json\/wp\/v2\/posts"}],"about":[{"href":"http:\/\/universofamilia.com\/hu\/wp-json\/wp\/v2\/types\/post"}],"author":[{"embeddable":true,"href":"http:\/\/universofamilia.com\/hu\/wp-json\/wp\/v2\/users\/219"}],"replies":[{"embeddable":true,"href":"http:\/\/universofamilia.com\/hu\/wp-json\/wp\/v2\/comments?post=10390"}],"version-history":[{"count":1,"href":"http:\/\/universofamilia.com\/hu\/wp-json\/wp\/v2\/posts\/10390\/revisions"}],"predecessor-version":[{"id":10394,"href":"http:\/\/universofamilia.com\/hu\/wp-json\/wp\/v2\/posts\/10390\/revisions\/10394"}],"wp:featuredmedia":[{"embeddable":true,"href":"http:\/\/universofamilia.com\/hu\/wp-json\/wp\/v2\/media\/10391"}],"wp:attachment":[{"href":"http:\/\/universofamilia.com\/hu\/wp-json\/wp\/v2\/media?parent=10390"}],"wp:term":[{"taxonomy":"category","embeddable":true,"href":"http:\/\/universofamilia.com\/hu\/wp-json\/wp\/v2\/categories?post=10390"},{"taxonomy":"post_tag","embeddable":true,"href":"http:\/\/universofamilia.com\/hu\/wp-json\/wp\/v2\/tags?post=10390"}],"curies":[{"name":"wp","href":"https:\/\/api.w.org\/{rel}","templated":true}]}}