{"id":10445,"date":"2025-12-22T12:02:51","date_gmt":"2025-12-22T15:02:51","guid":{"rendered":"https:\/\/universofamilia.com\/?p=10445"},"modified":"2025-12-22T12:17:29","modified_gmt":"2025-12-22T15:17:29","slug":"como-la-tecnologia-esta-revolucionando","status":"publish","type":"post","link":"http:\/\/universofamilia.com\/hu\/como-la-tecnologia-esta-revolucionando\/","title":{"rendered":"Hogyan forradalmas\u00edtja a technol\u00f3gia a gyermekek oktat\u00e1s\u00e1t"},"content":{"rendered":"<p class=\"has-text-align-center\"><strong>Hogyan forradalmas\u00edtja a technol\u00f3gia a gyermekek oktat\u00e1s\u00e1t.<\/strong> Ez m\u00e1r nem egy futurisztikus \u00f6tlet vagy k\u00eds\u00e9rleti koncepci\u00f3.<\/p>\n\n\n\n<figure class=\"wp-block-gallery has-nested-images columns-default is-cropped wp-block-gallery-1 is-layout-flex wp-block-gallery-is-layout-flex\">\n<figure class=\"wp-block-image size-full\"><img loading=\"lazy\" decoding=\"async\" width=\"450\" height=\"250\" data-id=\"10447\" src=\"https:\/\/universofamilia.com\/wp-content\/uploads\/sites\/148\/2025\/12\/Destaque-Novo-Universo-12-1.jpg\" alt=\"\" class=\"wp-image-10447\" srcset=\"http:\/\/universofamilia.com\/wp-content\/uploads\/sites\/148\/2025\/12\/Destaque-Novo-Universo-12-1.jpg 450w, http:\/\/universofamilia.com\/wp-content\/uploads\/sites\/148\/2025\/12\/Destaque-Novo-Universo-12-1-300x167.jpg 300w, http:\/\/universofamilia.com\/wp-content\/uploads\/sites\/148\/2025\/12\/Destaque-Novo-Universo-12-1-18x10.jpg 18w\" sizes=\"(max-width: 450px) 100vw, 450px\" \/><figcaption class=\"wp-element-caption\">Hogyan forradalmas\u00edtja a technol\u00f3gia a gyermekek oktat\u00e1s\u00e1t.<\/figcaption><\/figure>\n<\/figure>\n\n\n\n<p class=\"has-text-align-center\">2025-re ez l\u00e1that\u00f3 \u00e1talakul\u00e1st jelent a tantermekben, az otthonokban \u00e9s a hibrid tanul\u00e1si terekben, ahol a technol\u00f3gia m\u00e1r nem kieg\u00e9sz\u00edt\u0151 jelleg\u0171, hanem az oktat\u00e1si, kognit\u00edv \u00e9s t\u00e1rsadalmi fejl\u0151d\u00e9s kulcsfontoss\u00e1g\u00fa eszk\u00f6z\u00e9v\u00e9 v\u00e1lt.<\/p>\n\n\n\n<p><strong>\u00d6sszefoglal\u00e1s:<\/strong> Ez a cikk elemzi, hogy a technol\u00f3gia hogyan v\u00e1ltoztatja meg a gyermekek tanul\u00e1si m\u00f3dj\u00e1t, a tan\u00e1rok \u00e9s a csal\u00e1dok \u00faj szerep\u00e9t, a legbefoly\u00e1sosabb digit\u00e1lis eszk\u00f6z\u00f6ket, a jelenlegi el\u0151ny\u00f6ket \u00e9s kih\u00edv\u00e1sokat, a relev\u00e1ns hivatalos statisztik\u00e1kat, k\u00e9t val\u00f3s p\u00e9ld\u00e1t, egy vil\u00e1gos anal\u00f3gi\u00e1t a jelens\u00e9g meg\u00e9rt\u00e9s\u00e9hez, egy \u00f6sszehasonl\u00edt\u00f3 t\u00e1bl\u00e1zatot, valamint a gyakran ism\u00e9telt k\u00e9rd\u00e9sekre adott v\u00e1laszokat.<\/p>\n\n\n\n<h2 class=\"wp-block-heading\"><strong>\u00daj tanul\u00e1si m\u00f3dszer m\u00e1r kiskort\u00f3l kezdve<\/strong><\/h2>\n\n\n\n<p>A kisgyermekkori nevel\u00e9s mindig is a t\u00e1rsadalommal egy\u00fctt fejl\u0151d\u00f6tt. A jelenlegi \u00fctem azonban p\u00e9lda n\u00e9lk\u00fcli.<\/p>\n\n\n\n<p>A tabletek, az oktat\u00e1si platformok, a mesters\u00e9ges intelligencia \u00e9s az interakt\u00edv tartalmak t\u00f6bb milli\u00f3 gyermek mindennapi k\u00f6rnyezet\u00e9nek r\u00e9sz\u00e9t k\u00e9pezik.<\/p>\n\n\n\n<p>Ezzel kapcsolatban, <strong>Hogyan forradalmas\u00edtja a technol\u00f3gia a gyermekek oktat\u00e1s\u00e1t.<\/strong> Ez a tud\u00e1shoz val\u00f3 hozz\u00e1f\u00e9r\u00e9s m\u00f3dj\u00e1nak m\u00e9lyrehat\u00f3 v\u00e1ltoz\u00e1sak\u00e9nt \u00e9rtelmezhet\u0151.<\/p>\n\n\n\n<p>M\u00e1r nem csak az inform\u00e1ci\u00f3k memoriz\u00e1l\u00e1s\u00e1r\u00f3l van sz\u00f3, hanem arr\u00f3l is, hogy m\u00e1r kiskort\u00f3l kezdve meg kell tanulni kutatni, probl\u00e9m\u00e1kat megoldani \u00e9s kritikus gondolkod\u00e1st fejleszteni.<\/p>\n\n\n\n<p>A technol\u00f3gia lehet\u0151v\u00e9 teszi, hogy a tartalmat minden gyermek temp\u00f3j\u00e1hoz igaz\u00edts\u00e1k, ami a merev, hagyom\u00e1nyos modellekben neh\u00e9zkes lenne.<\/p>\n\n\n\n<h2 class=\"wp-block-heading\"><strong>A hagyom\u00e1nyos tantermi oktat\u00e1st\u00f3l a szem\u00e9lyre szabott tanul\u00e1sig<\/strong><\/h2>\n\n\n\n<p>Az egyik legnagyobb technol\u00f3giai v\u00edvm\u00e1ny a tanul\u00e1s szem\u00e9lyre szab\u00e1sa.<\/p>\n\n\n\n<p>A digit\u00e1lis oktat\u00e1si platformok elemzik a halad\u00e1st, a neh\u00e9zs\u00e9geket \u00e9s a tanul\u00e1si st\u00edlusokat, \u00e9s minden di\u00e1kra testreszabott tartalmat k\u00edn\u00e1lnak.<\/p>\n\n\n\n<p>Ez a megk\u00f6zel\u00edt\u00e9s cs\u00f6kkenti a frusztr\u00e1ci\u00f3t \u00e9s n\u00f6veli a gyermekek \u00f6nbecs\u00fcl\u00e9s\u00e9t. Amikor egy gyermek a saj\u00e1t temp\u00f3j\u00e1ban halad, a motiv\u00e1ci\u00f3ja term\u00e9szetes m\u00f3don n\u00f6vekszik.<\/p>\n\n\n\n<p>Az adatok szerint <strong>UNESCO<\/strong>Az oktat\u00e1si technol\u00f3gi\u00e1k megfelel\u0151 haszn\u00e1lata jav\u00edthatja a r\u00e9szv\u00e9telt \u00e9s a tanulm\u00e1nyi teljes\u00edtm\u00e9nyt a korai szakaszokban, k\u00fcl\u00f6n\u00f6sen akkor, ha tan\u00e1ri t\u00e1mogat\u00e1ssal kombin\u00e1lj\u00e1k.<\/p>\n\n\n\n<p>Ez az adat meger\u0151s\u00edti a val\u00f3s hat\u00e1s\u00e1t <strong>Hogyan forradalmas\u00edtja a technol\u00f3gia a gyermekek oktat\u00e1s\u00e1t.<\/strong> glob\u00e1lisan.<\/p>\n\n\n\n<h2 class=\"wp-block-heading\"><strong>A tan\u00e1r szerepe a digit\u00e1lis korban<\/strong><\/h2>\n\n\n\n<p>A technol\u00f3gia messze nem helyettes\u00edti a tan\u00e1rt, hanem \u00fajra\u00e9rtelmezi a szerep\u00e9t. A tan\u00e1r a tanul\u00e1s ir\u00e1ny\u00edt\u00f3j\u00e1v\u00e1, el\u0151seg\u00edt\u0151j\u00e9v\u00e9 \u00e9s k\u00f6zvet\u00edt\u0151j\u00e9v\u00e9 v\u00e1lik.<\/p>\n\n\n\n<p>A digit\u00e1lis eszk\u00f6z\u00f6k felszabad\u00edtj\u00e1k a kor\u00e1bban ism\u00e9tl\u0151d\u0151 feladatokra ford\u00edtott id\u0151t, lehet\u0151v\u00e9 t\u00e9ve a tanul\u00f3k \u00e9rzelmi \u00e9s szoci\u00e1lis fejl\u0151d\u00e9s\u00e9re val\u00f3 \u00f6sszpontos\u00edt\u00e1st.<\/p>\n\n\n\n<p>Tov\u00e1bb\u00e1 n\u00e9lk\u00fcl\u00f6zhetetlenn\u00e9 v\u00e1lt a tan\u00e1rk\u00e9pz\u00e9s az oktat\u00e1stechnol\u00f3gia ter\u00fclet\u00e9n.<\/p>\n\n\n\n<p>A pedag\u00f3gia \u00e9s a digit\u00e1lis er\u0151forr\u00e1sok k\u00f6z\u00f6tti egyens\u00faly jelenti a k\u00fcl\u00f6nbs\u00e9get a felsz\u00ednes \u00e9s az \u00e1talak\u00edt\u00f3 jelleg\u0171 haszn\u00e1lat k\u00f6z\u00f6tt.<\/p>\n\n\n\n<p>Ez egy kulcsfontoss\u00e1g\u00fa k\u00e9rd\u00e9st vet fel: vajon a technol\u00f3gia \u00f6nmag\u00e1ban oktat, vagy tudatos emberi ir\u00e1ny\u00edt\u00e1sra van sz\u00fcks\u00e9ge?<\/p>\n\n\n\n<h2 class=\"wp-block-heading\"><strong>J\u00e1t\u00e9kon kereszt\u00fcli tanul\u00e1s: oktat\u00e1si gamifik\u00e1ci\u00f3<\/strong><\/h2>\n\n\n\n<p>A gamifik\u00e1ci\u00f3 \u00e1talak\u00edtotta a gyerekek tanul\u00e1shoz val\u00f3 viszony\u00e1t. Az oktat\u00f3 jelleg\u0171 j\u00e1t\u00e9kok, a digit\u00e1lis kih\u00edv\u00e1sok \u00e9s a szimbolikus jutalmak \u00f6szt\u00f6nzik az akt\u00edv r\u00e9szv\u00e9telt an\u00e9lk\u00fcl, hogy elvesz\u00edten\u00e9k a pedag\u00f3giai f\u00f3kuszt.<\/p>\n\n\n\n<p>Amikor a tanul\u00e1s k\u00edv\u00e1ncsis\u00e1ggal \u00e9s \u00e9lvezettel p\u00e1rosul, a tananyag jobban elsaj\u00e1t\u00edthat\u00f3.<\/p>\n\n\n\n<p>Ez a m\u00f3dszertan k\u00fcl\u00f6n\u00f6sen hat\u00e9kony olyan ter\u00fcleteken, mint a matematika, az olvas\u00e1s \u00e9s a term\u00e9szettudom\u00e1nyok.<\/p>\n\n\n\n<p><strong>1. p\u00e9lda:<\/strong> Egy quer\u00e9tar\u00f3i \u00e1ltal\u00e1nos iskola digit\u00e1lis oktat\u00f3j\u00e1t\u00e9kokat integr\u00e1lt a matematika\u00f3r\u00e1kba.<\/p>\n\n\n\n<p>Az iskola bels\u0151 jelent\u00e9sei szerint kevesebb mint egy tan\u00e9v alatt a r\u00e9szv\u00e9tel megn\u0151tt, \u00e9s a di\u00e1kok nagyobb magabiztoss\u00e1got mutattak a probl\u00e9mamegold\u00e1sban.<\/p>\n\n\n\n<p>Ez a fajta tapasztalat j\u00f3l mutatja, hogyan <strong>Hogyan forradalmas\u00edtja a technol\u00f3gia a gyermekek oktat\u00e1s\u00e1t.<\/strong> a motiv\u00e1ci\u00f3t\u00f3l.<\/p>\n\n\n\n<h2 class=\"wp-block-heading\"><strong>Inkluz\u00edv \u00e9s hozz\u00e1f\u00e9rhet\u0151 oktat\u00e1s<\/strong><\/h2>\n\n\n\n<p>A technol\u00f3gia a korl\u00e1tokat is cs\u00f6kkenti.<\/p>\n\n\n\n<p>A seg\u00edtett olvas\u00e1si eszk\u00f6z\u00f6k, az automatikus feliratok \u00e9s az adapt\u00edv platformok lehet\u0151v\u00e9 teszik a k\u00fcl\u00f6nb\u00f6z\u0151 k\u00e9pess\u00e9g\u0171 gyermekek sz\u00e1m\u00e1ra, hogy min\u0151s\u00e9gi oktat\u00e1si tartalmakhoz f\u00e9rjenek hozz\u00e1.<\/p>\n\n\n\n<p>Vid\u00e9ki ter\u00fcleteken vagy korl\u00e1tozott infrastrukt\u00far\u00e1val rendelkez\u0151 ter\u00fcleteken a digit\u00e1lis hozz\u00e1f\u00e9r\u00e9s olyan lehet\u0151s\u00e9geket nyit meg, amelyek kor\u00e1bban elk\u00e9pzelhetetlenek voltak.<\/p>\n\n\n\n<p>B\u00e1r a digit\u00e1lis szakad\u00e9k tov\u00e1bbra is fenn\u00e1ll, a fejl\u0151d\u00e9s jelent\u0151s.<\/p>\n\n\n\n<p>Bel\u00fcl <strong>Hogyan forradalmas\u00edtja a technol\u00f3gia a gyermekek oktat\u00e1s\u00e1t.<\/strong><\/p>\n\n\n\n<h2 class=\"wp-block-heading\"><strong>A csal\u00e1d, mint az oktat\u00e1si folyamat akt\u00edv szerepl\u0151je<\/strong><\/h2>\n\n\n\n<p>A digit\u00e1lis oktat\u00e1s nem csak az iskol\u00e1ban m\u0171k\u00f6dik.<\/p>\n\n\n\n<p>A sz\u00fcl\u0151k \u00e9s a gondoz\u00f3k akt\u00edvan r\u00e9szt vesznek, figyelemmel k\u00eds\u00e9rik a tartalmakat \u00e9s t\u00e1mogatj\u00e1k a technol\u00f3gia felel\u0151ss\u00e9gteljes haszn\u00e1lat\u00e1t.<\/p>\n\n\n\n<p>Az oktat\u00e1si platformok lehet\u0151v\u00e9 teszik a csal\u00e1dok sz\u00e1m\u00e1ra, hogy megismerj\u00e9k a halad\u00e1st, a fejlesztend\u0151 ter\u00fcleteket \u00e9s a tanul\u00e1si szok\u00e1sokat.<\/p>\n\n\n\n<p>Ez a kommunik\u00e1ci\u00f3 er\u0151s\u00edti az otthon \u00e9s az iskola k\u00f6z\u00f6tti k\u00f6tel\u00e9ket.<\/p>\n\n\n\n<p><strong>2. p\u00e9lda:<\/strong> Egy monterreyi anya egy oktat\u00e1si alkalmaz\u00e1st haszn\u00e1lt, hogy t\u00e1mogassa fia napi olvas\u00e1s\u00e1t.<\/p>\n\n\n\n<p>Szem\u00e9lyre szabott nyomon k\u00f6vet\u00e9s \u00e9s javaslatok biztos\u00edt\u00e1s\u00e1val nyom\u00e1sgyakorl\u00e1s n\u00e9lk\u00fcl tudta meger\u0151s\u00edteni olvas\u00e1si szok\u00e1s\u00e1t.<\/p>\n\n\n\n<p>Ez a tudatos t\u00e1mogat\u00e1s fokozza a technol\u00f3giai el\u0151ny\u00f6ket.<\/p>\n\n\n\n<h2 class=\"wp-block-heading\"><strong>T\u00e1bl\u00e1zat: A technol\u00f3gia hat\u00e1sa a kisgyermekkori nevel\u00e9sre<\/strong><\/h2>\n\n\n\n<figure class=\"wp-block-table\"><table><thead><tr><th>Oktat\u00e1si ter\u00fclet<\/th><th>Technol\u00f3giai hozz\u00e1j\u00e1rul\u00e1s<\/th><th>F\u0151 el\u0151ny<\/th><\/tr><\/thead><tbody><tr><td>Szem\u00e9lyre szabott tanul\u00e1s<\/td><td>Adapt\u00edv platformok<\/td><td>Egy\u00e9ni ritmus<\/td><\/tr><tr><td>Motiv\u00e1ci\u00f3<\/td><td>J\u00e1t\u00e9kos\u00edt\u00e1s<\/td><td>Nagyobb r\u00e9szv\u00e9tel<\/td><\/tr><tr><td>Befogad\u00e1s<\/td><td>Akad\u00e1lymentes eszk\u00f6z\u00f6k<\/td><td>Es\u00e9lyegyenl\u0151s\u00e9g<\/td><\/tr><tr><td>Kommunik\u00e1ci\u00f3<\/td><td>Oktat\u00f3alkalmaz\u00e1sok<\/td><td>Csal\u00e1d-iskola kapcsolat<\/td><\/tr><tr><td>\u00c9rt\u00e9kel\u00e9s<\/td><td>Adatelemz\u00e9s<\/td><td>Folyamatos monitoroz\u00e1s<\/td><\/tr><\/tbody><\/table><figcaption class=\"wp-element-caption\">Hogyan forradalmas\u00edtja a technol\u00f3gia a gyermekek oktat\u00e1s\u00e1t.<\/figcaption><\/figure>\n\n\n\n<p>Ez a t\u00e1bl\u00e1zat \u00f6sszefoglalja, hogy a technol\u00f3gia hogyan befoly\u00e1solja a gyermekek tanul\u00e1s\u00e1nak k\u00fcl\u00f6nb\u00f6z\u0151 aspektusait.<\/p>\n\n\n\n<figure class=\"wp-block-gallery has-nested-images columns-default is-cropped wp-block-gallery-2 is-layout-flex wp-block-gallery-is-layout-flex\">\n<figure class=\"wp-block-image size-full\"><img loading=\"lazy\" decoding=\"async\" width=\"450\" height=\"250\" data-id=\"10448\" src=\"https:\/\/universofamilia.com\/wp-content\/uploads\/sites\/148\/2025\/12\/Destaque-Novo-Universo-13.jpg\" alt=\"\" class=\"wp-image-10448\" srcset=\"http:\/\/universofamilia.com\/wp-content\/uploads\/sites\/148\/2025\/12\/Destaque-Novo-Universo-13.jpg 450w, http:\/\/universofamilia.com\/wp-content\/uploads\/sites\/148\/2025\/12\/Destaque-Novo-Universo-13-300x167.jpg 300w, http:\/\/universofamilia.com\/wp-content\/uploads\/sites\/148\/2025\/12\/Destaque-Novo-Universo-13-18x10.jpg 18w\" sizes=\"(max-width: 450px) 100vw, 450px\" \/><figcaption class=\"wp-element-caption\">Hogyan forradalmas\u00edtja a technol\u00f3gia a gyermekek oktat\u00e1s\u00e1t.<\/figcaption><\/figure>\n<\/figure>\n\n\n\n<p>B\u0151vebben:&nbsp;<a href=\"http:\/\/universofamilia.com\/hu\/como-resguardar-tu-informacion-personal-en-la-era-digital\/\">Hogyan v\u00e9dheti meg szem\u00e9lyes adatait a digit\u00e1lis korban<\/a><\/p>\n\n\n\n<h2 class=\"wp-block-heading\"><strong>Kih\u00edv\u00e1sok \u00e9s a technol\u00f3gia felel\u0151s haszn\u00e1lata<\/strong><\/h2>\n\n\n\n<p>Nem minden fejl\u0151d\u00e9s automatikus vagy kock\u00e1zatmentes. A t\u00falzott k\u00e9perny\u0151id\u0151, a fel\u00fcgyelet hi\u00e1nya \u00e9s a nem megfelel\u0151 tartalom negat\u00edvan befoly\u00e1solhatja a gyermek fejl\u0151d\u00e9s\u00e9t.<\/p>\n\n\n\n<p>Ez\u00e9rt, <strong>Hogyan forradalmas\u00edtja a technol\u00f3gia a gyermekek oktat\u00e1s\u00e1t.<\/strong><\/p>\n\n\n\n<p>Ez mag\u00e1ban foglalja a vil\u00e1gos hat\u00e1rok, a kiegyens\u00falyozott \u00fctemtervek \u00e9s az er\u0151forr\u00e1sok gondos kiv\u00e1laszt\u00e1s\u00e1nak megbesz\u00e9l\u00e9s\u00e9t is.<\/p>\n\n\n\n<p>A hat\u00e9kony digit\u00e1lis oktat\u00e1s a technol\u00f3gi\u00e1t a fizikai aktivit\u00e1ssal, a t\u00e1rsas interakci\u00f3val \u00e9s a megfelel\u0151 pihen\u00e9ssel \u00f6tv\u00f6zi.<\/p>\n\n\n\n<h2 class=\"wp-block-heading\"><strong>Egy anal\u00f3gia az oktat\u00e1si v\u00e1ltoz\u00e1s meg\u00e9rt\u00e9s\u00e9hez<\/strong><\/h2>\n\n\n\n<p>A technol\u00f3gia a kisgyermekkori nevel\u00e9sben olyan, mint egy ir\u00e1nyt\u0171.<\/p>\n\n\n\n<p>Nem a gyermek\u00e9rt s\u00e9t\u00e1l, de utat mutat. Feln\u0151tt k\u00eds\u00e9ret n\u00e9lk\u00fcl az ir\u00e1ny elv\u00e9sz; tudatos ir\u00e1ny\u00edt\u00e1ssal az utaz\u00e1s tiszt\u00e1bb\u00e1 \u00e9s gazdagabb\u00e1 v\u00e1lik.<\/p>\n\n\n\n<p>Ez az anal\u00f3gia seg\u00edt meg\u00e9rteni, hogy az \u00e9rt\u00e9k nem az eszk\u00f6zben rejlik, hanem abban, ahogyan azt haszn\u00e1lj\u00e1k.<\/p>\n\n\n\n<h2 class=\"wp-block-heading\"><strong>Felk\u00e9sz\u00fcl\u00e9s a j\u00f6v\u0151re gyermekkort\u00f3l kezdve<\/strong><\/h2>\n\n\n\n<p>A digit\u00e1lis k\u00e9szs\u00e9gek ma m\u00e1r az alapvet\u0151 \u00edr\u00e1stud\u00e1s r\u00e9sz\u00e9t k\u00e9pezik.<\/p>\n\n\n\n<p>A logikus gondolkod\u00e1s, a probl\u00e9mamegold\u00e1s \u00e9s a digit\u00e1lis kreativit\u00e1s felk\u00e9sz\u00edti a gyerekeket a munka m\u00e9g ismeretlen vil\u00e1g\u00e1ra.<\/p>\n\n\n\n<p>A technol\u00f3gia b\u00f6lcs haszn\u00e1lat\u00e1nak gyermekkort\u00f3l val\u00f3 elsaj\u00e1t\u00edt\u00e1sa cs\u00f6kkenti a j\u00f6v\u0151beli szakad\u00e9kokat \u00e9s felel\u0151s digit\u00e1lis \u00e1llampolg\u00e1rokk\u00e1 nevel.<\/p>\n\n\n\n<p>Bel\u00fcl <strong>Hogyan forradalmas\u00edtja a technol\u00f3gia a gyermekek oktat\u00e1s\u00e1t.<\/strong>Ez a hossz\u00fa t\u00e1v\u00fa megk\u00f6zel\u00edt\u00e9s alapvet\u0151 fontoss\u00e1g\u00fa.<\/p>\n\n\n\n<h2 class=\"wp-block-heading\"><strong>Konkl\u00fazi\u00f3: egy forradalom, amely egyens\u00falyt ig\u00e9nyel<\/strong><\/h2>\n\n\n\n<p><strong>Hogyan forradalmas\u00edtja a technol\u00f3gia a gyermekek oktat\u00e1s\u00e1t.<\/strong> Nem a hagyom\u00e1nyos m\u00f3dszerek lecser\u00e9l\u00e9s\u00e9r\u0151l van sz\u00f3, hanem azok intelligens integr\u00e1l\u00e1s\u00e1r\u00f3l.<\/p>\n\n\n\n<p>A technol\u00f3gia b\u0151v\u00edti a lehet\u0151s\u00e9geket, de a tanul\u00e1s tov\u00e1bbra is emberi folyamat marad.<\/p>\n\n\n\n<p>Amikor az iskol\u00e1k, a tan\u00e1rok \u00e9s a csal\u00e1dok \u00f6sszehangoltan dolgoznak, a koragyermekkori nevel\u00e9s befogad\u00f3bb\u00e1, motiv\u00e1l\u00f3bb\u00e1 \u00e9s hat\u00e9konyabb\u00e1 v\u00e1lik.<\/p>\n\n\n\n<p>Az igazi halad\u00e1s akkor j\u00f6n l\u00e9tre, amikor a technol\u00f3giai innov\u00e1ci\u00f3 szil\u00e1rd oktat\u00e1si \u00e9rt\u00e9kekkel p\u00e1rosul.<\/p>\n\n\n\n<p>B\u0151vebben:&nbsp;<a href=\"http:\/\/universofamilia.com\/hu\/vpn-para-principiantes-por-que-usar-una-y-como-elegir-la-mejor\/\">VPN kezd\u0151knek: mi\u00e9rt \u00e9rdemes haszn\u00e1lni, \u00e9s hogyan v\u00e1lasszuk ki a legjobbat.<\/a><\/p>\n\n\n\n<h2 class=\"wp-block-heading\"><strong>Gyakran ism\u00e9telt k\u00e9rd\u00e9sek a technol\u00f3gi\u00e1r\u00f3l \u00e9s a kisgyermekkori nevel\u00e9sr\u0151l<\/strong><\/h2>\n\n\n\n<p><strong>Helyettes\u00edtheti-e a technol\u00f3gia a tan\u00e1rt?<\/strong><br>Nem. A technol\u00f3gia kieg\u00e9sz\u00edti az oktat\u00e1st, de az emberi szerep tov\u00e1bbra is alapvet\u0151 fontoss\u00e1g\u00fa.<\/p>\n\n\n\n<p><strong>Milyen korban aj\u00e1nlott bevezetni a digit\u00e1lis eszk\u00f6z\u00f6ket?<\/strong><br>A tartalomt\u00f3l \u00e9s a fel\u00fcgyelett\u0151l f\u00fcgg. A haszn\u00e1lat min\u0151s\u00e9ge a fontos, nem csak az \u00e9letkor.<\/p>\n\n\n\n<p><strong>Befoly\u00e1solja-e a technol\u00f3giahaszn\u00e1lat a gyerekek figyelm\u00e9t?<\/strong><br>A t\u00falzott haszn\u00e1lat negat\u00edv hat\u00e1ssal lehet, de a kiegyens\u00falyozott megk\u00f6zel\u00edt\u00e9s jav\u00edtja a motiv\u00e1ci\u00f3t.<\/p>\n\n\n\n<p><strong>Minden iskol\u00e1nak teljesen digitaliz\u00e1ltnak kell lennie?<\/strong><br>Nem felt\u00e9tlen\u00fcl. A kulcs a technol\u00f3gia kontextushoz \u00e9s a val\u00f3s ig\u00e9nyekhez igazod\u00f3 integr\u00e1l\u00e1sa.<\/p>\n\n\n\n<p>Fogja meg <strong>Hogyan forradalmas\u00edtja a technol\u00f3gia a gyermekek oktat\u00e1s\u00e1t.<\/strong> Lehet\u0151v\u00e9 teszi, hogy megalapozott d\u00f6nt\u00e9seket hozzunk az \u00faj gener\u00e1ci\u00f3k fejl\u0151d\u00e9se szempontj\u00e1b\u00f3l kulcsfontoss\u00e1g\u00fa pillanatban.<\/p>","protected":false},"excerpt":{"rendered":"<p>Az, hogy a technol\u00f3gia hogyan forradalmas\u00edtja a gyermekek oktat\u00e1s\u00e1t, m\u00e1r nem futurisztikus \u00f6tlet vagy k\u00eds\u00e9rleti koncepci\u00f3. 2025-re l\u00e1that\u00f3 \u00e1talakul\u00e1s lesz a tantermekben, az otthonokban \u00e9s a hibrid tanul\u00e1si terekben, ahol a technol\u00f3gia m\u00e1r nem kieg\u00e9sz\u00edt\u0151 jelleg\u0171, hanem az oktat\u00e1si, kognit\u00edv \u00e9s [\u2026] fejl\u0151d\u00e9s kulcsfontoss\u00e1g\u00fa eszk\u00f6z\u00e9v\u00e9 v\u00e1lt.<\/p>","protected":false},"author":219,"featured_media":10446,"comment_status":"closed","ping_status":"open","sticky":false,"template":"","format":"standard","meta":{"footnotes":""},"categories":[3],"tags":[],"yoast_head":"<!-- This site is optimized with the Yoast SEO plugin v23.3 - https:\/\/yoast.com\/wordpress\/plugins\/seo\/ -->\n<title>C\u00f3mo la tecnolog\u00eda est\u00e1 revolucionando la educaci\u00f3n de los ni\u00f1os - Universo Fam\u00edlia<\/title>\n<meta name=\"description\" content=\"C\u00f3mo la tecnolog\u00eda est\u00e1 revolucionando la educaci\u00f3n de los ni\u00f1os. ya no es una idea futurista ni un concepto experimental.v\" \/>\n<meta name=\"robots\" content=\"index, follow, max-snippet:-1, max-image-preview:large, max-video-preview:-1\" \/>\n<link rel=\"canonical\" href=\"https:\/\/universofamilia.com\/hu\/como-la-tecnologia-esta-revolucionando\/\" \/>\n<meta property=\"og:locale\" content=\"hu_HU\" \/>\n<meta property=\"og:type\" content=\"article\" \/>\n<meta property=\"og:title\" content=\"C\u00f3mo la tecnolog\u00eda est\u00e1 revolucionando la educaci\u00f3n de los ni\u00f1os - Universo Fam\u00edlia\" \/>\n<meta property=\"og:description\" content=\"C\u00f3mo la tecnolog\u00eda est\u00e1 revolucionando la educaci\u00f3n de los ni\u00f1os. ya no es una idea futurista ni un concepto experimental.v\" \/>\n<meta property=\"og:url\" content=\"https:\/\/universofamilia.com\/hu\/como-la-tecnologia-esta-revolucionando\/\" \/>\n<meta property=\"og:site_name\" content=\"Universo Fam\u00edlia\" \/>\n<meta property=\"article:published_time\" content=\"2025-12-22T15:02:51+00:00\" \/>\n<meta property=\"article:modified_time\" content=\"2025-12-22T15:17:29+00:00\" \/>\n<meta property=\"og:image\" content=\"https:\/\/universofamilia.com\/wp-content\/uploads\/sites\/148\/2025\/12\/Destaque-Novo-Universo-12.jpg\" \/>\n\t<meta property=\"og:image:width\" content=\"450\" \/>\n\t<meta property=\"og:image:height\" content=\"250\" \/>\n\t<meta property=\"og:image:type\" content=\"image\/jpeg\" \/>\n<meta name=\"author\" content=\"Matheus Sangaletti\" \/>\n<meta name=\"twitter:card\" content=\"summary_large_image\" \/>\n<meta name=\"twitter:label1\" content=\"Written by\" \/>\n\t<meta name=\"twitter:data1\" content=\"Matheus Sangaletti\" \/>\n\t<meta name=\"twitter:label2\" content=\"Est. reading time\" \/>\n\t<meta name=\"twitter:data2\" content=\"8 perc\" \/>\n<script type=\"application\/ld+json\" class=\"yoast-schema-graph\">{\"@context\":\"https:\/\/schema.org\",\"@graph\":[{\"@type\":\"WebPage\",\"@id\":\"https:\/\/universofamilia.com\/hu\/como-la-tecnologia-esta-revolucionando\/\",\"url\":\"https:\/\/universofamilia.com\/hu\/como-la-tecnologia-esta-revolucionando\/\",\"name\":\"C\u00f3mo la tecnolog\u00eda est\u00e1 revolucionando la educaci\u00f3n de los ni\u00f1os - Universo Fam\u00edlia\",\"isPartOf\":{\"@id\":\"http:\/\/universofamilia.com\/zh_hk\/#website\"},\"primaryImageOfPage\":{\"@id\":\"https:\/\/universofamilia.com\/hu\/como-la-tecnologia-esta-revolucionando\/#primaryimage\"},\"image\":{\"@id\":\"https:\/\/universofamilia.com\/hu\/como-la-tecnologia-esta-revolucionando\/#primaryimage\"},\"thumbnailUrl\":\"http:\/\/universofamilia.com\/wp-content\/uploads\/sites\/148\/2025\/12\/Destaque-Novo-Universo-12.jpg\",\"datePublished\":\"2025-12-22T15:02:51+00:00\",\"dateModified\":\"2025-12-22T15:17:29+00:00\",\"author\":{\"@id\":\"http:\/\/universofamilia.com\/zh_hk\/#\/schema\/person\/92fcd07e9b1f4323bf74f3170fc0f78a\"},\"description\":\"C\u00f3mo la tecnolog\u00eda est\u00e1 revolucionando la educaci\u00f3n de los ni\u00f1os. ya no es una idea futurista ni un concepto experimental.v\",\"breadcrumb\":{\"@id\":\"https:\/\/universofamilia.com\/hu\/como-la-tecnologia-esta-revolucionando\/#breadcrumb\"},\"inLanguage\":\"hu\",\"potentialAction\":[{\"@type\":\"ReadAction\",\"target\":[\"https:\/\/universofamilia.com\/hu\/como-la-tecnologia-esta-revolucionando\/\"]}]},{\"@type\":\"ImageObject\",\"inLanguage\":\"hu\",\"@id\":\"https:\/\/universofamilia.com\/hu\/como-la-tecnologia-esta-revolucionando\/#primaryimage\",\"url\":\"http:\/\/universofamilia.com\/wp-content\/uploads\/sites\/148\/2025\/12\/Destaque-Novo-Universo-12.jpg\",\"contentUrl\":\"http:\/\/universofamilia.com\/wp-content\/uploads\/sites\/148\/2025\/12\/Destaque-Novo-Universo-12.jpg\",\"width\":450,\"height\":250,\"caption\":\"C\u00f3mo la tecnolog\u00eda est\u00e1 revolucionando la educaci\u00f3n de los ni\u00f1os.\"},{\"@type\":\"BreadcrumbList\",\"@id\":\"https:\/\/universofamilia.com\/hu\/como-la-tecnologia-esta-revolucionando\/#breadcrumb\",\"itemListElement\":[{\"@type\":\"ListItem\",\"position\":1,\"name\":\"Home\",\"item\":\"http:\/\/universofamilia.com\/zh_hk\/\"},{\"@type\":\"ListItem\",\"position\":2,\"name\":\"C\u00f3mo la tecnolog\u00eda est\u00e1 revolucionando la educaci\u00f3n de los ni\u00f1os\"}]},{\"@type\":\"WebSite\",\"@id\":\"http:\/\/universofamilia.com\/zh_hk\/#website\",\"url\":\"http:\/\/universofamilia.com\/zh_hk\/\",\"name\":\"Universo Fam\u00edlia\",\"description\":\"\",\"potentialAction\":[{\"@type\":\"SearchAction\",\"target\":{\"@type\":\"EntryPoint\",\"urlTemplate\":\"http:\/\/universofamilia.com\/zh_hk\/?s={search_term_string}\"},\"query-input\":\"required name=search_term_string\"}],\"inLanguage\":\"hu\"},{\"@type\":\"Person\",\"@id\":\"http:\/\/universofamilia.com\/zh_hk\/#\/schema\/person\/92fcd07e9b1f4323bf74f3170fc0f78a\",\"name\":\"Matheus Sangaletti\",\"image\":{\"@type\":\"ImageObject\",\"inLanguage\":\"hu\",\"@id\":\"http:\/\/universofamilia.com\/zh_hk\/#\/schema\/person\/image\/\",\"url\":\"http:\/\/2.gravatar.com\/avatar\/280ea957a14a48e6a1ad2133d2cc27c9?s=96&d=mm&r=g\",\"contentUrl\":\"http:\/\/2.gravatar.com\/avatar\/280ea957a14a48e6a1ad2133d2cc27c9?s=96&d=mm&r=g\",\"caption\":\"Matheus Sangaletti\"},\"url\":\"http:\/\/universofamilia.com\/hu\/author\/matheuss\/\"}]}<\/script>\n<!-- \/ Yoast SEO plugin. -->","yoast_head_json":{"title":"C\u00f3mo la tecnolog\u00eda est\u00e1 revolucionando la educaci\u00f3n de los ni\u00f1os - Universo Fam\u00edlia","description":"C\u00f3mo la tecnolog\u00eda est\u00e1 revolucionando la educaci\u00f3n de los ni\u00f1os. ya no es una idea futurista ni un concepto experimental.v","robots":{"index":"index","follow":"follow","max-snippet":"max-snippet:-1","max-image-preview":"max-image-preview:large","max-video-preview":"max-video-preview:-1"},"canonical":"https:\/\/universofamilia.com\/hu\/como-la-tecnologia-esta-revolucionando\/","og_locale":"hu_HU","og_type":"article","og_title":"C\u00f3mo la tecnolog\u00eda est\u00e1 revolucionando la educaci\u00f3n de los ni\u00f1os - Universo Fam\u00edlia","og_description":"C\u00f3mo la tecnolog\u00eda est\u00e1 revolucionando la educaci\u00f3n de los ni\u00f1os. ya no es una idea futurista ni un concepto experimental.v","og_url":"https:\/\/universofamilia.com\/hu\/como-la-tecnologia-esta-revolucionando\/","og_site_name":"Universo Fam\u00edlia","article_published_time":"2025-12-22T15:02:51+00:00","article_modified_time":"2025-12-22T15:17:29+00:00","og_image":[{"width":450,"height":250,"url":"https:\/\/universofamilia.com\/wp-content\/uploads\/sites\/148\/2025\/12\/Destaque-Novo-Universo-12.jpg","type":"image\/jpeg"}],"author":"Matheus Sangaletti","twitter_card":"summary_large_image","twitter_misc":{"Written by":"Matheus Sangaletti","Est. reading time":"8 perc"},"schema":{"@context":"https:\/\/schema.org","@graph":[{"@type":"WebPage","@id":"https:\/\/universofamilia.com\/hu\/como-la-tecnologia-esta-revolucionando\/","url":"https:\/\/universofamilia.com\/hu\/como-la-tecnologia-esta-revolucionando\/","name":"C\u00f3mo la tecnolog\u00eda est\u00e1 revolucionando la educaci\u00f3n de los ni\u00f1os - Universo Fam\u00edlia","isPartOf":{"@id":"http:\/\/universofamilia.com\/zh_hk\/#website"},"primaryImageOfPage":{"@id":"https:\/\/universofamilia.com\/hu\/como-la-tecnologia-esta-revolucionando\/#primaryimage"},"image":{"@id":"https:\/\/universofamilia.com\/hu\/como-la-tecnologia-esta-revolucionando\/#primaryimage"},"thumbnailUrl":"http:\/\/universofamilia.com\/wp-content\/uploads\/sites\/148\/2025\/12\/Destaque-Novo-Universo-12.jpg","datePublished":"2025-12-22T15:02:51+00:00","dateModified":"2025-12-22T15:17:29+00:00","author":{"@id":"http:\/\/universofamilia.com\/zh_hk\/#\/schema\/person\/92fcd07e9b1f4323bf74f3170fc0f78a"},"description":"C\u00f3mo la tecnolog\u00eda est\u00e1 revolucionando la educaci\u00f3n de los ni\u00f1os. ya no es una idea futurista ni un concepto experimental.v","breadcrumb":{"@id":"https:\/\/universofamilia.com\/hu\/como-la-tecnologia-esta-revolucionando\/#breadcrumb"},"inLanguage":"hu","potentialAction":[{"@type":"ReadAction","target":["https:\/\/universofamilia.com\/hu\/como-la-tecnologia-esta-revolucionando\/"]}]},{"@type":"ImageObject","inLanguage":"hu","@id":"https:\/\/universofamilia.com\/hu\/como-la-tecnologia-esta-revolucionando\/#primaryimage","url":"http:\/\/universofamilia.com\/wp-content\/uploads\/sites\/148\/2025\/12\/Destaque-Novo-Universo-12.jpg","contentUrl":"http:\/\/universofamilia.com\/wp-content\/uploads\/sites\/148\/2025\/12\/Destaque-Novo-Universo-12.jpg","width":450,"height":250,"caption":"C\u00f3mo la tecnolog\u00eda est\u00e1 revolucionando la educaci\u00f3n de los ni\u00f1os."},{"@type":"BreadcrumbList","@id":"https:\/\/universofamilia.com\/hu\/como-la-tecnologia-esta-revolucionando\/#breadcrumb","itemListElement":[{"@type":"ListItem","position":1,"name":"Home","item":"http:\/\/universofamilia.com\/zh_hk\/"},{"@type":"ListItem","position":2,"name":"C\u00f3mo la tecnolog\u00eda est\u00e1 revolucionando la educaci\u00f3n de los ni\u00f1os"}]},{"@type":"WebSite","@id":"http:\/\/universofamilia.com\/zh_hk\/#website","url":"http:\/\/universofamilia.com\/zh_hk\/","name":"Universo Fam\u00edlia","description":"","potentialAction":[{"@type":"SearchAction","target":{"@type":"EntryPoint","urlTemplate":"http:\/\/universofamilia.com\/zh_hk\/?s={search_term_string}"},"query-input":"required name=search_term_string"}],"inLanguage":"hu"},{"@type":"Person","@id":"http:\/\/universofamilia.com\/zh_hk\/#\/schema\/person\/92fcd07e9b1f4323bf74f3170fc0f78a","name":"Matheus Sangaletti","image":{"@type":"ImageObject","inLanguage":"hu","@id":"http:\/\/universofamilia.com\/zh_hk\/#\/schema\/person\/image\/","url":"http:\/\/2.gravatar.com\/avatar\/280ea957a14a48e6a1ad2133d2cc27c9?s=96&d=mm&r=g","contentUrl":"http:\/\/2.gravatar.com\/avatar\/280ea957a14a48e6a1ad2133d2cc27c9?s=96&d=mm&r=g","caption":"Matheus Sangaletti"},"url":"http:\/\/universofamilia.com\/hu\/author\/matheuss\/"}]}},"_links":{"self":[{"href":"http:\/\/universofamilia.com\/hu\/wp-json\/wp\/v2\/posts\/10445"}],"collection":[{"href":"http:\/\/universofamilia.com\/hu\/wp-json\/wp\/v2\/posts"}],"about":[{"href":"http:\/\/universofamilia.com\/hu\/wp-json\/wp\/v2\/types\/post"}],"author":[{"embeddable":true,"href":"http:\/\/universofamilia.com\/hu\/wp-json\/wp\/v2\/users\/219"}],"replies":[{"embeddable":true,"href":"http:\/\/universofamilia.com\/hu\/wp-json\/wp\/v2\/comments?post=10445"}],"version-history":[{"count":3,"href":"http:\/\/universofamilia.com\/hu\/wp-json\/wp\/v2\/posts\/10445\/revisions"}],"predecessor-version":[{"id":10456,"href":"http:\/\/universofamilia.com\/hu\/wp-json\/wp\/v2\/posts\/10445\/revisions\/10456"}],"wp:featuredmedia":[{"embeddable":true,"href":"http:\/\/universofamilia.com\/hu\/wp-json\/wp\/v2\/media\/10446"}],"wp:attachment":[{"href":"http:\/\/universofamilia.com\/hu\/wp-json\/wp\/v2\/media?parent=10445"}],"wp:term":[{"taxonomy":"category","embeddable":true,"href":"http:\/\/universofamilia.com\/hu\/wp-json\/wp\/v2\/categories?post=10445"},{"taxonomy":"post_tag","embeddable":true,"href":"http:\/\/universofamilia.com\/hu\/wp-json\/wp\/v2\/tags?post=10445"}],"curies":[{"name":"wp","href":"https:\/\/api.w.org\/{rel}","templated":true}]}}