{"id":10452,"date":"2025-12-22T12:15:54","date_gmt":"2025-12-22T15:15:54","guid":{"rendered":"https:\/\/universofamilia.com\/?p=10452"},"modified":"2025-12-22T12:17:08","modified_gmt":"2025-12-22T15:17:08","slug":"5-apps-de-aprendizaje-para-ninos","status":"publish","type":"post","link":"http:\/\/universofamilia.com\/hu\/5-apps-de-aprendizaje-para-ninos\/","title":{"rendered":"5 tanul\u00e1sra alkalmas alkalmaz\u00e1s gyerekeknek, amit \u00e9rdemes let\u00f6lteni"},"content":{"rendered":"<p class=\"has-text-align-center\"><strong>5 tanul\u00e1sra alkalmas alkalmaz\u00e1s gyerekeknek, amit \u00e9rdemes let\u00f6lteni<\/strong> Egyre gyakoribb keres\u00e9s az any\u00e1k, ap\u00e1k \u00e9s gondoz\u00f3k k\u00f6r\u00e9ben, akik 2025-ben tudatosan szeretn\u00e9k t\u00e1mogatni a gyermek fejl\u0151d\u00e9s\u00e9t.<\/p>\n\n\n\n<figure class=\"wp-block-gallery has-nested-images columns-default is-cropped wp-block-gallery-1 is-layout-flex wp-block-gallery-is-layout-flex\">\n<figure class=\"wp-block-image size-full\"><img loading=\"lazy\" decoding=\"async\" width=\"450\" height=\"250\" data-id=\"10454\" src=\"https:\/\/universofamilia.com\/wp-content\/uploads\/sites\/148\/2025\/12\/Destaque-Novo-Universo-14-1.jpg\" alt=\"\" class=\"wp-image-10454\" srcset=\"http:\/\/universofamilia.com\/wp-content\/uploads\/sites\/148\/2025\/12\/Destaque-Novo-Universo-14-1.jpg 450w, http:\/\/universofamilia.com\/wp-content\/uploads\/sites\/148\/2025\/12\/Destaque-Novo-Universo-14-1-300x167.jpg 300w, http:\/\/universofamilia.com\/wp-content\/uploads\/sites\/148\/2025\/12\/Destaque-Novo-Universo-14-1-18x10.jpg 18w\" sizes=\"(max-width: 450px) 100vw, 450px\" \/><figcaption class=\"wp-element-caption\">5 tanul\u00e1sra alkalmas alkalmaz\u00e1s gyerekeknek, amit \u00e9rdemes let\u00f6lteni<\/figcaption><\/figure>\n<\/figure>\n\n\n\n<p class=\"has-text-align-center\">Manaps\u00e1g a digit\u00e1lis oktat\u00e1s m\u00e1r nem alkalmi eszk\u00f6z, hanem mindennapi sz\u00f6vets\u00e9gess\u00e9 v\u00e1lt a kognit\u00edv, \u00e9rzelmi \u00e9s kreat\u00edv k\u00e9szs\u00e9gek korai \u00e9letkort\u00f3l kezd\u0151d\u0151 \u00f6szt\u00f6nz\u00e9s\u00e9ben.<\/p>\n\n\n\n<p><strong>\u00d6sszefoglal\u00e1s:<\/strong> Ebben a cikkben megtudhatod, mi\u00e9rt v\u00e1ltak az oktat\u00e1si alkalmaz\u00e1sok val\u00f3di t\u00e1mogat\u00f3 eszk\u00f6z\u00f6kk\u00e9, milyen krit\u00e9riumokat kell figyelembe venni egy gyermekalkalmaz\u00e1s let\u00f6lt\u00e9se el\u0151tt, \u00f6t olyan lehet\u0151s\u00e9get, amelyek kiemelked\u0151ek pedag\u00f3giai min\u0151s\u00e9g\u00fckkel, relev\u00e1ns hivatalos statisztik\u00e1kat, k\u00e9t val\u00f3s p\u00e9ld\u00e1t a mindennapi haszn\u00e1latra, egy vil\u00e1gos anal\u00f3gi\u00e1t a digit\u00e1lis tanul\u00e1s meg\u00e9rt\u00e9s\u00e9hez, egy \u00f6sszehasonl\u00edt\u00f3 t\u00e1bl\u00e1zatot, valamint k\u00f6zvetlen v\u00e1laszokat a gyakran ism\u00e9telt k\u00e9rd\u00e9sekre.<\/p>\n\n\n\n<h2 class=\"wp-block-heading\"><strong>Mi\u00e9rt h\u00f3d\u00edtottak meg az oktat\u00e1si alkalmaz\u00e1sok a gyermekkorban?<\/strong><\/h2>\n\n\n\n<p>A mai gyerekek k\u00e9perny\u0151k k\u00f6z\u00f6tt n\u0151nek fel. Azonban nem minden digit\u00e1lis \u00e9lm\u00e9ny k\u00edn\u00e1l oktat\u00e1si \u00e9rt\u00e9ket.<\/p>\n\n\n\n<p>A k\u00fcl\u00f6nbs\u00e9g a pedag\u00f3giai sz\u00e1nd\u00e9kban, a tervez\u00e9sben \u00e9s a feln\u0151tt t\u00e1mogat\u00e1sban rejlik.<\/p>\n\n\n\n<p>A j\u00f3l kidolgozott oktat\u00f3alkalmaz\u00e1sok el\u0151seg\u00edtik az akt\u00edv tanul\u00e1st, \u00f6szt\u00f6nzik a k\u00edv\u00e1ncsis\u00e1got, \u00e9s fejlesztik az olyan k\u00e9szs\u00e9geket, mint az olvas\u00e1s, a logikus gondolkod\u00e1s \u00e9s a probl\u00e9mamegold\u00e1s.<\/p>\n\n\n\n<p>Ezzel kapcsolatban, <strong>5 tanul\u00e1sra alkalmas alkalmaz\u00e1s gyerekeknek, amit \u00e9rdemes let\u00f6lteni<\/strong> Nem \u00fcres sz\u00f3rakoz\u00e1sr\u00f3l van sz\u00f3, hanem c\u00e9lt szolg\u00e1l\u00f3 eszk\u00f6z\u00f6kr\u0151l.<\/p>\n\n\n\n<p>A szerint <strong>UNESCO<\/strong>Az oktat\u00e1si technol\u00f3gi\u00e1k megfelel\u0151 haszn\u00e1lata jav\u00edthatja a gyermekek r\u00e9szv\u00e9tel\u00e9t \u00e9s tanul\u00e1s\u00e1t, ha kiegyens\u00falyozott m\u00f3don integr\u00e1lj\u00e1k a hagyom\u00e1nyos oktat\u00e1ssal.<\/p>\n\n\n\n<p>Ez az int\u00e9zm\u00e9nyi t\u00e1mogat\u00e1s meger\u0151s\u00edti a b\u00f6lcs v\u00e1laszt\u00e1s fontoss\u00e1g\u00e1t.<\/p>\n\n\n\n<h2 class=\"wp-block-heading\"><strong>Mire kell figyelni, miel\u0151tt let\u00f6ltesz egy alkalmaz\u00e1st gyerekeknek?<\/strong><\/h2>\n\n\n\n<p>Miel\u0151tt belemenn\u00e9nk a konkr\u00e9t alkalmaz\u00e1sokba, c\u00e9lszer\u0171 n\u00e9h\u00e1ny alapvet\u0151 sz\u0171r\u0151t l\u00e9trehozni.<\/p>\n\n\n\n<p>Nem minden \u201eoktat\u00f3\u201d c\u00edmk\u00e9vel ell\u00e1tott alkalmaz\u00e1s felel meg a szigor\u00fa pedag\u00f3giai szabv\u00e1nyoknak.<\/p>\n\n\n\n<p>Fontos felm\u00e9rni, hogy a tartalom koroszt\u00e1lynak megfelel\u0151-e, el\u0151seg\u00edti-e az akt\u00edv interakci\u00f3t, \u00e9s ker\u00fcli-e a t\u00falzott stimul\u00e1ci\u00f3t.<\/p>\n\n\n\n<p>Az is fontos, hogy tartalmazzon sz\u00fcl\u0151i fel\u00fcgyeletet, \u00e9s ne tolakod\u00f3 hirdet\u00e9sekre t\u00e1maszkodjon.<\/p>\n\n\n\n<p>Bel\u00fcl <strong>5 tanul\u00e1sra alkalmas alkalmaz\u00e1s gyerekeknek, amit \u00e9rdemes let\u00f6lteni<\/strong>A min\u0151s\u00e9g mindig fel\u00fclm\u00falja a mennyis\u00e9get.<\/p>\n\n\n\n<h2 class=\"wp-block-heading\"><strong>Khan Academy Kids: struktur\u00e1lt \u00e9s szabad tanul\u00e1s<\/strong><\/h2>\n\n\n\n<p>A Khan Academy Kids az egyik legteljesebb \u00e9s legk\u00f6nnyebben hozz\u00e1f\u00e9rhet\u0151 oktat\u00e1si alkalmaz\u00e1sk\u00e9nt pozicion\u00e1lja mag\u00e1t.<\/p>\n\n\n\n<p>\u00d3vod\u00e1sok \u00e9s \u00e1ltal\u00e1nos iskol\u00e1sok sz\u00e1m\u00e1ra k\u00e9sz\u00fclt, olvas\u00e1si, matematikai, logikai \u00e9s szoci\u00e1lis-\u00e9rzelmi k\u00e9szs\u00e9geket fejleszt\u0151 tev\u00e9kenys\u00e9geket k\u00edn\u00e1l.<\/p>\n\n\n\n<p>A progressz\u00edv megk\u00f6zel\u00edt\u00e9s lehet\u0151v\u00e9 teszi, hogy minden gyermek a saj\u00e1t temp\u00f3j\u00e1ban, nyom\u00e1s n\u00e9lk\u00fcl haladjon el\u0151re.<\/p>\n\n\n\n<p>Tov\u00e1bb\u00e1, tartalma megalapozott pedag\u00f3giai elveken alapul, \u00e9s nem tartalmaz hirdet\u00e9seket, ami bizalmat \u00e9p\u00edt a csal\u00e1dok \u00e9s a tan\u00e1rok k\u00f6z\u00f6tt.<\/p>\n\n\n\n<p>A felhaszn\u00e1l\u00f3bar\u00e1t fel\u00fclet \u00e9s a tev\u00e9kenys\u00e9gek v\u00e1ltozatoss\u00e1ga term\u00e9szetess\u00e9, nem pedig er\u0151ltetett\u00e9 teszi a tanul\u00e1st.<\/p>\n\n\n\n<h2 class=\"wp-block-heading\"><strong>Duolingo ABC: Els\u0151 l\u00e9p\u00e9sek az olvas\u00e1sban<\/strong><\/h2>\n\n\n\n<p>A Duolingo ABC a korai \u00edr\u00e1s-olvas\u00e1s fejleszt\u00e9s\u00e9re \u00f6sszpontos\u00edt.<\/p>\n\n\n\n<p>R\u00f6vid, vizu\u00e1lis gyakorlatokon kereszt\u00fcl seg\u00edti a gyerekeket a bet\u0171k, hangok \u00e9s egyszer\u0171 szavak felismer\u00e9s\u00e9ben.<\/p>\n\n\n\n<p>A letisztult diz\u00e1jn \u00e9s a zavar\u00f3 t\u00e9nyez\u0151k hi\u00e1nya el\u0151seg\u00edti a koncentr\u00e1ci\u00f3t.<\/p>\n\n\n\n<p>B\u00e1r nem helyettes\u00edti a feln\u0151ttekkel val\u00f3 k\u00f6z\u00f6s olvas\u00e1st, hat\u00e9kony kieg\u00e9sz\u00edt\u0151jek\u00e9nt m\u0171k\u00f6dik.<\/p>\n\n\n\n<p>A keretrendszeren bel\u00fcl <strong>5 tanul\u00e1sra alkalmas alkalmaz\u00e1s gyerekeknek, amit \u00e9rdemes let\u00f6lteni<\/strong>Ez a lehet\u0151s\u00e9g \u00e1tgondolt egyszer\u0171s\u00e9g\u00e9vel t\u0171nik ki.<\/p>\n\n\n\n<h2 class=\"wp-block-heading\"><strong>Toca Life World: Kreativit\u00e1s \u00e9s szoci\u00e1lis tanul\u00e1s<\/strong><\/h2>\n\n\n\n<p>A Toca Life World nem tan\u00edt k\u00f6zvetlen\u00fcl matematik\u00e1t vagy olvas\u00e1st, de ugyanolyan fontos k\u00e9szs\u00e9geket fejleszt.<\/p>\n\n\n\n<p>Az alkalmaz\u00e1s lehet\u0151v\u00e9 teszi a gyerekek sz\u00e1m\u00e1ra, hogy t\u00f6rt\u00e9neteket alkossanak, k\u00f6rnyezeteket fedezzenek fel \u00e9s d\u00f6nt\u00e9seket hozzanak egy nyitott virtu\u00e1lis vil\u00e1gban.<\/p>\n\n\n\n<p>Ez a fajta szimbolikus j\u00e1t\u00e9k er\u0151s\u00edti a kreativit\u00e1st, az \u00e9rzelmi kifejez\u00e9st \u00e9s a t\u00e1rsas rutinok meg\u00e9rt\u00e9s\u00e9t.<\/p>\n\n\n\n<p>A merev c\u00e9lok hi\u00e1nya a szabad felfedez\u00e9st \u00f6szt\u00f6nzi.<\/p>\n\n\n\n<p><strong>1. p\u00e9lda:<\/strong> Egy hat\u00e9ves pueblai kisl\u00e1ny a Toca Life World\u00f6t haszn\u00e1lta mindennapi helyzetek \u00fajraalkot\u00e1s\u00e1ra, p\u00e9ld\u00e1ul az orvoshoz j\u00e1r\u00e1s vagy az \u00e9telk\u00e9sz\u00edt\u00e9s.<\/p>\n\n\n\n<p>Sz\u00fclei javul\u00e1st vettek \u00e9szre a verb\u00e1lis kifejez\u00e9sm\u00f3dj\u00e1ban \u00e9s a t\u00e1rsadalmi szerepek meg\u00e9rt\u00e9s\u00e9ben.<\/p>\n\n\n\n<p>Az ilyen t\u00edpus\u00fa k\u00f6zvetett tanul\u00e1s szint\u00e9n az \u00e1tfog\u00f3 fejleszt\u00e9s r\u00e9sze.<\/p>\n\n\n\n<h2 class=\"wp-block-heading\"><strong>ScratchJr: Bevezet\u00e9s a sz\u00e1m\u00edt\u00f3g\u00e9pes gondolkod\u00e1sba<\/strong><\/h2>\n\n\n\n<p>A ScratchJr vizu\u00e1lis \u00e9s j\u00e1t\u00e9kos m\u00f3don vezeti be a programoz\u00e1st a kisgyermekek el\u00e9.<\/p>\n\n\n\n<p>Sz\u00ednes blokkok seg\u00edts\u00e9g\u00e9vel a felhaszn\u00e1l\u00f3k interakt\u00edv t\u00f6rt\u00e9neteket alkothatnak, mik\u00f6zben logikus \u00e9s szekvenci\u00e1lis gondolkod\u00e1st fejlesztenek.<\/p>\n\n\n\n<p>Az alkalmaz\u00e1s c\u00e9lja nem a programoz\u00f3k k\u00e9pz\u00e9se, hanem a digit\u00e1lis j\u00f6v\u0151 kulcsfontoss\u00e1g\u00fa kognit\u00edv k\u00e9szs\u00e9geinek \u00f6szt\u00f6nz\u00e9se.<\/p>\n\n\n\n<p>R\u00e1ad\u00e1sul el\u0151seg\u00edti a kreativit\u00e1st \u00e9s a probl\u00e9mamegold\u00f3 k\u00e9pess\u00e9get.<\/p>\n\n\n\n<p>Bel\u00fcl <strong>5 tanul\u00e1sra alkalmas alkalmaz\u00e1s gyerekeknek, amit \u00e9rdemes let\u00f6lteni<\/strong>A ScratchJr k\u00fcl\u00f6n\u00f6sen \u00e9rt\u00e9kes a technol\u00f3giai koncepci\u00f3k technikai bonyolults\u00e1g n\u00e9lk\u00fcli bevezet\u00e9s\u00e9hez.<\/p>\n\n\n\n<h2 class=\"wp-block-heading\"><strong>Lingokids: \u00e1tfog\u00f3 tanul\u00e1s j\u00e1t\u00e9kos megk\u00f6zel\u00edt\u00e9ssel<\/strong><\/h2>\n\n\n\n<p>A Lingokids egyetlen k\u00f6rnyezetben \u00f6tv\u00f6zi az angol nyelvet, a matematik\u00e1t, a term\u00e9szettudom\u00e1nyokat \u00e9s a szoci\u00e1lis-\u00e9rzelmi k\u00e9szs\u00e9geket. Tev\u00e9kenys\u00e9gei j\u00e1t\u00e9kokon, dalokon \u00e9s koroszt\u00e1lynak megfelel\u0151 kih\u00edv\u00e1sokon alapulnak.<\/p>\n\n\n\n<p>B\u00e1r fizet\u0151s verzi\u00f3t k\u00edn\u00e1l, oktat\u00e1si megk\u00f6zel\u00edt\u00e9se \u00f6sszhangban van a nemzetk\u00f6zi oktat\u00e1si szabv\u00e1nyokkal.<\/p>\n\n\n\n<p>A fejl\u0151d\u00e9s nyomon k\u00f6vet\u00e9se lehet\u0151v\u00e9 teszi a csal\u00e1dok sz\u00e1m\u00e1ra, hogy akt\u00edvan t\u00e1mogass\u00e1k a tanul\u00e1st.<\/p>\n\n\n\n<p><strong>2. p\u00e9lda:<\/strong> Egy guadalajarai apa Lingokids-ot haszn\u00e1lt fia angoltud\u00e1s\u00e1nak meger\u0151s\u00edt\u00e9s\u00e9re r\u00f6vid napi id\u0151szakokban.<\/p>\n\n\n\n<p>N\u00e9h\u00e1ny h\u00f3nap m\u00falva a gyermek elkezdte azonos\u00edtani az alapvet\u0151 szavakat \u00e9s kifejez\u00e9seket an\u00e9lk\u00fcl, hogy elutas\u00edtotta volna a nyelvet.<\/p>\n\n\n\n<h2 class=\"wp-block-heading\"><strong>Az aj\u00e1nlott oktat\u00e1si alkalmaz\u00e1sok \u00f6sszehasonl\u00edt\u00f3 t\u00e1bl\u00e1zata<\/strong><\/h2>\n\n\n\n<figure class=\"wp-block-table\"><table><thead><tr><th>Alkalmaz\u00e1s<\/th><th>F\u0151 ter\u00fclet<\/th><th>Aj\u00e1nlott \u00e9letkor<\/th><th>Oktat\u00e1si megk\u00f6zel\u00edt\u00e9s<\/th><\/tr><\/thead><tbody><tr><td>Khan Academy Kids<\/td><td>Olvas\u00e1s \u00e9s matematika<\/td><td>3-7 \u00e9ves korig<\/td><td>Progressz\u00edv<\/td><\/tr><tr><td>Duolingo ABC<\/td><td>M\u0171velts\u00e9g<\/td><td>3-6 \u00e9ves korig<\/td><td>Fonetikus<\/td><\/tr><tr><td>Toca \u00c9letvil\u00e1g<\/td><td>Kreativit\u00e1s<\/td><td>4-9 \u00e9ves korig<\/td><td>Szabad j\u00e1t\u00e9k<\/td><\/tr><tr><td>ScratchJr<\/td><td>Logikus gondolkod\u00e1s<\/td><td>5-7 \u00e9v<\/td><td>Vizu\u00e1lis programoz\u00e1s<\/td><\/tr><tr><td>Lingokid\u00e1k<\/td><td>Angol \u00e9s k\u00e9szs\u00e9gek<\/td><td>3-8 \u00e9ves korig<\/td><td>J\u00e1t\u00e9kos\u00edtott<\/td><\/tr><\/tbody><\/table><figcaption class=\"wp-element-caption\">5 tanul\u00e1sra alkalmas alkalmaz\u00e1s gyerekeknek, amit \u00e9rdemes let\u00f6lteni<\/figcaption><\/figure>\n\n\n\n<p>Ez a t\u00e1bl\u00e1zat \u00f6sszefoglalja, hogy mi\u00e9rt emelkednek ki ezek a lehet\u0151s\u00e9gek a t\u00f6bbi k\u00f6z\u00fcl. <strong>5 tanul\u00e1sra alkalmas alkalmaz\u00e1s gyerekeknek, amit \u00e9rdemes let\u00f6lteni<\/strong>.<\/p>\n\n\n\n<figure class=\"wp-block-gallery has-nested-images columns-default is-cropped wp-block-gallery-2 is-layout-flex wp-block-gallery-is-layout-flex\">\n<figure class=\"wp-block-image size-full\"><img loading=\"lazy\" decoding=\"async\" width=\"450\" height=\"250\" data-id=\"10455\" src=\"https:\/\/universofamilia.com\/wp-content\/uploads\/sites\/148\/2025\/12\/Destaque-Novo-Universo-15.jpg\" alt=\"\" class=\"wp-image-10455\" srcset=\"http:\/\/universofamilia.com\/wp-content\/uploads\/sites\/148\/2025\/12\/Destaque-Novo-Universo-15.jpg 450w, http:\/\/universofamilia.com\/wp-content\/uploads\/sites\/148\/2025\/12\/Destaque-Novo-Universo-15-300x167.jpg 300w, http:\/\/universofamilia.com\/wp-content\/uploads\/sites\/148\/2025\/12\/Destaque-Novo-Universo-15-18x10.jpg 18w\" sizes=\"(max-width: 450px) 100vw, 450px\" \/><figcaption class=\"wp-element-caption\">5 tanul\u00e1sra alkalmas alkalmaz\u00e1s gyerekeknek, amit \u00e9rdemes let\u00f6lteni<\/figcaption><\/figure>\n<\/figure>\n\n\n\n<p>B\u0151vebben:\u00a0<a href=\"http:\/\/universofamilia.com\/hu\/como-resguardar-tu-informacion-personal-en-la-era-digital\/\">Hogyan v\u00e9dheti meg szem\u00e9lyes adatait a digit\u00e1lis korban<\/a><\/p>\n\n\n\n<h2 class=\"wp-block-heading\"><strong>A feln\u0151ttek szerepe a digit\u00e1lis tanul\u00e1sban<\/strong><\/h2>\n\n\n\n<p>Az oktat\u00f3alkalmaz\u00e1sok nem helyettes\u00edtik a feln\u0151tt \u00fatmutat\u00e1st. Akkor a leghat\u00e9konyabbak, ha van t\u00e1mogat\u00e1s, vil\u00e1gos hat\u00e1rok, \u00e9s a tanultakr\u00f3l k\u00e9s\u0151bb megbesz\u00e9l\u00e9seket lehet folytatni.<\/p>\n\n\n\n<p>A fel\u00fcgyelet nem t\u00falzott kontrollt jelent, hanem val\u00f3di \u00e9rdekl\u0151d\u00e9st. Ha megk\u00e9rdezz\u00fck \u0151ket, hogy melyik tev\u00e9kenys\u00e9g tetszett nekik a legjobban, vagy mit fedeztek fel, az meger\u0151s\u00edti a tanul\u00e1st \u00e9s az \u00e9rzelmi k\u00f6tel\u00e9ket.<\/p>\n\n\n\n<p>Ez felveti az elker\u00fclhetetlen k\u00e9rd\u00e9st: mire j\u00f3 egy legjobb oktat\u00f3alkalmaz\u00e1s feln\u0151tt n\u00e9lk\u00fcl, aki ir\u00e1ny\u00edtja a folyamatot?<\/p>\n\n\n\n<h2 class=\"wp-block-heading\"><strong>Egy anal\u00f3gia az oktat\u00e1si alkalmaz\u00e1sok haszn\u00e1lat\u00e1nak meg\u00e9rt\u00e9s\u00e9hez<\/strong><\/h2>\n\n\n\n<p>A tanul\u00f3alkalmaz\u00e1sok olyanok, mint egy interakt\u00edv k\u00f6nyv.<\/p>\n\n\n\n<p>Tartalmat, ingereket \u00e9s lehet\u0151s\u00e9geket k\u00edn\u00e1lnak, de az igazi \u00e9rt\u00e9k akkor keletkezik, amikor valaki elk\u00eds\u00e9ri az olvas\u00e1st, magyar\u00e1z \u00e9s meghallgat.<\/p>\n\n\n\n<p>Ezen t\u00e1mogat\u00e1s n\u00e9lk\u00fcl a hat\u00e1s csek\u00e9ly.<\/p>\n\n\n\n<p>Ez az anal\u00f3gia seg\u00edt meg\u00e9rteni, mi\u00e9rt <strong>5 tanul\u00e1sra alkalmas alkalmaz\u00e1s gyerekeknek, amit \u00e9rdemes let\u00f6lteni<\/strong> Eszk\u00f6zk\u00e9nt kell \u00e9rtelmezni, nem pedig var\u00e1zsmegold\u00e1sk\u00e9nt.<\/p>\n\n\n\n<h2 class=\"wp-block-heading\"><strong>Val\u00f3di el\u0151ny\u00f6k \u00e9s sz\u00fcks\u00e9ges korl\u00e1tok<\/strong><\/h2>\n\n\n\n<p>Az oktat\u00f3alkalmaz\u00e1sok kiegyens\u00falyozott haszn\u00e1lata jav\u00edtja az auton\u00f3mi\u00e1t, er\u0151s\u00edti a kognit\u00edv k\u00e9szs\u00e9geket \u00e9s fel\u00e9breszti a k\u00edv\u00e1ncsis\u00e1got.<\/p>\n\n\n\n<p>A t\u00falzott k\u00e9perny\u0151id\u0151 azonban f\u00e1radts\u00e1ghoz vagy \u00e9rdektelens\u00e9ghez vezethet.<\/p>\n\n\n\n<p>Ez\u00e9rt a szakemberek azt javasolj\u00e1k, hogy hat\u00e1rozz\u00e1k meg az id\u0151pontokat, \u00e9s v\u00e1lts\u00e1k fel a digit\u00e1lis tev\u00e9kenys\u00e9geket a fizikai j\u00e1t\u00e9kkal, a hagyom\u00e1nyos olvas\u00e1ssal \u00e9s a pihen\u00e9ssel.<\/p>\n\n\n\n<p>A kulcs az egyens\u00faly, nem a tilt\u00e1s.<\/p>\n\n\n\n<h2 class=\"wp-block-heading\"><strong>K\u00f6vetkeztet\u00e9s: Oktat\u00e1si c\u00e9l\u00fa technol\u00f3gia<\/strong><\/h2>\n\n\n\n<p>V\u00e1lasszon <strong>5 tanul\u00e1sra alkalmas alkalmaz\u00e1s gyerekeknek, amit \u00e9rdemes let\u00f6lteni<\/strong> Ez mag\u00e1ban foglalja az akt\u00edv r\u00e9szv\u00e9telt a koragyermekkori nevel\u00e9sben.<\/p>\n\n\n\n<p>A technol\u00f3gia, ha megfelel\u0151en haszn\u00e1lj\u00e1k, b\u0151v\u00edti a lehet\u0151s\u00e9geket, meger\u0151s\u00edti a tanul\u00e1st \u00e9s t\u00e1mogatja a holisztikus fejl\u0151d\u00e9st.<\/p>\n\n\n\n<p>Az aj\u00e1nlott alkalmaz\u00e1sok kit\u0171nnek pedag\u00f3giai megk\u00f6zel\u00edt\u00e9s\u00fckkel, tudatos tervez\u00e9s\u00fckkel \u00e9s a gyermekek ritmus\u00e1nak tiszteletben tart\u00e1s\u00e1val.<\/p>\n\n\n\n<p>Feln\u0151tt t\u00e1mogat\u00e1ssal \u00f6tv\u00f6zve a tanul\u00e1s val\u00f3di sz\u00f6vets\u00e9geseiv\u00e9 v\u00e1lnak 2025-ben.<\/p>\n\n\n\n<p>B\u0151vebben:\u00a0<a href=\"https:\/\/universofamilia.com\/hu\/como-la-tecnologia-esta-revolucionando-la-educacion-de-los-ninos\/\">Hogyan forradalmas\u00edtja a technol\u00f3gia a gyermekek oktat\u00e1s\u00e1t<\/a><\/p>\n\n\n\n<h2 class=\"wp-block-heading\"><strong>Gyakran ism\u00e9telt k\u00e9rd\u00e9sek a gyermekeknek sz\u00f3l\u00f3 oktat\u00f3alkalmaz\u00e1sokkal kapcsolatban<\/strong><\/h2>\n\n\n\n<p><strong>Helyettes\u00edtik-e az oktat\u00e1si alkalmaz\u00e1sok az iskol\u00e1t?<\/strong><br>Nem. Kieg\u00e9sz\u00edtik, nem pedig helyettes\u00edtik a form\u00e1lis oktat\u00e1st.<\/p>\n\n\n\n<p><strong>Naponta mennyi id\u0151t aj\u00e1nlott haszn\u00e1lni ezeket az alkalmaz\u00e1sokat?<\/strong><br>Ez az \u00e9letkort\u00f3l f\u00fcgg, de a r\u00f6vid, fel\u00fcgyelt foglalkoz\u00e1sok \u00e1ltal\u00e1ban hat\u00e9konyabbak.<\/p>\n\n\n\n<p><strong>Minden oktat\u00e1si alkalmaz\u00e1s biztons\u00e1gos?<\/strong><br>Nem. C\u00e9lszer\u0171 ellen\u0151rizni a fejleszt\u0151t, a v\u00e9lem\u00e9nyeket \u00e9s az adatv\u00e9delmi ir\u00e1nyelveket.<\/p>\n\n\n\n<p><strong>Meg\u00e9ri-e fizetni az oktat\u00f3alkalmaz\u00e1sok\u00e9rt?<\/strong><br>Bizonyos esetekben igen, felt\u00e9ve, hogy szil\u00e1rd oktat\u00e1si tartalmat k\u00edn\u00e1lnak rekl\u00e1mok n\u00e9lk\u00fcl.<\/p>\n\n\n\n<p>\u00c9rtsd meg \u00e9s alkalmazd <strong>5 tanul\u00e1sra alkalmas alkalmaz\u00e1s gyerekeknek, amit \u00e9rdemes let\u00f6lteni<\/strong> Lehet\u0151v\u00e9 teszi, hogy tudatos, felel\u0151ss\u00e9gteljes \u00e9s val\u00f3ban oktat\u00f3 jelleg\u0171 m\u00f3don haszn\u00e1ld ki a technol\u00f3gia adta lehet\u0151s\u00e9geket.<\/p>","protected":false},"excerpt":{"rendered":"<p>Az \u201e5 let\u00f6lthet\u0151 tanul\u00e1si alkalmaz\u00e1s gyerekeknek\u201d egyre gyakoribb keres\u00e9s az any\u00e1k, ap\u00e1k \u00e9s gondoz\u00f3k k\u00f6r\u00e9ben, akik 2025-ben tudatosan szeretn\u00e9k t\u00e1mogatni gyermek\u00fck fejl\u0151d\u00e9s\u00e9t. Manaps\u00e1g a digit\u00e1lis oktat\u00e1s m\u00e1r nem alkalmi er\u0151forr\u00e1s, hanem mindennapi sz\u00f6vets\u00e9gess\u00e9 v\u00e1lt a kognit\u00edv k\u00e9szs\u00e9gek stimul\u00e1l\u00e1s\u00e1ban, [\u2026]<\/p>","protected":false},"author":219,"featured_media":10453,"comment_status":"closed","ping_status":"open","sticky":false,"template":"","format":"standard","meta":{"footnotes":""},"categories":[3],"tags":[],"yoast_head":"<!-- This site is optimized with the Yoast SEO plugin v23.3 - https:\/\/yoast.com\/wordpress\/plugins\/seo\/ -->\n<title>5 apps de aprendizaje para ni\u00f1os que vale la pena descargar - Universo Fam\u00edlia<\/title>\n<meta name=\"description\" content=\"5 apps de aprendizaje para ni\u00f1os que vale la pena descargar es una b\u00fasqueda cada vez m\u00e1s com\u00fan entre madres, padres y cuidadores que desean.\" \/>\n<meta name=\"robots\" content=\"index, follow, max-snippet:-1, max-image-preview:large, max-video-preview:-1\" \/>\n<link rel=\"canonical\" href=\"http:\/\/universofamilia.com\/hu\/5-apps-de-aprendizaje-para-ninos\/\" \/>\n<meta property=\"og:locale\" content=\"hu_HU\" \/>\n<meta property=\"og:type\" content=\"article\" \/>\n<meta property=\"og:title\" content=\"5 apps de aprendizaje para ni\u00f1os que vale la pena descargar - Universo Fam\u00edlia\" \/>\n<meta property=\"og:description\" content=\"5 apps de aprendizaje para ni\u00f1os que vale la pena descargar es una b\u00fasqueda cada vez m\u00e1s com\u00fan entre madres, padres y cuidadores que desean.\" \/>\n<meta property=\"og:url\" content=\"http:\/\/universofamilia.com\/hu\/5-apps-de-aprendizaje-para-ninos\/\" \/>\n<meta property=\"og:site_name\" content=\"Universo Fam\u00edlia\" \/>\n<meta property=\"article:published_time\" content=\"2025-12-22T15:15:54+00:00\" \/>\n<meta property=\"article:modified_time\" content=\"2025-12-22T15:17:08+00:00\" \/>\n<meta property=\"og:image\" content=\"https:\/\/universofamilia.com\/wp-content\/uploads\/sites\/148\/2025\/12\/Destaque-Novo-Universo-14.jpg\" \/>\n\t<meta property=\"og:image:width\" content=\"450\" \/>\n\t<meta property=\"og:image:height\" content=\"250\" \/>\n\t<meta property=\"og:image:type\" content=\"image\/jpeg\" \/>\n<meta name=\"author\" content=\"Matheus Sangaletti\" \/>\n<meta name=\"twitter:card\" content=\"summary_large_image\" \/>\n<meta name=\"twitter:label1\" content=\"Written by\" \/>\n\t<meta name=\"twitter:data1\" content=\"Matheus Sangaletti\" \/>\n\t<meta name=\"twitter:label2\" content=\"Est. reading time\" \/>\n\t<meta name=\"twitter:data2\" content=\"8 perc\" \/>\n<script type=\"application\/ld+json\" class=\"yoast-schema-graph\">{\"@context\":\"https:\/\/schema.org\",\"@graph\":[{\"@type\":\"WebPage\",\"@id\":\"https:\/\/universofamilia.com\/5-apps-de-aprendizaje-para-ninos\/\",\"url\":\"https:\/\/universofamilia.com\/5-apps-de-aprendizaje-para-ninos\/\",\"name\":\"5 apps de aprendizaje para ni\u00f1os que vale la pena descargar - Universo Fam\u00edlia\",\"isPartOf\":{\"@id\":\"http:\/\/universofamilia.com\/zh_hk\/#website\"},\"primaryImageOfPage\":{\"@id\":\"https:\/\/universofamilia.com\/5-apps-de-aprendizaje-para-ninos\/#primaryimage\"},\"image\":{\"@id\":\"https:\/\/universofamilia.com\/5-apps-de-aprendizaje-para-ninos\/#primaryimage\"},\"thumbnailUrl\":\"http:\/\/universofamilia.com\/wp-content\/uploads\/sites\/148\/2025\/12\/Destaque-Novo-Universo-14.jpg\",\"datePublished\":\"2025-12-22T15:15:54+00:00\",\"dateModified\":\"2025-12-22T15:17:08+00:00\",\"author\":{\"@id\":\"http:\/\/universofamilia.com\/zh_hk\/#\/schema\/person\/92fcd07e9b1f4323bf74f3170fc0f78a\"},\"description\":\"5 apps de aprendizaje para ni\u00f1os que vale la pena descargar es una b\u00fasqueda cada vez m\u00e1s com\u00fan entre madres, padres y cuidadores que desean.\",\"breadcrumb\":{\"@id\":\"https:\/\/universofamilia.com\/5-apps-de-aprendizaje-para-ninos\/#breadcrumb\"},\"inLanguage\":\"hu\",\"potentialAction\":[{\"@type\":\"ReadAction\",\"target\":[\"https:\/\/universofamilia.com\/5-apps-de-aprendizaje-para-ninos\/\"]}]},{\"@type\":\"ImageObject\",\"inLanguage\":\"hu\",\"@id\":\"https:\/\/universofamilia.com\/5-apps-de-aprendizaje-para-ninos\/#primaryimage\",\"url\":\"http:\/\/universofamilia.com\/wp-content\/uploads\/sites\/148\/2025\/12\/Destaque-Novo-Universo-14.jpg\",\"contentUrl\":\"http:\/\/universofamilia.com\/wp-content\/uploads\/sites\/148\/2025\/12\/Destaque-Novo-Universo-14.jpg\",\"width\":450,\"height\":250,\"caption\":\"5 apps de aprendizaje para ni\u00f1os que vale la pena descargar\"},{\"@type\":\"BreadcrumbList\",\"@id\":\"https:\/\/universofamilia.com\/5-apps-de-aprendizaje-para-ninos\/#breadcrumb\",\"itemListElement\":[{\"@type\":\"ListItem\",\"position\":1,\"name\":\"Home\",\"item\":\"http:\/\/universofamilia.com\/zh_hk\/\"},{\"@type\":\"ListItem\",\"position\":2,\"name\":\"5 apps de aprendizaje para ni\u00f1os que vale la pena descargar\"}]},{\"@type\":\"WebSite\",\"@id\":\"http:\/\/universofamilia.com\/zh_hk\/#website\",\"url\":\"http:\/\/universofamilia.com\/zh_hk\/\",\"name\":\"Universo Fam\u00edlia\",\"description\":\"\",\"potentialAction\":[{\"@type\":\"SearchAction\",\"target\":{\"@type\":\"EntryPoint\",\"urlTemplate\":\"http:\/\/universofamilia.com\/zh_hk\/?s={search_term_string}\"},\"query-input\":\"required name=search_term_string\"}],\"inLanguage\":\"hu\"},{\"@type\":\"Person\",\"@id\":\"http:\/\/universofamilia.com\/zh_hk\/#\/schema\/person\/92fcd07e9b1f4323bf74f3170fc0f78a\",\"name\":\"Matheus Sangaletti\",\"image\":{\"@type\":\"ImageObject\",\"inLanguage\":\"hu\",\"@id\":\"http:\/\/universofamilia.com\/zh_hk\/#\/schema\/person\/image\/\",\"url\":\"http:\/\/2.gravatar.com\/avatar\/280ea957a14a48e6a1ad2133d2cc27c9?s=96&d=mm&r=g\",\"contentUrl\":\"http:\/\/2.gravatar.com\/avatar\/280ea957a14a48e6a1ad2133d2cc27c9?s=96&d=mm&r=g\",\"caption\":\"Matheus Sangaletti\"},\"url\":\"http:\/\/universofamilia.com\/hu\/author\/matheuss\/\"}]}<\/script>\n<!-- \/ Yoast SEO plugin. -->","yoast_head_json":{"title":"5 apps de aprendizaje para ni\u00f1os que vale la pena descargar - Universo Fam\u00edlia","description":"5 apps de aprendizaje para ni\u00f1os que vale la pena descargar es una b\u00fasqueda cada vez m\u00e1s com\u00fan entre madres, padres y cuidadores que desean.","robots":{"index":"index","follow":"follow","max-snippet":"max-snippet:-1","max-image-preview":"max-image-preview:large","max-video-preview":"max-video-preview:-1"},"canonical":"http:\/\/universofamilia.com\/hu\/5-apps-de-aprendizaje-para-ninos\/","og_locale":"hu_HU","og_type":"article","og_title":"5 apps de aprendizaje para ni\u00f1os que vale la pena descargar - Universo Fam\u00edlia","og_description":"5 apps de aprendizaje para ni\u00f1os que vale la pena descargar es una b\u00fasqueda cada vez m\u00e1s com\u00fan entre madres, padres y cuidadores que desean.","og_url":"http:\/\/universofamilia.com\/hu\/5-apps-de-aprendizaje-para-ninos\/","og_site_name":"Universo Fam\u00edlia","article_published_time":"2025-12-22T15:15:54+00:00","article_modified_time":"2025-12-22T15:17:08+00:00","og_image":[{"width":450,"height":250,"url":"https:\/\/universofamilia.com\/wp-content\/uploads\/sites\/148\/2025\/12\/Destaque-Novo-Universo-14.jpg","type":"image\/jpeg"}],"author":"Matheus Sangaletti","twitter_card":"summary_large_image","twitter_misc":{"Written by":"Matheus Sangaletti","Est. reading time":"8 perc"},"schema":{"@context":"https:\/\/schema.org","@graph":[{"@type":"WebPage","@id":"https:\/\/universofamilia.com\/5-apps-de-aprendizaje-para-ninos\/","url":"https:\/\/universofamilia.com\/5-apps-de-aprendizaje-para-ninos\/","name":"5 apps de aprendizaje para ni\u00f1os que vale la pena descargar - Universo Fam\u00edlia","isPartOf":{"@id":"http:\/\/universofamilia.com\/zh_hk\/#website"},"primaryImageOfPage":{"@id":"https:\/\/universofamilia.com\/5-apps-de-aprendizaje-para-ninos\/#primaryimage"},"image":{"@id":"https:\/\/universofamilia.com\/5-apps-de-aprendizaje-para-ninos\/#primaryimage"},"thumbnailUrl":"http:\/\/universofamilia.com\/wp-content\/uploads\/sites\/148\/2025\/12\/Destaque-Novo-Universo-14.jpg","datePublished":"2025-12-22T15:15:54+00:00","dateModified":"2025-12-22T15:17:08+00:00","author":{"@id":"http:\/\/universofamilia.com\/zh_hk\/#\/schema\/person\/92fcd07e9b1f4323bf74f3170fc0f78a"},"description":"5 apps de aprendizaje para ni\u00f1os que vale la pena descargar es una b\u00fasqueda cada vez m\u00e1s com\u00fan entre madres, padres y cuidadores que desean.","breadcrumb":{"@id":"https:\/\/universofamilia.com\/5-apps-de-aprendizaje-para-ninos\/#breadcrumb"},"inLanguage":"hu","potentialAction":[{"@type":"ReadAction","target":["https:\/\/universofamilia.com\/5-apps-de-aprendizaje-para-ninos\/"]}]},{"@type":"ImageObject","inLanguage":"hu","@id":"https:\/\/universofamilia.com\/5-apps-de-aprendizaje-para-ninos\/#primaryimage","url":"http:\/\/universofamilia.com\/wp-content\/uploads\/sites\/148\/2025\/12\/Destaque-Novo-Universo-14.jpg","contentUrl":"http:\/\/universofamilia.com\/wp-content\/uploads\/sites\/148\/2025\/12\/Destaque-Novo-Universo-14.jpg","width":450,"height":250,"caption":"5 apps de aprendizaje para ni\u00f1os que vale la pena descargar"},{"@type":"BreadcrumbList","@id":"https:\/\/universofamilia.com\/5-apps-de-aprendizaje-para-ninos\/#breadcrumb","itemListElement":[{"@type":"ListItem","position":1,"name":"Home","item":"http:\/\/universofamilia.com\/zh_hk\/"},{"@type":"ListItem","position":2,"name":"5 apps de aprendizaje para ni\u00f1os que vale la pena descargar"}]},{"@type":"WebSite","@id":"http:\/\/universofamilia.com\/zh_hk\/#website","url":"http:\/\/universofamilia.com\/zh_hk\/","name":"Universo Fam\u00edlia","description":"","potentialAction":[{"@type":"SearchAction","target":{"@type":"EntryPoint","urlTemplate":"http:\/\/universofamilia.com\/zh_hk\/?s={search_term_string}"},"query-input":"required name=search_term_string"}],"inLanguage":"hu"},{"@type":"Person","@id":"http:\/\/universofamilia.com\/zh_hk\/#\/schema\/person\/92fcd07e9b1f4323bf74f3170fc0f78a","name":"Matheus Sangaletti","image":{"@type":"ImageObject","inLanguage":"hu","@id":"http:\/\/universofamilia.com\/zh_hk\/#\/schema\/person\/image\/","url":"http:\/\/2.gravatar.com\/avatar\/280ea957a14a48e6a1ad2133d2cc27c9?s=96&d=mm&r=g","contentUrl":"http:\/\/2.gravatar.com\/avatar\/280ea957a14a48e6a1ad2133d2cc27c9?s=96&d=mm&r=g","caption":"Matheus Sangaletti"},"url":"http:\/\/universofamilia.com\/hu\/author\/matheuss\/"}]}},"_links":{"self":[{"href":"http:\/\/universofamilia.com\/hu\/wp-json\/wp\/v2\/posts\/10452"}],"collection":[{"href":"http:\/\/universofamilia.com\/hu\/wp-json\/wp\/v2\/posts"}],"about":[{"href":"http:\/\/universofamilia.com\/hu\/wp-json\/wp\/v2\/types\/post"}],"author":[{"embeddable":true,"href":"http:\/\/universofamilia.com\/hu\/wp-json\/wp\/v2\/users\/219"}],"replies":[{"embeddable":true,"href":"http:\/\/universofamilia.com\/hu\/wp-json\/wp\/v2\/comments?post=10452"}],"version-history":[{"count":1,"href":"http:\/\/universofamilia.com\/hu\/wp-json\/wp\/v2\/posts\/10452\/revisions"}],"predecessor-version":[{"id":10458,"href":"http:\/\/universofamilia.com\/hu\/wp-json\/wp\/v2\/posts\/10452\/revisions\/10458"}],"wp:featuredmedia":[{"embeddable":true,"href":"http:\/\/universofamilia.com\/hu\/wp-json\/wp\/v2\/media\/10453"}],"wp:attachment":[{"href":"http:\/\/universofamilia.com\/hu\/wp-json\/wp\/v2\/media?parent=10452"}],"wp:term":[{"taxonomy":"category","embeddable":true,"href":"http:\/\/universofamilia.com\/hu\/wp-json\/wp\/v2\/categories?post=10452"},{"taxonomy":"post_tag","embeddable":true,"href":"http:\/\/universofamilia.com\/hu\/wp-json\/wp\/v2\/tags?post=10452"}],"curies":[{"name":"wp","href":"https:\/\/api.w.org\/{rel}","templated":true}]}}