{"id":10464,"date":"2025-12-26T12:09:03","date_gmt":"2025-12-26T15:09:03","guid":{"rendered":"https:\/\/universofamilia.com\/?p=10464"},"modified":"2025-12-26T12:09:05","modified_gmt":"2025-12-26T15:09:05","slug":"las-preguntas-de-entrevista-mas-comunes-de-2025","status":"publish","type":"post","link":"http:\/\/universofamilia.com\/hu\/las-preguntas-de-entrevista-mas-comunes-de-2025\/","title":{"rendered":"A leggyakoribb interj\u00fak\u00e9rd\u00e9sek 2025-ben"},"content":{"rendered":"<p class=\"has-text-align-center\"><strong>A leggyakoribb interj\u00fak\u00e9rd\u00e9sek 2025-ben<\/strong> Egy olyan munkaer\u0151piacot t\u00fckr\u00f6znek, amely minden eddigin\u00e9l digit\u00e1lisabb, emberibb \u00e9s strat\u00e9giaibb.<\/p>\n\n\n\n<figure class=\"wp-block-gallery has-nested-images columns-default is-cropped wp-block-gallery-1 is-layout-flex wp-block-gallery-is-layout-flex\">\n<figure class=\"wp-block-image size-full\"><img loading=\"lazy\" decoding=\"async\" width=\"450\" height=\"250\" data-id=\"10465\" src=\"https:\/\/universofamilia.com\/wp-content\/uploads\/sites\/148\/2025\/12\/Destaque-Novo-Universo-18.jpg\" alt=\"\" class=\"wp-image-10465\" srcset=\"http:\/\/universofamilia.com\/wp-content\/uploads\/sites\/148\/2025\/12\/Destaque-Novo-Universo-18.jpg 450w, http:\/\/universofamilia.com\/wp-content\/uploads\/sites\/148\/2025\/12\/Destaque-Novo-Universo-18-300x167.jpg 300w, http:\/\/universofamilia.com\/wp-content\/uploads\/sites\/148\/2025\/12\/Destaque-Novo-Universo-18-18x10.jpg 18w\" sizes=\"(max-width: 450px) 100vw, 450px\" \/><figcaption class=\"wp-element-caption\">A leggyakoribb interj\u00fak\u00e9rd\u00e9sek 2025-ben<\/figcaption><\/figure>\n<\/figure>\n\n\n\n<p class=\"has-text-align-center\">Egy olyan k\u00f6rnyezetben, ahol a virtu\u00e1lis folyamatok, a mesters\u00e9ges intelligencia a toborz\u00e1sban \u00e9s a glob\u00e1lis csapatok egy\u00fctt l\u00e9teznek, az interj\u00fak m\u00e1r nem kiz\u00e1r\u00f3lag az \u00f6n\u00e9letrajzra \u00f6sszpontos\u00edtanak.<\/p>\n\n\n\n<p class=\"has-text-align-center\">Ma a kritikai gondolkod\u00e1st, az alkalmazkod\u00f3k\u00e9pess\u00e9get \u00e9s a szakmai k\u00f6vetkezetess\u00e9get \u00e9rt\u00e9kelik.<\/p>\n\n\n\n<p>Miel\u0151tt tov\u00e1bbl\u00e9pn\u00e9nk, \u00edme egy r\u00f6vid \u00f6sszefoglal\u00f3 az olvas\u00e1s elsaj\u00e1t\u00edt\u00e1s\u00e1hoz: hogyan v\u00e1ltozott az interj\u00fakhoz val\u00f3 hozz\u00e1\u00e1ll\u00e1s 2025-ben, mit keresnek val\u00f3j\u00e1ban a v\u00e1llalatok, \u00e9s melyek a leggyakrabban feltett k\u00e9rd\u00e9skateg\u00f3ri\u00e1k.<\/p>\n\n\n\n<p>Hogyan v\u00e1laszoljunk an\u00e9lk\u00fcl, hogy \u00e1ltal\u00e1nosnak t\u0171nne, relev\u00e1ns statisztik\u00e1val, k\u00e9t val\u00f3s p\u00e9ld\u00e1val, vil\u00e1gos anal\u00f3gi\u00e1val, egy gyakorlatias t\u00e1bl\u00e1zattal \u00e9s egy gyakran ism\u00e9telt k\u00e9rd\u00e9sekb\u0151l \u00e1ll\u00f3 blokkal.<\/p>\n\n\n\n<h2 class=\"wp-block-heading\"><strong>Mi\u00e9rt v\u00e1ltoztak meg ennyire az interj\u00fak 2025-ben?<\/strong><\/h2>\n\n\n\n<p>A munka \u00e1talakul\u00e1sa felgyors\u00edtotta a kiv\u00e1laszt\u00e1si folyamatok m\u00e9lyrehat\u00f3 fejl\u0151d\u00e9s\u00e9t.<\/p>\n\n\n\n<p>Az automatiz\u00e1l\u00e1s, a t\u00e1vmunka \u00e9s a szakemberek hi\u00e1nya arra k\u00e9nyszer\u00edtette a v\u00e1llalatokat, hogy finom\u00edts\u00e1k k\u00e9rd\u00e9seiket.<\/p>\n\n\n\n<p>M\u00e1r nem el\u00e9g a tapasztalatokat meger\u0151s\u00edteni; most m\u00e1r fontos meg\u00e9rteni, hogyan gondolkodsz, d\u00f6ntesz \u00e9s alkalmazkodsz.<\/p>\n\n\n\n<p>A szerint <strong>A Vil\u00e1ggazdas\u00e1gi F\u00f3rum jelent\u00e9se a munkahelyek j\u00f6v\u0151j\u00e9r\u0151l<\/strong>A soft skillek, a folyamatos tanul\u00e1s k\u00e9pess\u00e9ge \u00e9s az \u00f6sszetett probl\u00e9m\u00e1k megold\u00e1s\u00e1nak k\u00e9pess\u00e9ge a munkaad\u00f3k \u00e1ltal vil\u00e1gszerte a legink\u00e1bb \u00e9rt\u00e9kelt k\u00e9szs\u00e9gek k\u00f6z\u00e9 tartozik.<\/p>\n\n\n\n<p>Ez a trend magyar\u00e1zza, hogy a jelenlegi interj\u00fak mi\u00e9rt m\u00e9lyebben vizsg\u00e1lj\u00e1k a szem\u00e9lyes viselked\u00e9st \u00e9s krit\u00e9riumokat.<\/p>\n\n\n\n<h2 class=\"wp-block-heading\"><strong>Amit a toborz\u00f3k val\u00f3j\u00e1ban keresnek manaps\u00e1g<\/strong><\/h2>\n\n\n\n<p>Minden k\u00e9rd\u00e9s m\u00f6g\u00f6tt egy\u00e9rtelm\u0171 sz\u00e1nd\u00e9k \u00e1ll. A toborz\u00f3 \u00f6sszhangot keres ak\u00f6z\u00f6tt, amit mondasz, amit tett\u00e9l, \u00e9s amit hozz\u00e1 tudn\u00e1l tenni.<\/p>\n\n\n\n<p>Emellett vil\u00e1gosan kommunik\u00e1lja az \u00f6tleteit, kezeli a nyom\u00e1st, \u00e9s szakmai \u0151szintes\u00e9get mutat.<\/p>\n\n\n\n<p>A j\u00f3 v\u00e1laszad\u00e1s nem azt jelenti, hogy kifejez\u00e9seket kell memoriz\u00e1lni, hanem ink\u00e1bb azt, hogy meg\u00e9rtj\u00fck az egyes \u00e1ll\u00edt\u00e1sok c\u00e9lj\u00e1t. Amikor felismerj\u00fck ezt a logik\u00e1t, a diskurzusunk term\u00e9szetesebb\u00e9 \u00e9s hihet\u0151bb\u00e9 v\u00e1lik.<\/p>\n\n\n\n<h2 class=\"wp-block-heading\"><strong>K\u00e9rd\u00e9sek a karrier\u00fattal kapcsolatban<\/strong><\/h2>\n\n\n\n<p>A tapasztalat tov\u00e1bbra is az egyik f\u0151 kateg\u00f3ria, b\u00e1r m\u00e1s hangs\u00falyt kap. Az el\u0151z\u0151 poz\u00edci\u00f3 m\u00e1r nem az egyetlen t\u00e9nyez\u0151; a l\u00e9trehozott hat\u00e1s az, ami sz\u00e1m\u00edt.<\/p>\n\n\n\n<p>Ilyen k\u00e9rd\u00e9sek jelennek meg itt:<\/p>\n\n\n\n<ul>\n<li>Mes\u00e9lj a poz\u00edci\u00f3hoz legrelev\u00e1nsabb tapasztalatodr\u00f3l.<\/li>\n\n\n\n<li>Mit tanult\u00e1l az el\u0151z\u0151 munkak\u00f6r\u00f6dben, amit ma jobban tudn\u00e1l alkalmazni?<\/li>\n<\/ul>\n\n\n\n<p>A hangs\u00faly a tanul\u00e1son \u00e9s az evol\u00faci\u00f3n van, nem a funkci\u00f3k list\u00e1j\u00e1n.<\/p>\n\n\n\n<h3 class=\"wp-block-heading\"><strong>1. p\u00e9lda<\/strong><\/h3>\n\n\n\n<p>Egy adatelemz\u0151 elmagyar\u00e1zta, hogyan jutott el a jelent\u00e9sek k\u00e9sz\u00edt\u00e9s\u00e9t\u0151l az \u00fczleti fejleszt\u00e9sek javaslat\u00e1ig a megl\u00e1t\u00e1sok alapj\u00e1n.<\/p>\n\n\n\n<p>Ez a narrat\u00edva n\u00f6veked\u00e9st, kezdem\u00e9nyez\u0151k\u00e9szs\u00e9get \u00e9s az \u00fczleti c\u00e9lokkal val\u00f3 \u00f6sszhangot mutatott.<\/p>\n\n\n\n<h2 class=\"wp-block-heading\"><strong>K\u00e9rd\u00e9sek a kulcskompetenci\u00e1kkal \u00e9s -k\u00e9szs\u00e9gekkel kapcsolatban<\/strong><\/h2>\n\n\n\n<p>2025-re a v\u00e1llalatok az \u00e1tadhat\u00f3 k\u00e9szs\u00e9geket fogj\u00e1k el\u0151t\u00e9rbe helyezni. Ez\u00e9rt mer\u00fclnek fel olyan k\u00e9rd\u00e9sek, amelyek val\u00f3s helyzetekre, nem pedig elm\u00e9letekre \u00f6sszpontos\u00edtanak.<\/p>\n\n\n\n<p>N\u00e9h\u00e1ny a leggyakoribbak k\u00f6z\u00fcl:<\/p>\n\n\n\n<ul>\n<li>Hogyan kezeled a priorit\u00e1saidban bek\u00f6vetkez\u0151 v\u00e1ratlan v\u00e1ltoz\u00e1sokat?<\/li>\n\n\n\n<li>\u00cdrj le egy olyan helyzetet, amikor gyorsan kellett valami \u00fajat megtanulnod.<\/li>\n<\/ul>\n\n\n\n<p>Ez a fajta k\u00e9rd\u00e9s az alkalmazkod\u00f3k\u00e9pess\u00e9get \u00e9s a fejl\u0151d\u00e9sre val\u00f3 gondolkod\u00e1sm\u00f3dot m\u00e9ri.<\/p>\n\n\n\n<h2 class=\"wp-block-heading\"><strong>Digit\u00e1lis k\u00e9szs\u00e9gek felm\u00e9r\u00e9se \u00e9s t\u00e1vmunka<\/strong><\/h2>\n\n\n\n<p>A technol\u00f3giai j\u00e1rtass\u00e1g m\u00e1r nem csak a m\u0171szaki profilokra jellemz\u0151. Szinte minden munkak\u00f6rh\u00f6z digit\u00e1lis foly\u00e9konys\u00e1g \u00e9s hat\u00e9kony t\u00e1voli kommunik\u00e1ci\u00f3 sz\u00fcks\u00e9ges.<\/p>\n\n\n\n<p>Emiatt gyakran hallani a szervez\u00e9ssel, a virtu\u00e1lis egy\u00fcttm\u0171k\u00f6d\u00e9ssel \u00e9s az \u00f6nmenedzsel\u00e9ssel kapcsolatos k\u00e9rd\u00e9seket. Nem szoftverszak\u00e9rt\u0151ket keresnek, hanem ink\u00e1bb a digit\u00e1lis k\u00f6rnyezetben m\u0171k\u00f6d\u0151k\u00e9pes szakembereket.<\/p>\n\n\n\n<h2 class=\"wp-block-heading\"><strong>K\u00e9rd\u00e9sek a kult\u00far\u00e1r\u00f3l \u00e9s az \u00e9rt\u00e9kekr\u0151l<\/strong><\/h2>\n\n\n\n<p>A v\u00e1llalatok r\u00e1j\u00f6ttek, hogy a kiz\u00e1r\u00f3lag m\u0171szaki k\u00e9szs\u00e9gek miatti felv\u00e9tel hossz\u00fa t\u00e1v\u00fa s\u00farl\u00f3d\u00e1sokhoz vezet. K\u00f6vetkez\u00e9sk\u00e9ppen a kultur\u00e1lis kompatibilit\u00e1s fontosabb\u00e1 v\u00e1lt.<\/p>\n\n\n\n<p>Az olyan k\u00e9rd\u00e9sek, mint a \u201emit \u00e9rt\u00e9kelsz egy munkacsoportban?\u201d vagy a \u201emilyen vezet\u00e9si t\u00edpus motiv\u00e1l?\u201d, felt\u00e1rj\u00e1k az elv\u00e1r\u00e1sokat, a korl\u00e1tokat \u00e9s a professzion\u00e1lis st\u00edlust.<\/p>\n\n\n\n<p>Az \u0151szinte v\u00e1laszad\u00e1s hat\u00e9konyabb, mint a kedv\u00e9ben j\u00e1r\u00e1s.<\/p>\n\n\n\n<h2 class=\"wp-block-heading\"><strong>A k\u00e9rd\u00e9s, ami szinte mindig felmer\u00fcl<\/strong><\/h2>\n\n\n\n<p>K\u00f6z\u00f6tt <strong>A leggyakoribb interj\u00fak\u00e9rd\u00e9sek 2025-ben<\/strong>Van egy, ami tov\u00e1bbra is \u00e9rv\u00e9nyes, b\u00e1r \u00e1rnyalatokkal:<br><strong>Mik az er\u0151ss\u00e9geid \u00e9s a fejlesztend\u0151 ter\u00fcleteid?<\/strong><\/p>\n\n\n\n<p>A kulcs az egyens\u00faly. Egy val\u00f3di gyenges\u00e9g elismer\u00e9se, a jav\u00edt\u00e1s\u00e1ra ir\u00e1nyul\u00f3 konkr\u00e9t l\u00e9p\u00e9sekkel p\u00e1rosulva, \u00e9retts\u00e9get \u00e9s \u00f6nismeretet k\u00f6zvet\u00edt.<\/p>\n\n\n\n<p>Az el\u0151re elk\u00e9sz\u00edtett v\u00e1laszok elker\u00fcl\u00e9se mindent megv\u00e1ltoztat.<\/p>\n\n\n\n<h2 class=\"wp-block-heading\"><strong>Probl\u00e9mamegold\u00e1ssal kapcsolatos k\u00e9rd\u00e9sek<\/strong><\/h2>\n\n\n\n<p>A szervezetek olyan szem\u00e9lyeket keresnek, akik k\u00e9pesek elemezni, d\u00f6nteni \u00e9s cselekedni. Ez\u00e9rt az interj\u00fak hipotetikus forgat\u00f3k\u00f6nyveket vagy m\u00faltbeli tapasztalatokat is tartalmaznak.<\/p>\n\n\n\n<p>Nincs egyetlen v\u00e1lasz. A l\u00e9nyeg az, hogy elmagyar\u00e1zd az \u00e9rvel\u00e9sedet, a m\u00e9rlegelt alternat\u00edv\u00e1kat \u00e9s az el\u00e9rt eredm\u00e9nyt. Ez a folyamat felt\u00e1rja a gondolkod\u00e1sm\u00f3dodat.<\/p>\n\n\n\n<h3 class=\"wp-block-heading\"><strong>2. p\u00e9lda<\/strong><\/h3>\n\n\n\n<p>Egy junior menedzser elmes\u00e9lte, hogyan oldott meg egy r\u00e9szlegek k\u00f6z\u00f6tti konfliktust az adatok rangsorol\u00e1s\u00e1val, a p\u00e1rbesz\u00e9ddel \u00e9s az egy\u00e9rtelm\u0171 meg\u00e1llapod\u00e1sokkal. A v\u00e9gs\u0151 megold\u00e1sn\u00e1l fontosabbnak tartotta struktur\u00e1lt \u00e9s empatikus megk\u00f6zel\u00edt\u00e9s\u00e9t.<\/p>\n\n\n\n<h2 class=\"wp-block-heading\"><strong>K\u00e9rd\u00e9sek a motiv\u00e1ci\u00f3r\u00f3l \u00e9s a c\u00e9lr\u00f3l<\/strong><\/h2>\n\n\n\n<p>Egy nagy fluktu\u00e1ci\u00f3j\u00fa piacon a v\u00e1llalatok meg akarj\u00e1k \u00e9rteni, mi\u00e9rt \u00e9rdekl\u0151dsz a poz\u00edci\u00f3 ir\u00e1nt.<\/p>\n\n\n\n<p>Az olyan k\u00e9rd\u00e9sek, mint a \u201eMi motiv\u00e1l ebben a szerepben?\u201d vagy a \u201eHol l\u00e1tod magad h\u00e1rom \u00e9v m\u00falva?\u201d, az elv\u00e1r\u00e1sokra \u00e9s az elk\u00f6telezetts\u00e9gre utalnak.<\/p>\n\n\n\n<p>Ha a szakmai c\u00e9lok, \u00e9s nem csak a fizet\u00e9s szempontj\u00e1b\u00f3l v\u00e1laszolunk, er\u0151sebb kapcsolatot alak\u00edtunk ki az interj\u00faztat\u00f3val.<\/p>\n\n\n\n<h2 class=\"wp-block-heading\"><strong>Az anal\u00f3gia, amely seg\u00edt meg\u00e9rteni a folyamatot<\/strong><\/h2>\n\n\n\n<p>2025-ben interj\u00fara v\u00e1laszolni olyan lesz, mint <strong>navig\u00e1ci\u00f3 GPS-szel<\/strong>.<\/p>\n\n\n\n<p>A c\u00e9l egy\u00e9rtelm\u0171, de az igazi \u00e9rt\u00e9k abban rejlik, hogyan v\u00e1lasztod meg az \u00fatvonalat, hogyan reag\u00e1lsz a ker\u00fcl\u0151utakra, \u00e9s mennyire vagy tudat\u00e1ban a megtett \u00fatnak.<\/p>\n\n\n\n<h2 class=\"wp-block-heading\"><strong>T\u00e1bl\u00e1zat: A leggyakoribb k\u00e9rd\u00e9st\u00edpusok 2025-ben<\/strong><\/h2>\n\n\n\n<figure class=\"wp-block-table\"><table><thead><tr><th>K\u00e9rd\u00e9s t\u00edpusa<\/th><th>Amit els\u0151sorban \u00e9rt\u00e9kel<\/th><\/tr><\/thead><tbody><tr><td>Szakmai karrier<\/td><td>Evol\u00faci\u00f3 \u00e9s tanul\u00e1s<\/td><\/tr><tr><td>K\u00e9szs\u00e9gek<\/td><td>Alkalmazkod\u00f3k\u00e9pess\u00e9g \u00e9s soft skillek<\/td><\/tr><tr><td>Digit\u00e1lis \u00e9s t\u00e1vir\u00e1ny\u00edt\u00f3s<\/td><td>Auton\u00f3mia \u00e9s szervezetts\u00e9g<\/td><\/tr><tr><td>Kult\u00fara \u00e9s \u00e9rt\u00e9kek<\/td><td>C\u00e9g kompatibilit\u00e1s<\/td><\/tr><tr><td>Probl\u00e9mamegold\u00e1s<\/td><td>Kritikus gondolkod\u00e1s<\/td><\/tr><\/tbody><\/table><figcaption class=\"wp-element-caption\">A leggyakoribb interj\u00fak\u00e9rd\u00e9sek 2025-ben<\/figcaption><\/figure>\n\n\n\n<figure class=\"wp-block-gallery has-nested-images columns-default is-cropped wp-block-gallery-2 is-layout-flex wp-block-gallery-is-layout-flex\">\n<figure class=\"wp-block-image size-full\"><img loading=\"lazy\" decoding=\"async\" width=\"450\" height=\"250\" data-id=\"10467\" src=\"https:\/\/universofamilia.com\/wp-content\/uploads\/sites\/148\/2025\/12\/Destaque-Novo-Universo-19.jpg\" alt=\"\" class=\"wp-image-10467\" srcset=\"http:\/\/universofamilia.com\/wp-content\/uploads\/sites\/148\/2025\/12\/Destaque-Novo-Universo-19.jpg 450w, http:\/\/universofamilia.com\/wp-content\/uploads\/sites\/148\/2025\/12\/Destaque-Novo-Universo-19-300x167.jpg 300w, http:\/\/universofamilia.com\/wp-content\/uploads\/sites\/148\/2025\/12\/Destaque-Novo-Universo-19-18x10.jpg 18w\" sizes=\"(max-width: 450px) 100vw, 450px\" \/><figcaption class=\"wp-element-caption\">A leggyakoribb interj\u00fak\u00e9rd\u00e9sek 2025-ben<\/figcaption><\/figure>\n<\/figure>\n\n\n\n<p>B\u0151vebben:\u00a0<a href=\"http:\/\/universofamilia.com\/hu\/el-teletrabajo-en-2025-las-nuevas-tendencias-del-home-office\/\">T\u00e1vmunka 2025-ben: \u00daj otthoni irodai trendek<\/a><\/p>\n\n\n\n<h2 class=\"wp-block-heading\"><strong>Hogyan k\u00e9sz\u00fclj\u00fcnk fel an\u00e9lk\u00fcl, hogy begyakoroltnak t\u0171nn\u00e9nk<\/strong><\/h2>\n\n\n\n<p>A hat\u00e9kony felk\u00e9sz\u00fcl\u00e9s nem a v\u00e1laszok memoriz\u00e1l\u00e1s\u00e1r\u00f3l sz\u00f3l, hanem a val\u00f3s tapasztalatok \u00e1tgondol\u00e1s\u00e1r\u00f3l. Az eredm\u00e9nyek, kih\u00edv\u00e1sok \u00e9s tanuls\u00e1gok azonos\u00edt\u00e1sa lehet\u0151v\u00e9 teszi, hogy term\u00e9szetesen reag\u00e1lj.<\/p>\n\n\n\n<p>A hangos gyakorl\u00e1s seg\u00edt a foly\u00e9konys\u00e1g fejleszt\u00e9s\u00e9ben, de fontos, hogy teret hagyjunk a spontaneit\u00e1snak is. Az interj\u00fak az \u0151szintes\u00e9get \u00e9rt\u00e9kelik, nem a t\u00f6k\u00e9letess\u00e9get.<\/p>\n\n\n\n<h2 class=\"wp-block-heading\"><strong>Gyakori hib\u00e1k, amelyek tov\u00e1bbra is lehet\u0151s\u00e9geket vesz\u00edtenek<\/strong><\/h2>\n\n\n\n<p>A t\u00falzott besz\u00e9d, a v\u00e1laszok kit\u00e9r\u00e9se vagy a hib\u00e1k beismer\u00e9s\u00e9nek elker\u00fcl\u00e9se tov\u00e1bbra is k\u00e1ros. Ahogy az is, ha olyan \u00e1ltal\u00e1noss\u00e1gokkal reag\u00e1lunk, amelyekb\u0151l hi\u00e1nyzik a kontextus.<\/p>\n\n\n\n<p>Ezzel szemben a vil\u00e1gos fogalmaz\u00e1s, a konkr\u00e9t p\u00e9ld\u00e1k \u00e9s az akt\u00edv hallgat\u00e1s bizalmat \u00e9p\u00edt. A k\u00e9rdez\u0151 \u00e9szreveszi, ha van \u00f6sszhang a besz\u00e9lget\u00e9s \u00e9s a tapasztalat k\u00f6z\u00f6tt.<\/p>\n\n\n\n<h2 class=\"wp-block-heading\"><strong>K\u00f6vetkeztet\u00e9s<\/strong><\/h2>\n\n\n\n<p>Fogja meg <strong>A leggyakoribb interj\u00fak\u00e9rd\u00e9sek 2025-ben<\/strong> Lehet\u0151v\u00e9 teszi, hogy nagyobb magabiztoss\u00e1ggal \u00e9s strat\u00e9gi\u00e1val n\u00e9zzen szembe a kiv\u00e1laszt\u00e1si folyamatokkal.<\/p>\n\n\n\n<p>A mai \u00e1ll\u00e1sinterj\u00fakon sokoldal\u00fa szem\u00e9lyeket keres\u00fcnk: k\u00e9szs\u00e9gekkel, \u00e9rt\u00e9kekkel \u00e9s alkalmazkod\u00f3k\u00e9pess\u00e9ggel.<\/p>\n\n\n\n<p>Ha \u00f6nismereten, \u00e9s nem merev formul\u00e1kon kereszt\u00fcl k\u00e9sz\u00fclsz fel, az n\u00f6veli a siker es\u00e9lyeit.<\/p>\n\n\n\n<p>Egy versenyk\u00e9pes piacon azok t\u0171nnek ki a t\u00f6megb\u0151l, akik vil\u00e1gosan \u00e9s hitelesen kommunik\u00e1lnak, an\u00e9lk\u00fcl, hogy t\u00falozniuk kellene.<\/p>\n\n\n\n<p>B\u0151vebben:\u00a0<a href=\"http:\/\/universofamilia.com\/hu\/carreras-sostenibles-empleos-verdes-en-auge\/\">Fenntarthat\u00f3 karrierlehet\u0151s\u00e9gek: fellend\u00fcl\u0151 z\u00f6ld munkahelyek<\/a><\/p>\n\n\n\n<h2 class=\"wp-block-heading\"><strong>Gyakran Ism\u00e9telt K\u00e9rd\u00e9sek<\/strong><\/h2>\n\n\n\n<p><strong>Ugyanazok az interj\u00fak\u00e9rd\u00e9sek minden szektorban?<\/strong><br>Nem. B\u00e1r vannak k\u00f6z\u00f6s mint\u00e1k, minden ipar\u00e1g priorit\u00e1st \u00e9lvez bizonyos k\u00e9szs\u00e9gek tekintet\u00e9ben.<\/p>\n\n\n\n<p><strong>C\u00e9lszer\u0171 \u00edr\u00e1sban v\u00e1laszolni?<\/strong><br>Ez egy el\u0151zetes gyakorlatk\u00e9nt szolg\u00e1l, de az interj\u00fa sor\u00e1n jobb term\u00e9szetesen v\u00e1laszolni.<\/p>\n\n\n\n<p><strong>Mennyire fontos az \u0151szintes\u00e9g?<\/strong><br>Ez kulcsfontoss\u00e1g\u00fa. A toborz\u00f3k k\u00f6nnyen \u00e9szreveszik az ellentmond\u00e1sokat.<\/p>\n\n\n\n<p><strong>V\u00e1ltoztatnak-e a virtu\u00e1lis interj\u00fak a k\u00e9rd\u00e9sek t\u00edpus\u00e1n?<\/strong><br>A hangs\u00faly ugyanaz marad, b\u00e1r a kommunik\u00e1ci\u00f3 \u00e9s az \u00f6nmenedzsel\u00e9s \u00e9rt\u00e9kel\u00e9se n\u00f6vekszik.<\/p>\n\n\n\n<p><strong>Kiz\u00e1rja-e a jel\u00f6ltet egy helytelen\u00fcl megv\u00e1laszolt k\u00e9rd\u00e9s?<\/strong><br>Nem felt\u00e9tlen\u00fcl. A hozz\u00e1\u00e1ll\u00e1s, a vil\u00e1gos gondolkod\u00e1s \u00e9s a reflexi\u00f3 k\u00e9pess\u00e9g ugyanolyan fontos, mint az id\u0151ben adott v\u00e1lasz.<\/p>\n\n\n\n<p>2025-ben a j\u00f3 felk\u00e9sz\u00fclts\u00e9g nem azt jelenti, hogy t\u00f6k\u00e9letesen n\u00e9zel ki, hanem azt, hogy megmutasd, ki vagy, hogyan gondolkodsz, \u00e9s milyen val\u00f3di \u00e9rt\u00e9ket tudsz teremteni.<\/p>\n\n\n\n<p>Ez tov\u00e1bbra is a leger\u0151teljesebb v\u00e1lasz b\u00e1rmely interj\u00faban.<\/p>","protected":false},"excerpt":{"rendered":"<p>Las preguntas de entrevista m\u00e1s comunes de 2025 reflejan un mercado laboral m\u00e1s digital, humano y estrat\u00e9gico que nunca. En un contexto donde conviven procesos virtuales, inteligencia artificial en reclutamiento y equipos globales, las entrevistas dejaron de centrarse solo en el curr\u00edculum. Hoy eval\u00faan pensamiento cr\u00edtico, adaptabilidad y coherencia profesional. Antes de avanzar, este es [&hellip;]<\/p>","protected":false},"author":219,"featured_media":10466,"comment_status":"closed","ping_status":"open","sticky":false,"template":"","format":"standard","meta":{"footnotes":""},"categories":[5],"tags":[],"yoast_head":"<!-- This site is optimized with the Yoast SEO plugin v23.3 - https:\/\/yoast.com\/wordpress\/plugins\/seo\/ -->\n<title>Las preguntas de entrevista m\u00e1s comunes de 2025 - Universo Fam\u00edlia<\/title>\n<meta name=\"description\" content=\"Las preguntas de entrevista m\u00e1s comunes de 2025 reflejan un mercado laboral m\u00e1s digital, humano y estrat\u00e9gico que nunca.\" \/>\n<meta name=\"robots\" content=\"index, follow, max-snippet:-1, max-image-preview:large, max-video-preview:-1\" \/>\n<link rel=\"canonical\" href=\"https:\/\/universofamilia.com\/hu\/las-preguntas-de-entrevista-mas-comunes-de-2025\/\" \/>\n<meta property=\"og:locale\" content=\"hu_HU\" \/>\n<meta property=\"og:type\" content=\"article\" \/>\n<meta property=\"og:title\" content=\"Las preguntas de entrevista m\u00e1s comunes de 2025 - Universo Fam\u00edlia\" \/>\n<meta property=\"og:description\" content=\"Las preguntas de entrevista m\u00e1s comunes de 2025 reflejan un mercado laboral m\u00e1s digital, humano y estrat\u00e9gico que nunca.\" \/>\n<meta property=\"og:url\" content=\"https:\/\/universofamilia.com\/hu\/las-preguntas-de-entrevista-mas-comunes-de-2025\/\" \/>\n<meta property=\"og:site_name\" content=\"Universo Fam\u00edlia\" \/>\n<meta property=\"article:published_time\" content=\"2025-12-26T15:09:03+00:00\" \/>\n<meta property=\"article:modified_time\" content=\"2025-12-26T15:09:05+00:00\" \/>\n<meta property=\"og:image\" content=\"https:\/\/universofamilia.com\/wp-content\/uploads\/sites\/148\/2025\/12\/Destaque-Novo-Universo-18-1.jpg\" \/>\n\t<meta property=\"og:image:width\" content=\"450\" \/>\n\t<meta property=\"og:image:height\" content=\"250\" \/>\n\t<meta property=\"og:image:type\" content=\"image\/jpeg\" \/>\n<meta name=\"author\" content=\"Matheus Sangaletti\" \/>\n<meta name=\"twitter:card\" content=\"summary_large_image\" \/>\n<meta name=\"twitter:label1\" content=\"Written by\" \/>\n\t<meta name=\"twitter:data1\" content=\"Matheus Sangaletti\" \/>\n\t<meta name=\"twitter:label2\" content=\"Est. reading time\" \/>\n\t<meta name=\"twitter:data2\" content=\"7 perc\" \/>\n<script type=\"application\/ld+json\" class=\"yoast-schema-graph\">{\"@context\":\"https:\/\/schema.org\",\"@graph\":[{\"@type\":\"WebPage\",\"@id\":\"https:\/\/universofamilia.com\/sk\/las-preguntas-de-entrevista-mas-comunes-de-2025\/\",\"url\":\"https:\/\/universofamilia.com\/sk\/las-preguntas-de-entrevista-mas-comunes-de-2025\/\",\"name\":\"Las preguntas de entrevista m\u00e1s comunes de 2025 - Universo Fam\u00edlia\",\"isPartOf\":{\"@id\":\"http:\/\/universofamilia.com\/zh_hk\/#website\"},\"primaryImageOfPage\":{\"@id\":\"https:\/\/universofamilia.com\/sk\/las-preguntas-de-entrevista-mas-comunes-de-2025\/#primaryimage\"},\"image\":{\"@id\":\"https:\/\/universofamilia.com\/sk\/las-preguntas-de-entrevista-mas-comunes-de-2025\/#primaryimage\"},\"thumbnailUrl\":\"http:\/\/universofamilia.com\/wp-content\/uploads\/sites\/148\/2025\/12\/Destaque-Novo-Universo-18-1.jpg\",\"datePublished\":\"2025-12-26T15:09:03+00:00\",\"dateModified\":\"2025-12-26T15:09:05+00:00\",\"author\":{\"@id\":\"http:\/\/universofamilia.com\/zh_hk\/#\/schema\/person\/92fcd07e9b1f4323bf74f3170fc0f78a\"},\"description\":\"Las preguntas de entrevista m\u00e1s comunes de 2025 reflejan un mercado laboral m\u00e1s digital, humano y estrat\u00e9gico que nunca.\",\"breadcrumb\":{\"@id\":\"https:\/\/universofamilia.com\/sk\/las-preguntas-de-entrevista-mas-comunes-de-2025\/#breadcrumb\"},\"inLanguage\":\"hu\",\"potentialAction\":[{\"@type\":\"ReadAction\",\"target\":[\"https:\/\/universofamilia.com\/sk\/las-preguntas-de-entrevista-mas-comunes-de-2025\/\"]}]},{\"@type\":\"ImageObject\",\"inLanguage\":\"hu\",\"@id\":\"https:\/\/universofamilia.com\/sk\/las-preguntas-de-entrevista-mas-comunes-de-2025\/#primaryimage\",\"url\":\"http:\/\/universofamilia.com\/wp-content\/uploads\/sites\/148\/2025\/12\/Destaque-Novo-Universo-18-1.jpg\",\"contentUrl\":\"http:\/\/universofamilia.com\/wp-content\/uploads\/sites\/148\/2025\/12\/Destaque-Novo-Universo-18-1.jpg\",\"width\":450,\"height\":250,\"caption\":\"Las preguntas de entrevista m\u00e1s comunes de 2025\"},{\"@type\":\"BreadcrumbList\",\"@id\":\"https:\/\/universofamilia.com\/sk\/las-preguntas-de-entrevista-mas-comunes-de-2025\/#breadcrumb\",\"itemListElement\":[{\"@type\":\"ListItem\",\"position\":1,\"name\":\"Home\",\"item\":\"http:\/\/universofamilia.com\/zh_hk\/\"},{\"@type\":\"ListItem\",\"position\":2,\"name\":\"Las preguntas de entrevista m\u00e1s comunes de 2025\"}]},{\"@type\":\"WebSite\",\"@id\":\"http:\/\/universofamilia.com\/zh_hk\/#website\",\"url\":\"http:\/\/universofamilia.com\/zh_hk\/\",\"name\":\"Universo Fam\u00edlia\",\"description\":\"\",\"potentialAction\":[{\"@type\":\"SearchAction\",\"target\":{\"@type\":\"EntryPoint\",\"urlTemplate\":\"http:\/\/universofamilia.com\/zh_hk\/?s={search_term_string}\"},\"query-input\":\"required name=search_term_string\"}],\"inLanguage\":\"hu\"},{\"@type\":\"Person\",\"@id\":\"http:\/\/universofamilia.com\/zh_hk\/#\/schema\/person\/92fcd07e9b1f4323bf74f3170fc0f78a\",\"name\":\"Matheus Sangaletti\",\"image\":{\"@type\":\"ImageObject\",\"inLanguage\":\"hu\",\"@id\":\"http:\/\/universofamilia.com\/zh_hk\/#\/schema\/person\/image\/\",\"url\":\"http:\/\/2.gravatar.com\/avatar\/280ea957a14a48e6a1ad2133d2cc27c9?s=96&d=mm&r=g\",\"contentUrl\":\"http:\/\/2.gravatar.com\/avatar\/280ea957a14a48e6a1ad2133d2cc27c9?s=96&d=mm&r=g\",\"caption\":\"Matheus Sangaletti\"},\"url\":\"http:\/\/universofamilia.com\/hu\/author\/matheuss\/\"}]}<\/script>\n<!-- \/ Yoast SEO plugin. -->","yoast_head_json":{"title":"Las preguntas de entrevista m\u00e1s comunes de 2025 - Universo Fam\u00edlia","description":"Las preguntas de entrevista m\u00e1s comunes de 2025 reflejan un mercado laboral m\u00e1s digital, humano y estrat\u00e9gico que nunca.","robots":{"index":"index","follow":"follow","max-snippet":"max-snippet:-1","max-image-preview":"max-image-preview:large","max-video-preview":"max-video-preview:-1"},"canonical":"https:\/\/universofamilia.com\/hu\/las-preguntas-de-entrevista-mas-comunes-de-2025\/","og_locale":"hu_HU","og_type":"article","og_title":"Las preguntas de entrevista m\u00e1s comunes de 2025 - Universo Fam\u00edlia","og_description":"Las preguntas de entrevista m\u00e1s comunes de 2025 reflejan un mercado laboral m\u00e1s digital, humano y estrat\u00e9gico que nunca.","og_url":"https:\/\/universofamilia.com\/hu\/las-preguntas-de-entrevista-mas-comunes-de-2025\/","og_site_name":"Universo Fam\u00edlia","article_published_time":"2025-12-26T15:09:03+00:00","article_modified_time":"2025-12-26T15:09:05+00:00","og_image":[{"width":450,"height":250,"url":"https:\/\/universofamilia.com\/wp-content\/uploads\/sites\/148\/2025\/12\/Destaque-Novo-Universo-18-1.jpg","type":"image\/jpeg"}],"author":"Matheus Sangaletti","twitter_card":"summary_large_image","twitter_misc":{"Written by":"Matheus Sangaletti","Est. reading time":"7 perc"},"schema":{"@context":"https:\/\/schema.org","@graph":[{"@type":"WebPage","@id":"https:\/\/universofamilia.com\/sk\/las-preguntas-de-entrevista-mas-comunes-de-2025\/","url":"https:\/\/universofamilia.com\/sk\/las-preguntas-de-entrevista-mas-comunes-de-2025\/","name":"Las preguntas de entrevista m\u00e1s comunes de 2025 - Universo Fam\u00edlia","isPartOf":{"@id":"http:\/\/universofamilia.com\/zh_hk\/#website"},"primaryImageOfPage":{"@id":"https:\/\/universofamilia.com\/sk\/las-preguntas-de-entrevista-mas-comunes-de-2025\/#primaryimage"},"image":{"@id":"https:\/\/universofamilia.com\/sk\/las-preguntas-de-entrevista-mas-comunes-de-2025\/#primaryimage"},"thumbnailUrl":"http:\/\/universofamilia.com\/wp-content\/uploads\/sites\/148\/2025\/12\/Destaque-Novo-Universo-18-1.jpg","datePublished":"2025-12-26T15:09:03+00:00","dateModified":"2025-12-26T15:09:05+00:00","author":{"@id":"http:\/\/universofamilia.com\/zh_hk\/#\/schema\/person\/92fcd07e9b1f4323bf74f3170fc0f78a"},"description":"Las preguntas de entrevista m\u00e1s comunes de 2025 reflejan un mercado laboral m\u00e1s digital, humano y estrat\u00e9gico que nunca.","breadcrumb":{"@id":"https:\/\/universofamilia.com\/sk\/las-preguntas-de-entrevista-mas-comunes-de-2025\/#breadcrumb"},"inLanguage":"hu","potentialAction":[{"@type":"ReadAction","target":["https:\/\/universofamilia.com\/sk\/las-preguntas-de-entrevista-mas-comunes-de-2025\/"]}]},{"@type":"ImageObject","inLanguage":"hu","@id":"https:\/\/universofamilia.com\/sk\/las-preguntas-de-entrevista-mas-comunes-de-2025\/#primaryimage","url":"http:\/\/universofamilia.com\/wp-content\/uploads\/sites\/148\/2025\/12\/Destaque-Novo-Universo-18-1.jpg","contentUrl":"http:\/\/universofamilia.com\/wp-content\/uploads\/sites\/148\/2025\/12\/Destaque-Novo-Universo-18-1.jpg","width":450,"height":250,"caption":"Las preguntas de entrevista m\u00e1s comunes de 2025"},{"@type":"BreadcrumbList","@id":"https:\/\/universofamilia.com\/sk\/las-preguntas-de-entrevista-mas-comunes-de-2025\/#breadcrumb","itemListElement":[{"@type":"ListItem","position":1,"name":"Home","item":"http:\/\/universofamilia.com\/zh_hk\/"},{"@type":"ListItem","position":2,"name":"Las preguntas de entrevista m\u00e1s comunes de 2025"}]},{"@type":"WebSite","@id":"http:\/\/universofamilia.com\/zh_hk\/#website","url":"http:\/\/universofamilia.com\/zh_hk\/","name":"Universo Fam\u00edlia","description":"","potentialAction":[{"@type":"SearchAction","target":{"@type":"EntryPoint","urlTemplate":"http:\/\/universofamilia.com\/zh_hk\/?s={search_term_string}"},"query-input":"required name=search_term_string"}],"inLanguage":"hu"},{"@type":"Person","@id":"http:\/\/universofamilia.com\/zh_hk\/#\/schema\/person\/92fcd07e9b1f4323bf74f3170fc0f78a","name":"Matheus Sangaletti","image":{"@type":"ImageObject","inLanguage":"hu","@id":"http:\/\/universofamilia.com\/zh_hk\/#\/schema\/person\/image\/","url":"http:\/\/2.gravatar.com\/avatar\/280ea957a14a48e6a1ad2133d2cc27c9?s=96&d=mm&r=g","contentUrl":"http:\/\/2.gravatar.com\/avatar\/280ea957a14a48e6a1ad2133d2cc27c9?s=96&d=mm&r=g","caption":"Matheus Sangaletti"},"url":"http:\/\/universofamilia.com\/hu\/author\/matheuss\/"}]}},"_links":{"self":[{"href":"http:\/\/universofamilia.com\/hu\/wp-json\/wp\/v2\/posts\/10464"}],"collection":[{"href":"http:\/\/universofamilia.com\/hu\/wp-json\/wp\/v2\/posts"}],"about":[{"href":"http:\/\/universofamilia.com\/hu\/wp-json\/wp\/v2\/types\/post"}],"author":[{"embeddable":true,"href":"http:\/\/universofamilia.com\/hu\/wp-json\/wp\/v2\/users\/219"}],"replies":[{"embeddable":true,"href":"http:\/\/universofamilia.com\/hu\/wp-json\/wp\/v2\/comments?post=10464"}],"version-history":[{"count":1,"href":"http:\/\/universofamilia.com\/hu\/wp-json\/wp\/v2\/posts\/10464\/revisions"}],"predecessor-version":[{"id":10468,"href":"http:\/\/universofamilia.com\/hu\/wp-json\/wp\/v2\/posts\/10464\/revisions\/10468"}],"wp:featuredmedia":[{"embeddable":true,"href":"http:\/\/universofamilia.com\/hu\/wp-json\/wp\/v2\/media\/10466"}],"wp:attachment":[{"href":"http:\/\/universofamilia.com\/hu\/wp-json\/wp\/v2\/media?parent=10464"}],"wp:term":[{"taxonomy":"category","embeddable":true,"href":"http:\/\/universofamilia.com\/hu\/wp-json\/wp\/v2\/categories?post=10464"},{"taxonomy":"post_tag","embeddable":true,"href":"http:\/\/universofamilia.com\/hu\/wp-json\/wp\/v2\/tags?post=10464"}],"curies":[{"name":"wp","href":"https:\/\/api.w.org\/{rel}","templated":true}]}}