{"id":10479,"date":"2025-12-29T09:09:19","date_gmt":"2025-12-29T12:09:19","guid":{"rendered":"https:\/\/universofamilia.com\/?p=10479"},"modified":"2025-12-29T09:11:25","modified_gmt":"2025-12-29T12:11:25","slug":"la-salud-mental-en-la-mira","status":"publish","type":"post","link":"http:\/\/universofamilia.com\/hu\/la-salud-mental-en-la-mira\/","title":{"rendered":"A ment\u00e1lis eg\u00e9szs\u00e9g a k\u00f6z\u00e9ppontban: a 21. sz\u00e1zad \u00faj glob\u00e1lis kih\u00edv\u00e1sa"},"content":{"rendered":"<p class=\"has-text-align-center\"><strong>A ment\u00e1lis eg\u00e9szs\u00e9g a reflektorf\u00e9nyben: a 21. sz\u00e1zad \u00faj glob\u00e1lis kih\u00edv\u00e1sa.<\/strong> Ez m\u00e1r nem egy riadalomkelt\u0151 szlogen, \u00e9s nem is kiz\u00e1r\u00f3lag az orvosi ter\u00fcletre jellemz\u0151 k\u00e9rd\u00e9s.<\/p>\n\n\n\n<figure class=\"wp-block-gallery has-nested-images columns-default is-cropped wp-block-gallery-1 is-layout-flex wp-block-gallery-is-layout-flex\">\n<figure class=\"wp-block-image size-full\"><img loading=\"lazy\" decoding=\"async\" width=\"450\" height=\"250\" data-id=\"10481\" src=\"https:\/\/universofamilia.com\/wp-content\/uploads\/sites\/148\/2025\/12\/Destaque-Novo-Universo-20-1.jpg\" alt=\"\" class=\"wp-image-10481\" srcset=\"http:\/\/universofamilia.com\/wp-content\/uploads\/sites\/148\/2025\/12\/Destaque-Novo-Universo-20-1.jpg 450w, http:\/\/universofamilia.com\/wp-content\/uploads\/sites\/148\/2025\/12\/Destaque-Novo-Universo-20-1-300x167.jpg 300w, http:\/\/universofamilia.com\/wp-content\/uploads\/sites\/148\/2025\/12\/Destaque-Novo-Universo-20-1-18x10.jpg 18w\" sizes=\"(max-width: 450px) 100vw, 450px\" \/><figcaption class=\"wp-element-caption\">A ment\u00e1lis eg\u00e9szs\u00e9g a reflektorf\u00e9nyben: a 21. sz\u00e1zad \u00faj glob\u00e1lis kih\u00edv\u00e1sa.<\/figcaption><\/figure>\n<\/figure>\n\n\n\n<p class=\"has-text-align-center\">T\u00e1rsadalmi, gazdas\u00e1gi \u00e9s politikai priorit\u00e1ss\u00e1 v\u00e1lt, amely \u00e1t\u00edvel korokon, szakm\u00e1kon \u00e9s kult\u00far\u00e1kon.<\/p>\n\n\n\n<p class=\"has-text-align-center\">2025-ben az \u00e9rzelmi j\u00f3l\u00e9tr\u0151l besz\u00e9lni annyit tesz, mint a termel\u00e9kenys\u00e9gr\u0151l, a kapcsolatokr\u00f3l, az oktat\u00e1sr\u00f3l, a technol\u00f3gi\u00e1r\u00f3l \u00e9s az \u00e9letmin\u0151s\u00e9gr\u0151l besz\u00e9lni.<\/p>\n\n\n\n<p>Miel\u0151tt m\u00e9lyebbre menn\u00e9nk, \u00e9rdemes \u00e1ttekinteni egy r\u00f6vid \u00f6sszefoglal\u00f3t: mi\u00e9rt \u00e1ll a ment\u00e1lis eg\u00e9szs\u00e9g a glob\u00e1lis vita k\u00f6z\u00e9ppontj\u00e1ban napjainkban, milyen t\u00e9nyez\u0151k magyar\u00e1zz\u00e1k roml\u00e1s\u00e1t, \u00e9s hogyan hat a gazdas\u00e1gra \u00e9s a mindennapi \u00e9letre.<\/p>\n\n\n\n<p>Nemzetk\u00f6zi szervezetek \u00e1ltal al\u00e1t\u00e1masztott kulcsfontoss\u00e1g\u00fa statisztika, k\u00e9t val\u00f3s p\u00e9lda, egy tanuls\u00e1gos anal\u00f3gia, egy t\u00e1bl\u00e1zat az aktu\u00e1lis kih\u00edv\u00e1sokr\u00f3l \u00e9s egy gyakran ism\u00e9telt k\u00e9rd\u00e9sek r\u00e9sz.<\/p>\n\n\n\n<h2 class=\"wp-block-heading\"><strong>Mi\u00e9rt ker\u00fclt a ment\u00e1lis eg\u00e9szs\u00e9g a glob\u00e1lis p\u00e1rbesz\u00e9d k\u00f6z\u00e9ppontj\u00e1ba?<\/strong><\/h2>\n\n\n\n<p>\u00c9vtizedekig a pszichol\u00f3giai j\u00f3ll\u00e9t h\u00e1tt\u00e9rbe szorult. A 21. sz\u00e1zad gyors v\u00e1ltoz\u00e1sai azonban arra k\u00e9nyszer\u00edtettek minket, hogy szemben\u00e9zz\u00fcnk egy olyan probl\u00e9m\u00e1val, amely csendben egyre csak n\u0151tt.<\/p>\n\n\n\n<p>Az intenz\u00edv munkaritmus, a hiperkonnektivit\u00e1s, a gazdas\u00e1gi bizonytalans\u00e1g \u00e9s a m\u00e9lyrehat\u00f3 t\u00e1rsadalmi \u00e1talakul\u00e1sok \u00f6sszetett t\u00e1ptalajt teremtettek.<\/p>\n\n\n\n<p>Ezzel kapcsolatban, <strong>A ment\u00e1lis eg\u00e9szs\u00e9g a reflektorf\u00e9nyben: a 21. sz\u00e1zad \u00faj glob\u00e1lis kih\u00edv\u00e1sa.<\/strong> Megsz\u0171nt tudom\u00e1nyos fr\u00e1zis lenni, \u00e9s mindennapi val\u00f3s\u00e1gg\u00e1 v\u00e1lt.<\/p>\n\n\n\n<p>Manaps\u00e1g a korm\u00e1nyok, a v\u00e1llalkoz\u00e1sok \u00e9s az oktat\u00e1si rendszerek felismerik, hogy e szempont figyelmen k\u00edv\u00fcl hagy\u00e1sa k\u00e9zzelfoghat\u00f3 \u00e9s k\u00f6lts\u00e9ges k\u00f6vetkezm\u00e9nyekkel j\u00e1r.<\/p>\n\n\n\n<h2 class=\"wp-block-heading\"><strong>Egy probl\u00e9ma, amely nem ismer hat\u00e1rokat vagy korokat<\/strong><\/h2>\n\n\n\n<p>A ment\u00e1lis eg\u00e9szs\u00e9g nem csak bizonyos orsz\u00e1gokat vagy t\u00e1rsadalmi csoportokat \u00e9rint.<\/p>\n\n\n\n<p>Ez egy sz\u00e9les k\u00f6rben elterjedt jelens\u00e9g. A fiatalok, a feln\u0151ttek \u00e9s az id\u0151sebb feln\u0151ttek egyre n\u00f6vekv\u0151 stresszel, szorong\u00e1ssal \u00e9s \u00e9rzelmi kimer\u00fclts\u00e9ggel szembes\u00fclnek.<\/p>\n\n\n\n<p>Az adatok szerint <strong>Eg\u00e9szs\u00e9g\u00fcgyi Vil\u00e1gszervezet (WHO)<\/strong>, k\u00f6r\u00fclbel\u00fcl <strong>Vil\u00e1gszerte minden 8. ember valamilyen ment\u00e1lis zavarral \u00e9l<\/strong>Ez a sz\u00e1m t\u00fckr\u00f6zi a kih\u00edv\u00e1s nagys\u00e1g\u00e1t \u00e9s annak k\u00f6zvetlen hat\u00e1s\u00e1t az eg\u00e9szs\u00e9g\u00fcgyi rendszerekre \u00e9s a glob\u00e1lis gazdas\u00e1gra.<\/p>\n\n\n\n<p>Ezek az adatok, amelyeket az \u00fcgyn\u00f6ks\u00e9g a k\u00f6zelm\u00faltban k\u00f6zz\u00e9tett jelent\u00e9seiben friss\u00edtett, meger\u0151s\u00edtik, hogy ezek nem elszigetelt esetek, hanem struktur\u00e1lis probl\u00e9m\u00e1k.<\/p>\n\n\n\n<h2 class=\"wp-block-heading\"><strong>A csendes hat\u00e1s a gazdas\u00e1gra \u00e9s a munk\u00e1ra<\/strong><\/h2>\n\n\n\n<p>Az egy\u00e9ni szenved\u00e9sen t\u00fal a k\u00e1rosodott ment\u00e1lis eg\u00e9szs\u00e9g hat\u00e1ssal van a termel\u00e9kenys\u00e9gre, n\u00f6veli a hi\u00e1nyz\u00e1sokat \u00e9s n\u00f6veli az eg\u00e9szs\u00e9g\u00fcgyi ell\u00e1t\u00e1s k\u00f6lts\u00e9geit.<\/p>\n\n\n\n<p>A v\u00e1llalatok kezdt\u00e9k meg\u00e9rteni, hogy az \u00e9rzelmi j\u00f3l\u00e9tr\u0151l val\u00f3 gondoskod\u00e1s nem extra juttat\u00e1s, hanem strat\u00e9giai befektet\u00e9s.<\/p>\n\n\n\n<p>2025-re sz\u00e1mos szervezet integr\u00e1lni fogja a pszichol\u00f3giai t\u00e1mogat\u00f3 programokat, a rugalmas munkaid\u0151beoszt\u00e1st \u00e9s a digit\u00e1lis kikapcsol\u00f3d\u00e1si politik\u00e1kat.<\/p>\n\n\n\n<p>Nemcsak t\u00e1rsadalmi felel\u0151ss\u00e9gv\u00e1llal\u00e1sb\u00f3l teszik ezt, hanem az\u00e9rt is, mert az eredm\u00e9nyek egy\u00e9rtelm\u0171 javul\u00e1st mutatnak a teljes\u00edtm\u00e9nyben \u00e9s az elk\u00f6telezetts\u00e9gben.<\/p>\n\n\n\n<h2 class=\"wp-block-heading\"><strong>Technol\u00f3gia: sz\u00f6vets\u00e9ges \u00e9s kock\u00e1zat is<\/strong><\/h2>\n\n\n\n<p>A technol\u00f3gia ambivalens szerepet j\u00e1tszik. Egyr\u00e9szt megk\u00f6nny\u00edti az inform\u00e1ci\u00f3khoz, az online ter\u00e1pi\u00e1khoz \u00e9s a t\u00e1mogat\u00f3 k\u00f6z\u00f6ss\u00e9gekhez val\u00f3 hozz\u00e1f\u00e9r\u00e9st.<\/p>\n\n\n\n<p>M\u00e1sr\u00e9szt fokozza a t\u00e1rsadalmi \u00f6sszehasonl\u00edt\u00e1st, a t\u00falzott expoz\u00edci\u00f3t \u00e9s a kapcsolatveszt\u00e9s neh\u00e9zs\u00e9g\u00e9t.<\/p>\n\n\n\n<p>A kih\u00edv\u00e1s a digit\u00e1lis eszk\u00f6z\u00f6k b\u00f6lcs haszn\u00e1lata.<\/p>\n\n\n\n<p>A kulcs nem a technol\u00f3gia d\u00e9moniz\u00e1l\u00e1sa, hanem az eg\u00e9szs\u00e9ges hat\u00e1rok fel\u00e1ll\u00edt\u00e1sa, amelyek lehet\u0151v\u00e9 teszik sz\u00e1munkra, hogy az \u00e9rzelmi egyens\u00faly fel\u00e1ldoz\u00e1sa n\u00e9lk\u00fcl kihaszn\u00e1ljuk annak el\u0151nyeit.<\/p>\n\n\n\n<h2 class=\"wp-block-heading\"><strong>\u00c9rzelmi nevel\u00e9s: t\u00f6rt\u00e9nelmi ad\u00f3ss\u00e1g<\/strong><\/h2>\n\n\n\n<p>\u00c9vekig az oktat\u00e1si rendszerek a tudom\u00e1nyos tartalmakat helyezt\u00e9k el\u0151t\u00e9rbe, elhanyagolva az alapvet\u0151 \u00e9rzelmi k\u00e9szs\u00e9geket. Ma ez a mulaszt\u00e1s megviseli a gyerekeket.<\/p>\n\n\n\n<p>Az \u00e9rzelmi m\u0171velts\u00e9g egyre s\u00fcrget\u0151bb ig\u00e9nyk\u00e9nt jelenik meg.<\/p>\n\n\n\n<p>A stresszkezel\u00e9s, az emp\u00e1tia \u00e9s az \u00f6nismeret be\u00e9p\u00edt\u00e9se m\u00e1r korai \u00e9letkort\u00f3l kezdve nemcsak a j\u00f6v\u0151beni rendelleness\u00e9geket el\u0151zi meg, hanem ellen\u00e1ll\u00f3bb \u00e9s tudatosabb \u00e1llampolg\u00e1rokat is nevel.<\/p>\n\n\n\n<h3 class=\"wp-block-heading\"><strong>1. p\u00e9lda<\/strong><\/h3>\n\n\n\n<p>Egy latin-amerikai \u00e1llami iskola heti rendszeress\u00e9ggel integr\u00e1lt \u00e9rzelmi nevel\u00e9si workshopokat szervezett.<\/p>\n\n\n\n<p>Az oktat\u00e1si k\u00f6zpont bels\u0151 jelent\u00e9sei szerint kevesebb mint egy \u00e9v alatt cs\u00f6kkentek a di\u00e1kok k\u00f6z\u00f6tti konfliktusok, \u00e9s az \u00e1ltal\u00e1nos tanulm\u00e1nyi teljes\u00edtm\u00e9ny javult.<\/p>\n\n\n\n<h2 class=\"wp-block-heading\"><strong>Stigma: a legkitart\u00f3bb ellens\u00e9g<\/strong><\/h2>\n\n\n\n<p>B\u00e1r a diskurzus megv\u00e1ltozott, a stigma tov\u00e1bbra is fenn\u00e1ll. Sokan ker\u00fclik a seg\u00edts\u00e9gk\u00e9r\u00e9st, mert f\u00e9lnek a t\u00e1rsadalmi vagy szakmai \u00edt\u00e9lett\u0151l.<\/p>\n\n\n\n<p>Ez a csend s\u00falyosb\u00edtja a t\u00fcneteket \u00e9s k\u00e9slelteti a hat\u00e9kony kezel\u00e9seket.<\/p>\n\n\n\n<p>Kulcsfontoss\u00e1g\u00fa, hogy a ment\u00e1lis eg\u00e9szs\u00e9get az \u00e1ltal\u00e1nos eg\u00e9szs\u00e9g szerves r\u00e9szek\u00e9nt l\u00e1that\u00f3v\u00e1 tegy\u00fck. A besz\u00e9lget\u00e9sek normaliz\u00e1l\u00e1sa id\u0151t, er\u0151forr\u00e1sokat, \u00e9s bizonyos esetekben \u00e9leteket takar\u00edt meg.<\/p>\n\n\n\n<h2 class=\"wp-block-heading\"><strong>Az anal\u00f3gia, amely seg\u00edt meg\u00e9rteni a s\u00fcrg\u0151ss\u00e9get<\/strong><\/h2>\n\n\n\n<p>A ment\u00e1lis eg\u00e9szs\u00e9ged meg\u0151rz\u00e9se hasonl\u00f3 ahhoz, mint <strong>karbantartja az eszk\u00f6z oper\u00e1ci\u00f3s rendszer\u00e9t<\/strong>.<\/p>\n\n\n\n<p>Lehet a legjobb hardvered, de ha a szoftver meghib\u00e1sodik, az eg\u00e9sz rendszer lass\u00fav\u00e1, instabill\u00e1 \u00e9s sebezhet\u0151v\u00e9 v\u00e1lik. A figyelmeztet\u0151 jelek figyelmen k\u00edv\u00fcl hagy\u00e1sa csak rontja az \u00f6sszteljes\u00edtm\u00e9nyt.<\/p>\n\n\n\n<h2 class=\"wp-block-heading\"><strong>K\u00f6zpolitik\u00e1k \u00e9s kollekt\u00edv felel\u0151ss\u00e9g<\/strong><\/h2>\n\n\n\n<p>A korm\u00e1nyok azzal a kih\u00edv\u00e1ssal n\u00e9znek szembe, hogy \u00e1tfog\u00f3, hozz\u00e1f\u00e9rhet\u0151 \u00e9s fenntarthat\u00f3 politik\u00e1kat dolgozzanak ki.<\/p>\n\n\n\n<p>A k\u00f6lts\u00e9gvet\u00e9s n\u00f6vel\u00e9se \u00f6nmag\u00e1ban nem el\u00e9g; sz\u00fcks\u00e9g van az eg\u00e9szs\u00e9g\u00fcgy, az oktat\u00e1s, a munkaer\u0151piac \u00e9s a t\u00e1rsadalmi fejl\u0151d\u00e9s k\u00f6z\u00f6tti koordin\u00e1ci\u00f3ra.<\/p>\n\n\n\n<p>Ugyanakkor a felel\u0151ss\u00e9g nem kiz\u00e1r\u00f3lag az int\u00e9zm\u00e9nyeket terheli.<\/p>\n\n\n\n<p>A k\u00f6z\u00f6ss\u00e9gek, a csal\u00e1dok \u00e9s a munkahelyi k\u00f6rnyezet alapvet\u0151 szerepet j\u00e1tszanak a megel\u0151z\u00e9sben \u00e9s a t\u00e1mogat\u00e1sban.<\/p>\n\n\n\n<h2 class=\"wp-block-heading\"><strong>T\u00e1bl\u00e1zat: A ment\u00e1lis eg\u00e9szs\u00e9g f\u0151bb jelenlegi kih\u00edv\u00e1sai<\/strong><\/h2>\n\n\n\n<figure class=\"wp-block-table\"><table><thead><tr><th>Glob\u00e1lis kih\u00edv\u00e1s<\/th><th>F\u0151 hat\u00e1s<\/th><\/tr><\/thead><tbody><tr><td>Kr\u00f3nikus munkahelyi stressz<\/td><td>Ki\u00e9g\u00e9s \u00e9s alacsony termel\u00e9kenys\u00e9g<\/td><\/tr><tr><td>T\u00e1rsadalmi stigmatiz\u00e1ci\u00f3<\/td><td>Korai diagn\u00f3zis hi\u00e1nya<\/td><\/tr><tr><td>Korl\u00e1tozott hozz\u00e1f\u00e9r\u00e9s az ell\u00e1t\u00e1shoz<\/td><td>K\u00f6zeg\u00e9szs\u00e9g\u00fcgyi hi\u00e1nyoss\u00e1gok<\/td><\/tr><tr><td>A technol\u00f3gia t\u00falzott haszn\u00e1lata<\/td><td>Szorong\u00e1s \u00e9s \u00e9rzelmi elszakad\u00e1s<\/td><\/tr><tr><td>Az \u00e9rzelmi nevel\u00e9s hi\u00e1nya<\/td><td>Alacsonyabb t\u00e1rsadalmi ellen\u00e1ll\u00f3 k\u00e9pess\u00e9g<\/td><\/tr><\/tbody><\/table><figcaption class=\"wp-element-caption\">A ment\u00e1lis eg\u00e9szs\u00e9g a reflektorf\u00e9nyben: a 21. sz\u00e1zad \u00faj glob\u00e1lis kih\u00edv\u00e1sa.<\/figcaption><\/figure>\n\n\n\n<figure class=\"wp-block-gallery has-nested-images columns-default is-cropped wp-block-gallery-2 is-layout-flex wp-block-gallery-is-layout-flex\">\n<figure class=\"wp-block-image size-full\"><img loading=\"lazy\" decoding=\"async\" width=\"450\" height=\"250\" data-id=\"10482\" src=\"https:\/\/universofamilia.com\/wp-content\/uploads\/sites\/148\/2025\/12\/Destaque-Novo-Universo-21.jpg\" alt=\"\" class=\"wp-image-10482\" srcset=\"http:\/\/universofamilia.com\/wp-content\/uploads\/sites\/148\/2025\/12\/Destaque-Novo-Universo-21.jpg 450w, http:\/\/universofamilia.com\/wp-content\/uploads\/sites\/148\/2025\/12\/Destaque-Novo-Universo-21-300x167.jpg 300w, http:\/\/universofamilia.com\/wp-content\/uploads\/sites\/148\/2025\/12\/Destaque-Novo-Universo-21-18x10.jpg 18w\" sizes=\"(max-width: 450px) 100vw, 450px\" \/><figcaption class=\"wp-element-caption\">A ment\u00e1lis eg\u00e9szs\u00e9g a reflektorf\u00e9nyben: a 21. sz\u00e1zad \u00faj glob\u00e1lis kih\u00edv\u00e1sa.<\/figcaption><\/figure>\n<\/figure>\n\n\n\n<p>B\u0151vebben:\u00a0<a href=\"http:\/\/universofamilia.com\/hu\/descubrimientos-cientificos-que-cambiaran-el-futuro\/\">Tudom\u00e1nyos felfedez\u00e9sek, amelyek megv\u00e1ltoztatj\u00e1k a j\u00f6v\u0151t<\/a><\/p>\n\n\n\n<h2 class=\"wp-block-heading\"><strong>A besz\u00e9d, a hallgat\u00e1s \u00e9s a cselekv\u00e9s fontoss\u00e1ga<\/strong><\/h2>\n\n\n\n<p>Az \u0151szinte p\u00e1rbesz\u00e9dnek teret teremteni val\u00f3di k\u00fcl\u00f6nbs\u00e9get jelent. Az \u00edt\u00e9lkez\u00e9s n\u00e9lk\u00fcli meghallgat\u00e1s \u00e9s az \u00e9rzelmek elismer\u00e9se er\u0151s\u00edti a k\u00f6tel\u00e9keket \u00e9s cs\u00f6kkenti az elszigetelts\u00e9get.<\/p>\n\n\n\n<p>Tov\u00e1bb\u00e1 olyan kult\u00far\u00e1t teremt, ahol a seg\u00edts\u00e9gk\u00e9r\u00e9s nem gyenges\u00e9gnek, hanem szem\u00e9lyes felel\u0151ss\u00e9gnek sz\u00e1m\u00edt.<\/p>\n\n\n\n<h3 class=\"wp-block-heading\"><strong>2. p\u00e9lda<\/strong><\/h3>\n\n\n\n<p>Egy szolg\u00e1ltat\u00f3 c\u00e9g \u00f6nk\u00e9ntes pszichol\u00f3giai t\u00e1mogat\u00f3 foglalkoz\u00e1sokat vezetett be.<\/p>\n\n\n\n<p>Hat h\u00f3nap eltelt\u00e9vel a csapatok nagyobb koh\u00e9zi\u00f3r\u00f3l \u00e9s az \u00e9rz\u00e9kelt stressz cs\u00f6kken\u00e9s\u00e9r\u0151l sz\u00e1moltak be, ami a bels\u0151 munkahelyi l\u00e9gk\u00f6r-felm\u00e9r\u00e9sekben is t\u00fckr\u00f6z\u0151d\u00f6tt.<\/p>\n\n\n\n<h2 class=\"wp-block-heading\"><strong>Mi\u00e9rt hat\u00e1rozza meg ez a kih\u00edv\u00e1s a 21. sz\u00e1zadot?<\/strong><\/h2>\n\n\n\n<p>Mert az emberis\u00e9gnek soha ezel\u0151tt nem volt ennyi inform\u00e1ci\u00f3ja, \u00e9s egy\u00fattal ennyi egyidej\u0171 nyom\u00e1st\u00e9nyez\u0151je.<\/p>\n\n\n\n<p>A globaliz\u00e1ci\u00f3, a kl\u00edmav\u00e1ls\u00e1g, a technol\u00f3giai v\u00e1ltoz\u00e1sok \u00e9s a geopolitikai fesz\u00fclts\u00e9gek k\u00f6zvetlen\u00fcl befoly\u00e1solj\u00e1k az \u00e9rzelmi stabilit\u00e1st.<\/p>\n\n\n\n<p>Van-e \u00e9rtelme halad\u00e1sr\u00f3l besz\u00e9lni, ha az emberek pszichol\u00f3giai j\u00f3l\u00e9t\u00e9t elhanyagoljuk?<\/p>\n\n\n\n<h2 class=\"wp-block-heading\"><strong>Felel\u0151ss\u00e9ggel tekintenek a j\u00f6v\u0151be<\/strong><\/h2>\n\n\n\n<p>2025-ben <strong>A ment\u00e1lis eg\u00e9szs\u00e9g a reflektorf\u00e9nyben: a 21. sz\u00e1zad \u00faj glob\u00e1lis kih\u00edv\u00e1sa.<\/strong> Konkr\u00e9t tetteket k\u00f6vetel, nem csak szavakat.<\/p>\n\n\n\n<p>A megel\u0151z\u00e9sbe, az oktat\u00e1sba \u00e9s a kezel\u00e9shez val\u00f3 hozz\u00e1f\u00e9r\u00e9sbe val\u00f3 befektet\u00e9s ugyanolyan fontos, mint b\u00e1rmely fizikai infrastrukt\u00fara.<\/p>\n\n\n\n<p>A j\u00f6v\u0151 azon m\u00falik, hogy kollekt\u00edven k\u00e9pesek vagyunk-e felismerni, hogy a ment\u00e1lis eg\u00e9szs\u00e9g nem luxus, hanem a fenntarthat\u00f3 fejl\u0151d\u00e9s egyik pill\u00e9re.<\/p>\n\n\n\n<h2 class=\"wp-block-heading\"><strong>K\u00f6vetkeztet\u00e9s<\/strong><\/h2>\n\n\n\n<p>A ment\u00e1lis eg\u00e9szs\u00e9g meghat\u00e1rozza, hogyan dolgozunk, tanulunk, hogyan viszonyulunk m\u00e1sokhoz \u00e9s hogyan tervezz\u00fck a j\u00f6v\u0151t. Figyelmen k\u00edv\u00fcl hagy\u00e1sa folyamatosan n\u00f6vekv\u0151 emberi \u00e9s gazdas\u00e1gi k\u00f6lts\u00e9geket jelent.<\/p>\n\n\n\n<p>Ezzel szemben a komolys\u00e1ggal, emp\u00e1ti\u00e1val \u00e9s strat\u00e9gi\u00e1val val\u00f3 megk\u00f6zel\u00edt\u00e9s kiegyens\u00falyozottabb \u00e9s ellen\u00e1ll\u00f3bb t\u00e1rsadalmak fel\u00e9 nyitja meg az utat.<\/p>\n\n\n\n<p>A kih\u00edv\u00e1s adott. A k\u00e9rd\u00e9s m\u00e1r nem az, hogy cselekedn\u00fcnk kell-e, hanem az, hogy hogyan \u00e9s milyen s\u00fcrg\u0151ss\u00e9ggel.<\/p>\n\n\n\n<p>B\u0151vebben:\u00a0<a href=\"http:\/\/universofamilia.com\/hu\/el-crecimiento-del-comercio-electronico-mundial-en-2025\/\">A glob\u00e1lis e-kereskedelem n\u00f6veked\u00e9se 2025-ben<\/a><\/p>\n\n\n\n<h2 class=\"wp-block-heading\"><strong>Gyakran Ism\u00e9telt K\u00e9rd\u00e9sek<\/strong><\/h2>\n\n\n\n<p><strong>A ment\u00e1lis eg\u00e9szs\u00e9g csak egy\u00e9ni probl\u00e9ma?<\/strong><br>Nem. T\u00e1rsadalmi, gazdas\u00e1gi \u00e9s kultur\u00e1lis t\u00e9nyez\u0151ket foglal mag\u00e1ban, amelyek kollekt\u00edv v\u00e1laszokat ig\u00e9nyelnek.<\/p>\n\n\n\n<p><strong>M\u00e9g mindig rosszallj\u00e1k a pszichol\u00f3giai seg\u00edts\u00e9g ig\u00e9nybev\u00e9tel\u00e9t?<\/strong><br>A megb\u00e9lyegz\u00e9s cs\u00f6kkent, de bizonyos k\u00f6r\u00f6kben m\u00e9g mindig fenn\u00e1ll. A ny\u00edlt besz\u00e9d seg\u00edt megv\u00e1ltoztatni ezt a felfog\u00e1st.<\/p>\n\n\n\n<p><strong>Vajon a technol\u00f3gia rontja a ment\u00e1lis eg\u00e9szs\u00e9get?<\/strong><br>A felhaszn\u00e1l\u00e1st\u00f3l f\u00fcgg. Lehet t\u00e1mogat\u00f3 eszk\u00f6z, de lehet kock\u00e1zati t\u00e9nyez\u0151 is, ha nincs szab\u00e1lyozva.<\/p>\n\n\n\n<p><strong>Vajon a v\u00e1llalatoknak be kellene avatkozniuk ebbe a probl\u00e9m\u00e1ba?<\/strong><br>Igen. Az \u00e9rzelmi j\u00f3ll\u00e9t k\u00f6zvetlen\u00fcl befoly\u00e1solja a szervezet teljes\u00edtm\u00e9ny\u00e9t \u00e9s fenntarthat\u00f3s\u00e1g\u00e1t.<\/p>\n\n\n\n<p><strong>Val\u00f3ban m\u0171k\u00f6dik a megel\u0151z\u00e9s?<\/strong><br>K\u00fcl\u00f6nb\u00f6z\u0151 programok bizony\u00edtj\u00e1k, hogy az \u00e9rzelmi nevel\u00e9s \u00e9s a korai felismer\u00e9s cs\u00f6kkenti a hossz\u00fa t\u00e1v\u00fa probl\u00e9m\u00e1kat.<\/p>\n\n\n\n<p>A ment\u00e1lis eg\u00e9szs\u00e9g komoly \u00e9s embers\u00e9ges kezel\u00e9se nemcsak az egy\u00e9nek \u00e9let\u00e9t jav\u00edtja, hanem \u00fajra\u00e9rtelmezi a 21. sz\u00e1zad menet\u00e9t is.<\/p>","protected":false},"excerpt":{"rendered":"<p>La salud mental en la mira: el nuevo desaf\u00edo global del siglo XXI. ya no es una consigna alarmista ni un tema exclusivo del \u00e1mbito m\u00e9dico. Se convirti\u00f3 en una prioridad social, econ\u00f3mica y pol\u00edtica que atraviesa edades, profesiones y culturas. En 2025, hablar de bienestar emocional implica hablar de productividad, v\u00ednculos, educaci\u00f3n, tecnolog\u00eda y [&hellip;]<\/p>","protected":false},"author":219,"featured_media":10480,"comment_status":"closed","ping_status":"open","sticky":false,"template":"","format":"standard","meta":{"footnotes":""},"categories":[4],"tags":[],"yoast_head":"<!-- This site is optimized with the Yoast SEO plugin v23.3 - https:\/\/yoast.com\/wordpress\/plugins\/seo\/ -->\n<title>La salud mental en la mira: el nuevo desaf\u00edo global del siglo XXI - Universo Fam\u00edlia<\/title>\n<meta name=\"description\" content=\"La salud mental en la mira: el nuevo desaf\u00edo global del siglo XXI. ya no es una consigna alarmista ni un tema exclusivo del \u00e1mbito m\u00e9dico.\" \/>\n<meta name=\"robots\" content=\"index, follow, max-snippet:-1, max-image-preview:large, max-video-preview:-1\" \/>\n<link rel=\"canonical\" href=\"https:\/\/universofamilia.com\/hu\/la-salud-mental-en-la-mira\/\" \/>\n<meta property=\"og:locale\" content=\"hu_HU\" \/>\n<meta property=\"og:type\" content=\"article\" \/>\n<meta property=\"og:title\" content=\"La salud mental en la mira: el nuevo desaf\u00edo global del siglo XXI - Universo Fam\u00edlia\" \/>\n<meta property=\"og:description\" content=\"La salud mental en la mira: el nuevo desaf\u00edo global del siglo XXI. ya no es una consigna alarmista ni un tema exclusivo del \u00e1mbito m\u00e9dico.\" \/>\n<meta property=\"og:url\" content=\"https:\/\/universofamilia.com\/hu\/la-salud-mental-en-la-mira\/\" \/>\n<meta property=\"og:site_name\" content=\"Universo Fam\u00edlia\" \/>\n<meta property=\"article:published_time\" content=\"2025-12-29T12:09:19+00:00\" \/>\n<meta property=\"article:modified_time\" content=\"2025-12-29T12:11:25+00:00\" \/>\n<meta property=\"og:image\" content=\"https:\/\/universofamilia.com\/wp-content\/uploads\/sites\/148\/2025\/12\/Destaque-Novo-Universo-20.jpg\" \/>\n\t<meta property=\"og:image:width\" content=\"450\" \/>\n\t<meta property=\"og:image:height\" content=\"250\" \/>\n\t<meta property=\"og:image:type\" content=\"image\/jpeg\" \/>\n<meta name=\"author\" content=\"Matheus Sangaletti\" \/>\n<meta name=\"twitter:card\" content=\"summary_large_image\" \/>\n<meta name=\"twitter:label1\" content=\"Written by\" \/>\n\t<meta name=\"twitter:data1\" content=\"Matheus Sangaletti\" \/>\n\t<meta name=\"twitter:label2\" content=\"Est. reading time\" \/>\n\t<meta name=\"twitter:data2\" content=\"1 perc\" \/>\n<script type=\"application\/ld+json\" class=\"yoast-schema-graph\">{\"@context\":\"https:\/\/schema.org\",\"@graph\":[{\"@type\":\"WebPage\",\"@id\":\"https:\/\/universofamilia.com\/zh_hk\/la-salud-mental-en-la-mira\/\",\"url\":\"https:\/\/universofamilia.com\/zh_hk\/la-salud-mental-en-la-mira\/\",\"name\":\"La salud mental en la mira: el nuevo desaf\u00edo global del siglo XXI - Universo Fam\u00edlia\",\"isPartOf\":{\"@id\":\"http:\/\/universofamilia.com\/zh_hk\/#website\"},\"primaryImageOfPage\":{\"@id\":\"https:\/\/universofamilia.com\/zh_hk\/la-salud-mental-en-la-mira\/#primaryimage\"},\"image\":{\"@id\":\"https:\/\/universofamilia.com\/zh_hk\/la-salud-mental-en-la-mira\/#primaryimage\"},\"thumbnailUrl\":\"http:\/\/universofamilia.com\/wp-content\/uploads\/sites\/148\/2025\/12\/Destaque-Novo-Universo-20.jpg\",\"datePublished\":\"2025-12-29T12:09:19+00:00\",\"dateModified\":\"2025-12-29T12:11:25+00:00\",\"author\":{\"@id\":\"http:\/\/universofamilia.com\/zh_hk\/#\/schema\/person\/92fcd07e9b1f4323bf74f3170fc0f78a\"},\"description\":\"La salud mental en la mira: el nuevo desaf\u00edo global del siglo XXI. ya no es una consigna alarmista ni un tema exclusivo del \u00e1mbito m\u00e9dico.\",\"breadcrumb\":{\"@id\":\"https:\/\/universofamilia.com\/zh_hk\/la-salud-mental-en-la-mira\/#breadcrumb\"},\"inLanguage\":\"hu\",\"potentialAction\":[{\"@type\":\"ReadAction\",\"target\":[\"https:\/\/universofamilia.com\/zh_hk\/la-salud-mental-en-la-mira\/\"]}]},{\"@type\":\"ImageObject\",\"inLanguage\":\"hu\",\"@id\":\"https:\/\/universofamilia.com\/zh_hk\/la-salud-mental-en-la-mira\/#primaryimage\",\"url\":\"http:\/\/universofamilia.com\/wp-content\/uploads\/sites\/148\/2025\/12\/Destaque-Novo-Universo-20.jpg\",\"contentUrl\":\"http:\/\/universofamilia.com\/wp-content\/uploads\/sites\/148\/2025\/12\/Destaque-Novo-Universo-20.jpg\",\"width\":450,\"height\":250,\"caption\":\"La salud mental en la mira: el nuevo desaf\u00edo global del siglo XXI.\"},{\"@type\":\"BreadcrumbList\",\"@id\":\"https:\/\/universofamilia.com\/zh_hk\/la-salud-mental-en-la-mira\/#breadcrumb\",\"itemListElement\":[{\"@type\":\"ListItem\",\"position\":1,\"name\":\"Home\",\"item\":\"http:\/\/universofamilia.com\/zh_hk\/\"},{\"@type\":\"ListItem\",\"position\":2,\"name\":\"La salud mental en la mira: el nuevo desaf\u00edo global del siglo XXI\"}]},{\"@type\":\"WebSite\",\"@id\":\"http:\/\/universofamilia.com\/zh_hk\/#website\",\"url\":\"http:\/\/universofamilia.com\/zh_hk\/\",\"name\":\"Universo Fam\u00edlia\",\"description\":\"\",\"potentialAction\":[{\"@type\":\"SearchAction\",\"target\":{\"@type\":\"EntryPoint\",\"urlTemplate\":\"http:\/\/universofamilia.com\/zh_hk\/?s={search_term_string}\"},\"query-input\":\"required name=search_term_string\"}],\"inLanguage\":\"hu\"},{\"@type\":\"Person\",\"@id\":\"http:\/\/universofamilia.com\/zh_hk\/#\/schema\/person\/92fcd07e9b1f4323bf74f3170fc0f78a\",\"name\":\"Matheus Sangaletti\",\"image\":{\"@type\":\"ImageObject\",\"inLanguage\":\"hu\",\"@id\":\"http:\/\/universofamilia.com\/zh_hk\/#\/schema\/person\/image\/\",\"url\":\"http:\/\/2.gravatar.com\/avatar\/280ea957a14a48e6a1ad2133d2cc27c9?s=96&d=mm&r=g\",\"contentUrl\":\"http:\/\/2.gravatar.com\/avatar\/280ea957a14a48e6a1ad2133d2cc27c9?s=96&d=mm&r=g\",\"caption\":\"Matheus Sangaletti\"},\"url\":\"http:\/\/universofamilia.com\/hu\/author\/matheuss\/\"}]}<\/script>\n<!-- \/ Yoast SEO plugin. -->","yoast_head_json":{"title":"La salud mental en la mira: el nuevo desaf\u00edo global del siglo XXI - Universo Fam\u00edlia","description":"La salud mental en la mira: el nuevo desaf\u00edo global del siglo XXI. ya no es una consigna alarmista ni un tema exclusivo del \u00e1mbito m\u00e9dico.","robots":{"index":"index","follow":"follow","max-snippet":"max-snippet:-1","max-image-preview":"max-image-preview:large","max-video-preview":"max-video-preview:-1"},"canonical":"https:\/\/universofamilia.com\/hu\/la-salud-mental-en-la-mira\/","og_locale":"hu_HU","og_type":"article","og_title":"La salud mental en la mira: el nuevo desaf\u00edo global del siglo XXI - Universo Fam\u00edlia","og_description":"La salud mental en la mira: el nuevo desaf\u00edo global del siglo XXI. ya no es una consigna alarmista ni un tema exclusivo del \u00e1mbito m\u00e9dico.","og_url":"https:\/\/universofamilia.com\/hu\/la-salud-mental-en-la-mira\/","og_site_name":"Universo Fam\u00edlia","article_published_time":"2025-12-29T12:09:19+00:00","article_modified_time":"2025-12-29T12:11:25+00:00","og_image":[{"width":450,"height":250,"url":"https:\/\/universofamilia.com\/wp-content\/uploads\/sites\/148\/2025\/12\/Destaque-Novo-Universo-20.jpg","type":"image\/jpeg"}],"author":"Matheus Sangaletti","twitter_card":"summary_large_image","twitter_misc":{"Written by":"Matheus Sangaletti","Est. reading time":"1 perc"},"schema":{"@context":"https:\/\/schema.org","@graph":[{"@type":"WebPage","@id":"https:\/\/universofamilia.com\/zh_hk\/la-salud-mental-en-la-mira\/","url":"https:\/\/universofamilia.com\/zh_hk\/la-salud-mental-en-la-mira\/","name":"La salud mental en la mira: el nuevo desaf\u00edo global del siglo XXI - Universo Fam\u00edlia","isPartOf":{"@id":"http:\/\/universofamilia.com\/zh_hk\/#website"},"primaryImageOfPage":{"@id":"https:\/\/universofamilia.com\/zh_hk\/la-salud-mental-en-la-mira\/#primaryimage"},"image":{"@id":"https:\/\/universofamilia.com\/zh_hk\/la-salud-mental-en-la-mira\/#primaryimage"},"thumbnailUrl":"http:\/\/universofamilia.com\/wp-content\/uploads\/sites\/148\/2025\/12\/Destaque-Novo-Universo-20.jpg","datePublished":"2025-12-29T12:09:19+00:00","dateModified":"2025-12-29T12:11:25+00:00","author":{"@id":"http:\/\/universofamilia.com\/zh_hk\/#\/schema\/person\/92fcd07e9b1f4323bf74f3170fc0f78a"},"description":"La salud mental en la mira: el nuevo desaf\u00edo global del siglo XXI. ya no es una consigna alarmista ni un tema exclusivo del \u00e1mbito m\u00e9dico.","breadcrumb":{"@id":"https:\/\/universofamilia.com\/zh_hk\/la-salud-mental-en-la-mira\/#breadcrumb"},"inLanguage":"hu","potentialAction":[{"@type":"ReadAction","target":["https:\/\/universofamilia.com\/zh_hk\/la-salud-mental-en-la-mira\/"]}]},{"@type":"ImageObject","inLanguage":"hu","@id":"https:\/\/universofamilia.com\/zh_hk\/la-salud-mental-en-la-mira\/#primaryimage","url":"http:\/\/universofamilia.com\/wp-content\/uploads\/sites\/148\/2025\/12\/Destaque-Novo-Universo-20.jpg","contentUrl":"http:\/\/universofamilia.com\/wp-content\/uploads\/sites\/148\/2025\/12\/Destaque-Novo-Universo-20.jpg","width":450,"height":250,"caption":"La salud mental en la mira: el nuevo desaf\u00edo global del siglo XXI."},{"@type":"BreadcrumbList","@id":"https:\/\/universofamilia.com\/zh_hk\/la-salud-mental-en-la-mira\/#breadcrumb","itemListElement":[{"@type":"ListItem","position":1,"name":"Home","item":"http:\/\/universofamilia.com\/zh_hk\/"},{"@type":"ListItem","position":2,"name":"La salud mental en la mira: el nuevo desaf\u00edo global del siglo XXI"}]},{"@type":"WebSite","@id":"http:\/\/universofamilia.com\/zh_hk\/#website","url":"http:\/\/universofamilia.com\/zh_hk\/","name":"Universo Fam\u00edlia","description":"","potentialAction":[{"@type":"SearchAction","target":{"@type":"EntryPoint","urlTemplate":"http:\/\/universofamilia.com\/zh_hk\/?s={search_term_string}"},"query-input":"required name=search_term_string"}],"inLanguage":"hu"},{"@type":"Person","@id":"http:\/\/universofamilia.com\/zh_hk\/#\/schema\/person\/92fcd07e9b1f4323bf74f3170fc0f78a","name":"Matheus Sangaletti","image":{"@type":"ImageObject","inLanguage":"hu","@id":"http:\/\/universofamilia.com\/zh_hk\/#\/schema\/person\/image\/","url":"http:\/\/2.gravatar.com\/avatar\/280ea957a14a48e6a1ad2133d2cc27c9?s=96&d=mm&r=g","contentUrl":"http:\/\/2.gravatar.com\/avatar\/280ea957a14a48e6a1ad2133d2cc27c9?s=96&d=mm&r=g","caption":"Matheus Sangaletti"},"url":"http:\/\/universofamilia.com\/hu\/author\/matheuss\/"}]}},"_links":{"self":[{"href":"http:\/\/universofamilia.com\/hu\/wp-json\/wp\/v2\/posts\/10479"}],"collection":[{"href":"http:\/\/universofamilia.com\/hu\/wp-json\/wp\/v2\/posts"}],"about":[{"href":"http:\/\/universofamilia.com\/hu\/wp-json\/wp\/v2\/types\/post"}],"author":[{"embeddable":true,"href":"http:\/\/universofamilia.com\/hu\/wp-json\/wp\/v2\/users\/219"}],"replies":[{"embeddable":true,"href":"http:\/\/universofamilia.com\/hu\/wp-json\/wp\/v2\/comments?post=10479"}],"version-history":[{"count":2,"href":"http:\/\/universofamilia.com\/hu\/wp-json\/wp\/v2\/posts\/10479\/revisions"}],"predecessor-version":[{"id":10484,"href":"http:\/\/universofamilia.com\/hu\/wp-json\/wp\/v2\/posts\/10479\/revisions\/10484"}],"wp:featuredmedia":[{"embeddable":true,"href":"http:\/\/universofamilia.com\/hu\/wp-json\/wp\/v2\/media\/10480"}],"wp:attachment":[{"href":"http:\/\/universofamilia.com\/hu\/wp-json\/wp\/v2\/media?parent=10479"}],"wp:term":[{"taxonomy":"category","embeddable":true,"href":"http:\/\/universofamilia.com\/hu\/wp-json\/wp\/v2\/categories?post=10479"},{"taxonomy":"post_tag","embeddable":true,"href":"http:\/\/universofamilia.com\/hu\/wp-json\/wp\/v2\/tags?post=10479"}],"curies":[{"name":"wp","href":"https:\/\/api.w.org\/{rel}","templated":true}]}}