{"id":10485,"date":"2025-12-29T09:23:13","date_gmt":"2025-12-29T12:23:13","guid":{"rendered":"https:\/\/universofamilia.com\/?p=10485"},"modified":"2025-12-29T09:23:16","modified_gmt":"2025-12-29T12:23:16","slug":"como-las-aplicaciones-de-bienestar-ayudan","status":"publish","type":"post","link":"http:\/\/universofamilia.com\/hu\/como-las-aplicaciones-de-bienestar-ayudan\/","title":{"rendered":"Hogyan seg\u00edtenek a wellness alkalmaz\u00e1sok emberek milli\u00f3inak"},"content":{"rendered":"<p class=\"has-text-align-center\"><strong>Hogyan seg\u00edtenek a wellness alkalmaz\u00e1sok emberek milli\u00f3inak<\/strong> Kulcsk\u00e9rd\u00e9ss\u00e9 v\u00e1lt egy olyan vil\u00e1gban, ahol a stressz, az id\u0151hi\u00e1ny \u00e9s a digit\u00e1lis t\u00falterhel\u00e9s a mindennapi \u00e9let r\u00e9sze.<\/p>\n\n\n\n<figure class=\"wp-block-gallery has-nested-images columns-default is-cropped wp-block-gallery-1 is-layout-flex wp-block-gallery-is-layout-flex\">\n<figure class=\"wp-block-image size-full\"><img loading=\"lazy\" decoding=\"async\" width=\"450\" height=\"250\" data-id=\"10487\" src=\"https:\/\/universofamilia.com\/wp-content\/uploads\/sites\/148\/2025\/12\/Destaque-Novo-Universo-22-1.jpg\" alt=\"\" class=\"wp-image-10487\" srcset=\"http:\/\/universofamilia.com\/wp-content\/uploads\/sites\/148\/2025\/12\/Destaque-Novo-Universo-22-1.jpg 450w, http:\/\/universofamilia.com\/wp-content\/uploads\/sites\/148\/2025\/12\/Destaque-Novo-Universo-22-1-300x167.jpg 300w, http:\/\/universofamilia.com\/wp-content\/uploads\/sites\/148\/2025\/12\/Destaque-Novo-Universo-22-1-18x10.jpg 18w\" sizes=\"(max-width: 450px) 100vw, 450px\" \/><figcaption class=\"wp-element-caption\">Hogyan seg\u00edtenek a wellness alkalmaz\u00e1sok emberek milli\u00f3inak<\/figcaption><\/figure>\n<\/figure>\n\n\n\n<p class=\"has-text-align-center\">2025-re ezek az eszk\u00f6z\u00f6k m\u00e1r nem m\u00fal\u00f3 divath\u00f3bort voltak, \u00e9s val\u00f3di sz\u00f6vets\u00e9gesekk\u00e9 v\u00e1ltak a fizikai, ment\u00e1lis \u00e9s \u00e9rzelmi egyens\u00faly keres\u00e9s\u00e9ben.<\/p>\n\n\n\n<p>Miel\u0151tt tov\u00e1bbl\u00e9pn\u00e9nk, \u00e9rdemes egy r\u00f6vid \u00f6sszefoglal\u00f3t bemutatni az olvas\u00e1s elsaj\u00e1t\u00edt\u00e1s\u00e1hoz: mi\u00e9rt terjedtek el a wellness alkalmaz\u00e1sok, milyen val\u00f3s sz\u00fcks\u00e9gleteket el\u00e9g\u00edtenek ki, \u00e9s hogyan befoly\u00e1solj\u00e1k a ment\u00e1lis \u00e9s fizikai eg\u00e9szs\u00e9get.<\/p>\n\n\n\n<p>Megb\u00edzhat\u00f3 forr\u00e1sokkal al\u00e1t\u00e1masztott relev\u00e1ns statisztik\u00e1k, k\u00e9t eredeti p\u00e9lda, vil\u00e1gos anal\u00f3gia, \u00f6sszehasonl\u00edt\u00f3 t\u00e1bl\u00e1zat az el\u0151ny\u00f6kr\u0151l, valamint egy gyakran ism\u00e9telt k\u00e9rd\u00e9sek r\u00e9sz.<\/p>\n\n\n\n<h2 class=\"wp-block-heading\"><strong>Mi\u00e9rt tettek szert glob\u00e1lis ismerts\u00e9gre a wellness alkalmaz\u00e1sok?<\/strong><\/h2>\n\n\n\n<p>A felgyorsult \u00e9lettemp\u00f3 \u00e1talak\u00edtotta a szok\u00e1sokat \u00e9s a priorit\u00e1sokat. A hosszabb munkaid\u0151, a t\u00falzott konnektivit\u00e1s \u00e9s a kevesebb pihen\u0151id\u0151 egy\u00e9rtelm\u0171 egyens\u00falyhi\u00e1nyt teremtett.<\/p>\n\n\n\n<p>Ezzel a forgat\u00f3k\u00f6nyvvel szembes\u00fclve a wellness alkalmaz\u00e1sok valami k\u00e9zzelfoghat\u00f3t k\u00edn\u00e1ltak: azonnali hozz\u00e1f\u00e9r\u00e9st az \u00f6ngondoskod\u00e1si gyakorlatokhoz a mobiltelefonodr\u00f3l.<\/p>\n\n\n\n<p>Ezzel kapcsolatban, <strong>Hogyan seg\u00edtenek a wellness alkalmaz\u00e1sok emberek milli\u00f3inak<\/strong> Ez m\u00e1r nem kiz\u00e1r\u00f3lag a technol\u00f3gi\u00e1val magyar\u00e1zhat\u00f3, hanem a praktikus, hozz\u00e1f\u00e9rhet\u0151 \u00e9s szem\u00e9lyre szabott megold\u00e1sok ir\u00e1nti s\u00fcrget\u0151 ig\u00e9nysel is.<\/p>\n\n\n\n<p>Nem helyettes\u00edtik a hagyom\u00e1nyos orvosi ell\u00e1t\u00e1st, b\u00e1r rendszeresen kieg\u00e9sz\u00edtik az eg\u00e9szs\u00e9ges \u00e9letm\u00f3dot.<\/p>\n\n\n\n<h2 class=\"wp-block-heading\"><strong>Mit jelentenek manaps\u00e1g a wellness alkalmaz\u00e1sok?<\/strong><\/h2>\n\n\n\n<p>A j\u00f3ll\u00e9t fogalma kisz\u00e9lesedett. M\u00e1r nem korl\u00e1toz\u00f3dik a testmozg\u00e1sra. Mag\u00e1ban foglalja a ment\u00e1lis eg\u00e9szs\u00e9get, a stresszkezel\u00e9st, az alv\u00e1st, a tudatos t\u00e1pl\u00e1lkoz\u00e1st \u00e9s a napi szok\u00e1sokat.<\/p>\n\n\n\n<p>A jelenlegi alkalmaz\u00e1sok integr\u00e1lj\u00e1k az ir\u00e1ny\u00edtott medit\u00e1ci\u00f3t, az aktivit\u00e1sk\u00f6vet\u00e9st, a l\u00e9gz\u0151gyakorlatokat, az \u00e9rzelmi napl\u00f3kat \u00e9s az alv\u00e1sprogramokat.<\/p>\n\n\n\n<p>A kulcs az \u00e1tfog\u00f3 megk\u00f6zel\u00edt\u00e9s\u00e9ben rejlik, amely alkalmazkodik a k\u00fcl\u00f6nb\u00f6z\u0151 \u00e9letst\u00edlusokhoz.<\/p>\n\n\n\n<h2 class=\"wp-block-heading\"><strong>Val\u00f3di t\u00e1mogat\u00e1s a mindennapi ment\u00e1lis eg\u00e9szs\u00e9ghez<\/strong><\/h2>\n\n\n\n<p>Az ut\u00f3bbi \u00e9vekben a ment\u00e1lis eg\u00e9szs\u00e9gr\u0151l sz\u00f3l\u00f3 p\u00e1rbesz\u00e9d egyre nagyobb teret h\u00f3d\u00edt. Ennek ellen\u00e9re sokak sz\u00e1m\u00e1ra korl\u00e1tozott a szakemberekhez val\u00f3 hozz\u00e1f\u00e9r\u00e9s.<\/p>\n\n\n\n<p>Itt rejlik ezen alkalmaz\u00e1sok egyik legnagyobb hozad\u00e9ka: a mindennapi t\u00e1mogat\u00e1s \u00e9s az \u00e9rzelmi \u00f6nszab\u00e1lyoz\u00e1s eszk\u00f6zei.<\/p>\n\n\n\n<p>A r\u00f6vid l\u00e9gz\u0151gyakorlatok, a mindfulness gyakorlatok vagy a sz\u00fcnetekre val\u00f3 eml\u00e9keztet\u0151k cs\u00f6kkentik a tel\u00edtetts\u00e9g \u00e9rz\u00e9s\u00e9t.<\/p>\n\n\n\n<p>Nem helyettes\u00edtik a klinikai ter\u00e1pi\u00e1t, b\u00e1r seg\u00edtenek megel\u0151zni az \u00e9rzelmi kimer\u00fclts\u00e9get \u00e9s felismerni a korai jeleket.<\/p>\n\n\n\n<h2 class=\"wp-block-heading\"><strong>A n\u00f6veked\u00e9s m\u00f6g\u00f6tt rejl\u0151 bizony\u00edt\u00e9kok<\/strong><\/h2>\n\n\n\n<p>Ezen platformok felemelked\u00e9se nem puszt\u00e1n a felfog\u00e1sokon alapul.<\/p>\n\n\n\n<p>Egy friss jelent\u00e9s szerint <strong>Glob\u00e1lis Wellness Int\u00e9zet<\/strong>A glob\u00e1lis digit\u00e1lis wellness piac tov\u00e1bbra is folyamatosan n\u00f6vekszik, amit az el\u00e9rhet\u0151 \u00f6ngondoskod\u00e1si megold\u00e1sok ir\u00e1nti kereslet hajt.<\/p>\n\n\n\n<p>Ezek az adatok meger\u0151s\u00edtik, hogy felhaszn\u00e1l\u00f3k milli\u00f3i tal\u00e1lnak val\u00f3di \u00e9rt\u00e9ket ezekben az eszk\u00f6z\u00f6kben a marketingen t\u00fal is.<\/p>\n\n\n\n<h2 class=\"wp-block-heading\"><strong>Fizikai j\u00f3ll\u00e9t: a k\u00f6vetkezetess\u00e9g az intenzit\u00e1s helyett<\/strong><\/h2>\n\n\n\n<p>Az eg\u00e9szs\u00e9ges szok\u00e1sok kialak\u00edt\u00e1s\u00e1nak egyik legnagyobb kih\u00edv\u00e1sa mindig is a k\u00f6vetkezetess\u00e9g volt.<\/p>\n\n\n\n<p>Az alkalmaz\u00e1sok a probl\u00e9ma egy r\u00e9sz\u00e9t azzal oldott\u00e1k meg, hogy a kis cselekv\u00e9seket fenntarthat\u00f3 rutinokk\u00e1 alak\u00edtott\u00e1k.<\/p>\n\n\n\n<p>A l\u00e9p\u00e9sk\u00f6vet\u00e9s, a progressz\u00edv edz\u00e9stervek \u00e9s a szem\u00e9lyre szabott \u00e9rtes\u00edt\u00e9sek \u00f6szt\u00f6nzik az edz\u00e9sterv betart\u00e1s\u00e1t.<\/p>\n\n\n\n<p>A hangs\u00faly a sz\u00e9ls\u0151s\u00e9ges teljes\u00edtm\u00e9nyr\u0151l a mindennapi, tudatos mozg\u00e1sra helyez\u0151d\u00f6tt \u00e1t.<\/p>\n\n\n\n<h3 class=\"wp-block-heading\"><strong>1. p\u00e9lda<\/strong><\/h3>\n\n\n\n<p>Egy t\u00e1vmunk\u00e1ban dolgoz\u00f3 szem\u00e9ly elkezdett haszn\u00e1lni egy wellness alkalmaz\u00e1st az akt\u00edv sz\u00fcnetek r\u00f6gz\u00edt\u00e9s\u00e9re.<\/p>\n\n\n\n<p>N\u00e9h\u00e1ny h\u00e9t alatt cs\u00f6kkent az izomf\u00e1jdalma \u00e9s javult a napi energiaszintje, intenz\u00edv edz\u00e9s n\u00e9lk\u00fcl.<\/p>\n\n\n\n<h2 class=\"wp-block-heading\"><strong>Szem\u00e9lyre szab\u00e1s: az igazi megk\u00fcl\u00f6nb\u00f6ztet\u0151 jegy<\/strong><\/h2>\n\n\n\n<p>A hagyom\u00e1nyos m\u00f3dszerekkel ellent\u00e9tben ezek az alkalmaz\u00e1sok alkalmazkodnak a felhaszn\u00e1l\u00f3hoz. Elemzik a haszn\u00e1lati mint\u00e1kat, a preferenci\u00e1kat \u00e9s a c\u00e9lokat, hogy szem\u00e9lyre szabott aj\u00e1nl\u00e1sokat k\u00edn\u00e1lhassanak.<\/p>\n\n\n\n<p>Ez a szem\u00e9lyre szab\u00e1s magyar\u00e1zza hat\u00e9konys\u00e1g\u00e1nak nagy r\u00e9sz\u00e9t. Minden rutin szem\u00e9lyesnek \u00e9rz\u0151dik, nem pedig r\u00e1er\u0151ltetettnek.<\/p>\n\n\n\n<p>A j\u00f3ll\u00e9t megsz\u0171nik k\u00f6telezetts\u00e9g lenni, \u00e9s rugalmas \u00e9lm\u00e9nny\u00e9 v\u00e1lik.<\/p>\n\n\n\n<h2 class=\"wp-block-heading\"><strong>Az anal\u00f3gia, amely seg\u00edt meg\u00e9rteni a hat\u00e1s\u00e1t<\/strong><\/h2>\n\n\n\n<p>A wellness alkalmaz\u00e1sok haszn\u00e1lata hasonl\u00f3 a k\u00f6vetkez\u0151kh\u00f6z: <strong>legyen egy csendes edz\u0151 a zsebedben<\/strong>.<\/p>\n\n\n\n<p>Nem k\u00e9nyszer\u00edt, nem \u00edt\u00e9lkezik, hanem eml\u00e9keztet, elk\u00eds\u00e9r \u00e9s \u00fatmutat\u00e1st ad, amikor sz\u00fcks\u00e9ges. \u00c9rt\u00e9ke nem a parancsol\u00e1sban, hanem a t\u00e1mogat\u00e1sban rejlik.<\/p>\n\n\n\n<h2 class=\"wp-block-heading\"><strong>A technol\u00f3gia szerepe a megel\u0151z\u00e9sben<\/strong><\/h2>\n\n\n\n<p>2025-ben a megel\u0151z\u00e9s t\u00e9rnyerte a hangs\u00falyt a reakt\u00edv kezel\u00e9ssel szemben.<\/p>\n\n\n\n<p>Az alkalmaz\u00e1sok seg\u00edtenek felismerni a stressz, a pihen\u00e9s hi\u00e1nya vagy az \u00fcl\u0151 \u00e9letm\u00f3d mint\u00e1zatait, miel\u0151tt azok nagyobb probl\u00e9m\u00e1v\u00e1 v\u00e1ln\u00e1nak.<\/p>\n\n\n\n<p>Ez a megel\u0151z\u0151 k\u00e9pess\u00e9g kulcsfontoss\u00e1g\u00fa mind az egy\u00e9nek, mind az eg\u00e9szs\u00e9g\u00fcgyi rendszerek sz\u00e1m\u00e1ra, mivel cs\u00f6kkenti a hagyom\u00e1nyos orvosi szolg\u00e1ltat\u00e1sokra nehezed\u0151 nyom\u00e1st.<\/p>\n\n\n\n<h2 class=\"wp-block-heading\"><strong>\u00dczleti \u00e9s digit\u00e1lis j\u00f3ll\u00e9t<\/strong><\/h2>\n\n\n\n<p>A munkahely is \u00e1tvette ezeket az eszk\u00f6z\u00f6ket.<\/p>\n\n\n\n<p>Sok szervezet v\u00e1llalati juttat\u00e1sai r\u00e9szek\u00e9nt k\u00edn\u00e1l hozz\u00e1f\u00e9r\u00e9st wellness alkalmaz\u00e1sokhoz.<\/p>\n\n\n\n<p>Az ok egy\u00e9rtelm\u0171: a jobb \u00e9rzelmi egyens\u00faly\u00fa alkalmazottak nagyobb elk\u00f6telezetts\u00e9get \u00e9s alacsonyabb fluktu\u00e1ci\u00f3t mutatnak.<\/p>\n\n\n\n<p>A j\u00f3ll\u00e9t m\u00e1r nem szem\u00e9lyes k\u00e9rd\u00e9s, hanem strat\u00e9giai t\u00e9nyez\u0151v\u00e9 v\u00e1lt az \u00fczleti fenntarthat\u00f3s\u00e1gban.<\/p>\n\n\n\n<h2 class=\"wp-block-heading\"><strong>T\u00e1bl\u00e1zat: A wellness alkalmaz\u00e1sok f\u0151bb el\u0151nyei<\/strong><\/h2>\n\n\n\n<figure class=\"wp-block-table\"><table><thead><tr><th>Wellness r\u00e9szleg<\/th><th>F\u0151 el\u0151ny<\/th><\/tr><\/thead><tbody><tr><td>Ment\u00e1lis eg\u00e9szs\u00e9g<\/td><td>Stresszcs\u00f6kkent\u00e9s \u00e9s fokozott \u00f6nismeret<\/td><\/tr><tr><td>Fizikai aktivit\u00e1s<\/td><td>Nagyobb k\u00f6vetkezetess\u00e9g \u00e9s napi mozg\u00e1s<\/td><\/tr><tr><td>\u00c1lom<\/td><td>A rutinok \u00e9s a pihen\u00e9s min\u0151s\u00e9g\u00e9nek javul\u00e1sa<\/td><\/tr><tr><td>Eg\u00e9szs\u00e9ges szok\u00e1sok<\/td><td>Folyamatos monitoroz\u00e1s \u00e9s motiv\u00e1ci\u00f3<\/td><\/tr><tr><td>Megel\u0151z\u00e9s<\/td><td>Az egyens\u00falyhi\u00e1nyok korai felismer\u00e9se<\/td><\/tr><\/tbody><\/table><figcaption class=\"wp-element-caption\">Hogyan seg\u00edtenek a wellness alkalmaz\u00e1sok emberek milli\u00f3inak<\/figcaption><\/figure>\n\n\n\n<figure class=\"wp-block-gallery has-nested-images columns-default is-cropped wp-block-gallery-2 is-layout-flex wp-block-gallery-is-layout-flex\">\n<figure class=\"wp-block-image size-full\"><img loading=\"lazy\" decoding=\"async\" width=\"450\" height=\"250\" data-id=\"10488\" src=\"https:\/\/universofamilia.com\/wp-content\/uploads\/sites\/148\/2025\/12\/Destaque-Novo-Universo-23.jpg\" alt=\"\" class=\"wp-image-10488\" srcset=\"http:\/\/universofamilia.com\/wp-content\/uploads\/sites\/148\/2025\/12\/Destaque-Novo-Universo-23.jpg 450w, http:\/\/universofamilia.com\/wp-content\/uploads\/sites\/148\/2025\/12\/Destaque-Novo-Universo-23-300x167.jpg 300w, http:\/\/universofamilia.com\/wp-content\/uploads\/sites\/148\/2025\/12\/Destaque-Novo-Universo-23-18x10.jpg 18w\" sizes=\"(max-width: 450px) 100vw, 450px\" \/><figcaption class=\"wp-element-caption\">Hogyan seg\u00edtenek a wellness alkalmaz\u00e1sok emberek milli\u00f3inak<\/figcaption><\/figure>\n<\/figure>\n\n\n\n<p>B\u0151vebben:\u00a0<a href=\"http:\/\/universofamilia.com\/hu\/descubrimientos-cientificos-que-cambiaran-el-futuro\/\">Tudom\u00e1nyos felfedez\u00e9sek, amelyek megv\u00e1ltoztatj\u00e1k a j\u00f6v\u0151t<\/a><\/p>\n\n\n\n<h2 class=\"wp-block-heading\"><strong>Elismerend\u0151 korl\u00e1tok<\/strong><\/h2>\n\n\n\n<p>B\u00e1r az el\u0151ny\u00f6k egy\u00e9rtelm\u0171ek, vannak korl\u00e1tok is.<\/p>\n\n\n\n<p>Nem minden alkalmaz\u00e1s rendelkezik professzion\u00e1lis t\u00e1mogat\u00e1ssal vagy megalapozott m\u00f3dszertanokkal. A b\u00f6lcs v\u00e1laszt\u00e1s elengedhetetlen.<\/p>\n\n\n\n<p>Tov\u00e1bb\u00e1 a t\u00falzott haszn\u00e1lat vagy a digit\u00e1lis f\u00fcgg\u0151s\u00e9g ellent\u00e9tes hat\u00e1st v\u00e1lthat ki.<\/p>\n\n\n\n<p>A j\u00f3ll\u00e9t az egyens\u00falyb\u00f3l fakad, nem az \u00e9let minden aspektus\u00e1nak megsz\u00e1llott m\u00e9r\u00e9s\u00e9b\u0151l.<\/p>\n\n\n\n<h2 class=\"wp-block-heading\"><strong>Oktat\u00e1s \u00e9s j\u00f3l\u00e9t m\u00e1r kiskort\u00f3l kezdve<\/strong><\/h2>\n\n\n\n<p>\u00daj gener\u00e1ci\u00f3k n\u0151ttek fel k\u00e9perny\u0151k k\u00f6z\u00f6tt. A wellness alkalmaz\u00e1sok oktat\u00e1si k\u00f6rnyezetbe val\u00f3 integr\u00e1l\u00e1sa seg\u00edt az \u00e9rzelmi \u00f6nszab\u00e1lyoz\u00e1s \u00e9s az eg\u00e9szs\u00e9ges szok\u00e1sok elsaj\u00e1t\u00edt\u00e1s\u00e1ban m\u00e1r kiskort\u00f3l kezdve.<\/p>\n\n\n\n<p>Feln\u0151tt \u00fatmutat\u00e1ssal \u00e9s vil\u00e1gos c\u00e9lokkal haszn\u00e1lva ezek az eszk\u00f6z\u00f6k er\u0151s\u00edtik a gyermekek \u00e9s serd\u00fcl\u0151k kapcsolat\u00e1t a saj\u00e1t j\u00f3l\u00e9t\u00fckkel.<\/p>\n\n\n\n<h3 class=\"wp-block-heading\"><strong>2. p\u00e9lda<\/strong><\/h3>\n\n\n\n<p>Egy iskolai programban az \u00f3r\u00e1k el\u0151tt egy tudatos l\u00e9gz\u00e9st seg\u00edt\u0151 alkalmaz\u00e1st is bevezettek.<\/p>\n\n\n\n<p>A tan\u00e1rok nagyobb koncentr\u00e1ci\u00f3r\u00f3l \u00e9s kevesebb szorong\u00e1sr\u00f3l sz\u00e1moltak be az oszt\u00e1lyteremben a tan\u00e9v sor\u00e1n.<\/p>\n\n\n\n<h2 class=\"wp-block-heading\"><strong>Egy sz\u00fcks\u00e9ges k\u00e9rd\u00e9s<\/strong><\/h2>\n\n\n\n<p>Ha m\u00e1r emberek milli\u00f3i haszn\u00e1lj\u00e1k ezeket az alkalmaz\u00e1sokat az \u00e9letmin\u0151s\u00e9g\u00fck jav\u00edt\u00e1s\u00e1ra, mi\u00e9rt tekintik tov\u00e1bbra is a j\u00f3ll\u00e9tet m\u00e1sodlagos dolognak?<\/p>\n\n\n\n<h2 class=\"wp-block-heading\"><strong>A wellness alkalmaz\u00e1sok j\u00f6v\u0151je<\/strong><\/h2>\n\n\n\n<p>A fejl\u0151d\u00e9s az eg\u00e9szs\u00e9g\u00fcgyi eszk\u00f6z\u00f6kkel val\u00f3 nagyobb integr\u00e1ci\u00f3, az etikus mesters\u00e9ges intelligencia \u00e9s a szakemberek \u00e1ltal valid\u00e1lt tartalmak fel\u00e9 mutat.<\/p>\n\n\n\n<p>2025-ben a trend a min\u0151s\u00e9get, az adatv\u00e9delmet \u00e9s a tudom\u00e1nyos bizony\u00edt\u00e9kokat helyezi el\u0151t\u00e9rbe.<\/p>\n\n\n\n<p>Azok az alkalmaz\u00e1sok, amelyek sikeresen egyens\u00falyoznak a technol\u00f3gia, az embers\u00e9g \u00e9s a szakmai szigor\u00fas\u00e1g k\u00f6z\u00f6tt, a digit\u00e1lis j\u00f3ll\u00e9t k\u00f6vetkez\u0151 szakasz\u00e1t fogj\u00e1k vezetni.<\/p>\n\n\n\n<h2 class=\"wp-block-heading\"><strong>K\u00f6vetkeztet\u00e9s<\/strong><\/h2>\n\n\n\n<p><strong>Hogyan seg\u00edtenek a wellness alkalmaz\u00e1sok emberek milli\u00f3inak<\/strong> Nem \u00fcres \u00edg\u00e9rettel magyar\u00e1zhat\u00f3, hanem a mindennapi \u00e9letben k\u00e9zzelfoghat\u00f3 eredm\u00e9nyekkel.<\/p>\n\n\n\n<p>Ezek az eszk\u00f6z\u00f6k demokratiz\u00e1lt\u00e1k az \u00f6ngondoskod\u00e1shoz val\u00f3 hozz\u00e1f\u00e9r\u00e9st, \u00e9s el\u0151seg\u00edtett\u00e9k az eg\u00e9szs\u00e9ggel val\u00f3 tudatosabb kapcsolatot.<\/p>\n\n\n\n<p>Megfontolt haszn\u00e1lat eset\u00e9n kieg\u00e9sz\u00edtik az eg\u00e9szs\u00e9ges szok\u00e1sokat \u00e9s er\u0151s\u00edtik a megel\u0151z\u00e9st.<\/p>\n\n\n\n<p>Az igazi \u00e9rt\u00e9k nem mag\u00e1ban az alkalmaz\u00e1sban rejlik, hanem abban, hogy hogyan t\u00e1mogatja a kiegyens\u00falyozottabb mindennapi d\u00f6nt\u00e9seket.<\/p>\n\n\n\n<p>B\u0151vebben:\u00a0<a href=\"http:\/\/universofamilia.com\/hu\/la-salud-mental-en-la-mira\/\">A ment\u00e1lis eg\u00e9szs\u00e9g a k\u00f6z\u00e9ppontban: a 21. sz\u00e1zad \u00faj glob\u00e1lis kih\u00edv\u00e1sa<\/a><\/p>\n\n\n\n<h2 class=\"wp-block-heading\"><strong>Gyakran ism\u00e9telt k\u00e9rd\u00e9sek<\/strong><\/h2>\n\n\n\n<p><strong>Helyettes\u00edtik-e a wellness alkalmaz\u00e1sok az eg\u00e9szs\u00e9g\u00fcgyi szakembert?<\/strong><br>Nem. Kieg\u00e9sz\u00edt\u0151k\u00e9nt, nem pedig helyettes\u00edt\u0151k\u00e9nt m\u0171k\u00f6dnek az orvosi vagy pszichol\u00f3giai ell\u00e1t\u00e1s eset\u00e9ben.<\/p>\n\n\n\n<p><strong>B\u00e1rki haszn\u00e1lhatja \u0151ket?<\/strong><br>Igen, b\u00e1r c\u00e9lszer\u0171 az \u00e9letkornak, az ig\u00e9nyeknek \u00e9s a szem\u00e9lyes c\u00e9loknak megfelel\u0151 lehet\u0151s\u00e9geket v\u00e1lasztani.<\/p>\n\n\n\n<p><strong>Sok id\u0151t ig\u00e9nyelnek naponta?<\/strong><br>Legt\u00f6bbj\u00fck r\u00f6vid gyakorlatokat javasol, amelyek alkalmazkodnak a zs\u00fafolt rutinhoz.<\/p>\n\n\n\n<p><strong>Biztons\u00e1gban vannak a szem\u00e9lyes adatok tekintet\u00e9ben?<\/strong><br>Az alkalmaz\u00e1st\u00f3l f\u00fcgg. Az adatv\u00e9delmi ir\u00e1nyelvek \u00e1ttekint\u00e9se elengedhetetlen.<\/p>\n\n\n\n<p><strong>Val\u00f3ban fenntarthat\u00f3 v\u00e1ltoz\u00e1sokat gener\u00e1lnak?<\/strong><br>Amikor tudatosan integr\u00e1lj\u00e1k \u0151ket, tart\u00f3s szok\u00e1sok kialakul\u00e1s\u00e1t \u00e9s nagyobb \u00f6nismeretet el\u0151seg\u00edtik.<\/p>\n\n\n\n<p>A rohan\u00f3 vil\u00e1gban a wellness alkalmaz\u00e1sok nem \u00edg\u00e9rnek var\u00e1zslatos megold\u00e1sokat, de valami \u00e9rt\u00e9keset k\u00edn\u00e1lnak: folyamatos t\u00e1mogat\u00e1st az egyens\u00falyban, tudatosabban \u00e9s eg\u00e9szs\u00e9gesebben val\u00f3 \u00e9lethez.<\/p>","protected":false},"excerpt":{"rendered":"<p>Az, hogy a wellness alkalmaz\u00e1sok hogyan seg\u00edtenek emberek milli\u00f3in, kulcsfontoss\u00e1g\u00fa k\u00e9rd\u00e9ss\u00e9 v\u00e1lt egy olyan vil\u00e1gban, ahol a stressz, az id\u0151hi\u00e1ny \u00e9s a digit\u00e1lis t\u00falterhel\u00e9s a mindennapi \u00e9let r\u00e9sze. 2025-re ezek az eszk\u00f6z\u00f6k t\u00fall\u00e9ptek egy m\u00fal\u00f3 divath\u00f3borton, \u00e9s val\u00f3di sz\u00f6vets\u00e9gesekk\u00e9 v\u00e1ltak a [\u2026] t\u00f6rekv\u00e9s\u00e9ben.<\/p>","protected":false},"author":219,"featured_media":10486,"comment_status":"closed","ping_status":"open","sticky":false,"template":"","format":"standard","meta":{"footnotes":""},"categories":[4],"tags":[],"yoast_head":"<!-- This site is optimized with the Yoast SEO plugin v23.3 - https:\/\/yoast.com\/wordpress\/plugins\/seo\/ -->\n<title>C\u00f3mo las aplicaciones de bienestar ayudan a millones de personas - Universo Fam\u00edlia<\/title>\n<meta name=\"description\" content=\"C\u00f3mo las aplicaciones de bienestar ayudan a millones de personas se convirti\u00f3 en una pregunta clave en un mundo donde el estr\u00e9s, la falta...\" \/>\n<meta name=\"robots\" content=\"index, follow, max-snippet:-1, max-image-preview:large, max-video-preview:-1\" \/>\n<link rel=\"canonical\" href=\"http:\/\/universofamilia.com\/hu\/como-las-aplicaciones-de-bienestar-ayudan\/\" \/>\n<meta property=\"og:locale\" content=\"hu_HU\" \/>\n<meta property=\"og:type\" content=\"article\" \/>\n<meta property=\"og:title\" content=\"C\u00f3mo las aplicaciones de bienestar ayudan a millones de personas - Universo Fam\u00edlia\" \/>\n<meta property=\"og:description\" content=\"C\u00f3mo las aplicaciones de bienestar ayudan a millones de personas se convirti\u00f3 en una pregunta clave en un mundo donde el estr\u00e9s, la falta...\" \/>\n<meta property=\"og:url\" content=\"http:\/\/universofamilia.com\/hu\/como-las-aplicaciones-de-bienestar-ayudan\/\" \/>\n<meta property=\"og:site_name\" content=\"Universo Fam\u00edlia\" \/>\n<meta property=\"article:published_time\" content=\"2025-12-29T12:23:13+00:00\" \/>\n<meta property=\"article:modified_time\" content=\"2025-12-29T12:23:16+00:00\" \/>\n<meta property=\"og:image\" content=\"http:\/\/universofamilia.com\/wp-content\/uploads\/sites\/148\/2025\/12\/Destaque-Novo-Universo-22.jpg\" \/>\n\t<meta property=\"og:image:width\" content=\"450\" \/>\n\t<meta property=\"og:image:height\" content=\"250\" \/>\n\t<meta property=\"og:image:type\" content=\"image\/jpeg\" \/>\n<meta name=\"author\" content=\"Matheus Sangaletti\" \/>\n<meta name=\"twitter:card\" content=\"summary_large_image\" \/>\n<meta name=\"twitter:label1\" content=\"Written by\" \/>\n\t<meta name=\"twitter:data1\" content=\"Matheus Sangaletti\" \/>\n\t<meta name=\"twitter:label2\" content=\"Est. reading time\" \/>\n\t<meta name=\"twitter:data2\" content=\"8 perc\" \/>\n<script type=\"application\/ld+json\" class=\"yoast-schema-graph\">{\"@context\":\"https:\/\/schema.org\",\"@graph\":[{\"@type\":\"WebPage\",\"@id\":\"http:\/\/universofamilia.com\/bn\/como-las-aplicaciones-de-bienestar-ayudan\/\",\"url\":\"http:\/\/universofamilia.com\/bn\/como-las-aplicaciones-de-bienestar-ayudan\/\",\"name\":\"C\u00f3mo las aplicaciones de bienestar ayudan a millones de personas - Universo Fam\u00edlia\",\"isPartOf\":{\"@id\":\"http:\/\/universofamilia.com\/zh_hk\/#website\"},\"primaryImageOfPage\":{\"@id\":\"http:\/\/universofamilia.com\/bn\/como-las-aplicaciones-de-bienestar-ayudan\/#primaryimage\"},\"image\":{\"@id\":\"http:\/\/universofamilia.com\/bn\/como-las-aplicaciones-de-bienestar-ayudan\/#primaryimage\"},\"thumbnailUrl\":\"http:\/\/universofamilia.com\/wp-content\/uploads\/sites\/148\/2025\/12\/Destaque-Novo-Universo-22.jpg\",\"datePublished\":\"2025-12-29T12:23:13+00:00\",\"dateModified\":\"2025-12-29T12:23:16+00:00\",\"author\":{\"@id\":\"http:\/\/universofamilia.com\/zh_hk\/#\/schema\/person\/92fcd07e9b1f4323bf74f3170fc0f78a\"},\"description\":\"C\u00f3mo las aplicaciones de bienestar ayudan a millones de personas se convirti\u00f3 en una pregunta clave en un mundo donde el estr\u00e9s, la falta...\",\"breadcrumb\":{\"@id\":\"http:\/\/universofamilia.com\/bn\/como-las-aplicaciones-de-bienestar-ayudan\/#breadcrumb\"},\"inLanguage\":\"hu\",\"potentialAction\":[{\"@type\":\"ReadAction\",\"target\":[\"http:\/\/universofamilia.com\/bn\/como-las-aplicaciones-de-bienestar-ayudan\/\"]}]},{\"@type\":\"ImageObject\",\"inLanguage\":\"hu\",\"@id\":\"http:\/\/universofamilia.com\/bn\/como-las-aplicaciones-de-bienestar-ayudan\/#primaryimage\",\"url\":\"http:\/\/universofamilia.com\/wp-content\/uploads\/sites\/148\/2025\/12\/Destaque-Novo-Universo-22.jpg\",\"contentUrl\":\"http:\/\/universofamilia.com\/wp-content\/uploads\/sites\/148\/2025\/12\/Destaque-Novo-Universo-22.jpg\",\"width\":450,\"height\":250,\"caption\":\"C\u00f3mo las aplicaciones de bienestar ayudan a millones de personas\"},{\"@type\":\"BreadcrumbList\",\"@id\":\"http:\/\/universofamilia.com\/bn\/como-las-aplicaciones-de-bienestar-ayudan\/#breadcrumb\",\"itemListElement\":[{\"@type\":\"ListItem\",\"position\":1,\"name\":\"Home\",\"item\":\"http:\/\/universofamilia.com\/zh_hk\/\"},{\"@type\":\"ListItem\",\"position\":2,\"name\":\"C\u00f3mo las aplicaciones de bienestar ayudan a millones de personas\"}]},{\"@type\":\"WebSite\",\"@id\":\"http:\/\/universofamilia.com\/zh_hk\/#website\",\"url\":\"http:\/\/universofamilia.com\/zh_hk\/\",\"name\":\"Universo Fam\u00edlia\",\"description\":\"\",\"potentialAction\":[{\"@type\":\"SearchAction\",\"target\":{\"@type\":\"EntryPoint\",\"urlTemplate\":\"http:\/\/universofamilia.com\/zh_hk\/?s={search_term_string}\"},\"query-input\":\"required name=search_term_string\"}],\"inLanguage\":\"hu\"},{\"@type\":\"Person\",\"@id\":\"http:\/\/universofamilia.com\/zh_hk\/#\/schema\/person\/92fcd07e9b1f4323bf74f3170fc0f78a\",\"name\":\"Matheus Sangaletti\",\"image\":{\"@type\":\"ImageObject\",\"inLanguage\":\"hu\",\"@id\":\"http:\/\/universofamilia.com\/zh_hk\/#\/schema\/person\/image\/\",\"url\":\"http:\/\/2.gravatar.com\/avatar\/280ea957a14a48e6a1ad2133d2cc27c9?s=96&d=mm&r=g\",\"contentUrl\":\"http:\/\/2.gravatar.com\/avatar\/280ea957a14a48e6a1ad2133d2cc27c9?s=96&d=mm&r=g\",\"caption\":\"Matheus Sangaletti\"},\"url\":\"http:\/\/universofamilia.com\/hu\/author\/matheuss\/\"}]}<\/script>\n<!-- \/ Yoast SEO plugin. -->","yoast_head_json":{"title":"C\u00f3mo las aplicaciones de bienestar ayudan a millones de personas - Universo Fam\u00edlia","description":"C\u00f3mo las aplicaciones de bienestar ayudan a millones de personas se convirti\u00f3 en una pregunta clave en un mundo donde el estr\u00e9s, la falta...","robots":{"index":"index","follow":"follow","max-snippet":"max-snippet:-1","max-image-preview":"max-image-preview:large","max-video-preview":"max-video-preview:-1"},"canonical":"http:\/\/universofamilia.com\/hu\/como-las-aplicaciones-de-bienestar-ayudan\/","og_locale":"hu_HU","og_type":"article","og_title":"C\u00f3mo las aplicaciones de bienestar ayudan a millones de personas - Universo Fam\u00edlia","og_description":"C\u00f3mo las aplicaciones de bienestar ayudan a millones de personas se convirti\u00f3 en una pregunta clave en un mundo donde el estr\u00e9s, la falta...","og_url":"http:\/\/universofamilia.com\/hu\/como-las-aplicaciones-de-bienestar-ayudan\/","og_site_name":"Universo Fam\u00edlia","article_published_time":"2025-12-29T12:23:13+00:00","article_modified_time":"2025-12-29T12:23:16+00:00","og_image":[{"width":450,"height":250,"url":"http:\/\/universofamilia.com\/wp-content\/uploads\/sites\/148\/2025\/12\/Destaque-Novo-Universo-22.jpg","type":"image\/jpeg"}],"author":"Matheus Sangaletti","twitter_card":"summary_large_image","twitter_misc":{"Written by":"Matheus Sangaletti","Est. reading time":"8 perc"},"schema":{"@context":"https:\/\/schema.org","@graph":[{"@type":"WebPage","@id":"http:\/\/universofamilia.com\/bn\/como-las-aplicaciones-de-bienestar-ayudan\/","url":"http:\/\/universofamilia.com\/bn\/como-las-aplicaciones-de-bienestar-ayudan\/","name":"C\u00f3mo las aplicaciones de bienestar ayudan a millones de personas - Universo Fam\u00edlia","isPartOf":{"@id":"http:\/\/universofamilia.com\/zh_hk\/#website"},"primaryImageOfPage":{"@id":"http:\/\/universofamilia.com\/bn\/como-las-aplicaciones-de-bienestar-ayudan\/#primaryimage"},"image":{"@id":"http:\/\/universofamilia.com\/bn\/como-las-aplicaciones-de-bienestar-ayudan\/#primaryimage"},"thumbnailUrl":"http:\/\/universofamilia.com\/wp-content\/uploads\/sites\/148\/2025\/12\/Destaque-Novo-Universo-22.jpg","datePublished":"2025-12-29T12:23:13+00:00","dateModified":"2025-12-29T12:23:16+00:00","author":{"@id":"http:\/\/universofamilia.com\/zh_hk\/#\/schema\/person\/92fcd07e9b1f4323bf74f3170fc0f78a"},"description":"C\u00f3mo las aplicaciones de bienestar ayudan a millones de personas se convirti\u00f3 en una pregunta clave en un mundo donde el estr\u00e9s, la falta...","breadcrumb":{"@id":"http:\/\/universofamilia.com\/bn\/como-las-aplicaciones-de-bienestar-ayudan\/#breadcrumb"},"inLanguage":"hu","potentialAction":[{"@type":"ReadAction","target":["http:\/\/universofamilia.com\/bn\/como-las-aplicaciones-de-bienestar-ayudan\/"]}]},{"@type":"ImageObject","inLanguage":"hu","@id":"http:\/\/universofamilia.com\/bn\/como-las-aplicaciones-de-bienestar-ayudan\/#primaryimage","url":"http:\/\/universofamilia.com\/wp-content\/uploads\/sites\/148\/2025\/12\/Destaque-Novo-Universo-22.jpg","contentUrl":"http:\/\/universofamilia.com\/wp-content\/uploads\/sites\/148\/2025\/12\/Destaque-Novo-Universo-22.jpg","width":450,"height":250,"caption":"C\u00f3mo las aplicaciones de bienestar ayudan a millones de personas"},{"@type":"BreadcrumbList","@id":"http:\/\/universofamilia.com\/bn\/como-las-aplicaciones-de-bienestar-ayudan\/#breadcrumb","itemListElement":[{"@type":"ListItem","position":1,"name":"Home","item":"http:\/\/universofamilia.com\/zh_hk\/"},{"@type":"ListItem","position":2,"name":"C\u00f3mo las aplicaciones de bienestar ayudan a millones de personas"}]},{"@type":"WebSite","@id":"http:\/\/universofamilia.com\/zh_hk\/#website","url":"http:\/\/universofamilia.com\/zh_hk\/","name":"Universo Fam\u00edlia","description":"","potentialAction":[{"@type":"SearchAction","target":{"@type":"EntryPoint","urlTemplate":"http:\/\/universofamilia.com\/zh_hk\/?s={search_term_string}"},"query-input":"required name=search_term_string"}],"inLanguage":"hu"},{"@type":"Person","@id":"http:\/\/universofamilia.com\/zh_hk\/#\/schema\/person\/92fcd07e9b1f4323bf74f3170fc0f78a","name":"Matheus Sangaletti","image":{"@type":"ImageObject","inLanguage":"hu","@id":"http:\/\/universofamilia.com\/zh_hk\/#\/schema\/person\/image\/","url":"http:\/\/2.gravatar.com\/avatar\/280ea957a14a48e6a1ad2133d2cc27c9?s=96&d=mm&r=g","contentUrl":"http:\/\/2.gravatar.com\/avatar\/280ea957a14a48e6a1ad2133d2cc27c9?s=96&d=mm&r=g","caption":"Matheus Sangaletti"},"url":"http:\/\/universofamilia.com\/hu\/author\/matheuss\/"}]}},"_links":{"self":[{"href":"http:\/\/universofamilia.com\/hu\/wp-json\/wp\/v2\/posts\/10485"}],"collection":[{"href":"http:\/\/universofamilia.com\/hu\/wp-json\/wp\/v2\/posts"}],"about":[{"href":"http:\/\/universofamilia.com\/hu\/wp-json\/wp\/v2\/types\/post"}],"author":[{"embeddable":true,"href":"http:\/\/universofamilia.com\/hu\/wp-json\/wp\/v2\/users\/219"}],"replies":[{"embeddable":true,"href":"http:\/\/universofamilia.com\/hu\/wp-json\/wp\/v2\/comments?post=10485"}],"version-history":[{"count":1,"href":"http:\/\/universofamilia.com\/hu\/wp-json\/wp\/v2\/posts\/10485\/revisions"}],"predecessor-version":[{"id":10489,"href":"http:\/\/universofamilia.com\/hu\/wp-json\/wp\/v2\/posts\/10485\/revisions\/10489"}],"wp:featuredmedia":[{"embeddable":true,"href":"http:\/\/universofamilia.com\/hu\/wp-json\/wp\/v2\/media\/10486"}],"wp:attachment":[{"href":"http:\/\/universofamilia.com\/hu\/wp-json\/wp\/v2\/media?parent=10485"}],"wp:term":[{"taxonomy":"category","embeddable":true,"href":"http:\/\/universofamilia.com\/hu\/wp-json\/wp\/v2\/categories?post=10485"},{"taxonomy":"post_tag","embeddable":true,"href":"http:\/\/universofamilia.com\/hu\/wp-json\/wp\/v2\/tags?post=10485"}],"curies":[{"name":"wp","href":"https:\/\/api.w.org\/{rel}","templated":true}]}}