{"id":1683,"date":"2023-05-24T20:19:32","date_gmt":"2023-05-24T20:19:32","guid":{"rendered":"https:\/\/universofamilia.com\/?p=1683"},"modified":"2023-05-24T20:19:32","modified_gmt":"2023-05-24T20:19:32","slug":"dicas-praticas-para-noites-tranquilas","status":"publish","type":"post","link":"http:\/\/universofamilia.com\/hu\/dicas-praticas-para-noites-tranquilas\/","title":{"rendered":"Gyakorlati tippek a csendes est\u00e9khez"},"content":{"rendered":"<p>A megfelel\u0151 rutin kialak\u00edt\u00e1sa elengedhetetlen a baba gyermekeinek, hogy biztos\u00edtsa a nyugodt \u00e9jszak\u00e1kat az eg\u00e9sz csal\u00e1d sz\u00e1m\u00e1ra. A j\u00f3 hangmin\u0151s\u00e9g elengedhetetlen a bab\u00e1k eg\u00e9szs\u00e9ges fejl\u0151d\u00e9s\u00e9hez, amellett, hogy biztos\u00edtja a sz\u00fcks\u00e9ges pihen\u00e9st a k\u00f6rnyezet sz\u00e1m\u00e1ra.<\/p>\n\n\n\n<p>Ebben a cikkben gyakorlati tippeket osztunk meg arr\u00f3l, hogyan alak\u00edthat ki ide\u00e1lis rutint a baba hangjainak meg\u0151rz\u00e9s\u00e9hez, biztos\u00edtva, hogy nyugodt \u00e9s pihentet\u0151 hangja legyen.<\/p>\n\n\n\n<h3 class=\"wp-block-heading\">L\u00e1sd m\u00e9g:<\/h3>\n\n\n\n<p><a href=\"http:\/\/universofamilia.com\/hu\/rotina-ideal-para-a-familia-dormir-bem\/\" target=\"_blank\" rel=\"noreferrer noopener\">Rotina Ide\u00e1lis a csal\u00e1d sz\u00e1m\u00e1ra a j\u00f3 alv\u00e1shoz<\/a><\/p>\n\n\n\n<p><a href=\"http:\/\/universofamilia.com\/hu\/muco-nas-fezes-do-bebe-quando-e-normal-e-quando-se-preocupar\/\" target=\"_blank\" rel=\"noreferrer noopener\">F\u00e1jdalom a ny\u00e1lkah\u00e1rty\u00e1n: mikor norm\u00e1lis, \u00e9s mikor kell agg\u00f3dni?<\/a><\/p>\n\n\n\n<p><a href=\"https:\/\/www.luzbaby.com.br\/\" target=\"_blank\" rel=\"noreferrer noopener\">A Luz Baby az egyik legjobb csecsem\u0151term\u00e9keket \u00e1rus\u00edt\u00f3 \u00fczlet. Kattints ide.<\/a><\/p>\n\n\n\n<h3 class=\"wp-block-heading\">\u00c9rtsd meg a bab\u00e1d ig\u00e9nyeit<\/h3>\n\n\n\n<p>Minden baba egyedi, \u00e9s az egy\u00e9ni ig\u00e9nyek meg\u00e9rt\u00e9se az els\u0151 l\u00e9p\u00e9s a sz\u00e1mukra ide\u00e1lis rutin kialak\u00edt\u00e1s\u00e1hoz.<\/p>\n\n\n\n<p>Figyeld meg a baba alv\u00e1si szok\u00e1sait, p\u00e9ld\u00e1ul a sz\u00fcks\u00e9ges alv\u00e1s mennyis\u00e9g\u00e9t \u00e9s azokat az \u00fctemterveket, amelyekben \u00e1ltal\u00e1ban t\u00f6bbet alszik.<\/p>\n\n\n\n<p>Ez seg\u00edt azonos\u00edtani az ide\u00e1lis Janel\u00e1t, hogy kialak\u00edthass egy olyan rutint, amely megfelel az egy\u00e9ni ig\u00e9nyeidnek.<\/p>\n\n\n\n<h3 class=\"wp-block-heading\">Hozz l\u00e9tre egy k\u00f6vetkezetes rutint<\/h3>\n\n\n\n<p>A k\u00f6vetkezetes rutin elengedhetetlen ahhoz, hogy a baba meg\u00e9rtse \u00e9s felk\u00e9sz\u00fclj\u00f6n a t\u00f6rt\u00e9n\u00e9sekre.<\/p>\n\n\n\n<p>Miel\u0151tt \u00e1gyba fektetn\u00e9d, tervezz meg egy sor pihentet\u0151 tev\u00e9kenys\u00e9get, p\u00e9ld\u00e1ul egy reggeli f\u00fcrdet\u00e9st, egy gyeng\u00e9d massz\u00e1zst vagy egy babames\u00e9t. Mindig ugyanabban a sorrendben \u00e9s \u00fctemtervben v\u00e9gezd a tev\u00e9kenys\u00e9geket, mert ez seg\u00edt jelezni a bab\u00e1nak, hogy ideje aludni.<\/p>\n\n\n\n<p>A k\u00f6vetkezetess\u00e9g biztons\u00e1got \u00e9s k\u00e9nyelmet ny\u00fajt a bab\u00e1nak, megk\u00f6nny\u00edtve az elalv\u00e1sba val\u00f3 \u00e1tmenetet.<\/p>\n\n\n<div class=\"wp-block-image\">\n<figure class=\"aligncenter size-full\"><img loading=\"lazy\" decoding=\"async\" width=\"550\" height=\"350\" src=\"http:\/\/universofamilia.com\/wp-content\/uploads\/sites\/148\/2023\/05\/FOTO-POST-dicas-bebe-dormir-bem-universo-familia-.png\" alt=\"\" class=\"wp-image-1929\" srcset=\"http:\/\/universofamilia.com\/wp-content\/uploads\/sites\/148\/2023\/05\/FOTO-POST-dicas-bebe-dormir-bem-universo-familia-.png 550w, http:\/\/universofamilia.com\/wp-content\/uploads\/sites\/148\/2023\/05\/FOTO-POST-dicas-bebe-dormir-bem-universo-familia--300x191.png 300w\" sizes=\"(max-width: 550px) 100vw, 550px\" \/><\/figure><\/div>\n\n\n<h3 class=\"wp-block-heading\">Teremts megfelel\u0151 k\u00f6rnyezetet a fiad sz\u00e1m\u00e1ra<\/h3>\n\n\n\n<p>A megfelel\u0151 k\u00f6rnyezet elengedhetetlen egy j\u00f3 hang\u00e9lm\u00e9nyhez.<\/p>\n\n\n\n<p>Tartsa a baba szob\u00e1j\u00e1t s\u00f6t\u00e9tben, csendesen \u00e9s kellemes h\u0151m\u00e9rs\u00e9kleten. Haszn\u00e1ljon f\u00e9nyz\u00e1r\u00f3 f\u00fcgg\u00f6ny\u00f6ket, feh\u00e9r zajt vagy halk zen\u00e9t a nyugodt k\u00f6rnyezet megteremt\u00e9s\u00e9hez.<\/p>\n\n\n\n<p>Fontolja meg egy hangfigyel\u0151 eszk\u00f6z haszn\u00e1lat\u00e1t is, amely seg\u00edthet a sz\u00fcl\u0151k azonos\u00edt\u00e1s\u00e1ban \u00e9s \u00e9rt\u00e9kes inform\u00e1ci\u00f3kkal szolg\u00e1lhat a baba hangj\u00e1r\u00f3l.<\/p>\n\n\n\n<h3 class=\"wp-block-heading\">Ker\u00fcld az ingereket lefekv\u00e9s el\u0151tt<\/h3>\n\n\n\n<p>Ker\u00fcld a stimul\u00e1l\u00f3 tev\u00e9kenys\u00e9geket, p\u00e9ld\u00e1ul az er\u0151teljes ugr\u00e1l\u00e1st vagy az elektronikus eszk\u00f6z\u00f6k t\u00falzott haszn\u00e1lat\u00e1t lefekv\u00e9s el\u0151tt. K\u00e9t elektronikus eszk\u00f6z k\u00e9k f\u00e9ny\u00e9nek kitetts\u00e9ge zavarhatja a baba hangj\u00e1t.<\/p>\n\n\n\n<p>Ehelyett v\u00e1lassz nyugodt \u00e9s pihentet\u0151 tev\u00e9kenys\u00e9geket, p\u00e9ld\u00e1ul olvas\u00e1st vagy l\u00e1gy zen\u00e9t. Ez seg\u00edt a bab\u00e1nak megnyugodni \u00e9s felk\u00e9sz\u00fclni az alv\u00e1sra.<\/p>\n\n\n\n<h3 class=\"wp-block-heading\">Figyelj a hangos sinusokra<\/h3>\n\n\n\n<p>Minden bab\u00e1nak megvannak az \u00e1lmoss\u00e1gra utal\u00f3 egy\u00e9ni t\u00fcnetei. Figyeljen a szemekre, a szemh\u00e9jakra vagy az ingerl\u00e9kenys\u00e9gre, mivel ezek a jelek arra utalnak, hogy a baba k\u00e9szen \u00e1ll az alv\u00e1sra.<\/p>\n\n\n\n<p>Azzal, hogy ezeket az orrmell\u00e9k\u00fcregeket kor\u00e1n felismeri, gyorsan cselekedhet, \u00e9s elaltathatja a bab\u00e1t, miel\u0151tt t\u00fal elf\u00e1radna. Ez el\u0151seg\u00edti az altat\u00e1si folyamatot, \u00e9s seg\u00edt elker\u00fclni a t\u00falzott stimul\u00e1ci\u00f3t, ami megnehez\u00edtheti a baba alv\u00e1s\u00e1t.<\/p>\n\n\n\n<h3 class=\"wp-block-heading\">K\u00f6vetkeztet\u00e9s<\/h3>\n\n\n\n<p>A baba fi\u00e1nak ide\u00e1lis rutinj\u00e1nak betart\u00e1sa kih\u00edv\u00e1st jelenthet, de t\u00fcrelemmel \u00e9s k\u00f6vetkezetess\u00e9ggel olyan k\u00f6rnyezetet teremthet, amely el\u0151seg\u00edti a pihen\u00e9st, \u00e9s garant\u00e1lja a b\u00e9k\u00e9s \u00e9jszak\u00e1kat az eg\u00e9sz csal\u00e1d sz\u00e1m\u00e1ra.<\/p>\n\n\n<div class=\"wp-block-image\">\n<figure class=\"aligncenter size-large is-resized\"><img loading=\"lazy\" decoding=\"async\" src=\"https:\/\/universofamilia.com\/wp-content\/uploads\/2023\/05\/A-ROTINA-IDEAL-DO-SONO-PARA-FAMILIA-COM-BEBE-1024x710.jpg\" alt=\"\" class=\"wp-image-1667\" width=\"549\" height=\"381\"\/><\/figure><\/div>\n\n\n<p>Tudd, hogy minden baba egyedi, \u00e9s fontos megfigyelni \u00e9s meg\u00e9rteni az egy\u00e9ni sz\u00fcks\u00e9gleteiket.<\/p>\n\n\n\n<p>Alak\u00edts ki egy k\u00f6vetkezetes rutint, teremts eg\u00e9szs\u00e9ges k\u00f6rnyezetet, ker\u00fcld az ingereket lefekv\u00e9s el\u0151tt, \u00e9s figyelj a baba hangjelz\u00e9seire.<\/p>\n\n\n\n<p>Ezekkel a gyakorlati utas\u00edt\u00e1sokkal j\u00f3 \u00faton haladsz majd az ide\u00e1lis rutin kialak\u00edt\u00e1sa fel\u00e9, \u00e9s garant\u00e1ltan nyugodt \u00e9s pihentet\u0151 hangz\u00e1st biztos\u00edtasz bab\u00e1dnak.<\/p>\n\n\n\n<p>\u00c9rt\u00e9kes befektet\u00e9s id\u0151t \u00e9s energi\u00e1t sz\u00e1nni arra, hogy ide\u00e1lis rutint alak\u00edts ki a gyermeked sz\u00e1m\u00e1ra.<\/p>\n\n\n\n<p>Tudd, hogy a megfelel\u0151 hang elengedhetetlen a baba eg\u00e9szs\u00e9ges n\u00f6veked\u00e9s\u00e9hez \u00e9s fejl\u0151d\u00e9s\u00e9hez, amellett, hogy biztos\u00edtja az orsz\u00e1god sz\u00e1m\u00e1ra a sz\u00fcks\u00e9ges pihen\u00e9st.<\/p>\n\n\n\n<p>A megfelel\u0151 technik\u00e1kkal \u00e9s strat\u00e9gi\u00e1kkal j\u00f3 \u00faton haladsz egy olyan eg\u00e9szs\u00e9ges rutin kialak\u00edt\u00e1sa fel\u00e9, amely hossz\u00fa t\u00e1v\u00fa el\u0151ny\u00f6kkel j\u00e1r az eg\u00e9sz csal\u00e1d sz\u00e1m\u00e1ra.<\/p>\n\n\n\n<p>Rem\u00e9lj\u00fck, hogy ezek a tippek hasznosak voltak az \u00d6n sz\u00e1m\u00e1ra. A neveket a baba egy\u00e9ni ig\u00e9nyeihez \u00e9s preferenci\u00e1ihoz igaz\u00edtjuk.<\/p>\n\n\n\n<p>Minden csal\u00e1d egyedi, \u00e9s fontos megtal\u00e1lni a sz\u00e1modra legmegfelel\u0151bbet. Az \u00f6sszef\u00e9rhet\u0151s\u00e9g, a k\u00f6vetkezetess\u00e9g \u00e9s a szeretet j\u00f3 \u00faton haladsz majd afel\u00e9, hogy ide\u00e1lis, eg\u00e9szs\u00e9ges napirendet nevelj, \u00e9s nyugodt, \u00e9l\u00e9nk\u00edt\u0151 est\u00e9ket biztos\u00edts bab\u00e1dnak.<\/p>","protected":false},"excerpt":{"rendered":"<p>A megfelel\u0151 rutin kialak\u00edt\u00e1sa a baba gyermekeinek elengedhetetlen ahhoz, hogy az eg\u00e9sz csal\u00e1d nyugodt \u00e9jszak\u00e1kat t\u00f6lthessen. A j\u00f3 hangmin\u0151s\u00e9g elengedhetetlen a bab\u00e1k eg\u00e9szs\u00e9ges fejl\u0151d\u00e9s\u00e9hez, amellett, hogy biztos\u00edtja a sz\u00fcks\u00e9ges pihen\u00e9st a k\u00f6rnyezetnek. Ebben a cikkben gyakorlati tippeket osztunk meg, hogy ide\u00e1lis rutint alak\u00edthass ki a baba fi\u00e1nak, [\u2026]<\/p>","protected":false},"author":0,"featured_media":1930,"comment_status":"closed","ping_status":"open","sticky":false,"template":"","format":"standard","meta":{"footnotes":""},"categories":[5],"tags":[767,774,1438,1498],"yoast_head":"<!-- This site is optimized with the Yoast SEO plugin v23.3 - https:\/\/yoast.com\/wordpress\/plugins\/seo\/ -->\n<title>Dicas pr\u00e1ticas para noites tranquilas - Universo Fam\u00edlia<\/title>\n<meta name=\"description\" content=\"Cada beb\u00ea \u00e9 \u00fanico, e entender suas necessidades individuais \u00e9 o primeiro passo para estabelecer uma rotina ideal para o sono.\" \/>\n<meta name=\"robots\" content=\"index, follow, max-snippet:-1, max-image-preview:large, max-video-preview:-1\" \/>\n<link rel=\"canonical\" href=\"http:\/\/universofamilia.com\/hu\/dicas-praticas-para-noites-tranquilas\/\" \/>\n<meta property=\"og:locale\" content=\"hu_HU\" \/>\n<meta property=\"og:type\" content=\"article\" \/>\n<meta property=\"og:title\" content=\"Dicas pr\u00e1ticas para noites tranquilas - Universo Fam\u00edlia\" \/>\n<meta property=\"og:description\" content=\"Cada beb\u00ea \u00e9 \u00fanico, e entender suas necessidades individuais \u00e9 o primeiro passo para estabelecer uma rotina ideal para o sono.\" \/>\n<meta property=\"og:url\" content=\"http:\/\/universofamilia.com\/hu\/dicas-praticas-para-noites-tranquilas\/\" \/>\n<meta property=\"og:site_name\" content=\"Universo Fam\u00edlia\" \/>\n<meta property=\"article:published_time\" content=\"2023-05-24T20:19:32+00:00\" \/>\n<meta property=\"og:image\" content=\"http:\/\/universofamilia.com\/wp-content\/uploads\/sites\/148\/2023\/05\/FOTO-DESTAQUE-bebe-dormir-bem-universo-familia-448x350-.png\" \/>\n\t<meta property=\"og:image:width\" content=\"448\" \/>\n\t<meta property=\"og:image:height\" content=\"350\" \/>\n\t<meta property=\"og:image:type\" content=\"image\/png\" \/>\n<meta name=\"twitter:card\" content=\"summary_large_image\" \/>\n<meta name=\"twitter:label1\" content=\"Est. reading time\" \/>\n\t<meta name=\"twitter:data1\" content=\"5 perc\" \/>\n<script type=\"application\/ld+json\" class=\"yoast-schema-graph\">{\"@context\":\"https:\/\/schema.org\",\"@graph\":[{\"@type\":\"WebPage\",\"@id\":\"http:\/\/universofamilia.com\/cs\/dicas-praticas-para-noites-tranquilas\/\",\"url\":\"http:\/\/universofamilia.com\/cs\/dicas-praticas-para-noites-tranquilas\/\",\"name\":\"Dicas pr\u00e1ticas para noites tranquilas - Universo Fam\u00edlia\",\"isPartOf\":{\"@id\":\"https:\/\/universofamilia.com\/el\/#website\"},\"primaryImageOfPage\":{\"@id\":\"http:\/\/universofamilia.com\/cs\/dicas-praticas-para-noites-tranquilas\/#primaryimage\"},\"image\":{\"@id\":\"http:\/\/universofamilia.com\/cs\/dicas-praticas-para-noites-tranquilas\/#primaryimage\"},\"thumbnailUrl\":\"http:\/\/universofamilia.com\/wp-content\/uploads\/sites\/148\/2023\/05\/FOTO-DESTAQUE-bebe-dormir-bem-universo-familia-448x350-.png\",\"datePublished\":\"2023-05-24T20:19:32+00:00\",\"dateModified\":\"2023-05-24T20:19:32+00:00\",\"author\":{\"@id\":\"\"},\"description\":\"Cada beb\u00ea \u00e9 \u00fanico, e entender suas necessidades individuais \u00e9 o primeiro passo para estabelecer uma rotina ideal para o sono.\",\"breadcrumb\":{\"@id\":\"http:\/\/universofamilia.com\/cs\/dicas-praticas-para-noites-tranquilas\/#breadcrumb\"},\"inLanguage\":\"hu\",\"potentialAction\":[{\"@type\":\"ReadAction\",\"target\":[\"http:\/\/universofamilia.com\/cs\/dicas-praticas-para-noites-tranquilas\/\"]}]},{\"@type\":\"ImageObject\",\"inLanguage\":\"hu\",\"@id\":\"http:\/\/universofamilia.com\/cs\/dicas-praticas-para-noites-tranquilas\/#primaryimage\",\"url\":\"http:\/\/universofamilia.com\/wp-content\/uploads\/sites\/148\/2023\/05\/FOTO-DESTAQUE-bebe-dormir-bem-universo-familia-448x350-.png\",\"contentUrl\":\"http:\/\/universofamilia.com\/wp-content\/uploads\/sites\/148\/2023\/05\/FOTO-DESTAQUE-bebe-dormir-bem-universo-familia-448x350-.png\",\"width\":448,\"height\":350},{\"@type\":\"BreadcrumbList\",\"@id\":\"http:\/\/universofamilia.com\/cs\/dicas-praticas-para-noites-tranquilas\/#breadcrumb\",\"itemListElement\":[{\"@type\":\"ListItem\",\"position\":1,\"name\":\"Home\",\"item\":\"https:\/\/universofamilia.com\/el\/\"},{\"@type\":\"ListItem\",\"position\":2,\"name\":\"Dicas pr\u00e1ticas para noites tranquilas\"}]},{\"@type\":\"WebSite\",\"@id\":\"https:\/\/universofamilia.com\/el\/#website\",\"url\":\"https:\/\/universofamilia.com\/el\/\",\"name\":\"Universo Fam\u00edlia\",\"description\":\"\",\"potentialAction\":[{\"@type\":\"SearchAction\",\"target\":{\"@type\":\"EntryPoint\",\"urlTemplate\":\"https:\/\/universofamilia.com\/el\/?s={search_term_string}\"},\"query-input\":\"required name=search_term_string\"}],\"inLanguage\":\"hu\"}]}<\/script>\n<!-- \/ Yoast SEO plugin. -->","yoast_head_json":{"title":"Dicas pr\u00e1ticas para noites tranquilas - Universo Fam\u00edlia","description":"Cada beb\u00ea \u00e9 \u00fanico, e entender suas necessidades individuais \u00e9 o primeiro passo para estabelecer uma rotina ideal para o sono.","robots":{"index":"index","follow":"follow","max-snippet":"max-snippet:-1","max-image-preview":"max-image-preview:large","max-video-preview":"max-video-preview:-1"},"canonical":"http:\/\/universofamilia.com\/hu\/dicas-praticas-para-noites-tranquilas\/","og_locale":"hu_HU","og_type":"article","og_title":"Dicas pr\u00e1ticas para noites tranquilas - Universo Fam\u00edlia","og_description":"Cada beb\u00ea \u00e9 \u00fanico, e entender suas necessidades individuais \u00e9 o primeiro passo para estabelecer uma rotina ideal para o sono.","og_url":"http:\/\/universofamilia.com\/hu\/dicas-praticas-para-noites-tranquilas\/","og_site_name":"Universo Fam\u00edlia","article_published_time":"2023-05-24T20:19:32+00:00","og_image":[{"width":448,"height":350,"url":"http:\/\/universofamilia.com\/wp-content\/uploads\/sites\/148\/2023\/05\/FOTO-DESTAQUE-bebe-dormir-bem-universo-familia-448x350-.png","type":"image\/png"}],"twitter_card":"summary_large_image","twitter_misc":{"Est. reading time":"5 perc"},"schema":{"@context":"https:\/\/schema.org","@graph":[{"@type":"WebPage","@id":"http:\/\/universofamilia.com\/cs\/dicas-praticas-para-noites-tranquilas\/","url":"http:\/\/universofamilia.com\/cs\/dicas-praticas-para-noites-tranquilas\/","name":"Dicas pr\u00e1ticas para noites tranquilas - Universo Fam\u00edlia","isPartOf":{"@id":"https:\/\/universofamilia.com\/el\/#website"},"primaryImageOfPage":{"@id":"http:\/\/universofamilia.com\/cs\/dicas-praticas-para-noites-tranquilas\/#primaryimage"},"image":{"@id":"http:\/\/universofamilia.com\/cs\/dicas-praticas-para-noites-tranquilas\/#primaryimage"},"thumbnailUrl":"http:\/\/universofamilia.com\/wp-content\/uploads\/sites\/148\/2023\/05\/FOTO-DESTAQUE-bebe-dormir-bem-universo-familia-448x350-.png","datePublished":"2023-05-24T20:19:32+00:00","dateModified":"2023-05-24T20:19:32+00:00","author":{"@id":""},"description":"Cada beb\u00ea \u00e9 \u00fanico, e entender suas necessidades individuais \u00e9 o primeiro passo para estabelecer uma rotina ideal para o sono.","breadcrumb":{"@id":"http:\/\/universofamilia.com\/cs\/dicas-praticas-para-noites-tranquilas\/#breadcrumb"},"inLanguage":"hu","potentialAction":[{"@type":"ReadAction","target":["http:\/\/universofamilia.com\/cs\/dicas-praticas-para-noites-tranquilas\/"]}]},{"@type":"ImageObject","inLanguage":"hu","@id":"http:\/\/universofamilia.com\/cs\/dicas-praticas-para-noites-tranquilas\/#primaryimage","url":"http:\/\/universofamilia.com\/wp-content\/uploads\/sites\/148\/2023\/05\/FOTO-DESTAQUE-bebe-dormir-bem-universo-familia-448x350-.png","contentUrl":"http:\/\/universofamilia.com\/wp-content\/uploads\/sites\/148\/2023\/05\/FOTO-DESTAQUE-bebe-dormir-bem-universo-familia-448x350-.png","width":448,"height":350},{"@type":"BreadcrumbList","@id":"http:\/\/universofamilia.com\/cs\/dicas-praticas-para-noites-tranquilas\/#breadcrumb","itemListElement":[{"@type":"ListItem","position":1,"name":"Home","item":"https:\/\/universofamilia.com\/el\/"},{"@type":"ListItem","position":2,"name":"Dicas pr\u00e1ticas para noites tranquilas"}]},{"@type":"WebSite","@id":"https:\/\/universofamilia.com\/el\/#website","url":"https:\/\/universofamilia.com\/el\/","name":"Universo Fam\u00edlia","description":"","potentialAction":[{"@type":"SearchAction","target":{"@type":"EntryPoint","urlTemplate":"https:\/\/universofamilia.com\/el\/?s={search_term_string}"},"query-input":"required name=search_term_string"}],"inLanguage":"hu"}]}},"_links":{"self":[{"href":"http:\/\/universofamilia.com\/hu\/wp-json\/wp\/v2\/posts\/1683"}],"collection":[{"href":"http:\/\/universofamilia.com\/hu\/wp-json\/wp\/v2\/posts"}],"about":[{"href":"http:\/\/universofamilia.com\/hu\/wp-json\/wp\/v2\/types\/post"}],"replies":[{"embeddable":true,"href":"http:\/\/universofamilia.com\/hu\/wp-json\/wp\/v2\/comments?post=1683"}],"version-history":[{"count":0,"href":"http:\/\/universofamilia.com\/hu\/wp-json\/wp\/v2\/posts\/1683\/revisions"}],"wp:featuredmedia":[{"embeddable":true,"href":"http:\/\/universofamilia.com\/hu\/wp-json\/wp\/v2\/media\/1930"}],"wp:attachment":[{"href":"http:\/\/universofamilia.com\/hu\/wp-json\/wp\/v2\/media?parent=1683"}],"wp:term":[{"taxonomy":"category","embeddable":true,"href":"http:\/\/universofamilia.com\/hu\/wp-json\/wp\/v2\/categories?post=1683"},{"taxonomy":"post_tag","embeddable":true,"href":"http:\/\/universofamilia.com\/hu\/wp-json\/wp\/v2\/tags?post=1683"}],"curies":[{"name":"wp","href":"https:\/\/api.w.org\/{rel}","templated":true}]}}