{"id":1692,"date":"2023-05-25T00:53:43","date_gmt":"2023-05-25T00:53:43","guid":{"rendered":"https:\/\/universofamilia.com\/?p=1692"},"modified":"2023-05-25T00:53:43","modified_gmt":"2023-05-25T00:53:43","slug":"rotina-ideal-para-a-familia-dormir-bem","status":"publish","type":"post","link":"http:\/\/universofamilia.com\/hu\/rotina-ideal-para-a-familia-dormir-bem\/","title":{"rendered":"Rotina ide\u00e1lis a csal\u00e1d sz\u00e1m\u00e1ra a j\u00f3 alv\u00e1shoz"},"content":{"rendered":"<p>A megfelel\u0151 hangz\u00e1sbeli rutin elengedhetetlen az eg\u00e9sz csal\u00e1d j\u00f3l\u00e9t\u00e9hez \u00e9s eg\u00e9szs\u00e9g\u00e9hez. Az alv\u00e1s nemcsak a hangulatot vagy a teljes\u00edtm\u00e9nyt jav\u00edtja a nap folyam\u00e1n, hanem er\u0151s\u00edti az immunrendszert \u00e9s hozz\u00e1j\u00e1rul a jobb \u00e9letmin\u0151s\u00e9ghez is. Ebben a cikkben bemutatunk egy ide\u00e1lis rutint a csal\u00e1d sz\u00e1m\u00e1ra a j\u00f3 alv\u00e1shoz, gyakorlatias \u00e9s k\u00f6nnyen megval\u00f3s\u00edthat\u00f3 int\u00e9zked\u00e9seket. Gyere el, \u00e9s fedezd fel, hogyan biztos\u00edthatsz b\u00e9k\u00e9s, hangokkal teli \u00e9jszak\u00e1kat csal\u00e1dod minden tagja sz\u00e1m\u00e1ra.<\/p>\n\n\n\n<h3 class=\"wp-block-heading\">L\u00e1sd m\u00e9g:<\/h3>\n\n\n\n<p><a href=\"http:\/\/universofamilia.com\/hu\/rotina-ideal-para-a-familia-dormir-bem\/\" target=\"_blank\" rel=\"noreferrer noopener\">Rotina Ide\u00e1lis a csal\u00e1d sz\u00e1m\u00e1ra a j\u00f3 alv\u00e1shoz<\/a><\/p>\n\n\n\n<p><a href=\"http:\/\/universofamilia.com\/hu\/muco-nas-fezes-do-bebe-quando-e-normal-e-quando-se-preocupar\/\" target=\"_blank\" rel=\"noreferrer noopener\">F\u00e1jdalom a ny\u00e1lkah\u00e1rty\u00e1n: mikor norm\u00e1lis, \u00e9s mikor kell agg\u00f3dni?<\/a><\/p>\n\n\n\n<p><a href=\"https:\/\/www.luzbaby.com.br\/\" target=\"_blank\" rel=\"noreferrer noopener\">A Luz Baby az egyik legjobb csecsem\u0151term\u00e9keket \u00e1rus\u00edt\u00f3 \u00fczlet. Kattints ide.<\/a><\/p>\n\n\n\n<h3 class=\"wp-block-heading\">Rendszeres hangbe\u00e1ll\u00edt\u00e1sok l\u00e9trehoz\u00e1sa<\/h3>\n\n\n\n<p>Az egyik f\u0151 technika a hangmin\u0151s\u00e9g jav\u00edt\u00e1s\u00e1ra \u00e9s a rendszeres alv\u00e1si \u00e9s eml\u00e9kez\u00e9si \u00fctemterv kialak\u00edt\u00e1sa. Mind a gyermekek, mind a feln\u0151ttek sz\u00e1m\u00e1ra el\u0151ny\u00f6s a k\u00f6vetkezetes \u00e9trend. Pr\u00f3b\u00e1ljon meg olyan alv\u00e1si \u00fctemtervet meghat\u00e1rozni, amely minden csal\u00e1dtag sz\u00e1m\u00e1ra megfelel\u0151, figyelembe v\u00e9ve az egyes korcsoportok alv\u00e1sig\u00e9ny\u00e9t. Tartsa be ezeket a \u00fctemterveket h\u00e9tv\u00e9g\u00e9n is, hogy elker\u00fclje a biol\u00f3giai \u00f3ra egyens\u00falyhi\u00e1ny\u00e1t.<\/p>\n\n\n\n<figure class=\"wp-block-image size-full\"><img loading=\"lazy\" decoding=\"async\" width=\"550\" height=\"350\" src=\"http:\/\/universofamilia.com\/wp-content\/uploads\/sites\/148\/2023\/05\/FOTO-POST-dormir-bem-familia-universo-familia-.png\" alt=\"\" class=\"wp-image-1924\" srcset=\"http:\/\/universofamilia.com\/wp-content\/uploads\/sites\/148\/2023\/05\/FOTO-POST-dormir-bem-familia-universo-familia-.png 550w, http:\/\/universofamilia.com\/wp-content\/uploads\/sites\/148\/2023\/05\/FOTO-POST-dormir-bem-familia-universo-familia--300x191.png 300w\" sizes=\"(max-width: 550px) 100vw, 550px\" \/><\/figure>\n\n\n\n<h3 class=\"wp-block-heading\">Teremts megfelel\u0151 k\u00f6rnyezetet a fiad sz\u00e1m\u00e1ra<\/h3>\n\n\n\n<p>Az alv\u00e1si k\u00f6rnyezet kulcsfontoss\u00e1g\u00fa szerepet j\u00e1tszik a hangmin\u0151s\u00e9gben. \u00dcgyelj\u00fcnk arra, hogy minden csal\u00e1dtag szob\u00e1ja s\u00f6t\u00e9t, csendes \u00e9s j\u00f3l szell\u0151z\u0151 legyen. Haszn\u00e1ljunk f\u00fcgg\u00f6ny\u00f6ket vagy rol\u00f3kat a k\u00fcls\u0151 f\u00e9ny blokkol\u00e1s\u00e1ra, cs\u00f6kkents\u00fck a zajt f\u00fclv\u00e9d\u0151kkel vagy p\u00e1r\u00e1s\u00edt\u00f3kkal, \u00e9s szab\u00e1lyozzuk a h\u0151m\u00e9rs\u00e9kletet a k\u00e9nyelmes k\u00f6rnyezet biztos\u00edt\u00e1sa \u00e9rdek\u00e9ben. Fontos tov\u00e1bb\u00e1, hogy megfelel\u0151 matracokba \u00e9s keresztrudakba fektess\u00fcnk be, amelyek \u00e9jszaka tart\u00e1st \u00e9s k\u00e9nyelmet biztos\u00edtanak.<\/p>\n\n\n\n<h3 class=\"wp-block-heading\">Ker\u00fcld a stimul\u00e1nsokat lefekv\u00e9s el\u0151tt<\/h3>\n\n\n\n<p>Bizonyos \u00e9telek \u00e9s italok zavarhatj\u00e1k az alv\u00e1st, k\u00fcl\u00f6n\u00f6sen, ha lefekv\u00e9s el\u0151tt fogyasztj\u00e1k \u0151ket. Ker\u00fclje a koffeint, az alkoholt \u00e9s a neh\u00e9z \u00e9teleket n\u00e9h\u00e1ny \u00f3r\u00e1val lefekv\u00e9s el\u0151tt. V\u00e1lasszon nyugtat\u00f3 gy\u00f3gyn\u00f6v\u00e9nyeket, p\u00e9ld\u00e1ul kamill\u00e1t vagy erva-cidreir\u00e1t, \u00e9s k\u00e9sz\u00edtsen k\u00f6nny\u0171 friss\u00edt\u0151ket jantar n\u00e9lk\u00fcl. Emellett korl\u00e1tozza az elektronikus eszk\u00f6z\u00f6k, p\u00e9ld\u00e1ul okostelefonok \u00e9s t\u00e1blag\u00e9pek haszn\u00e1lat\u00e1t lefekv\u00e9s el\u0151tt, mert ezek az eszk\u00f6z\u00f6k \u00e1ltal kibocs\u00e1tott k\u00e9k f\u00e9ny befoly\u00e1solhatja a hangmin\u0151s\u00e9get.<\/p>\n\n\n\n<h3 class=\"wp-block-heading\">Alak\u00edts ki egy relax\u00e1ci\u00f3s rutint lefekv\u00e9s el\u0151tt<\/h3>\n\n\n\n<p>Egy lefekv\u00e9s el\u0151tti pihentet\u0151 rutin kialak\u00edt\u00e1sa seg\u00edt felk\u00e9sz\u00edteni a testet \u00e9s az elm\u00e9t az alv\u00e1sra. Sz\u00e1nj n\u00e9h\u00e1ny percet csendes tev\u00e9kenys\u00e9gekre, p\u00e9ld\u00e1ul egy k\u00f6nyv olvas\u00e1s\u00e1ra, l\u00e1gy zene hallgat\u00e1s\u00e1ra, vagy relax\u00e1ci\u00f3s technik\u00e1k gyakorl\u00e1s\u00e1ra, mint p\u00e9ld\u00e1ul a m\u00e9lyl\u00e9gz\u00e9s vagy a medit\u00e1ci\u00f3. Ker\u00fcld a heves vit\u00e1kat vagy az stimul\u00e1l\u00f3 tev\u00e9kenys\u00e9geket k\u00f6zvetlen\u00fcl lefekv\u00e9s el\u0151tt. A c\u00e9l az \u00e9rz\u00e9kek megnyugtat\u00e1sa \u00e9s a relax\u00e1ci\u00f3 el\u0151seg\u00edt\u00e9se, felk\u00e9sz\u00fclve egy pihentet\u0151 hangz\u00e1ssal teli \u00e9jszak\u00e1ra.<\/p>\n\n\n\n<h3 class=\"wp-block-heading\">K\u00f6vetkeztet\u00e9s<\/h3>\n\n\n\n<p>A csal\u00e1d minden tagj\u00e1nak eg\u00e9szs\u00e9ge \u00e9s j\u00f3l\u00e9te szempontj\u00e1b\u00f3l elengedhetetlen az ide\u00e1lis alv\u00e1si rutin. A rendszeres alv\u00e1si \u00fctemterv kialak\u00edt\u00e1s\u00e1val, a pihen\u00e9st el\u0151seg\u00edt\u0151 k\u00f6rnyezet megteremt\u00e9s\u00e9vel, a stimul\u00e1nsok lefekv\u00e9s el\u0151tti ker\u00fcl\u00e9s\u00e9vel \u00e9s egy relax\u00e1ci\u00f3s rutin kialak\u00edt\u00e1s\u00e1val nyugodt \u00e9s fel\u00fcd\u00edt\u0151 \u00e9jszak\u00e1kat biztos\u00edthat az eg\u00e9sz csal\u00e1d sz\u00e1m\u00e1ra.<\/p>\n\n\n\n<p>Tudd, hogy minden ember egyedi, \u00e9s az ig\u00e9nyek egy\u00e9nileg elt\u00e9rhetnek. Ez\u00e9rt igaz\u00edtsd ezeket az ir\u00e1nyelveket az egyes csal\u00e1dtagok jellemz\u0151ihez, figyelembe v\u00e9ve az adott eg\u00e9szs\u00e9gi \u00e1llapotot, preferenci\u00e1kat \u00e9s k\u00f6r\u00fclm\u00e9nyeket.<\/p>\n\n\n\n<p>Vil\u00e1gszerte sok csal\u00e1d szembes\u00fcl kih\u00edv\u00e1sokkal az ide\u00e1lis rutin fenntart\u00e1sa ter\u00e9n a mindennapi \u00e9let k\u00f6vetelm\u00e9nyei miatt. A pihen\u00e9s el\u0151t\u00e9rbe helyez\u00e9se azonban elengedhetetlen az eg\u00e9szs\u00e9ges \u00e9s kiegyens\u00falyozott \u00e9let biztos\u00edt\u00e1s\u00e1hoz. Ezen utas\u00edt\u00e1sok betart\u00e1s\u00e1val az eg\u00e9sz csal\u00e1d j\u00f3l\u00e9t\u00e9be fektet be, \u00e9s \u00e9lvezheti a pihentet\u0151 \u00e9jszakai alv\u00e1s el\u0151nyeit.<\/p>\n\n\n\n<p>Fontos SEO technik\u00e1kat is alkalmazni, hogy ez a cikk l\u00e1that\u00f3bb \u00e9s k\u00f6nnyebben hozz\u00e1f\u00e9rhet\u0151 legyen az olvas\u00f3k sz\u00e1m\u00e1ra. Tartalmazzon relev\u00e1ns kulcsszavakat, p\u00e9ld\u00e1ul \u201eeg\u00e9szs\u00e9ges rutin\u201d, \u201ecsal\u00e1di alv\u00e1s\u201d, \u201ehangmin\u0151s\u00e9g\u201d \u00e9s m\u00e1s, a t\u00e9m\u00e1hoz kapcsol\u00f3d\u00f3 kifejez\u00e9seket. Haszn\u00e1ljon vil\u00e1gos \u00e9s vonz\u00f3 feliratokat is az olvas\u00e1s \u00e9s a navig\u00e1ci\u00f3 megk\u00f6nny\u00edt\u00e9se \u00e9rdek\u00e9ben.<\/p>\n\n\n\n<p>Az olvashat\u00f3s\u00e1g alapvet\u0151 szerepet j\u00e1tszik az olvas\u00f3i \u00e9lm\u00e9nyben is. Haszn\u00e1ljon r\u00f6vid mondatokat \u00e9s j\u00f3l struktur\u00e1lt bekezd\u00e9seket a tartalom meg\u00e9rt\u00e9s\u00e9nek megk\u00f6nny\u00edt\u00e9se \u00e9rdek\u00e9ben. Ker\u00fclje a t\u00falzottan szakmai zsargont vagy terminol\u00f3gi\u00e1t, kiv\u00e9ve, ha kifejezetten egy speci\u00e1lis k\u00f6z\u00f6ns\u00e9gnek \u00edrja.<\/p>\n\n\n\n<figure class=\"wp-block-image size-full\"><img loading=\"lazy\" decoding=\"async\" width=\"550\" height=\"350\" src=\"http:\/\/universofamilia.com\/wp-content\/uploads\/sites\/148\/2023\/05\/FOTO-POST-dormir-bem-familia-universo-familia-1.png\" alt=\"\" class=\"wp-image-1926\" srcset=\"http:\/\/universofamilia.com\/wp-content\/uploads\/sites\/148\/2023\/05\/FOTO-POST-dormir-bem-familia-universo-familia-1.png 550w, http:\/\/universofamilia.com\/wp-content\/uploads\/sites\/148\/2023\/05\/FOTO-POST-dormir-bem-familia-universo-familia-1-300x191.png 300w\" sizes=\"(max-width: 550px) 100vw, 550px\" \/><\/figure>\n\n\n\n<p>R\u00f6viden, ahhoz, hogy ide\u00e1lis rutint alak\u00edts ki a csal\u00e1d sz\u00e1m\u00e1ra a j\u00f3 alv\u00e1shoz, minden tag j\u00f3l\u00e9t\u00e9be kell befektetni. Fontos a rendszeres alv\u00e1si \u00fctemterv kialak\u00edt\u00e1sa, a pihen\u00e9st el\u0151seg\u00edt\u0151 k\u00f6rnyezet megteremt\u00e9se, a stimul\u00e1nsok ker\u00fcl\u00e9se lefekv\u00e9s el\u0151tt, \u00e9s egy relax\u00e1ci\u00f3s rutin kialak\u00edt\u00e1sa. Ezen gyakorlati tippek alkalmaz\u00e1s\u00e1val b\u00e9k\u00e9s \u00e9s \u00e9l\u00e9nk\u00edt\u0151, hangokkal teli \u00e9jszak\u00e1kat \u00e9lhet \u00e1t, eg\u00e9szs\u00e9ges \u00e9s kiegyens\u00falyozott \u00e9letet biztos\u00edtva az eg\u00e9sz csal\u00e1d sz\u00e1m\u00e1ra.<\/p>","protected":false},"excerpt":{"rendered":"<p>A megfelel\u0151, eg\u00e9szs\u00e9ges rutin elengedhetetlen az eg\u00e9sz csal\u00e1d j\u00f3l\u00e9te \u00e9s eg\u00e9szs\u00e9ge szempontj\u00e1b\u00f3l. Az alv\u00e1s nemcsak a hangulatot vagy a napk\u00f6zbeni teljes\u00edtm\u00e9nyt jav\u00edtja, hanem er\u0151s\u00edti az immunrendszert \u00e9s hozz\u00e1j\u00e1rul a jobb \u00e9letmin\u0151s\u00e9ghez is. <\/p>","protected":false},"author":0,"featured_media":1925,"comment_status":"closed","ping_status":"open","sticky":false,"template":"","format":"standard","meta":{"footnotes":""},"categories":[5],"tags":[1436,1437],"yoast_head":"<!-- This site is optimized with the Yoast SEO plugin v23.3 - https:\/\/yoast.com\/wordpress\/plugins\/seo\/ -->\n<title>Rotina ideal para a fam\u00edlia dormir bem - Universo Fam\u00edlia<\/title>\n<meta name=\"description\" content=\"Ter uma rotina de sono adequada \u00e9 essencial para o bem-estar e a sa\u00fade de toda a fam\u00edlia\" \/>\n<meta name=\"robots\" content=\"index, follow, max-snippet:-1, max-image-preview:large, max-video-preview:-1\" \/>\n<link rel=\"canonical\" href=\"http:\/\/universofamilia.com\/hu\/\u0438\u0434\u0435\u0430\u043b\u043d\u0430-\u0440\u0443\u0442\u0438\u043d\u0430-\u0437\u0430-\u0434\u043e\u0431\u0440\u043e-\u0441\u043f\u0430\u0432\u0430\u045a\u0435-\u043f\u043e\u0440\u043e\u0434\/\" \/>\n<meta property=\"og:locale\" content=\"hu_HU\" \/>\n<meta property=\"og:type\" content=\"article\" \/>\n<meta property=\"og:title\" content=\"Rotina ideal para a fam\u00edlia dormir bem - Universo Fam\u00edlia\" \/>\n<meta property=\"og:description\" content=\"Ter uma rotina de sono adequada \u00e9 essencial para o bem-estar e a sa\u00fade de toda a fam\u00edlia\" \/>\n<meta property=\"og:url\" content=\"http:\/\/universofamilia.com\/hu\/\u0438\u0434\u0435\u0430\u043b\u043d\u0430-\u0440\u0443\u0442\u0438\u043d\u0430-\u0437\u0430-\u0434\u043e\u0431\u0440\u043e-\u0441\u043f\u0430\u0432\u0430\u045a\u0435-\u043f\u043e\u0440\u043e\u0434\/\" \/>\n<meta property=\"og:site_name\" content=\"Universo Fam\u00edlia\" \/>\n<meta property=\"article:published_time\" content=\"2023-05-25T00:53:43+00:00\" \/>\n<meta property=\"og:image\" content=\"http:\/\/universofamilia.com\/wp-content\/uploads\/sites\/148\/2023\/05\/FOTO-DESTAQUE-dormir-bem-familia-universo-familia-448x350-.png\" \/>\n\t<meta property=\"og:image:width\" content=\"448\" \/>\n\t<meta property=\"og:image:height\" content=\"350\" \/>\n\t<meta property=\"og:image:type\" content=\"image\/png\" \/>\n<meta name=\"twitter:card\" content=\"summary_large_image\" \/>\n<meta name=\"twitter:label1\" content=\"Est. reading time\" \/>\n\t<meta name=\"twitter:data1\" content=\"5 perc\" \/>\n<script type=\"application\/ld+json\" class=\"yoast-schema-graph\">{\"@context\":\"https:\/\/schema.org\",\"@graph\":[{\"@type\":\"WebPage\",\"@id\":\"http:\/\/universofamilia.com\/sr\/\u0438\u0434\u0435\u0430\u043b\u043d\u0430-\u0440\u0443\u0442\u0438\u043d\u0430-\u0437\u0430-\u0434\u043e\u0431\u0440\u043e-\u0441\u043f\u0430\u0432\u0430\u045a\u0435-\u043f\u043e\u0440\u043e\u0434\/\",\"url\":\"http:\/\/universofamilia.com\/sr\/\u0438\u0434\u0435\u0430\u043b\u043d\u0430-\u0440\u0443\u0442\u0438\u043d\u0430-\u0437\u0430-\u0434\u043e\u0431\u0440\u043e-\u0441\u043f\u0430\u0432\u0430\u045a\u0435-\u043f\u043e\u0440\u043e\u0434\/\",\"name\":\"Rotina ideal para a fam\u00edlia dormir bem - Universo Fam\u00edlia\",\"isPartOf\":{\"@id\":\"https:\/\/universofamilia.com\/el\/#website\"},\"primaryImageOfPage\":{\"@id\":\"http:\/\/universofamilia.com\/sr\/\u0438\u0434\u0435\u0430\u043b\u043d\u0430-\u0440\u0443\u0442\u0438\u043d\u0430-\u0437\u0430-\u0434\u043e\u0431\u0440\u043e-\u0441\u043f\u0430\u0432\u0430\u045a\u0435-\u043f\u043e\u0440\u043e\u0434\/#primaryimage\"},\"image\":{\"@id\":\"http:\/\/universofamilia.com\/sr\/\u0438\u0434\u0435\u0430\u043b\u043d\u0430-\u0440\u0443\u0442\u0438\u043d\u0430-\u0437\u0430-\u0434\u043e\u0431\u0440\u043e-\u0441\u043f\u0430\u0432\u0430\u045a\u0435-\u043f\u043e\u0440\u043e\u0434\/#primaryimage\"},\"thumbnailUrl\":\"http:\/\/universofamilia.com\/wp-content\/uploads\/sites\/148\/2023\/05\/FOTO-DESTAQUE-dormir-bem-familia-universo-familia-448x350-.png\",\"datePublished\":\"2023-05-25T00:53:43+00:00\",\"dateModified\":\"2023-05-25T00:53:43+00:00\",\"author\":{\"@id\":\"\"},\"description\":\"Ter uma rotina de sono adequada \u00e9 essencial para o bem-estar e a sa\u00fade de toda a fam\u00edlia\",\"breadcrumb\":{\"@id\":\"http:\/\/universofamilia.com\/sr\/\u0438\u0434\u0435\u0430\u043b\u043d\u0430-\u0440\u0443\u0442\u0438\u043d\u0430-\u0437\u0430-\u0434\u043e\u0431\u0440\u043e-\u0441\u043f\u0430\u0432\u0430\u045a\u0435-\u043f\u043e\u0440\u043e\u0434\/#breadcrumb\"},\"inLanguage\":\"hu\",\"potentialAction\":[{\"@type\":\"ReadAction\",\"target\":[\"http:\/\/universofamilia.com\/sr\/\u0438\u0434\u0435\u0430\u043b\u043d\u0430-\u0440\u0443\u0442\u0438\u043d\u0430-\u0437\u0430-\u0434\u043e\u0431\u0440\u043e-\u0441\u043f\u0430\u0432\u0430\u045a\u0435-\u043f\u043e\u0440\u043e\u0434\/\"]}]},{\"@type\":\"ImageObject\",\"inLanguage\":\"hu\",\"@id\":\"http:\/\/universofamilia.com\/sr\/\u0438\u0434\u0435\u0430\u043b\u043d\u0430-\u0440\u0443\u0442\u0438\u043d\u0430-\u0437\u0430-\u0434\u043e\u0431\u0440\u043e-\u0441\u043f\u0430\u0432\u0430\u045a\u0435-\u043f\u043e\u0440\u043e\u0434\/#primaryimage\",\"url\":\"http:\/\/universofamilia.com\/wp-content\/uploads\/sites\/148\/2023\/05\/FOTO-DESTAQUE-dormir-bem-familia-universo-familia-448x350-.png\",\"contentUrl\":\"http:\/\/universofamilia.com\/wp-content\/uploads\/sites\/148\/2023\/05\/FOTO-DESTAQUE-dormir-bem-familia-universo-familia-448x350-.png\",\"width\":448,\"height\":350},{\"@type\":\"BreadcrumbList\",\"@id\":\"http:\/\/universofamilia.com\/sr\/\u0438\u0434\u0435\u0430\u043b\u043d\u0430-\u0440\u0443\u0442\u0438\u043d\u0430-\u0437\u0430-\u0434\u043e\u0431\u0440\u043e-\u0441\u043f\u0430\u0432\u0430\u045a\u0435-\u043f\u043e\u0440\u043e\u0434\/#breadcrumb\",\"itemListElement\":[{\"@type\":\"ListItem\",\"position\":1,\"name\":\"Home\",\"item\":\"https:\/\/universofamilia.com\/el\/\"},{\"@type\":\"ListItem\",\"position\":2,\"name\":\"Rotina ideal para a fam\u00edlia dormir bem\"}]},{\"@type\":\"WebSite\",\"@id\":\"https:\/\/universofamilia.com\/el\/#website\",\"url\":\"https:\/\/universofamilia.com\/el\/\",\"name\":\"Universo Fam\u00edlia\",\"description\":\"\",\"potentialAction\":[{\"@type\":\"SearchAction\",\"target\":{\"@type\":\"EntryPoint\",\"urlTemplate\":\"https:\/\/universofamilia.com\/el\/?s={search_term_string}\"},\"query-input\":\"required name=search_term_string\"}],\"inLanguage\":\"hu\"}]}<\/script>\n<!-- \/ Yoast SEO plugin. -->","yoast_head_json":{"title":"Rotina ideal para a fam\u00edlia dormir bem - Universo Fam\u00edlia","description":"Ter uma rotina de sono adequada \u00e9 essencial para o bem-estar e a sa\u00fade de toda a fam\u00edlia","robots":{"index":"index","follow":"follow","max-snippet":"max-snippet:-1","max-image-preview":"max-image-preview:large","max-video-preview":"max-video-preview:-1"},"canonical":"http:\/\/universofamilia.com\/hu\/\u0438\u0434\u0435\u0430\u043b\u043d\u0430-\u0440\u0443\u0442\u0438\u043d\u0430-\u0437\u0430-\u0434\u043e\u0431\u0440\u043e-\u0441\u043f\u0430\u0432\u0430\u045a\u0435-\u043f\u043e\u0440\u043e\u0434\/","og_locale":"hu_HU","og_type":"article","og_title":"Rotina ideal para a fam\u00edlia dormir bem - Universo Fam\u00edlia","og_description":"Ter uma rotina de sono adequada \u00e9 essencial para o bem-estar e a sa\u00fade de toda a fam\u00edlia","og_url":"http:\/\/universofamilia.com\/hu\/\u0438\u0434\u0435\u0430\u043b\u043d\u0430-\u0440\u0443\u0442\u0438\u043d\u0430-\u0437\u0430-\u0434\u043e\u0431\u0440\u043e-\u0441\u043f\u0430\u0432\u0430\u045a\u0435-\u043f\u043e\u0440\u043e\u0434\/","og_site_name":"Universo Fam\u00edlia","article_published_time":"2023-05-25T00:53:43+00:00","og_image":[{"width":448,"height":350,"url":"http:\/\/universofamilia.com\/wp-content\/uploads\/sites\/148\/2023\/05\/FOTO-DESTAQUE-dormir-bem-familia-universo-familia-448x350-.png","type":"image\/png"}],"twitter_card":"summary_large_image","twitter_misc":{"Est. reading time":"5 perc"},"schema":{"@context":"https:\/\/schema.org","@graph":[{"@type":"WebPage","@id":"http:\/\/universofamilia.com\/sr\/\u0438\u0434\u0435\u0430\u043b\u043d\u0430-\u0440\u0443\u0442\u0438\u043d\u0430-\u0437\u0430-\u0434\u043e\u0431\u0440\u043e-\u0441\u043f\u0430\u0432\u0430\u045a\u0435-\u043f\u043e\u0440\u043e\u0434\/","url":"http:\/\/universofamilia.com\/sr\/\u0438\u0434\u0435\u0430\u043b\u043d\u0430-\u0440\u0443\u0442\u0438\u043d\u0430-\u0437\u0430-\u0434\u043e\u0431\u0440\u043e-\u0441\u043f\u0430\u0432\u0430\u045a\u0435-\u043f\u043e\u0440\u043e\u0434\/","name":"Rotina ideal para a fam\u00edlia dormir bem - Universo Fam\u00edlia","isPartOf":{"@id":"https:\/\/universofamilia.com\/el\/#website"},"primaryImageOfPage":{"@id":"http:\/\/universofamilia.com\/sr\/\u0438\u0434\u0435\u0430\u043b\u043d\u0430-\u0440\u0443\u0442\u0438\u043d\u0430-\u0437\u0430-\u0434\u043e\u0431\u0440\u043e-\u0441\u043f\u0430\u0432\u0430\u045a\u0435-\u043f\u043e\u0440\u043e\u0434\/#primaryimage"},"image":{"@id":"http:\/\/universofamilia.com\/sr\/\u0438\u0434\u0435\u0430\u043b\u043d\u0430-\u0440\u0443\u0442\u0438\u043d\u0430-\u0437\u0430-\u0434\u043e\u0431\u0440\u043e-\u0441\u043f\u0430\u0432\u0430\u045a\u0435-\u043f\u043e\u0440\u043e\u0434\/#primaryimage"},"thumbnailUrl":"http:\/\/universofamilia.com\/wp-content\/uploads\/sites\/148\/2023\/05\/FOTO-DESTAQUE-dormir-bem-familia-universo-familia-448x350-.png","datePublished":"2023-05-25T00:53:43+00:00","dateModified":"2023-05-25T00:53:43+00:00","author":{"@id":""},"description":"Ter uma rotina de sono adequada \u00e9 essencial para o bem-estar e a sa\u00fade de toda a fam\u00edlia","breadcrumb":{"@id":"http:\/\/universofamilia.com\/sr\/\u0438\u0434\u0435\u0430\u043b\u043d\u0430-\u0440\u0443\u0442\u0438\u043d\u0430-\u0437\u0430-\u0434\u043e\u0431\u0440\u043e-\u0441\u043f\u0430\u0432\u0430\u045a\u0435-\u043f\u043e\u0440\u043e\u0434\/#breadcrumb"},"inLanguage":"hu","potentialAction":[{"@type":"ReadAction","target":["http:\/\/universofamilia.com\/sr\/\u0438\u0434\u0435\u0430\u043b\u043d\u0430-\u0440\u0443\u0442\u0438\u043d\u0430-\u0437\u0430-\u0434\u043e\u0431\u0440\u043e-\u0441\u043f\u0430\u0432\u0430\u045a\u0435-\u043f\u043e\u0440\u043e\u0434\/"]}]},{"@type":"ImageObject","inLanguage":"hu","@id":"http:\/\/universofamilia.com\/sr\/\u0438\u0434\u0435\u0430\u043b\u043d\u0430-\u0440\u0443\u0442\u0438\u043d\u0430-\u0437\u0430-\u0434\u043e\u0431\u0440\u043e-\u0441\u043f\u0430\u0432\u0430\u045a\u0435-\u043f\u043e\u0440\u043e\u0434\/#primaryimage","url":"http:\/\/universofamilia.com\/wp-content\/uploads\/sites\/148\/2023\/05\/FOTO-DESTAQUE-dormir-bem-familia-universo-familia-448x350-.png","contentUrl":"http:\/\/universofamilia.com\/wp-content\/uploads\/sites\/148\/2023\/05\/FOTO-DESTAQUE-dormir-bem-familia-universo-familia-448x350-.png","width":448,"height":350},{"@type":"BreadcrumbList","@id":"http:\/\/universofamilia.com\/sr\/\u0438\u0434\u0435\u0430\u043b\u043d\u0430-\u0440\u0443\u0442\u0438\u043d\u0430-\u0437\u0430-\u0434\u043e\u0431\u0440\u043e-\u0441\u043f\u0430\u0432\u0430\u045a\u0435-\u043f\u043e\u0440\u043e\u0434\/#breadcrumb","itemListElement":[{"@type":"ListItem","position":1,"name":"Home","item":"https:\/\/universofamilia.com\/el\/"},{"@type":"ListItem","position":2,"name":"Rotina ideal para a fam\u00edlia dormir bem"}]},{"@type":"WebSite","@id":"https:\/\/universofamilia.com\/el\/#website","url":"https:\/\/universofamilia.com\/el\/","name":"Universo Fam\u00edlia","description":"","potentialAction":[{"@type":"SearchAction","target":{"@type":"EntryPoint","urlTemplate":"https:\/\/universofamilia.com\/el\/?s={search_term_string}"},"query-input":"required name=search_term_string"}],"inLanguage":"hu"}]}},"_links":{"self":[{"href":"http:\/\/universofamilia.com\/hu\/wp-json\/wp\/v2\/posts\/1692"}],"collection":[{"href":"http:\/\/universofamilia.com\/hu\/wp-json\/wp\/v2\/posts"}],"about":[{"href":"http:\/\/universofamilia.com\/hu\/wp-json\/wp\/v2\/types\/post"}],"replies":[{"embeddable":true,"href":"http:\/\/universofamilia.com\/hu\/wp-json\/wp\/v2\/comments?post=1692"}],"version-history":[{"count":0,"href":"http:\/\/universofamilia.com\/hu\/wp-json\/wp\/v2\/posts\/1692\/revisions"}],"wp:featuredmedia":[{"embeddable":true,"href":"http:\/\/universofamilia.com\/hu\/wp-json\/wp\/v2\/media\/1925"}],"wp:attachment":[{"href":"http:\/\/universofamilia.com\/hu\/wp-json\/wp\/v2\/media?parent=1692"}],"wp:term":[{"taxonomy":"category","embeddable":true,"href":"http:\/\/universofamilia.com\/hu\/wp-json\/wp\/v2\/categories?post=1692"},{"taxonomy":"post_tag","embeddable":true,"href":"http:\/\/universofamilia.com\/hu\/wp-json\/wp\/v2\/tags?post=1692"}],"curies":[{"name":"wp","href":"https:\/\/api.w.org\/{rel}","templated":true}]}}