{"id":1697,"date":"2023-05-25T01:47:06","date_gmt":"2023-05-25T01:47:06","guid":{"rendered":"https:\/\/universofamilia.com\/?p=1697"},"modified":"2023-05-25T01:47:06","modified_gmt":"2023-05-25T01:47:06","slug":"7-motivos-para-os-pais-lerem-com-suas-filhos","status":"publish","type":"post","link":"http:\/\/universofamilia.com\/hu\/7-motivos-para-os-pais-lerem-com-suas-filhos\/","title":{"rendered":"6 ok, ami\u00e9rt az orsz\u00e1goknak \u00e9rdemes egy\u00fctt olvasniuk a gyerekeikkel."},"content":{"rendered":"<p>Az olvas\u00e1s alapvet\u0151 szerepet j\u00e1tszik a gyermekek kognit\u00edv \u00e9s \u00e9rzelmi fejl\u0151d\u00e9s\u00e9ben. Az olvas\u00e1s gyakorlata megsokszorozza az el\u0151ny\u00f6ket, er\u0151s\u00edti a csal\u00e1di k\u00f6tel\u00e9keket \u00e9s serkenti az olvas\u00e1s \u00e9lvezet\u00e9t.<\/p>\n\n\n\n<h3 class=\"wp-block-heading\">L\u00e1sd m\u00e9g:<\/h3>\n\n\n\n<p><a href=\"http:\/\/universofamilia.com\/hu\/rotina-ideal-para-a-familia-dormir-bem\/\" target=\"_blank\" rel=\"noreferrer noopener\">Rotina Ide\u00e1lis a csal\u00e1d sz\u00e1m\u00e1ra a j\u00f3 alv\u00e1shoz<\/a><\/p>\n\n\n\n<p>Legjobb otthoni alkalmaz\u00e1saink<\/p>\n\n\n\n<p><a href=\"http:\/\/universofamilia.com\/hu\/rotina-ideal-para-a-familia-dormir-bem\/\" target=\"_blank\" rel=\"noreferrer noopener\">Gyakorlati tippek a csendes est\u00e9khez<\/a><\/p>\n\n\n\n<h3 class=\"wp-block-heading\">1. A csal\u00e1di k\u00f6tel\u00e9kek er\u0151s\u00edt\u00e9se<\/h3>\n\n\n\n<p>A csal\u00e1di olvas\u00e1s \u00e9rt\u00e9kes lehet\u0151s\u00e9g az orsz\u00e1g \u00e9s a gyermekek k\u00f6z\u00f6tti \u00e9rzelmi k\u00f6tel\u00e9kek meger\u0151s\u00edt\u00e9s\u00e9re. A k\u00f6z\u00f6s olvas\u00e1s r\u00e9v\u00e9n az interakci\u00f3 \u00e9s a szeretet pillanatai b\u0151v\u00fclnek, el\u0151seg\u00edtve az \u00e9rzelmi k\u00f6t\u0151d\u00e9st az orsz\u00e1g \u00e9s a gyermekek k\u00f6z\u00f6tt.<\/p>\n\n\n\n<p>Ezenk\u00edv\u00fcl a k\u00f6z\u00f6s olvas\u00e1s egy sz\u00f3rakoztat\u00f3 \u00e9s b\u00e9k\u00e9s tev\u00e9kenys\u00e9g, amely \u00e9rzelmi eml\u00e9keket teremt, amelyeket eg\u00e9sz \u00e9let\u00fckben \u00e9rt\u00e9kelni fognak.<\/p>\n\n\n\n<h3 class=\"wp-block-heading\">2. A nyelvi fejl\u0151d\u00e9s \u00f6szt\u00f6nz\u00e9se<\/h3>\n\n\n\n<p>A csal\u00e1di olvas\u00e1s er\u0151teljes \u00f6szt\u00f6nz\u0151 a gyermekek nyelvi fejl\u0151d\u00e9s\u00e9hez. Ahogy felfedezz\u00fck az orsz\u00e1got, gazdag sz\u00f3kinccsel \u00e9s nyelvtani szerkezetekkel tal\u00e1lkoznak, b\u0151v\u00edtve nyelvi reperto\u00e1rjukat.<\/p>\n\n\n\n<p>Ezenk\u00edv\u00fcl a k\u00f6z\u00f6s olvas\u00e1s p\u00e1rbesz\u00e9dre \u00e9s eszmecser\u00e9re is lehet\u0151s\u00e9get ad, el\u0151seg\u00edtve a sz\u00f3beli kifejez\u00e9st \u00e9s a kritikai gondolkod\u00e1st.<\/p>\n\n\n<div class=\"wp-block-image\">\n<figure class=\"aligncenter size-full\"><img loading=\"lazy\" decoding=\"async\" width=\"550\" height=\"350\" src=\"http:\/\/universofamilia.com\/wp-content\/uploads\/sites\/148\/2023\/05\/FOTO-POST-leitura-em-familia-universo-familia-.png\" alt=\"\" class=\"wp-image-1916\" srcset=\"http:\/\/universofamilia.com\/wp-content\/uploads\/sites\/148\/2023\/05\/FOTO-POST-leitura-em-familia-universo-familia-.png 550w, http:\/\/universofamilia.com\/wp-content\/uploads\/sites\/148\/2023\/05\/FOTO-POST-leitura-em-familia-universo-familia--300x191.png 300w\" sizes=\"(max-width: 550px) 100vw, 550px\" \/><\/figure><\/div>\n\n\n<h3 class=\"wp-block-heading\">3. \u00e9bred\u00e9s vagy \u00e9rdekl\u0151d\u00e9s az olvas\u00e1s ir\u00e1nt<\/h3>\n\n\n\n<p>Amikor rendszeresen olvasunk a gyerekeknek, azt az \u00fczenetet k\u00f6zvet\u00edtj\u00fck, hogy az olvas\u00e1s b\u00e9k\u00e9s \u00e9s fontos tev\u00e9kenys\u00e9g. Ahogy a gyerekek hajlamosak ut\u00e1nozni a feln\u0151ttek viselked\u00e9s\u00e9t, \u00e9s amint orsz\u00e1gainkat k\u00f6nyvekbe burkolva l\u00e1tjuk, term\u00e9szetes m\u00f3don fel\u00e9brednek \u00e9s \u00e9rdekl\u0151dni kezdenek az olvas\u00e1s ir\u00e1nt.<\/p>\n\n\n\n<p>Azonban ez a korai \u00e9rdekl\u0151d\u00e9s az irodalom ir\u00e1nt tart\u00f3s szok\u00e1ss\u00e1 v\u00e1lhat, amely a tud\u00e1s \u00e9s a k\u00e9pzelet vil\u00e1g\u00e1t k\u00edn\u00e1lja.<\/p>\n\n\n\n<h3 class=\"wp-block-heading\">4\u00ba A kreativit\u00e1s \u00e9s a k\u00e9pzelet serkent\u00e9se<\/h3>\n\n\n\n<p>A csal\u00e1di olvas\u00e1s hat\u00e9kony eszk\u00f6z a gyermekek kreativit\u00e1s\u00e1nak \u00e9s k\u00e9pzel\u0151erej\u00e9nek serkent\u00e9s\u00e9re. A t\u00f6rt\u00e9neteken kereszt\u00fcl fantasztikus univerzumokba rep\u00edtik \u0151ket, mag\u00e1val ragad\u00f3 karakterekkel \u00e9s izgalmas kalandokkal.<\/p>\n\n\n\n<p>Tov\u00e1bb\u00e1 ezek az irodalmi \u00e9lm\u00e9nyek fel\u00e9bresztik a gyerekek k\u00e9pzel\u0151erej\u00e9t, fejlesztik t\u00f6rt\u00e9netmes\u00e9l\u00e9si \u00e9s -kital\u00e1l\u00e1si k\u00e9pess\u00e9g\u00fcket, b\u0151v\u00edtik a vil\u00e1gr\u00f3l alkotott k\u00e9p\u00fcket.<\/p>\n\n\n\n<h3 class=\"wp-block-heading\">5\u00ba Irodalmi k\u00f6rnyezet megteremt\u00e9se otthon<\/h3>\n\n\n\n<p>A csal\u00e1di olvas\u00e1s mellett az otthoni irodalmi k\u00f6rnyezet megteremt\u00e9se is hozz\u00e1j\u00e1rul az olvas\u00e1s \u00f6szt\u00f6nz\u00e9s\u00e9hez. Legyen egy k\u00f6nnyen hozz\u00e1f\u00e9rhet\u0151 k\u00f6nyvespolc, biztos\u00edtsunk k\u00e9nyelmes helyet az olvas\u00e1shoz, \u00e9s \u00f6szt\u00f6n\u00f6zz\u00fck a k\u00f6nyvt\u00e1rl\u00e1togat\u00e1st az olvas\u00e1si szok\u00e1s kialak\u00edt\u00e1s\u00e1val.<\/p>\n\n\n\n<p>Ahogy az olvas\u00e1s a csal\u00e1di k\u00f6rnyezet szerves r\u00e9sz\u00e9v\u00e9 v\u00e1lik, a gyerekek r\u00e1j\u00f6nnek, hogy az olvas\u00e1s k\u00fcl\u00f6nb\u00f6z\u0151 t\u00f6rt\u00e9netek felfedez\u00e9s\u00e9t jelenti.<\/p>\n\n\n\n<h3 class=\"wp-block-heading\">6\u00ba Az emp\u00e1tia ismeret\u00e9nek b\u0151v\u00edt\u00e9se<\/h3>\n\n\n\n<p>A csal\u00e1di olvas\u00e1s lehet\u0151v\u00e9 teszi a gyerekek sz\u00e1m\u00e1ra, hogy k\u00fcl\u00f6nf\u00e9le t\u00e9m\u00e1kban szerezzenek ismereteket, felfedezzenek k\u00fcl\u00f6nb\u00f6z\u0151 kult\u00far\u00e1kat, helyeket \u00e9s val\u00f3s\u00e1gokat.<\/p>\n\n\n\n<p>R\u00f6viden, a t\u00e1rsadalmi, \u00e9rzelmi \u00e9s etikai k\u00e9rd\u00e9seket feszeget\u0151 t\u00f6rt\u00e9netek olvas\u00e1sa r\u00e9v\u00e9n a gyerekek emp\u00e1ti\u00e1t fejlesztenek, nyitottabban \u00e9rtik meg a k\u00f6r\u00fcl\u00f6tt\u00fck l\u00e9v\u0151 vil\u00e1got. Ez a meg\u00e9rt\u00e9s \u00e9s \u00e9rz\u00e9kenys\u00e9g alapvet\u0151 fontoss\u00e1g\u00fa a tudatos \u00e9s felel\u0151ss\u00e9gteljes v\u00e1rosok kialakul\u00e1s\u00e1hoz.<\/p>\n\n\n\n<h3 class=\"wp-block-heading\">K\u00f6vetkeztet\u00e9s<\/h3>\n\n\n\n<p>A csal\u00e1di olvas\u00e1s kulcsfontoss\u00e1g\u00fa szerepet j\u00e1tszik a gyermek fejl\u0151d\u00e9s\u00e9ben, er\u0151s\u00edti a csal\u00e1di k\u00f6tel\u00e9keket, serkenti a nyelvi fejl\u0151d\u00e9st, felkelti az olvas\u00e1s ir\u00e1nti \u00e9rdekl\u0151d\u00e9st, serkenti a kreativit\u00e1st \u00e9s a k\u00e9pzeletet, valamint b\u0151v\u00edti az ismereteket \u00e9s az emp\u00e1ti\u00e1t.<\/p>\n\n\n\n<p>Sz\u00e1njatok id\u0151t a csal\u00e1di olvas\u00e1sra is, \u00e9s fedezz\u00e9tek fel a k\u00f6nyvek var\u00e1zslatos vil\u00e1g\u00e1t gyermekeitek sz\u00e1m\u00e1ra.<\/p>","protected":false},"excerpt":{"rendered":"<p>Az olvas\u00e1s alapvet\u0151 szerepet j\u00e1tszik a gyermekek kognit\u00edv \u00e9s \u00e9rzelmi fejl\u0151d\u00e9s\u00e9ben. Amikor a csal\u00e1dban gyakorolj\u00e1k az olvas\u00e1st, az el\u0151ny\u00f6k megsokszoroz\u00f3dnak, er\u0151s\u00edti a csal\u00e1di k\u00f6tel\u00e9keket, \u00e9s a semmib\u0151l serkenti az irodalom \u00e9lvezet\u00e9t.<\/p>","protected":false},"author":0,"featured_media":1917,"comment_status":"closed","ping_status":"open","sticky":false,"template":"","format":"standard","meta":{"footnotes":""},"categories":[5],"tags":[45,774,1438],"yoast_head":"<!-- This site is optimized with the Yoast SEO plugin v23.3 - https:\/\/yoast.com\/wordpress\/plugins\/seo\/ -->\n<title>6 motivos para os Pais lerem com seus filhos. - Universo Fam\u00edlia<\/title>\n<meta name=\"description\" content=\"A leitura desempenha um papel fundamental no desenvolvimento cognitivo e emocional das crian\u00e7as.\" \/>\n<meta name=\"robots\" content=\"index, follow, max-snippet:-1, max-image-preview:large, max-video-preview:-1\" \/>\n<link rel=\"canonical\" href=\"http:\/\/universofamilia.com\/hu\/7-motivos-para-os-pais-lerem-com-suas-filhos\/\" \/>\n<meta property=\"og:locale\" content=\"hu_HU\" \/>\n<meta property=\"og:type\" content=\"article\" \/>\n<meta property=\"og:title\" content=\"6 motivos para os Pais lerem com seus filhos. - Universo Fam\u00edlia\" \/>\n<meta property=\"og:description\" content=\"A leitura desempenha um papel fundamental no desenvolvimento cognitivo e emocional das crian\u00e7as.\" \/>\n<meta property=\"og:url\" content=\"http:\/\/universofamilia.com\/hu\/7-motivos-para-os-pais-lerem-com-suas-filhos\/\" \/>\n<meta property=\"og:site_name\" content=\"Universo Fam\u00edlia\" \/>\n<meta property=\"article:published_time\" content=\"2023-05-25T01:47:06+00:00\" \/>\n<meta property=\"og:image\" content=\"http:\/\/universofamilia.com\/wp-content\/uploads\/sites\/148\/2023\/05\/FOTO-DESTAQUE-leitura-em-familia-universo-familia-448x350-.png\" \/>\n\t<meta property=\"og:image:width\" content=\"448\" \/>\n\t<meta property=\"og:image:height\" content=\"350\" \/>\n\t<meta property=\"og:image:type\" content=\"image\/png\" \/>\n<meta name=\"twitter:card\" content=\"summary_large_image\" \/>\n<meta name=\"twitter:label1\" content=\"Est. reading time\" \/>\n\t<meta name=\"twitter:data1\" content=\"4 perc\" \/>\n<script type=\"application\/ld+json\" class=\"yoast-schema-graph\">{\"@context\":\"https:\/\/schema.org\",\"@graph\":[{\"@type\":\"WebPage\",\"@id\":\"http:\/\/universofamilia.com\/sr\/7-motivos-para-os-pais-lerem-com-suas-filhos\/\",\"url\":\"http:\/\/universofamilia.com\/sr\/7-motivos-para-os-pais-lerem-com-suas-filhos\/\",\"name\":\"6 motivos para os Pais lerem com seus filhos. - Universo Fam\u00edlia\",\"isPartOf\":{\"@id\":\"https:\/\/universofamilia.com\/el\/#website\"},\"primaryImageOfPage\":{\"@id\":\"http:\/\/universofamilia.com\/sr\/7-motivos-para-os-pais-lerem-com-suas-filhos\/#primaryimage\"},\"image\":{\"@id\":\"http:\/\/universofamilia.com\/sr\/7-motivos-para-os-pais-lerem-com-suas-filhos\/#primaryimage\"},\"thumbnailUrl\":\"http:\/\/universofamilia.com\/wp-content\/uploads\/sites\/148\/2023\/05\/FOTO-DESTAQUE-leitura-em-familia-universo-familia-448x350-.png\",\"datePublished\":\"2023-05-25T01:47:06+00:00\",\"dateModified\":\"2023-05-25T01:47:06+00:00\",\"author\":{\"@id\":\"\"},\"description\":\"A leitura desempenha um papel fundamental no desenvolvimento cognitivo e emocional das crian\u00e7as.\",\"breadcrumb\":{\"@id\":\"http:\/\/universofamilia.com\/sr\/7-motivos-para-os-pais-lerem-com-suas-filhos\/#breadcrumb\"},\"inLanguage\":\"hu\",\"potentialAction\":[{\"@type\":\"ReadAction\",\"target\":[\"http:\/\/universofamilia.com\/sr\/7-motivos-para-os-pais-lerem-com-suas-filhos\/\"]}]},{\"@type\":\"ImageObject\",\"inLanguage\":\"hu\",\"@id\":\"http:\/\/universofamilia.com\/sr\/7-motivos-para-os-pais-lerem-com-suas-filhos\/#primaryimage\",\"url\":\"http:\/\/universofamilia.com\/wp-content\/uploads\/sites\/148\/2023\/05\/FOTO-DESTAQUE-leitura-em-familia-universo-familia-448x350-.png\",\"contentUrl\":\"http:\/\/universofamilia.com\/wp-content\/uploads\/sites\/148\/2023\/05\/FOTO-DESTAQUE-leitura-em-familia-universo-familia-448x350-.png\",\"width\":448,\"height\":350},{\"@type\":\"BreadcrumbList\",\"@id\":\"http:\/\/universofamilia.com\/sr\/7-motivos-para-os-pais-lerem-com-suas-filhos\/#breadcrumb\",\"itemListElement\":[{\"@type\":\"ListItem\",\"position\":1,\"name\":\"Home\",\"item\":\"https:\/\/universofamilia.com\/el\/\"},{\"@type\":\"ListItem\",\"position\":2,\"name\":\"6 motivos para os Pais lerem com seus filhos.\"}]},{\"@type\":\"WebSite\",\"@id\":\"https:\/\/universofamilia.com\/el\/#website\",\"url\":\"https:\/\/universofamilia.com\/el\/\",\"name\":\"Universo Fam\u00edlia\",\"description\":\"\",\"potentialAction\":[{\"@type\":\"SearchAction\",\"target\":{\"@type\":\"EntryPoint\",\"urlTemplate\":\"https:\/\/universofamilia.com\/el\/?s={search_term_string}\"},\"query-input\":\"required name=search_term_string\"}],\"inLanguage\":\"hu\"}]}<\/script>\n<!-- \/ Yoast SEO plugin. -->","yoast_head_json":{"title":"6 motivos para os Pais lerem com seus filhos. - Universo Fam\u00edlia","description":"A leitura desempenha um papel fundamental no desenvolvimento cognitivo e emocional das crian\u00e7as.","robots":{"index":"index","follow":"follow","max-snippet":"max-snippet:-1","max-image-preview":"max-image-preview:large","max-video-preview":"max-video-preview:-1"},"canonical":"http:\/\/universofamilia.com\/hu\/7-motivos-para-os-pais-lerem-com-suas-filhos\/","og_locale":"hu_HU","og_type":"article","og_title":"6 motivos para os Pais lerem com seus filhos. - Universo Fam\u00edlia","og_description":"A leitura desempenha um papel fundamental no desenvolvimento cognitivo e emocional das crian\u00e7as.","og_url":"http:\/\/universofamilia.com\/hu\/7-motivos-para-os-pais-lerem-com-suas-filhos\/","og_site_name":"Universo Fam\u00edlia","article_published_time":"2023-05-25T01:47:06+00:00","og_image":[{"width":448,"height":350,"url":"http:\/\/universofamilia.com\/wp-content\/uploads\/sites\/148\/2023\/05\/FOTO-DESTAQUE-leitura-em-familia-universo-familia-448x350-.png","type":"image\/png"}],"twitter_card":"summary_large_image","twitter_misc":{"Est. reading time":"4 perc"},"schema":{"@context":"https:\/\/schema.org","@graph":[{"@type":"WebPage","@id":"http:\/\/universofamilia.com\/sr\/7-motivos-para-os-pais-lerem-com-suas-filhos\/","url":"http:\/\/universofamilia.com\/sr\/7-motivos-para-os-pais-lerem-com-suas-filhos\/","name":"6 motivos para os Pais lerem com seus filhos. - Universo Fam\u00edlia","isPartOf":{"@id":"https:\/\/universofamilia.com\/el\/#website"},"primaryImageOfPage":{"@id":"http:\/\/universofamilia.com\/sr\/7-motivos-para-os-pais-lerem-com-suas-filhos\/#primaryimage"},"image":{"@id":"http:\/\/universofamilia.com\/sr\/7-motivos-para-os-pais-lerem-com-suas-filhos\/#primaryimage"},"thumbnailUrl":"http:\/\/universofamilia.com\/wp-content\/uploads\/sites\/148\/2023\/05\/FOTO-DESTAQUE-leitura-em-familia-universo-familia-448x350-.png","datePublished":"2023-05-25T01:47:06+00:00","dateModified":"2023-05-25T01:47:06+00:00","author":{"@id":""},"description":"A leitura desempenha um papel fundamental no desenvolvimento cognitivo e emocional das crian\u00e7as.","breadcrumb":{"@id":"http:\/\/universofamilia.com\/sr\/7-motivos-para-os-pais-lerem-com-suas-filhos\/#breadcrumb"},"inLanguage":"hu","potentialAction":[{"@type":"ReadAction","target":["http:\/\/universofamilia.com\/sr\/7-motivos-para-os-pais-lerem-com-suas-filhos\/"]}]},{"@type":"ImageObject","inLanguage":"hu","@id":"http:\/\/universofamilia.com\/sr\/7-motivos-para-os-pais-lerem-com-suas-filhos\/#primaryimage","url":"http:\/\/universofamilia.com\/wp-content\/uploads\/sites\/148\/2023\/05\/FOTO-DESTAQUE-leitura-em-familia-universo-familia-448x350-.png","contentUrl":"http:\/\/universofamilia.com\/wp-content\/uploads\/sites\/148\/2023\/05\/FOTO-DESTAQUE-leitura-em-familia-universo-familia-448x350-.png","width":448,"height":350},{"@type":"BreadcrumbList","@id":"http:\/\/universofamilia.com\/sr\/7-motivos-para-os-pais-lerem-com-suas-filhos\/#breadcrumb","itemListElement":[{"@type":"ListItem","position":1,"name":"Home","item":"https:\/\/universofamilia.com\/el\/"},{"@type":"ListItem","position":2,"name":"6 motivos para os Pais lerem com seus filhos."}]},{"@type":"WebSite","@id":"https:\/\/universofamilia.com\/el\/#website","url":"https:\/\/universofamilia.com\/el\/","name":"Universo Fam\u00edlia","description":"","potentialAction":[{"@type":"SearchAction","target":{"@type":"EntryPoint","urlTemplate":"https:\/\/universofamilia.com\/el\/?s={search_term_string}"},"query-input":"required name=search_term_string"}],"inLanguage":"hu"}]}},"_links":{"self":[{"href":"http:\/\/universofamilia.com\/hu\/wp-json\/wp\/v2\/posts\/1697"}],"collection":[{"href":"http:\/\/universofamilia.com\/hu\/wp-json\/wp\/v2\/posts"}],"about":[{"href":"http:\/\/universofamilia.com\/hu\/wp-json\/wp\/v2\/types\/post"}],"replies":[{"embeddable":true,"href":"http:\/\/universofamilia.com\/hu\/wp-json\/wp\/v2\/comments?post=1697"}],"version-history":[{"count":0,"href":"http:\/\/universofamilia.com\/hu\/wp-json\/wp\/v2\/posts\/1697\/revisions"}],"wp:featuredmedia":[{"embeddable":true,"href":"http:\/\/universofamilia.com\/hu\/wp-json\/wp\/v2\/media\/1917"}],"wp:attachment":[{"href":"http:\/\/universofamilia.com\/hu\/wp-json\/wp\/v2\/media?parent=1697"}],"wp:term":[{"taxonomy":"category","embeddable":true,"href":"http:\/\/universofamilia.com\/hu\/wp-json\/wp\/v2\/categories?post=1697"},{"taxonomy":"post_tag","embeddable":true,"href":"http:\/\/universofamilia.com\/hu\/wp-json\/wp\/v2\/tags?post=1697"}],"curies":[{"name":"wp","href":"https:\/\/api.w.org\/{rel}","templated":true}]}}