{"id":1797,"date":"2023-05-25T21:01:58","date_gmt":"2023-05-25T21:01:58","guid":{"rendered":"https:\/\/universofamilia.com\/?p=1797"},"modified":"2023-05-25T21:01:58","modified_gmt":"2023-05-25T21:01:58","slug":"muco-nas-fezes-do-bebe-quando-e-normal-e-quando-se-preocupar","status":"publish","type":"post","link":"http:\/\/universofamilia.com\/hu\/muco-nas-fezes-do-bebe-quando-e-normal-e-quando-se-preocupar\/","title":{"rendered":"Nagyon fontos a baba l\u00e1za, mikor norm\u00e1lis, \u00e9s mikor kell agg\u00f3dni?"},"content":{"rendered":"<p>A csecsem\u0151kn\u00e9l el\u0151fordul\u00f3 l\u00e1z gyakori aggodalomra ad okot az egyes orsz\u00e1gokban. Ez riaszt\u00f3 lehet, \u00e9s fontos meg\u00e9rteni, hogy bizonyos helyzetekben ennek nagy r\u00e9sze norm\u00e1lis is lehet.<\/p>\n\n\n\n<p>Ebben a cikkben azt t\u00e1rgyaljuk, hogy a fezes mikor vagy mennyi lehet norm\u00e1lis, \u00e9s mikor ad okot aggodalomra. Tov\u00e1bbi inform\u00e1ci\u00f3k\u00e9rt \u00e9s megnyugtat\u00e1s\u00e9rt olvasson tov\u00e1bb.<\/p>\n\n\n\n<h3 class=\"wp-block-heading\">Vagy sok van a baba fezes\u00e9ben?<\/h3>\n\n\n\n<p>A baba sz\u00e9klet\u00e9ben tal\u00e1lhat\u00f3 ny\u00e1k a baba sz\u00e9klet\u00e9ben l\u00e9v\u0151 kocsony\u00e1s \u00e9s ragacsos anyag jelenl\u00e9t\u00e9re utal. Ez \u00e1llag\u00e1ban, \u00e1llag\u00e1ban \u00e9s mennyis\u00e9g\u00e9ben nagym\u00e9rt\u00e9kben v\u00e1ltozhat.<\/p>\n\n\n\n<p>Fontos megjegyezni, hogy bizonyos esetekben bizonyos sz\u00e9kletmint\u00e1k teljesen norm\u00e1lisak, \u00e9s nem jelentenek eg\u00e9szs\u00e9g\u00fcgyi probl\u00e9m\u00e1t.<\/p>\n\n\n\n<h3 class=\"wp-block-heading\">Mikor tekintj\u00fck egy baba sz\u00e9klet\u00e9t norm\u00e1lisnak vagy nagyon norm\u00e1lisnak?<\/h3>\n\n\n\n<p>Bizonyos k\u00f6r\u00fclm\u00e9nyek k\u00f6z\u00f6tt a ny\u00e1lka jelenl\u00e9te a baba sz\u00e9klet\u00e9ben norm\u00e1lis, \u00e9s nem okozhat aggodalmat.<\/p>\n\n\n\n<p>Fogz\u00e1skor p\u00e9ld\u00e1ul gyakori, hogy a baba t\u00f6bb ny\u00e1kot termel, ami a sz\u00e9klettel k\u00f6thet ki.<\/p>\n\n\n\n<p>A szil\u00e1rd \u00e9telek bevezet\u00e9se a baba \u00e9trendj\u00e9be \u00e1tmeneti magzati elv\u00e1ltoz\u00e1sokat is okozhat, bele\u00e9rtve a ny\u00e1lka jelenl\u00e9t\u00e9t.<\/p>\n\n\n\n<h3 class=\"wp-block-heading\">Mikor kell agg\u00f3dni a baba v\u00e1lad\u00e9koz\u00e1sa miatt?<\/h3>\n\n\n<div class=\"wp-block-image\">\n<figure class=\"aligncenter size-full\"><img loading=\"lazy\" decoding=\"async\" width=\"550\" height=\"350\" src=\"http:\/\/universofamilia.com\/wp-content\/uploads\/sites\/148\/2023\/05\/FOTO-POST-muco-fese-bebe-universo-familia-.png\" alt=\"\" class=\"wp-image-1911\" srcset=\"http:\/\/universofamilia.com\/wp-content\/uploads\/sites\/148\/2023\/05\/FOTO-POST-muco-fese-bebe-universo-familia-.png 550w, http:\/\/universofamilia.com\/wp-content\/uploads\/sites\/148\/2023\/05\/FOTO-POST-muco-fese-bebe-universo-familia--300x191.png 300w\" sizes=\"(max-width: 550px) 100vw, 550px\" \/><\/figure><\/div>\n\n\n<p>Az embora vagy ny\u00e1k a baba sz\u00e9klet\u00e9ben bizonyos helyzetekben norm\u00e1lis lehet, vannak olyan esetek, amikor fontos, hogy figyelmesek legy\u00fcnk \u00e9s orvosi seg\u00edts\u00e9get k\u00e9rj\u00fcnk.<\/p>\n\n\n\n<p>Ha magas l\u00e1za van, v\u00e9res v\u00e1lad\u00e9kkal, tart\u00f3s hasmen\u00e9ssel, h\u00e1ny\u00e1ssal, l\u00e1zzal, vagy ha a bab\u00e1nak m\u00e1s aggaszt\u00f3 t\u00fcnetei vannak, aj\u00e1nlott felkeresni gyermekorvos\u00e1t.<\/p>\n\n\n\n<p>Ezek a t\u00fcnetek gyomor-b\u00e9lrendszeri fert\u0151z\u00e9sre vagy m\u00e1s m\u00f6g\u00f6ttes \u00e1llapotra utalhatnak, amelyeket megfelel\u0151en kell kivizsg\u00e1lni \u00e9s kezelni.<\/p>\n\n\n\n<h3 class=\"wp-block-heading\">A ny\u00e1lka lehets\u00e9ges okai a baba sz\u00e9klet\u00e9ben<\/h3>\n\n\n\n<p>A baba sz\u00e9klet\u00e9nek ny\u00e1lkah\u00e1rty\u00e1j\u00e1val val\u00f3 \u00e9rintkez\u00e9s\u00e9nek sz\u00e1mos oka lehet. A m\u00e1r eml\u00edtett okokon k\u00edv\u00fcl, mint p\u00e9ld\u00e1ul a fogz\u00e1s \u00e9s a szil\u00e1rd \u00e9telek bevezet\u00e9se, fert\u0151z\u00e9sek, \u00e9telallergi\u00e1k, intoleranci\u00e1k, sz\u00e9kreked\u00e9s vagy b\u00e9lirrit\u00e1ci\u00f3 is okozhatja.<\/p>\n\n\n\n<p>Minden oknak megvannak a saj\u00e1toss\u00e1gai, \u00e9s elengedhetetlen az orvosi t\u00e1mogat\u00e1s a ny\u00e1lka eredet\u00e9nek azonos\u00edt\u00e1s\u00e1hoz \u00e9s sz\u00fcks\u00e9g eset\u00e9n a megfelel\u0151 kezel\u00e9s meghat\u00e1roz\u00e1s\u00e1hoz.<\/p>\n\n\n\n<h3 class=\"wp-block-heading\">K\u00f6vetkeztet\u00e9s<\/h3>\n\n\n\n<p>R\u00f6viden, a baba sz\u00e9klet\u00e9nek egy r\u00e9sze bizonyos helyzetekben norm\u00e1lis lehet, p\u00e9ld\u00e1ul fogz\u00e1skor vagy szil\u00e1rd \u00e9telek bevezet\u00e9sekor.<\/p>\n\n\n\n<p>Fontos azonban tudat\u00e1ban lenni az aggodalomra okot ad\u00f3 jeleknek, p\u00e9ld\u00e1ul a sz\u00e9kletb\u0151l val\u00f3 v\u00e9rz\u00e9snek vagy tov\u00e1bbi t\u00fcneteknek.<\/p>\n\n\n\n<p>A pontos diagn\u00f3zis fel\u00e1ll\u00edt\u00e1s\u00e1hoz \u00e9s a baba eg\u00e9szs\u00e9g\u00e9nek garant\u00e1l\u00e1s\u00e1hoz elengedhetetlen a gyermekorvossal val\u00f3 konzult\u00e1ci\u00f3.<\/p>\n\n\n\n<p>Rem\u00e9lem, seg\u00edtett\u00fcnk, \u00e9s t\u00e1j\u00e9koztattunk a rekeszeddel kapcsolatban, ami olyan hasznos sz\u00e1munkra. Ah! Nagyon tetszik ez a bejegyz\u00e9s.<\/p>\n\n\n\n<blockquote class=\"wp-block-quote\">\n<h5 class=\"wp-block-heading\"><em>Megjegyz\u00e9sek: Az Universo Fam\u00edlia oldal\u00e1n tal\u00e1lhat\u00f3 anyagok \u00e9s inform\u00e1ci\u00f3k nem orvosi diagn\u00f3zis fel\u00e1ll\u00edt\u00e1s\u00e1ra szolg\u00e1lnak, \u00e9s nem is szabad azokat ilyen c\u00e9lra haszn\u00e1lni. <strong>Mindig konzult\u00e1ljon orvos\u00e1val vagy k\u00e9pzett eg\u00e9szs\u00e9g\u00fcgyi szakemberrel a val\u00f3di sz\u00fcks\u00e9gleteivel kapcsolatban.<\/strong>.<\/em><\/h5>\n<\/blockquote>\n\n\n\n<h4 class=\"wp-block-heading\">L\u00e1sd m\u00e9g:<\/h4>\n\n\n\n<p><a href=\"http:\/\/universofamilia.com\/hu\/rotina-ideal-para-a-familia-dormir-bem\/\" target=\"_blank\" rel=\"noreferrer noopener\">Rotina Ide\u00e1lis a csal\u00e1d sz\u00e1m\u00e1ra a j\u00f3 alv\u00e1shoz<\/a><\/p>\n\n\n\n<p><a href=\"https:\/\/www.luzbaby.com.br\/\" target=\"_blank\" rel=\"noreferrer noopener\">A Luz Baby az egyik legjobb csecsem\u0151term\u00e9keket \u00e1rus\u00edt\u00f3 \u00fczlet. Kattints ide.<\/a><\/p>","protected":false},"excerpt":{"rendered":"<p>A csecsem\u0151kn\u00e9l el\u0151fordul\u00f3 l\u00e1z gyakori aggodalomra ad okot az egyes orsz\u00e1gokban. Ez riaszt\u00f3 lehet, \u00e9s fontos meg\u00e9rteni, hogy bizonyos helyzetekben ennek nagy r\u00e9sze norm\u00e1lis is lehet.<br \/>\nEbben a cikkben azt t\u00e1rgyaljuk, hogy mikor tekinthet\u0151 norm\u00e1lisnak a baba sz\u00e9klet\u00e9ben l\u00e9v\u0151 ny\u00e1k, \u00e9s mikor aggodalomra ad okot. Tov\u00e1bbi inform\u00e1ci\u00f3k\u00e9rt \u00e9s megnyugv\u00e1s\u00e9rt olvasson tov\u00e1bb.<\/p>","protected":false},"author":0,"featured_media":1912,"comment_status":"closed","ping_status":"open","sticky":false,"template":"","format":"standard","meta":{"footnotes":""},"categories":[5],"tags":[1023,1161,1437],"yoast_head":"<!-- This site is optimized with the Yoast SEO plugin v23.3 - https:\/\/yoast.com\/wordpress\/plugins\/seo\/ -->\n<title>Muco nas fezes do beb\u00ea, quando \u00e9 normal e quando se preocupar? - Universo Fam\u00edlia<\/title>\n<meta name=\"description\" content=\"O muco nas fezes do beb\u00ea \u00e9 uma preocupa\u00e7\u00e3o comum entre os pais. Embora possa ser alarmante, \u00e9 importante entender que o muco pode ser normal em certas situa\u00e7\u00f5es.\" \/>\n<meta name=\"robots\" content=\"index, follow, max-snippet:-1, max-image-preview:large, max-video-preview:-1\" \/>\n<link rel=\"canonical\" href=\"https:\/\/universofamilia.com\/hu\/muco-nas-fezes-do-bebe-quando-e-normal-e-quando-se-preocupar\/\" \/>\n<meta property=\"og:locale\" content=\"hu_HU\" \/>\n<meta property=\"og:type\" content=\"article\" \/>\n<meta property=\"og:title\" content=\"Muco nas fezes do beb\u00ea, quando \u00e9 normal e quando se preocupar? - Universo Fam\u00edlia\" \/>\n<meta property=\"og:description\" content=\"O muco nas fezes do beb\u00ea \u00e9 uma preocupa\u00e7\u00e3o comum entre os pais. Embora possa ser alarmante, \u00e9 importante entender que o muco pode ser normal em certas situa\u00e7\u00f5es.\" \/>\n<meta property=\"og:url\" content=\"https:\/\/universofamilia.com\/hu\/muco-nas-fezes-do-bebe-quando-e-normal-e-quando-se-preocupar\/\" \/>\n<meta property=\"og:site_name\" content=\"Universo Fam\u00edlia\" \/>\n<meta property=\"article:published_time\" content=\"2023-05-25T21:01:58+00:00\" \/>\n<meta property=\"og:image\" content=\"https:\/\/universofamilia.com\/wp-content\/uploads\/sites\/148\/2023\/05\/FOTO-DESTAQUE-muco-fezes-bebe-universo-familia-448x350-.png\" \/>\n\t<meta property=\"og:image:width\" content=\"448\" \/>\n\t<meta property=\"og:image:height\" content=\"350\" \/>\n\t<meta property=\"og:image:type\" content=\"image\/png\" \/>\n<meta name=\"twitter:card\" content=\"summary_large_image\" \/>\n<meta name=\"twitter:label1\" content=\"Est. reading time\" \/>\n\t<meta name=\"twitter:data1\" content=\"3 perc\" \/>\n<script type=\"application\/ld+json\" class=\"yoast-schema-graph\">{\"@context\":\"https:\/\/schema.org\",\"@graph\":[{\"@type\":\"WebPage\",\"@id\":\"https:\/\/universofamilia.com\/hu\/muco-nas-fezes-do-bebe-quando-e-normal-e-quando-se-preocupar\/\",\"url\":\"https:\/\/universofamilia.com\/hu\/muco-nas-fezes-do-bebe-quando-e-normal-e-quando-se-preocupar\/\",\"name\":\"Muco nas fezes do beb\u00ea, quando \u00e9 normal e quando se preocupar? - Universo Fam\u00edlia\",\"isPartOf\":{\"@id\":\"https:\/\/universofamilia.com\/el\/#website\"},\"primaryImageOfPage\":{\"@id\":\"https:\/\/universofamilia.com\/hu\/muco-nas-fezes-do-bebe-quando-e-normal-e-quando-se-preocupar\/#primaryimage\"},\"image\":{\"@id\":\"https:\/\/universofamilia.com\/hu\/muco-nas-fezes-do-bebe-quando-e-normal-e-quando-se-preocupar\/#primaryimage\"},\"thumbnailUrl\":\"http:\/\/universofamilia.com\/wp-content\/uploads\/sites\/148\/2023\/05\/FOTO-DESTAQUE-muco-fezes-bebe-universo-familia-448x350-.png\",\"datePublished\":\"2023-05-25T21:01:58+00:00\",\"dateModified\":\"2023-05-25T21:01:58+00:00\",\"author\":{\"@id\":\"\"},\"description\":\"O muco nas fezes do beb\u00ea \u00e9 uma preocupa\u00e7\u00e3o comum entre os pais. Embora possa ser alarmante, \u00e9 importante entender que o muco pode ser normal em certas situa\u00e7\u00f5es.\",\"breadcrumb\":{\"@id\":\"https:\/\/universofamilia.com\/hu\/muco-nas-fezes-do-bebe-quando-e-normal-e-quando-se-preocupar\/#breadcrumb\"},\"inLanguage\":\"hu\",\"potentialAction\":[{\"@type\":\"ReadAction\",\"target\":[\"https:\/\/universofamilia.com\/hu\/muco-nas-fezes-do-bebe-quando-e-normal-e-quando-se-preocupar\/\"]}]},{\"@type\":\"ImageObject\",\"inLanguage\":\"hu\",\"@id\":\"https:\/\/universofamilia.com\/hu\/muco-nas-fezes-do-bebe-quando-e-normal-e-quando-se-preocupar\/#primaryimage\",\"url\":\"http:\/\/universofamilia.com\/wp-content\/uploads\/sites\/148\/2023\/05\/FOTO-DESTAQUE-muco-fezes-bebe-universo-familia-448x350-.png\",\"contentUrl\":\"http:\/\/universofamilia.com\/wp-content\/uploads\/sites\/148\/2023\/05\/FOTO-DESTAQUE-muco-fezes-bebe-universo-familia-448x350-.png\",\"width\":448,\"height\":350},{\"@type\":\"BreadcrumbList\",\"@id\":\"https:\/\/universofamilia.com\/hu\/muco-nas-fezes-do-bebe-quando-e-normal-e-quando-se-preocupar\/#breadcrumb\",\"itemListElement\":[{\"@type\":\"ListItem\",\"position\":1,\"name\":\"Home\",\"item\":\"https:\/\/universofamilia.com\/el\/\"},{\"@type\":\"ListItem\",\"position\":2,\"name\":\"Muco nas fezes do beb\u00ea, quando \u00e9 normal e quando se preocupar?\"}]},{\"@type\":\"WebSite\",\"@id\":\"https:\/\/universofamilia.com\/el\/#website\",\"url\":\"https:\/\/universofamilia.com\/el\/\",\"name\":\"Universo Fam\u00edlia\",\"description\":\"\",\"potentialAction\":[{\"@type\":\"SearchAction\",\"target\":{\"@type\":\"EntryPoint\",\"urlTemplate\":\"https:\/\/universofamilia.com\/el\/?s={search_term_string}\"},\"query-input\":\"required name=search_term_string\"}],\"inLanguage\":\"hu\"}]}<\/script>\n<!-- \/ Yoast SEO plugin. -->","yoast_head_json":{"title":"Muco nas fezes do beb\u00ea, quando \u00e9 normal e quando se preocupar? - Universo Fam\u00edlia","description":"O muco nas fezes do beb\u00ea \u00e9 uma preocupa\u00e7\u00e3o comum entre os pais. Embora possa ser alarmante, \u00e9 importante entender que o muco pode ser normal em certas situa\u00e7\u00f5es.","robots":{"index":"index","follow":"follow","max-snippet":"max-snippet:-1","max-image-preview":"max-image-preview:large","max-video-preview":"max-video-preview:-1"},"canonical":"https:\/\/universofamilia.com\/hu\/muco-nas-fezes-do-bebe-quando-e-normal-e-quando-se-preocupar\/","og_locale":"hu_HU","og_type":"article","og_title":"Muco nas fezes do beb\u00ea, quando \u00e9 normal e quando se preocupar? - Universo Fam\u00edlia","og_description":"O muco nas fezes do beb\u00ea \u00e9 uma preocupa\u00e7\u00e3o comum entre os pais. Embora possa ser alarmante, \u00e9 importante entender que o muco pode ser normal em certas situa\u00e7\u00f5es.","og_url":"https:\/\/universofamilia.com\/hu\/muco-nas-fezes-do-bebe-quando-e-normal-e-quando-se-preocupar\/","og_site_name":"Universo Fam\u00edlia","article_published_time":"2023-05-25T21:01:58+00:00","og_image":[{"width":448,"height":350,"url":"https:\/\/universofamilia.com\/wp-content\/uploads\/sites\/148\/2023\/05\/FOTO-DESTAQUE-muco-fezes-bebe-universo-familia-448x350-.png","type":"image\/png"}],"twitter_card":"summary_large_image","twitter_misc":{"Est. reading time":"3 perc"},"schema":{"@context":"https:\/\/schema.org","@graph":[{"@type":"WebPage","@id":"https:\/\/universofamilia.com\/hu\/muco-nas-fezes-do-bebe-quando-e-normal-e-quando-se-preocupar\/","url":"https:\/\/universofamilia.com\/hu\/muco-nas-fezes-do-bebe-quando-e-normal-e-quando-se-preocupar\/","name":"Muco nas fezes do beb\u00ea, quando \u00e9 normal e quando se preocupar? - Universo Fam\u00edlia","isPartOf":{"@id":"https:\/\/universofamilia.com\/el\/#website"},"primaryImageOfPage":{"@id":"https:\/\/universofamilia.com\/hu\/muco-nas-fezes-do-bebe-quando-e-normal-e-quando-se-preocupar\/#primaryimage"},"image":{"@id":"https:\/\/universofamilia.com\/hu\/muco-nas-fezes-do-bebe-quando-e-normal-e-quando-se-preocupar\/#primaryimage"},"thumbnailUrl":"http:\/\/universofamilia.com\/wp-content\/uploads\/sites\/148\/2023\/05\/FOTO-DESTAQUE-muco-fezes-bebe-universo-familia-448x350-.png","datePublished":"2023-05-25T21:01:58+00:00","dateModified":"2023-05-25T21:01:58+00:00","author":{"@id":""},"description":"O muco nas fezes do beb\u00ea \u00e9 uma preocupa\u00e7\u00e3o comum entre os pais. Embora possa ser alarmante, \u00e9 importante entender que o muco pode ser normal em certas situa\u00e7\u00f5es.","breadcrumb":{"@id":"https:\/\/universofamilia.com\/hu\/muco-nas-fezes-do-bebe-quando-e-normal-e-quando-se-preocupar\/#breadcrumb"},"inLanguage":"hu","potentialAction":[{"@type":"ReadAction","target":["https:\/\/universofamilia.com\/hu\/muco-nas-fezes-do-bebe-quando-e-normal-e-quando-se-preocupar\/"]}]},{"@type":"ImageObject","inLanguage":"hu","@id":"https:\/\/universofamilia.com\/hu\/muco-nas-fezes-do-bebe-quando-e-normal-e-quando-se-preocupar\/#primaryimage","url":"http:\/\/universofamilia.com\/wp-content\/uploads\/sites\/148\/2023\/05\/FOTO-DESTAQUE-muco-fezes-bebe-universo-familia-448x350-.png","contentUrl":"http:\/\/universofamilia.com\/wp-content\/uploads\/sites\/148\/2023\/05\/FOTO-DESTAQUE-muco-fezes-bebe-universo-familia-448x350-.png","width":448,"height":350},{"@type":"BreadcrumbList","@id":"https:\/\/universofamilia.com\/hu\/muco-nas-fezes-do-bebe-quando-e-normal-e-quando-se-preocupar\/#breadcrumb","itemListElement":[{"@type":"ListItem","position":1,"name":"Home","item":"https:\/\/universofamilia.com\/el\/"},{"@type":"ListItem","position":2,"name":"Muco nas fezes do beb\u00ea, quando \u00e9 normal e quando se preocupar?"}]},{"@type":"WebSite","@id":"https:\/\/universofamilia.com\/el\/#website","url":"https:\/\/universofamilia.com\/el\/","name":"Universo Fam\u00edlia","description":"","potentialAction":[{"@type":"SearchAction","target":{"@type":"EntryPoint","urlTemplate":"https:\/\/universofamilia.com\/el\/?s={search_term_string}"},"query-input":"required name=search_term_string"}],"inLanguage":"hu"}]}},"_links":{"self":[{"href":"http:\/\/universofamilia.com\/hu\/wp-json\/wp\/v2\/posts\/1797"}],"collection":[{"href":"http:\/\/universofamilia.com\/hu\/wp-json\/wp\/v2\/posts"}],"about":[{"href":"http:\/\/universofamilia.com\/hu\/wp-json\/wp\/v2\/types\/post"}],"replies":[{"embeddable":true,"href":"http:\/\/universofamilia.com\/hu\/wp-json\/wp\/v2\/comments?post=1797"}],"version-history":[{"count":0,"href":"http:\/\/universofamilia.com\/hu\/wp-json\/wp\/v2\/posts\/1797\/revisions"}],"wp:featuredmedia":[{"embeddable":true,"href":"http:\/\/universofamilia.com\/hu\/wp-json\/wp\/v2\/media\/1912"}],"wp:attachment":[{"href":"http:\/\/universofamilia.com\/hu\/wp-json\/wp\/v2\/media?parent=1797"}],"wp:term":[{"taxonomy":"category","embeddable":true,"href":"http:\/\/universofamilia.com\/hu\/wp-json\/wp\/v2\/categories?post=1797"},{"taxonomy":"post_tag","embeddable":true,"href":"http:\/\/universofamilia.com\/hu\/wp-json\/wp\/v2\/tags?post=1797"}],"curies":[{"name":"wp","href":"https:\/\/api.w.org\/{rel}","templated":true}]}}