{"id":1800,"date":"2023-05-25T21:25:20","date_gmt":"2023-05-25T21:25:20","guid":{"rendered":"https:\/\/universofamilia.com\/?p=1800"},"modified":"2023-05-25T21:25:20","modified_gmt":"2023-05-25T21:25:20","slug":"bebe-com-saliva-espumosa","status":"publish","type":"post","link":"http:\/\/universofamilia.com\/hu\/bebe-com-saliva-espumosa\/","title":{"rendered":"Habos ny\u00e1l\u00fa baba: okok, t\u00fcnetek \u00e9s kezel\u00e9s"},"content":{"rendered":"<p>Ha agg\u00f3d\u00f3 sz\u00fcl\u0151k\u00e9nt azt veszi \u00e9szre, hogy bab\u00e1ja habos ny\u00e1lat termel, ez a cikk seg\u00edt meg\u00e9rteni a lehets\u00e9ges okokat, a kapcsol\u00f3d\u00f3 t\u00fcneteket \u00e9s a kezel\u00e9si lehet\u0151s\u00e9geket. Olvasson tov\u00e1bb a t\u00e9m\u00e1val kapcsolatos fontos inform\u00e1ci\u00f3k\u00e9rt.<\/p>\n\n\n\n<h3 class=\"wp-block-heading\">Vagy mi az a habos ny\u00e1l a csecsem\u0151kn\u00e9l?<\/h3>\n\n\n\n<p>A habos ny\u00e1l a baba ny\u00e1l\u00e1ban k\u00e9pz\u0151d\u0151 homokgoly\u00f3kra utal, amelyek felhalmoz\u00f3dhatnak \u00e9s habos megjelen\u00e9st okozhatnak. Ez az \u00e1llapot \u00e1ltal\u00e1ban \u00e1rtalmatlan, de fontos meg\u00e9rteni az okait \u00e9s t\u00fcneteit, hogy biztos\u00edtsuk gyermeke eg\u00e9szs\u00e9g\u00e9t \u00e9s j\u00f3l\u00e9t\u00e9t.<\/p>\n\n\n<div class=\"wp-block-image\">\n<figure class=\"aligncenter size-full\"><img loading=\"lazy\" decoding=\"async\" width=\"550\" height=\"350\" src=\"http:\/\/universofamilia.com\/wp-content\/uploads\/sites\/148\/2023\/05\/FOTO-POST-bebe-salivando-universo-familia-.png\" alt=\"\" class=\"wp-image-1908\" srcset=\"http:\/\/universofamilia.com\/wp-content\/uploads\/sites\/148\/2023\/05\/FOTO-POST-bebe-salivando-universo-familia-.png 550w, http:\/\/universofamilia.com\/wp-content\/uploads\/sites\/148\/2023\/05\/FOTO-POST-bebe-salivando-universo-familia--300x191.png 300w\" sizes=\"(max-width: 550px) 100vw, 550px\" \/><\/figure><\/div>\n\n\n<h3 class=\"wp-block-heading\">A habos ny\u00e1l okai csecsem\u0151kn\u00e9l<\/h3>\n\n\n\n<p>T\u00f6bb oka is lehet annak, hogy a bab\u00e1nak habos ny\u00e1la lehet. A leggyakoribb okok a k\u00f6vetkez\u0151k:<\/p>\n\n\n\n<p>A fogz\u00e1s sor\u00e1n norm\u00e1lis, hogy a bab\u00e1k t\u00f6bb ny\u00e1lat termelnek. A t\u00f6bblet ny\u00e1l \u00e9s a nyelvmozg\u00e1s kombin\u00e1ci\u00f3ja habos ny\u00e1lat eredm\u00e9nyezhet.<\/p>\n\n\n\n<p>Gastrooesophagealis reflux: A savas reflux miatt a ny\u00e1l keveredhet a gyomorsavval, ami habos megjelen\u00e9st eredm\u00e9nyezhet.<\/p>\n\n\n\n<p>L\u00e9g\u00fati fert\u0151z\u00e9sek: Egyes fert\u0151z\u00e9sek, p\u00e9ld\u00e1ul a megf\u00e1z\u00e1s \u00e9s az influenza, fokozott ny\u00e1ltermel\u00e9shez vezethetnek, ami habz\u00e1st okozhat.<\/p>\n\n\n\n<h3 class=\"wp-block-heading\">A csecsem\u0151kn\u00e9l a habos ny\u00e1lhoz kapcsol\u00f3d\u00f3 t\u00fcnetek<\/h3>\n\n\n\n<p>A saj\u00e1t habos ny\u00e1l mellett m\u00e1s t\u00fcnetek is jelentkezhetnek, a kiv\u00e1lt\u00f3 okt\u00f3l f\u00fcgg\u0151en. Figyeljen a k\u00f6vetkez\u0151kre:<\/p>\n\n\n\n<p>\u00cdnyirrit\u00e1ci\u00f3: Ha a baba a fogz\u00e1si f\u00e1zisban van, lehets\u00e9ges, hogy olyan t\u00fcneteket is tapasztal, mint a bizserg\u00e9s, a cs\u00edp\u00e9s \u00e9s a kellemetlen \u00e9rz\u00e9s.<\/p>\n\n\n\n<p>Regurgit\u00e1ci\u00f3: Gastrooesophagealis reflux eset\u00e9n a bab\u00e1n\u00e1l a habos ny\u00e1l mellett savas regurgit\u00e1ci\u00f3 is el\u0151fordulhat.<\/p>\n\n\n\n<p>L\u00e9gz\u0151szervi t\u00fcnetek: L\u00e9g\u00fati fert\u0151z\u00e9s eset\u00e9n olyan t\u00fcneteket tapasztalhat, mint a k\u00f6h\u00f6g\u00e9s, az orrdugul\u00e1s \u00e9s a l\u00e9gz\u00e9si neh\u00e9zs\u00e9g.<\/p>\n\n\n\n<h3 class=\"wp-block-heading\">Kezel\u00e9s \u00e9s gondoz\u00e1s<\/h3>\n\n\n\n<p>A csecsem\u0151kn\u00e9l jelentkez\u0151 habos ny\u00e1l kezel\u00e9se a kiv\u00e1lt\u00f3 okt\u00f3l f\u00fcgg. \u00cdme n\u00e9h\u00e1ny int\u00e9zked\u00e9s, amit megtehet:<\/p>\n\n\n\n<p>Fogak: K\u00edn\u00e1ljon a bab\u00e1nak r\u00e1g\u00f3k\u00e1t \u00e9s biztons\u00e1gos harapnival\u00f3 t\u00e1rgyakat. Ez seg\u00edthet enyh\u00edteni az \u00ednyf\u00e1jdalmat \u00e9s cs\u00f6kkenteni a t\u00falzott ny\u00e1ltermel\u00e9st.<\/p>\n\n\n\n<p>Gastrooesophagealis reflux: Forduljon gyermekorvos\u00e1hoz a savas reflux kezel\u00e9s\u00e9re alkalmas \u00e9trenddel \u00e9s gy\u00f3gyszerekkel kapcsolatos konkr\u00e9t \u00fatmutat\u00e1s\u00e9rt.<\/p>\n\n\n\n<p>L\u00e9g\u00fati fert\u0151z\u00e9sek: Tartsa tiszt\u00e1n \u00e9s cs\u00edramentesen a k\u00f6rnyezetet. Haszn\u00e1ljon p\u00e1r\u00e1s\u00edt\u00f3t az orrdugul\u00e1s enyh\u00edt\u00e9s\u00e9re, \u00e9s k\u00f6vesse orvosa \u00fatmutat\u00e1sait a gy\u00f3gyszerek \u00e9s a tov\u00e1bbi ell\u00e1t\u00e1s tekintet\u00e9ben.<\/p>\n\n\n\n<h3 class=\"wp-block-heading\">K\u00f6vetkeztet\u00e9s<\/h3>\n\n\n\n<p>Mivel a csecsem\u0151kn\u00e9l jelentkez\u0151 habos ny\u00e1l aggodalomra adhat okot az \u00d6n orsz\u00e1g\u00e1ban, fontos meg\u00e9rteni, hogy a legt\u00f6bb esetben ez az \u00e1llapot \u00e1rtalmatlan \u00e9s \u00e1tmeneti. A kiv\u00e1lt\u00f3 okok \u00e9s k\u00e9t kapcsol\u00f3d\u00f3 t\u00fcnet meg\u00e9rt\u00e9se seg\u00edthet azonos\u00edtani, hogy mikor sz\u00fcks\u00e9ges orvosi ell\u00e1t\u00e1st k\u00e9rni.<\/p>\n\n\n\n<p>Tudd, hogy minden baba egyedi, \u00e9s ami az egyikn\u00e9l m\u0171k\u00f6dik, az a m\u00e1sikn\u00e1l nem biztos, hogy m\u0171k\u00f6dik. Ez\u00e9rt elengedhetetlen, hogy megfigyeld gyermeked viselked\u00e9s\u00e9t, \u00e9s ha b\u00e1rmilyen agg\u00e1lyod van, fordulj orvoshoz.<\/p>\n\n\n\n<p>Rem\u00e9lem, seg\u00edtett\u00fcnk, \u00e9s t\u00e1j\u00e9koztattunk a rekeszeddel kapcsolatban, ami olyan hasznos sz\u00e1munkra. Ah! Nagyon tetszik ez a bejegyz\u00e9s.<\/p>\n\n\n\n<blockquote class=\"wp-block-quote\">\n<h5 class=\"wp-block-heading\"><em>Megjegyz\u00e9sek: Az Universo Fam\u00edlia oldal\u00e1n tal\u00e1lhat\u00f3 anyagok \u00e9s inform\u00e1ci\u00f3k nem orvosi diagn\u00f3zis fel\u00e1ll\u00edt\u00e1s\u00e1ra szolg\u00e1lnak, \u00e9s nem is szabad azokat ilyen c\u00e9lra haszn\u00e1lni. <strong>Mindig konzult\u00e1ljon orvos\u00e1val vagy k\u00e9pzett eg\u00e9szs\u00e9g\u00fcgyi szakemberrel a val\u00f3di sz\u00fcks\u00e9gleteivel kapcsolatban.<\/strong>.<\/em><\/h5>\n<\/blockquote>\n\n\n\n<h3 class=\"wp-block-heading\">L\u00e1sd m\u00e9g:<\/h3>\n\n\n\n<p><a href=\"http:\/\/universofamilia.com\/hu\/rotina-ideal-para-a-familia-dormir-bem\/\" target=\"_blank\" rel=\"noreferrer noopener\">Rotina Ide\u00e1lis a csal\u00e1d sz\u00e1m\u00e1ra a j\u00f3 alv\u00e1shoz<\/a><\/p>\n\n\n\n<p><a href=\"http:\/\/universofamilia.com\/hu\/muco-nas-fezes-do-bebe-quando-e-normal-e-quando-se-preocupar\/\" target=\"_blank\" rel=\"noreferrer noopener\">F\u00e1jdalom a ny\u00e1lkah\u00e1rty\u00e1n: mikor norm\u00e1lis, \u00e9s mikor kell agg\u00f3dni?<\/a><\/p>\n\n\n\n<p><a href=\"https:\/\/www.luzbaby.com.br\/\" target=\"_blank\" rel=\"noreferrer noopener\">A Luz Baby az egyik legjobb csecsem\u0151term\u00e9keket \u00e1rus\u00edt\u00f3 \u00fczlet. Kattints ide.<\/a><\/p>","protected":false},"excerpt":{"rendered":"<p>Ha agg\u00f3d\u00f3 sz\u00fcl\u0151k\u00e9nt azt veszi \u00e9szre, hogy bab\u00e1ja habos ny\u00e1lat termel, ez a cikk seg\u00edt meg\u00e9rteni a lehets\u00e9ges okokat, a kapcsol\u00f3d\u00f3 t\u00fcneteket \u00e9s a kezel\u00e9si lehet\u0151s\u00e9geket. Olvasson tov\u00e1bb a t\u00e9m\u00e1val kapcsolatos fontos inform\u00e1ci\u00f3k\u00e9rt.<\/p>","protected":false},"author":0,"featured_media":1909,"comment_status":"closed","ping_status":"open","sticky":false,"template":"","format":"standard","meta":{"footnotes":""},"categories":[5],"tags":[508,1161,1437],"yoast_head":"<!-- This site is optimized with the Yoast SEO plugin v23.3 - https:\/\/yoast.com\/wordpress\/plugins\/seo\/ -->\n<title>Beb\u00ea com Saliva Espumosa: Causas, Sintomas e Tratamento - Universo Fam\u00edlia<\/title>\n<meta name=\"description\" content=\"Se voc\u00ea \u00e9 um pai ou m\u00e3e preocupado, que notou que o seu beb\u00ea est\u00e1 produzindo saliva espumosa\" \/>\n<meta name=\"robots\" content=\"index, follow, max-snippet:-1, max-image-preview:large, max-video-preview:-1\" \/>\n<link rel=\"canonical\" href=\"http:\/\/universofamilia.com\/hu\/bebe-com-saliva-espumosa\/\" \/>\n<meta property=\"og:locale\" content=\"hu_HU\" \/>\n<meta property=\"og:type\" content=\"article\" \/>\n<meta property=\"og:title\" content=\"Beb\u00ea com Saliva Espumosa: Causas, Sintomas e Tratamento - Universo Fam\u00edlia\" \/>\n<meta property=\"og:description\" content=\"Se voc\u00ea \u00e9 um pai ou m\u00e3e preocupado, que notou que o seu beb\u00ea est\u00e1 produzindo saliva espumosa\" \/>\n<meta property=\"og:url\" content=\"http:\/\/universofamilia.com\/hu\/bebe-com-saliva-espumosa\/\" \/>\n<meta property=\"og:site_name\" content=\"Universo Fam\u00edlia\" \/>\n<meta property=\"article:published_time\" content=\"2023-05-25T21:25:20+00:00\" \/>\n<meta property=\"og:image\" content=\"http:\/\/universofamilia.com\/wp-content\/uploads\/sites\/148\/2023\/05\/FOTO-DESTAQUE-bebe-salivando-universo-familia-448x350-.png\" \/>\n\t<meta property=\"og:image:width\" content=\"448\" \/>\n\t<meta property=\"og:image:height\" content=\"350\" \/>\n\t<meta property=\"og:image:type\" content=\"image\/png\" \/>\n<meta name=\"twitter:card\" content=\"summary_large_image\" \/>\n<meta name=\"twitter:label1\" content=\"Est. reading time\" \/>\n\t<meta name=\"twitter:data1\" content=\"4 perc\" \/>\n<script type=\"application\/ld+json\" class=\"yoast-schema-graph\">{\"@context\":\"https:\/\/schema.org\",\"@graph\":[{\"@type\":\"WebPage\",\"@id\":\"http:\/\/universofamilia.com\/ko\/bebe-com-saliva-espumosa\/\",\"url\":\"http:\/\/universofamilia.com\/ko\/bebe-com-saliva-espumosa\/\",\"name\":\"Beb\u00ea com Saliva Espumosa: Causas, Sintomas e Tratamento - Universo Fam\u00edlia\",\"isPartOf\":{\"@id\":\"https:\/\/universofamilia.com\/el\/#website\"},\"primaryImageOfPage\":{\"@id\":\"http:\/\/universofamilia.com\/ko\/bebe-com-saliva-espumosa\/#primaryimage\"},\"image\":{\"@id\":\"http:\/\/universofamilia.com\/ko\/bebe-com-saliva-espumosa\/#primaryimage\"},\"thumbnailUrl\":\"http:\/\/universofamilia.com\/wp-content\/uploads\/sites\/148\/2023\/05\/FOTO-DESTAQUE-bebe-salivando-universo-familia-448x350-.png\",\"datePublished\":\"2023-05-25T21:25:20+00:00\",\"dateModified\":\"2023-05-25T21:25:20+00:00\",\"author\":{\"@id\":\"\"},\"description\":\"Se voc\u00ea \u00e9 um pai ou m\u00e3e preocupado, que notou que o seu beb\u00ea est\u00e1 produzindo saliva espumosa\",\"breadcrumb\":{\"@id\":\"http:\/\/universofamilia.com\/ko\/bebe-com-saliva-espumosa\/#breadcrumb\"},\"inLanguage\":\"hu\",\"potentialAction\":[{\"@type\":\"ReadAction\",\"target\":[\"http:\/\/universofamilia.com\/ko\/bebe-com-saliva-espumosa\/\"]}]},{\"@type\":\"ImageObject\",\"inLanguage\":\"hu\",\"@id\":\"http:\/\/universofamilia.com\/ko\/bebe-com-saliva-espumosa\/#primaryimage\",\"url\":\"http:\/\/universofamilia.com\/wp-content\/uploads\/sites\/148\/2023\/05\/FOTO-DESTAQUE-bebe-salivando-universo-familia-448x350-.png\",\"contentUrl\":\"http:\/\/universofamilia.com\/wp-content\/uploads\/sites\/148\/2023\/05\/FOTO-DESTAQUE-bebe-salivando-universo-familia-448x350-.png\",\"width\":448,\"height\":350},{\"@type\":\"BreadcrumbList\",\"@id\":\"http:\/\/universofamilia.com\/ko\/bebe-com-saliva-espumosa\/#breadcrumb\",\"itemListElement\":[{\"@type\":\"ListItem\",\"position\":1,\"name\":\"Home\",\"item\":\"https:\/\/universofamilia.com\/el\/\"},{\"@type\":\"ListItem\",\"position\":2,\"name\":\"Beb\u00ea com Saliva Espumosa: Causas, Sintomas e Tratamento\"}]},{\"@type\":\"WebSite\",\"@id\":\"https:\/\/universofamilia.com\/el\/#website\",\"url\":\"https:\/\/universofamilia.com\/el\/\",\"name\":\"Universo Fam\u00edlia\",\"description\":\"\",\"potentialAction\":[{\"@type\":\"SearchAction\",\"target\":{\"@type\":\"EntryPoint\",\"urlTemplate\":\"https:\/\/universofamilia.com\/el\/?s={search_term_string}\"},\"query-input\":\"required name=search_term_string\"}],\"inLanguage\":\"hu\"}]}<\/script>\n<!-- \/ Yoast SEO plugin. -->","yoast_head_json":{"title":"Beb\u00ea com Saliva Espumosa: Causas, Sintomas e Tratamento - Universo Fam\u00edlia","description":"Se voc\u00ea \u00e9 um pai ou m\u00e3e preocupado, que notou que o seu beb\u00ea est\u00e1 produzindo saliva espumosa","robots":{"index":"index","follow":"follow","max-snippet":"max-snippet:-1","max-image-preview":"max-image-preview:large","max-video-preview":"max-video-preview:-1"},"canonical":"http:\/\/universofamilia.com\/hu\/bebe-com-saliva-espumosa\/","og_locale":"hu_HU","og_type":"article","og_title":"Beb\u00ea com Saliva Espumosa: Causas, Sintomas e Tratamento - Universo Fam\u00edlia","og_description":"Se voc\u00ea \u00e9 um pai ou m\u00e3e preocupado, que notou que o seu beb\u00ea est\u00e1 produzindo saliva espumosa","og_url":"http:\/\/universofamilia.com\/hu\/bebe-com-saliva-espumosa\/","og_site_name":"Universo Fam\u00edlia","article_published_time":"2023-05-25T21:25:20+00:00","og_image":[{"width":448,"height":350,"url":"http:\/\/universofamilia.com\/wp-content\/uploads\/sites\/148\/2023\/05\/FOTO-DESTAQUE-bebe-salivando-universo-familia-448x350-.png","type":"image\/png"}],"twitter_card":"summary_large_image","twitter_misc":{"Est. reading time":"4 perc"},"schema":{"@context":"https:\/\/schema.org","@graph":[{"@type":"WebPage","@id":"http:\/\/universofamilia.com\/ko\/bebe-com-saliva-espumosa\/","url":"http:\/\/universofamilia.com\/ko\/bebe-com-saliva-espumosa\/","name":"Beb\u00ea com Saliva Espumosa: Causas, Sintomas e Tratamento - Universo Fam\u00edlia","isPartOf":{"@id":"https:\/\/universofamilia.com\/el\/#website"},"primaryImageOfPage":{"@id":"http:\/\/universofamilia.com\/ko\/bebe-com-saliva-espumosa\/#primaryimage"},"image":{"@id":"http:\/\/universofamilia.com\/ko\/bebe-com-saliva-espumosa\/#primaryimage"},"thumbnailUrl":"http:\/\/universofamilia.com\/wp-content\/uploads\/sites\/148\/2023\/05\/FOTO-DESTAQUE-bebe-salivando-universo-familia-448x350-.png","datePublished":"2023-05-25T21:25:20+00:00","dateModified":"2023-05-25T21:25:20+00:00","author":{"@id":""},"description":"Se voc\u00ea \u00e9 um pai ou m\u00e3e preocupado, que notou que o seu beb\u00ea est\u00e1 produzindo saliva espumosa","breadcrumb":{"@id":"http:\/\/universofamilia.com\/ko\/bebe-com-saliva-espumosa\/#breadcrumb"},"inLanguage":"hu","potentialAction":[{"@type":"ReadAction","target":["http:\/\/universofamilia.com\/ko\/bebe-com-saliva-espumosa\/"]}]},{"@type":"ImageObject","inLanguage":"hu","@id":"http:\/\/universofamilia.com\/ko\/bebe-com-saliva-espumosa\/#primaryimage","url":"http:\/\/universofamilia.com\/wp-content\/uploads\/sites\/148\/2023\/05\/FOTO-DESTAQUE-bebe-salivando-universo-familia-448x350-.png","contentUrl":"http:\/\/universofamilia.com\/wp-content\/uploads\/sites\/148\/2023\/05\/FOTO-DESTAQUE-bebe-salivando-universo-familia-448x350-.png","width":448,"height":350},{"@type":"BreadcrumbList","@id":"http:\/\/universofamilia.com\/ko\/bebe-com-saliva-espumosa\/#breadcrumb","itemListElement":[{"@type":"ListItem","position":1,"name":"Home","item":"https:\/\/universofamilia.com\/el\/"},{"@type":"ListItem","position":2,"name":"Beb\u00ea com Saliva Espumosa: Causas, Sintomas e Tratamento"}]},{"@type":"WebSite","@id":"https:\/\/universofamilia.com\/el\/#website","url":"https:\/\/universofamilia.com\/el\/","name":"Universo Fam\u00edlia","description":"","potentialAction":[{"@type":"SearchAction","target":{"@type":"EntryPoint","urlTemplate":"https:\/\/universofamilia.com\/el\/?s={search_term_string}"},"query-input":"required name=search_term_string"}],"inLanguage":"hu"}]}},"_links":{"self":[{"href":"http:\/\/universofamilia.com\/hu\/wp-json\/wp\/v2\/posts\/1800"}],"collection":[{"href":"http:\/\/universofamilia.com\/hu\/wp-json\/wp\/v2\/posts"}],"about":[{"href":"http:\/\/universofamilia.com\/hu\/wp-json\/wp\/v2\/types\/post"}],"replies":[{"embeddable":true,"href":"http:\/\/universofamilia.com\/hu\/wp-json\/wp\/v2\/comments?post=1800"}],"version-history":[{"count":0,"href":"http:\/\/universofamilia.com\/hu\/wp-json\/wp\/v2\/posts\/1800\/revisions"}],"wp:featuredmedia":[{"embeddable":true,"href":"http:\/\/universofamilia.com\/hu\/wp-json\/wp\/v2\/media\/1909"}],"wp:attachment":[{"href":"http:\/\/universofamilia.com\/hu\/wp-json\/wp\/v2\/media?parent=1800"}],"wp:term":[{"taxonomy":"category","embeddable":true,"href":"http:\/\/universofamilia.com\/hu\/wp-json\/wp\/v2\/categories?post=1800"},{"taxonomy":"post_tag","embeddable":true,"href":"http:\/\/universofamilia.com\/hu\/wp-json\/wp\/v2\/tags?post=1800"}],"curies":[{"name":"wp","href":"https:\/\/api.w.org\/{rel}","templated":true}]}}