{"id":1802,"date":"2023-05-25T21:51:11","date_gmt":"2023-05-25T21:51:11","guid":{"rendered":"https:\/\/universofamilia.com\/?p=1802"},"modified":"2023-05-25T21:51:11","modified_gmt":"2023-05-25T21:51:11","slug":"tamanho-das-ropinhas-da-carters","status":"publish","type":"post","link":"http:\/\/universofamilia.com\/hu\/tamanho-das-ropinhas-da-carters\/","title":{"rendered":"Carters Ropinhas m\u00e9rete"},"content":{"rendered":"<p>Tudj meg mindent, amit a neves Carters m\u00e1rka ruh\u00e1inak m\u00e9reteir\u0151l tudni kell.<\/p>\n\n\n\n<p>Ebben az \u00e1tfog\u00f3 \u00fatmutat\u00f3ban \u00e9rt\u00e9kes inform\u00e1ci\u00f3kat ny\u00fajtunk arr\u00f3l, hogyan v\u00e1lasszuk ki a megfelel\u0151 m\u00e9retet bab\u00e1nk sz\u00e1m\u00e1ra, garant\u00e1lva a k\u00e9nyelmet \u00e9s a st\u00edlust a n\u00f6veked\u00e9s minden szakasz\u00e1ban.<\/p>\n\n\n\n<p>Olvasson tov\u00e1bb, hogy tippeket, m\u00e9r\u00e9si ir\u00e1nyelveket \u00e9s javaslatokat fedezzen fel, amelyek biztos\u00edtj\u00e1k a v\u00e1s\u00e1rl\u00e1sai t\u00f6k\u00e9letess\u00e9g\u00e9t.<\/p>\n\n\n\n<h3 class=\"wp-block-heading\">M\u00e9ret\u00e1tv\u00e1lt\u00e1si t\u00e1bl\u00e1zat<\/h3>\n\n\n\n<p>Hogy m\u00e9g k\u00f6nnyebb legyen az iskola dolga, a Carters egy praktikus m\u00e9ret\u00e1tv\u00e1lt\u00f3 t\u00e1bl\u00e1zatot biztos\u00edt.<\/p>\n\n\n\n<p>Ez a t\u00e1bl\u00e1zat lehet\u0151v\u00e9 teszi, hogy \u00f6sszehasonl\u00edtsd a bab\u00e1d m\u00e9reteit a Carters m\u00e9reteivel, ak\u00e1r centim\u00e9terben, ak\u00e1r hosszban.<\/p>\n\n\n\n<p>\u00cdgy megalapozott d\u00f6nt\u00e9st hozhatsz m\u00e1rk\u00e1s ruha v\u00e1s\u00e1rl\u00e1sakor.<\/p>\n\n\n\n<p>N\u00e9zd meg az al\u00e1bbi t\u00e1bl\u00e1zatot, \u00e9s rem\u00e9lem, hogy seg\u00edt:<\/p>\n\n\n<div class=\"wp-block-image\">\n<figure class=\"aligncenter size-full is-resized\"><img loading=\"lazy\" decoding=\"async\" src=\"http:\/\/universofamilia.com\/wp-content\/uploads\/sites\/148\/2023\/05\/tamanhocartersbebemenor-UNIVERSO-FAMILIA.jpg\" alt=\"\" class=\"wp-image-1803\" width=\"585\" height=\"430\" srcset=\"http:\/\/universofamilia.com\/wp-content\/uploads\/sites\/148\/2023\/05\/tamanhocartersbebemenor-UNIVERSO-FAMILIA.jpg 400w, http:\/\/universofamilia.com\/wp-content\/uploads\/sites\/148\/2023\/05\/tamanhocartersbebemenor-UNIVERSO-FAMILIA-300x221.jpg 300w\" sizes=\"(max-width: 585px) 100vw, 585px\" \/><\/figure><\/div>\n\n\n<p>A kisgyermek az id\u0151sebb csecsem\u0151k defin\u00edci\u00f3ja, akik m\u00e1r nem j\u00e1rnak, ok\u00e9, az Egyes\u00fclt \u00c1llamokban nagyon gyakori, hogy ezt a gyermekcsoportot kisgyermeknek nevezik.<\/p>\n\n\n<div class=\"wp-block-image\">\n<figure class=\"aligncenter size-full is-resized\"><img loading=\"lazy\" decoding=\"async\" src=\"http:\/\/universofamilia.com\/wp-content\/uploads\/sites\/148\/2023\/05\/TABELA-de-2-a-5T-UNIVERSO-FAMILIA.png\" alt=\"\" class=\"wp-image-1804\" width=\"591\" height=\"298\" srcset=\"http:\/\/universofamilia.com\/wp-content\/uploads\/sites\/148\/2023\/05\/TABELA-de-2-a-5T-UNIVERSO-FAMILIA.png 409w, http:\/\/universofamilia.com\/wp-content\/uploads\/sites\/148\/2023\/05\/TABELA-de-2-a-5T-UNIVERSO-FAMILIA-300x151.png 300w\" sizes=\"(max-width: 591px) 100vw, 591px\" \/><\/figure><\/div>\n\n<div class=\"wp-block-image\">\n<figure class=\"aligncenter size-full is-resized\"><img loading=\"lazy\" decoding=\"async\" src=\"http:\/\/universofamilia.com\/wp-content\/uploads\/sites\/148\/2023\/05\/TABELA-de-4-a-xlT-UNIVERSO-FAMILIA.png\" alt=\"\" class=\"wp-image-1805\" width=\"587\" height=\"618\" srcset=\"http:\/\/universofamilia.com\/wp-content\/uploads\/sites\/148\/2023\/05\/TABELA-de-4-a-xlT-UNIVERSO-FAMILIA.png 384w, http:\/\/universofamilia.com\/wp-content\/uploads\/sites\/148\/2023\/05\/TABELA-de-4-a-xlT-UNIVERSO-FAMILIA-285x300.png 285w\" sizes=\"(max-width: 587px) 100vw, 587px\" \/><\/figure><\/div>\n\n\n<h3 class=\"wp-block-heading\">K\u00f6vetkeztet\u00e9s:<\/h3>\n\n\n\n<p>A Carters m\u00e1rk\u00e1j\u00fa ruh\u00e1zat megfelel\u0151 m\u00e9ret\u00e9nek kiv\u00e1laszt\u00e1sa elengedhetetlen a baba k\u00e9nyelme \u00e9rdek\u00e9ben.<\/p>\n\n\n\n<p>Haszn\u00e1ld a m\u00e9retez\u00e9si \u00fatmutat\u00f3t, a besz\u00e9lget\u0151s t\u00e1bl\u00e1zatot \u00e9s m\u00e1s v\u00e1s\u00e1rl\u00f3k v\u00e9lem\u00e9nyeit, hogy magabiztosan v\u00e1s\u00e1rolhass. Olyan dolgokba fektess be, amelyek k\u00eds\u00e9rik gyermeked n\u00f6veked\u00e9s\u00e9t, garant\u00e1lva a st\u00edlust \u00e9s a sz\u00e9ps\u00e9get minden szakaszban.<\/p>\n\n\n\n<p>A Cartersn\u00e9l biztos lehet benne, hogy kiv\u00e1l\u00f3 min\u0151s\u00e9g\u0171, gondoss\u00e1ggal \u00e9s r\u00e9szletekre val\u00f3 odafigyel\u00e9ssel tervezett ruh\u00e1zatot v\u00e1s\u00e1rol.<\/p>\n\n\n\n<p>Ne hagyd abba a Carters \u00e1ltal k\u00edn\u00e1lt st\u00edlusok \u00e9s diz\u00e1jnok sz\u00e9les v\u00e1laszt\u00e9k\u00e1nak kihaszn\u00e1l\u00e1s\u00e1t, az im\u00e1dnival\u00f3 makak\u00f3kt\u00f3l az eleg\u00e1ns szettekig.<\/p>\n\n\n\n<p>A megfelel\u0151 m\u00e9retek ismeret\u00e9ben magabiztosan \u00f6lt\u00f6ztetheti majd bab\u00e1j\u00e1t, tudv\u00e1n, hogy k\u00e9nyelmesen \u00e9s j\u00f3l \u00f6lt\u00f6z\u00f6tten van.<\/p>\n\n\n\n<p>V\u00e1lasszon bizonyos ruh\u00e1kat a bab\u00e1j\u00e1nak, \u00e9s \u00e9lvezze az anyas\u00e1g\/apas\u00e1g egyik \u00f6r\u00f6m\u00e9t. Az ebben az \u00fatmutat\u00f3ban tal\u00e1lhat\u00f3 inform\u00e1ci\u00f3kkal minden sz\u00fcks\u00e9ges eszk\u00f6z a rendelkez\u00e9s\u00e9re \u00e1ll az okos v\u00e1s\u00e1rl\u00e1sokhoz \u00e9s a megalapozott d\u00f6nt\u00e9sek meghozatal\u00e1hoz.<\/p>\n\n\n\n<p>Ez\u00e9rt ne v\u00e1rjon tov\u00e1bb!<\/p>\n\n\n\n<p>Fedezd fel a Carters m\u00e1rk\u00e1j\u00fa ruh\u00e1zati kollekci\u00f3t, \u00e9s biztos\u00edtsd bab\u00e1dnak a meg\u00e9rdemelt k\u00e9nyelmet \u00e9s st\u00edlust.<\/p>\n\n\n\n<p>A Carters megfelel\u0151 m\u00e9retekre val\u00f3 odafigyel\u00e9s\u00e9vel magabiztosan \u00f6lt\u00f6ztetheted fel a kicsidet, \u00e9s kihaszn\u00e1lhatod az egy\u00fctt t\u00f6lt\u00f6tt \u00e9rt\u00e9kes pillanatokat.<\/p>\n\n\n\n<p>Rem\u00e9lem, seg\u00edtett\u00fcnk \u00e9s t\u00e1j\u00e9koztattunk a rekeszeddel kapcsolatban, ami annyira hasznos sz\u00e1munkra. \u00d3! Ha tetszett ez a bejegyz\u00e9s,<\/p>\n\n\n\n<h3 class=\"wp-block-heading\">L\u00e1sd m\u00e9g:<\/h3>\n\n\n\n<p><a href=\"http:\/\/universofamilia.com\/hu\/rotina-ideal-para-a-familia-dormir-bem\/\" target=\"_blank\" rel=\"noreferrer noopener\">Rotina Ide\u00e1lis a csal\u00e1d sz\u00e1m\u00e1ra a j\u00f3 alv\u00e1shoz<\/a><\/p>\n\n\n\n<p><a href=\"http:\/\/universofamilia.com\/hu\/muco-nas-fezes-do-bebe-quando-e-normal-e-quando-se-preocupar\/\" target=\"_blank\" rel=\"noreferrer noopener\">F\u00e1jdalom a ny\u00e1lkah\u00e1rty\u00e1n: mikor norm\u00e1lis, \u00e9s mikor kell agg\u00f3dni?<\/a><\/p>\n\n\n\n<p><a href=\"https:\/\/www.luzbaby.com.br\/\" target=\"_blank\" rel=\"noreferrer noopener\">A Luz Baby az egyik legjobb csecsem\u0151term\u00e9keket \u00e1rus\u00edt\u00f3 \u00fczlet. Kattints ide.<\/a><\/p>","protected":false},"excerpt":{"rendered":"<p>Tudj meg mindent, amit a neves Carters m\u00e1rka ruh\u00e1inak m\u00e9reteir\u0151l tudni kell. Ebben az \u00e1tfog\u00f3 \u00fatmutat\u00f3ban \u00e9rt\u00e9kes inform\u00e1ci\u00f3kat ny\u00fajtunk arr\u00f3l, hogyan v\u00e1laszd ki a megfelel\u0151 m\u00e9retet a bab\u00e1dnak, garant\u00e1lva a k\u00e9nyelmet \u00e9s a st\u00edlust a n\u00f6veked\u00e9s minden szakasz\u00e1ban. Olvass tov\u00e1bb, hogy tippeket, m\u00e9r\u00e9si ir\u00e1nyelveket \u00e9s javaslatokat fedezz fel, amelyek biztos\u00edtj\u00e1k, hogy a v\u00e1s\u00e1rl\u00e1said t\u00f6k\u00e9letesek legyenek.<\/p>","protected":false},"author":0,"featured_media":1907,"comment_status":"closed","ping_status":"open","sticky":false,"template":"","format":"standard","meta":{"footnotes":""},"categories":[5],"tags":[1023,1161,1504],"yoast_head":"<!-- This site is optimized with the Yoast SEO plugin v23.3 - https:\/\/yoast.com\/wordpress\/plugins\/seo\/ -->\n<title>Tamanho das Ropinhas da Carters - Universo Fam\u00edlia<\/title>\n<meta name=\"description\" content=\"Descubra tudo o que voc\u00ea precisa saber sobre o tamanho das roupinhas da renomada marca Carters.\" \/>\n<meta name=\"robots\" content=\"index, follow, max-snippet:-1, max-image-preview:large, max-video-preview:-1\" \/>\n<link rel=\"canonical\" href=\"https:\/\/universofamilia.com\/hu\/tamanho-das-ropinhas-da-carters\/\" \/>\n<meta property=\"og:locale\" content=\"hu_HU\" \/>\n<meta property=\"og:type\" content=\"article\" \/>\n<meta property=\"og:title\" content=\"Tamanho das Ropinhas da Carters - Universo Fam\u00edlia\" \/>\n<meta property=\"og:description\" content=\"Descubra tudo o que voc\u00ea precisa saber sobre o tamanho das roupinhas da renomada marca Carters.\" \/>\n<meta property=\"og:url\" content=\"https:\/\/universofamilia.com\/hu\/tamanho-das-ropinhas-da-carters\/\" \/>\n<meta property=\"og:site_name\" content=\"Universo Fam\u00edlia\" \/>\n<meta property=\"article:published_time\" content=\"2023-05-25T21:51:11+00:00\" \/>\n<meta property=\"og:image\" content=\"https:\/\/universofamilia.com\/wp-content\/uploads\/sites\/148\/2023\/05\/FOTO-DESTAQUE-448x350-.png\" \/>\n\t<meta property=\"og:image:width\" content=\"448\" \/>\n\t<meta property=\"og:image:height\" content=\"350\" \/>\n\t<meta property=\"og:image:type\" content=\"image\/png\" \/>\n<meta name=\"twitter:card\" content=\"summary_large_image\" \/>\n<meta name=\"twitter:label1\" content=\"Est. reading time\" \/>\n\t<meta name=\"twitter:data1\" content=\"3 perc\" \/>\n<script type=\"application\/ld+json\" class=\"yoast-schema-graph\">{\"@context\":\"https:\/\/schema.org\",\"@graph\":[{\"@type\":\"WebPage\",\"@id\":\"https:\/\/universofamilia.com\/ko\/tamanho-das-ropinhas-da-carters\/\",\"url\":\"https:\/\/universofamilia.com\/ko\/tamanho-das-ropinhas-da-carters\/\",\"name\":\"Tamanho das Ropinhas da Carters - Universo Fam\u00edlia\",\"isPartOf\":{\"@id\":\"https:\/\/universofamilia.com\/el\/#website\"},\"primaryImageOfPage\":{\"@id\":\"https:\/\/universofamilia.com\/ko\/tamanho-das-ropinhas-da-carters\/#primaryimage\"},\"image\":{\"@id\":\"https:\/\/universofamilia.com\/ko\/tamanho-das-ropinhas-da-carters\/#primaryimage\"},\"thumbnailUrl\":\"http:\/\/universofamilia.com\/wp-content\/uploads\/sites\/148\/2023\/05\/FOTO-DESTAQUE-448x350-.png\",\"datePublished\":\"2023-05-25T21:51:11+00:00\",\"dateModified\":\"2023-05-25T21:51:11+00:00\",\"author\":{\"@id\":\"\"},\"description\":\"Descubra tudo o que voc\u00ea precisa saber sobre o tamanho das roupinhas da renomada marca Carters.\",\"breadcrumb\":{\"@id\":\"https:\/\/universofamilia.com\/ko\/tamanho-das-ropinhas-da-carters\/#breadcrumb\"},\"inLanguage\":\"hu\",\"potentialAction\":[{\"@type\":\"ReadAction\",\"target\":[\"https:\/\/universofamilia.com\/ko\/tamanho-das-ropinhas-da-carters\/\"]}]},{\"@type\":\"ImageObject\",\"inLanguage\":\"hu\",\"@id\":\"https:\/\/universofamilia.com\/ko\/tamanho-das-ropinhas-da-carters\/#primaryimage\",\"url\":\"http:\/\/universofamilia.com\/wp-content\/uploads\/sites\/148\/2023\/05\/FOTO-DESTAQUE-448x350-.png\",\"contentUrl\":\"http:\/\/universofamilia.com\/wp-content\/uploads\/sites\/148\/2023\/05\/FOTO-DESTAQUE-448x350-.png\",\"width\":448,\"height\":350},{\"@type\":\"BreadcrumbList\",\"@id\":\"https:\/\/universofamilia.com\/ko\/tamanho-das-ropinhas-da-carters\/#breadcrumb\",\"itemListElement\":[{\"@type\":\"ListItem\",\"position\":1,\"name\":\"Home\",\"item\":\"https:\/\/universofamilia.com\/el\/\"},{\"@type\":\"ListItem\",\"position\":2,\"name\":\"Tamanho das Ropinhas da Carters\"}]},{\"@type\":\"WebSite\",\"@id\":\"https:\/\/universofamilia.com\/el\/#website\",\"url\":\"https:\/\/universofamilia.com\/el\/\",\"name\":\"Universo Fam\u00edlia\",\"description\":\"\",\"potentialAction\":[{\"@type\":\"SearchAction\",\"target\":{\"@type\":\"EntryPoint\",\"urlTemplate\":\"https:\/\/universofamilia.com\/el\/?s={search_term_string}\"},\"query-input\":\"required name=search_term_string\"}],\"inLanguage\":\"hu\"}]}<\/script>\n<!-- \/ Yoast SEO plugin. -->","yoast_head_json":{"title":"Tamanho das Ropinhas da Carters - Universo Fam\u00edlia","description":"Descubra tudo o que voc\u00ea precisa saber sobre o tamanho das roupinhas da renomada marca Carters.","robots":{"index":"index","follow":"follow","max-snippet":"max-snippet:-1","max-image-preview":"max-image-preview:large","max-video-preview":"max-video-preview:-1"},"canonical":"https:\/\/universofamilia.com\/hu\/tamanho-das-ropinhas-da-carters\/","og_locale":"hu_HU","og_type":"article","og_title":"Tamanho das Ropinhas da Carters - Universo Fam\u00edlia","og_description":"Descubra tudo o que voc\u00ea precisa saber sobre o tamanho das roupinhas da renomada marca Carters.","og_url":"https:\/\/universofamilia.com\/hu\/tamanho-das-ropinhas-da-carters\/","og_site_name":"Universo Fam\u00edlia","article_published_time":"2023-05-25T21:51:11+00:00","og_image":[{"width":448,"height":350,"url":"https:\/\/universofamilia.com\/wp-content\/uploads\/sites\/148\/2023\/05\/FOTO-DESTAQUE-448x350-.png","type":"image\/png"}],"twitter_card":"summary_large_image","twitter_misc":{"Est. reading time":"3 perc"},"schema":{"@context":"https:\/\/schema.org","@graph":[{"@type":"WebPage","@id":"https:\/\/universofamilia.com\/ko\/tamanho-das-ropinhas-da-carters\/","url":"https:\/\/universofamilia.com\/ko\/tamanho-das-ropinhas-da-carters\/","name":"Tamanho das Ropinhas da Carters - Universo Fam\u00edlia","isPartOf":{"@id":"https:\/\/universofamilia.com\/el\/#website"},"primaryImageOfPage":{"@id":"https:\/\/universofamilia.com\/ko\/tamanho-das-ropinhas-da-carters\/#primaryimage"},"image":{"@id":"https:\/\/universofamilia.com\/ko\/tamanho-das-ropinhas-da-carters\/#primaryimage"},"thumbnailUrl":"http:\/\/universofamilia.com\/wp-content\/uploads\/sites\/148\/2023\/05\/FOTO-DESTAQUE-448x350-.png","datePublished":"2023-05-25T21:51:11+00:00","dateModified":"2023-05-25T21:51:11+00:00","author":{"@id":""},"description":"Descubra tudo o que voc\u00ea precisa saber sobre o tamanho das roupinhas da renomada marca Carters.","breadcrumb":{"@id":"https:\/\/universofamilia.com\/ko\/tamanho-das-ropinhas-da-carters\/#breadcrumb"},"inLanguage":"hu","potentialAction":[{"@type":"ReadAction","target":["https:\/\/universofamilia.com\/ko\/tamanho-das-ropinhas-da-carters\/"]}]},{"@type":"ImageObject","inLanguage":"hu","@id":"https:\/\/universofamilia.com\/ko\/tamanho-das-ropinhas-da-carters\/#primaryimage","url":"http:\/\/universofamilia.com\/wp-content\/uploads\/sites\/148\/2023\/05\/FOTO-DESTAQUE-448x350-.png","contentUrl":"http:\/\/universofamilia.com\/wp-content\/uploads\/sites\/148\/2023\/05\/FOTO-DESTAQUE-448x350-.png","width":448,"height":350},{"@type":"BreadcrumbList","@id":"https:\/\/universofamilia.com\/ko\/tamanho-das-ropinhas-da-carters\/#breadcrumb","itemListElement":[{"@type":"ListItem","position":1,"name":"Home","item":"https:\/\/universofamilia.com\/el\/"},{"@type":"ListItem","position":2,"name":"Tamanho das Ropinhas da Carters"}]},{"@type":"WebSite","@id":"https:\/\/universofamilia.com\/el\/#website","url":"https:\/\/universofamilia.com\/el\/","name":"Universo Fam\u00edlia","description":"","potentialAction":[{"@type":"SearchAction","target":{"@type":"EntryPoint","urlTemplate":"https:\/\/universofamilia.com\/el\/?s={search_term_string}"},"query-input":"required name=search_term_string"}],"inLanguage":"hu"}]}},"_links":{"self":[{"href":"http:\/\/universofamilia.com\/hu\/wp-json\/wp\/v2\/posts\/1802"}],"collection":[{"href":"http:\/\/universofamilia.com\/hu\/wp-json\/wp\/v2\/posts"}],"about":[{"href":"http:\/\/universofamilia.com\/hu\/wp-json\/wp\/v2\/types\/post"}],"replies":[{"embeddable":true,"href":"http:\/\/universofamilia.com\/hu\/wp-json\/wp\/v2\/comments?post=1802"}],"version-history":[{"count":0,"href":"http:\/\/universofamilia.com\/hu\/wp-json\/wp\/v2\/posts\/1802\/revisions"}],"wp:featuredmedia":[{"embeddable":true,"href":"http:\/\/universofamilia.com\/hu\/wp-json\/wp\/v2\/media\/1907"}],"wp:attachment":[{"href":"http:\/\/universofamilia.com\/hu\/wp-json\/wp\/v2\/media?parent=1802"}],"wp:term":[{"taxonomy":"category","embeddable":true,"href":"http:\/\/universofamilia.com\/hu\/wp-json\/wp\/v2\/categories?post=1802"},{"taxonomy":"post_tag","embeddable":true,"href":"http:\/\/universofamilia.com\/hu\/wp-json\/wp\/v2\/tags?post=1802"}],"curies":[{"name":"wp","href":"https:\/\/api.w.org\/{rel}","templated":true}]}}