{"id":1932,"date":"2023-05-26T18:24:25","date_gmt":"2023-05-26T18:24:25","guid":{"rendered":"https:\/\/universofamilia.com\/?p=1932"},"modified":"2023-05-26T18:24:25","modified_gmt":"2023-05-26T18:24:25","slug":"dicas-de-calmantes-naturais-para-criancas","status":"publish","type":"post","link":"http:\/\/universofamilia.com\/hu\/dicas-de-calmantes-naturais-para-criancas\/","title":{"rendered":"Term\u00e9szetes nyugtat\u00f3 tan\u00e1csok gyermekeknek"},"content":{"rendered":"<h4 class=\"wp-block-heading\">A nyugalom biztons\u00e1gos \u00e9s k\u00f6rnyezetbar\u00e1t el\u0151mozd\u00edt\u00e1sa<\/h4>\n\n\n\n<p>A gyermekkor a felfedez\u00e9s \u00e9s a fejl\u0151d\u00e9s id\u0151szaka, de a gyermekek sz\u00e1m\u00e1ra kih\u00edv\u00e1sokkal \u00e9s stresszes pillanatokkal is teli lehet. Amikor arra t\u00f6reksz\u00fcnk, hogy seg\u00edts\u00fcnk gyermekeinknek megtal\u00e1lni a lelki b\u00e9k\u00e9j\u00fcket, elengedhetetlen a term\u00e9szetes \u00e9s biztons\u00e1gos lehet\u0151s\u00e9gek megfontol\u00e1sa. Ebben a cikkben tippeket adunk a gyermekek sz\u00e1m\u00e1ra k\u00e9sz\u00fclt term\u00e9szetes f\u00e1jdalomcsillap\u00edt\u00f3kra, k\u00fcl\u00f6n\u00f6s tekintettel a gyermekek biztons\u00e1g\u00e1ra, hat\u00e9konys\u00e1g\u00e1ra \u00e9s j\u00f3l\u00e9t\u00e9re. Csatlakozzon hozz\u00e1nk ezen az \u00faton a nyugalom fel\u00e9!<\/p>\n\n\n\n<h4 class=\"wp-block-heading\">A term\u00e9szetes f\u00e1jdalomcsillap\u00edt\u00f3k fontoss\u00e1ga gyermekek sz\u00e1m\u00e1ra<\/h4>\n\n\n\n<p>A rohan\u00f3 vil\u00e1gban, amelyben \u00e9l\u00fcnk, sok gyermek szembes\u00fclhet olyan probl\u00e9m\u00e1kkal, mint a szorong\u00e1s, \u00e1lmatlans\u00e1g vagy koncentr\u00e1ci\u00f3s neh\u00e9zs\u00e9gek. Ebben az \u00f6sszef\u00fcgg\u00e9sben a term\u00e9szetes f\u00e1jdalomcsillap\u00edt\u00f3k biztons\u00e1gos alternat\u00edv\u00e1t k\u00edn\u00e1lnak a hagyom\u00e1nyos gy\u00f3gyszerekkel szemben. M\u00e9g ha a term\u00e9szetes m\u00f3dszereket v\u00e1lasztjuk is, k\u00e9t gyermek \u00e9let\u00e9t seg\u00edtj\u00fck vagy mentj\u00fck meg an\u00e9lk\u00fcl, hogy nem k\u00edv\u00e1nt mell\u00e9khat\u00e1soknak tenn\u00e9nk ki \u0151ket.<\/p>\n\n\n\n<p>L\u00e1sd m\u00e9g: <a href=\"http:\/\/universofamilia.com\/hu\/rotina-ideal-para-a-familia-dormir-bem\/\" target=\"_blank\" rel=\"noreferrer noopener\">Rotina Ide\u00e1lis a csal\u00e1d sz\u00e1m\u00e1ra a j\u00f3 alv\u00e1shoz<\/a><\/p>\n\n\n\n<h4 class=\"wp-block-heading\">Kamilla: Er\u0151s sz\u00f6vets\u00e9ges<\/h4>\n\n\n\n<p>A kamilla az egyik legismertebb gy\u00f3gyn\u00f6v\u00e9ny nyugtat\u00f3 tulajdons\u00e1gair\u00f3l. A ch\u00e1 form\u00e1j\u00e1ban haszn\u00e1lva seg\u00edthet megnyugtatni az izgatott gyermekeket \u00e9s nyugodt hangot kiv\u00e1ltani. Fontos kiemelni, hogy miel\u0151tt b\u00e1rmilyen gyermekfel\u00fcgyeleti csomagot felaj\u00e1nlan\u00e1nk, konzult\u00e1ljunk eg\u00e9szs\u00e9g\u00fcgyi szakemberrel, hogy megbizonyosodjunk arr\u00f3l, hogy nincsenek ellenjavallatok.<\/p>\n\n\n\n<h4 class=\"wp-block-heading\">Tudatos l\u00e9gz\u00e9s: A relax\u00e1ci\u00f3 m\u0171v\u00e9szete<\/h4>\n\n\n\n<p>A gyerekek helyes l\u00e9gz\u00e9s\u00e9nek megtan\u00edt\u00e1sa hat\u00e9kony eszk\u00f6z lehet az elme \u00e9s a test megnyugtat\u00e1s\u00e1ra. A tudatos l\u00e9gz\u00e9stechnika abb\u00f3l \u00e1ll, hogy m\u00e9lyen bel\u00e9legz\u00fcnk az orron kereszt\u00fcl, \u00e9s lassan kil\u00e9legz\u00fcnk a sz\u00e1jon kereszt\u00fcl. Ez az egyszer\u0171 gyakorlat elv\u00e9gezhet\u0151 szorong\u00e1sos pillanatokban vagy lefekv\u00e9s el\u0151tt, seg\u00edtve a gyerekeket a bels\u0151 nyugalom \u00e1llapot\u00e1nak megtal\u00e1l\u00e1s\u00e1ban.<\/p>\n\n\n<div class=\"wp-block-image\">\n<figure class=\"aligncenter size-full\"><img loading=\"lazy\" decoding=\"async\" width=\"550\" height=\"350\" src=\"http:\/\/universofamilia.com\/wp-content\/uploads\/sites\/148\/2023\/05\/FOTO-POS-CRIANCA-AGITADA-universo-familia-.png\" alt=\"\" class=\"wp-image-1933\" srcset=\"http:\/\/universofamilia.com\/wp-content\/uploads\/sites\/148\/2023\/05\/FOTO-POS-CRIANCA-AGITADA-universo-familia-.png 550w, http:\/\/universofamilia.com\/wp-content\/uploads\/sites\/148\/2023\/05\/FOTO-POS-CRIANCA-AGITADA-universo-familia--300x191.png 300w\" sizes=\"(max-width: 550px) 100vw, 550px\" \/><\/figure><\/div>\n\n\n<h4 class=\"wp-block-heading\">Massz\u00e1zs: Szerencsesajk\u00fa<\/h4>\n\n\n\n<p>A massz\u00e1zs egy m\u00e1sik term\u00e9szetes \u00e9s hat\u00e9kony technika a gyermekek megnyugtat\u00e1s\u00e1ra. A gyeng\u00e9d, ritmikus mozdulatok seg\u00edts\u00e9g\u00e9vel a massz\u00e1zs seg\u00edthet ellaz\u00edtani az izmokat \u00e9s megnyugtatni az elm\u00e9t. Ill\u00f3olajok, p\u00e9ld\u00e1ul levendula vagy kamilla adhat\u00f3k hozz\u00e1 a nyugtat\u00f3 hat\u00e1s tov\u00e1bbi fokoz\u00e1sa \u00e9rdek\u00e9ben. A massz\u00e1zs intenzit\u00e1s\u00e1t \u00e9s id\u0151tartam\u00e1t a gyermek \u00e9letkor\u00e1nak megfelel\u0151en kell be\u00e1ll\u00edtani.<\/p>\n\n\n\n<h4 class=\"wp-block-heading\">Gyermekmedit\u00e1ci\u00f3: Egy pillanat az \u00f6nvizsg\u00e1latra<\/h4>\n\n\n\n<p>A medit\u00e1ci\u00f3 egy olyan gyakorlat, amely el\u0151seg\u00edti a relax\u00e1ci\u00f3t, a koncentr\u00e1ci\u00f3t \u00e9s a teljes tudatoss\u00e1got. L\u00e9teznek kifejezetten gyermekek sz\u00e1m\u00e1ra kifejlesztett medit\u00e1ci\u00f3s technik\u00e1k, amelyek seg\u00edtenek nekik az \u00e9rzelmi \u00f6nszab\u00e1lyoz\u00e1si k\u00e9szs\u00e9gek fejleszt\u00e9s\u00e9ben. Javasoljuk, hogy nyugodt \u00e9s k\u00e9nyelmes k\u00f6rnyezetet teremts\u00fcnk a medit\u00e1ci\u00f3 gyakorl\u00e1s\u00e1hoz, naponta n\u00e9h\u00e1ny percet sz\u00e1nva arra, hogy a gyermek kapcsolatba l\u00e9phessen \u00f6nmag\u00e1val.<\/p>\n\n\n<div class=\"wp-block-image\">\n<figure class=\"aligncenter size-full\"><img loading=\"lazy\" decoding=\"async\" width=\"550\" height=\"350\" src=\"http:\/\/universofamilia.com\/wp-content\/uploads\/sites\/148\/2023\/05\/FOTO-POS-CRIANCA-AGITADA-universo-familia-1.png\" alt=\"\" class=\"wp-image-1934\" srcset=\"http:\/\/universofamilia.com\/wp-content\/uploads\/sites\/148\/2023\/05\/FOTO-POS-CRIANCA-AGITADA-universo-familia-1.png 550w, http:\/\/universofamilia.com\/wp-content\/uploads\/sites\/148\/2023\/05\/FOTO-POS-CRIANCA-AGITADA-universo-familia-1-300x191.png 300w\" sizes=\"(max-width: 550px) 100vw, 550px\" \/><\/figure><\/div>\n\n\n<h4 class=\"wp-block-heading\">K\u00f6vetkeztet\u00e9s<\/h4>\n\n\n\n<p>Most, hogy a gyermekek nyugalm\u00e1t keress\u00fck, elengedhetetlen a term\u00e9szetes \u00e9s biztons\u00e1gos lehet\u0151s\u00e9gek el\u0151nyben r\u00e9szes\u00edt\u00e9se. Az ebben a cikkben bemutatott inform\u00e1ci\u00f3k csak n\u00e9h\u00e1nyat jelentenek a sz\u00e1mos lehet\u0151s\u00e9g k\u00f6z\u00fcl. Mindig konzult\u00e1ljon eg\u00e9szs\u00e9g\u00fcgyi szakemberekkel, \u00e9s tartsa tiszteletben minden gyermek egy\u00e9ni ig\u00e9nyeit, miel\u0151tt b\u00e1rmilyen technik\u00e1t vagy kezel\u00e9st alkalmazna.<\/p>\n\n\n\n<p>Minden gyermek egyedi, \u00e9s sz\u00fcks\u00e9gess\u00e9 v\u00e1lhat a megk\u00f6zel\u00edt\u00e9sek m\u00f3dos\u00edt\u00e1sa az \u0151 saj\u00e1toss\u00e1gaihoz \u00e9s \u00e1llapot\u00e1hoz igazodva. Mindig konzult\u00e1ljon eg\u00e9szs\u00e9g\u00fcgyi szakemberrel, p\u00e9ld\u00e1ul gyermekorvossal, term\u00e9szetgy\u00f3gy\u00e1sszal vagy terapeut\u00e1val, hogy megfelel\u0151 \u00e9s szem\u00e9lyre szabott \u00fatmutat\u00e1st kapjon.<\/p>\n\n\n\n<p>Gondoskodjon gyermekei j\u00f3l\u00e9t\u00e9r\u0151l, v\u00e1lasszon term\u00e9szetes \u00e9s biztons\u00e1gos lehet\u0151s\u00e9geket, hogy egy nyugalommal \u00e9s harm\u00f3ni\u00e1val teli vil\u00e1gban n\u00f6vekedhessenek \u00e9s fejl\u0151dhessenek.<\/p>\n\n\n\n<p>Eml\u00e9keztetj\u00fck \u00d6nt arra is, hogy ez a cikk \u00e9rt\u00e9kes inform\u00e1ci\u00f3kat tartalmaz, \u00e9s nem helyettes\u00edti a szakmai orvosi tan\u00e1csad\u00e1st. Fontos, hogy a kezel\u00e9s megkezd\u00e9se el\u0151tt k\u00e9rjen megfelel\u0151 \u00fatmutat\u00e1st.<\/p>\n\n\n\n<p>Forr\u00e1s:<\/p>\n\n\n\n<p>Children&#039;s Healthcare Canada. Term\u00e9szetes gy\u00f3gym\u00f3dok gyermekek sz\u00e1m\u00e1ra. El\u00e9rhet\u0151: https:\/\/www.childrenshealthcarecanada.ca\/natural-remedies-for-children. Hozz\u00e1f\u00e9r\u00e9s d\u00e1tuma: 2023. m\u00e1jus 26.<\/p>\n\n\n\n<p>Rem\u00e9lem, seg\u00edtett\u00fcnk \u00e9s t\u00e1j\u00e9koztattunk a rekeszeddel kapcsolatban, ami annyira hasznos sz\u00e1munkra. \u00d3! Ha tetszett ez a bejegyz\u00e9s,<\/p>\n\n\n\n<h3 class=\"wp-block-heading\">L\u00e1sd m\u00e9g:<\/h3>\n\n\n\n<p><a href=\"http:\/\/universofamilia.com\/hu\/rotina-ideal-para-a-familia-dormir-bem\/\" target=\"_blank\" rel=\"noreferrer noopener\">Rotina Ide\u00e1lis a csal\u00e1d sz\u00e1m\u00e1ra a j\u00f3 alv\u00e1shoz<\/a><\/p>\n\n\n\n<p><a href=\"http:\/\/universofamilia.com\/hu\/muco-nas-fezes-do-bebe-quando-e-normal-e-quando-se-preocupar\/\" target=\"_blank\" rel=\"noreferrer noopener\">F\u00e1jdalom a ny\u00e1lkah\u00e1rty\u00e1n: mikor norm\u00e1lis, \u00e9s mikor kell agg\u00f3dni?<\/a><\/p>\n\n\n\n<p><a href=\"https:\/\/www.luzbaby.com.br\/\" target=\"_blank\" rel=\"noreferrer noopener\">A Luz Baby az egyik legjobb csecsem\u0151term\u00e9keket \u00e1rus\u00edt\u00f3 \u00fczlet. Kattints ide.<\/a><\/p>","protected":false},"excerpt":{"rendered":"<p>A gyermekkor a felfedez\u00e9s \u00e9s a fejl\u0151d\u00e9s id\u0151szaka, de a gyermekek sz\u00e1m\u00e1ra kih\u00edv\u00e1sokkal \u00e9s stresszes pillanatokkal is teli lehet. Amikor arra t\u00f6reksz\u00fcnk, hogy seg\u00edts\u00fcnk gyermekeinknek megtal\u00e1lni a lelki b\u00e9k\u00e9j\u00fcket, elengedhetetlen a term\u00e9szetes \u00e9s biztons\u00e1gos lehet\u0151s\u00e9gek megfontol\u00e1sa. Ebben a cikkben tippeket adunk a gyermekek sz\u00e1m\u00e1ra k\u00e9sz\u00fclt term\u00e9szetes f\u00e1jdalomcsillap\u00edt\u00f3kra, k\u00fcl\u00f6n\u00f6s tekintettel a gyermekek biztons\u00e1g\u00e1ra, hat\u00e9konys\u00e1g\u00e1ra \u00e9s j\u00f3l\u00e9t\u00e9re. Csatlakozzon hozz\u00e1nk ezen az \u00faton a nyugalom fel\u00e9!<\/p>","protected":false},"author":0,"featured_media":1935,"comment_status":"closed","ping_status":"open","sticky":false,"template":"","format":"standard","meta":{"footnotes":""},"categories":[5],"tags":[538,541,1188],"yoast_head":"<!-- This site is optimized with the Yoast SEO plugin v23.3 - https:\/\/yoast.com\/wordpress\/plugins\/seo\/ -->\n<title>Dicas de Calmantes Naturais para Crian\u00e7as - Universo Fam\u00edlia<\/title>\n<meta name=\"description\" content=\"A inf\u00e2ncia \u00e9 um per\u00edodo de descobertas e desenvolvimento, mas tamb\u00e9m pode ser repleto de desafios e momentos estressantes para as crian\u00e7as.\" \/>\n<meta name=\"robots\" content=\"index, follow, max-snippet:-1, max-image-preview:large, max-video-preview:-1\" \/>\n<link rel=\"canonical\" href=\"https:\/\/universofamilia.com\/hu\/dicas-de-calmantes-naturais-para-criancas\/\" \/>\n<meta property=\"og:locale\" content=\"hu_HU\" \/>\n<meta property=\"og:type\" content=\"article\" \/>\n<meta property=\"og:title\" content=\"Dicas de Calmantes Naturais para Crian\u00e7as - Universo Fam\u00edlia\" \/>\n<meta property=\"og:description\" content=\"A inf\u00e2ncia \u00e9 um per\u00edodo de descobertas e desenvolvimento, mas tamb\u00e9m pode ser repleto de desafios e momentos estressantes para as crian\u00e7as.\" \/>\n<meta property=\"og:url\" content=\"https:\/\/universofamilia.com\/hu\/dicas-de-calmantes-naturais-para-criancas\/\" \/>\n<meta property=\"og:site_name\" content=\"Universo Fam\u00edlia\" \/>\n<meta property=\"article:published_time\" content=\"2023-05-26T18:24:25+00:00\" \/>\n<meta property=\"og:image\" content=\"https:\/\/universofamilia.com\/wp-content\/uploads\/sites\/148\/2023\/05\/FOTO-DESTAQUE-CRIANCA-AGITADA-universo-familia-448x350-.png\" \/>\n\t<meta property=\"og:image:width\" content=\"448\" \/>\n\t<meta property=\"og:image:height\" content=\"350\" \/>\n\t<meta property=\"og:image:type\" content=\"image\/png\" \/>\n<meta name=\"twitter:card\" content=\"summary_large_image\" \/>\n<meta name=\"twitter:label1\" content=\"Est. reading time\" \/>\n\t<meta name=\"twitter:data1\" content=\"4 perc\" \/>\n<script type=\"application\/ld+json\" class=\"yoast-schema-graph\">{\"@context\":\"https:\/\/schema.org\",\"@graph\":[{\"@type\":\"WebPage\",\"@id\":\"https:\/\/universofamilia.com\/da\/dicas-de-calmantes-naturais-para-criancas\/\",\"url\":\"https:\/\/universofamilia.com\/da\/dicas-de-calmantes-naturais-para-criancas\/\",\"name\":\"Dicas de Calmantes Naturais para Crian\u00e7as - Universo Fam\u00edlia\",\"isPartOf\":{\"@id\":\"http:\/\/universofamilia.com\/ru\/#website\"},\"primaryImageOfPage\":{\"@id\":\"https:\/\/universofamilia.com\/da\/dicas-de-calmantes-naturais-para-criancas\/#primaryimage\"},\"image\":{\"@id\":\"https:\/\/universofamilia.com\/da\/dicas-de-calmantes-naturais-para-criancas\/#primaryimage\"},\"thumbnailUrl\":\"http:\/\/universofamilia.com\/wp-content\/uploads\/sites\/148\/2023\/05\/FOTO-DESTAQUE-CRIANCA-AGITADA-universo-familia-448x350-.png\",\"datePublished\":\"2023-05-26T18:24:25+00:00\",\"dateModified\":\"2023-05-26T18:24:25+00:00\",\"author\":{\"@id\":\"\"},\"description\":\"A inf\u00e2ncia \u00e9 um per\u00edodo de descobertas e desenvolvimento, mas tamb\u00e9m pode ser repleto de desafios e momentos estressantes para as crian\u00e7as.\",\"breadcrumb\":{\"@id\":\"https:\/\/universofamilia.com\/da\/dicas-de-calmantes-naturais-para-criancas\/#breadcrumb\"},\"inLanguage\":\"hu\",\"potentialAction\":[{\"@type\":\"ReadAction\",\"target\":[\"https:\/\/universofamilia.com\/da\/dicas-de-calmantes-naturais-para-criancas\/\"]}]},{\"@type\":\"ImageObject\",\"inLanguage\":\"hu\",\"@id\":\"https:\/\/universofamilia.com\/da\/dicas-de-calmantes-naturais-para-criancas\/#primaryimage\",\"url\":\"http:\/\/universofamilia.com\/wp-content\/uploads\/sites\/148\/2023\/05\/FOTO-DESTAQUE-CRIANCA-AGITADA-universo-familia-448x350-.png\",\"contentUrl\":\"http:\/\/universofamilia.com\/wp-content\/uploads\/sites\/148\/2023\/05\/FOTO-DESTAQUE-CRIANCA-AGITADA-universo-familia-448x350-.png\",\"width\":448,\"height\":350},{\"@type\":\"BreadcrumbList\",\"@id\":\"https:\/\/universofamilia.com\/da\/dicas-de-calmantes-naturais-para-criancas\/#breadcrumb\",\"itemListElement\":[{\"@type\":\"ListItem\",\"position\":1,\"name\":\"Home\",\"item\":\"http:\/\/universofamilia.com\/ru\/\"},{\"@type\":\"ListItem\",\"position\":2,\"name\":\"Dicas de Calmantes Naturais para Crian\u00e7as\"}]},{\"@type\":\"WebSite\",\"@id\":\"http:\/\/universofamilia.com\/ru\/#website\",\"url\":\"http:\/\/universofamilia.com\/ru\/\",\"name\":\"Universo Fam\u00edlia\",\"description\":\"\",\"potentialAction\":[{\"@type\":\"SearchAction\",\"target\":{\"@type\":\"EntryPoint\",\"urlTemplate\":\"http:\/\/universofamilia.com\/ru\/?s={search_term_string}\"},\"query-input\":\"required name=search_term_string\"}],\"inLanguage\":\"hu\"}]}<\/script>\n<!-- \/ Yoast SEO plugin. -->","yoast_head_json":{"title":"Dicas de Calmantes Naturais para Crian\u00e7as - Universo Fam\u00edlia","description":"A inf\u00e2ncia \u00e9 um per\u00edodo de descobertas e desenvolvimento, mas tamb\u00e9m pode ser repleto de desafios e momentos estressantes para as crian\u00e7as.","robots":{"index":"index","follow":"follow","max-snippet":"max-snippet:-1","max-image-preview":"max-image-preview:large","max-video-preview":"max-video-preview:-1"},"canonical":"https:\/\/universofamilia.com\/hu\/dicas-de-calmantes-naturais-para-criancas\/","og_locale":"hu_HU","og_type":"article","og_title":"Dicas de Calmantes Naturais para Crian\u00e7as - Universo Fam\u00edlia","og_description":"A inf\u00e2ncia \u00e9 um per\u00edodo de descobertas e desenvolvimento, mas tamb\u00e9m pode ser repleto de desafios e momentos estressantes para as crian\u00e7as.","og_url":"https:\/\/universofamilia.com\/hu\/dicas-de-calmantes-naturais-para-criancas\/","og_site_name":"Universo Fam\u00edlia","article_published_time":"2023-05-26T18:24:25+00:00","og_image":[{"width":448,"height":350,"url":"https:\/\/universofamilia.com\/wp-content\/uploads\/sites\/148\/2023\/05\/FOTO-DESTAQUE-CRIANCA-AGITADA-universo-familia-448x350-.png","type":"image\/png"}],"twitter_card":"summary_large_image","twitter_misc":{"Est. reading time":"4 perc"},"schema":{"@context":"https:\/\/schema.org","@graph":[{"@type":"WebPage","@id":"https:\/\/universofamilia.com\/da\/dicas-de-calmantes-naturais-para-criancas\/","url":"https:\/\/universofamilia.com\/da\/dicas-de-calmantes-naturais-para-criancas\/","name":"Dicas de Calmantes Naturais para Crian\u00e7as - Universo Fam\u00edlia","isPartOf":{"@id":"http:\/\/universofamilia.com\/ru\/#website"},"primaryImageOfPage":{"@id":"https:\/\/universofamilia.com\/da\/dicas-de-calmantes-naturais-para-criancas\/#primaryimage"},"image":{"@id":"https:\/\/universofamilia.com\/da\/dicas-de-calmantes-naturais-para-criancas\/#primaryimage"},"thumbnailUrl":"http:\/\/universofamilia.com\/wp-content\/uploads\/sites\/148\/2023\/05\/FOTO-DESTAQUE-CRIANCA-AGITADA-universo-familia-448x350-.png","datePublished":"2023-05-26T18:24:25+00:00","dateModified":"2023-05-26T18:24:25+00:00","author":{"@id":""},"description":"A inf\u00e2ncia \u00e9 um per\u00edodo de descobertas e desenvolvimento, mas tamb\u00e9m pode ser repleto de desafios e momentos estressantes para as crian\u00e7as.","breadcrumb":{"@id":"https:\/\/universofamilia.com\/da\/dicas-de-calmantes-naturais-para-criancas\/#breadcrumb"},"inLanguage":"hu","potentialAction":[{"@type":"ReadAction","target":["https:\/\/universofamilia.com\/da\/dicas-de-calmantes-naturais-para-criancas\/"]}]},{"@type":"ImageObject","inLanguage":"hu","@id":"https:\/\/universofamilia.com\/da\/dicas-de-calmantes-naturais-para-criancas\/#primaryimage","url":"http:\/\/universofamilia.com\/wp-content\/uploads\/sites\/148\/2023\/05\/FOTO-DESTAQUE-CRIANCA-AGITADA-universo-familia-448x350-.png","contentUrl":"http:\/\/universofamilia.com\/wp-content\/uploads\/sites\/148\/2023\/05\/FOTO-DESTAQUE-CRIANCA-AGITADA-universo-familia-448x350-.png","width":448,"height":350},{"@type":"BreadcrumbList","@id":"https:\/\/universofamilia.com\/da\/dicas-de-calmantes-naturais-para-criancas\/#breadcrumb","itemListElement":[{"@type":"ListItem","position":1,"name":"Home","item":"http:\/\/universofamilia.com\/ru\/"},{"@type":"ListItem","position":2,"name":"Dicas de Calmantes Naturais para Crian\u00e7as"}]},{"@type":"WebSite","@id":"http:\/\/universofamilia.com\/ru\/#website","url":"http:\/\/universofamilia.com\/ru\/","name":"Universo Fam\u00edlia","description":"","potentialAction":[{"@type":"SearchAction","target":{"@type":"EntryPoint","urlTemplate":"http:\/\/universofamilia.com\/ru\/?s={search_term_string}"},"query-input":"required name=search_term_string"}],"inLanguage":"hu"}]}},"_links":{"self":[{"href":"http:\/\/universofamilia.com\/hu\/wp-json\/wp\/v2\/posts\/1932"}],"collection":[{"href":"http:\/\/universofamilia.com\/hu\/wp-json\/wp\/v2\/posts"}],"about":[{"href":"http:\/\/universofamilia.com\/hu\/wp-json\/wp\/v2\/types\/post"}],"replies":[{"embeddable":true,"href":"http:\/\/universofamilia.com\/hu\/wp-json\/wp\/v2\/comments?post=1932"}],"version-history":[{"count":0,"href":"http:\/\/universofamilia.com\/hu\/wp-json\/wp\/v2\/posts\/1932\/revisions"}],"wp:featuredmedia":[{"embeddable":true,"href":"http:\/\/universofamilia.com\/hu\/wp-json\/wp\/v2\/media\/1935"}],"wp:attachment":[{"href":"http:\/\/universofamilia.com\/hu\/wp-json\/wp\/v2\/media?parent=1932"}],"wp:term":[{"taxonomy":"category","embeddable":true,"href":"http:\/\/universofamilia.com\/hu\/wp-json\/wp\/v2\/categories?post=1932"},{"taxonomy":"post_tag","embeddable":true,"href":"http:\/\/universofamilia.com\/hu\/wp-json\/wp\/v2\/tags?post=1932"}],"curies":[{"name":"wp","href":"https:\/\/api.w.org\/{rel}","templated":true}]}}