{"id":1937,"date":"2023-05-26T18:50:02","date_gmt":"2023-05-26T18:50:02","guid":{"rendered":"https:\/\/universofamilia.com\/?p=1937"},"modified":"2023-05-26T18:50:02","modified_gmt":"2023-05-26T18:50:02","slug":"os-beneficios-de-trabalhar-em-negocio-familiar","status":"publish","type":"post","link":"http:\/\/universofamilia.com\/hu\/os-beneficios-de-trabalhar-em-negocio-familiar\/","title":{"rendered":"A csal\u00e1di v\u00e1llalkoz\u00e1sban val\u00f3 munkav\u00e9gz\u00e9s el\u0151nyei"},"content":{"rendered":"<p>Egy csal\u00e1di v\u00e1llalkoz\u00e1sban dolgozni sz\u00e1mtalan el\u0151nnyel \u00e9s jutalommal j\u00e1rhat az ott dolgoz\u00f3k sz\u00e1m\u00e1ra.<\/p>\n\n\n\n<p>Ebben a cikkben a csal\u00e1di v\u00e1llalkoz\u00e1shoz tartoz\u00e1s f\u0151bb pozit\u00edv aspektusait vizsg\u00e1ljuk meg, a stabilit\u00e1st\u00f3l a n\u00f6veked\u00e9si lehet\u0151s\u00e9geken \u00e1t a hovatartoz\u00e1s \u00e9rz\u00e9s\u00e9ig.<\/p>\n\n\n\n<p>Olvasson tov\u00e1bb, \u00e9s fedezze fel, mi\u00e9rt lehet kifizet\u0151d\u0151 \u00e9s gazdag\u00edt\u00f3 \u00e9lm\u00e9ny egy csal\u00e1di v\u00e1llalkoz\u00e1sban dolgozni.<\/p>\n\n\n\n<p>L\u00e1sd m\u00e9g a \u201e<a href=\"http:\/\/universofamilia.com\/hu\/rotina-ideal-para-a-familia-dormir-bem\/\" target=\"_blank\" rel=\"noreferrer noopener\">Rotina Ide\u00e1lis a csal\u00e1d sz\u00e1m\u00e1ra a j\u00f3 alv\u00e1shoz<\/a>&#8220;<\/p>\n\n\n\n<h4 class=\"wp-block-heading\">Stabilit\u00e1s \u00e9s magabiztoss\u00e1g<\/h4>\n\n\n\n<p>A csal\u00e1di v\u00e1llalkoz\u00e1sban val\u00f3 munkav\u00e9gz\u00e9s egyik f\u0151 el\u0151nye a stabilit\u00e1s, amit k\u00edn\u00e1l. A csal\u00e1di v\u00e1llalkoz\u00e1sok \u00e1ltal\u00e1ban hossz\u00fa m\u00faltra tekintenek vissza \u00e9s szil\u00e1rd alapokon nyugszanak, ami magabiztoss\u00e1got \u00e9s biztons\u00e1g\u00e9rzetet ad az alkalmazottaknak.<\/p>\n\n\n\n<p>Tov\u00e1bb\u00e1 a d\u00f6nt\u00e9shozatal gyorsabb \u00e9s k\u00f6zvetlenebb, ami lehet\u0151v\u00e9 teszi az agilis reag\u00e1l\u00e1st a piaci v\u00e1ltoz\u00e1sokra.<\/p>\n\n\n<div class=\"wp-block-image\">\n<figure class=\"aligncenter size-full\"><img loading=\"lazy\" decoding=\"async\" width=\"550\" height=\"350\" src=\"http:\/\/universofamilia.com\/wp-content\/uploads\/sites\/148\/2023\/05\/FOTO-TRABALHO-EM-FAMILIA-universo-familia-.png\" alt=\"\" class=\"wp-image-1939\" srcset=\"http:\/\/universofamilia.com\/wp-content\/uploads\/sites\/148\/2023\/05\/FOTO-TRABALHO-EM-FAMILIA-universo-familia-.png 550w, http:\/\/universofamilia.com\/wp-content\/uploads\/sites\/148\/2023\/05\/FOTO-TRABALHO-EM-FAMILIA-universo-familia--300x191.png 300w\" sizes=\"(max-width: 550px) 100vw, 550px\" \/><\/figure><\/div>\n\n\n<h4 class=\"wp-block-heading\">N\u00f6veked\u00e9si lehet\u0151s\u00e9gek<\/h4>\n\n\n\n<p>Egy csal\u00e1di v\u00e1llalkoz\u00e1sban az alkalmazottaknak lehet\u0151s\u00e9g\u00fck van egyedi m\u00f3don szakmailag fejl\u0151dni.<\/p>\n\n\n\n<p>Egy kisebb \u00e9s z\u00e1rtabb v\u00e1llalatn\u00e1l dolgozni t\u00f6bb ter\u00fcletre \u00e9s funkci\u00f3ra is be lehet jutni, ami nyitottabb tanul\u00e1si lehet\u0151s\u00e9get \u00e9s holisztikusabb k\u00e9pet ad az \u00fczletr\u0151l.<\/p>\n\n\n\n<p>Ez olyan el\u0151l\u00e9ptet\u00e9si \u00e9s karrierfejleszt\u00e9si lehet\u0151s\u00e9geket nyithat meg, amelyek a nagyv\u00e1llalatokn\u00e1l korl\u00e1tozottabbak lehetnek.<\/p>\n\n\n\n<h4 class=\"wp-block-heading\">Er\u0151s szervezeti kult\u00fara<\/h4>\n\n\n\n<p>A csal\u00e1di v\u00e1llalkoz\u00e1sokat egyedi \u00e9s er\u0151s szervezeti kult\u00fara hozza l\u00e9tre. Az olyan \u00e9rt\u00e9kek, mint a lojalit\u00e1s, a tisztelet, a csapatmunka \u00e9s az elk\u00f6telezetts\u00e9g, gyakran \u00f6r\u00f6kl\u0151dnek gener\u00e1ci\u00f3r\u00f3l gener\u00e1ci\u00f3ra.<\/p>\n\n\n\n<p>Ez a kult\u00fara pozit\u00edv \u00e9s egy\u00fcttm\u0171k\u00f6d\u0151 munkak\u00f6rnyezetet teremthet, ahol az alkalmazottak \u00e9rt\u00e9kesnek \u00e9s \u00fajj\u00e1\u00e9led\u0151nek \u00e9rzik magukat.<\/p>\n\n\n\n<p>A csal\u00e1dias l\u00e9gk\u00f6r a ny\u00edlt \u00e9s \u00e1tl\u00e1that\u00f3 kommunik\u00e1ci\u00f3t is el\u0151seg\u00edti, lehet\u0151v\u00e9 t\u00e9ve, hogy mindenki szerves r\u00e9sz\u00e9nek \u00e9rezze mag\u00e1t a d\u00f6nt\u00e9shozatali folyamatnak.<\/p>\n\n\n\n<h4 class=\"wp-block-heading\">Rugalmass\u00e1g \u00e9s egyens\u00faly<\/h4>\n\n\n\n<p>Egy csal\u00e1di v\u00e1llalkoz\u00e1sban dolgozni gyakran nagyobb rugalmass\u00e1got k\u00edn\u00e1l a munkaid\u0151-beoszt\u00e1s, valamint a munka \u00e9s a mag\u00e1n\u00e9let \u00f6sszeegyeztet\u00e9se tekintet\u00e9ben.<\/p>\n\n\n\n<p>A csal\u00e1dtagok \u00e1ltal\u00e1ban jobban meg\u00e9rtik munkat\u00e1rsaik egy\u00e9ni ig\u00e9nyeit, ami lehet\u0151v\u00e9 teszi az id\u0151beoszt\u00e1s m\u00f3dos\u00edt\u00e1s\u00e1t vagy rugalmasabb szab\u00e1lyzatok l\u00e9trehoz\u00e1s\u00e1t.<\/p>\n\n\n\n<p>Ez a rugalmass\u00e1g jobb egyens\u00falyt eredm\u00e9nyezhet a szakmai \u00e9s a mag\u00e1n\u00e9let k\u00f6z\u00f6tt, ami hozz\u00e1j\u00e1rul a munk\u00e1val val\u00f3 el\u00e9gedetts\u00e9ghez \u00e9s az \u00e1ltal\u00e1nos j\u00f3l\u00e9thez.<\/p>\n\n\n<div class=\"wp-block-image\">\n<figure class=\"aligncenter size-full\"><img loading=\"lazy\" decoding=\"async\" width=\"550\" height=\"350\" src=\"http:\/\/universofamilia.com\/wp-content\/uploads\/sites\/148\/2023\/05\/FOTO-TRABALHO-EM-FAMILIA-universo-familia-1.png\" alt=\"\" class=\"wp-image-1940\" srcset=\"http:\/\/universofamilia.com\/wp-content\/uploads\/sites\/148\/2023\/05\/FOTO-TRABALHO-EM-FAMILIA-universo-familia-1.png 550w, http:\/\/universofamilia.com\/wp-content\/uploads\/sites\/148\/2023\/05\/FOTO-TRABALHO-EM-FAMILIA-universo-familia-1-300x191.png 300w\" sizes=\"(max-width: 550px) 100vw, 550px\" \/><\/figure><\/div>\n\n\n<h4 class=\"wp-block-heading\">R\u00e9szv\u00e9teli d\u00f6nt\u00e9shozatal<\/h4>\n\n\n\n<p>Egy csal\u00e1di v\u00e1llalkoz\u00e1sban gyakori, hogy a d\u00f6nt\u00e9shozatal r\u00e9szv\u00e9telen alapul\u00f3, a csal\u00e1d k\u00fcl\u00f6nb\u00f6z\u0151 tagjait, s\u0151t id\u0151nk\u00e9nt magukat a tisztvisel\u0151ket is bevonja. Ez azt jelenti, hogy van lehet\u0151s\u00e9g \u00f6tletekkel \u00e9s javaslatokkal hozz\u00e1j\u00e1rulni, valamint akt\u00edv belesz\u00f3l\u00e1s a v\u00e1llalat igazgat\u00f3iba.<\/p>\n\n\n\n<p>Ez a r\u00e9szv\u00e9tel a munkat\u00e1rsak k\u00f6r\u00e9ben a tulajdonl\u00e1s \u00e9s a felel\u0151ss\u00e9gv\u00e1llal\u00e1s \u00e9rz\u00e9s\u00e9t keltheti, n\u00f6velve a munk\u00e1ba val\u00f3 elk\u00f6telezetts\u00e9g\u00fcket \u00e9s motiv\u00e1ci\u00f3jukat.<\/p>\n\n\n\n<h4 class=\"wp-block-heading\">Hagyom\u00e1ny \u00e9s \u00f6r\u00f6ks\u00e9g<\/h4>\n\n\n\n<p>Egy csal\u00e1di v\u00e1llalkoz\u00e1sban dolgozni gyakran azt jelenti, hogy valami t\u00f6bbnek a r\u00e9sz\u00e9t k\u00e9pezz\u00fck, mint egy szervezetnek. Az alkalmazottaknak lehet\u0151s\u00e9g\u00fck van hozz\u00e1j\u00e1rulni a csal\u00e1di hagyom\u00e1nyok folytonoss\u00e1g\u00e1hoz \u00e9s egy tart\u00f3s \u00f6r\u00f6ks\u00e9g fel\u00e9p\u00edt\u00e9s\u00e9hez.<\/p>\n\n\n\n<p>Isso b\u00fcszkes\u00e9ggel \u00e9s sikerrel t\u00f6lti el \u0151ket, tudv\u00e1n, hogy valami olyasmiben vesznek r\u00e9szt, ami t\u00falmutat a kereskedelmi szempontokon, \u00e9s hat\u00e1ssal van a j\u00f6v\u0151 gener\u00e1ci\u00f3inak \u00e9let\u00e9re.<\/p>\n\n\n\n<h4 class=\"wp-block-heading\">K\u00f6zeli kapcsolatok \u00e9s t\u00e1mogat\u00e1s<\/h4>\n\n\n\n<p>Egy csal\u00e1di v\u00e1llalkoz\u00e1sban gyakori, hogy szoros kapcsolatokat alak\u00edtanak ki a munkat\u00e1rsakkal. A napi egy\u00fcttl\u00e9t \u00e9s az \u00e1lland\u00f3 interakci\u00f3 m\u00e9lyebb k\u00f6tel\u00e9keket teremt, ahol a kapcsolatok t\u00falmutatnak a munkahelyi k\u00f6rnyezeten.<\/p>\n\n\n\n<p>Ez a k\u00f6zels\u00e9g nagyobb \u00e9rzelmi t\u00e1mogat\u00e1shoz \u00e9s k\u00f6lcs\u00f6n\u00f6s t\u00e1mogat\u00e1shoz vezethet, mind szakmailag, mind szem\u00e9lyesen. Egy er\u0151s t\u00e1mogat\u00f3 h\u00e1l\u00f3zat a munkahelyi k\u00f6rnyezetben rendk\u00edv\u00fcl \u00e9rt\u00e9kes lehet a kih\u00edv\u00e1sokkal val\u00f3 megk\u00fczd\u00e9sben \u00e9s az akad\u00e1lyok lek\u00fczd\u00e9s\u00e9ben.<\/p>\n\n\n\n<h4 class=\"wp-block-heading\">Agilit\u00e1s \u00e9s innov\u00e1ci\u00f3<\/h4>\n\n\n\n<p>A csal\u00e1di v\u00e1llalkoz\u00e1sokat gyakran jellemzi az agilit\u00e1s \u00e9s a v\u00e1ltoz\u00e1sokhoz val\u00f3 gyors alkalmazkod\u00f3k\u00e9pess\u00e9g. Mivel a d\u00f6nt\u00e9seket csak bels\u0151leg hozz\u00e1k meg, t\u00falzott b\u00fcrokr\u00e1cia n\u00e9lk\u00fcl, az \u00faj \u00f6tletek megval\u00f3s\u00edt\u00e1sa \u00e9s az innov\u00e1ci\u00f3 keres\u00e9se id\u0151ig\u00e9nyesebb lehet.<\/p>\n\n\n\n<p>Merev hierarchia hi\u00e1ny\u00e1ban \u00f6szt\u00f6n\u00f6zheti a kreativit\u00e1st \u00e9s a k\u00eds\u00e9rletez\u00e9st is, lehet\u0151v\u00e9 t\u00e9ve a munkat\u00e1rsak sz\u00e1m\u00e1ra, hogy k\u00f6zvetlenebb \u00e9s azonnali m\u00f3don j\u00e1ruljanak hozz\u00e1 \u00f6tleteikkel.<\/p>\n\n\n\n<h4 class=\"wp-block-heading\">K\u00f6vetkeztet\u00e9s<\/h4>\n\n\n\n<p>Egy csal\u00e1di v\u00e1llalkoz\u00e1sban dolgozni sz\u00e1mtalan el\u0151nnyel \u00e9s el\u0151nnyel j\u00e1rhat az alkalmazottak sz\u00e1m\u00e1ra.<\/p>\n\n\n\n<p>A stabilit\u00e1s, a fejl\u0151d\u00e9si lehet\u0151s\u00e9gek, az er\u0151s szervezeti kult\u00fara, a rugalmass\u00e1g, a d\u00f6nt\u00e9shozatalban val\u00f3 r\u00e9szv\u00e9tel, a hagyom\u00e1nyok, a szoros kapcsolatok, az agilit\u00e1s \u00e9s az innov\u00e1ci\u00f3 csak n\u00e9h\u00e1ny a jellemz\u0151k k\u00f6z\u00fcl, amelyek ezt a tapasztalatot kifizet\u0151d\u0151v\u00e9 teszik.<\/p>\n\n\n\n<p>Ha t\u00e1mogat\u00f3 munkak\u00f6rnyezetet keres, ahol a valahov\u00e1 tartoz\u00e1s \u00e9rz\u00e9se uralkodik, \u00e9s lehet\u0151s\u00e9g van egy maradand\u00f3 \u00f6r\u00f6ks\u00e9ghez hozz\u00e1j\u00e1rulni, akkor egy csal\u00e1di v\u00e1llalkoz\u00e1s lehet az ide\u00e1lis v\u00e1laszt\u00e1s az \u00d6n sz\u00e1m\u00e1ra.<\/p>\n\n\n\n<p>Rem\u00e9lem, seg\u00edtett\u00fcnk \u00e9s t\u00e1j\u00e9koztattunk a rekeszeddel kapcsolatban, ami annyira hasznos sz\u00e1munkra. \u00d3! Ha tetszett ez a bejegyz\u00e9s,<\/p>\n\n\n\n<h3 class=\"wp-block-heading\">L\u00e1sd m\u00e9g:<\/h3>\n\n\n\n<p><a href=\"http:\/\/universofamilia.com\/hu\/rotina-ideal-para-a-familia-dormir-bem\/\" target=\"_blank\" rel=\"noreferrer noopener\">Rotina Ide\u00e1lis a csal\u00e1d sz\u00e1m\u00e1ra a j\u00f3 alv\u00e1shoz<\/a><\/p>\n\n\n\n<p><a href=\"http:\/\/universofamilia.com\/hu\/muco-nas-fezes-do-bebe-quando-e-normal-e-quando-se-preocupar\/\" target=\"_blank\" rel=\"noreferrer noopener\">F\u00e1jdalom a ny\u00e1lkah\u00e1rty\u00e1n: mikor norm\u00e1lis, \u00e9s mikor kell agg\u00f3dni?<\/a><\/p>\n\n\n\n<p><a href=\"https:\/\/www.luzbaby.com.br\/\" target=\"_blank\" rel=\"noreferrer noopener\">A Luz Baby az egyik legjobb csecsem\u0151term\u00e9keket \u00e1rus\u00edt\u00f3 \u00fczlet. Kattints ide.<\/a><\/p>","protected":false},"excerpt":{"rendered":"<p>Egy csal\u00e1di v\u00e1llalkoz\u00e1sban dolgozni sz\u00e1mtalan el\u0151nnyel \u00e9s jutalommal j\u00e1rhat az ott dolgoz\u00f3k sz\u00e1m\u00e1ra.<\/p>\n<p>Ebben a cikkben a csal\u00e1di v\u00e1llalkoz\u00e1shoz tartoz\u00e1s f\u0151bb pozit\u00edv aspektusait vizsg\u00e1ljuk meg, a stabilit\u00e1st\u00f3l a n\u00f6veked\u00e9si lehet\u0151s\u00e9geken \u00e1t a hovatartoz\u00e1s \u00e9rz\u00e9s\u00e9ig.<\/p>","protected":false},"author":0,"featured_media":1938,"comment_status":"closed","ping_status":"open","sticky":false,"template":"","format":"standard","meta":{"footnotes":""},"categories":[3],"tags":[1173,1522,1523],"yoast_head":"<!-- This site is optimized with the Yoast SEO plugin v23.3 - https:\/\/yoast.com\/wordpress\/plugins\/seo\/ -->\n<title>Os Benef\u00edcios de Trabalhar em Neg\u00f3cio Familiar - Universo Fam\u00edlia<\/title>\n<meta name=\"description\" content=\"Trabalhar em um neg\u00f3cio familiar pode trazer in\u00fameras vantagens e benef\u00edcios para os colaboradores envolvidos.\" \/>\n<meta name=\"robots\" content=\"index, follow, max-snippet:-1, max-image-preview:large, max-video-preview:-1\" \/>\n<link rel=\"canonical\" href=\"https:\/\/universofamilia.com\/hu\/os-beneficios-de-trabalhar-em-negocio-familiar\/\" \/>\n<meta property=\"og:locale\" content=\"hu_HU\" \/>\n<meta property=\"og:type\" content=\"article\" \/>\n<meta property=\"og:title\" content=\"Os Benef\u00edcios de Trabalhar em Neg\u00f3cio Familiar - Universo Fam\u00edlia\" \/>\n<meta property=\"og:description\" content=\"Trabalhar em um neg\u00f3cio familiar pode trazer in\u00fameras vantagens e benef\u00edcios para os colaboradores envolvidos.\" \/>\n<meta property=\"og:url\" content=\"https:\/\/universofamilia.com\/hu\/os-beneficios-de-trabalhar-em-negocio-familiar\/\" \/>\n<meta property=\"og:site_name\" content=\"Universo Fam\u00edlia\" \/>\n<meta property=\"article:published_time\" content=\"2023-05-26T18:50:02+00:00\" \/>\n<meta property=\"og:image\" content=\"https:\/\/universofamilia.com\/wp-content\/uploads\/sites\/148\/2023\/05\/FOTO-DESTAQUE-TRABALHO-EM-FAMILIA-universo-familia-448x350-.png\" \/>\n\t<meta property=\"og:image:width\" content=\"448\" \/>\n\t<meta property=\"og:image:height\" content=\"350\" \/>\n\t<meta property=\"og:image:type\" content=\"image\/png\" \/>\n<meta name=\"twitter:card\" content=\"summary_large_image\" \/>\n<meta name=\"twitter:label1\" content=\"Est. reading time\" \/>\n\t<meta name=\"twitter:data1\" content=\"5 perc\" \/>\n<script type=\"application\/ld+json\" class=\"yoast-schema-graph\">{\"@context\":\"https:\/\/schema.org\",\"@graph\":[{\"@type\":\"WebPage\",\"@id\":\"https:\/\/universofamilia.com\/el\/os-beneficios-de-trabalhar-em-negocio-familiar\/\",\"url\":\"https:\/\/universofamilia.com\/el\/os-beneficios-de-trabalhar-em-negocio-familiar\/\",\"name\":\"Os Benef\u00edcios de Trabalhar em Neg\u00f3cio Familiar - Universo Fam\u00edlia\",\"isPartOf\":{\"@id\":\"https:\/\/universofamilia.com\/el\/#website\"},\"primaryImageOfPage\":{\"@id\":\"https:\/\/universofamilia.com\/el\/os-beneficios-de-trabalhar-em-negocio-familiar\/#primaryimage\"},\"image\":{\"@id\":\"https:\/\/universofamilia.com\/el\/os-beneficios-de-trabalhar-em-negocio-familiar\/#primaryimage\"},\"thumbnailUrl\":\"http:\/\/universofamilia.com\/wp-content\/uploads\/sites\/148\/2023\/05\/FOTO-DESTAQUE-TRABALHO-EM-FAMILIA-universo-familia-448x350-.png\",\"datePublished\":\"2023-05-26T18:50:02+00:00\",\"dateModified\":\"2023-05-26T18:50:02+00:00\",\"author\":{\"@id\":\"\"},\"description\":\"Trabalhar em um neg\u00f3cio familiar pode trazer in\u00fameras vantagens e benef\u00edcios para os colaboradores envolvidos.\",\"breadcrumb\":{\"@id\":\"https:\/\/universofamilia.com\/el\/os-beneficios-de-trabalhar-em-negocio-familiar\/#breadcrumb\"},\"inLanguage\":\"hu\",\"potentialAction\":[{\"@type\":\"ReadAction\",\"target\":[\"https:\/\/universofamilia.com\/el\/os-beneficios-de-trabalhar-em-negocio-familiar\/\"]}]},{\"@type\":\"ImageObject\",\"inLanguage\":\"hu\",\"@id\":\"https:\/\/universofamilia.com\/el\/os-beneficios-de-trabalhar-em-negocio-familiar\/#primaryimage\",\"url\":\"http:\/\/universofamilia.com\/wp-content\/uploads\/sites\/148\/2023\/05\/FOTO-DESTAQUE-TRABALHO-EM-FAMILIA-universo-familia-448x350-.png\",\"contentUrl\":\"http:\/\/universofamilia.com\/wp-content\/uploads\/sites\/148\/2023\/05\/FOTO-DESTAQUE-TRABALHO-EM-FAMILIA-universo-familia-448x350-.png\",\"width\":448,\"height\":350},{\"@type\":\"BreadcrumbList\",\"@id\":\"https:\/\/universofamilia.com\/el\/os-beneficios-de-trabalhar-em-negocio-familiar\/#breadcrumb\",\"itemListElement\":[{\"@type\":\"ListItem\",\"position\":1,\"name\":\"Home\",\"item\":\"https:\/\/universofamilia.com\/el\/\"},{\"@type\":\"ListItem\",\"position\":2,\"name\":\"Os Benef\u00edcios de Trabalhar em Neg\u00f3cio Familiar\"}]},{\"@type\":\"WebSite\",\"@id\":\"https:\/\/universofamilia.com\/el\/#website\",\"url\":\"https:\/\/universofamilia.com\/el\/\",\"name\":\"Universo Fam\u00edlia\",\"description\":\"\",\"potentialAction\":[{\"@type\":\"SearchAction\",\"target\":{\"@type\":\"EntryPoint\",\"urlTemplate\":\"https:\/\/universofamilia.com\/el\/?s={search_term_string}\"},\"query-input\":\"required name=search_term_string\"}],\"inLanguage\":\"hu\"}]}<\/script>\n<!-- \/ Yoast SEO plugin. -->","yoast_head_json":{"title":"Os Benef\u00edcios de Trabalhar em Neg\u00f3cio Familiar - Universo Fam\u00edlia","description":"Trabalhar em um neg\u00f3cio familiar pode trazer in\u00fameras vantagens e benef\u00edcios para os colaboradores envolvidos.","robots":{"index":"index","follow":"follow","max-snippet":"max-snippet:-1","max-image-preview":"max-image-preview:large","max-video-preview":"max-video-preview:-1"},"canonical":"https:\/\/universofamilia.com\/hu\/os-beneficios-de-trabalhar-em-negocio-familiar\/","og_locale":"hu_HU","og_type":"article","og_title":"Os Benef\u00edcios de Trabalhar em Neg\u00f3cio Familiar - Universo Fam\u00edlia","og_description":"Trabalhar em um neg\u00f3cio familiar pode trazer in\u00fameras vantagens e benef\u00edcios para os colaboradores envolvidos.","og_url":"https:\/\/universofamilia.com\/hu\/os-beneficios-de-trabalhar-em-negocio-familiar\/","og_site_name":"Universo Fam\u00edlia","article_published_time":"2023-05-26T18:50:02+00:00","og_image":[{"width":448,"height":350,"url":"https:\/\/universofamilia.com\/wp-content\/uploads\/sites\/148\/2023\/05\/FOTO-DESTAQUE-TRABALHO-EM-FAMILIA-universo-familia-448x350-.png","type":"image\/png"}],"twitter_card":"summary_large_image","twitter_misc":{"Est. reading time":"5 perc"},"schema":{"@context":"https:\/\/schema.org","@graph":[{"@type":"WebPage","@id":"https:\/\/universofamilia.com\/el\/os-beneficios-de-trabalhar-em-negocio-familiar\/","url":"https:\/\/universofamilia.com\/el\/os-beneficios-de-trabalhar-em-negocio-familiar\/","name":"Os Benef\u00edcios de Trabalhar em Neg\u00f3cio Familiar - Universo Fam\u00edlia","isPartOf":{"@id":"https:\/\/universofamilia.com\/el\/#website"},"primaryImageOfPage":{"@id":"https:\/\/universofamilia.com\/el\/os-beneficios-de-trabalhar-em-negocio-familiar\/#primaryimage"},"image":{"@id":"https:\/\/universofamilia.com\/el\/os-beneficios-de-trabalhar-em-negocio-familiar\/#primaryimage"},"thumbnailUrl":"http:\/\/universofamilia.com\/wp-content\/uploads\/sites\/148\/2023\/05\/FOTO-DESTAQUE-TRABALHO-EM-FAMILIA-universo-familia-448x350-.png","datePublished":"2023-05-26T18:50:02+00:00","dateModified":"2023-05-26T18:50:02+00:00","author":{"@id":""},"description":"Trabalhar em um neg\u00f3cio familiar pode trazer in\u00fameras vantagens e benef\u00edcios para os colaboradores envolvidos.","breadcrumb":{"@id":"https:\/\/universofamilia.com\/el\/os-beneficios-de-trabalhar-em-negocio-familiar\/#breadcrumb"},"inLanguage":"hu","potentialAction":[{"@type":"ReadAction","target":["https:\/\/universofamilia.com\/el\/os-beneficios-de-trabalhar-em-negocio-familiar\/"]}]},{"@type":"ImageObject","inLanguage":"hu","@id":"https:\/\/universofamilia.com\/el\/os-beneficios-de-trabalhar-em-negocio-familiar\/#primaryimage","url":"http:\/\/universofamilia.com\/wp-content\/uploads\/sites\/148\/2023\/05\/FOTO-DESTAQUE-TRABALHO-EM-FAMILIA-universo-familia-448x350-.png","contentUrl":"http:\/\/universofamilia.com\/wp-content\/uploads\/sites\/148\/2023\/05\/FOTO-DESTAQUE-TRABALHO-EM-FAMILIA-universo-familia-448x350-.png","width":448,"height":350},{"@type":"BreadcrumbList","@id":"https:\/\/universofamilia.com\/el\/os-beneficios-de-trabalhar-em-negocio-familiar\/#breadcrumb","itemListElement":[{"@type":"ListItem","position":1,"name":"Home","item":"https:\/\/universofamilia.com\/el\/"},{"@type":"ListItem","position":2,"name":"Os Benef\u00edcios de Trabalhar em Neg\u00f3cio Familiar"}]},{"@type":"WebSite","@id":"https:\/\/universofamilia.com\/el\/#website","url":"https:\/\/universofamilia.com\/el\/","name":"Universo Fam\u00edlia","description":"","potentialAction":[{"@type":"SearchAction","target":{"@type":"EntryPoint","urlTemplate":"https:\/\/universofamilia.com\/el\/?s={search_term_string}"},"query-input":"required name=search_term_string"}],"inLanguage":"hu"}]}},"_links":{"self":[{"href":"http:\/\/universofamilia.com\/hu\/wp-json\/wp\/v2\/posts\/1937"}],"collection":[{"href":"http:\/\/universofamilia.com\/hu\/wp-json\/wp\/v2\/posts"}],"about":[{"href":"http:\/\/universofamilia.com\/hu\/wp-json\/wp\/v2\/types\/post"}],"replies":[{"embeddable":true,"href":"http:\/\/universofamilia.com\/hu\/wp-json\/wp\/v2\/comments?post=1937"}],"version-history":[{"count":0,"href":"http:\/\/universofamilia.com\/hu\/wp-json\/wp\/v2\/posts\/1937\/revisions"}],"wp:featuredmedia":[{"embeddable":true,"href":"http:\/\/universofamilia.com\/hu\/wp-json\/wp\/v2\/media\/1938"}],"wp:attachment":[{"href":"http:\/\/universofamilia.com\/hu\/wp-json\/wp\/v2\/media?parent=1937"}],"wp:term":[{"taxonomy":"category","embeddable":true,"href":"http:\/\/universofamilia.com\/hu\/wp-json\/wp\/v2\/categories?post=1937"},{"taxonomy":"post_tag","embeddable":true,"href":"http:\/\/universofamilia.com\/hu\/wp-json\/wp\/v2\/tags?post=1937"}],"curies":[{"name":"wp","href":"https:\/\/api.w.org\/{rel}","templated":true}]}}