{"id":2027,"date":"2023-05-28T20:22:37","date_gmt":"2023-05-28T20:22:37","guid":{"rendered":"https:\/\/universofamilia.com\/?p=2027"},"modified":"2025-10-11T23:26:24","modified_gmt":"2025-10-12T02:26:24","slug":"5-motivos-para-ter-um-iphone-14","status":"publish","type":"post","link":"http:\/\/universofamilia.com\/hu\/5-motivos-para-ter-um-iphone-14\/","title":{"rendered":"5 ok, ami\u00e9rt \u00e9rdemes iPhone 14-et venni"},"content":{"rendered":"<h4 class=\"wp-block-heading\">Egy \u00e9lm\u00e9ny, amely meghaladja a technol\u00f3gi\u00e1t<\/h4>\n\n\n\n<p>Az egyre ink\u00e1bb \u00f6sszekapcsol\u00f3d\u00f3 vil\u00e1gban, amelyben \u00e9l\u00fcnk, a t\u00f6k\u00e9letes mobileszk\u00f6z kiv\u00e1laszt\u00e1sa elengedhetetlenn\u00e9 v\u00e1lik.<\/p>\n\n\n\n<p>A r\u00e9g\u00f3ta v\u00e1rt iPhone 14 megjelen\u00e9s\u00e9vel az Apple ism\u00e9t fel\u00fclm\u00falta a v\u00e1rakoz\u00e1sokat egy olyan \u00e9lm\u00e9nyt k\u00edn\u00e1lva, amely t\u00falmutat a technol\u00f3gi\u00e1n.<\/p>\n\n\n\n<p>Ebben a cikkben \u00f6t ellen\u00e1llhatatlan okot mutatunk be, ami\u00e9rt \u00e9rdemes megv\u00e1s\u00e1rolni az iPhone 14-et, \u00e9s felfedezheted, hogyan v\u00e1ltoztathatja meg az \u00e9letedet.<\/p>\n\n\n\n<h3 class=\"wp-block-heading\">L\u00e1sd m\u00e9g:<\/h3>\n\n\n\n<p><a href=\"https:\/\/universofamilia.com\/hu\/o-que-e-ser-mae\/\" target=\"_blank\" rel=\"noreferrer noopener\">Mit jelent any\u00e1nak lenni?<\/a><\/p>\n\n\n\n<p><a href=\"https:\/\/www.luzbaby.com.br\/\" target=\"_blank\" rel=\"noreferrer noopener\">A Luz Baby az egyik legjobb csecsem\u0151term\u00e9keket \u00e1rus\u00edt\u00f3 \u00fczlet. Kattints ide.<\/a><\/p>\n\n\n\n<h4 class=\"wp-block-heading\">Els\u0151 oszt\u00e1ly\u00fa, nagy teljes\u00edtm\u00e9ny a mindennapi kih\u00edv\u00e1sokhoz<\/h4>\n\n\n\n<p>Fejlett processzor\u00e1nak \u00e9s kifinomult er\u0151forr\u00e1sainak k\u00f6sz\u00f6nhet\u0151en az iPhone 14 kiv\u00e9teles teljes\u00edtm\u00e9nyt garant\u00e1l minden feladatban. <\/p>\n\n\n\n<p>Ak\u00e1r az interneten b\u00f6ng\u00e9szel, ak\u00e1r ig\u00e9nyes alkalmaz\u00e1sokat futtatsz, vagy a leg\u00fajabb j\u00e1t\u00e9kokat j\u00e1tszod, p\u00e1ratlan sebess\u00e9get \u00e9s g\u00f6rd\u00fcl\u00e9kenys\u00e9get fogsz tapasztalni.<\/p>\n\n\n\n<p>Az iPhone 14-gyel biztos lehetsz benne, hogy mindig egy olyan k\u00e9sz\u00fcl\u00e9ked lesz, amely k\u00e9t mindennapi kih\u00edv\u00e1snak is megfelel.<\/p>\n\n\n<div class=\"wp-block-image\">\n<figure class=\"aligncenter size-full\"><img loading=\"lazy\" decoding=\"async\" width=\"550\" height=\"350\" src=\"http:\/\/universofamilia.com\/wp-content\/uploads\/sites\/148\/2023\/05\/POST-APPs-Iphone-14-universo-familia-1.png\" alt=\"\" class=\"wp-image-2028\" srcset=\"http:\/\/universofamilia.com\/wp-content\/uploads\/sites\/148\/2023\/05\/POST-APPs-Iphone-14-universo-familia-1.png 550w, http:\/\/universofamilia.com\/wp-content\/uploads\/sites\/148\/2023\/05\/POST-APPs-Iphone-14-universo-familia-1-300x191.png 300w\" sizes=\"(max-width: 550px) 100vw, 550px\" \/><\/figure><\/div>\n\n\n<h4 class=\"wp-block-heading\">2. forradalmi kamera a szokatlan pillanatok meg\u00f6r\u00f6k\u00edt\u00e9s\u00e9re<\/h4>\n\n\n\n<p>Ha szenved\u00e9lyesen szereted a fot\u00f3z\u00e1st, vagy egyszer\u0171en csak szereted meg\u00f6r\u00f6k\u00edteni a k\u00fcl\u00f6nleges pillanatokat, az iPhone 14 kamer\u00e1ja kihagyhatatlan ok a k\u00e9sz\u00fcl\u00e9k megv\u00e1s\u00e1rl\u00e1s\u00e1ra.<\/p>\n\n\n\n<p>A t\u00f6bblencs\u00e9s technol\u00f3gi\u00e1val r\u00e9szletgazdag \u00e9s \u00e9l\u00e9nk sz\u00edn\u0171 \u00e1ll\u00f3k\u00e9peket k\u00e9sz\u00edthetsz. Ezenk\u00edv\u00fcl a mesters\u00e9ges intelligencia er\u0151forr\u00e1sai seg\u00edtenek a f\u00e9nyk\u00e9pek min\u0151s\u00e9g\u00e9nek jav\u00edt\u00e1s\u00e1ban, professzion\u00e1lis eredm\u00e9nyeket garant\u00e1lva az anyag egyetlen \u00e9rint\u00e9s\u00e9vel.<\/p>\n\n\n<div class=\"wp-block-image\">\n<figure class=\"aligncenter size-full\"><img loading=\"lazy\" decoding=\"async\" width=\"550\" height=\"350\" src=\"http:\/\/universofamilia.com\/wp-content\/uploads\/sites\/148\/2023\/05\/POST-APPs-Iphone-14-universo-familia-.png\" alt=\"\" class=\"wp-image-2029\" srcset=\"http:\/\/universofamilia.com\/wp-content\/uploads\/sites\/148\/2023\/05\/POST-APPs-Iphone-14-universo-familia-.png 550w, http:\/\/universofamilia.com\/wp-content\/uploads\/sites\/148\/2023\/05\/POST-APPs-Iphone-14-universo-familia--300x191.png 300w\" sizes=\"(max-width: 550px) 100vw, 550px\" \/><\/figure><\/div>\n\n\n<h4 class=\"wp-block-heading\">3. Eleg\u00e1ns \u00e9s minimalista diz\u00e1jn, amely b\u00e1rmilyen alkalomra kit\u0171nik<\/h4>\n\n\n\n<p>Az iPhone 14 eleg\u00e1ns \u00e9s minimalista diz\u00e1jnj\u00e1val igazi v\u00e1gy t\u00e1rgya. Finom kialak\u00edt\u00e1s\u00e1nak \u00e9s pr\u00e9mium anyagainak k\u00f6sz\u00f6nhet\u0151en a k\u00e9sz\u00fcl\u00e9k b\u00e1rmilyen k\u00f6rnyezetben kiemelkedik.<\/p>\n\n\n\n<p>A Super Retina XDR sz\u00f6vet mag\u00e1val ragad\u00f3 vizu\u00e1lis \u00e9lm\u00e9nyt ny\u00fajt \u00e9l\u00e9nk magokkal \u00e9s leny\u0171g\u00f6z\u0151 kontraszttal. Ne dolgozz, t\u00f6lts id\u0151t vagy tal\u00e1lkozz bar\u00e1taiddal, az iPhone 14 a t\u00f6k\u00e9letes t\u00e1rs, hogy leny\u0171g\u00f6zz.<\/p>\n\n\n\n<h4 class=\"wp-block-heading\">4. Az adatv\u00e9delem \u00e9s a biztons\u00e1g priorit\u00e1sk\u00e9nt szerepel<\/h4>\n\n\n<div class=\"wp-block-image\">\n<figure class=\"aligncenter size-full\"><img loading=\"lazy\" decoding=\"async\" width=\"550\" height=\"350\" src=\"http:\/\/universofamilia.com\/wp-content\/uploads\/sites\/148\/2023\/05\/POST-APPs-Iphone-14-universo-familia-2.png\" alt=\"\" class=\"wp-image-2030\" srcset=\"http:\/\/universofamilia.com\/wp-content\/uploads\/sites\/148\/2023\/05\/POST-APPs-Iphone-14-universo-familia-2.png 550w, http:\/\/universofamilia.com\/wp-content\/uploads\/sites\/148\/2023\/05\/POST-APPs-Iphone-14-universo-familia-2-300x191.png 300w\" sizes=\"(max-width: 550px) 100vw, 550px\" \/><\/figure><\/div>\n\n\n<p>A mai vil\u00e1gban az adatv\u00e9delem \u00e9s a biztons\u00e1g \u00e1lland\u00f3 aggodalomra ad okot. Az iPhone 14 fejlett funkci\u00f3kkal rendelkezik a szem\u00e9lyes adataid v\u00e9delme \u00e9rdek\u00e9ben, biztos\u00edtva, hogy amint hozz\u00e1f\u00e9rsz adataidhoz, azonnal hozz\u00e1f\u00e9rhess.<\/p>\n\n\n\n<p>Az iOS oper\u00e1ci\u00f3s rendszert a biztons\u00e1gra \u00f6sszpontos\u00edtva tervezt\u00e9k, rendszeres friss\u00edt\u00e9seket k\u00edn\u00e1lva \u00e9s \u00e1tl\u00e1that\u00f3 megk\u00f6zel\u00edt\u00e9st alkalmazva a bizalmas inform\u00e1ci\u00f3k feldolgoz\u00e1s\u00e1ban. Az iPhone 14-gyel nyugodt lehetsz a mag\u00e1n\u00e9leteddel kapcsolatban.<\/p>\n\n\n\n<h4 class=\"wp-block-heading\">5. integr\u00e1lt \u00f6kosziszt\u00e9ma a rotina el\u0151seg\u00edt\u00e9s\u00e9re<\/h4>\n\n\n\n<p>V\u00e9g\u00fcl, az iPhone 14 \u00e9s az Apple integr\u00e1lt \u00f6kosziszt\u00e9m\u00e1ja k\u00f6z\u00f6tti k\u00e9t nagy k\u00fcl\u00f6nbs\u00e9g egyike. Az iCloudhoz hasonl\u00f3an szinkroniz\u00e1lhatod az eszk\u00f6zeidet, \u00e9s b\u00e1rhonnan el\u00e9rheted a f\u00e1jljaidat.<\/p>\n\n\n\n<p>Az Apple Watch, iPad \u00e9s MacBook z\u00f6kken\u0151mentesen csatlakozik az iPhone 14-hez, \u00edgy g\u00f6rd\u00fcl\u00e9keny \u00e9s egys\u00e9ges \u00e9lm\u00e9nyt ny\u00fajt minden eszk\u00f6z\u00f6d\u00f6n. Kezeld a feladataidat, k\u00fcldj \u00fczeneteket \u00e9s k\u00f6vesd v\u00e9gig a tev\u00e9kenys\u00e9geidet praktikus m\u00f3don.<\/p>\n\n\n\n<h4 class=\"wp-block-heading\">K\u00f6vetkeztet\u00e9s:<\/h4>\n\n\n\n<p>Az iPhone 14 t\u00f6bb mint egy okostelefon, ez egy olyan \u00e9lm\u00e9ny, amely t\u00falmutat a technol\u00f3gi\u00e1n. Er\u0151teljes teljes\u00edtm\u00e9ny\u00e9vel, forradalmi kamer\u00e1j\u00e1val, eleg\u00e1ns kialak\u00edt\u00e1s\u00e1val, fokozott adatv\u00e9delm\u00e9vel \u00e9s biztons\u00e1g\u00e1val, valamint integr\u00e1lt \u00f6kosziszt\u00e9m\u00e1j\u00e1val t\u00f6k\u00e9letes v\u00e1laszt\u00e1s azok sz\u00e1m\u00e1ra, akik a legjobbat akarj\u00e1k.<\/p>\n\n\n\n<p>T\u00f6k\u00e9letes a mindennapi ig\u00e9nyekhez, a ritka pillanatok meg\u00f6r\u00f6k\u00edt\u00e9s\u00e9hez, a kit\u0171n\u00e9shez b\u00e1rmilyen alkalomb\u00f3l, a szem\u00e9lyes adatok v\u00e9delm\u00e9hez vagy a megszokott rutin egyszer\u0171s\u00edt\u00e9s\u00e9hez \u2013 az iPhone 14 sokkal t\u00f6bbet k\u00edn\u00e1l, mint egy egyszer\u0171 eszk\u00f6z.<\/p>\n\n\n\n<p>Ez egy olyan eszk\u00f6z, amely jav\u00edthatja az \u00e9letedet \u00e9s kiv\u00e9teles \u00e9lm\u00e9nyt ny\u00fajthat.<\/p>\n\n\n\n<p>Egy iPhone 14 megv\u00e1s\u00e1rl\u00e1s\u00e1val a min\u0151s\u00e9gbe, az innov\u00e1ci\u00f3ba \u00e9s a megb\u00edzhat\u00f3s\u00e1gba fektetsz be. Az Apple ism\u00e9t fel\u00fclm\u00falta a v\u00e1rakoz\u00e1sokat, egy olyan k\u00e9sz\u00fcl\u00e9ket alkotva, amely a fejlett technol\u00f3gi\u00e1t eleg\u00e1ns diz\u00e1jnnal \u00f6tv\u00f6zi.<\/p>\n\n\n\n<p>Ak\u00e1r fot\u00f3z\u00e1srajong\u00f3 vagy, ak\u00e1r maxim\u00e1lis teljes\u00edtm\u00e9nyre v\u00e1gy\u00f3 profi, ak\u00e1r a mag\u00e1n\u00e9leted fontosnak tartod, az iPhone 14 minden ig\u00e9nyedet kiel\u00e9g\u00edti.<\/p>\n\n\n\n<p>Ez\u00e9rt ne felejtsd el figyelembe venni az ebben a cikkben bemutatott \u00f6t okot a d\u00f6nt\u00e9sed meghozatalakor. Az iPhone 14 nem csup\u00e1n egy okostelefon, hanem egy teljes \u00e9lm\u00e9ny, amely \u00e1talak\u00edthatja a mindennapjaidat.<\/p>\n\n\n\n<p>K\u00e9sz\u00fclj fel a meglepet\u00e9sekre, t\u0171nj ki a t\u00f6megb\u0151l, \u00e9s \u00e9lvezd az iPhone 14 \u00f6sszes el\u0151ny\u00e9t. \u00c9rezd az izgalmat, hogy egy olyan k\u00e9sz\u00fcl\u00e9ked van, amely fel\u00fclm\u00falja az elv\u00e1r\u00e1saidat, \u00e9s lehet\u0151v\u00e9 teszi a technol\u00f3gia sz\u00e1m\u00e1ra, hogy olyan m\u00f3don gazdag\u00edtsa az \u00e9letedet, amir\u0151l kor\u00e1bban \u00e1lmodni sem mert\u00e9l.<\/p>","protected":false},"excerpt":{"rendered":"<p>Egy \u00e9lm\u00e9ny, amely meghaladja a technol\u00f3gi\u00e1t<\/p>\n<p>Az egyre ink\u00e1bb \u00f6sszekapcsol\u00f3d\u00f3 vil\u00e1gban, amelyben \u00e9l\u00fcnk, a t\u00f6k\u00e9letes mobileszk\u00f6z kiv\u00e1laszt\u00e1sa elengedhetetlenn\u00e9 v\u00e1lik.<\/p>\n<p>A r\u00e9g\u00f3ta v\u00e1rt iPhone 14 megjelen\u00e9s\u00e9vel az Apple ism\u00e9t fel\u00fclm\u00falta a v\u00e1rakoz\u00e1sokat egy olyan \u00e9lm\u00e9nyt k\u00edn\u00e1lva, amely t\u00falmutat a technol\u00f3gi\u00e1n.<\/p>\n<p>Ebben a cikkben \u00f6t ellen\u00e1llhatatlan okot mutatunk be, ami\u00e9rt \u00e9rdemes megv\u00e1s\u00e1rolni az iPhone 14-et, \u00e9s felfedezheted, hogyan v\u00e1ltoztathatja meg az \u00e9letedet.<\/p>","protected":false},"author":219,"featured_media":2031,"comment_status":"closed","ping_status":"open","sticky":false,"template":"","format":"standard","meta":{"footnotes":""},"categories":[3],"tags":[386,417,948],"yoast_head":"<!-- This site is optimized with the Yoast SEO plugin v23.3 - https:\/\/yoast.com\/wordpress\/plugins\/seo\/ -->\n<title>5 Motivos para Ter um iPhone 14 - Universo Fam\u00edlia<\/title>\n<meta name=\"description\" content=\"5 Motivos para Ter um iPhone 14. A Experi\u00eancia que Transcende a Tecnologia. No mundo cada vez mais conectado em que vivemos,\" \/>\n<meta name=\"robots\" content=\"index, follow, max-snippet:-1, max-image-preview:large, max-video-preview:-1\" \/>\n<link rel=\"canonical\" href=\"http:\/\/universofamilia.com\/hu\/5-motivos-para-ter-um-iphone-14\/\" \/>\n<meta property=\"og:locale\" content=\"hu_HU\" \/>\n<meta property=\"og:type\" content=\"article\" \/>\n<meta property=\"og:title\" content=\"5 Motivos para Ter um iPhone 14 - Universo Fam\u00edlia\" \/>\n<meta property=\"og:description\" content=\"5 Motivos para Ter um iPhone 14. A Experi\u00eancia que Transcende a Tecnologia. No mundo cada vez mais conectado em que vivemos,\" \/>\n<meta property=\"og:url\" content=\"http:\/\/universofamilia.com\/hu\/5-motivos-para-ter-um-iphone-14\/\" \/>\n<meta property=\"og:site_name\" content=\"Universo Fam\u00edlia\" \/>\n<meta property=\"article:published_time\" content=\"2023-05-28T20:22:37+00:00\" \/>\n<meta property=\"article:modified_time\" content=\"2025-10-12T02:26:24+00:00\" \/>\n<meta property=\"og:image\" content=\"http:\/\/universofamilia.com\/wp-content\/uploads\/sites\/148\/2023\/05\/FOTO-DESTAQUE-iphone-universo-familia-448x350-.png\" \/>\n\t<meta property=\"og:image:width\" content=\"448\" \/>\n\t<meta property=\"og:image:height\" content=\"350\" \/>\n\t<meta property=\"og:image:type\" content=\"image\/png\" \/>\n<meta name=\"author\" content=\"Matheus Sangaletti\" \/>\n<meta name=\"twitter:card\" content=\"summary_large_image\" \/>\n<meta name=\"twitter:label1\" content=\"Written by\" \/>\n\t<meta name=\"twitter:data1\" content=\"Matheus Sangaletti\" \/>\n\t<meta name=\"twitter:label2\" content=\"Est. reading time\" \/>\n\t<meta name=\"twitter:data2\" content=\"5 perc\" \/>\n<script type=\"application\/ld+json\" class=\"yoast-schema-graph\">{\"@context\":\"https:\/\/schema.org\",\"@graph\":[{\"@type\":\"WebPage\",\"@id\":\"http:\/\/universofamilia.com\/sr\/5-motivos-para-ter-um-iphone-14\/\",\"url\":\"http:\/\/universofamilia.com\/sr\/5-motivos-para-ter-um-iphone-14\/\",\"name\":\"5 Motivos para Ter um iPhone 14 - Universo Fam\u00edlia\",\"isPartOf\":{\"@id\":\"https:\/\/universofamilia.com\/el\/#website\"},\"primaryImageOfPage\":{\"@id\":\"http:\/\/universofamilia.com\/sr\/5-motivos-para-ter-um-iphone-14\/#primaryimage\"},\"image\":{\"@id\":\"http:\/\/universofamilia.com\/sr\/5-motivos-para-ter-um-iphone-14\/#primaryimage\"},\"thumbnailUrl\":\"http:\/\/universofamilia.com\/wp-content\/uploads\/sites\/148\/2023\/05\/FOTO-DESTAQUE-iphone-universo-familia-448x350-.png\",\"datePublished\":\"2023-05-28T20:22:37+00:00\",\"dateModified\":\"2025-10-12T02:26:24+00:00\",\"author\":{\"@id\":\"https:\/\/universofamilia.com\/el\/#\/schema\/person\/92fcd07e9b1f4323bf74f3170fc0f78a\"},\"description\":\"5 Motivos para Ter um iPhone 14. A Experi\u00eancia que Transcende a Tecnologia. No mundo cada vez mais conectado em que vivemos,\",\"breadcrumb\":{\"@id\":\"http:\/\/universofamilia.com\/sr\/5-motivos-para-ter-um-iphone-14\/#breadcrumb\"},\"inLanguage\":\"hu\",\"potentialAction\":[{\"@type\":\"ReadAction\",\"target\":[\"http:\/\/universofamilia.com\/sr\/5-motivos-para-ter-um-iphone-14\/\"]}]},{\"@type\":\"ImageObject\",\"inLanguage\":\"hu\",\"@id\":\"http:\/\/universofamilia.com\/sr\/5-motivos-para-ter-um-iphone-14\/#primaryimage\",\"url\":\"http:\/\/universofamilia.com\/wp-content\/uploads\/sites\/148\/2023\/05\/FOTO-DESTAQUE-iphone-universo-familia-448x350-.png\",\"contentUrl\":\"http:\/\/universofamilia.com\/wp-content\/uploads\/sites\/148\/2023\/05\/FOTO-DESTAQUE-iphone-universo-familia-448x350-.png\",\"width\":448,\"height\":350},{\"@type\":\"BreadcrumbList\",\"@id\":\"http:\/\/universofamilia.com\/sr\/5-motivos-para-ter-um-iphone-14\/#breadcrumb\",\"itemListElement\":[{\"@type\":\"ListItem\",\"position\":1,\"name\":\"Home\",\"item\":\"https:\/\/universofamilia.com\/el\/\"},{\"@type\":\"ListItem\",\"position\":2,\"name\":\"5 Motivos para Ter um iPhone 14\"}]},{\"@type\":\"WebSite\",\"@id\":\"https:\/\/universofamilia.com\/el\/#website\",\"url\":\"https:\/\/universofamilia.com\/el\/\",\"name\":\"Universo Fam\u00edlia\",\"description\":\"\",\"potentialAction\":[{\"@type\":\"SearchAction\",\"target\":{\"@type\":\"EntryPoint\",\"urlTemplate\":\"https:\/\/universofamilia.com\/el\/?s={search_term_string}\"},\"query-input\":\"required name=search_term_string\"}],\"inLanguage\":\"hu\"},{\"@type\":\"Person\",\"@id\":\"https:\/\/universofamilia.com\/el\/#\/schema\/person\/92fcd07e9b1f4323bf74f3170fc0f78a\",\"name\":\"Matheus Sangaletti\",\"image\":{\"@type\":\"ImageObject\",\"inLanguage\":\"hu\",\"@id\":\"https:\/\/universofamilia.com\/el\/#\/schema\/person\/image\/\",\"url\":\"http:\/\/2.gravatar.com\/avatar\/280ea957a14a48e6a1ad2133d2cc27c9?s=96&d=mm&r=g\",\"contentUrl\":\"http:\/\/2.gravatar.com\/avatar\/280ea957a14a48e6a1ad2133d2cc27c9?s=96&d=mm&r=g\",\"caption\":\"Matheus Sangaletti\"},\"url\":\"http:\/\/universofamilia.com\/hu\/author\/matheuss\/\"}]}<\/script>\n<!-- \/ Yoast SEO plugin. -->","yoast_head_json":{"title":"5 Motivos para Ter um iPhone 14 - Universo Fam\u00edlia","description":"5 Motivos para Ter um iPhone 14. A Experi\u00eancia que Transcende a Tecnologia. No mundo cada vez mais conectado em que vivemos,","robots":{"index":"index","follow":"follow","max-snippet":"max-snippet:-1","max-image-preview":"max-image-preview:large","max-video-preview":"max-video-preview:-1"},"canonical":"http:\/\/universofamilia.com\/hu\/5-motivos-para-ter-um-iphone-14\/","og_locale":"hu_HU","og_type":"article","og_title":"5 Motivos para Ter um iPhone 14 - Universo Fam\u00edlia","og_description":"5 Motivos para Ter um iPhone 14. A Experi\u00eancia que Transcende a Tecnologia. No mundo cada vez mais conectado em que vivemos,","og_url":"http:\/\/universofamilia.com\/hu\/5-motivos-para-ter-um-iphone-14\/","og_site_name":"Universo Fam\u00edlia","article_published_time":"2023-05-28T20:22:37+00:00","article_modified_time":"2025-10-12T02:26:24+00:00","og_image":[{"width":448,"height":350,"url":"http:\/\/universofamilia.com\/wp-content\/uploads\/sites\/148\/2023\/05\/FOTO-DESTAQUE-iphone-universo-familia-448x350-.png","type":"image\/png"}],"author":"Matheus Sangaletti","twitter_card":"summary_large_image","twitter_misc":{"Written by":"Matheus Sangaletti","Est. reading time":"5 perc"},"schema":{"@context":"https:\/\/schema.org","@graph":[{"@type":"WebPage","@id":"http:\/\/universofamilia.com\/sr\/5-motivos-para-ter-um-iphone-14\/","url":"http:\/\/universofamilia.com\/sr\/5-motivos-para-ter-um-iphone-14\/","name":"5 Motivos para Ter um iPhone 14 - Universo Fam\u00edlia","isPartOf":{"@id":"https:\/\/universofamilia.com\/el\/#website"},"primaryImageOfPage":{"@id":"http:\/\/universofamilia.com\/sr\/5-motivos-para-ter-um-iphone-14\/#primaryimage"},"image":{"@id":"http:\/\/universofamilia.com\/sr\/5-motivos-para-ter-um-iphone-14\/#primaryimage"},"thumbnailUrl":"http:\/\/universofamilia.com\/wp-content\/uploads\/sites\/148\/2023\/05\/FOTO-DESTAQUE-iphone-universo-familia-448x350-.png","datePublished":"2023-05-28T20:22:37+00:00","dateModified":"2025-10-12T02:26:24+00:00","author":{"@id":"https:\/\/universofamilia.com\/el\/#\/schema\/person\/92fcd07e9b1f4323bf74f3170fc0f78a"},"description":"5 Motivos para Ter um iPhone 14. A Experi\u00eancia que Transcende a Tecnologia. No mundo cada vez mais conectado em que vivemos,","breadcrumb":{"@id":"http:\/\/universofamilia.com\/sr\/5-motivos-para-ter-um-iphone-14\/#breadcrumb"},"inLanguage":"hu","potentialAction":[{"@type":"ReadAction","target":["http:\/\/universofamilia.com\/sr\/5-motivos-para-ter-um-iphone-14\/"]}]},{"@type":"ImageObject","inLanguage":"hu","@id":"http:\/\/universofamilia.com\/sr\/5-motivos-para-ter-um-iphone-14\/#primaryimage","url":"http:\/\/universofamilia.com\/wp-content\/uploads\/sites\/148\/2023\/05\/FOTO-DESTAQUE-iphone-universo-familia-448x350-.png","contentUrl":"http:\/\/universofamilia.com\/wp-content\/uploads\/sites\/148\/2023\/05\/FOTO-DESTAQUE-iphone-universo-familia-448x350-.png","width":448,"height":350},{"@type":"BreadcrumbList","@id":"http:\/\/universofamilia.com\/sr\/5-motivos-para-ter-um-iphone-14\/#breadcrumb","itemListElement":[{"@type":"ListItem","position":1,"name":"Home","item":"https:\/\/universofamilia.com\/el\/"},{"@type":"ListItem","position":2,"name":"5 Motivos para Ter um iPhone 14"}]},{"@type":"WebSite","@id":"https:\/\/universofamilia.com\/el\/#website","url":"https:\/\/universofamilia.com\/el\/","name":"Universo Fam\u00edlia","description":"","potentialAction":[{"@type":"SearchAction","target":{"@type":"EntryPoint","urlTemplate":"https:\/\/universofamilia.com\/el\/?s={search_term_string}"},"query-input":"required name=search_term_string"}],"inLanguage":"hu"},{"@type":"Person","@id":"https:\/\/universofamilia.com\/el\/#\/schema\/person\/92fcd07e9b1f4323bf74f3170fc0f78a","name":"Matheus Sangaletti","image":{"@type":"ImageObject","inLanguage":"hu","@id":"https:\/\/universofamilia.com\/el\/#\/schema\/person\/image\/","url":"http:\/\/2.gravatar.com\/avatar\/280ea957a14a48e6a1ad2133d2cc27c9?s=96&d=mm&r=g","contentUrl":"http:\/\/2.gravatar.com\/avatar\/280ea957a14a48e6a1ad2133d2cc27c9?s=96&d=mm&r=g","caption":"Matheus Sangaletti"},"url":"http:\/\/universofamilia.com\/hu\/author\/matheuss\/"}]}},"_links":{"self":[{"href":"http:\/\/universofamilia.com\/hu\/wp-json\/wp\/v2\/posts\/2027"}],"collection":[{"href":"http:\/\/universofamilia.com\/hu\/wp-json\/wp\/v2\/posts"}],"about":[{"href":"http:\/\/universofamilia.com\/hu\/wp-json\/wp\/v2\/types\/post"}],"author":[{"embeddable":true,"href":"http:\/\/universofamilia.com\/hu\/wp-json\/wp\/v2\/users\/219"}],"replies":[{"embeddable":true,"href":"http:\/\/universofamilia.com\/hu\/wp-json\/wp\/v2\/comments?post=2027"}],"version-history":[{"count":1,"href":"http:\/\/universofamilia.com\/hu\/wp-json\/wp\/v2\/posts\/2027\/revisions"}],"predecessor-version":[{"id":10008,"href":"http:\/\/universofamilia.com\/hu\/wp-json\/wp\/v2\/posts\/2027\/revisions\/10008"}],"wp:featuredmedia":[{"embeddable":true,"href":"http:\/\/universofamilia.com\/hu\/wp-json\/wp\/v2\/media\/2031"}],"wp:attachment":[{"href":"http:\/\/universofamilia.com\/hu\/wp-json\/wp\/v2\/media?parent=2027"}],"wp:term":[{"taxonomy":"category","embeddable":true,"href":"http:\/\/universofamilia.com\/hu\/wp-json\/wp\/v2\/categories?post=2027"},{"taxonomy":"post_tag","embeddable":true,"href":"http:\/\/universofamilia.com\/hu\/wp-json\/wp\/v2\/tags?post=2027"}],"curies":[{"name":"wp","href":"https:\/\/api.w.org\/{rel}","templated":true}]}}