{"id":2068,"date":"2023-05-29T19:32:18","date_gmt":"2023-05-29T22:32:18","guid":{"rendered":"https:\/\/universofamilia.com\/?p=2068"},"modified":"2025-08-04T21:56:38","modified_gmt":"2025-08-05T00:56:38","slug":"os-5-apps-mais-usados-entre-os-jovens","status":"publish","type":"post","link":"http:\/\/universofamilia.com\/hu\/os-5-apps-mais-usados-entre-os-jovens\/","title":{"rendered":"Az 5 leggyakrabban haszn\u00e1lt alkalmaz\u00e1s a fiatalok k\u00f6r\u00e9ben"},"content":{"rendered":"<p>Uma Janela az \u00f6sszekapcsolt vil\u00e1g\u00e9rt<\/p>\n\n\n\n<p>Fedezze fel k\u00e9t olyan alkalmaz\u00e1s n\u00e9pszer\u0171s\u00e9g\u00e9t \u00e9s hat\u00e1s\u00e1t, amelyek uralj\u00e1k az \u00faj gener\u00e1ci\u00f3 mindennapjait.<\/p>\n\n\n\n<p>A technol\u00f3giai fejl\u0151d\u00e9s megnyitja az utat a konnektivit\u00e1s \u00faj korszaka el\u0151tt, ahol a fiatalok egyedi m\u00f3dot tal\u00e1lnak az \u00f6nkifejez\u00e9sre, a tapasztalatok megoszt\u00e1s\u00e1ra \u00e9s az \u00e9rtelmes kapcsolatok kialak\u00edt\u00e1s\u00e1ra.<\/p>\n\n\n\n<p>Ebben az \u00f6sszef\u00fcgg\u00e9sben a mobilalkalmaz\u00e1sok k\u00f6zponti szerepet j\u00e1tszanak, hozz\u00e1f\u00e9r\u00e9st biztos\u00edtva a lehet\u0151s\u00e9gekkel teli virtu\u00e1lis vil\u00e1ghoz. Ebben a cikkben megvizsg\u00e1ljuk az \u00f6t, a fiatalok k\u00f6r\u00e9ben leggyakrabban haszn\u00e1lt alkalmaz\u00e1st, felt\u00e1rva azok hat\u00e1s\u00e1t \u00e9s fontoss\u00e1g\u00e1t a mai t\u00e1rsadalomban.<\/p>\n\n\n\n<h3 class=\"wp-block-heading\">L\u00e1sd m\u00e9g:<\/h3>\n\n\n\n<p><a href=\"http:\/\/universofamilia.com\/hu\/os-melhores-apps-de-emagrecimento-gratuitos\/\" target=\"_blank\" rel=\"noreferrer noopener\">A legjobb ingyenes emagrecimento alkalmaz\u00e1sok<\/a><\/p>\n\n\n\n<h4 class=\"wp-block-heading\">1. Bar\u00e1tkozz m\u00e1sokkal <a href=\"https:\/\/www.instagram.com\/\" target=\"_blank\" rel=\"noreferrer noopener\">Instagram<\/a><\/h4>\n\n\n\n<p>Az Instagram, t\u00f6bb milli\u00e1rd akt\u00edv felhaszn\u00e1l\u00f3j\u00e1val, glob\u00e1lis jelens\u00e9gg\u00e9 v\u00e1lt. Intuit\u00edv fel\u00fclet\u00e9vel \u00e9s innovat\u00edv er\u0151forr\u00e1saival ez a fot\u00f3- \u00e9s vide\u00f3megoszt\u00f3 platform \u00f6szt\u00f6nzi a fiatalok fant\u00e1zi\u00e1j\u00e1t. <\/p>\n\n\n\n<p>Ez egy lehet\u0151s\u00e9g arra, hogy egyedi profilt hozz l\u00e9tre, meg\u00f6r\u00f6k\u00edtsd a k\u00fcl\u00f6nleges pillanatokat, \u00e9s k\u00f6vesd a bar\u00e1taidat, h\u00edress\u00e9geket \u00e9s kedvenc m\u00e1rk\u00e1idat. Az Instagramon a fiatalok vizu\u00e1lis hangot tal\u00e1lhatnak kreativit\u00e1suk kifejez\u00e9s\u00e9re, mik\u00f6zben naprak\u00e9szek maradhatnak a leg\u00fajabb trendekkel \u00e9s esem\u00e9nyekkel kapcsolatban.<\/p>\n\n\n\n<h4 class=\"wp-block-heading\">2. Kommunik\u00e1ljon \u00fagy, mint <a href=\"https:\/\/www.whatsapp.com\/?lang=pt_br\" target=\"_blank\" rel=\"noreferrer noopener\">WhatsApp<\/a><\/h4>\n\n\n\n<p>A rohan\u00f3 vil\u00e1gunkban az azonnali kommunik\u00e1ci\u00f3 alapvet\u0151 sz\u00fcks\u00e9glet. Itt j\u00e1tszik kulcsszerepet a WhatsApp, amely lehet\u0151v\u00e9 teszi a fiatalok sz\u00e1m\u00e1ra, hogy gyorsan \u00e9s egyszer\u0171en kapcsolatba l\u00e9pjenek bar\u00e1taikkal, csal\u00e1djukkal \u00e9s koll\u00e9g\u00e1ikkal. <\/p>\n\n\n\n<p>A hangh\u00edv\u00e1sok, sz\u00f6veges \u00fczenetek, s\u0151t ak\u00e1r videoh\u00edv\u00e1sok, vagy ak\u00e1r a WhatsApp is \u00e1talak\u00edtotta a kapcsolatainkat. A fiatalok csoportokat is l\u00e9trehozhatnak k\u00f6z\u00f6s \u00e9rdekl\u0151d\u00e9si k\u00f6r\u00f6k megoszt\u00e1s\u00e1ra \u00e9s esem\u00e9nyek szervez\u00e9s\u00e9re, fenntartva szeretteik t\u00e1mogat\u00f3 h\u00e1l\u00f3zat\u00e1t.<\/p>\n\n\n\n<h4 class=\"wp-block-heading\">3. Fedezze fel a com o-t <a href=\"https:\/\/www.youtube.com\/\" target=\"_blank\" rel=\"noreferrer noopener\">YouTube<\/a><\/h4>\n\n\n<div class=\"wp-block-image\">\n<figure class=\"aligncenter size-full\"><img loading=\"lazy\" decoding=\"async\" width=\"550\" height=\"350\" src=\"http:\/\/universofamilia.com\/wp-content\/uploads\/sites\/148\/2023\/05\/POST-APPs-Iphone-14-universo-familia-4.png\" alt=\"\" class=\"wp-image-2070\" srcset=\"http:\/\/universofamilia.com\/wp-content\/uploads\/sites\/148\/2023\/05\/POST-APPs-Iphone-14-universo-familia-4.png 550w, http:\/\/universofamilia.com\/wp-content\/uploads\/sites\/148\/2023\/05\/POST-APPs-Iphone-14-universo-familia-4-300x191.png 300w\" sizes=\"(max-width: 550px) 100vw, 550px\" \/><\/figure><\/div>\n\n\n<p>A YouTube forradalmas\u00edtotta a vide\u00f3tartalom fogyaszt\u00e1s\u00e1nak m\u00f3dj\u00e1t. Ezen a platformon kereszt\u00fcl a fiatalok sz\u00e1mos vide\u00f3t fedezhetnek fel, a szem\u00e9lyes oktat\u00f3anyagokt\u00f3l a szem\u00e9lyes vlogokig, bele\u00e9rtve a zen\u00e9t, a humort \u00e9s m\u00e9g sok m\u00e1st.<\/p>\n\n\n\n<p>Egyszer\u0171 kutat\u00e1ssal b\u00e1rmilyen, minket \u00e9rdekl\u0151 t\u00e9m\u00e1ba belemer\u00e9szkedhet\u00fcnk. Azonban sok fiatal tal\u00e1lt m\u00e1r a YouTube-on egy platformot saj\u00e1t tartalmak l\u00e9trehoz\u00e1s\u00e1ra, szenved\u00e9lyei kifejez\u00e9s\u00e9re \u00e9s digit\u00e1lis influenszerk\u00e9nt karrier\u00e9p\u00edt\u00e9sre.<\/p>\n\n\n\n<h4 class=\"wp-block-heading\">4. \u00c9rezd j\u00f3l magad, ahogy <a href=\"https:\/\/www.tiktok.com\/pt-BR\/\" target=\"_blank\" rel=\"noreferrer noopener\">TikTok<\/a><\/h4>\n\n\n\n<p>A TikTok megh\u00f3d\u00edtotta a vil\u00e1got a r\u00f6vid \u00e9s kreat\u00edv vide\u00f3k egyedi c\u00e9lj\u00e1val. Egy \u00e9l\u00e9nk \u00e9s elk\u00f6telezett k\u00f6z\u00f6ss\u00e9ggel a fiataloknak lehet\u0151s\u00e9g\u00fck van eredeti tartalmakat k\u00e9sz\u00edteni, speci\u00e1lis effekteket hozz\u00e1adni \u00e9s maguk is r\u00e9szt venni vir\u00e1lis kih\u00edv\u00e1sokban. <\/p>\n\n\n\n<p>A TikTok a sz\u00f3rakoz\u00e1s megker\u00fclhetetlen forr\u00e1sa, amely sz\u00f3rakoztat\u00f3 m\u00f3dot k\u00edn\u00e1l a fiataloknak az \u00f6nkifejez\u00e9sre \u00e9s a kapcsolatfelv\u00e9telre m\u00e1sokkal szerte a vil\u00e1gon. N\u00f6vekv\u0151 n\u00e9pszer\u0171s\u00e9g\u00e9vel ez az alkalmaz\u00e1s tov\u00e1bbra is form\u00e1lja az ifj\u00fas\u00e1gi kult\u00far\u00e1t.<\/p>\n\n\n\n<h4 class=\"wp-block-heading\">5. Ismerje meg, hogyan <a href=\"https:\/\/pt.duolingo.com\/\" target=\"_blank\" rel=\"noreferrer noopener\">Duolingo<\/a><\/h4>\n\n\n<div class=\"wp-block-image\">\n<figure class=\"aligncenter size-full\"><img loading=\"lazy\" decoding=\"async\" width=\"550\" height=\"350\" src=\"http:\/\/universofamilia.com\/wp-content\/uploads\/sites\/148\/2023\/05\/POST-APPs-Iphone-14-universo-familia-3.png\" alt=\"\" class=\"wp-image-2069\" srcset=\"http:\/\/universofamilia.com\/wp-content\/uploads\/sites\/148\/2023\/05\/POST-APPs-Iphone-14-universo-familia-3.png 550w, http:\/\/universofamilia.com\/wp-content\/uploads\/sites\/148\/2023\/05\/POST-APPs-Iphone-14-universo-familia-3-300x191.png 300w\" sizes=\"(max-width: 550px) 100vw, 550px\" \/><\/figure><\/div>\n\n\n<p>Ahogy a vil\u00e1g egyre globaliz\u00e1l\u00f3dik, az \u00faj nyelvek tanul\u00e1sa \u00e9rt\u00e9kes k\u00e9szs\u00e9gg\u00e9 v\u00e1lik. A Duolingo kiemelkedik a k\u00e9t legn\u00e9pszer\u0171bb nyelvtanul\u00e1si alkalmaz\u00e1s egyikek\u00e9nt.<\/p>\n\n\n\n<p>Interakt\u00edv leck\u00e9k, j\u00e1t\u00e9kok \u00e9s kih\u00edv\u00e1sok seg\u00edts\u00e9g\u00e9vel a fiatalok sz\u00e1mos nyelvet fedezhetnek fel, \u00e9s saj\u00e1t temp\u00f3jukban fejleszthetik nyelvi k\u00e9szs\u00e9geiket. A Duolingo sz\u00f3rakoztat\u00f3v\u00e1 \u00e9s mag\u00e1val ragad\u00f3v\u00e1 teszi a tanul\u00e1st, \u00f6szt\u00f6n\u00f6zve a fiatalokat az \u00faj nyelvek foly\u00e9kony elsaj\u00e1t\u00edt\u00e1s\u00e1ra \u00e9s kultur\u00e1lis l\u00e1t\u00f3k\u00f6r\u00fck b\u0151v\u00edt\u00e9s\u00e9re.<\/p>\n\n\n\n<p>Ez az \u00f6t alkalmaz\u00e1s nemcsak a fiatalokat vonzza, hanem fontos szerepet j\u00e1tszik identit\u00e1suk kialakul\u00e1s\u00e1ban \u00e9s abban is, hogyan l\u00e9pnek interakci\u00f3ba a k\u00f6r\u00fcl\u00f6tt\u00fck l\u00e9v\u0151 vil\u00e1ggal.<\/p>\n\n\n\n<p>Az Instagramon kereszt\u00fcl kifejezheted vizu\u00e1lis kreativit\u00e1sodat. A WhatsAppon pedig azonnali kapcsolatot biztos\u00edthatsz a sz\u00e1modra fontos emberekkel.<\/p>\n\n\n\n<p>A YouTube egy csatorn\u00e1t k\u00edn\u00e1l, ahol k\u00fcl\u00f6nb\u00f6z\u0151 tartalmakat \u00e9s \u00e9rdekl\u0151d\u00e9si k\u00f6r\u00f6ket fedezhetsz fel. A TikTok soksz\u00edn\u0171s\u00e9get \u00e9s sz\u00f3rakoz\u00e1st k\u00edn\u00e1l r\u00f6vid \u00e9s mag\u00e1val ragad\u00f3 vide\u00f3kon kereszt\u00fcl. Az Eo Duolingo lehet\u0151v\u00e9 teszi \u00faj nyelvek tanul\u00e1s\u00e1t, megnyitva a j\u00f6v\u0151 kapuit.<\/p>\n\n\n\n<p>Fontos azonban megjegyezni, hogy ezeknek az alkalmaz\u00e1soknak a haszn\u00e1lata kih\u00edv\u00e1sokkal \u00e9s felel\u0151ss\u00e9ggel is j\u00e1r. A fiataloknak tiszt\u00e1ban kell lenni\u00fck k\u00e9t, az online adatv\u00e9delemmel \u00e9s biztons\u00e1ggal kapcsolatos kock\u00e1zattal.<\/p>\n\n\n\n<p>L\u00e9nyeges, hogy \u00fatmutat\u00e1st kapj arr\u00f3l, hogyan haszn\u00e1ld ezeket a platformokat tudatosan \u00e9s felel\u0151ss\u00e9gteljesen, v\u00e9dve a szem\u00e9lyazonoss\u00e1godat \u00e9s biztons\u00e1gosan kommunik\u00e1lva.<\/p>\n\n\n\n<h4 class=\"wp-block-heading\">K\u00f6vetkeztet\u00e9s<\/h4>\n\n\n\n<p>R\u00f6viden, az eml\u00edtett alkalmaz\u00e1sok csak p\u00e9ld\u00e1kat jelentenek a fiatalok \u00e1ltal nap mint nap felfedezett hatalmas digit\u00e1lis vil\u00e1gra. Ezek a technol\u00f3giai eszk\u00f6z\u00f6k \u00e9let\u00fck szerves r\u00e9sz\u00e9v\u00e9 v\u00e1lnak, lehet\u0151v\u00e9 t\u00e9ve sz\u00e1mukra a kifejez\u00e9st, a kommunik\u00e1ci\u00f3t, a tanul\u00e1st \u00e9s a sz\u00f3rakoz\u00e1st. Azonban meg kell tal\u00e1lni az egyens\u00falyt a virtu\u00e1lis \u00e9s a val\u00f3 vil\u00e1g k\u00f6z\u00f6tt, \u00e9s meg kell pr\u00f3b\u00e1lni kihaszn\u00e1lni az \u00f6sszes olyan lehet\u0151s\u00e9get, amelyet az offline \u00e9let f\u00e9l k\u00edn\u00e1lni.<\/p>\n\n\n\n<p>Ahogy a technol\u00f3gia folyamatosan fejl\u0151dik, \u00faj alkalmaz\u00e1sok jelennek meg, \u00e9s az ifj\u00fas\u00e1gi kult\u00fara dinamik\u00e1ja is v\u00e1ltozik. Azonban ezeknek a platformoknak a fiatalok \u00f6sszekapcsol\u00e1s\u00e1ra, inspir\u00e1l\u00e1s\u00e1ra \u00e9s felhatalmaz\u00e1s\u00e1ra val\u00f3 ereje v\u00e1ltozatlan marad. Mindenkinek rajta m\u00falik, hogy a lehet\u0151 legt\u00f6bbet hozza ki ezekb\u0151l az eszk\u00f6z\u00f6kb\u0151l, biztos\u00edtva, hogy azokat a szem\u00e9lyes gazdagod\u00e1s \u00e9s n\u00f6veked\u00e9s forr\u00e1sak\u00e9nt haszn\u00e1lj\u00e1k, egy egyre \u00edg\u00e9retesebb digit\u00e1lis j\u00f6v\u0151t \u00e9p\u00edtve.<\/p>","protected":false},"excerpt":{"rendered":"<p>Uma Janela az \u00f6sszekapcsolt vil\u00e1g\u00e9rt<br \/>\nFedezze fel k\u00e9t olyan alkalmaz\u00e1s n\u00e9pszer\u0171s\u00e9g\u00e9t \u00e9s hat\u00e1s\u00e1t, amelyek uralj\u00e1k az \u00faj gener\u00e1ci\u00f3 mindennapjait.<br \/>\nA technol\u00f3giai fejl\u0151d\u00e9s megnyitja az utat a konnektivit\u00e1s \u00faj korszaka el\u0151tt, ahol a fiatalok egyedi m\u00f3dot tal\u00e1lnak az \u00f6nkifejez\u00e9sre, a tapasztalatok megoszt\u00e1s\u00e1ra \u00e9s az \u00e9rtelmes kapcsolatok kialak\u00edt\u00e1s\u00e1ra.<br \/>\nNesse kontextus\u00e1ban a mobilalkalmaz\u00e1sok k\u00f6zponti szerepet j\u00e1tszanak,<\/p>","protected":false},"author":139,"featured_media":2071,"comment_status":"closed","ping_status":"open","sticky":false,"template":"","format":"standard","meta":{"footnotes":""},"categories":[2],"tags":[38,386,417],"yoast_head":"<!-- This site is optimized with the Yoast SEO plugin v23.3 - https:\/\/yoast.com\/wordpress\/plugins\/seo\/ -->\n<title>Os 5 Apps Mais Usados Entre os Jovens - Universo Fam\u00edlia<\/title>\n<meta name=\"description\" content=\"Os 5 Apps Mais Usados Entre os Jovens. Uma Janela para o Mundo Conectado. Descubra a popularidade e o impacto dos aplicativos que\" \/>\n<meta name=\"robots\" content=\"index, follow, max-snippet:-1, max-image-preview:large, max-video-preview:-1\" \/>\n<link rel=\"canonical\" href=\"http:\/\/universofamilia.com\/hu\/os-5-apps-mais-usados-entre-os-jovens\/\" \/>\n<meta property=\"og:locale\" content=\"hu_HU\" \/>\n<meta property=\"og:type\" content=\"article\" \/>\n<meta property=\"og:title\" content=\"Os 5 Apps Mais Usados Entre os Jovens - Universo Fam\u00edlia\" \/>\n<meta property=\"og:description\" content=\"Os 5 Apps Mais Usados Entre os Jovens. Uma Janela para o Mundo Conectado. Descubra a popularidade e o impacto dos aplicativos que\" \/>\n<meta property=\"og:url\" content=\"http:\/\/universofamilia.com\/hu\/os-5-apps-mais-usados-entre-os-jovens\/\" \/>\n<meta property=\"og:site_name\" content=\"Universo Fam\u00edlia\" \/>\n<meta property=\"article:published_time\" content=\"2023-05-29T22:32:18+00:00\" \/>\n<meta property=\"article:modified_time\" content=\"2025-08-05T00:56:38+00:00\" \/>\n<meta property=\"og:image\" content=\"http:\/\/universofamilia.com\/wp-content\/uploads\/sites\/148\/2023\/05\/FOTO-DESTAQUE-iphone-universo-familia-448x350-1.png\" \/>\n\t<meta property=\"og:image:width\" content=\"448\" \/>\n\t<meta property=\"og:image:height\" content=\"350\" \/>\n\t<meta property=\"og:image:type\" content=\"image\/png\" \/>\n<meta name=\"author\" content=\"Pedro Henrique\" \/>\n<meta name=\"twitter:card\" content=\"summary_large_image\" \/>\n<meta name=\"twitter:label1\" content=\"Written by\" \/>\n\t<meta name=\"twitter:data1\" content=\"Pedro Henrique\" \/>\n\t<meta name=\"twitter:label2\" content=\"Est. reading time\" \/>\n\t<meta name=\"twitter:data2\" content=\"5 perc\" \/>\n<script type=\"application\/ld+json\" class=\"yoast-schema-graph\">{\"@context\":\"https:\/\/schema.org\",\"@graph\":[{\"@type\":\"WebPage\",\"@id\":\"http:\/\/universofamilia.com\/sr\/os-5-apps-mais-usados-entre-os-jovens\/\",\"url\":\"http:\/\/universofamilia.com\/sr\/os-5-apps-mais-usados-entre-os-jovens\/\",\"name\":\"Os 5 Apps Mais Usados Entre os Jovens - Universo Fam\u00edlia\",\"isPartOf\":{\"@id\":\"https:\/\/universofamilia.com\/el\/#website\"},\"primaryImageOfPage\":{\"@id\":\"http:\/\/universofamilia.com\/sr\/os-5-apps-mais-usados-entre-os-jovens\/#primaryimage\"},\"image\":{\"@id\":\"http:\/\/universofamilia.com\/sr\/os-5-apps-mais-usados-entre-os-jovens\/#primaryimage\"},\"thumbnailUrl\":\"http:\/\/universofamilia.com\/wp-content\/uploads\/sites\/148\/2023\/05\/FOTO-DESTAQUE-iphone-universo-familia-448x350-1.png\",\"datePublished\":\"2023-05-29T22:32:18+00:00\",\"dateModified\":\"2025-08-05T00:56:38+00:00\",\"author\":{\"@id\":\"https:\/\/universofamilia.com\/el\/#\/schema\/person\/f07ce98187dd84d31154262e79b3b7ca\"},\"description\":\"Os 5 Apps Mais Usados Entre os Jovens. Uma Janela para o Mundo Conectado. Descubra a popularidade e o impacto dos aplicativos que\",\"breadcrumb\":{\"@id\":\"http:\/\/universofamilia.com\/sr\/os-5-apps-mais-usados-entre-os-jovens\/#breadcrumb\"},\"inLanguage\":\"hu\",\"potentialAction\":[{\"@type\":\"ReadAction\",\"target\":[\"http:\/\/universofamilia.com\/sr\/os-5-apps-mais-usados-entre-os-jovens\/\"]}]},{\"@type\":\"ImageObject\",\"inLanguage\":\"hu\",\"@id\":\"http:\/\/universofamilia.com\/sr\/os-5-apps-mais-usados-entre-os-jovens\/#primaryimage\",\"url\":\"http:\/\/universofamilia.com\/wp-content\/uploads\/sites\/148\/2023\/05\/FOTO-DESTAQUE-iphone-universo-familia-448x350-1.png\",\"contentUrl\":\"http:\/\/universofamilia.com\/wp-content\/uploads\/sites\/148\/2023\/05\/FOTO-DESTAQUE-iphone-universo-familia-448x350-1.png\",\"width\":448,\"height\":350},{\"@type\":\"BreadcrumbList\",\"@id\":\"http:\/\/universofamilia.com\/sr\/os-5-apps-mais-usados-entre-os-jovens\/#breadcrumb\",\"itemListElement\":[{\"@type\":\"ListItem\",\"position\":1,\"name\":\"Home\",\"item\":\"https:\/\/universofamilia.com\/el\/\"},{\"@type\":\"ListItem\",\"position\":2,\"name\":\"Os 5 Apps Mais Usados Entre os Jovens\"}]},{\"@type\":\"WebSite\",\"@id\":\"https:\/\/universofamilia.com\/el\/#website\",\"url\":\"https:\/\/universofamilia.com\/el\/\",\"name\":\"Universo Fam\u00edlia\",\"description\":\"\",\"potentialAction\":[{\"@type\":\"SearchAction\",\"target\":{\"@type\":\"EntryPoint\",\"urlTemplate\":\"https:\/\/universofamilia.com\/el\/?s={search_term_string}\"},\"query-input\":\"required name=search_term_string\"}],\"inLanguage\":\"hu\"},{\"@type\":\"Person\",\"@id\":\"https:\/\/universofamilia.com\/el\/#\/schema\/person\/f07ce98187dd84d31154262e79b3b7ca\",\"name\":\"Pedro Henrique\",\"image\":{\"@type\":\"ImageObject\",\"inLanguage\":\"hu\",\"@id\":\"https:\/\/universofamilia.com\/el\/#\/schema\/person\/image\/\",\"url\":\"http:\/\/0.gravatar.com\/avatar\/9edfeb808cb4e1599f64d6e45b130154?s=96&d=mm&r=g\",\"contentUrl\":\"http:\/\/0.gravatar.com\/avatar\/9edfeb808cb4e1599f64d6e45b130154?s=96&d=mm&r=g\",\"caption\":\"Pedro Henrique\"},\"url\":\"http:\/\/universofamilia.com\/hu\/author\/editor01\/\"}]}<\/script>\n<!-- \/ Yoast SEO plugin. -->","yoast_head_json":{"title":"Os 5 Apps Mais Usados Entre os Jovens - Universo Fam\u00edlia","description":"Os 5 Apps Mais Usados Entre os Jovens. Uma Janela para o Mundo Conectado. Descubra a popularidade e o impacto dos aplicativos que","robots":{"index":"index","follow":"follow","max-snippet":"max-snippet:-1","max-image-preview":"max-image-preview:large","max-video-preview":"max-video-preview:-1"},"canonical":"http:\/\/universofamilia.com\/hu\/os-5-apps-mais-usados-entre-os-jovens\/","og_locale":"hu_HU","og_type":"article","og_title":"Os 5 Apps Mais Usados Entre os Jovens - Universo Fam\u00edlia","og_description":"Os 5 Apps Mais Usados Entre os Jovens. Uma Janela para o Mundo Conectado. Descubra a popularidade e o impacto dos aplicativos que","og_url":"http:\/\/universofamilia.com\/hu\/os-5-apps-mais-usados-entre-os-jovens\/","og_site_name":"Universo Fam\u00edlia","article_published_time":"2023-05-29T22:32:18+00:00","article_modified_time":"2025-08-05T00:56:38+00:00","og_image":[{"width":448,"height":350,"url":"http:\/\/universofamilia.com\/wp-content\/uploads\/sites\/148\/2023\/05\/FOTO-DESTAQUE-iphone-universo-familia-448x350-1.png","type":"image\/png"}],"author":"Pedro Henrique","twitter_card":"summary_large_image","twitter_misc":{"Written by":"Pedro Henrique","Est. reading time":"5 perc"},"schema":{"@context":"https:\/\/schema.org","@graph":[{"@type":"WebPage","@id":"http:\/\/universofamilia.com\/sr\/os-5-apps-mais-usados-entre-os-jovens\/","url":"http:\/\/universofamilia.com\/sr\/os-5-apps-mais-usados-entre-os-jovens\/","name":"Os 5 Apps Mais Usados Entre os Jovens - Universo Fam\u00edlia","isPartOf":{"@id":"https:\/\/universofamilia.com\/el\/#website"},"primaryImageOfPage":{"@id":"http:\/\/universofamilia.com\/sr\/os-5-apps-mais-usados-entre-os-jovens\/#primaryimage"},"image":{"@id":"http:\/\/universofamilia.com\/sr\/os-5-apps-mais-usados-entre-os-jovens\/#primaryimage"},"thumbnailUrl":"http:\/\/universofamilia.com\/wp-content\/uploads\/sites\/148\/2023\/05\/FOTO-DESTAQUE-iphone-universo-familia-448x350-1.png","datePublished":"2023-05-29T22:32:18+00:00","dateModified":"2025-08-05T00:56:38+00:00","author":{"@id":"https:\/\/universofamilia.com\/el\/#\/schema\/person\/f07ce98187dd84d31154262e79b3b7ca"},"description":"Os 5 Apps Mais Usados Entre os Jovens. Uma Janela para o Mundo Conectado. Descubra a popularidade e o impacto dos aplicativos que","breadcrumb":{"@id":"http:\/\/universofamilia.com\/sr\/os-5-apps-mais-usados-entre-os-jovens\/#breadcrumb"},"inLanguage":"hu","potentialAction":[{"@type":"ReadAction","target":["http:\/\/universofamilia.com\/sr\/os-5-apps-mais-usados-entre-os-jovens\/"]}]},{"@type":"ImageObject","inLanguage":"hu","@id":"http:\/\/universofamilia.com\/sr\/os-5-apps-mais-usados-entre-os-jovens\/#primaryimage","url":"http:\/\/universofamilia.com\/wp-content\/uploads\/sites\/148\/2023\/05\/FOTO-DESTAQUE-iphone-universo-familia-448x350-1.png","contentUrl":"http:\/\/universofamilia.com\/wp-content\/uploads\/sites\/148\/2023\/05\/FOTO-DESTAQUE-iphone-universo-familia-448x350-1.png","width":448,"height":350},{"@type":"BreadcrumbList","@id":"http:\/\/universofamilia.com\/sr\/os-5-apps-mais-usados-entre-os-jovens\/#breadcrumb","itemListElement":[{"@type":"ListItem","position":1,"name":"Home","item":"https:\/\/universofamilia.com\/el\/"},{"@type":"ListItem","position":2,"name":"Os 5 Apps Mais Usados Entre os Jovens"}]},{"@type":"WebSite","@id":"https:\/\/universofamilia.com\/el\/#website","url":"https:\/\/universofamilia.com\/el\/","name":"Universo Fam\u00edlia","description":"","potentialAction":[{"@type":"SearchAction","target":{"@type":"EntryPoint","urlTemplate":"https:\/\/universofamilia.com\/el\/?s={search_term_string}"},"query-input":"required name=search_term_string"}],"inLanguage":"hu"},{"@type":"Person","@id":"https:\/\/universofamilia.com\/el\/#\/schema\/person\/f07ce98187dd84d31154262e79b3b7ca","name":"Pedro Henrique","image":{"@type":"ImageObject","inLanguage":"hu","@id":"https:\/\/universofamilia.com\/el\/#\/schema\/person\/image\/","url":"http:\/\/0.gravatar.com\/avatar\/9edfeb808cb4e1599f64d6e45b130154?s=96&d=mm&r=g","contentUrl":"http:\/\/0.gravatar.com\/avatar\/9edfeb808cb4e1599f64d6e45b130154?s=96&d=mm&r=g","caption":"Pedro Henrique"},"url":"http:\/\/universofamilia.com\/hu\/author\/editor01\/"}]}},"_links":{"self":[{"href":"http:\/\/universofamilia.com\/hu\/wp-json\/wp\/v2\/posts\/2068"}],"collection":[{"href":"http:\/\/universofamilia.com\/hu\/wp-json\/wp\/v2\/posts"}],"about":[{"href":"http:\/\/universofamilia.com\/hu\/wp-json\/wp\/v2\/types\/post"}],"author":[{"embeddable":true,"href":"http:\/\/universofamilia.com\/hu\/wp-json\/wp\/v2\/users\/139"}],"replies":[{"embeddable":true,"href":"http:\/\/universofamilia.com\/hu\/wp-json\/wp\/v2\/comments?post=2068"}],"version-history":[{"count":1,"href":"http:\/\/universofamilia.com\/hu\/wp-json\/wp\/v2\/posts\/2068\/revisions"}],"predecessor-version":[{"id":9668,"href":"http:\/\/universofamilia.com\/hu\/wp-json\/wp\/v2\/posts\/2068\/revisions\/9668"}],"wp:featuredmedia":[{"embeddable":true,"href":"http:\/\/universofamilia.com\/hu\/wp-json\/wp\/v2\/media\/2071"}],"wp:attachment":[{"href":"http:\/\/universofamilia.com\/hu\/wp-json\/wp\/v2\/media?parent=2068"}],"wp:term":[{"taxonomy":"category","embeddable":true,"href":"http:\/\/universofamilia.com\/hu\/wp-json\/wp\/v2\/categories?post=2068"},{"taxonomy":"post_tag","embeddable":true,"href":"http:\/\/universofamilia.com\/hu\/wp-json\/wp\/v2\/tags?post=2068"}],"curies":[{"name":"wp","href":"https:\/\/api.w.org\/{rel}","templated":true}]}}