{"id":2073,"date":"2023-05-30T14:30:47","date_gmt":"2023-05-30T17:30:47","guid":{"rendered":"https:\/\/universofamilia.com\/?p=2073"},"modified":"2025-08-04T21:55:30","modified_gmt":"2025-08-05T00:55:30","slug":"a-rede-social-que-mais-cresce-no-mundo","status":"publish","type":"post","link":"http:\/\/universofamilia.com\/hu\/a-rede-social-que-mais-cresce-no-mundo\/","title":{"rendered":"A k\u00f6z\u00f6ss\u00e9gi h\u00e1l\u00f3ra, hogy m\u00e9g t\u00f6bb Cresce no Mundo!"},"content":{"rendered":"<h4 class=\"wp-block-heading\">A TikTok t\u00f6rt\u00e9nete \u00e9s legjobb funkci\u00f3i: A k\u00f6z\u00f6ss\u00e9gi vide\u00f3h\u00e1l\u00f3zat evol\u00faci\u00f3ja<\/h4>\n\n\n\n<p>Fedezd fel a TikTok hihetetlen t\u00f6rt\u00e9net\u00e9t \u00e9s legjobb tulajdons\u00e1gait ebben a relev\u00e1ns inform\u00e1ci\u00f3kkal teli cikkben.<\/p>\n\n\n\n<p>A megjelen\u00e9s\u00e9t\u0151l a legn\u00e9pszer\u0171bb forr\u00e1sokig fedezd fel, hogyan forradalmas\u00edtotta ez a platform az online vide\u00f3k megoszt\u00e1s\u00e1nak m\u00f3dj\u00e1t. Csatlakozz hozz\u00e1nk ezen a leny\u0171g\u00f6z\u0151 napon!<\/p>\n\n\n\n<h3 class=\"wp-block-heading\">L\u00e1sd m\u00e9g:<\/h3>\n\n\n\n<p><a href=\"http:\/\/universofamilia.com\/hu\/os-melhores-apps-de-emagrecimento-gratuitos\/\" target=\"_blank\" rel=\"noreferrer noopener\">A legjobb ingyenes emagrecimento alkalmaz\u00e1sok<\/a><\/p>\n\n\n\n<p><a href=\"http:\/\/universofamilia.com\/hu\/os-5-apps-mais-usados-entre-os-jovens\/\" target=\"_blank\" rel=\"noreferrer noopener\">Az 5 leggyakrabban haszn\u00e1lt alkalmaz\u00e1s a fiatalok k\u00f6r\u00e9ben<\/a><\/p>\n\n\n\n<h4 class=\"wp-block-heading\">A TikTok felemelked\u00e9se<\/h4>\n\n\n\n<figure class=\"wp-block-image size-full\"><img loading=\"lazy\" decoding=\"async\" width=\"550\" height=\"350\" src=\"http:\/\/universofamilia.com\/wp-content\/uploads\/sites\/148\/2023\/05\/POST-APPs-Iphone-14-universo-familia-6.png\" alt=\"\" class=\"wp-image-2075\" srcset=\"http:\/\/universofamilia.com\/wp-content\/uploads\/sites\/148\/2023\/05\/POST-APPs-Iphone-14-universo-familia-6.png 550w, http:\/\/universofamilia.com\/wp-content\/uploads\/sites\/148\/2023\/05\/POST-APPs-Iphone-14-universo-familia-6-300x191.png 300w\" sizes=\"(max-width: 550px) 100vw, 550px\" \/><\/figure>\n\n\n\n<p>Ismerd meg a TikTok eredet\u00e9t \u00e9s azt, hogyan h\u00f3d\u00edtotta meg gyorsan a felhaszn\u00e1l\u00f3k ezreit vil\u00e1gszerte. A k\u00ednai Douyin, vagyis TikTok alkalmaz\u00e1son alapulva, 2016-ban ind\u00edtotta el a ByteDance c\u00e9g.<\/p>\n\n\n\n<p>A Pois, r\u00f6vid vide\u00f3k, zene \u00e9s v\u00e1g\u00e1si eszk\u00f6z\u00f6k egyed\u00fcl\u00e1ll\u00f3 kombin\u00e1ci\u00f3ja, egy kreat\u00edv tartalmakra v\u00e1gy\u00f3 gener\u00e1ci\u00f3t c\u00e9loz meg.<\/p>\n\n\n\n<h4 class=\"wp-block-heading\">A TikTok algoritmusa<\/h4>\n\n\n\n<p>A TikTok algoritmus\u00e1n kereszt\u00fcl t\u00e1rja fel a titkokat, amely a tartalom szem\u00e9lyre szab\u00e1s\u00e1t vez\u00e9rli, \u00e9s mag\u00e1val ragad\u00f3 \u00e9lm\u00e9nyt k\u00edn\u00e1l a felhaszn\u00e1l\u00f3knak.<\/p>\n\n\n\n<p>V\u00e9gs\u0151 soron, a hat\u00e9kony aj\u00e1nl\u00f3rendszer\u00e9nek k\u00f6sz\u00f6nhet\u0151en a TikTok k\u00e9pes azonos\u00edtani az egyes szem\u00e9lyek \u00e9rdekl\u0151d\u00e9si k\u00f6r\u00e9t, relev\u00e1ns vide\u00f3kat megjelen\u00edteni \u00e9s fenntartani az \u00e9rdekl\u0151d\u00e9s\u00fcket.<\/p>\n\n\n\n<h4 class=\"wp-block-heading\">Kreat\u00edv funkci\u00f3k<\/h4>\n\n\n\n<p>Fedezd fel a TikTok legjobb funkci\u00f3it, amelyek glob\u00e1lis szenz\u00e1ci\u00f3v\u00e1 teszik. A kih\u00edv\u00e1sokt\u00f3l kezdve a leny\u0171g\u00f6z\u0151 kameraeffektekig az alkalmaz\u00e1s v\u00e9gtelen sz\u00e1m\u00fa kreat\u00edv er\u0151forr\u00e1st k\u00edn\u00e1l a felhaszn\u00e1l\u00f3knak, hogy kifejezhess\u00e9k eredetis\u00e9g\u00fcket.<\/p>\n\n\n\n<p>Fedezd fel, hogyan r\u00f6gz\u00edthetsz, szerkeszthetsz \u00e9s oszthatsz meg vide\u00f3kat sz\u00f3rakoztat\u00f3 \u00e9s egyszer\u0171 m\u00f3don.<\/p>\n\n\n\n<h4 class=\"wp-block-heading\">T\u00e1rsadalmi interakci\u00f3<\/h4>\n\n\n\n<p>Fedezd fel, hogyan \u00e9p\u00edt fel \u00e9l\u00e9nk \u00e9s interakt\u00edv k\u00f6z\u00f6ss\u00e9get a TikTok. A hozz\u00e1sz\u00f3l\u00e1sok, jegyzetek \u00e9s rekeszek l\u00e9trehoz\u00e1sa m\u00e9g csak most kezd\u0151dik.<\/p>\n\n\n\n<p>Ezenk\u00edv\u00fcl a TikTok lehet\u0151v\u00e9 teszi a felhaszn\u00e1l\u00f3k sz\u00e1m\u00e1ra, hogy duettekben m\u0171k\u00f6djenek egy\u00fctt, vide\u00f3kban vegyenek r\u00e9szt bar\u00e1taikkal, \u00e9s k\u00f6zvetlen \u00fczeneteket is k\u00fcldjenek. A k\u00f6z\u00f6ss\u00e9gi interakci\u00f3 az egyik oka annak, hogy ez a platform ilyen n\u00e9pszer\u0171v\u00e9 v\u00e1lt a fiatalok k\u00f6r\u00e9ben.<\/p>\n\n\n\n<h4 class=\"wp-block-heading\">Kultur\u00e1lis \u00e9s v\u00edrusos trendek<\/h4>\n\n\n\n<p>\u00c9rtsd meg, hogyan befoly\u00e1solja a TikTok a popkult\u00far\u00e1t \u00e9s hogyan teremt trendeket vil\u00e1gszerte. A t\u00e1nckih\u00edv\u00e1sokt\u00f3l a kulin\u00e1ris receptekig az alkalmaz\u00e1s k\u00e9pes arra, hogy valami h\u00e9tk\u00f6znapit glob\u00e1lis jelens\u00e9gg\u00e9 alak\u00edtson.<\/p>\n\n\n\n<p>Fedezd fel a legn\u00e9pszer\u0171bb hashtageket \u00e9s a vir\u00e1liss\u00e1 v\u00e1l\u00f3 vide\u00f3kat, amelyek \u00f6sszekapcsolj\u00e1k az embereket a vil\u00e1g k\u00fcl\u00f6nb\u00f6z\u0151 r\u00e9szein.<\/p>\n\n\n\n<h4 class=\"wp-block-heading\">\u00dczleti felhaszn\u00e1l\u00e1s \u00e9s marketinglehet\u0151s\u00e9gek<\/h4>\n\n\n\n<p>Mivel a TikTok kiemelked\u0151 platformm\u00e1 v\u00e1lt a v\u00e1llalatok \u00e9s a marketing szakemberek sz\u00e1m\u00e1ra.<\/p>\n\n\n\n<p>Azonban a sz\u00e9les \u00e9s elk\u00f6telezett k\u00f6z\u00f6ns\u00e9g el\u00e9r\u00e9se \u00e9rdek\u00e9ben sz\u00e1mos m\u00e1rka kihaszn\u00e1lja a TikTok erej\u00e9t term\u00e9kek \u00e9s szolg\u00e1ltat\u00e1sok n\u00e9pszer\u0171s\u00edt\u00e9s\u00e9re.<\/p>\n\n\n\n<p>Fedezzen fel hat\u00e9kony marketingstrat\u00e9gi\u00e1kat, \u00e9s azt, hogyan hozhat l\u00e9tre lebilincsel\u0151 tartalmat online jelenl\u00e9t\u00e9nek n\u00f6vel\u00e9se \u00e9rdek\u00e9ben.<\/p>\n\n\n\n<p>A TikTok megh\u00f3d\u00edtotta hely\u00e9t a k\u00f6z\u00f6ss\u00e9gi h\u00e1l\u00f3zatokon, egyedi \u00e9s sz\u00f3rakoztat\u00f3 \u00e9lm\u00e9nyt ny\u00fajtva a felhaszn\u00e1l\u00f3k sz\u00e1m\u00e1ra szerte a vil\u00e1gon.<\/p>\n\n\n\n<p>Ez\u00e9rt intelligens algoritmus\u00e1val \u00e9s sz\u00e1mtalan kreat\u00edv er\u0151forr\u00e1s\u00e1val az alkalmaz\u00e1s folyamatosan fejl\u0151dik \u00e9s befoly\u00e1solja a vide\u00f3k megoszt\u00e1s\u00e1nak m\u00f3dj\u00e1t. Ak\u00e1r sz\u00f3rakoztat\u00e1sr\u00f3l, ak\u00e1r \u00fczleti tev\u00e9kenys\u00e9gr\u0151l van sz\u00f3, a TikTok v\u00e9gtelen lehet\u0151s\u00e9geket k\u00edn\u00e1l.<\/p>\n\n\n\n<p>Fedezd fel az \u00f6sszes funkci\u00f3t, \u00e9s engedd szabadj\u00e1ra a kreativit\u00e1sodat!<\/p>\n\n\n\n<p>Nem sz\u00e1m\u00edt, hogy tehets\u00e9ges t\u00e1ncos, felt\u00f6rekv\u0151 komikus vagy lelkes szak\u00e1cs vagy, a TikTok virtu\u00e1lis sz\u00ednpadot k\u00edn\u00e1l, ahol ragyoghatsz.<\/p>\n\n\n\n<p>Fedezd fel a kih\u00edv\u00e1sokat, amelyekkel szembes\u00fclsz, \u00e9s k\u00e9sz\u00edtsd el saj\u00e1t egyedi vide\u00f3idat. Haszn\u00e1ld a kameraeffektusokat, hogy var\u00e1zslatos hat\u00e1st adj alkot\u00e1saidnak. Oszd meg tehets\u00e9gedet a vil\u00e1ggal, \u00e9s l\u00e9pj kapcsolatba olyan emberekkel, akikkel k\u00f6z\u00f6sek az \u00e9rdekl\u0151d\u00e9si k\u00f6reid.<\/p>\n\n\n\n<p>A soksz\u00edn\u0171s\u00e9g \u00e9s a kreat\u00edv kifejez\u00e9sm\u00f3d mellett a TikTok a m\u00e1rk\u00e1k sz\u00e1m\u00e1ra is hat\u00e9kony eszk\u00f6z. T\u00f6bb ezer akt\u00edv felhaszn\u00e1l\u00f3j\u00e1val a platform hatalmas \u00e9s \u00e9rdekl\u0151d\u0151 k\u00f6z\u00f6ns\u00e9get k\u00edn\u00e1l, akik k\u00e9szen \u00e1llnak \u00faj term\u00e9kek \u00e9s szolg\u00e1ltat\u00e1sok felfedez\u00e9s\u00e9re.<\/p>\n\n\n\n<p>Minden m\u00e9ret\u0171 v\u00e1llalat kihaszn\u00e1lja a TikTokon k\u00edv\u00fcli marketinglehet\u0151s\u00e9geket, hiteles \u00e9s mag\u00e1val ragad\u00f3 tartalmakat hozva l\u00e9tre \u00fczleti c\u00e9ljaik el\u00e9r\u00e9se \u00e9rdek\u00e9ben.<\/p>\n\n\n\n<h4 class=\"wp-block-heading\">Crescimento da Rede<\/h4>\n\n\n\n<p>Az al\u00e1bbi grafikonon l\u00e1thatjuk, hogy ennek a platformnak a n\u00f6veked\u00e9se meghaladta a t\u00f6bb mint 1 milli\u00e1rd felhaszn\u00e1l\u00f3t vil\u00e1gszerte.<\/p>\n\n\n<div class=\"wp-block-image\">\n<figure class=\"aligncenter size-full\"><img loading=\"lazy\" decoding=\"async\" width=\"550\" height=\"350\" src=\"http:\/\/universofamilia.com\/wp-content\/uploads\/sites\/148\/2023\/05\/POST-APPs-Iphone-14-universo-familia-5.png\" alt=\"\" class=\"wp-image-2074\" srcset=\"http:\/\/universofamilia.com\/wp-content\/uploads\/sites\/148\/2023\/05\/POST-APPs-Iphone-14-universo-familia-5.png 550w, http:\/\/universofamilia.com\/wp-content\/uploads\/sites\/148\/2023\/05\/POST-APPs-Iphone-14-universo-familia-5-300x191.png 300w\" sizes=\"(max-width: 550px) 100vw, 550px\" \/><\/figure><\/div>\n\n\n<p class=\"has-text-align-center\">Forr\u00e1s: <a href=\"https:\/\/wearesocial.com\/jp\/blog\/2021\/10\/social-media-users-pass-the-4-5-billion-mark\/\" target=\"_blank\" rel=\"noreferrer noopener\">Forr\u00e1s: Szoci\u00e1lisak vagyunk<\/a><\/p>\n\n\n\n<p>Ez\u00e9rt l\u00e9gy influenszer, aki m\u00e1rk\u00e1kkal val\u00f3 partners\u00e9gre v\u00e1gyik, v\u00e1llalkoz\u00f3 kedv\u0171 \u00fczletember, vagy csak valaki, aki sz\u00f3rakoztat\u00f3 pillanatokat szeretne megosztani bar\u00e1taival, vagy a TikTok mindenkinek k\u00edn\u00e1l valamit.<\/p>\n\n\n\n<p>A platform folyamatosan fejl\u0151dik, \u00faj forr\u00e1sokat vezet be, \u00e9s naprak\u00e9sz marad a leg\u00fajabb trendekkel.<\/p>\n\n\n\n<p>A TikTok-ot azonban mindig felel\u0151ss\u00e9gteljesen kell haszn\u00e1lni. Tiszteletben kell tartani a szerz\u0151i jogokat, be kell tartani a k\u00f6z\u00f6ss\u00e9gi ir\u00e1nyelveket, \u00e9s v\u00e9deni kell a szem\u00e9lyes adatait. A TikTok egy \u00e9l\u00e9nk k\u00f6z\u00f6ss\u00e9g, \u00e9s mindenkinek szerepe van abban, hogy biztons\u00e1gos \u00e9s pozit\u00edv legyen.<\/p>\n\n\n\n<h4 class=\"wp-block-heading\">K\u00f6vetkeztet\u00e9s<\/h4>\n\n\n\n<p>R\u00f6viden, a TikTok t\u00f6rt\u00e9nete a sikerek t\u00f6rt\u00e9nete. A megjelen\u00e9s\u00e9t\u0151l kezdve a legjobb funkci\u00f3kig, amelyek t\u00f6bb ezer felhaszn\u00e1l\u00f3t megh\u00f3d\u00edtottak, a TikTok megv\u00e1ltoztatta az online vide\u00f3kkal val\u00f3 interakci\u00f3nk m\u00f3dj\u00e1t.<\/p>\n\n\n\n<p>Ent\u00e3o, seja para entretenimento, express\u00e3o criativa ou marketing, vagy <a href=\"https:\/\/www.tiktok.com\/pt-BR\/\" target=\"_blank\" rel=\"noreferrer noopener\">TikTok <\/a>a lehet\u0151s\u00e9gek t\u00e1rh\u00e1z\u00e1t k\u00edn\u00e1lja. T\u00f6ltsd le az alkalmaz\u00e1st, fedezd fel a kreativit\u00e1s\u00e1t, \u00e9s l\u00e9gy r\u00e9szese a r\u00f6vid vide\u00f3k forradalm\u00e1nak. A k\u00f6vetkez\u0151 vir\u00e1lis trend a te gyermeked lehet!<\/p>","protected":false},"excerpt":{"rendered":"<p>A TikTok t\u00f6rt\u00e9nete \u00e9s legjobb funkci\u00f3i: A k\u00f6z\u00f6ss\u00e9gi vide\u00f3h\u00e1l\u00f3zat evol\u00faci\u00f3ja<br \/>\nFedezd fel a TikTok hihetetlen t\u00f6rt\u00e9net\u00e9t \u00e9s legjobb tulajdons\u00e1gait ebben a relev\u00e1ns inform\u00e1ci\u00f3kkal teli cikkben.<\/p>\n<p>A megjelen\u00e9s\u00e9t\u0151l a legn\u00e9pszer\u0171bb forr\u00e1sokig fedezd fel, hogyan forradalmas\u00edtotta ez a platform az online vide\u00f3k megoszt\u00e1s\u00e1nak m\u00f3dj\u00e1t. Csatlakozz hozz\u00e1nk ezen a leny\u0171g\u00f6z\u0151 napon!<\/p>","protected":false},"author":139,"featured_media":2075,"comment_status":"closed","ping_status":"open","sticky":false,"template":"","format":"standard","meta":{"footnotes":""},"categories":[2],"tags":[36,386,1397],"yoast_head":"<!-- This site is optimized with the Yoast SEO plugin v23.3 - https:\/\/yoast.com\/wordpress\/plugins\/seo\/ -->\n<title>A Rede Social que mais Cresce no Mundo! - Universo Fam\u00edlia<\/title>\n<meta name=\"description\" content=\"A Rede Social que mais Cresce no Mundo! A Hist\u00f3ria do TikTok e Suas Melhores Fun\u00e7\u00f5es: A Evolu\u00e7\u00e3o da Rede Social de V\u00eddeos\" \/>\n<meta name=\"robots\" content=\"index, follow, max-snippet:-1, max-image-preview:large, max-video-preview:-1\" \/>\n<link rel=\"canonical\" href=\"http:\/\/universofamilia.com\/hu\/a-rede-social-que-mais-cresce-no-mundo\/\" \/>\n<meta property=\"og:locale\" content=\"hu_HU\" \/>\n<meta property=\"og:type\" content=\"article\" \/>\n<meta property=\"og:title\" content=\"A Rede Social que mais Cresce no Mundo! - Universo Fam\u00edlia\" \/>\n<meta property=\"og:description\" content=\"A Rede Social que mais Cresce no Mundo! A Hist\u00f3ria do TikTok e Suas Melhores Fun\u00e7\u00f5es: A Evolu\u00e7\u00e3o da Rede Social de V\u00eddeos\" \/>\n<meta property=\"og:url\" content=\"http:\/\/universofamilia.com\/hu\/a-rede-social-que-mais-cresce-no-mundo\/\" \/>\n<meta property=\"og:site_name\" content=\"Universo Fam\u00edlia\" \/>\n<meta property=\"article:published_time\" content=\"2023-05-30T17:30:47+00:00\" \/>\n<meta property=\"article:modified_time\" content=\"2025-08-05T00:55:30+00:00\" \/>\n<meta property=\"og:image\" content=\"http:\/\/universofamilia.com\/wp-content\/uploads\/sites\/148\/2023\/05\/POST-APPs-Iphone-14-universo-familia-6.png\" \/>\n\t<meta property=\"og:image:width\" content=\"550\" \/>\n\t<meta property=\"og:image:height\" content=\"350\" \/>\n\t<meta property=\"og:image:type\" content=\"image\/png\" \/>\n<meta name=\"author\" content=\"Pedro Henrique\" \/>\n<meta name=\"twitter:card\" content=\"summary_large_image\" \/>\n<meta name=\"twitter:label1\" content=\"Written by\" \/>\n\t<meta name=\"twitter:data1\" content=\"Pedro Henrique\" \/>\n\t<meta name=\"twitter:label2\" content=\"Est. reading time\" \/>\n\t<meta name=\"twitter:data2\" content=\"5 perc\" \/>\n<script type=\"application\/ld+json\" class=\"yoast-schema-graph\">{\"@context\":\"https:\/\/schema.org\",\"@graph\":[{\"@type\":\"WebPage\",\"@id\":\"http:\/\/universofamilia.com\/zh_hk\/a-rede-social-que-mais-cresce-no-mundo\/\",\"url\":\"http:\/\/universofamilia.com\/zh_hk\/a-rede-social-que-mais-cresce-no-mundo\/\",\"name\":\"A Rede Social que mais Cresce no Mundo! - Universo Fam\u00edlia\",\"isPartOf\":{\"@id\":\"https:\/\/universofamilia.com\/el\/#website\"},\"primaryImageOfPage\":{\"@id\":\"http:\/\/universofamilia.com\/zh_hk\/a-rede-social-que-mais-cresce-no-mundo\/#primaryimage\"},\"image\":{\"@id\":\"http:\/\/universofamilia.com\/zh_hk\/a-rede-social-que-mais-cresce-no-mundo\/#primaryimage\"},\"thumbnailUrl\":\"http:\/\/universofamilia.com\/wp-content\/uploads\/sites\/148\/2023\/05\/POST-APPs-Iphone-14-universo-familia-6.png\",\"datePublished\":\"2023-05-30T17:30:47+00:00\",\"dateModified\":\"2025-08-05T00:55:30+00:00\",\"author\":{\"@id\":\"https:\/\/universofamilia.com\/el\/#\/schema\/person\/f07ce98187dd84d31154262e79b3b7ca\"},\"description\":\"A Rede Social que mais Cresce no Mundo! A Hist\u00f3ria do TikTok e Suas Melhores Fun\u00e7\u00f5es: A Evolu\u00e7\u00e3o da Rede Social de V\u00eddeos\",\"breadcrumb\":{\"@id\":\"http:\/\/universofamilia.com\/zh_hk\/a-rede-social-que-mais-cresce-no-mundo\/#breadcrumb\"},\"inLanguage\":\"hu\",\"potentialAction\":[{\"@type\":\"ReadAction\",\"target\":[\"http:\/\/universofamilia.com\/zh_hk\/a-rede-social-que-mais-cresce-no-mundo\/\"]}]},{\"@type\":\"ImageObject\",\"inLanguage\":\"hu\",\"@id\":\"http:\/\/universofamilia.com\/zh_hk\/a-rede-social-que-mais-cresce-no-mundo\/#primaryimage\",\"url\":\"http:\/\/universofamilia.com\/wp-content\/uploads\/sites\/148\/2023\/05\/POST-APPs-Iphone-14-universo-familia-6.png\",\"contentUrl\":\"http:\/\/universofamilia.com\/wp-content\/uploads\/sites\/148\/2023\/05\/POST-APPs-Iphone-14-universo-familia-6.png\",\"width\":550,\"height\":350},{\"@type\":\"BreadcrumbList\",\"@id\":\"http:\/\/universofamilia.com\/zh_hk\/a-rede-social-que-mais-cresce-no-mundo\/#breadcrumb\",\"itemListElement\":[{\"@type\":\"ListItem\",\"position\":1,\"name\":\"Home\",\"item\":\"https:\/\/universofamilia.com\/el\/\"},{\"@type\":\"ListItem\",\"position\":2,\"name\":\"A Rede Social que mais Cresce no Mundo!\"}]},{\"@type\":\"WebSite\",\"@id\":\"https:\/\/universofamilia.com\/el\/#website\",\"url\":\"https:\/\/universofamilia.com\/el\/\",\"name\":\"Universo Fam\u00edlia\",\"description\":\"\",\"potentialAction\":[{\"@type\":\"SearchAction\",\"target\":{\"@type\":\"EntryPoint\",\"urlTemplate\":\"https:\/\/universofamilia.com\/el\/?s={search_term_string}\"},\"query-input\":\"required name=search_term_string\"}],\"inLanguage\":\"hu\"},{\"@type\":\"Person\",\"@id\":\"https:\/\/universofamilia.com\/el\/#\/schema\/person\/f07ce98187dd84d31154262e79b3b7ca\",\"name\":\"Pedro Henrique\",\"image\":{\"@type\":\"ImageObject\",\"inLanguage\":\"hu\",\"@id\":\"https:\/\/universofamilia.com\/el\/#\/schema\/person\/image\/\",\"url\":\"http:\/\/0.gravatar.com\/avatar\/9edfeb808cb4e1599f64d6e45b130154?s=96&d=mm&r=g\",\"contentUrl\":\"http:\/\/0.gravatar.com\/avatar\/9edfeb808cb4e1599f64d6e45b130154?s=96&d=mm&r=g\",\"caption\":\"Pedro Henrique\"},\"url\":\"http:\/\/universofamilia.com\/hu\/author\/editor01\/\"}]}<\/script>\n<!-- \/ Yoast SEO plugin. -->","yoast_head_json":{"title":"A Rede Social que mais Cresce no Mundo! - Universo Fam\u00edlia","description":"A Rede Social que mais Cresce no Mundo! A Hist\u00f3ria do TikTok e Suas Melhores Fun\u00e7\u00f5es: A Evolu\u00e7\u00e3o da Rede Social de V\u00eddeos","robots":{"index":"index","follow":"follow","max-snippet":"max-snippet:-1","max-image-preview":"max-image-preview:large","max-video-preview":"max-video-preview:-1"},"canonical":"http:\/\/universofamilia.com\/hu\/a-rede-social-que-mais-cresce-no-mundo\/","og_locale":"hu_HU","og_type":"article","og_title":"A Rede Social que mais Cresce no Mundo! - Universo Fam\u00edlia","og_description":"A Rede Social que mais Cresce no Mundo! A Hist\u00f3ria do TikTok e Suas Melhores Fun\u00e7\u00f5es: A Evolu\u00e7\u00e3o da Rede Social de V\u00eddeos","og_url":"http:\/\/universofamilia.com\/hu\/a-rede-social-que-mais-cresce-no-mundo\/","og_site_name":"Universo Fam\u00edlia","article_published_time":"2023-05-30T17:30:47+00:00","article_modified_time":"2025-08-05T00:55:30+00:00","og_image":[{"width":550,"height":350,"url":"http:\/\/universofamilia.com\/wp-content\/uploads\/sites\/148\/2023\/05\/POST-APPs-Iphone-14-universo-familia-6.png","type":"image\/png"}],"author":"Pedro Henrique","twitter_card":"summary_large_image","twitter_misc":{"Written by":"Pedro Henrique","Est. reading time":"5 perc"},"schema":{"@context":"https:\/\/schema.org","@graph":[{"@type":"WebPage","@id":"http:\/\/universofamilia.com\/zh_hk\/a-rede-social-que-mais-cresce-no-mundo\/","url":"http:\/\/universofamilia.com\/zh_hk\/a-rede-social-que-mais-cresce-no-mundo\/","name":"A Rede Social que mais Cresce no Mundo! - Universo Fam\u00edlia","isPartOf":{"@id":"https:\/\/universofamilia.com\/el\/#website"},"primaryImageOfPage":{"@id":"http:\/\/universofamilia.com\/zh_hk\/a-rede-social-que-mais-cresce-no-mundo\/#primaryimage"},"image":{"@id":"http:\/\/universofamilia.com\/zh_hk\/a-rede-social-que-mais-cresce-no-mundo\/#primaryimage"},"thumbnailUrl":"http:\/\/universofamilia.com\/wp-content\/uploads\/sites\/148\/2023\/05\/POST-APPs-Iphone-14-universo-familia-6.png","datePublished":"2023-05-30T17:30:47+00:00","dateModified":"2025-08-05T00:55:30+00:00","author":{"@id":"https:\/\/universofamilia.com\/el\/#\/schema\/person\/f07ce98187dd84d31154262e79b3b7ca"},"description":"A Rede Social que mais Cresce no Mundo! A Hist\u00f3ria do TikTok e Suas Melhores Fun\u00e7\u00f5es: A Evolu\u00e7\u00e3o da Rede Social de V\u00eddeos","breadcrumb":{"@id":"http:\/\/universofamilia.com\/zh_hk\/a-rede-social-que-mais-cresce-no-mundo\/#breadcrumb"},"inLanguage":"hu","potentialAction":[{"@type":"ReadAction","target":["http:\/\/universofamilia.com\/zh_hk\/a-rede-social-que-mais-cresce-no-mundo\/"]}]},{"@type":"ImageObject","inLanguage":"hu","@id":"http:\/\/universofamilia.com\/zh_hk\/a-rede-social-que-mais-cresce-no-mundo\/#primaryimage","url":"http:\/\/universofamilia.com\/wp-content\/uploads\/sites\/148\/2023\/05\/POST-APPs-Iphone-14-universo-familia-6.png","contentUrl":"http:\/\/universofamilia.com\/wp-content\/uploads\/sites\/148\/2023\/05\/POST-APPs-Iphone-14-universo-familia-6.png","width":550,"height":350},{"@type":"BreadcrumbList","@id":"http:\/\/universofamilia.com\/zh_hk\/a-rede-social-que-mais-cresce-no-mundo\/#breadcrumb","itemListElement":[{"@type":"ListItem","position":1,"name":"Home","item":"https:\/\/universofamilia.com\/el\/"},{"@type":"ListItem","position":2,"name":"A Rede Social que mais Cresce no Mundo!"}]},{"@type":"WebSite","@id":"https:\/\/universofamilia.com\/el\/#website","url":"https:\/\/universofamilia.com\/el\/","name":"Universo Fam\u00edlia","description":"","potentialAction":[{"@type":"SearchAction","target":{"@type":"EntryPoint","urlTemplate":"https:\/\/universofamilia.com\/el\/?s={search_term_string}"},"query-input":"required name=search_term_string"}],"inLanguage":"hu"},{"@type":"Person","@id":"https:\/\/universofamilia.com\/el\/#\/schema\/person\/f07ce98187dd84d31154262e79b3b7ca","name":"Pedro Henrique","image":{"@type":"ImageObject","inLanguage":"hu","@id":"https:\/\/universofamilia.com\/el\/#\/schema\/person\/image\/","url":"http:\/\/0.gravatar.com\/avatar\/9edfeb808cb4e1599f64d6e45b130154?s=96&d=mm&r=g","contentUrl":"http:\/\/0.gravatar.com\/avatar\/9edfeb808cb4e1599f64d6e45b130154?s=96&d=mm&r=g","caption":"Pedro Henrique"},"url":"http:\/\/universofamilia.com\/hu\/author\/editor01\/"}]}},"_links":{"self":[{"href":"http:\/\/universofamilia.com\/hu\/wp-json\/wp\/v2\/posts\/2073"}],"collection":[{"href":"http:\/\/universofamilia.com\/hu\/wp-json\/wp\/v2\/posts"}],"about":[{"href":"http:\/\/universofamilia.com\/hu\/wp-json\/wp\/v2\/types\/post"}],"author":[{"embeddable":true,"href":"http:\/\/universofamilia.com\/hu\/wp-json\/wp\/v2\/users\/139"}],"replies":[{"embeddable":true,"href":"http:\/\/universofamilia.com\/hu\/wp-json\/wp\/v2\/comments?post=2073"}],"version-history":[{"count":1,"href":"http:\/\/universofamilia.com\/hu\/wp-json\/wp\/v2\/posts\/2073\/revisions"}],"predecessor-version":[{"id":9667,"href":"http:\/\/universofamilia.com\/hu\/wp-json\/wp\/v2\/posts\/2073\/revisions\/9667"}],"wp:featuredmedia":[{"embeddable":true,"href":"http:\/\/universofamilia.com\/hu\/wp-json\/wp\/v2\/media\/2075"}],"wp:attachment":[{"href":"http:\/\/universofamilia.com\/hu\/wp-json\/wp\/v2\/media?parent=2073"}],"wp:term":[{"taxonomy":"category","embeddable":true,"href":"http:\/\/universofamilia.com\/hu\/wp-json\/wp\/v2\/categories?post=2073"},{"taxonomy":"post_tag","embeddable":true,"href":"http:\/\/universofamilia.com\/hu\/wp-json\/wp\/v2\/tags?post=2073"}],"curies":[{"name":"wp","href":"https:\/\/api.w.org\/{rel}","templated":true}]}}