{"id":2123,"date":"2023-05-31T22:20:54","date_gmt":"2023-06-01T01:20:54","guid":{"rendered":"https:\/\/universofamilia.com\/?p=2123"},"modified":"2025-01-28T14:31:13","modified_gmt":"2025-01-28T14:31:13","slug":"caixa-libera-consulta-do-pis-pasep","status":"publish","type":"post","link":"http:\/\/universofamilia.com\/hu\/caixa-libera-consulta-do-pis-pasep\/","title":{"rendered":"A Caixa kiadja a PIS\/PASEP konzult\u00e1ci\u00f3t"},"content":{"rendered":"<p>A Caixa elind\u00edtja a PIS\/PASEP konzult\u00e1ci\u00f3t! Kiv\u00e1l\u00f3 h\u00edr a brazilok sz\u00e1m\u00e1ra. A Caixa Econ\u00f4mica Federal mostant\u00f3l el\u00e9rhet\u0151 a PIS\/PASEP egyenlegek lek\u00e9rdez\u00e9s\u00e9re, ami orsz\u00e1gszerte t\u00f6bb ezer v\u00e1ros sz\u00e1m\u00e1ra el\u0151ny\u00f6s.<\/p>\n\n\n\n<p>Tov\u00e1bb\u00e1 a legnagyobb el\u0151ny, hogy ez a konzult\u00e1ci\u00f3 egyszer\u0171en \u00e9s k\u00e9nyelmesen lebonyol\u00edthat\u00f3 az interneten kereszt\u00fcl, \u00edgy nem kell fizikai banki \u00fcgyn\u00f6k\u00f6t felkeresni.<\/p>\n\n\n\n<h3 class=\"wp-block-heading\">K\u00f6nny\u0171 hozz\u00e1f\u00e9r\u00e9s a PIS\/PASEP egyenlegekhez<\/h3>\n\n\n\n<p>A lek\u00e9rdez\u00e9s elv\u00e9gz\u00e9s\u00e9hez elegend\u0151 a Caixa Trabalhador alkalmaz\u00e1s let\u00f6lt\u00e9se vagy let\u00f6lt\u00e9se, amely minden t\u00edpus\u00fa mobileszk\u00f6z\u00f6n el\u00e9rhet\u0151.<\/p>\n\n\n\n<p>Az alkalmaz\u00e1s leegyszer\u0171s\u00edti az elj\u00e1r\u00e1st, lehet\u0151v\u00e9 t\u00e9ve a PIS\/PASEP egyenlegek k\u00f6zvetlen ellen\u0151rz\u00e9s\u00e9t a mobiltelefonj\u00e1n.<\/p>\n\n\n\n<h3 class=\"wp-block-heading\">A PIS\/PASEP meg\u00e9rt\u00e9se<\/h3>\n\n\n<div class=\"wp-block-image\">\n<figure class=\"aligncenter size-full\"><img loading=\"lazy\" decoding=\"async\" width=\"550\" height=\"350\" src=\"http:\/\/universofamilia.com\/wp-content\/uploads\/sites\/148\/2023\/08\/P-UNIVERSO-FAMILIA-Caixa-libera-consulta-do-PISPASEP.png\" alt=\"\" class=\"wp-image-3654\" srcset=\"http:\/\/universofamilia.com\/wp-content\/uploads\/sites\/148\/2023\/08\/P-UNIVERSO-FAMILIA-Caixa-libera-consulta-do-PISPASEP.png 550w, http:\/\/universofamilia.com\/wp-content\/uploads\/sites\/148\/2023\/08\/P-UNIVERSO-FAMILIA-Caixa-libera-consulta-do-PISPASEP-300x191.png 300w\" sizes=\"(max-width: 550px) 100vw, 550px\" \/><figcaption class=\"wp-element-caption\"><em>Forr\u00e1s: (lej\u00e1tsz\u00e1s\/internet)<\/em><\/figcaption><\/figure><\/div>\n\n\n<p>A PIS (T\u00e1rsadalmi Integr\u00e1ci\u00f3s Program) \u00e9s a PASEP (Programa de Forma\u00e7\u00e3o do Patrim\u00f4nio do Servidor P\u00fablico) brazil szoci\u00e1lis programok, amelyek c\u00e9lja a munkav\u00e1llal\u00f3k integr\u00e1ci\u00f3j\u00e1nak \u00e9s megbecs\u00fcl\u00e9s\u00e9nek el\u0151mozd\u00edt\u00e1sa, valamint az orsz\u00e1g j\u00f3l\u00e9t\u00e9nek \u00e9s gazdas\u00e1gi n\u00f6veked\u00e9s\u00e9nek \u00f6szt\u00f6nz\u00e9se.<\/p>\n\n\n\n<p>Ebben az esetben a PIS a mag\u00e1nszektorbeli munkav\u00e1llal\u00f3knak, m\u00edg a PASEP a k\u00f6ztisztvisel\u0151knek sz\u00f3l.<\/p>\n\n\n\n<p>Elt\u00e9r\u0151 jellemz\u0151ik ellen\u00e9re mindk\u00e9t programot k\u00f6z\u00f6sen ir\u00e1ny\u00edtja a Gazdas\u00e1gi Miniszt\u00e9rium \u00e9s a Caixa Econ\u00f4mica Federal a PIS eset\u00e9ben, valamint a Banco do Brasil a PASEP eset\u00e9ben.<\/p>\n\n\n\n<h3 class=\"wp-block-heading\">Finansz\u00edroz\u00e1s \u00e9s el\u0151ny\u00f6k<\/h3>\n\n\n\n<p>A v\u00e1llalatok mindk\u00e9t programot t\u00e1rsadalmi hozz\u00e1j\u00e1rul\u00e1sokb\u00f3l finansz\u00edrozz\u00e1k, amelyek a munkav\u00e1llal\u00f3k b\u00e9r\u00e9nek bizonyos sz\u00e1zal\u00e9k\u00e1nak felelnek meg.<\/p>\n\n\n\n<p>A megszerzett forr\u00e1sokat t\u00e1rsadalmi juttat\u00e1sok \u00e9s programok t\u00e1mogat\u00e1s\u00e1ra ford\u00edtj\u00e1k.<\/p>\n\n\n\n<p>Tov\u00e1bb\u00e1, a regisztr\u00e1lt munkav\u00e1llal\u00f3k, akik havi k\u00e9t minim\u00e1lb\u00e9rt kapnak, k\u00f6zvetlen\u00fcl a fizet\u00e9si b\u00f3nuszhoz, amely \u00e9ves szinten a minim\u00e1lb\u00e9rnek megfelel\u0151 juttat\u00e1s.<\/p>\n\n\n\n<p>Ez az \u00f6sszeg a Caixa Econ\u00f4mica Federal (PIS) vagy a Brazil Nemzeti Bank (PASEP) \u00fcgyn\u00f6ks\u00e9geit\u0151l vehet\u0151 fel.<\/p>\n\n\n\n<p>\u00cdgy a fizet\u00e9sen t\u00fal a PIS\/PASEP egy\u00e9b el\u0151ny\u00f6ket is k\u00edn\u00e1l, bele\u00e9rtve a munkan\u00e9lk\u00fcli-seg\u00e9lyt \u00e9s a programhoz kapcsol\u00f3d\u00f3 sz\u00e1ml\u00e1k egyenlege alapj\u00e1n ny\u00fajtott teljes\u00edtm\u00e9nyt.<\/p>\n\n\n\n<h4 class=\"wp-block-heading\"><strong><mark class=\"has-inline-color has-ast-global-color-8-color\">Al\u00e1bb olvasom:<\/mark><\/strong><\/h4>\n\n\n<table style=\"border-collapse: collapse;width: 100%;height: 63px\">\n<tbody>\n<tr style=\"height: 21px\">\n<td style=\"width: 18.5759%;height: 21px\"><img loading=\"lazy\" decoding=\"async\" class=\"alignnone wp-image-3876 size-medium\" src=\"http:\/\/universofamilia.com\/wp-content\/uploads\/sites\/148\/2023\/08\/AMOSTRA-DO-BOTICARIO-300x300.png\" alt=\"\" width=\"300\" height=\"300\" srcset=\"http:\/\/universofamilia.com\/wp-content\/uploads\/sites\/148\/2023\/08\/AMOSTRA-DO-BOTICARIO-300x300.png 300w, http:\/\/universofamilia.com\/wp-content\/uploads\/sites\/148\/2023\/08\/AMOSTRA-DO-BOTICARIO-150x150.png 150w, http:\/\/universofamilia.com\/wp-content\/uploads\/sites\/148\/2023\/08\/AMOSTRA-DO-BOTICARIO.png 315w\" sizes=\"(max-width: 300px) 100vw, 300px\" \/><\/td>\n<td style=\"width: 81.4241%;height: 21px\">\n<h4><span style=\"color: #333333\"><strong><a style=\"color: #333333\" href=\"http:\/\/universofamilia.com\/hu\/amostras-gratis-boticario-como-solicitar-pelo-celular\/\" target=\"_blank\" rel=\"noreferrer noopener\">Hogyan k\u00e9rhetek ingyenes mint\u00e1kat a Botic\u00e1rio-t\u00f3l?<\/a><\/strong><\/span><\/h4>\n<\/td>\n<\/tr>\n<\/tbody>\n<\/table>\n<table style=\"border-collapse: collapse;width: 98.3463%;height: 63px\">\n<tbody>\n<tr style=\"height: 21px\">\n<td style=\"width: 18.5759%;height: 21px\"><a href=\"http:\/\/universofamilia.com\/hu\/emprestimo-bolsa-familia-como-a-solicitar-e-aproveitar-essa-oportunidade\/\"><img loading=\"lazy\" decoding=\"async\" class=\"alignnone wp-image-4145 size-medium\" src=\"http:\/\/universofamilia.com\/wp-content\/uploads\/sites\/148\/2023\/08\/L-Universo-Familia-EMPRESTIMO-bolsa-familia-como-a-solicitar-e-aproveitar-essa-oportunidade-300x300.png\" alt=\"\" width=\"300\" height=\"300\" srcset=\"http:\/\/universofamilia.com\/wp-content\/uploads\/sites\/148\/2023\/08\/L-Universo-Familia-EMPRESTIMO-bolsa-familia-como-a-solicitar-e-aproveitar-essa-oportunidade-300x300.png 300w, http:\/\/universofamilia.com\/wp-content\/uploads\/sites\/148\/2023\/08\/L-Universo-Familia-EMPRESTIMO-bolsa-familia-como-a-solicitar-e-aproveitar-essa-oportunidade-150x150.png 150w, http:\/\/universofamilia.com\/wp-content\/uploads\/sites\/148\/2023\/08\/L-Universo-Familia-EMPRESTIMO-bolsa-familia-como-a-solicitar-e-aproveitar-essa-oportunidade.png 315w\" sizes=\"(max-width: 300px) 100vw, 300px\" \/><\/a><\/td>\n<td style=\"width: 81.4241%;height: 21px\">\n<h4><span style=\"color: #000000\"><a style=\"color: #000000\" href=\"http:\/\/universofamilia.com\/hu\/emprestimo-bolsa-familia-como-a-solicitar-e-aproveitar-essa-oportunidade\/\" target=\"_blank\" rel=\"noopener\">Bolsa Fam\u00edlia k\u00f6lcs\u00f6n: Hogyan ig\u00e9nyelhet \u00e9s hogyan \u00e9lhet ezzel a lehet\u0151s\u00e9ggel?<\/a><\/span><\/h4>\n<\/td>\n<\/tr>\n<tr style=\"height: 21px\">\n<td style=\"width: 18.5759%;height: 21px\"><a href=\"http:\/\/universofamilia.com\/hu\/cursos-online-gratis-para-se-tornar-um-marceneiro\/\" target=\"_blank\" rel=\"noopener\"><img loading=\"lazy\" decoding=\"async\" class=\"alignnone wp-image-3934 size-medium\" src=\"http:\/\/universofamilia.com\/wp-content\/uploads\/sites\/148\/2023\/08\/cursos-online-gratis-para-se-tornar-um-marceneiro-300x300.png\" alt=\"\" width=\"300\" height=\"300\" srcset=\"http:\/\/universofamilia.com\/wp-content\/uploads\/sites\/148\/2023\/08\/cursos-online-gratis-para-se-tornar-um-marceneiro-300x300.png 300w, http:\/\/universofamilia.com\/wp-content\/uploads\/sites\/148\/2023\/08\/cursos-online-gratis-para-se-tornar-um-marceneiro-150x150.png 150w, http:\/\/universofamilia.com\/wp-content\/uploads\/sites\/148\/2023\/08\/cursos-online-gratis-para-se-tornar-um-marceneiro.png 315w\" sizes=\"(max-width: 300px) 100vw, 300px\" \/><\/a><\/td>\n<td style=\"width: 81.4241%;height: 21px\">\n<h4><span style=\"color: #000000\"><a style=\"color: #000000\" href=\"http:\/\/universofamilia.com\/hu\/cursos-online-gratis-para-se-tornar-um-marceneiro\/\" target=\"_blank\" rel=\"noopener\">Ingyenes online tanfolyamok Marceneirov\u00e1 v\u00e1l\u00e1shoz<\/a><\/span><\/h4>\n<\/td>\n<\/tr>\n<\/tbody>\n<\/table>\n\n\n<h3 class=\"wp-block-heading\">Konzult\u00e1ci\u00f3 k\u00f6vetelm\u00e9nyei<\/h3>\n\n\n\n<p>A Caixa Trabalhador alkalmaz\u00e1s egy k\u00f6zponti eszk\u00f6z a munkan\u00e9lk\u00fcli-seg\u00e9lyre, az INSS-re, a b\u00e9rfizet\u00e9sekre \u00e9s a NIS-re vonatkoz\u00f3 inform\u00e1ci\u00f3k el\u00e9r\u00e9s\u00e9hez.<\/p>\n\n\n\n<p>Fontos megjegyezni, hogy a PIS \u00e9s a PASEP konzult\u00e1ci\u00f3k elt\u00e9r\u0151ek. A Caixa Econ\u00f4mica Federal kiz\u00e1r\u00f3lag olyan munkav\u00e1llal\u00f3kkal foglalkozik, akik \u00e9rdekl\u0151dnek a PIS \u00e9rt\u00e9k\u00e9nek ellen\u0151rz\u00e9se ir\u00e1nt. A PASEP-pel rendelkez\u0151knek a Banco do Brasil \u00fcgyn\u00f6ks\u00e9g\u00e9t kell felkeresni\u00fck egyenleg\u00fck ellen\u0151rz\u00e9s\u00e9hez.<\/p>\n\n\n\n<p>\u00cdgy az alkalmaz\u00e1s let\u00f6lt\u00e9s\u00e9vel a munkav\u00e1llal\u00f3k egyszer\u0171en hozz\u00e1f\u00e9rhetnek a PIS\/PASEP egyenlegekhez, \u00e9s naprak\u00e9szek maradhatnak az \u00e1ltaluk el\u00e9rt \u00e9rt\u00e9kekkel kapcsolatban.<\/p>\n\n\n\n<h3 class=\"wp-block-heading\">A PIS-szel val\u00f3 konzult\u00e1ci\u00f3<\/h3>\n\n\n\n<p>A Caixa Trabalhador alkalmaz\u00e1s seg\u00edts\u00e9g\u00e9vel praktikus \u00e9s egyszer\u0171 m\u00f3don ellen\u0151rizheti a PIS-egyenleg\u00e9t. Ez a platform hozz\u00e1f\u00e9r\u00e9st biztos\u00edt a korm\u00e1ny \u00e1ltal k\u00edn\u00e1lt k\u00fcl\u00f6nf\u00e9le el\u0151ny\u00f6kh\u00f6z, leegyszer\u0171s\u00edtve a folyamatot a munkav\u00e1llal\u00f3k sz\u00e1m\u00e1ra.<\/p>\n\n\n\n<p>Az alkalmaz\u00e1s megnyit\u00e1sakor a felhaszn\u00e1l\u00f3nak egy \u0171rlapon kell megadnia adatait. Ezenk\u00edv\u00fcl meg kell er\u0151s\u00edtenie egy linket, amelyet a regisztr\u00e1lt e-mail c\u00edm\u00e9re k\u00fcld\u00fcnk.<\/p>\n\n\n\n<p>Ezek a kezdeti szakaszok garant\u00e1lj\u00e1k az adatok biztons\u00e1g\u00e1t \u00e9s a felhaszn\u00e1l\u00f3 helyes azonos\u00edt\u00e1s\u00e1t.<\/p>\n\n\n\n<p>Miut\u00e1n ezek a l\u00e9p\u00e9sek megt\u00f6rt\u00e9ntek, a munkav\u00e1llal\u00f3 hozz\u00e1f\u00e9rhet a Sz\u00f6vets\u00e9gi Gazdas\u00e1gi Bankn\u00e1l vezetett sz\u00e1ml\u00e1j\u00e1n l\u00e9v\u0151 PIS-egyenleghez. Ez a lehet\u0151s\u00e9g lehet\u0151v\u00e9 teszi a v\u00e1ros sz\u00e1m\u00e1ra, hogy agilis \u00e9s k\u00e9nyelmes m\u00f3don megismerje annak el\u0151nyeit.<\/p>\n\n\n\n<h3 class=\"wp-block-heading\">Tan\u00e1csad\u00e1s a PASEP-n\u00e9l<\/h3>\n\n\n\n<p>K\u00f6ztisztvisel\u0151k sz\u00e1m\u00e1ra a PASEP konzult\u00e1ci\u00f3 a Banco do Brasil port\u00e1lon \u00e9rhet\u0151 el. Az oldal el\u00e9r\u00e9s\u00e9hez a felhaszn\u00e1l\u00f3nak be kell jelentkeznie a gov.br port\u00e1lra, \u00e9s meg kell adnia a PASEP inform\u00e1ci\u00f3k el\u00e9r\u00e9s\u00e9hez sz\u00fcks\u00e9ges azonos\u00edt\u00e1st.<\/p>\n\n\n\n<p>Ezut\u00e1n megjelenik a PASEP egyenleg, amely lehet\u0151v\u00e9 teszi a felhaszn\u00e1l\u00f3 sz\u00e1m\u00e1ra, hogy megadja a kivehet\u0151 \u00f6sszeget. Ennek a lehet\u0151s\u00e9gnek a kihaszn\u00e1l\u00e1sa kulcsfontoss\u00e1g\u00fa a h\u00f3nap v\u00e9gi extra \u00f6sszeg garant\u00e1l\u00e1s\u00e1hoz.<\/p>\n\n\n\n<p>Ezzel az online konzult\u00e1ci\u00f3s lehet\u0151s\u00e9ggel a k\u00f6ztisztvisel\u0151k gyorsan ellen\u0151rizhetik a PASEP egyenleg\u00e9t an\u00e9lk\u00fcl, hogy b\u00fcrokr\u00e1ci\u00e1val vagy elbocs\u00e1t\u00e1sokkal kellene szemben\u00e9zni\u00fck.<\/p>\n\n\n\n<p>Haszn\u00e1lja ki ezt a k\u00e9nyelmet, hogy mindig t\u00e1j\u00e9kozott legyen v\u00e1llalkoz\u00e1sa fejlem\u00e9nyeivel kapcsolatban.<\/p>\n\n\n\n<h3 class=\"wp-block-heading\">PIS\/PASEP fizet\u00e9si napt\u00e1r 2023<\/h3>\n\n\n\n<p>A 2021-es b\u00e1zis\u00e9vre vonatkoz\u00f3 PIS\/PASEP b\u00e9rfizet\u00e9si \u00fctemterv 2023 febru\u00e1rja \u00e9s j\u00faliusa k\u00f6z\u00f6tt fog bek\u00f6vetkezni.<\/p>\n\n\n\n<p>A kifizet\u00e9seket k\u00e9t olyan munkav\u00e1llal\u00f3 sz\u00fclet\u00e9se ut\u00e1n foly\u00f3s\u00edtj\u00e1k, akik megfelelnek a juttat\u00e1s jogosults\u00e1gi krit\u00e9riumainak.<\/p>\n\n\n\n<p>Ezenk\u00edv\u00fcl hat r\u00e9szre osztjuk a kifizet\u00e9seket, leegyszer\u0171s\u00edtve a program adminisztr\u00e1ci\u00f3j\u00e1t, \u00e9s biztos\u00edtva, hogy minden kedvezm\u00e9nyezett a megadott id\u0151szakon bel\u00fcl megkapja a kifizet\u00e9seit.<\/p>\n\n\n\n<p><strong>PIS napt\u00e1r 2023<\/strong><\/p>\n\n\n\n<p>A kifizet\u00e9s 2023. febru\u00e1r 15-\u00e9n kezd\u0151d\u00f6tt, a k\u00f6vetkez\u0151 d\u00e1tumok az al\u00e1bbiakban olvashat\u00f3k:<\/p>\n\n\n\n<figure class=\"wp-block-table\"><table><tbody><tr><td><strong>Sz\u00fclet\u00e9si h\u00f3nap<\/strong><\/td><td><strong>Fogad\u00e1s innen<\/strong><\/td><td><strong>Vedd \u00e1t most<\/strong><\/td><\/tr><tr><td><strong>Janeiro<\/strong><\/td><td><strong>15\/02\/2023<\/strong><\/td><td><strong>28\/12\/2023<\/strong><\/td><\/tr><tr><td><strong>febru\u00e1r<\/strong><\/td><td><strong>15\/02\/2023<\/strong><\/td><td><strong>28\/12\/2023<\/strong><\/td><\/tr><tr><td><strong>Keret<\/strong><\/td><td><strong>15\/03\/2023<\/strong><\/td><td><strong>28\/12\/2023<\/strong><\/td><\/tr><tr><td><strong>\u00e1prilis<\/strong><\/td><td><strong>15\/03\/2023<\/strong><\/td><td><strong>28\/12\/2023<\/strong><\/td><\/tr><tr><td><strong>m\u00e1jus<\/strong><\/td><td><strong>17\/04\/2023<\/strong><\/td><td><strong>28\/12\/2023<\/strong><\/td><\/tr><tr><td><strong>Junho<\/strong><\/td><td><strong>17\/04\/2023<\/strong><\/td><td><strong>28\/12\/2023<\/strong><\/td><\/tr><tr><td><strong>j\u00falius<\/strong><\/td><td><strong>15\/05\/2023<\/strong><\/td><td><strong>28\/12\/2023<\/strong><\/td><\/tr><tr><td><strong>augusztus<\/strong><\/td><td><strong>15\/05\/2023<\/strong><\/td><td><strong>28\/12\/2023<\/strong><\/td><\/tr><tr><td><strong>szeptember<\/strong><\/td><td><strong>15\/06\/2023<\/strong><\/td><td><strong>28\/12\/2023<\/strong><\/td><\/tr><tr><td><strong>okt\u00f3ber<\/strong><\/td><td><strong>15\/06\/2023<\/strong><\/td><td><strong>28\/12\/2023<\/strong><\/td><\/tr><tr><td><strong>november<\/strong><\/td><td><strong>17\/07\/2023<\/strong><\/td><td><strong>28\/12\/2023<\/strong><\/td><\/tr><tr><td><strong>december<\/strong><\/td><td><strong>17\/07\/2023<\/strong><\/td><td><strong>28\/12\/2023<\/strong><\/td><\/tr><\/tbody><\/table><figcaption class=\"wp-element-caption\">2023. t\u00e1bl\u00e1zat<\/figcaption><\/figure>\n\n\n\n<p>PASEP napt\u00e1r 2023<\/p>\n\n\n\n<p>A kifizet\u00e9sek az al\u00e1bbiak szerint t\u00f6rt\u00e9nnek:<\/p>\n\n\n\n<figure class=\"wp-block-table\"><table><tbody><tr><td><strong>Regisztr\u00e1ci\u00f3 v\u00e9ge<\/strong><\/td><td><strong>Fizet\u00e9s teljes\u00edtve<\/strong><\/td><\/tr><tr><td><strong>0<\/strong><\/td><td><strong>15\/02\/2023<\/strong><\/td><\/tr><tr><td><strong>1<\/strong><\/td><td><strong>15\/03\/2023<\/strong><\/td><\/tr><tr><td><strong>2. \u00e9s 3.<\/strong><\/td><td><strong>17\/04\/2023<\/strong><\/td><\/tr><tr><td><strong>4. \u00e9s 5.<\/strong><\/td><td><strong>15\/05\/2023<\/strong><\/td><\/tr><tr><td><strong>6 \u00e9s 7<\/strong><\/td><td><strong>15\/06\/2023<\/strong><\/td><\/tr><tr><td><strong>8. \u00e9s 9.<\/strong><\/td><td><strong>17\/07\/2023<\/strong><\/td><\/tr><\/tbody><\/table><figcaption class=\"wp-element-caption\">2023. t\u00e1bl\u00e1zat<\/figcaption><\/figure>\n\n\n\n<h3 class=\"wp-block-heading\">A PIS\/PASEP k\u00e9zhezv\u00e9tele 2023-ban<\/h3>\n\n\n\n<p>A k\u00f6zvetlen\u00fcl a PIS-t\u0151l \u00e9rkez\u0151 mag\u00e1nszektorbeli munkav\u00e1llal\u00f3k a fizet\u00e9st k\u00f6zvetlen\u00fcl a foly\u00f3sz\u00e1ml\u00e1jukra vagy az alkalmazotti sz\u00e1ml\u00e1jukra kaphatj\u00e1k meg, a sz\u00fclet\u00e9si h\u00f3napnak megfelel\u0151en.<\/p>\n\n\n\n<p>A PASEP-t\u0151l k\u00f6zvetlen\u00fcl a k\u00f6zszf\u00e9r\u00e1ban dolgoz\u00f3k a Banco do Brasiln\u00e1l vezetett sz\u00e1ml\u00e1jukra kapj\u00e1k meg a kifizet\u00e9st.<\/p>\n\n\n\n<p>Al\u00e9m disso, para quem no possui conta em nenhuma dessas institui\u00e7\u00f5es, lehet\u0151s\u00e9g van \u00f6nkiszolg\u00e1l\u00f3 termin\u00e1lok, lott\u00f3egys\u00e9gek, megfelel\u0151 Caixa Aqui vagy banki \u00fcgyn\u00f6ks\u00e9gek kivitelez\u00e9s\u00e9re vagy kiv\u00e9tel\u00e9re a meg\u00e1llap\u00edtott fizet\u00e9si \u00fctemez\u00e9s szerint.<\/p>\n\n\n\n<h3 class=\"wp-block-heading\">K\u00f6vetkeztet\u00e9s<\/h3>\n\n\n\n<p>Mind a PIS, mind a PASEP alapvet\u0151 szoci\u00e1lis programok, amelyek el\u0151seg\u00edtik a brazil munkav\u00e1llal\u00f3k integr\u00e1ci\u00f3j\u00e1t \u00e9s \u00e9rt\u00e9kel\u00e9s\u00e9t, megnyitva a mag\u00e1nszektort \u00e9s a k\u00f6ztisztvisel\u0151ket.<\/p>\n\n\n\n<p>Rendk\u00edv\u00fcl fontos a PIS\/PASEP egyenleg\u00e9nek rendszeres ellen\u0151rz\u00e9se, hogy a munkav\u00e1llal\u00f3k ismerj\u00e9k jogaikat \u00e9s juttat\u00e1saikat, p\u00e9ld\u00e1ul a fizet\u00e9si b\u00f3nuszokat, a juttat\u00e1sokat \u00e9s a munkan\u00e9lk\u00fcli-seg\u00e9lyt.<\/p>\n\n\n\n<p>Ez\u00e9rt garant\u00e1lja a hozz\u00e1f\u00e9r\u00e9st ezekhez a p\u00e9nz\u00fcgyi forr\u00e1sokhoz, tervezze meg hat\u00e9konyan a p\u00e9nz\u00fcgyeit, \u00e9s \u00e9rje el p\u00e9nz\u00fcgyi c\u00e9ljait, hogy nagyobb gazdas\u00e1gi stabilit\u00e1st \u00e9rjen el az \u00e9let\u00e9ben.<\/p>\n\n\n\n<h3 class=\"wp-block-heading\">Gyakran ism\u00e9telt k\u00e9rd\u00e9sek a PIS\/PASEP konzult\u00e1ci\u00f3r\u00f3l<\/h3>\n\n\n\n<h4 class=\"wp-block-heading\">1. Mi a PIS vagy PASEP?<\/h4>\n\n\n\n<p>A PIS (T\u00e1rsadalmi Integr\u00e1ci\u00f3s Program) \u00e9s a PASEP (K\u00f6ztisztvisel\u0151i \u00d6r\u00f6ks\u00e9gk\u00e9pz\u0151 Program) olyan szoci\u00e1lis programok Braz\u00edli\u00e1ban, amelyek c\u00e9lja a munkav\u00e1llal\u00f3k integr\u00e1ci\u00f3ja, megbecs\u00fcl\u00e9se \u00e9s a n\u00f6veked\u00e9s \u00f6szt\u00f6nz\u00e9se.<\/p>\n\n\n\n<h4 class=\"wp-block-heading\">2. Mi a jogosults\u00e1g a PIS\/PASEP fizet\u00e9sre?<\/h4>\n\n\n\n<p>A k\u00e9t minim\u00e1lb\u00e9rt keres\u0151 regisztr\u00e1lt munkav\u00e1llal\u00f3k k\u00f6zvetlen\u00fcl a PIS\/PASEP b\u00e9rfizet\u00e9shez kapcsol\u00f3dnak.<\/p>\n\n\n\n<h4 class=\"wp-block-heading\">3. Hogyan ellen\u0151rizhetem a PIS-egyenlegem?<\/h4>\n\n\n\n<p>A PIS egyenleg\u00e9t a Caixa Trabalhador alkalmaz\u00e1son kereszt\u00fcl ellen\u0151rizheti. Egyszer\u0171en adja meg szem\u00e9lyes adatait, \u00e9s ellen\u0151rizze a regisztr\u00e1ci\u00f3 sor\u00e1n az e-mail c\u00edm\u00e9re k\u00fcld\u00f6tt linket.<\/p>\n\n\n\n<h4 class=\"wp-block-heading\">4. K\u00f6ztisztvisel\u0151k\u00e9nt konzult\u00e1lhatunk a PASEP-pel?<\/h4>\n\n\n\n<p>A k\u00f6ztisztvisel\u0151k a Banco do Brasil port\u00e1lon kereszt\u00fcl tekinthetik meg a PASEP-et, a gov.br port\u00e1lon kereszt\u00fcl bejelentkezve.<\/p>\n\n\n\n<h4 class=\"wp-block-heading\">5. Mi a fizet\u00e9si \u00fctemterv?<\/h4>\n\n\n\n<p>A PIS\/PASEP b\u00e9rek kifizet\u00e9se 2023 febru\u00e1rja \u00e9s j\u00faliusa k\u00f6z\u00f6tt t\u00f6rt\u00e9nik, a munkav\u00e1llal\u00f3k sz\u00fclet\u00e9si d\u00e1tum\u00e1nak megfelel\u0151en.<\/p>\n\n\n\n<h3 class=\"wp-block-heading\">Tov\u00e1bbi kutat\u00e1si forr\u00e1s<\/h3>\n\n\n\n<p>A PIS\/PASEP konzult\u00e1ci\u00f3val \u00e9s m\u00e1s szoci\u00e1lis programokkal kapcsolatos tov\u00e1bbi inform\u00e1ci\u00f3k\u00e9rt tekintse meg az al\u00e1bbi forr\u00e1sokat:<\/p>\n\n\n\n<p>Sz\u00f6vets\u00e9gi Gazdas\u00e1gi Bank weboldala: A hivatalos Caixa weboldal r\u00e9szletes inform\u00e1ci\u00f3kat tartalmaz a PIS-r\u0151l, bele\u00e9rtve a k\u00f6vetelm\u00e9nyeket, az el\u0151ny\u00f6ket \u00e9s a konzult\u00e1ci\u00f3s elj\u00e1r\u00e1sokat. https:\/\/www.caixa.gov.br\/<\/p>\n\n\n\n<p>A Banco do Brasil port\u00e1lja: A Banco do Brasil port\u00e1lja konkr\u00e9t inform\u00e1ci\u00f3kat tartalmaz a PASEP-r\u0151l, bele\u00e9rtve az egyenlegek \u00e9s a juttat\u00e1sok ellen\u0151rz\u00e9s\u00e9nek m\u00f3dj\u00e1t. https:\/\/www.bb.com.br\/<\/p>\n\n\n\n<p>Minist\u00e9rio da Economia: A Minist\u00e9rio da Economia do Brasil adatokat szolg\u00e1ltat a gazdas\u00e1gpolitik\u00e1r\u00f3l, a szoci\u00e1lis programokr\u00f3l \u00e9s a PIS\/PASEP-r\u0151l. https:\/\/www.gov.br\/economia\/pt-br<\/p>\n\n\n\n<p>Hivatalos jogszab\u00e1lyok: A PIS\/PASEP-re vonatkoz\u00f3 szab\u00e1lyok \u00e9s el\u0151\u00edr\u00e1sok meg\u00e9rt\u00e9s\u00e9hez tekintse meg a program hivatalos jogszab\u00e1lyait.<\/p>\n\n\n\n<p>Szem\u00e9lyes seg\u00edts\u00e9gny\u00fajt\u00e1s: Ha k\u00f6zvetlen\u00fcl szeretne inform\u00e1ci\u00f3t szerezni, felkeresheti a Caixa Econ\u00f4mica Federal vagy a Banco do Brasil egyik irod\u00e1j\u00e1t, \u00e9s besz\u00e9lhet egy munkat\u00e1rssal.<\/p>\n\n\n\n<p>\u00cdgy hangs\u00falyozva, hogy fontos mindig megb\u00edzhat\u00f3 \u00e9s hivatalos forr\u00e1sokat keresni a fontos t\u00e9m\u00e1k, p\u00e9ld\u00e1ul a PIS\/PASEP kutat\u00e1s\u00e1hoz.<\/p>","protected":false},"excerpt":{"rendered":"<p>A Caixa elind\u00edtja a PIS\/PASEP egyenlegek lek\u00e9rdez\u00e9s\u00e9t! Kiv\u00e1l\u00f3 h\u00edr a brazilok sz\u00e1m\u00e1ra. A Caixa Econ\u00f4mica Federal mostant\u00f3l el\u00e9rhet\u0151 a PIS\/PASEP egyenlegek lek\u00e9rdez\u00e9s\u00e9re, ami orsz\u00e1gszerte t\u00f6bb ezer v\u00e1rosnak kedvez. Tov\u00e1bb\u00e1 a legnagyobb el\u0151ny, hogy ez a lek\u00e9rdez\u00e9s egyszer\u0171en \u00e9s k\u00e9nyelmesen elv\u00e9gezhet\u0151 az interneten kereszt\u00fcl, \u00edgy nincs sz\u00fcks\u00e9g [\u2026]<\/p>","protected":false},"author":139,"featured_media":3655,"comment_status":"open","ping_status":"open","sticky":false,"template":"","format":"standard","meta":{"footnotes":""},"categories":[3],"tags":[511,547,1223],"yoast_head":"<!-- This site is optimized with the Yoast SEO plugin v23.3 - https:\/\/yoast.com\/wordpress\/plugins\/seo\/ -->\n<title>Caixa libera consulta do PIS\/PASEP - Universo Fam\u00edlia<\/title>\n<meta name=\"description\" content=\"Caixa libera consulta do PIS\/PASEP! Uma excelente not\u00edcia para os brasileiros. A Caixa Econ\u00f4mica Federal disponibilizou a consulta aos saldos do PIS\/PASEP\" \/>\n<meta name=\"robots\" content=\"index, follow, max-snippet:-1, max-image-preview:large, max-video-preview:-1\" \/>\n<link rel=\"canonical\" href=\"http:\/\/universofamilia.com\/hu\/caixa-libera-consulta-do-pis-pasep\/\" \/>\n<meta property=\"og:locale\" content=\"hu_HU\" \/>\n<meta property=\"og:type\" content=\"article\" \/>\n<meta property=\"og:title\" content=\"Caixa libera consulta do PIS\/PASEP - Universo Fam\u00edlia\" \/>\n<meta property=\"og:description\" content=\"Caixa libera consulta do PIS\/PASEP! Uma excelente not\u00edcia para os brasileiros. A Caixa Econ\u00f4mica Federal disponibilizou a consulta aos saldos do PIS\/PASEP\" \/>\n<meta property=\"og:url\" content=\"http:\/\/universofamilia.com\/hu\/caixa-libera-consulta-do-pis-pasep\/\" \/>\n<meta property=\"og:site_name\" content=\"Universo Fam\u00edlia\" \/>\n<meta property=\"article:published_time\" content=\"2023-06-01T01:20:54+00:00\" \/>\n<meta property=\"article:modified_time\" content=\"2025-01-28T14:31:13+00:00\" \/>\n<meta property=\"og:image\" content=\"http:\/\/universofamilia.com\/wp-content\/uploads\/sites\/148\/2023\/05\/D-UNIVERSO-FAMILIA-Caixa-libera-consulta-do-PISPASEP.png\" \/>\n\t<meta property=\"og:image:width\" content=\"448\" \/>\n\t<meta property=\"og:image:height\" content=\"350\" \/>\n\t<meta property=\"og:image:type\" content=\"image\/png\" \/>\n<meta name=\"author\" content=\"Pedro Henrique\" \/>\n<meta name=\"twitter:card\" content=\"summary_large_image\" \/>\n<meta name=\"twitter:label1\" content=\"Written by\" \/>\n\t<meta name=\"twitter:data1\" content=\"Pedro Henrique\" \/>\n\t<meta name=\"twitter:label2\" content=\"Est. reading time\" \/>\n\t<meta name=\"twitter:data2\" content=\"9 perc\" \/>\n<script type=\"application\/ld+json\" class=\"yoast-schema-graph\">{\"@context\":\"https:\/\/schema.org\",\"@graph\":[{\"@type\":\"WebPage\",\"@id\":\"http:\/\/universofamilia.com\/ja\/caixa-libera-consulta-do-pis-pasep\/\",\"url\":\"http:\/\/universofamilia.com\/ja\/caixa-libera-consulta-do-pis-pasep\/\",\"name\":\"Caixa libera consulta do PIS\/PASEP - Universo Fam\u00edlia\",\"isPartOf\":{\"@id\":\"https:\/\/universofamilia.com\/el\/#website\"},\"primaryImageOfPage\":{\"@id\":\"http:\/\/universofamilia.com\/ja\/caixa-libera-consulta-do-pis-pasep\/#primaryimage\"},\"image\":{\"@id\":\"http:\/\/universofamilia.com\/ja\/caixa-libera-consulta-do-pis-pasep\/#primaryimage\"},\"thumbnailUrl\":\"http:\/\/universofamilia.com\/wp-content\/uploads\/sites\/148\/2023\/05\/D-UNIVERSO-FAMILIA-Caixa-libera-consulta-do-PISPASEP.png\",\"datePublished\":\"2023-06-01T01:20:54+00:00\",\"dateModified\":\"2025-01-28T14:31:13+00:00\",\"author\":{\"@id\":\"https:\/\/universofamilia.com\/el\/#\/schema\/person\/f07ce98187dd84d31154262e79b3b7ca\"},\"description\":\"Caixa libera consulta do PIS\/PASEP! Uma excelente not\u00edcia para os brasileiros. A Caixa Econ\u00f4mica Federal disponibilizou a consulta aos saldos do PIS\/PASEP\",\"breadcrumb\":{\"@id\":\"http:\/\/universofamilia.com\/ja\/caixa-libera-consulta-do-pis-pasep\/#breadcrumb\"},\"inLanguage\":\"hu\",\"potentialAction\":[{\"@type\":\"ReadAction\",\"target\":[\"http:\/\/universofamilia.com\/ja\/caixa-libera-consulta-do-pis-pasep\/\"]}]},{\"@type\":\"ImageObject\",\"inLanguage\":\"hu\",\"@id\":\"http:\/\/universofamilia.com\/ja\/caixa-libera-consulta-do-pis-pasep\/#primaryimage\",\"url\":\"http:\/\/universofamilia.com\/wp-content\/uploads\/sites\/148\/2023\/05\/D-UNIVERSO-FAMILIA-Caixa-libera-consulta-do-PISPASEP.png\",\"contentUrl\":\"http:\/\/universofamilia.com\/wp-content\/uploads\/sites\/148\/2023\/05\/D-UNIVERSO-FAMILIA-Caixa-libera-consulta-do-PISPASEP.png\",\"width\":448,\"height\":350},{\"@type\":\"BreadcrumbList\",\"@id\":\"http:\/\/universofamilia.com\/ja\/caixa-libera-consulta-do-pis-pasep\/#breadcrumb\",\"itemListElement\":[{\"@type\":\"ListItem\",\"position\":1,\"name\":\"Home\",\"item\":\"https:\/\/universofamilia.com\/el\/\"},{\"@type\":\"ListItem\",\"position\":2,\"name\":\"Caixa libera consulta do PIS\/PASEP\"}]},{\"@type\":\"WebSite\",\"@id\":\"https:\/\/universofamilia.com\/el\/#website\",\"url\":\"https:\/\/universofamilia.com\/el\/\",\"name\":\"Universo Fam\u00edlia\",\"description\":\"\",\"potentialAction\":[{\"@type\":\"SearchAction\",\"target\":{\"@type\":\"EntryPoint\",\"urlTemplate\":\"https:\/\/universofamilia.com\/el\/?s={search_term_string}\"},\"query-input\":\"required name=search_term_string\"}],\"inLanguage\":\"hu\"},{\"@type\":\"Person\",\"@id\":\"https:\/\/universofamilia.com\/el\/#\/schema\/person\/f07ce98187dd84d31154262e79b3b7ca\",\"name\":\"Pedro Henrique\",\"image\":{\"@type\":\"ImageObject\",\"inLanguage\":\"hu\",\"@id\":\"https:\/\/universofamilia.com\/el\/#\/schema\/person\/image\/\",\"url\":\"http:\/\/0.gravatar.com\/avatar\/9edfeb808cb4e1599f64d6e45b130154?s=96&d=mm&r=g\",\"contentUrl\":\"http:\/\/0.gravatar.com\/avatar\/9edfeb808cb4e1599f64d6e45b130154?s=96&d=mm&r=g\",\"caption\":\"Pedro Henrique\"},\"url\":\"http:\/\/universofamilia.com\/hu\/author\/editor01\/\"}]}<\/script>\n<!-- \/ Yoast SEO plugin. -->","yoast_head_json":{"title":"Caixa libera consulta do PIS\/PASEP - Universo Fam\u00edlia","description":"Caixa libera consulta do PIS\/PASEP! Uma excelente not\u00edcia para os brasileiros. A Caixa Econ\u00f4mica Federal disponibilizou a consulta aos saldos do PIS\/PASEP","robots":{"index":"index","follow":"follow","max-snippet":"max-snippet:-1","max-image-preview":"max-image-preview:large","max-video-preview":"max-video-preview:-1"},"canonical":"http:\/\/universofamilia.com\/hu\/caixa-libera-consulta-do-pis-pasep\/","og_locale":"hu_HU","og_type":"article","og_title":"Caixa libera consulta do PIS\/PASEP - Universo Fam\u00edlia","og_description":"Caixa libera consulta do PIS\/PASEP! Uma excelente not\u00edcia para os brasileiros. A Caixa Econ\u00f4mica Federal disponibilizou a consulta aos saldos do PIS\/PASEP","og_url":"http:\/\/universofamilia.com\/hu\/caixa-libera-consulta-do-pis-pasep\/","og_site_name":"Universo Fam\u00edlia","article_published_time":"2023-06-01T01:20:54+00:00","article_modified_time":"2025-01-28T14:31:13+00:00","og_image":[{"width":448,"height":350,"url":"http:\/\/universofamilia.com\/wp-content\/uploads\/sites\/148\/2023\/05\/D-UNIVERSO-FAMILIA-Caixa-libera-consulta-do-PISPASEP.png","type":"image\/png"}],"author":"Pedro Henrique","twitter_card":"summary_large_image","twitter_misc":{"Written by":"Pedro Henrique","Est. reading time":"9 perc"},"schema":{"@context":"https:\/\/schema.org","@graph":[{"@type":"WebPage","@id":"http:\/\/universofamilia.com\/ja\/caixa-libera-consulta-do-pis-pasep\/","url":"http:\/\/universofamilia.com\/ja\/caixa-libera-consulta-do-pis-pasep\/","name":"Caixa libera consulta do PIS\/PASEP - Universo Fam\u00edlia","isPartOf":{"@id":"https:\/\/universofamilia.com\/el\/#website"},"primaryImageOfPage":{"@id":"http:\/\/universofamilia.com\/ja\/caixa-libera-consulta-do-pis-pasep\/#primaryimage"},"image":{"@id":"http:\/\/universofamilia.com\/ja\/caixa-libera-consulta-do-pis-pasep\/#primaryimage"},"thumbnailUrl":"http:\/\/universofamilia.com\/wp-content\/uploads\/sites\/148\/2023\/05\/D-UNIVERSO-FAMILIA-Caixa-libera-consulta-do-PISPASEP.png","datePublished":"2023-06-01T01:20:54+00:00","dateModified":"2025-01-28T14:31:13+00:00","author":{"@id":"https:\/\/universofamilia.com\/el\/#\/schema\/person\/f07ce98187dd84d31154262e79b3b7ca"},"description":"Caixa libera consulta do PIS\/PASEP! Uma excelente not\u00edcia para os brasileiros. A Caixa Econ\u00f4mica Federal disponibilizou a consulta aos saldos do PIS\/PASEP","breadcrumb":{"@id":"http:\/\/universofamilia.com\/ja\/caixa-libera-consulta-do-pis-pasep\/#breadcrumb"},"inLanguage":"hu","potentialAction":[{"@type":"ReadAction","target":["http:\/\/universofamilia.com\/ja\/caixa-libera-consulta-do-pis-pasep\/"]}]},{"@type":"ImageObject","inLanguage":"hu","@id":"http:\/\/universofamilia.com\/ja\/caixa-libera-consulta-do-pis-pasep\/#primaryimage","url":"http:\/\/universofamilia.com\/wp-content\/uploads\/sites\/148\/2023\/05\/D-UNIVERSO-FAMILIA-Caixa-libera-consulta-do-PISPASEP.png","contentUrl":"http:\/\/universofamilia.com\/wp-content\/uploads\/sites\/148\/2023\/05\/D-UNIVERSO-FAMILIA-Caixa-libera-consulta-do-PISPASEP.png","width":448,"height":350},{"@type":"BreadcrumbList","@id":"http:\/\/universofamilia.com\/ja\/caixa-libera-consulta-do-pis-pasep\/#breadcrumb","itemListElement":[{"@type":"ListItem","position":1,"name":"Home","item":"https:\/\/universofamilia.com\/el\/"},{"@type":"ListItem","position":2,"name":"Caixa libera consulta do PIS\/PASEP"}]},{"@type":"WebSite","@id":"https:\/\/universofamilia.com\/el\/#website","url":"https:\/\/universofamilia.com\/el\/","name":"Universo Fam\u00edlia","description":"","potentialAction":[{"@type":"SearchAction","target":{"@type":"EntryPoint","urlTemplate":"https:\/\/universofamilia.com\/el\/?s={search_term_string}"},"query-input":"required name=search_term_string"}],"inLanguage":"hu"},{"@type":"Person","@id":"https:\/\/universofamilia.com\/el\/#\/schema\/person\/f07ce98187dd84d31154262e79b3b7ca","name":"Pedro Henrique","image":{"@type":"ImageObject","inLanguage":"hu","@id":"https:\/\/universofamilia.com\/el\/#\/schema\/person\/image\/","url":"http:\/\/0.gravatar.com\/avatar\/9edfeb808cb4e1599f64d6e45b130154?s=96&d=mm&r=g","contentUrl":"http:\/\/0.gravatar.com\/avatar\/9edfeb808cb4e1599f64d6e45b130154?s=96&d=mm&r=g","caption":"Pedro Henrique"},"url":"http:\/\/universofamilia.com\/hu\/author\/editor01\/"}]}},"_links":{"self":[{"href":"http:\/\/universofamilia.com\/hu\/wp-json\/wp\/v2\/posts\/2123"}],"collection":[{"href":"http:\/\/universofamilia.com\/hu\/wp-json\/wp\/v2\/posts"}],"about":[{"href":"http:\/\/universofamilia.com\/hu\/wp-json\/wp\/v2\/types\/post"}],"author":[{"embeddable":true,"href":"http:\/\/universofamilia.com\/hu\/wp-json\/wp\/v2\/users\/139"}],"replies":[{"embeddable":true,"href":"http:\/\/universofamilia.com\/hu\/wp-json\/wp\/v2\/comments?post=2123"}],"version-history":[{"count":1,"href":"http:\/\/universofamilia.com\/hu\/wp-json\/wp\/v2\/posts\/2123\/revisions"}],"predecessor-version":[{"id":8405,"href":"http:\/\/universofamilia.com\/hu\/wp-json\/wp\/v2\/posts\/2123\/revisions\/8405"}],"wp:featuredmedia":[{"embeddable":true,"href":"http:\/\/universofamilia.com\/hu\/wp-json\/wp\/v2\/media\/3655"}],"wp:attachment":[{"href":"http:\/\/universofamilia.com\/hu\/wp-json\/wp\/v2\/media?parent=2123"}],"wp:term":[{"taxonomy":"category","embeddable":true,"href":"http:\/\/universofamilia.com\/hu\/wp-json\/wp\/v2\/categories?post=2123"},{"taxonomy":"post_tag","embeddable":true,"href":"http:\/\/universofamilia.com\/hu\/wp-json\/wp\/v2\/tags?post=2123"}],"curies":[{"name":"wp","href":"https:\/\/api.w.org\/{rel}","templated":true}]}}