{"id":2257,"date":"2023-06-06T22:12:50","date_gmt":"2023-06-07T01:12:50","guid":{"rendered":"https:\/\/universofamilia.com\/?p=2257"},"modified":"2025-01-28T15:04:43","modified_gmt":"2025-01-28T15:04:43","slug":"como-solicitar-bpc-beneficio-de-prestacao-continuada-e-quem-tem-direito","status":"publish","type":"post","link":"http:\/\/universofamilia.com\/hu\/como-solicitar-bpc-beneficio-de-prestacao-continuada-e-quem-tem-direito\/","title":{"rendered":"Hogyan kell jelentkezni a BPC-re (Benef\u00edcio de Presta\u00e7\u00e3o Continuada), \u00e9s ez k\u00f6zvetlen\u00fcl"},"content":{"rendered":"<p>Hogyan lehet BPC-t (Benef\u00edcio de Presta\u00e7\u00e3o Continuada) ig\u00e9nyelni, \u00e9s mi is az pontosan? A folyamatos ell\u00e1t\u00e1si ell\u00e1t\u00e1s (BPC) egy fontos p\u00e9nz\u00fcgyi t\u00e1mogat\u00e1s, amelyet a brazil sz\u00f6vets\u00e9gi korm\u00e1ny garant\u00e1l.<\/p>\n\n\n\n<p>A t\u00e1rsadalmi-gazdas\u00e1gi szempontb\u00f3l kiszolg\u00e1ltatott helyzetben l\u00e9v\u0151 fogyat\u00e9kkal \u00e9l\u0151k sz\u00e1m\u00e1ra k\u00e9sz\u00fclt BPC c\u00e9lja, hogy p\u00e9nz\u00fcgyi v\u00e9delmet ny\u00fajtson alapvet\u0151 sz\u00fcks\u00e9gleteik kiel\u00e9g\u00edt\u00e9s\u00e9hez.<\/p>\n\n\n\n<p>Ebben a cikkben a BPC ig\u00e9nyl\u00e9s\u00e9nek k\u00f6vetelm\u00e9nyeit fogjuk t\u00e1rgyalni, amelyek seg\u00edtenek a juttat\u00e1s megszerz\u00e9s\u00e9ben, valamint a jelentkez\u00e9si folyamat m\u0171k\u00f6d\u00e9s\u00e9t.<\/p>\n\n\n\n<h3 class=\"wp-block-heading\">Olvasd el m\u00e9g:<\/h3>\n\n\n\n<p><a href=\"http:\/\/universofamilia.com\/hu\/cartao-de-credito-caixa-conheca-as-vantagens-e-como-solicitar\/\" target=\"_blank\" rel=\"noreferrer noopener\">Caixa hitelk\u00e1rtya \u2013 Ismerje meg az el\u0151ny\u00f6ket \u00e9s az ig\u00e9nyl\u00e9s m\u00f3dj\u00e1t<\/a><\/p>\n\n\n\n<p><a href=\"http:\/\/universofamilia.com\/hu\/os-melhores-apps-de-emagrecimento-gratuitos\/\" target=\"_blank\" rel=\"noreferrer noopener\">A legjobb ingyenes emagrecimento alkalmaz\u00e1sok<\/a><\/p>\n\n\n\n<p><a href=\"http:\/\/universofamilia.com\/hu\/os-5-apps-mais-usados-entre-os-jovens\/\" target=\"_blank\" rel=\"noreferrer noopener\">Az 5 leggyakrabban haszn\u00e1lt alkalmaz\u00e1s a fiatalok k\u00f6r\u00e9ben<\/a><\/p>\n\n\n\n<h3 class=\"wp-block-heading\">Mi az a BPC?<\/h3>\n\n\n<div class=\"wp-block-image\">\n<figure class=\"aligncenter size-full\"><img loading=\"lazy\" decoding=\"async\" width=\"800\" height=\"560\" src=\"http:\/\/universofamilia.com\/wp-content\/uploads\/sites\/148\/2023\/06\/POST-BEBE-BPC-BENEFICIO-PRESTACAO-CONTINUADA-UNIVERSO-FAMILIA-3-2.png\" alt=\"\" class=\"wp-image-2266\" srcset=\"http:\/\/universofamilia.com\/wp-content\/uploads\/sites\/148\/2023\/06\/POST-BEBE-BPC-BENEFICIO-PRESTACAO-CONTINUADA-UNIVERSO-FAMILIA-3-2.png 800w, http:\/\/universofamilia.com\/wp-content\/uploads\/sites\/148\/2023\/06\/POST-BEBE-BPC-BENEFICIO-PRESTACAO-CONTINUADA-UNIVERSO-FAMILIA-3-2-300x210.png 300w, http:\/\/universofamilia.com\/wp-content\/uploads\/sites\/148\/2023\/06\/POST-BEBE-BPC-BENEFICIO-PRESTACAO-CONTINUADA-UNIVERSO-FAMILIA-3-2-768x538.png 768w\" sizes=\"(max-width: 800px) 100vw, 800px\" \/><\/figure><\/div>\n\n\n<p>A BPC egy j\u00f3l\u00e9ti juttat\u00e1s, amelyet a Szoci\u00e1lis Seg\u00edts\u00e9gny\u00fajt\u00e1sr\u00f3l sz\u00f3l\u00f3 Organikus T\u00f6rv\u00e9ny (LOAS) biztos\u00edt, \u00e9s amelynek c\u00e9lja a t\u00e1rsadalmi befogad\u00e1s \u00e9s a kiszolg\u00e1ltatott helyzetben l\u00e9v\u0151 emberek v\u00e9delm\u00e9nek garant\u00e1l\u00e1sa.<\/p>\n\n\n\n<p>65 \u00e9ves vagy ann\u00e1l id\u0151sebb, illetve b\u00e1rmilyen kor\u00fa fogyat\u00e9kkal \u00e9l\u0151 szem\u00e9lyek sz\u00e1m\u00e1ra k\u00e9sz\u00fclt, akiknek csal\u00e1dja fejenk\u00e9nt kevesebbet keres, mint a jelenlegi minim\u00e1lb\u00e9r 1\/4-e.<\/p>\n\n\n\n<h3 class=\"wp-block-heading\">Az id\u0151sek BPC-je<\/h3>\n\n\n\n<p>Ahhoz, hogy egy gyermek 65 \u00e9ves vagy ann\u00e1l id\u0151sebb korban megkaphassa a BPC-t, igazolnia kell, hogy a csal\u00e1di egy f\u0151re jut\u00f3 j\u00f6vedelem a meghat\u00e1rozott hat\u00e1r\u00e9rt\u00e9k alatt van.<\/p>\n\n\n\n<p>Fontos kiemelni, hogy azokat, akik lakhat\u00e1si vagy hal\u00e1leseti ell\u00e1t\u00e1sban r\u00e9szes\u00fcltek, nem ir\u00e1ny\u00edtj\u00e1k \u00e1t a BPC-hez, miut\u00e1n megkapt\u00e1k a t\u00e1rgyal\u00e1s el\u0151tti ell\u00e1t\u00e1st.<\/p>\n\n\n\n<h3 class=\"wp-block-heading\">O BPC fogyat\u00e9kkal \u00e9l\u0151k sz\u00e1m\u00e1ra<\/h3>\n\n\n<div class=\"wp-block-image\">\n<figure class=\"aligncenter size-full\"><img loading=\"lazy\" decoding=\"async\" width=\"800\" height=\"560\" src=\"http:\/\/universofamilia.com\/wp-content\/uploads\/sites\/148\/2023\/06\/POST-BEBE-BPC-BENEFICIO-PRESTACAO-CONTINUADA-UNIVERSO-FAMILIA-1.png\" alt=\"\" class=\"wp-image-2259\" srcset=\"http:\/\/universofamilia.com\/wp-content\/uploads\/sites\/148\/2023\/06\/POST-BEBE-BPC-BENEFICIO-PRESTACAO-CONTINUADA-UNIVERSO-FAMILIA-1.png 800w, http:\/\/universofamilia.com\/wp-content\/uploads\/sites\/148\/2023\/06\/POST-BEBE-BPC-BENEFICIO-PRESTACAO-CONTINUADA-UNIVERSO-FAMILIA-1-300x210.png 300w, http:\/\/universofamilia.com\/wp-content\/uploads\/sites\/148\/2023\/06\/POST-BEBE-BPC-BENEFICIO-PRESTACAO-CONTINUADA-UNIVERSO-FAMILIA-1-768x538.png 768w\" sizes=\"(max-width: 800px) 100vw, 800px\" \/><\/figure><\/div>\n\n\n<p>A BPC semmilyen esetben sem vonatkozik a fogyat\u00e9kkal \u00e9l\u0151kre, \u00e9s a BPC sem azoknak sz\u00f3l, akik hossz\u00fa t\u00e1v\u00fa, fizikai, ment\u00e1lis, intellektu\u00e1lis vagy \u00e9rz\u00e9kszervi jelleg\u0171 akad\u00e1lyozotts\u00e1ggal rendelkeznek, ami lehetetlenn\u00e9 teszi sz\u00e1mukra a teljes k\u00f6r\u0171 t\u00e1rsadalmi \u00e9s munkaer\u0151piaci r\u00e9szv\u00e9telt.<\/p>\n\n\n\n<p>Az id\u0151sek eset\u00e9ben is ellen\u0151rizni kell, hogy a csal\u00e1di j\u00f6vedelem az egy f\u0151re jut\u00f3 \u00e9rt\u00e9k a meg\u00e1llap\u00edtott hat\u00e1r\u00e9rt\u00e9k alatt van-e.<\/p>\n\n\n\n<h3 class=\"wp-block-heading\">Mi a BPC \u00e9rt\u00e9ke?<\/h3>\n\n\n\n<p>A BPC \u00e9rt\u00e9ke megegyezik a jelenlegi minim\u00e1lb\u00e9rrel. Fontos azonban megjegyezni, hogy ez a juttat\u00e1s nem a 13. fizet\u00e9st fedezi, \u00e9s nem ny\u00fajt k\u00e1rt\u00e9r\u00edt\u00e9st hal\u00e1leset eset\u00e9n.<\/p>\n\n\n\n<p>A f\u0151 c\u00e9l az emberek alapvet\u0151 sz\u00fcks\u00e9gleteinek kiel\u00e9g\u00edt\u00e9s\u00e9re szolg\u00e1l\u00f3 anyagi t\u00e1mogat\u00e1s garant\u00e1l\u00e1sa.<\/p>\n\n\n\n<h3 class=\"wp-block-heading\">Mi sz\u00fcks\u00e9ges a BPC megszerz\u00e9s\u00e9hez?<\/h3>\n\n\n<div class=\"wp-block-image\">\n<figure class=\"aligncenter size-full\"><img loading=\"lazy\" decoding=\"async\" width=\"800\" height=\"560\" src=\"http:\/\/universofamilia.com\/wp-content\/uploads\/sites\/148\/2023\/06\/POST-BEBE-BPC-BENEFICIO-PRESTACAO-CONTINUADA-UNIVERSO-FAMILIA.png\" alt=\"\" class=\"wp-image-2260\" srcset=\"http:\/\/universofamilia.com\/wp-content\/uploads\/sites\/148\/2023\/06\/POST-BEBE-BPC-BENEFICIO-PRESTACAO-CONTINUADA-UNIVERSO-FAMILIA.png 800w, http:\/\/universofamilia.com\/wp-content\/uploads\/sites\/148\/2023\/06\/POST-BEBE-BPC-BENEFICIO-PRESTACAO-CONTINUADA-UNIVERSO-FAMILIA-300x210.png 300w, http:\/\/universofamilia.com\/wp-content\/uploads\/sites\/148\/2023\/06\/POST-BEBE-BPC-BENEFICIO-PRESTACAO-CONTINUADA-UNIVERSO-FAMILIA-768x538.png 768w\" sizes=\"(max-width: 800px) 100vw, 800px\" \/><\/figure><\/div>\n\n\n<p>A BPC ig\u00e9nyl\u00e9s\u00e9hez megfelel\u0151 dokument\u00e1ci\u00f3t kell beny\u00fajtania, p\u00e9ld\u00e1ul RG-t, CPF-et, lakc\u00edmigazol\u00e1st, csal\u00e1di j\u00f6vedelem igazol\u00e1s\u00e1t, orvosi jelent\u00e9seket \u00e9s egy\u00e9b dokumentumokat, amelyek al\u00e1t\u00e1masztj\u00e1k a kiszolg\u00e1ltatott helyzetet.<\/p>\n\n\n\n<p>Szint\u00e9n elengedhetetlen a sz\u00f6vets\u00e9gi korm\u00e1ny szoci\u00e1lis programjainak egyedi kataszter\u00e9nek (Cad\u00danico) l\u00e9trehoz\u00e1sa, amely eszk\u00f6z az alacsony j\u00f6vedelm\u0171 csal\u00e1dok azonos\u00edt\u00e1s\u00e1ra \u00e9s a szoci\u00e1lis programokhoz val\u00f3 hozz\u00e1f\u00e9r\u00e9s megk\u00f6nny\u00edt\u00e9s\u00e9re.<\/p>\n\n\n\n<h3 class=\"wp-block-heading\">Mennyi id\u0151 alatt kapok meg vagy kapok j\u00f3v\u00e1hagyott BPC-t?<\/h3>\n\n\n\n<p>A BPC-rendelet j\u00f3v\u00e1hagy\u00e1sa ut\u00e1n a kedvezm\u00e9nyezett 45 napot v\u00e1rhat az els\u0151 kifizet\u00e9s k\u00e9zhezv\u00e9tel\u00e9re. Fontos azonban kiemelni, hogy ez az id\u0151szak a r\u00e9gi\u00f3t\u00f3l \u00e9s a juttat\u00e1selemz\u00e9si folyamat \u00f6sszetetts\u00e9g\u00e9t\u0151l f\u00fcgg\u0151en v\u00e1ltozhat.<\/p>\n\n\n\n<p>Ebben az id\u0151szakban azt javaslom, hogy rendszeresen k\u00eds\u00e9rje figyelemmel a folyamatot a Nemzeti T\u00e1rsadalombiztos\u00edt\u00e1si Int\u00e9zettel (INSS) vagy a lak\u00f3hely\u00e9n a kifizet\u00e9sek\u00e9rt felel\u0151s int\u00e9zm\u00e9nnyel egy\u00fctt.<\/p>\n\n\n\n<h3 class=\"wp-block-heading\">Van BPC-alkalmaz\u00e1s?<\/h3>\n\n\n<div class=\"wp-block-image\">\n<figure class=\"aligncenter size-full\"><img loading=\"lazy\" decoding=\"async\" width=\"800\" height=\"560\" src=\"http:\/\/universofamilia.com\/wp-content\/uploads\/sites\/148\/2023\/06\/POST-BEBE-BPC-BENEFICIO-PRESTACAO-CONTINUADA-UNIVERSO-FAMILIA-2-1.png\" alt=\"\" class=\"wp-image-2264\" srcset=\"http:\/\/universofamilia.com\/wp-content\/uploads\/sites\/148\/2023\/06\/POST-BEBE-BPC-BENEFICIO-PRESTACAO-CONTINUADA-UNIVERSO-FAMILIA-2-1.png 800w, http:\/\/universofamilia.com\/wp-content\/uploads\/sites\/148\/2023\/06\/POST-BEBE-BPC-BENEFICIO-PRESTACAO-CONTINUADA-UNIVERSO-FAMILIA-2-1-300x210.png 300w, http:\/\/universofamilia.com\/wp-content\/uploads\/sites\/148\/2023\/06\/POST-BEBE-BPC-BENEFICIO-PRESTACAO-CONTINUADA-UNIVERSO-FAMILIA-2-1-768x538.png 768w\" sizes=\"(max-width: 800px) 100vw, 800px\" \/><\/figure><\/div>\n\n\n<p>A sz\u00f6vets\u00e9gi korm\u00e1ny el\u00e9rhet\u0151v\u00e9 tette a \u201eMeu INSS\u201d alkalmaz\u00e1st, amely k\u00fcl\u00f6nf\u00e9le szolg\u00e1ltat\u00e1sokat k\u00edn\u00e1l a v\u00e1rosok sz\u00e1m\u00e1ra, bele\u00e9rtve a BPC digit\u00e1lis ig\u00e9nyl\u00e9s\u00e9nek lehet\u0151s\u00e9g\u00e9t is.<\/p>\n\n\n\n<p>Az alkalmaz\u00e1s lehet\u0151v\u00e9 teszi dokumentumok k\u00fcld\u00e9s\u00e9t, a folyamat k\u00eds\u00e9r\u00e9s\u00e9t, a juttat\u00e1sok megtekint\u00e9s\u00e9t \u00e9s a t\u00e1rsadalombiztos\u00edt\u00e1ssal kapcsolatos k\u00fcl\u00f6nf\u00e9le egy\u00e9b funkci\u00f3kat.<\/p>\n\n\n\n<p>Ez az eszk\u00f6z nagyobb k\u00e9nyelmet \u00e9s rugalmass\u00e1got biztos\u00edt a BPC ig\u00e9nyl\u00e9si folyamat\u00e1ban, cs\u00f6kkentve az \u00e1thelyez\u00e9sek \u00e9s a sorban \u00e1ll\u00e1s sz\u00fcks\u00e9gess\u00e9g\u00e9t a fizikai \u00fcgyn\u00f6ks\u00e9gekben.<\/p>\n\n\n\n<h3 class=\"wp-block-heading\">K\u00f6vetkeztet\u00e9s<\/h3>\n\n\n\n<p>A folyamatos ell\u00e1t\u00e1s (Continuing Benefit, BPC) egy fontos p\u00e9nz\u00fcgyi t\u00e1mogat\u00e1s, amelyet t\u00e1rsadalmi-gazdas\u00e1gi szempontb\u00f3l kiszolg\u00e1ltatott helyzetben l\u00e9v\u0151 gyermekek \u00e9s fogyat\u00e9kkal \u00e9l\u0151k sz\u00e1m\u00e1ra terveztek.<\/p>\n\n\n\n<p>A BPC-n kereszt\u00fcl a sz\u00f6vets\u00e9gi korm\u00e1ny a t\u00e1rsadalmi befogad\u00e1s el\u0151mozd\u00edt\u00e1s\u00e1ra \u00e9s az egy\u00e9nek alapvet\u0151 sz\u00fcks\u00e9gleteinek kiel\u00e9g\u00edt\u00e9s\u00e9hez sz\u00fcks\u00e9ges v\u00e9delem garant\u00e1l\u00e1s\u00e1ra t\u00f6rekszik.<\/p>\n\n\n\n<p>A BPC ig\u00e9nyl\u00e9s\u00e9nek k\u00f6vetelm\u00e9nyeinek, valamint a jelentkez\u00e9si folyamatnak \u00e9s a vonatkoz\u00f3 hat\u00e1rid\u0151knek a meg\u00e9rt\u00e9s\u00e9vel lehets\u00e9ges megfelel\u0151 \u00e9s hat\u00e9kony m\u00f3don ig\u00e9nybe venni ezt a juttat\u00e1st.<\/p>\n\n\n\n<p>A \u201eMeu INSS\u201d alkalmaz\u00e1s haszn\u00e1lata emellett megk\u00f6nny\u00edti a BPC-vel kapcsolatos szolg\u00e1ltat\u00e1sokhoz val\u00f3 hozz\u00e1f\u00e9r\u00e9st, k\u00e9nyelmet \u00e9s rugalmass\u00e1got biztos\u00edtva a v\u00e1rosoknak.<\/p>\n\n\n\n<p>L\u00e9nyeges, hogy mindenki, aki megfelel a meg\u00e1llap\u00edtott krit\u00e9riumoknak, naprak\u00e9sz inform\u00e1ci\u00f3kat k\u00e9rjen \u00e9s k\u00e9relmezze a juttat\u00e1sokat.<\/p>\n\n\n\n<p>A sz\u00fcks\u00e9ges anyagi t\u00e1mogat\u00e1s megszerz\u00e9s\u00e9re t\u00f6rekszik \u00e9letmin\u0151s\u00e9ge jav\u00edt\u00e1sa \u00e9s m\u00e9lt\u00f3s\u00e1ga garant\u00e1l\u00e1sa \u00e9rdek\u00e9ben.<\/p>\n\n\n\n<h3 class=\"wp-block-heading\">Tov\u00e1bbi inform\u00e1ci\u00f3:<\/h3>\n\n\n\n<p>A folyamatos ell\u00e1t\u00e1sr\u00f3l (BPC) sz\u00f3l\u00f3 r\u00e9szletesebb \u00e9s naprak\u00e9sz inform\u00e1ci\u00f3k\u00e9rt javasoljuk, hogy l\u00e1togassa meg a Nemzeti T\u00e1rsadalombiztos\u00edt\u00e1si Int\u00e9zet (INSS) hivatalos weboldal\u00e1t a www.inss.gov.br c\u00edmen.<\/p>\n\n\n\n<p>Itt tal\u00e1l inform\u00e1ci\u00f3kat a k\u00f6vetelm\u00e9nyekr\u0151l, a sz\u00fcks\u00e9ges dokumentumokr\u00f3l \u00e9s a t\u00e1mogat\u00e1s ig\u00e9nyl\u00e9s\u00e9nek folyamat\u00e1r\u00f3l.<\/p>\n\n\n\n<p>Ezenk\u00edv\u00fcl lehet\u0151s\u00e9g van konkr\u00e9t \u00fatmutat\u00e1st k\u00e9rni az \u00d6n r\u00e9gi\u00f3j\u00e1ban tal\u00e1lhat\u00f3 INSS egys\u00e9gekben, vagy felvenni a kapcsolatot az INSS szervizk\u00f6zponttal a 135-\u00f6s telefonsz\u00e1mon.<\/p>\n\n\n\n<p>Eml\u00e9keztet\u00fcnk arra, hogy fontos rendszeresen ellen\u0151rizni az INSS \u00e1ltal szolg\u00e1ltatott inform\u00e1ci\u00f3kat, mivel a szab\u00e1lyok \u00e9s elj\u00e1r\u00e1sok id\u0151vel friss\u00fclnek.<\/p>","protected":false},"excerpt":{"rendered":"<p>Hogyan lehet BPC-t (Benef\u00edcio de Presta\u00e7\u00e3o Continuada) ig\u00e9nyelni, \u00e9s mi is az pontosan? A folyamatos ell\u00e1t\u00e1si ell\u00e1t\u00e1s (BPC) egy fontos p\u00e9nz\u00fcgyi t\u00e1mogat\u00e1s, amelyet a brazil sz\u00f6vets\u00e9gi korm\u00e1ny garant\u00e1l.<\/p>\n<p>A t\u00e1rsadalmi-gazdas\u00e1gi szempontb\u00f3l kiszolg\u00e1ltatott helyzetben l\u00e9v\u0151 fogyat\u00e9kkal \u00e9l\u0151k sz\u00e1m\u00e1ra k\u00e9sz\u00fclt BPC c\u00e9lja, hogy p\u00e9nz\u00fcgyi v\u00e9delmet ny\u00fajtson alapvet\u0151 sz\u00fcks\u00e9gleteik kiel\u00e9g\u00edt\u00e9s\u00e9hez.<\/p>\n<p>Ebben a cikkben a BPC ig\u00e9nyl\u00e9s\u00e9nek k\u00f6vetelm\u00e9nyeit fogjuk t\u00e1rgyalni, amelyek seg\u00edtenek a juttat\u00e1s megszerz\u00e9s\u00e9ben, valamint a jelentkez\u00e9si folyamat m\u0171k\u00f6d\u00e9s\u00e9t.<\/p>","protected":false},"author":139,"featured_media":2267,"comment_status":"closed","ping_status":"open","sticky":false,"template":"","format":"standard","meta":{"footnotes":""},"categories":[3],"tags":[510,511,631],"yoast_head":"<!-- This site is optimized with the Yoast SEO plugin v23.3 - https:\/\/yoast.com\/wordpress\/plugins\/seo\/ -->\n<title>Como solicitar BPC (Benef\u00edcio de Presta\u00e7\u00e3o Continuada) e quem tem direito - Universo Fam\u00edlia<\/title>\n<meta name=\"description\" content=\"Como solicitar BPC (Benef\u00edcio de Presta\u00e7\u00e3o Continuada) e quem tem direito? O Benef\u00edcio de Presta\u00e7\u00e3o Continuada (BPC) \u00e9 uma importante\" \/>\n<meta name=\"robots\" content=\"index, follow, max-snippet:-1, max-image-preview:large, max-video-preview:-1\" \/>\n<link rel=\"canonical\" href=\"http:\/\/universofamilia.com\/hu\/como-solicitar-bpc-beneficio-de-prestacao-continuada-e-quem-tem-direito\/\" \/>\n<meta property=\"og:locale\" content=\"hu_HU\" \/>\n<meta property=\"og:type\" content=\"article\" \/>\n<meta property=\"og:title\" content=\"Como solicitar BPC (Benef\u00edcio de Presta\u00e7\u00e3o Continuada) e quem tem direito - Universo Fam\u00edlia\" \/>\n<meta property=\"og:description\" content=\"Como solicitar BPC (Benef\u00edcio de Presta\u00e7\u00e3o Continuada) e quem tem direito? O Benef\u00edcio de Presta\u00e7\u00e3o Continuada (BPC) \u00e9 uma importante\" \/>\n<meta property=\"og:url\" content=\"http:\/\/universofamilia.com\/hu\/como-solicitar-bpc-beneficio-de-prestacao-continuada-e-quem-tem-direito\/\" \/>\n<meta property=\"og:site_name\" content=\"Universo Fam\u00edlia\" \/>\n<meta property=\"article:published_time\" content=\"2023-06-07T01:12:50+00:00\" \/>\n<meta property=\"article:modified_time\" content=\"2025-01-28T15:04:43+00:00\" \/>\n<meta property=\"og:image\" content=\"http:\/\/universofamilia.com\/wp-content\/uploads\/sites\/148\/2023\/06\/FOTO-DESTAQUE-BPC-BENEFICIO-PRESTACAO-CONTINUADA-universo-familia-448x350-.png\" \/>\n\t<meta property=\"og:image:width\" content=\"448\" \/>\n\t<meta property=\"og:image:height\" content=\"350\" \/>\n\t<meta property=\"og:image:type\" content=\"image\/png\" \/>\n<meta name=\"author\" content=\"Pedro Henrique\" \/>\n<meta name=\"twitter:card\" content=\"summary_large_image\" \/>\n<meta name=\"twitter:label1\" content=\"Written by\" \/>\n\t<meta name=\"twitter:data1\" content=\"Pedro Henrique\" \/>\n\t<meta name=\"twitter:label2\" content=\"Est. reading time\" \/>\n\t<meta name=\"twitter:data2\" content=\"6 perc\" \/>\n<script type=\"application\/ld+json\" class=\"yoast-schema-graph\">{\"@context\":\"https:\/\/schema.org\",\"@graph\":[{\"@type\":\"WebPage\",\"@id\":\"http:\/\/universofamilia.com\/cs\/como-solicitar-bpc-beneficio-de-prestacao-continuada-e-quem-tem-direito\/\",\"url\":\"http:\/\/universofamilia.com\/cs\/como-solicitar-bpc-beneficio-de-prestacao-continuada-e-quem-tem-direito\/\",\"name\":\"Como solicitar BPC (Benef\u00edcio de Presta\u00e7\u00e3o Continuada) e quem tem direito - Universo Fam\u00edlia\",\"isPartOf\":{\"@id\":\"https:\/\/universofamilia.com\/el\/#website\"},\"primaryImageOfPage\":{\"@id\":\"http:\/\/universofamilia.com\/cs\/como-solicitar-bpc-beneficio-de-prestacao-continuada-e-quem-tem-direito\/#primaryimage\"},\"image\":{\"@id\":\"http:\/\/universofamilia.com\/cs\/como-solicitar-bpc-beneficio-de-prestacao-continuada-e-quem-tem-direito\/#primaryimage\"},\"thumbnailUrl\":\"http:\/\/universofamilia.com\/wp-content\/uploads\/sites\/148\/2023\/06\/FOTO-DESTAQUE-BPC-BENEFICIO-PRESTACAO-CONTINUADA-universo-familia-448x350-.png\",\"datePublished\":\"2023-06-07T01:12:50+00:00\",\"dateModified\":\"2025-01-28T15:04:43+00:00\",\"author\":{\"@id\":\"https:\/\/universofamilia.com\/el\/#\/schema\/person\/f07ce98187dd84d31154262e79b3b7ca\"},\"description\":\"Como solicitar BPC (Benef\u00edcio de Presta\u00e7\u00e3o Continuada) e quem tem direito? O Benef\u00edcio de Presta\u00e7\u00e3o Continuada (BPC) \u00e9 uma importante\",\"breadcrumb\":{\"@id\":\"http:\/\/universofamilia.com\/cs\/como-solicitar-bpc-beneficio-de-prestacao-continuada-e-quem-tem-direito\/#breadcrumb\"},\"inLanguage\":\"hu\",\"potentialAction\":[{\"@type\":\"ReadAction\",\"target\":[\"http:\/\/universofamilia.com\/cs\/como-solicitar-bpc-beneficio-de-prestacao-continuada-e-quem-tem-direito\/\"]}]},{\"@type\":\"ImageObject\",\"inLanguage\":\"hu\",\"@id\":\"http:\/\/universofamilia.com\/cs\/como-solicitar-bpc-beneficio-de-prestacao-continuada-e-quem-tem-direito\/#primaryimage\",\"url\":\"http:\/\/universofamilia.com\/wp-content\/uploads\/sites\/148\/2023\/06\/FOTO-DESTAQUE-BPC-BENEFICIO-PRESTACAO-CONTINUADA-universo-familia-448x350-.png\",\"contentUrl\":\"http:\/\/universofamilia.com\/wp-content\/uploads\/sites\/148\/2023\/06\/FOTO-DESTAQUE-BPC-BENEFICIO-PRESTACAO-CONTINUADA-universo-familia-448x350-.png\",\"width\":448,\"height\":350},{\"@type\":\"BreadcrumbList\",\"@id\":\"http:\/\/universofamilia.com\/cs\/como-solicitar-bpc-beneficio-de-prestacao-continuada-e-quem-tem-direito\/#breadcrumb\",\"itemListElement\":[{\"@type\":\"ListItem\",\"position\":1,\"name\":\"Home\",\"item\":\"https:\/\/universofamilia.com\/el\/\"},{\"@type\":\"ListItem\",\"position\":2,\"name\":\"Como solicitar BPC (Benef\u00edcio de Presta\u00e7\u00e3o Continuada) e quem tem direito\"}]},{\"@type\":\"WebSite\",\"@id\":\"https:\/\/universofamilia.com\/el\/#website\",\"url\":\"https:\/\/universofamilia.com\/el\/\",\"name\":\"Universo Fam\u00edlia\",\"description\":\"\",\"potentialAction\":[{\"@type\":\"SearchAction\",\"target\":{\"@type\":\"EntryPoint\",\"urlTemplate\":\"https:\/\/universofamilia.com\/el\/?s={search_term_string}\"},\"query-input\":\"required name=search_term_string\"}],\"inLanguage\":\"hu\"},{\"@type\":\"Person\",\"@id\":\"https:\/\/universofamilia.com\/el\/#\/schema\/person\/f07ce98187dd84d31154262e79b3b7ca\",\"name\":\"Pedro Henrique\",\"image\":{\"@type\":\"ImageObject\",\"inLanguage\":\"hu\",\"@id\":\"https:\/\/universofamilia.com\/el\/#\/schema\/person\/image\/\",\"url\":\"http:\/\/0.gravatar.com\/avatar\/9edfeb808cb4e1599f64d6e45b130154?s=96&d=mm&r=g\",\"contentUrl\":\"http:\/\/0.gravatar.com\/avatar\/9edfeb808cb4e1599f64d6e45b130154?s=96&d=mm&r=g\",\"caption\":\"Pedro Henrique\"},\"url\":\"http:\/\/universofamilia.com\/hu\/author\/editor01\/\"}]}<\/script>\n<!-- \/ Yoast SEO plugin. -->","yoast_head_json":{"title":"Como solicitar BPC (Benef\u00edcio de Presta\u00e7\u00e3o Continuada) e quem tem direito - Universo Fam\u00edlia","description":"Como solicitar BPC (Benef\u00edcio de Presta\u00e7\u00e3o Continuada) e quem tem direito? O Benef\u00edcio de Presta\u00e7\u00e3o Continuada (BPC) \u00e9 uma importante","robots":{"index":"index","follow":"follow","max-snippet":"max-snippet:-1","max-image-preview":"max-image-preview:large","max-video-preview":"max-video-preview:-1"},"canonical":"http:\/\/universofamilia.com\/hu\/como-solicitar-bpc-beneficio-de-prestacao-continuada-e-quem-tem-direito\/","og_locale":"hu_HU","og_type":"article","og_title":"Como solicitar BPC (Benef\u00edcio de Presta\u00e7\u00e3o Continuada) e quem tem direito - Universo Fam\u00edlia","og_description":"Como solicitar BPC (Benef\u00edcio de Presta\u00e7\u00e3o Continuada) e quem tem direito? O Benef\u00edcio de Presta\u00e7\u00e3o Continuada (BPC) \u00e9 uma importante","og_url":"http:\/\/universofamilia.com\/hu\/como-solicitar-bpc-beneficio-de-prestacao-continuada-e-quem-tem-direito\/","og_site_name":"Universo Fam\u00edlia","article_published_time":"2023-06-07T01:12:50+00:00","article_modified_time":"2025-01-28T15:04:43+00:00","og_image":[{"width":448,"height":350,"url":"http:\/\/universofamilia.com\/wp-content\/uploads\/sites\/148\/2023\/06\/FOTO-DESTAQUE-BPC-BENEFICIO-PRESTACAO-CONTINUADA-universo-familia-448x350-.png","type":"image\/png"}],"author":"Pedro Henrique","twitter_card":"summary_large_image","twitter_misc":{"Written by":"Pedro Henrique","Est. reading time":"6 perc"},"schema":{"@context":"https:\/\/schema.org","@graph":[{"@type":"WebPage","@id":"http:\/\/universofamilia.com\/cs\/como-solicitar-bpc-beneficio-de-prestacao-continuada-e-quem-tem-direito\/","url":"http:\/\/universofamilia.com\/cs\/como-solicitar-bpc-beneficio-de-prestacao-continuada-e-quem-tem-direito\/","name":"Como solicitar BPC (Benef\u00edcio de Presta\u00e7\u00e3o Continuada) e quem tem direito - Universo Fam\u00edlia","isPartOf":{"@id":"https:\/\/universofamilia.com\/el\/#website"},"primaryImageOfPage":{"@id":"http:\/\/universofamilia.com\/cs\/como-solicitar-bpc-beneficio-de-prestacao-continuada-e-quem-tem-direito\/#primaryimage"},"image":{"@id":"http:\/\/universofamilia.com\/cs\/como-solicitar-bpc-beneficio-de-prestacao-continuada-e-quem-tem-direito\/#primaryimage"},"thumbnailUrl":"http:\/\/universofamilia.com\/wp-content\/uploads\/sites\/148\/2023\/06\/FOTO-DESTAQUE-BPC-BENEFICIO-PRESTACAO-CONTINUADA-universo-familia-448x350-.png","datePublished":"2023-06-07T01:12:50+00:00","dateModified":"2025-01-28T15:04:43+00:00","author":{"@id":"https:\/\/universofamilia.com\/el\/#\/schema\/person\/f07ce98187dd84d31154262e79b3b7ca"},"description":"Como solicitar BPC (Benef\u00edcio de Presta\u00e7\u00e3o Continuada) e quem tem direito? O Benef\u00edcio de Presta\u00e7\u00e3o Continuada (BPC) \u00e9 uma importante","breadcrumb":{"@id":"http:\/\/universofamilia.com\/cs\/como-solicitar-bpc-beneficio-de-prestacao-continuada-e-quem-tem-direito\/#breadcrumb"},"inLanguage":"hu","potentialAction":[{"@type":"ReadAction","target":["http:\/\/universofamilia.com\/cs\/como-solicitar-bpc-beneficio-de-prestacao-continuada-e-quem-tem-direito\/"]}]},{"@type":"ImageObject","inLanguage":"hu","@id":"http:\/\/universofamilia.com\/cs\/como-solicitar-bpc-beneficio-de-prestacao-continuada-e-quem-tem-direito\/#primaryimage","url":"http:\/\/universofamilia.com\/wp-content\/uploads\/sites\/148\/2023\/06\/FOTO-DESTAQUE-BPC-BENEFICIO-PRESTACAO-CONTINUADA-universo-familia-448x350-.png","contentUrl":"http:\/\/universofamilia.com\/wp-content\/uploads\/sites\/148\/2023\/06\/FOTO-DESTAQUE-BPC-BENEFICIO-PRESTACAO-CONTINUADA-universo-familia-448x350-.png","width":448,"height":350},{"@type":"BreadcrumbList","@id":"http:\/\/universofamilia.com\/cs\/como-solicitar-bpc-beneficio-de-prestacao-continuada-e-quem-tem-direito\/#breadcrumb","itemListElement":[{"@type":"ListItem","position":1,"name":"Home","item":"https:\/\/universofamilia.com\/el\/"},{"@type":"ListItem","position":2,"name":"Como solicitar BPC (Benef\u00edcio de Presta\u00e7\u00e3o Continuada) e quem tem direito"}]},{"@type":"WebSite","@id":"https:\/\/universofamilia.com\/el\/#website","url":"https:\/\/universofamilia.com\/el\/","name":"Universo Fam\u00edlia","description":"","potentialAction":[{"@type":"SearchAction","target":{"@type":"EntryPoint","urlTemplate":"https:\/\/universofamilia.com\/el\/?s={search_term_string}"},"query-input":"required name=search_term_string"}],"inLanguage":"hu"},{"@type":"Person","@id":"https:\/\/universofamilia.com\/el\/#\/schema\/person\/f07ce98187dd84d31154262e79b3b7ca","name":"Pedro Henrique","image":{"@type":"ImageObject","inLanguage":"hu","@id":"https:\/\/universofamilia.com\/el\/#\/schema\/person\/image\/","url":"http:\/\/0.gravatar.com\/avatar\/9edfeb808cb4e1599f64d6e45b130154?s=96&d=mm&r=g","contentUrl":"http:\/\/0.gravatar.com\/avatar\/9edfeb808cb4e1599f64d6e45b130154?s=96&d=mm&r=g","caption":"Pedro Henrique"},"url":"http:\/\/universofamilia.com\/hu\/author\/editor01\/"}]}},"_links":{"self":[{"href":"http:\/\/universofamilia.com\/hu\/wp-json\/wp\/v2\/posts\/2257"}],"collection":[{"href":"http:\/\/universofamilia.com\/hu\/wp-json\/wp\/v2\/posts"}],"about":[{"href":"http:\/\/universofamilia.com\/hu\/wp-json\/wp\/v2\/types\/post"}],"author":[{"embeddable":true,"href":"http:\/\/universofamilia.com\/hu\/wp-json\/wp\/v2\/users\/139"}],"replies":[{"embeddable":true,"href":"http:\/\/universofamilia.com\/hu\/wp-json\/wp\/v2\/comments?post=2257"}],"version-history":[{"count":1,"href":"http:\/\/universofamilia.com\/hu\/wp-json\/wp\/v2\/posts\/2257\/revisions"}],"predecessor-version":[{"id":8428,"href":"http:\/\/universofamilia.com\/hu\/wp-json\/wp\/v2\/posts\/2257\/revisions\/8428"}],"wp:featuredmedia":[{"embeddable":true,"href":"http:\/\/universofamilia.com\/hu\/wp-json\/wp\/v2\/media\/2267"}],"wp:attachment":[{"href":"http:\/\/universofamilia.com\/hu\/wp-json\/wp\/v2\/media?parent=2257"}],"wp:term":[{"taxonomy":"category","embeddable":true,"href":"http:\/\/universofamilia.com\/hu\/wp-json\/wp\/v2\/categories?post=2257"},{"taxonomy":"post_tag","embeddable":true,"href":"http:\/\/universofamilia.com\/hu\/wp-json\/wp\/v2\/tags?post=2257"}],"curies":[{"name":"wp","href":"https:\/\/api.w.org\/{rel}","templated":true}]}}