{"id":2752,"date":"2023-06-18T20:42:37","date_gmt":"2023-06-18T23:42:37","guid":{"rendered":"https:\/\/universofamilia.com\/?p=2752"},"modified":"2025-02-07T01:22:33","modified_gmt":"2025-02-07T01:22:33","slug":"posso-utilizar-ventilador-no-quarto-do-bebe","status":"publish","type":"post","link":"http:\/\/universofamilia.com\/hu\/posso-utilizar-ventilador-no-quarto-do-bebe\/","title":{"rendered":"Haszn\u00e1lhatok ventil\u00e1tort a baba szob\u00e1j\u00e1ban?"},"content":{"rendered":"<p>Haszn\u00e1lhatok ventil\u00e1tort a baba szob\u00e1j\u00e1ban? Amikor a baba sz\u00e1m\u00e1ra k\u00e9nyelmes k\u00f6rnyezet megteremt\u00e9s\u00e9r\u0151l van sz\u00f3, sokan k\u00edv\u00e1ncsiak arra, hogy biztons\u00e1gos \u00e9s el\u0151ny\u00f6s-e ventil\u00e1tort haszn\u00e1lni egy kis szob\u00e1ban.<\/p>\n\n\n\n<p>Tov\u00e1bb\u00e1, ezt a k\u00e9rd\u00e9st a babaszob\u00e1ban haszn\u00e1lt ventil\u00e1torok haszn\u00e1lat\u00e1nak el\u0151nyeir\u0151l \u00e9s gondoz\u00e1s\u00e1r\u00f3l sz\u00f3l\u00f3 inform\u00e1ci\u00f3kkal fogjuk megv\u00e1laszolni, valamint kiemelj\u00fck a baba-l\u00e9legeztet\u0151g\u00e9p \u00e9s a hagyom\u00e1nyos l\u00e9legeztet\u0151g\u00e9p el\u0151nyeit \u00e9s h\u00e1tr\u00e1nyait.<\/p>\n\n\n\n<p>Olvasson tov\u00e1bb hasznos \u00fatmutat\u00e1s\u00e9rt, \u00e9s hogy biztos\u00edtsa bab\u00e1ja k\u00e9nyelm\u00e9t a k\u00f6vetkez\u0151 napokban.<\/p>\n\n\n\n<p>Olvasd el azt is, hogyan nevelj brinquedotec\u00e1t otthon.<\/p>\n\n\n<div class=\"wp-block-image\">\n<figure class=\"aligncenter size-full\"><img loading=\"lazy\" decoding=\"async\" width=\"550\" height=\"350\" src=\"http:\/\/universofamilia.com\/wp-content\/uploads\/sites\/148\/2023\/06\/POST-ventilador-de-teto-universo-familia-.png\" alt=\"\" class=\"wp-image-2755\" srcset=\"http:\/\/universofamilia.com\/wp-content\/uploads\/sites\/148\/2023\/06\/POST-ventilador-de-teto-universo-familia-.png 550w, http:\/\/universofamilia.com\/wp-content\/uploads\/sites\/148\/2023\/06\/POST-ventilador-de-teto-universo-familia--300x191.png 300w\" sizes=\"(max-width: 550px) 100vw, 550px\" \/><figcaption class=\"wp-element-caption\"><em>Fot\u00f3: (reprodukci\u00f3\/internet)<\/em><\/figcaption><\/figure><\/div>\n\n\n<h3 class=\"wp-block-heading\"><strong>A ventil\u00e1tor haszn\u00e1lat\u00e1nak el\u0151nyei \u00e9s gondoz\u00e1sa a babaszob\u00e1ban<\/strong><\/h3>\n\n\n\n<p>A ventil\u00e1tor haszn\u00e1lata a baba szob\u00e1j\u00e1ban sz\u00e1mos el\u0151nnyel j\u00e1rhat, k\u00fcl\u00f6n\u00f6sen a h\u0171v\u00f6sebb \u00e9vszakokban. Az al\u00e1bbiakban bemutatjuk a ventil\u00e1tor haszn\u00e1lat\u00e1nak n\u00e9h\u00e1ny el\u0151ny\u00e9t:<\/p>\n\n\n\n<p><strong>H\u0151m\u00e9rs\u00e9klet-szab\u00e1lyoz\u00e1s<\/strong>Egy megfelel\u0151 ventil\u00e1tor seg\u00edthet h\u0171v\u00f6sen \u00e9s k\u00e9nyelmesen tartani a baba k\u00f6rnyezet\u00e9t, elker\u00fclve a t\u00falzott meleg okozta kellemetlens\u00e9geket.<\/p>\n\n\n\n<p><strong>L\u00e9gkering\u00e9s<\/strong>A ventil\u00e1tor el\u0151seg\u00edti a baba szob\u00e1j\u00e1nak kering\u00e9s\u00e9t, cs\u00f6kkenti a kimer\u00fclts\u00e9g \u00e9rz\u00e9s\u00e9t, valamint a g\u00e1zok \u00e9s szagok koncentr\u00e1ci\u00f3j\u00e1t.<\/p>\n\n\n\n<p><strong>Feh\u00e9r zaj<\/strong>A ventil\u00e1tor l\u00e1gy f\u00e9nye nyugtat\u00f3 feh\u00e9r zajt kelthet, ami seg\u00edt a bab\u00e1nak ellazulni \u00e9s k\u00f6nnyebben elaludni.<\/p>\n\n\n\n<p>A ventil\u00e1tor haszn\u00e1lat\u00e1nak sz\u00e1mos el\u0151nye van, de fontos, hogy n\u00e9h\u00e1ny \u00f3vint\u00e9zked\u00e9st tegyen a baba eg\u00e9szs\u00e9g\u00e9nek v\u00e9delme \u00e9rdek\u00e9ben:<\/p>\n\n\n\n<p><strong>Biztons\u00e1gos t\u00e1vols\u00e1g<\/strong>: Gy\u0151z\u0151dj\u00f6n meg arr\u00f3l, hogy a ventil\u00e1tor biztons\u00e1gos helyen van, a baba el\u0151l elz\u00e1rva. Ker\u00fclje tov\u00e1bb\u00e1 az ajt\u00f3 vagy a gyermekek \u00e1ltal el\u00e9rhet\u0151 t\u00e1rgyak k\u00f6zel\u00e9be helyez\u00e9s\u00e9t.<\/p>\n\n\n\n<p><strong>Rendszeres tiszt\u00edt\u00e1s<\/strong>: Tartsa tiszt\u00e1n \u00e9s pormentesen a ventil\u00e1tort, hogy elker\u00fclje az allerg\u00e9nek terjed\u00e9s\u00e9t a k\u00f6rnyezetben.<\/p>\n\n\n\n<p><strong>Megfelel\u0151 szell\u0151z\u00e9s<\/strong>Ha ventil\u00e1tort haszn\u00e1l, fontos biztos\u00edtani a helyis\u00e9g j\u00f3 szell\u0151z\u00e9s\u00e9t, nyitva hagyva az ajt\u00f3kat \u00e9s ajt\u00f3kat, hogy a friss leveg\u0151 bejuthasson.<\/p>\n\n\n\n<h4 class=\"wp-block-heading\"><strong>Teto ventil\u00e1tor vs. Common ventil\u00e1tor<\/strong><\/h4>\n\n\n\n<p>Most hasonl\u00edtsuk \u00f6ssze a mennyezeti ventil\u00e1tor \u00e9s a hagyom\u00e1nyos ventil\u00e1tor el\u0151nyeit \u00e9s h\u00e1tr\u00e1nyait.<\/p>\n\n\n\n<h4 class=\"wp-block-heading\"><strong>Mennyezeti ventil\u00e1tor<\/strong><\/h4>\n\n\n<div class=\"wp-block-image\">\n<figure class=\"aligncenter size-full\"><img loading=\"lazy\" decoding=\"async\" width=\"550\" height=\"350\" src=\"http:\/\/universofamilia.com\/wp-content\/uploads\/sites\/148\/2023\/06\/POST-ventilador-de-teto-universo-familia-1-1.png\" alt=\"\" class=\"wp-image-2754\" srcset=\"http:\/\/universofamilia.com\/wp-content\/uploads\/sites\/148\/2023\/06\/POST-ventilador-de-teto-universo-familia-1-1.png 550w, http:\/\/universofamilia.com\/wp-content\/uploads\/sites\/148\/2023\/06\/POST-ventilador-de-teto-universo-familia-1-1-300x191.png 300w\" sizes=\"(max-width: 550px) 100vw, 550px\" \/><figcaption class=\"wp-element-caption\"><em>Fot\u00f3: (reprodukci\u00f3\/internet)<\/em><\/figcaption><\/figure><\/div>\n\n\n<h5 class=\"wp-block-heading\"><strong>El\u0151ny\u00f6k<\/strong><\/h5>\n\n\n\n<p><strong>\u0170rgazdas\u00e1g<\/strong>A mennyezeti ventil\u00e1tor a mennyezetre van r\u00f6gz\u00edtve, \u00edgy kevesebb helyet foglal el a baba szob\u00e1j\u00e1ban.<\/p>\n\n\n\n<p><strong>Egyenletes eloszl\u00e1s<\/strong>A h\u00e1ts\u00f3 ventil\u00e1tor egyenletesebben m\u0171k\u00f6dik a k\u00f6rnyezetben, kellemes \u00e9rzetet biztos\u00edtva.<\/p>\n\n\n\n<p><strong>Biztons\u00e1g<\/strong>Mivel nem magas, a mennyezeti ventil\u00e1tor a baba el\u0151l elz\u00e1rva van, \u00edgy cs\u00f6kkentve a balesetvesz\u00e9lyt.<\/p>\n\n\n\n<h5 class=\"wp-block-heading\"><strong>H\u00e1tr\u00e1nyok<\/strong><\/h5>\n\n\n\n<p><strong>Neh\u00e9z a sz\u00e9lir\u00e1nyt szab\u00e1lyozni<\/strong>Egyes modellekn\u00e9l neh\u00e9z lehet a l\u00e9g\u00e1raml\u00e1s ir\u00e1ny\u00e1t be\u00e1ll\u00edtani, vagy ez kellemetlens\u00e9get okozhat a bab\u00e1nak.<\/p>\n\n\n\n<p><strong>Neh\u00e9zs\u00e9g a tiszt\u00edt\u00e1sban<\/strong>: A fejen elfoglalt elhelyezked\u00e9se miatt a fejventil\u00e1tor tiszt\u00edt\u00e1sa nehezebb lehet.<\/p>\n\n\n\n<h4 class=\"wp-block-heading\"><strong>K\u00f6z\u00f6s ventil\u00e1tor<\/strong><\/h4>\n\n\n<div class=\"wp-block-image\">\n<figure class=\"aligncenter size-full\"><img loading=\"lazy\" decoding=\"async\" width=\"550\" height=\"350\" src=\"http:\/\/universofamilia.com\/wp-content\/uploads\/sites\/148\/2023\/06\/POST-ventilador-de-teto-universo-familia-2.png\" alt=\"\" class=\"wp-image-2756\" srcset=\"http:\/\/universofamilia.com\/wp-content\/uploads\/sites\/148\/2023\/06\/POST-ventilador-de-teto-universo-familia-2.png 550w, http:\/\/universofamilia.com\/wp-content\/uploads\/sites\/148\/2023\/06\/POST-ventilador-de-teto-universo-familia-2-300x191.png 300w\" sizes=\"(max-width: 550px) 100vw, 550px\" \/><figcaption class=\"wp-element-caption\"><em>Fot\u00f3: (reprodukci\u00f3\/internet)<\/em><\/figcaption><\/figure><\/div>\n\n\n<h5 class=\"wp-block-heading\"><strong>El\u0151ny\u00f6k<\/strong><\/h5>\n\n\n\n<p><strong>Hordozhat\u00f3s\u00e1g<\/strong>A k\u00f6z\u00f6s ventil\u00e1tort k\u00f6nnyen \u00e1thelyezheti egyik szob\u00e1b\u00f3l a m\u00e1sikba, \u00edgy sz\u00fcks\u00e9g szerint ir\u00e1ny\u00edthatja a l\u00e9g\u00e1raml\u00e1st.<\/p>\n\n\n\n<p><strong>\u00c1ll\u00edthat\u00f3 vez\u00e9rl\u00e9s<\/strong>A k\u00e9t leggyakoribb ventil\u00e1tormodell sebess\u00e9g- \u00e9s sz\u00e9lir\u00e1ny-\u00e1ll\u00edt\u00e1si lehet\u0151s\u00e9get k\u00edn\u00e1l, ami nagyobb k\u00e9nyelmet biztos\u00edt a baba sz\u00e1m\u00e1ra.<\/p>\n\n\n\n<p><strong>K\u00f6nny\u0171 tiszt\u00edt\u00e1s<\/strong>A k\u00f6z\u00f6ns\u00e9ges ventil\u00e1torok k\u00f6nnyebben tiszt\u00edthat\u00f3k a k\u00f6nnyen hozz\u00e1f\u00e9rhet\u0151 kialak\u00edt\u00e1suknak k\u00f6sz\u00f6nhet\u0151en.<\/p>\n\n\n\n<h5 class=\"wp-block-heading\"><strong>H\u00e1tr\u00e1nyok<\/strong><\/h5>\n\n\n\n<p><strong>T\u00e9rfoglal\u00e1s<\/strong>A k\u00f6z\u00f6ns\u00e9ges ventil\u00e1torok t\u00f6bb helyet foglalnak el a szob\u00e1ban, ami kisebb k\u00f6rnyezetekben k\u00e9nyelmetlen lehet.<\/p>\n\n\n\n<p><strong>Nagyobb balesetvesz\u00e9ly<\/strong>Mobilit\u00e1sa miatt \u00fcgyelni kell arra, hogy a baba ne f\u00e9rhessen hozz\u00e1 k\u00f6zvetlen\u00fcl a m\u0171k\u00f6d\u0151 ventil\u00e1torhoz.<\/p>\n\n\n\n<p>Olvasd el m\u00e9g a 10 hasznos tippet a babaszoba berendez\u00e9s\u00e9hez<\/p>\n\n\n\n<h3 class=\"wp-block-heading\"><strong>K\u00f6vetkeztet\u00e9s<\/strong><\/h3>\n\n\n<div class=\"wp-block-image\">\n<figure class=\"aligncenter size-full\"><img loading=\"lazy\" decoding=\"async\" width=\"550\" height=\"350\" src=\"http:\/\/universofamilia.com\/wp-content\/uploads\/sites\/148\/2023\/06\/POST-ventilador-de-teto-universo-familia-3.png\" alt=\"\" class=\"wp-image-2757\" srcset=\"http:\/\/universofamilia.com\/wp-content\/uploads\/sites\/148\/2023\/06\/POST-ventilador-de-teto-universo-familia-3.png 550w, http:\/\/universofamilia.com\/wp-content\/uploads\/sites\/148\/2023\/06\/POST-ventilador-de-teto-universo-familia-3-300x191.png 300w\" sizes=\"(max-width: 550px) 100vw, 550px\" \/><figcaption class=\"wp-element-caption\"><em>Fot\u00f3: (reprodukci\u00f3\/internet)<\/em><\/figcaption><\/figure><\/div>\n\n\n<p>Amikor a baba szob\u00e1j\u00e1ban ventil\u00e1tor haszn\u00e1lat\u00e1t m\u00e9rlegelj\u00fck, fontos felm\u00e9rni az el\u0151ny\u00f6ket \u00e9s a sz\u00fcks\u00e9ges gondoz\u00e1st.<\/p>\n\n\n\n<p>A ventil\u00e1tor \u00e1ltal biztos\u00edtott h\u0151m\u00e9rs\u00e9klet-szab\u00e1lyoz\u00e1s, l\u00e9gkeringet\u00e9s \u00e9s feh\u00e9rzaj k\u00e9nyelmet biztos\u00edt a baba sz\u00e1m\u00e1ra.<\/p>\n\n\n\n<p>Azonban elengedhetetlen a biztons\u00e1gi \u00f3vint\u00e9zked\u00e9sek megt\u00e9tele, p\u00e9ld\u00e1ul a ventil\u00e1tor baba el\u0151l elz\u00e1rva tart\u00e1sa \u00e9s rendszeres tiszt\u00edt\u00e1sa.<\/p>\n\n\n\n<p>Ezenk\u00edv\u00fcl, amikor a mennyezeti ventil\u00e1tor \u00e9s a hagyom\u00e1nyos ventil\u00e1tor k\u00f6z\u00f6tt v\u00e1laszt, vegye figyelembe az egyes lehet\u0151s\u00e9gek el\u0151nyeit \u00e9s h\u00e1tr\u00e1nyait.<\/p>\n\n\n\n<p>Ezenk\u00edv\u00fcl megfelel\u0151 \u00f3vint\u00e9zked\u00e9sek \u00e9s biztons\u00e1gi int\u00e9zked\u00e9sek betart\u00e1s\u00e1val a ventil\u00e1tor haszn\u00e1lata a baba szob\u00e1j\u00e1ban hozz\u00e1j\u00e1rulhat a kellemes \u00e9s k\u00e9nyelmes k\u00f6rnyezet megteremt\u00e9s\u00e9hez.<\/p>\n\n\n\n<h3 class=\"wp-block-heading\"><strong>A ventil\u00e1torok babaszob\u00e1ban val\u00f3 haszn\u00e1lat\u00e1val kapcsolatos tov\u00e1bbi inform\u00e1ci\u00f3k\u00e9rt a k\u00f6vetkez\u0151 megb\u00edzhat\u00f3 forr\u00e1sokb\u00f3l t\u00e1j\u00e9koz\u00f3dhat.<\/strong><\/h3>\n\n\n\n<p>Sociedade Brasileira de Pediatria (SBP) \u2013 Az SBP egy elismert orvosi int\u00e9zm\u00e9ny, amely ir\u00e1nyelveket \u00e9s aj\u00e1nl\u00e1sokat k\u00edn\u00e1l a csecsem\u0151gondoz\u00e1shoz.<\/p>\n\n\n\n<p>Az SBP hivatalos weboldala relev\u00e1ns inform\u00e1ci\u00f3kat tartalmaz a gyermekek biztons\u00e1g\u00e1r\u00f3l \u00e9s eg\u00e9szs\u00e9g\u00e9r\u0151l.<\/p>\n\n\n\n<p>Amerikai Gyermekgy\u00f3gy\u00e1szati Akad\u00e9mia (AAP) \u2013 Az AAP egy elismert, az Egyes\u00fclt \u00c1llamokban m\u0171k\u00f6d\u0151 gyermekgy\u00f3gy\u00e1szati szervezet.<\/p>\n\n\n\n<p>Az AAP weboldala \u00e9rt\u00e9kes forr\u00e1sokat k\u00edn\u00e1l az orsz\u00e1gok \u00e9s az eg\u00e9szs\u00e9g\u00fcgyi szakemberek sz\u00e1m\u00e1ra, bele\u00e9rtve a gyermekek eg\u00e9szs\u00e9g\u00e9vel \u00e9s biztons\u00e1g\u00e1val kapcsolatos \u00fatmutat\u00e1sokat is.<\/p>\n\n\n\n<p>Mindig \u00e9rdemes gyermekorvossal vagy adott esetekre szakosodott orvossal konzult\u00e1lnia. Ezenk\u00edv\u00fcl er\u0151sen aj\u00e1nlott gyermekorvos vagy szakorvos \u00fatmutat\u00e1s\u00e1t k\u00e9rni, hogy szem\u00e9lyre szabott \u00e9s a baba helyzet\u00e9re vonatkoz\u00f3 megfelel\u0151 inform\u00e1ci\u00f3kat kapjon.<\/p>\n\n\n\n<p>Szem\u00e9lyre szabott \u00fatmutat\u00e1s ny\u00fajt\u00e1s\u00e1nak lehet\u0151s\u00e9ge gyermeke eg\u00e9szs\u00e9gi \u00e1llapota \u00e9s egy\u00e9ni ig\u00e9nyei alapj\u00e1n.<\/p>\n\n\n\n<p>Ne feledje, hogy elengedhetetlen az ezen forr\u00e1sokban tal\u00e1lhat\u00f3 inform\u00e1ci\u00f3k friss\u00edt\u00e9s\u00e9nek ellen\u0151rz\u00e9se, mivel az utas\u00edt\u00e1sok \u00e9s aj\u00e1nl\u00e1sok id\u0151vel friss\u00edthet\u0151k.<\/p>\n\n\n\n<p>Azt is tudd, hogy<a href=\"https:\/\/www.luzbaby.com.br\/\" target=\"_blank\" rel=\"noreferrer noopener\"> A Luz Baby az egyik legjobb csecsem\u0151term\u00e9keket \u00e9s \u00e9lelmiszereket \u00e1rus\u00edt\u00f3 \u00fczlet. Kattints ide.<\/a><\/p>","protected":false},"excerpt":{"rendered":"<p>Posso utilizar ventilador no quarto do beb\u00ea? Quando se trata de criar um ambiente confort\u00e1vel para o beb\u00ea, muitas m\u00e3es se perguntam se \u00e9 seguro e ben\u00e9fico utilizar um ventilador no quarto do pequeno. Al\u00e9m disso, abordaremos essa quest\u00e3o com informa\u00e7\u00f5es sobre os benef\u00edcios e cuidados relacionados ao uso de ventiladores no quarto do beb\u00ea, [&hellip;]<\/p>","protected":false},"author":139,"featured_media":2759,"comment_status":"closed","ping_status":"open","sticky":false,"template":"","format":"standard","meta":{"footnotes":""},"categories":[4],"tags":[1310,1540,1541],"yoast_head":"<!-- This site is optimized with the Yoast SEO plugin v23.3 - https:\/\/yoast.com\/wordpress\/plugins\/seo\/ -->\n<title>Posso utilizar ventilador no quarto do beb\u00ea? - Universo Fam\u00edlia<\/title>\n<meta name=\"description\" content=\"Posso utilizar ventilador no quarto do beb\u00ea? Quando se trata de criar um ambiente confort\u00e1vel para o beb\u00ea,\" \/>\n<meta name=\"robots\" content=\"index, follow, max-snippet:-1, max-image-preview:large, max-video-preview:-1\" \/>\n<link rel=\"canonical\" href=\"http:\/\/universofamilia.com\/hu\/posso-utilizar-ventilador-no-quarto-do-bebe\/\" \/>\n<meta property=\"og:locale\" content=\"hu_HU\" \/>\n<meta property=\"og:type\" content=\"article\" \/>\n<meta property=\"og:title\" content=\"Posso utilizar ventilador no quarto do beb\u00ea? - Universo Fam\u00edlia\" \/>\n<meta property=\"og:description\" content=\"Posso utilizar ventilador no quarto do beb\u00ea? Quando se trata de criar um ambiente confort\u00e1vel para o beb\u00ea,\" \/>\n<meta property=\"og:url\" content=\"http:\/\/universofamilia.com\/hu\/posso-utilizar-ventilador-no-quarto-do-bebe\/\" \/>\n<meta property=\"og:site_name\" content=\"Universo Fam\u00edlia\" \/>\n<meta property=\"article:published_time\" content=\"2023-06-18T23:42:37+00:00\" \/>\n<meta property=\"article:modified_time\" content=\"2025-02-07T01:22:33+00:00\" \/>\n<meta property=\"og:image\" content=\"http:\/\/universofamilia.com\/wp-content\/uploads\/sites\/148\/2023\/06\/FOTO-DESTAQUE-ventilador-de-teto-universo-familia-.png\" \/>\n\t<meta property=\"og:image:width\" content=\"448\" \/>\n\t<meta property=\"og:image:height\" content=\"350\" \/>\n\t<meta property=\"og:image:type\" content=\"image\/png\" \/>\n<meta name=\"author\" content=\"Pedro Henrique\" \/>\n<meta name=\"twitter:card\" content=\"summary_large_image\" \/>\n<meta name=\"twitter:label1\" content=\"Written by\" \/>\n\t<meta name=\"twitter:data1\" content=\"Pedro Henrique\" \/>\n\t<meta name=\"twitter:label2\" content=\"Est. reading time\" \/>\n\t<meta name=\"twitter:data2\" content=\"6 perc\" \/>\n<script type=\"application\/ld+json\" class=\"yoast-schema-graph\">{\"@context\":\"https:\/\/schema.org\",\"@graph\":[{\"@type\":\"WebPage\",\"@id\":\"http:\/\/universofamilia.com\/en\/posso-utilizar-ventilador-no-quarto-do-bebe\/\",\"url\":\"http:\/\/universofamilia.com\/en\/posso-utilizar-ventilador-no-quarto-do-bebe\/\",\"name\":\"Posso utilizar ventilador no quarto do beb\u00ea? - Universo Fam\u00edlia\",\"isPartOf\":{\"@id\":\"http:\/\/universofamilia.com\/zh_hk\/#website\"},\"primaryImageOfPage\":{\"@id\":\"http:\/\/universofamilia.com\/en\/posso-utilizar-ventilador-no-quarto-do-bebe\/#primaryimage\"},\"image\":{\"@id\":\"http:\/\/universofamilia.com\/en\/posso-utilizar-ventilador-no-quarto-do-bebe\/#primaryimage\"},\"thumbnailUrl\":\"http:\/\/universofamilia.com\/wp-content\/uploads\/sites\/148\/2023\/06\/FOTO-DESTAQUE-ventilador-de-teto-universo-familia-.png\",\"datePublished\":\"2023-06-18T23:42:37+00:00\",\"dateModified\":\"2025-02-07T01:22:33+00:00\",\"author\":{\"@id\":\"http:\/\/universofamilia.com\/zh_hk\/#\/schema\/person\/f07ce98187dd84d31154262e79b3b7ca\"},\"description\":\"Posso utilizar ventilador no quarto do beb\u00ea? Quando se trata de criar um ambiente confort\u00e1vel para o beb\u00ea,\",\"breadcrumb\":{\"@id\":\"http:\/\/universofamilia.com\/en\/posso-utilizar-ventilador-no-quarto-do-bebe\/#breadcrumb\"},\"inLanguage\":\"hu\",\"potentialAction\":[{\"@type\":\"ReadAction\",\"target\":[\"http:\/\/universofamilia.com\/en\/posso-utilizar-ventilador-no-quarto-do-bebe\/\"]}]},{\"@type\":\"ImageObject\",\"inLanguage\":\"hu\",\"@id\":\"http:\/\/universofamilia.com\/en\/posso-utilizar-ventilador-no-quarto-do-bebe\/#primaryimage\",\"url\":\"http:\/\/universofamilia.com\/wp-content\/uploads\/sites\/148\/2023\/06\/FOTO-DESTAQUE-ventilador-de-teto-universo-familia-.png\",\"contentUrl\":\"http:\/\/universofamilia.com\/wp-content\/uploads\/sites\/148\/2023\/06\/FOTO-DESTAQUE-ventilador-de-teto-universo-familia-.png\",\"width\":448,\"height\":350},{\"@type\":\"BreadcrumbList\",\"@id\":\"http:\/\/universofamilia.com\/en\/posso-utilizar-ventilador-no-quarto-do-bebe\/#breadcrumb\",\"itemListElement\":[{\"@type\":\"ListItem\",\"position\":1,\"name\":\"Home\",\"item\":\"http:\/\/universofamilia.com\/zh_hk\/\"},{\"@type\":\"ListItem\",\"position\":2,\"name\":\"Posso utilizar ventilador no quarto do beb\u00ea?\"}]},{\"@type\":\"WebSite\",\"@id\":\"http:\/\/universofamilia.com\/zh_hk\/#website\",\"url\":\"http:\/\/universofamilia.com\/zh_hk\/\",\"name\":\"Universo Fam\u00edlia\",\"description\":\"\",\"potentialAction\":[{\"@type\":\"SearchAction\",\"target\":{\"@type\":\"EntryPoint\",\"urlTemplate\":\"http:\/\/universofamilia.com\/zh_hk\/?s={search_term_string}\"},\"query-input\":\"required name=search_term_string\"}],\"inLanguage\":\"hu\"},{\"@type\":\"Person\",\"@id\":\"http:\/\/universofamilia.com\/zh_hk\/#\/schema\/person\/f07ce98187dd84d31154262e79b3b7ca\",\"name\":\"Pedro Henrique\",\"image\":{\"@type\":\"ImageObject\",\"inLanguage\":\"hu\",\"@id\":\"http:\/\/universofamilia.com\/zh_hk\/#\/schema\/person\/image\/\",\"url\":\"http:\/\/0.gravatar.com\/avatar\/9edfeb808cb4e1599f64d6e45b130154?s=96&d=mm&r=g\",\"contentUrl\":\"http:\/\/0.gravatar.com\/avatar\/9edfeb808cb4e1599f64d6e45b130154?s=96&d=mm&r=g\",\"caption\":\"Pedro Henrique\"},\"url\":\"http:\/\/universofamilia.com\/hu\/author\/editor01\/\"}]}<\/script>\n<!-- \/ Yoast SEO plugin. -->","yoast_head_json":{"title":"Posso utilizar ventilador no quarto do beb\u00ea? - Universo Fam\u00edlia","description":"Posso utilizar ventilador no quarto do beb\u00ea? Quando se trata de criar um ambiente confort\u00e1vel para o beb\u00ea,","robots":{"index":"index","follow":"follow","max-snippet":"max-snippet:-1","max-image-preview":"max-image-preview:large","max-video-preview":"max-video-preview:-1"},"canonical":"http:\/\/universofamilia.com\/hu\/posso-utilizar-ventilador-no-quarto-do-bebe\/","og_locale":"hu_HU","og_type":"article","og_title":"Posso utilizar ventilador no quarto do beb\u00ea? - Universo Fam\u00edlia","og_description":"Posso utilizar ventilador no quarto do beb\u00ea? Quando se trata de criar um ambiente confort\u00e1vel para o beb\u00ea,","og_url":"http:\/\/universofamilia.com\/hu\/posso-utilizar-ventilador-no-quarto-do-bebe\/","og_site_name":"Universo Fam\u00edlia","article_published_time":"2023-06-18T23:42:37+00:00","article_modified_time":"2025-02-07T01:22:33+00:00","og_image":[{"width":448,"height":350,"url":"http:\/\/universofamilia.com\/wp-content\/uploads\/sites\/148\/2023\/06\/FOTO-DESTAQUE-ventilador-de-teto-universo-familia-.png","type":"image\/png"}],"author":"Pedro Henrique","twitter_card":"summary_large_image","twitter_misc":{"Written by":"Pedro Henrique","Est. reading time":"6 perc"},"schema":{"@context":"https:\/\/schema.org","@graph":[{"@type":"WebPage","@id":"http:\/\/universofamilia.com\/en\/posso-utilizar-ventilador-no-quarto-do-bebe\/","url":"http:\/\/universofamilia.com\/en\/posso-utilizar-ventilador-no-quarto-do-bebe\/","name":"Posso utilizar ventilador no quarto do beb\u00ea? - Universo Fam\u00edlia","isPartOf":{"@id":"http:\/\/universofamilia.com\/zh_hk\/#website"},"primaryImageOfPage":{"@id":"http:\/\/universofamilia.com\/en\/posso-utilizar-ventilador-no-quarto-do-bebe\/#primaryimage"},"image":{"@id":"http:\/\/universofamilia.com\/en\/posso-utilizar-ventilador-no-quarto-do-bebe\/#primaryimage"},"thumbnailUrl":"http:\/\/universofamilia.com\/wp-content\/uploads\/sites\/148\/2023\/06\/FOTO-DESTAQUE-ventilador-de-teto-universo-familia-.png","datePublished":"2023-06-18T23:42:37+00:00","dateModified":"2025-02-07T01:22:33+00:00","author":{"@id":"http:\/\/universofamilia.com\/zh_hk\/#\/schema\/person\/f07ce98187dd84d31154262e79b3b7ca"},"description":"Posso utilizar ventilador no quarto do beb\u00ea? Quando se trata de criar um ambiente confort\u00e1vel para o beb\u00ea,","breadcrumb":{"@id":"http:\/\/universofamilia.com\/en\/posso-utilizar-ventilador-no-quarto-do-bebe\/#breadcrumb"},"inLanguage":"hu","potentialAction":[{"@type":"ReadAction","target":["http:\/\/universofamilia.com\/en\/posso-utilizar-ventilador-no-quarto-do-bebe\/"]}]},{"@type":"ImageObject","inLanguage":"hu","@id":"http:\/\/universofamilia.com\/en\/posso-utilizar-ventilador-no-quarto-do-bebe\/#primaryimage","url":"http:\/\/universofamilia.com\/wp-content\/uploads\/sites\/148\/2023\/06\/FOTO-DESTAQUE-ventilador-de-teto-universo-familia-.png","contentUrl":"http:\/\/universofamilia.com\/wp-content\/uploads\/sites\/148\/2023\/06\/FOTO-DESTAQUE-ventilador-de-teto-universo-familia-.png","width":448,"height":350},{"@type":"BreadcrumbList","@id":"http:\/\/universofamilia.com\/en\/posso-utilizar-ventilador-no-quarto-do-bebe\/#breadcrumb","itemListElement":[{"@type":"ListItem","position":1,"name":"Home","item":"http:\/\/universofamilia.com\/zh_hk\/"},{"@type":"ListItem","position":2,"name":"Posso utilizar ventilador no quarto do beb\u00ea?"}]},{"@type":"WebSite","@id":"http:\/\/universofamilia.com\/zh_hk\/#website","url":"http:\/\/universofamilia.com\/zh_hk\/","name":"Universo Fam\u00edlia","description":"","potentialAction":[{"@type":"SearchAction","target":{"@type":"EntryPoint","urlTemplate":"http:\/\/universofamilia.com\/zh_hk\/?s={search_term_string}"},"query-input":"required name=search_term_string"}],"inLanguage":"hu"},{"@type":"Person","@id":"http:\/\/universofamilia.com\/zh_hk\/#\/schema\/person\/f07ce98187dd84d31154262e79b3b7ca","name":"Pedro Henrique","image":{"@type":"ImageObject","inLanguage":"hu","@id":"http:\/\/universofamilia.com\/zh_hk\/#\/schema\/person\/image\/","url":"http:\/\/0.gravatar.com\/avatar\/9edfeb808cb4e1599f64d6e45b130154?s=96&d=mm&r=g","contentUrl":"http:\/\/0.gravatar.com\/avatar\/9edfeb808cb4e1599f64d6e45b130154?s=96&d=mm&r=g","caption":"Pedro Henrique"},"url":"http:\/\/universofamilia.com\/hu\/author\/editor01\/"}]}},"_links":{"self":[{"href":"http:\/\/universofamilia.com\/hu\/wp-json\/wp\/v2\/posts\/2752"}],"collection":[{"href":"http:\/\/universofamilia.com\/hu\/wp-json\/wp\/v2\/posts"}],"about":[{"href":"http:\/\/universofamilia.com\/hu\/wp-json\/wp\/v2\/types\/post"}],"author":[{"embeddable":true,"href":"http:\/\/universofamilia.com\/hu\/wp-json\/wp\/v2\/users\/139"}],"replies":[{"embeddable":true,"href":"http:\/\/universofamilia.com\/hu\/wp-json\/wp\/v2\/comments?post=2752"}],"version-history":[{"count":1,"href":"http:\/\/universofamilia.com\/hu\/wp-json\/wp\/v2\/posts\/2752\/revisions"}],"predecessor-version":[{"id":8591,"href":"http:\/\/universofamilia.com\/hu\/wp-json\/wp\/v2\/posts\/2752\/revisions\/8591"}],"wp:featuredmedia":[{"embeddable":true,"href":"http:\/\/universofamilia.com\/hu\/wp-json\/wp\/v2\/media\/2759"}],"wp:attachment":[{"href":"http:\/\/universofamilia.com\/hu\/wp-json\/wp\/v2\/media?parent=2752"}],"wp:term":[{"taxonomy":"category","embeddable":true,"href":"http:\/\/universofamilia.com\/hu\/wp-json\/wp\/v2\/categories?post=2752"},{"taxonomy":"post_tag","embeddable":true,"href":"http:\/\/universofamilia.com\/hu\/wp-json\/wp\/v2\/tags?post=2752"}],"curies":[{"name":"wp","href":"https:\/\/api.w.org\/{rel}","templated":true}]}}