{"id":2760,"date":"2023-06-18T21:39:10","date_gmt":"2023-06-19T00:39:10","guid":{"rendered":"https:\/\/universofamilia.com\/?p=2760"},"modified":"2025-10-05T22:57:48","modified_gmt":"2025-10-06T01:57:48","slug":"posso-utilizar-ar-condicionado-no-quarto-do-bebe","status":"publish","type":"post","link":"http:\/\/universofamilia.com\/hu\/posso-utilizar-ar-condicionado-no-quarto-do-bebe\/","title":{"rendered":"Haszn\u00e1lhatom a balzsamot a baba szob\u00e1j\u00e1ban?"},"content":{"rendered":"<p>Otthon bab\u00e1t v\u00e1llalni hihetetlen \u00e9lm\u00e9ny, de sz\u00e1mos aggodalmat is felvet az orsz\u00e1goddal kapcsolatban.<\/p>\n\n\n\n<p>Haszn\u00e1lhatom a l\u00e9gkondicion\u00e1l\u00f3t a baba szob\u00e1j\u00e1ban? Az emberek gyakran f\u00e9lnek att\u00f3l, hogy biztons\u00e1gos babaszob\u00e1ban l\u00e9gkondicion\u00e1lt l\u00e9gkondicion\u00e1l\u00f3t haszn\u00e1ljanak.<\/p>\n\n\n\n<p>Vizsg\u00e1ljuk meg ennek a k\u00fcldet\u00e9snek az el\u0151nyeit \u00e9s a kapcsol\u00f3d\u00f3 gondoss\u00e1got, valamint a k\u00e9sz\u00fcl\u00e9k telep\u00edt\u00e9s\u00e9hez megfelel\u0151 magass\u00e1got \u00e9s helyet.<\/p>\n\n\n<div class=\"wp-block-image\">\n<figure class=\"aligncenter size-full\"><img loading=\"lazy\" decoding=\"async\" width=\"550\" height=\"350\" src=\"http:\/\/universofamilia.com\/wp-content\/uploads\/sites\/148\/2023\/06\/POST-ar-condicionado-universo-familia-2.png\" alt=\"\" class=\"wp-image-2762\" srcset=\"http:\/\/universofamilia.com\/wp-content\/uploads\/sites\/148\/2023\/06\/POST-ar-condicionado-universo-familia-2.png 550w, http:\/\/universofamilia.com\/wp-content\/uploads\/sites\/148\/2023\/06\/POST-ar-condicionado-universo-familia-2-300x191.png 300w\" sizes=\"(max-width: 550px) 100vw, 550px\" \/><figcaption class=\"wp-element-caption\"><em>Fot\u00f3: (reprodukci\u00f3\/internet)<\/em><\/figcaption><\/figure><\/div>\n\n\n<h3 class=\"wp-block-heading\"><strong>A kondicion\u00e1lt l\u00e9gkondicion\u00e1l\u00f3 haszn\u00e1lat\u00e1nak el\u0151nyei a baba szob\u00e1j\u00e1ban<\/strong><\/h3>\n\n\n\n<p><strong>H\u0151m\u00e9rs\u00e9klet-szab\u00e1lyoz\u00e1s<\/strong>A l\u00e9gkondicion\u00e1l\u00f3 el\u0151nye, hogy szab\u00e1lyozza a szobah\u0151m\u00e9rs\u00e9kletet, \u00edgy a baba szob\u00e1ja mindig kellemes, k\u00fcl\u00f6n\u00f6sen az \u00e9v h\u0171v\u00f6sebb \u00e9vszakaiban.<\/p>\n\n\n\n<p>A megfelel\u0151 h\u0151m\u00e9rs\u00e9klet fenntart\u00e1sa seg\u00edthet a baba nyugodt \u00e9s k\u00e9nyelmes hangz\u00e1s\u00e1nak el\u0151seg\u00edt\u00e9s\u00e9ben.<\/p>\n\n\n\n<p><strong>A p\u00e1ratartalom cs\u00f6kkent\u00e9se<\/strong>A h\u0151m\u00e9rs\u00e9klet vagy a l\u00e9gkondicion\u00e1l\u00e1s szab\u00e1lyoz\u00e1sa mellett seg\u00edt cs\u00f6kkenteni a k\u00f6rnyezeti p\u00e1ratartalmat is.<\/p>\n\n\n\n<p>Ez k\u00fcl\u00f6n\u00f6sen fontos a mofosz \u00e9s atka felhalmoz\u00f3d\u00e1s\u00e1nak megakad\u00e1lyoz\u00e1sa \u00e9rdek\u00e9ben, amelyek k\u00e1rosak lehetnek a baba l\u00e9gz\u0151szervi eg\u00e9szs\u00e9g\u00e9re.<\/p>\n\n\n\n<p><strong>L\u00e9gsz\u0171r\u00e9s<\/strong>Sok kondicion\u00e1lt leveg\u0151modell rendelkezik sz\u0171r\u0151kkel, amelyek seg\u00edtenek megtiszt\u00edtani a leveg\u0151t, elt\u00e1vol\u00edtva a szennyez\u0151d\u00e9seket, a pollent \u00e9s m\u00e1s allerg\u00e9neket, amelyek l\u00e9gz\u00e9si kellemetlens\u00e9geket okozhatnak.<\/p>\n\n\n\n<p>Ezenk\u00edv\u00fcl k\u00fcl\u00f6n\u00f6sen el\u0151ny\u00f6s a l\u00e9g\u00fati \u00e9rz\u00e9kenys\u00e9ggel vagy allergi\u00e1val k\u00fczd\u0151 csecsem\u0151k sz\u00e1m\u00e1ra.<\/p>\n\n\n\n<p>Leia is <a href=\"http:\/\/universofamilia.com\/hu\/posso-utilizar-ventilador-no-quarto-do-bebe\/\" target=\"_blank\" rel=\"noreferrer noopener\">Haszn\u00e1lhatok ventil\u00e1tort a baba szob\u00e1j\u00e1ban?<\/a><\/p>\n\n\n\n<h3 class=\"wp-block-heading\"><strong>Legyen \u00f3vatos a baba szob\u00e1j\u00e1ban a l\u00e9gkondicion\u00e1lt l\u00e9gkondicion\u00e1l\u00f3 haszn\u00e1latakor<\/strong><\/h3>\n\n\n\n<p><strong>K\u00e9t sz\u0171r\u0151 rendszeres tiszt\u00edt\u00e1sa<\/strong>A leveg\u0151min\u0151s\u00e9g garant\u00e1l\u00e1sa \u00e9rdek\u00e9ben elengedhetetlen a k\u00e9t kondicion\u00e1lt leveg\u0151sz\u0171r\u0151 rendszeres tiszt\u00edt\u00e1sa.<\/p>\n\n\n\n<p>Ez a l\u00e9p\u00e9s seg\u00edt megel\u0151zni a szennyez\u0151d\u00e9sek \u00e9s allerg\u00e9nek felhalmoz\u00f3d\u00e1s\u00e1t, biztos\u00edtva az eg\u00e9szs\u00e9ges k\u00f6rnyezetet a baba sz\u00e1m\u00e1ra.<\/p>\n\n\n\n<p><strong>Megfelel\u0151 h\u0151m\u00e9rs\u00e9klet<\/strong>Fontos a h\u0151m\u00e9rs\u00e9klet szab\u00e1lyoz\u00e1sa vagy kondicion\u00e1l\u00e1sa a baba sz\u00e1m\u00e1ra megfelel\u0151 h\u0151m\u00e9rs\u00e9kleten.<\/p>\n\n\n\n<p>Javasolt a h\u0151m\u00e9rs\u00e9kletet 23\u00b0C \u00e9s 25\u00b0C k\u00f6z\u00f6tt tartani, hogy m\u00e9g nagyon hideg k\u00f6rnyezetben is kellemes h\u0151\u00e9rzetet biztos\u00edtson.<\/p>\n\n\n\n<p><strong>Ker\u00fclje a k\u00f6zvetlen l\u00e9g\u00e1raml\u00e1st<\/strong>: Helyezze el a l\u00e9gkondicion\u00e1l\u00f3t \u00fagy, hogy a l\u00e9g\u00e1ram ne \u00e9rje k\u00f6zvetlen\u00fcl azt a ter\u00fcletet, ahol a baba alszik.<\/p>\n\n\n\n<p>L\u00e9gz\u00e9si neh\u00e9zs\u00e9get vagy ak\u00e1r megf\u00e1z\u00e1st is okozhat.<\/p>\n\n\n\n<h3 class=\"wp-block-heading\"><strong>A baba szob\u00e1j\u00e1ban l\u00e9v\u0151 \u00e1llapot magass\u00e1ga \u00e9s helye<\/strong><\/h3>\n\n\n\n<p>A babaszoba berendez\u00e9se vagy klimatiz\u00e1l\u00e1sa sor\u00e1n fontos figyelembe venni a magass\u00e1got \u00e9s a megfelel\u0151 elhelyez\u00e9st. \u00cdme n\u00e9h\u00e1ny tipp, amit \u00e9rdemes k\u00f6vetni:<\/p>\n\n\n\n<p><strong>Ide\u00e1lis magass\u00e1g<\/strong>Biztons\u00e1gos magass\u00e1gban, a baba el\u0151l elz\u00e1rva szerelje fel vagy \u00e1ll\u00edtsa fel. Az aj\u00e1nlott magass\u00e1g k\u00f6r\u00fclbel\u00fcl 1,8 m\u00e9ter a mennyezett\u0151l.<\/p>\n\n\n\n<p>Ez megakad\u00e1lyozza, hogy a baba hozz\u00e1f\u00e9rjen a k\u00e9sz\u00fcl\u00e9khez, \u00e9s megel\u0151zi a lehets\u00e9ges baleseteket.<\/p>\n\n\n<div class=\"wp-block-image\">\n<figure class=\"aligncenter size-full\"><img loading=\"lazy\" decoding=\"async\" width=\"550\" height=\"350\" src=\"http:\/\/universofamilia.com\/wp-content\/uploads\/sites\/148\/2023\/06\/POST-ar-condicionado-universo-familia-.png\" alt=\"\" class=\"wp-image-2763\" srcset=\"http:\/\/universofamilia.com\/wp-content\/uploads\/sites\/148\/2023\/06\/POST-ar-condicionado-universo-familia-.png 550w, http:\/\/universofamilia.com\/wp-content\/uploads\/sites\/148\/2023\/06\/POST-ar-condicionado-universo-familia--300x191.png 300w\" sizes=\"(max-width: 550px) 100vw, 550px\" \/><figcaption class=\"wp-element-caption\"><em>Fot\u00f3: (reprodukci\u00f3\/internet)<\/em><\/figcaption><\/figure><\/div>\n\n\n<p><strong>T\u00e1vols\u00e1g a ber\u00e7\u00f3t\u00f3l<\/strong>: Gy\u0151z\u0151dj\u00f6n meg arr\u00f3l, hogy a l\u00e9gkondicion\u00e1l\u00f3 biztons\u00e1gos t\u00e1vols\u00e1gban van az alapt\u00f3l.<\/p>\n\n\n\n<p>Ker\u00fclje a t\u00fal sok vagy t\u00fal k\u00f6zeli l\u00e9g\u00e1raml\u00e1st, illetve a k\u00f6zvetlen l\u00e9g\u00e1raml\u00e1st, ami alv\u00e1s k\u00f6zben kellemetlen\u00fcl befoly\u00e1solhatja a baba eg\u00e9szs\u00e9g\u00e9t.<\/p>\n\n\n\n<p><strong>Ker\u00fclje el az akad\u00e1lyokat<\/strong>Gy\u0151z\u0151dj\u00f6n meg arr\u00f3l, hogy semmilyen t\u00e1rgy nem akad\u00e1lyozza a kondicion\u00e1lt h\u0151 \u00e1raml\u00e1s\u00e1t.<\/p>\n\n\n\n<p>Tov\u00e1bb\u00e1, hagyjon szabadon helyet a k\u00e9sz\u00fcl\u00e9k k\u00f6r\u00fcl, hogy biztos\u00edtsa a megfelel\u0151 l\u00e9g\u00e1raml\u00e1st a k\u00f6rnyezetben.<\/p>\n\n\n\n<h3 class=\"wp-block-heading\"><strong>Javaslat a l\u00e9gkondicion\u00e1l\u00f3 beszerel\u00e9s\u00e9hez a babaszob\u00e1ban<\/strong><\/h3>\n\n\n\n<p>A baba szob\u00e1j\u00e1ban a k\u00e9sz\u00fcl\u00e9k megfelel\u0151 telep\u00edt\u00e9se elengedhetetlen a k\u00e9sz\u00fcl\u00e9k hat\u00e9kony m\u0171k\u00f6d\u00e9s\u00e9nek \u00e9s a gyermekek biztons\u00e1g\u00e1nak garant\u00e1l\u00e1s\u00e1hoz.<\/p>\n\n\n\n<p>\u00cdme n\u00e9h\u00e1ny \u00fatmutat\u00e1s a telep\u00edt\u00e9s v\u00e9grehajt\u00e1s\u00e1hoz \u00e9s a megfelel\u0151 magass\u00e1g kiv\u00e1laszt\u00e1s\u00e1hoz az elhelyez\u00e9shez vagy kondicion\u00e1l\u00e1shoz:<\/p>\n\n\n\n<p><strong>B\u00e9reljen szakembert<\/strong>: Javasoljuk, hogy a felt\u00e9tel telep\u00edt\u00e9s\u00e9t szakk\u00e9pzett szakember v\u00e9gezze.<\/p>\n\n\n\n<p>Ez a szakember rendelkezik a sz\u00fcks\u00e9ges m\u0171szaki ismeretekkel a biztons\u00e1gos \u00e9s megfelel\u0151 telep\u00edt\u00e9s elv\u00e9gz\u00e9s\u00e9hez, minimaliz\u00e1lva a kock\u00e1zatokat \u00e9s garant\u00e1lva a k\u00e9sz\u00fcl\u00e9k megfelel\u0151 m\u0171k\u00f6d\u00e9s\u00e9t.<\/p>\n\n\n\n<p><strong>V\u00e1lasszon falat vagy ablakot<\/strong>Telep\u00edt\u00e9s vagy klimatiz\u00e1l\u00e1s el\u0151tt fontos eld\u00f6nteni, hogy a k\u00e9sz\u00fcl\u00e9ket falra vagy ajt\u00f3ra r\u00f6gz\u00edti.<\/p>\n\n\n\n<p>Ez a v\u00e1laszt\u00e1s a k\u00f6rnyezet jellemz\u0151it\u0151l \u00e9s a baba szob\u00e1j\u00e1nak szerkezet\u00e9t\u0151l f\u00fcgg.<\/p>\n\n\n\n<p><strong>Aj\u00e1nlott magass\u00e1g<\/strong>A baba szob\u00e1j\u00e1nak elhelyez\u00e9s\u00e9hez vagy klimatiz\u00e1l\u00e1s\u00e1hoz az ide\u00e1lis magass\u00e1g a gyermek szob\u00e1j\u00e1t\u00f3l k\u00f6r\u00fclbel\u00fcl 1,8 m\u00e9ter. Ez a magass\u00e1g lehet\u0151v\u00e9 teszi a leveg\u0151 hat\u00e9kony eloszl\u00e1s\u00e1t a k\u00f6rnyezetben, fenntartva a baba h\u0151komfortj\u00e1t.<\/p>\n\n\n<div class=\"wp-block-image\">\n<figure class=\"aligncenter size-full\"><img loading=\"lazy\" decoding=\"async\" width=\"550\" height=\"350\" src=\"http:\/\/universofamilia.com\/wp-content\/uploads\/sites\/148\/2023\/06\/POST-ar-condicionado-universo-familia-1-1.png\" alt=\"\" class=\"wp-image-2765\" srcset=\"http:\/\/universofamilia.com\/wp-content\/uploads\/sites\/148\/2023\/06\/POST-ar-condicionado-universo-familia-1-1.png 550w, http:\/\/universofamilia.com\/wp-content\/uploads\/sites\/148\/2023\/06\/POST-ar-condicionado-universo-familia-1-1-300x191.png 300w\" sizes=\"(max-width: 550px) 100vw, 550px\" \/><figcaption class=\"wp-element-caption\"><em>Fot\u00f3: (reprodukci\u00f3\/internet)<\/em><\/figcaption><\/figure><\/div>\n\n\n<p><strong>Ker\u00fclje el az akad\u00e1lyokat<\/strong>Gy\u0151z\u0151dj\u00f6n meg arr\u00f3l, hogy nincsenek mozg\u00f3 t\u00e1rgyak, amelyek akad\u00e1lyozhatj\u00e1k a leveg\u0151 \u00e1raml\u00e1s\u00e1t a k\u00e9sz\u00fcl\u00e9k k\u00f6r\u00fcl. Ezek az akad\u00e1lyok akad\u00e1lyozhatj\u00e1k a leveg\u0151 \u00e1raml\u00e1s\u00e1t \u00e9s befoly\u00e1solhatj\u00e1k a k\u00e9sz\u00fcl\u00e9k hat\u00e9konys\u00e1g\u00e1t.<\/p>\n\n\n\n<p><strong>L\u00e9g\u00e1raml\u00e1s ir\u00e1nya<\/strong>: \u00dagy helyezze el a l\u00e9gkondicion\u00e1l\u00f3t, hogy a l\u00e9g\u00e1raml\u00e1s ne k\u00f6zvetlen\u00fcl a padl\u00f3ra vagy arra a ter\u00fcletre ir\u00e1nyuljon, ahol a baba alszik. Ezenk\u00edv\u00fcl megakad\u00e1lyozza a k\u00f6zvetlen l\u00e9g\u00e1raml\u00e1s okozta l\u00e9gz\u00e9si kellemetlens\u00e9geket.<\/p>\n\n\n\n<p><strong>Biztons\u00e1gos t\u00e1vols\u00e1g<\/strong>Tartson biztons\u00e1gos t\u00e1vols\u00e1got a kondicion\u00e1lt \u00e9s a ber\u00e7o k\u00f6z\u00f6tt, ker\u00fclve a t\u00fal k\u00f6zeli elhelyez\u00e9s\u00fcket egym\u00e1shoz.<\/p>\n\n\n\n<p>\u00cdgy ez az int\u00e9zked\u00e9s garant\u00e1lja, hogy a baba ne legyen k\u00f6zvetlen\u00fcl kit\u00e9ve a hideg leveg\u0151 \u00e1raml\u00e1s\u00e1nak, seg\u00edtve megel\u0151zni a megf\u00e1z\u00e1st vagy a kellemetlens\u00e9geket.<\/p>\n\n\n\n<p>A l\u00e9gkondicion\u00e1l\u00f3 telep\u00edt\u00e9se sor\u00e1n mindig k\u00f6vesse a gy\u00e1rt\u00f3 utas\u00edt\u00e1sait, \u00e9s k\u00e9ts\u00e9g eset\u00e9n forduljon szakemberhez.<\/p>\n\n\n\n<p>A megfelel\u0151 beszerel\u00e9s \u00e9s elhelyez\u00e9s, illetve a megfelel\u0151 magass\u00e1g\u00fa be\u00e1ll\u00edt\u00e1s biztos\u00edt\u00e1s\u00e1val biztons\u00e1gos, k\u00e9nyelmes \u00e9s h\u0151m\u00e9rs\u00e9klet-szab\u00e1lyozott k\u00f6rnyezetet biztos\u00edthat gyermeke j\u00f3l\u00e9te \u00e9rdek\u00e9ben.<\/p>\n\n\n\n<h3 class=\"wp-block-heading\"><strong>K\u00f6vetkeztet\u00e9s<\/strong><\/h3>\n\n\n\n<p>A baba szob\u00e1j\u00e1ban a l\u00e9gkondicion\u00e1lt l\u00e9gkondicion\u00e1l\u00f3 haszn\u00e1lata jelent\u0151s el\u0151ny\u00f6kkel j\u00e1rhat, felt\u00e9ve, hogy megfelel\u0151en vigy\u00e1zol r\u00e1.<\/p>\n\n\n\n<p>Szab\u00e1lyozza a h\u0151m\u00e9rs\u00e9kletet, cs\u00f6kkentse a p\u00e1ratartalmat \u00e9s sz\u0171rje a fontos l\u00e9p\u00e9seket, hogy biztons\u00e1gos k\u00f6rnyezetet biztos\u00edtson gyermeke sz\u00e1m\u00e1ra.<\/p>\n\n\n\n<p>Sz\u00fcks\u00e9ges a k\u00e9t sz\u0171r\u0151 rendszeres tiszt\u00edt\u00e1sa, a h\u0151m\u00e9rs\u00e9klet be\u00e1ll\u00edt\u00e1sa a baba ig\u00e9nyeihez \u00e9s testhelyzet\u00e9hez vagy \u00e1llapot\u00e1hoz igaz\u00edtva, a gyermek el\u0151l elz\u00e1rva.<\/p>\n\n\n\n<p>\u00cdgy ezen ir\u00e1nyelvek betart\u00e1s\u00e1val kellemes \u00e9s k\u00e9nyelmes k\u00f6rnyezetet teremthet gyermeke sz\u00e1m\u00e1ra, el\u0151seg\u00edtve j\u00f3l\u00e9t\u00e9t \u00e9s a j\u00f3 hangmin\u0151s\u00e9get.<\/p>\n\n\n\n<p>Kieg\u00e9sz\u00edt\u0151kre \u00e9s ruh\u00e1ra van sz\u00fcks\u00e9gem, conhe\u00e7a |&nbsp;<a href=\"https:\/\/www.luzbaby.com.br\/\" target=\"_blank\" rel=\"noreferrer noopener\">A Luz Baby az egyik legjobb csecsem\u0151term\u00e9keket \u00e1rus\u00edt\u00f3 \u00fczlet. Kattints ide<\/a><\/p>\n\n\n\n<h3 class=\"wp-block-heading\"><strong>Tov\u00e1bbi inform\u00e1ci\u00f3k<\/strong><\/h3>\n\n\n\n<p>A baba szob\u00e1j\u00e1ban a l\u00e9gkondicion\u00e1l\u00f3 haszn\u00e1lat\u00e1val kapcsolatos r\u00e9szletesebb \u00e9s \u00e1tfog\u00f3bb inform\u00e1ci\u00f3k\u00e9rt tov\u00e1bbi forr\u00e1sok konzult\u00e1l\u00e1sa \u00e9s szakemberek v\u00e9lem\u00e9ny\u00e9nek figyelembev\u00e9tele aj\u00e1nlott.<\/p>\n\n\n\n<p><strong>\u00cdme n\u00e9h\u00e1ny referencia, amiben megb\u00edzhatsz, \u00e9s amit \u00e9rdemes lehet konzult\u00e1lni:<\/strong><\/p>\n\n\n\n<p><strong>Brazil Gyermekgy\u00f3gy\u00e1szati T\u00e1rsas\u00e1g (SBP):<\/strong> Az SBP egy elismert int\u00e9zm\u00e9ny, amely \u00fatmutat\u00e1st \u00e9s inform\u00e1ci\u00f3kat k\u00edn\u00e1l a gyermekfel\u00fcgyelettel kapcsolatban. A hivatalos weboldal (https:\/\/www.sbp.com.br\/) \u00fatmutat\u00e1st ny\u00fajthat a baba szob\u00e1j\u00e1ban a l\u00e9gkondicion\u00e1l\u00f3 haszn\u00e1lat\u00e1hoz.<\/p>\n\n\n\n<p><strong>Brazil H\u0171t\u0151-, L\u00e9gkondicion\u00e1l\u00f3-, Szell\u0151z\u0151- \u00e9s V\u00edzell\u00e1t\u00e1si Sz\u00f6vets\u00e9g (ABRAVA):<\/strong> Az ABRAVA egy olyan sz\u00f6vets\u00e9g, amely a l\u00e9gkondicion\u00e1l\u00f3 szektorban dolgoz\u00f3 szakembereket \u00e9s v\u00e1llalatokat t\u00f6m\u00f6r\u00edti. Ez a weboldal (https:\/\/abrava.com.br\/) technikai inform\u00e1ci\u00f3kat k\u00edn\u00e1l a l\u00e9gkondicion\u00e1l\u00f3k megfelel\u0151 telep\u00edt\u00e9s\u00e9vel kapcsolatban.<\/p>\n\n\n\n<p><strong>Konzult\u00e1ljon gyermekorvossal \u00e9s l\u00e9gkondicion\u00e1l\u00f3 szakemberrel<\/strong>A baba szob\u00e1j\u00e1ban a l\u00e9gkondicion\u00e1l\u00f3 haszn\u00e1lat\u00e1nak megvitat\u00e1sakor mindig \u00e9rdemes eg\u00e9szs\u00e9g\u00fcgyi szakemberek \u00e9s l\u00e9gkondicion\u00e1l\u00f3 szakemberek v\u00e9lem\u00e9ny\u00e9t kik\u00e9rni.<\/p>\n\n\n\n<p>\u00dctemezzen be egy konzult\u00e1ci\u00f3t gyermeke gyermekorvos\u00e1val, hogy gyermeke eg\u00e9szs\u00e9g\u00fcgyi el\u0151zm\u00e9nyei alapj\u00e1n szem\u00e9lyre szabott \u00fatmutat\u00e1st kapjon.<\/p>\n\n\n\n<p>Ezenk\u00edv\u00fcl konzult\u00e1lhat egy l\u00e9gkondicion\u00e1l\u00f3 szakemberrel is, hogy szem\u00e9lyre szabott aj\u00e1nl\u00e1sokat kapjon a k\u00f6rnyezet jellemz\u0151i alapj\u00e1n.<\/p>\n\n\n\n<p>Vegye figyelembe, hogy az orient\u00e1ci\u00f3k a baba egy\u00e9ni ig\u00e9nyeit\u0151l \u00e9s a k\u00f6rnyezet saj\u00e1tos k\u00f6r\u00fclm\u00e9nyeit\u0151l f\u00fcgg\u0151en v\u00e1ltozhatnak.<\/p>\n\n\n\n<p>Ez\u00e9rt fontos, hogy naprak\u00e9sz \u00e9s szem\u00e9lyre szabott inform\u00e1ci\u00f3kat keressen megb\u00edzhat\u00f3 \u00e9s k\u00e9pzett szakmai forr\u00e1sokb\u00f3l.<\/p>","protected":false},"excerpt":{"rendered":"<p>A baba otthoni nevel\u00e9se hihetetlen \u00e9lm\u00e9ny, de sz\u00e1mos agg\u00e1lyt is felvet az orsz\u00e1goddal kapcsolatban. Haszn\u00e1lhatom a balzsamot a baba szob\u00e1j\u00e1ban? Mivel az emberek gyakran agg\u00f3dnak a babaszoba biztons\u00e1gos l\u00e9gkondicion\u00e1l\u00e1sa miatt, vizsg\u00e1ljuk meg az ezzel a k\u00e9rd\u00e9ssel kapcsolatos el\u0151ny\u00f6ket \u00e9s gondoz\u00e1si szempontokat, valamint [\u2026]<\/p>","protected":false},"author":219,"featured_media":2766,"comment_status":"closed","ping_status":"open","sticky":false,"template":"","format":"standard","meta":{"footnotes":""},"categories":[4],"tags":[486,487,1310],"yoast_head":"<!-- This site is optimized with the Yoast SEO plugin v23.3 - https:\/\/yoast.com\/wordpress\/plugins\/seo\/ -->\n<title>Posso Utilizar Ar Condicionado no Quarto do Beb\u00ea? - Universo Fam\u00edlia<\/title>\n<meta name=\"description\" content=\"Posso Utilizar Ar Condicionado no Quarto do Beb\u00ea? Ter um beb\u00ea em casa \u00e9 uma experi\u00eancia incr\u00edvel, mas tamb\u00e9m traz diversas preocupa\u00e7\u00f5es para\" \/>\n<meta name=\"robots\" content=\"index, follow, max-snippet:-1, max-image-preview:large, max-video-preview:-1\" \/>\n<link rel=\"canonical\" href=\"https:\/\/universofamilia.com\/hu\/posso-utilizar-ar-condicionado-no-quarto-do-bebe\/\" \/>\n<meta property=\"og:locale\" content=\"hu_HU\" \/>\n<meta property=\"og:type\" content=\"article\" \/>\n<meta property=\"og:title\" content=\"Posso Utilizar Ar Condicionado no Quarto do Beb\u00ea? - Universo Fam\u00edlia\" \/>\n<meta property=\"og:description\" content=\"Posso Utilizar Ar Condicionado no Quarto do Beb\u00ea? Ter um beb\u00ea em casa \u00e9 uma experi\u00eancia incr\u00edvel, mas tamb\u00e9m traz diversas preocupa\u00e7\u00f5es para\" \/>\n<meta property=\"og:url\" content=\"https:\/\/universofamilia.com\/hu\/posso-utilizar-ar-condicionado-no-quarto-do-bebe\/\" \/>\n<meta property=\"og:site_name\" content=\"Universo Fam\u00edlia\" \/>\n<meta property=\"article:published_time\" content=\"2023-06-19T00:39:10+00:00\" \/>\n<meta property=\"article:modified_time\" content=\"2025-10-06T01:57:48+00:00\" \/>\n<meta property=\"og:image\" content=\"https:\/\/universofamilia.com\/wp-content\/uploads\/sites\/148\/2023\/06\/FOTO-DESTAQUE-ar-condicionado-universo-familia-.png\" \/>\n\t<meta property=\"og:image:width\" content=\"448\" \/>\n\t<meta property=\"og:image:height\" content=\"350\" \/>\n\t<meta property=\"og:image:type\" content=\"image\/png\" \/>\n<meta name=\"author\" content=\"Matheus Sangaletti\" \/>\n<meta name=\"twitter:card\" content=\"summary_large_image\" \/>\n<meta name=\"twitter:label1\" content=\"Written by\" \/>\n\t<meta name=\"twitter:data1\" content=\"Matheus Sangaletti\" \/>\n\t<meta name=\"twitter:label2\" content=\"Est. reading time\" \/>\n\t<meta name=\"twitter:data2\" content=\"8 perc\" \/>\n<script type=\"application\/ld+json\" class=\"yoast-schema-graph\">{\"@context\":\"https:\/\/schema.org\",\"@graph\":[{\"@type\":\"WebPage\",\"@id\":\"https:\/\/universofamilia.com\/zh\/posso-utilizar-ar-condicionado-no-quarto-do-bebe\/\",\"url\":\"https:\/\/universofamilia.com\/zh\/posso-utilizar-ar-condicionado-no-quarto-do-bebe\/\",\"name\":\"Posso Utilizar Ar Condicionado no Quarto do Beb\u00ea? - Universo Fam\u00edlia\",\"isPartOf\":{\"@id\":\"http:\/\/universofamilia.com\/zh_hk\/#website\"},\"primaryImageOfPage\":{\"@id\":\"https:\/\/universofamilia.com\/zh\/posso-utilizar-ar-condicionado-no-quarto-do-bebe\/#primaryimage\"},\"image\":{\"@id\":\"https:\/\/universofamilia.com\/zh\/posso-utilizar-ar-condicionado-no-quarto-do-bebe\/#primaryimage\"},\"thumbnailUrl\":\"http:\/\/universofamilia.com\/wp-content\/uploads\/sites\/148\/2023\/06\/FOTO-DESTAQUE-ar-condicionado-universo-familia-.png\",\"datePublished\":\"2023-06-19T00:39:10+00:00\",\"dateModified\":\"2025-10-06T01:57:48+00:00\",\"author\":{\"@id\":\"http:\/\/universofamilia.com\/zh_hk\/#\/schema\/person\/92fcd07e9b1f4323bf74f3170fc0f78a\"},\"description\":\"Posso Utilizar Ar Condicionado no Quarto do Beb\u00ea? Ter um beb\u00ea em casa \u00e9 uma experi\u00eancia incr\u00edvel, mas tamb\u00e9m traz diversas preocupa\u00e7\u00f5es para\",\"breadcrumb\":{\"@id\":\"https:\/\/universofamilia.com\/zh\/posso-utilizar-ar-condicionado-no-quarto-do-bebe\/#breadcrumb\"},\"inLanguage\":\"hu\",\"potentialAction\":[{\"@type\":\"ReadAction\",\"target\":[\"https:\/\/universofamilia.com\/zh\/posso-utilizar-ar-condicionado-no-quarto-do-bebe\/\"]}]},{\"@type\":\"ImageObject\",\"inLanguage\":\"hu\",\"@id\":\"https:\/\/universofamilia.com\/zh\/posso-utilizar-ar-condicionado-no-quarto-do-bebe\/#primaryimage\",\"url\":\"http:\/\/universofamilia.com\/wp-content\/uploads\/sites\/148\/2023\/06\/FOTO-DESTAQUE-ar-condicionado-universo-familia-.png\",\"contentUrl\":\"http:\/\/universofamilia.com\/wp-content\/uploads\/sites\/148\/2023\/06\/FOTO-DESTAQUE-ar-condicionado-universo-familia-.png\",\"width\":448,\"height\":350},{\"@type\":\"BreadcrumbList\",\"@id\":\"https:\/\/universofamilia.com\/zh\/posso-utilizar-ar-condicionado-no-quarto-do-bebe\/#breadcrumb\",\"itemListElement\":[{\"@type\":\"ListItem\",\"position\":1,\"name\":\"Home\",\"item\":\"http:\/\/universofamilia.com\/zh_hk\/\"},{\"@type\":\"ListItem\",\"position\":2,\"name\":\"Posso Utilizar Ar Condicionado no Quarto do Beb\u00ea?\"}]},{\"@type\":\"WebSite\",\"@id\":\"http:\/\/universofamilia.com\/zh_hk\/#website\",\"url\":\"http:\/\/universofamilia.com\/zh_hk\/\",\"name\":\"Universo Fam\u00edlia\",\"description\":\"\",\"potentialAction\":[{\"@type\":\"SearchAction\",\"target\":{\"@type\":\"EntryPoint\",\"urlTemplate\":\"http:\/\/universofamilia.com\/zh_hk\/?s={search_term_string}\"},\"query-input\":\"required name=search_term_string\"}],\"inLanguage\":\"hu\"},{\"@type\":\"Person\",\"@id\":\"http:\/\/universofamilia.com\/zh_hk\/#\/schema\/person\/92fcd07e9b1f4323bf74f3170fc0f78a\",\"name\":\"Matheus Sangaletti\",\"image\":{\"@type\":\"ImageObject\",\"inLanguage\":\"hu\",\"@id\":\"http:\/\/universofamilia.com\/zh_hk\/#\/schema\/person\/image\/\",\"url\":\"http:\/\/2.gravatar.com\/avatar\/280ea957a14a48e6a1ad2133d2cc27c9?s=96&d=mm&r=g\",\"contentUrl\":\"http:\/\/2.gravatar.com\/avatar\/280ea957a14a48e6a1ad2133d2cc27c9?s=96&d=mm&r=g\",\"caption\":\"Matheus Sangaletti\"},\"url\":\"http:\/\/universofamilia.com\/hu\/author\/matheuss\/\"}]}<\/script>\n<!-- \/ Yoast SEO plugin. -->","yoast_head_json":{"title":"Posso Utilizar Ar Condicionado no Quarto do Beb\u00ea? - Universo Fam\u00edlia","description":"Posso Utilizar Ar Condicionado no Quarto do Beb\u00ea? Ter um beb\u00ea em casa \u00e9 uma experi\u00eancia incr\u00edvel, mas tamb\u00e9m traz diversas preocupa\u00e7\u00f5es para","robots":{"index":"index","follow":"follow","max-snippet":"max-snippet:-1","max-image-preview":"max-image-preview:large","max-video-preview":"max-video-preview:-1"},"canonical":"https:\/\/universofamilia.com\/hu\/posso-utilizar-ar-condicionado-no-quarto-do-bebe\/","og_locale":"hu_HU","og_type":"article","og_title":"Posso Utilizar Ar Condicionado no Quarto do Beb\u00ea? - Universo Fam\u00edlia","og_description":"Posso Utilizar Ar Condicionado no Quarto do Beb\u00ea? Ter um beb\u00ea em casa \u00e9 uma experi\u00eancia incr\u00edvel, mas tamb\u00e9m traz diversas preocupa\u00e7\u00f5es para","og_url":"https:\/\/universofamilia.com\/hu\/posso-utilizar-ar-condicionado-no-quarto-do-bebe\/","og_site_name":"Universo Fam\u00edlia","article_published_time":"2023-06-19T00:39:10+00:00","article_modified_time":"2025-10-06T01:57:48+00:00","og_image":[{"width":448,"height":350,"url":"https:\/\/universofamilia.com\/wp-content\/uploads\/sites\/148\/2023\/06\/FOTO-DESTAQUE-ar-condicionado-universo-familia-.png","type":"image\/png"}],"author":"Matheus Sangaletti","twitter_card":"summary_large_image","twitter_misc":{"Written by":"Matheus Sangaletti","Est. reading time":"8 perc"},"schema":{"@context":"https:\/\/schema.org","@graph":[{"@type":"WebPage","@id":"https:\/\/universofamilia.com\/zh\/posso-utilizar-ar-condicionado-no-quarto-do-bebe\/","url":"https:\/\/universofamilia.com\/zh\/posso-utilizar-ar-condicionado-no-quarto-do-bebe\/","name":"Posso Utilizar Ar Condicionado no Quarto do Beb\u00ea? - Universo Fam\u00edlia","isPartOf":{"@id":"http:\/\/universofamilia.com\/zh_hk\/#website"},"primaryImageOfPage":{"@id":"https:\/\/universofamilia.com\/zh\/posso-utilizar-ar-condicionado-no-quarto-do-bebe\/#primaryimage"},"image":{"@id":"https:\/\/universofamilia.com\/zh\/posso-utilizar-ar-condicionado-no-quarto-do-bebe\/#primaryimage"},"thumbnailUrl":"http:\/\/universofamilia.com\/wp-content\/uploads\/sites\/148\/2023\/06\/FOTO-DESTAQUE-ar-condicionado-universo-familia-.png","datePublished":"2023-06-19T00:39:10+00:00","dateModified":"2025-10-06T01:57:48+00:00","author":{"@id":"http:\/\/universofamilia.com\/zh_hk\/#\/schema\/person\/92fcd07e9b1f4323bf74f3170fc0f78a"},"description":"Posso Utilizar Ar Condicionado no Quarto do Beb\u00ea? Ter um beb\u00ea em casa \u00e9 uma experi\u00eancia incr\u00edvel, mas tamb\u00e9m traz diversas preocupa\u00e7\u00f5es para","breadcrumb":{"@id":"https:\/\/universofamilia.com\/zh\/posso-utilizar-ar-condicionado-no-quarto-do-bebe\/#breadcrumb"},"inLanguage":"hu","potentialAction":[{"@type":"ReadAction","target":["https:\/\/universofamilia.com\/zh\/posso-utilizar-ar-condicionado-no-quarto-do-bebe\/"]}]},{"@type":"ImageObject","inLanguage":"hu","@id":"https:\/\/universofamilia.com\/zh\/posso-utilizar-ar-condicionado-no-quarto-do-bebe\/#primaryimage","url":"http:\/\/universofamilia.com\/wp-content\/uploads\/sites\/148\/2023\/06\/FOTO-DESTAQUE-ar-condicionado-universo-familia-.png","contentUrl":"http:\/\/universofamilia.com\/wp-content\/uploads\/sites\/148\/2023\/06\/FOTO-DESTAQUE-ar-condicionado-universo-familia-.png","width":448,"height":350},{"@type":"BreadcrumbList","@id":"https:\/\/universofamilia.com\/zh\/posso-utilizar-ar-condicionado-no-quarto-do-bebe\/#breadcrumb","itemListElement":[{"@type":"ListItem","position":1,"name":"Home","item":"http:\/\/universofamilia.com\/zh_hk\/"},{"@type":"ListItem","position":2,"name":"Posso Utilizar Ar Condicionado no Quarto do Beb\u00ea?"}]},{"@type":"WebSite","@id":"http:\/\/universofamilia.com\/zh_hk\/#website","url":"http:\/\/universofamilia.com\/zh_hk\/","name":"Universo Fam\u00edlia","description":"","potentialAction":[{"@type":"SearchAction","target":{"@type":"EntryPoint","urlTemplate":"http:\/\/universofamilia.com\/zh_hk\/?s={search_term_string}"},"query-input":"required name=search_term_string"}],"inLanguage":"hu"},{"@type":"Person","@id":"http:\/\/universofamilia.com\/zh_hk\/#\/schema\/person\/92fcd07e9b1f4323bf74f3170fc0f78a","name":"Matheus Sangaletti","image":{"@type":"ImageObject","inLanguage":"hu","@id":"http:\/\/universofamilia.com\/zh_hk\/#\/schema\/person\/image\/","url":"http:\/\/2.gravatar.com\/avatar\/280ea957a14a48e6a1ad2133d2cc27c9?s=96&d=mm&r=g","contentUrl":"http:\/\/2.gravatar.com\/avatar\/280ea957a14a48e6a1ad2133d2cc27c9?s=96&d=mm&r=g","caption":"Matheus Sangaletti"},"url":"http:\/\/universofamilia.com\/hu\/author\/matheuss\/"}]}},"_links":{"self":[{"href":"http:\/\/universofamilia.com\/hu\/wp-json\/wp\/v2\/posts\/2760"}],"collection":[{"href":"http:\/\/universofamilia.com\/hu\/wp-json\/wp\/v2\/posts"}],"about":[{"href":"http:\/\/universofamilia.com\/hu\/wp-json\/wp\/v2\/types\/post"}],"author":[{"embeddable":true,"href":"http:\/\/universofamilia.com\/hu\/wp-json\/wp\/v2\/users\/219"}],"replies":[{"embeddable":true,"href":"http:\/\/universofamilia.com\/hu\/wp-json\/wp\/v2\/comments?post=2760"}],"version-history":[{"count":1,"href":"http:\/\/universofamilia.com\/hu\/wp-json\/wp\/v2\/posts\/2760\/revisions"}],"predecessor-version":[{"id":9885,"href":"http:\/\/universofamilia.com\/hu\/wp-json\/wp\/v2\/posts\/2760\/revisions\/9885"}],"wp:featuredmedia":[{"embeddable":true,"href":"http:\/\/universofamilia.com\/hu\/wp-json\/wp\/v2\/media\/2766"}],"wp:attachment":[{"href":"http:\/\/universofamilia.com\/hu\/wp-json\/wp\/v2\/media?parent=2760"}],"wp:term":[{"taxonomy":"category","embeddable":true,"href":"http:\/\/universofamilia.com\/hu\/wp-json\/wp\/v2\/categories?post=2760"},{"taxonomy":"post_tag","embeddable":true,"href":"http:\/\/universofamilia.com\/hu\/wp-json\/wp\/v2\/tags?post=2760"}],"curies":[{"name":"wp","href":"https:\/\/api.w.org\/{rel}","templated":true}]}}