{"id":3074,"date":"2023-06-25T12:00:00","date_gmt":"2023-06-25T15:00:00","guid":{"rendered":"https:\/\/universofamilia.com\/?p=3074"},"modified":"2025-01-28T14:28:40","modified_gmt":"2025-01-28T14:28:40","slug":"10-habitos-cotidianos-que-prejudicam-o-seu-celular-e-voce-nem-imagina","status":"publish","type":"post","link":"http:\/\/universofamilia.com\/hu\/10-habitos-cotidianos-que-prejudicam-o-seu-celular-e-voce-nem-imagina\/","title":{"rendered":"10 mindennapi szok\u00e1s, ami \u00e1rt a mobiltelefonodnak, \u00e9s el sem tudod k\u00e9pzelni"},"content":{"rendered":"<p>A 10 napi szok\u00e1s, ami k\u00e1ros\u00edtja a mobiltelefonodat, \u00e9s amit el tudsz k\u00e9pzelni. Az okostelefonok k\u00f6r\u00fcli technol\u00f3giai fejl\u0151d\u00e9s mindennapi \u00e9let\u00fcnk elengedhetetlen r\u00e9sze.<\/p>\n\n\n\n<p>Ezek az eszk\u00f6z\u00f6k kapcsolatban tartanak minket, seg\u00edtenek a feladatok elv\u00e9gz\u00e9s\u00e9ben, \u00e9s sz\u00f3rakoztatnak is. Azonban sokszor nem vessz\u00fck \u00e9szre, hogy n\u00e9h\u00e1ny egyszer\u0171 szok\u00e1s k\u00e1ros\u00edthatja mobiltelefonunk tart\u00f3ss\u00e1g\u00e1t \u00e9s teljes\u00edtm\u00e9ny\u00e9t.<\/p>\n\n\n\n<h3 class=\"wp-block-heading\"><strong>1. Expor vagy Cellular magas h\u0151m\u00e9rs\u00e9kleten<\/strong><\/h3>\n\n\n\n<p>Tudtad, hogy a mobiltelefonod magas h\u0151m\u00e9rs\u00e9kletnek val\u00f3 kit\u00e9tele visszaford\u00edthatatlan k\u00e1rosod\u00e1st okozhat a bels\u0151 alkatr\u00e9szekben? Ha p\u00e9ld\u00e1ul k\u00f6zvetlen\u00fcl a napf\u00e9nynek tessz\u00fck ki a mobiltelefonodat, az t\u00falmeleg\u00edtheti az akkumul\u00e1tort \u00e9s cs\u00f6kkentheti annak \u00e9lettartam\u00e1t.<\/p>\n\n\n\n<p>A magas h\u0151m\u00e9rs\u00e9klet\u0171 k\u00f6rnyezet, p\u00e9ld\u00e1ul r\u00f6vid nappalok az aut\u00f3ban, k\u00e1ros\u00edthatja a processzort \u00e9s m\u00e1s \u00e9rz\u00e9keny alkatr\u00e9szeket.<\/p>\n\n\n\n<p>Ez\u00e9rt ker\u00fclje, hogy a mobiltelefonj\u00e1t hossz\u00fa ideig magas h\u0151m\u00e9rs\u00e9kletnek tegye ki.<\/p>\n\n\n\n<h3 class=\"wp-block-heading\"><strong>2. T\u00f6lt\u00e9s vagy mobiltelefon helytelen\u00fcl<\/strong><\/h3>\n\n\n\n<p>Sokan szok\u00e1sukban \u00e1llnak eg\u00e9sz \u00e9jjel t\u00f6lteni a mobiltelefonjukat. Ez a szok\u00e1s azonban k\u00e1ros lehet az eszk\u00f6z akkumul\u00e1tor\u00e1ra. Az okostelefonok akkumul\u00e1torait \u00fagy tervezt\u00e9k, hogy ellen\u00e1lljanak a t\u00f6lt\u00e9si \u00e9s kis\u00fct\u00e9si ciklusoknak.<\/p>\n\n\n\n<p>Ha a mobiltelefont hossz\u00fa ideig csatlakoztatva hagyja a t\u00f6lt\u0151h\u00f6z, el\u0151fordulhat, hogy az akkumul\u00e1tort folyamatosan a 100%-ben tartja, vagy hossz\u00fa id\u0151 eltelt\u00e9vel cs\u00f6kkenhet a t\u00f6lt\u00e9smegtart\u00f3 kapacit\u00e1sa. Ide\u00e1lis esetben a mobiltelefont h\u00fazza ki a konnektorb\u00f3l a 100% t\u00f6lt\u00e9s\u00e9hez.<\/p>\n\n\n\n<h3 class=\"wp-block-heading\"><strong>3. Ne haszn\u00e1ljon v\u00e9d\u0151r\u00e9teget \u00e9s f\u00f3li\u00e1t<\/strong><\/h3>\n\n\n\n<p>Egy gyakori szok\u00e1s, ami k\u00e1ros\u00edthatja a mobiltelefonodat, a v\u00e9d\u0151r\u00e9teg \u00e9s f\u00f3lia haszn\u00e1lat\u00e1nak elmulaszt\u00e1sa. Ezek a kieg\u00e9sz\u00edt\u0151k elengedhetetlenek a k\u00e9sz\u00fcl\u00e9k \u00fct\u00e9sek, r\u00e1zk\u00f3d\u00e1sok \u00e9s \u00fct\u00e9sek elleni v\u00e9delm\u00e9hez.<\/p>\n\n\n<div class=\"wp-block-image\">\n<figure class=\"aligncenter size-full\"><img loading=\"lazy\" decoding=\"async\" width=\"550\" height=\"350\" src=\"http:\/\/universofamilia.com\/wp-content\/uploads\/sites\/148\/2023\/06\/POST-celular-universo-familia-.png\" alt=\"\" class=\"wp-image-3075\" srcset=\"http:\/\/universofamilia.com\/wp-content\/uploads\/sites\/148\/2023\/06\/POST-celular-universo-familia-.png 550w, http:\/\/universofamilia.com\/wp-content\/uploads\/sites\/148\/2023\/06\/POST-celular-universo-familia--300x191.png 300w\" sizes=\"(max-width: 550px) 100vw, 550px\" \/><figcaption class=\"wp-element-caption\"><em>Fot\u00f3: (reprodukci\u00f3\/internet)<\/em><\/figcaption><\/figure><\/div>\n\n\n<p>M\u00e9g ha \u00f3vatos is vagy, balesetek b\u00e1rmikor t\u00f6rt\u00e9nhetnek, \u00e9s egy v\u00e9d\u0151r\u00e9teg \u00e9s f\u00f3lia felhelyez\u00e9se megakad\u00e1lyozhatja a mobiltelefon s\u00falyos k\u00e1rosod\u00e1s\u00e1t.<\/p>\n\n\n\n<p class=\"has-text-align-center\"><a href=\"http:\/\/universofamilia.com\/hu\/google-tv-o-guia-completo-para-assistir\/\" target=\"_blank\" rel=\"noreferrer noopener\"><strong>Olvasd el m\u00e9g: Google TV | Vagy Teljes k\u00f6r\u0171 \u00fatmutat\u00f3 a seg\u00edts\u00e9gny\u00fajt\u00e1shoz<\/strong><\/a><\/p>\n\n\n\n<h3 class=\"wp-block-heading\"><strong>4. Nem enged\u00e9lyezett t\u00f6lt\u0151k haszn\u00e1lata<\/strong><\/h3>\n\n\n\n<p>A nem enged\u00e9lyezett t\u00f6lt\u0151k haszn\u00e1lata egy m\u00e1sik k\u00e1ros szok\u00e1s a mobiltelefonod sz\u00e1m\u00e1ra. Ezek a t\u00f6lt\u0151k esetleg nem rendelkeznek ugyanolyan min\u0151s\u00e9ggel \u00e9s eredeti biztons\u00e1gi tan\u00fas\u00edtv\u00e1nnyal, vagy n\u00f6velhetik a k\u00e9sz\u00fcl\u00e9k k\u00e1rosod\u00e1s\u00e1nak kock\u00e1zat\u00e1t.<\/p>\n\n\n\n<p>Ezenk\u00edv\u00fcl el\u0151fordulhat, hogy a nem enged\u00e9lyezett t\u00f6lt\u0151k \u00e1ltal szolg\u00e1ltatott fesz\u00fclts\u00e9g \u00e9s \u00e1ramer\u0151ss\u00e9g nem megfelel\u0151 a mobiltelefonod sz\u00e1m\u00e1ra, ami befoly\u00e1solhatja az akkumul\u00e1tor \u00e9lettartam\u00e1t. Mindig eredeti vagy tan\u00fas\u00edtott t\u00f6lt\u0151ket haszn\u00e1lj.<\/p>\n\n\n\n<h3 class=\"wp-block-heading\"><strong>5. Deixar vagy Celular Cair com Frequ\u00eancia<\/strong><\/h3>\n\n\n\n<p>El\u0151fordult m\u00e1r, hogy v\u00e9letlen\u00fcl leejtetted vagy elejtetted a mobiltelefonodat? Ez a szok\u00e1s azonban nagyon k\u00e1ros lehet a k\u00e9sz\u00fcl\u00e9kre, k\u00fcl\u00f6n\u00f6sen, ha gyakran el\u0151fordul.<\/p>\n\n\n\n<p>A gyakori \u00e9g\u00e9si s\u00e9r\u00fcl\u00e9sek k\u00e1ros\u00edthatj\u00e1k az anyagot, a home gombot, a kamer\u00e1t \u00e9s m\u00e1s fontos alkatr\u00e9szeket. A s\u00e9r\u00fcl\u00e9sek elker\u00fcl\u00e9se \u00e9rdek\u00e9ben aj\u00e1nlott v\u00e9d\u0151r\u00e9tegeket \u00e9s f\u00f3li\u00e1kat haszn\u00e1lni, a fent eml\u00edtettek szerint, \u00e9s mindig fokozottan \u00fcgyelni kell a s\u00e9r\u00fcl\u00e9sek elker\u00fcl\u00e9s\u00e9re.<\/p>\n\n\n\n<h3 class=\"wp-block-heading\">6. Ne hagyja figyelmen k\u00edv\u00fcl az oper\u00e1ci\u00f3s rendszer friss\u00edt\u00e9seit<\/h3>\n\n\n\n<p>A mobiltelefon oper\u00e1ci\u00f3s rendszer\u00e9nek friss\u00edt\u00e9sei \u00e1ltal\u00e1ban teljes\u00edtm\u00e9nybeli fejleszt\u00e9seket, biztons\u00e1gi jav\u00edt\u00e1sokat \u00e9s \u00faj er\u0151forr\u00e1sokat tartalmaznak. Ezen friss\u00edt\u00e9sek figyelmen k\u00edv\u00fcl hagy\u00e1sa negat\u00edvan befoly\u00e1solhatja az eszk\u00f6z m\u0171k\u00f6d\u00e9s\u00e9t.<\/p>\n\n\n\n<p>Fontos az oper\u00e1ci\u00f3s rendszer naprak\u00e9szen tart\u00e1sa az ide\u00e1lis teljes\u00edtm\u00e9ny \u00e9s a biztons\u00e1gi r\u00e9sekkel szembeni v\u00e9delem garant\u00e1l\u00e1sa \u00e9rdek\u00e9ben.<\/p>\n\n\n<div class=\"wp-block-image\">\n<figure class=\"aligncenter size-full\"><img loading=\"lazy\" decoding=\"async\" width=\"550\" height=\"350\" src=\"http:\/\/universofamilia.com\/wp-content\/uploads\/sites\/148\/2023\/06\/POST-celular-universo-familia-1.png\" alt=\"\" class=\"wp-image-3076\" srcset=\"http:\/\/universofamilia.com\/wp-content\/uploads\/sites\/148\/2023\/06\/POST-celular-universo-familia-1.png 550w, http:\/\/universofamilia.com\/wp-content\/uploads\/sites\/148\/2023\/06\/POST-celular-universo-familia-1-300x191.png 300w\" sizes=\"(max-width: 550px) 100vw, 550px\" \/><figcaption class=\"wp-element-caption\"><em>Fot\u00f3: (reprodukci\u00f3\/internet)<\/em><\/figcaption><\/figure><\/div>\n\n\n<h3 class=\"wp-block-heading\"><strong>7. Ne tiszt\u00edtsa rendszeresen a mobiltelefonj\u00e1t<\/strong><\/h3>\n\n\n\n<p>Tudtad, hogy a mobiltelefonodon hossz\u00fa id\u0151 alatt szennyez\u0151d\u00e9s, bakt\u00e9riumok \u00e9s bakt\u00e9riumok halmoz\u00f3dnak fel? A rendszeres tiszt\u00edt\u00e1s elmulaszt\u00e1sa ronthatja a k\u00e9sz\u00fcl\u00e9k teljes\u00edtm\u00e9ny\u00e9t, \u00e9s eg\u00e9szs\u00e9g\u00fcgyi probl\u00e9m\u00e1kat is okozhat.<\/p>\n\n\n\n<p>Javasoljuk, hogy rendszeresen puha ruh\u00e1val \u00e9s megfelel\u0151 tiszt\u00edt\u00f3szerekkel tiszt\u00edtsa meg a mobiltelefon anyag\u00e1t, gombjait \u00e9s k\u00fcls\u0151 r\u00e9sz\u00e9t.<\/p>\n\n\n\n<h3 class=\"wp-block-heading\"><strong>8. T\u00e1roljon sok felesleges f\u00e1jlt \u00e9s alkalmaz\u00e1st<\/strong><\/h3>\n\n\n\n<p>Sokan hajlamosak rengeteg f\u00e1jlt, alkalmaz\u00e1st \u00e9s fot\u00f3t t\u00e1rolni a mobiltelefonjukon, pedig ezekre val\u00f3j\u00e1ban nincs sz\u00fcks\u00e9g\u00fck. Ez t\u00falterhelheti a k\u00e9sz\u00fcl\u00e9k mem\u00f3ri\u00e1j\u00e1t, cs\u00f6kkentheti a teljes\u00edtm\u00e9nyt \u00e9s felesleges helyet foglalhat el.<\/p>\n\n\n\n<p>Fontos az id\u0151szakos tiszt\u00edt\u00e1s, a felesleges f\u00e1jlok \u00e9s alkalmaz\u00e1sok elt\u00e1vol\u00edt\u00e1sa a hely felszabad\u00edt\u00e1sa \u00e9s a mobiltelefon teljes\u00edtm\u00e9ny\u00e9nek jav\u00edt\u00e1sa \u00e9rdek\u00e9ben.<\/p>\n\n\n\n<h3 class=\"wp-block-heading\">9. Haszn\u00e1ld a mobiltelefonodat lefekv\u00e9skor<\/h3>\n\n\n\n<p>A mobiltelefon haszn\u00e1lat\u00e1nak szok\u00e1sa lefekv\u00e9s el\u0151tt, k\u00e1ros\u00edthatja a hangmin\u0151s\u00e9get \u00e9s a szem eg\u00e9szs\u00e9g\u00e9t is. A mobiltelefon anyag\u00e1b\u00f3l kibocs\u00e1tott k\u00e9k f\u00e9ny megzavarhatja a term\u00e9szetes hangciklust, ami megnehez\u00edti az elalv\u00e1st.<\/p>\n\n\n\n<p>Ezenk\u00edv\u00fcl a szem hossz\u00fa ideig tart\u00f3 ruhadarabhoz r\u00f6gz\u00edt\u00e9se szemf\u00e1radts\u00e1got, s\u0151t hossz\u00fa t\u00e1v\u00fa l\u00e1t\u00e1sprobl\u00e9m\u00e1kat is okozhat.<\/p>\n\n\n\n<h3 class=\"wp-block-heading\">10. Hagyja figyelmen k\u00edv\u00fcl a nem sejtes probl\u00e9m\u00e1kat<\/h3>\n\n\n\n<p>V\u00e9g\u00fcl, a nem mobilh\u00e1l\u00f3zattal kapcsolatos probl\u00e9m\u00e1k jeleinek figyelmen k\u00edv\u00fcl hagy\u00e1sa a k\u00e9sz\u00fcl\u00e9k s\u00falyosabb k\u00e1rosod\u00e1s\u00e1hoz vezethet. Ha hirtelen teljes\u00edtm\u00e9nykimarad\u00e1st, t\u00falmeleged\u00e9st, csatlakoz\u00e1si probl\u00e9m\u00e1kat, a sz\u00f6vet letapad\u00e1s\u00e1t vagy b\u00e1rmilyen m\u00e1s furcsa t\u00fcnetet \u00e9szlel, fontos, hogy technikai seg\u00edts\u00e9get k\u00e9rjen, vagy vegye fel a kapcsolatot a gy\u00e1rt\u00f3 \u00fcgyf\u00e9lszolg\u00e1lat\u00e1val a probl\u00e9ma megold\u00e1sa \u00e9rdek\u00e9ben, miel\u0151tt az s\u00falyosbodna.<\/p>\n\n\n\n<h3 class=\"wp-block-heading\">K\u00f6vetkeztet\u00e9s<\/h3>\n\n\n\n<p>Az okostelefonok n\u00e9lk\u00fcl\u00f6zhetetlenn\u00e9 v\u00e1ltak az \u00e9let\u00fcnkben, \u00e9s fontos, hogy megfelel\u0151en gondoskodjunk r\u00f3luk a nagyobb tart\u00f3ss\u00e1g \u00e9s a j\u00f3 teljes\u00edtm\u00e9ny biztos\u00edt\u00e1sa \u00e9rdek\u00e9ben.<\/p>\n\n\n\n<p>A k\u00e1ros szok\u00e1sok, p\u00e9ld\u00e1ul a magas h\u0151m\u00e9rs\u00e9kletnek val\u00f3 kitetts\u00e9g, a nem enged\u00e9lyezett t\u00f6lt\u0151k haszn\u00e1lata \u00e9s a v\u00e9d\u0151r\u00e9tegek mell\u0151z\u00e9se elker\u00fcl\u00e9s\u00e9vel mobiltelefonja hosszabb ideig t\u00f6k\u00e9letesen m\u0171k\u00f6dhet.<\/p>\n\n\n\n<h3 class=\"wp-block-heading\">Gyakran ism\u00e9telt k\u00e9rd\u00e9sek<\/h3>\n\n\n\n<p><strong>1. Mennyi ideig k\u00e1ros\u00edthatja a mobiltelefont, ha magas h\u0151m\u00e9rs\u00e9kletnek tessz\u00fck ki?<\/strong><\/p>\n\n\n\n<p>A mobiltelefon hossz\u00fa ideig tart\u00f3 magas h\u0151m\u00e9rs\u00e9kletnek val\u00f3 kit\u00e9tele visszaford\u00edthatatlan k\u00e1rosod\u00e1st okozhat a bels\u0151 alkatr\u00e9szekben. Ker\u00fclje a mobiltelefon k\u00f6zvetlen napf\u00e9nynek vagy magas h\u0151m\u00e9rs\u00e9klet\u0171 k\u00f6rnyezetben val\u00f3 kit\u00e9tel\u00e9t.<\/p>\n\n\n\n<p><strong>2. Val\u00f3ban sz\u00fcks\u00e9ges v\u00e9d\u0151r\u00e9teget \u00e9s nem cell\u00e1s f\u00f3li\u00e1t haszn\u00e1lni?<\/strong><\/p>\n\n\n\n<p>Azonban elengedhetetlen egy v\u00e9d\u0151r\u00e9teg \u00e9s f\u00f3lia haszn\u00e1lata a k\u00e9sz\u00fcl\u00e9k \u00fct\u00e9sek, r\u00e1zk\u00f3d\u00e1sok \u00e9s behat\u00e1sok elleni v\u00e9delm\u00e9hez. Ezek a kieg\u00e9sz\u00edt\u0151k baleset eset\u00e9n megakad\u00e1lyozhatj\u00e1k a mobiltelefon s\u00falyos k\u00e1rosod\u00e1s\u00e1t.<\/p>\n\n\n\n<p><strong>3. Mindig eredeti vagy tan\u00fas\u00edtott t\u00f6lt\u0151ket kell haszn\u00e1lnom?<\/strong><\/p>\n\n\n\n<p>Azonban aj\u00e1nlott eredeti vagy tan\u00fas\u00edtott t\u00f6lt\u0151ket haszn\u00e1lni, mivel ezeket \u00fagy tervezt\u00e9k, hogy megfelel\u0151 fesz\u00fclts\u00e9get \u00e9s \u00e1ramot biztos\u00edtsanak a mobiltelefonnak, garant\u00e1lva a jobb teljes\u00edtm\u00e9nyt \u00e9s meg\u0151rizve az akkumul\u00e1tor \u00e9lettartam\u00e1t.<\/p>\n\n\n\n<p><strong>4. Tiszt\u00edthatom a mobiltelefonomat b\u00e1rmilyen tiszt\u00edt\u00f3szerrel?<\/strong><\/p>\n\n\n\n<p>Nem, fontos, hogy megfelel\u0151 tiszt\u00edt\u00f3szereket \u00e9s puha kend\u0151t haszn\u00e1lj a mobiltelefonod tiszt\u00edt\u00e1s\u00e1hoz. Ker\u00fcld az agressz\u00edv vegyszerek haszn\u00e1lat\u00e1t, amelyek k\u00e1ros\u00edthatj\u00e1k az anyagot vagy m\u00e1s alkatr\u00e9szeket.<\/p>\n\n\n\n<p><strong>5. Melyek a nem sejtes eredet\u0171 probl\u00e9m\u00e1k f\u0151bb jelei, amelyeket nem szabad figyelmen k\u00edv\u00fcl hagynunk?<\/strong><\/p>\n\n\n\n<p>A hirtelen teljes\u00edtm\u00e9nykies\u00e9sek, a t\u00falmeleged\u00e9s, a csatlakoz\u00e1si probl\u00e9m\u00e1k, a h\u00e1l\u00f3zat reped\u00e9se vagy b\u00e1rmilyen m\u00e1s furcsa t\u00fcnet a nem mobilh\u00e1l\u00f3zattal kapcsolatos probl\u00e9m\u00e1k jelei, amelyeket nem szabad figyelmen k\u00edv\u00fcl hagyni. A probl\u00e9m\u00e1k megold\u00e1s\u00e1hoz k\u00e9rjen technikai seg\u00edts\u00e9get vagy t\u00e1mogat\u00e1st a gy\u00e1rt\u00f3t\u00f3l.<\/p>\n\n\n\n<p class=\"has-text-align-center\"><strong>Veja tamb\u00e9m, a<a href=\"https:\/\/www.luzbaby.com.br\/\" target=\"_blank\" rel=\"noreferrer noopener\"> A Luz Baby az egyik legjobb csecsem\u0151term\u00e9keket \u00e9s \u00e9lelmiszereket \u00e1rus\u00edt\u00f3 \u00fczlet. Kattints ide.<\/a><\/strong><\/p>","protected":false},"excerpt":{"rendered":"<p>A 10 napi szok\u00e1s, ami k\u00e1ros\u00edtja a mobiltelefonodat, \u00e9s amit el tudsz k\u00e9pzelni. Az okostelefonok k\u00f6r\u00fcli technol\u00f3gia fejl\u0151d\u00e9se mindennapi \u00e9let\u00fcnk elengedhetetlen r\u00e9sz\u00e9t k\u00e9pezi. Ezek az eszk\u00f6z\u00f6k kapcsolatban tartanak minket, seg\u00edtenek a feladatok elv\u00e9gz\u00e9s\u00e9ben, \u00e9s sz\u00f3rakoztatnak is. Azonban sokszor nem vessz\u00fck \u00e9szre, hogy n\u00e9h\u00e1ny egyszer\u0171 szok\u00e1s k\u00e1ros\u00edthatja a tart\u00f3ss\u00e1got \u00e9s [\u2026]<\/p>","protected":false},"author":139,"featured_media":3078,"comment_status":"closed","ping_status":"open","sticky":false,"template":"","format":"standard","meta":{"footnotes":""},"categories":[2],"tags":[554,707],"yoast_head":"<!-- This site is optimized with the Yoast SEO plugin v23.3 - https:\/\/yoast.com\/wordpress\/plugins\/seo\/ -->\n<title>10 H\u00e1bitos Cotidianos que Prejudicam o Seu Celular e Voc\u00ea nem Imagina - Universo Fam\u00edlia<\/title>\n<meta name=\"description\" content=\"10 H\u00e1bitos Cotidianos que Prejudicam o Seu Celular e Voc\u00ea nem Imagina\" \/>\n<meta name=\"robots\" content=\"index, follow, max-snippet:-1, max-image-preview:large, max-video-preview:-1\" \/>\n<link rel=\"canonical\" href=\"https:\/\/universofamilia.com\/hu\/10-habitos-cotidianos-que-prejudicam-o-seu-celular-e-voce-nem-imagina\/\" \/>\n<meta property=\"og:locale\" content=\"hu_HU\" \/>\n<meta property=\"og:type\" content=\"article\" \/>\n<meta property=\"og:title\" content=\"10 H\u00e1bitos Cotidianos que Prejudicam o Seu Celular e Voc\u00ea nem Imagina - Universo Fam\u00edlia\" \/>\n<meta property=\"og:description\" content=\"10 H\u00e1bitos Cotidianos que Prejudicam o Seu Celular e Voc\u00ea nem Imagina\" \/>\n<meta property=\"og:url\" content=\"https:\/\/universofamilia.com\/hu\/10-habitos-cotidianos-que-prejudicam-o-seu-celular-e-voce-nem-imagina\/\" \/>\n<meta property=\"og:site_name\" content=\"Universo Fam\u00edlia\" \/>\n<meta property=\"article:published_time\" content=\"2023-06-25T15:00:00+00:00\" \/>\n<meta property=\"article:modified_time\" content=\"2025-01-28T14:28:40+00:00\" \/>\n<meta property=\"og:image\" content=\"https:\/\/universofamilia.com\/wp-content\/uploads\/sites\/148\/2023\/06\/DESTAQUE-celular-quebrado-universo-familia-.png\" \/>\n\t<meta property=\"og:image:width\" content=\"448\" \/>\n\t<meta property=\"og:image:height\" content=\"350\" \/>\n\t<meta property=\"og:image:type\" content=\"image\/png\" \/>\n<meta name=\"author\" content=\"Pedro Henrique\" \/>\n<meta name=\"twitter:card\" content=\"summary_large_image\" \/>\n<meta name=\"twitter:label1\" content=\"Written by\" \/>\n\t<meta name=\"twitter:data1\" content=\"Pedro Henrique\" \/>\n\t<meta name=\"twitter:label2\" content=\"Est. reading time\" \/>\n\t<meta name=\"twitter:data2\" content=\"7 perc\" \/>\n<script type=\"application\/ld+json\" class=\"yoast-schema-graph\">{\"@context\":\"https:\/\/schema.org\",\"@graph\":[{\"@type\":\"WebPage\",\"@id\":\"https:\/\/universofamilia.com\/da\/10-habitos-cotidianos-que-prejudicam-o-seu-celular-e-voce-nem-imagina\/\",\"url\":\"https:\/\/universofamilia.com\/da\/10-habitos-cotidianos-que-prejudicam-o-seu-celular-e-voce-nem-imagina\/\",\"name\":\"10 H\u00e1bitos Cotidianos que Prejudicam o Seu Celular e Voc\u00ea nem Imagina - Universo Fam\u00edlia\",\"isPartOf\":{\"@id\":\"https:\/\/universofamilia.com\/el\/#website\"},\"primaryImageOfPage\":{\"@id\":\"https:\/\/universofamilia.com\/da\/10-habitos-cotidianos-que-prejudicam-o-seu-celular-e-voce-nem-imagina\/#primaryimage\"},\"image\":{\"@id\":\"https:\/\/universofamilia.com\/da\/10-habitos-cotidianos-que-prejudicam-o-seu-celular-e-voce-nem-imagina\/#primaryimage\"},\"thumbnailUrl\":\"http:\/\/universofamilia.com\/wp-content\/uploads\/sites\/148\/2023\/06\/DESTAQUE-celular-quebrado-universo-familia-.png\",\"datePublished\":\"2023-06-25T15:00:00+00:00\",\"dateModified\":\"2025-01-28T14:28:40+00:00\",\"author\":{\"@id\":\"https:\/\/universofamilia.com\/el\/#\/schema\/person\/f07ce98187dd84d31154262e79b3b7ca\"},\"description\":\"10 H\u00e1bitos Cotidianos que Prejudicam o Seu Celular e Voc\u00ea nem Imagina\",\"breadcrumb\":{\"@id\":\"https:\/\/universofamilia.com\/da\/10-habitos-cotidianos-que-prejudicam-o-seu-celular-e-voce-nem-imagina\/#breadcrumb\"},\"inLanguage\":\"hu\",\"potentialAction\":[{\"@type\":\"ReadAction\",\"target\":[\"https:\/\/universofamilia.com\/da\/10-habitos-cotidianos-que-prejudicam-o-seu-celular-e-voce-nem-imagina\/\"]}]},{\"@type\":\"ImageObject\",\"inLanguage\":\"hu\",\"@id\":\"https:\/\/universofamilia.com\/da\/10-habitos-cotidianos-que-prejudicam-o-seu-celular-e-voce-nem-imagina\/#primaryimage\",\"url\":\"http:\/\/universofamilia.com\/wp-content\/uploads\/sites\/148\/2023\/06\/DESTAQUE-celular-quebrado-universo-familia-.png\",\"contentUrl\":\"http:\/\/universofamilia.com\/wp-content\/uploads\/sites\/148\/2023\/06\/DESTAQUE-celular-quebrado-universo-familia-.png\",\"width\":448,\"height\":350},{\"@type\":\"BreadcrumbList\",\"@id\":\"https:\/\/universofamilia.com\/da\/10-habitos-cotidianos-que-prejudicam-o-seu-celular-e-voce-nem-imagina\/#breadcrumb\",\"itemListElement\":[{\"@type\":\"ListItem\",\"position\":1,\"name\":\"Home\",\"item\":\"https:\/\/universofamilia.com\/el\/\"},{\"@type\":\"ListItem\",\"position\":2,\"name\":\"10 H\u00e1bitos Cotidianos que Prejudicam o Seu Celular e Voc\u00ea nem Imagina\"}]},{\"@type\":\"WebSite\",\"@id\":\"https:\/\/universofamilia.com\/el\/#website\",\"url\":\"https:\/\/universofamilia.com\/el\/\",\"name\":\"Universo Fam\u00edlia\",\"description\":\"\",\"potentialAction\":[{\"@type\":\"SearchAction\",\"target\":{\"@type\":\"EntryPoint\",\"urlTemplate\":\"https:\/\/universofamilia.com\/el\/?s={search_term_string}\"},\"query-input\":\"required name=search_term_string\"}],\"inLanguage\":\"hu\"},{\"@type\":\"Person\",\"@id\":\"https:\/\/universofamilia.com\/el\/#\/schema\/person\/f07ce98187dd84d31154262e79b3b7ca\",\"name\":\"Pedro Henrique\",\"image\":{\"@type\":\"ImageObject\",\"inLanguage\":\"hu\",\"@id\":\"https:\/\/universofamilia.com\/el\/#\/schema\/person\/image\/\",\"url\":\"http:\/\/0.gravatar.com\/avatar\/9edfeb808cb4e1599f64d6e45b130154?s=96&d=mm&r=g\",\"contentUrl\":\"http:\/\/0.gravatar.com\/avatar\/9edfeb808cb4e1599f64d6e45b130154?s=96&d=mm&r=g\",\"caption\":\"Pedro Henrique\"},\"url\":\"http:\/\/universofamilia.com\/hu\/author\/editor01\/\"}]}<\/script>\n<!-- \/ Yoast SEO plugin. -->","yoast_head_json":{"title":"10 H\u00e1bitos Cotidianos que Prejudicam o Seu Celular e Voc\u00ea nem Imagina - Universo Fam\u00edlia","description":"10 H\u00e1bitos Cotidianos que Prejudicam o Seu Celular e Voc\u00ea nem Imagina","robots":{"index":"index","follow":"follow","max-snippet":"max-snippet:-1","max-image-preview":"max-image-preview:large","max-video-preview":"max-video-preview:-1"},"canonical":"https:\/\/universofamilia.com\/hu\/10-habitos-cotidianos-que-prejudicam-o-seu-celular-e-voce-nem-imagina\/","og_locale":"hu_HU","og_type":"article","og_title":"10 H\u00e1bitos Cotidianos que Prejudicam o Seu Celular e Voc\u00ea nem Imagina - Universo Fam\u00edlia","og_description":"10 H\u00e1bitos Cotidianos que Prejudicam o Seu Celular e Voc\u00ea nem Imagina","og_url":"https:\/\/universofamilia.com\/hu\/10-habitos-cotidianos-que-prejudicam-o-seu-celular-e-voce-nem-imagina\/","og_site_name":"Universo Fam\u00edlia","article_published_time":"2023-06-25T15:00:00+00:00","article_modified_time":"2025-01-28T14:28:40+00:00","og_image":[{"width":448,"height":350,"url":"https:\/\/universofamilia.com\/wp-content\/uploads\/sites\/148\/2023\/06\/DESTAQUE-celular-quebrado-universo-familia-.png","type":"image\/png"}],"author":"Pedro Henrique","twitter_card":"summary_large_image","twitter_misc":{"Written by":"Pedro Henrique","Est. reading time":"7 perc"},"schema":{"@context":"https:\/\/schema.org","@graph":[{"@type":"WebPage","@id":"https:\/\/universofamilia.com\/da\/10-habitos-cotidianos-que-prejudicam-o-seu-celular-e-voce-nem-imagina\/","url":"https:\/\/universofamilia.com\/da\/10-habitos-cotidianos-que-prejudicam-o-seu-celular-e-voce-nem-imagina\/","name":"10 H\u00e1bitos Cotidianos que Prejudicam o Seu Celular e Voc\u00ea nem Imagina - Universo Fam\u00edlia","isPartOf":{"@id":"https:\/\/universofamilia.com\/el\/#website"},"primaryImageOfPage":{"@id":"https:\/\/universofamilia.com\/da\/10-habitos-cotidianos-que-prejudicam-o-seu-celular-e-voce-nem-imagina\/#primaryimage"},"image":{"@id":"https:\/\/universofamilia.com\/da\/10-habitos-cotidianos-que-prejudicam-o-seu-celular-e-voce-nem-imagina\/#primaryimage"},"thumbnailUrl":"http:\/\/universofamilia.com\/wp-content\/uploads\/sites\/148\/2023\/06\/DESTAQUE-celular-quebrado-universo-familia-.png","datePublished":"2023-06-25T15:00:00+00:00","dateModified":"2025-01-28T14:28:40+00:00","author":{"@id":"https:\/\/universofamilia.com\/el\/#\/schema\/person\/f07ce98187dd84d31154262e79b3b7ca"},"description":"10 H\u00e1bitos Cotidianos que Prejudicam o Seu Celular e Voc\u00ea nem Imagina","breadcrumb":{"@id":"https:\/\/universofamilia.com\/da\/10-habitos-cotidianos-que-prejudicam-o-seu-celular-e-voce-nem-imagina\/#breadcrumb"},"inLanguage":"hu","potentialAction":[{"@type":"ReadAction","target":["https:\/\/universofamilia.com\/da\/10-habitos-cotidianos-que-prejudicam-o-seu-celular-e-voce-nem-imagina\/"]}]},{"@type":"ImageObject","inLanguage":"hu","@id":"https:\/\/universofamilia.com\/da\/10-habitos-cotidianos-que-prejudicam-o-seu-celular-e-voce-nem-imagina\/#primaryimage","url":"http:\/\/universofamilia.com\/wp-content\/uploads\/sites\/148\/2023\/06\/DESTAQUE-celular-quebrado-universo-familia-.png","contentUrl":"http:\/\/universofamilia.com\/wp-content\/uploads\/sites\/148\/2023\/06\/DESTAQUE-celular-quebrado-universo-familia-.png","width":448,"height":350},{"@type":"BreadcrumbList","@id":"https:\/\/universofamilia.com\/da\/10-habitos-cotidianos-que-prejudicam-o-seu-celular-e-voce-nem-imagina\/#breadcrumb","itemListElement":[{"@type":"ListItem","position":1,"name":"Home","item":"https:\/\/universofamilia.com\/el\/"},{"@type":"ListItem","position":2,"name":"10 H\u00e1bitos Cotidianos que Prejudicam o Seu Celular e Voc\u00ea nem Imagina"}]},{"@type":"WebSite","@id":"https:\/\/universofamilia.com\/el\/#website","url":"https:\/\/universofamilia.com\/el\/","name":"Universo Fam\u00edlia","description":"","potentialAction":[{"@type":"SearchAction","target":{"@type":"EntryPoint","urlTemplate":"https:\/\/universofamilia.com\/el\/?s={search_term_string}"},"query-input":"required name=search_term_string"}],"inLanguage":"hu"},{"@type":"Person","@id":"https:\/\/universofamilia.com\/el\/#\/schema\/person\/f07ce98187dd84d31154262e79b3b7ca","name":"Pedro Henrique","image":{"@type":"ImageObject","inLanguage":"hu","@id":"https:\/\/universofamilia.com\/el\/#\/schema\/person\/image\/","url":"http:\/\/0.gravatar.com\/avatar\/9edfeb808cb4e1599f64d6e45b130154?s=96&d=mm&r=g","contentUrl":"http:\/\/0.gravatar.com\/avatar\/9edfeb808cb4e1599f64d6e45b130154?s=96&d=mm&r=g","caption":"Pedro Henrique"},"url":"http:\/\/universofamilia.com\/hu\/author\/editor01\/"}]}},"_links":{"self":[{"href":"http:\/\/universofamilia.com\/hu\/wp-json\/wp\/v2\/posts\/3074"}],"collection":[{"href":"http:\/\/universofamilia.com\/hu\/wp-json\/wp\/v2\/posts"}],"about":[{"href":"http:\/\/universofamilia.com\/hu\/wp-json\/wp\/v2\/types\/post"}],"author":[{"embeddable":true,"href":"http:\/\/universofamilia.com\/hu\/wp-json\/wp\/v2\/users\/139"}],"replies":[{"embeddable":true,"href":"http:\/\/universofamilia.com\/hu\/wp-json\/wp\/v2\/comments?post=3074"}],"version-history":[{"count":1,"href":"http:\/\/universofamilia.com\/hu\/wp-json\/wp\/v2\/posts\/3074\/revisions"}],"predecessor-version":[{"id":8403,"href":"http:\/\/universofamilia.com\/hu\/wp-json\/wp\/v2\/posts\/3074\/revisions\/8403"}],"wp:featuredmedia":[{"embeddable":true,"href":"http:\/\/universofamilia.com\/hu\/wp-json\/wp\/v2\/media\/3078"}],"wp:attachment":[{"href":"http:\/\/universofamilia.com\/hu\/wp-json\/wp\/v2\/media?parent=3074"}],"wp:term":[{"taxonomy":"category","embeddable":true,"href":"http:\/\/universofamilia.com\/hu\/wp-json\/wp\/v2\/categories?post=3074"},{"taxonomy":"post_tag","embeddable":true,"href":"http:\/\/universofamilia.com\/hu\/wp-json\/wp\/v2\/tags?post=3074"}],"curies":[{"name":"wp","href":"https:\/\/api.w.org\/{rel}","templated":true}]}}