{"id":3100,"date":"2023-06-27T08:00:00","date_gmt":"2023-06-27T11:00:00","guid":{"rendered":"https:\/\/universofamilia.com\/?p=3100"},"modified":"2023-06-27T08:00:00","modified_gmt":"2023-06-27T11:00:00","slug":"como-montar-um-ambiente-minimalista-em-uma-casa-ou-apartamento","status":"publish","type":"post","link":"http:\/\/universofamilia.com\/hu\/como-montar-um-ambiente-minimalista-em-uma-casa-ou-apartamento\/","title":{"rendered":"Hogyan teremts\u00fcnk minimalista k\u00f6rnyezetet egy h\u00e1zban vagy lak\u00e1sban?"},"content":{"rendered":"<p>Hogyan teremts\u00fcnk minimalista k\u00f6rnyezetet egy h\u00e1zban vagy lak\u00e1sban? Keresi a m\u00f3dj\u00e1t, hogy minimalista k\u00f6rnyezetet teremtsen otthon\u00e1ban vagy lak\u00e1s\u00e1ban? A minimalista st\u00edlus az egyszer\u0171s\u00e9g\u00e9r\u0151l, eleganci\u00e1j\u00e1r\u00f3l \u00e9s a nyugalom \u00e9rz\u00e9s\u00e9r\u0151l ismert.<\/p>\n\n\n\n<p>T\u00f6bb szakemberrel besz\u00e9lgetve bemutatjuk azokat az alapvet\u0151 technik\u00e1kat \u00e9s elveket, amelyekkel minimalista k\u00f6rnyezetet teremthetsz, amely el\u0151seg\u00edti a b\u00e9k\u00e9t \u00e9s az egyens\u00falyt az \u00e9letedben.<\/p>\n\n\n\n<h3 class=\"wp-block-heading\">Bevezet\u00e9s a minimalista st\u00edlusba<\/h3>\n\n\n\n<p>A mai rohan\u00f3 vil\u00e1gban sokan egy egyszer\u0171bb, kaotikus \u00e9letre v\u00e1gynak.<\/p>\n\n\n<div class=\"wp-block-image\">\n<figure class=\"aligncenter size-full\"><img loading=\"lazy\" decoding=\"async\" width=\"550\" height=\"350\" src=\"http:\/\/universofamilia.com\/wp-content\/uploads\/sites\/148\/2023\/06\/POST-AMBIENTE-MINIMALISTA-universo-familia-.png\" alt=\"\" class=\"wp-image-3101\" srcset=\"http:\/\/universofamilia.com\/wp-content\/uploads\/sites\/148\/2023\/06\/POST-AMBIENTE-MINIMALISTA-universo-familia-.png 550w, http:\/\/universofamilia.com\/wp-content\/uploads\/sites\/148\/2023\/06\/POST-AMBIENTE-MINIMALISTA-universo-familia--300x191.png 300w\" sizes=\"(max-width: 550px) 100vw, 550px\" \/><figcaption class=\"wp-element-caption\"><em>Fot\u00f3: (reprodukci\u00f3\/internet)<\/em><\/figcaption><\/figure><\/div>\n\n\n<p>A minimalista st\u00edlus pontosan ezt k\u00edn\u00e1lja, a tiszta, szervezett \u00e9s szabad terekre \u00f6sszpontos\u00edt\u00f3 megk\u00f6zel\u00edt\u00e9ssel.<\/p>\n\n\n\n<p>Ez egy olyan st\u00edlus, amely fokozza a funkcionalit\u00e1st \u00e9s az eszt\u00e9tik\u00e1t, mik\u00f6zben kik\u00fcsz\u00f6b\u00f6li a felesleges t\u00e1rgyakat.<\/p>\n\n\n\n<h3 class=\"wp-block-heading\">Semleges \u00e9s Harmonikus Magok Iskol\u00e1ja<\/h3>\n\n\n\n<p>A minimalista k\u00f6rnyezet egyik legfigyelemrem\u00e9lt\u00f3bb jellemz\u0151je a semleges \u00e9s harmonikus magok haszn\u00e1lata.<\/p>\n\n\n\n<p>V\u00e1lassz olyan t\u00f3nusokat, mint a feh\u00e9r, fah\u00e9jsz\u00edn\u0171, b\u00e9zs \u00e9s l\u00e1gy pasztellt\u00f3nusok. Ezek az alapsz\u00ednek nyugalmat \u00e9s egyszer\u0171s\u00e9get teremtenek, mik\u00f6zben t\u00f6k\u00e9letes h\u00e1tteret biztos\u00edtanak a t\u00e9r kulcsfontoss\u00e1g\u00fa elemeinek.<\/p>\n\n\n\n<h3 class=\"wp-block-heading\">T\u00e1rgyak \u00e9s dekor\u00e1ci\u00f3k redukci\u00f3ja<\/h3>\n\n\n\n<p>Nincs minimalista diz\u00e1jn, <strong>kevesebb t\u00f6bb<\/strong>Ez\u00e9rt elengedhetetlen a k\u00f6rnyezetben l\u00e9v\u0151 t\u00e1rgyak \u00e9s dekor\u00e1ci\u00f3k mennyis\u00e9g\u00e9nek cs\u00f6kkent\u00e9se.<\/p>\n\n\n<div class=\"wp-block-image\">\n<figure class=\"aligncenter size-full\"><img loading=\"lazy\" decoding=\"async\" width=\"550\" height=\"350\" src=\"http:\/\/universofamilia.com\/wp-content\/uploads\/sites\/148\/2023\/06\/POST-AMBIENTE-MINIMALISTA-universo-familia-1.png\" alt=\"\" class=\"wp-image-3102\" srcset=\"http:\/\/universofamilia.com\/wp-content\/uploads\/sites\/148\/2023\/06\/POST-AMBIENTE-MINIMALISTA-universo-familia-1.png 550w, http:\/\/universofamilia.com\/wp-content\/uploads\/sites\/148\/2023\/06\/POST-AMBIENTE-MINIMALISTA-universo-familia-1-300x191.png 300w\" sizes=\"(max-width: 550px) 100vw, 550px\" \/><figcaption class=\"wp-element-caption\"><em>Fot\u00f3: (reprodukci\u00f3\/internet)<\/em><\/figcaption><\/figure><\/div>\n\n\n<p>Szabadulj meg a felesleges t\u00e1rgyakt\u00f3l, \u00e9s csak azokra az elemekre koncentr\u00e1lj, amelyek funkcion\u00e1lis c\u00e9llal vagy jelent\u0151s eszt\u00e9tikai \u00e9rt\u00e9kkel b\u00edrnak. Ez seg\u00edt a nyitott \u00e9s rendezett t\u00e9r \u00e9rzet\u00e9nek megteremt\u00e9s\u00e9ben.<\/p>\n\n\n\n<p class=\"has-text-align-center\"><a href=\"http:\/\/universofamilia.com\/hu\/15-ideias-criativas-para-decorar-o-quarto-de-menino\/\" target=\"_blank\" rel=\"noreferrer noopener\"><strong>Olvasd el ezt is: 15 kreat\u00edv \u00f6tlet a gyerekszoba d\u00edsz\u00edt\u00e9s\u00e9re<\/strong><\/a><\/p>\n\n\n\n<h3 class=\"wp-block-heading\"><strong>Minimalista \u00e9s funkcion\u00e1lis mozgalmak<\/strong><\/h3>\n\n\n\n<p>Amikor minimalista k\u00f6rnyezetbe v\u00e1lasztasz b\u00fatorokat, v\u00e1lassz olyan darabokat, amelyek egyszer\u0171ek, letisztultak \u00e9s funkcion\u00e1lisak.<\/p>\n\n\n\n<p>Ker\u00fcld az extravag\u00e1ns diz\u00e1jnt \u00e9s a d\u00edszes r\u00e9szleteket. A vonalas \u00e9s geometrikus form\u00e1kkal tark\u00edtott mozdulatok a minimalista st\u00edlus k\u00f6z\u00f6s jellemz\u0151i.<\/p>\n\n\n\n<p>Ezenk\u00edv\u00fcl \u00fcgyelj arra is, hogy a mozg\u00e1said praktikusak legyenek \u00e9s megfeleljenek a mindennapi sz\u00fcks\u00e9gleteidnek.<\/p>\n\n\n\n<h3 class=\"wp-block-heading\"><strong>Hat\u00e9kony szervez\u00e9s \u00e9s fegyverzet<\/strong><\/h3>\n\n\n\n<p>Egy minimalista k\u00f6rnyezetnek rendezettnek \u00e9s rendetlens\u00e9gmentesnek kell lennie. Fektess be intelligens t\u00e1rol\u00e1si megold\u00e1sokba, hogy a holmijaidat szem el\u0151l rejtve tartsd, amikor nincsenek haszn\u00e1latban.<\/p>\n\n\n<div class=\"wp-block-image\">\n<figure class=\"aligncenter size-full\"><img loading=\"lazy\" decoding=\"async\" width=\"550\" height=\"350\" src=\"http:\/\/universofamilia.com\/wp-content\/uploads\/sites\/148\/2023\/06\/POST-AMBIENTE-MINIMALISTA-universo-familia-2.png\" alt=\"\" class=\"wp-image-3103\" srcset=\"http:\/\/universofamilia.com\/wp-content\/uploads\/sites\/148\/2023\/06\/POST-AMBIENTE-MINIMALISTA-universo-familia-2.png 550w, http:\/\/universofamilia.com\/wp-content\/uploads\/sites\/148\/2023\/06\/POST-AMBIENTE-MINIMALISTA-universo-familia-2-300x191.png 300w\" sizes=\"(max-width: 550px) 100vw, 550px\" \/><figcaption class=\"wp-element-caption\"><em>Fot\u00f3: (reprodukci\u00f3\/internet)<\/em><\/figcaption><\/figure><\/div>\n\n\n<p>A lenge ajt\u00f3k, az eleg\u00e1ns t\u00e1rol\u00f3dobozok \u00e9s a bels\u0151 terekkel rendelkez\u0151 b\u00fatorok a legjobb megold\u00e1st k\u00edn\u00e1lj\u00e1k a rendelkez\u00e9sre \u00e1ll\u00f3 t\u00e9r maximaliz\u00e1l\u00e1s\u00e1ra \u00e9s a k\u00f6rnyezet rendezetts\u00e9g\u00e9nek meg\u0151rz\u00e9s\u00e9re.<\/p>\n\n\n\n<h3 class=\"wp-block-heading\"><strong>Term\u00e9szetes \u00e9s egyszer\u0171 vil\u00e1g\u00edt\u00e1s<\/strong><\/h3>\n\n\n\n<p>A vil\u00e1g\u00edt\u00e1s a minimalista design kulcsfontoss\u00e1g\u00fa aspektusa. Haszn\u00e1lja ki a term\u00e9szetes f\u00e9nyt, \u00e9s tartsa t\u00e1vol az ablakokat a neh\u00e9z f\u00fcgg\u00f6ny\u00f6kt\u0151l vagy egy\u00e9b akad\u00e1lyokt\u00f3l.<\/p>\n\n\n\n<p>Haszn\u00e1lj k\u00f6nny\u0171, \u00e1ttetsz\u0151 f\u00fcgg\u00f6ny\u00f6ket a f\u00e9ny beenged\u00e9s\u00e9hez \u00e9s a homokos hangulat megteremt\u00e9s\u00e9hez. V\u00e1lassz egyszer\u0171 \u00e9s minimalista l\u00e1mpatesteket is, amelyek kieg\u00e9sz\u00edtik a k\u00f6rnyezeted st\u00edlus\u00e1t.<\/p>\n\n\n\n<h3 class=\"wp-block-heading\"><strong>A term\u00e9szet \u00e9rint\u00e9sei<\/strong><\/h3>\n\n\n\n<p>A term\u00e9szetes elemek be\u00e9p\u00edt\u00e9se a minimalista k\u00f6rnyezetbe a nyugalom \u00e9s a term\u00e9szettel val\u00f3 kapcsolat \u00e9rzet\u00e9t teremtheti.<\/p>\n\n\n<div class=\"wp-block-image\">\n<figure class=\"aligncenter size-full\"><img loading=\"lazy\" decoding=\"async\" width=\"550\" height=\"350\" src=\"http:\/\/universofamilia.com\/wp-content\/uploads\/sites\/148\/2023\/06\/POST-AMBIENTE-MINIMALISTA-universo-familia-3.png\" alt=\"\" class=\"wp-image-3104\" srcset=\"http:\/\/universofamilia.com\/wp-content\/uploads\/sites\/148\/2023\/06\/POST-AMBIENTE-MINIMALISTA-universo-familia-3.png 550w, http:\/\/universofamilia.com\/wp-content\/uploads\/sites\/148\/2023\/06\/POST-AMBIENTE-MINIMALISTA-universo-familia-3-300x191.png 300w\" sizes=\"(max-width: 550px) 100vw, 550px\" \/><figcaption class=\"wp-element-caption\"><em>Fot\u00f3: (reprodukci\u00f3\/internet)<\/em><\/figcaption><\/figure><\/div>\n\n\n<p>Adj hozz\u00e1 szoban\u00f6v\u00e9nyeket, p\u00e9ld\u00e1ul pozsg\u00e1sokat vagy szamambai\u00e1kat, hogy \u00e9letet \u00e9s frissess\u00e9get vigy\u00e9l a teredbe. Emellett olyan anyagok, mint a fa \u00e9s a k\u0151, text\u00far\u00e1t \u00e9s melegs\u00e9get adhatnak a k\u00f6rnyezetnek.<\/p>\n\n\n\n<h3 class=\"wp-block-heading\">Rendszeres karbantart\u00e1s \u00e9s tiszt\u00edt\u00e1s<\/h3>\n\n\n\n<p>Egy minimalista k\u00f6rnyezet rendszeres karbantart\u00e1st \u00e9s takar\u00edt\u00e1st ig\u00e9nyel a rendezetts\u00e9g \u00e9s a tisztas\u00e1g fenntart\u00e1s\u00e1hoz.<\/p>\n\n\n\n<p>Sz\u00e1nj id\u0151t a t\u00e9r rendszeres takar\u00edt\u00e1s\u00e1ra \u00e9s rendszerez\u00e9s\u00e9re, elt\u00e1vol\u00edtva az id\u0151vel felhalmoz\u00f3dott felesleges t\u00e1rgyakat. Ez garant\u00e1lja, hogy k\u00f6rnyezeted h\u0171 maradjon a minimalista st\u00edlushoz, amelyet meg szeretn\u00e9l teremteni.<\/p>\n\n\n\n<h3 class=\"wp-block-heading\">A minimalista k\u00f6rnyezet el\u0151nyei<\/h3>\n\n\n\n<p>A minimalista k\u00f6rnyezet kialak\u00edt\u00e1sa sz\u00e1mos el\u0151nnyel j\u00e1r az \u00e9let \u00e9s a j\u00f3ll\u00e9t szempontj\u00e1b\u00f3l. A rendetlens\u00e9gt\u0151l mentes t\u00e9r megteremt\u00e9s\u00e9vel cs\u00f6kken a vizu\u00e1lis \u00e9s ment\u00e1lis stressz, el\u0151seg\u00edti a nyugalmat \u00e9s el\u0151seg\u00edti a koncentr\u00e1ci\u00f3t.<\/p>\n\n\n\n<p>A minimalista k\u00f6rnyezet emellett jav\u00edthatja a hangmin\u0151s\u00e9get, \u00e9s el\u0151seg\u00edtheti a nyugalom \u00e9s az egyens\u00faly \u00e1ltal\u00e1nos \u00e9rz\u00e9s\u00e9t.<\/p>\n\n\n\n<p class=\"has-text-align-center\"><a href=\"http:\/\/universofamilia.com\/hu\/10-dicas-funcionais-para-monta-um-quarto-de-bebe-funcional\/\" target=\"_blank\" rel=\"noreferrer noopener\"><strong>Olvasd el m\u00e9g: 10 hasznos tipp a babaszoba berendez\u00e9s\u00e9hez<\/strong><\/a><\/p>\n\n\n\n<h3 class=\"wp-block-heading\"><strong>K\u00f6vetkeztet\u00e9s<\/strong><\/h3>\n\n\n\n<p>Egy minimalista k\u00f6rnyezet kialak\u00edt\u00e1sa otthon\u00e1ban vagy lak\u00e1s\u00e1ban b\u00e9ke, szervezetts\u00e9g \u00e9s egyens\u00faly \u00e9rzet\u00e9t teremtheti.<\/p>\n\n\n\n<p>A cikkben t\u00e1rgyalt technik\u00e1k \u00e9s alapelvek k\u00f6vet\u00e9s\u00e9vel j\u00f3 \u00faton haladsz afel\u00e9, hogy minimalista teret teremts, amely t\u00fckr\u00f6zi az \u00e9letst\u00edlusodat, \u00e9s nyugodt l\u00e9gk\u00f6rt teremt otthonodban.<\/p>\n\n\n\n<h3 class=\"wp-block-heading\"><strong>Gyakran ism\u00e9telt k\u00e9rd\u00e9sek<\/strong><\/h3>\n\n\n\n<p>1. Mi a k\u00fcl\u00f6nbs\u00e9g a minimalista k\u00f6rnyezet \u00e9s az egyszer\u0171 k\u00f6rnyezet k\u00f6z\u00f6tt?<\/p>\n\n\n\n<p>A minimalista k\u00f6rnyezetet a t\u00e1rgyak \u00e9s dekor\u00e1ci\u00f3k cs\u00f6kkent\u00e9se jellemzi, m\u00edg egy egyszer\u0171 k\u00f6rnyezet alkalmazhat alapvet\u0151bb megk\u00f6zel\u00edt\u00e9st, de nem felt\u00e9tlen\u00fcl sz\u00fcnteti meg a felesleges t\u00e1rgyakat.<\/p>\n\n\n\n<p>2. Lehet \u00e9l\u00e9nk sz\u00edn\u0171 magokat hozz\u00e1adni egy minimalista k\u00f6rnyezethez?<\/p>\n\n\n\n<p>Az Embora, vagyis a minimalista st\u00edlust semleges magok jellemzik, de m\u00e9rt\u00e9kkel \u00e9l\u00e9nk sz\u00edn\u0171 magokkal kiemelheted a f\u00f3kuszpontokat, vagy egy\u00e9nis\u00e9get adhatsz a t\u00e9rednek.<\/p>\n\n\n\n<p>3. Meg kell szabadulnom minden holmimt\u00f3l ahhoz, hogy minimalista k\u00f6rnyezetet teremtsek?<\/p>\n\n\n\n<p>Nem sz\u00fcks\u00e9ges megszabadulni minden holmidt\u00f3l, de fontos, hogy cs\u00f6kkentsd a felesleges t\u00e1rgyak sz\u00e1m\u00e1t, \u00e9s csak azt tartsd meg, ami funkcion\u00e1lis, vagy jelent\u0151s eszt\u00e9tikai \u00e9rt\u00e9kkel b\u00edr.<\/p>\n\n\n\n<p>4. Hogyan tudom be\u00e9p\u00edteni a minimalizmust egy kis k\u00f6rnyezetbe?<\/p>\n\n\n\n<p>Egy kis k\u00f6rnyezetben m\u00e9g fontosabb a t\u00e9r maximaliz\u00e1l\u00e1sa \u00e9s a rendetlens\u00e9g cs\u00f6kkent\u00e9se. Haszn\u00e1lj okos t\u00e1rol\u00e1si \u00e9s t\u00e1rol\u00e1si megold\u00e1sokat, amelyeket a rendelkez\u00e9sre \u00e1ll\u00f3 t\u00e9rhez igaz\u00edtasz.<\/p>\n\n\n\n<p>5. Milyen el\u0151nyei vannak a minimalista k\u00f6rnyezetnek?<\/p>\n\n\n\n<p>A minimalista k\u00f6rnyezet el\u0151seg\u00edtheti a nyugalmat, cs\u00f6kkentheti a stresszt, jav\u00edthatja a koncentr\u00e1ci\u00f3t, el\u0151seg\u00edtheti a rendszerez\u00e9st \u00e9s jav\u00edthatja a hangmin\u0151s\u00e9get, t\u00f6bbek k\u00f6z\u00f6tt.<\/p>\n\n\n\n<p>Kieg\u00e9sz\u00edt\u0151kre \u00e9s ruh\u00e1ra van sz\u00fcks\u00e9gem, conhe\u00e7a |&nbsp;<a href=\"https:\/\/www.luzbaby.com.br\/\" target=\"_blank\" rel=\"noreferrer noopener\">A Luz Baby az egyik legjobb csecsem\u0151term\u00e9keket \u00e1rus\u00edt\u00f3 \u00fczlet. Kattints ide<\/a><\/p>","protected":false},"excerpt":{"rendered":"<p>Hogyan teremts\u00fcnk minimalista k\u00f6rnyezetet egy h\u00e1zban vagy lak\u00e1sban? M\u00f3dokat keresel arra, hogyan teremts minimalista k\u00f6rnyezetet otthonodban vagy lak\u00e1sodban? A minimalista st\u00edlus az egyszer\u0171s\u00e9g\u00e9r\u0151l, eleganci\u00e1j\u00e1r\u00f3l \u00e9s az \u00e1ltala ny\u00fajtott nyugalom \u00e9rz\u00e9s\u00e9r\u0151l ismert. K\u00fcl\u00f6nb\u00f6z\u0151 szakemberekkel besz\u00e9lgetve bemutatjuk az alapvet\u0151 technik\u00e1kat \u00e9s elveket, amelyekkel minimalista k\u00f6rnyezetet teremthetsz [\u2026]<\/p>","protected":false},"author":0,"featured_media":3105,"comment_status":"closed","ping_status":"open","sticky":false,"template":"","format":"standard","meta":{"footnotes":""},"categories":[4],"tags":[610,715,1312],"yoast_head":"<!-- This site is optimized with the Yoast SEO plugin v23.3 - https:\/\/yoast.com\/wordpress\/plugins\/seo\/ -->\n<title>Como Montar um Ambiente Minimalista em uma Casa ou Apartamento - Universo Fam\u00edlia<\/title>\n<meta name=\"description\" content=\"Como Montar um Ambiente Minimalista em uma Casa ou Apartamento. Voc\u00ea est\u00e1 procurando maneiras de criar um ambiente minimalista\" \/>\n<meta name=\"robots\" content=\"index, follow, max-snippet:-1, max-image-preview:large, max-video-preview:-1\" \/>\n<link rel=\"canonical\" href=\"http:\/\/universofamilia.com\/hu\/como-montar-um-ambiente-minimalista-em-uma-casa-ou-apartamento\/\" \/>\n<meta property=\"og:locale\" content=\"hu_HU\" \/>\n<meta property=\"og:type\" content=\"article\" \/>\n<meta property=\"og:title\" content=\"Como Montar um Ambiente Minimalista em uma Casa ou Apartamento - Universo Fam\u00edlia\" \/>\n<meta property=\"og:description\" content=\"Como Montar um Ambiente Minimalista em uma Casa ou Apartamento. Voc\u00ea est\u00e1 procurando maneiras de criar um ambiente minimalista\" \/>\n<meta property=\"og:url\" content=\"http:\/\/universofamilia.com\/hu\/como-montar-um-ambiente-minimalista-em-uma-casa-ou-apartamento\/\" \/>\n<meta property=\"og:site_name\" content=\"Universo Fam\u00edlia\" \/>\n<meta property=\"article:published_time\" content=\"2023-06-27T11:00:00+00:00\" \/>\n<meta property=\"og:image\" content=\"http:\/\/universofamilia.com\/wp-content\/uploads\/sites\/148\/2023\/06\/DESTAQUE-AMBIENTE-MINIMALISTA-universo-familia-.png\" \/>\n\t<meta property=\"og:image:width\" content=\"448\" \/>\n\t<meta property=\"og:image:height\" content=\"350\" \/>\n\t<meta property=\"og:image:type\" content=\"image\/png\" \/>\n<meta name=\"twitter:card\" content=\"summary_large_image\" \/>\n<meta name=\"twitter:label1\" content=\"Est. reading time\" \/>\n\t<meta name=\"twitter:data1\" content=\"6 perc\" \/>\n<script type=\"application\/ld+json\" class=\"yoast-schema-graph\">{\"@context\":\"https:\/\/schema.org\",\"@graph\":[{\"@type\":\"WebPage\",\"@id\":\"http:\/\/universofamilia.com\/id\/como-montar-um-ambiente-minimalista-em-uma-casa-ou-apartamento\/\",\"url\":\"http:\/\/universofamilia.com\/id\/como-montar-um-ambiente-minimalista-em-uma-casa-ou-apartamento\/\",\"name\":\"Como Montar um Ambiente Minimalista em uma Casa ou Apartamento - Universo Fam\u00edlia\",\"isPartOf\":{\"@id\":\"https:\/\/universofamilia.com\/el\/#website\"},\"primaryImageOfPage\":{\"@id\":\"http:\/\/universofamilia.com\/id\/como-montar-um-ambiente-minimalista-em-uma-casa-ou-apartamento\/#primaryimage\"},\"image\":{\"@id\":\"http:\/\/universofamilia.com\/id\/como-montar-um-ambiente-minimalista-em-uma-casa-ou-apartamento\/#primaryimage\"},\"thumbnailUrl\":\"http:\/\/universofamilia.com\/wp-content\/uploads\/sites\/148\/2023\/06\/DESTAQUE-AMBIENTE-MINIMALISTA-universo-familia-.png\",\"datePublished\":\"2023-06-27T11:00:00+00:00\",\"dateModified\":\"2023-06-27T11:00:00+00:00\",\"author\":{\"@id\":\"\"},\"description\":\"Como Montar um Ambiente Minimalista em uma Casa ou Apartamento. Voc\u00ea est\u00e1 procurando maneiras de criar um ambiente minimalista\",\"breadcrumb\":{\"@id\":\"http:\/\/universofamilia.com\/id\/como-montar-um-ambiente-minimalista-em-uma-casa-ou-apartamento\/#breadcrumb\"},\"inLanguage\":\"hu\",\"potentialAction\":[{\"@type\":\"ReadAction\",\"target\":[\"http:\/\/universofamilia.com\/id\/como-montar-um-ambiente-minimalista-em-uma-casa-ou-apartamento\/\"]}]},{\"@type\":\"ImageObject\",\"inLanguage\":\"hu\",\"@id\":\"http:\/\/universofamilia.com\/id\/como-montar-um-ambiente-minimalista-em-uma-casa-ou-apartamento\/#primaryimage\",\"url\":\"http:\/\/universofamilia.com\/wp-content\/uploads\/sites\/148\/2023\/06\/DESTAQUE-AMBIENTE-MINIMALISTA-universo-familia-.png\",\"contentUrl\":\"http:\/\/universofamilia.com\/wp-content\/uploads\/sites\/148\/2023\/06\/DESTAQUE-AMBIENTE-MINIMALISTA-universo-familia-.png\",\"width\":448,\"height\":350},{\"@type\":\"BreadcrumbList\",\"@id\":\"http:\/\/universofamilia.com\/id\/como-montar-um-ambiente-minimalista-em-uma-casa-ou-apartamento\/#breadcrumb\",\"itemListElement\":[{\"@type\":\"ListItem\",\"position\":1,\"name\":\"Home\",\"item\":\"https:\/\/universofamilia.com\/el\/\"},{\"@type\":\"ListItem\",\"position\":2,\"name\":\"Como Montar um Ambiente Minimalista em uma Casa ou Apartamento\"}]},{\"@type\":\"WebSite\",\"@id\":\"https:\/\/universofamilia.com\/el\/#website\",\"url\":\"https:\/\/universofamilia.com\/el\/\",\"name\":\"Universo Fam\u00edlia\",\"description\":\"\",\"potentialAction\":[{\"@type\":\"SearchAction\",\"target\":{\"@type\":\"EntryPoint\",\"urlTemplate\":\"https:\/\/universofamilia.com\/el\/?s={search_term_string}\"},\"query-input\":\"required name=search_term_string\"}],\"inLanguage\":\"hu\"}]}<\/script>\n<!-- \/ Yoast SEO plugin. -->","yoast_head_json":{"title":"Como Montar um Ambiente Minimalista em uma Casa ou Apartamento - Universo Fam\u00edlia","description":"Como Montar um Ambiente Minimalista em uma Casa ou Apartamento. Voc\u00ea est\u00e1 procurando maneiras de criar um ambiente minimalista","robots":{"index":"index","follow":"follow","max-snippet":"max-snippet:-1","max-image-preview":"max-image-preview:large","max-video-preview":"max-video-preview:-1"},"canonical":"http:\/\/universofamilia.com\/hu\/como-montar-um-ambiente-minimalista-em-uma-casa-ou-apartamento\/","og_locale":"hu_HU","og_type":"article","og_title":"Como Montar um Ambiente Minimalista em uma Casa ou Apartamento - Universo Fam\u00edlia","og_description":"Como Montar um Ambiente Minimalista em uma Casa ou Apartamento. Voc\u00ea est\u00e1 procurando maneiras de criar um ambiente minimalista","og_url":"http:\/\/universofamilia.com\/hu\/como-montar-um-ambiente-minimalista-em-uma-casa-ou-apartamento\/","og_site_name":"Universo Fam\u00edlia","article_published_time":"2023-06-27T11:00:00+00:00","og_image":[{"width":448,"height":350,"url":"http:\/\/universofamilia.com\/wp-content\/uploads\/sites\/148\/2023\/06\/DESTAQUE-AMBIENTE-MINIMALISTA-universo-familia-.png","type":"image\/png"}],"twitter_card":"summary_large_image","twitter_misc":{"Est. reading time":"6 perc"},"schema":{"@context":"https:\/\/schema.org","@graph":[{"@type":"WebPage","@id":"http:\/\/universofamilia.com\/id\/como-montar-um-ambiente-minimalista-em-uma-casa-ou-apartamento\/","url":"http:\/\/universofamilia.com\/id\/como-montar-um-ambiente-minimalista-em-uma-casa-ou-apartamento\/","name":"Como Montar um Ambiente Minimalista em uma Casa ou Apartamento - Universo Fam\u00edlia","isPartOf":{"@id":"https:\/\/universofamilia.com\/el\/#website"},"primaryImageOfPage":{"@id":"http:\/\/universofamilia.com\/id\/como-montar-um-ambiente-minimalista-em-uma-casa-ou-apartamento\/#primaryimage"},"image":{"@id":"http:\/\/universofamilia.com\/id\/como-montar-um-ambiente-minimalista-em-uma-casa-ou-apartamento\/#primaryimage"},"thumbnailUrl":"http:\/\/universofamilia.com\/wp-content\/uploads\/sites\/148\/2023\/06\/DESTAQUE-AMBIENTE-MINIMALISTA-universo-familia-.png","datePublished":"2023-06-27T11:00:00+00:00","dateModified":"2023-06-27T11:00:00+00:00","author":{"@id":""},"description":"Como Montar um Ambiente Minimalista em uma Casa ou Apartamento. Voc\u00ea est\u00e1 procurando maneiras de criar um ambiente minimalista","breadcrumb":{"@id":"http:\/\/universofamilia.com\/id\/como-montar-um-ambiente-minimalista-em-uma-casa-ou-apartamento\/#breadcrumb"},"inLanguage":"hu","potentialAction":[{"@type":"ReadAction","target":["http:\/\/universofamilia.com\/id\/como-montar-um-ambiente-minimalista-em-uma-casa-ou-apartamento\/"]}]},{"@type":"ImageObject","inLanguage":"hu","@id":"http:\/\/universofamilia.com\/id\/como-montar-um-ambiente-minimalista-em-uma-casa-ou-apartamento\/#primaryimage","url":"http:\/\/universofamilia.com\/wp-content\/uploads\/sites\/148\/2023\/06\/DESTAQUE-AMBIENTE-MINIMALISTA-universo-familia-.png","contentUrl":"http:\/\/universofamilia.com\/wp-content\/uploads\/sites\/148\/2023\/06\/DESTAQUE-AMBIENTE-MINIMALISTA-universo-familia-.png","width":448,"height":350},{"@type":"BreadcrumbList","@id":"http:\/\/universofamilia.com\/id\/como-montar-um-ambiente-minimalista-em-uma-casa-ou-apartamento\/#breadcrumb","itemListElement":[{"@type":"ListItem","position":1,"name":"Home","item":"https:\/\/universofamilia.com\/el\/"},{"@type":"ListItem","position":2,"name":"Como Montar um Ambiente Minimalista em uma Casa ou Apartamento"}]},{"@type":"WebSite","@id":"https:\/\/universofamilia.com\/el\/#website","url":"https:\/\/universofamilia.com\/el\/","name":"Universo Fam\u00edlia","description":"","potentialAction":[{"@type":"SearchAction","target":{"@type":"EntryPoint","urlTemplate":"https:\/\/universofamilia.com\/el\/?s={search_term_string}"},"query-input":"required name=search_term_string"}],"inLanguage":"hu"}]}},"_links":{"self":[{"href":"http:\/\/universofamilia.com\/hu\/wp-json\/wp\/v2\/posts\/3100"}],"collection":[{"href":"http:\/\/universofamilia.com\/hu\/wp-json\/wp\/v2\/posts"}],"about":[{"href":"http:\/\/universofamilia.com\/hu\/wp-json\/wp\/v2\/types\/post"}],"replies":[{"embeddable":true,"href":"http:\/\/universofamilia.com\/hu\/wp-json\/wp\/v2\/comments?post=3100"}],"version-history":[{"count":0,"href":"http:\/\/universofamilia.com\/hu\/wp-json\/wp\/v2\/posts\/3100\/revisions"}],"wp:featuredmedia":[{"embeddable":true,"href":"http:\/\/universofamilia.com\/hu\/wp-json\/wp\/v2\/media\/3105"}],"wp:attachment":[{"href":"http:\/\/universofamilia.com\/hu\/wp-json\/wp\/v2\/media?parent=3100"}],"wp:term":[{"taxonomy":"category","embeddable":true,"href":"http:\/\/universofamilia.com\/hu\/wp-json\/wp\/v2\/categories?post=3100"},{"taxonomy":"post_tag","embeddable":true,"href":"http:\/\/universofamilia.com\/hu\/wp-json\/wp\/v2\/tags?post=3100"}],"curies":[{"name":"wp","href":"https:\/\/api.w.org\/{rel}","templated":true}]}}