{"id":4428,"date":"2023-11-10T16:59:01","date_gmt":"2023-11-10T19:59:01","guid":{"rendered":"https:\/\/universofamilia.com\/?p=4428"},"modified":"2025-11-16T22:07:25","modified_gmt":"2025-11-17T01:07:25","slug":"aplicaciones-iconicas-de-las-decadas-de-los-80-y-90","status":"publish","type":"post","link":"http:\/\/universofamilia.com\/hu\/aplicaciones-iconicas-de-las-decadas-de-los-80-y-90\/","title":{"rendered":"Ikonikus alkalmaz\u00e1sok a 80-as \u00e9s 90-es \u00e9vekb\u0151l"},"content":{"rendered":"<p>A 80-as \u00e9s 90-es \u00e9vek forradalmi id\u0151szakok voltak a zenet\u00f6rt\u00e9netben.<\/p>\n\n\n\n<p>A m\u0171fajok robban\u00e1sszer\u0171 n\u00f6veked\u00e9se, az ikonikus el\u0151ad\u00f3k sz\u00e1m\u00e1nak n\u00f6veked\u00e9se \u00e9s a fizikai form\u00e1tumokr\u00f3l a digit\u00e1lis korszakra val\u00f3 \u00e1tt\u00e9r\u00e9s form\u00e1lta a zeneipart.<\/p>\n\n\n\n<p>Manaps\u00e1g, ha \u00fajra\u00e9lj\u00fck ezeket a korszakokat az ezekhez az id\u0151szakokhoz kapcsol\u00f3d\u00f3 alkalmaz\u00e1sokon kereszt\u00fcl, az egy m\u00f3dja annak, hogy fel\u00e9lessz\u00fck az eml\u00e9keket \u00e9s \u00e9rt\u00e9kelj\u00fck az adott korszakok zenei gazdags\u00e1g\u00e1t.<\/p>\n\n\n\n<h2 class=\"wp-block-heading\"><strong>A retr\u00f3 zenei alkalmaz\u00e1sok kultur\u00e1lis jelent\u0151s\u00e9ge<\/strong><\/h2>\n\n\n\n<p>Az 1980-as \u00e9s 1990-es \u00e9vek zenei alkalmaz\u00e1sai t\u00f6bbet jelentettek, mint puszt\u00e1n digit\u00e1lis platformok.<\/p>\n\n\n\n<p>K\u00f6zvetlen kapcsolatot jelentenek egy olyan zenei m\u00falttal, amely a mai napig befoly\u00e1solja az ipar\u00e1gat.<\/p>\n\n\n\n<h2 class=\"wp-block-heading\">L\u00e1sd m\u00e9g<\/h2>\n\n\n\n<ul>\n<li><a href=\"https:\/\/universofamilia.com\/hu\/4419\/aplicaciones-para-editar-y-crear-reels\/\">Alkalmaz\u00e1sok ors\u00f3k szerkeszt\u00e9s\u00e9hez \u00e9s l\u00e9trehoz\u00e1s\u00e1hoz<\/a><\/li>\n\n\n\n<li><a href=\"https:\/\/universofamilia.com\/hu\/4338\/las-mejores-aplicaciones-para-ver-peliculas-y-series\/\">A legjobb alkalmaz\u00e1sok filmek \u00e9s sorozatok n\u00e9z\u00e9s\u00e9hez<\/a><\/li>\n\n\n\n<li><a href=\"https:\/\/universofamilia.com\/hu\/4399\/aplicaciones-para-la-identificacion-de-plantas\/\">N\u00f6v\u00e9nyazonos\u00edt\u00e1si k\u00e9relmek<\/a><\/li>\n\n\n\n<li><a href=\"https:\/\/universofamilia.com\/hu\/4353\/aplicaciones-para-descubrir-con-que-celebridad-te-pareces\/\">Alkalmaz\u00e1sok, amelyekkel megtudhatod, melyik h\u00edress\u00e9gre hasonl\u00edtasz<\/a><\/li>\n\n\n\n<li><a href=\"https:\/\/universofamilia.com\/hu\/4369\/las-aplicaciones-de-musica-en-el-estado-de-whatsapp\/\">Zenei alkalmaz\u00e1sok a WhatsApp \u00e1llapot\u00e1ban<\/a><\/li>\n<\/ul>\n\n\n\n<p>Legend\u00e1s sl\u00e1gereket \u00e9s ikonikus albumokat \u00faj\u00edtanak fel, lehet\u0151v\u00e9 t\u00e9ve az \u00faj gener\u00e1ci\u00f3k sz\u00e1m\u00e1ra, hogy elmer\u00fcljenek abban a zenei esszenci\u00e1ban, amely meghat\u00e1rozta azokat az \u00e9vtizedeket.<\/p>\n\n\n\n<p>Emellett mag\u00e1val ragad\u00f3 \u00e9lm\u00e9nyt ny\u00fajtanak, kiemelve minden egyes dal \u00e9s el\u0151ad\u00f3 kultur\u00e1lis \u00e9s t\u00f6rt\u00e9nelmi jelent\u0151s\u00e9g\u00e9t.<\/p>\n\n\n\n<h2 class=\"wp-block-heading\"><strong>H\u00e1rom kihagyhatatlan retr\u00f3 zenei alkalmaz\u00e1s<\/strong><\/h2>\n\n\n\n<h3 class=\"wp-block-heading\"><strong>Nyolcvan zene<\/strong><\/h3>\n\n\n\n<p>Ez az alkalmaz\u00e1s teljes elmer\u00fcl\u00e9st k\u00edn\u00e1l a 80-as \u00e9vek zen\u00e9j\u00e9ben.<\/p>\n\n\n\n<p>Hatalmas dalk\u00f6nyvt\u00e1r\u00e1val, tematikus lej\u00e1tsz\u00e1si list\u00e1ival \u00e9s az egyes dalokr\u00f3l \u00e9s el\u0151ad\u00f3kr\u00f3l sz\u00f3l\u00f3 r\u00e9szletes inform\u00e1ci\u00f3kkal az \u201eEighty Music\u201d igazi \u00f6r\u00f6m az adott \u00e9vtized rajong\u00f3i sz\u00e1m\u00e1ra.<\/p>\n\n\n\n<p>Intuit\u00edv kezel\u0151fel\u00fclete \u00e9s retr\u00f3 diz\u00e1jnja kellemes \u00e9lm\u00e9nyt ny\u00fajt, m\u00edg a lej\u00e1tsz\u00e1si lista testreszab\u00e1si funkci\u00f3ja lehet\u0151v\u00e9 teszi a felhaszn\u00e1l\u00f3k sz\u00e1m\u00e1ra, hogy saj\u00e1t zenei gy\u0171jtem\u00e9nyeket hozzanak l\u00e9tre.<\/p>\n\n\n\n<h3 class=\"wp-block-heading\"><strong>Kilencvenes \u00e9vekbeli nosztalgia<\/strong><\/h3>\n\n\n\n<p>Az 1990-es \u00e9veknek aj\u00e1nlott \u201eNineties Nostalgia\u201d egy utaz\u00e1s vissza a grunge, a pop \u00e9s a hip-hop korszak\u00e1ba, amely azt az id\u0151szakot uralta.<\/p>\n\n\n\n<p>Nemcsak n\u00e9pszer\u0171 dalokat, hanem B-oldalas \u00e9s kev\u00e9sb\u00e9 ismert dalokat is tartalmaz, igyekszik sz\u00e9lesk\u00f6r\u0171 \u00e9s hiteles k\u00e9pet adni a 90-es \u00e9vekr\u0151l.<\/p>\n\n\n\n<p>A felhaszn\u00e1l\u00f3i preferenci\u00e1kon alapul\u00f3, szem\u00e9lyre szabott aj\u00e1nl\u00f3eszk\u00f6ze megk\u00fcl\u00f6nb\u00f6ztet\u0151 t\u00e9nyez\u0151, amely minden hallgat\u00f3 sz\u00e1m\u00e1ra egyedi \u00e9lm\u00e9nyt garant\u00e1l.<\/p>\n\n\n\n<h3 class=\"wp-block-heading\"><strong>Visszateker\u00e9s \u00e9s lej\u00e1tsz\u00e1s<\/strong><\/h3>\n\n\n\n<p>A \u201eRewind &amp; Play\u201d egy olyan alkalmaz\u00e1s, amely a 80-as \u00e9s 90-es \u00e9veket egyar\u00e1nt fel\u00f6leli, egyetlen platformon egyes\u00edtve mindk\u00e9t \u00e9vtized legjav\u00e1t.<\/p>\n\n\n\n<p>A legn\u00e9pszer\u0171bb sl\u00e1gerek lej\u00e1tsz\u00e1sa mellett az alkalmaz\u00e1s \u00e9rdekess\u00e9geket, interj\u00fakat k\u00edn\u00e1l a korszak m\u0171v\u00e9szeivel, \u00e9s lehet\u0151s\u00e9get k\u00edn\u00e1l a korszakot ural\u00f3 k\u00fcl\u00f6nb\u00f6z\u0151 m\u0171fajok lej\u00e1tsz\u00e1si list\u00e1inak felfedez\u00e9s\u00e9re.<\/p>\n\n\n\n<p>Az egyes dalok m\u00f6g\u00f6tti t\u00f6rt\u00e9nelmi kontextus kiemel\u00e9s\u00e9re val\u00f3 \u00f6sszpontos\u00edt\u00e1sa teszi n\u00e9pszer\u0171v\u00e9 a retr\u00f3 zene rajong\u00f3i k\u00f6r\u00e9ben.<\/p>\n\n\n<div class=\"wp-block-image\">\n<figure class=\"aligncenter size-full\"><img loading=\"lazy\" decoding=\"async\" width=\"550\" height=\"350\" src=\"http:\/\/universofamilia.com\/wp-content\/uploads\/sites\/148\/2023\/11\/P-550x350-1.png\" alt=\"\" class=\"wp-image-4430\" srcset=\"http:\/\/universofamilia.com\/wp-content\/uploads\/sites\/148\/2023\/11\/P-550x350-1.png 550w, http:\/\/universofamilia.com\/wp-content\/uploads\/sites\/148\/2023\/11\/P-550x350-1-300x191.png 300w\" sizes=\"(max-width: 550px) 100vw, 550px\" \/><figcaption class=\"wp-element-caption\">Ikonikus alkalmaz\u00e1sok a 80-as \u00e9s 90-es \u00e9vekb\u0151l<\/figcaption><\/figure><\/div>\n\n\n<h3 class=\"wp-block-heading\"><strong>K\u00f6vetkeztet\u00e9s<\/strong><\/h3>\n\n\n\n<p>Az 1980-as \u00e9s 1990-es \u00e9veknek szentelt zenei alkalmaz\u00e1sok nem csup\u00e1n dallej\u00e1tsz\u00f3k; kapukk\u00e9nt szolg\u00e1lnak az akkori \u00e9vtizedek zenei gazdags\u00e1g\u00e1nak \u00fajra\u00e9l\u00e9s\u00e9hez \u00e9s megbecs\u00fcl\u00e9s\u00e9hez.<\/p>\n\n\n\n<p>Sz\u00e1mtalan dallal, szak\u00e9rt\u0151i v\u00e1logat\u00e1ssal \u00e9s az egyes \u00fctemek m\u00f6g\u00f6tti t\u00f6rt\u00e9net m\u00e9lyrehat\u00f3 felt\u00e1r\u00e1s\u00e1val ezek az alkalmaz\u00e1sok kulcsszerepet j\u00e1tszanak a zenei \u00f6r\u00f6ks\u00e9g meg\u0151rz\u00e9s\u00e9ben \u00e9s \u00fcnnepl\u00e9s\u00e9ben.<\/p>\n\n\n\n<p>Az olyan platformok felfedez\u00e9s\u00e9vel, mint az Eighty Music, a Ninesies Nostalgia \u00e9s a Rewind &amp; Play, a felhaszn\u00e1l\u00f3k visszarep\u00fclhetnek egy olyan korba, amikor a zen\u00e9t nemcsak hallgatt\u00e1k, hanem meg is \u00e9lt\u00e9k.<\/p>\n\n\n\n<p>Ez a cikk nemcsak ezen alkalmaz\u00e1sok kultur\u00e1lis jelent\u0151s\u00e9g\u00e9t emeli ki, hanem azt is, hogyan el\u00e9g\u00edtik ki a retr\u00f3 zene szerelmeseinek ig\u00e9nyeit, biztos\u00edtva a zeneipar arany \u00e9vtizedeinek val\u00f3di elmer\u00fcl\u00e9s\u00e9t.<\/p>\n\n\n\n<h2 class=\"wp-block-heading\"><strong>Mentes\u00edt\u00e9s<\/strong>:<\/h2>\n\n\n\n<div class=\"wp-block-group is-layout-constrained wp-block-group-is-layout-constrained\"><div class=\"wp-block-group__inner-container\">\n<ul>\n<li><strong><strong>Nyolcvan zene<\/strong><\/strong> (<a href=\"https:\/\/play.google.com\/store\/apps\/details?id=com.freeappszone.eighties&amp;hl=pt_BR&amp;gl=US\">Android <\/a>\u00e9s <a href=\"https:\/\/apps.apple.com\/us\/app\/80s-radio\/id512060499\">iOS<\/a>)<\/li>\n\n\n\n<li><strong><em><strong>Kilencvenes \u00e9vekbeli nosztalgia<\/strong><\/em><\/strong> (<a href=\"https:\/\/apps.apple.com\/tr\/app\/yaktraks-90s-nostalgia\/id1583086555\">iOS<\/a>)<\/li>\n\n\n\n<li><strong><em><strong>Visszateker\u00e9s \u00e9s lej\u00e1tsz\u00e1s<\/strong><\/em><\/strong> (<a href=\"https:\/\/play.google.com\/store\/apps\/details?id=com.zh.musictimetravel&amp;hl=en_US\">Android<\/a>)<\/li>\n<\/ul>\n<\/div><\/div>","protected":false},"excerpt":{"rendered":"<p>Las d\u00e9cadas de los 80 y 90 fueron periodos revolucionarios en la historia de la m\u00fasica. La explosi\u00f3n de g\u00e9neros, artistas ic\u00f3nicos y la transici\u00f3n de formatos f\u00edsicos a la era digital moldearon la industria musical. Actualmente, revivir esas \u00e9pocas a trav\u00e9s de aplicaciones dedicadas a esos periodos es una forma de rescatar memorias y [&hellip;]<\/p>","protected":false},"author":139,"featured_media":4430,"comment_status":"closed","ping_status":"open","sticky":false,"template":"","format":"standard","meta":{"footnotes":""},"categories":[2],"tags":[166,247,248],"yoast_head":"<!-- This site is optimized with the Yoast SEO plugin v23.3 - https:\/\/yoast.com\/wordpress\/plugins\/seo\/ -->\n<title>Aplicaciones Ic\u00f3nicas de las D\u00e9cadas de los 80 y 90 - Universo Fam\u00edlia<\/title>\n<meta name=\"description\" content=\"Aplicaciones Ic\u00f3nicas de las D\u00e9cadas de los 80 y 90. Las d\u00e9cadas de los 80 y 90 fueron periodos revolucionarios en la historia de la...\" \/>\n<meta name=\"robots\" content=\"index, follow, max-snippet:-1, max-image-preview:large, max-video-preview:-1\" \/>\n<link rel=\"canonical\" href=\"http:\/\/universofamilia.com\/hu\/aplicaciones-iconicas-de-las-decadas-de-los-80-y-90\/\" \/>\n<meta property=\"og:locale\" content=\"hu_HU\" \/>\n<meta property=\"og:type\" content=\"article\" \/>\n<meta property=\"og:title\" content=\"Aplicaciones Ic\u00f3nicas de las D\u00e9cadas de los 80 y 90 - Universo Fam\u00edlia\" \/>\n<meta property=\"og:description\" content=\"Aplicaciones Ic\u00f3nicas de las D\u00e9cadas de los 80 y 90. Las d\u00e9cadas de los 80 y 90 fueron periodos revolucionarios en la historia de la...\" \/>\n<meta property=\"og:url\" content=\"http:\/\/universofamilia.com\/hu\/aplicaciones-iconicas-de-las-decadas-de-los-80-y-90\/\" \/>\n<meta property=\"og:site_name\" content=\"Universo Fam\u00edlia\" \/>\n<meta property=\"article:published_time\" content=\"2023-11-10T19:59:01+00:00\" \/>\n<meta property=\"article:modified_time\" content=\"2025-11-17T01:07:25+00:00\" \/>\n<meta property=\"og:image\" content=\"http:\/\/universofamilia.com\/wp-content\/uploads\/sites\/148\/2023\/11\/P-550x350-1.png\" \/>\n\t<meta property=\"og:image:width\" content=\"550\" \/>\n\t<meta property=\"og:image:height\" content=\"350\" \/>\n\t<meta property=\"og:image:type\" content=\"image\/png\" \/>\n<meta name=\"author\" content=\"Pedro Henrique\" \/>\n<meta name=\"twitter:card\" content=\"summary_large_image\" \/>\n<meta name=\"twitter:label1\" content=\"Written by\" \/>\n\t<meta name=\"twitter:data1\" content=\"Pedro Henrique\" \/>\n\t<meta name=\"twitter:label2\" content=\"Est. reading time\" \/>\n\t<meta name=\"twitter:data2\" content=\"4 perc\" \/>\n<script type=\"application\/ld+json\" class=\"yoast-schema-graph\">{\"@context\":\"https:\/\/schema.org\",\"@graph\":[{\"@type\":\"WebPage\",\"@id\":\"http:\/\/universofamilia.com\/pl\/aplicaciones-iconicas-de-las-decadas-de-los-80-y-90\/\",\"url\":\"http:\/\/universofamilia.com\/pl\/aplicaciones-iconicas-de-las-decadas-de-los-80-y-90\/\",\"name\":\"Aplicaciones Ic\u00f3nicas de las D\u00e9cadas de los 80 y 90 - Universo Fam\u00edlia\",\"isPartOf\":{\"@id\":\"https:\/\/universofamilia.com\/el\/#website\"},\"primaryImageOfPage\":{\"@id\":\"http:\/\/universofamilia.com\/pl\/aplicaciones-iconicas-de-las-decadas-de-los-80-y-90\/#primaryimage\"},\"image\":{\"@id\":\"http:\/\/universofamilia.com\/pl\/aplicaciones-iconicas-de-las-decadas-de-los-80-y-90\/#primaryimage\"},\"thumbnailUrl\":\"http:\/\/universofamilia.com\/wp-content\/uploads\/sites\/148\/2023\/11\/P-550x350-1.png\",\"datePublished\":\"2023-11-10T19:59:01+00:00\",\"dateModified\":\"2025-11-17T01:07:25+00:00\",\"author\":{\"@id\":\"https:\/\/universofamilia.com\/el\/#\/schema\/person\/f07ce98187dd84d31154262e79b3b7ca\"},\"description\":\"Aplicaciones Ic\u00f3nicas de las D\u00e9cadas de los 80 y 90. Las d\u00e9cadas de los 80 y 90 fueron periodos revolucionarios en la historia de la...\",\"breadcrumb\":{\"@id\":\"http:\/\/universofamilia.com\/pl\/aplicaciones-iconicas-de-las-decadas-de-los-80-y-90\/#breadcrumb\"},\"inLanguage\":\"hu\",\"potentialAction\":[{\"@type\":\"ReadAction\",\"target\":[\"http:\/\/universofamilia.com\/pl\/aplicaciones-iconicas-de-las-decadas-de-los-80-y-90\/\"]}]},{\"@type\":\"ImageObject\",\"inLanguage\":\"hu\",\"@id\":\"http:\/\/universofamilia.com\/pl\/aplicaciones-iconicas-de-las-decadas-de-los-80-y-90\/#primaryimage\",\"url\":\"http:\/\/universofamilia.com\/wp-content\/uploads\/sites\/148\/2023\/11\/P-550x350-1.png\",\"contentUrl\":\"http:\/\/universofamilia.com\/wp-content\/uploads\/sites\/148\/2023\/11\/P-550x350-1.png\",\"width\":550,\"height\":350,\"caption\":\"Aplicaciones Ic\u00f3nicas de las D\u00e9cadas de los 80 y 90\"},{\"@type\":\"BreadcrumbList\",\"@id\":\"http:\/\/universofamilia.com\/pl\/aplicaciones-iconicas-de-las-decadas-de-los-80-y-90\/#breadcrumb\",\"itemListElement\":[{\"@type\":\"ListItem\",\"position\":1,\"name\":\"Home\",\"item\":\"https:\/\/universofamilia.com\/el\/\"},{\"@type\":\"ListItem\",\"position\":2,\"name\":\"Aplicaciones Ic\u00f3nicas de las D\u00e9cadas de los 80 y 90\"}]},{\"@type\":\"WebSite\",\"@id\":\"https:\/\/universofamilia.com\/el\/#website\",\"url\":\"https:\/\/universofamilia.com\/el\/\",\"name\":\"Universo Fam\u00edlia\",\"description\":\"\",\"potentialAction\":[{\"@type\":\"SearchAction\",\"target\":{\"@type\":\"EntryPoint\",\"urlTemplate\":\"https:\/\/universofamilia.com\/el\/?s={search_term_string}\"},\"query-input\":\"required name=search_term_string\"}],\"inLanguage\":\"hu\"},{\"@type\":\"Person\",\"@id\":\"https:\/\/universofamilia.com\/el\/#\/schema\/person\/f07ce98187dd84d31154262e79b3b7ca\",\"name\":\"Pedro Henrique\",\"image\":{\"@type\":\"ImageObject\",\"inLanguage\":\"hu\",\"@id\":\"https:\/\/universofamilia.com\/el\/#\/schema\/person\/image\/\",\"url\":\"http:\/\/0.gravatar.com\/avatar\/9edfeb808cb4e1599f64d6e45b130154?s=96&d=mm&r=g\",\"contentUrl\":\"http:\/\/0.gravatar.com\/avatar\/9edfeb808cb4e1599f64d6e45b130154?s=96&d=mm&r=g\",\"caption\":\"Pedro Henrique\"},\"url\":\"http:\/\/universofamilia.com\/hu\/author\/editor01\/\"}]}<\/script>\n<!-- \/ Yoast SEO plugin. -->","yoast_head_json":{"title":"Aplicaciones Ic\u00f3nicas de las D\u00e9cadas de los 80 y 90 - Universo Fam\u00edlia","description":"Aplicaciones Ic\u00f3nicas de las D\u00e9cadas de los 80 y 90. Las d\u00e9cadas de los 80 y 90 fueron periodos revolucionarios en la historia de la...","robots":{"index":"index","follow":"follow","max-snippet":"max-snippet:-1","max-image-preview":"max-image-preview:large","max-video-preview":"max-video-preview:-1"},"canonical":"http:\/\/universofamilia.com\/hu\/aplicaciones-iconicas-de-las-decadas-de-los-80-y-90\/","og_locale":"hu_HU","og_type":"article","og_title":"Aplicaciones Ic\u00f3nicas de las D\u00e9cadas de los 80 y 90 - Universo Fam\u00edlia","og_description":"Aplicaciones Ic\u00f3nicas de las D\u00e9cadas de los 80 y 90. Las d\u00e9cadas de los 80 y 90 fueron periodos revolucionarios en la historia de la...","og_url":"http:\/\/universofamilia.com\/hu\/aplicaciones-iconicas-de-las-decadas-de-los-80-y-90\/","og_site_name":"Universo Fam\u00edlia","article_published_time":"2023-11-10T19:59:01+00:00","article_modified_time":"2025-11-17T01:07:25+00:00","og_image":[{"width":550,"height":350,"url":"http:\/\/universofamilia.com\/wp-content\/uploads\/sites\/148\/2023\/11\/P-550x350-1.png","type":"image\/png"}],"author":"Pedro Henrique","twitter_card":"summary_large_image","twitter_misc":{"Written by":"Pedro Henrique","Est. reading time":"4 perc"},"schema":{"@context":"https:\/\/schema.org","@graph":[{"@type":"WebPage","@id":"http:\/\/universofamilia.com\/pl\/aplicaciones-iconicas-de-las-decadas-de-los-80-y-90\/","url":"http:\/\/universofamilia.com\/pl\/aplicaciones-iconicas-de-las-decadas-de-los-80-y-90\/","name":"Aplicaciones Ic\u00f3nicas de las D\u00e9cadas de los 80 y 90 - Universo Fam\u00edlia","isPartOf":{"@id":"https:\/\/universofamilia.com\/el\/#website"},"primaryImageOfPage":{"@id":"http:\/\/universofamilia.com\/pl\/aplicaciones-iconicas-de-las-decadas-de-los-80-y-90\/#primaryimage"},"image":{"@id":"http:\/\/universofamilia.com\/pl\/aplicaciones-iconicas-de-las-decadas-de-los-80-y-90\/#primaryimage"},"thumbnailUrl":"http:\/\/universofamilia.com\/wp-content\/uploads\/sites\/148\/2023\/11\/P-550x350-1.png","datePublished":"2023-11-10T19:59:01+00:00","dateModified":"2025-11-17T01:07:25+00:00","author":{"@id":"https:\/\/universofamilia.com\/el\/#\/schema\/person\/f07ce98187dd84d31154262e79b3b7ca"},"description":"Aplicaciones Ic\u00f3nicas de las D\u00e9cadas de los 80 y 90. Las d\u00e9cadas de los 80 y 90 fueron periodos revolucionarios en la historia de la...","breadcrumb":{"@id":"http:\/\/universofamilia.com\/pl\/aplicaciones-iconicas-de-las-decadas-de-los-80-y-90\/#breadcrumb"},"inLanguage":"hu","potentialAction":[{"@type":"ReadAction","target":["http:\/\/universofamilia.com\/pl\/aplicaciones-iconicas-de-las-decadas-de-los-80-y-90\/"]}]},{"@type":"ImageObject","inLanguage":"hu","@id":"http:\/\/universofamilia.com\/pl\/aplicaciones-iconicas-de-las-decadas-de-los-80-y-90\/#primaryimage","url":"http:\/\/universofamilia.com\/wp-content\/uploads\/sites\/148\/2023\/11\/P-550x350-1.png","contentUrl":"http:\/\/universofamilia.com\/wp-content\/uploads\/sites\/148\/2023\/11\/P-550x350-1.png","width":550,"height":350,"caption":"Aplicaciones Ic\u00f3nicas de las D\u00e9cadas de los 80 y 90"},{"@type":"BreadcrumbList","@id":"http:\/\/universofamilia.com\/pl\/aplicaciones-iconicas-de-las-decadas-de-los-80-y-90\/#breadcrumb","itemListElement":[{"@type":"ListItem","position":1,"name":"Home","item":"https:\/\/universofamilia.com\/el\/"},{"@type":"ListItem","position":2,"name":"Aplicaciones Ic\u00f3nicas de las D\u00e9cadas de los 80 y 90"}]},{"@type":"WebSite","@id":"https:\/\/universofamilia.com\/el\/#website","url":"https:\/\/universofamilia.com\/el\/","name":"Universo Fam\u00edlia","description":"","potentialAction":[{"@type":"SearchAction","target":{"@type":"EntryPoint","urlTemplate":"https:\/\/universofamilia.com\/el\/?s={search_term_string}"},"query-input":"required name=search_term_string"}],"inLanguage":"hu"},{"@type":"Person","@id":"https:\/\/universofamilia.com\/el\/#\/schema\/person\/f07ce98187dd84d31154262e79b3b7ca","name":"Pedro Henrique","image":{"@type":"ImageObject","inLanguage":"hu","@id":"https:\/\/universofamilia.com\/el\/#\/schema\/person\/image\/","url":"http:\/\/0.gravatar.com\/avatar\/9edfeb808cb4e1599f64d6e45b130154?s=96&d=mm&r=g","contentUrl":"http:\/\/0.gravatar.com\/avatar\/9edfeb808cb4e1599f64d6e45b130154?s=96&d=mm&r=g","caption":"Pedro Henrique"},"url":"http:\/\/universofamilia.com\/hu\/author\/editor01\/"}]}},"_links":{"self":[{"href":"http:\/\/universofamilia.com\/hu\/wp-json\/wp\/v2\/posts\/4428"}],"collection":[{"href":"http:\/\/universofamilia.com\/hu\/wp-json\/wp\/v2\/posts"}],"about":[{"href":"http:\/\/universofamilia.com\/hu\/wp-json\/wp\/v2\/types\/post"}],"author":[{"embeddable":true,"href":"http:\/\/universofamilia.com\/hu\/wp-json\/wp\/v2\/users\/139"}],"replies":[{"embeddable":true,"href":"http:\/\/universofamilia.com\/hu\/wp-json\/wp\/v2\/comments?post=4428"}],"version-history":[{"count":2,"href":"http:\/\/universofamilia.com\/hu\/wp-json\/wp\/v2\/posts\/4428\/revisions"}],"predecessor-version":[{"id":10337,"href":"http:\/\/universofamilia.com\/hu\/wp-json\/wp\/v2\/posts\/4428\/revisions\/10337"}],"wp:featuredmedia":[{"embeddable":true,"href":"http:\/\/universofamilia.com\/hu\/wp-json\/wp\/v2\/media\/4430"}],"wp:attachment":[{"href":"http:\/\/universofamilia.com\/hu\/wp-json\/wp\/v2\/media?parent=4428"}],"wp:term":[{"taxonomy":"category","embeddable":true,"href":"http:\/\/universofamilia.com\/hu\/wp-json\/wp\/v2\/categories?post=4428"},{"taxonomy":"post_tag","embeddable":true,"href":"http:\/\/universofamilia.com\/hu\/wp-json\/wp\/v2\/tags?post=4428"}],"curies":[{"name":"wp","href":"https:\/\/api.w.org\/{rel}","templated":true}]}}