{"id":4871,"date":"2024-01-14T19:23:08","date_gmt":"2024-01-14T19:23:08","guid":{"rendered":"https:\/\/universofamilia.com\/?p=4871"},"modified":"2025-10-12T19:33:41","modified_gmt":"2025-10-12T22:33:41","slug":"un-viaje-personal-por-el-arbol-genealogico","status":"publish","type":"post","link":"http:\/\/universofamilia.com\/hu\/un-viaje-personal-por-el-arbol-genealogico\/","title":{"rendered":"Szem\u00e9lyes utaz\u00e1s a csal\u00e1df\u00e1n kereszt\u00fcl"},"content":{"rendered":"<p>Egy folyamatosan v\u00e1ltoz\u00f3 vil\u00e1gban, ahol \u0151seink t\u00f6rt\u00e9netei gyakran elvesznek az id\u0151 m\u00fal\u00e1s\u00e1ban, gy\u00f6kereink keres\u00e9se leny\u0171g\u00f6z\u0151 t\u00f6rt\u00e9nelmi utaz\u00e1ss\u00e1 v\u00e1lik.<\/p>\n\n\n\n<p>Csal\u00e1dt\u00f6rt\u00e9net\u00fcnk felfedez\u00e9se t\u00f6bb, mint nevek \u00e9s d\u00e1tumok keres\u00e9se; ez egy m\u00f3dja annak, hogy meg\u00e9rts\u00fck \u00f6nmagunkat \u00e9s a k\u00f6r\u00fcl\u00f6tt\u00fcnk l\u00e9v\u0151 vil\u00e1got.<\/p>\n\n\n\n<p>V\u00e9g\u00fcl is minden csal\u00e1dban lehetnek nevezetes szem\u00e9lyis\u00e9gek, akik megv\u00e1ltoztatt\u00e1k a t\u00f6rt\u00e9nelem menet\u00e9t, \u00e9s gyakran nem is tudunk r\u00f3la.<\/p>\n\n\n\n<h2 class=\"wp-block-heading\">A csal\u00e1dfa fontoss\u00e1ga:<\/h2>\n\n\n\n<p>Csal\u00e1dt\u00f6rt\u00e9net\u00fcnk megismer\u00e9se olyan, mintha kinyitn\u00e1nk egy poros k\u00f6nyvet, tele izgalmas t\u00f6rt\u00e9netekkel, diadalokkal \u00e9s kih\u00edv\u00e1sokkal, amelyek gener\u00e1ci\u00f3kat form\u00e1ltak.<\/p>\n\n\n\n<p>A csal\u00e1dfa eszk\u00f6zz\u00e9 v\u00e1lik, amely felt\u00e1rja a m\u00falt rejt\u00e9lyeit.<\/p>\n\n\n\n<p>Meglep\u0151 rokons\u00e1gi kapcsolatokat \u00e9s kapcsolatokat t\u00e1rva fel, amelyek elvezethetnek minket olyan szem\u00e9lyis\u00e9gekhez, akik valamilyen m\u00f3don befoly\u00e1solt\u00e1k a t\u00f6rt\u00e9nelem menet\u00e9t.<\/p>\n\n\n\n<h2 class=\"wp-block-heading\">L\u00e1sd m\u00e9g<\/h2>\n\n\n\n<ul>\n<li><a href=\"https:\/\/universofamilia.com\/hu\/4419\/aplicaciones-para-editar-y-crear-reels\/\">Alkalmaz\u00e1sok ors\u00f3k szerkeszt\u00e9s\u00e9hez \u00e9s l\u00e9trehoz\u00e1s\u00e1hoz<\/a><\/li>\n\n\n\n<li><a href=\"https:\/\/universofamilia.com\/hu\/4338\/las-mejores-aplicaciones-para-ver-peliculas-y-series\/\">A legjobb alkalmaz\u00e1sok filmek \u00e9s sorozatok n\u00e9z\u00e9s\u00e9hez<\/a><\/li>\n\n\n\n<li><a href=\"https:\/\/universofamilia.com\/hu\/4829\/aprende-a-tocar-la-guitarra-de-forma-facil-y-practica\/\">Tanulj meg git\u00e1rozni k\u00f6nnyed\u00e9n \u00e9s praktikusan<\/a><\/li>\n\n\n\n<li><a href=\"https:\/\/universofamilia.com\/hu\/4369\/las-aplicaciones-de-musica-en-el-estado-de-whatsapp\/\">Zenei alkalmaz\u00e1sok a WhatsApp \u00e1llapot\u00e1ban<\/a><\/li>\n<\/ul>\n\n\n\n<h2 class=\"wp-block-heading\"><strong>A csal\u00e1dfa mint az id\u0151 tan\u00faja:<\/strong><\/h2>\n\n\n\n<p>A csal\u00e1dfa \u00e9p\u00edt\u00e9se nem csup\u00e1n nevek, d\u00e1tumok \u00e9s helyek gy\u0171jt\u00f6get\u00e9s\u00e9r\u0151l sz\u00f3l, hanem arr\u00f3l is, hogy \u00e9l\u00e9nk k\u00e9pet alkotzunk arr\u00f3l, hogy kik vagyunk \u00e9s honnan j\u00f6v\u00fcnk.<\/p>\n\n\n\n<p>Ez egy olyan eszk\u00f6z, amely \u00f6sszek\u00f6t minket azokkal az esem\u00e9nyekkel \u00e9s emberekkel, amelyek form\u00e1lt\u00e1k a t\u00e1rsadalmat, amelyben ma \u00e9l\u00fcnk.<\/p>\n\n\n\n<p>Az \u0151seink vonalainak nyomon k\u00f6vet\u00e9s\u00e9vel l\u00e1thatjuk, hogyan visszhangoznak \u0151seink eredm\u00e9nyei a saj\u00e1t l\u00e9tez\u00e9s\u00fcnkben.<\/p>\n\n\n\n<h2 class=\"wp-block-heading\"><strong>Felfedez\u00e9s geneal\u00f3giai alkalmaz\u00e1sokkal:<\/strong><\/h2>\n\n\n\n<p>A mai digit\u00e1lis vil\u00e1gban a gy\u00f6kerek felkutat\u00e1sa \u00faj dimenzi\u00f3t kapott a geneal\u00f3giai alkalmaz\u00e1soknak k\u00f6sz\u00f6nhet\u0151en.<\/p>\n\n\n\n<p>K\u00e9t eml\u00edt\u00e9sre m\u00e9lt\u00f3 az Ancestry \u00e9s a FamilySearch. Ezek a platformok innovat\u00edv megk\u00f6zel\u00edt\u00e9st k\u00edn\u00e1lnak, megk\u00f6nny\u00edtve a csal\u00e1dfakutat\u00e1st \u00e9s -\u00e9p\u00edt\u00e9st.<\/p>\n\n\n\n<h2 class=\"wp-block-heading\"><strong>\u0150s\u00f6k \u00e9s Csal\u00e1dkutat\u00e1s: Digit\u00e1lis eszk\u00f6z\u00f6k a szem\u00e9lyes t\u00f6rt\u00e9nelemhez:<\/strong><\/h2>\n\n\n\n<p>Az Ancestry \u00e9s a FamilySearch olyanok, mint a var\u00e1zslatos port\u00e1lok, amelyek visszarep\u00edtenek minket az id\u0151ben, lehet\u0151v\u00e9 t\u00e9ve sz\u00e1munkra, hogy felfedezz\u00fck a t\u00f6rt\u00e9nelmi feljegyz\u00e9seket, r\u00e9gi f\u00e9nyk\u00e9peket \u00e9s dokumentumokat, amelyek elengedhetetlenek a csal\u00e1df\u00e1nk fel\u00e9p\u00edt\u00e9s\u00e9hez.<\/p>\n\n\n\n<p>Ezeken a platformokon kereszt\u00fcl lehet\u0151v\u00e9 v\u00e1lik \u0151seink nyomon k\u00f6vet\u00e9se \u00e9s olyan t\u00f6rt\u00e9netek felfedez\u00e9se, amelyek tal\u00e1n m\u00e1r feled\u00e9sbe mer\u00fcltek.<\/p>\n\n\n\n<h2 class=\"wp-block-heading\"><strong>Az alkalmaz\u00e1sok telep\u00edt\u00e9s\u00e9nek l\u00e9p\u00e9sei:<\/strong><\/h2>\n\n\n\n<ol>\n<li><strong>Sz\u00e1rmaz\u00e1s:<\/strong>\n<ul>\n<li>L\u00e1togass el az alkalmaz\u00e1sboltba Android vagy iOS eszk\u00f6z\u00f6d\u00f6n.<\/li>\n\n\n\n<li>Keresd meg az \u201eAncestry\u201d kifejez\u00e9st, \u00e9s kattints a telep\u00edt\u00e9s gombra.<\/li>\n\n\n\n<li>Hozz l\u00e9tre egy fi\u00f3kot, vagy jelentkezz be, hogy elkezdhesd a csal\u00e1dfakutat\u00e1si utad.<\/li>\n<\/ul>\n<\/li>\n\n\n\n<li><strong>Csal\u00e1di keres\u00e9s:<\/strong>\n<ul>\n<li>Keresd meg az alkalmaz\u00e1st az eszk\u00f6z\u00f6d alkalmaz\u00e1sboltj\u00e1ban.<\/li>\n\n\n\n<li>T\u00f6ltsd le \u00e9s telep\u00edtsd a FamilySearch programot.<\/li>\n\n\n\n<li>Regisztr\u00e1lj, hogy elkezdhesd felfedezni \u0151seidet.<\/li>\n<\/ul>\n<\/li>\n<\/ol>\n\n\n\n<h2 class=\"wp-block-heading\"><strong>A felhaszn\u00e1l\u00f3i \u00e9lm\u00e9ny:<\/strong><\/h2>\n\n\n\n<p>Ezen platformok felhaszn\u00e1l\u00f3i gyakran sz\u00e1molnak be \u00e1talak\u00edt\u00f3 \u00e9lm\u00e9nyekr\u0151l.<\/p>\n\n\n\n<p>A t\u00e1voli rokonokkal val\u00f3 v\u00e1ratlan tal\u00e1lkoz\u00e1sokt\u00f3l kezdve a csal\u00e1df\u00e1kban tal\u00e1lhat\u00f3 nevezetes szem\u00e9lyis\u00e9gek felfedez\u00e9s\u00e9ig ezek az alkalmaz\u00e1sok leny\u0171g\u00f6z\u0151 ablakot nyitnak a m\u00faltba.<\/p>\n\n\n<div class=\"wp-block-image\">\n<figure class=\"aligncenter size-full\"><img loading=\"lazy\" decoding=\"async\" width=\"550\" height=\"350\" src=\"http:\/\/universofamilia.com\/wp-content\/uploads\/sites\/148\/2024\/01\/P-550x350-4.jpg\" alt=\"\" class=\"wp-image-4872\" srcset=\"http:\/\/universofamilia.com\/wp-content\/uploads\/sites\/148\/2024\/01\/P-550x350-4.jpg 550w, http:\/\/universofamilia.com\/wp-content\/uploads\/sites\/148\/2024\/01\/P-550x350-4-300x191.jpg 300w\" sizes=\"(max-width: 550px) 100vw, 550px\" \/><figcaption class=\"wp-element-caption\">Szem\u00e9lyes utaz\u00e1s a csal\u00e1df\u00e1n kereszt\u00fcl<\/figcaption><\/figure><\/div>\n\n\n<h2 class=\"wp-block-heading\"><strong>K\u00f6vetkeztet\u00e9s:<\/strong><\/h2>\n\n\n\n<p>Gy\u00f6kereink felfedez\u00e9se az \u00f6nismeret \u00e9s a m\u00falttal val\u00f3 kapcsolatteremt\u00e9s \u00fatja.<\/p>\n\n\n\n<p>Az Ancestry \u00e9s a FamilySearch alkalmaz\u00e1sok mindenki sz\u00e1m\u00e1ra el\u00e9rhet\u0151v\u00e9 teszik a csal\u00e1dfakutat\u00e1st, mag\u00e1val ragad\u00f3 \u00e9lm\u00e9nny\u00e9 var\u00e1zsolva azt.<\/p>\n\n\n\n<p>Azzal, hogy \u0151seink nyomdokaiba l\u00e9p\u00fcnk, kaput nyitunk a t\u00f6rt\u00e9nelem jobb meg\u00e9rt\u00e9s\u00e9hez, amely form\u00e1lta azokat, akik ma vagyunk.<\/p>\n\n\n\n<p><strong>T\u00f6ltse le az Ancestry-t <\/strong><a href=\"https:\/\/play.google.com\/store\/apps\/details?id=com.ancestry.android.apps.ancestry&amp;hl=en_US\"><strong>Android<\/strong><\/a><strong> \u00e9s <a href=\"https:\/\/apps.apple.com\/gb\/app\/ancestry-family-history-dna\/id349554263\">iOS<\/a><\/strong><br><strong>T\u00f6ltsd le a FamilySearch-\u00f6t<\/strong><a href=\"https:\/\/play.google.com\/store\/apps\/details?id=org.familysearch.mobile&amp;hl=pt_BR&amp;gl=US\"><strong> Android<\/strong><\/a><strong> \u00e9s <a href=\"https:\/\/apps.apple.com\/br\/app\/familysearch-%C3%A1rvore\/id885982973\">iOS<\/a><\/strong><\/p>","protected":false},"excerpt":{"rendered":"<p>En un mundo en constante cambio, donde las historias de nuestros antepasados a menudo se pierden en los pliegues del tiempo, la b\u00fasqueda de nuestras ra\u00edces se convierte en una fascinante traves\u00eda hist\u00f3rica. Descubrir la historia de nuestra familia es m\u00e1s que solo buscar nombres y fechas; es una manera de entendernos a nosotros mismos [&hellip;]<\/p>","protected":false},"author":219,"featured_media":4872,"comment_status":"closed","ping_status":"open","sticky":false,"template":"","format":"standard","meta":{"footnotes":""},"categories":[2],"tags":[488,1534,1535],"yoast_head":"<!-- This site is optimized with the Yoast SEO plugin v23.3 - https:\/\/yoast.com\/wordpress\/plugins\/seo\/ -->\n<title>Un Viaje Personal por el \u00c1rbol Geneal\u00f3gico - Universo Fam\u00edlia<\/title>\n<meta name=\"description\" content=\"Un Viaje Personal por el \u00c1rbol Geneal\u00f3gico. En un mundo en constante cambio, donde las historias de nuestros antepasados...\" \/>\n<meta name=\"robots\" content=\"index, follow, max-snippet:-1, max-image-preview:large, max-video-preview:-1\" \/>\n<link rel=\"canonical\" href=\"http:\/\/universofamilia.com\/hu\/un-viaje-personal-por-el-arbol-genealogico\/\" \/>\n<meta property=\"og:locale\" content=\"hu_HU\" \/>\n<meta property=\"og:type\" content=\"article\" \/>\n<meta property=\"og:title\" content=\"Un Viaje Personal por el \u00c1rbol Geneal\u00f3gico - Universo Fam\u00edlia\" \/>\n<meta property=\"og:description\" content=\"Un Viaje Personal por el \u00c1rbol Geneal\u00f3gico. En un mundo en constante cambio, donde las historias de nuestros antepasados...\" \/>\n<meta property=\"og:url\" content=\"http:\/\/universofamilia.com\/hu\/un-viaje-personal-por-el-arbol-genealogico\/\" \/>\n<meta property=\"og:site_name\" content=\"Universo Fam\u00edlia\" \/>\n<meta property=\"article:published_time\" content=\"2024-01-14T19:23:08+00:00\" \/>\n<meta property=\"article:modified_time\" content=\"2025-10-12T22:33:41+00:00\" \/>\n<meta property=\"og:image\" content=\"http:\/\/universofamilia.com\/wp-content\/uploads\/sites\/148\/2024\/01\/P-550x350-4.jpg\" \/>\n\t<meta property=\"og:image:width\" content=\"550\" \/>\n\t<meta property=\"og:image:height\" content=\"350\" \/>\n\t<meta property=\"og:image:type\" content=\"image\/jpeg\" \/>\n<meta name=\"author\" content=\"Matheus Sangaletti\" \/>\n<meta name=\"twitter:card\" content=\"summary_large_image\" \/>\n<meta name=\"twitter:label1\" content=\"Written by\" \/>\n\t<meta name=\"twitter:data1\" content=\"Matheus Sangaletti\" \/>\n\t<meta name=\"twitter:label2\" content=\"Est. reading time\" \/>\n\t<meta name=\"twitter:data2\" content=\"4 perc\" \/>\n<script type=\"application\/ld+json\" class=\"yoast-schema-graph\">{\"@context\":\"https:\/\/schema.org\",\"@graph\":[{\"@type\":\"WebPage\",\"@id\":\"http:\/\/universofamilia.com\/da\/un-viaje-personal-por-el-arbol-genealogico\/\",\"url\":\"http:\/\/universofamilia.com\/da\/un-viaje-personal-por-el-arbol-genealogico\/\",\"name\":\"Un Viaje Personal por el \u00c1rbol Geneal\u00f3gico - Universo Fam\u00edlia\",\"isPartOf\":{\"@id\":\"https:\/\/universofamilia.com\/el\/#website\"},\"primaryImageOfPage\":{\"@id\":\"http:\/\/universofamilia.com\/da\/un-viaje-personal-por-el-arbol-genealogico\/#primaryimage\"},\"image\":{\"@id\":\"http:\/\/universofamilia.com\/da\/un-viaje-personal-por-el-arbol-genealogico\/#primaryimage\"},\"thumbnailUrl\":\"http:\/\/universofamilia.com\/wp-content\/uploads\/sites\/148\/2024\/01\/P-550x350-4.jpg\",\"datePublished\":\"2024-01-14T19:23:08+00:00\",\"dateModified\":\"2025-10-12T22:33:41+00:00\",\"author\":{\"@id\":\"https:\/\/universofamilia.com\/el\/#\/schema\/person\/92fcd07e9b1f4323bf74f3170fc0f78a\"},\"description\":\"Un Viaje Personal por el \u00c1rbol Geneal\u00f3gico. En un mundo en constante cambio, donde las historias de nuestros antepasados...\",\"breadcrumb\":{\"@id\":\"http:\/\/universofamilia.com\/da\/un-viaje-personal-por-el-arbol-genealogico\/#breadcrumb\"},\"inLanguage\":\"hu\",\"potentialAction\":[{\"@type\":\"ReadAction\",\"target\":[\"http:\/\/universofamilia.com\/da\/un-viaje-personal-por-el-arbol-genealogico\/\"]}]},{\"@type\":\"ImageObject\",\"inLanguage\":\"hu\",\"@id\":\"http:\/\/universofamilia.com\/da\/un-viaje-personal-por-el-arbol-genealogico\/#primaryimage\",\"url\":\"http:\/\/universofamilia.com\/wp-content\/uploads\/sites\/148\/2024\/01\/P-550x350-4.jpg\",\"contentUrl\":\"http:\/\/universofamilia.com\/wp-content\/uploads\/sites\/148\/2024\/01\/P-550x350-4.jpg\",\"width\":550,\"height\":350,\"caption\":\"Un Viaje Personal por el \u00c1rbol Geneal\u00f3gico\"},{\"@type\":\"BreadcrumbList\",\"@id\":\"http:\/\/universofamilia.com\/da\/un-viaje-personal-por-el-arbol-genealogico\/#breadcrumb\",\"itemListElement\":[{\"@type\":\"ListItem\",\"position\":1,\"name\":\"Home\",\"item\":\"https:\/\/universofamilia.com\/el\/\"},{\"@type\":\"ListItem\",\"position\":2,\"name\":\"Un Viaje Personal por el \u00c1rbol Geneal\u00f3gico\"}]},{\"@type\":\"WebSite\",\"@id\":\"https:\/\/universofamilia.com\/el\/#website\",\"url\":\"https:\/\/universofamilia.com\/el\/\",\"name\":\"Universo Fam\u00edlia\",\"description\":\"\",\"potentialAction\":[{\"@type\":\"SearchAction\",\"target\":{\"@type\":\"EntryPoint\",\"urlTemplate\":\"https:\/\/universofamilia.com\/el\/?s={search_term_string}\"},\"query-input\":\"required name=search_term_string\"}],\"inLanguage\":\"hu\"},{\"@type\":\"Person\",\"@id\":\"https:\/\/universofamilia.com\/el\/#\/schema\/person\/92fcd07e9b1f4323bf74f3170fc0f78a\",\"name\":\"Matheus Sangaletti\",\"image\":{\"@type\":\"ImageObject\",\"inLanguage\":\"hu\",\"@id\":\"https:\/\/universofamilia.com\/el\/#\/schema\/person\/image\/\",\"url\":\"http:\/\/2.gravatar.com\/avatar\/280ea957a14a48e6a1ad2133d2cc27c9?s=96&d=mm&r=g\",\"contentUrl\":\"http:\/\/2.gravatar.com\/avatar\/280ea957a14a48e6a1ad2133d2cc27c9?s=96&d=mm&r=g\",\"caption\":\"Matheus Sangaletti\"},\"url\":\"http:\/\/universofamilia.com\/hu\/author\/matheuss\/\"}]}<\/script>\n<!-- \/ Yoast SEO plugin. -->","yoast_head_json":{"title":"Un Viaje Personal por el \u00c1rbol Geneal\u00f3gico - Universo Fam\u00edlia","description":"Un Viaje Personal por el \u00c1rbol Geneal\u00f3gico. En un mundo en constante cambio, donde las historias de nuestros antepasados...","robots":{"index":"index","follow":"follow","max-snippet":"max-snippet:-1","max-image-preview":"max-image-preview:large","max-video-preview":"max-video-preview:-1"},"canonical":"http:\/\/universofamilia.com\/hu\/un-viaje-personal-por-el-arbol-genealogico\/","og_locale":"hu_HU","og_type":"article","og_title":"Un Viaje Personal por el \u00c1rbol Geneal\u00f3gico - Universo Fam\u00edlia","og_description":"Un Viaje Personal por el \u00c1rbol Geneal\u00f3gico. En un mundo en constante cambio, donde las historias de nuestros antepasados...","og_url":"http:\/\/universofamilia.com\/hu\/un-viaje-personal-por-el-arbol-genealogico\/","og_site_name":"Universo Fam\u00edlia","article_published_time":"2024-01-14T19:23:08+00:00","article_modified_time":"2025-10-12T22:33:41+00:00","og_image":[{"width":550,"height":350,"url":"http:\/\/universofamilia.com\/wp-content\/uploads\/sites\/148\/2024\/01\/P-550x350-4.jpg","type":"image\/jpeg"}],"author":"Matheus Sangaletti","twitter_card":"summary_large_image","twitter_misc":{"Written by":"Matheus Sangaletti","Est. reading time":"4 perc"},"schema":{"@context":"https:\/\/schema.org","@graph":[{"@type":"WebPage","@id":"http:\/\/universofamilia.com\/da\/un-viaje-personal-por-el-arbol-genealogico\/","url":"http:\/\/universofamilia.com\/da\/un-viaje-personal-por-el-arbol-genealogico\/","name":"Un Viaje Personal por el \u00c1rbol Geneal\u00f3gico - Universo Fam\u00edlia","isPartOf":{"@id":"https:\/\/universofamilia.com\/el\/#website"},"primaryImageOfPage":{"@id":"http:\/\/universofamilia.com\/da\/un-viaje-personal-por-el-arbol-genealogico\/#primaryimage"},"image":{"@id":"http:\/\/universofamilia.com\/da\/un-viaje-personal-por-el-arbol-genealogico\/#primaryimage"},"thumbnailUrl":"http:\/\/universofamilia.com\/wp-content\/uploads\/sites\/148\/2024\/01\/P-550x350-4.jpg","datePublished":"2024-01-14T19:23:08+00:00","dateModified":"2025-10-12T22:33:41+00:00","author":{"@id":"https:\/\/universofamilia.com\/el\/#\/schema\/person\/92fcd07e9b1f4323bf74f3170fc0f78a"},"description":"Un Viaje Personal por el \u00c1rbol Geneal\u00f3gico. En un mundo en constante cambio, donde las historias de nuestros antepasados...","breadcrumb":{"@id":"http:\/\/universofamilia.com\/da\/un-viaje-personal-por-el-arbol-genealogico\/#breadcrumb"},"inLanguage":"hu","potentialAction":[{"@type":"ReadAction","target":["http:\/\/universofamilia.com\/da\/un-viaje-personal-por-el-arbol-genealogico\/"]}]},{"@type":"ImageObject","inLanguage":"hu","@id":"http:\/\/universofamilia.com\/da\/un-viaje-personal-por-el-arbol-genealogico\/#primaryimage","url":"http:\/\/universofamilia.com\/wp-content\/uploads\/sites\/148\/2024\/01\/P-550x350-4.jpg","contentUrl":"http:\/\/universofamilia.com\/wp-content\/uploads\/sites\/148\/2024\/01\/P-550x350-4.jpg","width":550,"height":350,"caption":"Un Viaje Personal por el \u00c1rbol Geneal\u00f3gico"},{"@type":"BreadcrumbList","@id":"http:\/\/universofamilia.com\/da\/un-viaje-personal-por-el-arbol-genealogico\/#breadcrumb","itemListElement":[{"@type":"ListItem","position":1,"name":"Home","item":"https:\/\/universofamilia.com\/el\/"},{"@type":"ListItem","position":2,"name":"Un Viaje Personal por el \u00c1rbol Geneal\u00f3gico"}]},{"@type":"WebSite","@id":"https:\/\/universofamilia.com\/el\/#website","url":"https:\/\/universofamilia.com\/el\/","name":"Universo Fam\u00edlia","description":"","potentialAction":[{"@type":"SearchAction","target":{"@type":"EntryPoint","urlTemplate":"https:\/\/universofamilia.com\/el\/?s={search_term_string}"},"query-input":"required name=search_term_string"}],"inLanguage":"hu"},{"@type":"Person","@id":"https:\/\/universofamilia.com\/el\/#\/schema\/person\/92fcd07e9b1f4323bf74f3170fc0f78a","name":"Matheus Sangaletti","image":{"@type":"ImageObject","inLanguage":"hu","@id":"https:\/\/universofamilia.com\/el\/#\/schema\/person\/image\/","url":"http:\/\/2.gravatar.com\/avatar\/280ea957a14a48e6a1ad2133d2cc27c9?s=96&d=mm&r=g","contentUrl":"http:\/\/2.gravatar.com\/avatar\/280ea957a14a48e6a1ad2133d2cc27c9?s=96&d=mm&r=g","caption":"Matheus Sangaletti"},"url":"http:\/\/universofamilia.com\/hu\/author\/matheuss\/"}]}},"_links":{"self":[{"href":"http:\/\/universofamilia.com\/hu\/wp-json\/wp\/v2\/posts\/4871"}],"collection":[{"href":"http:\/\/universofamilia.com\/hu\/wp-json\/wp\/v2\/posts"}],"about":[{"href":"http:\/\/universofamilia.com\/hu\/wp-json\/wp\/v2\/types\/post"}],"author":[{"embeddable":true,"href":"http:\/\/universofamilia.com\/hu\/wp-json\/wp\/v2\/users\/219"}],"replies":[{"embeddable":true,"href":"http:\/\/universofamilia.com\/hu\/wp-json\/wp\/v2\/comments?post=4871"}],"version-history":[{"count":1,"href":"http:\/\/universofamilia.com\/hu\/wp-json\/wp\/v2\/posts\/4871\/revisions"}],"predecessor-version":[{"id":10058,"href":"http:\/\/universofamilia.com\/hu\/wp-json\/wp\/v2\/posts\/4871\/revisions\/10058"}],"wp:featuredmedia":[{"embeddable":true,"href":"http:\/\/universofamilia.com\/hu\/wp-json\/wp\/v2\/media\/4872"}],"wp:attachment":[{"href":"http:\/\/universofamilia.com\/hu\/wp-json\/wp\/v2\/media?parent=4871"}],"wp:term":[{"taxonomy":"category","embeddable":true,"href":"http:\/\/universofamilia.com\/hu\/wp-json\/wp\/v2\/categories?post=4871"},{"taxonomy":"post_tag","embeddable":true,"href":"http:\/\/universofamilia.com\/hu\/wp-json\/wp\/v2\/tags?post=4871"}],"curies":[{"name":"wp","href":"https:\/\/api.w.org\/{rel}","templated":true}]}}